{"id":32754,"date":"2017-01-20T00:00:00","date_gmt":"2017-01-20T04:00:00","guid":{"rendered":"http:\/\/192.81.217.108\/interamerica\/2017\/01\/linter-amerique-se-prepare-pour-le-4eme-camporee-international-des-eclaireurs\/"},"modified":"2017-12-06T02:34:09","modified_gmt":"2017-12-06T06:34:09","slug":"linter-amerique-se-prepare-pour-le-4eme-camporee-international-des-eclaireurs","status":"publish","type":"post","link":"https:\/\/interamerica.org\/fr\/2017\/01\/linter-amerique-se-prepare-pour-le-4eme-camporee-international-des-eclaireurs\/","title":{"rendered":"L\u2019Inter Am\u00e9rique se pr\u00e9pare pour le 4\u00e8me  Campor\u00e9e International des Eclaireurs"},"content":{"rendered":"<div id=\"attachment_26461\" style=\"width: 772px\" class=\"wp-caption aligncenter\"><a href=\"\/interamerica\/wp-content\/uploads\/2017\/06\/Camporee-security-volunteers.jpg\" rel=\"fancybox\" title=\"L\u2019Inter Am\u00e9rique se pr\u00e9pare pour le 4\u00e8me  Campor\u00e9e International des Eclaireurs\"><img fetchpriority=\"high\" decoding=\"async\" aria-describedby=\"caption-attachment-26461\" class=\" wp-image-26461\" src=\"\/interamerica\/wp-content\/uploads\/2017\/06\/Camporee-security-volunteers.jpg\" alt=\"\" width=\"762\" height=\"492\" \/><\/a><p id=\"caption-attachment-26461\" class=\"wp-caption-text\">Louise Nocandy, directrice adjointe des minist\u00e8res de la jeunesse pour l\u2019Eglise Adventiste en Inter Am\u00e9rique et principale organisatrice du prochain campor\u00e9e pour l\u2019ensemble du territoire, a une rencontre avec le personnel de s\u00e9curit\u00e9 au Parque Mirador del Este \u00e0 Santo Domingo en R\u00e9publique Dominicaine le 11 d\u00e9cembre 2016. Image de Libna Stevens\/DIA.<\/p><\/div>\n<p>20 Janvier 2017 \u2013 Miami, Florida, Etats Unis \u2013 Libna Stevens\/DIA<\/p>\n<p>Dans moins de trois mois, des milliers de jeunes se rendront en R\u00e9publique Dominicaine pour camper, rencontrer de nouveaux amis, acqu\u00e9rir de nouvelles comp\u00e9tences et \u00eatre inspir\u00e9s \u00e0 l\u2019occasion du quatri\u00e8me Campor\u00e9e des Eclaireurs de l\u2019Inter Am\u00e9rique organis\u00e9 pour l\u2019ensemble du territoire. Plus de 13000 jeunes de l\u2019Eglise Adventiste du Septi\u00e8me Jour venant des 24 unions d\u00e9rouleront leurs sacs de couchage au Parque Mirador del Este \u00e0 Santo Domingo du 11 au 16 avril 2017.<\/p>\n<p>Baptis\u00e9 \u00ab Lign\u00e9e de Champions, \u00bb le campor\u00e9e mettra l\u2019accent sur la vie de Ruth dans le livre de Ruth, afin d\u2019aider les jeunes \u00e0 r\u00e9affirmer leur identit\u00e9, \u00e0 consolider leurs comp\u00e9tences en mati\u00e8re de leadership et \u00e0 s\u2019engager \u00e0 proclamer l\u2019\u00e9vangile dans leurs communaut\u00e9s.<\/p>\n<p>Louise Nocandy, directrice adjointe des minist\u00e8res de la jeunesse et principale organisatrice du campor\u00e9e, a d\u00e9clar\u00e9 que jusqu\u2019ici, 13003 personnes se sont inscrites et qu\u2019une importante \u00e9quipe d\u2019organisateurs et de b\u00e9n\u00e9voles est pr\u00eate \u00e0 faire de ce campor\u00e9e du mois d\u2019avril, un campor\u00e9e m\u00e9morable.<\/p>\n<p>\u00ab Nous voulons que nos \u00e9claireurs et nos chefs-guides comprennent leur but dans la vie, qu\u2019ils fassent l\u2019exp\u00e9rience d\u2019une transformation en J\u00e9sus et rentrent chez eux avec une vision les amenant \u00e0 \u00eatre une source d\u2019inspiration pour les autres dans leurs clubs afin qu\u2019eux aussi soient transform\u00e9s et pr\u00eats pour Sa Seconde Venue, \u00bb a dit Louise Nocandy.<\/p>\n<p>Le programme n\u2019est pas un voyage pour que les \u00e9claireurs soient simplement des \u00e9claireurs, \u00bb a dit Louise Nocandy. \u00ab Il s\u2019agit d\u2019\u00eatre un leader pour Christ, d\u2019\u00eatre impliqu\u00e9 dans la mission de proclamation de la bonne nouvelle du salut, \u00bb a dit Louise Nocandy.<\/p>\n<div id=\"attachment_26464\" style=\"width: 481px\" class=\"wp-caption alignright\"><a href=\"\/interamerica\/wp-content\/uploads\/2017\/06\/TUCY-Pena.jpg\" rel=\"fancybox\" title=\"L\u2019Inter Am\u00e9rique se pr\u00e9pare pour le 4\u00e8me  Campor\u00e9e International des Eclaireurs\"><img decoding=\"async\" aria-describedby=\"caption-attachment-26464\" class=\" wp-image-26464\" src=\"\/interamerica\/wp-content\/uploads\/2017\/06\/TUCY-Pena.jpg\" alt=\"\" width=\"471\" height=\"347\" \/><\/a><p id=\"caption-attachment-26464\" class=\"wp-caption-text\">Tucy Pe\u00f1a, responsable de la s\u00e9curit\u00e9 pendant le campor\u00e9e a indiqu\u00e9 que le personnel de s\u00e9curit\u00e9 est compos\u00e9 de plus de 300 personnes parmi lesquels des professionnels et des b\u00e9n\u00e9voles form\u00e9s afin d\u2019assurer la s\u00e9curit\u00e9 des plus de 13000 campeurs du 11 au 16 avril 2017. Image de Libna Stevens.<\/p><\/div>\n<p>Au programme du campor\u00e9e il y aura de la musique, des sc\u00e8nes sur la vie et les voyages de Ruth, un concours biblique, du sport et des activit\u00e9s r\u00e9cr\u00e9atives, des classes de distinctions, du service communautaire, des stands d\u2019exposition avec de nouvelles ressources et bien plus encore.<\/p>\n<p>Le Parque Mirador del Este est un parc public cl\u00f4tur\u00e9 dans la capitale, qui a une surface d\u2019environ quatre kilom\u00e8tres carr\u00e9s. Il sera r\u00e9serv\u00e9 exclusivement aux participants au campor\u00e9e et au personnel pendant la dur\u00e9e du programme.<\/p>\n<p><span style=\"font-size: 14pt;\"><strong>Securit\u00e9<\/strong><\/span><br \/>\nUne \u00e9quipe de 300 personnes affect\u00e9es \u00e0 la s\u00e9curit\u00e9, dont des b\u00e9n\u00e9voles form\u00e9s, fonctionnera selon un roulement toutes les 24 heures afin d\u2019assurer la garde et d\u2019\u00eatre disponibles pour toute urgence ou probl\u00e8mes qui pourraient surgir.<\/p>\n<p>Tucy Pe\u00f1a, un Adventiste du Septi\u00e8me Jour qui poss\u00e8de une entreprise de s\u00e9curit\u00e9, forme depuis des mois maintenant, des b\u00e9n\u00e9voles venus des \u00e9glises de la r\u00e9gion. \u00ab Nous avons offert une formation hebdomadaire et nous avons fait venir du personnel militaire pour des cours afin de nous assurer que notre \u00e9quipe de s\u00e9curit\u00e9 assure la protection des participants avant et pendant le programme de cinq jours, \u00bb a dit Tucy Pe\u00f1a.<\/p>\n<p>Tucy Pe\u00f1a a d\u00e9clar\u00e9 que des dizaines de rencontres ont eu lieu dans les quartiers informant les activit\u00e9s spirituelles et r\u00e9cr\u00e9atives qui se d\u00e9rouleront durant la semaine pascale. \u00ab Il n\u2019y a jamais eu aucun probl\u00e8me de s\u00e9curit\u00e9 ou de violence dans le parc auparavant donc nous croyons que les choses continueront d\u2019\u00eatre calmes, \u00bb a dit Tucy Pe\u00f1a.<\/p>\n<p>Une \u00e9quipe d\u2019intervention d\u2019urgence sera \u00e9galement en place dans le parc et des m\u00e9decins d\u2019un h\u00f4pital voisin seront disponibles pendant le programme.<\/p>\n<p>Parmi les orateurs invit\u00e9s il y a Jonathan Tejel, directeur des \u00e9claireurs pour l\u2019Eglise Adventiste mondiale et Yamilzeth Baz\u00e1n, intervenant pour les jeunes et vice-pr\u00e9sident des affaires estudiantines \u00e0 l\u2019Universit\u00e9 de la Sierra en Californie.<\/p>\n<p><span style=\"font-size: 14pt;\"><strong>Inscription<\/strong><\/span><br \/>\nLa date limite d\u2019inscription pour le campor\u00e9e est fix\u00e9e au 15 f\u00e9vrier. Ceux qui voudraient encore y participer devront se rapprocher de leur directeur de club pour obtenir un num\u00e9ro d\u2019inscription afin de s\u2019inscrire en ligne. Le co\u00fbt est de 55 dollars pour les membres des clubs. Pour les autres qui d\u00e9sirent voyager de mani\u00e8re ind\u00e9pendante, le co\u00fbt est de 70 dollars. Pour ceux qui viennent d\u2019une autre division que la Division Inter Am\u00e9ricaine, le co\u00fbt est de 100 dollars.<\/p>\n<p>Pour en savoir plus au sujet du 4\u00e8me Campor\u00e9e Inter Am\u00e9ricain des Eclaireurs, visitez le site <a href=\"http:\/\/camporee.adventistas.org.do\/\">camporee.interamerica.org<\/a><\/p>\n<p>&nbsp;<\/p>\n<p>Traduction: Patrick Luciathe<\/p>\n","protected":false},"excerpt":{"rendered":"<p>Dans moins de trois mois, des milliers de jeunes se rendront en R\u00e9publique Dominicaine pour camper, rencontrer de nouveaux amis, acqu\u00e9rir de nouvelles comp\u00e9tences et \u00eatre inspir\u00e9s \u00e0 l\u2019occasion du quatri\u00e8me Campor\u00e9e des Eclaireurs de l\u2019Inter Am\u00e9rique organis\u00e9 pour l\u2019ensemble du territoire. Plus de 13000 jeunes de l\u2019Eglise Adventiste du Septi\u00e8me Jour venant des 24 unions d\u00e9rouleront leurs sacs de couchage au Parque Mirador del Este \u00e0 Santo Domingo du 11 au 16 avril 2017.<\/p>\n","protected":false},"author":1,"featured_media":29174,"comment_status":"closed","ping_status":"closed","sticky":false,"template":"","format":"standard","meta":{"_acf_changed":false,"footnotes":""},"categories":[20,19],"tags":[],"class_list":["post-32754","post","type-post","status-publish","format-standard","has-post-thumbnail","hentry","category-nouvelles-du-siege-de-la-division","category-rss-francais"],"acf":[],"yoast_head":"<!-- This site is optimized with the Yoast SEO plugin v27.3 - https:\/\/yoast.com\/product\/yoast-seo-wordpress\/ -->\n<title>L\u2019Inter Am\u00e9rique se pr\u00e9pare pour le 4\u00e8me Campor\u00e9e International des Eclaireurs - \u00c9glise Adventiste Du Septieme Jour - Inter Am\u00e9rique Division<\/title>\n<meta name=\"robots\" content=\"index, follow, max-snippet:-1, max-image-preview:large, max-video-preview:-1\" \/>\n<link rel=\"canonical\" href=\"https:\/\/interamerica.org\/fr\/2017\/01\/linter-amerique-se-prepare-pour-le-4eme-camporee-international-des-eclaireurs\/\" \/>\n<meta property=\"og:locale\" content=\"fr_FR\" \/>\n<meta property=\"og:type\" content=\"article\" \/>\n<meta property=\"og:title\" content=\"L\u2019Inter Am\u00e9rique se pr\u00e9pare pour le 4\u00e8me Campor\u00e9e International des Eclaireurs - \u00c9glise Adventiste Du Septieme Jour - Inter Am\u00e9rique Division\" \/>\n<meta property=\"og:description\" content=\"Dans moins de trois mois, des milliers de jeunes se rendront en R\u00e9publique Dominicaine pour camper, rencontrer de nouveaux amis, acqu\u00e9rir de nouvelles comp\u00e9tences et \u00eatre inspir\u00e9s \u00e0 l\u2019occasion du quatri\u00e8me Campor\u00e9e des Eclaireurs de l\u2019Inter Am\u00e9rique organis\u00e9 pour l\u2019ensemble du territoire. Plus de 13000 jeunes de l\u2019Eglise Adventiste du Septi\u00e8me Jour venant des 24 unions d\u00e9rouleront leurs sacs de couchage au Parque Mirador del Este \u00e0 Santo Domingo du 11 au 16 avril 2017.\" \/>\n<meta property=\"og:url\" content=\"https:\/\/interamerica.org\/fr\/2017\/01\/linter-amerique-se-prepare-pour-le-4eme-camporee-international-des-eclaireurs\/\" \/>\n<meta property=\"og:site_name\" content=\"\u00c9glise Adventiste Du Septieme Jour - Inter Am\u00e9rique Division\" \/>\n<meta property=\"article:published_time\" content=\"2017-01-20T04:00:00+00:00\" \/>\n<meta property=\"article:modified_time\" content=\"2017-12-06T06:34:09+00:00\" \/>\n<meta property=\"og:image\" content=\"https:\/\/interamerica.org\/wp-content\/uploads\/2017\/06\/Camporee-security-volunteers.jpg\" \/>\n\t<meta property=\"og:image:width\" content=\"1000\" \/>\n\t<meta property=\"og:image:height\" content=\"645\" \/>\n\t<meta property=\"og:image:type\" content=\"image\/jpeg\" \/>\n<meta name=\"author\" content=\"Lorenzo Verduzco\" \/>\n<meta name=\"twitter:card\" content=\"summary_large_image\" \/>\n<meta name=\"twitter:label1\" content=\"\u00c9crit par\" \/>\n\t<meta name=\"twitter:data1\" content=\"Lorenzo Verduzco\" \/>\n\t<meta name=\"twitter:label2\" content=\"Dur\u00e9e de lecture estim\u00e9e\" \/>\n\t<meta name=\"twitter:data2\" content=\"4 minutes\" \/>\n<script type=\"application\/ld+json\" class=\"yoast-schema-graph\">{\"@context\":\"https:\\\/\\\/schema.org\",\"@graph\":[{\"@type\":\"Article\",\"@id\":\"https:\\\/\\\/interamerica.org\\\/fr\\\/2017\\\/01\\\/linter-amerique-se-prepare-pour-le-4eme-camporee-international-des-eclaireurs\\\/#article\",\"isPartOf\":{\"@id\":\"https:\\\/\\\/interamerica.org\\\/fr\\\/2017\\\/01\\\/linter-amerique-se-prepare-pour-le-4eme-camporee-international-des-eclaireurs\\\/\"},\"author\":{\"name\":\"Lorenzo Verduzco\",\"@id\":\"https:\\\/\\\/interamerica.org\\\/fr\\\/#\\\/schema\\\/person\\\/68ede8bdc292885bb76c1e3810e73c39\"},\"headline\":\"L\u2019Inter Am\u00e9rique se pr\u00e9pare pour le 4\u00e8me Campor\u00e9e International des Eclaireurs\",\"datePublished\":\"2017-01-20T04:00:00+00:00\",\"dateModified\":\"2017-12-06T06:34:09+00:00\",\"mainEntityOfPage\":{\"@id\":\"https:\\\/\\\/interamerica.org\\\/fr\\\/2017\\\/01\\\/linter-amerique-se-prepare-pour-le-4eme-camporee-international-des-eclaireurs\\\/\"},\"wordCount\":912,\"image\":{\"@id\":\"https:\\\/\\\/interamerica.org\\\/fr\\\/2017\\\/01\\\/linter-amerique-se-prepare-pour-le-4eme-camporee-international-des-eclaireurs\\\/#primaryimage\"},\"thumbnailUrl\":\"https:\\\/\\\/interamerica.org\\\/wp-content\\\/uploads\\\/2017\\\/06\\\/Camporee-security-volunteers.jpg\",\"articleSection\":[\"Nouvelles du si\u00e8ge de la division\",\"RSS Fran\u00e7ais\"],\"inLanguage\":\"fr-FR\"},{\"@type\":\"WebPage\",\"@id\":\"https:\\\/\\\/interamerica.org\\\/fr\\\/2017\\\/01\\\/linter-amerique-se-prepare-pour-le-4eme-camporee-international-des-eclaireurs\\\/\",\"url\":\"https:\\\/\\\/interamerica.org\\\/fr\\\/2017\\\/01\\\/linter-amerique-se-prepare-pour-le-4eme-camporee-international-des-eclaireurs\\\/\",\"name\":\"L\u2019Inter Am\u00e9rique se pr\u00e9pare pour le 4\u00e8me Campor\u00e9e International des Eclaireurs - \u00c9glise Adventiste Du Septieme Jour - Inter Am\u00e9rique Division\",\"isPartOf\":{\"@id\":\"https:\\\/\\\/interamerica.org\\\/fr\\\/#website\"},\"primaryImageOfPage\":{\"@id\":\"https:\\\/\\\/interamerica.org\\\/fr\\\/2017\\\/01\\\/linter-amerique-se-prepare-pour-le-4eme-camporee-international-des-eclaireurs\\\/#primaryimage\"},\"image\":{\"@id\":\"https:\\\/\\\/interamerica.org\\\/fr\\\/2017\\\/01\\\/linter-amerique-se-prepare-pour-le-4eme-camporee-international-des-eclaireurs\\\/#primaryimage\"},\"thumbnailUrl\":\"https:\\\/\\\/interamerica.org\\\/wp-content\\\/uploads\\\/2017\\\/06\\\/Camporee-security-volunteers.jpg\",\"datePublished\":\"2017-01-20T04:00:00+00:00\",\"dateModified\":\"2017-12-06T06:34:09+00:00\",\"author\":{\"@id\":\"https:\\\/\\\/interamerica.org\\\/fr\\\/#\\\/schema\\\/person\\\/68ede8bdc292885bb76c1e3810e73c39\"},\"breadcrumb\":{\"@id\":\"https:\\\/\\\/interamerica.org\\\/fr\\\/2017\\\/01\\\/linter-amerique-se-prepare-pour-le-4eme-camporee-international-des-eclaireurs\\\/#breadcrumb\"},\"inLanguage\":\"fr-FR\",\"potentialAction\":[{\"@type\":\"ReadAction\",\"target\":[\"https:\\\/\\\/interamerica.org\\\/fr\\\/2017\\\/01\\\/linter-amerique-se-prepare-pour-le-4eme-camporee-international-des-eclaireurs\\\/\"]}]},{\"@type\":\"ImageObject\",\"inLanguage\":\"fr-FR\",\"@id\":\"https:\\\/\\\/interamerica.org\\\/fr\\\/2017\\\/01\\\/linter-amerique-se-prepare-pour-le-4eme-camporee-international-des-eclaireurs\\\/#primaryimage\",\"url\":\"https:\\\/\\\/interamerica.org\\\/wp-content\\\/uploads\\\/2017\\\/06\\\/Camporee-security-volunteers.jpg\",\"contentUrl\":\"https:\\\/\\\/interamerica.org\\\/wp-content\\\/uploads\\\/2017\\\/06\\\/Camporee-security-volunteers.jpg\",\"width\":1000,\"height\":645},{\"@type\":\"BreadcrumbList\",\"@id\":\"https:\\\/\\\/interamerica.org\\\/fr\\\/2017\\\/01\\\/linter-amerique-se-prepare-pour-le-4eme-camporee-international-des-eclaireurs\\\/#breadcrumb\",\"itemListElement\":[{\"@type\":\"ListItem\",\"position\":1,\"name\":\"Home\",\"item\":\"https:\\\/\\\/interamerica.org\\\/fr\\\/\"},{\"@type\":\"ListItem\",\"position\":2,\"name\":\"L\u2019Inter Am\u00e9rique se pr\u00e9pare pour le 4\u00e8me Campor\u00e9e International des Eclaireurs\"}]},{\"@type\":\"WebSite\",\"@id\":\"https:\\\/\\\/interamerica.org\\\/fr\\\/#website\",\"url\":\"https:\\\/\\\/interamerica.org\\\/fr\\\/\",\"name\":\"\u00c9glise Adventiste Du Septieme Jour - Inter Am\u00e9rique Division\",\"description\":\"\",\"potentialAction\":[{\"@type\":\"SearchAction\",\"target\":{\"@type\":\"EntryPoint\",\"urlTemplate\":\"https:\\\/\\\/interamerica.org\\\/fr\\\/?s={search_term_string}\"},\"query-input\":{\"@type\":\"PropertyValueSpecification\",\"valueRequired\":true,\"valueName\":\"search_term_string\"}}],\"inLanguage\":\"fr-FR\"},{\"@type\":\"Person\",\"@id\":\"https:\\\/\\\/interamerica.org\\\/fr\\\/#\\\/schema\\\/person\\\/68ede8bdc292885bb76c1e3810e73c39\",\"name\":\"Lorenzo Verduzco\",\"image\":{\"@type\":\"ImageObject\",\"inLanguage\":\"fr-FR\",\"@id\":\"https:\\\/\\\/secure.gravatar.com\\\/avatar\\\/fb81a55b6218459490a9c1dc841a34909185b81904c5337b4b27f7a6fd60c49e?s=96&d=mm&r=g\",\"url\":\"https:\\\/\\\/secure.gravatar.com\\\/avatar\\\/fb81a55b6218459490a9c1dc841a34909185b81904c5337b4b27f7a6fd60c49e?s=96&d=mm&r=g\",\"contentUrl\":\"https:\\\/\\\/secure.gravatar.com\\\/avatar\\\/fb81a55b6218459490a9c1dc841a34909185b81904c5337b4b27f7a6fd60c49e?s=96&d=mm&r=g\",\"caption\":\"Lorenzo Verduzco\"}}]}<\/script>\n<!-- \/ Yoast SEO plugin. -->","yoast_head_json":{"title":"L\u2019Inter Am\u00e9rique se pr\u00e9pare pour le 4\u00e8me Campor\u00e9e International des Eclaireurs - \u00c9glise Adventiste Du Septieme Jour - Inter Am\u00e9rique Division","robots":{"index":"index","follow":"follow","max-snippet":"max-snippet:-1","max-image-preview":"max-image-preview:large","max-video-preview":"max-video-preview:-1"},"canonical":"https:\/\/interamerica.org\/fr\/2017\/01\/linter-amerique-se-prepare-pour-le-4eme-camporee-international-des-eclaireurs\/","og_locale":"fr_FR","og_type":"article","og_title":"L\u2019Inter Am\u00e9rique se pr\u00e9pare pour le 4\u00e8me Campor\u00e9e International des Eclaireurs - \u00c9glise Adventiste Du Septieme Jour - Inter Am\u00e9rique Division","og_description":"Dans moins de trois mois, des milliers de jeunes se rendront en R\u00e9publique Dominicaine pour camper, rencontrer de nouveaux amis, acqu\u00e9rir de nouvelles comp\u00e9tences et \u00eatre inspir\u00e9s \u00e0 l\u2019occasion du quatri\u00e8me Campor\u00e9e des Eclaireurs de l\u2019Inter Am\u00e9rique organis\u00e9 pour l\u2019ensemble du territoire. Plus de 13000 jeunes de l\u2019Eglise Adventiste du Septi\u00e8me Jour venant des 24 unions d\u00e9rouleront leurs sacs de couchage au Parque Mirador del Este \u00e0 Santo Domingo du 11 au 16 avril 2017.","og_url":"https:\/\/interamerica.org\/fr\/2017\/01\/linter-amerique-se-prepare-pour-le-4eme-camporee-international-des-eclaireurs\/","og_site_name":"\u00c9glise Adventiste Du Septieme Jour - Inter Am\u00e9rique Division","article_published_time":"2017-01-20T04:00:00+00:00","article_modified_time":"2017-12-06T06:34:09+00:00","og_image":[{"width":1000,"height":645,"url":"https:\/\/interamerica.org\/wp-content\/uploads\/2017\/06\/Camporee-security-volunteers.jpg","type":"image\/jpeg"}],"author":"Lorenzo Verduzco","twitter_card":"summary_large_image","twitter_misc":{"\u00c9crit par":"Lorenzo Verduzco","Dur\u00e9e de lecture estim\u00e9e":"4 minutes"},"schema":{"@context":"https:\/\/schema.org","@graph":[{"@type":"Article","@id":"https:\/\/interamerica.org\/fr\/2017\/01\/linter-amerique-se-prepare-pour-le-4eme-camporee-international-des-eclaireurs\/#article","isPartOf":{"@id":"https:\/\/interamerica.org\/fr\/2017\/01\/linter-amerique-se-prepare-pour-le-4eme-camporee-international-des-eclaireurs\/"},"author":{"name":"Lorenzo Verduzco","@id":"https:\/\/interamerica.org\/fr\/#\/schema\/person\/68ede8bdc292885bb76c1e3810e73c39"},"headline":"L\u2019Inter Am\u00e9rique se pr\u00e9pare pour le 4\u00e8me Campor\u00e9e International des Eclaireurs","datePublished":"2017-01-20T04:00:00+00:00","dateModified":"2017-12-06T06:34:09+00:00","mainEntityOfPage":{"@id":"https:\/\/interamerica.org\/fr\/2017\/01\/linter-amerique-se-prepare-pour-le-4eme-camporee-international-des-eclaireurs\/"},"wordCount":912,"image":{"@id":"https:\/\/interamerica.org\/fr\/2017\/01\/linter-amerique-se-prepare-pour-le-4eme-camporee-international-des-eclaireurs\/#primaryimage"},"thumbnailUrl":"https:\/\/interamerica.org\/wp-content\/uploads\/2017\/06\/Camporee-security-volunteers.jpg","articleSection":["Nouvelles du si\u00e8ge de la division","RSS Fran\u00e7ais"],"inLanguage":"fr-FR"},{"@type":"WebPage","@id":"https:\/\/interamerica.org\/fr\/2017\/01\/linter-amerique-se-prepare-pour-le-4eme-camporee-international-des-eclaireurs\/","url":"https:\/\/interamerica.org\/fr\/2017\/01\/linter-amerique-se-prepare-pour-le-4eme-camporee-international-des-eclaireurs\/","name":"L\u2019Inter Am\u00e9rique se pr\u00e9pare pour le 4\u00e8me Campor\u00e9e International des Eclaireurs - \u00c9glise Adventiste Du Septieme Jour - Inter Am\u00e9rique Division","isPartOf":{"@id":"https:\/\/interamerica.org\/fr\/#website"},"primaryImageOfPage":{"@id":"https:\/\/interamerica.org\/fr\/2017\/01\/linter-amerique-se-prepare-pour-le-4eme-camporee-international-des-eclaireurs\/#primaryimage"},"image":{"@id":"https:\/\/interamerica.org\/fr\/2017\/01\/linter-amerique-se-prepare-pour-le-4eme-camporee-international-des-eclaireurs\/#primaryimage"},"thumbnailUrl":"https:\/\/interamerica.org\/wp-content\/uploads\/2017\/06\/Camporee-security-volunteers.jpg","datePublished":"2017-01-20T04:00:00+00:00","dateModified":"2017-12-06T06:34:09+00:00","author":{"@id":"https:\/\/interamerica.org\/fr\/#\/schema\/person\/68ede8bdc292885bb76c1e3810e73c39"},"breadcrumb":{"@id":"https:\/\/interamerica.org\/fr\/2017\/01\/linter-amerique-se-prepare-pour-le-4eme-camporee-international-des-eclaireurs\/#breadcrumb"},"inLanguage":"fr-FR","potentialAction":[{"@type":"ReadAction","target":["https:\/\/interamerica.org\/fr\/2017\/01\/linter-amerique-se-prepare-pour-le-4eme-camporee-international-des-eclaireurs\/"]}]},{"@type":"ImageObject","inLanguage":"fr-FR","@id":"https:\/\/interamerica.org\/fr\/2017\/01\/linter-amerique-se-prepare-pour-le-4eme-camporee-international-des-eclaireurs\/#primaryimage","url":"https:\/\/interamerica.org\/wp-content\/uploads\/2017\/06\/Camporee-security-volunteers.jpg","contentUrl":"https:\/\/interamerica.org\/wp-content\/uploads\/2017\/06\/Camporee-security-volunteers.jpg","width":1000,"height":645},{"@type":"BreadcrumbList","@id":"https:\/\/interamerica.org\/fr\/2017\/01\/linter-amerique-se-prepare-pour-le-4eme-camporee-international-des-eclaireurs\/#breadcrumb","itemListElement":[{"@type":"ListItem","position":1,"name":"Home","item":"https:\/\/interamerica.org\/fr\/"},{"@type":"ListItem","position":2,"name":"L\u2019Inter Am\u00e9rique se pr\u00e9pare pour le 4\u00e8me Campor\u00e9e International des Eclaireurs"}]},{"@type":"WebSite","@id":"https:\/\/interamerica.org\/fr\/#website","url":"https:\/\/interamerica.org\/fr\/","name":"\u00c9glise Adventiste Du Septieme Jour - Inter Am\u00e9rique Division","description":"","potentialAction":[{"@type":"SearchAction","target":{"@type":"EntryPoint","urlTemplate":"https:\/\/interamerica.org\/fr\/?s={search_term_string}"},"query-input":{"@type":"PropertyValueSpecification","valueRequired":true,"valueName":"search_term_string"}}],"inLanguage":"fr-FR"},{"@type":"Person","@id":"https:\/\/interamerica.org\/fr\/#\/schema\/person\/68ede8bdc292885bb76c1e3810e73c39","name":"Lorenzo Verduzco","image":{"@type":"ImageObject","inLanguage":"fr-FR","@id":"https:\/\/secure.gravatar.com\/avatar\/fb81a55b6218459490a9c1dc841a34909185b81904c5337b4b27f7a6fd60c49e?s=96&d=mm&r=g","url":"https:\/\/secure.gravatar.com\/avatar\/fb81a55b6218459490a9c1dc841a34909185b81904c5337b4b27f7a6fd60c49e?s=96&d=mm&r=g","contentUrl":"https:\/\/secure.gravatar.com\/avatar\/fb81a55b6218459490a9c1dc841a34909185b81904c5337b4b27f7a6fd60c49e?s=96&d=mm&r=g","caption":"Lorenzo Verduzco"}}]}},"_links":{"self":[{"href":"https:\/\/interamerica.org\/fr\/wp-json\/wp\/v2\/posts\/32754","targetHints":{"allow":["GET"]}}],"collection":[{"href":"https:\/\/interamerica.org\/fr\/wp-json\/wp\/v2\/posts"}],"about":[{"href":"https:\/\/interamerica.org\/fr\/wp-json\/wp\/v2\/types\/post"}],"author":[{"embeddable":true,"href":"https:\/\/interamerica.org\/fr\/wp-json\/wp\/v2\/users\/1"}],"replies":[{"embeddable":true,"href":"https:\/\/interamerica.org\/fr\/wp-json\/wp\/v2\/comments?post=32754"}],"version-history":[{"count":0,"href":"https:\/\/interamerica.org\/fr\/wp-json\/wp\/v2\/posts\/32754\/revisions"}],"wp:featuredmedia":[{"embeddable":true,"href":"https:\/\/interamerica.org\/fr\/wp-json\/wp\/v2\/media\/29174"}],"wp:attachment":[{"href":"https:\/\/interamerica.org\/fr\/wp-json\/wp\/v2\/media?parent=32754"}],"wp:term":[{"taxonomy":"category","embeddable":true,"href":"https:\/\/interamerica.org\/fr\/wp-json\/wp\/v2\/categories?post=32754"},{"taxonomy":"post_tag","embeddable":true,"href":"https:\/\/interamerica.org\/fr\/wp-json\/wp\/v2\/tags?post=32754"}],"curies":[{"name":"wp","href":"https:\/\/api.w.org\/{rel}","templated":true}]}}