{"id":32756,"date":"2017-01-24T00:00:00","date_gmt":"2017-01-24T04:00:00","guid":{"rendered":"http:\/\/192.81.217.108\/interamerica\/2017\/01\/linter-amerique-lance-le-chantier-du-nouveau-batiment-de-liats-et-hfu\/"},"modified":"2017-12-06T02:18:28","modified_gmt":"2017-12-06T06:18:28","slug":"linter-amerique-lance-le-chantier-du-nouveau-batiment-de-liats-et-hfu","status":"publish","type":"post","link":"https:\/\/interamerica.org\/fr\/2017\/01\/linter-amerique-lance-le-chantier-du-nouveau-batiment-de-liats-et-hfu\/","title":{"rendered":"L\u2019Inter Am\u00e9rique lance le chantier du nouveau b\u00e2timent de l\u2019IATS et HFU"},"content":{"rendered":"<div id=\"attachment_26504\" style=\"width: 766px\" class=\"wp-caption aligncenter\"><a href=\"\/interamerica\/wp-content\/uploads\/2017\/06\/IATS-groundbreaking.jpg\" rel=\"fancybox\" title=\"L\u2019Inter Am\u00e9rique lance le chantier du nouveau b\u00e2timent de l\u2019IATS et HFU\"><img fetchpriority=\"high\" decoding=\"async\" aria-describedby=\"caption-attachment-26504\" class=\" wp-image-26504\" src=\"\/interamerica\/wp-content\/uploads\/2017\/06\/IATS-groundbreaking-1024x683.jpg\" alt=\"\" width=\"756\" height=\"504\" \/><\/a><p id=\"caption-attachment-26504\" class=\"wp-caption-text\">Les dirigeants de l\u2019Eglise Adventiste du Septi\u00e8me Jour en Inter Am\u00e9rique et de l\u2019Eglise Adventiste mondiale lancent le chantier du nouvel \u00e9tablissement qui h\u00e9bergera deux des institutions d\u2019\u00e9ducation sup\u00e9rieure de l\u2019\u00e9glise, sur le campus de l\u2019Universit\u00e9 Adventiste des Antilles \u00e0 Mayaguez \u00e0 Porto Rico. La c\u00e9r\u00e9monie a r\u00e9uni des dizaines de dirigeants d\u2019\u00e9glise et d\u2019\u00e9ducateurs le 19 janvier 2017. Image de IATS.<\/p><\/div>\n<p>24 Janvier 2017 | Mayaguez, Porto Rico | Libna Stevens\/DIA<\/p>\n<p>L\u2019Eglise Adventiste du Septi\u00e8me Jour en Inter Am\u00e9rique a r\u00e9cemment organis\u00e9 une c\u00e9r\u00e9monie de lancement de chantier pour deux de ses institutions d\u2019\u00e9ducation sup\u00e9rieure se trouvant \u00e0 Mayaguez \u00e0 Porto Rico. Le 19 janvier dernier, les principaux administrateurs et dirigeants de la Division Inter Am\u00e9ricaine (DIA) ont pris part \u00e0 ce lancement de chantier pour la construction d\u2019un nouveau b\u00e2timent de trois \u00e9tages qui h\u00e9bergera les bureaux du S\u00e9minaire Th\u00e9ologique Adventiste Inter Am\u00e9ricain (IATS) et de l\u2019Universit\u00e9 Herbert Fletcher (HFU).<\/p>\n<div id=\"attachment_26501\" style=\"width: 542px\" class=\"wp-caption alignright\"><a href=\"\/interamerica\/wp-content\/uploads\/2017\/06\/IATS-Drawing.jpg\" rel=\"fancybox\" title=\"L\u2019Inter Am\u00e9rique lance le chantier du nouveau b\u00e2timent de l\u2019IATS et HFU\"><img decoding=\"async\" aria-describedby=\"caption-attachment-26501\" class=\" wp-image-26501\" src=\"\/interamerica\/wp-content\/uploads\/2017\/06\/IATS-Drawing.jpg\" alt=\"\" width=\"532\" height=\"334\" \/><\/a><p id=\"caption-attachment-26501\" class=\"wp-caption-text\">Plans du nouveau b\u00e2timent de l\u2019IATS et de HFU qui devrait \u00eatre achev\u00e9 d\u2019ici mai 2018.<\/p><\/div>\n<p>\u00ab Nous d\u00e9dica\u00e7ons les plans de ce nouveau b\u00e2timent afin de nous rappeler les commandements et les lois de Dieu, \u00bb a d\u00e9clar\u00e9 pasteur Isra\u00ebl Leito, pr\u00e9sident de l\u2019Eglise Adventiste en Inter Am\u00e9rique.<br \/>\n\u00ab Ce en sera pas juste un autre b\u00e2timent acad\u00e9mique, mais un \u00e9tablissement qui nous rappellera chaque jour que nous devons suivre les commandements de Dieu alors que nous pr\u00e9parons des individus \u00e0 sauver des \u00e2mes et \u00e0 servir les autres, \u00bb a dit pasteur Leito.<\/p>\n<p>Dr Obed Jimenez, pr\u00e9sident de l\u2019Universit\u00e9 Adventiste des Antilles, a accueilli ceux qui s\u2019\u00e9taient r\u00e9unis et a exprim\u00e9 sa joie d\u2019avoir bient\u00f4t le nouveau b\u00e2timent \u00e9rig\u00e9 sur le campus de l\u2019universit\u00e9, une institution g\u00e9r\u00e9e par l\u2019Eglise Adventiste du Septi\u00e8me Jour \u00e0 Porto Rico.<\/p>\n<p>Le premier \u00e9tage ainsi que le troisi\u00e8me comprendront la zone de r\u00e9ception d\u2019IATS, des salles de classe, des salles de conf\u00e9rence, une biblioth\u00e8que et des bureaux administratifs, a indiqu\u00e9 Dr Efrain Vel\u00e1zquez, pr\u00e9sident d\u2019IATS. Depuis 2009, les bureaux administratifs ont \u00e9t\u00e9 h\u00e9berg\u00e9s sur le campus de l\u2019Universit\u00e9 Adventiste des Antilles \u00e0 Porto Rico. Une fois la construction du nouvel \u00e9tablissement achev\u00e9e, le b\u00e2timent offrira 278 m\u00e8tres carr\u00e9s \u00e0 chaque niveau.<\/p>\n<p>\u00ab Il \u00e9tait important que IATS soit situ\u00e9 sur un campus d\u2019universit\u00e9 pour des raisons li\u00e9es \u00e0 l\u2019accr\u00e9ditation, qu\u2019elle dispose d\u2019une biblioth\u00e8que, d\u2019un personnel enseignant, de dortoirs, entre autres, \u00ab a dit Dr Vel\u00e1zquez. Les deux \u00e9tages fourniront plus d\u2019espace pour g\u00e9rer les programmes de troisi\u00e8me cycle qui sont de plus en plus nombreux, a expliqu\u00e9 Dr Vel\u00e1zquez.<\/p>\n<div id=\"attachment_26508\" style=\"width: 377px\" class=\"wp-caption alignleft\"><a href=\"\/interamerica\/wp-content\/uploads\/2017\/06\/Velazquez-IATS.jpg\" rel=\"fancybox\" title=\"L\u2019Inter Am\u00e9rique lance le chantier du nouveau b\u00e2timent de l\u2019IATS et HFU\"><img decoding=\"async\" aria-describedby=\"caption-attachment-26508\" class=\" wp-image-26508\" src=\"\/interamerica\/wp-content\/uploads\/2017\/06\/Velazquez-IATS.jpg\" alt=\"\" width=\"367\" height=\"485\" \/><\/a><p id=\"caption-attachment-26508\" class=\"wp-caption-text\">Le pr\u00e9sident d\u2019IATS, Dr Efrain Vel\u00e1zquez.<\/p><\/div>\n<p>Au cours des 13 derni\u00e8res ann\u00e9es, des centaines de pasteurs du territoire de la DIA ont re\u00e7u des maitrises et des doctorats d\u00e9cern\u00e9s par IATS dans divers programmes.<\/p>\n<p>Accr\u00e9dit\u00e9 par l\u2019Association des Ecoles de Th\u00e9ologie aux Etats Unis et au Canada, IATS fonctionne comme une institution multi-sites ayant une structure unique qui dessert trente quatre pays.<\/p>\n<p>IATS propose des programmes professionnels et acad\u00e9miques financi\u00e8rement accessibles aux pasteurs du Mexique, de l\u2019Am\u00e9rique Centrale, de la Cara\u00efbe et de la partie nord de l\u2019Am\u00e9rique du Sud. Parmi les programmes propos\u00e9s, il y a la Maitrise en Th\u00e9ologie Pastorale, la Maitrise en Etudes Bibliques et le Doctorat en Minist\u00e8re Pastoral. Ces programmes sont propos\u00e9s sur diff\u00e9rents sites : au Costa Rica, en Colombie, \u00e0 Cuba, en R\u00e9publique Dominicaine, en Ha\u00efti, en Jama\u00efque, au Mexique, \u00e0 Porto Rico, \u00e0 Trinidad et au Venezuela.<\/p>\n<p>Lors de la c\u00e9r\u00e9monie, Dr Jaime Castrejon, Pr\u00e9sident Em\u00e9rite d\u2019IATS, a parl\u00e9 du d\u00e9veloppement d\u2019IATS depuis les plans envisageant son organisation jusqu\u2019aux nouveaux plans et au lancement du chantier pour le nouveau b\u00e2timent.<\/p>\n<p>Le deuxi\u00e8me \u00e9tage comprendra les bureaux administratifs, des salles de conf\u00e9rence et les bureaux d\u2019inscription et d\u2019admission de l\u2019Universit\u00e9 Herbert Fletcher (HFU) \u2013 une institution en ligne g\u00e9r\u00e9e par la Division Inter Am\u00e9ricaine.<\/p>\n<p>HFU a l\u2019autorisation de fonctionner en tant qu\u2019institution en ligne et propose actuellement la maitrise en Administration et Leadership de l\u2019\u00e9glise ainsi qu\u2019une maitrise en Design Educatif en Ligne.<\/p>\n<p>\u00ab HFU a \u00e9t\u00e9 \u00e9tablie pour proposer des solutions \u00e9ducatives bas\u00e9es sur les principes philosophiques et les valeurs du syst\u00e8me \u00e9ducatif Adventiste du Septi\u00e8me Jour et nous sommes ravis du fait que nous aurons bient\u00f4t nos propres bureaux depuis lesquels nous fonctionnerons, \u00bb a dit David Siguelnitzky, pr\u00e9sident de HFU.<\/p>\n<div id=\"attachment_26511\" style=\"width: 533px\" class=\"wp-caption alignright\"><a href=\"\/interamerica\/wp-content\/uploads\/2017\/06\/Siguelnitzky-IATS.jpg\" rel=\"fancybox\" title=\"L\u2019Inter Am\u00e9rique lance le chantier du nouveau b\u00e2timent de l\u2019IATS et HFU\"><img loading=\"lazy\" decoding=\"async\" aria-describedby=\"caption-attachment-26511\" class=\" wp-image-26511\" src=\"\/interamerica\/wp-content\/uploads\/2017\/06\/Siguelnitzky-IATS.jpg\" alt=\"\" width=\"523\" height=\"346\" \/><\/a><p id=\"caption-attachment-26511\" class=\"wp-caption-text\">Le pr\u00e9sident de HFU, Dr David Siguelnitzky.<\/p><\/div>\n<p>Les nouveaux bureaux de HFU seront occup\u00e9s par les sept employ\u00e9s qui font fonctionner l\u2019institution aux c\u00f4t\u00e9s des 20 employ\u00e9s additionnels travaillant depuis d\u2019autres pays, a ajout\u00e9 David Siguelnitzky.<\/p>\n<p>Un message de f\u00e9licitations \u00e9manant du pr\u00e9sident de l\u2019Eglise Adventiste mondiale, Ted N.C. Wilson, a \u00e9t\u00e9 lu par Dr John W. Taylor, directeur adjoint de l\u2019\u00e9ducation pour l\u2019Eglise Adventiste mondiale lors de la c\u00e9r\u00e9monie de lancement de chantier.<\/p>\n<p>Une pri\u00e8re prononc\u00e9e par le Secr\u00e9taire Ex\u00e9cutif de la DIA, Elie Henry, a r\u00e9uni les dirigeants et les \u00e9ducateurs dans la d\u00e9dicace du nouveau b\u00e2timent qui sera construit.<\/p>\n<p>Le b\u00e2timent de trois \u00e9tages devrait \u00eatre achev\u00e9 d\u2019ici Mai 2018 ont indiqu\u00e9 les dirigeants.<\/p>\n<p>Pour en savoir plus sur l\u2019Universit\u00e9 Herbert Fletcher en Inter Am\u00e9rique, visitez le site <a href=\"http:\/\/www.hfuniversity.org\/home\/\">hfuniversity.org<\/a><\/p>\n<p>Pour en savoir plus sur le S\u00e9minaire Th\u00e9ologique Adventiste Inter Am\u00e9ricain, visitez le site <a href=\"\/?page_id=1561\">interamerica.org<\/a><\/p>\n<p>Patrick Luciathe<\/p>\n","protected":false},"excerpt":{"rendered":"<p>L\u2019Eglise Adventiste du Septi\u00e8me Jour en Inter Am\u00e9rique a r\u00e9cemment organis\u00e9 une c\u00e9r\u00e9monie de lancement de chantier pour deux de ses institutions d\u2019\u00e9ducation sup\u00e9rieure se trouvant \u00e0 Mayaguez \u00e0 Porto Rico. Le 19 janvier dernier, les principaux administrateurs et dirigeants de la Division Inter Am\u00e9ricaine (DIA) ont pris part \u00e0 ce lancement de chantier pour la construction d\u2019un nouveau b\u00e2timent de trois \u00e9tages qui h\u00e9bergera les bureaux du S\u00e9minaire Th\u00e9ologique Adventiste Inter Am\u00e9ricain (IATS) et de l\u2019Universit\u00e9 Herbert Fletcher (HFU).<\/p>\n","protected":false},"author":1,"featured_media":29184,"comment_status":"closed","ping_status":"closed","sticky":false,"template":"","format":"standard","meta":{"_acf_changed":false,"footnotes":""},"categories":[20,19],"tags":[],"class_list":["post-32756","post","type-post","status-publish","format-standard","has-post-thumbnail","hentry","category-nouvelles-du-siege-de-la-division","category-rss-francais"],"acf":[],"yoast_head":"<!-- This site is optimized with the Yoast SEO plugin v27.3 - https:\/\/yoast.com\/product\/yoast-seo-wordpress\/ -->\n<title>L\u2019Inter Am\u00e9rique lance le chantier du nouveau b\u00e2timent de l\u2019IATS et HFU - \u00c9glise Adventiste Du Septieme Jour - Inter Am\u00e9rique Division<\/title>\n<meta name=\"robots\" content=\"index, follow, max-snippet:-1, max-image-preview:large, max-video-preview:-1\" \/>\n<link rel=\"canonical\" href=\"https:\/\/interamerica.org\/fr\/2017\/01\/linter-amerique-lance-le-chantier-du-nouveau-batiment-de-liats-et-hfu\/\" \/>\n<meta property=\"og:locale\" content=\"fr_FR\" \/>\n<meta property=\"og:type\" content=\"article\" \/>\n<meta property=\"og:title\" content=\"L\u2019Inter Am\u00e9rique lance le chantier du nouveau b\u00e2timent de l\u2019IATS et HFU - \u00c9glise Adventiste Du Septieme Jour - Inter Am\u00e9rique Division\" \/>\n<meta property=\"og:description\" content=\"L\u2019Eglise Adventiste du Septi\u00e8me Jour en Inter Am\u00e9rique a r\u00e9cemment organis\u00e9 une c\u00e9r\u00e9monie de lancement de chantier pour deux de ses institutions d\u2019\u00e9ducation sup\u00e9rieure se trouvant \u00e0 Mayaguez \u00e0 Porto Rico. Le 19 janvier dernier, les principaux administrateurs et dirigeants de la Division Inter Am\u00e9ricaine (DIA) ont pris part \u00e0 ce lancement de chantier pour la construction d\u2019un nouveau b\u00e2timent de trois \u00e9tages qui h\u00e9bergera les bureaux du S\u00e9minaire Th\u00e9ologique Adventiste Inter Am\u00e9ricain (IATS) et de l\u2019Universit\u00e9 Herbert Fletcher (HFU).\" \/>\n<meta property=\"og:url\" content=\"https:\/\/interamerica.org\/fr\/2017\/01\/linter-amerique-lance-le-chantier-du-nouveau-batiment-de-liats-et-hfu\/\" \/>\n<meta property=\"og:site_name\" content=\"\u00c9glise Adventiste Du Septieme Jour - Inter Am\u00e9rique Division\" \/>\n<meta property=\"article:published_time\" content=\"2017-01-24T04:00:00+00:00\" \/>\n<meta property=\"article:modified_time\" content=\"2017-12-06T06:18:28+00:00\" \/>\n<meta property=\"og:image\" content=\"https:\/\/interamerica.org\/wp-content\/uploads\/2017\/06\/IATS-groundbreaking.jpg\" \/>\n\t<meta property=\"og:image:width\" content=\"1500\" \/>\n\t<meta property=\"og:image:height\" content=\"1000\" \/>\n\t<meta property=\"og:image:type\" content=\"image\/jpeg\" \/>\n<meta name=\"author\" content=\"Lorenzo Verduzco\" \/>\n<meta name=\"twitter:card\" content=\"summary_large_image\" \/>\n<meta name=\"twitter:label1\" content=\"\u00c9crit par\" \/>\n\t<meta name=\"twitter:data1\" content=\"Lorenzo Verduzco\" \/>\n\t<meta name=\"twitter:label2\" content=\"Dur\u00e9e de lecture estim\u00e9e\" \/>\n\t<meta name=\"twitter:data2\" content=\"5 minutes\" \/>\n<script type=\"application\/ld+json\" class=\"yoast-schema-graph\">{\"@context\":\"https:\\\/\\\/schema.org\",\"@graph\":[{\"@type\":\"Article\",\"@id\":\"https:\\\/\\\/interamerica.org\\\/fr\\\/2017\\\/01\\\/linter-amerique-lance-le-chantier-du-nouveau-batiment-de-liats-et-hfu\\\/#article\",\"isPartOf\":{\"@id\":\"https:\\\/\\\/interamerica.org\\\/fr\\\/2017\\\/01\\\/linter-amerique-lance-le-chantier-du-nouveau-batiment-de-liats-et-hfu\\\/\"},\"author\":{\"name\":\"Lorenzo Verduzco\",\"@id\":\"https:\\\/\\\/interamerica.org\\\/fr\\\/#\\\/schema\\\/person\\\/68ede8bdc292885bb76c1e3810e73c39\"},\"headline\":\"L\u2019Inter Am\u00e9rique lance le chantier du nouveau b\u00e2timent de l\u2019IATS et HFU\",\"datePublished\":\"2017-01-24T04:00:00+00:00\",\"dateModified\":\"2017-12-06T06:18:28+00:00\",\"mainEntityOfPage\":{\"@id\":\"https:\\\/\\\/interamerica.org\\\/fr\\\/2017\\\/01\\\/linter-amerique-lance-le-chantier-du-nouveau-batiment-de-liats-et-hfu\\\/\"},\"wordCount\":1033,\"image\":{\"@id\":\"https:\\\/\\\/interamerica.org\\\/fr\\\/2017\\\/01\\\/linter-amerique-lance-le-chantier-du-nouveau-batiment-de-liats-et-hfu\\\/#primaryimage\"},\"thumbnailUrl\":\"https:\\\/\\\/interamerica.org\\\/wp-content\\\/uploads\\\/2017\\\/06\\\/IATS-groundbreaking.jpg\",\"articleSection\":[\"Nouvelles du si\u00e8ge de la division\",\"RSS Fran\u00e7ais\"],\"inLanguage\":\"fr-FR\"},{\"@type\":\"WebPage\",\"@id\":\"https:\\\/\\\/interamerica.org\\\/fr\\\/2017\\\/01\\\/linter-amerique-lance-le-chantier-du-nouveau-batiment-de-liats-et-hfu\\\/\",\"url\":\"https:\\\/\\\/interamerica.org\\\/fr\\\/2017\\\/01\\\/linter-amerique-lance-le-chantier-du-nouveau-batiment-de-liats-et-hfu\\\/\",\"name\":\"L\u2019Inter Am\u00e9rique lance le chantier du nouveau b\u00e2timent de l\u2019IATS et HFU - \u00c9glise Adventiste Du Septieme Jour - Inter Am\u00e9rique Division\",\"isPartOf\":{\"@id\":\"https:\\\/\\\/interamerica.org\\\/fr\\\/#website\"},\"primaryImageOfPage\":{\"@id\":\"https:\\\/\\\/interamerica.org\\\/fr\\\/2017\\\/01\\\/linter-amerique-lance-le-chantier-du-nouveau-batiment-de-liats-et-hfu\\\/#primaryimage\"},\"image\":{\"@id\":\"https:\\\/\\\/interamerica.org\\\/fr\\\/2017\\\/01\\\/linter-amerique-lance-le-chantier-du-nouveau-batiment-de-liats-et-hfu\\\/#primaryimage\"},\"thumbnailUrl\":\"https:\\\/\\\/interamerica.org\\\/wp-content\\\/uploads\\\/2017\\\/06\\\/IATS-groundbreaking.jpg\",\"datePublished\":\"2017-01-24T04:00:00+00:00\",\"dateModified\":\"2017-12-06T06:18:28+00:00\",\"author\":{\"@id\":\"https:\\\/\\\/interamerica.org\\\/fr\\\/#\\\/schema\\\/person\\\/68ede8bdc292885bb76c1e3810e73c39\"},\"breadcrumb\":{\"@id\":\"https:\\\/\\\/interamerica.org\\\/fr\\\/2017\\\/01\\\/linter-amerique-lance-le-chantier-du-nouveau-batiment-de-liats-et-hfu\\\/#breadcrumb\"},\"inLanguage\":\"fr-FR\",\"potentialAction\":[{\"@type\":\"ReadAction\",\"target\":[\"https:\\\/\\\/interamerica.org\\\/fr\\\/2017\\\/01\\\/linter-amerique-lance-le-chantier-du-nouveau-batiment-de-liats-et-hfu\\\/\"]}]},{\"@type\":\"ImageObject\",\"inLanguage\":\"fr-FR\",\"@id\":\"https:\\\/\\\/interamerica.org\\\/fr\\\/2017\\\/01\\\/linter-amerique-lance-le-chantier-du-nouveau-batiment-de-liats-et-hfu\\\/#primaryimage\",\"url\":\"https:\\\/\\\/interamerica.org\\\/wp-content\\\/uploads\\\/2017\\\/06\\\/IATS-groundbreaking.jpg\",\"contentUrl\":\"https:\\\/\\\/interamerica.org\\\/wp-content\\\/uploads\\\/2017\\\/06\\\/IATS-groundbreaking.jpg\",\"width\":1500,\"height\":1000},{\"@type\":\"BreadcrumbList\",\"@id\":\"https:\\\/\\\/interamerica.org\\\/fr\\\/2017\\\/01\\\/linter-amerique-lance-le-chantier-du-nouveau-batiment-de-liats-et-hfu\\\/#breadcrumb\",\"itemListElement\":[{\"@type\":\"ListItem\",\"position\":1,\"name\":\"Home\",\"item\":\"https:\\\/\\\/interamerica.org\\\/fr\\\/\"},{\"@type\":\"ListItem\",\"position\":2,\"name\":\"L\u2019Inter Am\u00e9rique lance le chantier du nouveau b\u00e2timent de l\u2019IATS et HFU\"}]},{\"@type\":\"WebSite\",\"@id\":\"https:\\\/\\\/interamerica.org\\\/fr\\\/#website\",\"url\":\"https:\\\/\\\/interamerica.org\\\/fr\\\/\",\"name\":\"\u00c9glise Adventiste Du Septieme Jour - Inter Am\u00e9rique Division\",\"description\":\"\",\"potentialAction\":[{\"@type\":\"SearchAction\",\"target\":{\"@type\":\"EntryPoint\",\"urlTemplate\":\"https:\\\/\\\/interamerica.org\\\/fr\\\/?s={search_term_string}\"},\"query-input\":{\"@type\":\"PropertyValueSpecification\",\"valueRequired\":true,\"valueName\":\"search_term_string\"}}],\"inLanguage\":\"fr-FR\"},{\"@type\":\"Person\",\"@id\":\"https:\\\/\\\/interamerica.org\\\/fr\\\/#\\\/schema\\\/person\\\/68ede8bdc292885bb76c1e3810e73c39\",\"name\":\"Lorenzo Verduzco\",\"image\":{\"@type\":\"ImageObject\",\"inLanguage\":\"fr-FR\",\"@id\":\"https:\\\/\\\/secure.gravatar.com\\\/avatar\\\/fb81a55b6218459490a9c1dc841a34909185b81904c5337b4b27f7a6fd60c49e?s=96&d=mm&r=g\",\"url\":\"https:\\\/\\\/secure.gravatar.com\\\/avatar\\\/fb81a55b6218459490a9c1dc841a34909185b81904c5337b4b27f7a6fd60c49e?s=96&d=mm&r=g\",\"contentUrl\":\"https:\\\/\\\/secure.gravatar.com\\\/avatar\\\/fb81a55b6218459490a9c1dc841a34909185b81904c5337b4b27f7a6fd60c49e?s=96&d=mm&r=g\",\"caption\":\"Lorenzo Verduzco\"}}]}<\/script>\n<!-- \/ Yoast SEO plugin. -->","yoast_head_json":{"title":"L\u2019Inter Am\u00e9rique lance le chantier du nouveau b\u00e2timent de l\u2019IATS et HFU - \u00c9glise Adventiste Du Septieme Jour - Inter Am\u00e9rique Division","robots":{"index":"index","follow":"follow","max-snippet":"max-snippet:-1","max-image-preview":"max-image-preview:large","max-video-preview":"max-video-preview:-1"},"canonical":"https:\/\/interamerica.org\/fr\/2017\/01\/linter-amerique-lance-le-chantier-du-nouveau-batiment-de-liats-et-hfu\/","og_locale":"fr_FR","og_type":"article","og_title":"L\u2019Inter Am\u00e9rique lance le chantier du nouveau b\u00e2timent de l\u2019IATS et HFU - \u00c9glise Adventiste Du Septieme Jour - Inter Am\u00e9rique Division","og_description":"L\u2019Eglise Adventiste du Septi\u00e8me Jour en Inter Am\u00e9rique a r\u00e9cemment organis\u00e9 une c\u00e9r\u00e9monie de lancement de chantier pour deux de ses institutions d\u2019\u00e9ducation sup\u00e9rieure se trouvant \u00e0 Mayaguez \u00e0 Porto Rico. Le 19 janvier dernier, les principaux administrateurs et dirigeants de la Division Inter Am\u00e9ricaine (DIA) ont pris part \u00e0 ce lancement de chantier pour la construction d\u2019un nouveau b\u00e2timent de trois \u00e9tages qui h\u00e9bergera les bureaux du S\u00e9minaire Th\u00e9ologique Adventiste Inter Am\u00e9ricain (IATS) et de l\u2019Universit\u00e9 Herbert Fletcher (HFU).","og_url":"https:\/\/interamerica.org\/fr\/2017\/01\/linter-amerique-lance-le-chantier-du-nouveau-batiment-de-liats-et-hfu\/","og_site_name":"\u00c9glise Adventiste Du Septieme Jour - Inter Am\u00e9rique Division","article_published_time":"2017-01-24T04:00:00+00:00","article_modified_time":"2017-12-06T06:18:28+00:00","og_image":[{"width":1500,"height":1000,"url":"https:\/\/interamerica.org\/wp-content\/uploads\/2017\/06\/IATS-groundbreaking.jpg","type":"image\/jpeg"}],"author":"Lorenzo Verduzco","twitter_card":"summary_large_image","twitter_misc":{"\u00c9crit par":"Lorenzo Verduzco","Dur\u00e9e de lecture estim\u00e9e":"5 minutes"},"schema":{"@context":"https:\/\/schema.org","@graph":[{"@type":"Article","@id":"https:\/\/interamerica.org\/fr\/2017\/01\/linter-amerique-lance-le-chantier-du-nouveau-batiment-de-liats-et-hfu\/#article","isPartOf":{"@id":"https:\/\/interamerica.org\/fr\/2017\/01\/linter-amerique-lance-le-chantier-du-nouveau-batiment-de-liats-et-hfu\/"},"author":{"name":"Lorenzo Verduzco","@id":"https:\/\/interamerica.org\/fr\/#\/schema\/person\/68ede8bdc292885bb76c1e3810e73c39"},"headline":"L\u2019Inter Am\u00e9rique lance le chantier du nouveau b\u00e2timent de l\u2019IATS et HFU","datePublished":"2017-01-24T04:00:00+00:00","dateModified":"2017-12-06T06:18:28+00:00","mainEntityOfPage":{"@id":"https:\/\/interamerica.org\/fr\/2017\/01\/linter-amerique-lance-le-chantier-du-nouveau-batiment-de-liats-et-hfu\/"},"wordCount":1033,"image":{"@id":"https:\/\/interamerica.org\/fr\/2017\/01\/linter-amerique-lance-le-chantier-du-nouveau-batiment-de-liats-et-hfu\/#primaryimage"},"thumbnailUrl":"https:\/\/interamerica.org\/wp-content\/uploads\/2017\/06\/IATS-groundbreaking.jpg","articleSection":["Nouvelles du si\u00e8ge de la division","RSS Fran\u00e7ais"],"inLanguage":"fr-FR"},{"@type":"WebPage","@id":"https:\/\/interamerica.org\/fr\/2017\/01\/linter-amerique-lance-le-chantier-du-nouveau-batiment-de-liats-et-hfu\/","url":"https:\/\/interamerica.org\/fr\/2017\/01\/linter-amerique-lance-le-chantier-du-nouveau-batiment-de-liats-et-hfu\/","name":"L\u2019Inter Am\u00e9rique lance le chantier du nouveau b\u00e2timent de l\u2019IATS et HFU - \u00c9glise Adventiste Du Septieme Jour - Inter Am\u00e9rique Division","isPartOf":{"@id":"https:\/\/interamerica.org\/fr\/#website"},"primaryImageOfPage":{"@id":"https:\/\/interamerica.org\/fr\/2017\/01\/linter-amerique-lance-le-chantier-du-nouveau-batiment-de-liats-et-hfu\/#primaryimage"},"image":{"@id":"https:\/\/interamerica.org\/fr\/2017\/01\/linter-amerique-lance-le-chantier-du-nouveau-batiment-de-liats-et-hfu\/#primaryimage"},"thumbnailUrl":"https:\/\/interamerica.org\/wp-content\/uploads\/2017\/06\/IATS-groundbreaking.jpg","datePublished":"2017-01-24T04:00:00+00:00","dateModified":"2017-12-06T06:18:28+00:00","author":{"@id":"https:\/\/interamerica.org\/fr\/#\/schema\/person\/68ede8bdc292885bb76c1e3810e73c39"},"breadcrumb":{"@id":"https:\/\/interamerica.org\/fr\/2017\/01\/linter-amerique-lance-le-chantier-du-nouveau-batiment-de-liats-et-hfu\/#breadcrumb"},"inLanguage":"fr-FR","potentialAction":[{"@type":"ReadAction","target":["https:\/\/interamerica.org\/fr\/2017\/01\/linter-amerique-lance-le-chantier-du-nouveau-batiment-de-liats-et-hfu\/"]}]},{"@type":"ImageObject","inLanguage":"fr-FR","@id":"https:\/\/interamerica.org\/fr\/2017\/01\/linter-amerique-lance-le-chantier-du-nouveau-batiment-de-liats-et-hfu\/#primaryimage","url":"https:\/\/interamerica.org\/wp-content\/uploads\/2017\/06\/IATS-groundbreaking.jpg","contentUrl":"https:\/\/interamerica.org\/wp-content\/uploads\/2017\/06\/IATS-groundbreaking.jpg","width":1500,"height":1000},{"@type":"BreadcrumbList","@id":"https:\/\/interamerica.org\/fr\/2017\/01\/linter-amerique-lance-le-chantier-du-nouveau-batiment-de-liats-et-hfu\/#breadcrumb","itemListElement":[{"@type":"ListItem","position":1,"name":"Home","item":"https:\/\/interamerica.org\/fr\/"},{"@type":"ListItem","position":2,"name":"L\u2019Inter Am\u00e9rique lance le chantier du nouveau b\u00e2timent de l\u2019IATS et HFU"}]},{"@type":"WebSite","@id":"https:\/\/interamerica.org\/fr\/#website","url":"https:\/\/interamerica.org\/fr\/","name":"\u00c9glise Adventiste Du Septieme Jour - Inter Am\u00e9rique Division","description":"","potentialAction":[{"@type":"SearchAction","target":{"@type":"EntryPoint","urlTemplate":"https:\/\/interamerica.org\/fr\/?s={search_term_string}"},"query-input":{"@type":"PropertyValueSpecification","valueRequired":true,"valueName":"search_term_string"}}],"inLanguage":"fr-FR"},{"@type":"Person","@id":"https:\/\/interamerica.org\/fr\/#\/schema\/person\/68ede8bdc292885bb76c1e3810e73c39","name":"Lorenzo Verduzco","image":{"@type":"ImageObject","inLanguage":"fr-FR","@id":"https:\/\/secure.gravatar.com\/avatar\/fb81a55b6218459490a9c1dc841a34909185b81904c5337b4b27f7a6fd60c49e?s=96&d=mm&r=g","url":"https:\/\/secure.gravatar.com\/avatar\/fb81a55b6218459490a9c1dc841a34909185b81904c5337b4b27f7a6fd60c49e?s=96&d=mm&r=g","contentUrl":"https:\/\/secure.gravatar.com\/avatar\/fb81a55b6218459490a9c1dc841a34909185b81904c5337b4b27f7a6fd60c49e?s=96&d=mm&r=g","caption":"Lorenzo Verduzco"}}]}},"_links":{"self":[{"href":"https:\/\/interamerica.org\/fr\/wp-json\/wp\/v2\/posts\/32756","targetHints":{"allow":["GET"]}}],"collection":[{"href":"https:\/\/interamerica.org\/fr\/wp-json\/wp\/v2\/posts"}],"about":[{"href":"https:\/\/interamerica.org\/fr\/wp-json\/wp\/v2\/types\/post"}],"author":[{"embeddable":true,"href":"https:\/\/interamerica.org\/fr\/wp-json\/wp\/v2\/users\/1"}],"replies":[{"embeddable":true,"href":"https:\/\/interamerica.org\/fr\/wp-json\/wp\/v2\/comments?post=32756"}],"version-history":[{"count":0,"href":"https:\/\/interamerica.org\/fr\/wp-json\/wp\/v2\/posts\/32756\/revisions"}],"wp:featuredmedia":[{"embeddable":true,"href":"https:\/\/interamerica.org\/fr\/wp-json\/wp\/v2\/media\/29184"}],"wp:attachment":[{"href":"https:\/\/interamerica.org\/fr\/wp-json\/wp\/v2\/media?parent=32756"}],"wp:term":[{"taxonomy":"category","embeddable":true,"href":"https:\/\/interamerica.org\/fr\/wp-json\/wp\/v2\/categories?post=32756"},{"taxonomy":"post_tag","embeddable":true,"href":"https:\/\/interamerica.org\/fr\/wp-json\/wp\/v2\/tags?post=32756"}],"curies":[{"name":"wp","href":"https:\/\/api.w.org\/{rel}","templated":true}]}}