{"id":32763,"date":"2017-02-03T00:00:00","date_gmt":"2017-02-03T04:00:00","guid":{"rendered":"http:\/\/192.81.217.108\/interamerica\/2017\/02\/laumonier-du-senat-barry-black-un-pasteur-adventiste-fait-lintervention-principale-lors-du-petit-dejeuner-de-priere-national-des-etats-unis\/"},"modified":"2017-12-05T07:13:44","modified_gmt":"2017-12-05T11:13:44","slug":"laumonier-du-senat-barry-black-un-pasteur-adventiste-fait-lintervention-principale-lors-du-petit-dejeuner-de-priere-national-des-etats-unis","status":"publish","type":"post","link":"https:\/\/interamerica.org\/fr\/2017\/02\/laumonier-du-senat-barry-black-un-pasteur-adventiste-fait-lintervention-principale-lors-du-petit-dejeuner-de-priere-national-des-etats-unis\/","title":{"rendered":"L\u2019aum\u00f4nier du S\u00e9nat, Barry Black, un pasteur Adventiste, fait l\u2019intervention principale lors du Petit-D\u00e9jeuner de Pri\u00e8re National des Etats Unis"},"content":{"rendered":"<div id=\"attachment_26651\" style=\"width: 712px\" class=\"wp-caption aligncenter\"><a href=\"\/interamerica\/wp-content\/uploads\/2017\/06\/Senate-Chaplain-Barry-Black-Adventist-Pastor-Keynotes-US-National-Prayer-Breakfast.jpeg\" rel=\"fancybox\" title=\"L\u2019aum\u00f4nier du S\u00e9nat, Barry Black, un pasteur Adventiste, fait l\u2019intervention principale lors du Petit-D\u00e9jeuner de Pri\u00e8re National des Etats Unis\"><img fetchpriority=\"high\" decoding=\"async\" aria-describedby=\"caption-attachment-26651\" class=\" wp-image-26651\" src=\"\/interamerica\/wp-content\/uploads\/2017\/06\/Senate-Chaplain-Barry-Black-Adventist-Pastor-Keynotes-US-National-Prayer-Breakfast.jpeg\" alt=\"\" width=\"702\" height=\"351\" \/><\/a><p id=\"caption-attachment-26651\" class=\"wp-caption-text\">Barry Black, l\u2019aum\u00f4nier du S\u00e9nat am\u00e9ricain. Image d\u2019Adventist Review.<\/p><\/div>\n<p>Post\u00e9 le 2 F\u00e9vrier 2017 | Silver Spring, Maryland, Etats Unis | Mark Kellner, r\u00e9dacteur contenu en ligne, Adventist Review<\/p>\n<p><span class=\"cap\">S<\/span>\u2019adressant \u00e0 Donald J. Trump et \u00e0 une salle pleine de dirigeants politiques et civils am\u00e9ricains \u2013 ainsi que de leaders internationaux comme le Roi Abdallah II de Jordanie \u2013 le 2 f\u00e9vrier dernier lors du <a href=\"https:\/\/www.c-span.org\/video\/?c4654431\/barry-black-national-prayer-breakfast-2017\" target=\"_blank\" rel=\"noopener\">65\u00e8me Petit-D\u00e9jeuner de Pri\u00e8re National <\/a> \u00e0 Washington, l\u2019aum\u00f4nier du S\u00e9nat am\u00e9ricain, Barry C. Black, un pasteur Adventiste du Septi\u00e8me Jour, a rappel\u00e9 comment sa m\u00e8re le motivait \u00e0 m\u00e9moriser les versets de la Bible, ce qui a \u00e9veill\u00e9 en lui une qu\u00eate de toute une vie pour conna\u00eetre l\u2019Auteur de ces paroles.<\/p>\n<p>La m\u00e8re de Barry Black, la fille d\u2019un m\u00e9tayer qui avait une \u00e9ducation limit\u00e9e mais une vision illimit\u00e9e, lui avait lanc\u00e9 \u00e0 lui et \u00e0 ses fr\u00e8res et s\u0153urs, un d\u00e9fi : la promesse de recevoir 5 centimes pour chaque verset m\u00e9moris\u00e9.<\/p>\n<p>\u00ab Un jour j\u2019ai m\u00e9moris\u00e9 <a class=\"rtBibleRef\" href=\"http:\/\/biblia.com\/bible\/nkjv\/1%20Pet%201.18-19\" target=\"_blank\" rel=\"noopener\">1 Pierre 1:18-19<\/a>,\u00bb s\u2019est souvenu Barry Black. \u00ab Je n\u2019avais que dix ans. [Le verset dit] \u2018\u2026ce n&rsquo;est pas par des choses p\u00e9rissables, par de l&rsquo;argent ou de l&rsquo;or, que vous avez \u00e9t\u00e9 rachet\u00e9s de la vaine mani\u00e8re de vivre\u2026, mais par le sang pr\u00e9cieux de Christ,\u2026\u2019 et m\u00eame \u00e0 l\u2019\u00e2ge de dix ans, j\u2019avais suffisamment de capacit\u00e9 d\u2019analyse pour savoir que la valeur d\u2019un objet est bas\u00e9e sur le prix que quelqu\u2019un est dispos\u00e9 \u00e0 payer. \u00bb<\/p>\n<p>Barry Black a poursuivi en disant : \u00ab Et lorsque j\u2019ai r\u00e9alis\u00e9, moi, un petit gars des quartiers pauvres, que Dieu a envoy\u00e9 celui que Jean 3 appelle le seul de son genre, \u2018Son fils unique,\u2019 mourir pour moi, alors personne n\u2019a plus jamais r\u00e9ussi \u00e0 m\u2019amener \u00e0 me sentir inf\u00e9rieur. De plus, de plus, je me suis dit que je dois conna\u00eetre cet Homme qui est mort pour moi. Alors maintenant, ce n\u2019\u00e9tait plus pour recevoir des pi\u00e8ces que j\u2019ai commenc\u00e9 \u00e0 lire la Parole. \u00bb<\/p>\n<p>Maintenant dans sa quatorzi\u00e8me ann\u00e9e en tant qu\u2019aum\u00f4nier du S\u00e9nat, Barry Black est le premier noir am\u00e9ricain, le premier Adventiste du Septi\u00e8me Jour, et le premier officier militaire \u00e0 la retraite \u00e0 occuper cette position. Il a \u00e9t\u00e9 nomm\u00e9 \u00e0 cette fonction au S\u00e9nat apr\u00e8s avoir pris sa retraite de la Marine des Etats Unis en tant que chef des aum\u00f4niers, ayant le grade de Contre-Amiral.<\/p>\n<p>Barry Black est le deuxi\u00e8me Adventiste \u00e0 pr\u00e9senter l\u2019intervention principale du petit-d\u00e9jeuner, le premier \u00e9tant le neurochirurgien et <a href=\"http:\/\/www.adventistreview.org\/church-news\/story-accepting-trump-appointment,-ben-carson-on-track-as-first-adventist-u.s.-cabinet-secretary\" target=\"_blank\" rel=\"noopener\">Secr\u00e9taire d&rsquo;\u00e9tat nomm\u00e9<\/a> au Logement et au D\u00e9veloppement Urbain, Dr<\/p>\n<p>Benjamin Carson Sr. Ben Carson est intervenu deux fois dans le petit d\u00e9jeuner, la plus r\u00e9cente \u00e9tait en 2013.<\/p>\n<p>Lors de son allocution du petit d\u00e9jeuner de pri\u00e8re, qui \u00e9tait diffus\u00e9 \u00e0 l\u2019\u00e9chelle nationale sur la t\u00e9l\u00e9vision par c\u00e2ble et par satellite, Barry Black a mentionn\u00e9 le type de relation que Dieu d\u00e9sire entretenir avec ceux qui s\u2019approchent de Lui par la pri\u00e8re, citant les paroles de J\u00e9sus \u00e0 ses disciples rapport\u00e9es dans<a class=\"rtBibleRef\" href=\"http:\/\/biblia.com\/bible\/nkjv\/John%2015.16\" target=\"_blank\" rel=\"noopener\">Jean 15:15<\/a>, \u00ab Je ne vous appelle plus serviteurs,\u2026 mais je vous ai appel\u00e9s amis. \u00bb<\/p>\n<p>Il a illustr\u00e9 cela avec une anecdote : \u00ab Mon fils ain\u00e9 est dans l\u2019auditoire, et une des choses qui m\u2019exasp\u00e8rent c\u2019est lorsqu\u2019il appelle ; quand il appelle, il dit : \u00ab Salut papa. C\u2019est Barry.\u2019 Vraiment ? Ecoutez, j\u2019ai le syst\u00e8me d\u2019identification de l\u2019appelant et pourtant il doit se pr\u00e9senter ? Si je re\u00e7ois un appel et qu\u2019on me dise : \u2018Salut ch\u00e9ri,\u2019 je ne devrais pas r\u00e9pondre : \u2018C\u2019est qui\u2019 ? Dieu d\u00e9sire avoir une relation intime avec nous. \u00bb<\/p>\n<p>Barry Black a fait observer la puissance de la pri\u00e8re, il a indiqu\u00e9 qu\u2019il priait pour le pr\u00e9sident Trump, et a rappel\u00e9 \u00e0 l\u2019auditoire l\u2019invitation de Paul \u00e0 prier pour les autorit\u00e9s. Faisant r\u00e9f\u00e9rence au Vice-Pr\u00e9sident Michael Pence, Barry Black a d\u00e9clar\u00e9 : \u00ab Je parlais avec lui en coulisse et je lui ai dit : \u2018je prie que la main de Dieu soit sur vous.\u2019 \u00bb<\/p>\n<p>Traduction: Patrick Luciathe<\/p>\n","protected":false},"excerpt":{"rendered":"<p>S\u2019adressant \u00e0 Donald J. Trump et \u00e0 une salle pleine de dirigeants politiques et civils am\u00e9ricains \u2013 ainsi que de leaders internationaux comme le Roi Abdallah II de Jordanie \u2013 le 2 f\u00e9vrier dernier lors du 65\u00e8me  Petit-D\u00e9jeuner de Pri\u00e8re National \u00e0 Washington, l\u2019aum\u00f4nier du S\u00e9nat am\u00e9ricain, Barry C. Black, un pasteur Adventiste du Septi\u00e8me Jour, a rappel\u00e9 comment sa m\u00e8re le motivait \u00e0 m\u00e9moriser les versets de la Bible, ce qui a \u00e9veill\u00e9 en lui une qu\u00eate de toute une vie pour conna\u00eetre l\u2019Auteur de ces paroles.<\/p>\n","protected":false},"author":1,"featured_media":19636,"comment_status":"closed","ping_status":"closed","sticky":false,"template":"","format":"standard","meta":{"_acf_changed":false,"footnotes":""},"categories":[18,19],"tags":[],"class_list":["post-32763","post","type-post","status-publish","format-standard","has-post-thumbnail","hentry","category-nouvelles-de-leglise-mondiale","category-rss-francais"],"acf":[],"yoast_head":"<!-- This site is optimized with the Yoast SEO plugin v27.3 - https:\/\/yoast.com\/product\/yoast-seo-wordpress\/ -->\n<title>L\u2019aum\u00f4nier du S\u00e9nat, Barry Black, un pasteur Adventiste, fait l\u2019intervention principale lors du Petit-D\u00e9jeuner de Pri\u00e8re National des Etats Unis - \u00c9glise Adventiste Du Septieme Jour - Inter Am\u00e9rique Division<\/title>\n<meta name=\"robots\" content=\"index, follow, max-snippet:-1, max-image-preview:large, max-video-preview:-1\" \/>\n<link rel=\"canonical\" href=\"https:\/\/interamerica.org\/fr\/2017\/02\/laumonier-du-senat-barry-black-un-pasteur-adventiste-fait-lintervention-principale-lors-du-petit-dejeuner-de-priere-national-des-etats-unis\/\" \/>\n<meta property=\"og:locale\" content=\"fr_FR\" \/>\n<meta property=\"og:type\" content=\"article\" \/>\n<meta property=\"og:title\" content=\"L\u2019aum\u00f4nier du S\u00e9nat, Barry Black, un pasteur Adventiste, fait l\u2019intervention principale lors du Petit-D\u00e9jeuner de Pri\u00e8re National des Etats Unis - \u00c9glise Adventiste Du Septieme Jour - Inter Am\u00e9rique Division\" \/>\n<meta property=\"og:description\" content=\"S\u2019adressant \u00e0 Donald J. Trump et \u00e0 une salle pleine de dirigeants politiques et civils am\u00e9ricains \u2013 ainsi que de leaders internationaux comme le Roi Abdallah II de Jordanie \u2013 le 2 f\u00e9vrier dernier lors du 65\u00e8me Petit-D\u00e9jeuner de Pri\u00e8re National \u00e0 Washington, l\u2019aum\u00f4nier du S\u00e9nat am\u00e9ricain, Barry C. Black, un pasteur Adventiste du Septi\u00e8me Jour, a rappel\u00e9 comment sa m\u00e8re le motivait \u00e0 m\u00e9moriser les versets de la Bible, ce qui a \u00e9veill\u00e9 en lui une qu\u00eate de toute une vie pour conna\u00eetre l\u2019Auteur de ces paroles.\" \/>\n<meta property=\"og:url\" content=\"https:\/\/interamerica.org\/fr\/2017\/02\/laumonier-du-senat-barry-black-un-pasteur-adventiste-fait-lintervention-principale-lors-du-petit-dejeuner-de-priere-national-des-etats-unis\/\" \/>\n<meta property=\"og:site_name\" content=\"\u00c9glise Adventiste Du Septieme Jour - Inter Am\u00e9rique Division\" \/>\n<meta property=\"article:published_time\" content=\"2017-02-03T04:00:00+00:00\" \/>\n<meta property=\"article:modified_time\" content=\"2017-12-05T11:13:44+00:00\" \/>\n<meta property=\"og:image\" content=\"https:\/\/interamerica.org\/wp-content\/uploads\/2017\/06\/Senate-Chaplain-Barry-Black-Adventist-Pastor-Keynotes-US-National-Prayer-Breakfast.jpeg\" \/>\n\t<meta property=\"og:image:width\" content=\"1000\" \/>\n\t<meta property=\"og:image:height\" content=\"500\" \/>\n\t<meta property=\"og:image:type\" content=\"image\/jpeg\" \/>\n<meta name=\"author\" content=\"Lorenzo Verduzco\" \/>\n<meta name=\"twitter:card\" content=\"summary_large_image\" \/>\n<meta name=\"twitter:label1\" content=\"\u00c9crit par\" \/>\n\t<meta name=\"twitter:data1\" content=\"Lorenzo Verduzco\" \/>\n\t<meta name=\"twitter:label2\" content=\"Dur\u00e9e de lecture estim\u00e9e\" \/>\n\t<meta name=\"twitter:data2\" content=\"4 minutes\" \/>\n<script type=\"application\/ld+json\" class=\"yoast-schema-graph\">{\"@context\":\"https:\\\/\\\/schema.org\",\"@graph\":[{\"@type\":\"Article\",\"@id\":\"https:\\\/\\\/interamerica.org\\\/fr\\\/2017\\\/02\\\/laumonier-du-senat-barry-black-un-pasteur-adventiste-fait-lintervention-principale-lors-du-petit-dejeuner-de-priere-national-des-etats-unis\\\/#article\",\"isPartOf\":{\"@id\":\"https:\\\/\\\/interamerica.org\\\/fr\\\/2017\\\/02\\\/laumonier-du-senat-barry-black-un-pasteur-adventiste-fait-lintervention-principale-lors-du-petit-dejeuner-de-priere-national-des-etats-unis\\\/\"},\"author\":{\"name\":\"Lorenzo Verduzco\",\"@id\":\"https:\\\/\\\/interamerica.org\\\/fr\\\/#\\\/schema\\\/person\\\/68ede8bdc292885bb76c1e3810e73c39\"},\"headline\":\"L\u2019aum\u00f4nier du S\u00e9nat, Barry Black, un pasteur Adventiste, fait l\u2019intervention principale lors du Petit-D\u00e9jeuner de Pri\u00e8re National des Etats Unis\",\"datePublished\":\"2017-02-03T04:00:00+00:00\",\"dateModified\":\"2017-12-05T11:13:44+00:00\",\"mainEntityOfPage\":{\"@id\":\"https:\\\/\\\/interamerica.org\\\/fr\\\/2017\\\/02\\\/laumonier-du-senat-barry-black-un-pasteur-adventiste-fait-lintervention-principale-lors-du-petit-dejeuner-de-priere-national-des-etats-unis\\\/\"},\"wordCount\":758,\"image\":{\"@id\":\"https:\\\/\\\/interamerica.org\\\/fr\\\/2017\\\/02\\\/laumonier-du-senat-barry-black-un-pasteur-adventiste-fait-lintervention-principale-lors-du-petit-dejeuner-de-priere-national-des-etats-unis\\\/#primaryimage\"},\"thumbnailUrl\":\"https:\\\/\\\/interamerica.org\\\/wp-content\\\/uploads\\\/2017\\\/06\\\/Senate-Chaplain-Barry-Black-Adventist-Pastor-Keynotes-US-National-Prayer-Breakfast.jpeg\",\"articleSection\":[\"Nouvelles de l'\u00c9glise mondiale\",\"RSS Fran\u00e7ais\"],\"inLanguage\":\"fr-FR\"},{\"@type\":\"WebPage\",\"@id\":\"https:\\\/\\\/interamerica.org\\\/fr\\\/2017\\\/02\\\/laumonier-du-senat-barry-black-un-pasteur-adventiste-fait-lintervention-principale-lors-du-petit-dejeuner-de-priere-national-des-etats-unis\\\/\",\"url\":\"https:\\\/\\\/interamerica.org\\\/fr\\\/2017\\\/02\\\/laumonier-du-senat-barry-black-un-pasteur-adventiste-fait-lintervention-principale-lors-du-petit-dejeuner-de-priere-national-des-etats-unis\\\/\",\"name\":\"L\u2019aum\u00f4nier du S\u00e9nat, Barry Black, un pasteur Adventiste, fait l\u2019intervention principale lors du Petit-D\u00e9jeuner de Pri\u00e8re National des Etats Unis - \u00c9glise Adventiste Du Septieme Jour - Inter Am\u00e9rique Division\",\"isPartOf\":{\"@id\":\"https:\\\/\\\/interamerica.org\\\/fr\\\/#website\"},\"primaryImageOfPage\":{\"@id\":\"https:\\\/\\\/interamerica.org\\\/fr\\\/2017\\\/02\\\/laumonier-du-senat-barry-black-un-pasteur-adventiste-fait-lintervention-principale-lors-du-petit-dejeuner-de-priere-national-des-etats-unis\\\/#primaryimage\"},\"image\":{\"@id\":\"https:\\\/\\\/interamerica.org\\\/fr\\\/2017\\\/02\\\/laumonier-du-senat-barry-black-un-pasteur-adventiste-fait-lintervention-principale-lors-du-petit-dejeuner-de-priere-national-des-etats-unis\\\/#primaryimage\"},\"thumbnailUrl\":\"https:\\\/\\\/interamerica.org\\\/wp-content\\\/uploads\\\/2017\\\/06\\\/Senate-Chaplain-Barry-Black-Adventist-Pastor-Keynotes-US-National-Prayer-Breakfast.jpeg\",\"datePublished\":\"2017-02-03T04:00:00+00:00\",\"dateModified\":\"2017-12-05T11:13:44+00:00\",\"author\":{\"@id\":\"https:\\\/\\\/interamerica.org\\\/fr\\\/#\\\/schema\\\/person\\\/68ede8bdc292885bb76c1e3810e73c39\"},\"breadcrumb\":{\"@id\":\"https:\\\/\\\/interamerica.org\\\/fr\\\/2017\\\/02\\\/laumonier-du-senat-barry-black-un-pasteur-adventiste-fait-lintervention-principale-lors-du-petit-dejeuner-de-priere-national-des-etats-unis\\\/#breadcrumb\"},\"inLanguage\":\"fr-FR\",\"potentialAction\":[{\"@type\":\"ReadAction\",\"target\":[\"https:\\\/\\\/interamerica.org\\\/fr\\\/2017\\\/02\\\/laumonier-du-senat-barry-black-un-pasteur-adventiste-fait-lintervention-principale-lors-du-petit-dejeuner-de-priere-national-des-etats-unis\\\/\"]}]},{\"@type\":\"ImageObject\",\"inLanguage\":\"fr-FR\",\"@id\":\"https:\\\/\\\/interamerica.org\\\/fr\\\/2017\\\/02\\\/laumonier-du-senat-barry-black-un-pasteur-adventiste-fait-lintervention-principale-lors-du-petit-dejeuner-de-priere-national-des-etats-unis\\\/#primaryimage\",\"url\":\"https:\\\/\\\/interamerica.org\\\/wp-content\\\/uploads\\\/2017\\\/06\\\/Senate-Chaplain-Barry-Black-Adventist-Pastor-Keynotes-US-National-Prayer-Breakfast.jpeg\",\"contentUrl\":\"https:\\\/\\\/interamerica.org\\\/wp-content\\\/uploads\\\/2017\\\/06\\\/Senate-Chaplain-Barry-Black-Adventist-Pastor-Keynotes-US-National-Prayer-Breakfast.jpeg\",\"width\":1000,\"height\":500},{\"@type\":\"BreadcrumbList\",\"@id\":\"https:\\\/\\\/interamerica.org\\\/fr\\\/2017\\\/02\\\/laumonier-du-senat-barry-black-un-pasteur-adventiste-fait-lintervention-principale-lors-du-petit-dejeuner-de-priere-national-des-etats-unis\\\/#breadcrumb\",\"itemListElement\":[{\"@type\":\"ListItem\",\"position\":1,\"name\":\"Home\",\"item\":\"https:\\\/\\\/interamerica.org\\\/fr\\\/\"},{\"@type\":\"ListItem\",\"position\":2,\"name\":\"L\u2019aum\u00f4nier du S\u00e9nat, Barry Black, un pasteur Adventiste, fait l\u2019intervention principale lors du Petit-D\u00e9jeuner de Pri\u00e8re National des Etats Unis\"}]},{\"@type\":\"WebSite\",\"@id\":\"https:\\\/\\\/interamerica.org\\\/fr\\\/#website\",\"url\":\"https:\\\/\\\/interamerica.org\\\/fr\\\/\",\"name\":\"\u00c9glise Adventiste Du Septieme Jour - Inter Am\u00e9rique Division\",\"description\":\"\",\"potentialAction\":[{\"@type\":\"SearchAction\",\"target\":{\"@type\":\"EntryPoint\",\"urlTemplate\":\"https:\\\/\\\/interamerica.org\\\/fr\\\/?s={search_term_string}\"},\"query-input\":{\"@type\":\"PropertyValueSpecification\",\"valueRequired\":true,\"valueName\":\"search_term_string\"}}],\"inLanguage\":\"fr-FR\"},{\"@type\":\"Person\",\"@id\":\"https:\\\/\\\/interamerica.org\\\/fr\\\/#\\\/schema\\\/person\\\/68ede8bdc292885bb76c1e3810e73c39\",\"name\":\"Lorenzo Verduzco\",\"image\":{\"@type\":\"ImageObject\",\"inLanguage\":\"fr-FR\",\"@id\":\"https:\\\/\\\/secure.gravatar.com\\\/avatar\\\/fb81a55b6218459490a9c1dc841a34909185b81904c5337b4b27f7a6fd60c49e?s=96&d=mm&r=g\",\"url\":\"https:\\\/\\\/secure.gravatar.com\\\/avatar\\\/fb81a55b6218459490a9c1dc841a34909185b81904c5337b4b27f7a6fd60c49e?s=96&d=mm&r=g\",\"contentUrl\":\"https:\\\/\\\/secure.gravatar.com\\\/avatar\\\/fb81a55b6218459490a9c1dc841a34909185b81904c5337b4b27f7a6fd60c49e?s=96&d=mm&r=g\",\"caption\":\"Lorenzo Verduzco\"}}]}<\/script>\n<!-- \/ Yoast SEO plugin. -->","yoast_head_json":{"title":"L\u2019aum\u00f4nier du S\u00e9nat, Barry Black, un pasteur Adventiste, fait l\u2019intervention principale lors du Petit-D\u00e9jeuner de Pri\u00e8re National des Etats Unis - \u00c9glise Adventiste Du Septieme Jour - Inter Am\u00e9rique Division","robots":{"index":"index","follow":"follow","max-snippet":"max-snippet:-1","max-image-preview":"max-image-preview:large","max-video-preview":"max-video-preview:-1"},"canonical":"https:\/\/interamerica.org\/fr\/2017\/02\/laumonier-du-senat-barry-black-un-pasteur-adventiste-fait-lintervention-principale-lors-du-petit-dejeuner-de-priere-national-des-etats-unis\/","og_locale":"fr_FR","og_type":"article","og_title":"L\u2019aum\u00f4nier du S\u00e9nat, Barry Black, un pasteur Adventiste, fait l\u2019intervention principale lors du Petit-D\u00e9jeuner de Pri\u00e8re National des Etats Unis - \u00c9glise Adventiste Du Septieme Jour - Inter Am\u00e9rique Division","og_description":"S\u2019adressant \u00e0 Donald J. Trump et \u00e0 une salle pleine de dirigeants politiques et civils am\u00e9ricains \u2013 ainsi que de leaders internationaux comme le Roi Abdallah II de Jordanie \u2013 le 2 f\u00e9vrier dernier lors du 65\u00e8me Petit-D\u00e9jeuner de Pri\u00e8re National \u00e0 Washington, l\u2019aum\u00f4nier du S\u00e9nat am\u00e9ricain, Barry C. Black, un pasteur Adventiste du Septi\u00e8me Jour, a rappel\u00e9 comment sa m\u00e8re le motivait \u00e0 m\u00e9moriser les versets de la Bible, ce qui a \u00e9veill\u00e9 en lui une qu\u00eate de toute une vie pour conna\u00eetre l\u2019Auteur de ces paroles.","og_url":"https:\/\/interamerica.org\/fr\/2017\/02\/laumonier-du-senat-barry-black-un-pasteur-adventiste-fait-lintervention-principale-lors-du-petit-dejeuner-de-priere-national-des-etats-unis\/","og_site_name":"\u00c9glise Adventiste Du Septieme Jour - Inter Am\u00e9rique Division","article_published_time":"2017-02-03T04:00:00+00:00","article_modified_time":"2017-12-05T11:13:44+00:00","og_image":[{"width":1000,"height":500,"url":"https:\/\/interamerica.org\/wp-content\/uploads\/2017\/06\/Senate-Chaplain-Barry-Black-Adventist-Pastor-Keynotes-US-National-Prayer-Breakfast.jpeg","type":"image\/jpeg"}],"author":"Lorenzo Verduzco","twitter_card":"summary_large_image","twitter_misc":{"\u00c9crit par":"Lorenzo Verduzco","Dur\u00e9e de lecture estim\u00e9e":"4 minutes"},"schema":{"@context":"https:\/\/schema.org","@graph":[{"@type":"Article","@id":"https:\/\/interamerica.org\/fr\/2017\/02\/laumonier-du-senat-barry-black-un-pasteur-adventiste-fait-lintervention-principale-lors-du-petit-dejeuner-de-priere-national-des-etats-unis\/#article","isPartOf":{"@id":"https:\/\/interamerica.org\/fr\/2017\/02\/laumonier-du-senat-barry-black-un-pasteur-adventiste-fait-lintervention-principale-lors-du-petit-dejeuner-de-priere-national-des-etats-unis\/"},"author":{"name":"Lorenzo Verduzco","@id":"https:\/\/interamerica.org\/fr\/#\/schema\/person\/68ede8bdc292885bb76c1e3810e73c39"},"headline":"L\u2019aum\u00f4nier du S\u00e9nat, Barry Black, un pasteur Adventiste, fait l\u2019intervention principale lors du Petit-D\u00e9jeuner de Pri\u00e8re National des Etats Unis","datePublished":"2017-02-03T04:00:00+00:00","dateModified":"2017-12-05T11:13:44+00:00","mainEntityOfPage":{"@id":"https:\/\/interamerica.org\/fr\/2017\/02\/laumonier-du-senat-barry-black-un-pasteur-adventiste-fait-lintervention-principale-lors-du-petit-dejeuner-de-priere-national-des-etats-unis\/"},"wordCount":758,"image":{"@id":"https:\/\/interamerica.org\/fr\/2017\/02\/laumonier-du-senat-barry-black-un-pasteur-adventiste-fait-lintervention-principale-lors-du-petit-dejeuner-de-priere-national-des-etats-unis\/#primaryimage"},"thumbnailUrl":"https:\/\/interamerica.org\/wp-content\/uploads\/2017\/06\/Senate-Chaplain-Barry-Black-Adventist-Pastor-Keynotes-US-National-Prayer-Breakfast.jpeg","articleSection":["Nouvelles de l'\u00c9glise mondiale","RSS Fran\u00e7ais"],"inLanguage":"fr-FR"},{"@type":"WebPage","@id":"https:\/\/interamerica.org\/fr\/2017\/02\/laumonier-du-senat-barry-black-un-pasteur-adventiste-fait-lintervention-principale-lors-du-petit-dejeuner-de-priere-national-des-etats-unis\/","url":"https:\/\/interamerica.org\/fr\/2017\/02\/laumonier-du-senat-barry-black-un-pasteur-adventiste-fait-lintervention-principale-lors-du-petit-dejeuner-de-priere-national-des-etats-unis\/","name":"L\u2019aum\u00f4nier du S\u00e9nat, Barry Black, un pasteur Adventiste, fait l\u2019intervention principale lors du Petit-D\u00e9jeuner de Pri\u00e8re National des Etats Unis - \u00c9glise Adventiste Du Septieme Jour - Inter Am\u00e9rique Division","isPartOf":{"@id":"https:\/\/interamerica.org\/fr\/#website"},"primaryImageOfPage":{"@id":"https:\/\/interamerica.org\/fr\/2017\/02\/laumonier-du-senat-barry-black-un-pasteur-adventiste-fait-lintervention-principale-lors-du-petit-dejeuner-de-priere-national-des-etats-unis\/#primaryimage"},"image":{"@id":"https:\/\/interamerica.org\/fr\/2017\/02\/laumonier-du-senat-barry-black-un-pasteur-adventiste-fait-lintervention-principale-lors-du-petit-dejeuner-de-priere-national-des-etats-unis\/#primaryimage"},"thumbnailUrl":"https:\/\/interamerica.org\/wp-content\/uploads\/2017\/06\/Senate-Chaplain-Barry-Black-Adventist-Pastor-Keynotes-US-National-Prayer-Breakfast.jpeg","datePublished":"2017-02-03T04:00:00+00:00","dateModified":"2017-12-05T11:13:44+00:00","author":{"@id":"https:\/\/interamerica.org\/fr\/#\/schema\/person\/68ede8bdc292885bb76c1e3810e73c39"},"breadcrumb":{"@id":"https:\/\/interamerica.org\/fr\/2017\/02\/laumonier-du-senat-barry-black-un-pasteur-adventiste-fait-lintervention-principale-lors-du-petit-dejeuner-de-priere-national-des-etats-unis\/#breadcrumb"},"inLanguage":"fr-FR","potentialAction":[{"@type":"ReadAction","target":["https:\/\/interamerica.org\/fr\/2017\/02\/laumonier-du-senat-barry-black-un-pasteur-adventiste-fait-lintervention-principale-lors-du-petit-dejeuner-de-priere-national-des-etats-unis\/"]}]},{"@type":"ImageObject","inLanguage":"fr-FR","@id":"https:\/\/interamerica.org\/fr\/2017\/02\/laumonier-du-senat-barry-black-un-pasteur-adventiste-fait-lintervention-principale-lors-du-petit-dejeuner-de-priere-national-des-etats-unis\/#primaryimage","url":"https:\/\/interamerica.org\/wp-content\/uploads\/2017\/06\/Senate-Chaplain-Barry-Black-Adventist-Pastor-Keynotes-US-National-Prayer-Breakfast.jpeg","contentUrl":"https:\/\/interamerica.org\/wp-content\/uploads\/2017\/06\/Senate-Chaplain-Barry-Black-Adventist-Pastor-Keynotes-US-National-Prayer-Breakfast.jpeg","width":1000,"height":500},{"@type":"BreadcrumbList","@id":"https:\/\/interamerica.org\/fr\/2017\/02\/laumonier-du-senat-barry-black-un-pasteur-adventiste-fait-lintervention-principale-lors-du-petit-dejeuner-de-priere-national-des-etats-unis\/#breadcrumb","itemListElement":[{"@type":"ListItem","position":1,"name":"Home","item":"https:\/\/interamerica.org\/fr\/"},{"@type":"ListItem","position":2,"name":"L\u2019aum\u00f4nier du S\u00e9nat, Barry Black, un pasteur Adventiste, fait l\u2019intervention principale lors du Petit-D\u00e9jeuner de Pri\u00e8re National des Etats Unis"}]},{"@type":"WebSite","@id":"https:\/\/interamerica.org\/fr\/#website","url":"https:\/\/interamerica.org\/fr\/","name":"\u00c9glise Adventiste Du Septieme Jour - Inter Am\u00e9rique Division","description":"","potentialAction":[{"@type":"SearchAction","target":{"@type":"EntryPoint","urlTemplate":"https:\/\/interamerica.org\/fr\/?s={search_term_string}"},"query-input":{"@type":"PropertyValueSpecification","valueRequired":true,"valueName":"search_term_string"}}],"inLanguage":"fr-FR"},{"@type":"Person","@id":"https:\/\/interamerica.org\/fr\/#\/schema\/person\/68ede8bdc292885bb76c1e3810e73c39","name":"Lorenzo Verduzco","image":{"@type":"ImageObject","inLanguage":"fr-FR","@id":"https:\/\/secure.gravatar.com\/avatar\/fb81a55b6218459490a9c1dc841a34909185b81904c5337b4b27f7a6fd60c49e?s=96&d=mm&r=g","url":"https:\/\/secure.gravatar.com\/avatar\/fb81a55b6218459490a9c1dc841a34909185b81904c5337b4b27f7a6fd60c49e?s=96&d=mm&r=g","contentUrl":"https:\/\/secure.gravatar.com\/avatar\/fb81a55b6218459490a9c1dc841a34909185b81904c5337b4b27f7a6fd60c49e?s=96&d=mm&r=g","caption":"Lorenzo Verduzco"}}]}},"_links":{"self":[{"href":"https:\/\/interamerica.org\/fr\/wp-json\/wp\/v2\/posts\/32763","targetHints":{"allow":["GET"]}}],"collection":[{"href":"https:\/\/interamerica.org\/fr\/wp-json\/wp\/v2\/posts"}],"about":[{"href":"https:\/\/interamerica.org\/fr\/wp-json\/wp\/v2\/types\/post"}],"author":[{"embeddable":true,"href":"https:\/\/interamerica.org\/fr\/wp-json\/wp\/v2\/users\/1"}],"replies":[{"embeddable":true,"href":"https:\/\/interamerica.org\/fr\/wp-json\/wp\/v2\/comments?post=32763"}],"version-history":[{"count":0,"href":"https:\/\/interamerica.org\/fr\/wp-json\/wp\/v2\/posts\/32763\/revisions"}],"wp:featuredmedia":[{"embeddable":true,"href":"https:\/\/interamerica.org\/fr\/wp-json\/wp\/v2\/media\/19636"}],"wp:attachment":[{"href":"https:\/\/interamerica.org\/fr\/wp-json\/wp\/v2\/media?parent=32763"}],"wp:term":[{"taxonomy":"category","embeddable":true,"href":"https:\/\/interamerica.org\/fr\/wp-json\/wp\/v2\/categories?post=32763"},{"taxonomy":"post_tag","embeddable":true,"href":"https:\/\/interamerica.org\/fr\/wp-json\/wp\/v2\/tags?post=32763"}],"curies":[{"name":"wp","href":"https:\/\/api.w.org\/{rel}","templated":true}]}}