{"id":32780,"date":"2017-02-25T00:00:00","date_gmt":"2017-02-25T04:00:00","guid":{"rendered":"http:\/\/192.81.217.108\/interamerica\/2017\/02\/luniversite-dandrews-prend-des-mesures-courageuses-pour-encourager-la-reconciliation-raciale\/"},"modified":"2017-12-01T20:41:25","modified_gmt":"2017-12-02T00:41:25","slug":"luniversite-dandrews-prend-des-mesures-courageuses-pour-encourager-la-reconciliation-raciale","status":"publish","type":"post","link":"https:\/\/interamerica.org\/fr\/2017\/02\/luniversite-dandrews-prend-des-mesures-courageuses-pour-encourager-la-reconciliation-raciale\/","title":{"rendered":"L\u2019Universit\u00e9 d\u2019Andrews prend des mesures courageuses pour encourager la r\u00e9conciliation raciale"},"content":{"rendered":"<div id=\"attachment_26958\" style=\"width: 744px\" class=\"wp-caption aligncenter\"><a href=\"\/interamerica\/wp-content\/uploads\/2017\/06\/Andrews-university-snow-photo.jpeg\" rel=\"fancybox\" title=\"L\u2019Universit\u00e9 d\u2019Andrews prend des mesures courageuses pour encourager la r\u00e9conciliation raciale\"><img fetchpriority=\"high\" decoding=\"async\" aria-describedby=\"caption-attachment-26958\" class=\" wp-image-26958\" src=\"\/interamerica\/wp-content\/uploads\/2017\/06\/Andrews-university-snow-photo.jpeg\" alt=\"\" width=\"734\" height=\"367\" \/><\/a><p id=\"caption-attachment-26958\" class=\"wp-caption-text\">Image de www.andrews.edu<\/p><\/div>\n<p>24 F\u00e9vrier 2017 \u2013 Berrien Springs, Michigan, Etats Unis Marcos Paseggi, correspondant, Adventist Review<br \/>\n<span class=\"cap\">L&rsquo;<\/span>Universit\u00e9 d\u2019Andrews (AU), une \u00e9minente institution d\u2019\u00e9ducation sup\u00e9rieure Adventiste du Septi\u00e8me Jour se trouvant \u00e0 Berrien Springs dans le Michigan aux Etats Unis, prend des mesures claires pour encourager la r\u00e9conciliation raciale, apr\u00e8s avoir officiellement r\u00e9pondu \u00e0 un message vid\u00e9o qu\u2019un groupe d\u2019\u00e9tudiants noir am\u00e9ricains pr\u00e9occup\u00e9s a post\u00e9 sur les r\u00e9seaux sociaux le 18 f\u00e9vrier. La vid\u00e9o exigeait que les dirigeants de l\u2019\u00e9cole pr\u00e9sentent des excuses formelles pour ce que les \u00e9tudiants ont appel\u00e9 le \u00ab racisme syst\u00e9mique que [l\u2019\u00e9cole] a perp\u00e9tu\u00e9 sur son campus. \u00bb<\/p>\n<p>La vid\u00e9o \u00ab Il Est Temps AU \u00bb post\u00e9 par les \u00e9tudiants a \u00e9t\u00e9 largement partag\u00e9e sur les r\u00e9seaux sociaux, ce qui a suscit\u00e9 de nombreuses opinions et r\u00e9ponses, la plupart soutenant la d\u00e9marche. En guise de r\u00e9ponse officielle \u00e0 la requ\u00eate, la pr\u00e9sidente de l\u2019universit\u00e9, Andrea Luxton s\u2019est adress\u00e9e au corps estudiantin de l\u2019universit\u00e9 lors d\u2019un service de chapelle r\u00e9gulier le 23 f\u00e9vrier. Elle a partag\u00e9 un message personnel et une r\u00e9ponse officielle en vid\u00e9o enregistr\u00e9e par les principaux administrateurs de l\u2019\u00e9tablissement, des responsables des \u00e9tudiants et des membres du personnel.<\/p>\n<p><span style=\"font-size: 14pt;\"><strong>\u00ab Ca ira \u00bb<\/strong><\/span><\/p>\n<p>Lors de son intervention durant la s\u00e9ance de chapelle, Andrea Luxton a repris quelques unes des id\u00e9es qu\u2019elle avait partag\u00e9es dans un message lors du programme \u00ab Voyage vers la Gu\u00e9rison et la Compr\u00e9hension \u00bb qui a eu lieu l\u2019ann\u00e9e derni\u00e8re \u00e0 l\u2019\u00e9glise Adventiste du Septi\u00e8me Jour Village de Berrien Springs et qui \u00e9tait co-sponsoris\u00e9 par l\u2019Universit\u00e9 d\u2019Andrews, la F\u00e9d\u00e9ration de la R\u00e9gion du Lac et l\u2019Union de F\u00e9d\u00e9rations du Lac. Elle avait auparavant cit\u00e9 des portions du m\u00eame message dans un email envoy\u00e9 aux enseignants, au personnel et aux \u00e9tudiants de l\u2019Universit\u00e9 d\u2019Andrews le 20 f\u00e9vrier et qui constituait la premi\u00e8re r\u00e9ponse officielle \u00e0 la vid\u00e9o.<\/p>\n<p>\u00ab Nous n\u2019avons pas \u00e9cout\u00e9 comme il fallait, \u00bb a \u00e9crit la pr\u00e9sidente dans son email. \u00ab Nous n\u2019avons pas \u00e9t\u00e9 suffisamment sensibles et nous n\u2019avons pas pris de mesures lorsque des mesures auraient d\u00fb \u00eatre prises. \u00bb Andrea Luxton a dit qu\u2019elle \u00e9tait \u00ab profond\u00e9ment d\u00e9sol\u00e9e, \u00bb et elle a rappel\u00e9 \u00e0 l\u2019auditoire qu\u2019\u00eatre Chr\u00e9tiens et Adventistes du Septi\u00e8me Jour demandait que l\u2019on ait de plus grandes attentes au sujet de nous m\u00eames. \u00ab Il n\u2019y a jamais d\u2019excuse valable lorsque nous d\u00e9valorisons, que nous nous faisons des id\u00e9es sur les autres \u00e0 cause de leur race, \u00bb a-t-elle d\u00e9clar\u00e9.<\/p>\n<p>Andrea Luxton a reconnu et valid\u00e9 le fait que la vid\u00e9o des \u00e9tudiants \u00ab avait touch\u00e9 la corde sensible de plusieurs, \u00bb et suscit\u00e9 \u00ab diverses r\u00e9actions passionn\u00e9es de tous bords. \u00bb<\/p>\n<p>Dans cette m\u00eame optique, la pr\u00e9sidente de l\u2019universit\u00e9 a d\u00e9but\u00e9 son message lors de la s\u00e9ance de chapelle avec une note d\u2019espoir. \u00ab Ca ira, \u00bb a dit Andrea Luxton. \u00ab Je le sais parce que cette communaut\u00e9 est extraordinaire, c\u2019est une chose qui est devenue plus claire \u00e0 mes yeux au cours de ces derniers jours. \u00bb<\/p>\n<p><span style=\"font-size: 14pt;\"><strong>Retrouver de Bonnes Relations<\/strong><\/span><\/p>\n<p>Andrea Luxton a \u00e9galement rappel\u00e9 \u00e0 l\u2019assistance que le c\u0153ur de l\u2019\u00e9vangile est bas\u00e9 sur les relations, la gu\u00e9rison et la connexion. Utilisant le r\u00e9cit de l\u2019\u00e9vangile parlant d\u2019un groupe d\u2019amis qui am\u00e8nent un paralytique \u00e0 J\u00e9sus pour qu\u2019il soit gu\u00e9ri, elle a impliqu\u00e9 que tout le monde pouvait jouer le r\u00f4le non seulement de ces amis, mais aussi de J\u00e9sus.<\/p>\n<p>Tout comme J\u00e9sus, lorsque quelqu\u2019un vient vers nous pour \u00eatre gu\u00e9ri, nous avons la responsabilit\u00e9 d\u2019offrir la gu\u00e9rison, \u00bb a dit Andrea Luxton. \u00ab C\u2019est quelque chose que nous devons faire directement, honn\u00eatement et du fond de [notre] c\u0153ur. \u00bb<\/p>\n<p>Les mots de la pr\u00e9sidente faisaient \u00e9cho \u00e0 un message par email envoy\u00e9 par l\u2019aum\u00f4nier de l\u2019universit\u00e9, June Price et le pasteur principal de l\u2019\u00e9glise Pioneer Memorial, Dwight Nelson, qui deux jours avant la s\u00e9ance de chapelle avaient invit\u00e9 la communaut\u00e9 \u00e9ducative \u00e0 se rassembler \u00ab afin de rechercher Dieu pour la direction et la sagesse, la correction et la gu\u00e9rison dont nous avons besoin. \u00bb L\u2019objectif ultime, avaient-ils rappel\u00e9 aux auditeurs de leur message, est que \u00ab nous en tant que campus, puissions refl\u00e9ter aupr\u00e8s de la nation et du monde une image du caract\u00e8re aimant [de Dieu]. \u00bb<\/p>\n<p>Dans le cadre d\u2019une premi\u00e8re \u00e9tape vers la gu\u00e9rison, lors du service de chapelle, Andrea Luxton a partag\u00e9 un message vid\u00e9o intitul\u00e9 \u00ab Ecouter. Dialoguer. Changer, \u00bb dans lequel les principaux administrateurs, les responsables des \u00e9tudiants et le personnel ont pr\u00e9sent\u00e9 des excuses au nom de la communaut\u00e9 \u00e9ducative pour n\u2019avoir pas toujours \u00e9t\u00e9 pleinement conscients du pr\u00e9jug\u00e9 racial et de l\u2019in\u00e9galit\u00e9. \u00bb<\/p>\n<p>\u00ab Je suis d\u00e9sol\u00e9, \u00bb ont dit de nombreux dirigeants en regardant directement la cam\u00e9ra. \u00ab Nous devons faire mieux. \u00bb<\/p>\n<p>Les administrateurs de l\u2019universit\u00e9 ont \u00e9galement partag\u00e9 quelques unes des mesures sp\u00e9cifiques que prendra l\u2019universit\u00e9 pour encourager la gu\u00e9rison et la r\u00e9conciliation au cours des prochains mois, y compris l\u2019embauche \u00e0 temps plein d\u2019un administrateur en charge de la diversit\u00e9 qui serait en rapport direct avec la pr\u00e9sidente ; une formation obligatoire sur la diversit\u00e9 culturelle pour les enseignants, le personnel et les \u00e9tudiants ; et un processus de r\u00e9solution des plaintes qui serait renforc\u00e9 afin que les \u00e9tudiants puissent rapporter les actes d\u2019injustice et de maltraitance de toutes sortes.<\/p>\n<p>\u00ab Nous ne sommes pas encore parvenus l\u00e0 o\u00f9 nous devrions \u00eatre. Mais je peux vous dire que nous sommes clairement d\u00e9termin\u00e9s \u00e0 poursuivre cette trajectoire vers la gu\u00e9rison, la compr\u00e9hension et la justice biblique, \u00bb a dit Andrea Luxton.<\/p>\n<p><span style=\"font-size: 14pt;\"><strong>R\u00e9action Positive<\/strong><\/span><\/p>\n<p>Le discours d\u2019Andrea Luxton et la r\u00e9ponse vid\u00e9o des responsables de l\u2019universit\u00e9 ont \u00e9t\u00e9 re\u00e7us avec une standing ovation et ont suscit\u00e9 des r\u00e9actions positives, les \u00e9tudiants ayant des mots tr\u00e8s \u00e9logieux pour ce que certains ont appel\u00e9 \u00ab la d\u00e9marche du Christ dans le discours d\u2019Andrea Luxton. \u00bb<\/p>\n<p>\u00ab La fa\u00e7on dont la pr\u00e9sidente a trait\u00e9 la question m\u2019a plu, \u00bb a dit un \u00e9tudiant de l\u2019Universit\u00e9 d\u2019Andrews qui a souhait\u00e9 garder l\u2019anonymat. \u00ab De toute \u00e9vidence l\u2019administration a \u00e9cout\u00e9, a r\u00e9pondu, et nous a dit qu\u2019elle va r\u00e9gler le probl\u00e8me en prenant des mesures pour amener la r\u00e9conciliation. \u00bb<\/p>\n<p>Le m\u00eame \u00e9tudiant a indiqu\u00e9 que certains de ses amis qui soutenaient l\u2019initiative \u00ab Il Est Temps AU \u00bb postaient maintenant la r\u00e9ponse et le discours de la pr\u00e9sidente sur leurs pages Facebook en y ajoutant des commentaires positifs.<\/p>\n<p>\u00ab C\u2019\u00e9tait une journ\u00e9e extraordinaire pour l\u2019Universit\u00e9 d\u2019Andrews, \u00bb a dit l\u2019\u00e9tudiant.<\/p>\n<p>De plus, l\u2019\u00e9tudiant de quatri\u00e8me ann\u00e9e Jon-Philippe Ruhumuliza a dit qu\u2019il \u00e9tait confiant dans le fait qu\u2019apprendre \u00e0 embrasser nos diff\u00e9rences gr\u00e2ce \u00e0 une r\u00e9conciliation guid\u00e9e par l\u2019Esprit, lib\u00e8re la puissance de Dieu \u00e0 agir dans l\u2019universit\u00e9. Cet \u00e9tudiant en Religion et Histoire a not\u00e9 la transcendance du moment.<\/p>\n<p>\u00ab L\u2019importance historique de ces quelques derniers jours ne peut \u00eatre exag\u00e9r\u00e9e, \u00bb a dit Jon-Philippe Ruhumuliza. \u00ab Je crois que les choix qui sont en train d\u2019\u00eatre faits \u00e0 l\u2019Universit\u00e9 d\u2019Andrews ont le potentiel d\u2019avoir un impact non seulement sur l\u2019Eglise Adventiste du Septi\u00e8me Jour, mais aussi sur la nation toute enti\u00e8re. \u00bb<\/p>\n<p><strong>Un Travail en Cours<\/strong><\/p>\n<p>Bien que la semaine qui a fait date \u00e0 l\u2019Universit\u00e9 d\u2019Andrews ait d\u00e9bouch\u00e9 sur un moment significatif de r\u00e9conciliation, le processus est une d\u00e9marche qui se poursuit.<\/p>\n<p>\u00ab Nous devons continuer ce travail qui consiste \u00e0 traiter les questions raciales, \u00bb a d\u00e9clar\u00e9 Don Livesay qui sert en tant que pr\u00e9sident de l\u2019Union de F\u00e9d\u00e9rations des Eglises Adventistes du Septi\u00e8me Jour du Lac ainsi qu\u2019en tant que vice-pr\u00e9sident du Conseil d\u2019Administration de l\u2019Universit\u00e9 d\u2019Andrews. \u00ab Alors que nous avons d\u00e9but\u00e9, mon v\u0153u est que toutes les parties concern\u00e9es entrent dans le processus de la mani\u00e8re la plus productive qui soit. \u00bb<\/p>\n<p>Et alors que les \u00e9tudiants, les enseignants, le personnel se rassemblent pour se concentrer sur l\u2019\u00e9laboration d\u2019un avenir plus radieux sur le campus de l\u2019universit\u00e9, Andrea Luxton est la premi\u00e8re \u00e0 admettre qu\u2019il y a encore du chemin \u00e0 parcourir.<\/p>\n<p>\u00ab C\u2019est un voyage qui se poursuit vers la r\u00e9conciliation, \u00bb a conclu Andrea Luxton. \u00ab Je suis finalement confiante cependant et je prie que nous sortions de cette situation comme une universit\u00e9 plus forte, plus riche et meilleure. \u00bb<\/p>\n<p>Pour voir la r\u00e9ponse vid\u00e9o officielle de l\u2019Universit\u00e9 d\u2019Andrews <a href=\"http:\/\/bit.ly\/ListenDialogueChange\" target=\"_blank\" rel=\"noopener\">cliquez ici<\/a><\/p>\n<p>Traduction: Patrick Luciathe<\/p>\n","protected":false},"excerpt":{"rendered":"<p>L\u2019Universit\u00e9 d\u2019Andrews (AU), une \u00e9minente institution d\u2019\u00e9ducation sup\u00e9rieure Adventiste du Septi\u00e8me Jour se trouvant \u00e0 Berrien Springs dans le Michigan aux Etats Unis, prend des mesures claires pour encourager la r\u00e9conciliation raciale, apr\u00e8s avoir officiellement r\u00e9pondu \u00e0 un message vid\u00e9o qu\u2019un groupe d\u2019\u00e9tudiants noir am\u00e9ricains pr\u00e9occup\u00e9s a post\u00e9 sur les r\u00e9seaux sociaux le 18 f\u00e9vrier. La vid\u00e9o exigeait que les dirigeants de l\u2019\u00e9cole pr\u00e9sentent des excuses formelles pour ce que les \u00e9tudiants ont appel\u00e9 le \u00ab racisme syst\u00e9mique que [l\u2019\u00e9cole] a perp\u00e9tu\u00e9 sur son campus. \u00bb<\/p>\n","protected":false},"author":1,"featured_media":19762,"comment_status":"closed","ping_status":"closed","sticky":false,"template":"","format":"standard","meta":{"_acf_changed":false,"footnotes":""},"categories":[18,19],"tags":[],"class_list":["post-32780","post","type-post","status-publish","format-standard","has-post-thumbnail","hentry","category-nouvelles-de-leglise-mondiale","category-rss-francais"],"acf":[],"yoast_head":"<!-- This site is optimized with the Yoast SEO plugin v27.3 - https:\/\/yoast.com\/product\/yoast-seo-wordpress\/ -->\n<title>L\u2019Universit\u00e9 d\u2019Andrews prend des mesures courageuses pour encourager la r\u00e9conciliation raciale - \u00c9glise Adventiste Du Septieme Jour - Inter Am\u00e9rique Division<\/title>\n<meta name=\"robots\" content=\"index, follow, max-snippet:-1, max-image-preview:large, max-video-preview:-1\" \/>\n<link rel=\"canonical\" href=\"https:\/\/interamerica.org\/fr\/2017\/02\/luniversite-dandrews-prend-des-mesures-courageuses-pour-encourager-la-reconciliation-raciale\/\" \/>\n<meta property=\"og:locale\" content=\"fr_FR\" \/>\n<meta property=\"og:type\" content=\"article\" \/>\n<meta property=\"og:title\" content=\"L\u2019Universit\u00e9 d\u2019Andrews prend des mesures courageuses pour encourager la r\u00e9conciliation raciale - \u00c9glise Adventiste Du Septieme Jour - Inter Am\u00e9rique Division\" \/>\n<meta property=\"og:description\" content=\"L\u2019Universit\u00e9 d\u2019Andrews (AU), une \u00e9minente institution d\u2019\u00e9ducation sup\u00e9rieure Adventiste du Septi\u00e8me Jour se trouvant \u00e0 Berrien Springs dans le Michigan aux Etats Unis, prend des mesures claires pour encourager la r\u00e9conciliation raciale, apr\u00e8s avoir officiellement r\u00e9pondu \u00e0 un message vid\u00e9o qu\u2019un groupe d\u2019\u00e9tudiants noir am\u00e9ricains pr\u00e9occup\u00e9s a post\u00e9 sur les r\u00e9seaux sociaux le 18 f\u00e9vrier. La vid\u00e9o exigeait que les dirigeants de l\u2019\u00e9cole pr\u00e9sentent des excuses formelles pour ce que les \u00e9tudiants ont appel\u00e9 le \u00ab racisme syst\u00e9mique que [l\u2019\u00e9cole] a perp\u00e9tu\u00e9 sur son campus. \u00bb\" \/>\n<meta property=\"og:url\" content=\"https:\/\/interamerica.org\/fr\/2017\/02\/luniversite-dandrews-prend-des-mesures-courageuses-pour-encourager-la-reconciliation-raciale\/\" \/>\n<meta property=\"og:site_name\" content=\"\u00c9glise Adventiste Du Septieme Jour - Inter Am\u00e9rique Division\" \/>\n<meta property=\"article:published_time\" content=\"2017-02-25T04:00:00+00:00\" \/>\n<meta property=\"article:modified_time\" content=\"2017-12-02T00:41:25+00:00\" \/>\n<meta property=\"og:image\" content=\"https:\/\/interamerica.org\/wp-content\/uploads\/2017\/06\/Andrews-university-snow-photo.jpeg\" \/>\n\t<meta property=\"og:image:width\" content=\"1000\" \/>\n\t<meta property=\"og:image:height\" content=\"500\" \/>\n\t<meta property=\"og:image:type\" content=\"image\/jpeg\" \/>\n<meta name=\"author\" content=\"Lorenzo Verduzco\" \/>\n<meta name=\"twitter:card\" content=\"summary_large_image\" \/>\n<meta name=\"twitter:label1\" content=\"\u00c9crit par\" \/>\n\t<meta name=\"twitter:data1\" content=\"Lorenzo Verduzco\" \/>\n\t<meta name=\"twitter:label2\" content=\"Dur\u00e9e de lecture estim\u00e9e\" \/>\n\t<meta name=\"twitter:data2\" content=\"8 minutes\" \/>\n<script type=\"application\/ld+json\" class=\"yoast-schema-graph\">{\"@context\":\"https:\\\/\\\/schema.org\",\"@graph\":[{\"@type\":\"Article\",\"@id\":\"https:\\\/\\\/interamerica.org\\\/fr\\\/2017\\\/02\\\/luniversite-dandrews-prend-des-mesures-courageuses-pour-encourager-la-reconciliation-raciale\\\/#article\",\"isPartOf\":{\"@id\":\"https:\\\/\\\/interamerica.org\\\/fr\\\/2017\\\/02\\\/luniversite-dandrews-prend-des-mesures-courageuses-pour-encourager-la-reconciliation-raciale\\\/\"},\"author\":{\"name\":\"Lorenzo Verduzco\",\"@id\":\"https:\\\/\\\/interamerica.org\\\/fr\\\/#\\\/schema\\\/person\\\/68ede8bdc292885bb76c1e3810e73c39\"},\"headline\":\"L\u2019Universit\u00e9 d\u2019Andrews prend des mesures courageuses pour encourager la r\u00e9conciliation raciale\",\"datePublished\":\"2017-02-25T04:00:00+00:00\",\"dateModified\":\"2017-12-02T00:41:25+00:00\",\"mainEntityOfPage\":{\"@id\":\"https:\\\/\\\/interamerica.org\\\/fr\\\/2017\\\/02\\\/luniversite-dandrews-prend-des-mesures-courageuses-pour-encourager-la-reconciliation-raciale\\\/\"},\"wordCount\":1542,\"image\":{\"@id\":\"https:\\\/\\\/interamerica.org\\\/fr\\\/2017\\\/02\\\/luniversite-dandrews-prend-des-mesures-courageuses-pour-encourager-la-reconciliation-raciale\\\/#primaryimage\"},\"thumbnailUrl\":\"https:\\\/\\\/interamerica.org\\\/wp-content\\\/uploads\\\/2017\\\/06\\\/Andrews-university-snow-photo.jpeg\",\"articleSection\":[\"Nouvelles de l'\u00c9glise mondiale\",\"RSS Fran\u00e7ais\"],\"inLanguage\":\"fr-FR\"},{\"@type\":\"WebPage\",\"@id\":\"https:\\\/\\\/interamerica.org\\\/fr\\\/2017\\\/02\\\/luniversite-dandrews-prend-des-mesures-courageuses-pour-encourager-la-reconciliation-raciale\\\/\",\"url\":\"https:\\\/\\\/interamerica.org\\\/fr\\\/2017\\\/02\\\/luniversite-dandrews-prend-des-mesures-courageuses-pour-encourager-la-reconciliation-raciale\\\/\",\"name\":\"L\u2019Universit\u00e9 d\u2019Andrews prend des mesures courageuses pour encourager la r\u00e9conciliation raciale - \u00c9glise Adventiste Du Septieme Jour - Inter Am\u00e9rique Division\",\"isPartOf\":{\"@id\":\"https:\\\/\\\/interamerica.org\\\/fr\\\/#website\"},\"primaryImageOfPage\":{\"@id\":\"https:\\\/\\\/interamerica.org\\\/fr\\\/2017\\\/02\\\/luniversite-dandrews-prend-des-mesures-courageuses-pour-encourager-la-reconciliation-raciale\\\/#primaryimage\"},\"image\":{\"@id\":\"https:\\\/\\\/interamerica.org\\\/fr\\\/2017\\\/02\\\/luniversite-dandrews-prend-des-mesures-courageuses-pour-encourager-la-reconciliation-raciale\\\/#primaryimage\"},\"thumbnailUrl\":\"https:\\\/\\\/interamerica.org\\\/wp-content\\\/uploads\\\/2017\\\/06\\\/Andrews-university-snow-photo.jpeg\",\"datePublished\":\"2017-02-25T04:00:00+00:00\",\"dateModified\":\"2017-12-02T00:41:25+00:00\",\"author\":{\"@id\":\"https:\\\/\\\/interamerica.org\\\/fr\\\/#\\\/schema\\\/person\\\/68ede8bdc292885bb76c1e3810e73c39\"},\"breadcrumb\":{\"@id\":\"https:\\\/\\\/interamerica.org\\\/fr\\\/2017\\\/02\\\/luniversite-dandrews-prend-des-mesures-courageuses-pour-encourager-la-reconciliation-raciale\\\/#breadcrumb\"},\"inLanguage\":\"fr-FR\",\"potentialAction\":[{\"@type\":\"ReadAction\",\"target\":[\"https:\\\/\\\/interamerica.org\\\/fr\\\/2017\\\/02\\\/luniversite-dandrews-prend-des-mesures-courageuses-pour-encourager-la-reconciliation-raciale\\\/\"]}]},{\"@type\":\"ImageObject\",\"inLanguage\":\"fr-FR\",\"@id\":\"https:\\\/\\\/interamerica.org\\\/fr\\\/2017\\\/02\\\/luniversite-dandrews-prend-des-mesures-courageuses-pour-encourager-la-reconciliation-raciale\\\/#primaryimage\",\"url\":\"https:\\\/\\\/interamerica.org\\\/wp-content\\\/uploads\\\/2017\\\/06\\\/Andrews-university-snow-photo.jpeg\",\"contentUrl\":\"https:\\\/\\\/interamerica.org\\\/wp-content\\\/uploads\\\/2017\\\/06\\\/Andrews-university-snow-photo.jpeg\",\"width\":1000,\"height\":500},{\"@type\":\"BreadcrumbList\",\"@id\":\"https:\\\/\\\/interamerica.org\\\/fr\\\/2017\\\/02\\\/luniversite-dandrews-prend-des-mesures-courageuses-pour-encourager-la-reconciliation-raciale\\\/#breadcrumb\",\"itemListElement\":[{\"@type\":\"ListItem\",\"position\":1,\"name\":\"Home\",\"item\":\"https:\\\/\\\/interamerica.org\\\/fr\\\/\"},{\"@type\":\"ListItem\",\"position\":2,\"name\":\"L\u2019Universit\u00e9 d\u2019Andrews prend des mesures courageuses pour encourager la r\u00e9conciliation raciale\"}]},{\"@type\":\"WebSite\",\"@id\":\"https:\\\/\\\/interamerica.org\\\/fr\\\/#website\",\"url\":\"https:\\\/\\\/interamerica.org\\\/fr\\\/\",\"name\":\"\u00c9glise Adventiste Du Septieme Jour - Inter Am\u00e9rique Division\",\"description\":\"\",\"potentialAction\":[{\"@type\":\"SearchAction\",\"target\":{\"@type\":\"EntryPoint\",\"urlTemplate\":\"https:\\\/\\\/interamerica.org\\\/fr\\\/?s={search_term_string}\"},\"query-input\":{\"@type\":\"PropertyValueSpecification\",\"valueRequired\":true,\"valueName\":\"search_term_string\"}}],\"inLanguage\":\"fr-FR\"},{\"@type\":\"Person\",\"@id\":\"https:\\\/\\\/interamerica.org\\\/fr\\\/#\\\/schema\\\/person\\\/68ede8bdc292885bb76c1e3810e73c39\",\"name\":\"Lorenzo Verduzco\",\"image\":{\"@type\":\"ImageObject\",\"inLanguage\":\"fr-FR\",\"@id\":\"https:\\\/\\\/secure.gravatar.com\\\/avatar\\\/fb81a55b6218459490a9c1dc841a34909185b81904c5337b4b27f7a6fd60c49e?s=96&d=mm&r=g\",\"url\":\"https:\\\/\\\/secure.gravatar.com\\\/avatar\\\/fb81a55b6218459490a9c1dc841a34909185b81904c5337b4b27f7a6fd60c49e?s=96&d=mm&r=g\",\"contentUrl\":\"https:\\\/\\\/secure.gravatar.com\\\/avatar\\\/fb81a55b6218459490a9c1dc841a34909185b81904c5337b4b27f7a6fd60c49e?s=96&d=mm&r=g\",\"caption\":\"Lorenzo Verduzco\"}}]}<\/script>\n<!-- \/ Yoast SEO plugin. -->","yoast_head_json":{"title":"L\u2019Universit\u00e9 d\u2019Andrews prend des mesures courageuses pour encourager la r\u00e9conciliation raciale - \u00c9glise Adventiste Du Septieme Jour - Inter Am\u00e9rique Division","robots":{"index":"index","follow":"follow","max-snippet":"max-snippet:-1","max-image-preview":"max-image-preview:large","max-video-preview":"max-video-preview:-1"},"canonical":"https:\/\/interamerica.org\/fr\/2017\/02\/luniversite-dandrews-prend-des-mesures-courageuses-pour-encourager-la-reconciliation-raciale\/","og_locale":"fr_FR","og_type":"article","og_title":"L\u2019Universit\u00e9 d\u2019Andrews prend des mesures courageuses pour encourager la r\u00e9conciliation raciale - \u00c9glise Adventiste Du Septieme Jour - Inter Am\u00e9rique Division","og_description":"L\u2019Universit\u00e9 d\u2019Andrews (AU), une \u00e9minente institution d\u2019\u00e9ducation sup\u00e9rieure Adventiste du Septi\u00e8me Jour se trouvant \u00e0 Berrien Springs dans le Michigan aux Etats Unis, prend des mesures claires pour encourager la r\u00e9conciliation raciale, apr\u00e8s avoir officiellement r\u00e9pondu \u00e0 un message vid\u00e9o qu\u2019un groupe d\u2019\u00e9tudiants noir am\u00e9ricains pr\u00e9occup\u00e9s a post\u00e9 sur les r\u00e9seaux sociaux le 18 f\u00e9vrier. La vid\u00e9o exigeait que les dirigeants de l\u2019\u00e9cole pr\u00e9sentent des excuses formelles pour ce que les \u00e9tudiants ont appel\u00e9 le \u00ab racisme syst\u00e9mique que [l\u2019\u00e9cole] a perp\u00e9tu\u00e9 sur son campus. \u00bb","og_url":"https:\/\/interamerica.org\/fr\/2017\/02\/luniversite-dandrews-prend-des-mesures-courageuses-pour-encourager-la-reconciliation-raciale\/","og_site_name":"\u00c9glise Adventiste Du Septieme Jour - Inter Am\u00e9rique Division","article_published_time":"2017-02-25T04:00:00+00:00","article_modified_time":"2017-12-02T00:41:25+00:00","og_image":[{"width":1000,"height":500,"url":"https:\/\/interamerica.org\/wp-content\/uploads\/2017\/06\/Andrews-university-snow-photo.jpeg","type":"image\/jpeg"}],"author":"Lorenzo Verduzco","twitter_card":"summary_large_image","twitter_misc":{"\u00c9crit par":"Lorenzo Verduzco","Dur\u00e9e de lecture estim\u00e9e":"8 minutes"},"schema":{"@context":"https:\/\/schema.org","@graph":[{"@type":"Article","@id":"https:\/\/interamerica.org\/fr\/2017\/02\/luniversite-dandrews-prend-des-mesures-courageuses-pour-encourager-la-reconciliation-raciale\/#article","isPartOf":{"@id":"https:\/\/interamerica.org\/fr\/2017\/02\/luniversite-dandrews-prend-des-mesures-courageuses-pour-encourager-la-reconciliation-raciale\/"},"author":{"name":"Lorenzo Verduzco","@id":"https:\/\/interamerica.org\/fr\/#\/schema\/person\/68ede8bdc292885bb76c1e3810e73c39"},"headline":"L\u2019Universit\u00e9 d\u2019Andrews prend des mesures courageuses pour encourager la r\u00e9conciliation raciale","datePublished":"2017-02-25T04:00:00+00:00","dateModified":"2017-12-02T00:41:25+00:00","mainEntityOfPage":{"@id":"https:\/\/interamerica.org\/fr\/2017\/02\/luniversite-dandrews-prend-des-mesures-courageuses-pour-encourager-la-reconciliation-raciale\/"},"wordCount":1542,"image":{"@id":"https:\/\/interamerica.org\/fr\/2017\/02\/luniversite-dandrews-prend-des-mesures-courageuses-pour-encourager-la-reconciliation-raciale\/#primaryimage"},"thumbnailUrl":"https:\/\/interamerica.org\/wp-content\/uploads\/2017\/06\/Andrews-university-snow-photo.jpeg","articleSection":["Nouvelles de l'\u00c9glise mondiale","RSS Fran\u00e7ais"],"inLanguage":"fr-FR"},{"@type":"WebPage","@id":"https:\/\/interamerica.org\/fr\/2017\/02\/luniversite-dandrews-prend-des-mesures-courageuses-pour-encourager-la-reconciliation-raciale\/","url":"https:\/\/interamerica.org\/fr\/2017\/02\/luniversite-dandrews-prend-des-mesures-courageuses-pour-encourager-la-reconciliation-raciale\/","name":"L\u2019Universit\u00e9 d\u2019Andrews prend des mesures courageuses pour encourager la r\u00e9conciliation raciale - \u00c9glise Adventiste Du Septieme Jour - Inter Am\u00e9rique Division","isPartOf":{"@id":"https:\/\/interamerica.org\/fr\/#website"},"primaryImageOfPage":{"@id":"https:\/\/interamerica.org\/fr\/2017\/02\/luniversite-dandrews-prend-des-mesures-courageuses-pour-encourager-la-reconciliation-raciale\/#primaryimage"},"image":{"@id":"https:\/\/interamerica.org\/fr\/2017\/02\/luniversite-dandrews-prend-des-mesures-courageuses-pour-encourager-la-reconciliation-raciale\/#primaryimage"},"thumbnailUrl":"https:\/\/interamerica.org\/wp-content\/uploads\/2017\/06\/Andrews-university-snow-photo.jpeg","datePublished":"2017-02-25T04:00:00+00:00","dateModified":"2017-12-02T00:41:25+00:00","author":{"@id":"https:\/\/interamerica.org\/fr\/#\/schema\/person\/68ede8bdc292885bb76c1e3810e73c39"},"breadcrumb":{"@id":"https:\/\/interamerica.org\/fr\/2017\/02\/luniversite-dandrews-prend-des-mesures-courageuses-pour-encourager-la-reconciliation-raciale\/#breadcrumb"},"inLanguage":"fr-FR","potentialAction":[{"@type":"ReadAction","target":["https:\/\/interamerica.org\/fr\/2017\/02\/luniversite-dandrews-prend-des-mesures-courageuses-pour-encourager-la-reconciliation-raciale\/"]}]},{"@type":"ImageObject","inLanguage":"fr-FR","@id":"https:\/\/interamerica.org\/fr\/2017\/02\/luniversite-dandrews-prend-des-mesures-courageuses-pour-encourager-la-reconciliation-raciale\/#primaryimage","url":"https:\/\/interamerica.org\/wp-content\/uploads\/2017\/06\/Andrews-university-snow-photo.jpeg","contentUrl":"https:\/\/interamerica.org\/wp-content\/uploads\/2017\/06\/Andrews-university-snow-photo.jpeg","width":1000,"height":500},{"@type":"BreadcrumbList","@id":"https:\/\/interamerica.org\/fr\/2017\/02\/luniversite-dandrews-prend-des-mesures-courageuses-pour-encourager-la-reconciliation-raciale\/#breadcrumb","itemListElement":[{"@type":"ListItem","position":1,"name":"Home","item":"https:\/\/interamerica.org\/fr\/"},{"@type":"ListItem","position":2,"name":"L\u2019Universit\u00e9 d\u2019Andrews prend des mesures courageuses pour encourager la r\u00e9conciliation raciale"}]},{"@type":"WebSite","@id":"https:\/\/interamerica.org\/fr\/#website","url":"https:\/\/interamerica.org\/fr\/","name":"\u00c9glise Adventiste Du Septieme Jour - Inter Am\u00e9rique Division","description":"","potentialAction":[{"@type":"SearchAction","target":{"@type":"EntryPoint","urlTemplate":"https:\/\/interamerica.org\/fr\/?s={search_term_string}"},"query-input":{"@type":"PropertyValueSpecification","valueRequired":true,"valueName":"search_term_string"}}],"inLanguage":"fr-FR"},{"@type":"Person","@id":"https:\/\/interamerica.org\/fr\/#\/schema\/person\/68ede8bdc292885bb76c1e3810e73c39","name":"Lorenzo Verduzco","image":{"@type":"ImageObject","inLanguage":"fr-FR","@id":"https:\/\/secure.gravatar.com\/avatar\/fb81a55b6218459490a9c1dc841a34909185b81904c5337b4b27f7a6fd60c49e?s=96&d=mm&r=g","url":"https:\/\/secure.gravatar.com\/avatar\/fb81a55b6218459490a9c1dc841a34909185b81904c5337b4b27f7a6fd60c49e?s=96&d=mm&r=g","contentUrl":"https:\/\/secure.gravatar.com\/avatar\/fb81a55b6218459490a9c1dc841a34909185b81904c5337b4b27f7a6fd60c49e?s=96&d=mm&r=g","caption":"Lorenzo Verduzco"}}]}},"_links":{"self":[{"href":"https:\/\/interamerica.org\/fr\/wp-json\/wp\/v2\/posts\/32780","targetHints":{"allow":["GET"]}}],"collection":[{"href":"https:\/\/interamerica.org\/fr\/wp-json\/wp\/v2\/posts"}],"about":[{"href":"https:\/\/interamerica.org\/fr\/wp-json\/wp\/v2\/types\/post"}],"author":[{"embeddable":true,"href":"https:\/\/interamerica.org\/fr\/wp-json\/wp\/v2\/users\/1"}],"replies":[{"embeddable":true,"href":"https:\/\/interamerica.org\/fr\/wp-json\/wp\/v2\/comments?post=32780"}],"version-history":[{"count":0,"href":"https:\/\/interamerica.org\/fr\/wp-json\/wp\/v2\/posts\/32780\/revisions"}],"wp:featuredmedia":[{"embeddable":true,"href":"https:\/\/interamerica.org\/fr\/wp-json\/wp\/v2\/media\/19762"}],"wp:attachment":[{"href":"https:\/\/interamerica.org\/fr\/wp-json\/wp\/v2\/media?parent=32780"}],"wp:term":[{"taxonomy":"category","embeddable":true,"href":"https:\/\/interamerica.org\/fr\/wp-json\/wp\/v2\/categories?post=32780"},{"taxonomy":"post_tag","embeddable":true,"href":"https:\/\/interamerica.org\/fr\/wp-json\/wp\/v2\/tags?post=32780"}],"curies":[{"name":"wp","href":"https:\/\/api.w.org\/{rel}","templated":true}]}}