{"id":32802,"date":"2017-03-23T00:00:00","date_gmt":"2017-03-23T04:00:00","guid":{"rendered":"http:\/\/192.81.217.108\/interamerica\/2017\/03\/gyd17-de-la-jamaique\/"},"modified":"2017-12-14T13:50:22","modified_gmt":"2017-12-14T17:50:22","slug":"gyd17-de-la-jamaique","status":"publish","type":"post","link":"https:\/\/interamerica.org\/fr\/2017\/03\/gyd17-de-la-jamaique\/","title":{"rendered":"GYD17 de la Jama\u00efque"},"content":{"rendered":"<p><img fetchpriority=\"high\" decoding=\"async\" class=\"alignnone size-large wp-image-37593\" src=\"http:\/\/192.81.217.108\/interamerica\/wp-content\/uploads\/2017\/03\/32746760843_51fdeeda3b_k-1024x640.jpg\" alt=\"\" width=\"1024\" height=\"640\" srcset=\"https:\/\/interamerica.org\/wp-content\/uploads\/2017\/03\/32746760843_51fdeeda3b_k-1024x640.jpg 1024w, https:\/\/interamerica.org\/wp-content\/uploads\/2017\/03\/32746760843_51fdeeda3b_k-300x188.jpg 300w, https:\/\/interamerica.org\/wp-content\/uploads\/2017\/03\/32746760843_51fdeeda3b_k-768x480.jpg 768w, https:\/\/interamerica.org\/wp-content\/uploads\/2017\/03\/32746760843_51fdeeda3b_k.jpg 1280w\" sizes=\"(max-width: 1024px) 100vw, 1024px\" \/>Les pr\u00e9sentateurs K\u2019Obryan Scott, Ruth Ann Carr, et Daniel Passley de la Jama\u00efque posent pour une photo avec pasteur Al Powell, directeur des minist\u00e8res de la jeunesse, lors de la diffusion en direct du segment de la DIA au studio Media Group de NCU \u00e0 Mandeville en Jama\u00efque le 18 mars 2017. Le programme d&rsquo;une heure et demie a \u00e9t\u00e9 l&rsquo;occasion de voir des jeunes de tous le territoire partager espoir et amour \u00e0 travers des activit\u00e9s laissant un impact dans leur communaut\u00e9s. Image de Jose Romero\/DIA<\/p>\n","protected":false},"excerpt":{"rendered":"<p>Les pr\u00e9sentateurs K\u2019Obryan Scott, Ruth Ann Carr, et Daniel Passley de la Jama\u00efque posent pour une photo avec pasteur Al Powell, directeur des minist\u00e8res de la jeunesse, lors de la&#8230;<\/p>\n","protected":false},"author":1,"featured_media":0,"comment_status":"closed","ping_status":"closed","sticky":false,"template":"","format":"standard","meta":{"_acf_changed":false,"footnotes":""},"categories":[19],"tags":[],"class_list":["post-32802","post","type-post","status-publish","format-standard","hentry","category-rss-francais"],"acf":[],"yoast_head":"<!-- This site is optimized with the Yoast SEO plugin v27.3 - https:\/\/yoast.com\/product\/yoast-seo-wordpress\/ -->\n<title>GYD17 de la Jama\u00efque - \u00c9glise Adventiste Du Septieme Jour - Inter Am\u00e9rique Division<\/title>\n<meta name=\"robots\" content=\"index, follow, max-snippet:-1, max-image-preview:large, max-video-preview:-1\" \/>\n<link rel=\"canonical\" href=\"https:\/\/interamerica.org\/fr\/2017\/03\/gyd17-de-la-jamaique\/\" \/>\n<meta property=\"og:locale\" content=\"fr_FR\" \/>\n<meta property=\"og:type\" content=\"article\" \/>\n<meta property=\"og:title\" content=\"GYD17 de la Jama\u00efque - \u00c9glise Adventiste Du Septieme Jour - Inter Am\u00e9rique Division\" \/>\n<meta property=\"og:description\" content=\"Les pr\u00e9sentateurs K\u2019Obryan Scott, Ruth Ann Carr, et Daniel Passley de la Jama\u00efque posent pour une photo avec pasteur Al Powell, directeur des minist\u00e8res de la jeunesse, lors de la...\" \/>\n<meta property=\"og:url\" content=\"https:\/\/interamerica.org\/fr\/2017\/03\/gyd17-de-la-jamaique\/\" \/>\n<meta property=\"og:site_name\" content=\"\u00c9glise Adventiste Du Septieme Jour - Inter Am\u00e9rique Division\" \/>\n<meta property=\"article:published_time\" content=\"2017-03-23T04:00:00+00:00\" \/>\n<meta property=\"article:modified_time\" content=\"2017-12-14T17:50:22+00:00\" \/>\n<meta property=\"og:image\" content=\"http:\/\/192.81.217.108\/interamerica\/wp-content\/uploads\/2017\/03\/32746760843_51fdeeda3b_k-1024x640.jpg\" \/>\n<meta name=\"author\" content=\"Lorenzo Verduzco\" \/>\n<meta name=\"twitter:card\" content=\"summary_large_image\" \/>\n<meta name=\"twitter:label1\" content=\"\u00c9crit par\" \/>\n\t<meta name=\"twitter:data1\" content=\"Lorenzo Verduzco\" \/>\n<script type=\"application\/ld+json\" class=\"yoast-schema-graph\">{\"@context\":\"https:\\\/\\\/schema.org\",\"@graph\":[{\"@type\":\"Article\",\"@id\":\"https:\\\/\\\/interamerica.org\\\/fr\\\/2017\\\/03\\\/gyd17-de-la-jamaique\\\/#article\",\"isPartOf\":{\"@id\":\"https:\\\/\\\/interamerica.org\\\/fr\\\/2017\\\/03\\\/gyd17-de-la-jamaique\\\/\"},\"author\":{\"name\":\"Lorenzo Verduzco\",\"@id\":\"https:\\\/\\\/interamerica.org\\\/fr\\\/#\\\/schema\\\/person\\\/68ede8bdc292885bb76c1e3810e73c39\"},\"headline\":\"GYD17 de la Jama\u00efque\",\"datePublished\":\"2017-03-23T04:00:00+00:00\",\"dateModified\":\"2017-12-14T17:50:22+00:00\",\"mainEntityOfPage\":{\"@id\":\"https:\\\/\\\/interamerica.org\\\/fr\\\/2017\\\/03\\\/gyd17-de-la-jamaique\\\/\"},\"wordCount\":98,\"image\":{\"@id\":\"https:\\\/\\\/interamerica.org\\\/fr\\\/2017\\\/03\\\/gyd17-de-la-jamaique\\\/#primaryimage\"},\"thumbnailUrl\":\"http:\\\/\\\/192.81.217.108\\\/interamerica\\\/wp-content\\\/uploads\\\/2017\\\/03\\\/32746760843_51fdeeda3b_k-1024x640.jpg\",\"articleSection\":[\"RSS Fran\u00e7ais\"],\"inLanguage\":\"fr-FR\"},{\"@type\":\"WebPage\",\"@id\":\"https:\\\/\\\/interamerica.org\\\/fr\\\/2017\\\/03\\\/gyd17-de-la-jamaique\\\/\",\"url\":\"https:\\\/\\\/interamerica.org\\\/fr\\\/2017\\\/03\\\/gyd17-de-la-jamaique\\\/\",\"name\":\"GYD17 de la Jama\u00efque - \u00c9glise Adventiste Du Septieme Jour - Inter Am\u00e9rique Division\",\"isPartOf\":{\"@id\":\"https:\\\/\\\/interamerica.org\\\/fr\\\/#website\"},\"primaryImageOfPage\":{\"@id\":\"https:\\\/\\\/interamerica.org\\\/fr\\\/2017\\\/03\\\/gyd17-de-la-jamaique\\\/#primaryimage\"},\"image\":{\"@id\":\"https:\\\/\\\/interamerica.org\\\/fr\\\/2017\\\/03\\\/gyd17-de-la-jamaique\\\/#primaryimage\"},\"thumbnailUrl\":\"http:\\\/\\\/192.81.217.108\\\/interamerica\\\/wp-content\\\/uploads\\\/2017\\\/03\\\/32746760843_51fdeeda3b_k-1024x640.jpg\",\"datePublished\":\"2017-03-23T04:00:00+00:00\",\"dateModified\":\"2017-12-14T17:50:22+00:00\",\"author\":{\"@id\":\"https:\\\/\\\/interamerica.org\\\/fr\\\/#\\\/schema\\\/person\\\/68ede8bdc292885bb76c1e3810e73c39\"},\"breadcrumb\":{\"@id\":\"https:\\\/\\\/interamerica.org\\\/fr\\\/2017\\\/03\\\/gyd17-de-la-jamaique\\\/#breadcrumb\"},\"inLanguage\":\"fr-FR\",\"potentialAction\":[{\"@type\":\"ReadAction\",\"target\":[\"https:\\\/\\\/interamerica.org\\\/fr\\\/2017\\\/03\\\/gyd17-de-la-jamaique\\\/\"]}]},{\"@type\":\"ImageObject\",\"inLanguage\":\"fr-FR\",\"@id\":\"https:\\\/\\\/interamerica.org\\\/fr\\\/2017\\\/03\\\/gyd17-de-la-jamaique\\\/#primaryimage\",\"url\":\"http:\\\/\\\/192.81.217.108\\\/interamerica\\\/wp-content\\\/uploads\\\/2017\\\/03\\\/32746760843_51fdeeda3b_k-1024x640.jpg\",\"contentUrl\":\"http:\\\/\\\/192.81.217.108\\\/interamerica\\\/wp-content\\\/uploads\\\/2017\\\/03\\\/32746760843_51fdeeda3b_k-1024x640.jpg\"},{\"@type\":\"BreadcrumbList\",\"@id\":\"https:\\\/\\\/interamerica.org\\\/fr\\\/2017\\\/03\\\/gyd17-de-la-jamaique\\\/#breadcrumb\",\"itemListElement\":[{\"@type\":\"ListItem\",\"position\":1,\"name\":\"Home\",\"item\":\"https:\\\/\\\/interamerica.org\\\/fr\\\/\"},{\"@type\":\"ListItem\",\"position\":2,\"name\":\"GYD17 de la Jama\u00efque\"}]},{\"@type\":\"WebSite\",\"@id\":\"https:\\\/\\\/interamerica.org\\\/fr\\\/#website\",\"url\":\"https:\\\/\\\/interamerica.org\\\/fr\\\/\",\"name\":\"\u00c9glise Adventiste Du Septieme Jour - Inter Am\u00e9rique Division\",\"description\":\"\",\"potentialAction\":[{\"@type\":\"SearchAction\",\"target\":{\"@type\":\"EntryPoint\",\"urlTemplate\":\"https:\\\/\\\/interamerica.org\\\/fr\\\/?s={search_term_string}\"},\"query-input\":{\"@type\":\"PropertyValueSpecification\",\"valueRequired\":true,\"valueName\":\"search_term_string\"}}],\"inLanguage\":\"fr-FR\"},{\"@type\":\"Person\",\"@id\":\"https:\\\/\\\/interamerica.org\\\/fr\\\/#\\\/schema\\\/person\\\/68ede8bdc292885bb76c1e3810e73c39\",\"name\":\"Lorenzo Verduzco\",\"image\":{\"@type\":\"ImageObject\",\"inLanguage\":\"fr-FR\",\"@id\":\"https:\\\/\\\/secure.gravatar.com\\\/avatar\\\/fb81a55b6218459490a9c1dc841a34909185b81904c5337b4b27f7a6fd60c49e?s=96&d=mm&r=g\",\"url\":\"https:\\\/\\\/secure.gravatar.com\\\/avatar\\\/fb81a55b6218459490a9c1dc841a34909185b81904c5337b4b27f7a6fd60c49e?s=96&d=mm&r=g\",\"contentUrl\":\"https:\\\/\\\/secure.gravatar.com\\\/avatar\\\/fb81a55b6218459490a9c1dc841a34909185b81904c5337b4b27f7a6fd60c49e?s=96&d=mm&r=g\",\"caption\":\"Lorenzo Verduzco\"}}]}<\/script>\n<!-- \/ Yoast SEO plugin. -->","yoast_head_json":{"title":"GYD17 de la Jama\u00efque - \u00c9glise Adventiste Du Septieme Jour - Inter Am\u00e9rique Division","robots":{"index":"index","follow":"follow","max-snippet":"max-snippet:-1","max-image-preview":"max-image-preview:large","max-video-preview":"max-video-preview:-1"},"canonical":"https:\/\/interamerica.org\/fr\/2017\/03\/gyd17-de-la-jamaique\/","og_locale":"fr_FR","og_type":"article","og_title":"GYD17 de la Jama\u00efque - \u00c9glise Adventiste Du Septieme Jour - Inter Am\u00e9rique Division","og_description":"Les pr\u00e9sentateurs K\u2019Obryan Scott, Ruth Ann Carr, et Daniel Passley de la Jama\u00efque posent pour une photo avec pasteur Al Powell, directeur des minist\u00e8res de la jeunesse, lors de la...","og_url":"https:\/\/interamerica.org\/fr\/2017\/03\/gyd17-de-la-jamaique\/","og_site_name":"\u00c9glise Adventiste Du Septieme Jour - Inter Am\u00e9rique Division","article_published_time":"2017-03-23T04:00:00+00:00","article_modified_time":"2017-12-14T17:50:22+00:00","og_image":[{"url":"http:\/\/192.81.217.108\/interamerica\/wp-content\/uploads\/2017\/03\/32746760843_51fdeeda3b_k-1024x640.jpg","type":"","width":"","height":""}],"author":"Lorenzo Verduzco","twitter_card":"summary_large_image","twitter_misc":{"\u00c9crit par":"Lorenzo Verduzco"},"schema":{"@context":"https:\/\/schema.org","@graph":[{"@type":"Article","@id":"https:\/\/interamerica.org\/fr\/2017\/03\/gyd17-de-la-jamaique\/#article","isPartOf":{"@id":"https:\/\/interamerica.org\/fr\/2017\/03\/gyd17-de-la-jamaique\/"},"author":{"name":"Lorenzo Verduzco","@id":"https:\/\/interamerica.org\/fr\/#\/schema\/person\/68ede8bdc292885bb76c1e3810e73c39"},"headline":"GYD17 de la Jama\u00efque","datePublished":"2017-03-23T04:00:00+00:00","dateModified":"2017-12-14T17:50:22+00:00","mainEntityOfPage":{"@id":"https:\/\/interamerica.org\/fr\/2017\/03\/gyd17-de-la-jamaique\/"},"wordCount":98,"image":{"@id":"https:\/\/interamerica.org\/fr\/2017\/03\/gyd17-de-la-jamaique\/#primaryimage"},"thumbnailUrl":"http:\/\/192.81.217.108\/interamerica\/wp-content\/uploads\/2017\/03\/32746760843_51fdeeda3b_k-1024x640.jpg","articleSection":["RSS Fran\u00e7ais"],"inLanguage":"fr-FR"},{"@type":"WebPage","@id":"https:\/\/interamerica.org\/fr\/2017\/03\/gyd17-de-la-jamaique\/","url":"https:\/\/interamerica.org\/fr\/2017\/03\/gyd17-de-la-jamaique\/","name":"GYD17 de la Jama\u00efque - \u00c9glise Adventiste Du Septieme Jour - Inter Am\u00e9rique Division","isPartOf":{"@id":"https:\/\/interamerica.org\/fr\/#website"},"primaryImageOfPage":{"@id":"https:\/\/interamerica.org\/fr\/2017\/03\/gyd17-de-la-jamaique\/#primaryimage"},"image":{"@id":"https:\/\/interamerica.org\/fr\/2017\/03\/gyd17-de-la-jamaique\/#primaryimage"},"thumbnailUrl":"http:\/\/192.81.217.108\/interamerica\/wp-content\/uploads\/2017\/03\/32746760843_51fdeeda3b_k-1024x640.jpg","datePublished":"2017-03-23T04:00:00+00:00","dateModified":"2017-12-14T17:50:22+00:00","author":{"@id":"https:\/\/interamerica.org\/fr\/#\/schema\/person\/68ede8bdc292885bb76c1e3810e73c39"},"breadcrumb":{"@id":"https:\/\/interamerica.org\/fr\/2017\/03\/gyd17-de-la-jamaique\/#breadcrumb"},"inLanguage":"fr-FR","potentialAction":[{"@type":"ReadAction","target":["https:\/\/interamerica.org\/fr\/2017\/03\/gyd17-de-la-jamaique\/"]}]},{"@type":"ImageObject","inLanguage":"fr-FR","@id":"https:\/\/interamerica.org\/fr\/2017\/03\/gyd17-de-la-jamaique\/#primaryimage","url":"http:\/\/192.81.217.108\/interamerica\/wp-content\/uploads\/2017\/03\/32746760843_51fdeeda3b_k-1024x640.jpg","contentUrl":"http:\/\/192.81.217.108\/interamerica\/wp-content\/uploads\/2017\/03\/32746760843_51fdeeda3b_k-1024x640.jpg"},{"@type":"BreadcrumbList","@id":"https:\/\/interamerica.org\/fr\/2017\/03\/gyd17-de-la-jamaique\/#breadcrumb","itemListElement":[{"@type":"ListItem","position":1,"name":"Home","item":"https:\/\/interamerica.org\/fr\/"},{"@type":"ListItem","position":2,"name":"GYD17 de la Jama\u00efque"}]},{"@type":"WebSite","@id":"https:\/\/interamerica.org\/fr\/#website","url":"https:\/\/interamerica.org\/fr\/","name":"\u00c9glise Adventiste Du Septieme Jour - Inter Am\u00e9rique Division","description":"","potentialAction":[{"@type":"SearchAction","target":{"@type":"EntryPoint","urlTemplate":"https:\/\/interamerica.org\/fr\/?s={search_term_string}"},"query-input":{"@type":"PropertyValueSpecification","valueRequired":true,"valueName":"search_term_string"}}],"inLanguage":"fr-FR"},{"@type":"Person","@id":"https:\/\/interamerica.org\/fr\/#\/schema\/person\/68ede8bdc292885bb76c1e3810e73c39","name":"Lorenzo Verduzco","image":{"@type":"ImageObject","inLanguage":"fr-FR","@id":"https:\/\/secure.gravatar.com\/avatar\/fb81a55b6218459490a9c1dc841a34909185b81904c5337b4b27f7a6fd60c49e?s=96&d=mm&r=g","url":"https:\/\/secure.gravatar.com\/avatar\/fb81a55b6218459490a9c1dc841a34909185b81904c5337b4b27f7a6fd60c49e?s=96&d=mm&r=g","contentUrl":"https:\/\/secure.gravatar.com\/avatar\/fb81a55b6218459490a9c1dc841a34909185b81904c5337b4b27f7a6fd60c49e?s=96&d=mm&r=g","caption":"Lorenzo Verduzco"}}]}},"_links":{"self":[{"href":"https:\/\/interamerica.org\/fr\/wp-json\/wp\/v2\/posts\/32802","targetHints":{"allow":["GET"]}}],"collection":[{"href":"https:\/\/interamerica.org\/fr\/wp-json\/wp\/v2\/posts"}],"about":[{"href":"https:\/\/interamerica.org\/fr\/wp-json\/wp\/v2\/types\/post"}],"author":[{"embeddable":true,"href":"https:\/\/interamerica.org\/fr\/wp-json\/wp\/v2\/users\/1"}],"replies":[{"embeddable":true,"href":"https:\/\/interamerica.org\/fr\/wp-json\/wp\/v2\/comments?post=32802"}],"version-history":[{"count":0,"href":"https:\/\/interamerica.org\/fr\/wp-json\/wp\/v2\/posts\/32802\/revisions"}],"wp:attachment":[{"href":"https:\/\/interamerica.org\/fr\/wp-json\/wp\/v2\/media?parent=32802"}],"wp:term":[{"taxonomy":"category","embeddable":true,"href":"https:\/\/interamerica.org\/fr\/wp-json\/wp\/v2\/categories?post=32802"},{"taxonomy":"post_tag","embeddable":true,"href":"https:\/\/interamerica.org\/fr\/wp-json\/wp\/v2\/tags?post=32802"}],"curies":[{"name":"wp","href":"https:\/\/api.w.org\/{rel}","templated":true}]}}