{"id":32811,"date":"2017-03-29T00:00:00","date_gmt":"2017-03-29T04:00:00","guid":{"rendered":"http:\/\/192.81.217.108\/interamerica\/2017\/03\/en-inter-amerique-les-dirigeants-de-leglise-et-les-pasteurs-invites-a-mettre-laccent-sur-la-fidelisation-des-membres\/"},"modified":"2017-11-03T16:05:36","modified_gmt":"2017-11-03T20:05:36","slug":"en-inter-amerique-les-dirigeants-de-leglise-et-les-pasteurs-invites-a-mettre-laccent-sur-la-fidelisation-des-membres","status":"publish","type":"post","link":"https:\/\/interamerica.org\/fr\/2017\/03\/en-inter-amerique-les-dirigeants-de-leglise-et-les-pasteurs-invites-a-mettre-laccent-sur-la-fidelisation-des-membres\/","title":{"rendered":"En Inter Am\u00e9rique, les dirigeants de l&rsquo;\u00e9glise et les pasteurs invit\u00e9s \u00e0 mettre l&rsquo;accent sur la fid\u00e9lisation des membres"},"content":{"rendered":"<div id=\"attachment_27688\" style=\"width: 783px\" class=\"wp-caption aligncenter\"><a href=\"\/interamerica\/wp-content\/uploads\/2017\/06\/Braham-retention-1.jpg\" rel=\"fancybox\" title=\"En Inter Am\u00e9rique, les dirigeants de l'\u00e9glise et les pasteurs invit\u00e9s \u00e0 mettre l'accent sur la fid\u00e9lisation des membres\"><img fetchpriority=\"high\" decoding=\"async\" aria-describedby=\"caption-attachment-27688\" class=\" wp-image-27688\" src=\"\/interamerica\/wp-content\/uploads\/2017\/06\/Braham-retention-1.jpg\" alt=\"\" width=\"773\" height=\"437\" \/><\/a><p id=\"caption-attachment-27688\" class=\"wp-caption-text\">Pasteur Balvin Braham, assistant aupr\u00e8s du pr\u00e9sident de la DIA pour l&rsquo;\u00e9vang\u00e9lisation intervient lors de la Conf\u00e9rence de l&rsquo;Inter Am\u00e9rique sur la Fid\u00e9lisation et le Discipulat, depuis Minatitl\u00e1n \u00e0 Veracruz au Mexique le 27 mars 2017. Image de la DIA.<\/p><\/div>\n<p>Les dirigeants de l&rsquo;Eglise Adventiste du Septi\u00e8me Jour sur le territoire de la Division Inter Am\u00e9ricaine (DIA) veulent s&rsquo;assurer que lorsqu&rsquo;un nouveau membre rejoint l&rsquo;une des 21000 congr\u00e9gations, qu&rsquo;il ou elle sera nourrie spirituellement, qu&rsquo;on en fera un disciple et qu&rsquo;il deviendra activement engag\u00e9 dans la vie de l&rsquo;\u00e9glise.<\/p>\n<p>Le message a \u00e9t\u00e9 clair lors de la conf\u00e9rence sp\u00e9ciale sur la fid\u00e9lisation des membres qui s&rsquo;est d\u00e9roul\u00e9e hier \u00e0 l&rsquo;intention des pasteurs, des \u00e9vang\u00e9listes, et des membres actifs, alors que des milliers de campagnes d&rsquo;\u00e9vang\u00e9lisation s&rsquo;ach\u00e8vent cette semaine \u00e0 travers le territoire de la DIA. La conf\u00e9rence qui a dur\u00e9 cinq heures \u00e9tait diffus\u00e9e en direct sur internet depuis l&rsquo;\u00e9glise Adventiste Centrale de Santa Clara au Minatitl\u00e1n au Mexique et a permis de mettre l&#8217;emphase sur les meilleures m\u00e9thodes en mati\u00e8re de fid\u00e9lisation des membres.<\/p>\n<p>\u00ab C&rsquo;est notre responsabilit\u00e9 \u00e0 chacun de travailler avec ceux qui viennent \u00e0 Christ pour le salut de telle sorte qu&rsquo;ils soient plus forts dans la foi, \u00bb a d\u00e9clar\u00e9 au d\u00e9but du programme pasteur Isra\u00ebl Leito, pr\u00e9sident de l&rsquo;Eglise Adventiste en Inter Am\u00e9rique. \u00ab Une campagne d&rsquo;\u00e9vang\u00e9lisation ne se termine pas avec le bapt\u00eame, il s\u2019agit de toute la vie du croyant \u00e0 partir de ce moment l\u00e0. \u00bb<\/p>\n<p>Pasteur Leito a men\u00e9 une r\u00e9flexion sur Esa\u00efe 49 et a invit\u00e9 les pasteurs et les dirigeants \u00e0 ne pas passer outre le processus de consolidation et \u00e0 activement amener les membres \u00e0 devenir des agents de la fid\u00e9lisation des membres dans leurs congr\u00e9gations locales. \u00ab La consolidation [des membres] ne s&rsquo;arr\u00eate jamais. \u00bb<\/p>\n<div id=\"attachment_27663\" style=\"width: 468px\" class=\"wp-caption alignright\"><a href=\"\/interamerica\/wp-content\/uploads\/2017\/06\/DavidTrim-retention.png\" rel=\"fancybox\" title=\"En Inter Am\u00e9rique, les dirigeants de l'\u00e9glise et les pasteurs invit\u00e9s \u00e0 mettre l'accent sur la fid\u00e9lisation des membres\"><img decoding=\"async\" aria-describedby=\"caption-attachment-27663\" class=\" wp-image-27663\" src=\"\/interamerica\/wp-content\/uploads\/2017\/06\/DavidTrim-retention.png\" alt=\"\" width=\"458\" height=\"309\" \/><\/a><p id=\"caption-attachment-27663\" class=\"wp-caption-text\">Dr David Trim, directeur du Bureau des Archives, des Statistiques et de la Recherche pour l&rsquo;Eglise Adventiste mondiale intervient lors de la conf\u00e9rence diffus\u00e9e en direct.<\/p><\/div>\n<p>La fid\u00e9lisation fait partie du processus de transformation spirituelle apr\u00e8s le bapt\u00eame, a dit pasteur Balvin Braham, assistant aupr\u00e8s du pr\u00e9sident de la DIA pour l&rsquo;\u00e9vang\u00e9lisation et organisateur de la conf\u00e9rence. \u00ab Nous voulons nous assurer que les gens comprennent la dynamique lorsqu&rsquo;ils sont baptis\u00e9s, \u00bb a ajout\u00e9 Balvin Braham. \u00ab La destination ce n&rsquo;est pas l&rsquo;\u00e9glise, la destination c&rsquo;est le royaume de Dieu et il s&rsquo;agit pour eux de demeurer fid\u00e8les jusqu&rsquo;au retour de J\u00e9sus. \u00bb<\/p>\n<p>Balvin Braham a d\u00e9clar\u00e9 que la conf\u00e9rence \u00e9tait une composante importante de la strat\u00e9gie d&rsquo;\u00e9vang\u00e9lisation compl\u00e8te de l&rsquo;\u00e9glise, \u00ab Seigneur Transforme Moi \u00bb qui vise \u00e0 motiver et encourager la transformation des membres \u00e0 travers l&rsquo;\u00e9tude quotidienne de la Bible et la pri\u00e8re quotidienne dans le but de faire des membres actuels et des nouveaux membres des disciples activement impliqu\u00e9s dans la mission de l&rsquo;\u00e9glise.<\/p>\n<p>L&rsquo;initiative \u00ab\u00a0Seigneur Transforme Moi\u00a0\u00bb va au-del\u00e0 du simple fait de faire des disciples des pr\u00e8s de 170000 nouveaux membres qui se joignent \u00e0 l&rsquo;\u00e9glise en Inter Am\u00e9rique chaque ann\u00e9e. Il s&rsquo;agit de faire en sorte que les 3,7 millions de membres que compte actuellement la DIA, continuent de vivre une vie transform\u00e9e quotidiennement et de s&rsquo;assurer qu&rsquo;ils ne laissent pas l&rsquo;\u00e9glise, a dit Balvin Braham.<\/p>\n<p><span style=\"font-size: 14pt;\"><strong>Perte de Membres<\/strong><\/span><\/p>\n<p>La DIA a perdu plus de 2 millions de membres entre 1965 et 2016 d&rsquo;apr\u00e8s ce qu&rsquo;indiquent les statistiques pr\u00e9sent\u00e9es par Dr David Trim, directeur du Bureau des Archives, des Statistiques et de la Recherche de l&rsquo;Eglise Adventiste mondiale. Le nombre de membres perdus repr\u00e9sente ceux qui ont abandonn\u00e9 et ceux qui sont port\u00e9s manquants sur les registres d&rsquo;\u00e9glise, a indiqu\u00e9 Dr Trim lors de sa pr\u00e9sentation.<\/p>\n<div id=\"attachment_27691\" style=\"width: 468px\" class=\"wp-caption alignright\"><a href=\"\/interamerica\/wp-content\/uploads\/2017\/06\/IAD-Accessions-losses-1.png\" rel=\"fancybox\" title=\"En Inter Am\u00e9rique, les dirigeants de l'\u00e9glise et les pasteurs invit\u00e9s \u00e0 mettre l'accent sur la fid\u00e9lisation des membres\"><img decoding=\"async\" aria-describedby=\"caption-attachment-27691\" class=\" wp-image-27691\" src=\"\/interamerica\/wp-content\/uploads\/2017\/06\/IAD-Accessions-losses-1.png\" alt=\"\" width=\"458\" height=\"344\" \/><\/a><p id=\"caption-attachment-27691\" class=\"wp-caption-text\">Graphique montrant les gains et les pertes de membres d\u2019\u00e9glise entre 1965 et 2016 dans la Division Inter Am\u00e9ricaine.<\/p><\/div>\n<p>En l\u2019espace de 52 ans, l\u2019Eglise Adventiste dans la DIA a gagn\u00e9 plus de 6 millions de membres, et plus de plus de deux millions de ces membres ont laiss\u00e9 l\u2019\u00e9glise, ce qui correspond \u00e0 une perte de 34 pourcent, a expliqu\u00e9 David Trim. Le nombre de membres perdus \u00e9clipse le nombre d\u2019entr\u00e9es de membres \u2013 les bapt\u00eames et les professions de foi.<\/p>\n<p>Au niveau mondial, l\u2019\u00e9glise a perdu 14 millions de membres au cours des 52 derni\u00e8res ann\u00e9es, soit une perte de 40 pourcent de l\u2019effectif mondial, a indiqu\u00e9 Dr Trim. \u00ab Cela signifie que deux membres sur cinq laisseront l\u2019\u00e9glise \u00e0 l\u2019\u00e9chelle mondiale. \u00bb<\/p>\n<p>\u00ab Ma pr\u00e9occupation ne se situe pas au niveau des statistiques, \u00bb a dit David Trim. \u00ab Tout ces chiffres repr\u00e9sentent une personne, chacun est une \u00e2me pour le salut de laquelle J\u00e9sus est mort et dont Il nous invite \u00e0 nous occuper. \u00bb<\/p>\n<p>Ces chiffres alarmants ont forc\u00e9 l\u2019\u00e9glise \u00e0 consid\u00e9rer les raisons pour lesquelles les gens laissent l\u2019\u00e9glise, a dit David Trim. \u00ab En se penchant sur les raisons pour lesquelles ils ont abandonn\u00e9 l\u2019\u00e9glise, nous pouvons travailler sur la mani\u00e8re de les garder, \u00bb a-t-il ajout\u00e9, en pr\u00e9sentant plusieurs r\u00e9sultats de deux r\u00e9centes \u00e9tudes partag\u00e9es par l\u2019Eglise Adventiste mondiale.<\/p>\n<p>\u00ab Si nous voulons que l\u2019\u00e9glise croisse, il nous faut garder nos membres et aussi en amener de nouveaux, \u00bb a dit Dr Trim.<\/p>\n<p><span style=\"font-size: 14pt;\"><strong>La Croissance Spirituelle des Membres<\/strong><\/span><\/p>\n<p>Dr Bertram Melbourne, professeur de Litt\u00e9rature et Langues Bibliques \u00e0 l\u2019Universit\u00e9 d\u2019Howard, a fait r\u00e9f\u00e9rence \u00e0 l\u2019exp\u00e9rience de l\u2019Eglise Primitive dans le Nouveau Testament pour d\u00e9montrer comment on faisait des membres des disciples, comment on les conservait et comment on les impliquait dans la proclamation de l\u2019\u00e9vangile.<\/p>\n<p>\u00ab Apr\u00e8s le bapt\u00eame on devient membre et durant ce processus o\u00f9 l\u2019on devient membre, c\u2019est l\u00e0 qu\u2019intervient l\u2019\u00e9tape o\u00f9 le membre est nourri, \u00bb a dit Dr Melbourne. Cette p\u00e9riode o\u00f9 le membre est nourri est suivie par le service, le discipulat et l\u2019utilisation de leurs dons spirituels, a-t-il expliqu\u00e9.<\/p>\n<p>Partager leur exp\u00e9rience de transformation avec les autres, consolide la foi des nouveaux membres, donc jumeler des membres exp\u00e9riment\u00e9s avec de nouveaux convertis pour aller t\u00e9moigner peut \u00eatre une vraie b\u00e9n\u00e9diction pour le Seigneur et est en phase avec ce que J\u00e9sus a fait, \u00bb a dit Dr Melbourne.<\/p>\n<p>V\u00e9rifier la croissance spirituelle des nouveaux membres dans des petits groupes ou des \u00e9glises o\u00f9 l\u2019on s\u2019aime et o\u00f9 on est nourri peut \u00eatre tr\u00e8s efficace, a ajout\u00e9 Dr Melbourne. \u00ab Nourrissez les nouveaux membres en \u00e9tant aussi doux qu\u2019une m\u00e8re. \u00bb<\/p>\n<div id=\"attachment_27694\" style=\"width: 467px\" class=\"wp-caption alignleft\"><a href=\"\/interamerica\/wp-content\/uploads\/2017\/06\/BertramMelbourne-retention-1.jpg\" rel=\"fancybox\" title=\"En Inter Am\u00e9rique, les dirigeants de l'\u00e9glise et les pasteurs invit\u00e9s \u00e0 mettre l'accent sur la fid\u00e9lisation des membres\"><img loading=\"lazy\" decoding=\"async\" aria-describedby=\"caption-attachment-27694\" class=\"wp-image-27694\" src=\"\/interamerica\/wp-content\/uploads\/2017\/06\/BertramMelbourne-retention-1.jpg\" alt=\"\" width=\"457\" height=\"311\" \/><\/a><p id=\"caption-attachment-27694\" class=\"wp-caption-text\">Dr Bertram Melbourne (\u00e0 droite), professeur de Litt\u00e9rature et Langues Bibliques \u00e0 l\u2019Universit\u00e9 d\u2019Howard.<\/p><\/div>\n<p>Dr Melbourne a mis l\u2019accent sur le fait qu\u2019un nouveau membre a besoin de se faire sept amis dans l\u2019\u00e9glise afin de pouvoir s\u2019ajuster et rester dans l\u2019\u00e9glise, d\u2019apr\u00e8s ce qu\u2019indique la recherche.<\/p>\n<p>La DIA continuera de mettre l\u2019emphase sur le suivi avec un grand programme de formation de disciples et de fid\u00e9lisation des membres, ont indiqu\u00e9 les dirigeants de l\u2019\u00e9glise.<\/p>\n<p>D\u2019apr\u00e8s Balvin Braham, le plan est d\u2019avoir dans chaque \u00e9glise locale un coordinateur responsable des cinq domaines d\u2019emphase de l\u2019initiative Seigneur Transforme Moi : Transformer et Vivre, Explorer et Apprendre, Connecter et Partager, Proclamer et R\u00e9colter, et Conserver et Faire des Disciples.<\/p>\n<p>\u00ab Nous esp\u00e9rons que tous les membres actifs de notre \u00e9glise se mobiliseront dans toutes les direction et que cela contribuera \u00e0 raviver, impliquer et engager tous les membres inactifs de notre \u00e9glise, \u00bb a dit Balvin Braham.<\/p>\n<p>Les intervenants de la conf\u00e9rence ont r\u00e9pondu aux questions lors d\u2019une session de questions et r\u00e9ponses \u00e0 la fin du programme diffus\u00e9 en direct.<\/p>\n<p>Les dirigeants ont conclu avec une pri\u00e8re sp\u00e9ciale pour la fid\u00e9lisation des membres et pour obtenir la direction divine pour les pasteurs et les dirigeants afin de trouver les perdus et les membres absents dans les congr\u00e9gations locales dans tout le territoire de la Division Inter Am\u00e9ricaine.<\/p>\n<p>Le programme diffus\u00e9 en direct en ligne a \u00e9t\u00e9 vu depuis 3215 sites uniques dans 43 pays \u00e0 travers le monde.<\/p>\n<p>Pour voir le programme de la DIA sur la fid\u00e9lisation des membres en anglais, en espagnol et en fran\u00e7ais, cliquez :<\/p>\n<p>Anglais et espagnol<br \/>\n<a href=\"https:\/\/www.youtube.com\/watch?v=4ChzsEvfphY\">ICI <\/a><\/p>\n<p>Fran\u00e7ais, <a href=\"https:\/\/www.youtube.com\/watch?v=E4rEVS9Dbs8\">ICI <\/a><\/p>\n<p>Pour acc\u00e9der aux pr\u00e9sentations faites pendant le programme, cliquez sur la section \u00ab pr\u00e9sentations \u00bb ICI <a href=\"https:\/\/webcast.interamerica.org\/english\">ICI<\/a><\/p>\n<p>Traduction: Patrick Luciathe<\/p>\n","protected":false},"excerpt":{"rendered":"<p>Les dirigeants de l&rsquo;Eglise Adventiste du Septi\u00e8me Jour sur le territoire de la Division Inter Am\u00e9ricaine (DIA) veulent s&rsquo;assurer que lorsqu&rsquo;un nouveau membre rejoint l&rsquo;une des 21000 congr\u00e9gations, qu&rsquo;il ou elle sera nourrie spirituellement, qu&rsquo;on en fera un disciple et qu&rsquo;il deviendra activement engag\u00e9 dans la vie de l&rsquo;\u00e9glise.<\/p>\n<p>Le message a \u00e9t\u00e9 clair lors de la conf\u00e9rence sp\u00e9ciale sur la fid\u00e9lisation des membres qui s&rsquo;est d\u00e9roul\u00e9e hier \u00e0 l&rsquo;intention des pasteurs, des \u00e9vang\u00e9listes, et des membres actifs, alors que des milliers de campagnes d&rsquo;\u00e9vang\u00e9lisation s&rsquo;ach\u00e8vent cette semaine \u00e0 travers le territoire de la DIA.<\/p>\n","protected":false},"author":1,"featured_media":29484,"comment_status":"closed","ping_status":"closed","sticky":false,"template":"","format":"standard","meta":{"_acf_changed":false,"footnotes":""},"categories":[20,19],"tags":[],"class_list":["post-32811","post","type-post","status-publish","format-standard","has-post-thumbnail","hentry","category-nouvelles-du-siege-de-la-division","category-rss-francais"],"acf":[],"yoast_head":"<!-- This site is optimized with the Yoast SEO plugin v27.3 - https:\/\/yoast.com\/product\/yoast-seo-wordpress\/ -->\n<title>En Inter Am\u00e9rique, les dirigeants de l&#039;\u00e9glise et les pasteurs invit\u00e9s \u00e0 mettre l&#039;accent sur la fid\u00e9lisation des membres - \u00c9glise Adventiste Du Septieme Jour - Inter Am\u00e9rique Division<\/title>\n<meta name=\"robots\" content=\"index, follow, max-snippet:-1, max-image-preview:large, max-video-preview:-1\" \/>\n<link rel=\"canonical\" href=\"https:\/\/interamerica.org\/fr\/2017\/03\/en-inter-amerique-les-dirigeants-de-leglise-et-les-pasteurs-invites-a-mettre-laccent-sur-la-fidelisation-des-membres\/\" \/>\n<meta property=\"og:locale\" content=\"fr_FR\" \/>\n<meta property=\"og:type\" content=\"article\" \/>\n<meta property=\"og:title\" content=\"En Inter Am\u00e9rique, les dirigeants de l&#039;\u00e9glise et les pasteurs invit\u00e9s \u00e0 mettre l&#039;accent sur la fid\u00e9lisation des membres - \u00c9glise Adventiste Du Septieme Jour - Inter Am\u00e9rique Division\" \/>\n<meta property=\"og:description\" content=\"Les dirigeants de l&#039;Eglise Adventiste du Septi\u00e8me Jour sur le territoire de la Division Inter Am\u00e9ricaine (DIA) veulent s&#039;assurer que lorsqu&#039;un nouveau membre rejoint l&#039;une des 21000 congr\u00e9gations, qu&#039;il ou elle sera nourrie spirituellement, qu&#039;on en fera un disciple et qu&#039;il deviendra activement engag\u00e9 dans la vie de l&#039;\u00e9glise.  Le message a \u00e9t\u00e9 clair lors de la conf\u00e9rence sp\u00e9ciale sur la fid\u00e9lisation des membres qui s&#039;est d\u00e9roul\u00e9e hier \u00e0 l&#039;intention des pasteurs, des \u00e9vang\u00e9listes, et des membres actifs, alors que des milliers de campagnes d&#039;\u00e9vang\u00e9lisation s&#039;ach\u00e8vent cette semaine \u00e0 travers le territoire de la DIA.\" \/>\n<meta property=\"og:url\" content=\"https:\/\/interamerica.org\/fr\/2017\/03\/en-inter-amerique-les-dirigeants-de-leglise-et-les-pasteurs-invites-a-mettre-laccent-sur-la-fidelisation-des-membres\/\" \/>\n<meta property=\"og:site_name\" content=\"\u00c9glise Adventiste Du Septieme Jour - Inter Am\u00e9rique Division\" \/>\n<meta property=\"article:published_time\" content=\"2017-03-29T04:00:00+00:00\" \/>\n<meta property=\"article:modified_time\" content=\"2017-11-03T20:05:36+00:00\" \/>\n<meta property=\"og:image\" content=\"https:\/\/interamerica.org\/wp-content\/uploads\/2017\/06\/IADmembersMexicoCity.jpg\" \/>\n\t<meta property=\"og:image:width\" content=\"640\" \/>\n\t<meta property=\"og:image:height\" content=\"427\" \/>\n\t<meta property=\"og:image:type\" content=\"image\/jpeg\" \/>\n<meta name=\"author\" content=\"Lorenzo Verduzco\" \/>\n<meta name=\"twitter:card\" content=\"summary_large_image\" \/>\n<meta name=\"twitter:label1\" content=\"\u00c9crit par\" \/>\n\t<meta name=\"twitter:data1\" content=\"Lorenzo Verduzco\" \/>\n\t<meta name=\"twitter:label2\" content=\"Dur\u00e9e de lecture estim\u00e9e\" \/>\n\t<meta name=\"twitter:data2\" content=\"7 minutes\" \/>\n<script type=\"application\/ld+json\" class=\"yoast-schema-graph\">{\"@context\":\"https:\\\/\\\/schema.org\",\"@graph\":[{\"@type\":\"Article\",\"@id\":\"https:\\\/\\\/interamerica.org\\\/fr\\\/2017\\\/03\\\/en-inter-amerique-les-dirigeants-de-leglise-et-les-pasteurs-invites-a-mettre-laccent-sur-la-fidelisation-des-membres\\\/#article\",\"isPartOf\":{\"@id\":\"https:\\\/\\\/interamerica.org\\\/fr\\\/2017\\\/03\\\/en-inter-amerique-les-dirigeants-de-leglise-et-les-pasteurs-invites-a-mettre-laccent-sur-la-fidelisation-des-membres\\\/\"},\"author\":{\"name\":\"Lorenzo Verduzco\",\"@id\":\"https:\\\/\\\/interamerica.org\\\/fr\\\/#\\\/schema\\\/person\\\/68ede8bdc292885bb76c1e3810e73c39\"},\"headline\":\"En Inter Am\u00e9rique, les dirigeants de l&rsquo;\u00e9glise et les pasteurs invit\u00e9s \u00e0 mettre l&rsquo;accent sur la fid\u00e9lisation des membres\",\"datePublished\":\"2017-03-29T04:00:00+00:00\",\"dateModified\":\"2017-11-03T20:05:36+00:00\",\"mainEntityOfPage\":{\"@id\":\"https:\\\/\\\/interamerica.org\\\/fr\\\/2017\\\/03\\\/en-inter-amerique-les-dirigeants-de-leglise-et-les-pasteurs-invites-a-mettre-laccent-sur-la-fidelisation-des-membres\\\/\"},\"wordCount\":1520,\"image\":{\"@id\":\"https:\\\/\\\/interamerica.org\\\/fr\\\/2017\\\/03\\\/en-inter-amerique-les-dirigeants-de-leglise-et-les-pasteurs-invites-a-mettre-laccent-sur-la-fidelisation-des-membres\\\/#primaryimage\"},\"thumbnailUrl\":\"https:\\\/\\\/interamerica.org\\\/wp-content\\\/uploads\\\/2017\\\/06\\\/IADmembersMexicoCity.jpg\",\"articleSection\":[\"Nouvelles du si\u00e8ge de la division\",\"RSS Fran\u00e7ais\"],\"inLanguage\":\"fr-FR\"},{\"@type\":\"WebPage\",\"@id\":\"https:\\\/\\\/interamerica.org\\\/fr\\\/2017\\\/03\\\/en-inter-amerique-les-dirigeants-de-leglise-et-les-pasteurs-invites-a-mettre-laccent-sur-la-fidelisation-des-membres\\\/\",\"url\":\"https:\\\/\\\/interamerica.org\\\/fr\\\/2017\\\/03\\\/en-inter-amerique-les-dirigeants-de-leglise-et-les-pasteurs-invites-a-mettre-laccent-sur-la-fidelisation-des-membres\\\/\",\"name\":\"En Inter Am\u00e9rique, les dirigeants de l'\u00e9glise et les pasteurs invit\u00e9s \u00e0 mettre l'accent sur la fid\u00e9lisation des membres - \u00c9glise Adventiste Du Septieme Jour - Inter Am\u00e9rique Division\",\"isPartOf\":{\"@id\":\"https:\\\/\\\/interamerica.org\\\/fr\\\/#website\"},\"primaryImageOfPage\":{\"@id\":\"https:\\\/\\\/interamerica.org\\\/fr\\\/2017\\\/03\\\/en-inter-amerique-les-dirigeants-de-leglise-et-les-pasteurs-invites-a-mettre-laccent-sur-la-fidelisation-des-membres\\\/#primaryimage\"},\"image\":{\"@id\":\"https:\\\/\\\/interamerica.org\\\/fr\\\/2017\\\/03\\\/en-inter-amerique-les-dirigeants-de-leglise-et-les-pasteurs-invites-a-mettre-laccent-sur-la-fidelisation-des-membres\\\/#primaryimage\"},\"thumbnailUrl\":\"https:\\\/\\\/interamerica.org\\\/wp-content\\\/uploads\\\/2017\\\/06\\\/IADmembersMexicoCity.jpg\",\"datePublished\":\"2017-03-29T04:00:00+00:00\",\"dateModified\":\"2017-11-03T20:05:36+00:00\",\"author\":{\"@id\":\"https:\\\/\\\/interamerica.org\\\/fr\\\/#\\\/schema\\\/person\\\/68ede8bdc292885bb76c1e3810e73c39\"},\"breadcrumb\":{\"@id\":\"https:\\\/\\\/interamerica.org\\\/fr\\\/2017\\\/03\\\/en-inter-amerique-les-dirigeants-de-leglise-et-les-pasteurs-invites-a-mettre-laccent-sur-la-fidelisation-des-membres\\\/#breadcrumb\"},\"inLanguage\":\"fr-FR\",\"potentialAction\":[{\"@type\":\"ReadAction\",\"target\":[\"https:\\\/\\\/interamerica.org\\\/fr\\\/2017\\\/03\\\/en-inter-amerique-les-dirigeants-de-leglise-et-les-pasteurs-invites-a-mettre-laccent-sur-la-fidelisation-des-membres\\\/\"]}]},{\"@type\":\"ImageObject\",\"inLanguage\":\"fr-FR\",\"@id\":\"https:\\\/\\\/interamerica.org\\\/fr\\\/2017\\\/03\\\/en-inter-amerique-les-dirigeants-de-leglise-et-les-pasteurs-invites-a-mettre-laccent-sur-la-fidelisation-des-membres\\\/#primaryimage\",\"url\":\"https:\\\/\\\/interamerica.org\\\/wp-content\\\/uploads\\\/2017\\\/06\\\/IADmembersMexicoCity.jpg\",\"contentUrl\":\"https:\\\/\\\/interamerica.org\\\/wp-content\\\/uploads\\\/2017\\\/06\\\/IADmembersMexicoCity.jpg\",\"width\":640,\"height\":427},{\"@type\":\"BreadcrumbList\",\"@id\":\"https:\\\/\\\/interamerica.org\\\/fr\\\/2017\\\/03\\\/en-inter-amerique-les-dirigeants-de-leglise-et-les-pasteurs-invites-a-mettre-laccent-sur-la-fidelisation-des-membres\\\/#breadcrumb\",\"itemListElement\":[{\"@type\":\"ListItem\",\"position\":1,\"name\":\"Home\",\"item\":\"https:\\\/\\\/interamerica.org\\\/fr\\\/\"},{\"@type\":\"ListItem\",\"position\":2,\"name\":\"En Inter Am\u00e9rique, les dirigeants de l&#8217;\u00e9glise et les pasteurs invit\u00e9s \u00e0 mettre l&#8217;accent sur la fid\u00e9lisation des membres\"}]},{\"@type\":\"WebSite\",\"@id\":\"https:\\\/\\\/interamerica.org\\\/fr\\\/#website\",\"url\":\"https:\\\/\\\/interamerica.org\\\/fr\\\/\",\"name\":\"\u00c9glise Adventiste Du Septieme Jour - Inter Am\u00e9rique Division\",\"description\":\"\",\"potentialAction\":[{\"@type\":\"SearchAction\",\"target\":{\"@type\":\"EntryPoint\",\"urlTemplate\":\"https:\\\/\\\/interamerica.org\\\/fr\\\/?s={search_term_string}\"},\"query-input\":{\"@type\":\"PropertyValueSpecification\",\"valueRequired\":true,\"valueName\":\"search_term_string\"}}],\"inLanguage\":\"fr-FR\"},{\"@type\":\"Person\",\"@id\":\"https:\\\/\\\/interamerica.org\\\/fr\\\/#\\\/schema\\\/person\\\/68ede8bdc292885bb76c1e3810e73c39\",\"name\":\"Lorenzo Verduzco\",\"image\":{\"@type\":\"ImageObject\",\"inLanguage\":\"fr-FR\",\"@id\":\"https:\\\/\\\/secure.gravatar.com\\\/avatar\\\/fb81a55b6218459490a9c1dc841a34909185b81904c5337b4b27f7a6fd60c49e?s=96&d=mm&r=g\",\"url\":\"https:\\\/\\\/secure.gravatar.com\\\/avatar\\\/fb81a55b6218459490a9c1dc841a34909185b81904c5337b4b27f7a6fd60c49e?s=96&d=mm&r=g\",\"contentUrl\":\"https:\\\/\\\/secure.gravatar.com\\\/avatar\\\/fb81a55b6218459490a9c1dc841a34909185b81904c5337b4b27f7a6fd60c49e?s=96&d=mm&r=g\",\"caption\":\"Lorenzo Verduzco\"}}]}<\/script>\n<!-- \/ Yoast SEO plugin. -->","yoast_head_json":{"title":"En Inter Am\u00e9rique, les dirigeants de l'\u00e9glise et les pasteurs invit\u00e9s \u00e0 mettre l'accent sur la fid\u00e9lisation des membres - \u00c9glise Adventiste Du Septieme Jour - Inter Am\u00e9rique Division","robots":{"index":"index","follow":"follow","max-snippet":"max-snippet:-1","max-image-preview":"max-image-preview:large","max-video-preview":"max-video-preview:-1"},"canonical":"https:\/\/interamerica.org\/fr\/2017\/03\/en-inter-amerique-les-dirigeants-de-leglise-et-les-pasteurs-invites-a-mettre-laccent-sur-la-fidelisation-des-membres\/","og_locale":"fr_FR","og_type":"article","og_title":"En Inter Am\u00e9rique, les dirigeants de l'\u00e9glise et les pasteurs invit\u00e9s \u00e0 mettre l'accent sur la fid\u00e9lisation des membres - \u00c9glise Adventiste Du Septieme Jour - Inter Am\u00e9rique Division","og_description":"Les dirigeants de l'Eglise Adventiste du Septi\u00e8me Jour sur le territoire de la Division Inter Am\u00e9ricaine (DIA) veulent s'assurer que lorsqu'un nouveau membre rejoint l'une des 21000 congr\u00e9gations, qu'il ou elle sera nourrie spirituellement, qu'on en fera un disciple et qu'il deviendra activement engag\u00e9 dans la vie de l'\u00e9glise.  Le message a \u00e9t\u00e9 clair lors de la conf\u00e9rence sp\u00e9ciale sur la fid\u00e9lisation des membres qui s'est d\u00e9roul\u00e9e hier \u00e0 l'intention des pasteurs, des \u00e9vang\u00e9listes, et des membres actifs, alors que des milliers de campagnes d'\u00e9vang\u00e9lisation s'ach\u00e8vent cette semaine \u00e0 travers le territoire de la DIA.","og_url":"https:\/\/interamerica.org\/fr\/2017\/03\/en-inter-amerique-les-dirigeants-de-leglise-et-les-pasteurs-invites-a-mettre-laccent-sur-la-fidelisation-des-membres\/","og_site_name":"\u00c9glise Adventiste Du Septieme Jour - Inter Am\u00e9rique Division","article_published_time":"2017-03-29T04:00:00+00:00","article_modified_time":"2017-11-03T20:05:36+00:00","og_image":[{"width":640,"height":427,"url":"https:\/\/interamerica.org\/wp-content\/uploads\/2017\/06\/IADmembersMexicoCity.jpg","type":"image\/jpeg"}],"author":"Lorenzo Verduzco","twitter_card":"summary_large_image","twitter_misc":{"\u00c9crit par":"Lorenzo Verduzco","Dur\u00e9e de lecture estim\u00e9e":"7 minutes"},"schema":{"@context":"https:\/\/schema.org","@graph":[{"@type":"Article","@id":"https:\/\/interamerica.org\/fr\/2017\/03\/en-inter-amerique-les-dirigeants-de-leglise-et-les-pasteurs-invites-a-mettre-laccent-sur-la-fidelisation-des-membres\/#article","isPartOf":{"@id":"https:\/\/interamerica.org\/fr\/2017\/03\/en-inter-amerique-les-dirigeants-de-leglise-et-les-pasteurs-invites-a-mettre-laccent-sur-la-fidelisation-des-membres\/"},"author":{"name":"Lorenzo Verduzco","@id":"https:\/\/interamerica.org\/fr\/#\/schema\/person\/68ede8bdc292885bb76c1e3810e73c39"},"headline":"En Inter Am\u00e9rique, les dirigeants de l&rsquo;\u00e9glise et les pasteurs invit\u00e9s \u00e0 mettre l&rsquo;accent sur la fid\u00e9lisation des membres","datePublished":"2017-03-29T04:00:00+00:00","dateModified":"2017-11-03T20:05:36+00:00","mainEntityOfPage":{"@id":"https:\/\/interamerica.org\/fr\/2017\/03\/en-inter-amerique-les-dirigeants-de-leglise-et-les-pasteurs-invites-a-mettre-laccent-sur-la-fidelisation-des-membres\/"},"wordCount":1520,"image":{"@id":"https:\/\/interamerica.org\/fr\/2017\/03\/en-inter-amerique-les-dirigeants-de-leglise-et-les-pasteurs-invites-a-mettre-laccent-sur-la-fidelisation-des-membres\/#primaryimage"},"thumbnailUrl":"https:\/\/interamerica.org\/wp-content\/uploads\/2017\/06\/IADmembersMexicoCity.jpg","articleSection":["Nouvelles du si\u00e8ge de la division","RSS Fran\u00e7ais"],"inLanguage":"fr-FR"},{"@type":"WebPage","@id":"https:\/\/interamerica.org\/fr\/2017\/03\/en-inter-amerique-les-dirigeants-de-leglise-et-les-pasteurs-invites-a-mettre-laccent-sur-la-fidelisation-des-membres\/","url":"https:\/\/interamerica.org\/fr\/2017\/03\/en-inter-amerique-les-dirigeants-de-leglise-et-les-pasteurs-invites-a-mettre-laccent-sur-la-fidelisation-des-membres\/","name":"En Inter Am\u00e9rique, les dirigeants de l'\u00e9glise et les pasteurs invit\u00e9s \u00e0 mettre l'accent sur la fid\u00e9lisation des membres - \u00c9glise Adventiste Du Septieme Jour - Inter Am\u00e9rique Division","isPartOf":{"@id":"https:\/\/interamerica.org\/fr\/#website"},"primaryImageOfPage":{"@id":"https:\/\/interamerica.org\/fr\/2017\/03\/en-inter-amerique-les-dirigeants-de-leglise-et-les-pasteurs-invites-a-mettre-laccent-sur-la-fidelisation-des-membres\/#primaryimage"},"image":{"@id":"https:\/\/interamerica.org\/fr\/2017\/03\/en-inter-amerique-les-dirigeants-de-leglise-et-les-pasteurs-invites-a-mettre-laccent-sur-la-fidelisation-des-membres\/#primaryimage"},"thumbnailUrl":"https:\/\/interamerica.org\/wp-content\/uploads\/2017\/06\/IADmembersMexicoCity.jpg","datePublished":"2017-03-29T04:00:00+00:00","dateModified":"2017-11-03T20:05:36+00:00","author":{"@id":"https:\/\/interamerica.org\/fr\/#\/schema\/person\/68ede8bdc292885bb76c1e3810e73c39"},"breadcrumb":{"@id":"https:\/\/interamerica.org\/fr\/2017\/03\/en-inter-amerique-les-dirigeants-de-leglise-et-les-pasteurs-invites-a-mettre-laccent-sur-la-fidelisation-des-membres\/#breadcrumb"},"inLanguage":"fr-FR","potentialAction":[{"@type":"ReadAction","target":["https:\/\/interamerica.org\/fr\/2017\/03\/en-inter-amerique-les-dirigeants-de-leglise-et-les-pasteurs-invites-a-mettre-laccent-sur-la-fidelisation-des-membres\/"]}]},{"@type":"ImageObject","inLanguage":"fr-FR","@id":"https:\/\/interamerica.org\/fr\/2017\/03\/en-inter-amerique-les-dirigeants-de-leglise-et-les-pasteurs-invites-a-mettre-laccent-sur-la-fidelisation-des-membres\/#primaryimage","url":"https:\/\/interamerica.org\/wp-content\/uploads\/2017\/06\/IADmembersMexicoCity.jpg","contentUrl":"https:\/\/interamerica.org\/wp-content\/uploads\/2017\/06\/IADmembersMexicoCity.jpg","width":640,"height":427},{"@type":"BreadcrumbList","@id":"https:\/\/interamerica.org\/fr\/2017\/03\/en-inter-amerique-les-dirigeants-de-leglise-et-les-pasteurs-invites-a-mettre-laccent-sur-la-fidelisation-des-membres\/#breadcrumb","itemListElement":[{"@type":"ListItem","position":1,"name":"Home","item":"https:\/\/interamerica.org\/fr\/"},{"@type":"ListItem","position":2,"name":"En Inter Am\u00e9rique, les dirigeants de l&#8217;\u00e9glise et les pasteurs invit\u00e9s \u00e0 mettre l&#8217;accent sur la fid\u00e9lisation des membres"}]},{"@type":"WebSite","@id":"https:\/\/interamerica.org\/fr\/#website","url":"https:\/\/interamerica.org\/fr\/","name":"\u00c9glise Adventiste Du Septieme Jour - Inter Am\u00e9rique Division","description":"","potentialAction":[{"@type":"SearchAction","target":{"@type":"EntryPoint","urlTemplate":"https:\/\/interamerica.org\/fr\/?s={search_term_string}"},"query-input":{"@type":"PropertyValueSpecification","valueRequired":true,"valueName":"search_term_string"}}],"inLanguage":"fr-FR"},{"@type":"Person","@id":"https:\/\/interamerica.org\/fr\/#\/schema\/person\/68ede8bdc292885bb76c1e3810e73c39","name":"Lorenzo Verduzco","image":{"@type":"ImageObject","inLanguage":"fr-FR","@id":"https:\/\/secure.gravatar.com\/avatar\/fb81a55b6218459490a9c1dc841a34909185b81904c5337b4b27f7a6fd60c49e?s=96&d=mm&r=g","url":"https:\/\/secure.gravatar.com\/avatar\/fb81a55b6218459490a9c1dc841a34909185b81904c5337b4b27f7a6fd60c49e?s=96&d=mm&r=g","contentUrl":"https:\/\/secure.gravatar.com\/avatar\/fb81a55b6218459490a9c1dc841a34909185b81904c5337b4b27f7a6fd60c49e?s=96&d=mm&r=g","caption":"Lorenzo Verduzco"}}]}},"_links":{"self":[{"href":"https:\/\/interamerica.org\/fr\/wp-json\/wp\/v2\/posts\/32811","targetHints":{"allow":["GET"]}}],"collection":[{"href":"https:\/\/interamerica.org\/fr\/wp-json\/wp\/v2\/posts"}],"about":[{"href":"https:\/\/interamerica.org\/fr\/wp-json\/wp\/v2\/types\/post"}],"author":[{"embeddable":true,"href":"https:\/\/interamerica.org\/fr\/wp-json\/wp\/v2\/users\/1"}],"replies":[{"embeddable":true,"href":"https:\/\/interamerica.org\/fr\/wp-json\/wp\/v2\/comments?post=32811"}],"version-history":[{"count":0,"href":"https:\/\/interamerica.org\/fr\/wp-json\/wp\/v2\/posts\/32811\/revisions"}],"wp:featuredmedia":[{"embeddable":true,"href":"https:\/\/interamerica.org\/fr\/wp-json\/wp\/v2\/media\/29484"}],"wp:attachment":[{"href":"https:\/\/interamerica.org\/fr\/wp-json\/wp\/v2\/media?parent=32811"}],"wp:term":[{"taxonomy":"category","embeddable":true,"href":"https:\/\/interamerica.org\/fr\/wp-json\/wp\/v2\/categories?post=32811"},{"taxonomy":"post_tag","embeddable":true,"href":"https:\/\/interamerica.org\/fr\/wp-json\/wp\/v2\/tags?post=32811"}],"curies":[{"name":"wp","href":"https:\/\/api.w.org\/{rel}","templated":true}]}}