{"id":32829,"date":"2017-04-15T00:00:00","date_gmt":"2017-04-15T04:00:00","guid":{"rendered":"http:\/\/192.81.217.108\/interamerica\/2017\/04\/les-eclaireurs-invites-a-se-rappeler-leur-veritable-identite-et-leur-mission\/"},"modified":"2017-11-02T18:10:37","modified_gmt":"2017-11-02T22:10:37","slug":"les-eclaireurs-invites-a-se-rappeler-leur-veritable-identite-et-leur-mission","status":"publish","type":"post","link":"https:\/\/interamerica.org\/fr\/2017\/04\/les-eclaireurs-invites-a-se-rappeler-leur-veritable-identite-et-leur-mission\/","title":{"rendered":"Les Eclaireurs invit\u00e9s \u00e0 se rappeler leur v\u00e9ritable identit\u00e9 et leur mission"},"content":{"rendered":"<div id=\"attachment_28187\" style=\"width: 717px\" class=\"wp-caption aligncenter\"><a href=\"\/interamerica\/wp-content\/uploads\/2017\/06\/ANaPatricia-Hernandez.jpg\" rel=\"fancybox\" title=\"Les Eclaireurs invit\u00e9s \u00e0 se rappeler leur v\u00e9ritable identit\u00e9 et leur mission\"><img fetchpriority=\"high\" decoding=\"async\" aria-describedby=\"caption-attachment-28187\" class=\" wp-image-28187\" src=\"\/interamerica\/wp-content\/uploads\/2017\/06\/ANaPatricia-Hernandez.jpg\" alt=\"\" width=\"707\" height=\"471\" \/><\/a><p id=\"caption-attachment-28187\" class=\"wp-caption-text\">Ana Patricia Hernandez de Randeles Malpaso dans l\u2019\u00e9tat de Chiapas au Mexique, dit qu\u2019elle a abandonn\u00e9 avec joie la c\u00e9l\u00e9bration de son quinzi\u00e8me anniversaire afin de participer au Campor\u00e9e des Eclaireurs de l\u2019Inter Am\u00e9rique \u00e0 Santo Domingo en R\u00e9publique Dominicaine du 11 au 15 avril 2017. Elle sait qu\u2019une f\u00eate ne dure que quelques heures, mais que le campor\u00e9e permetrra d\u2019avoir une vie toute enti\u00e8re de souvenirs. Image de Daniel Gallardo\/DIA.<\/p><\/div>\n<p>A14 Avril 2017 \u2013 Santo Domingo, R\u00e9publique Dominicaine \u2013 Libna Stevens\/DIA<\/p>\n<p>Venir au 4\u00e8me Campor\u00e9e Des Eclaireurs organis\u00e9 pour l\u2019ensemble du territoire de l\u2019Inter Am\u00e9rique est un r\u00eave devenu r\u00e9alit\u00e9 pour Ana Patricia Hernandez de l\u2019\u00e9tat de Chiapas au Mexique. Le soleil, la chaleur, les milliers de camarades venus de dizaines d\u2019autres pays, c\u2019est pour elle comme un \u00e9norme cadeau emball\u00e9. Ana a pr\u00e9f\u00e9r\u00e9 choisir un voyage pour aller camper six jours \u00e0 Santo Domingo en R\u00e9publique Dominicaine plut\u00f4t que de profiter de la c\u00e9l\u00e9bration de son 15\u00e8me anniversaire avec sa famille et ses amis. Sa d\u00e9cision de passer outre la traditionnelle f\u00eate d\u2019anniversaire \u00e9tait la d\u00e9cision la plus facile \u00e0 prendre.<\/p>\n<p>\u00ab Une f\u00eate d\u2019anniversaire peut durer quelques heures, mais un programme comme celui-ci peut durer pour moi toute une vie, \u00bb a dit Ana. Elle a absorb\u00e9 chaque moment au Parc Mirador del Este, elle a gagn\u00e9 des badges, elle a \u00e9chang\u00e9 des pin\u2019s, elle a appris l\u2019histoire du mouvement des \u00e9claireurs, elle s\u2019est fait de nouveaux amis et a appris davantage sur l\u2019h\u00e9ritage de Ruth le personnage biblique.<\/p>\n<p>\u00ab Ruth \u00e9tait une femme forte et elle n\u2019\u00e9tait pas \u00e9branl\u00e9e par ceux qui pratiquaient le p\u00e9ch\u00e9 autour d\u2019elle, \u00bb a dit Ana. \u00ab Je sais qu\u2019il est important d\u2019\u00eatre ferme et de prendre position clairement pour ce en quoi vous croyez. \u00bb<\/p>\n<div id=\"attachment_28194\" style=\"width: 459px\" class=\"wp-caption alignleft\"><a href=\"\/interamerica\/wp-content\/uploads\/2017\/06\/PathfinderMuseum.jpg\" rel=\"fancybox\" title=\"Les Eclaireurs invit\u00e9s \u00e0 se rappeler leur v\u00e9ritable identit\u00e9 et leur mission\"><img decoding=\"async\" aria-describedby=\"caption-attachment-28194\" class=\" wp-image-28194\" src=\"\/interamerica\/wp-content\/uploads\/2017\/06\/PathfinderMuseum.jpg\" alt=\"\" width=\"449\" height=\"299\" \/><\/a><p id=\"caption-attachment-28194\" class=\"wp-caption-text\">Un \u00e9claireur regarde des patches d&rsquo;il y a plusieurs d\u00e9cennies. Image de Daniel Gallardo\/DIA<\/p><\/div>\n<p>A quatorze ans, elle est au clair sur son identit\u00e9 et sur sa mission en tant qu\u2019\u00e9claireur afin de tenir ferme dans l\u2019ob\u00e9issance \u00e0 la loi de Dieu, de partager Son amour avec un monde qui se meurt et de proclamer l\u2019esp\u00e9rance de la prochaine Venue de J\u00e9sus.<\/p>\n<p>C\u2019est de cette claire identit\u00e9 que les dirigeants Adventistes du Septi\u00e8me Jour voudraient que les \u00e9claireurs se souviennent lorsqu\u2019ils retourneront chez eux ce weekend.<\/p>\n<p>Le [club] des \u00e9claireurs met l\u2019accent sur l\u2019engagement que leurs membres ont avec J\u00e9sus et avec ceux qui les entourent, et cette identit\u00e9 les am\u00e8ne dans un engagement local avec une vision locale, \u00bb a expliqu\u00e9 pasteur Ruiz. Et cela va m\u00eame au del\u00e0 a dit pasteur Ruiz. \u00ab Parce qu\u2019il est important qu\u2019il apprennent \u00e0 partager cette identit\u00e9 mondiale avec leurs camarades et les croyants qui trouvent leur identit\u00e9 en J\u00e9sus parce qu\u2019ils ou elles vivront avec J\u00e9sus \u00e9ternellement. \u00bb<\/p>\n<p>Le club renforce les facult\u00e9s physiques, mentales et spirituelles les conduisant \u00e0 J\u00e9sus, le commencement et la fin de leur identit\u00e9, a ajout\u00e9 pasteur Ruiz qui a des d\u00e9cennies d\u2019exp\u00e9rience dans la direction des \u00e9claireurs et des chefs-guides au Mexique.<\/p>\n<p>Tout ce qui est enseign\u00e9 au club a une signification et un objectif dans la croissance de l\u2019\u00e9claireur, a soulign\u00e9 pasteur Ruiz. \u00ab C\u2019est pourquoi il est important qu\u2019ils connaissent les racines et la mani\u00e8re dont le club a d\u00e9but\u00e9 comme instrument d\u2019\u00e9vang\u00e9lisation pour conduire de fid\u00e8les jeunes dans le Royaume des Cieux, \u00bb a dit pasteur Ruiz.<\/p>\n<p>Les organisateurs ont voulu s\u2019assurer que les \u00e9claireurs puissent visiter le Mus\u00e9e de l\u2019Histoire des Eclaireurs pendant le programme du campor\u00e9e.<\/p>\n<div id=\"attachment_28191\" style=\"width: 459px\" class=\"wp-caption alignleft\"><a href=\"\/interamerica\/wp-content\/uploads\/2017\/06\/Museum-pins.jpg\" rel=\"fancybox\" title=\"Les Eclaireurs invit\u00e9s \u00e0 se rappeler leur v\u00e9ritable identit\u00e9 et leur mission\"><img decoding=\"async\" aria-describedby=\"caption-attachment-28191\" class=\" wp-image-28191\" src=\"\/interamerica\/wp-content\/uploads\/2017\/06\/Museum-pins.jpg\" alt=\"\" width=\"449\" height=\"266\" \/><\/a><p id=\"caption-attachment-28191\" class=\"wp-caption-text\">Les \u00e9claireurs voient une exposition de pin\u2019s dans le Mus\u00e9e de l\u2019Histoire des Eclaireurs implant\u00e9 au Parc Mirador del Este \u00e0 Santo Domingo.<\/p><\/div>\n<p>Le Mus\u00e9e des Minist\u00e8res de la Jeunesse dirig\u00e9 par Terry Dodge de Battle Creek dans le Michigan, a amen\u00e9 des pi\u00e8ces pour mettre en lumi\u00e8re l\u2019\u00e9glise des d\u00e9buts lanc\u00e9e par des jeunes, la naissance du club des \u00e9claireurs, son organisation officielle dans les ann\u00e9es 1950 par la Conf\u00e9rence G\u00e9n\u00e9rale, mais aussi les couleurs, les uniformes, les patches et les pin\u2019s utilis\u00e9s tout au long des ann\u00e9es.<\/p>\n<p>Terry Dodge se rend dans diff\u00e9rents campor\u00e9es \u00e0 travers le monde depuis des d\u00e9cennies maintenant et il montre l\u2019importance de l\u2019identit\u00e9 de l\u2019\u00e9claireur. \u00ab Etre \u00e9claireur c\u2019est un style de vie, \u00bb a dit Terry Dodge. \u00ab Notre engagement et notre loi le disent, comment nous vivons, notre relation avec J\u00e9sus et notre devoir de proclamer au monde Sa prochaine Venue, \u00bb a ajout\u00e9 Terry Dodge. Il est devenu \u00e9claireur \u00e0 l\u2019\u00e2ge de 10 ans et il n\u2019a jamais rat\u00e9 un campor\u00e9e. Terry Dodge fait partie de l\u2019\u00e9quipe de direction des organisateurs du Campor\u00e9e International des Eclaireurs qui se tient \u00e0 Oshkosh depuis la fin des ann\u00e9es 1990.<\/p>\n<p>Le mus\u00e9e comprend \u00e9galement une section avec une exposition compl\u00e8te d\u2019arch\u00e9ologie et aussi une pr\u00e9sentation de l\u2019origine de l\u2019\u00e9change de pin\u2019s et une collection de pin\u2019s d\u2019\u00e9claireurs.<\/p>\n<p>Voir la force des milliers d\u2019\u00e9claireurs pendant ce 4\u00e8me campor\u00e9e des \u00e9claireurs organis\u00e9 pour l\u2019ensemble du territoire de l\u2019Inter Am\u00e9rique est une v\u00e9ritable b\u00e9n\u00e9diction, a dit Louise Nocandy. \u00ab Je suis si fi\u00e8re de nos jeunes parce qu\u2019ils sont clairement une lign\u00e9e de champions attendant la seconde venue glorieuse de notre Seigneur et Sauveur J\u00e9sus-Christ, \u00bb a dit Louise Nocandy.<\/p>\n<p>\u00ab Nous voulons que les \u00e9claireurs comprennent mieux l\u2019objectif du club et sa vision pour faire de nous des disciples afin de devenir des dirigeants d\u2019\u00e9glise efficaces aujourd\u2019hui et dans l\u2019avenir, \u00bb a ajout\u00e9 Louise Nocandy.<\/p>\n<p>Pour voir une galerie de photos du campor\u00e9e, visitez le site <a href=\"https:\/\/www.flickr.com\/photos\/interamerica\/\">flikr.com\/photos\/interamerica<\/a><\/p>\n<p>Compte Facebook :<\/p>\n<p><a href=\"https:\/\/www.facebook.com\/CamporeeDIA\">CamporeeDIA<\/a><\/p>\n<p>Facebook Anglais : <a href=\"https:\/\/www.facebook.com\/interamerica.org\/\">Inter-American Division<\/a><br \/>\nEspagnol: <a href=\"https:\/\/www.facebook.com\/divisioninteramericana\/\">Divisi\u00f3n Interamericana<\/a><br \/>\nFran\u00e7ais <a href=\"https:\/\/www.facebook.com\/adventistes\/\">Division Interam\u00e9ricaine<\/a><\/p>\n<p>Instagram: @adventistIAD<br \/>\nTwitter Anglais: @adventistIAD<br \/>\nTwitter Espagnol: @adventistasDIA<\/p>\n<p>#CampDIA17<\/p>\n","protected":false},"excerpt":{"rendered":"<p>Venir au 4\u00e8me Campor\u00e9e Des Eclaireurs organis\u00e9 pour l\u2019ensemble du territoire de l\u2019Inter Am\u00e9rique est un r\u00eave devenu r\u00e9alit\u00e9 pour Ana Patricia Hernandez de l\u2019\u00e9tat de Chiapas au Mexique. Le soleil, la chaleur, les milliers de camarades venus de dizaines d\u2019autres pays, c\u2019est pour elle comme un \u00e9norme cadeau emball\u00e9. Ana a pr\u00e9f\u00e9r\u00e9 choisir un voyage pour aller camper six jours \u00e0 Santo Domingo en R\u00e9publique Dominicaine plut\u00f4t que de profiter de la c\u00e9l\u00e9bration de son 15\u00e8me anniversaire avec sa famille et ses amis. Sa d\u00e9cision de passer outre la traditionnelle f\u00eate d\u2019anniversaire \u00e9tait la d\u00e9cision la plus facile \u00e0 prendre.<\/p>\n","protected":false},"author":1,"featured_media":29681,"comment_status":"closed","ping_status":"closed","sticky":false,"template":"","format":"standard","meta":{"_acf_changed":false,"footnotes":""},"categories":[20,19],"tags":[],"class_list":["post-32829","post","type-post","status-publish","format-standard","has-post-thumbnail","hentry","category-nouvelles-du-siege-de-la-division","category-rss-francais"],"acf":[],"yoast_head":"<!-- This site is optimized with the Yoast SEO plugin v27.3 - https:\/\/yoast.com\/product\/yoast-seo-wordpress\/ -->\n<title>Les Eclaireurs invit\u00e9s \u00e0 se rappeler leur v\u00e9ritable identit\u00e9 et leur mission - \u00c9glise Adventiste Du Septieme Jour - Inter Am\u00e9rique Division<\/title>\n<meta name=\"robots\" content=\"index, follow, max-snippet:-1, max-image-preview:large, max-video-preview:-1\" \/>\n<link rel=\"canonical\" href=\"https:\/\/interamerica.org\/fr\/2017\/04\/les-eclaireurs-invites-a-se-rappeler-leur-veritable-identite-et-leur-mission\/\" \/>\n<meta property=\"og:locale\" content=\"fr_FR\" \/>\n<meta property=\"og:type\" content=\"article\" \/>\n<meta property=\"og:title\" content=\"Les Eclaireurs invit\u00e9s \u00e0 se rappeler leur v\u00e9ritable identit\u00e9 et leur mission - \u00c9glise Adventiste Du Septieme Jour - Inter Am\u00e9rique Division\" \/>\n<meta property=\"og:description\" content=\"Venir au 4\u00e8me Campor\u00e9e Des Eclaireurs organis\u00e9 pour l\u2019ensemble du territoire de l\u2019Inter Am\u00e9rique est un r\u00eave devenu r\u00e9alit\u00e9 pour Ana Patricia Hernandez de l\u2019\u00e9tat de Chiapas au Mexique. Le soleil, la chaleur, les milliers de camarades venus de dizaines d\u2019autres pays, c\u2019est pour elle comme un \u00e9norme cadeau emball\u00e9. Ana a pr\u00e9f\u00e9r\u00e9 choisir un voyage pour aller camper six jours \u00e0 Santo Domingo en R\u00e9publique Dominicaine plut\u00f4t que de profiter de la c\u00e9l\u00e9bration de son 15\u00e8me anniversaire avec sa famille et ses amis. Sa d\u00e9cision de passer outre la traditionnelle f\u00eate d\u2019anniversaire \u00e9tait la d\u00e9cision la plus facile \u00e0 prendre.\" \/>\n<meta property=\"og:url\" content=\"https:\/\/interamerica.org\/fr\/2017\/04\/les-eclaireurs-invites-a-se-rappeler-leur-veritable-identite-et-leur-mission\/\" \/>\n<meta property=\"og:site_name\" content=\"\u00c9glise Adventiste Du Septieme Jour - Inter Am\u00e9rique Division\" \/>\n<meta property=\"article:published_time\" content=\"2017-04-15T04:00:00+00:00\" \/>\n<meta property=\"article:modified_time\" content=\"2017-11-02T22:10:37+00:00\" \/>\n<meta property=\"og:image\" content=\"https:\/\/interamerica.org\/wp-content\/uploads\/2017\/06\/ANaPatricia-Hernandez.jpg\" \/>\n\t<meta property=\"og:image:width\" content=\"800\" \/>\n\t<meta property=\"og:image:height\" content=\"533\" \/>\n\t<meta property=\"og:image:type\" content=\"image\/jpeg\" \/>\n<meta name=\"author\" content=\"Lorenzo Verduzco\" \/>\n<meta name=\"twitter:card\" content=\"summary_large_image\" \/>\n<meta name=\"twitter:label1\" content=\"\u00c9crit par\" \/>\n\t<meta name=\"twitter:data1\" content=\"Lorenzo Verduzco\" \/>\n\t<meta name=\"twitter:label2\" content=\"Dur\u00e9e de lecture estim\u00e9e\" \/>\n\t<meta name=\"twitter:data2\" content=\"5 minutes\" \/>\n<script type=\"application\/ld+json\" class=\"yoast-schema-graph\">{\"@context\":\"https:\\\/\\\/schema.org\",\"@graph\":[{\"@type\":\"Article\",\"@id\":\"https:\\\/\\\/interamerica.org\\\/fr\\\/2017\\\/04\\\/les-eclaireurs-invites-a-se-rappeler-leur-veritable-identite-et-leur-mission\\\/#article\",\"isPartOf\":{\"@id\":\"https:\\\/\\\/interamerica.org\\\/fr\\\/2017\\\/04\\\/les-eclaireurs-invites-a-se-rappeler-leur-veritable-identite-et-leur-mission\\\/\"},\"author\":{\"name\":\"Lorenzo Verduzco\",\"@id\":\"https:\\\/\\\/interamerica.org\\\/fr\\\/#\\\/schema\\\/person\\\/68ede8bdc292885bb76c1e3810e73c39\"},\"headline\":\"Les Eclaireurs invit\u00e9s \u00e0 se rappeler leur v\u00e9ritable identit\u00e9 et leur mission\",\"datePublished\":\"2017-04-15T04:00:00+00:00\",\"dateModified\":\"2017-11-02T22:10:37+00:00\",\"mainEntityOfPage\":{\"@id\":\"https:\\\/\\\/interamerica.org\\\/fr\\\/2017\\\/04\\\/les-eclaireurs-invites-a-se-rappeler-leur-veritable-identite-et-leur-mission\\\/\"},\"wordCount\":1083,\"image\":{\"@id\":\"https:\\\/\\\/interamerica.org\\\/fr\\\/2017\\\/04\\\/les-eclaireurs-invites-a-se-rappeler-leur-veritable-identite-et-leur-mission\\\/#primaryimage\"},\"thumbnailUrl\":\"https:\\\/\\\/interamerica.org\\\/wp-content\\\/uploads\\\/2017\\\/06\\\/ANaPatricia-Hernandez.jpg\",\"articleSection\":[\"Nouvelles du si\u00e8ge de la division\",\"RSS Fran\u00e7ais\"],\"inLanguage\":\"fr-FR\"},{\"@type\":\"WebPage\",\"@id\":\"https:\\\/\\\/interamerica.org\\\/fr\\\/2017\\\/04\\\/les-eclaireurs-invites-a-se-rappeler-leur-veritable-identite-et-leur-mission\\\/\",\"url\":\"https:\\\/\\\/interamerica.org\\\/fr\\\/2017\\\/04\\\/les-eclaireurs-invites-a-se-rappeler-leur-veritable-identite-et-leur-mission\\\/\",\"name\":\"Les Eclaireurs invit\u00e9s \u00e0 se rappeler leur v\u00e9ritable identit\u00e9 et leur mission - \u00c9glise Adventiste Du Septieme Jour - Inter Am\u00e9rique Division\",\"isPartOf\":{\"@id\":\"https:\\\/\\\/interamerica.org\\\/fr\\\/#website\"},\"primaryImageOfPage\":{\"@id\":\"https:\\\/\\\/interamerica.org\\\/fr\\\/2017\\\/04\\\/les-eclaireurs-invites-a-se-rappeler-leur-veritable-identite-et-leur-mission\\\/#primaryimage\"},\"image\":{\"@id\":\"https:\\\/\\\/interamerica.org\\\/fr\\\/2017\\\/04\\\/les-eclaireurs-invites-a-se-rappeler-leur-veritable-identite-et-leur-mission\\\/#primaryimage\"},\"thumbnailUrl\":\"https:\\\/\\\/interamerica.org\\\/wp-content\\\/uploads\\\/2017\\\/06\\\/ANaPatricia-Hernandez.jpg\",\"datePublished\":\"2017-04-15T04:00:00+00:00\",\"dateModified\":\"2017-11-02T22:10:37+00:00\",\"author\":{\"@id\":\"https:\\\/\\\/interamerica.org\\\/fr\\\/#\\\/schema\\\/person\\\/68ede8bdc292885bb76c1e3810e73c39\"},\"breadcrumb\":{\"@id\":\"https:\\\/\\\/interamerica.org\\\/fr\\\/2017\\\/04\\\/les-eclaireurs-invites-a-se-rappeler-leur-veritable-identite-et-leur-mission\\\/#breadcrumb\"},\"inLanguage\":\"fr-FR\",\"potentialAction\":[{\"@type\":\"ReadAction\",\"target\":[\"https:\\\/\\\/interamerica.org\\\/fr\\\/2017\\\/04\\\/les-eclaireurs-invites-a-se-rappeler-leur-veritable-identite-et-leur-mission\\\/\"]}]},{\"@type\":\"ImageObject\",\"inLanguage\":\"fr-FR\",\"@id\":\"https:\\\/\\\/interamerica.org\\\/fr\\\/2017\\\/04\\\/les-eclaireurs-invites-a-se-rappeler-leur-veritable-identite-et-leur-mission\\\/#primaryimage\",\"url\":\"https:\\\/\\\/interamerica.org\\\/wp-content\\\/uploads\\\/2017\\\/06\\\/ANaPatricia-Hernandez.jpg\",\"contentUrl\":\"https:\\\/\\\/interamerica.org\\\/wp-content\\\/uploads\\\/2017\\\/06\\\/ANaPatricia-Hernandez.jpg\",\"width\":800,\"height\":533},{\"@type\":\"BreadcrumbList\",\"@id\":\"https:\\\/\\\/interamerica.org\\\/fr\\\/2017\\\/04\\\/les-eclaireurs-invites-a-se-rappeler-leur-veritable-identite-et-leur-mission\\\/#breadcrumb\",\"itemListElement\":[{\"@type\":\"ListItem\",\"position\":1,\"name\":\"Home\",\"item\":\"https:\\\/\\\/interamerica.org\\\/fr\\\/\"},{\"@type\":\"ListItem\",\"position\":2,\"name\":\"Les Eclaireurs invit\u00e9s \u00e0 se rappeler leur v\u00e9ritable identit\u00e9 et leur mission\"}]},{\"@type\":\"WebSite\",\"@id\":\"https:\\\/\\\/interamerica.org\\\/fr\\\/#website\",\"url\":\"https:\\\/\\\/interamerica.org\\\/fr\\\/\",\"name\":\"\u00c9glise Adventiste Du Septieme Jour - Inter Am\u00e9rique Division\",\"description\":\"\",\"potentialAction\":[{\"@type\":\"SearchAction\",\"target\":{\"@type\":\"EntryPoint\",\"urlTemplate\":\"https:\\\/\\\/interamerica.org\\\/fr\\\/?s={search_term_string}\"},\"query-input\":{\"@type\":\"PropertyValueSpecification\",\"valueRequired\":true,\"valueName\":\"search_term_string\"}}],\"inLanguage\":\"fr-FR\"},{\"@type\":\"Person\",\"@id\":\"https:\\\/\\\/interamerica.org\\\/fr\\\/#\\\/schema\\\/person\\\/68ede8bdc292885bb76c1e3810e73c39\",\"name\":\"Lorenzo Verduzco\",\"image\":{\"@type\":\"ImageObject\",\"inLanguage\":\"fr-FR\",\"@id\":\"https:\\\/\\\/secure.gravatar.com\\\/avatar\\\/fb81a55b6218459490a9c1dc841a34909185b81904c5337b4b27f7a6fd60c49e?s=96&d=mm&r=g\",\"url\":\"https:\\\/\\\/secure.gravatar.com\\\/avatar\\\/fb81a55b6218459490a9c1dc841a34909185b81904c5337b4b27f7a6fd60c49e?s=96&d=mm&r=g\",\"contentUrl\":\"https:\\\/\\\/secure.gravatar.com\\\/avatar\\\/fb81a55b6218459490a9c1dc841a34909185b81904c5337b4b27f7a6fd60c49e?s=96&d=mm&r=g\",\"caption\":\"Lorenzo Verduzco\"}}]}<\/script>\n<!-- \/ Yoast SEO plugin. -->","yoast_head_json":{"title":"Les Eclaireurs invit\u00e9s \u00e0 se rappeler leur v\u00e9ritable identit\u00e9 et leur mission - \u00c9glise Adventiste Du Septieme Jour - Inter Am\u00e9rique Division","robots":{"index":"index","follow":"follow","max-snippet":"max-snippet:-1","max-image-preview":"max-image-preview:large","max-video-preview":"max-video-preview:-1"},"canonical":"https:\/\/interamerica.org\/fr\/2017\/04\/les-eclaireurs-invites-a-se-rappeler-leur-veritable-identite-et-leur-mission\/","og_locale":"fr_FR","og_type":"article","og_title":"Les Eclaireurs invit\u00e9s \u00e0 se rappeler leur v\u00e9ritable identit\u00e9 et leur mission - \u00c9glise Adventiste Du Septieme Jour - Inter Am\u00e9rique Division","og_description":"Venir au 4\u00e8me Campor\u00e9e Des Eclaireurs organis\u00e9 pour l\u2019ensemble du territoire de l\u2019Inter Am\u00e9rique est un r\u00eave devenu r\u00e9alit\u00e9 pour Ana Patricia Hernandez de l\u2019\u00e9tat de Chiapas au Mexique. Le soleil, la chaleur, les milliers de camarades venus de dizaines d\u2019autres pays, c\u2019est pour elle comme un \u00e9norme cadeau emball\u00e9. Ana a pr\u00e9f\u00e9r\u00e9 choisir un voyage pour aller camper six jours \u00e0 Santo Domingo en R\u00e9publique Dominicaine plut\u00f4t que de profiter de la c\u00e9l\u00e9bration de son 15\u00e8me anniversaire avec sa famille et ses amis. Sa d\u00e9cision de passer outre la traditionnelle f\u00eate d\u2019anniversaire \u00e9tait la d\u00e9cision la plus facile \u00e0 prendre.","og_url":"https:\/\/interamerica.org\/fr\/2017\/04\/les-eclaireurs-invites-a-se-rappeler-leur-veritable-identite-et-leur-mission\/","og_site_name":"\u00c9glise Adventiste Du Septieme Jour - Inter Am\u00e9rique Division","article_published_time":"2017-04-15T04:00:00+00:00","article_modified_time":"2017-11-02T22:10:37+00:00","og_image":[{"width":800,"height":533,"url":"https:\/\/interamerica.org\/wp-content\/uploads\/2017\/06\/ANaPatricia-Hernandez.jpg","type":"image\/jpeg"}],"author":"Lorenzo Verduzco","twitter_card":"summary_large_image","twitter_misc":{"\u00c9crit par":"Lorenzo Verduzco","Dur\u00e9e de lecture estim\u00e9e":"5 minutes"},"schema":{"@context":"https:\/\/schema.org","@graph":[{"@type":"Article","@id":"https:\/\/interamerica.org\/fr\/2017\/04\/les-eclaireurs-invites-a-se-rappeler-leur-veritable-identite-et-leur-mission\/#article","isPartOf":{"@id":"https:\/\/interamerica.org\/fr\/2017\/04\/les-eclaireurs-invites-a-se-rappeler-leur-veritable-identite-et-leur-mission\/"},"author":{"name":"Lorenzo Verduzco","@id":"https:\/\/interamerica.org\/fr\/#\/schema\/person\/68ede8bdc292885bb76c1e3810e73c39"},"headline":"Les Eclaireurs invit\u00e9s \u00e0 se rappeler leur v\u00e9ritable identit\u00e9 et leur mission","datePublished":"2017-04-15T04:00:00+00:00","dateModified":"2017-11-02T22:10:37+00:00","mainEntityOfPage":{"@id":"https:\/\/interamerica.org\/fr\/2017\/04\/les-eclaireurs-invites-a-se-rappeler-leur-veritable-identite-et-leur-mission\/"},"wordCount":1083,"image":{"@id":"https:\/\/interamerica.org\/fr\/2017\/04\/les-eclaireurs-invites-a-se-rappeler-leur-veritable-identite-et-leur-mission\/#primaryimage"},"thumbnailUrl":"https:\/\/interamerica.org\/wp-content\/uploads\/2017\/06\/ANaPatricia-Hernandez.jpg","articleSection":["Nouvelles du si\u00e8ge de la division","RSS Fran\u00e7ais"],"inLanguage":"fr-FR"},{"@type":"WebPage","@id":"https:\/\/interamerica.org\/fr\/2017\/04\/les-eclaireurs-invites-a-se-rappeler-leur-veritable-identite-et-leur-mission\/","url":"https:\/\/interamerica.org\/fr\/2017\/04\/les-eclaireurs-invites-a-se-rappeler-leur-veritable-identite-et-leur-mission\/","name":"Les Eclaireurs invit\u00e9s \u00e0 se rappeler leur v\u00e9ritable identit\u00e9 et leur mission - \u00c9glise Adventiste Du Septieme Jour - Inter Am\u00e9rique Division","isPartOf":{"@id":"https:\/\/interamerica.org\/fr\/#website"},"primaryImageOfPage":{"@id":"https:\/\/interamerica.org\/fr\/2017\/04\/les-eclaireurs-invites-a-se-rappeler-leur-veritable-identite-et-leur-mission\/#primaryimage"},"image":{"@id":"https:\/\/interamerica.org\/fr\/2017\/04\/les-eclaireurs-invites-a-se-rappeler-leur-veritable-identite-et-leur-mission\/#primaryimage"},"thumbnailUrl":"https:\/\/interamerica.org\/wp-content\/uploads\/2017\/06\/ANaPatricia-Hernandez.jpg","datePublished":"2017-04-15T04:00:00+00:00","dateModified":"2017-11-02T22:10:37+00:00","author":{"@id":"https:\/\/interamerica.org\/fr\/#\/schema\/person\/68ede8bdc292885bb76c1e3810e73c39"},"breadcrumb":{"@id":"https:\/\/interamerica.org\/fr\/2017\/04\/les-eclaireurs-invites-a-se-rappeler-leur-veritable-identite-et-leur-mission\/#breadcrumb"},"inLanguage":"fr-FR","potentialAction":[{"@type":"ReadAction","target":["https:\/\/interamerica.org\/fr\/2017\/04\/les-eclaireurs-invites-a-se-rappeler-leur-veritable-identite-et-leur-mission\/"]}]},{"@type":"ImageObject","inLanguage":"fr-FR","@id":"https:\/\/interamerica.org\/fr\/2017\/04\/les-eclaireurs-invites-a-se-rappeler-leur-veritable-identite-et-leur-mission\/#primaryimage","url":"https:\/\/interamerica.org\/wp-content\/uploads\/2017\/06\/ANaPatricia-Hernandez.jpg","contentUrl":"https:\/\/interamerica.org\/wp-content\/uploads\/2017\/06\/ANaPatricia-Hernandez.jpg","width":800,"height":533},{"@type":"BreadcrumbList","@id":"https:\/\/interamerica.org\/fr\/2017\/04\/les-eclaireurs-invites-a-se-rappeler-leur-veritable-identite-et-leur-mission\/#breadcrumb","itemListElement":[{"@type":"ListItem","position":1,"name":"Home","item":"https:\/\/interamerica.org\/fr\/"},{"@type":"ListItem","position":2,"name":"Les Eclaireurs invit\u00e9s \u00e0 se rappeler leur v\u00e9ritable identit\u00e9 et leur mission"}]},{"@type":"WebSite","@id":"https:\/\/interamerica.org\/fr\/#website","url":"https:\/\/interamerica.org\/fr\/","name":"\u00c9glise Adventiste Du Septieme Jour - Inter Am\u00e9rique Division","description":"","potentialAction":[{"@type":"SearchAction","target":{"@type":"EntryPoint","urlTemplate":"https:\/\/interamerica.org\/fr\/?s={search_term_string}"},"query-input":{"@type":"PropertyValueSpecification","valueRequired":true,"valueName":"search_term_string"}}],"inLanguage":"fr-FR"},{"@type":"Person","@id":"https:\/\/interamerica.org\/fr\/#\/schema\/person\/68ede8bdc292885bb76c1e3810e73c39","name":"Lorenzo Verduzco","image":{"@type":"ImageObject","inLanguage":"fr-FR","@id":"https:\/\/secure.gravatar.com\/avatar\/fb81a55b6218459490a9c1dc841a34909185b81904c5337b4b27f7a6fd60c49e?s=96&d=mm&r=g","url":"https:\/\/secure.gravatar.com\/avatar\/fb81a55b6218459490a9c1dc841a34909185b81904c5337b4b27f7a6fd60c49e?s=96&d=mm&r=g","contentUrl":"https:\/\/secure.gravatar.com\/avatar\/fb81a55b6218459490a9c1dc841a34909185b81904c5337b4b27f7a6fd60c49e?s=96&d=mm&r=g","caption":"Lorenzo Verduzco"}}]}},"_links":{"self":[{"href":"https:\/\/interamerica.org\/fr\/wp-json\/wp\/v2\/posts\/32829","targetHints":{"allow":["GET"]}}],"collection":[{"href":"https:\/\/interamerica.org\/fr\/wp-json\/wp\/v2\/posts"}],"about":[{"href":"https:\/\/interamerica.org\/fr\/wp-json\/wp\/v2\/types\/post"}],"author":[{"embeddable":true,"href":"https:\/\/interamerica.org\/fr\/wp-json\/wp\/v2\/users\/1"}],"replies":[{"embeddable":true,"href":"https:\/\/interamerica.org\/fr\/wp-json\/wp\/v2\/comments?post=32829"}],"version-history":[{"count":0,"href":"https:\/\/interamerica.org\/fr\/wp-json\/wp\/v2\/posts\/32829\/revisions"}],"wp:featuredmedia":[{"embeddable":true,"href":"https:\/\/interamerica.org\/fr\/wp-json\/wp\/v2\/media\/29681"}],"wp:attachment":[{"href":"https:\/\/interamerica.org\/fr\/wp-json\/wp\/v2\/media?parent=32829"}],"wp:term":[{"taxonomy":"category","embeddable":true,"href":"https:\/\/interamerica.org\/fr\/wp-json\/wp\/v2\/categories?post=32829"},{"taxonomy":"post_tag","embeddable":true,"href":"https:\/\/interamerica.org\/fr\/wp-json\/wp\/v2\/tags?post=32829"}],"curies":[{"name":"wp","href":"https:\/\/api.w.org\/{rel}","templated":true}]}}