{"id":32831,"date":"2017-04-17T00:00:00","date_gmt":"2017-04-17T04:00:00","guid":{"rendered":"http:\/\/192.81.217.108\/interamerica\/2017\/04\/le-comite-executif-de-leglise-adventiste-mondiale-vote-une-declaration-sur-la-transsexualite\/"},"modified":"2017-12-06T18:44:30","modified_gmt":"2017-12-06T22:44:30","slug":"le-comite-executif-de-leglise-adventiste-mondiale-vote-une-declaration-sur-la-transsexualite","status":"publish","type":"post","link":"https:\/\/interamerica.org\/fr\/2017\/04\/le-comite-executif-de-leglise-adventiste-mondiale-vote-une-declaration-sur-la-transsexualite\/","title":{"rendered":"Le Comit\u00e9 Ex\u00e9cutif de l\u2019Eglise Adventiste mondiale vote une d\u00e9claration sur la transsexualit\u00e9"},"content":{"rendered":"<div id=\"attachment_28266\" style=\"width: 784px\" class=\"wp-caption aligncenter\"><a href=\"\/interamerica\/wp-content\/uploads\/2017\/06\/World-Church-Executive-Committee-Votes-Statement-on-Transgenderism.jpeg\" rel=\"fancybox\" title=\"Le Comit\u00e9 Ex\u00e9cutif de l\u2019Eglise Adventiste mondiale vote une d\u00e9claration sur la transsexualit\u00e9\"><img fetchpriority=\"high\" decoding=\"async\" aria-describedby=\"caption-attachment-28266\" class=\" wp-image-28266\" src=\"\/interamerica\/wp-content\/uploads\/2017\/06\/World-Church-Executive-Committee-Votes-Statement-on-Transgenderism.jpeg\" alt=\"\" width=\"774\" height=\"387\" \/><\/a><p id=\"caption-attachment-28266\" class=\"wp-caption-text\"><br \/>Arthur Stele, vice-pr\u00e9sident de l\u2019Eglise Adventiste du Septi\u00e8me Jour, pr\u00e9sente la D\u00e9claration sur la Transsexualit\u00e9 lors de la Rencontre de Printemps 2017 qui a eu lieu \u00e0 Silver Spring dans le Maryland. Image de Brent Hardinge\/ANN<\/p><\/div>\n<p>Post\u00e9 le 12 April 2017 | Silver Spring, Maryland, Etats Unis | <span class=\"byline-news\">Adventist Review<\/span><\/p>\n<p><span class=\"cap\">L<\/span>es membres du Comit\u00e9 Ex\u00e9cutif de l\u2019Eglise Adventiste du Septi\u00e8me Jour ont vot\u00e9 d\u2019accepter une d\u00e9claration sur la transsexualit\u00e9 le 11 avril dernier. Le document a \u00e9t\u00e9 vot\u00e9 lors de la premi\u00e8re journ\u00e9e de la Rencontre de Printemps, l\u2019une des deux principales rencontres administratives de l\u2019\u00e9glise mondiale.<\/p>\n<p>Bien que la d\u00e9claration reconnaisse \u00ab les limites de notre connaissance dans des cas sp\u00e9cifiques, \u00bb le document de 1400 mots commence par d\u00e9finir les termes cl\u00e9s commun\u00e9ment utilis\u00e9s lorsqu\u2019on fait r\u00e9f\u00e9rence \u00e0 ce sujet, pour ensuite consid\u00e9rer les principes bibliques en rapport avec la sexualit\u00e9 et ce qu\u2019il appelle le \u00ab ph\u00e9nom\u00e8ne transsexuel. \u00bb La section relative aux principes bibliques est bas\u00e9e sur la croyance que \u00ab les Ecritures pr\u00e9sentent des principes pour guider et conseiller les transsexuels dans l\u2019\u00e9glise, en transcendant les conventions et la culture humaines. \u00bb Enfin, il inclut des conseils destin\u00e9s aux dirigeants et aux membres d\u2019\u00e9glise qui ont affaire \u00e0 des visiteurs ou \u00e0 des adh\u00e9rents transsexuels dans leurs congr\u00e9gations locales.<\/p>\n<p><strong>D\u00e9finition et Processus<\/strong><\/p>\n<p>Citant la derni\u00e8re \u00e9dition du <em>Manuel Statistique et de Diagnostic des Troubles Mentaux<\/em>, la d\u00e9claration rappelle que la transsexualit\u00e9, anciennement diagnostiqu\u00e9e cliniquement comme \u00ab trouble de l\u2019identit\u00e9 sexuelle \u00bb et libell\u00e9e actuellement comme \u00ab dysphorie de genre, \u00bb peut \u00eatre consid\u00e9r\u00e9e comme un terme g\u00e9n\u00e9ral permettant de d\u00e9crire la vari\u00e9t\u00e9 de fa\u00e7ons pour les individus d\u2019interpr\u00e9ter et d\u2019exprimer leur identit\u00e9 sexuelle autrement par rapport \u00e0 ceux qui d\u00e9terminent leur identit\u00e9 sexuelle sur la base de leur sexe biologique. \u00ab La dysphorie du genre se manifeste de diverse fa\u00e7ons, y compris par de forts d\u00e9sirs d\u2019\u00eatre trait\u00e9 comme l\u2019autre sexe ou d\u2019\u00eatre d\u00e9barrass\u00e9 de ses caract\u00e9ristiques sexuelles, ou par une forte conviction qu\u2019un individu \u00e0 des sentiments et des r\u00e9actions typiques de l\u2019autre sexe, \u00bb dit la d\u00e9claration.<\/p>\n<p>La d\u00e9claration explique que \u00ab par rapport aux tendances contemporaines visant \u00e0 rejeter la vision binaire biblique de la sexualit\u00e9 (male et femelle), et \u00e0 la remplacer par un spectre grandissant de types d\u2019identit\u00e9 sexuelles, certains choix d\u00e9clench\u00e9s par la situation du transsexuel sont maintenant consid\u00e9r\u00e9s comme normaux et accept\u00e9s dans la culture contemporaine. \u00bb Ces tendances, indique le document, pr\u00e9sentent des probl\u00e8mes pour eux qui croient dans la Bible vu que \u00ab le d\u00e9sir de changer ou de vivre comme une personne d\u2019un autre sexe peut d\u00e9boucher sur des choix de style de vie inappropri\u00e9s d\u2019un point de vue biblique. \u00bb<\/p>\n<p>\u00ab Ce n\u2019est pas un sujet facile, \u00bb a admis le pr\u00e9sident de l\u2019Eglise Adventiste mondiale, Ted Wilson, en pr\u00e9sentant les raisons soutenant la d\u00e9claration, \u00ab et nous n\u2019avions rien d\u2019\u00e9crit \u00e0 propos de ce sujet en particulier. \u00bb Ted Wilson a expliqu\u00e9 que le document mettait l\u2019accent sur le cadre biblique comme une fondation pour traiter de ce sujet, pas dans des cas particuliers. Ensuite, a-t-il dit, les diff\u00e9rentes r\u00e9gions peuvent utiliser ce cadre biblique pour lui donner une application plus r\u00e9gionale. \u00bb<\/p>\n<p>Ted Wilson a \u00e9galement indiqu\u00e9 que beaucoup \u00e9tait fait pour inclure autant d\u2019experts de ce domaine que possible. Ses propos ont \u00e9t\u00e9 relay\u00e9s par Arthur Stele, un des vice-pr\u00e9sidents de l\u2019\u00e9glise mondiale et pr\u00e9sident du comit\u00e9 qui a supervis\u00e9 le processus de pr\u00e9paration du document. \u00ab Beaucoup de groupes et de comit\u00e9s ont particip\u00e9 en donnant direction et conseils, \u00bb a dit Arthur Stele. D\u2019apr\u00e8s lui, l\u2019Institut de Recherche Biblique (BRI), un des principaux contributeurs dans la production du document, \u00ab a recherch\u00e9 les conseils et la r\u00e9action de th\u00e9ologiens, de sp\u00e9cialistes m\u00e9dicaux et de psychologues venant de l\u2019\u00e9glise et de l\u2019ext\u00e9rieur de l\u2019\u00e9glise. \u00ab Le principal objectif du comit\u00e9 \u00e9tait de proposer une approche biblique et selon Christ, \u00bb a-t-il dit.<\/p>\n<p><strong>Un Bref Historique<\/strong><\/p>\n<p>Le directeur du BRI, Brasil de Souza, est revenu sur le d\u00e9but du processus, lanc\u00e9 officieusement, a-t-il dit, lorsque l\u2019ancien directeur du BRI, Angel Manuel Rodriguez, a publi\u00e9 un article dans la newsletter du BRI intitul\u00e9 \u00ab Chirurgie pour changement de sexe \u2013 une opinion \u00bb en avril 2008.<\/p>\n<p>En 2013, le BRI recevait des requ\u00eates en provenance du champ mondial sollicitant des conseils au sujet de situations sp\u00e9cifiques telles que le mariage de personnes transsexuelles ou encore une demande de changement de nom sur le certificat de bapt\u00eame. Des situations comme celles-ci, a dit Brasil de Souza, ont marqu\u00e9 le d\u00e9but d\u2019un long processus qui n\u2019est toujours pas achev\u00e9.<\/p>\n<p>Il \u00e9tait initialement pr\u00e9vu que ce point soit \u00e0 l\u2019ordre du jour du Concile Annuel 2016 en octobre dernier, mais il a \u00e9t\u00e9 d\u00e9cid\u00e9 de renvoyer la pr\u00e9sentation de la d\u00e9claration jusqu\u2019\u00e0 la Rencontre de Printemps 2017 pour permettre d\u2019effectuer d\u2019autres consultations et d\u2019autres investigations. La version partag\u00e9e avec les membres du Comit\u00e9 Ex\u00e9cutif est la 21\u00e8me, et pourrait ne pas \u00eatre la derni\u00e8re, ont indiqu\u00e9 les dirigeants.<\/p>\n<p><strong>Principes Bibliques G\u00e9n\u00e9raux<\/strong><\/p>\n<p>La d\u00e9claration est bas\u00e9e sur la conviction que m\u00eame si la Bible ne traite pas sp\u00e9cifiquement de la transsexualit\u00e9, quelques principes peuvent \u00eatre d\u00e9riv\u00e9s des Ecritures pour \u00e9clairer la discussion sur ce sujet, surtout ceux qui sont bas\u00e9s sur le r\u00e9cit de la Cr\u00e9ation. Ainsi, la d\u00e9claration rappelle que \u00ab Dieu a cr\u00e9\u00e9 l\u2019humanit\u00e9 \u00e0 travers deux personnes identifi\u00e9es respectivement comme homme et femme en terme d\u2019identit\u00e9 sexuelle, \u00bb et que \u00ab la Bible associe de mani\u00e8re inextricable l\u2019identit\u00e9 sexuelle au sexe biologique, \u00bb ne faisant \u00ab aucune [\u2026] distinction entre les deux. \u00bb Elle souligne \u00e9galement le fait que les \u00eatre humains sont des entit\u00e9s psychosomatiques. \u00ab Ainsi \u00bb d\u00e9clare t-elle, \u00ab l\u2019identit\u00e9 sexuelle ne peut \u00eatre ind\u00e9pendante du corps d\u2019un individu. \u00bb<\/p>\n<p>La d\u00e9claration rappelle \u00e9galement que suite au p\u00e9ch\u00e9, \u00ab nos \u00e9motions, nos sentiments, et nos perceptions ne sont pas des indicateurs fiables des desseins, des id\u00e9aux et de la v\u00e9rit\u00e9 de Dieu. \u00bb Pour cette raison, la d\u00e9claration dit : \u00ab bien que la dysphorie du genre ne soit pas intrins\u00e8quement un p\u00e9ch\u00e9, elle peut d\u00e9boucher sur des choix qui constituent un p\u00e9ch\u00e9, \u00bb une autre indication, d\u00e9clare le document, que \u00ab au niveau personnel, les \u00eatres humains sont impliqu\u00e9s dans le grand conflit. \u00bb<\/p>\n<p><strong>Implications pour la Vie dans l\u2019Eglise<\/strong><br \/>\nDans la vie d\u2019une \u00e9glise locale, le document d\u00e9clare que \u00ab aussi longtemps que les transsexuels sont d\u00e9termin\u00e9s \u00e0 vivre leurs vies en harmonie avec les enseignements bibliques sur la sexualit\u00e9 et le mariage, ils peuvent \u00eatre membres de l\u2019Eglise Adventiste du Septi\u00e8me Jour. \u00bb De plus, l\u2019\u00e9glise met en garde clairement les transsexuels contre la chirurgie pour retrouver leur sexe ainsi que contre le mariage, s\u2019ils sont pass\u00e9s par une telle proc\u00e9dure. \u00bb<\/p>\n<p>Mettant l\u2019accent sur d\u2019autres principes bibliques relatifs \u00e0 l\u2019amour et \u00e0 la compassion, la d\u00e9claration rappelle que \u00ab la Bible commande aux disciples du Christ d\u2019aimer tout le monde, \u00bb et de les traiter \u00ab avec dignit\u00e9 et respect. \u00bb Elle poursuit en disant que \u00ab les actes visant \u00e0 ridiculiser, \u00e0 abuser de, ou \u00e0 harceler les transsexuels sont incompatibles avec le commandement biblique nous invitant \u00e0 nous aimer les uns les autres. De plus, elle appelle l\u2019\u00e9glise \u00e0 \u00eatre \u00ab un refuge et un lieu d\u2019esp\u00e9rance, d\u2019attention et de compr\u00e9hension pour tous ceux qui sont perplexes, en souffrance, en lutte et seuls. \u00bb<\/p>\n<p>Comme pour tout autre p\u00e9ch\u00e9, le document rappelle que \u00ab les p\u00e9ch\u00e9s sexuels commis par les h\u00e9t\u00e9rosexuels, les homosexuels, les transsexuels ou d\u2019autres peuvent \u00eatre pardonn\u00e9s, et que des vies peuvent \u00eatre transform\u00e9es par la foi en J\u00e9sus-Christ. \u00bb<\/p>\n<p>Enfin, le document indique que ceux qui font l\u2019exp\u00e9rience d\u2019une incoh\u00e9rence entre leur sexe biologique et leur identit\u00e9 sexuelle \u00ab sont invit\u00e9s \u00e0 m\u00e9diter sur le plan originel de Dieu, un plan de puret\u00e9 et de fid\u00e9lit\u00e9 sexuelle. \u00bb le document s\u2019ach\u00e8ve en d\u00e9clarant que \u00ab avec tous les croyants, les transsexuels sont encourag\u00e9s \u00e0 compter sur Dieu et \u00e0 recevoir la pl\u00e9nitude de la compassion, la paix et la gr\u00e2ce divines, en anticipation du prochain retour du Christ lorsque tous les vrais disciples du Christ seront compl\u00e8tement restaur\u00e9s selon l\u2019id\u00e9al de Dieu. \u00bb<\/p>\n<p><strong>R\u00e9action de l\u2019Assistance<\/strong><\/p>\n<p>La plupart des membres qui se sont exprim\u00e9s sur la proposition ont indiqu\u00e9 que \u2013 bien qu\u2019ils pensent que la d\u00e9claration sur la transsexualit\u00e9 ne soit pas le mot final sur la question, mais qu\u2019elle intervient dans le cadre d\u2019un processus en cours \u2013 ils appr\u00e9cient le fait que l\u2019\u00e9glise ait d\u00e9cid\u00e9 de traiter le sujet. \u00ab Nous appr\u00e9cions beaucoup vos efforts, \u00bb a d\u00e9clar\u00e9 entre autres, Andrea Luxton, pr\u00e9sidente de l\u2019Universit\u00e9 d\u2019Andrews. \u00ab Merci d\u2019avoir pr\u00e9par\u00e9 ce document. \u00bb<\/p>\n<p>\u00ab Je sais que ce n\u2019est pas n\u00e9cessairement complet, \u00bb a dit Neil Nedley, un membre la\u00efc du Comit\u00e9 Ex\u00e9cutif. Le processus se poursuivra assur\u00e9ment. \u00bb<\/p>\n<p>Entre temps, un ancien directeur des Minist\u00e8res de la Sant\u00e9 pour l\u2019Eglise Adventiste mondiale, Allan Handysides a fait une d\u00e9claration passionn\u00e9e pour qu\u2019on \u00e9vite de consid\u00e9rer cette situation juste comme un \u00ab ph\u00e9nom\u00e8ne. \u00bb \u00ab Nous parlons de personnes ici, \u00bb a-t-il dit. \u00ab Les transsexuels sont des \u00eatres humains. \u00bb<\/p>\n<p>Allan Handysides a mis l\u2019accent sur le fait que parfois les membres d\u2019\u00e9glise sont loins de la r\u00e9alit\u00e9 que ce sujet repr\u00e9sente. Sur la base de sa grande exp\u00e9rience en tant que m\u00e9decin, il a personnalis\u00e9 les implications de la d\u00e9claration. \u00ab Avez-vous jamais eu \u00e0 dire \u00e0 des parents que vous n\u2019\u00eates pas s\u00fbr du sexe de leur nouveau-n\u00e9 ? \u00bb a-t-il demand\u00e9. \u00ab Avez-vous jamais vu votre enfant venir \u00e0 vous et vous dire qu\u2019il n\u2019est pas s\u00fbr d\u2019\u00eatre un gar\u00e7on ? ou alors qu\u2019il aime les gar\u00e7on ?. Pouvez-vous imaginer ce que l\u2019on ressent ? \u00bb a-t-il dit.<\/p>\n<p>Allan Handysides a termin\u00e9 ses commentaires en rappelant \u00e0 ceux qui l\u2019\u00e9coutaient que les croyants devraient toujours donner la priorit\u00e9 \u00e0 l\u2019\u00eatre humain derri\u00e8re le ph\u00e9nom\u00e8ne. \u00ab Nous devrions faire de notre mieux pour placer la personne d\u2019abord, \u00bb a-t-il dit.<\/p>\n<p>Ted Wilson s\u2019est fait l\u2019\u00e9cho de plusieurs commentaires faits par des membres. \u00ab Bien que cette d\u00e9claration puisse certainement \u00eatre am\u00e9lior\u00e9e, notre objectif n\u2019est pas d\u2019\u00e9loigner les gens de J\u00e9sus, \u00bb a-t-il dit. \u00ab Nous voulons que tous, peut importe ce qu\u2019ils traversent, se sentent bienvenus au pied de la croix. \u00bb<\/p>\n<p>Apr\u00e8s la discussion au niveau de l\u2019assistance, la d\u00e9claration a \u00e9t\u00e9 vot\u00e9e par le Comit\u00e9 Ex\u00e9cutif avec une notification indiquant que la formulation de l\u2019actuel document pourrait l\u00e9g\u00e8rement changer et refl\u00e9ter les divers commentaires et suggestions faits par les membres du Comit\u00e9 Ex\u00e9cutif.<\/p>\n<p>\u00ab Ce sujet est comme une cible mouvante, \u00bb a comment\u00e9 Peter Landless, lui aussi m\u00e9decin et actuel directeur des Minist\u00e8res de la Sant\u00e9 de la Conf\u00e9rence G\u00e9n\u00e9rale, \u00ab avec des explications, des compr\u00e9hensions et des id\u00e9es changeantes qui varient de jour en jour dans la science et dans la presse populaire. \u00bb<\/p>\n<p>Peter Landless a d\u00e9clar\u00e9 qu\u2019il nous faut nous rappeler \u00e0 tous moments que nous avons affaire \u00e0 des personnes, dans <em>toutes<\/em> les situations. \u00ab Christ est notre exemple et Il nous a montr\u00e9 comment entrer en relation et garder cette pr\u00e9cieuse mission qui concerne des gens au premier plan de nos pens\u00e9es et de nos actions, \u00bb a-t-il dit. \u00ab Tout ce que nous faisons et disons doit \u00eatre inond\u00e9 de l\u2019amour et de la compassion de Christ en toutes circonstances. \u00bb<\/p>\n<p>Pour lire l\u2019int\u00e9gralit\u00e9 de la D\u00e9claration sur la Transsexualit\u00e9, <a href=\"https:\/\/executivecommittee.adventist.org\/wp-content\/uploads\/2017\/04\/111G-Statement-on-Transgenderism.pdf\" target=\"_blank\" rel=\"noopener\">cliquez ici.<\/a><\/p>\n<p>Traduction: Patrick Luciathe<\/p>\n","protected":false},"excerpt":{"rendered":"<p>Les membres du Comit\u00e9 Ex\u00e9cutif de l\u2019Eglise Adventiste du Septi\u00e8me Jour ont vot\u00e9 d\u2019accepter une d\u00e9claration sur la transsexualit\u00e9 le 11 avril dernier. Le document a \u00e9t\u00e9 vot\u00e9 lors de la premi\u00e8re journ\u00e9e de la Rencontre de Printemps, l\u2019une des deux principales rencontres administratives de l\u2019\u00e9glise mondiale.<\/p>\n<p>Bien que la d\u00e9claration reconnaisse \u00ab les limites de notre connaissance dans des cas sp\u00e9cifiques, \u00bb le document de 1400 mots commence par d\u00e9finir les termes cl\u00e9s commun\u00e9ment utilis\u00e9s lorsqu\u2019on fait r\u00e9f\u00e9rence \u00e0 ce sujet, pour ensuite consid\u00e9rer les principes bibliques en rapport avec la sexualit\u00e9 et ce qu\u2019il appelle le \u00ab ph\u00e9nom\u00e8ne transsexuel. \u00bb<\/p>\n","protected":false},"author":1,"featured_media":29713,"comment_status":"closed","ping_status":"closed","sticky":false,"template":"","format":"standard","meta":{"_acf_changed":false,"footnotes":""},"categories":[18,19],"tags":[],"class_list":["post-32831","post","type-post","status-publish","format-standard","has-post-thumbnail","hentry","category-nouvelles-de-leglise-mondiale","category-rss-francais"],"acf":[],"yoast_head":"<!-- This site is optimized with the Yoast SEO plugin v27.3 - https:\/\/yoast.com\/product\/yoast-seo-wordpress\/ -->\n<title>Le Comit\u00e9 Ex\u00e9cutif de l\u2019Eglise Adventiste mondiale vote une d\u00e9claration sur la transsexualit\u00e9 - \u00c9glise Adventiste Du Septieme Jour - Inter Am\u00e9rique Division<\/title>\n<meta name=\"robots\" content=\"index, follow, max-snippet:-1, max-image-preview:large, max-video-preview:-1\" \/>\n<link rel=\"canonical\" href=\"https:\/\/interamerica.org\/fr\/2017\/04\/le-comite-executif-de-leglise-adventiste-mondiale-vote-une-declaration-sur-la-transsexualite\/\" \/>\n<meta property=\"og:locale\" content=\"fr_FR\" \/>\n<meta property=\"og:type\" content=\"article\" \/>\n<meta property=\"og:title\" content=\"Le Comit\u00e9 Ex\u00e9cutif de l\u2019Eglise Adventiste mondiale vote une d\u00e9claration sur la transsexualit\u00e9 - \u00c9glise Adventiste Du Septieme Jour - Inter Am\u00e9rique Division\" \/>\n<meta property=\"og:description\" content=\"Les membres du Comit\u00e9 Ex\u00e9cutif de l\u2019Eglise Adventiste du Septi\u00e8me Jour ont vot\u00e9 d\u2019accepter une d\u00e9claration sur la transsexualit\u00e9 le 11 avril dernier. Le document a \u00e9t\u00e9 vot\u00e9 lors de la premi\u00e8re journ\u00e9e de la Rencontre de Printemps, l\u2019une des deux principales rencontres administratives de l\u2019\u00e9glise mondiale.  Bien que la d\u00e9claration reconnaisse \u00ab les limites de notre connaissance dans des cas sp\u00e9cifiques, \u00bb le document de 1400 mots commence par d\u00e9finir les termes cl\u00e9s commun\u00e9ment utilis\u00e9s lorsqu\u2019on fait r\u00e9f\u00e9rence \u00e0 ce sujet, pour ensuite consid\u00e9rer les principes bibliques en rapport avec la sexualit\u00e9 et ce qu\u2019il appelle le \u00ab ph\u00e9nom\u00e8ne transsexuel. \u00bb\" \/>\n<meta property=\"og:url\" content=\"https:\/\/interamerica.org\/fr\/2017\/04\/le-comite-executif-de-leglise-adventiste-mondiale-vote-une-declaration-sur-la-transsexualite\/\" \/>\n<meta property=\"og:site_name\" content=\"\u00c9glise Adventiste Du Septieme Jour - Inter Am\u00e9rique Division\" \/>\n<meta property=\"article:published_time\" content=\"2017-04-17T04:00:00+00:00\" \/>\n<meta property=\"article:modified_time\" content=\"2017-12-06T22:44:30+00:00\" \/>\n<meta property=\"og:image\" content=\"https:\/\/interamerica.org\/wp-content\/uploads\/2017\/06\/World-Church-Executive-Committee-Votes-Statement-on-Transgenderism.jpeg\" \/>\n\t<meta property=\"og:image:width\" content=\"1000\" \/>\n\t<meta property=\"og:image:height\" content=\"500\" \/>\n\t<meta property=\"og:image:type\" content=\"image\/jpeg\" \/>\n<meta name=\"author\" content=\"Lorenzo Verduzco\" \/>\n<meta name=\"twitter:card\" content=\"summary_large_image\" \/>\n<meta name=\"twitter:label1\" content=\"\u00c9crit par\" \/>\n\t<meta name=\"twitter:data1\" content=\"Lorenzo Verduzco\" \/>\n\t<meta name=\"twitter:label2\" content=\"Dur\u00e9e de lecture estim\u00e9e\" \/>\n\t<meta name=\"twitter:data2\" content=\"10 minutes\" \/>\n<script type=\"application\/ld+json\" class=\"yoast-schema-graph\">{\"@context\":\"https:\\\/\\\/schema.org\",\"@graph\":[{\"@type\":\"Article\",\"@id\":\"https:\\\/\\\/interamerica.org\\\/fr\\\/2017\\\/04\\\/le-comite-executif-de-leglise-adventiste-mondiale-vote-une-declaration-sur-la-transsexualite\\\/#article\",\"isPartOf\":{\"@id\":\"https:\\\/\\\/interamerica.org\\\/fr\\\/2017\\\/04\\\/le-comite-executif-de-leglise-adventiste-mondiale-vote-une-declaration-sur-la-transsexualite\\\/\"},\"author\":{\"name\":\"Lorenzo Verduzco\",\"@id\":\"https:\\\/\\\/interamerica.org\\\/fr\\\/#\\\/schema\\\/person\\\/68ede8bdc292885bb76c1e3810e73c39\"},\"headline\":\"Le Comit\u00e9 Ex\u00e9cutif de l\u2019Eglise Adventiste mondiale vote une d\u00e9claration sur la transsexualit\u00e9\",\"datePublished\":\"2017-04-17T04:00:00+00:00\",\"dateModified\":\"2017-12-06T22:44:30+00:00\",\"mainEntityOfPage\":{\"@id\":\"https:\\\/\\\/interamerica.org\\\/fr\\\/2017\\\/04\\\/le-comite-executif-de-leglise-adventiste-mondiale-vote-une-declaration-sur-la-transsexualite\\\/\"},\"wordCount\":2084,\"image\":{\"@id\":\"https:\\\/\\\/interamerica.org\\\/fr\\\/2017\\\/04\\\/le-comite-executif-de-leglise-adventiste-mondiale-vote-une-declaration-sur-la-transsexualite\\\/#primaryimage\"},\"thumbnailUrl\":\"https:\\\/\\\/interamerica.org\\\/wp-content\\\/uploads\\\/2017\\\/06\\\/World-Church-Executive-Committee-Votes-Statement-on-Transgenderism.jpeg\",\"articleSection\":[\"Nouvelles de l'\u00c9glise mondiale\",\"RSS Fran\u00e7ais\"],\"inLanguage\":\"fr-FR\"},{\"@type\":\"WebPage\",\"@id\":\"https:\\\/\\\/interamerica.org\\\/fr\\\/2017\\\/04\\\/le-comite-executif-de-leglise-adventiste-mondiale-vote-une-declaration-sur-la-transsexualite\\\/\",\"url\":\"https:\\\/\\\/interamerica.org\\\/fr\\\/2017\\\/04\\\/le-comite-executif-de-leglise-adventiste-mondiale-vote-une-declaration-sur-la-transsexualite\\\/\",\"name\":\"Le Comit\u00e9 Ex\u00e9cutif de l\u2019Eglise Adventiste mondiale vote une d\u00e9claration sur la transsexualit\u00e9 - \u00c9glise Adventiste Du Septieme Jour - Inter Am\u00e9rique Division\",\"isPartOf\":{\"@id\":\"https:\\\/\\\/interamerica.org\\\/fr\\\/#website\"},\"primaryImageOfPage\":{\"@id\":\"https:\\\/\\\/interamerica.org\\\/fr\\\/2017\\\/04\\\/le-comite-executif-de-leglise-adventiste-mondiale-vote-une-declaration-sur-la-transsexualite\\\/#primaryimage\"},\"image\":{\"@id\":\"https:\\\/\\\/interamerica.org\\\/fr\\\/2017\\\/04\\\/le-comite-executif-de-leglise-adventiste-mondiale-vote-une-declaration-sur-la-transsexualite\\\/#primaryimage\"},\"thumbnailUrl\":\"https:\\\/\\\/interamerica.org\\\/wp-content\\\/uploads\\\/2017\\\/06\\\/World-Church-Executive-Committee-Votes-Statement-on-Transgenderism.jpeg\",\"datePublished\":\"2017-04-17T04:00:00+00:00\",\"dateModified\":\"2017-12-06T22:44:30+00:00\",\"author\":{\"@id\":\"https:\\\/\\\/interamerica.org\\\/fr\\\/#\\\/schema\\\/person\\\/68ede8bdc292885bb76c1e3810e73c39\"},\"breadcrumb\":{\"@id\":\"https:\\\/\\\/interamerica.org\\\/fr\\\/2017\\\/04\\\/le-comite-executif-de-leglise-adventiste-mondiale-vote-une-declaration-sur-la-transsexualite\\\/#breadcrumb\"},\"inLanguage\":\"fr-FR\",\"potentialAction\":[{\"@type\":\"ReadAction\",\"target\":[\"https:\\\/\\\/interamerica.org\\\/fr\\\/2017\\\/04\\\/le-comite-executif-de-leglise-adventiste-mondiale-vote-une-declaration-sur-la-transsexualite\\\/\"]}]},{\"@type\":\"ImageObject\",\"inLanguage\":\"fr-FR\",\"@id\":\"https:\\\/\\\/interamerica.org\\\/fr\\\/2017\\\/04\\\/le-comite-executif-de-leglise-adventiste-mondiale-vote-une-declaration-sur-la-transsexualite\\\/#primaryimage\",\"url\":\"https:\\\/\\\/interamerica.org\\\/wp-content\\\/uploads\\\/2017\\\/06\\\/World-Church-Executive-Committee-Votes-Statement-on-Transgenderism.jpeg\",\"contentUrl\":\"https:\\\/\\\/interamerica.org\\\/wp-content\\\/uploads\\\/2017\\\/06\\\/World-Church-Executive-Committee-Votes-Statement-on-Transgenderism.jpeg\",\"width\":1000,\"height\":500},{\"@type\":\"BreadcrumbList\",\"@id\":\"https:\\\/\\\/interamerica.org\\\/fr\\\/2017\\\/04\\\/le-comite-executif-de-leglise-adventiste-mondiale-vote-une-declaration-sur-la-transsexualite\\\/#breadcrumb\",\"itemListElement\":[{\"@type\":\"ListItem\",\"position\":1,\"name\":\"Home\",\"item\":\"https:\\\/\\\/interamerica.org\\\/fr\\\/\"},{\"@type\":\"ListItem\",\"position\":2,\"name\":\"Le Comit\u00e9 Ex\u00e9cutif de l\u2019Eglise Adventiste mondiale vote une d\u00e9claration sur la transsexualit\u00e9\"}]},{\"@type\":\"WebSite\",\"@id\":\"https:\\\/\\\/interamerica.org\\\/fr\\\/#website\",\"url\":\"https:\\\/\\\/interamerica.org\\\/fr\\\/\",\"name\":\"\u00c9glise Adventiste Du Septieme Jour - Inter Am\u00e9rique Division\",\"description\":\"\",\"potentialAction\":[{\"@type\":\"SearchAction\",\"target\":{\"@type\":\"EntryPoint\",\"urlTemplate\":\"https:\\\/\\\/interamerica.org\\\/fr\\\/?s={search_term_string}\"},\"query-input\":{\"@type\":\"PropertyValueSpecification\",\"valueRequired\":true,\"valueName\":\"search_term_string\"}}],\"inLanguage\":\"fr-FR\"},{\"@type\":\"Person\",\"@id\":\"https:\\\/\\\/interamerica.org\\\/fr\\\/#\\\/schema\\\/person\\\/68ede8bdc292885bb76c1e3810e73c39\",\"name\":\"Lorenzo Verduzco\",\"image\":{\"@type\":\"ImageObject\",\"inLanguage\":\"fr-FR\",\"@id\":\"https:\\\/\\\/secure.gravatar.com\\\/avatar\\\/fb81a55b6218459490a9c1dc841a34909185b81904c5337b4b27f7a6fd60c49e?s=96&d=mm&r=g\",\"url\":\"https:\\\/\\\/secure.gravatar.com\\\/avatar\\\/fb81a55b6218459490a9c1dc841a34909185b81904c5337b4b27f7a6fd60c49e?s=96&d=mm&r=g\",\"contentUrl\":\"https:\\\/\\\/secure.gravatar.com\\\/avatar\\\/fb81a55b6218459490a9c1dc841a34909185b81904c5337b4b27f7a6fd60c49e?s=96&d=mm&r=g\",\"caption\":\"Lorenzo Verduzco\"}}]}<\/script>\n<!-- \/ Yoast SEO plugin. -->","yoast_head_json":{"title":"Le Comit\u00e9 Ex\u00e9cutif de l\u2019Eglise Adventiste mondiale vote une d\u00e9claration sur la transsexualit\u00e9 - \u00c9glise Adventiste Du Septieme Jour - Inter Am\u00e9rique Division","robots":{"index":"index","follow":"follow","max-snippet":"max-snippet:-1","max-image-preview":"max-image-preview:large","max-video-preview":"max-video-preview:-1"},"canonical":"https:\/\/interamerica.org\/fr\/2017\/04\/le-comite-executif-de-leglise-adventiste-mondiale-vote-une-declaration-sur-la-transsexualite\/","og_locale":"fr_FR","og_type":"article","og_title":"Le Comit\u00e9 Ex\u00e9cutif de l\u2019Eglise Adventiste mondiale vote une d\u00e9claration sur la transsexualit\u00e9 - \u00c9glise Adventiste Du Septieme Jour - Inter Am\u00e9rique Division","og_description":"Les membres du Comit\u00e9 Ex\u00e9cutif de l\u2019Eglise Adventiste du Septi\u00e8me Jour ont vot\u00e9 d\u2019accepter une d\u00e9claration sur la transsexualit\u00e9 le 11 avril dernier. Le document a \u00e9t\u00e9 vot\u00e9 lors de la premi\u00e8re journ\u00e9e de la Rencontre de Printemps, l\u2019une des deux principales rencontres administratives de l\u2019\u00e9glise mondiale.  Bien que la d\u00e9claration reconnaisse \u00ab les limites de notre connaissance dans des cas sp\u00e9cifiques, \u00bb le document de 1400 mots commence par d\u00e9finir les termes cl\u00e9s commun\u00e9ment utilis\u00e9s lorsqu\u2019on fait r\u00e9f\u00e9rence \u00e0 ce sujet, pour ensuite consid\u00e9rer les principes bibliques en rapport avec la sexualit\u00e9 et ce qu\u2019il appelle le \u00ab ph\u00e9nom\u00e8ne transsexuel. \u00bb","og_url":"https:\/\/interamerica.org\/fr\/2017\/04\/le-comite-executif-de-leglise-adventiste-mondiale-vote-une-declaration-sur-la-transsexualite\/","og_site_name":"\u00c9glise Adventiste Du Septieme Jour - Inter Am\u00e9rique Division","article_published_time":"2017-04-17T04:00:00+00:00","article_modified_time":"2017-12-06T22:44:30+00:00","og_image":[{"width":1000,"height":500,"url":"https:\/\/interamerica.org\/wp-content\/uploads\/2017\/06\/World-Church-Executive-Committee-Votes-Statement-on-Transgenderism.jpeg","type":"image\/jpeg"}],"author":"Lorenzo Verduzco","twitter_card":"summary_large_image","twitter_misc":{"\u00c9crit par":"Lorenzo Verduzco","Dur\u00e9e de lecture estim\u00e9e":"10 minutes"},"schema":{"@context":"https:\/\/schema.org","@graph":[{"@type":"Article","@id":"https:\/\/interamerica.org\/fr\/2017\/04\/le-comite-executif-de-leglise-adventiste-mondiale-vote-une-declaration-sur-la-transsexualite\/#article","isPartOf":{"@id":"https:\/\/interamerica.org\/fr\/2017\/04\/le-comite-executif-de-leglise-adventiste-mondiale-vote-une-declaration-sur-la-transsexualite\/"},"author":{"name":"Lorenzo Verduzco","@id":"https:\/\/interamerica.org\/fr\/#\/schema\/person\/68ede8bdc292885bb76c1e3810e73c39"},"headline":"Le Comit\u00e9 Ex\u00e9cutif de l\u2019Eglise Adventiste mondiale vote une d\u00e9claration sur la transsexualit\u00e9","datePublished":"2017-04-17T04:00:00+00:00","dateModified":"2017-12-06T22:44:30+00:00","mainEntityOfPage":{"@id":"https:\/\/interamerica.org\/fr\/2017\/04\/le-comite-executif-de-leglise-adventiste-mondiale-vote-une-declaration-sur-la-transsexualite\/"},"wordCount":2084,"image":{"@id":"https:\/\/interamerica.org\/fr\/2017\/04\/le-comite-executif-de-leglise-adventiste-mondiale-vote-une-declaration-sur-la-transsexualite\/#primaryimage"},"thumbnailUrl":"https:\/\/interamerica.org\/wp-content\/uploads\/2017\/06\/World-Church-Executive-Committee-Votes-Statement-on-Transgenderism.jpeg","articleSection":["Nouvelles de l'\u00c9glise mondiale","RSS Fran\u00e7ais"],"inLanguage":"fr-FR"},{"@type":"WebPage","@id":"https:\/\/interamerica.org\/fr\/2017\/04\/le-comite-executif-de-leglise-adventiste-mondiale-vote-une-declaration-sur-la-transsexualite\/","url":"https:\/\/interamerica.org\/fr\/2017\/04\/le-comite-executif-de-leglise-adventiste-mondiale-vote-une-declaration-sur-la-transsexualite\/","name":"Le Comit\u00e9 Ex\u00e9cutif de l\u2019Eglise Adventiste mondiale vote une d\u00e9claration sur la transsexualit\u00e9 - \u00c9glise Adventiste Du Septieme Jour - Inter Am\u00e9rique Division","isPartOf":{"@id":"https:\/\/interamerica.org\/fr\/#website"},"primaryImageOfPage":{"@id":"https:\/\/interamerica.org\/fr\/2017\/04\/le-comite-executif-de-leglise-adventiste-mondiale-vote-une-declaration-sur-la-transsexualite\/#primaryimage"},"image":{"@id":"https:\/\/interamerica.org\/fr\/2017\/04\/le-comite-executif-de-leglise-adventiste-mondiale-vote-une-declaration-sur-la-transsexualite\/#primaryimage"},"thumbnailUrl":"https:\/\/interamerica.org\/wp-content\/uploads\/2017\/06\/World-Church-Executive-Committee-Votes-Statement-on-Transgenderism.jpeg","datePublished":"2017-04-17T04:00:00+00:00","dateModified":"2017-12-06T22:44:30+00:00","author":{"@id":"https:\/\/interamerica.org\/fr\/#\/schema\/person\/68ede8bdc292885bb76c1e3810e73c39"},"breadcrumb":{"@id":"https:\/\/interamerica.org\/fr\/2017\/04\/le-comite-executif-de-leglise-adventiste-mondiale-vote-une-declaration-sur-la-transsexualite\/#breadcrumb"},"inLanguage":"fr-FR","potentialAction":[{"@type":"ReadAction","target":["https:\/\/interamerica.org\/fr\/2017\/04\/le-comite-executif-de-leglise-adventiste-mondiale-vote-une-declaration-sur-la-transsexualite\/"]}]},{"@type":"ImageObject","inLanguage":"fr-FR","@id":"https:\/\/interamerica.org\/fr\/2017\/04\/le-comite-executif-de-leglise-adventiste-mondiale-vote-une-declaration-sur-la-transsexualite\/#primaryimage","url":"https:\/\/interamerica.org\/wp-content\/uploads\/2017\/06\/World-Church-Executive-Committee-Votes-Statement-on-Transgenderism.jpeg","contentUrl":"https:\/\/interamerica.org\/wp-content\/uploads\/2017\/06\/World-Church-Executive-Committee-Votes-Statement-on-Transgenderism.jpeg","width":1000,"height":500},{"@type":"BreadcrumbList","@id":"https:\/\/interamerica.org\/fr\/2017\/04\/le-comite-executif-de-leglise-adventiste-mondiale-vote-une-declaration-sur-la-transsexualite\/#breadcrumb","itemListElement":[{"@type":"ListItem","position":1,"name":"Home","item":"https:\/\/interamerica.org\/fr\/"},{"@type":"ListItem","position":2,"name":"Le Comit\u00e9 Ex\u00e9cutif de l\u2019Eglise Adventiste mondiale vote une d\u00e9claration sur la transsexualit\u00e9"}]},{"@type":"WebSite","@id":"https:\/\/interamerica.org\/fr\/#website","url":"https:\/\/interamerica.org\/fr\/","name":"\u00c9glise Adventiste Du Septieme Jour - Inter Am\u00e9rique Division","description":"","potentialAction":[{"@type":"SearchAction","target":{"@type":"EntryPoint","urlTemplate":"https:\/\/interamerica.org\/fr\/?s={search_term_string}"},"query-input":{"@type":"PropertyValueSpecification","valueRequired":true,"valueName":"search_term_string"}}],"inLanguage":"fr-FR"},{"@type":"Person","@id":"https:\/\/interamerica.org\/fr\/#\/schema\/person\/68ede8bdc292885bb76c1e3810e73c39","name":"Lorenzo Verduzco","image":{"@type":"ImageObject","inLanguage":"fr-FR","@id":"https:\/\/secure.gravatar.com\/avatar\/fb81a55b6218459490a9c1dc841a34909185b81904c5337b4b27f7a6fd60c49e?s=96&d=mm&r=g","url":"https:\/\/secure.gravatar.com\/avatar\/fb81a55b6218459490a9c1dc841a34909185b81904c5337b4b27f7a6fd60c49e?s=96&d=mm&r=g","contentUrl":"https:\/\/secure.gravatar.com\/avatar\/fb81a55b6218459490a9c1dc841a34909185b81904c5337b4b27f7a6fd60c49e?s=96&d=mm&r=g","caption":"Lorenzo Verduzco"}}]}},"_links":{"self":[{"href":"https:\/\/interamerica.org\/fr\/wp-json\/wp\/v2\/posts\/32831","targetHints":{"allow":["GET"]}}],"collection":[{"href":"https:\/\/interamerica.org\/fr\/wp-json\/wp\/v2\/posts"}],"about":[{"href":"https:\/\/interamerica.org\/fr\/wp-json\/wp\/v2\/types\/post"}],"author":[{"embeddable":true,"href":"https:\/\/interamerica.org\/fr\/wp-json\/wp\/v2\/users\/1"}],"replies":[{"embeddable":true,"href":"https:\/\/interamerica.org\/fr\/wp-json\/wp\/v2\/comments?post=32831"}],"version-history":[{"count":0,"href":"https:\/\/interamerica.org\/fr\/wp-json\/wp\/v2\/posts\/32831\/revisions"}],"wp:featuredmedia":[{"embeddable":true,"href":"https:\/\/interamerica.org\/fr\/wp-json\/wp\/v2\/media\/29713"}],"wp:attachment":[{"href":"https:\/\/interamerica.org\/fr\/wp-json\/wp\/v2\/media?parent=32831"}],"wp:term":[{"taxonomy":"category","embeddable":true,"href":"https:\/\/interamerica.org\/fr\/wp-json\/wp\/v2\/categories?post=32831"},{"taxonomy":"post_tag","embeddable":true,"href":"https:\/\/interamerica.org\/fr\/wp-json\/wp\/v2\/tags?post=32831"}],"curies":[{"name":"wp","href":"https:\/\/api.w.org\/{rel}","templated":true}]}}