{"id":33770,"date":"2017-06-15T00:00:00","date_gmt":"2017-06-15T04:00:00","guid":{"rendered":"http:\/\/192.81.217.108\/2017\/06\/vous-avez-tous-les-symptomes-du-sida\/"},"modified":"2017-10-30T12:43:51","modified_gmt":"2017-10-30T16:43:51","slug":"vous-avez-tous-les-symptomes-du-sida","status":"publish","type":"post","link":"https:\/\/interamerica.org\/fr\/2017\/06\/vous-avez-tous-les-symptomes-du-sida\/","title":{"rendered":"\u00ab Vous avez tous les sympt\u00f4mes du SIDA \u00bb"},"content":{"rendered":"<div id=\"attachment_29297\" style=\"width: 778px\" class=\"wp-caption aligncenter\"><a href=\"\/interamerica\/wp-content\/uploads\/2017\/08\/Adventist-Mexico-Ezequiel-Perez-Gongora.jpeg\" rel=\"fancybox\" title=\"\u00ab Vous avez tous les sympt\u00f4mes du SIDA \u00bb\"><img fetchpriority=\"high\" decoding=\"async\" aria-describedby=\"caption-attachment-29297\" class=\" wp-image-29297\" src=\"\/interamerica\/wp-content\/uploads\/2017\/08\/Adventist-Mexico-Ezequiel-Perez-Gongora.jpeg\" alt=\"\" width=\"768\" height=\"384\" \/><\/a><p id=\"caption-attachment-29297\" class=\"wp-caption-text\">\u00ab Je dois vous avertir, \u00bb a dit le m\u00e9decin de l\u2019H\u00f4pital Adventiste du Sud-est \u00e0 Ezequiel Perez Gongora (sur la photo). \u00ab Seul un miracle peut vous sauver. \u00bb Image d\u2019Andrew McChesney\/Adventist Mission<\/p><\/div>\n<p>15 Juin 2017 \u2013 Tabasco, Mexique \u2013 par Ezequiel Perez Gongora, tel que relat\u00e9 \u00e0 Andrew McChesney, Adventist Mission<\/p>\n<p><span class=\"cap\">J&rsquo;<\/span> ai commenc\u00e9 \u00e0 boire apr\u00e8s mon mariage \u00e0 l\u2019\u00e2ge de 20 ans, et ensuite j\u2019ai commenc\u00e9 \u00e0 fumer. Bient\u00f4t je suis devenu alcoolique et fumeur inv\u00e9t\u00e9r\u00e9. J\u2019aimais faire la f\u00eate.<\/p>\n<p>Mon \u00e9pouse a \u00e9t\u00e9 baptis\u00e9e apr\u00e8s avoir assist\u00e9 \u00e0 une campagne d\u2019\u00e9vang\u00e9lisation tenue par un pasteur du nom de Richard Perez dans une \u00e9glise Adventiste du Septi\u00e8me Jour pr\u00e8s de chez moi dans l\u2019\u00e9tat de Tabasco au Mexique. Mais j\u2019ai refus\u00e9 d\u2019\u00eatre baptis\u00e9. Deux fois.<\/p>\n<p>Mon style de vie a fait payer un prix \u00e0 mon corps apr\u00e8s 13 ans, et j\u2019ai commenc\u00e9 \u00e0 ressentir d\u2019importantes douleurs au dos. Je suis all\u00e9 consulter les services m\u00e9dicaux locaux, et ils m\u2019ont donn\u00e9 des m\u00e9dicaments qui n\u2019ont pas fait d\u2019effet. Le lendemain, je me suis rendu \u00e0 l\u2019H\u00f4pital Adventiste du Sud-est. Les m\u00e9decins m\u2019ont fait r\u00e9aliser une batterie de radios, de tests sanguins et d\u2019autres examens, mais ils n\u2019ont rien trouv\u00e9 comme probl\u00e8me.<\/p>\n<p>Ma douleur au dos a empir\u00e9. Et j\u2019ai commenc\u00e9 \u00e0 avoir de la fi\u00e8vre.<\/p>\n<p>Apr\u00e8s quatre jours pass\u00e9s au lit, j\u2019ai re\u00e7u la visite de l\u2019aum\u00f4nier de l\u2019h\u00f4pital. Il s\u2019agissait de pasteur Richard Perez. Il m\u2019a imm\u00e9diatement reconnu et m\u2019a salu\u00e9 en m\u2019appelant par mon nom.<\/p>\n<p>\u00ab C\u2019est maintenant que vous avez besoin de Dieu, \u00bb m\u2019a t-il dit.<\/p>\n<p>Il a pris sa guitare et a interpr\u00e9t\u00e9 deux chants. Apr\u00e8s quoi, il m\u2019a lu la Bible. A ce moment, j\u2019ai r\u00e9alis\u00e9 que Dieu m\u2019aimait vraiment.<\/p>\n<p>Avant de partir, le pasteur a demand\u00e9 aux infirmi\u00e8res de faire le culte avec moi le sabbat, ce qu\u2019elles ont fait.<\/p>\n<p>Je ne me sentais vraiment pas bien. La douleur \u00e9tait intense, et ma temp\u00e9rature demeurait \u00e9lev\u00e9e.<\/p>\n<p>Le septi\u00e8me jour, le m\u00e9decin est venu dans ma chambre et l\u2019inqui\u00e9tude pouvait se lire sur son visage. Il m\u2019a dit qu\u2019il nous fallait avoir une conversation en priv\u00e9. J\u2019ai demand\u00e9 \u00e0 ma femme de quitter la chambre.<\/p>\n<p>\u00ab Vous avez tous les sympt\u00f4mes du SIDA, \u00bb a dit le docteur. \u00ab Pour confirmer cela, je ferai un test. \u00bb<\/p>\n<p>Apr\u00e8s le test, le docteur est parti et mon \u00e9pouse est revenue. Elle m\u2019a demand\u00e9 ce qui se passait. Je ne pouvais pas lui r\u00e9pondre. Je n\u2019\u00e9tais pas s\u00fbr moi m\u00eame. Je savais que j\u2019avais v\u00e9cu une vie de d\u00e9bauche et c\u2019\u00e9tait peut \u00eatre la raison expliquant ma maladie.<\/p>\n<p>Je me suis alors souvenu des paroles du pasteur. Il avait dit : \u00ab C\u2019est maintenant que vous avez besoin de Dieu. \u00bb<\/p>\n<p>J\u2019ai demand\u00e9 \u00e0 ma femme de sortir de la chambre parce que je voulais prier. J\u2019ai pri\u00e9 et j\u2019ai pleur\u00e9. J\u2019ai demand\u00e9 \u00e0 Dieu une autre chance, et je lui demand\u00e9 de faire en sorte que je n\u2019ai pas le SIDA.<\/p>\n<p>Apr\u00e8s un moment, le m\u00e9decin est revenu dans la chambre.<\/p>\n<p>\u00ab J\u2019ai une bonne nouvelle et une mauvaise nouvelle, \u00bb a-t-il dit. \u00ab La bonne nouvelle c\u2019est que vous n\u2019avez pas le SIDA. La mauvaise nouvelle c\u2019est que je ne sais pas ce dont vous souffrez. \u00bb<\/p>\n<p>Un autre test m\u00e9dical a r\u00e9v\u00e9l\u00e9 que je souffrais d\u2019un \u00e9panchement pleural, la pr\u00e9sence de fluide dans la cavit\u00e9 pleurale, entre les feuillets de la pl\u00e8vre. Le m\u00e9decin a ins\u00e9r\u00e9 des tubes pour drainer le fluide et a dit que je pourrais rentrer \u00e0 la maison apr\u00e8s cinq jours.<\/p>\n<p>Mais apr\u00e8s les cinq jours, je me sentais aussi mal qu\u2019auparavant, et un test r\u00e9alis\u00e9 par la suite a permis de d\u00e9celer une tumeur.<\/p>\n<p>\u00ab Je dois vous avertir, \u00bb a dit le m\u00e9decin. \u00ab Seul un miracle peut vous sauver. \u00bb<\/p>\n<p>Une op\u00e9ration chirurgicale en urgence a \u00e9t\u00e9 programm\u00e9e pour le lendemain. J\u2019ai pri\u00e9 \u00e0 nouveau. J\u2019ai plaid\u00e9 avec Dieu de me donner une chance de racheter ma vie g\u00e2ch\u00e9e.<\/p>\n<p>On m\u2019a laiss\u00e9 dans la salle d\u2019op\u00e9ration et l\u2019anesth\u00e9siste est entr\u00e9. J\u2019ai pri\u00e9 : \u00ab Si tu permets que je vive, je me ferai baptiser et je te donnerai ma vie. \u00bb<\/p>\n<p>L\u2019op\u00e9ration a dur\u00e9 six heures. Lorsque je le suis r\u00e9veill\u00e9, j\u2019\u00e9tais de retour dans ma chambre. Mon \u00e9pouse et mes filles attendaient de pouvoir me parler. J\u2019\u00e9tais convaincu que Dieu m\u2019avait donn\u00e9 une nouvelle chance.<\/p>\n<p>Apr\u00e8s 21 jours, j\u2019ai finalement quitt\u00e9 l\u2019h\u00f4pital. Trois semaines plus tard, l\u2019\u00e9glise a organis\u00e9 une autre campagne d\u2019\u00e9vang\u00e9lisation, et j\u2019ai \u00e9t\u00e9 baptis\u00e9. Maintenant je travaille comme gardien et je sers en tant que premier diacre de l\u2019\u00e9glise.<\/p>\n<p>Dieu soit lou\u00e9 pour les secondes chances ! J\u2019ai maintenant 34 ans, et je servirai Dieu pendant le reste de ma vie.<\/p>\n<p>Traduction: Patrick Luciathe<\/p>\n","protected":false},"excerpt":{"rendered":"<p>J\u2019ai commenc\u00e9 \u00e0 boire apr\u00e8s mon mariage \u00e0 l\u2019\u00e2ge de 20 ans, et ensuite j\u2019ai commenc\u00e9 \u00e0 fumer. Bient\u00f4t je suis devenu alcoolique et fumeur inv\u00e9t\u00e9r\u00e9. J\u2019aimais faire la f\u00eate.<\/p>\n<p>Mon \u00e9pouse a \u00e9t\u00e9 baptis\u00e9e apr\u00e8s avoir assist\u00e9 \u00e0 une campagne d\u2019\u00e9vang\u00e9lisation tenue par un pasteur du nom de Richard Perez dans une \u00e9glise Adventiste du Septi\u00e8me Jour pr\u00e8s de chez moi dans l\u2019\u00e9tat de Tabasco au Mexique. Mais j\u2019ai refus\u00e9 d\u2019\u00eatre baptis\u00e9. Deux fois.<\/p>\n","protected":false},"author":1,"featured_media":33337,"comment_status":"closed","ping_status":"closed","sticky":false,"template":"","format":"standard","meta":{"_acf_changed":false,"footnotes":""},"categories":[21,19],"tags":[],"class_list":["post-33770","post","type-post","status-publish","format-standard","has-post-thumbnail","hentry","category-nouvelles-du-territoire","category-rss-francais"],"acf":[],"yoast_head":"<!-- This site is optimized with the Yoast SEO plugin v27.3 - https:\/\/yoast.com\/product\/yoast-seo-wordpress\/ -->\n<title>\u00ab Vous avez tous les sympt\u00f4mes du SIDA \u00bb - \u00c9glise Adventiste Du Septieme Jour - Inter Am\u00e9rique Division<\/title>\n<meta name=\"robots\" content=\"index, follow, max-snippet:-1, max-image-preview:large, max-video-preview:-1\" \/>\n<link rel=\"canonical\" href=\"https:\/\/interamerica.org\/fr\/2017\/06\/vous-avez-tous-les-symptomes-du-sida\/\" \/>\n<meta property=\"og:locale\" content=\"fr_FR\" \/>\n<meta property=\"og:type\" content=\"article\" \/>\n<meta property=\"og:title\" content=\"\u00ab Vous avez tous les sympt\u00f4mes du SIDA \u00bb - \u00c9glise Adventiste Du Septieme Jour - Inter Am\u00e9rique Division\" \/>\n<meta property=\"og:description\" content=\"J\u2019ai commenc\u00e9 \u00e0 boire apr\u00e8s mon mariage \u00e0 l\u2019\u00e2ge de 20 ans, et ensuite j\u2019ai commenc\u00e9 \u00e0 fumer. Bient\u00f4t je suis devenu alcoolique et fumeur inv\u00e9t\u00e9r\u00e9. J\u2019aimais faire la f\u00eate.  Mon \u00e9pouse a \u00e9t\u00e9 baptis\u00e9e apr\u00e8s avoir assist\u00e9 \u00e0 une campagne d\u2019\u00e9vang\u00e9lisation tenue par un pasteur du nom de Richard Perez dans une \u00e9glise Adventiste du Septi\u00e8me Jour pr\u00e8s de chez moi dans l\u2019\u00e9tat de Tabasco au Mexique. Mais j\u2019ai refus\u00e9 d\u2019\u00eatre baptis\u00e9. Deux fois.\" \/>\n<meta property=\"og:url\" content=\"https:\/\/interamerica.org\/fr\/2017\/06\/vous-avez-tous-les-symptomes-du-sida\/\" \/>\n<meta property=\"og:site_name\" content=\"\u00c9glise Adventiste Du Septieme Jour - Inter Am\u00e9rique Division\" \/>\n<meta property=\"article:published_time\" content=\"2017-06-15T04:00:00+00:00\" \/>\n<meta property=\"article:modified_time\" content=\"2017-10-30T16:43:51+00:00\" \/>\n<meta property=\"og:image\" content=\"https:\/\/interamerica.org\/wp-content\/uploads\/2017\/08\/Adventist-Mexico-Ezequiel-Perez-Gongora.jpeg\" \/>\n\t<meta property=\"og:image:width\" content=\"1000\" \/>\n\t<meta property=\"og:image:height\" content=\"500\" \/>\n\t<meta property=\"og:image:type\" content=\"image\/jpeg\" \/>\n<meta name=\"author\" content=\"Lorenzo Verduzco\" \/>\n<meta name=\"twitter:card\" content=\"summary_large_image\" \/>\n<meta name=\"twitter:label1\" content=\"\u00c9crit par\" \/>\n\t<meta name=\"twitter:data1\" content=\"Lorenzo Verduzco\" \/>\n\t<meta name=\"twitter:label2\" content=\"Dur\u00e9e de lecture estim\u00e9e\" \/>\n\t<meta name=\"twitter:data2\" content=\"4 minutes\" \/>\n<script type=\"application\/ld+json\" class=\"yoast-schema-graph\">{\"@context\":\"https:\\\/\\\/schema.org\",\"@graph\":[{\"@type\":\"Article\",\"@id\":\"https:\\\/\\\/interamerica.org\\\/fr\\\/2017\\\/06\\\/vous-avez-tous-les-symptomes-du-sida\\\/#article\",\"isPartOf\":{\"@id\":\"https:\\\/\\\/interamerica.org\\\/fr\\\/2017\\\/06\\\/vous-avez-tous-les-symptomes-du-sida\\\/\"},\"author\":{\"name\":\"Lorenzo Verduzco\",\"@id\":\"https:\\\/\\\/interamerica.org\\\/fr\\\/#\\\/schema\\\/person\\\/68ede8bdc292885bb76c1e3810e73c39\"},\"headline\":\"\u00ab Vous avez tous les sympt\u00f4mes du SIDA \u00bb\",\"datePublished\":\"2017-06-15T04:00:00+00:00\",\"dateModified\":\"2017-10-30T16:43:51+00:00\",\"mainEntityOfPage\":{\"@id\":\"https:\\\/\\\/interamerica.org\\\/fr\\\/2017\\\/06\\\/vous-avez-tous-les-symptomes-du-sida\\\/\"},\"wordCount\":900,\"image\":{\"@id\":\"https:\\\/\\\/interamerica.org\\\/fr\\\/2017\\\/06\\\/vous-avez-tous-les-symptomes-du-sida\\\/#primaryimage\"},\"thumbnailUrl\":\"https:\\\/\\\/interamerica.org\\\/wp-content\\\/uploads\\\/2017\\\/08\\\/Adventist-Mexico-Ezequiel-Perez-Gongora.jpeg\",\"articleSection\":[\"Nouvelles du territoire\",\"RSS Fran\u00e7ais\"],\"inLanguage\":\"fr-FR\"},{\"@type\":\"WebPage\",\"@id\":\"https:\\\/\\\/interamerica.org\\\/fr\\\/2017\\\/06\\\/vous-avez-tous-les-symptomes-du-sida\\\/\",\"url\":\"https:\\\/\\\/interamerica.org\\\/fr\\\/2017\\\/06\\\/vous-avez-tous-les-symptomes-du-sida\\\/\",\"name\":\"\u00ab Vous avez tous les sympt\u00f4mes du SIDA \u00bb - \u00c9glise Adventiste Du Septieme Jour - Inter Am\u00e9rique Division\",\"isPartOf\":{\"@id\":\"https:\\\/\\\/interamerica.org\\\/fr\\\/#website\"},\"primaryImageOfPage\":{\"@id\":\"https:\\\/\\\/interamerica.org\\\/fr\\\/2017\\\/06\\\/vous-avez-tous-les-symptomes-du-sida\\\/#primaryimage\"},\"image\":{\"@id\":\"https:\\\/\\\/interamerica.org\\\/fr\\\/2017\\\/06\\\/vous-avez-tous-les-symptomes-du-sida\\\/#primaryimage\"},\"thumbnailUrl\":\"https:\\\/\\\/interamerica.org\\\/wp-content\\\/uploads\\\/2017\\\/08\\\/Adventist-Mexico-Ezequiel-Perez-Gongora.jpeg\",\"datePublished\":\"2017-06-15T04:00:00+00:00\",\"dateModified\":\"2017-10-30T16:43:51+00:00\",\"author\":{\"@id\":\"https:\\\/\\\/interamerica.org\\\/fr\\\/#\\\/schema\\\/person\\\/68ede8bdc292885bb76c1e3810e73c39\"},\"breadcrumb\":{\"@id\":\"https:\\\/\\\/interamerica.org\\\/fr\\\/2017\\\/06\\\/vous-avez-tous-les-symptomes-du-sida\\\/#breadcrumb\"},\"inLanguage\":\"fr-FR\",\"potentialAction\":[{\"@type\":\"ReadAction\",\"target\":[\"https:\\\/\\\/interamerica.org\\\/fr\\\/2017\\\/06\\\/vous-avez-tous-les-symptomes-du-sida\\\/\"]}]},{\"@type\":\"ImageObject\",\"inLanguage\":\"fr-FR\",\"@id\":\"https:\\\/\\\/interamerica.org\\\/fr\\\/2017\\\/06\\\/vous-avez-tous-les-symptomes-du-sida\\\/#primaryimage\",\"url\":\"https:\\\/\\\/interamerica.org\\\/wp-content\\\/uploads\\\/2017\\\/08\\\/Adventist-Mexico-Ezequiel-Perez-Gongora.jpeg\",\"contentUrl\":\"https:\\\/\\\/interamerica.org\\\/wp-content\\\/uploads\\\/2017\\\/08\\\/Adventist-Mexico-Ezequiel-Perez-Gongora.jpeg\",\"width\":1000,\"height\":500},{\"@type\":\"BreadcrumbList\",\"@id\":\"https:\\\/\\\/interamerica.org\\\/fr\\\/2017\\\/06\\\/vous-avez-tous-les-symptomes-du-sida\\\/#breadcrumb\",\"itemListElement\":[{\"@type\":\"ListItem\",\"position\":1,\"name\":\"Home\",\"item\":\"https:\\\/\\\/interamerica.org\\\/fr\\\/\"},{\"@type\":\"ListItem\",\"position\":2,\"name\":\"\u00ab Vous avez tous les sympt\u00f4mes du SIDA \u00bb\"}]},{\"@type\":\"WebSite\",\"@id\":\"https:\\\/\\\/interamerica.org\\\/fr\\\/#website\",\"url\":\"https:\\\/\\\/interamerica.org\\\/fr\\\/\",\"name\":\"\u00c9glise Adventiste Du Septieme Jour - Inter Am\u00e9rique Division\",\"description\":\"\",\"potentialAction\":[{\"@type\":\"SearchAction\",\"target\":{\"@type\":\"EntryPoint\",\"urlTemplate\":\"https:\\\/\\\/interamerica.org\\\/fr\\\/?s={search_term_string}\"},\"query-input\":{\"@type\":\"PropertyValueSpecification\",\"valueRequired\":true,\"valueName\":\"search_term_string\"}}],\"inLanguage\":\"fr-FR\"},{\"@type\":\"Person\",\"@id\":\"https:\\\/\\\/interamerica.org\\\/fr\\\/#\\\/schema\\\/person\\\/68ede8bdc292885bb76c1e3810e73c39\",\"name\":\"Lorenzo Verduzco\",\"image\":{\"@type\":\"ImageObject\",\"inLanguage\":\"fr-FR\",\"@id\":\"https:\\\/\\\/secure.gravatar.com\\\/avatar\\\/fb81a55b6218459490a9c1dc841a34909185b81904c5337b4b27f7a6fd60c49e?s=96&d=mm&r=g\",\"url\":\"https:\\\/\\\/secure.gravatar.com\\\/avatar\\\/fb81a55b6218459490a9c1dc841a34909185b81904c5337b4b27f7a6fd60c49e?s=96&d=mm&r=g\",\"contentUrl\":\"https:\\\/\\\/secure.gravatar.com\\\/avatar\\\/fb81a55b6218459490a9c1dc841a34909185b81904c5337b4b27f7a6fd60c49e?s=96&d=mm&r=g\",\"caption\":\"Lorenzo Verduzco\"}}]}<\/script>\n<!-- \/ Yoast SEO plugin. -->","yoast_head_json":{"title":"\u00ab Vous avez tous les sympt\u00f4mes du SIDA \u00bb - \u00c9glise Adventiste Du Septieme Jour - Inter Am\u00e9rique Division","robots":{"index":"index","follow":"follow","max-snippet":"max-snippet:-1","max-image-preview":"max-image-preview:large","max-video-preview":"max-video-preview:-1"},"canonical":"https:\/\/interamerica.org\/fr\/2017\/06\/vous-avez-tous-les-symptomes-du-sida\/","og_locale":"fr_FR","og_type":"article","og_title":"\u00ab Vous avez tous les sympt\u00f4mes du SIDA \u00bb - \u00c9glise Adventiste Du Septieme Jour - Inter Am\u00e9rique Division","og_description":"J\u2019ai commenc\u00e9 \u00e0 boire apr\u00e8s mon mariage \u00e0 l\u2019\u00e2ge de 20 ans, et ensuite j\u2019ai commenc\u00e9 \u00e0 fumer. Bient\u00f4t je suis devenu alcoolique et fumeur inv\u00e9t\u00e9r\u00e9. J\u2019aimais faire la f\u00eate.  Mon \u00e9pouse a \u00e9t\u00e9 baptis\u00e9e apr\u00e8s avoir assist\u00e9 \u00e0 une campagne d\u2019\u00e9vang\u00e9lisation tenue par un pasteur du nom de Richard Perez dans une \u00e9glise Adventiste du Septi\u00e8me Jour pr\u00e8s de chez moi dans l\u2019\u00e9tat de Tabasco au Mexique. Mais j\u2019ai refus\u00e9 d\u2019\u00eatre baptis\u00e9. Deux fois.","og_url":"https:\/\/interamerica.org\/fr\/2017\/06\/vous-avez-tous-les-symptomes-du-sida\/","og_site_name":"\u00c9glise Adventiste Du Septieme Jour - Inter Am\u00e9rique Division","article_published_time":"2017-06-15T04:00:00+00:00","article_modified_time":"2017-10-30T16:43:51+00:00","og_image":[{"width":1000,"height":500,"url":"https:\/\/interamerica.org\/wp-content\/uploads\/2017\/08\/Adventist-Mexico-Ezequiel-Perez-Gongora.jpeg","type":"image\/jpeg"}],"author":"Lorenzo Verduzco","twitter_card":"summary_large_image","twitter_misc":{"\u00c9crit par":"Lorenzo Verduzco","Dur\u00e9e de lecture estim\u00e9e":"4 minutes"},"schema":{"@context":"https:\/\/schema.org","@graph":[{"@type":"Article","@id":"https:\/\/interamerica.org\/fr\/2017\/06\/vous-avez-tous-les-symptomes-du-sida\/#article","isPartOf":{"@id":"https:\/\/interamerica.org\/fr\/2017\/06\/vous-avez-tous-les-symptomes-du-sida\/"},"author":{"name":"Lorenzo Verduzco","@id":"https:\/\/interamerica.org\/fr\/#\/schema\/person\/68ede8bdc292885bb76c1e3810e73c39"},"headline":"\u00ab Vous avez tous les sympt\u00f4mes du SIDA \u00bb","datePublished":"2017-06-15T04:00:00+00:00","dateModified":"2017-10-30T16:43:51+00:00","mainEntityOfPage":{"@id":"https:\/\/interamerica.org\/fr\/2017\/06\/vous-avez-tous-les-symptomes-du-sida\/"},"wordCount":900,"image":{"@id":"https:\/\/interamerica.org\/fr\/2017\/06\/vous-avez-tous-les-symptomes-du-sida\/#primaryimage"},"thumbnailUrl":"https:\/\/interamerica.org\/wp-content\/uploads\/2017\/08\/Adventist-Mexico-Ezequiel-Perez-Gongora.jpeg","articleSection":["Nouvelles du territoire","RSS Fran\u00e7ais"],"inLanguage":"fr-FR"},{"@type":"WebPage","@id":"https:\/\/interamerica.org\/fr\/2017\/06\/vous-avez-tous-les-symptomes-du-sida\/","url":"https:\/\/interamerica.org\/fr\/2017\/06\/vous-avez-tous-les-symptomes-du-sida\/","name":"\u00ab Vous avez tous les sympt\u00f4mes du SIDA \u00bb - \u00c9glise Adventiste Du Septieme Jour - Inter Am\u00e9rique Division","isPartOf":{"@id":"https:\/\/interamerica.org\/fr\/#website"},"primaryImageOfPage":{"@id":"https:\/\/interamerica.org\/fr\/2017\/06\/vous-avez-tous-les-symptomes-du-sida\/#primaryimage"},"image":{"@id":"https:\/\/interamerica.org\/fr\/2017\/06\/vous-avez-tous-les-symptomes-du-sida\/#primaryimage"},"thumbnailUrl":"https:\/\/interamerica.org\/wp-content\/uploads\/2017\/08\/Adventist-Mexico-Ezequiel-Perez-Gongora.jpeg","datePublished":"2017-06-15T04:00:00+00:00","dateModified":"2017-10-30T16:43:51+00:00","author":{"@id":"https:\/\/interamerica.org\/fr\/#\/schema\/person\/68ede8bdc292885bb76c1e3810e73c39"},"breadcrumb":{"@id":"https:\/\/interamerica.org\/fr\/2017\/06\/vous-avez-tous-les-symptomes-du-sida\/#breadcrumb"},"inLanguage":"fr-FR","potentialAction":[{"@type":"ReadAction","target":["https:\/\/interamerica.org\/fr\/2017\/06\/vous-avez-tous-les-symptomes-du-sida\/"]}]},{"@type":"ImageObject","inLanguage":"fr-FR","@id":"https:\/\/interamerica.org\/fr\/2017\/06\/vous-avez-tous-les-symptomes-du-sida\/#primaryimage","url":"https:\/\/interamerica.org\/wp-content\/uploads\/2017\/08\/Adventist-Mexico-Ezequiel-Perez-Gongora.jpeg","contentUrl":"https:\/\/interamerica.org\/wp-content\/uploads\/2017\/08\/Adventist-Mexico-Ezequiel-Perez-Gongora.jpeg","width":1000,"height":500},{"@type":"BreadcrumbList","@id":"https:\/\/interamerica.org\/fr\/2017\/06\/vous-avez-tous-les-symptomes-du-sida\/#breadcrumb","itemListElement":[{"@type":"ListItem","position":1,"name":"Home","item":"https:\/\/interamerica.org\/fr\/"},{"@type":"ListItem","position":2,"name":"\u00ab Vous avez tous les sympt\u00f4mes du SIDA \u00bb"}]},{"@type":"WebSite","@id":"https:\/\/interamerica.org\/fr\/#website","url":"https:\/\/interamerica.org\/fr\/","name":"\u00c9glise Adventiste Du Septieme Jour - Inter Am\u00e9rique Division","description":"","potentialAction":[{"@type":"SearchAction","target":{"@type":"EntryPoint","urlTemplate":"https:\/\/interamerica.org\/fr\/?s={search_term_string}"},"query-input":{"@type":"PropertyValueSpecification","valueRequired":true,"valueName":"search_term_string"}}],"inLanguage":"fr-FR"},{"@type":"Person","@id":"https:\/\/interamerica.org\/fr\/#\/schema\/person\/68ede8bdc292885bb76c1e3810e73c39","name":"Lorenzo Verduzco","image":{"@type":"ImageObject","inLanguage":"fr-FR","@id":"https:\/\/secure.gravatar.com\/avatar\/fb81a55b6218459490a9c1dc841a34909185b81904c5337b4b27f7a6fd60c49e?s=96&d=mm&r=g","url":"https:\/\/secure.gravatar.com\/avatar\/fb81a55b6218459490a9c1dc841a34909185b81904c5337b4b27f7a6fd60c49e?s=96&d=mm&r=g","contentUrl":"https:\/\/secure.gravatar.com\/avatar\/fb81a55b6218459490a9c1dc841a34909185b81904c5337b4b27f7a6fd60c49e?s=96&d=mm&r=g","caption":"Lorenzo Verduzco"}}]}},"_links":{"self":[{"href":"https:\/\/interamerica.org\/fr\/wp-json\/wp\/v2\/posts\/33770","targetHints":{"allow":["GET"]}}],"collection":[{"href":"https:\/\/interamerica.org\/fr\/wp-json\/wp\/v2\/posts"}],"about":[{"href":"https:\/\/interamerica.org\/fr\/wp-json\/wp\/v2\/types\/post"}],"author":[{"embeddable":true,"href":"https:\/\/interamerica.org\/fr\/wp-json\/wp\/v2\/users\/1"}],"replies":[{"embeddable":true,"href":"https:\/\/interamerica.org\/fr\/wp-json\/wp\/v2\/comments?post=33770"}],"version-history":[{"count":0,"href":"https:\/\/interamerica.org\/fr\/wp-json\/wp\/v2\/posts\/33770\/revisions"}],"wp:featuredmedia":[{"embeddable":true,"href":"https:\/\/interamerica.org\/fr\/wp-json\/wp\/v2\/media\/33337"}],"wp:attachment":[{"href":"https:\/\/interamerica.org\/fr\/wp-json\/wp\/v2\/media?parent=33770"}],"wp:term":[{"taxonomy":"category","embeddable":true,"href":"https:\/\/interamerica.org\/fr\/wp-json\/wp\/v2\/categories?post=33770"},{"taxonomy":"post_tag","embeddable":true,"href":"https:\/\/interamerica.org\/fr\/wp-json\/wp\/v2\/tags?post=33770"}],"curies":[{"name":"wp","href":"https:\/\/api.w.org\/{rel}","templated":true}]}}