{"id":33777,"date":"2017-06-23T00:00:00","date_gmt":"2017-06-23T04:00:00","guid":{"rendered":"http:\/\/192.81.217.108\/2017\/06\/honoree-par-la-reine-dangleterre-et-par-le-roi-des-cieux-au-belize\/"},"modified":"2017-10-27T18:12:53","modified_gmt":"2017-10-27T22:12:53","slug":"honoree-par-la-reine-dangleterre-et-par-le-roi-des-cieux-au-belize","status":"publish","type":"post","link":"https:\/\/interamerica.org\/fr\/2017\/06\/honoree-par-la-reine-dangleterre-et-par-le-roi-des-cieux-au-belize\/","title":{"rendered":"Honor\u00e9e par la Reine d\u2019Angleterre et par le Roi des cieux au Belize"},"content":{"rendered":"<div id=\"attachment_29406\" style=\"width: 742px\" class=\"wp-caption aligncenter\"><a href=\"\/interamerica\/wp-content\/uploads\/2017\/08\/Adventist-Belize-Leticia-August-2.jpeg\" rel=\"fancybox\" title=\"Honor\u00e9e par la Reine d\u2019Angleterre et par le Roi des cieux au Belize\"><img fetchpriority=\"high\" decoding=\"async\" aria-describedby=\"caption-attachment-29406\" class=\" wp-image-29406\" src=\"\/interamerica\/wp-content\/uploads\/2017\/08\/Adventist-Belize-Leticia-August-2.jpeg\" alt=\"\" width=\"732\" height=\"366\" \/><\/a><p id=\"caption-attachment-29406\" class=\"wp-caption-text\">Leticia August, 60 ans, assise dans une \u00e9glise Adventiste du Septi\u00e8me Jour dans la capitale du Belize, Belmopan. Image d\u2019Andrew McChesney, Adventist Mission<\/p><\/div>\n<p>21 Juin 2017 \u2013 Andrew McChesney, Adventist Mission<\/p>\n<p><span class=\"cap\">L<\/span>e jour le plus excitant dans la jeune vie de Leticia August a \u00e9t\u00e9 le jour o\u00f9 sa m\u00e8re l\u2019a envoy\u00e9e vivre avec sa grand-m\u00e8re dans le Belize voisin, en provenance du Guatemala.<\/p>\n<p>Ses parents \u00e9taient de fervents observateurs du dimanche, et Leticia \u00e9tait fatigu\u00e9e d\u2019entendre qu\u2019elle ne pouvait pas se comporter comme les autres filles.<\/p>\n<p>\u00ab Lorsque j\u2019ai d\u00e9m\u00e9nag\u00e9, j\u2019ai dit : \u2018oui, \u00e7a y est !\u2019 \u00bb avoue Leticia.<\/p>\n<p>Leticia a commenc\u00e9 \u00e0 aller danser et \u00e0 faire la f\u00eate. Pour une fois, elle se sentait libre. Mais elle s\u2019inqui\u00e9tait pratiquement tous les jours. \u00ab Que m\u2019arrivera t-il si je meurs ce soir ? \u00bb<\/p>\n<p>Apr\u00e8s quelques temps, deux Adventistes ont visit\u00e9 la maison o\u00f9 habitait Leticia et ont commenc\u00e9 \u00e0 donner des \u00e9tudes bibliques \u00e0 son oncle qui vivait l\u00e0. Leticia qui avait 17 ans, \u00e9coutait derri\u00e8re la porte et se disait : \u00ab ce n\u2019est pas ce que la Bible enseigne. \u00bb Les Adventistes parlaient du don des langues et ont lu dans le livre des Actes que chacun comprenait ce que pr\u00eachaient les disciples dans leurs propres langues. Leticia avait grandi en croyant que parler en langue produisait un charabia que personne ne pouvait comprendre.<\/p>\n<p>Finalement, Letica est sortie de sa chambre et a dit franchement aux Adventistes : \u00ab ce que vous enseignez n\u2019est pas correct. \u00bb<\/p>\n<p>Elle a essay\u00e9 de leur expliquer ce qu\u2019elle pensait. Au fil de la discussion, Leticia a commenc\u00e9 \u00e0 \u00e9tudier la Bible avec les Adventistes. Elle a ensuite commenc\u00e9 \u00e0 fr\u00e9quenter l\u2019\u00e9glise et a d\u00e9cid\u00e9 de se faire baptiser.<\/p>\n<p>Mais les membres de sa famille consid\u00e9raient l\u2019\u2019Eglise Adventiste comme \u00e9tant une secte et lui ont dit : \u00ab si jamais tu d\u00e9cides de te faire baptiser, oublie que tu as une famille ici. \u00bb<\/p>\n<p>Son bapt\u00eame a \u00e9t\u00e9 une v\u00e9ritable lutte, et elle ne s\u2019est pas pr\u00e9sent\u00e9e le jour du bapt\u00eame. Au lieu de s\u2019y aller, elle est all\u00e9e faire la f\u00eate et a d\u00e9cid\u00e9 de ne plus se faire baptiser.<\/p>\n<p>\u00ab Mais le Seigneur ne m\u2019a pas laiss\u00e9e jusqu\u2019\u00e0 ce que j\u2019aille demander le bapt\u00eame, et le pasteur a r\u00e9pondu : \u2018Es-tu s\u00fbre ?\u2019 \u00bb a-t-elle dit. \u00ab J\u2019\u00e9tais s\u00fbre, et depuis ce moment jusqu\u2019\u00e0 maintenant, je suis s\u00fbre d\u2019avoir fait le bon choix. Dieu soit lou\u00e9 pour Sa mis\u00e9ricorde et le fait qu\u2019Il me donne une deuxi\u00e8me chance. \u00bb<\/p>\n<p>Les membres de la famille de Leticia \u00e9taient furieux par rapport \u00e0 sa d\u00e9cision. Ils ont fait pression sur elle pour qu\u2019elle renonce \u00e0 ses croyances en mettant du porc et du lard dans la nourriture de telle sorte qu\u2019elle ne puisse la manger. Leticia mangeait des petits g\u00e2teaux et du lait pendant l\u2019essentiel de la semaine. Elle ne mangeait un repas complet que le sabbat lorsque les membres d\u2019\u00e9glise l\u2019invitaient chez eux.<\/p>\n<p>\u00ab C\u2019est \u00e0 ce moment que j\u2019ai appris que vous devriez toujours ouvrir vos portes aux nouveaux membres baptis\u00e9s parce que vous ne savez pas ce qui se passe dans leurs vies, \u00bb a dit Leticia. \u00ab Faites en sorte de les conna\u00eetre et de les aimer. \u00bb<\/p>\n<p>Peu apr\u00e8s Leticia est retourn\u00e9e chez sa m\u00e8re au Guatemala. M\u00eame cette d\u00e9cision a re\u00e7u la b\u00e9n\u00e9diction de Dieu, a-t-elle dit. Tr\u00e8s peu de temps apr\u00e8s son arriv\u00e9e, elle a rencontr\u00e9 son futur \u00e9poux, et ils se sont mari\u00e9s.<\/p>\n<p>Leticia est plus tard devenue infirmi\u00e8re et a contribu\u00e9 \u00e0 implanter trois \u00e9glises au Guatemala et au Belize avec son \u00e9poux. Ensemble, le couple a conduit environ 1000 personnes au bapt\u00eame.<\/p>\n<p>Le mari de Leticia est d\u00e9c\u00e9d\u00e9 depuis, mais elle demeure \u00e0 60 ans, un membre d\u2019\u00e9glise actif au Belize. En 2016, La Reine Elizabeth II d\u2019Angleterre l\u2019a nomm\u00e9e Membre de l\u2019Ordre le Plus Excellent de l\u2019Empire Britannique en reconnaissance de son service communautaire.<\/p>\n<p>\u00ab Quelqu\u2019un a soumis mon nom, \u00bb a dit Leticia. \u00ab Mais ce qui me pousse en r\u00e9alit\u00e9 \u00e0 avancer, ce ne sont pas les r\u00e9compenses humaines. J\u2019imagine toujours Dieu en train de dire : \u2018Va, fais cela pour moi.\u2019 Nous sommes Ses serviteurs. Il dit : \u2018Fais le.\u2019 Je veux L\u2019entendre dire : Bien bon et fid\u00e8le serviteur. \u00bb<\/p>\n<p>\u00ab Je sais que Dieu m\u2019a appel\u00e9e dans un but, \u00bb dit-elle. \u00ab Cela fait 43 ans que j\u2019ai \u00e9t\u00e9 appel\u00e9e \u00e0 l\u2019\u00e9glise, et Son amour est chaque jour plus profond et plus profond encore. \u00bb<\/p>\n<p>Traduction: Patrick Luciathe<\/p>\n","protected":false},"excerpt":{"rendered":"<p>Le jour le plus excitant dans la jeune vie de Leticia August a \u00e9t\u00e9 le jour o\u00f9 sa m\u00e8re l\u2019a envoy\u00e9e vivre avec sa grand-m\u00e8re dans le Belize voisin, en provenance du Guatemala.<\/p>\n<p>Ses parents \u00e9taient de fervents observateurs du dimanche, et Leticia \u00e9tait fatigu\u00e9e d\u2019entendre qu\u2019elle ne pouvait pas se comporter comme les autres filles. <\/p>\n<p>\u00ab Lorsque j\u2019ai d\u00e9m\u00e9nag\u00e9, j\u2019ai dit : \u2018oui, \u00e7a y est !\u2019 \u00bb avoue Leticia.<\/p>\n<p>Leticia a commenc\u00e9 \u00e0 aller danser et \u00e0 faire la f\u00eate. Pour une fois, elle se sentait libre. Mais elle s\u2019inqui\u00e9tait pratiquement tous les jours. \u00ab Que m\u2019arrivera t-il si je meurs ce soir ? \u00bb<\/p>\n","protected":false},"author":1,"featured_media":33355,"comment_status":"closed","ping_status":"closed","sticky":false,"template":"","format":"standard","meta":{"_acf_changed":false,"footnotes":""},"categories":[21,19],"tags":[],"class_list":["post-33777","post","type-post","status-publish","format-standard","has-post-thumbnail","hentry","category-nouvelles-du-territoire","category-rss-francais"],"acf":[],"yoast_head":"<!-- This site is optimized with the Yoast SEO plugin v27.3 - https:\/\/yoast.com\/product\/yoast-seo-wordpress\/ -->\n<title>Honor\u00e9e par la Reine d\u2019Angleterre et par le Roi des cieux au Belize - \u00c9glise Adventiste Du Septieme Jour - Inter Am\u00e9rique Division<\/title>\n<meta name=\"robots\" content=\"index, follow, max-snippet:-1, max-image-preview:large, max-video-preview:-1\" \/>\n<link rel=\"canonical\" href=\"https:\/\/interamerica.org\/fr\/2017\/06\/honoree-par-la-reine-dangleterre-et-par-le-roi-des-cieux-au-belize\/\" \/>\n<meta property=\"og:locale\" content=\"fr_FR\" \/>\n<meta property=\"og:type\" content=\"article\" \/>\n<meta property=\"og:title\" content=\"Honor\u00e9e par la Reine d\u2019Angleterre et par le Roi des cieux au Belize - \u00c9glise Adventiste Du Septieme Jour - Inter Am\u00e9rique Division\" \/>\n<meta property=\"og:description\" content=\"Le jour le plus excitant dans la jeune vie de Leticia August a \u00e9t\u00e9 le jour o\u00f9 sa m\u00e8re l\u2019a envoy\u00e9e vivre avec sa grand-m\u00e8re dans le Belize voisin, en provenance du Guatemala.  Ses parents \u00e9taient de fervents observateurs du dimanche, et Leticia \u00e9tait fatigu\u00e9e d\u2019entendre qu\u2019elle ne pouvait pas se comporter comme les autres filles.   \u00ab Lorsque j\u2019ai d\u00e9m\u00e9nag\u00e9, j\u2019ai dit : \u2018oui, \u00e7a y est !\u2019 \u00bb avoue Leticia.  Leticia a commenc\u00e9 \u00e0 aller danser et \u00e0 faire la f\u00eate. Pour une fois, elle se sentait libre. Mais elle s\u2019inqui\u00e9tait pratiquement tous les jours. \u00ab Que m\u2019arrivera t-il si je meurs ce soir ? \u00bb\" \/>\n<meta property=\"og:url\" content=\"https:\/\/interamerica.org\/fr\/2017\/06\/honoree-par-la-reine-dangleterre-et-par-le-roi-des-cieux-au-belize\/\" \/>\n<meta property=\"og:site_name\" content=\"\u00c9glise Adventiste Du Septieme Jour - Inter Am\u00e9rique Division\" \/>\n<meta property=\"article:published_time\" content=\"2017-06-23T04:00:00+00:00\" \/>\n<meta property=\"article:modified_time\" content=\"2017-10-27T22:12:53+00:00\" \/>\n<meta property=\"og:image\" content=\"https:\/\/interamerica.org\/wp-content\/uploads\/2017\/08\/Adventist-Belize-Leticia-August-2.jpeg\" \/>\n\t<meta property=\"og:image:width\" content=\"1000\" \/>\n\t<meta property=\"og:image:height\" content=\"500\" \/>\n\t<meta property=\"og:image:type\" content=\"image\/jpeg\" \/>\n<meta name=\"author\" content=\"Lorenzo Verduzco\" \/>\n<meta name=\"twitter:card\" content=\"summary_large_image\" \/>\n<meta name=\"twitter:label1\" content=\"\u00c9crit par\" \/>\n\t<meta name=\"twitter:data1\" content=\"Lorenzo Verduzco\" \/>\n\t<meta name=\"twitter:label2\" content=\"Dur\u00e9e de lecture estim\u00e9e\" \/>\n\t<meta name=\"twitter:data2\" content=\"4 minutes\" \/>\n<script type=\"application\/ld+json\" class=\"yoast-schema-graph\">{\"@context\":\"https:\\\/\\\/schema.org\",\"@graph\":[{\"@type\":\"Article\",\"@id\":\"https:\\\/\\\/interamerica.org\\\/fr\\\/2017\\\/06\\\/honoree-par-la-reine-dangleterre-et-par-le-roi-des-cieux-au-belize\\\/#article\",\"isPartOf\":{\"@id\":\"https:\\\/\\\/interamerica.org\\\/fr\\\/2017\\\/06\\\/honoree-par-la-reine-dangleterre-et-par-le-roi-des-cieux-au-belize\\\/\"},\"author\":{\"name\":\"Lorenzo Verduzco\",\"@id\":\"https:\\\/\\\/interamerica.org\\\/fr\\\/#\\\/schema\\\/person\\\/68ede8bdc292885bb76c1e3810e73c39\"},\"headline\":\"Honor\u00e9e par la Reine d\u2019Angleterre et par le Roi des cieux au Belize\",\"datePublished\":\"2017-06-23T04:00:00+00:00\",\"dateModified\":\"2017-10-27T22:12:53+00:00\",\"mainEntityOfPage\":{\"@id\":\"https:\\\/\\\/interamerica.org\\\/fr\\\/2017\\\/06\\\/honoree-par-la-reine-dangleterre-et-par-le-roi-des-cieux-au-belize\\\/\"},\"wordCount\":816,\"image\":{\"@id\":\"https:\\\/\\\/interamerica.org\\\/fr\\\/2017\\\/06\\\/honoree-par-la-reine-dangleterre-et-par-le-roi-des-cieux-au-belize\\\/#primaryimage\"},\"thumbnailUrl\":\"https:\\\/\\\/interamerica.org\\\/wp-content\\\/uploads\\\/2017\\\/08\\\/Adventist-Belize-Leticia-August-2.jpeg\",\"articleSection\":[\"Nouvelles du territoire\",\"RSS Fran\u00e7ais\"],\"inLanguage\":\"fr-FR\"},{\"@type\":\"WebPage\",\"@id\":\"https:\\\/\\\/interamerica.org\\\/fr\\\/2017\\\/06\\\/honoree-par-la-reine-dangleterre-et-par-le-roi-des-cieux-au-belize\\\/\",\"url\":\"https:\\\/\\\/interamerica.org\\\/fr\\\/2017\\\/06\\\/honoree-par-la-reine-dangleterre-et-par-le-roi-des-cieux-au-belize\\\/\",\"name\":\"Honor\u00e9e par la Reine d\u2019Angleterre et par le Roi des cieux au Belize - \u00c9glise Adventiste Du Septieme Jour - Inter Am\u00e9rique Division\",\"isPartOf\":{\"@id\":\"https:\\\/\\\/interamerica.org\\\/fr\\\/#website\"},\"primaryImageOfPage\":{\"@id\":\"https:\\\/\\\/interamerica.org\\\/fr\\\/2017\\\/06\\\/honoree-par-la-reine-dangleterre-et-par-le-roi-des-cieux-au-belize\\\/#primaryimage\"},\"image\":{\"@id\":\"https:\\\/\\\/interamerica.org\\\/fr\\\/2017\\\/06\\\/honoree-par-la-reine-dangleterre-et-par-le-roi-des-cieux-au-belize\\\/#primaryimage\"},\"thumbnailUrl\":\"https:\\\/\\\/interamerica.org\\\/wp-content\\\/uploads\\\/2017\\\/08\\\/Adventist-Belize-Leticia-August-2.jpeg\",\"datePublished\":\"2017-06-23T04:00:00+00:00\",\"dateModified\":\"2017-10-27T22:12:53+00:00\",\"author\":{\"@id\":\"https:\\\/\\\/interamerica.org\\\/fr\\\/#\\\/schema\\\/person\\\/68ede8bdc292885bb76c1e3810e73c39\"},\"breadcrumb\":{\"@id\":\"https:\\\/\\\/interamerica.org\\\/fr\\\/2017\\\/06\\\/honoree-par-la-reine-dangleterre-et-par-le-roi-des-cieux-au-belize\\\/#breadcrumb\"},\"inLanguage\":\"fr-FR\",\"potentialAction\":[{\"@type\":\"ReadAction\",\"target\":[\"https:\\\/\\\/interamerica.org\\\/fr\\\/2017\\\/06\\\/honoree-par-la-reine-dangleterre-et-par-le-roi-des-cieux-au-belize\\\/\"]}]},{\"@type\":\"ImageObject\",\"inLanguage\":\"fr-FR\",\"@id\":\"https:\\\/\\\/interamerica.org\\\/fr\\\/2017\\\/06\\\/honoree-par-la-reine-dangleterre-et-par-le-roi-des-cieux-au-belize\\\/#primaryimage\",\"url\":\"https:\\\/\\\/interamerica.org\\\/wp-content\\\/uploads\\\/2017\\\/08\\\/Adventist-Belize-Leticia-August-2.jpeg\",\"contentUrl\":\"https:\\\/\\\/interamerica.org\\\/wp-content\\\/uploads\\\/2017\\\/08\\\/Adventist-Belize-Leticia-August-2.jpeg\",\"width\":1000,\"height\":500},{\"@type\":\"BreadcrumbList\",\"@id\":\"https:\\\/\\\/interamerica.org\\\/fr\\\/2017\\\/06\\\/honoree-par-la-reine-dangleterre-et-par-le-roi-des-cieux-au-belize\\\/#breadcrumb\",\"itemListElement\":[{\"@type\":\"ListItem\",\"position\":1,\"name\":\"Home\",\"item\":\"https:\\\/\\\/interamerica.org\\\/fr\\\/\"},{\"@type\":\"ListItem\",\"position\":2,\"name\":\"Honor\u00e9e par la Reine d\u2019Angleterre et par le Roi des cieux au Belize\"}]},{\"@type\":\"WebSite\",\"@id\":\"https:\\\/\\\/interamerica.org\\\/fr\\\/#website\",\"url\":\"https:\\\/\\\/interamerica.org\\\/fr\\\/\",\"name\":\"\u00c9glise Adventiste Du Septieme Jour - Inter Am\u00e9rique Division\",\"description\":\"\",\"potentialAction\":[{\"@type\":\"SearchAction\",\"target\":{\"@type\":\"EntryPoint\",\"urlTemplate\":\"https:\\\/\\\/interamerica.org\\\/fr\\\/?s={search_term_string}\"},\"query-input\":{\"@type\":\"PropertyValueSpecification\",\"valueRequired\":true,\"valueName\":\"search_term_string\"}}],\"inLanguage\":\"fr-FR\"},{\"@type\":\"Person\",\"@id\":\"https:\\\/\\\/interamerica.org\\\/fr\\\/#\\\/schema\\\/person\\\/68ede8bdc292885bb76c1e3810e73c39\",\"name\":\"Lorenzo Verduzco\",\"image\":{\"@type\":\"ImageObject\",\"inLanguage\":\"fr-FR\",\"@id\":\"https:\\\/\\\/secure.gravatar.com\\\/avatar\\\/fb81a55b6218459490a9c1dc841a34909185b81904c5337b4b27f7a6fd60c49e?s=96&d=mm&r=g\",\"url\":\"https:\\\/\\\/secure.gravatar.com\\\/avatar\\\/fb81a55b6218459490a9c1dc841a34909185b81904c5337b4b27f7a6fd60c49e?s=96&d=mm&r=g\",\"contentUrl\":\"https:\\\/\\\/secure.gravatar.com\\\/avatar\\\/fb81a55b6218459490a9c1dc841a34909185b81904c5337b4b27f7a6fd60c49e?s=96&d=mm&r=g\",\"caption\":\"Lorenzo Verduzco\"}}]}<\/script>\n<!-- \/ Yoast SEO plugin. -->","yoast_head_json":{"title":"Honor\u00e9e par la Reine d\u2019Angleterre et par le Roi des cieux au Belize - \u00c9glise Adventiste Du Septieme Jour - Inter Am\u00e9rique Division","robots":{"index":"index","follow":"follow","max-snippet":"max-snippet:-1","max-image-preview":"max-image-preview:large","max-video-preview":"max-video-preview:-1"},"canonical":"https:\/\/interamerica.org\/fr\/2017\/06\/honoree-par-la-reine-dangleterre-et-par-le-roi-des-cieux-au-belize\/","og_locale":"fr_FR","og_type":"article","og_title":"Honor\u00e9e par la Reine d\u2019Angleterre et par le Roi des cieux au Belize - \u00c9glise Adventiste Du Septieme Jour - Inter Am\u00e9rique Division","og_description":"Le jour le plus excitant dans la jeune vie de Leticia August a \u00e9t\u00e9 le jour o\u00f9 sa m\u00e8re l\u2019a envoy\u00e9e vivre avec sa grand-m\u00e8re dans le Belize voisin, en provenance du Guatemala.  Ses parents \u00e9taient de fervents observateurs du dimanche, et Leticia \u00e9tait fatigu\u00e9e d\u2019entendre qu\u2019elle ne pouvait pas se comporter comme les autres filles.   \u00ab Lorsque j\u2019ai d\u00e9m\u00e9nag\u00e9, j\u2019ai dit : \u2018oui, \u00e7a y est !\u2019 \u00bb avoue Leticia.  Leticia a commenc\u00e9 \u00e0 aller danser et \u00e0 faire la f\u00eate. Pour une fois, elle se sentait libre. Mais elle s\u2019inqui\u00e9tait pratiquement tous les jours. \u00ab Que m\u2019arrivera t-il si je meurs ce soir ? \u00bb","og_url":"https:\/\/interamerica.org\/fr\/2017\/06\/honoree-par-la-reine-dangleterre-et-par-le-roi-des-cieux-au-belize\/","og_site_name":"\u00c9glise Adventiste Du Septieme Jour - Inter Am\u00e9rique Division","article_published_time":"2017-06-23T04:00:00+00:00","article_modified_time":"2017-10-27T22:12:53+00:00","og_image":[{"width":1000,"height":500,"url":"https:\/\/interamerica.org\/wp-content\/uploads\/2017\/08\/Adventist-Belize-Leticia-August-2.jpeg","type":"image\/jpeg"}],"author":"Lorenzo Verduzco","twitter_card":"summary_large_image","twitter_misc":{"\u00c9crit par":"Lorenzo Verduzco","Dur\u00e9e de lecture estim\u00e9e":"4 minutes"},"schema":{"@context":"https:\/\/schema.org","@graph":[{"@type":"Article","@id":"https:\/\/interamerica.org\/fr\/2017\/06\/honoree-par-la-reine-dangleterre-et-par-le-roi-des-cieux-au-belize\/#article","isPartOf":{"@id":"https:\/\/interamerica.org\/fr\/2017\/06\/honoree-par-la-reine-dangleterre-et-par-le-roi-des-cieux-au-belize\/"},"author":{"name":"Lorenzo Verduzco","@id":"https:\/\/interamerica.org\/fr\/#\/schema\/person\/68ede8bdc292885bb76c1e3810e73c39"},"headline":"Honor\u00e9e par la Reine d\u2019Angleterre et par le Roi des cieux au Belize","datePublished":"2017-06-23T04:00:00+00:00","dateModified":"2017-10-27T22:12:53+00:00","mainEntityOfPage":{"@id":"https:\/\/interamerica.org\/fr\/2017\/06\/honoree-par-la-reine-dangleterre-et-par-le-roi-des-cieux-au-belize\/"},"wordCount":816,"image":{"@id":"https:\/\/interamerica.org\/fr\/2017\/06\/honoree-par-la-reine-dangleterre-et-par-le-roi-des-cieux-au-belize\/#primaryimage"},"thumbnailUrl":"https:\/\/interamerica.org\/wp-content\/uploads\/2017\/08\/Adventist-Belize-Leticia-August-2.jpeg","articleSection":["Nouvelles du territoire","RSS Fran\u00e7ais"],"inLanguage":"fr-FR"},{"@type":"WebPage","@id":"https:\/\/interamerica.org\/fr\/2017\/06\/honoree-par-la-reine-dangleterre-et-par-le-roi-des-cieux-au-belize\/","url":"https:\/\/interamerica.org\/fr\/2017\/06\/honoree-par-la-reine-dangleterre-et-par-le-roi-des-cieux-au-belize\/","name":"Honor\u00e9e par la Reine d\u2019Angleterre et par le Roi des cieux au Belize - \u00c9glise Adventiste Du Septieme Jour - Inter Am\u00e9rique Division","isPartOf":{"@id":"https:\/\/interamerica.org\/fr\/#website"},"primaryImageOfPage":{"@id":"https:\/\/interamerica.org\/fr\/2017\/06\/honoree-par-la-reine-dangleterre-et-par-le-roi-des-cieux-au-belize\/#primaryimage"},"image":{"@id":"https:\/\/interamerica.org\/fr\/2017\/06\/honoree-par-la-reine-dangleterre-et-par-le-roi-des-cieux-au-belize\/#primaryimage"},"thumbnailUrl":"https:\/\/interamerica.org\/wp-content\/uploads\/2017\/08\/Adventist-Belize-Leticia-August-2.jpeg","datePublished":"2017-06-23T04:00:00+00:00","dateModified":"2017-10-27T22:12:53+00:00","author":{"@id":"https:\/\/interamerica.org\/fr\/#\/schema\/person\/68ede8bdc292885bb76c1e3810e73c39"},"breadcrumb":{"@id":"https:\/\/interamerica.org\/fr\/2017\/06\/honoree-par-la-reine-dangleterre-et-par-le-roi-des-cieux-au-belize\/#breadcrumb"},"inLanguage":"fr-FR","potentialAction":[{"@type":"ReadAction","target":["https:\/\/interamerica.org\/fr\/2017\/06\/honoree-par-la-reine-dangleterre-et-par-le-roi-des-cieux-au-belize\/"]}]},{"@type":"ImageObject","inLanguage":"fr-FR","@id":"https:\/\/interamerica.org\/fr\/2017\/06\/honoree-par-la-reine-dangleterre-et-par-le-roi-des-cieux-au-belize\/#primaryimage","url":"https:\/\/interamerica.org\/wp-content\/uploads\/2017\/08\/Adventist-Belize-Leticia-August-2.jpeg","contentUrl":"https:\/\/interamerica.org\/wp-content\/uploads\/2017\/08\/Adventist-Belize-Leticia-August-2.jpeg","width":1000,"height":500},{"@type":"BreadcrumbList","@id":"https:\/\/interamerica.org\/fr\/2017\/06\/honoree-par-la-reine-dangleterre-et-par-le-roi-des-cieux-au-belize\/#breadcrumb","itemListElement":[{"@type":"ListItem","position":1,"name":"Home","item":"https:\/\/interamerica.org\/fr\/"},{"@type":"ListItem","position":2,"name":"Honor\u00e9e par la Reine d\u2019Angleterre et par le Roi des cieux au Belize"}]},{"@type":"WebSite","@id":"https:\/\/interamerica.org\/fr\/#website","url":"https:\/\/interamerica.org\/fr\/","name":"\u00c9glise Adventiste Du Septieme Jour - Inter Am\u00e9rique Division","description":"","potentialAction":[{"@type":"SearchAction","target":{"@type":"EntryPoint","urlTemplate":"https:\/\/interamerica.org\/fr\/?s={search_term_string}"},"query-input":{"@type":"PropertyValueSpecification","valueRequired":true,"valueName":"search_term_string"}}],"inLanguage":"fr-FR"},{"@type":"Person","@id":"https:\/\/interamerica.org\/fr\/#\/schema\/person\/68ede8bdc292885bb76c1e3810e73c39","name":"Lorenzo Verduzco","image":{"@type":"ImageObject","inLanguage":"fr-FR","@id":"https:\/\/secure.gravatar.com\/avatar\/fb81a55b6218459490a9c1dc841a34909185b81904c5337b4b27f7a6fd60c49e?s=96&d=mm&r=g","url":"https:\/\/secure.gravatar.com\/avatar\/fb81a55b6218459490a9c1dc841a34909185b81904c5337b4b27f7a6fd60c49e?s=96&d=mm&r=g","contentUrl":"https:\/\/secure.gravatar.com\/avatar\/fb81a55b6218459490a9c1dc841a34909185b81904c5337b4b27f7a6fd60c49e?s=96&d=mm&r=g","caption":"Lorenzo Verduzco"}}]}},"_links":{"self":[{"href":"https:\/\/interamerica.org\/fr\/wp-json\/wp\/v2\/posts\/33777","targetHints":{"allow":["GET"]}}],"collection":[{"href":"https:\/\/interamerica.org\/fr\/wp-json\/wp\/v2\/posts"}],"about":[{"href":"https:\/\/interamerica.org\/fr\/wp-json\/wp\/v2\/types\/post"}],"author":[{"embeddable":true,"href":"https:\/\/interamerica.org\/fr\/wp-json\/wp\/v2\/users\/1"}],"replies":[{"embeddable":true,"href":"https:\/\/interamerica.org\/fr\/wp-json\/wp\/v2\/comments?post=33777"}],"version-history":[{"count":0,"href":"https:\/\/interamerica.org\/fr\/wp-json\/wp\/v2\/posts\/33777\/revisions"}],"wp:featuredmedia":[{"embeddable":true,"href":"https:\/\/interamerica.org\/fr\/wp-json\/wp\/v2\/media\/33355"}],"wp:attachment":[{"href":"https:\/\/interamerica.org\/fr\/wp-json\/wp\/v2\/media?parent=33777"}],"wp:term":[{"taxonomy":"category","embeddable":true,"href":"https:\/\/interamerica.org\/fr\/wp-json\/wp\/v2\/categories?post=33777"},{"taxonomy":"post_tag","embeddable":true,"href":"https:\/\/interamerica.org\/fr\/wp-json\/wp\/v2\/tags?post=33777"}],"curies":[{"name":"wp","href":"https:\/\/api.w.org\/{rel}","templated":true}]}}