{"id":33787,"date":"2017-07-06T00:00:00","date_gmt":"2017-07-06T04:00:00","guid":{"rendered":"http:\/\/192.81.217.108\/2017\/07\/au-mexique-un-homme-declare-quil-est-un-miracle-de-dieu\/"},"modified":"2018-03-20T11:10:14","modified_gmt":"2018-03-20T15:10:14","slug":"au-mexique-un-homme-declare-quil-est-un-miracle-de-dieu","status":"publish","type":"post","link":"https:\/\/interamerica.org\/fr\/2017\/07\/au-mexique-un-homme-declare-quil-est-un-miracle-de-dieu\/","title":{"rendered":"Au Mexique, un homme d\u00e9clare qu\u2019il est un miracle de Dieu"},"content":{"rendered":"<div id=\"attachment_29548\" style=\"width: 774px\" class=\"wp-caption aligncenter\"><a href=\"\/interamerica\/wp-content\/uploads\/2017\/08\/Adventist-Mexico-Fermin-Espinoza-Marin.jpeg\" rel=\"fancybox\" title=\"Au Mexique, un homme d\u00e9clare qu\u2019il est un miracle de Dieu\"><img fetchpriority=\"high\" decoding=\"async\" aria-describedby=\"caption-attachment-29548\" class=\" wp-image-29548\" src=\"\/interamerica\/wp-content\/uploads\/2017\/08\/Adventist-Mexico-Fermin-Espinoza-Marin.jpeg\" alt=\"\" width=\"764\" height=\"382\" \/><\/a><p id=\"caption-attachment-29548\" class=\"wp-caption-text\">\u00ab Je me consid\u00e8re comme un merveilleux miracle de Dieu, \u00bb a dit Fermin Espinoza Marin, en larmes au moment de relater son t\u00e9moignage. Image d\u2019Andrew McChesney\/Adventist Mission<\/p><\/div>\n<p class=\"author\">4 Juillet 2017 \u2013 Mexique \u2013 Andrew McChesney, Adventist Mission<\/p>\n<p><span class=\"cap\">D<\/span>ieu entrerait-il dans un bar ? Fermin Marin dit que oui.<\/p>\n<p>Fermin Espinoza Marin a grandi dans un foyer Adventiste du Septi\u00e8me Jour au Mexique, mais il a abandonn\u00e9 Dieu devenu adulte. Il buvait et fumait. Il est arriv\u00e9 \u00e0 tellement ha\u00efr sa propre vie qu\u2019il esp\u00e9rait vraiment mourir. Il a dit \u00e0 ses anciens amis : \u00ab si on me retrouve mort un jour, ne blamez personne, parce que c\u2019est ce que je voulais. \u00bb<\/p>\n<p>Ensuite Fermin s\u2019est mis \u00e0 la recherche de nouveaux amis. Il fr\u00e9quentait des voleurs et d\u2019autres criminels, mais il ne les traitait pas comme des amis. Il criait apr\u00e8s eux. Il les appelait en utilisant toutes sortes de mauvais noms. Il les mena\u00e7ait. Il esp\u00e9rait qu\u2019ils se mettraient en col\u00e8re et qu\u2019ils le tueraient.<\/p>\n<p>\u00ab Mais, \u00bb a-t-il dit, \u00ab Dieu n\u2019a jamais permis que qui que ce soit me fasse du mal. \u00bb<\/p>\n<p>Un jour, un homme a frapp\u00e9 \u00e0 la porte de Fermin et lui a propos\u00e9 des \u00e9tudes bibliques. Fermin \u00e9tait seul et se sentait triste, alors il a invit\u00e9 l\u2019homme \u00e0 entrer chez lui. L\u2019homme est revenu tous les jours pendant 15 jours.<\/p>\n<p>Fermin a par la suite demand\u00e9 au visiteur de lui expliquer <a class=\"rtBibleRef\" href=\"https:\/\/biblia.com\/bible\/nkjv\/Rev%2012.17\" target=\"_blank\" rel=\"noopener\">Apocalypse 12:17<\/a>. Le verset dit : \u00ab Et le dragon fut irrit\u00e9 contre la femme, et il s&rsquo;en alla faire la guerre au restes de sa post\u00e9rit\u00e9, \u00e0 ceux qui gardent les commandements de Dieu et qui ont le t\u00e9moignage de J\u00e9sus. \u00bb (LSG)<\/p>\n<p>Le visiteur a indiqu\u00e9 qu\u2019il pouvait expliquer le verset mais qu\u2019il avait besoin de 15 jours pour pr\u00e9parer la r\u00e9ponse.<\/p>\n<h3>A la Recherche d\u2019une Eglise<\/h3>\n<p>Apr\u00e8s 15 jours, l\u2019homme est revenu et a dit : \u00ab Le dragon en col\u00e8re dans le verset repr\u00e9sente Satan et la femme repr\u00e9sente l\u2019\u00e9glise. Pour aller au ciel, il vous faut trouver une \u00e9glise qui garde tous les commandements de Dieu. \u00bb<\/p>\n<p>Fermin a demand\u00e9 \u00e0 l\u2019homme si son \u00e9glise gardait tous les commandements.<\/p>\n<p>L\u2019homme a secou\u00e9 la t\u00eate. \u00ab Non, elle ne les garde pas tous, \u00bb a-t-il dit. \u00ab Mais je ne peux pas la quitter. J\u2019ai promis d\u2019aider les dirigeants de l\u2019\u00e9glise, et je ne peux revenir sur ma promesse. \u00bb<\/p>\n<p>Fermin a demand\u00e9 \u00e0 cet homme s\u2019il connaissait une \u00e9glise qui observait tous les commandement.<\/p>\n<p>\u00ab Je vais vous dire la v\u00e9rit\u00e9, mais apr\u00e8s cela je ne reviendrai plus chez vous, \u00bb a r\u00e9pondu l\u2019homme. Il a ensuite baiss\u00e9 la voix comme pour chuchoter. \u00ab C\u2019est l\u2019Eglise Adventiste du septi\u00e8me Jour, \u00bb a-t-il dit.<\/p>\n<p>Il se trouve qu\u2019il y avait une \u00e9glise Adventiste pr\u00e8s de chez Fermin, mais il ne trouvait pas le temps d\u2019y aller. Son addiction \u00e0 l\u2019alcool et au tabac le contr\u00f4lait.<\/p>\n<p>Un jour, Fermi a ressenti une \u00e9norme envie de boire, et il est all\u00e9 au magasin pour acheter de la bi\u00e8re. En regardant les bouteilles de bi\u00e8re, il a pri\u00e9 en disant : \u00ab S\u2019il te plait, Seigneur, je ne veux pas faire \u00e7a. \u00bb Des larmes ont commenc\u00e9 \u00e0 couler le long de ses joues, et il s\u2019est rappel\u00e9 un chant de son enfance qui s\u2019intitule \u00ab L\u2019amour de Dieu. \u00bb Fermin a interpr\u00e9t\u00e9 le chant \u00e0 haute voix au milieu du magasin. A la fin de son chant, l\u2019envie de bi\u00e8re avait disparu, et il est retourn\u00e9 chez lui les mains vides.<\/p>\n<p>C\u2019\u00e9tait un miracle, \u00bb a dit Fermin. \u00ab C\u2019\u00e9tait tr\u00e8s dur pour moi de r\u00e9sister au besoin d\u2019alcool. \u00bb<\/p>\n<h3>Derni\u00e8re Visite au Bar<\/h3>\n<p>Trois mois plus tard, l\u2019envie de boire est revenue fortement. Fermin s\u2019est rendu dans un bar et a command\u00e9 une bi\u00e8re. Assis l\u00e0, il a eu le sentiment qu\u2019il y avait quelque chose de diff\u00e9rent. Il a ressenti que Dieu \u00e9tait avec lui dans le bar. Il a entendu une voix lui dire dans sa t\u00eate : \u00ab Mon fils ta place n\u2019est plus ici. Tu n\u2019as plus besoin de te retrouver ici. \u00bb La voix \u00e9tait si imp\u00e9rieuse qu\u2019il ne pouvait tenir sa bi\u00e8re dans sa main, et il l\u2019a d\u00e9pos\u00e9e sur le comptoir.<\/p>\n<p>Fermin a laiss\u00e9 le bar et n\u2019y est plus jamais retourn\u00e9. Six mois plus tard il se faisait baptiser. De nombreux membres d\u2019\u00e9glise se souvenaient de lui \u00e0 l\u2019\u00e9poque o\u00f9 il \u00e9tait un jeune gar\u00e7on, et ils l\u2019ont accueilli avec les bras ouverts.<\/p>\n<p>Ob\u00e9issez-vous aux commandements de Dieu ? Lorsque vous \u00eates tent\u00e9s de faire ce qui est mal, il peut sembler difficile d\u2019ob\u00e9ir \u00e0 Dieu. Mais Dieu promet d\u2019aider ceux qui demandent. <a class=\"rtBibleRef\" href=\"https:\/\/biblia.com\/bible\/nkjv\/James%201.12\" target=\"_blank\" rel=\"noopener\">Jacques 1:12<\/a> d\u00e9clare: \u00ab Heureux l&rsquo;homme qui supporte patiemment la tentation; car, apr\u00e8s avoir \u00e9t\u00e9 \u00e9prouv\u00e9, il recevra la couronne de vie, que le Seigneur a promise \u00e0 ceux qui l&rsquo;aiment. \u00bb (LSG).<\/p>\n<p>Fermin a dit qu\u2019il a pri\u00e9 pour recevoir de l\u2019aide, et Dieu l\u2019a aid\u00e9 \u00e0 surmonter d\u2019\u00e9normes tentations.<\/p>\n<p>\u00ab Je me consid\u00e8re comme \u00e9tant un merveilleux miracle de Dieu, \u00bb a dit Fermin, pleurant en racontant son histoire.<\/p>\n<p>Aujourd\u2019hui, Fermin a 52 ans, et il observe tous les commandements de J\u00e9sus. Il attend le retour de J\u00e9sus afin qu\u2019Il l\u2019emm\u00e8ne \u00e0 la maison.<\/p>\n<p>Traduction: Patrick Luciathe<\/p>\n","protected":false},"excerpt":{"rendered":"<p>Dieu entrerait-il dans un bar ? Fermin Marin dit que oui.<\/p>\n<p>Fermin Espinoza Marin a grandi dans un foyer Adventiste du Septi\u00e8me Jour au Mexique, mais il a abandonn\u00e9 Dieu devenu adulte. Il buvait et fumait. Il est arriv\u00e9 \u00e0 tellement ha\u00efr sa propre vie qu\u2019il esp\u00e9rait vraiment mourir. Il a dit \u00e0 ses anciens amis : \u00ab si on me retrouve mort un jour, ne blamez personne, parce que c\u2019est ce que je voulais. \u00bb<\/p>\n<p>Ensuite Fermin s\u2019est mis \u00e0 la recherche de nouveaux amis. Il fr\u00e9quentait des voleurs et d\u2019autres criminels, mais il ne les traitait pas comme des amis. Il criait apr\u00e8s eux. Il les appelait en utilisant toutes sortes de mauvais noms. Il les mena\u00e7ait. Il esp\u00e9rait qu\u2019ils se mettraient en col\u00e8re et qu\u2019ils le tueraient.<\/p>\n","protected":false},"author":1,"featured_media":33381,"comment_status":"closed","ping_status":"closed","sticky":false,"template":"","format":"standard","meta":{"_acf_changed":false,"footnotes":""},"categories":[21,19],"tags":[],"class_list":["post-33787","post","type-post","status-publish","format-standard","has-post-thumbnail","hentry","category-nouvelles-du-territoire","category-rss-francais"],"acf":[],"yoast_head":"<!-- This site is optimized with the Yoast SEO plugin v27.3 - https:\/\/yoast.com\/product\/yoast-seo-wordpress\/ -->\n<title>Au Mexique, un homme d\u00e9clare qu\u2019il est un miracle de Dieu - \u00c9glise Adventiste Du Septieme Jour - Inter Am\u00e9rique Division<\/title>\n<meta name=\"robots\" content=\"index, follow, max-snippet:-1, max-image-preview:large, max-video-preview:-1\" \/>\n<link rel=\"canonical\" href=\"https:\/\/interamerica.org\/fr\/2017\/07\/au-mexique-un-homme-declare-quil-est-un-miracle-de-dieu\/\" \/>\n<meta property=\"og:locale\" content=\"fr_FR\" \/>\n<meta property=\"og:type\" content=\"article\" \/>\n<meta property=\"og:title\" content=\"Au Mexique, un homme d\u00e9clare qu\u2019il est un miracle de Dieu - \u00c9glise Adventiste Du Septieme Jour - Inter Am\u00e9rique Division\" \/>\n<meta property=\"og:description\" content=\"Dieu entrerait-il dans un bar ? Fermin Marin dit que oui.  Fermin Espinoza Marin a grandi dans un foyer Adventiste du Septi\u00e8me Jour au Mexique, mais il a abandonn\u00e9 Dieu devenu adulte. Il buvait et fumait. Il est arriv\u00e9 \u00e0 tellement ha\u00efr sa propre vie qu\u2019il esp\u00e9rait vraiment mourir. Il a dit \u00e0 ses anciens amis : \u00ab si on me retrouve mort un jour, ne blamez personne, parce que c\u2019est ce que je voulais. \u00bb  Ensuite Fermin s\u2019est mis \u00e0 la recherche de nouveaux amis. Il fr\u00e9quentait des voleurs et d\u2019autres criminels, mais il ne les traitait pas comme des amis. Il criait apr\u00e8s eux. Il les appelait en utilisant toutes sortes de mauvais noms. Il les mena\u00e7ait. Il esp\u00e9rait qu\u2019ils se mettraient en col\u00e8re et qu\u2019ils le tueraient.\" \/>\n<meta property=\"og:url\" content=\"https:\/\/interamerica.org\/fr\/2017\/07\/au-mexique-un-homme-declare-quil-est-un-miracle-de-dieu\/\" \/>\n<meta property=\"og:site_name\" content=\"\u00c9glise Adventiste Du Septieme Jour - Inter Am\u00e9rique Division\" \/>\n<meta property=\"article:published_time\" content=\"2017-07-06T04:00:00+00:00\" \/>\n<meta property=\"article:modified_time\" content=\"2018-03-20T15:10:14+00:00\" \/>\n<meta property=\"og:image\" content=\"https:\/\/interamerica.org\/wp-content\/uploads\/2017\/08\/Adventist-Mexico-Fermin-Espinoza-Marin.jpeg\" \/>\n\t<meta property=\"og:image:width\" content=\"1000\" \/>\n\t<meta property=\"og:image:height\" content=\"500\" \/>\n\t<meta property=\"og:image:type\" content=\"image\/jpeg\" \/>\n<meta name=\"author\" content=\"Lorenzo Verduzco\" \/>\n<meta name=\"twitter:card\" content=\"summary_large_image\" \/>\n<meta name=\"twitter:label1\" content=\"\u00c9crit par\" \/>\n\t<meta name=\"twitter:data1\" content=\"Lorenzo Verduzco\" \/>\n\t<meta name=\"twitter:label2\" content=\"Dur\u00e9e de lecture estim\u00e9e\" \/>\n\t<meta name=\"twitter:data2\" content=\"5 minutes\" \/>\n<script type=\"application\/ld+json\" class=\"yoast-schema-graph\">{\"@context\":\"https:\\\/\\\/schema.org\",\"@graph\":[{\"@type\":\"Article\",\"@id\":\"https:\\\/\\\/interamerica.org\\\/fr\\\/2017\\\/07\\\/au-mexique-un-homme-declare-quil-est-un-miracle-de-dieu\\\/#article\",\"isPartOf\":{\"@id\":\"https:\\\/\\\/interamerica.org\\\/fr\\\/2017\\\/07\\\/au-mexique-un-homme-declare-quil-est-un-miracle-de-dieu\\\/\"},\"author\":{\"name\":\"Lorenzo Verduzco\",\"@id\":\"https:\\\/\\\/interamerica.org\\\/fr\\\/#\\\/schema\\\/person\\\/68ede8bdc292885bb76c1e3810e73c39\"},\"headline\":\"Au Mexique, un homme d\u00e9clare qu\u2019il est un miracle de Dieu\",\"datePublished\":\"2017-07-06T04:00:00+00:00\",\"dateModified\":\"2018-03-20T15:10:14+00:00\",\"mainEntityOfPage\":{\"@id\":\"https:\\\/\\\/interamerica.org\\\/fr\\\/2017\\\/07\\\/au-mexique-un-homme-declare-quil-est-un-miracle-de-dieu\\\/\"},\"wordCount\":948,\"image\":{\"@id\":\"https:\\\/\\\/interamerica.org\\\/fr\\\/2017\\\/07\\\/au-mexique-un-homme-declare-quil-est-un-miracle-de-dieu\\\/#primaryimage\"},\"thumbnailUrl\":\"https:\\\/\\\/interamerica.org\\\/wp-content\\\/uploads\\\/2017\\\/08\\\/Adventist-Mexico-Fermin-Espinoza-Marin.jpeg\",\"articleSection\":[\"Nouvelles du territoire\",\"RSS Fran\u00e7ais\"],\"inLanguage\":\"fr-FR\"},{\"@type\":\"WebPage\",\"@id\":\"https:\\\/\\\/interamerica.org\\\/fr\\\/2017\\\/07\\\/au-mexique-un-homme-declare-quil-est-un-miracle-de-dieu\\\/\",\"url\":\"https:\\\/\\\/interamerica.org\\\/fr\\\/2017\\\/07\\\/au-mexique-un-homme-declare-quil-est-un-miracle-de-dieu\\\/\",\"name\":\"Au Mexique, un homme d\u00e9clare qu\u2019il est un miracle de Dieu - \u00c9glise Adventiste Du Septieme Jour - Inter Am\u00e9rique Division\",\"isPartOf\":{\"@id\":\"https:\\\/\\\/interamerica.org\\\/fr\\\/#website\"},\"primaryImageOfPage\":{\"@id\":\"https:\\\/\\\/interamerica.org\\\/fr\\\/2017\\\/07\\\/au-mexique-un-homme-declare-quil-est-un-miracle-de-dieu\\\/#primaryimage\"},\"image\":{\"@id\":\"https:\\\/\\\/interamerica.org\\\/fr\\\/2017\\\/07\\\/au-mexique-un-homme-declare-quil-est-un-miracle-de-dieu\\\/#primaryimage\"},\"thumbnailUrl\":\"https:\\\/\\\/interamerica.org\\\/wp-content\\\/uploads\\\/2017\\\/08\\\/Adventist-Mexico-Fermin-Espinoza-Marin.jpeg\",\"datePublished\":\"2017-07-06T04:00:00+00:00\",\"dateModified\":\"2018-03-20T15:10:14+00:00\",\"author\":{\"@id\":\"https:\\\/\\\/interamerica.org\\\/fr\\\/#\\\/schema\\\/person\\\/68ede8bdc292885bb76c1e3810e73c39\"},\"breadcrumb\":{\"@id\":\"https:\\\/\\\/interamerica.org\\\/fr\\\/2017\\\/07\\\/au-mexique-un-homme-declare-quil-est-un-miracle-de-dieu\\\/#breadcrumb\"},\"inLanguage\":\"fr-FR\",\"potentialAction\":[{\"@type\":\"ReadAction\",\"target\":[\"https:\\\/\\\/interamerica.org\\\/fr\\\/2017\\\/07\\\/au-mexique-un-homme-declare-quil-est-un-miracle-de-dieu\\\/\"]}]},{\"@type\":\"ImageObject\",\"inLanguage\":\"fr-FR\",\"@id\":\"https:\\\/\\\/interamerica.org\\\/fr\\\/2017\\\/07\\\/au-mexique-un-homme-declare-quil-est-un-miracle-de-dieu\\\/#primaryimage\",\"url\":\"https:\\\/\\\/interamerica.org\\\/wp-content\\\/uploads\\\/2017\\\/08\\\/Adventist-Mexico-Fermin-Espinoza-Marin.jpeg\",\"contentUrl\":\"https:\\\/\\\/interamerica.org\\\/wp-content\\\/uploads\\\/2017\\\/08\\\/Adventist-Mexico-Fermin-Espinoza-Marin.jpeg\",\"width\":1000,\"height\":500},{\"@type\":\"BreadcrumbList\",\"@id\":\"https:\\\/\\\/interamerica.org\\\/fr\\\/2017\\\/07\\\/au-mexique-un-homme-declare-quil-est-un-miracle-de-dieu\\\/#breadcrumb\",\"itemListElement\":[{\"@type\":\"ListItem\",\"position\":1,\"name\":\"Home\",\"item\":\"https:\\\/\\\/interamerica.org\\\/fr\\\/\"},{\"@type\":\"ListItem\",\"position\":2,\"name\":\"Au Mexique, un homme d\u00e9clare qu\u2019il est un miracle de Dieu\"}]},{\"@type\":\"WebSite\",\"@id\":\"https:\\\/\\\/interamerica.org\\\/fr\\\/#website\",\"url\":\"https:\\\/\\\/interamerica.org\\\/fr\\\/\",\"name\":\"\u00c9glise Adventiste Du Septieme Jour - Inter Am\u00e9rique Division\",\"description\":\"\",\"potentialAction\":[{\"@type\":\"SearchAction\",\"target\":{\"@type\":\"EntryPoint\",\"urlTemplate\":\"https:\\\/\\\/interamerica.org\\\/fr\\\/?s={search_term_string}\"},\"query-input\":{\"@type\":\"PropertyValueSpecification\",\"valueRequired\":true,\"valueName\":\"search_term_string\"}}],\"inLanguage\":\"fr-FR\"},{\"@type\":\"Person\",\"@id\":\"https:\\\/\\\/interamerica.org\\\/fr\\\/#\\\/schema\\\/person\\\/68ede8bdc292885bb76c1e3810e73c39\",\"name\":\"Lorenzo Verduzco\",\"image\":{\"@type\":\"ImageObject\",\"inLanguage\":\"fr-FR\",\"@id\":\"https:\\\/\\\/secure.gravatar.com\\\/avatar\\\/fb81a55b6218459490a9c1dc841a34909185b81904c5337b4b27f7a6fd60c49e?s=96&d=mm&r=g\",\"url\":\"https:\\\/\\\/secure.gravatar.com\\\/avatar\\\/fb81a55b6218459490a9c1dc841a34909185b81904c5337b4b27f7a6fd60c49e?s=96&d=mm&r=g\",\"contentUrl\":\"https:\\\/\\\/secure.gravatar.com\\\/avatar\\\/fb81a55b6218459490a9c1dc841a34909185b81904c5337b4b27f7a6fd60c49e?s=96&d=mm&r=g\",\"caption\":\"Lorenzo Verduzco\"}}]}<\/script>\n<!-- \/ Yoast SEO plugin. -->","yoast_head_json":{"title":"Au Mexique, un homme d\u00e9clare qu\u2019il est un miracle de Dieu - \u00c9glise Adventiste Du Septieme Jour - Inter Am\u00e9rique Division","robots":{"index":"index","follow":"follow","max-snippet":"max-snippet:-1","max-image-preview":"max-image-preview:large","max-video-preview":"max-video-preview:-1"},"canonical":"https:\/\/interamerica.org\/fr\/2017\/07\/au-mexique-un-homme-declare-quil-est-un-miracle-de-dieu\/","og_locale":"fr_FR","og_type":"article","og_title":"Au Mexique, un homme d\u00e9clare qu\u2019il est un miracle de Dieu - \u00c9glise Adventiste Du Septieme Jour - Inter Am\u00e9rique Division","og_description":"Dieu entrerait-il dans un bar ? Fermin Marin dit que oui.  Fermin Espinoza Marin a grandi dans un foyer Adventiste du Septi\u00e8me Jour au Mexique, mais il a abandonn\u00e9 Dieu devenu adulte. Il buvait et fumait. Il est arriv\u00e9 \u00e0 tellement ha\u00efr sa propre vie qu\u2019il esp\u00e9rait vraiment mourir. Il a dit \u00e0 ses anciens amis : \u00ab si on me retrouve mort un jour, ne blamez personne, parce que c\u2019est ce que je voulais. \u00bb  Ensuite Fermin s\u2019est mis \u00e0 la recherche de nouveaux amis. Il fr\u00e9quentait des voleurs et d\u2019autres criminels, mais il ne les traitait pas comme des amis. Il criait apr\u00e8s eux. Il les appelait en utilisant toutes sortes de mauvais noms. Il les mena\u00e7ait. Il esp\u00e9rait qu\u2019ils se mettraient en col\u00e8re et qu\u2019ils le tueraient.","og_url":"https:\/\/interamerica.org\/fr\/2017\/07\/au-mexique-un-homme-declare-quil-est-un-miracle-de-dieu\/","og_site_name":"\u00c9glise Adventiste Du Septieme Jour - Inter Am\u00e9rique Division","article_published_time":"2017-07-06T04:00:00+00:00","article_modified_time":"2018-03-20T15:10:14+00:00","og_image":[{"width":1000,"height":500,"url":"https:\/\/interamerica.org\/wp-content\/uploads\/2017\/08\/Adventist-Mexico-Fermin-Espinoza-Marin.jpeg","type":"image\/jpeg"}],"author":"Lorenzo Verduzco","twitter_card":"summary_large_image","twitter_misc":{"\u00c9crit par":"Lorenzo Verduzco","Dur\u00e9e de lecture estim\u00e9e":"5 minutes"},"schema":{"@context":"https:\/\/schema.org","@graph":[{"@type":"Article","@id":"https:\/\/interamerica.org\/fr\/2017\/07\/au-mexique-un-homme-declare-quil-est-un-miracle-de-dieu\/#article","isPartOf":{"@id":"https:\/\/interamerica.org\/fr\/2017\/07\/au-mexique-un-homme-declare-quil-est-un-miracle-de-dieu\/"},"author":{"name":"Lorenzo Verduzco","@id":"https:\/\/interamerica.org\/fr\/#\/schema\/person\/68ede8bdc292885bb76c1e3810e73c39"},"headline":"Au Mexique, un homme d\u00e9clare qu\u2019il est un miracle de Dieu","datePublished":"2017-07-06T04:00:00+00:00","dateModified":"2018-03-20T15:10:14+00:00","mainEntityOfPage":{"@id":"https:\/\/interamerica.org\/fr\/2017\/07\/au-mexique-un-homme-declare-quil-est-un-miracle-de-dieu\/"},"wordCount":948,"image":{"@id":"https:\/\/interamerica.org\/fr\/2017\/07\/au-mexique-un-homme-declare-quil-est-un-miracle-de-dieu\/#primaryimage"},"thumbnailUrl":"https:\/\/interamerica.org\/wp-content\/uploads\/2017\/08\/Adventist-Mexico-Fermin-Espinoza-Marin.jpeg","articleSection":["Nouvelles du territoire","RSS Fran\u00e7ais"],"inLanguage":"fr-FR"},{"@type":"WebPage","@id":"https:\/\/interamerica.org\/fr\/2017\/07\/au-mexique-un-homme-declare-quil-est-un-miracle-de-dieu\/","url":"https:\/\/interamerica.org\/fr\/2017\/07\/au-mexique-un-homme-declare-quil-est-un-miracle-de-dieu\/","name":"Au Mexique, un homme d\u00e9clare qu\u2019il est un miracle de Dieu - \u00c9glise Adventiste Du Septieme Jour - Inter Am\u00e9rique Division","isPartOf":{"@id":"https:\/\/interamerica.org\/fr\/#website"},"primaryImageOfPage":{"@id":"https:\/\/interamerica.org\/fr\/2017\/07\/au-mexique-un-homme-declare-quil-est-un-miracle-de-dieu\/#primaryimage"},"image":{"@id":"https:\/\/interamerica.org\/fr\/2017\/07\/au-mexique-un-homme-declare-quil-est-un-miracle-de-dieu\/#primaryimage"},"thumbnailUrl":"https:\/\/interamerica.org\/wp-content\/uploads\/2017\/08\/Adventist-Mexico-Fermin-Espinoza-Marin.jpeg","datePublished":"2017-07-06T04:00:00+00:00","dateModified":"2018-03-20T15:10:14+00:00","author":{"@id":"https:\/\/interamerica.org\/fr\/#\/schema\/person\/68ede8bdc292885bb76c1e3810e73c39"},"breadcrumb":{"@id":"https:\/\/interamerica.org\/fr\/2017\/07\/au-mexique-un-homme-declare-quil-est-un-miracle-de-dieu\/#breadcrumb"},"inLanguage":"fr-FR","potentialAction":[{"@type":"ReadAction","target":["https:\/\/interamerica.org\/fr\/2017\/07\/au-mexique-un-homme-declare-quil-est-un-miracle-de-dieu\/"]}]},{"@type":"ImageObject","inLanguage":"fr-FR","@id":"https:\/\/interamerica.org\/fr\/2017\/07\/au-mexique-un-homme-declare-quil-est-un-miracle-de-dieu\/#primaryimage","url":"https:\/\/interamerica.org\/wp-content\/uploads\/2017\/08\/Adventist-Mexico-Fermin-Espinoza-Marin.jpeg","contentUrl":"https:\/\/interamerica.org\/wp-content\/uploads\/2017\/08\/Adventist-Mexico-Fermin-Espinoza-Marin.jpeg","width":1000,"height":500},{"@type":"BreadcrumbList","@id":"https:\/\/interamerica.org\/fr\/2017\/07\/au-mexique-un-homme-declare-quil-est-un-miracle-de-dieu\/#breadcrumb","itemListElement":[{"@type":"ListItem","position":1,"name":"Home","item":"https:\/\/interamerica.org\/fr\/"},{"@type":"ListItem","position":2,"name":"Au Mexique, un homme d\u00e9clare qu\u2019il est un miracle de Dieu"}]},{"@type":"WebSite","@id":"https:\/\/interamerica.org\/fr\/#website","url":"https:\/\/interamerica.org\/fr\/","name":"\u00c9glise Adventiste Du Septieme Jour - Inter Am\u00e9rique Division","description":"","potentialAction":[{"@type":"SearchAction","target":{"@type":"EntryPoint","urlTemplate":"https:\/\/interamerica.org\/fr\/?s={search_term_string}"},"query-input":{"@type":"PropertyValueSpecification","valueRequired":true,"valueName":"search_term_string"}}],"inLanguage":"fr-FR"},{"@type":"Person","@id":"https:\/\/interamerica.org\/fr\/#\/schema\/person\/68ede8bdc292885bb76c1e3810e73c39","name":"Lorenzo Verduzco","image":{"@type":"ImageObject","inLanguage":"fr-FR","@id":"https:\/\/secure.gravatar.com\/avatar\/fb81a55b6218459490a9c1dc841a34909185b81904c5337b4b27f7a6fd60c49e?s=96&d=mm&r=g","url":"https:\/\/secure.gravatar.com\/avatar\/fb81a55b6218459490a9c1dc841a34909185b81904c5337b4b27f7a6fd60c49e?s=96&d=mm&r=g","contentUrl":"https:\/\/secure.gravatar.com\/avatar\/fb81a55b6218459490a9c1dc841a34909185b81904c5337b4b27f7a6fd60c49e?s=96&d=mm&r=g","caption":"Lorenzo Verduzco"}}]}},"_links":{"self":[{"href":"https:\/\/interamerica.org\/fr\/wp-json\/wp\/v2\/posts\/33787","targetHints":{"allow":["GET"]}}],"collection":[{"href":"https:\/\/interamerica.org\/fr\/wp-json\/wp\/v2\/posts"}],"about":[{"href":"https:\/\/interamerica.org\/fr\/wp-json\/wp\/v2\/types\/post"}],"author":[{"embeddable":true,"href":"https:\/\/interamerica.org\/fr\/wp-json\/wp\/v2\/users\/1"}],"replies":[{"embeddable":true,"href":"https:\/\/interamerica.org\/fr\/wp-json\/wp\/v2\/comments?post=33787"}],"version-history":[{"count":0,"href":"https:\/\/interamerica.org\/fr\/wp-json\/wp\/v2\/posts\/33787\/revisions"}],"wp:featuredmedia":[{"embeddable":true,"href":"https:\/\/interamerica.org\/fr\/wp-json\/wp\/v2\/media\/33381"}],"wp:attachment":[{"href":"https:\/\/interamerica.org\/fr\/wp-json\/wp\/v2\/media?parent=33787"}],"wp:term":[{"taxonomy":"category","embeddable":true,"href":"https:\/\/interamerica.org\/fr\/wp-json\/wp\/v2\/categories?post=33787"},{"taxonomy":"post_tag","embeddable":true,"href":"https:\/\/interamerica.org\/fr\/wp-json\/wp\/v2\/tags?post=33787"}],"curies":[{"name":"wp","href":"https:\/\/api.w.org\/{rel}","templated":true}]}}