{"id":33803,"date":"2017-07-28T00:00:00","date_gmt":"2017-07-28T04:00:00","guid":{"rendered":"http:\/\/192.81.217.108\/2017\/07\/en-inter-amerique-leglise-consolide-le-ministere-des-besoins-speciaux-a-loccasion-du-premier-congres-des-malentendants-organise-pour-lensemble-du-territoire\/"},"modified":"2017-10-26T19:42:08","modified_gmt":"2017-10-26T23:42:08","slug":"en-inter-amerique-leglise-consolide-le-ministere-des-besoins-speciaux-a-loccasion-du-premier-congres-des-malentendants-organise-pour-lensemble-du-territoire","status":"publish","type":"post","link":"https:\/\/interamerica.org\/fr\/2017\/07\/en-inter-amerique-leglise-consolide-le-ministere-des-besoins-speciaux-a-loccasion-du-premier-congres-des-malentendants-organise-pour-lensemble-du-territoire\/","title":{"rendered":"En Inter Am\u00e9rique, l\u2019\u00e9glise consolide le Minist\u00e8re des Besoins Sp\u00e9ciaux \u00e0 l\u2019occasion du premier congr\u00e8s des malentendants organis\u00e9 pour l\u2019ensemble du territoire"},"content":{"rendered":"<div id=\"attachment_29921\" style=\"width: 785px\" class=\"wp-caption aligncenter\"><a href=\"\/interamerica\/wp-content\/uploads\/2017\/08\/sordos1-1024x670.jpg\" rel=\"fancybox\" title=\"En Inter Am\u00e9rique, l\u2019\u00e9glise consolide le Minist\u00e8re des Besoins Sp\u00e9ciaux \u00e0 l\u2019occasion du premier congr\u00e8s des malentendants organis\u00e9 pour l\u2019ensemble du territoire\"><img fetchpriority=\"high\" decoding=\"async\" aria-describedby=\"caption-attachment-29921\" class=\" wp-image-29921\" src=\"\/interamerica\/wp-content\/uploads\/2017\/08\/sordos1-1024x670-1024x670.jpg\" alt=\"\" width=\"775\" height=\"507\" \/><\/a><p id=\"caption-attachment-29921\" class=\"wp-caption-text\">Lors du Congr\u00e8s des Minist\u00e8res des Sourds de l\u2019Inter Am\u00e9rique, des participants sourds chantent un hymne sp\u00e9cial pendant le programme qui s\u2019est d\u00e9roul\u00e9 \u00e0 l\u2019Universit\u00e9 de Montemorelos dans le Nord du Mexique du 12 au 16 juillet 2017. Image de l\u2019Universit\u00e9 de Montemorelos.<\/p><\/div>\n<p>27 Juillet 2017 \u2013 Montemorelos, Nuevo Leon, Mexique \u2013 Universit\u00e9 de Montemorelos\/Libna Stevens\/DIA<\/p>\n<div id=\"attachment_29925\" style=\"width: 436px\" class=\"wp-caption alignright\"><a href=\"\/interamerica\/wp-content\/uploads\/2017\/08\/Telemaque-UM.jpg\" rel=\"fancybox\" title=\"En Inter Am\u00e9rique, l\u2019\u00e9glise consolide le Minist\u00e8re des Besoins Sp\u00e9ciaux \u00e0 l\u2019occasion du premier congr\u00e8s des malentendants organis\u00e9 pour l\u2019ensemble du territoire\"><img decoding=\"async\" aria-describedby=\"caption-attachment-29925\" class=\" wp-image-29925\" src=\"\/interamerica\/wp-content\/uploads\/2017\/08\/Telemaque-UM.jpg\" alt=\"\" width=\"426\" height=\"282\" \/><\/a><p id=\"caption-attachment-29925\" class=\"wp-caption-text\">Pasteur Samuel Telemaque, directeur des Minist\u00e8res des Besoins Sp\u00e9ciaux pour l\u2019Eglise Adventiste en Inter Am\u00e9rique. Image de l\u2019Universit\u00e9 de Montemorelos.<\/p><\/div>\n<p>Plus de deux cents personnes sourdes, des interpr\u00e8tes et des directeurs des minist\u00e8res des besoins sp\u00e9ciaux venus de tout le territoire de l\u2019Eglise Adventiste du Septi\u00e8me Jour en Inter Am\u00e9rique se sont r\u00e9unis \u00e0 l\u2019occasion du premier Congr\u00e8s des Sourds et Malentendants organis\u00e9 pour l\u2019ensemble du territoire.<\/p>\n<p>Le programme de cinq jours qui s\u2019est d\u00e9roul\u00e9 \u00e0 l\u2019Universit\u00e9 de Montemorelos dans le Nord du Mexique un peu plus t\u00f4t ce mois-ci, visait \u00e0 r\u00e9assurer les membres et amis sourds qu\u2019ils ont de l\u2019importance aux yeux de Dieu et de l\u2019\u00e9glise, et a permis d\u2019offrir une formation aux dirigeants d\u2019\u00e9glise sur la mani\u00e8re de consolider les minist\u00e8res des besoins sp\u00e9ciaux dans les \u00e9glises et les communaut\u00e9s.<\/p>\n<p>\u00ab Les handicaps ne repr\u00e9sentent pas un probl\u00e8me pour Dieu, parce que Dieu est notre Cr\u00e9ateur \u00e0 tous et nous donne des capacit\u00e9s, \u00bb a d\u00e9clar\u00e9 pasteur Samuel Telemaque, directeur des Minist\u00e8res des Besoins Sp\u00e9ciaux pour l\u2019Eglise Adventiste en Inter Am\u00e9rique, alors qu\u2019il s\u2019adressait \u00e0 quelques 150 personnes sourdes dans l\u2019assistance. \u00ab Ces capacit\u00e9s que vous avez, l\u2019\u00e9glise en a besoin aujourd\u2019hui. \u00bb<\/p>\n<p>Le congr\u00e8s, en collaboration avec l\u2019\u00e9glise dans le Nord du Mexique et l\u2019Universit\u00e9 de Montemorelos, intervenait dans le cadre de l\u2019initiative de l\u2019Inter Am\u00e9rique men\u00e9e sur le long terme et visant \u00e0 promouvoir le minist\u00e8re des besoins sp\u00e9ciaux dans tout le territoire depuis le moment o\u00f9<br \/>\n<a href=\"https:\/\/recursing-golick.147-182-135-0.plesk.page\/fr\/2005\/03\/jamaique-un-symposium-adresse-le-spectre-des-droits-de-lhomme\/\">il a \u00e9t\u00e9 mis en place il y a plusieurs ann\u00e9es<\/a>, a dit pasteur Telemaque.<\/p>\n<p>\u00ab L\u2019\u00e9glise en Inter Am\u00e9rique va au del\u00e0 de la prise de conscience pour cr\u00e9er un nouveau paradigme afin d\u2019aider ceux qui souffrent de handicaps \u00e0 appr\u00e9cier leur valeur et \u00e0 comprendre qui ils sont aux yeux de Dieu, alors qu\u2019ils prennent une part active dans la croissance de l\u2019\u00e9glise, \u00bb a expliqu\u00e9 Samuel Telemaque.<\/p>\n<div id=\"attachment_29928\" style=\"width: 436px\" class=\"wp-caption alignleft\"><a href=\"\/interamerica\/wp-content\/uploads\/2017\/08\/LarryEvans-UM.jpg\" rel=\"fancybox\" title=\"En Inter Am\u00e9rique, l\u2019\u00e9glise consolide le Minist\u00e8re des Besoins Sp\u00e9ciaux \u00e0 l\u2019occasion du premier congr\u00e8s des malentendants organis\u00e9 pour l\u2019ensemble du territoire\"><img decoding=\"async\" aria-describedby=\"caption-attachment-29928\" class=\" wp-image-29928\" src=\"\/interamerica\/wp-content\/uploads\/2017\/08\/LarryEvans-UM.jpg\" alt=\"\" width=\"426\" height=\"282\" \/><\/a><p id=\"caption-attachment-29928\" class=\"wp-caption-text\">Dr Larry Evans, directeur des Minist\u00e8res des Besoins Sp\u00e9ciaux pour l\u2019Eglise Adventiste mondiale. Image de l\u2019Universit\u00e9 de Montemorelos.<\/p><\/div>\n<p>Pasteur Larry Evans, directeur des minist\u00e8res des besoins sp\u00e9ciaux pour l\u2019Eglise Adventiste mondiale, est intervenu \u00e0 l\u2019occasion du programme de formation et a r\u00e9affirm\u00e9 que \u00ab le minist\u00e8re ne s\u2019articule pas autour des handicaps mais des possibilit\u00e9s de ceux qui ont des besoins sp\u00e9ciaux. \u00bb<\/p>\n<p>Pasteur Evans a applaudi l\u2019action de <a href=\"https:\/\/recursing-golick.147-182-135-0.plesk.page\/fr\/2015\/01\/les-principaux-leaders-adventistes-construisent-une-eglise-en-republique-dominicaine\/wilsonruguri1-2\/\">l\u2019\u00e9glise dans le Nord du Mexique pour leur d\u00e9fense des minist\u00e8res des besoins sp\u00e9ciaux<\/a> aupr\u00e8s du gouvernement et dans des centaines d\u2019\u00e9glise. Il a \u00e9galement parl\u00e9 favorablement de l\u2019Universit\u00e9 de Montemorelos qui offre un cours d\u2019interpr\u00e9tation aux \u00e9tudiants et s\u2019assure que tous les \u00e9tudiants sourds sur le campus soient en mesure de comprendre toutes les classes auxquelles ils assistent.<\/p>\n<p>\u00ab Nous devrions commencer dans toutes les universit\u00e9s Adventistes \u00e0 impliquer les \u00e9tudiants dans les minist\u00e8res des besoins sp\u00e9ciaux, \u00bb a dit Larry Evans. Il a aussi f\u00e9licit\u00e9 l\u2019\u0153uvre en Inter Am\u00e9rique qui est exemplaire dans les minist\u00e8res des besoins sp\u00e9ciaux dans toute l\u2019\u00e9glise mondiale.<\/p>\n<p>Monica Vera est interpr\u00e8te et est employ\u00e9e par l\u2019Universit\u00e9 de Montemorelos pour enseigner aux \u00e9tudiants la langue des signes, aider les \u00e9tudiants sourds sur le campus et intervenir dans les activit\u00e9s missionnaires dans la communaut\u00e9. Elle \u00e9tait ravie d\u2019assurer la coordination du programme, de proposer des activit\u00e9s aux sourds et davantage de formation aux \u00e9tudiants et aux dirigeants d\u2019\u00e9glise apprenant l\u2019art de l\u2019interpr\u00e9tation, et de faire savoir que l\u2019Eglise Adventiste du Septi\u00e8me Jour s\u2019inscrit dans une dynamique qui inclut toute personne ayant des handicaps.<\/p>\n<p>\u00ab Nous voulions former des personnes malentendantes pour qu\u2019elles deviennent des \u00e9vang\u00e9listes aupr\u00e8s des personnes ayant les m\u00eames handicaps ; nous voulions aussi que les interpr\u00e8tes soient plus comp\u00e9tents et enthousiastes \u00e0 l\u2019id\u00e9e de continuer \u00e0 travailler avec eux, \u00bb a dit Monica Vera.<\/p>\n<div id=\"attachment_29931\" style=\"width: 438px\" class=\"wp-caption alignleft\"><a href=\"\/interamerica\/wp-content\/uploads\/2017\/08\/MonicaVera-UM.jpg\" rel=\"fancybox\" title=\"En Inter Am\u00e9rique, l\u2019\u00e9glise consolide le Minist\u00e8re des Besoins Sp\u00e9ciaux \u00e0 l\u2019occasion du premier congr\u00e8s des malentendants organis\u00e9 pour l\u2019ensemble du territoire\"><img loading=\"lazy\" decoding=\"async\" aria-describedby=\"caption-attachment-29931\" class=\"wp-image-29931\" src=\"\/interamerica\/wp-content\/uploads\/2017\/08\/MonicaVera-UM.jpg\" alt=\"\" width=\"428\" height=\"284\" \/><\/a><p id=\"caption-attachment-29931\" class=\"wp-caption-text\">Monica Vera de l&rsquo;Universit\u00e9 de Montemorelos signe lors du congr\u00e8s. Image de l&rsquo;Universit\u00e9 de Montemorelos<\/p><\/div>\n<p>Monica Vera de l\u2019Universit\u00e9 de Montemorelos utilisant le langage des signes pendant le programme. Image de l\u2019Universit\u00e9 de Montemorelos[\/caption]<\/p>\n<p>Les 150 personnes sourdes assistant au programme, venues de tout le territoire de l\u2019\u00e9glise au Mexique, ont particip\u00e9 \u00e0 des activit\u00e9s divertissantes, \u00e0 des d\u00e9jeuners sp\u00e9ciaux, des pr\u00e9sentations musicales et \u00e0 un service de communion. Trois personnes ont \u00e9t\u00e9 baptis\u00e9es au cours du programme. De plus, l\u2019Universit\u00e9 de Montemorelos a offert une bourse compl\u00e8te \u00e0 trois sourds pour la prochaine ann\u00e9e scolaire.<\/p>\n<p>Le congr\u00e8s a propos\u00e9 des s\u00e9minaires aux pasteurs et aux dirigeants sur la mani\u00e8re de d\u00e9velopper une culture des besoins sp\u00e9ciaux dans l\u2019\u00e9glise, de la th\u00e9ologie au principe, aux valeurs et aux m\u00e9thodes ; sur la mani\u00e8re d\u2019\u00e9vang\u00e9liser les sourds dans la communaut\u00e9, des cours de langue des signes ont \u00e9galement \u00e9t\u00e9 propos\u00e9s aux pasteurs, aux interpr\u00e8tes et au personnel soignant et \u00e0 bien d\u2019autres.<\/p>\n<p>Parmi les intervenants internationaux, on trouvait pasteur Jeffrey Jordan, directeur adjoint des Minist\u00e8res aupr\u00e8s des Sourds pour l\u2019Eglise Adventiste mondiale et Taida Rovero, directeur des Minist\u00e8res aupr\u00e8s des Sourds en Espagne.<\/p>\n<p>Des dirigeants d\u2019\u00e9glise du Costa Rica, de Trinidad et Tobago, du Venezuela, de la Jama\u00efque, du Honduras, de Colombie, d\u2019Espagne et des Etats Unis ont pris part au programme.<\/p>\n<p>Francisco Javier Diaz, qui est le coordonnateur la\u00efc national du Minist\u00e8res Adventistes aupr\u00e8s des Sourds au Mexique, a appris \u00e0 plusieurs \u00e0 pr\u00e9senter en langue des signes les hymnes qu\u2019il a interpr\u00e9t\u00e9 en vid\u00e9o pendant le congr\u00e8s. Il travaille comme interpr\u00e8te pour les sourds dans l\u2019\u00e9tat du Chiapas au Mexique et est fier du fait que l\u2019Eglise Adventiste avance en impliquant les sourds et malentendants dans la vie de l\u2019\u00e9glise. Francisco Diaz a \u00e9galement traduit la Foi de J\u00e9sus en langue des signes et forme les membres d\u2019\u00e9glise \u00e0 utiliser la langue des signes dans son territoire d\u2019origine.<\/p>\n<p>Les participants ont pr\u00e9sent\u00e9 des recommandations et des requ\u00eates \u00e0 l\u2019\u00e9glise dans le but de consolider les besoins sp\u00e9ciaux en particulier les minist\u00e8res aupr\u00e8s des sourds. La requ\u00eate mentionne le besoin d\u2019avoir un employ\u00e9 \u00e0 plein temps dans chaque union, d\u2019avoir davantage de ressources bibliques pour les sourds, et d\u2019avoir des experts en langue des signes entre autres.<\/p>\n<p>Les temps ont chang\u00e9 et l\u2019\u00e9glise a besoin d\u2019avancer en consolidant les minist\u00e8res des besoins sp\u00e9ciaux, a soulign\u00e9 pasteur Telemaque.<\/p>\n<p>\u00ab L\u2019\u00e9glise doit \u00eatre engag\u00e9e dans l\u2019int\u00e9gration des sourds dans les services et dans la vie de l\u2019\u00e9glise, \u00bb a dit Samuel Telemaque.<\/p>\n<p>Des plans sont en cours pour que le Congr\u00e8s des Besoins Sp\u00e9ciaux de l\u2019Inter Am\u00e9rique soit organis\u00e9 l\u2019ann\u00e9e prochaine sur le campus de l\u2019Universit\u00e9 Adventiste de Colombie \u00e0 Medellin en Colombie.<\/p>\n<p>Pour en savoir plus sur les Minist\u00e8res des Besoins Sp\u00e9ciaux en Inter Am\u00e9rique, visitez le site <a href=\"https:\/\/recursing-golick.147-182-135-0.plesk.page\/\">interamerica.org<\/a><\/p>\n<p>Pour voir un album photo du programme, cliquez<a href=\"https:\/\/www.flickr.com\/photos\/universidaddemontemorelos\/albums\/72157683917946581\">ICI<\/a><\/p>\n<div id=\"attachment_29934\" style=\"width: 793px\" class=\"wp-caption aligncenter\"><a href=\"\/interamerica\/wp-content\/uploads\/2017\/08\/sordos-UM.jpg\" rel=\"fancybox\" title=\"En Inter Am\u00e9rique, l\u2019\u00e9glise consolide le Minist\u00e8re des Besoins Sp\u00e9ciaux \u00e0 l\u2019occasion du premier congr\u00e8s des malentendants organis\u00e9 pour l\u2019ensemble du territoire\"><img loading=\"lazy\" decoding=\"async\" aria-describedby=\"caption-attachment-29934\" class=\" wp-image-29934\" src=\"\/interamerica\/wp-content\/uploads\/2017\/08\/sordos-UM.jpg\" alt=\"\" width=\"783\" height=\"519\" \/><\/a><p id=\"caption-attachment-29934\" class=\"wp-caption-text\">Photo de groupe du programme. Image de l&rsquo;Universit\u00e9 de Montemorelos<\/p><\/div>\n<p>Traduction: Patrick Luciathe<\/p>\n","protected":false},"excerpt":{"rendered":"<p>Plus de deux cents personnes sourdes, des interpr\u00e8tes et des directeurs des minist\u00e8res des besoins sp\u00e9ciaux venus de tout le territoire de l\u2019Eglise Adventiste du Septi\u00e8me Jour en Inter Am\u00e9rique se sont r\u00e9unis \u00e0 l\u2019occasion du premier Congr\u00e8s des Sourds et Malentendants organis\u00e9 pour l\u2019ensemble du territoire.<\/p>\n","protected":false},"author":1,"featured_media":33438,"comment_status":"closed","ping_status":"closed","sticky":false,"template":"","format":"standard","meta":{"_acf_changed":false,"footnotes":""},"categories":[20,19],"tags":[],"class_list":["post-33803","post","type-post","status-publish","format-standard","has-post-thumbnail","hentry","category-nouvelles-du-siege-de-la-division","category-rss-francais"],"acf":[],"yoast_head":"<!-- This site is optimized with the Yoast SEO plugin v27.3 - https:\/\/yoast.com\/product\/yoast-seo-wordpress\/ -->\n<title>En Inter Am\u00e9rique, l\u2019\u00e9glise consolide le Minist\u00e8re des Besoins Sp\u00e9ciaux \u00e0 l\u2019occasion du premier congr\u00e8s des malentendants organis\u00e9 pour l\u2019ensemble du territoire - \u00c9glise Adventiste Du Septieme Jour - Inter Am\u00e9rique Division<\/title>\n<meta name=\"robots\" content=\"index, follow, max-snippet:-1, max-image-preview:large, max-video-preview:-1\" \/>\n<link rel=\"canonical\" href=\"https:\/\/interamerica.org\/fr\/2017\/07\/en-inter-amerique-leglise-consolide-le-ministere-des-besoins-speciaux-a-loccasion-du-premier-congres-des-malentendants-organise-pour-lensemble-du-territoire\/\" \/>\n<meta property=\"og:locale\" content=\"fr_FR\" \/>\n<meta property=\"og:type\" content=\"article\" \/>\n<meta property=\"og:title\" content=\"En Inter Am\u00e9rique, l\u2019\u00e9glise consolide le Minist\u00e8re des Besoins Sp\u00e9ciaux \u00e0 l\u2019occasion du premier congr\u00e8s des malentendants organis\u00e9 pour l\u2019ensemble du territoire - \u00c9glise Adventiste Du Septieme Jour - Inter Am\u00e9rique Division\" \/>\n<meta property=\"og:description\" content=\"Plus de deux cents personnes sourdes, des interpr\u00e8tes et des directeurs des minist\u00e8res des besoins sp\u00e9ciaux venus de tout le territoire de l\u2019Eglise Adventiste du Septi\u00e8me Jour en Inter Am\u00e9rique se sont r\u00e9unis \u00e0 l\u2019occasion du premier Congr\u00e8s des Sourds et Malentendants organis\u00e9 pour l\u2019ensemble du territoire.\" \/>\n<meta property=\"og:url\" content=\"https:\/\/interamerica.org\/fr\/2017\/07\/en-inter-amerique-leglise-consolide-le-ministere-des-besoins-speciaux-a-loccasion-du-premier-congres-des-malentendants-organise-pour-lensemble-du-territoire\/\" \/>\n<meta property=\"og:site_name\" content=\"\u00c9glise Adventiste Du Septieme Jour - Inter Am\u00e9rique Division\" \/>\n<meta property=\"article:published_time\" content=\"2017-07-28T04:00:00+00:00\" \/>\n<meta property=\"article:modified_time\" content=\"2017-10-26T23:42:08+00:00\" \/>\n<meta property=\"og:image\" content=\"https:\/\/interamerica.org\/wp-content\/uploads\/2017\/08\/sordos1-1024x670.jpg\" \/>\n\t<meta property=\"og:image:width\" content=\"1024\" \/>\n\t<meta property=\"og:image:height\" content=\"670\" \/>\n\t<meta property=\"og:image:type\" content=\"image\/jpeg\" \/>\n<meta name=\"author\" content=\"Lorenzo Verduzco\" \/>\n<meta name=\"twitter:card\" content=\"summary_large_image\" \/>\n<meta name=\"twitter:label1\" content=\"\u00c9crit par\" \/>\n\t<meta name=\"twitter:data1\" content=\"Lorenzo Verduzco\" \/>\n\t<meta name=\"twitter:label2\" content=\"Dur\u00e9e de lecture estim\u00e9e\" \/>\n\t<meta name=\"twitter:data2\" content=\"7 minutes\" \/>\n<script type=\"application\/ld+json\" class=\"yoast-schema-graph\">{\"@context\":\"https:\\\/\\\/schema.org\",\"@graph\":[{\"@type\":\"Article\",\"@id\":\"https:\\\/\\\/interamerica.org\\\/fr\\\/2017\\\/07\\\/en-inter-amerique-leglise-consolide-le-ministere-des-besoins-speciaux-a-loccasion-du-premier-congres-des-malentendants-organise-pour-lensemble-du-territoire\\\/#article\",\"isPartOf\":{\"@id\":\"https:\\\/\\\/interamerica.org\\\/fr\\\/2017\\\/07\\\/en-inter-amerique-leglise-consolide-le-ministere-des-besoins-speciaux-a-loccasion-du-premier-congres-des-malentendants-organise-pour-lensemble-du-territoire\\\/\"},\"author\":{\"name\":\"Lorenzo Verduzco\",\"@id\":\"https:\\\/\\\/interamerica.org\\\/fr\\\/#\\\/schema\\\/person\\\/68ede8bdc292885bb76c1e3810e73c39\"},\"headline\":\"En Inter Am\u00e9rique, l\u2019\u00e9glise consolide le Minist\u00e8re des Besoins Sp\u00e9ciaux \u00e0 l\u2019occasion du premier congr\u00e8s des malentendants organis\u00e9 pour l\u2019ensemble du territoire\",\"datePublished\":\"2017-07-28T04:00:00+00:00\",\"dateModified\":\"2017-10-26T23:42:08+00:00\",\"mainEntityOfPage\":{\"@id\":\"https:\\\/\\\/interamerica.org\\\/fr\\\/2017\\\/07\\\/en-inter-amerique-leglise-consolide-le-ministere-des-besoins-speciaux-a-loccasion-du-premier-congres-des-malentendants-organise-pour-lensemble-du-territoire\\\/\"},\"wordCount\":1382,\"image\":{\"@id\":\"https:\\\/\\\/interamerica.org\\\/fr\\\/2017\\\/07\\\/en-inter-amerique-leglise-consolide-le-ministere-des-besoins-speciaux-a-loccasion-du-premier-congres-des-malentendants-organise-pour-lensemble-du-territoire\\\/#primaryimage\"},\"thumbnailUrl\":\"https:\\\/\\\/interamerica.org\\\/wp-content\\\/uploads\\\/2017\\\/08\\\/sordos1-1024x670.jpg\",\"articleSection\":[\"Nouvelles du si\u00e8ge de la division\",\"RSS Fran\u00e7ais\"],\"inLanguage\":\"fr-FR\"},{\"@type\":\"WebPage\",\"@id\":\"https:\\\/\\\/interamerica.org\\\/fr\\\/2017\\\/07\\\/en-inter-amerique-leglise-consolide-le-ministere-des-besoins-speciaux-a-loccasion-du-premier-congres-des-malentendants-organise-pour-lensemble-du-territoire\\\/\",\"url\":\"https:\\\/\\\/interamerica.org\\\/fr\\\/2017\\\/07\\\/en-inter-amerique-leglise-consolide-le-ministere-des-besoins-speciaux-a-loccasion-du-premier-congres-des-malentendants-organise-pour-lensemble-du-territoire\\\/\",\"name\":\"En Inter Am\u00e9rique, l\u2019\u00e9glise consolide le Minist\u00e8re des Besoins Sp\u00e9ciaux \u00e0 l\u2019occasion du premier congr\u00e8s des malentendants organis\u00e9 pour l\u2019ensemble du territoire - \u00c9glise Adventiste Du Septieme Jour - Inter Am\u00e9rique Division\",\"isPartOf\":{\"@id\":\"https:\\\/\\\/interamerica.org\\\/fr\\\/#website\"},\"primaryImageOfPage\":{\"@id\":\"https:\\\/\\\/interamerica.org\\\/fr\\\/2017\\\/07\\\/en-inter-amerique-leglise-consolide-le-ministere-des-besoins-speciaux-a-loccasion-du-premier-congres-des-malentendants-organise-pour-lensemble-du-territoire\\\/#primaryimage\"},\"image\":{\"@id\":\"https:\\\/\\\/interamerica.org\\\/fr\\\/2017\\\/07\\\/en-inter-amerique-leglise-consolide-le-ministere-des-besoins-speciaux-a-loccasion-du-premier-congres-des-malentendants-organise-pour-lensemble-du-territoire\\\/#primaryimage\"},\"thumbnailUrl\":\"https:\\\/\\\/interamerica.org\\\/wp-content\\\/uploads\\\/2017\\\/08\\\/sordos1-1024x670.jpg\",\"datePublished\":\"2017-07-28T04:00:00+00:00\",\"dateModified\":\"2017-10-26T23:42:08+00:00\",\"author\":{\"@id\":\"https:\\\/\\\/interamerica.org\\\/fr\\\/#\\\/schema\\\/person\\\/68ede8bdc292885bb76c1e3810e73c39\"},\"breadcrumb\":{\"@id\":\"https:\\\/\\\/interamerica.org\\\/fr\\\/2017\\\/07\\\/en-inter-amerique-leglise-consolide-le-ministere-des-besoins-speciaux-a-loccasion-du-premier-congres-des-malentendants-organise-pour-lensemble-du-territoire\\\/#breadcrumb\"},\"inLanguage\":\"fr-FR\",\"potentialAction\":[{\"@type\":\"ReadAction\",\"target\":[\"https:\\\/\\\/interamerica.org\\\/fr\\\/2017\\\/07\\\/en-inter-amerique-leglise-consolide-le-ministere-des-besoins-speciaux-a-loccasion-du-premier-congres-des-malentendants-organise-pour-lensemble-du-territoire\\\/\"]}]},{\"@type\":\"ImageObject\",\"inLanguage\":\"fr-FR\",\"@id\":\"https:\\\/\\\/interamerica.org\\\/fr\\\/2017\\\/07\\\/en-inter-amerique-leglise-consolide-le-ministere-des-besoins-speciaux-a-loccasion-du-premier-congres-des-malentendants-organise-pour-lensemble-du-territoire\\\/#primaryimage\",\"url\":\"https:\\\/\\\/interamerica.org\\\/wp-content\\\/uploads\\\/2017\\\/08\\\/sordos1-1024x670.jpg\",\"contentUrl\":\"https:\\\/\\\/interamerica.org\\\/wp-content\\\/uploads\\\/2017\\\/08\\\/sordos1-1024x670.jpg\",\"width\":1024,\"height\":670},{\"@type\":\"BreadcrumbList\",\"@id\":\"https:\\\/\\\/interamerica.org\\\/fr\\\/2017\\\/07\\\/en-inter-amerique-leglise-consolide-le-ministere-des-besoins-speciaux-a-loccasion-du-premier-congres-des-malentendants-organise-pour-lensemble-du-territoire\\\/#breadcrumb\",\"itemListElement\":[{\"@type\":\"ListItem\",\"position\":1,\"name\":\"Home\",\"item\":\"https:\\\/\\\/interamerica.org\\\/fr\\\/\"},{\"@type\":\"ListItem\",\"position\":2,\"name\":\"En Inter Am\u00e9rique, l\u2019\u00e9glise consolide le Minist\u00e8re des Besoins Sp\u00e9ciaux \u00e0 l\u2019occasion du premier congr\u00e8s des malentendants organis\u00e9 pour l\u2019ensemble du territoire\"}]},{\"@type\":\"WebSite\",\"@id\":\"https:\\\/\\\/interamerica.org\\\/fr\\\/#website\",\"url\":\"https:\\\/\\\/interamerica.org\\\/fr\\\/\",\"name\":\"\u00c9glise Adventiste Du Septieme Jour - Inter Am\u00e9rique Division\",\"description\":\"\",\"potentialAction\":[{\"@type\":\"SearchAction\",\"target\":{\"@type\":\"EntryPoint\",\"urlTemplate\":\"https:\\\/\\\/interamerica.org\\\/fr\\\/?s={search_term_string}\"},\"query-input\":{\"@type\":\"PropertyValueSpecification\",\"valueRequired\":true,\"valueName\":\"search_term_string\"}}],\"inLanguage\":\"fr-FR\"},{\"@type\":\"Person\",\"@id\":\"https:\\\/\\\/interamerica.org\\\/fr\\\/#\\\/schema\\\/person\\\/68ede8bdc292885bb76c1e3810e73c39\",\"name\":\"Lorenzo Verduzco\",\"image\":{\"@type\":\"ImageObject\",\"inLanguage\":\"fr-FR\",\"@id\":\"https:\\\/\\\/secure.gravatar.com\\\/avatar\\\/fb81a55b6218459490a9c1dc841a34909185b81904c5337b4b27f7a6fd60c49e?s=96&d=mm&r=g\",\"url\":\"https:\\\/\\\/secure.gravatar.com\\\/avatar\\\/fb81a55b6218459490a9c1dc841a34909185b81904c5337b4b27f7a6fd60c49e?s=96&d=mm&r=g\",\"contentUrl\":\"https:\\\/\\\/secure.gravatar.com\\\/avatar\\\/fb81a55b6218459490a9c1dc841a34909185b81904c5337b4b27f7a6fd60c49e?s=96&d=mm&r=g\",\"caption\":\"Lorenzo Verduzco\"}}]}<\/script>\n<!-- \/ Yoast SEO plugin. -->","yoast_head_json":{"title":"En Inter Am\u00e9rique, l\u2019\u00e9glise consolide le Minist\u00e8re des Besoins Sp\u00e9ciaux \u00e0 l\u2019occasion du premier congr\u00e8s des malentendants organis\u00e9 pour l\u2019ensemble du territoire - \u00c9glise Adventiste Du Septieme Jour - Inter Am\u00e9rique Division","robots":{"index":"index","follow":"follow","max-snippet":"max-snippet:-1","max-image-preview":"max-image-preview:large","max-video-preview":"max-video-preview:-1"},"canonical":"https:\/\/interamerica.org\/fr\/2017\/07\/en-inter-amerique-leglise-consolide-le-ministere-des-besoins-speciaux-a-loccasion-du-premier-congres-des-malentendants-organise-pour-lensemble-du-territoire\/","og_locale":"fr_FR","og_type":"article","og_title":"En Inter Am\u00e9rique, l\u2019\u00e9glise consolide le Minist\u00e8re des Besoins Sp\u00e9ciaux \u00e0 l\u2019occasion du premier congr\u00e8s des malentendants organis\u00e9 pour l\u2019ensemble du territoire - \u00c9glise Adventiste Du Septieme Jour - Inter Am\u00e9rique Division","og_description":"Plus de deux cents personnes sourdes, des interpr\u00e8tes et des directeurs des minist\u00e8res des besoins sp\u00e9ciaux venus de tout le territoire de l\u2019Eglise Adventiste du Septi\u00e8me Jour en Inter Am\u00e9rique se sont r\u00e9unis \u00e0 l\u2019occasion du premier Congr\u00e8s des Sourds et Malentendants organis\u00e9 pour l\u2019ensemble du territoire.","og_url":"https:\/\/interamerica.org\/fr\/2017\/07\/en-inter-amerique-leglise-consolide-le-ministere-des-besoins-speciaux-a-loccasion-du-premier-congres-des-malentendants-organise-pour-lensemble-du-territoire\/","og_site_name":"\u00c9glise Adventiste Du Septieme Jour - Inter Am\u00e9rique Division","article_published_time":"2017-07-28T04:00:00+00:00","article_modified_time":"2017-10-26T23:42:08+00:00","og_image":[{"width":1024,"height":670,"url":"https:\/\/interamerica.org\/wp-content\/uploads\/2017\/08\/sordos1-1024x670.jpg","type":"image\/jpeg"}],"author":"Lorenzo Verduzco","twitter_card":"summary_large_image","twitter_misc":{"\u00c9crit par":"Lorenzo Verduzco","Dur\u00e9e de lecture estim\u00e9e":"7 minutes"},"schema":{"@context":"https:\/\/schema.org","@graph":[{"@type":"Article","@id":"https:\/\/interamerica.org\/fr\/2017\/07\/en-inter-amerique-leglise-consolide-le-ministere-des-besoins-speciaux-a-loccasion-du-premier-congres-des-malentendants-organise-pour-lensemble-du-territoire\/#article","isPartOf":{"@id":"https:\/\/interamerica.org\/fr\/2017\/07\/en-inter-amerique-leglise-consolide-le-ministere-des-besoins-speciaux-a-loccasion-du-premier-congres-des-malentendants-organise-pour-lensemble-du-territoire\/"},"author":{"name":"Lorenzo Verduzco","@id":"https:\/\/interamerica.org\/fr\/#\/schema\/person\/68ede8bdc292885bb76c1e3810e73c39"},"headline":"En Inter Am\u00e9rique, l\u2019\u00e9glise consolide le Minist\u00e8re des Besoins Sp\u00e9ciaux \u00e0 l\u2019occasion du premier congr\u00e8s des malentendants organis\u00e9 pour l\u2019ensemble du territoire","datePublished":"2017-07-28T04:00:00+00:00","dateModified":"2017-10-26T23:42:08+00:00","mainEntityOfPage":{"@id":"https:\/\/interamerica.org\/fr\/2017\/07\/en-inter-amerique-leglise-consolide-le-ministere-des-besoins-speciaux-a-loccasion-du-premier-congres-des-malentendants-organise-pour-lensemble-du-territoire\/"},"wordCount":1382,"image":{"@id":"https:\/\/interamerica.org\/fr\/2017\/07\/en-inter-amerique-leglise-consolide-le-ministere-des-besoins-speciaux-a-loccasion-du-premier-congres-des-malentendants-organise-pour-lensemble-du-territoire\/#primaryimage"},"thumbnailUrl":"https:\/\/interamerica.org\/wp-content\/uploads\/2017\/08\/sordos1-1024x670.jpg","articleSection":["Nouvelles du si\u00e8ge de la division","RSS Fran\u00e7ais"],"inLanguage":"fr-FR"},{"@type":"WebPage","@id":"https:\/\/interamerica.org\/fr\/2017\/07\/en-inter-amerique-leglise-consolide-le-ministere-des-besoins-speciaux-a-loccasion-du-premier-congres-des-malentendants-organise-pour-lensemble-du-territoire\/","url":"https:\/\/interamerica.org\/fr\/2017\/07\/en-inter-amerique-leglise-consolide-le-ministere-des-besoins-speciaux-a-loccasion-du-premier-congres-des-malentendants-organise-pour-lensemble-du-territoire\/","name":"En Inter Am\u00e9rique, l\u2019\u00e9glise consolide le Minist\u00e8re des Besoins Sp\u00e9ciaux \u00e0 l\u2019occasion du premier congr\u00e8s des malentendants organis\u00e9 pour l\u2019ensemble du territoire - \u00c9glise Adventiste Du Septieme Jour - Inter Am\u00e9rique Division","isPartOf":{"@id":"https:\/\/interamerica.org\/fr\/#website"},"primaryImageOfPage":{"@id":"https:\/\/interamerica.org\/fr\/2017\/07\/en-inter-amerique-leglise-consolide-le-ministere-des-besoins-speciaux-a-loccasion-du-premier-congres-des-malentendants-organise-pour-lensemble-du-territoire\/#primaryimage"},"image":{"@id":"https:\/\/interamerica.org\/fr\/2017\/07\/en-inter-amerique-leglise-consolide-le-ministere-des-besoins-speciaux-a-loccasion-du-premier-congres-des-malentendants-organise-pour-lensemble-du-territoire\/#primaryimage"},"thumbnailUrl":"https:\/\/interamerica.org\/wp-content\/uploads\/2017\/08\/sordos1-1024x670.jpg","datePublished":"2017-07-28T04:00:00+00:00","dateModified":"2017-10-26T23:42:08+00:00","author":{"@id":"https:\/\/interamerica.org\/fr\/#\/schema\/person\/68ede8bdc292885bb76c1e3810e73c39"},"breadcrumb":{"@id":"https:\/\/interamerica.org\/fr\/2017\/07\/en-inter-amerique-leglise-consolide-le-ministere-des-besoins-speciaux-a-loccasion-du-premier-congres-des-malentendants-organise-pour-lensemble-du-territoire\/#breadcrumb"},"inLanguage":"fr-FR","potentialAction":[{"@type":"ReadAction","target":["https:\/\/interamerica.org\/fr\/2017\/07\/en-inter-amerique-leglise-consolide-le-ministere-des-besoins-speciaux-a-loccasion-du-premier-congres-des-malentendants-organise-pour-lensemble-du-territoire\/"]}]},{"@type":"ImageObject","inLanguage":"fr-FR","@id":"https:\/\/interamerica.org\/fr\/2017\/07\/en-inter-amerique-leglise-consolide-le-ministere-des-besoins-speciaux-a-loccasion-du-premier-congres-des-malentendants-organise-pour-lensemble-du-territoire\/#primaryimage","url":"https:\/\/interamerica.org\/wp-content\/uploads\/2017\/08\/sordos1-1024x670.jpg","contentUrl":"https:\/\/interamerica.org\/wp-content\/uploads\/2017\/08\/sordos1-1024x670.jpg","width":1024,"height":670},{"@type":"BreadcrumbList","@id":"https:\/\/interamerica.org\/fr\/2017\/07\/en-inter-amerique-leglise-consolide-le-ministere-des-besoins-speciaux-a-loccasion-du-premier-congres-des-malentendants-organise-pour-lensemble-du-territoire\/#breadcrumb","itemListElement":[{"@type":"ListItem","position":1,"name":"Home","item":"https:\/\/interamerica.org\/fr\/"},{"@type":"ListItem","position":2,"name":"En Inter Am\u00e9rique, l\u2019\u00e9glise consolide le Minist\u00e8re des Besoins Sp\u00e9ciaux \u00e0 l\u2019occasion du premier congr\u00e8s des malentendants organis\u00e9 pour l\u2019ensemble du territoire"}]},{"@type":"WebSite","@id":"https:\/\/interamerica.org\/fr\/#website","url":"https:\/\/interamerica.org\/fr\/","name":"\u00c9glise Adventiste Du Septieme Jour - Inter Am\u00e9rique Division","description":"","potentialAction":[{"@type":"SearchAction","target":{"@type":"EntryPoint","urlTemplate":"https:\/\/interamerica.org\/fr\/?s={search_term_string}"},"query-input":{"@type":"PropertyValueSpecification","valueRequired":true,"valueName":"search_term_string"}}],"inLanguage":"fr-FR"},{"@type":"Person","@id":"https:\/\/interamerica.org\/fr\/#\/schema\/person\/68ede8bdc292885bb76c1e3810e73c39","name":"Lorenzo Verduzco","image":{"@type":"ImageObject","inLanguage":"fr-FR","@id":"https:\/\/secure.gravatar.com\/avatar\/fb81a55b6218459490a9c1dc841a34909185b81904c5337b4b27f7a6fd60c49e?s=96&d=mm&r=g","url":"https:\/\/secure.gravatar.com\/avatar\/fb81a55b6218459490a9c1dc841a34909185b81904c5337b4b27f7a6fd60c49e?s=96&d=mm&r=g","contentUrl":"https:\/\/secure.gravatar.com\/avatar\/fb81a55b6218459490a9c1dc841a34909185b81904c5337b4b27f7a6fd60c49e?s=96&d=mm&r=g","caption":"Lorenzo Verduzco"}}]}},"_links":{"self":[{"href":"https:\/\/interamerica.org\/fr\/wp-json\/wp\/v2\/posts\/33803","targetHints":{"allow":["GET"]}}],"collection":[{"href":"https:\/\/interamerica.org\/fr\/wp-json\/wp\/v2\/posts"}],"about":[{"href":"https:\/\/interamerica.org\/fr\/wp-json\/wp\/v2\/types\/post"}],"author":[{"embeddable":true,"href":"https:\/\/interamerica.org\/fr\/wp-json\/wp\/v2\/users\/1"}],"replies":[{"embeddable":true,"href":"https:\/\/interamerica.org\/fr\/wp-json\/wp\/v2\/comments?post=33803"}],"version-history":[{"count":0,"href":"https:\/\/interamerica.org\/fr\/wp-json\/wp\/v2\/posts\/33803\/revisions"}],"wp:featuredmedia":[{"embeddable":true,"href":"https:\/\/interamerica.org\/fr\/wp-json\/wp\/v2\/media\/33438"}],"wp:attachment":[{"href":"https:\/\/interamerica.org\/fr\/wp-json\/wp\/v2\/media?parent=33803"}],"wp:term":[{"taxonomy":"category","embeddable":true,"href":"https:\/\/interamerica.org\/fr\/wp-json\/wp\/v2\/categories?post=33803"},{"taxonomy":"post_tag","embeddable":true,"href":"https:\/\/interamerica.org\/fr\/wp-json\/wp\/v2\/tags?post=33803"}],"curies":[{"name":"wp","href":"https:\/\/api.w.org\/{rel}","templated":true}]}}