{"id":36132,"date":"2017-09-08T00:00:00","date_gmt":"2017-09-08T04:00:00","guid":{"rendered":"http:\/\/192.81.217.108\/2017\/09\/en-inter-amerique-la-premiere-conference-des-photographes-adventistes-forme-les-responsables-de-communication-a-cuba\/"},"modified":"2017-11-16T20:36:58","modified_gmt":"2017-11-17T00:36:58","slug":"en-inter-amerique-la-premiere-conference-des-photographes-adventistes-forme-les-responsables-de-communication-a-cuba","status":"publish","type":"post","link":"https:\/\/interamerica.org\/fr\/2017\/09\/en-inter-amerique-la-premiere-conference-des-photographes-adventistes-forme-les-responsables-de-communication-a-cuba\/","title":{"rendered":"En Inter Am\u00e9rique, la premi\u00e8re conf\u00e9rence des photographes Adventistes forme les responsables de communication \u00e0 Cuba"},"content":{"rendered":"<div id=\"attachment_30646\" style=\"width: 744px\" class=\"wp-caption aligncenter\"><a href=\"https:\/\/recursing-golick.147-182-135-0.plesk.page\/wp-content\/uploads\/2017\/09\/Adventist-photographers-group-Cuba.jpg\" rel=\"fancybox\" title=\"En Inter Am\u00e9rique, la premi\u00e8re conf\u00e9rence des photographes Adventistes forme les responsables de communication \u00e0 Cuba\"><img fetchpriority=\"high\" decoding=\"async\" aria-describedby=\"caption-attachment-30646\" class=\" wp-image-30646\" src=\"https:\/\/recursing-golick.147-182-135-0.plesk.page\/wp-content\/uploads\/2017\/09\/Adventist-photographers-group-Cuba-1024x590.jpg\" alt=\"\" width=\"734\" height=\"423\" \/><\/a><p id=\"caption-attachment-30646\" class=\"wp-caption-text\">Groupe de photographes et de membres d\u2019\u00e9glise lors de la seconde journ\u00e9e de la Conf\u00e9rence des Photographes Adventistes qui s\u2019est tenue \u00e0 l\u2019\u00e9glise Adventiste de C\u00e1rdenas, \u00e0 Matanzas \u00e0 Cuba les 1er et 2 septembre 2017. Image d\u2019Abel M\u00e1rquez\/DIA<\/p><\/div>\n<p>7 Septembre 2017 \u2013 C\u00e1rdenas, Matanzas, Cuba \u2013 Libna Stevens\/DIA<\/p>\n<div id=\"attachment_30640\" style=\"width: 432px\" class=\"wp-caption alignright\"><a href=\"https:\/\/recursing-golick.147-182-135-0.plesk.page\/wp-content\/uploads\/2017\/09\/Abel-Marquez-Dayami-Cuba.jpg\" rel=\"fancybox\" title=\"En Inter Am\u00e9rique, la premi\u00e8re conf\u00e9rence des photographes Adventistes forme les responsables de communication \u00e0 Cuba\"><img decoding=\"async\" aria-describedby=\"caption-attachment-30640\" class=\" wp-image-30640\" src=\"https:\/\/recursing-golick.147-182-135-0.plesk.page\/wp-content\/uploads\/2017\/09\/Abel-Marquez-Dayami-Cuba.jpg\" alt=\"\" width=\"422\" height=\"266\" \/><\/a><p id=\"caption-attachment-30640\" class=\"wp-caption-text\">Abel Marquez, directeur de la communication \u00e0 la DIA, intervient lors de la conf\u00e9rence ; il se trouve aux c\u00f4t\u00e9s de Dayami Rodriguez, directrice de la communication pour l\u2019Eglise Adventiste \u00e0 Cuba. Image de Libna Stevens\/DIA<\/p><\/div>\n<p>Des dizaines d&rsquo;adventistes du septi\u00e8me jour venus de Cuba, d&rsquo;Am\u00e9rique Centrale, du Mexique et de la Cara\u00efbe se sont r\u00e9unis \u00e0 l\u2019occasion de la Conf\u00e9rence des Photographes Adventistes le week-end dernier \u00e0 l&rsquo;\u00e9glise Adventiste de C\u00e1rdenas \u00e0 C\u00e1rdenas, Matanzas, \u00e0 Cuba.<\/p>\n<p>Le programme, le premier du genre, sponsoris\u00e9 par le d\u00e9partement de la Communication de la Division Interam\u00e9ricaine (DIA) en collaboration avec les principaux dirigeants de l&rsquo;\u00e9glise \u00e0 Cuba, a permis de former plus de 80 participants. L&rsquo;objectif \u00e9tait de montrer aux participants comment devenir plus cr\u00e9atifs avec la communication visuelle dans l&rsquo;accomplissement de la mission dans leurs \u00e9glises et leurs communaut\u00e9s locales.<\/p>\n<p>Des pr\u00e9sentations sur la cr\u00e9ativit\u00e9, le photojournalisme, la narration, la cin\u00e9matographie, la photographie publicitaire, et bien plus encore \u00e9taient au programme de la conf\u00e9rence de deux jours, qui a eu lieu du 1er au 2 septembre 2017.<\/p>\n<div id=\"attachment_30655\" style=\"width: 434px\" class=\"wp-caption alignleft\"><a href=\"https:\/\/recursing-golick.147-182-135-0.plesk.page\/wp-content\/uploads\/2017\/09\/DanWeber-Cuba.jpg\" rel=\"fancybox\" title=\"En Inter Am\u00e9rique, la premi\u00e8re conf\u00e9rence des photographes Adventistes forme les responsables de communication \u00e0 Cuba\"><img decoding=\"async\" aria-describedby=\"caption-attachment-30655\" class=\" wp-image-30655\" src=\"https:\/\/recursing-golick.147-182-135-0.plesk.page\/wp-content\/uploads\/2017\/09\/DanWeber-Cuba.jpg\" alt=\"\" width=\"424\" height=\"278\" \/><\/a><p id=\"caption-attachment-30655\" class=\"wp-caption-text\">Dan Weber, directeur de la communication pour l\u2019Eglise Adventiste en Am\u00e9rique du Nord. Image de Libna Stevens\/DIA.<\/p><\/div>\n<p>\u00ab Notre principal objectif \u00e9tait d\u2019offrir une formation et un espace aux photographes Adventistes en Inter-Am\u00e9rique afin qu\u2019ils puissent \u00e9changer des id\u00e9es avec le grand potentiel artistique des photographes locaux dans le contexte culturel de l&rsquo;\u00eele, \u00bb a d\u00e9clar\u00e9 Abel M\u00e1rquez, directeur de la communication et principal organisateur du programme. Le programme intervenait en soutien \u00e0 une initiative organis\u00e9e localement et visant \u00e0 encourager le partage de photos au sein de l&rsquo;\u00e9glise \u00e0 Cuba, a-t-il dit.<\/p>\n<p>\u00ab Ils peuvent voir avec leurs yeux et apprendre aux c\u00f4t\u00e9s de photographes Adventistes experts en dehors de Cuba afin de faire une meilleure contribution \u00e0 l&rsquo;\u00e9glise qu&rsquo;ils aiment et qu\u2019ils servent, \u00bb a d\u00e9clar\u00e9 Dayami Rodr\u00edguez, directrice de la communication pour l&rsquo;Eglise Adventiste \u00e0 Cuba.<\/p>\n<p>Pour la plupart [des personnes \u00e0 Cuba], il est presque impossible d&rsquo;avoir acc\u00e8s \u00e0 Internet et d\u2019\u00e9tudier la photographie et la communication visuelle, a dit Dayami Rodr\u00edguez. \u00ab Il n&rsquo;y a pratiquement pas de spots disponibles pour la connexion \u00e0 Internet et cela peut co\u00fbter 50 pesos juste pour une heure de connexion, \u00bb a-t-elle expliqu\u00e9.<\/p>\n<p>\u00abAvec un salaire mensuel moyen d&rsquo;environ 150 pesos CUC, et des co\u00fbts d&rsquo;environ 13 pesos [soient 10 dollars am\u00e9ricains] juste pour envoyer une image de 2 MB dans du texte, il est vraiment difficile pour eux [les photographes] de partager et d&rsquo;am\u00e9liorer leurs comp\u00e9tences et d\u2019apprendre des autres, \u00bb a d\u00e9clar\u00e9 Dayami Rodr\u00edguez.<\/p>\n<div id=\"attachment_30643\" style=\"width: 433px\" class=\"wp-caption alignleft\"><a href=\"https:\/\/recursing-golick.147-182-135-0.plesk.page\/wp-content\/uploads\/2017\/09\/Adventist-Photographers-Cardenas-Cuba.jpg\" rel=\"fancybox\" title=\"En Inter Am\u00e9rique, la premi\u00e8re conf\u00e9rence des photographes Adventistes forme les responsables de communication \u00e0 Cuba\"><img loading=\"lazy\" decoding=\"async\" aria-describedby=\"caption-attachment-30643\" class=\"wp-image-30643 \" src=\"https:\/\/recursing-golick.147-182-135-0.plesk.page\/wp-content\/uploads\/2017\/09\/Adventist-Photographers-Cardenas-Cuba-1024x683.jpg\" alt=\"\" width=\"423\" height=\"282\" \/><\/a><p id=\"caption-attachment-30643\" class=\"wp-caption-text\">Les participants \u00e0 la conf\u00e9rence le sabbat 2 septembre 2017. Image de Libna Stevens\/DIA<\/p><\/div>\n<p>La conf\u00e9rence a \u00e9galement offert une opportunit\u00e9 d\u2019organiser une association de photographes Adventistes sur l&rsquo;\u00eele pour mieux soutenir l&rsquo;\u00e9glise dans sa d\u00e9marche de communication des programmes et des activit\u00e9s aupr\u00e8s des membres et des communaut\u00e9s avoisinantes, a expliqu\u00e9 Dayami Rodr\u00edguez.<br \/>\nCarlos Regueiferos a parcouru pr\u00e8s de 700 kilom\u00e8tres depuis sa maison \u00e0 Santiago pour assister \u00e0 la conf\u00e9rence. Carlos Regueiferos, comme beaucoup d&rsquo;autres participants, a d\u00fb faire jusqu\u2019\u00e0 20 heures de route pour assister au programme.<\/p>\n<p>\u00c0 53 ans, Carlos Regueiferos subvient \u00e0 ses besoins et \u00e0 ceux de sa famille en prenant des photos de portrait depuis qu&rsquo;il a re\u00e7u un appareil photo Instamatic \u00e0 la fin des ann\u00e9es 1990. Il a \u00e9conomis\u00e9 de l&rsquo;argent et utilise maintenant un appareil photo num\u00e9rique Nikon qui a aid\u00e9 son entreprise et a contribu\u00e9 \u00e0 documenter la croissance que connaissent deux \u00e9glises Adventistes qu&rsquo;il dirige en tant que premier ancien \u00e0 Santiago de Cuba ainsi que l&rsquo;impact qu\u2019elles cr\u00e9ent dans la communaut\u00e9.<\/p>\n<p>\u00ab Je veux documenter plus de programmes \u00e0 l&rsquo;\u00e9glise, pas seulement avec la photographie, mais avec la vid\u00e9o comme nous avons \u00e9t\u00e9 invit\u00e9s \u00e0 le faire lors de cette conf\u00e9rence, \u00bb a d\u00e9clar\u00e9 Carlos Regueiferos qui aime prendre des photos et qui est passionn\u00e9 par le service \u00e0 l&rsquo;\u00e9glise. Il a fait des plans pour mettre sur pied une \u00e9quipe afin de mieux couvrir les initiatives et les activit\u00e9s de son \u00e9glise et de la communaut\u00e9 qu\u2019elle est amen\u00e9e \u00e0 impacter.<\/p>\n<div id=\"attachment_30649\" style=\"width: 433px\" class=\"wp-caption alignright\"><a href=\"https:\/\/recursing-golick.147-182-135-0.plesk.page\/wp-content\/uploads\/2017\/09\/Carlos-Regueiferos-Cuba.jpg\" rel=\"fancybox\" title=\"En Inter Am\u00e9rique, la premi\u00e8re conf\u00e9rence des photographes Adventistes forme les responsables de communication \u00e0 Cuba\"><img loading=\"lazy\" decoding=\"async\" aria-describedby=\"caption-attachment-30649\" class=\" wp-image-30649\" src=\"https:\/\/recursing-golick.147-182-135-0.plesk.page\/wp-content\/uploads\/2017\/09\/Carlos-Regueiferos-Cuba.jpg\" alt=\"\" width=\"423\" height=\"282\" \/><\/a><p id=\"caption-attachment-30649\" class=\"wp-caption-text\">Regueiferos de Santiago de Cuba a parcouru pr\u00e8s de 700 kilom\u00e8tres pour participer \u00e0 la conf\u00e9rence \u00e0 C\u00e1rdenas. Image de Libna Stevens\/DIA.<\/p><\/div>\n<p>\u00ab Il s&rsquo;agit d&rsquo;utiliser les talents et les outils dont nous disposons pour le bien de l&rsquo;\u00e9glise, \u00bb a-t-il dit. \u00ab Je veux juste continuer d\u2019\u00eatre un instrument pour Dieu et Son \u00e9glise. \u00bb<\/p>\n<p>Parfaire ces talents est ce qui am\u00e8nera l&rsquo;\u00e9glise \u00e0 \u00eatre plus inform\u00e9e \u00e0 travers toute l&rsquo;\u00eele, a d\u00e9clar\u00e9 Dayami Rodr\u00edguez. \u00ab Nous prendrons peut-\u00eatre un peu plus de temps pour communiquer, mais nous disposons d&rsquo;un bon syst\u00e8me de communication \u00e0 travers nos f\u00e9d\u00e9rations et nos \u00e9glises et nous avons le sentiment d\u2019\u00eatre mieux \u00e9quip\u00e9s pour aller de l&rsquo;avant dans le cadre de notre mission qui est de proclamer l&rsquo;esp\u00e9rance et l&rsquo;amour de J\u00e9sus. \u00bb<\/p>\n<p>L&rsquo;Eglise Adventiste \u00e0 Cuba a mis en place un bulletin d\u2019information num\u00e9rique et un bulletin d&rsquo;information imprim\u00e9 qui est distribu\u00e9 avec le manuel d\u2019\u00e9tude trimestriel de l\u2019Ecole du Sabbat dans toute l&rsquo;\u00eele quatre fois par an.<\/p>\n<p>La conf\u00e9rence a \u00e9galement offert l&rsquo;opportunit\u00e9 d\u2019avoir apr\u00e8s le programme, une autre formation dans le domaine des projets de production t\u00e9l\u00e9visuelle \u00e0 travers l&rsquo;\u00eele, a expliqu\u00e9 Abel M\u00e1rquez. Hope Channel Inter-Am\u00e9rique, avec son initiative collaborative visant \u00e0 soutenir les centres audiovisuels dans toute la DIA, pr\u00eate des \u00e9quipements HD au centre audiovisuel de l&rsquo;\u00e9glise \u00e0 La Havane.<\/p>\n<div id=\"attachment_30652\" style=\"width: 435px\" class=\"wp-caption alignleft\"><a href=\"https:\/\/recursing-golick.147-182-135-0.plesk.page\/wp-content\/uploads\/2017\/09\/Cuba-HC-newequipment.jpg\" rel=\"fancybox\" title=\"En Inter Am\u00e9rique, la premi\u00e8re conf\u00e9rence des photographes Adventistes forme les responsables de communication \u00e0 Cuba\"><img loading=\"lazy\" decoding=\"async\" aria-describedby=\"caption-attachment-30652\" class=\" wp-image-30652\" src=\"https:\/\/recursing-golick.147-182-135-0.plesk.page\/wp-content\/uploads\/2017\/09\/Cuba-HC-newequipment.jpg\" alt=\"\" width=\"425\" height=\"323\" \/><\/a><p id=\"caption-attachment-30652\" class=\"wp-caption-text\">Abel M\u00e1rquez (\u00e0 droite) pr\u00e9sente pasteur Aldo Perez, pr\u00e9sident de l\u2019Eglise Adventiste \u00e0 Cuba et son \u00e9pouse Dayami Rodriguez, et le nouveau mat\u00e9riel pour les prochains programmes de Cuba devant \u00eatre diffus\u00e9s sur le r\u00e9seau de Hope Channel Inter Am\u00e9rique. Jorge Diaz (3\u00e8me \u00e0 partir de la gauche) et Lizbeth Elejalde de l\u2019Universit\u00e9 de Montemorelos observent pendant la pr\u00e9sentation. Image de Libna Stevens\/DIA<\/p><\/div>\n<p>Le projet t\u00e9l\u00e9visuel pr\u00e9sentera des r\u00e9cits et des t\u00e9moignages de membres d&rsquo;\u00e9glise \u00e0 Cuba dans une production de type t\u00e9l\u00e9 r\u00e9alit\u00e9 qui sera diffus\u00e9e dans le r\u00e9seau de Hope Channel Inter Am\u00e9rique, a expliqu\u00e9 Abel M\u00e1rquez.<\/p>\n<p>Lors du programme, Sam Neves, directeur adjoint de la communication pour l&rsquo;Eglise Adventiste mondiale, a encourag\u00e9 les photographes Adventistes \u00e0 r\u00e9pondre \u00e0 l&rsquo;appel divin \u00e0 servir l&rsquo;\u00e9glise.<\/p>\n<p>\u00ab Vous devez utiliser votre don pour accomplir la mission que Dieu vous a confi\u00e9e, \u00bb a dit Sam Neves. \u00ab Ne vous croisez pas les bras avec le don que Dieu vous a fait &#8230; vous \u00eates un disciple cr\u00e9atif, utilisez vos dons. \u00bb Sam Neves a encourag\u00e9 les participants \u00e0 partager cette passion et \u00e0 impliquer les jeunes et les enfants \u00e0 l&rsquo;\u00e9glise pour d\u00e9velopper une nouvelle g\u00e9n\u00e9ration de disciples cr\u00e9atifs.<\/p>\n<p>D\u00e9velopper une nouvelle g\u00e9n\u00e9ration de disciples cr\u00e9atifs est ce que pasteur Alexis V\u00e1zquez, 27 ans, du Costa Rica, ram\u00e8nera avec lui apr\u00e8s le programme. Alexis V\u00e1zquez exerce son minist\u00e8re dans trois \u00e9glises et un groupe, il est \u00e9galement directeur de la communication pour l&rsquo;Eglise Adventiste dans le Nord du Costa Rica, o\u00f9, en plus, il aide en tant que webmaster, graphiste et monteur vid\u00e9o. Apprendre \u00e0 conna\u00eetre les besoins technologiques \u00e0 Cuba lui a permis de se rendre compte de la fa\u00e7on dont on consid\u00e8re les choses comme acquises dans son pays.<\/p>\n<div id=\"attachment_30681\" style=\"width: 433px\" class=\"wp-caption alignright\"><a href=\"https:\/\/recursing-golick.147-182-135-0.plesk.page\/wp-content\/uploads\/2017\/09\/SamNeves-Cuba.jpg\" rel=\"fancybox\" title=\"En Inter Am\u00e9rique, la premi\u00e8re conf\u00e9rence des photographes Adventistes forme les responsables de communication \u00e0 Cuba\"><img loading=\"lazy\" decoding=\"async\" aria-describedby=\"caption-attachment-30681\" class=\"wp-image-30681 \" src=\"https:\/\/recursing-golick.147-182-135-0.plesk.page\/wp-content\/uploads\/2017\/09\/SamNeves-Cuba.jpg\" alt=\"\" width=\"423\" height=\"275\" \/><\/a><p id=\"caption-attachment-30681\" class=\"wp-caption-text\">Pasteur Sam Neves, directeur de la communication pour l\u2019Eglise Adventiste mondiale. Image de Gregorio V\u00e1zquez\/DIA<\/p><\/div>\n<p>\u00ab Je veux partager la m\u00eame vision avec les photographes de mon pays afin que l\u2019accent soit mis sur la transmission du message d&rsquo;esp\u00e9rance et de salut \u00e0 travers leurs photographies et leurs vid\u00e9os, \u00bb a dit Alexis V\u00e1zquez, qui \u00e9tait l&rsquo;une des six personnes venues du Costa Rica pour assister \u00e0 la conf\u00e9rence.<\/p>\n<p>\u00ab Ce programme donne le ton pour les prochains programmes comme celui-ci, ce qui cadre avec la strat\u00e9gie d&rsquo;int\u00e9gration et de convergence dans la communication que nous avons mise en place, \u00bb a d\u00e9clar\u00e9 Abel M\u00e1rquez. \u00ab Il s&rsquo;agit de motiver les disciples cr\u00e9atifs \u00e0 utiliser leurs talents professionnels, techniques et cr\u00e9atifs pour accomplir la mission de l&rsquo;\u00e9glise, et proclamer le message en utilisant tous types de moyens de communication. \u00bb<\/p>\n<p>Parmi les intervenants principaux et autres orateurs, on retrouvait : Sam Neves, directeur adjoint de la communication pour l&rsquo;Eglise Adventiste mondiale; Dan Weber, directeur de la communication de la Division Nord-Am\u00e9ricaine; Abel M\u00e1rquez, directeur de la communication et Libna Stevens, directrice adjointe de la communication \u00e0 la DIA; Jorge D\u00edaz et Lizbeth Elejalde, professeurs \u00e0 l&rsquo;Universit\u00e9 de Montemorelos; ainsi que Fabricio Rivera, directeur de la communication pour l&rsquo;Eglise Adventiste au Salvador.<\/p>\n<p>Pour voir des photos de la Conf\u00e9rence des Photographes Adventistes d&rsquo;Inter-Am\u00e9rique, cliquez\u00a0 <a href=\"https:\/\/www.flickr.com\/photos\/interamerica\/albums\/72157688682727875\">ICI<\/a><\/p>\n<p>Traduction: Patrick Luciathe<\/p>\n","protected":false},"excerpt":{"rendered":"<p>Des dizaines d&rsquo;adventistes du septi\u00e8me jour venus de Cuba, d&rsquo;Am\u00e9rique Centrale, du Mexique et de la Cara\u00efbe se sont r\u00e9unis \u00e0 l\u2019occasion de la Conf\u00e9rence des Photographes Adventistes le week-end dernier \u00e0 l&rsquo;\u00e9glise Adventiste de C\u00e1rdenas \u00e0 C\u00e1rdenas, Matanzas, \u00e0 Cuba.<\/p>\n","protected":false},"author":1,"featured_media":36005,"comment_status":"closed","ping_status":"closed","sticky":false,"template":"","format":"standard","meta":{"_acf_changed":false,"footnotes":""},"categories":[20,19],"tags":[],"class_list":["post-36132","post","type-post","status-publish","format-standard","has-post-thumbnail","hentry","category-nouvelles-du-siege-de-la-division","category-rss-francais"],"acf":[],"yoast_head":"<!-- This site is optimized with the Yoast SEO plugin v27.3 - https:\/\/yoast.com\/product\/yoast-seo-wordpress\/ -->\n<title>En Inter Am\u00e9rique, la premi\u00e8re conf\u00e9rence des photographes Adventistes forme les responsables de communication \u00e0 Cuba - \u00c9glise Adventiste Du Septieme Jour - Inter Am\u00e9rique Division<\/title>\n<meta name=\"robots\" content=\"index, follow, max-snippet:-1, max-image-preview:large, max-video-preview:-1\" \/>\n<link rel=\"canonical\" href=\"https:\/\/interamerica.org\/fr\/2017\/09\/en-inter-amerique-la-premiere-conference-des-photographes-adventistes-forme-les-responsables-de-communication-a-cuba\/\" \/>\n<meta property=\"og:locale\" content=\"fr_FR\" \/>\n<meta property=\"og:type\" content=\"article\" \/>\n<meta property=\"og:title\" content=\"En Inter Am\u00e9rique, la premi\u00e8re conf\u00e9rence des photographes Adventistes forme les responsables de communication \u00e0 Cuba - \u00c9glise Adventiste Du Septieme Jour - Inter Am\u00e9rique Division\" \/>\n<meta property=\"og:description\" content=\"Des dizaines d&#039;adventistes du septi\u00e8me jour venus de Cuba, d&#039;Am\u00e9rique Centrale, du Mexique et de la Cara\u00efbe se sont r\u00e9unis \u00e0 l\u2019occasion de la Conf\u00e9rence des Photographes Adventistes le week-end dernier \u00e0 l&#039;\u00e9glise Adventiste de C\u00e1rdenas \u00e0 C\u00e1rdenas, Matanzas, \u00e0 Cuba.\" \/>\n<meta property=\"og:url\" content=\"https:\/\/interamerica.org\/fr\/2017\/09\/en-inter-amerique-la-premiere-conference-des-photographes-adventistes-forme-les-responsables-de-communication-a-cuba\/\" \/>\n<meta property=\"og:site_name\" content=\"\u00c9glise Adventiste Du Septieme Jour - Inter Am\u00e9rique Division\" \/>\n<meta property=\"article:published_time\" content=\"2017-09-08T04:00:00+00:00\" \/>\n<meta property=\"article:modified_time\" content=\"2017-11-17T00:36:58+00:00\" \/>\n<meta property=\"og:image\" content=\"https:\/\/interamerica.org\/wp-content\/uploads\/2017\/11\/Adventist-photographers-group-Cuba.jpg\" \/>\n\t<meta property=\"og:image:width\" content=\"2048\" \/>\n\t<meta property=\"og:image:height\" content=\"1179\" \/>\n\t<meta property=\"og:image:type\" content=\"image\/jpeg\" \/>\n<meta name=\"author\" content=\"Lorenzo Verduzco\" \/>\n<meta name=\"twitter:card\" content=\"summary_large_image\" \/>\n<meta name=\"twitter:label1\" content=\"\u00c9crit par\" \/>\n\t<meta name=\"twitter:data1\" content=\"Lorenzo Verduzco\" \/>\n\t<meta name=\"twitter:label2\" content=\"Dur\u00e9e de lecture estim\u00e9e\" \/>\n\t<meta name=\"twitter:data2\" content=\"8 minutes\" \/>\n<script type=\"application\/ld+json\" class=\"yoast-schema-graph\">{\"@context\":\"https:\\\/\\\/schema.org\",\"@graph\":[{\"@type\":\"Article\",\"@id\":\"https:\\\/\\\/interamerica.org\\\/fr\\\/2017\\\/09\\\/en-inter-amerique-la-premiere-conference-des-photographes-adventistes-forme-les-responsables-de-communication-a-cuba\\\/#article\",\"isPartOf\":{\"@id\":\"https:\\\/\\\/interamerica.org\\\/fr\\\/2017\\\/09\\\/en-inter-amerique-la-premiere-conference-des-photographes-adventistes-forme-les-responsables-de-communication-a-cuba\\\/\"},\"author\":{\"name\":\"Lorenzo Verduzco\",\"@id\":\"https:\\\/\\\/interamerica.org\\\/fr\\\/#\\\/schema\\\/person\\\/68ede8bdc292885bb76c1e3810e73c39\"},\"headline\":\"En Inter Am\u00e9rique, la premi\u00e8re conf\u00e9rence des photographes Adventistes forme les responsables de communication \u00e0 Cuba\",\"datePublished\":\"2017-09-08T04:00:00+00:00\",\"dateModified\":\"2017-11-17T00:36:58+00:00\",\"mainEntityOfPage\":{\"@id\":\"https:\\\/\\\/interamerica.org\\\/fr\\\/2017\\\/09\\\/en-inter-amerique-la-premiere-conference-des-photographes-adventistes-forme-les-responsables-de-communication-a-cuba\\\/\"},\"wordCount\":1658,\"image\":{\"@id\":\"https:\\\/\\\/interamerica.org\\\/fr\\\/2017\\\/09\\\/en-inter-amerique-la-premiere-conference-des-photographes-adventistes-forme-les-responsables-de-communication-a-cuba\\\/#primaryimage\"},\"thumbnailUrl\":\"https:\\\/\\\/interamerica.org\\\/wp-content\\\/uploads\\\/2017\\\/11\\\/Adventist-photographers-group-Cuba.jpg\",\"articleSection\":[\"Nouvelles du si\u00e8ge de la division\",\"RSS Fran\u00e7ais\"],\"inLanguage\":\"fr-FR\"},{\"@type\":\"WebPage\",\"@id\":\"https:\\\/\\\/interamerica.org\\\/fr\\\/2017\\\/09\\\/en-inter-amerique-la-premiere-conference-des-photographes-adventistes-forme-les-responsables-de-communication-a-cuba\\\/\",\"url\":\"https:\\\/\\\/interamerica.org\\\/fr\\\/2017\\\/09\\\/en-inter-amerique-la-premiere-conference-des-photographes-adventistes-forme-les-responsables-de-communication-a-cuba\\\/\",\"name\":\"En Inter Am\u00e9rique, la premi\u00e8re conf\u00e9rence des photographes Adventistes forme les responsables de communication \u00e0 Cuba - \u00c9glise Adventiste Du Septieme Jour - Inter Am\u00e9rique Division\",\"isPartOf\":{\"@id\":\"https:\\\/\\\/interamerica.org\\\/fr\\\/#website\"},\"primaryImageOfPage\":{\"@id\":\"https:\\\/\\\/interamerica.org\\\/fr\\\/2017\\\/09\\\/en-inter-amerique-la-premiere-conference-des-photographes-adventistes-forme-les-responsables-de-communication-a-cuba\\\/#primaryimage\"},\"image\":{\"@id\":\"https:\\\/\\\/interamerica.org\\\/fr\\\/2017\\\/09\\\/en-inter-amerique-la-premiere-conference-des-photographes-adventistes-forme-les-responsables-de-communication-a-cuba\\\/#primaryimage\"},\"thumbnailUrl\":\"https:\\\/\\\/interamerica.org\\\/wp-content\\\/uploads\\\/2017\\\/11\\\/Adventist-photographers-group-Cuba.jpg\",\"datePublished\":\"2017-09-08T04:00:00+00:00\",\"dateModified\":\"2017-11-17T00:36:58+00:00\",\"author\":{\"@id\":\"https:\\\/\\\/interamerica.org\\\/fr\\\/#\\\/schema\\\/person\\\/68ede8bdc292885bb76c1e3810e73c39\"},\"breadcrumb\":{\"@id\":\"https:\\\/\\\/interamerica.org\\\/fr\\\/2017\\\/09\\\/en-inter-amerique-la-premiere-conference-des-photographes-adventistes-forme-les-responsables-de-communication-a-cuba\\\/#breadcrumb\"},\"inLanguage\":\"fr-FR\",\"potentialAction\":[{\"@type\":\"ReadAction\",\"target\":[\"https:\\\/\\\/interamerica.org\\\/fr\\\/2017\\\/09\\\/en-inter-amerique-la-premiere-conference-des-photographes-adventistes-forme-les-responsables-de-communication-a-cuba\\\/\"]}]},{\"@type\":\"ImageObject\",\"inLanguage\":\"fr-FR\",\"@id\":\"https:\\\/\\\/interamerica.org\\\/fr\\\/2017\\\/09\\\/en-inter-amerique-la-premiere-conference-des-photographes-adventistes-forme-les-responsables-de-communication-a-cuba\\\/#primaryimage\",\"url\":\"https:\\\/\\\/interamerica.org\\\/wp-content\\\/uploads\\\/2017\\\/11\\\/Adventist-photographers-group-Cuba.jpg\",\"contentUrl\":\"https:\\\/\\\/interamerica.org\\\/wp-content\\\/uploads\\\/2017\\\/11\\\/Adventist-photographers-group-Cuba.jpg\",\"width\":2048,\"height\":1179},{\"@type\":\"BreadcrumbList\",\"@id\":\"https:\\\/\\\/interamerica.org\\\/fr\\\/2017\\\/09\\\/en-inter-amerique-la-premiere-conference-des-photographes-adventistes-forme-les-responsables-de-communication-a-cuba\\\/#breadcrumb\",\"itemListElement\":[{\"@type\":\"ListItem\",\"position\":1,\"name\":\"Home\",\"item\":\"https:\\\/\\\/interamerica.org\\\/fr\\\/\"},{\"@type\":\"ListItem\",\"position\":2,\"name\":\"En Inter Am\u00e9rique, la premi\u00e8re conf\u00e9rence des photographes Adventistes forme les responsables de communication \u00e0 Cuba\"}]},{\"@type\":\"WebSite\",\"@id\":\"https:\\\/\\\/interamerica.org\\\/fr\\\/#website\",\"url\":\"https:\\\/\\\/interamerica.org\\\/fr\\\/\",\"name\":\"\u00c9glise Adventiste Du Septieme Jour - Inter Am\u00e9rique Division\",\"description\":\"\",\"potentialAction\":[{\"@type\":\"SearchAction\",\"target\":{\"@type\":\"EntryPoint\",\"urlTemplate\":\"https:\\\/\\\/interamerica.org\\\/fr\\\/?s={search_term_string}\"},\"query-input\":{\"@type\":\"PropertyValueSpecification\",\"valueRequired\":true,\"valueName\":\"search_term_string\"}}],\"inLanguage\":\"fr-FR\"},{\"@type\":\"Person\",\"@id\":\"https:\\\/\\\/interamerica.org\\\/fr\\\/#\\\/schema\\\/person\\\/68ede8bdc292885bb76c1e3810e73c39\",\"name\":\"Lorenzo Verduzco\",\"image\":{\"@type\":\"ImageObject\",\"inLanguage\":\"fr-FR\",\"@id\":\"https:\\\/\\\/secure.gravatar.com\\\/avatar\\\/fb81a55b6218459490a9c1dc841a34909185b81904c5337b4b27f7a6fd60c49e?s=96&d=mm&r=g\",\"url\":\"https:\\\/\\\/secure.gravatar.com\\\/avatar\\\/fb81a55b6218459490a9c1dc841a34909185b81904c5337b4b27f7a6fd60c49e?s=96&d=mm&r=g\",\"contentUrl\":\"https:\\\/\\\/secure.gravatar.com\\\/avatar\\\/fb81a55b6218459490a9c1dc841a34909185b81904c5337b4b27f7a6fd60c49e?s=96&d=mm&r=g\",\"caption\":\"Lorenzo Verduzco\"}}]}<\/script>\n<!-- \/ Yoast SEO plugin. -->","yoast_head_json":{"title":"En Inter Am\u00e9rique, la premi\u00e8re conf\u00e9rence des photographes Adventistes forme les responsables de communication \u00e0 Cuba - \u00c9glise Adventiste Du Septieme Jour - Inter Am\u00e9rique Division","robots":{"index":"index","follow":"follow","max-snippet":"max-snippet:-1","max-image-preview":"max-image-preview:large","max-video-preview":"max-video-preview:-1"},"canonical":"https:\/\/interamerica.org\/fr\/2017\/09\/en-inter-amerique-la-premiere-conference-des-photographes-adventistes-forme-les-responsables-de-communication-a-cuba\/","og_locale":"fr_FR","og_type":"article","og_title":"En Inter Am\u00e9rique, la premi\u00e8re conf\u00e9rence des photographes Adventistes forme les responsables de communication \u00e0 Cuba - \u00c9glise Adventiste Du Septieme Jour - Inter Am\u00e9rique Division","og_description":"Des dizaines d'adventistes du septi\u00e8me jour venus de Cuba, d'Am\u00e9rique Centrale, du Mexique et de la Cara\u00efbe se sont r\u00e9unis \u00e0 l\u2019occasion de la Conf\u00e9rence des Photographes Adventistes le week-end dernier \u00e0 l'\u00e9glise Adventiste de C\u00e1rdenas \u00e0 C\u00e1rdenas, Matanzas, \u00e0 Cuba.","og_url":"https:\/\/interamerica.org\/fr\/2017\/09\/en-inter-amerique-la-premiere-conference-des-photographes-adventistes-forme-les-responsables-de-communication-a-cuba\/","og_site_name":"\u00c9glise Adventiste Du Septieme Jour - Inter Am\u00e9rique Division","article_published_time":"2017-09-08T04:00:00+00:00","article_modified_time":"2017-11-17T00:36:58+00:00","og_image":[{"width":2048,"height":1179,"url":"https:\/\/interamerica.org\/wp-content\/uploads\/2017\/11\/Adventist-photographers-group-Cuba.jpg","type":"image\/jpeg"}],"author":"Lorenzo Verduzco","twitter_card":"summary_large_image","twitter_misc":{"\u00c9crit par":"Lorenzo Verduzco","Dur\u00e9e de lecture estim\u00e9e":"8 minutes"},"schema":{"@context":"https:\/\/schema.org","@graph":[{"@type":"Article","@id":"https:\/\/interamerica.org\/fr\/2017\/09\/en-inter-amerique-la-premiere-conference-des-photographes-adventistes-forme-les-responsables-de-communication-a-cuba\/#article","isPartOf":{"@id":"https:\/\/interamerica.org\/fr\/2017\/09\/en-inter-amerique-la-premiere-conference-des-photographes-adventistes-forme-les-responsables-de-communication-a-cuba\/"},"author":{"name":"Lorenzo Verduzco","@id":"https:\/\/interamerica.org\/fr\/#\/schema\/person\/68ede8bdc292885bb76c1e3810e73c39"},"headline":"En Inter Am\u00e9rique, la premi\u00e8re conf\u00e9rence des photographes Adventistes forme les responsables de communication \u00e0 Cuba","datePublished":"2017-09-08T04:00:00+00:00","dateModified":"2017-11-17T00:36:58+00:00","mainEntityOfPage":{"@id":"https:\/\/interamerica.org\/fr\/2017\/09\/en-inter-amerique-la-premiere-conference-des-photographes-adventistes-forme-les-responsables-de-communication-a-cuba\/"},"wordCount":1658,"image":{"@id":"https:\/\/interamerica.org\/fr\/2017\/09\/en-inter-amerique-la-premiere-conference-des-photographes-adventistes-forme-les-responsables-de-communication-a-cuba\/#primaryimage"},"thumbnailUrl":"https:\/\/interamerica.org\/wp-content\/uploads\/2017\/11\/Adventist-photographers-group-Cuba.jpg","articleSection":["Nouvelles du si\u00e8ge de la division","RSS Fran\u00e7ais"],"inLanguage":"fr-FR"},{"@type":"WebPage","@id":"https:\/\/interamerica.org\/fr\/2017\/09\/en-inter-amerique-la-premiere-conference-des-photographes-adventistes-forme-les-responsables-de-communication-a-cuba\/","url":"https:\/\/interamerica.org\/fr\/2017\/09\/en-inter-amerique-la-premiere-conference-des-photographes-adventistes-forme-les-responsables-de-communication-a-cuba\/","name":"En Inter Am\u00e9rique, la premi\u00e8re conf\u00e9rence des photographes Adventistes forme les responsables de communication \u00e0 Cuba - \u00c9glise Adventiste Du Septieme Jour - Inter Am\u00e9rique Division","isPartOf":{"@id":"https:\/\/interamerica.org\/fr\/#website"},"primaryImageOfPage":{"@id":"https:\/\/interamerica.org\/fr\/2017\/09\/en-inter-amerique-la-premiere-conference-des-photographes-adventistes-forme-les-responsables-de-communication-a-cuba\/#primaryimage"},"image":{"@id":"https:\/\/interamerica.org\/fr\/2017\/09\/en-inter-amerique-la-premiere-conference-des-photographes-adventistes-forme-les-responsables-de-communication-a-cuba\/#primaryimage"},"thumbnailUrl":"https:\/\/interamerica.org\/wp-content\/uploads\/2017\/11\/Adventist-photographers-group-Cuba.jpg","datePublished":"2017-09-08T04:00:00+00:00","dateModified":"2017-11-17T00:36:58+00:00","author":{"@id":"https:\/\/interamerica.org\/fr\/#\/schema\/person\/68ede8bdc292885bb76c1e3810e73c39"},"breadcrumb":{"@id":"https:\/\/interamerica.org\/fr\/2017\/09\/en-inter-amerique-la-premiere-conference-des-photographes-adventistes-forme-les-responsables-de-communication-a-cuba\/#breadcrumb"},"inLanguage":"fr-FR","potentialAction":[{"@type":"ReadAction","target":["https:\/\/interamerica.org\/fr\/2017\/09\/en-inter-amerique-la-premiere-conference-des-photographes-adventistes-forme-les-responsables-de-communication-a-cuba\/"]}]},{"@type":"ImageObject","inLanguage":"fr-FR","@id":"https:\/\/interamerica.org\/fr\/2017\/09\/en-inter-amerique-la-premiere-conference-des-photographes-adventistes-forme-les-responsables-de-communication-a-cuba\/#primaryimage","url":"https:\/\/interamerica.org\/wp-content\/uploads\/2017\/11\/Adventist-photographers-group-Cuba.jpg","contentUrl":"https:\/\/interamerica.org\/wp-content\/uploads\/2017\/11\/Adventist-photographers-group-Cuba.jpg","width":2048,"height":1179},{"@type":"BreadcrumbList","@id":"https:\/\/interamerica.org\/fr\/2017\/09\/en-inter-amerique-la-premiere-conference-des-photographes-adventistes-forme-les-responsables-de-communication-a-cuba\/#breadcrumb","itemListElement":[{"@type":"ListItem","position":1,"name":"Home","item":"https:\/\/interamerica.org\/fr\/"},{"@type":"ListItem","position":2,"name":"En Inter Am\u00e9rique, la premi\u00e8re conf\u00e9rence des photographes Adventistes forme les responsables de communication \u00e0 Cuba"}]},{"@type":"WebSite","@id":"https:\/\/interamerica.org\/fr\/#website","url":"https:\/\/interamerica.org\/fr\/","name":"\u00c9glise Adventiste Du Septieme Jour - Inter Am\u00e9rique Division","description":"","potentialAction":[{"@type":"SearchAction","target":{"@type":"EntryPoint","urlTemplate":"https:\/\/interamerica.org\/fr\/?s={search_term_string}"},"query-input":{"@type":"PropertyValueSpecification","valueRequired":true,"valueName":"search_term_string"}}],"inLanguage":"fr-FR"},{"@type":"Person","@id":"https:\/\/interamerica.org\/fr\/#\/schema\/person\/68ede8bdc292885bb76c1e3810e73c39","name":"Lorenzo Verduzco","image":{"@type":"ImageObject","inLanguage":"fr-FR","@id":"https:\/\/secure.gravatar.com\/avatar\/fb81a55b6218459490a9c1dc841a34909185b81904c5337b4b27f7a6fd60c49e?s=96&d=mm&r=g","url":"https:\/\/secure.gravatar.com\/avatar\/fb81a55b6218459490a9c1dc841a34909185b81904c5337b4b27f7a6fd60c49e?s=96&d=mm&r=g","contentUrl":"https:\/\/secure.gravatar.com\/avatar\/fb81a55b6218459490a9c1dc841a34909185b81904c5337b4b27f7a6fd60c49e?s=96&d=mm&r=g","caption":"Lorenzo Verduzco"}}]}},"_links":{"self":[{"href":"https:\/\/interamerica.org\/fr\/wp-json\/wp\/v2\/posts\/36132","targetHints":{"allow":["GET"]}}],"collection":[{"href":"https:\/\/interamerica.org\/fr\/wp-json\/wp\/v2\/posts"}],"about":[{"href":"https:\/\/interamerica.org\/fr\/wp-json\/wp\/v2\/types\/post"}],"author":[{"embeddable":true,"href":"https:\/\/interamerica.org\/fr\/wp-json\/wp\/v2\/users\/1"}],"replies":[{"embeddable":true,"href":"https:\/\/interamerica.org\/fr\/wp-json\/wp\/v2\/comments?post=36132"}],"version-history":[{"count":0,"href":"https:\/\/interamerica.org\/fr\/wp-json\/wp\/v2\/posts\/36132\/revisions"}],"wp:featuredmedia":[{"embeddable":true,"href":"https:\/\/interamerica.org\/fr\/wp-json\/wp\/v2\/media\/36005"}],"wp:attachment":[{"href":"https:\/\/interamerica.org\/fr\/wp-json\/wp\/v2\/media?parent=36132"}],"wp:term":[{"taxonomy":"category","embeddable":true,"href":"https:\/\/interamerica.org\/fr\/wp-json\/wp\/v2\/categories?post=36132"},{"taxonomy":"post_tag","embeddable":true,"href":"https:\/\/interamerica.org\/fr\/wp-json\/wp\/v2\/tags?post=36132"}],"curies":[{"name":"wp","href":"https:\/\/api.w.org\/{rel}","templated":true}]}}