{"id":38444,"date":"2018-01-30T00:00:00","date_gmt":"2018-01-30T04:00:00","guid":{"rendered":"http:\/\/192.81.217.108\/2018\/01\/le-siege-de-la-division-inter-americaine-devoilera-bientot-une-nouvelle-page-web\/"},"modified":"2018-02-20T14:39:55","modified_gmt":"2018-02-20T18:39:55","slug":"le-siege-de-la-division-inter-americaine-devoilera-bientot-une-nouvelle-page-web","status":"publish","type":"post","link":"https:\/\/interamerica.org\/fr\/2018\/01\/le-siege-de-la-division-inter-americaine-devoilera-bientot-une-nouvelle-page-web\/","title":{"rendered":"Le si\u00e8ge de la Division Inter Am\u00e9ricaine d\u00e9voilera bient\u00f4t une nouvelle page Web"},"content":{"rendered":"<div id=\"attachment_33158\" style=\"width: 652px\" class=\"wp-caption aligncenter\"><a href=\"https:\/\/recursing-golick.147-182-135-0.plesk.page\/wp-content\/uploads\/2018\/01\/Screen-Shot-2018-01-29-at-7.35.01-PM.png\" rel=\"fancybox\" title=\"Le si\u00e8ge de la Division Inter Am\u00e9ricaine d\u00e9voilera bient\u00f4t une nouvelle page Web\"><img fetchpriority=\"high\" decoding=\"async\" aria-describedby=\"caption-attachment-33158\" class=\" wp-image-33158\" src=\"https:\/\/recursing-golick.147-182-135-0.plesk.page\/wp-content\/uploads\/2018\/01\/Screen-Shot-2018-01-29-at-7.35.01-PM.png\" alt=\"\" width=\"642\" height=\"742\" \/><\/a><p id=\"caption-attachment-33158\" class=\"wp-caption-text\">Aper\u00e7u de la section ressources du nouveau site Web que la Division Inter Am\u00e9ricaine lancera en mars.<\/p><\/div>\n<p>30 janvier 2018 | Miami, Floride, \u00c9tats-Unis | Libna Stevens \/ DIA<\/p>\n<p>Les pasteurs Adventistes du Septi\u00e8me Jour, les dirigeants et les responsables de communication ont eu un aper\u00e7u la semaine derni\u00e8re du nouveau site web que le d\u00e9partement de la communication de la Division Inter Am\u00e9ricaine lancera bient\u00f4t.<\/p>\n<p>L\u2019aper\u00e7u du site Web a \u00e9t\u00e9 pr\u00e9sent\u00e9 lors d\u2019un programme CommSessions. Le nouveau site Web continuera \u00e0 pr\u00e9senter des informations, plus de r\u00e9cits, plus de ressources, le tout adapt\u00e9 au dernier syst\u00e8me d\u2019instructions sur l\u2019identit\u00e9 de l\u2019\u00e9glise.<\/p>\n<p>CommSessions est une s\u00e9rie de conf\u00e9rences destin\u00e9e aux pasteurs et aux dirigeants d\u2019\u00e9glise \u00e0 travers l\u2019Inter Am\u00e9rique ; le programme a lieu tous les trois mois et porte sur l\u2019innovation, la cr\u00e9ativit\u00e9 et la collaboration.<\/p>\n<div id=\"attachment_33155\" style=\"width: 454px\" class=\"wp-caption alignright\"><a href=\"https:\/\/recursing-golick.147-182-135-0.plesk.page\/wp-content\/uploads\/2018\/01\/AbelMarquez-commsessions2018.jpg\" rel=\"fancybox\" title=\"Le si\u00e8ge de la Division Inter Am\u00e9ricaine d\u00e9voilera bient\u00f4t une nouvelle page Web\"><img decoding=\"async\" aria-describedby=\"caption-attachment-33155\" class=\" wp-image-33155\" src=\"https:\/\/recursing-golick.147-182-135-0.plesk.page\/wp-content\/uploads\/2018\/01\/AbelMarquez-commsessions2018.jpg\" alt=\"\" width=\"444\" height=\"277\" \/><\/a><p id=\"caption-attachment-33155\" class=\"wp-caption-text\">Abel M\u00e1rquez, directeur de la communication pour l\u2019Eglise Adventiste en Inter-Am\u00e9rique, partage autour du d\u00e9veloppement du nouveau site web lors d\u2019une s\u00e9ance en ligne de Commsessions le 25 janvier 2018, au si\u00e8ge de la DIA \u00e0 Miami, en Floride. Image de Libna Stevens \/ DIA<\/p><\/div>\n<p>\u00ab Nous avons pens\u00e9 qu\u2019il \u00e9tait important de saisir l\u2019opportunit\u00e9 de montrer \u00e0 nos dirigeants d\u2019\u00e9glise sur l\u2019ensemble du territoire, les possibles plateformes digitales du nouveau site avec une approche plus conceptuelle que technique adapt\u00e9e \u00e0 l\u2019\u00e9poque actuelle, \u00bb a d\u00e9clar\u00e9 Abel M\u00e1rquez, directeur de la communication de l\u2019Eglise Adventiste en Inter Am\u00e9rique.<\/p>\n<p>Il y aura de nouvelles ressources compl\u00e8tes pour soutenir les initiatives et les activit\u00e9s men\u00e9es par les diff\u00e9rents d\u00e9partements et minist\u00e8res de l\u2019\u00e9glise, a ajout\u00e9 Abel M\u00e1rquez.<\/p>\n<p>Les responsables de la communicateurs et les technologues ont \u00e9galement expliqu\u00e9 les nouvelles mesures en mati\u00e8re de cyber s\u00e9curit\u00e9 incluses dans le site Web, les nouveaux formats de contenu, sa conception visuelle conviviale et la nouvelle collaboration au sein du territoire r\u00e9gional de l\u2019Inter Am\u00e9rique destin\u00e9e \u00e0 g\u00e9n\u00e9rer plus de contenu.<\/p>\n<p>D\u2019apr\u00e8s Abel M\u00e1rquez, les d\u00e9veloppeurs de logiciels du site web continueront \u00e0 faire des ajustements au cours du mois et pr\u00e9parent le lancement de la nouvelle page Web pour les premi\u00e8res semaines du mois de mars.<\/p>\n<p>Pour en savoir plus sur l\u2019Eglise Adventiste du Septi\u00e8me Jour en Inter Am\u00e9rique, visitez-nous \u00e0 l\u2019adresse <a href=\"https:\/\/recursing-golick.147-182-135-0.plesk.page\">interamerica.org<\/a><\/p>\n<p>Pour regarder le CommSession du 25 janvier, cliquez <a href=\"mailto:https:\/\/www.youtube.com\/watch%3Fv=1jhmENPsO6s\">ICI<\/a> pour la version en anglais<\/p>\n<p>Espagnol: <a href=\"mailto:https:\/\/webcast.interamerica.org\/espanol\">ICI<\/a><\/p>\n<p>Fran\u00e7ais: <a href=\"mailto:https:\/\/www.youtube.com\/watch%3Fv=2SoU1rb2Fh0\">ICI<\/a><\/p>\n<p>Traduction: Patrick Luciathe<\/p>\n","protected":false},"excerpt":{"rendered":"<p>Les pasteurs Adventistes du Septi\u00e8me Jour, les dirigeants et les responsables de communication ont eu un aper\u00e7u la semaine derni\u00e8re du nouveau site web que le d\u00e9partement de la communication de la Division Inter Am\u00e9ricaine lancera bient\u00f4t.<\/p>\n<p>L\u2019aper\u00e7u du site Web a \u00e9t\u00e9 pr\u00e9sent\u00e9 lors d\u2019un programme CommSessions. Le nouveau site Web continuera \u00e0 pr\u00e9senter des informations, plus de r\u00e9cits, plus de ressources, le tout adapt\u00e9 au dernier syst\u00e8me d\u2019instructions sur l\u2019identit\u00e9 de l\u2019\u00e9glise.<\/p>\n","protected":false},"author":1,"featured_media":38357,"comment_status":"closed","ping_status":"closed","sticky":false,"template":"","format":"standard","meta":{"_acf_changed":false,"footnotes":""},"categories":[20,19],"tags":[],"class_list":["post-38444","post","type-post","status-publish","format-standard","has-post-thumbnail","hentry","category-nouvelles-du-siege-de-la-division","category-rss-francais"],"acf":[],"yoast_head":"<!-- This site is optimized with the Yoast SEO plugin v27.3 - https:\/\/yoast.com\/product\/yoast-seo-wordpress\/ -->\n<title>Le si\u00e8ge de la Division Inter Am\u00e9ricaine d\u00e9voilera bient\u00f4t une nouvelle page Web - \u00c9glise Adventiste Du Septieme Jour - Inter Am\u00e9rique Division<\/title>\n<meta name=\"robots\" content=\"index, follow, max-snippet:-1, max-image-preview:large, max-video-preview:-1\" \/>\n<link rel=\"canonical\" href=\"https:\/\/interamerica.org\/fr\/2018\/01\/le-siege-de-la-division-inter-americaine-devoilera-bientot-une-nouvelle-page-web\/\" \/>\n<meta property=\"og:locale\" content=\"fr_FR\" \/>\n<meta property=\"og:type\" content=\"article\" \/>\n<meta property=\"og:title\" content=\"Le si\u00e8ge de la Division Inter Am\u00e9ricaine d\u00e9voilera bient\u00f4t une nouvelle page Web - \u00c9glise Adventiste Du Septieme Jour - Inter Am\u00e9rique Division\" \/>\n<meta property=\"og:description\" content=\"Les pasteurs Adventistes du Septi\u00e8me Jour, les dirigeants et les responsables de communication ont eu un aper\u00e7u la semaine derni\u00e8re du nouveau site web que le d\u00e9partement de la communication de la Division Inter Am\u00e9ricaine lancera bient\u00f4t.  L\u2019aper\u00e7u du site Web a \u00e9t\u00e9 pr\u00e9sent\u00e9 lors d\u2019un programme CommSessions. Le nouveau site Web continuera \u00e0 pr\u00e9senter des informations, plus de r\u00e9cits, plus de ressources, le tout adapt\u00e9 au dernier syst\u00e8me d\u2019instructions sur l\u2019identit\u00e9 de l\u2019\u00e9glise.\" \/>\n<meta property=\"og:url\" content=\"https:\/\/interamerica.org\/fr\/2018\/01\/le-siege-de-la-division-inter-americaine-devoilera-bientot-une-nouvelle-page-web\/\" \/>\n<meta property=\"og:site_name\" content=\"\u00c9glise Adventiste Du Septieme Jour - Inter Am\u00e9rique Division\" \/>\n<meta property=\"article:published_time\" content=\"2018-01-30T04:00:00+00:00\" \/>\n<meta property=\"article:modified_time\" content=\"2018-02-20T18:39:55+00:00\" \/>\n<meta property=\"og:image\" content=\"https:\/\/interamerica.org\/wp-content\/uploads\/2018\/02\/screen-shot-2018-01-29-at-73501-pm.png\" \/>\n\t<meta property=\"og:image:width\" content=\"1164\" \/>\n\t<meta property=\"og:image:height\" content=\"1346\" \/>\n\t<meta property=\"og:image:type\" content=\"image\/png\" \/>\n<meta name=\"author\" content=\"Lorenzo Verduzco\" \/>\n<meta name=\"twitter:card\" content=\"summary_large_image\" \/>\n<meta name=\"twitter:label1\" content=\"\u00c9crit par\" \/>\n\t<meta name=\"twitter:data1\" content=\"Lorenzo Verduzco\" \/>\n\t<meta name=\"twitter:label2\" content=\"Dur\u00e9e de lecture estim\u00e9e\" \/>\n\t<meta name=\"twitter:data2\" content=\"2 minutes\" \/>\n<script type=\"application\/ld+json\" class=\"yoast-schema-graph\">{\"@context\":\"https:\\\/\\\/schema.org\",\"@graph\":[{\"@type\":\"Article\",\"@id\":\"https:\\\/\\\/interamerica.org\\\/fr\\\/2018\\\/01\\\/le-siege-de-la-division-inter-americaine-devoilera-bientot-une-nouvelle-page-web\\\/#article\",\"isPartOf\":{\"@id\":\"https:\\\/\\\/interamerica.org\\\/fr\\\/2018\\\/01\\\/le-siege-de-la-division-inter-americaine-devoilera-bientot-une-nouvelle-page-web\\\/\"},\"author\":{\"name\":\"Lorenzo Verduzco\",\"@id\":\"https:\\\/\\\/interamerica.org\\\/fr\\\/#\\\/schema\\\/person\\\/68ede8bdc292885bb76c1e3810e73c39\"},\"headline\":\"Le si\u00e8ge de la Division Inter Am\u00e9ricaine d\u00e9voilera bient\u00f4t une nouvelle page Web\",\"datePublished\":\"2018-01-30T04:00:00+00:00\",\"dateModified\":\"2018-02-20T18:39:55+00:00\",\"mainEntityOfPage\":{\"@id\":\"https:\\\/\\\/interamerica.org\\\/fr\\\/2018\\\/01\\\/le-siege-de-la-division-inter-americaine-devoilera-bientot-une-nouvelle-page-web\\\/\"},\"wordCount\":470,\"image\":{\"@id\":\"https:\\\/\\\/interamerica.org\\\/fr\\\/2018\\\/01\\\/le-siege-de-la-division-inter-americaine-devoilera-bientot-une-nouvelle-page-web\\\/#primaryimage\"},\"thumbnailUrl\":\"https:\\\/\\\/interamerica.org\\\/wp-content\\\/uploads\\\/2018\\\/02\\\/screen-shot-2018-01-29-at-73501-pm.png\",\"articleSection\":[\"Nouvelles du si\u00e8ge de la division\",\"RSS Fran\u00e7ais\"],\"inLanguage\":\"fr-FR\"},{\"@type\":\"WebPage\",\"@id\":\"https:\\\/\\\/interamerica.org\\\/fr\\\/2018\\\/01\\\/le-siege-de-la-division-inter-americaine-devoilera-bientot-une-nouvelle-page-web\\\/\",\"url\":\"https:\\\/\\\/interamerica.org\\\/fr\\\/2018\\\/01\\\/le-siege-de-la-division-inter-americaine-devoilera-bientot-une-nouvelle-page-web\\\/\",\"name\":\"Le si\u00e8ge de la Division Inter Am\u00e9ricaine d\u00e9voilera bient\u00f4t une nouvelle page Web - \u00c9glise Adventiste Du Septieme Jour - Inter Am\u00e9rique Division\",\"isPartOf\":{\"@id\":\"https:\\\/\\\/interamerica.org\\\/fr\\\/#website\"},\"primaryImageOfPage\":{\"@id\":\"https:\\\/\\\/interamerica.org\\\/fr\\\/2018\\\/01\\\/le-siege-de-la-division-inter-americaine-devoilera-bientot-une-nouvelle-page-web\\\/#primaryimage\"},\"image\":{\"@id\":\"https:\\\/\\\/interamerica.org\\\/fr\\\/2018\\\/01\\\/le-siege-de-la-division-inter-americaine-devoilera-bientot-une-nouvelle-page-web\\\/#primaryimage\"},\"thumbnailUrl\":\"https:\\\/\\\/interamerica.org\\\/wp-content\\\/uploads\\\/2018\\\/02\\\/screen-shot-2018-01-29-at-73501-pm.png\",\"datePublished\":\"2018-01-30T04:00:00+00:00\",\"dateModified\":\"2018-02-20T18:39:55+00:00\",\"author\":{\"@id\":\"https:\\\/\\\/interamerica.org\\\/fr\\\/#\\\/schema\\\/person\\\/68ede8bdc292885bb76c1e3810e73c39\"},\"breadcrumb\":{\"@id\":\"https:\\\/\\\/interamerica.org\\\/fr\\\/2018\\\/01\\\/le-siege-de-la-division-inter-americaine-devoilera-bientot-une-nouvelle-page-web\\\/#breadcrumb\"},\"inLanguage\":\"fr-FR\",\"potentialAction\":[{\"@type\":\"ReadAction\",\"target\":[\"https:\\\/\\\/interamerica.org\\\/fr\\\/2018\\\/01\\\/le-siege-de-la-division-inter-americaine-devoilera-bientot-une-nouvelle-page-web\\\/\"]}]},{\"@type\":\"ImageObject\",\"inLanguage\":\"fr-FR\",\"@id\":\"https:\\\/\\\/interamerica.org\\\/fr\\\/2018\\\/01\\\/le-siege-de-la-division-inter-americaine-devoilera-bientot-une-nouvelle-page-web\\\/#primaryimage\",\"url\":\"https:\\\/\\\/interamerica.org\\\/wp-content\\\/uploads\\\/2018\\\/02\\\/screen-shot-2018-01-29-at-73501-pm.png\",\"contentUrl\":\"https:\\\/\\\/interamerica.org\\\/wp-content\\\/uploads\\\/2018\\\/02\\\/screen-shot-2018-01-29-at-73501-pm.png\",\"width\":1164,\"height\":1346},{\"@type\":\"BreadcrumbList\",\"@id\":\"https:\\\/\\\/interamerica.org\\\/fr\\\/2018\\\/01\\\/le-siege-de-la-division-inter-americaine-devoilera-bientot-une-nouvelle-page-web\\\/#breadcrumb\",\"itemListElement\":[{\"@type\":\"ListItem\",\"position\":1,\"name\":\"Home\",\"item\":\"https:\\\/\\\/interamerica.org\\\/fr\\\/\"},{\"@type\":\"ListItem\",\"position\":2,\"name\":\"Le si\u00e8ge de la Division Inter Am\u00e9ricaine d\u00e9voilera bient\u00f4t une nouvelle page Web\"}]},{\"@type\":\"WebSite\",\"@id\":\"https:\\\/\\\/interamerica.org\\\/fr\\\/#website\",\"url\":\"https:\\\/\\\/interamerica.org\\\/fr\\\/\",\"name\":\"\u00c9glise Adventiste Du Septieme Jour - Inter Am\u00e9rique Division\",\"description\":\"\",\"potentialAction\":[{\"@type\":\"SearchAction\",\"target\":{\"@type\":\"EntryPoint\",\"urlTemplate\":\"https:\\\/\\\/interamerica.org\\\/fr\\\/?s={search_term_string}\"},\"query-input\":{\"@type\":\"PropertyValueSpecification\",\"valueRequired\":true,\"valueName\":\"search_term_string\"}}],\"inLanguage\":\"fr-FR\"},{\"@type\":\"Person\",\"@id\":\"https:\\\/\\\/interamerica.org\\\/fr\\\/#\\\/schema\\\/person\\\/68ede8bdc292885bb76c1e3810e73c39\",\"name\":\"Lorenzo Verduzco\",\"image\":{\"@type\":\"ImageObject\",\"inLanguage\":\"fr-FR\",\"@id\":\"https:\\\/\\\/secure.gravatar.com\\\/avatar\\\/fb81a55b6218459490a9c1dc841a34909185b81904c5337b4b27f7a6fd60c49e?s=96&d=mm&r=g\",\"url\":\"https:\\\/\\\/secure.gravatar.com\\\/avatar\\\/fb81a55b6218459490a9c1dc841a34909185b81904c5337b4b27f7a6fd60c49e?s=96&d=mm&r=g\",\"contentUrl\":\"https:\\\/\\\/secure.gravatar.com\\\/avatar\\\/fb81a55b6218459490a9c1dc841a34909185b81904c5337b4b27f7a6fd60c49e?s=96&d=mm&r=g\",\"caption\":\"Lorenzo Verduzco\"}}]}<\/script>\n<!-- \/ Yoast SEO plugin. -->","yoast_head_json":{"title":"Le si\u00e8ge de la Division Inter Am\u00e9ricaine d\u00e9voilera bient\u00f4t une nouvelle page Web - \u00c9glise Adventiste Du Septieme Jour - Inter Am\u00e9rique Division","robots":{"index":"index","follow":"follow","max-snippet":"max-snippet:-1","max-image-preview":"max-image-preview:large","max-video-preview":"max-video-preview:-1"},"canonical":"https:\/\/interamerica.org\/fr\/2018\/01\/le-siege-de-la-division-inter-americaine-devoilera-bientot-une-nouvelle-page-web\/","og_locale":"fr_FR","og_type":"article","og_title":"Le si\u00e8ge de la Division Inter Am\u00e9ricaine d\u00e9voilera bient\u00f4t une nouvelle page Web - \u00c9glise Adventiste Du Septieme Jour - Inter Am\u00e9rique Division","og_description":"Les pasteurs Adventistes du Septi\u00e8me Jour, les dirigeants et les responsables de communication ont eu un aper\u00e7u la semaine derni\u00e8re du nouveau site web que le d\u00e9partement de la communication de la Division Inter Am\u00e9ricaine lancera bient\u00f4t.  L\u2019aper\u00e7u du site Web a \u00e9t\u00e9 pr\u00e9sent\u00e9 lors d\u2019un programme CommSessions. Le nouveau site Web continuera \u00e0 pr\u00e9senter des informations, plus de r\u00e9cits, plus de ressources, le tout adapt\u00e9 au dernier syst\u00e8me d\u2019instructions sur l\u2019identit\u00e9 de l\u2019\u00e9glise.","og_url":"https:\/\/interamerica.org\/fr\/2018\/01\/le-siege-de-la-division-inter-americaine-devoilera-bientot-une-nouvelle-page-web\/","og_site_name":"\u00c9glise Adventiste Du Septieme Jour - Inter Am\u00e9rique Division","article_published_time":"2018-01-30T04:00:00+00:00","article_modified_time":"2018-02-20T18:39:55+00:00","og_image":[{"width":1164,"height":1346,"url":"https:\/\/interamerica.org\/wp-content\/uploads\/2018\/02\/screen-shot-2018-01-29-at-73501-pm.png","type":"image\/png"}],"author":"Lorenzo Verduzco","twitter_card":"summary_large_image","twitter_misc":{"\u00c9crit par":"Lorenzo Verduzco","Dur\u00e9e de lecture estim\u00e9e":"2 minutes"},"schema":{"@context":"https:\/\/schema.org","@graph":[{"@type":"Article","@id":"https:\/\/interamerica.org\/fr\/2018\/01\/le-siege-de-la-division-inter-americaine-devoilera-bientot-une-nouvelle-page-web\/#article","isPartOf":{"@id":"https:\/\/interamerica.org\/fr\/2018\/01\/le-siege-de-la-division-inter-americaine-devoilera-bientot-une-nouvelle-page-web\/"},"author":{"name":"Lorenzo Verduzco","@id":"https:\/\/interamerica.org\/fr\/#\/schema\/person\/68ede8bdc292885bb76c1e3810e73c39"},"headline":"Le si\u00e8ge de la Division Inter Am\u00e9ricaine d\u00e9voilera bient\u00f4t une nouvelle page Web","datePublished":"2018-01-30T04:00:00+00:00","dateModified":"2018-02-20T18:39:55+00:00","mainEntityOfPage":{"@id":"https:\/\/interamerica.org\/fr\/2018\/01\/le-siege-de-la-division-inter-americaine-devoilera-bientot-une-nouvelle-page-web\/"},"wordCount":470,"image":{"@id":"https:\/\/interamerica.org\/fr\/2018\/01\/le-siege-de-la-division-inter-americaine-devoilera-bientot-une-nouvelle-page-web\/#primaryimage"},"thumbnailUrl":"https:\/\/interamerica.org\/wp-content\/uploads\/2018\/02\/screen-shot-2018-01-29-at-73501-pm.png","articleSection":["Nouvelles du si\u00e8ge de la division","RSS Fran\u00e7ais"],"inLanguage":"fr-FR"},{"@type":"WebPage","@id":"https:\/\/interamerica.org\/fr\/2018\/01\/le-siege-de-la-division-inter-americaine-devoilera-bientot-une-nouvelle-page-web\/","url":"https:\/\/interamerica.org\/fr\/2018\/01\/le-siege-de-la-division-inter-americaine-devoilera-bientot-une-nouvelle-page-web\/","name":"Le si\u00e8ge de la Division Inter Am\u00e9ricaine d\u00e9voilera bient\u00f4t une nouvelle page Web - \u00c9glise Adventiste Du Septieme Jour - Inter Am\u00e9rique Division","isPartOf":{"@id":"https:\/\/interamerica.org\/fr\/#website"},"primaryImageOfPage":{"@id":"https:\/\/interamerica.org\/fr\/2018\/01\/le-siege-de-la-division-inter-americaine-devoilera-bientot-une-nouvelle-page-web\/#primaryimage"},"image":{"@id":"https:\/\/interamerica.org\/fr\/2018\/01\/le-siege-de-la-division-inter-americaine-devoilera-bientot-une-nouvelle-page-web\/#primaryimage"},"thumbnailUrl":"https:\/\/interamerica.org\/wp-content\/uploads\/2018\/02\/screen-shot-2018-01-29-at-73501-pm.png","datePublished":"2018-01-30T04:00:00+00:00","dateModified":"2018-02-20T18:39:55+00:00","author":{"@id":"https:\/\/interamerica.org\/fr\/#\/schema\/person\/68ede8bdc292885bb76c1e3810e73c39"},"breadcrumb":{"@id":"https:\/\/interamerica.org\/fr\/2018\/01\/le-siege-de-la-division-inter-americaine-devoilera-bientot-une-nouvelle-page-web\/#breadcrumb"},"inLanguage":"fr-FR","potentialAction":[{"@type":"ReadAction","target":["https:\/\/interamerica.org\/fr\/2018\/01\/le-siege-de-la-division-inter-americaine-devoilera-bientot-une-nouvelle-page-web\/"]}]},{"@type":"ImageObject","inLanguage":"fr-FR","@id":"https:\/\/interamerica.org\/fr\/2018\/01\/le-siege-de-la-division-inter-americaine-devoilera-bientot-une-nouvelle-page-web\/#primaryimage","url":"https:\/\/interamerica.org\/wp-content\/uploads\/2018\/02\/screen-shot-2018-01-29-at-73501-pm.png","contentUrl":"https:\/\/interamerica.org\/wp-content\/uploads\/2018\/02\/screen-shot-2018-01-29-at-73501-pm.png","width":1164,"height":1346},{"@type":"BreadcrumbList","@id":"https:\/\/interamerica.org\/fr\/2018\/01\/le-siege-de-la-division-inter-americaine-devoilera-bientot-une-nouvelle-page-web\/#breadcrumb","itemListElement":[{"@type":"ListItem","position":1,"name":"Home","item":"https:\/\/interamerica.org\/fr\/"},{"@type":"ListItem","position":2,"name":"Le si\u00e8ge de la Division Inter Am\u00e9ricaine d\u00e9voilera bient\u00f4t une nouvelle page Web"}]},{"@type":"WebSite","@id":"https:\/\/interamerica.org\/fr\/#website","url":"https:\/\/interamerica.org\/fr\/","name":"\u00c9glise Adventiste Du Septieme Jour - Inter Am\u00e9rique Division","description":"","potentialAction":[{"@type":"SearchAction","target":{"@type":"EntryPoint","urlTemplate":"https:\/\/interamerica.org\/fr\/?s={search_term_string}"},"query-input":{"@type":"PropertyValueSpecification","valueRequired":true,"valueName":"search_term_string"}}],"inLanguage":"fr-FR"},{"@type":"Person","@id":"https:\/\/interamerica.org\/fr\/#\/schema\/person\/68ede8bdc292885bb76c1e3810e73c39","name":"Lorenzo Verduzco","image":{"@type":"ImageObject","inLanguage":"fr-FR","@id":"https:\/\/secure.gravatar.com\/avatar\/fb81a55b6218459490a9c1dc841a34909185b81904c5337b4b27f7a6fd60c49e?s=96&d=mm&r=g","url":"https:\/\/secure.gravatar.com\/avatar\/fb81a55b6218459490a9c1dc841a34909185b81904c5337b4b27f7a6fd60c49e?s=96&d=mm&r=g","contentUrl":"https:\/\/secure.gravatar.com\/avatar\/fb81a55b6218459490a9c1dc841a34909185b81904c5337b4b27f7a6fd60c49e?s=96&d=mm&r=g","caption":"Lorenzo Verduzco"}}]}},"_links":{"self":[{"href":"https:\/\/interamerica.org\/fr\/wp-json\/wp\/v2\/posts\/38444","targetHints":{"allow":["GET"]}}],"collection":[{"href":"https:\/\/interamerica.org\/fr\/wp-json\/wp\/v2\/posts"}],"about":[{"href":"https:\/\/interamerica.org\/fr\/wp-json\/wp\/v2\/types\/post"}],"author":[{"embeddable":true,"href":"https:\/\/interamerica.org\/fr\/wp-json\/wp\/v2\/users\/1"}],"replies":[{"embeddable":true,"href":"https:\/\/interamerica.org\/fr\/wp-json\/wp\/v2\/comments?post=38444"}],"version-history":[{"count":0,"href":"https:\/\/interamerica.org\/fr\/wp-json\/wp\/v2\/posts\/38444\/revisions"}],"wp:featuredmedia":[{"embeddable":true,"href":"https:\/\/interamerica.org\/fr\/wp-json\/wp\/v2\/media\/38357"}],"wp:attachment":[{"href":"https:\/\/interamerica.org\/fr\/wp-json\/wp\/v2\/media?parent=38444"}],"wp:term":[{"taxonomy":"category","embeddable":true,"href":"https:\/\/interamerica.org\/fr\/wp-json\/wp\/v2\/categories?post=38444"},{"taxonomy":"post_tag","embeddable":true,"href":"https:\/\/interamerica.org\/fr\/wp-json\/wp\/v2\/tags?post=38444"}],"curies":[{"name":"wp","href":"https:\/\/api.w.org\/{rel}","templated":true}]}}