{"id":39547,"date":"2018-02-12T03:00:50","date_gmt":"2018-02-12T07:00:50","guid":{"rendered":"http:\/\/192.81.217.108\/2018\/02\/loma-linda-met-en-place-un-traitement-inedit-pour-la-maladie-de-parkinson\/"},"modified":"2018-02-13T00:00:00","modified_gmt":"2018-02-13T04:00:00","slug":"loma-linda-met-en-place-un-traitement-inedit-pour-la-maladie-de-parkinson","status":"publish","type":"post","link":"https:\/\/interamerica.org\/fr\/2018\/02\/loma-linda-met-en-place-un-traitement-inedit-pour-la-maladie-de-parkinson\/","title":{"rendered":"Loma Linda met en place un traitement in\u00e9dit pour la maladie de Parkinson"},"content":{"rendered":"<div id=\"attachment_33392\" style=\"width: 752px\" class=\"wp-caption aligncenter\"><a href=\"https:\/\/recursing-golick.147-182-135-0.plesk.page\/wp-content\/uploads\/2018\/02\/lomalinda-parkinsons.jpg\" rel=\"fancybox\" title=\"Loma Linda met en place un traitement in\u00e9dit pour la maladie de Parkinson\"><img fetchpriority=\"high\" decoding=\"async\" aria-describedby=\"caption-attachment-33392\" class=\" wp-image-33392\" src=\"https:\/\/recursing-golick.147-182-135-0.plesk.page\/wp-content\/uploads\/2018\/02\/lomalinda-parkinsons.jpg\" alt=\"\" width=\"742\" height=\"371\" \/><\/a><p id=\"caption-attachment-33392\" class=\"wp-caption-text\">Le P\u00f4le Sant\u00e9 de l\u2019Universit\u00e9 de Loma Linda est le premier dans le Sud de la Californie \u00e0 r\u00e9aliser un implant Vercise pour traiter la maladie de Parkinson. Les docteurs Khashayar Dashtipour et Miguel L\u00f3pez-Gonz\u00e1lez ont r\u00e9alis\u00e9 la proc\u00e9dure au Centre M\u00e9dical de l\u2019Universit\u00e9 de Loma Linda la semaine derni\u00e8re. Image de Loma Linda University Health News<\/p><\/div>\n<p><span class=\"byline-news\">8 F\u00e9vrier 2018 | Loma Linda, Californie, Etats Unis | Genesis Gonzalez, Actualit\u00e9s du P\u00f4le Sant\u00e9 de l\u2019Universit\u00e9 de Loma Linda<\/span><\/p>\n<p><span class=\"cap\">U<\/span> n nouveau syst\u00e8me innovant de stimulation c\u00e9r\u00e9brale profonde (DBS), appel\u00e9 Vercise, a \u00e9t\u00e9 implant\u00e9 avec succ\u00e8s chez un patient de 81 ans atteint de la maladie de Parkinson, au P\u00f4le Sant\u00e9 de l\u2019Universit\u00e9 de Loma Linda (LLUH), c\u2019est la premi\u00e8re proc\u00e9dure du genre \u00e0 \u00eatre r\u00e9alis\u00e9e dans le Sud de la Californie et la quatri\u00e8me dans le pays \u00e0 utiliser le dispositif DBS pour traiter la maladie de Parkinson.<\/p>\n<p>Khashayar Dashtipour, neurologue \u00e0 LLUH, et Miguel L\u00f3pez-Gonz\u00e1lez, neurochirurgien, ont r\u00e9alis\u00e9 l\u2019implant in\u00e9dit de l\u2019appareil Vercise la semaine derni\u00e8re.<\/p>\n<p>La proc\u00e9dure implique l\u2019implantation d\u2019un fil mince &#8211; appel\u00e9 une t\u00eate \u2013 dans la r\u00e9gion cibl\u00e9e du cerveau du patient. Dans ce cas, le patient a re\u00e7u des \u00e9lectrodes de chaque c\u00f4t\u00e9 du cerveau, ainsi que la batterie. La stimulation \u00e9lectrique arrive \u00e0 travers le fil qui aide \u00e0 contr\u00f4ler l\u2019activit\u00e9 c\u00e9r\u00e9brale anormale qui provoque des tremblements, une raideur ou des mouvements lents.<\/p>\n<p>\u00ab Cet appareil ouvre plus de portes aux patients atteints de la maladie de Parkinson qui ont besoin d\u2019une stimulation c\u00e9r\u00e9brale profonde, \u00bb a d\u00e9clar\u00e9 Dr Lopez-Gonzalez. \u00ab Avec le temps, nous serons en mesure d\u2019observer les progr\u00e8s de l\u2019appareil et nous esp\u00e9rons d\u00e9terminer si cela est plus b\u00e9n\u00e9fique. \u00bb<\/p>\n<p>En d\u00e9cembre 2017, la FDA a approuv\u00e9 le dispositif de Boston Scientific, le troisi\u00e8me appareil approuv\u00e9 aux \u00c9tats-Unis pour la r\u00e9alisation de la proc\u00e9dure DBS.<\/p>\n<p>L\u2019appareil rechargeable a d\u2019abord \u00e9t\u00e9 approuv\u00e9 en Europe suite \u00e0 divers essais cliniques. Il a \u00e9t\u00e9 utilis\u00e9 pour augmenter la pr\u00e9cision et \u00e9viter les effets secondaires habituels de la th\u00e9rapie DBS qui affecte le cerveau au-del\u00e0 de la cible vis\u00e9e. Il offre un courant constant multi-sources, permettant un contr\u00f4le flexible de la stimulation qui s\u2019adapte aux physiologies individuelles, aux variations d\u2019imp\u00e9dance et \u00e0 la progression de la maladie.<\/p>\n<p>\u00ab Pour la premi\u00e8re fois, la batterie a une dur\u00e9e de vie de 15 ans, \u00bb a d\u00e9clar\u00e9 Dr Dashtipour. \u00ab Avec le risque croissant que repr\u00e9sente la chirurgie apr\u00e8s un certain \u00e2ge, notre patient n\u2019aura pas \u00e0 subir une intervention chirurgicale dans trois ou cinq ans comme c\u2019est le cas avec d\u2019autres appareils. \u00bb<\/p>\n<p>Dr Dashtipour a r\u00e9ussi \u00e0 allumer l\u2019appareil avec succ\u00e8s trois jours seulement apr\u00e8s la proc\u00e9dure et il ajustera les niveaux en fonction du confort du patient. Son objectif est de garder le patient \u00ab en condition \u00bb c\u2019est \u00e0 dire que tout au long de la journ\u00e9e, id\u00e9alement, le patient n\u2019aura aucun effet secondaire, ou alors des effets secondaires minimes, y compris des tremblements et une certaine rigidit\u00e9.<\/p>\n<p>Les patients qui pr\u00e9sentent une dystonie, ou des mouvements anormaux, qui souffrent de tremblements constants et \u00e0 qui on a prescrit divers m\u00e9dicaments sont consid\u00e9r\u00e9s comme les premiers candidats concern\u00e9s par l\u2019implant Vercise.<\/p>\n<p>Le syst\u00e8me \u00e9lectrique du Vercise est con\u00e7u pour donner aux m\u00e9decins et aux patients un plus grand contr\u00f4le sur le courant appliqu\u00e9 aux \u00e9lectrodes individuelles, ind\u00e9pendamment de la r\u00e9sistance au bout du fil. DBS fournit une stimulation \u00e9lectrique cibl\u00e9e \u00e0 des r\u00e9gions sp\u00e9cifiques du cerveau pour aider \u00e0 traiter les sympt\u00f4mes de la maladie de Parkinson.<\/p>\n<p>Selon la Fondation Parkinson, le trouble neurod\u00e9g\u00e9n\u00e9ratif affecte environ un million de personnes aux \u00c9tats-Unis et dix millions dans le monde entier. La maladie est un trouble progressif du mouvement qui affecte principalement les neurones producteurs de dopamine dans une zone sp\u00e9cifique du cerveau. Au fil du temps, la maladie provoque des tremblements, une lenteur des mouvements, une rigidit\u00e9 des membres et des troubles de l\u2019\u00e9quilibre.<\/p>\n<p>LLUH, une organisation religieuse \u00e0 but non lucratif \u00e0 Loma Linda, en Californie aux Etats Unis, est l\u2019organisation m\u00e8re qui abrite ses organisation principales et affili\u00e9es telles que l\u2019Universit\u00e9 de Loma Linda (LLU), le Centre M\u00e9dical de LLU et l\u2019H\u00f4pital pour Enfants de LLU. LLUH qui dirige, sponsorise, soutient et harmonise les activit\u00e9s de ces organisations et d\u2019autres entit\u00e9s principales et affili\u00e9es, sert l\u2019Eglise Adventiste du Septi\u00e8me Jour dans sa mission consistant \u00e0 \u00ab faire en sorte que l\u2019homme soit en bonne sant\u00e9 \u00bb physique, intellectuelle, \u00e9motionnelle et spirituelle. L\u2019objectif g\u00e9n\u00e9ral de l\u2019organisation est de poursuivre le minist\u00e8re de gu\u00e9rison et d\u2019enseignement de J\u00e9sus.<\/p>\n<p>Traduction: Patrick Luciathe<\/p>\n","protected":false},"excerpt":{"rendered":"<p>Un nouveau syst\u00e8me innovant de stimulation c\u00e9r\u00e9brale profonde (DBS), appel\u00e9 Vercise, a \u00e9t\u00e9 implant\u00e9 avec succ\u00e8s chez un patient de 81 ans atteint de la maladie de Parkinson, au P\u00f4le Sant\u00e9 de l\u2019Universit\u00e9 de Loma Linda (LLUH), c\u2019est la premi\u00e8re proc\u00e9dure du genre \u00e0 \u00eatre r\u00e9alis\u00e9e dans le Sud de la Californie et la quatri\u00e8me dans le pays \u00e0 utiliser le dispositif DBS pour traiter la maladie de Parkinson.<\/p>\n<p>Khashayar Dashtipour, neurologue \u00e0 LLUH, et Miguel L\u00f3pez-Gonz\u00e1lez, neurochirurgien, ont r\u00e9alis\u00e9 l\u2019implant in\u00e9dit de l\u2019appareil Vercise la semaine derni\u00e8re.<\/p>\n","protected":false},"author":1,"featured_media":39470,"comment_status":"closed","ping_status":"closed","sticky":false,"template":"","format":"standard","meta":{"_acf_changed":false,"footnotes":""},"categories":[18,19],"tags":[],"class_list":["post-39547","post","type-post","status-publish","format-standard","has-post-thumbnail","hentry","category-nouvelles-de-leglise-mondiale","category-rss-francais"],"acf":[],"yoast_head":"<!-- This site is optimized with the Yoast SEO plugin v27.3 - https:\/\/yoast.com\/product\/yoast-seo-wordpress\/ -->\n<title>Loma Linda met en place un traitement in\u00e9dit pour la maladie de Parkinson - \u00c9glise Adventiste Du Septieme Jour - Inter Am\u00e9rique Division<\/title>\n<meta name=\"robots\" content=\"index, follow, max-snippet:-1, max-image-preview:large, max-video-preview:-1\" \/>\n<link rel=\"canonical\" href=\"https:\/\/interamerica.org\/fr\/2018\/02\/loma-linda-met-en-place-un-traitement-inedit-pour-la-maladie-de-parkinson\/\" \/>\n<meta property=\"og:locale\" content=\"fr_FR\" \/>\n<meta property=\"og:type\" content=\"article\" \/>\n<meta property=\"og:title\" content=\"Loma Linda met en place un traitement in\u00e9dit pour la maladie de Parkinson - \u00c9glise Adventiste Du Septieme Jour - Inter Am\u00e9rique Division\" \/>\n<meta property=\"og:description\" content=\"Un nouveau syst\u00e8me innovant de stimulation c\u00e9r\u00e9brale profonde (DBS), appel\u00e9 Vercise, a \u00e9t\u00e9 implant\u00e9 avec succ\u00e8s chez un patient de 81 ans atteint de la maladie de Parkinson, au P\u00f4le Sant\u00e9 de l\u2019Universit\u00e9 de Loma Linda (LLUH), c\u2019est la premi\u00e8re proc\u00e9dure du genre \u00e0 \u00eatre r\u00e9alis\u00e9e dans le Sud de la Californie et la quatri\u00e8me dans le pays \u00e0 utiliser le dispositif DBS pour traiter la maladie de Parkinson. Khashayar Dashtipour, neurologue \u00e0 LLUH, et Miguel L\u00f3pez-Gonz\u00e1lez, neurochirurgien, ont r\u00e9alis\u00e9 l\u2019implant in\u00e9dit de l\u2019appareil Vercise la semaine derni\u00e8re.\" \/>\n<meta property=\"og:url\" content=\"https:\/\/interamerica.org\/fr\/2018\/02\/loma-linda-met-en-place-un-traitement-inedit-pour-la-maladie-de-parkinson\/\" \/>\n<meta property=\"og:site_name\" content=\"\u00c9glise Adventiste Du Septieme Jour - Inter Am\u00e9rique Division\" \/>\n<meta property=\"article:published_time\" content=\"2018-02-12T07:00:50+00:00\" \/>\n<meta property=\"article:modified_time\" content=\"2018-02-13T04:00:00+00:00\" \/>\n<meta property=\"og:image\" content=\"https:\/\/interamerica.org\/wp-content\/uploads\/2018\/04\/lomalinda-parkinsons.jpg\" \/>\n\t<meta property=\"og:image:width\" content=\"1000\" \/>\n\t<meta property=\"og:image:height\" content=\"500\" \/>\n\t<meta property=\"og:image:type\" content=\"image\/jpeg\" \/>\n<meta name=\"author\" content=\"Lorenzo Verduzco\" \/>\n<meta name=\"twitter:card\" content=\"summary_large_image\" \/>\n<meta name=\"twitter:label1\" content=\"\u00c9crit par\" \/>\n\t<meta name=\"twitter:data1\" content=\"Lorenzo Verduzco\" \/>\n\t<meta name=\"twitter:label2\" content=\"Dur\u00e9e de lecture estim\u00e9e\" \/>\n\t<meta name=\"twitter:data2\" content=\"4 minutes\" \/>\n<script type=\"application\/ld+json\" class=\"yoast-schema-graph\">{\"@context\":\"https:\\\/\\\/schema.org\",\"@graph\":[{\"@type\":\"Article\",\"@id\":\"https:\\\/\\\/interamerica.org\\\/fr\\\/2018\\\/02\\\/loma-linda-met-en-place-un-traitement-inedit-pour-la-maladie-de-parkinson\\\/#article\",\"isPartOf\":{\"@id\":\"https:\\\/\\\/interamerica.org\\\/fr\\\/2018\\\/02\\\/loma-linda-met-en-place-un-traitement-inedit-pour-la-maladie-de-parkinson\\\/\"},\"author\":{\"name\":\"Lorenzo Verduzco\",\"@id\":\"https:\\\/\\\/interamerica.org\\\/fr\\\/#\\\/schema\\\/person\\\/68ede8bdc292885bb76c1e3810e73c39\"},\"headline\":\"Loma Linda met en place un traitement in\u00e9dit pour la maladie de Parkinson\",\"datePublished\":\"2018-02-12T07:00:50+00:00\",\"dateModified\":\"2018-02-13T04:00:00+00:00\",\"mainEntityOfPage\":{\"@id\":\"https:\\\/\\\/interamerica.org\\\/fr\\\/2018\\\/02\\\/loma-linda-met-en-place-un-traitement-inedit-pour-la-maladie-de-parkinson\\\/\"},\"wordCount\":871,\"image\":{\"@id\":\"https:\\\/\\\/interamerica.org\\\/fr\\\/2018\\\/02\\\/loma-linda-met-en-place-un-traitement-inedit-pour-la-maladie-de-parkinson\\\/#primaryimage\"},\"thumbnailUrl\":\"https:\\\/\\\/interamerica.org\\\/wp-content\\\/uploads\\\/2018\\\/04\\\/lomalinda-parkinsons.jpg\",\"articleSection\":[\"Nouvelles de l'\u00c9glise mondiale\",\"RSS Fran\u00e7ais\"],\"inLanguage\":\"fr-FR\"},{\"@type\":\"WebPage\",\"@id\":\"https:\\\/\\\/interamerica.org\\\/fr\\\/2018\\\/02\\\/loma-linda-met-en-place-un-traitement-inedit-pour-la-maladie-de-parkinson\\\/\",\"url\":\"https:\\\/\\\/interamerica.org\\\/fr\\\/2018\\\/02\\\/loma-linda-met-en-place-un-traitement-inedit-pour-la-maladie-de-parkinson\\\/\",\"name\":\"Loma Linda met en place un traitement in\u00e9dit pour la maladie de Parkinson - \u00c9glise Adventiste Du Septieme Jour - Inter Am\u00e9rique Division\",\"isPartOf\":{\"@id\":\"https:\\\/\\\/interamerica.org\\\/fr\\\/#website\"},\"primaryImageOfPage\":{\"@id\":\"https:\\\/\\\/interamerica.org\\\/fr\\\/2018\\\/02\\\/loma-linda-met-en-place-un-traitement-inedit-pour-la-maladie-de-parkinson\\\/#primaryimage\"},\"image\":{\"@id\":\"https:\\\/\\\/interamerica.org\\\/fr\\\/2018\\\/02\\\/loma-linda-met-en-place-un-traitement-inedit-pour-la-maladie-de-parkinson\\\/#primaryimage\"},\"thumbnailUrl\":\"https:\\\/\\\/interamerica.org\\\/wp-content\\\/uploads\\\/2018\\\/04\\\/lomalinda-parkinsons.jpg\",\"datePublished\":\"2018-02-12T07:00:50+00:00\",\"dateModified\":\"2018-02-13T04:00:00+00:00\",\"author\":{\"@id\":\"https:\\\/\\\/interamerica.org\\\/fr\\\/#\\\/schema\\\/person\\\/68ede8bdc292885bb76c1e3810e73c39\"},\"breadcrumb\":{\"@id\":\"https:\\\/\\\/interamerica.org\\\/fr\\\/2018\\\/02\\\/loma-linda-met-en-place-un-traitement-inedit-pour-la-maladie-de-parkinson\\\/#breadcrumb\"},\"inLanguage\":\"fr-FR\",\"potentialAction\":[{\"@type\":\"ReadAction\",\"target\":[\"https:\\\/\\\/interamerica.org\\\/fr\\\/2018\\\/02\\\/loma-linda-met-en-place-un-traitement-inedit-pour-la-maladie-de-parkinson\\\/\"]}]},{\"@type\":\"ImageObject\",\"inLanguage\":\"fr-FR\",\"@id\":\"https:\\\/\\\/interamerica.org\\\/fr\\\/2018\\\/02\\\/loma-linda-met-en-place-un-traitement-inedit-pour-la-maladie-de-parkinson\\\/#primaryimage\",\"url\":\"https:\\\/\\\/interamerica.org\\\/wp-content\\\/uploads\\\/2018\\\/04\\\/lomalinda-parkinsons.jpg\",\"contentUrl\":\"https:\\\/\\\/interamerica.org\\\/wp-content\\\/uploads\\\/2018\\\/04\\\/lomalinda-parkinsons.jpg\",\"width\":1000,\"height\":500},{\"@type\":\"BreadcrumbList\",\"@id\":\"https:\\\/\\\/interamerica.org\\\/fr\\\/2018\\\/02\\\/loma-linda-met-en-place-un-traitement-inedit-pour-la-maladie-de-parkinson\\\/#breadcrumb\",\"itemListElement\":[{\"@type\":\"ListItem\",\"position\":1,\"name\":\"Home\",\"item\":\"https:\\\/\\\/interamerica.org\\\/fr\\\/\"},{\"@type\":\"ListItem\",\"position\":2,\"name\":\"Loma Linda met en place un traitement in\u00e9dit pour la maladie de Parkinson\"}]},{\"@type\":\"WebSite\",\"@id\":\"https:\\\/\\\/interamerica.org\\\/fr\\\/#website\",\"url\":\"https:\\\/\\\/interamerica.org\\\/fr\\\/\",\"name\":\"\u00c9glise Adventiste Du Septieme Jour - Inter Am\u00e9rique Division\",\"description\":\"\",\"potentialAction\":[{\"@type\":\"SearchAction\",\"target\":{\"@type\":\"EntryPoint\",\"urlTemplate\":\"https:\\\/\\\/interamerica.org\\\/fr\\\/?s={search_term_string}\"},\"query-input\":{\"@type\":\"PropertyValueSpecification\",\"valueRequired\":true,\"valueName\":\"search_term_string\"}}],\"inLanguage\":\"fr-FR\"},{\"@type\":\"Person\",\"@id\":\"https:\\\/\\\/interamerica.org\\\/fr\\\/#\\\/schema\\\/person\\\/68ede8bdc292885bb76c1e3810e73c39\",\"name\":\"Lorenzo Verduzco\",\"image\":{\"@type\":\"ImageObject\",\"inLanguage\":\"fr-FR\",\"@id\":\"https:\\\/\\\/secure.gravatar.com\\\/avatar\\\/fb81a55b6218459490a9c1dc841a34909185b81904c5337b4b27f7a6fd60c49e?s=96&d=mm&r=g\",\"url\":\"https:\\\/\\\/secure.gravatar.com\\\/avatar\\\/fb81a55b6218459490a9c1dc841a34909185b81904c5337b4b27f7a6fd60c49e?s=96&d=mm&r=g\",\"contentUrl\":\"https:\\\/\\\/secure.gravatar.com\\\/avatar\\\/fb81a55b6218459490a9c1dc841a34909185b81904c5337b4b27f7a6fd60c49e?s=96&d=mm&r=g\",\"caption\":\"Lorenzo Verduzco\"}}]}<\/script>\n<!-- \/ Yoast SEO plugin. -->","yoast_head_json":{"title":"Loma Linda met en place un traitement in\u00e9dit pour la maladie de Parkinson - \u00c9glise Adventiste Du Septieme Jour - Inter Am\u00e9rique Division","robots":{"index":"index","follow":"follow","max-snippet":"max-snippet:-1","max-image-preview":"max-image-preview:large","max-video-preview":"max-video-preview:-1"},"canonical":"https:\/\/interamerica.org\/fr\/2018\/02\/loma-linda-met-en-place-un-traitement-inedit-pour-la-maladie-de-parkinson\/","og_locale":"fr_FR","og_type":"article","og_title":"Loma Linda met en place un traitement in\u00e9dit pour la maladie de Parkinson - \u00c9glise Adventiste Du Septieme Jour - Inter Am\u00e9rique Division","og_description":"Un nouveau syst\u00e8me innovant de stimulation c\u00e9r\u00e9brale profonde (DBS), appel\u00e9 Vercise, a \u00e9t\u00e9 implant\u00e9 avec succ\u00e8s chez un patient de 81 ans atteint de la maladie de Parkinson, au P\u00f4le Sant\u00e9 de l\u2019Universit\u00e9 de Loma Linda (LLUH), c\u2019est la premi\u00e8re proc\u00e9dure du genre \u00e0 \u00eatre r\u00e9alis\u00e9e dans le Sud de la Californie et la quatri\u00e8me dans le pays \u00e0 utiliser le dispositif DBS pour traiter la maladie de Parkinson. Khashayar Dashtipour, neurologue \u00e0 LLUH, et Miguel L\u00f3pez-Gonz\u00e1lez, neurochirurgien, ont r\u00e9alis\u00e9 l\u2019implant in\u00e9dit de l\u2019appareil Vercise la semaine derni\u00e8re.","og_url":"https:\/\/interamerica.org\/fr\/2018\/02\/loma-linda-met-en-place-un-traitement-inedit-pour-la-maladie-de-parkinson\/","og_site_name":"\u00c9glise Adventiste Du Septieme Jour - Inter Am\u00e9rique Division","article_published_time":"2018-02-12T07:00:50+00:00","article_modified_time":"2018-02-13T04:00:00+00:00","og_image":[{"width":1000,"height":500,"url":"https:\/\/interamerica.org\/wp-content\/uploads\/2018\/04\/lomalinda-parkinsons.jpg","type":"image\/jpeg"}],"author":"Lorenzo Verduzco","twitter_card":"summary_large_image","twitter_misc":{"\u00c9crit par":"Lorenzo Verduzco","Dur\u00e9e de lecture estim\u00e9e":"4 minutes"},"schema":{"@context":"https:\/\/schema.org","@graph":[{"@type":"Article","@id":"https:\/\/interamerica.org\/fr\/2018\/02\/loma-linda-met-en-place-un-traitement-inedit-pour-la-maladie-de-parkinson\/#article","isPartOf":{"@id":"https:\/\/interamerica.org\/fr\/2018\/02\/loma-linda-met-en-place-un-traitement-inedit-pour-la-maladie-de-parkinson\/"},"author":{"name":"Lorenzo Verduzco","@id":"https:\/\/interamerica.org\/fr\/#\/schema\/person\/68ede8bdc292885bb76c1e3810e73c39"},"headline":"Loma Linda met en place un traitement in\u00e9dit pour la maladie de Parkinson","datePublished":"2018-02-12T07:00:50+00:00","dateModified":"2018-02-13T04:00:00+00:00","mainEntityOfPage":{"@id":"https:\/\/interamerica.org\/fr\/2018\/02\/loma-linda-met-en-place-un-traitement-inedit-pour-la-maladie-de-parkinson\/"},"wordCount":871,"image":{"@id":"https:\/\/interamerica.org\/fr\/2018\/02\/loma-linda-met-en-place-un-traitement-inedit-pour-la-maladie-de-parkinson\/#primaryimage"},"thumbnailUrl":"https:\/\/interamerica.org\/wp-content\/uploads\/2018\/04\/lomalinda-parkinsons.jpg","articleSection":["Nouvelles de l'\u00c9glise mondiale","RSS Fran\u00e7ais"],"inLanguage":"fr-FR"},{"@type":"WebPage","@id":"https:\/\/interamerica.org\/fr\/2018\/02\/loma-linda-met-en-place-un-traitement-inedit-pour-la-maladie-de-parkinson\/","url":"https:\/\/interamerica.org\/fr\/2018\/02\/loma-linda-met-en-place-un-traitement-inedit-pour-la-maladie-de-parkinson\/","name":"Loma Linda met en place un traitement in\u00e9dit pour la maladie de Parkinson - \u00c9glise Adventiste Du Septieme Jour - Inter Am\u00e9rique Division","isPartOf":{"@id":"https:\/\/interamerica.org\/fr\/#website"},"primaryImageOfPage":{"@id":"https:\/\/interamerica.org\/fr\/2018\/02\/loma-linda-met-en-place-un-traitement-inedit-pour-la-maladie-de-parkinson\/#primaryimage"},"image":{"@id":"https:\/\/interamerica.org\/fr\/2018\/02\/loma-linda-met-en-place-un-traitement-inedit-pour-la-maladie-de-parkinson\/#primaryimage"},"thumbnailUrl":"https:\/\/interamerica.org\/wp-content\/uploads\/2018\/04\/lomalinda-parkinsons.jpg","datePublished":"2018-02-12T07:00:50+00:00","dateModified":"2018-02-13T04:00:00+00:00","author":{"@id":"https:\/\/interamerica.org\/fr\/#\/schema\/person\/68ede8bdc292885bb76c1e3810e73c39"},"breadcrumb":{"@id":"https:\/\/interamerica.org\/fr\/2018\/02\/loma-linda-met-en-place-un-traitement-inedit-pour-la-maladie-de-parkinson\/#breadcrumb"},"inLanguage":"fr-FR","potentialAction":[{"@type":"ReadAction","target":["https:\/\/interamerica.org\/fr\/2018\/02\/loma-linda-met-en-place-un-traitement-inedit-pour-la-maladie-de-parkinson\/"]}]},{"@type":"ImageObject","inLanguage":"fr-FR","@id":"https:\/\/interamerica.org\/fr\/2018\/02\/loma-linda-met-en-place-un-traitement-inedit-pour-la-maladie-de-parkinson\/#primaryimage","url":"https:\/\/interamerica.org\/wp-content\/uploads\/2018\/04\/lomalinda-parkinsons.jpg","contentUrl":"https:\/\/interamerica.org\/wp-content\/uploads\/2018\/04\/lomalinda-parkinsons.jpg","width":1000,"height":500},{"@type":"BreadcrumbList","@id":"https:\/\/interamerica.org\/fr\/2018\/02\/loma-linda-met-en-place-un-traitement-inedit-pour-la-maladie-de-parkinson\/#breadcrumb","itemListElement":[{"@type":"ListItem","position":1,"name":"Home","item":"https:\/\/interamerica.org\/fr\/"},{"@type":"ListItem","position":2,"name":"Loma Linda met en place un traitement in\u00e9dit pour la maladie de Parkinson"}]},{"@type":"WebSite","@id":"https:\/\/interamerica.org\/fr\/#website","url":"https:\/\/interamerica.org\/fr\/","name":"\u00c9glise Adventiste Du Septieme Jour - Inter Am\u00e9rique Division","description":"","potentialAction":[{"@type":"SearchAction","target":{"@type":"EntryPoint","urlTemplate":"https:\/\/interamerica.org\/fr\/?s={search_term_string}"},"query-input":{"@type":"PropertyValueSpecification","valueRequired":true,"valueName":"search_term_string"}}],"inLanguage":"fr-FR"},{"@type":"Person","@id":"https:\/\/interamerica.org\/fr\/#\/schema\/person\/68ede8bdc292885bb76c1e3810e73c39","name":"Lorenzo Verduzco","image":{"@type":"ImageObject","inLanguage":"fr-FR","@id":"https:\/\/secure.gravatar.com\/avatar\/fb81a55b6218459490a9c1dc841a34909185b81904c5337b4b27f7a6fd60c49e?s=96&d=mm&r=g","url":"https:\/\/secure.gravatar.com\/avatar\/fb81a55b6218459490a9c1dc841a34909185b81904c5337b4b27f7a6fd60c49e?s=96&d=mm&r=g","contentUrl":"https:\/\/secure.gravatar.com\/avatar\/fb81a55b6218459490a9c1dc841a34909185b81904c5337b4b27f7a6fd60c49e?s=96&d=mm&r=g","caption":"Lorenzo Verduzco"}}]}},"_links":{"self":[{"href":"https:\/\/interamerica.org\/fr\/wp-json\/wp\/v2\/posts\/39547","targetHints":{"allow":["GET"]}}],"collection":[{"href":"https:\/\/interamerica.org\/fr\/wp-json\/wp\/v2\/posts"}],"about":[{"href":"https:\/\/interamerica.org\/fr\/wp-json\/wp\/v2\/types\/post"}],"author":[{"embeddable":true,"href":"https:\/\/interamerica.org\/fr\/wp-json\/wp\/v2\/users\/1"}],"replies":[{"embeddable":true,"href":"https:\/\/interamerica.org\/fr\/wp-json\/wp\/v2\/comments?post=39547"}],"version-history":[{"count":0,"href":"https:\/\/interamerica.org\/fr\/wp-json\/wp\/v2\/posts\/39547\/revisions"}],"wp:featuredmedia":[{"embeddable":true,"href":"https:\/\/interamerica.org\/fr\/wp-json\/wp\/v2\/media\/39470"}],"wp:attachment":[{"href":"https:\/\/interamerica.org\/fr\/wp-json\/wp\/v2\/media?parent=39547"}],"wp:term":[{"taxonomy":"category","embeddable":true,"href":"https:\/\/interamerica.org\/fr\/wp-json\/wp\/v2\/categories?post=39547"},{"taxonomy":"post_tag","embeddable":true,"href":"https:\/\/interamerica.org\/fr\/wp-json\/wp\/v2\/tags?post=39547"}],"curies":[{"name":"wp","href":"https:\/\/api.w.org\/{rel}","templated":true}]}}