{"id":39741,"date":"2018-03-02T00:00:00","date_gmt":"2018-03-02T04:00:00","guid":{"rendered":"http:\/\/192.81.217.108\/2018\/03\/maintenant-que-jai-le-desir-de-lire-la-bible-je-ne-peux-pas\/"},"modified":"2018-04-10T10:55:00","modified_gmt":"2018-04-10T14:55:00","slug":"maintenant-que-jai-le-desir-de-lire-la-bible-je-ne-peux-pas","status":"publish","type":"post","link":"https:\/\/interamerica.org\/fr\/2018\/03\/maintenant-que-jai-le-desir-de-lire-la-bible-je-ne-peux-pas\/","title":{"rendered":"\u00ab Maintenant que j\u2019ai le d\u00e9sir de lire la Bible, je ne peux pas \u00bb"},"content":{"rendered":"<p>2 mars 2018 | Kumasi, Ghana, Afrique de l\u2019Ouest | Wally Amundson, pasteur de la Division Inter Am\u00e9ricaine \u00e0 la retraite<\/p>\n<div id=\"attachment_33736\" style=\"width: 395px\" class=\"wp-caption alignright\"><a href=\"https:\/\/recursing-golick.147-182-135-0.plesk.page\/wp-content\/uploads\/2018\/03\/Abraham-Kofi-Ghana.gif\" rel=\"fancybox\" title=\"\u00ab Maintenant que j\u2019ai le d\u00e9sir de lire la Bible, je ne peux pas \u00bb\"><img fetchpriority=\"high\" decoding=\"async\" aria-describedby=\"caption-attachment-33736\" class=\" wp-image-33736\" src=\"https:\/\/recursing-golick.147-182-135-0.plesk.page\/wp-content\/uploads\/2018\/03\/Abraham-Kofi-Ghana.gif\" alt=\"\" width=\"385\" height=\"241\" \/><\/a><p id=\"caption-attachment-33736\" class=\"wp-caption-text\">Abraham Kofi Kwarteng (\u00e0 gauche) assis avec son fr\u00e8re Ivan. Image de Wally Amundson<\/p><\/div>\n<p>Il \u00e9tait difficile de voir dans la nuit noire les 450 auditeurs qui se levaient tous de leurs chaises en plastique dispos\u00e9es en plein air. Certains se rapprochaient de l\u2019estrade en bois en r\u00e9ponse au message ce soir-l\u00e0. Alors que je regardais les jeunes et les vieux commencer \u00e0 se rassembler dans la clairi\u00e8re s\u00e8che et poussi\u00e9reuse, mon regard a \u00e9t\u00e9 attir\u00e9 par un homme plus \u00e2g\u00e9 conduit par la main par une jeune femme. Il \u00e9tait aveugle. Nous avons pri\u00e9 pour ce groupe nouvellement engag\u00e9 que Dieu les garde et les fortifie dans la foi alors que nous continuions \u00e0 \u00e9tudier la Parole de Dieu soir apr\u00e8s soir. Cette r\u00e9union en plein air, comme pour beaucoup d\u2019autres sites, se d\u00e9roulait sous un ciel sans \u00e9toiles et sombre puisque le soleil se couche r\u00e9guli\u00e8rement \u00e0 18h00 en Afrique de l\u2019Ouest.<\/p>\n<p>Christine et moi \u00e9tions \u00e0 Kumasi, au Ghana, envoy\u00e9s par la Division Inter Am\u00e9ricaine pour rejoindre plusieurs autres membres d\u2019\u00e9glise b\u00e9n\u00e9voles venus des \u00c9tats-Unis, pour tenir des campagnes d\u2019\u00e9vang\u00e9lisation individuelles pendant 15 jours. <a href=\"mailto:http:\/\/www.adventistreview.org\/church-news\/story5885-eastern-nigeria-launches-comprehensive-evangelistic-efforts\">Les membres de toute la Division de l\u2019Afrique de l\u2019Ouest ainsi que ceux du monde entier continuent de je\u00fbner et de prier pour les 2500 r\u00e9unions d\u2019\u00e9vang\u00e9lisation qui se d\u00e9rouleront en Afrique de l\u2019Ouest au cours des prochains mois.<\/a>.\u00a0 M\u00eame le pasteur et les membres de notre \u00e9glise \u00e0 Miami Springs, en Floride, nous \u00e9levaient par la pri\u00e8re tous les jours.<\/p>\n<div id=\"attachment_33742\" style=\"width: 395px\" class=\"wp-caption alignright\"><a href=\"https:\/\/recursing-golick.147-182-135-0.plesk.page\/wp-content\/uploads\/2018\/03\/Ghana-meetings.gif\" rel=\"fancybox\" title=\"\u00ab Maintenant que j\u2019ai le d\u00e9sir de lire la Bible, je ne peux pas \u00bb\"><img decoding=\"async\" aria-describedby=\"caption-attachment-33742\" class=\" wp-image-33742\" src=\"https:\/\/recursing-golick.147-182-135-0.plesk.page\/wp-content\/uploads\/2018\/03\/Ghana-meetings.gif\" alt=\"\" width=\"385\" height=\"240\" \/><\/a><p id=\"caption-attachment-33742\" class=\"wp-caption-text\">Une foule rassembl\u00e9e lors des rencontres d\u2019\u00e9vang\u00e9lisation tenues par Wally Amundson le soir \u00e0 Kumasi, au Ghana. Image de Wally Amundson \/ DIA<\/p><\/div>\n<p>En cherchant \u00e0 en savoir plus au sujet de l\u2019homme aveugle, une image int\u00e9ressante a commenc\u00e9 \u00e0 \u00e9merger. Abraham Kofi Kwarteng est n\u00e9 il y a 45 ans \u00e0 Nsuta, dans la r\u00e9gion Ashanti du Ghana. Avec sa famille et ses trois fr\u00e8res et s\u0153urs, Abraham a fr\u00e9quent\u00e9 l\u2019\u00c9glise Adventiste du Septi\u00e8me Jour, mais il n\u2019a jamais \u00e9t\u00e9 baptis\u00e9. Apr\u00e8s le coll\u00e8ge, Abraham a choisi l\u2019agriculture comme moyen de gagner sa vie. Apr\u00e8s quelques ann\u00e9es, Abraham s\u2019est \u00e9loign\u00e9 de la foi et de la famille. Son fr\u00e8re Ivan dit que la famille \u00e9tait inqui\u00e8te parce que pendant de nombreuses ann\u00e9es, elle n\u2019a pas su o\u00f9 Abraham vivait. En 2006, Abraham a commenc\u00e9 \u00e0 avoir une vision floue qui serait plus tard diagnostiqu\u00e9e comme \u00e9tant un glaucome. Un minist\u00e8re local auquel il s\u2019\u00e9tait joint n\u2019a pu lui fournir les r\u00e9ponses \u00e0 ses questions et rapidement il a abandonn\u00e9 son groupe d\u2019\u00e9tude biblique \u00e0 cause de sa mauvaise vue.<\/p>\n<p>Finalement, Abraham a contact\u00e9 son fr\u00e8re Ivan qui \u00e9tait maintenant infirmier travaillant dans un h\u00f4pital Adventiste du Septi\u00e8me Jour, mais il \u00e9tait trop tard pour inverser sa vue d\u00e9faillante. Ivan avait acc\u00e8s aux m\u00e9dicaments qui auraient pu sauver en grande partie la vue d\u2019Abraham. Ivan a r\u00e9alis\u00e9 que si son fr\u00e8re \u00e9tait venu plus t\u00f4t \u00e0 la maison, un m\u00e9dicament aurait pu \u00eatre appliqu\u00e9, mais maintenant Abraham \u00e9tait aveugle.<\/p>\n<p>La famille maintenant r\u00e9unie, Ivan a d\u00e9cid\u00e9 d\u2019apporter autant d\u2019aide que possible \u00e0 Abraham, physiquement et aussi spirituellement. Ils priaient souvent \u00e0 haute voix ensemble quand Ivan lisait la bible \u00e0 Abraham. Ivan \u00e9tait heureux d\u2019\u00eatre de nouveau avec son fr\u00e8re, m\u00eame dans ces conditions.<\/p>\n<p>Abraham a accept\u00e9 son aveuglement comme un fait de la vie, et n\u2019a pas pens\u00e9 pas que Dieu le punissait ou lui envoyait un message. Cependant, comme il d\u00e9pend maintenant des autres, son attention s\u2019est tourn\u00e9e davantage vers Dieu. Abraham a dit: \u00ab Il m\u2019est plus facile de comprendre Dieu maintenant que je suis aveugle. \u00bb<\/p>\n<div id=\"attachment_33745\" style=\"width: 394px\" class=\"wp-caption alignright\"><a href=\"https:\/\/recursing-golick.147-182-135-0.plesk.page\/wp-content\/uploads\/2018\/03\/Ghana-baptisms.gif\" rel=\"fancybox\" title=\"\u00ab Maintenant que j\u2019ai le d\u00e9sir de lire la Bible, je ne peux pas \u00bb\"><img decoding=\"async\" aria-describedby=\"caption-attachment-33745\" class=\" wp-image-33745\" src=\"https:\/\/recursing-golick.147-182-135-0.plesk.page\/wp-content\/uploads\/2018\/03\/Ghana-baptisms.gif\" alt=\"\" width=\"384\" height=\"240\" \/><\/a><p id=\"caption-attachment-33745\" class=\"wp-caption-text\">Abraham Kofi ainsi que d\u2019autres croyants entrent dans la rivi\u00e8re pour se faire baptiser le 10 F\u00e9vrier 2018. Image de Wally Amundson<\/p><\/div>\n<p>Quand Abraham a entendu qu\u2019il y aurait une s\u00e9rie de r\u00e9unions en plein air o\u00f9 il pourrait en apprendre davantage sur la parole de Dieu, il a d\u00e9cid\u00e9 cette fois qu\u2019il reviendrait \u00e0 Dieu. Pendant les r\u00e9unions, en contemplant la mort du Christ pour ses p\u00e9ch\u00e9s, et apr\u00e8s avoir appris que J\u00e9sus lui-m\u00eame s\u2019est fait baptiser, il a aussi r\u00e9alis\u00e9 son besoin de se faire baptiser. Quand j\u2019ai demand\u00e9 Abraham \u00e0 quoi il pensait quand il est venu devant ce soit l\u00e0, il a dit qu\u2019il avait un fort d\u00e9sir de faire partie du peuple de Dieu quand J\u00e9sus viendra.<\/p>\n<p>Lors du bapt\u00eame d\u2019Abraham le sabbat suivant dans un frais ruisseau \u00e0 proximit\u00e9, un Ivan submerg\u00e9 \u00e9tait l\u00e0 pour assister \u00e0 ce miracle de gu\u00e9rison spirituelle. Abraham a dit lors de son bapt\u00eame, qu\u2019il \u00e9tait tr\u00e8s, tr\u00e8s heureux de sa d\u00e9cision. Cela lui a procur\u00e9 une grande joie de savoir qu\u2019il avait donn\u00e9 sa vie au Christ et qu\u2019il avait rejoint la famille de Dieu. Abraham dit qu\u2019il n\u2019a aucun d\u00e9sir de retomber dans son ancienne vie maintenant qu\u2019il a fait l\u2019exp\u00e9rience d\u2019une nouvelle vie avec Dieu. Il proclame que gr\u00e2ce \u00e0 ce que Dieu a fait pour lui, il ne permettra \u00e0 rien de le ramener \u00e0 ses anciennes habitudes. Abraham ressent un sentiment de joie et se sent accueilli par les gens autour de lui maintenant qu\u2019il fait \u00e0 nouveau partie de la famille.<\/p>\n<p>J\u2019ai demand\u00e9 \u00e0 Abraham s\u2019il avait un message pour ceux qui peuvent voir, mais n\u2019ont pas vu ou exp\u00e9riment\u00e9 l\u2019amour de Dieu. J\u2019ai regard\u00e9 les yeux d\u2019Abraham se promener ici et l\u00e0 alors qu\u2019il cherchait sa r\u00e9ponse. Apr\u00e8s une courte pause, Abraham a r\u00e9pondu. \u00ab Ceux qui peuvent voir doivent utiliser cet avantage pour \u2018voir\u2019 Dieu et Sa cr\u00e9ation. Ils ont beaucoup plus de preuves les amenant \u00e0 se soumettre \u00e0 Dieu. Ils devraient se donner au Seigneur. \u00bb<\/p>\n<div id=\"attachment_33739\" style=\"width: 394px\" class=\"wp-caption alignright\"><a href=\"https:\/\/recursing-golick.147-182-135-0.plesk.page\/wp-content\/uploads\/2018\/03\/Baptisms-Wally-Christine.gif\" rel=\"fancybox\" title=\"\u00ab Maintenant que j\u2019ai le d\u00e9sir de lire la Bible, je ne peux pas \u00bb\"><img loading=\"lazy\" decoding=\"async\" aria-describedby=\"caption-attachment-33739\" class=\" wp-image-33739\" src=\"https:\/\/recursing-golick.147-182-135-0.plesk.page\/wp-content\/uploads\/2018\/03\/Baptisms-Wally-Christine.gif\" alt=\"\" width=\"384\" height=\"240\" \/><\/a><p id=\"caption-attachment-33739\" class=\"wp-caption-text\">Wally et Christine Amundson (\u00e0 droite) se tiennent debout avec le groupe qui a \u00e9t\u00e9 baptis\u00e9 lors des efforts d\u2019\u00e9vang\u00e9lisation au Ghana le mois dernier. Image de Wally Amundson.<\/p><\/div>\n<p>En r\u00e9fl\u00e9chissant \u00e0 cette exp\u00e9rience qui change la vie, je voyais Abraham, nuit apr\u00e8s nuit, assis au premier rang face \u00e0 un \u00e9cran de 20 pieds affichant de belles images illustrant l\u2019\u00c9vangile et la Seconde Venue, qu\u2019il ne pouvait pas voir. Le Saint-Esprit a tranquillement r\u00e9veill\u00e9 le c\u0153ur d\u2019Abraham alors qu&rsquo;il \u00e9tait assis l\u00e0 dans l\u2019obscurit\u00e9, approfondissant son sentiment de besoin et lui donnant une vision spirituelle. Ce moment debout au c\u0153ur du Ghana \u00e9tait un avant-go\u00fbt du moment o\u00f9 Abraham verra, cette fois-ci de ses propres yeux, la glorieuse seconde venue de notre Seigneur et Sauveur.<\/p>\n<p>Christine et moi attendons avec impatience ce jour o\u00f9 les paroles de J\u00e9sus aux deux disciples de Jean-Baptiste consign\u00e9es dans Matthieu 11: 5 rev\u00eatiront une nouvelle signification: \u00ab Les aveugles voient &#8230;\u00bb Cette merveilleuse r\u00e9alisation future s\u2019appuie sur le partage par chacun du message de salut maintenant. Unissons-nous aujourd\u2019hui avec la famille de Dieu dans le monde entier pour nous impliquer alors que l\u2019Eglise Adventiste mondiale encourage \u00e0 travers son initiative d\u2019Implication Totale du Membre (TMI). Il y a beaucoup d\u2019autres qui comme Abraham viendront \u00e0 vous sur la Nouvelle Terre avec des c\u0153urs reconnaissants de ce que vous vous soyez impliqu\u00e9s et que vous ayez partag\u00e9 votre foi \u00e0 cette \u00e9poque cruciale de l\u2019histoire de la terre.<\/p>\n<p><em>Pasteur Wally et Christine Amundson ont servi comme missionnaires dans les ann\u00e9es 1980 au Rwanda, au Burundi et en C\u00f4te d\u2019Ivoire, o\u00f9 ils ont \u00e9tabli les premiers bureaux de SAWS (maintenant ADRA) sur le continent africain. Ils ont pris leur retraite de la Division Inter Am\u00e9ricaine (DIA) en 2016 et ont repr\u00e9sent\u00e9 la DIA aux r\u00e9unions d\u2019\u00e9vang\u00e9lisation de TMI au Ghana.<\/em><\/p>\n<p>Traduction: Patrick Luciathe<\/p>\n","protected":false},"excerpt":{"rendered":"<p>Il \u00e9tait difficile de voir dans la nuit noire les 450 auditeurs qui se levaient tous de leurs chaises en plastique dispos\u00e9es en plein air. Certains se rapprochaient de l\u2019estrade en bois en r\u00e9ponse au message ce soir-l\u00e0. Alors que je regardais les jeunes et les vieux commencer \u00e0 se rassembler dans la clairi\u00e8re s\u00e8che et poussi\u00e9reuse, mon regard a \u00e9t\u00e9 attir\u00e9 par un homme plus \u00e2g\u00e9 conduit par la main par une jeune femme. Il \u00e9tait aveugle. Nous avons pri\u00e9 pour ce groupe nouvellement engag\u00e9 que Dieu les garde et les fortifie dans la foi alors que nous continuions \u00e0 \u00e9tudier la Parole de Dieu soir apr\u00e8s soir.<\/p>\n","protected":false},"author":1,"featured_media":40171,"comment_status":"closed","ping_status":"closed","sticky":false,"template":"","format":"standard","meta":{"_acf_changed":false,"footnotes":""},"categories":[18,19],"tags":[],"class_list":["post-39741","post","type-post","status-publish","format-standard","has-post-thumbnail","hentry","category-nouvelles-de-leglise-mondiale","category-rss-francais"],"acf":[],"yoast_head":"<!-- This site is optimized with the Yoast SEO plugin v27.3 - https:\/\/yoast.com\/product\/yoast-seo-wordpress\/ -->\n<title>\u00ab Maintenant que j\u2019ai le d\u00e9sir de lire la Bible, je ne peux pas \u00bb - \u00c9glise Adventiste Du Septieme Jour - Inter Am\u00e9rique Division<\/title>\n<meta name=\"robots\" content=\"index, follow, max-snippet:-1, max-image-preview:large, max-video-preview:-1\" \/>\n<link rel=\"canonical\" href=\"https:\/\/interamerica.org\/fr\/2018\/03\/maintenant-que-jai-le-desir-de-lire-la-bible-je-ne-peux-pas\/\" \/>\n<meta property=\"og:locale\" content=\"fr_FR\" \/>\n<meta property=\"og:type\" content=\"article\" \/>\n<meta property=\"og:title\" content=\"\u00ab Maintenant que j\u2019ai le d\u00e9sir de lire la Bible, je ne peux pas \u00bb - \u00c9glise Adventiste Du Septieme Jour - Inter Am\u00e9rique Division\" \/>\n<meta property=\"og:description\" content=\"Il \u00e9tait difficile de voir dans la nuit noire les 450 auditeurs qui se levaient tous de leurs chaises en plastique dispos\u00e9es en plein air. Certains se rapprochaient de l\u2019estrade en bois en r\u00e9ponse au message ce soir-l\u00e0. Alors que je regardais les jeunes et les vieux commencer \u00e0 se rassembler dans la clairi\u00e8re s\u00e8che et poussi\u00e9reuse, mon regard a \u00e9t\u00e9 attir\u00e9 par un homme plus \u00e2g\u00e9 conduit par la main par une jeune femme. Il \u00e9tait aveugle. Nous avons pri\u00e9 pour ce groupe nouvellement engag\u00e9 que Dieu les garde et les fortifie dans la foi alors que nous continuions \u00e0 \u00e9tudier la Parole de Dieu soir apr\u00e8s soir.\" \/>\n<meta property=\"og:url\" content=\"https:\/\/interamerica.org\/fr\/2018\/03\/maintenant-que-jai-le-desir-de-lire-la-bible-je-ne-peux-pas\/\" \/>\n<meta property=\"og:site_name\" content=\"\u00c9glise Adventiste Du Septieme Jour - Inter Am\u00e9rique Division\" \/>\n<meta property=\"article:published_time\" content=\"2018-03-02T04:00:00+00:00\" \/>\n<meta property=\"article:modified_time\" content=\"2018-04-10T14:55:00+00:00\" \/>\n<meta property=\"og:image\" content=\"https:\/\/interamerica.org\/wp-content\/uploads\/2018\/03\/bible-1869164-1280.jpg\" \/>\n\t<meta property=\"og:image:width\" content=\"1280\" \/>\n\t<meta property=\"og:image:height\" content=\"800\" \/>\n\t<meta property=\"og:image:type\" content=\"image\/jpeg\" \/>\n<meta name=\"author\" content=\"Lorenzo Verduzco\" \/>\n<meta name=\"twitter:card\" content=\"summary_large_image\" \/>\n<meta name=\"twitter:label1\" content=\"\u00c9crit par\" \/>\n\t<meta name=\"twitter:data1\" content=\"Lorenzo Verduzco\" \/>\n\t<meta name=\"twitter:label2\" content=\"Dur\u00e9e de lecture estim\u00e9e\" \/>\n\t<meta name=\"twitter:data2\" content=\"7 minutes\" \/>\n<script type=\"application\/ld+json\" class=\"yoast-schema-graph\">{\"@context\":\"https:\\\/\\\/schema.org\",\"@graph\":[{\"@type\":\"Article\",\"@id\":\"https:\\\/\\\/interamerica.org\\\/fr\\\/2018\\\/03\\\/maintenant-que-jai-le-desir-de-lire-la-bible-je-ne-peux-pas\\\/#article\",\"isPartOf\":{\"@id\":\"https:\\\/\\\/interamerica.org\\\/fr\\\/2018\\\/03\\\/maintenant-que-jai-le-desir-de-lire-la-bible-je-ne-peux-pas\\\/\"},\"author\":{\"name\":\"Lorenzo Verduzco\",\"@id\":\"https:\\\/\\\/interamerica.org\\\/fr\\\/#\\\/schema\\\/person\\\/68ede8bdc292885bb76c1e3810e73c39\"},\"headline\":\"\u00ab Maintenant que j\u2019ai le d\u00e9sir de lire la Bible, je ne peux pas \u00bb\",\"datePublished\":\"2018-03-02T04:00:00+00:00\",\"dateModified\":\"2018-04-10T14:55:00+00:00\",\"mainEntityOfPage\":{\"@id\":\"https:\\\/\\\/interamerica.org\\\/fr\\\/2018\\\/03\\\/maintenant-que-jai-le-desir-de-lire-la-bible-je-ne-peux-pas\\\/\"},\"wordCount\":1419,\"image\":{\"@id\":\"https:\\\/\\\/interamerica.org\\\/fr\\\/2018\\\/03\\\/maintenant-que-jai-le-desir-de-lire-la-bible-je-ne-peux-pas\\\/#primaryimage\"},\"thumbnailUrl\":\"https:\\\/\\\/interamerica.org\\\/wp-content\\\/uploads\\\/2018\\\/03\\\/bible-1869164-1280.jpg\",\"articleSection\":[\"Nouvelles de l'\u00c9glise mondiale\",\"RSS Fran\u00e7ais\"],\"inLanguage\":\"fr-FR\"},{\"@type\":\"WebPage\",\"@id\":\"https:\\\/\\\/interamerica.org\\\/fr\\\/2018\\\/03\\\/maintenant-que-jai-le-desir-de-lire-la-bible-je-ne-peux-pas\\\/\",\"url\":\"https:\\\/\\\/interamerica.org\\\/fr\\\/2018\\\/03\\\/maintenant-que-jai-le-desir-de-lire-la-bible-je-ne-peux-pas\\\/\",\"name\":\"\u00ab Maintenant que j\u2019ai le d\u00e9sir de lire la Bible, je ne peux pas \u00bb - \u00c9glise Adventiste Du Septieme Jour - Inter Am\u00e9rique Division\",\"isPartOf\":{\"@id\":\"https:\\\/\\\/interamerica.org\\\/fr\\\/#website\"},\"primaryImageOfPage\":{\"@id\":\"https:\\\/\\\/interamerica.org\\\/fr\\\/2018\\\/03\\\/maintenant-que-jai-le-desir-de-lire-la-bible-je-ne-peux-pas\\\/#primaryimage\"},\"image\":{\"@id\":\"https:\\\/\\\/interamerica.org\\\/fr\\\/2018\\\/03\\\/maintenant-que-jai-le-desir-de-lire-la-bible-je-ne-peux-pas\\\/#primaryimage\"},\"thumbnailUrl\":\"https:\\\/\\\/interamerica.org\\\/wp-content\\\/uploads\\\/2018\\\/03\\\/bible-1869164-1280.jpg\",\"datePublished\":\"2018-03-02T04:00:00+00:00\",\"dateModified\":\"2018-04-10T14:55:00+00:00\",\"author\":{\"@id\":\"https:\\\/\\\/interamerica.org\\\/fr\\\/#\\\/schema\\\/person\\\/68ede8bdc292885bb76c1e3810e73c39\"},\"breadcrumb\":{\"@id\":\"https:\\\/\\\/interamerica.org\\\/fr\\\/2018\\\/03\\\/maintenant-que-jai-le-desir-de-lire-la-bible-je-ne-peux-pas\\\/#breadcrumb\"},\"inLanguage\":\"fr-FR\",\"potentialAction\":[{\"@type\":\"ReadAction\",\"target\":[\"https:\\\/\\\/interamerica.org\\\/fr\\\/2018\\\/03\\\/maintenant-que-jai-le-desir-de-lire-la-bible-je-ne-peux-pas\\\/\"]}]},{\"@type\":\"ImageObject\",\"inLanguage\":\"fr-FR\",\"@id\":\"https:\\\/\\\/interamerica.org\\\/fr\\\/2018\\\/03\\\/maintenant-que-jai-le-desir-de-lire-la-bible-je-ne-peux-pas\\\/#primaryimage\",\"url\":\"https:\\\/\\\/interamerica.org\\\/wp-content\\\/uploads\\\/2018\\\/03\\\/bible-1869164-1280.jpg\",\"contentUrl\":\"https:\\\/\\\/interamerica.org\\\/wp-content\\\/uploads\\\/2018\\\/03\\\/bible-1869164-1280.jpg\",\"width\":1280,\"height\":800},{\"@type\":\"BreadcrumbList\",\"@id\":\"https:\\\/\\\/interamerica.org\\\/fr\\\/2018\\\/03\\\/maintenant-que-jai-le-desir-de-lire-la-bible-je-ne-peux-pas\\\/#breadcrumb\",\"itemListElement\":[{\"@type\":\"ListItem\",\"position\":1,\"name\":\"Home\",\"item\":\"https:\\\/\\\/interamerica.org\\\/fr\\\/\"},{\"@type\":\"ListItem\",\"position\":2,\"name\":\"\u00ab Maintenant que j\u2019ai le d\u00e9sir de lire la Bible, je ne peux pas \u00bb\"}]},{\"@type\":\"WebSite\",\"@id\":\"https:\\\/\\\/interamerica.org\\\/fr\\\/#website\",\"url\":\"https:\\\/\\\/interamerica.org\\\/fr\\\/\",\"name\":\"\u00c9glise Adventiste Du Septieme Jour - Inter Am\u00e9rique Division\",\"description\":\"\",\"potentialAction\":[{\"@type\":\"SearchAction\",\"target\":{\"@type\":\"EntryPoint\",\"urlTemplate\":\"https:\\\/\\\/interamerica.org\\\/fr\\\/?s={search_term_string}\"},\"query-input\":{\"@type\":\"PropertyValueSpecification\",\"valueRequired\":true,\"valueName\":\"search_term_string\"}}],\"inLanguage\":\"fr-FR\"},{\"@type\":\"Person\",\"@id\":\"https:\\\/\\\/interamerica.org\\\/fr\\\/#\\\/schema\\\/person\\\/68ede8bdc292885bb76c1e3810e73c39\",\"name\":\"Lorenzo Verduzco\",\"image\":{\"@type\":\"ImageObject\",\"inLanguage\":\"fr-FR\",\"@id\":\"https:\\\/\\\/secure.gravatar.com\\\/avatar\\\/fb81a55b6218459490a9c1dc841a34909185b81904c5337b4b27f7a6fd60c49e?s=96&d=mm&r=g\",\"url\":\"https:\\\/\\\/secure.gravatar.com\\\/avatar\\\/fb81a55b6218459490a9c1dc841a34909185b81904c5337b4b27f7a6fd60c49e?s=96&d=mm&r=g\",\"contentUrl\":\"https:\\\/\\\/secure.gravatar.com\\\/avatar\\\/fb81a55b6218459490a9c1dc841a34909185b81904c5337b4b27f7a6fd60c49e?s=96&d=mm&r=g\",\"caption\":\"Lorenzo Verduzco\"}}]}<\/script>\n<!-- \/ Yoast SEO plugin. -->","yoast_head_json":{"title":"\u00ab Maintenant que j\u2019ai le d\u00e9sir de lire la Bible, je ne peux pas \u00bb - \u00c9glise Adventiste Du Septieme Jour - Inter Am\u00e9rique Division","robots":{"index":"index","follow":"follow","max-snippet":"max-snippet:-1","max-image-preview":"max-image-preview:large","max-video-preview":"max-video-preview:-1"},"canonical":"https:\/\/interamerica.org\/fr\/2018\/03\/maintenant-que-jai-le-desir-de-lire-la-bible-je-ne-peux-pas\/","og_locale":"fr_FR","og_type":"article","og_title":"\u00ab Maintenant que j\u2019ai le d\u00e9sir de lire la Bible, je ne peux pas \u00bb - \u00c9glise Adventiste Du Septieme Jour - Inter Am\u00e9rique Division","og_description":"Il \u00e9tait difficile de voir dans la nuit noire les 450 auditeurs qui se levaient tous de leurs chaises en plastique dispos\u00e9es en plein air. Certains se rapprochaient de l\u2019estrade en bois en r\u00e9ponse au message ce soir-l\u00e0. Alors que je regardais les jeunes et les vieux commencer \u00e0 se rassembler dans la clairi\u00e8re s\u00e8che et poussi\u00e9reuse, mon regard a \u00e9t\u00e9 attir\u00e9 par un homme plus \u00e2g\u00e9 conduit par la main par une jeune femme. Il \u00e9tait aveugle. Nous avons pri\u00e9 pour ce groupe nouvellement engag\u00e9 que Dieu les garde et les fortifie dans la foi alors que nous continuions \u00e0 \u00e9tudier la Parole de Dieu soir apr\u00e8s soir.","og_url":"https:\/\/interamerica.org\/fr\/2018\/03\/maintenant-que-jai-le-desir-de-lire-la-bible-je-ne-peux-pas\/","og_site_name":"\u00c9glise Adventiste Du Septieme Jour - Inter Am\u00e9rique Division","article_published_time":"2018-03-02T04:00:00+00:00","article_modified_time":"2018-04-10T14:55:00+00:00","og_image":[{"width":1280,"height":800,"url":"https:\/\/interamerica.org\/wp-content\/uploads\/2018\/03\/bible-1869164-1280.jpg","type":"image\/jpeg"}],"author":"Lorenzo Verduzco","twitter_card":"summary_large_image","twitter_misc":{"\u00c9crit par":"Lorenzo Verduzco","Dur\u00e9e de lecture estim\u00e9e":"7 minutes"},"schema":{"@context":"https:\/\/schema.org","@graph":[{"@type":"Article","@id":"https:\/\/interamerica.org\/fr\/2018\/03\/maintenant-que-jai-le-desir-de-lire-la-bible-je-ne-peux-pas\/#article","isPartOf":{"@id":"https:\/\/interamerica.org\/fr\/2018\/03\/maintenant-que-jai-le-desir-de-lire-la-bible-je-ne-peux-pas\/"},"author":{"name":"Lorenzo Verduzco","@id":"https:\/\/interamerica.org\/fr\/#\/schema\/person\/68ede8bdc292885bb76c1e3810e73c39"},"headline":"\u00ab Maintenant que j\u2019ai le d\u00e9sir de lire la Bible, je ne peux pas \u00bb","datePublished":"2018-03-02T04:00:00+00:00","dateModified":"2018-04-10T14:55:00+00:00","mainEntityOfPage":{"@id":"https:\/\/interamerica.org\/fr\/2018\/03\/maintenant-que-jai-le-desir-de-lire-la-bible-je-ne-peux-pas\/"},"wordCount":1419,"image":{"@id":"https:\/\/interamerica.org\/fr\/2018\/03\/maintenant-que-jai-le-desir-de-lire-la-bible-je-ne-peux-pas\/#primaryimage"},"thumbnailUrl":"https:\/\/interamerica.org\/wp-content\/uploads\/2018\/03\/bible-1869164-1280.jpg","articleSection":["Nouvelles de l'\u00c9glise mondiale","RSS Fran\u00e7ais"],"inLanguage":"fr-FR"},{"@type":"WebPage","@id":"https:\/\/interamerica.org\/fr\/2018\/03\/maintenant-que-jai-le-desir-de-lire-la-bible-je-ne-peux-pas\/","url":"https:\/\/interamerica.org\/fr\/2018\/03\/maintenant-que-jai-le-desir-de-lire-la-bible-je-ne-peux-pas\/","name":"\u00ab Maintenant que j\u2019ai le d\u00e9sir de lire la Bible, je ne peux pas \u00bb - \u00c9glise Adventiste Du Septieme Jour - Inter Am\u00e9rique Division","isPartOf":{"@id":"https:\/\/interamerica.org\/fr\/#website"},"primaryImageOfPage":{"@id":"https:\/\/interamerica.org\/fr\/2018\/03\/maintenant-que-jai-le-desir-de-lire-la-bible-je-ne-peux-pas\/#primaryimage"},"image":{"@id":"https:\/\/interamerica.org\/fr\/2018\/03\/maintenant-que-jai-le-desir-de-lire-la-bible-je-ne-peux-pas\/#primaryimage"},"thumbnailUrl":"https:\/\/interamerica.org\/wp-content\/uploads\/2018\/03\/bible-1869164-1280.jpg","datePublished":"2018-03-02T04:00:00+00:00","dateModified":"2018-04-10T14:55:00+00:00","author":{"@id":"https:\/\/interamerica.org\/fr\/#\/schema\/person\/68ede8bdc292885bb76c1e3810e73c39"},"breadcrumb":{"@id":"https:\/\/interamerica.org\/fr\/2018\/03\/maintenant-que-jai-le-desir-de-lire-la-bible-je-ne-peux-pas\/#breadcrumb"},"inLanguage":"fr-FR","potentialAction":[{"@type":"ReadAction","target":["https:\/\/interamerica.org\/fr\/2018\/03\/maintenant-que-jai-le-desir-de-lire-la-bible-je-ne-peux-pas\/"]}]},{"@type":"ImageObject","inLanguage":"fr-FR","@id":"https:\/\/interamerica.org\/fr\/2018\/03\/maintenant-que-jai-le-desir-de-lire-la-bible-je-ne-peux-pas\/#primaryimage","url":"https:\/\/interamerica.org\/wp-content\/uploads\/2018\/03\/bible-1869164-1280.jpg","contentUrl":"https:\/\/interamerica.org\/wp-content\/uploads\/2018\/03\/bible-1869164-1280.jpg","width":1280,"height":800},{"@type":"BreadcrumbList","@id":"https:\/\/interamerica.org\/fr\/2018\/03\/maintenant-que-jai-le-desir-de-lire-la-bible-je-ne-peux-pas\/#breadcrumb","itemListElement":[{"@type":"ListItem","position":1,"name":"Home","item":"https:\/\/interamerica.org\/fr\/"},{"@type":"ListItem","position":2,"name":"\u00ab Maintenant que j\u2019ai le d\u00e9sir de lire la Bible, je ne peux pas \u00bb"}]},{"@type":"WebSite","@id":"https:\/\/interamerica.org\/fr\/#website","url":"https:\/\/interamerica.org\/fr\/","name":"\u00c9glise Adventiste Du Septieme Jour - Inter Am\u00e9rique Division","description":"","potentialAction":[{"@type":"SearchAction","target":{"@type":"EntryPoint","urlTemplate":"https:\/\/interamerica.org\/fr\/?s={search_term_string}"},"query-input":{"@type":"PropertyValueSpecification","valueRequired":true,"valueName":"search_term_string"}}],"inLanguage":"fr-FR"},{"@type":"Person","@id":"https:\/\/interamerica.org\/fr\/#\/schema\/person\/68ede8bdc292885bb76c1e3810e73c39","name":"Lorenzo Verduzco","image":{"@type":"ImageObject","inLanguage":"fr-FR","@id":"https:\/\/secure.gravatar.com\/avatar\/fb81a55b6218459490a9c1dc841a34909185b81904c5337b4b27f7a6fd60c49e?s=96&d=mm&r=g","url":"https:\/\/secure.gravatar.com\/avatar\/fb81a55b6218459490a9c1dc841a34909185b81904c5337b4b27f7a6fd60c49e?s=96&d=mm&r=g","contentUrl":"https:\/\/secure.gravatar.com\/avatar\/fb81a55b6218459490a9c1dc841a34909185b81904c5337b4b27f7a6fd60c49e?s=96&d=mm&r=g","caption":"Lorenzo Verduzco"}}]}},"_links":{"self":[{"href":"https:\/\/interamerica.org\/fr\/wp-json\/wp\/v2\/posts\/39741","targetHints":{"allow":["GET"]}}],"collection":[{"href":"https:\/\/interamerica.org\/fr\/wp-json\/wp\/v2\/posts"}],"about":[{"href":"https:\/\/interamerica.org\/fr\/wp-json\/wp\/v2\/types\/post"}],"author":[{"embeddable":true,"href":"https:\/\/interamerica.org\/fr\/wp-json\/wp\/v2\/users\/1"}],"replies":[{"embeddable":true,"href":"https:\/\/interamerica.org\/fr\/wp-json\/wp\/v2\/comments?post=39741"}],"version-history":[{"count":0,"href":"https:\/\/interamerica.org\/fr\/wp-json\/wp\/v2\/posts\/39741\/revisions"}],"wp:featuredmedia":[{"embeddable":true,"href":"https:\/\/interamerica.org\/fr\/wp-json\/wp\/v2\/media\/40171"}],"wp:attachment":[{"href":"https:\/\/interamerica.org\/fr\/wp-json\/wp\/v2\/media?parent=39741"}],"wp:term":[{"taxonomy":"category","embeddable":true,"href":"https:\/\/interamerica.org\/fr\/wp-json\/wp\/v2\/categories?post=39741"},{"taxonomy":"post_tag","embeddable":true,"href":"https:\/\/interamerica.org\/fr\/wp-json\/wp\/v2\/tags?post=39741"}],"curies":[{"name":"wp","href":"https:\/\/api.w.org\/{rel}","templated":true}]}}