{"id":39742,"date":"2018-03-02T00:00:00","date_gmt":"2018-03-02T04:00:00","guid":{"rendered":"http:\/\/192.81.217.108\/2018\/03\/des-adventistes-se-portent-volontaires-dans-les-iles-vierges-britanniques-pour-la-reconstruction-post-ouragan\/"},"modified":"2018-04-06T22:49:35","modified_gmt":"2018-04-07T02:49:35","slug":"des-adventistes-se-portent-volontaires-dans-les-iles-vierges-britanniques-pour-la-reconstruction-post-ouragan","status":"publish","type":"post","link":"https:\/\/interamerica.org\/fr\/2018\/03\/des-adventistes-se-portent-volontaires-dans-les-iles-vierges-britanniques-pour-la-reconstruction-post-ouragan\/","title":{"rendered":"Des Adventistes se portent volontaires dans les Iles Vierges Britanniques pour la reconstruction post ouragan"},"content":{"rendered":"<p>&nbsp;<\/p>\n<div id=\"attachment_33761\" style=\"width: 760px\" class=\"wp-caption aligncenter\"><a href=\"https:\/\/recursing-golick.147-182-135-0.plesk.page\/wp-content\/uploads\/2018\/03\/Gorda-rebuilt-home.jpg\" rel=\"fancybox\" title=\"Des Adventistes se portent volontaires dans les Iles Vierges Britanniques pour la reconstruction post ouragan\"><img fetchpriority=\"high\" decoding=\"async\" aria-describedby=\"caption-attachment-33761\" class=\" wp-image-33761\" src=\"https:\/\/recursing-golick.147-182-135-0.plesk.page\/wp-content\/uploads\/2018\/03\/Gorda-rebuilt-home.jpg\" alt=\"\" width=\"750\" height=\"469\" \/><\/a><p id=\"caption-attachment-33761\" class=\"wp-caption-text\">Le toit de cette maison a \u00e9t\u00e9 reconstruit par des b\u00e9n\u00e9voles Adventistes \u00e0 Vista Gorda dans les Iles Vierges Britanniques. Image de Sylvester Williams<\/p><\/div>\n<p>2 mars 2018 | St. Croix, \u00celes Vierges Am\u00e9ricaines | CCN \/ DIA<\/p>\n<p>Les Adventistes du Septi\u00e8me Jour dans les Iles Vierges Britanniques ont donn\u00e9 b\u00e9n\u00e9volement de leur temps et de leurs talents pour de nombreux projets de reconstruction de toitures au lendemain de la saison cyclonique 2017 qui a \u00e9t\u00e9 d\u00e9vastatrice. Les Iles Vierges Britanniques comprennent Virgin Gorda, Tortola et St. Martin.<\/p>\n<p>Des dizaines de b\u00e9n\u00e9voles ont entrepris de reconstruire des toitures, des murs et d\u2019aider les nombreuses personnes dont la vie a \u00e9t\u00e9 perturb\u00e9e par les vents destructeurs des ouragans Irma et Maria.<\/p>\n<div id=\"attachment_33764\" style=\"width: 332px\" class=\"wp-caption alignright\"><a href=\"https:\/\/recursing-golick.147-182-135-0.plesk.page\/wp-content\/uploads\/2018\/03\/Gorda-roof-rebuilt.jpg\" rel=\"fancybox\" title=\"Des Adventistes se portent volontaires dans les Iles Vierges Britanniques pour la reconstruction post ouragan\"><img decoding=\"async\" aria-describedby=\"caption-attachment-33764\" class=\" wp-image-33764\" src=\"https:\/\/recursing-golick.147-182-135-0.plesk.page\/wp-content\/uploads\/2018\/03\/Gorda-roof-rebuilt.jpg\" alt=\"\" width=\"322\" height=\"429\" \/><\/a><p id=\"caption-attachment-33764\" class=\"wp-caption-text\">Un membre d\u2019\u00e9glise Adventiste travaille b\u00e9n\u00e9volement sur un toit \u00e0 Vista Gorda. Image de Sylvester Williams<\/p><\/div>\n<p>\u00ab L\u2019\u00c9glise Adventiste du Septi\u00e8me Jour croit que la pr\u00e9dication de la Bonne Nouvelle doit \u00eatre accompagn\u00e9e de bonnes actions, donc la communaut\u00e9 doit \u00eatre touch\u00e9e par l\u2019impact de l\u2019\u00e9glise, \u00bb a d\u00e9clar\u00e9 Henry Peters, directeur des services communautaires de l\u2019Eglise Adventiste dans l\u2019Union du Nord de la Cara\u00efbe. \u00ab Il s\u2019agit d\u2019accomplir la mission que nous embrassons tous. \u00bb<\/p>\n<p>Henry Peters a dit que le b\u00e9n\u00e9volat signifiait plus pour les membres de l\u2019\u00e9glise que simplement construire une maison. \u00ab Ils construisent des relations significatives tout en travaillant c\u00f4te \u00e0 c\u00f4te et en partageant l\u2019amour de J\u00e9sus, \u00bb a d\u00e9clar\u00e9 Henry Peters. \u00ab C\u2019est vraiment une exp\u00e9rience qui change la vie pour les fr\u00e8res et pour la communaut\u00e9. \u00bb<\/p>\n<p>Les b\u00e9n\u00e9voles ont compl\u00e8tement reconstruit toute la toiture d\u2019une maison, un travail qui a dur\u00e9 cinq semaines, ont indiqu\u00e9 les dirigeants d\u2019\u00e9glise.<\/p>\n<p>Le comit\u00e9 de construction de l\u2019\u00e9glise Adventiste de Virgin Gorda a galvanis\u00e9 tous les membres valides pour investir les week-ends et les apr\u00e8s-midi dans des projets communautaires de remplacement de toitures. Les mat\u00e9riaux de construction ont \u00e9t\u00e9 fournis par un donateur priv\u00e9 de la R\u00e9publique Tch\u00e8que et ont \u00e9t\u00e9 donn\u00e9s aux r\u00e9sidents qui n\u2019ont pas d\u2019assurance pour couvrir les co\u00fbts de remplacement.<\/p>\n<p>Le gouvernement, apr\u00e8s avoir entendu parler de l\u2019initiative, a fourni des gants, des scies, des cordes d\u2019extension et des outils pour aider \u00e0 la reconstruction.<\/p>\n<p>\u00ab Nous sommes en train d\u2019aider [les habitants] \u00e0 reconstruire leurs maisons, \u00bb a d\u00e9clar\u00e9 le pasteur de district, Sylvester Williams. \u00ab Une vie touch\u00e9e par Dieu finit toujours par toucher les autres. \u00bb Il s\u2019agit de toucher les vies par l\u2019influence positive, la compassion et l\u2019attention, a-t-il dit. \u00ab L\u2019amour est le meilleur moyen de diriger et d\u2019amener les autres \u00e0 Dieu. C\u2019est un projet de service de l\u2019\u00e9glise dans la communaut\u00e9, \u00bb a-t-il ajout\u00e9.<\/p>\n<div id=\"attachment_33767\" style=\"width: 332px\" class=\"wp-caption alignright\"><a href=\"https:\/\/recursing-golick.147-182-135-0.plesk.page\/wp-content\/uploads\/2018\/03\/gorda-rebuilding-.jpg\" rel=\"fancybox\" title=\"Des Adventistes se portent volontaires dans les Iles Vierges Britanniques pour la reconstruction post ouragan\"><img decoding=\"async\" aria-describedby=\"caption-attachment-33767\" class=\" wp-image-33767\" src=\"https:\/\/recursing-golick.147-182-135-0.plesk.page\/wp-content\/uploads\/2018\/03\/gorda-rebuilding-.jpg\" alt=\"\" width=\"322\" height=\"429\" \/><\/a><p id=\"caption-attachment-33767\" class=\"wp-caption-text\">Une maison \u00e0 Vista Gorda en cours de reconstruction par les membres de l\u2019\u00e9glise locale l\u00e0-bas. Image de Sylvester Williams<\/p><\/div>\n<p>D\u2019autre part, la communaut\u00e9 des croyants \u00e0 Tortola est pr\u00eate elle aussi pour la reconstruction. Contrairement \u00e0 son \u00e9glise s\u0153ur de Virgin Gorda qui a \u00e9t\u00e9 relativement peu touch\u00e9e, les sites de l\u2019Eglise Adventiste \u00e0 Tortola ont subi des d\u00e9g\u00e2ts importants. L\u2019\u00e9glise Adventiste de Carrot Bay a \u00e9t\u00e9 s\u00e9v\u00e8rement touch\u00e9e par les eaux de l\u2019ouragan, le premier \u00e9tage de l\u2019\u00e9glise Adventiste de Road Town a \u00e9t\u00e9 d\u00e9moli, et l\u2019\u00e9cole de l\u2019\u00e9glise a aussi \u00e9t\u00e9 gravement endommag\u00e9e.<\/p>\n<p>\u00ab Dieu a \u00e9t\u00e9 bon envers nous, et nous avan\u00e7ons, \u00bb a d\u00e9clar\u00e9 Nigel Henry, un ancien d\u2019\u00e9glise de l\u2019\u00eele de Tortola. Il a dit que les membres d\u2019\u00e9glise demeurent optimistes malgr\u00e9 le lent processus de reconstruction.<\/p>\n<p>\u00ab Les membres continuent d\u2019\u00eatre forts et r\u00e9silients. Beaucoup d\u2019entre eux ont \u00e9t\u00e9 touch\u00e9s, et nous essayons de faire tout ce que nous pouvons pour les soutenir et \u00eatre l\u00e0 pour eux, \u00bb a ajout\u00e9 pasteur Howard Simon, l\u2019un des deux pasteurs Adventistes sur l\u2019ile de Tortola.<\/p>\n<p>A St. Martin, les membres de l\u2019\u00e9glise Adventiste de Philipsburg sont \u00e9galement engag\u00e9s dans la reconstruction. L\u2019\u00e9glise a vot\u00e9 de d\u00e9penser 30000 dollars pour aider ses membres \u00e0 reconstruire leur vie et provision a \u00e9t\u00e9 faite pour la communaut\u00e9. \u00ab C\u2019est un effort louable de la part de l\u2019\u00e9glise et de ses membres, \u00bb a d\u00e9clar\u00e9 pasteur Desmond James, pr\u00e9sident de l\u2019Eglise Adventiste dans l\u2019Union du Nord de la Cara\u00efbe. \u00ab Il s\u2019agit de construire des ponts avec votre communaut\u00e9. \u00bb<\/p>\n<p>La communaut\u00e9 Adventiste du Septi\u00e8me Jour dans les Iles Vierges Britanniques se r\u00e9unit pour adorer dans neuf congr\u00e9gations dirig\u00e9es par trois pasteurs. L\u2019\u00e9glise g\u00e8re l\u2019Ecole Adventiste BVI, qui est une institution accr\u00e9dit\u00e9e comptant plus de 300 \u00e9tudiants dans les sections primaires et secondaires. \u00c0 Saint-Martin, la communaut\u00e9 des croyants adore dans neuf congr\u00e9gations et g\u00e8re une \u00e9cole primaire. Les institutions d\u2019influence dans les Iles Vierges Britanniques et \u00e0 Saint-Martin sont g\u00e9r\u00e9es par la F\u00e9d\u00e9ration Adventiste du Septi\u00e8me Jour du Nord de la Cara\u00efbe.<\/p>\n<p>&nbsp;<\/p>\n<p>Traduction: Patrick Luciathe<\/p>\n","protected":false},"excerpt":{"rendered":"<p>Les Adventistes du Septi\u00e8me Jour dans les Iles Vierges Britanniques ont donn\u00e9 b\u00e9n\u00e9volement de leur temps et de leurs talents pour de nombreux projets de reconstruction de toitures au lendemain de la saison cyclonique 2017 qui a \u00e9t\u00e9 d\u00e9vastatrice. Les Iles Vierges Britanniques comprennent Virgin Gorda, Tortola et St. Martin.<\/p>\n<p>Des dizaines de b\u00e9n\u00e9voles ont entrepris de reconstruire des toitures, des murs et d\u2019aider les nombreuses personnes dont la vie a \u00e9t\u00e9 perturb\u00e9e par les vents destructeurs des ouragans Irma et Maria.<\/p>\n","protected":false},"author":1,"featured_media":39581,"comment_status":"closed","ping_status":"closed","sticky":false,"template":"","format":"standard","meta":{"_acf_changed":false,"footnotes":""},"categories":[21,19],"tags":[],"class_list":["post-39742","post","type-post","status-publish","format-standard","has-post-thumbnail","hentry","category-nouvelles-du-territoire","category-rss-francais"],"acf":[],"yoast_head":"<!-- This site is optimized with the Yoast SEO plugin v27.3 - https:\/\/yoast.com\/product\/yoast-seo-wordpress\/ -->\n<title>Des Adventistes se portent volontaires dans les Iles Vierges Britanniques pour la reconstruction post ouragan - \u00c9glise Adventiste Du Septieme Jour - Inter Am\u00e9rique Division<\/title>\n<meta name=\"robots\" content=\"index, follow, max-snippet:-1, max-image-preview:large, max-video-preview:-1\" \/>\n<link rel=\"canonical\" href=\"https:\/\/interamerica.org\/fr\/2018\/03\/des-adventistes-se-portent-volontaires-dans-les-iles-vierges-britanniques-pour-la-reconstruction-post-ouragan\/\" \/>\n<meta property=\"og:locale\" content=\"fr_FR\" \/>\n<meta property=\"og:type\" content=\"article\" \/>\n<meta property=\"og:title\" content=\"Des Adventistes se portent volontaires dans les Iles Vierges Britanniques pour la reconstruction post ouragan - \u00c9glise Adventiste Du Septieme Jour - Inter Am\u00e9rique Division\" \/>\n<meta property=\"og:description\" content=\"Les Adventistes du Septi\u00e8me Jour dans les Iles Vierges Britanniques ont donn\u00e9 b\u00e9n\u00e9volement de leur temps et de leurs talents pour de nombreux projets de reconstruction de toitures au lendemain de la saison cyclonique 2017 qui a \u00e9t\u00e9 d\u00e9vastatrice. Les Iles Vierges Britanniques comprennent Virgin Gorda, Tortola et St. Martin.  Des dizaines de b\u00e9n\u00e9voles ont entrepris de reconstruire des toitures, des murs et d\u2019aider les nombreuses personnes dont la vie a \u00e9t\u00e9 perturb\u00e9e par les vents destructeurs des ouragans Irma et Maria.\" \/>\n<meta property=\"og:url\" content=\"https:\/\/interamerica.org\/fr\/2018\/03\/des-adventistes-se-portent-volontaires-dans-les-iles-vierges-britanniques-pour-la-reconstruction-post-ouragan\/\" \/>\n<meta property=\"og:site_name\" content=\"\u00c9glise Adventiste Du Septieme Jour - Inter Am\u00e9rique Division\" \/>\n<meta property=\"article:published_time\" content=\"2018-03-02T04:00:00+00:00\" \/>\n<meta property=\"article:modified_time\" content=\"2018-04-07T02:49:35+00:00\" \/>\n<meta property=\"og:image\" content=\"https:\/\/interamerica.org\/wp-content\/uploads\/2018\/04\/gorda-roof-rebuilt.jpg\" \/>\n\t<meta property=\"og:image:width\" content=\"622\" \/>\n\t<meta property=\"og:image:height\" content=\"828\" \/>\n\t<meta property=\"og:image:type\" content=\"image\/jpeg\" \/>\n<meta name=\"author\" content=\"Lorenzo Verduzco\" \/>\n<meta name=\"twitter:card\" content=\"summary_large_image\" \/>\n<meta name=\"twitter:label1\" content=\"\u00c9crit par\" \/>\n\t<meta name=\"twitter:data1\" content=\"Lorenzo Verduzco\" \/>\n\t<meta name=\"twitter:label2\" content=\"Dur\u00e9e de lecture estim\u00e9e\" \/>\n\t<meta name=\"twitter:data2\" content=\"4 minutes\" \/>\n<script type=\"application\/ld+json\" class=\"yoast-schema-graph\">{\"@context\":\"https:\\\/\\\/schema.org\",\"@graph\":[{\"@type\":\"Article\",\"@id\":\"https:\\\/\\\/interamerica.org\\\/fr\\\/2018\\\/03\\\/des-adventistes-se-portent-volontaires-dans-les-iles-vierges-britanniques-pour-la-reconstruction-post-ouragan\\\/#article\",\"isPartOf\":{\"@id\":\"https:\\\/\\\/interamerica.org\\\/fr\\\/2018\\\/03\\\/des-adventistes-se-portent-volontaires-dans-les-iles-vierges-britanniques-pour-la-reconstruction-post-ouragan\\\/\"},\"author\":{\"name\":\"Lorenzo Verduzco\",\"@id\":\"https:\\\/\\\/interamerica.org\\\/fr\\\/#\\\/schema\\\/person\\\/68ede8bdc292885bb76c1e3810e73c39\"},\"headline\":\"Des Adventistes se portent volontaires dans les Iles Vierges Britanniques pour la reconstruction post ouragan\",\"datePublished\":\"2018-03-02T04:00:00+00:00\",\"dateModified\":\"2018-04-07T02:49:35+00:00\",\"mainEntityOfPage\":{\"@id\":\"https:\\\/\\\/interamerica.org\\\/fr\\\/2018\\\/03\\\/des-adventistes-se-portent-volontaires-dans-les-iles-vierges-britanniques-pour-la-reconstruction-post-ouragan\\\/\"},\"wordCount\":907,\"image\":{\"@id\":\"https:\\\/\\\/interamerica.org\\\/fr\\\/2018\\\/03\\\/des-adventistes-se-portent-volontaires-dans-les-iles-vierges-britanniques-pour-la-reconstruction-post-ouragan\\\/#primaryimage\"},\"thumbnailUrl\":\"https:\\\/\\\/interamerica.org\\\/wp-content\\\/uploads\\\/2018\\\/04\\\/gorda-roof-rebuilt.jpg\",\"articleSection\":[\"Nouvelles du territoire\",\"RSS Fran\u00e7ais\"],\"inLanguage\":\"fr-FR\"},{\"@type\":\"WebPage\",\"@id\":\"https:\\\/\\\/interamerica.org\\\/fr\\\/2018\\\/03\\\/des-adventistes-se-portent-volontaires-dans-les-iles-vierges-britanniques-pour-la-reconstruction-post-ouragan\\\/\",\"url\":\"https:\\\/\\\/interamerica.org\\\/fr\\\/2018\\\/03\\\/des-adventistes-se-portent-volontaires-dans-les-iles-vierges-britanniques-pour-la-reconstruction-post-ouragan\\\/\",\"name\":\"Des Adventistes se portent volontaires dans les Iles Vierges Britanniques pour la reconstruction post ouragan - \u00c9glise Adventiste Du Septieme Jour - Inter Am\u00e9rique Division\",\"isPartOf\":{\"@id\":\"https:\\\/\\\/interamerica.org\\\/fr\\\/#website\"},\"primaryImageOfPage\":{\"@id\":\"https:\\\/\\\/interamerica.org\\\/fr\\\/2018\\\/03\\\/des-adventistes-se-portent-volontaires-dans-les-iles-vierges-britanniques-pour-la-reconstruction-post-ouragan\\\/#primaryimage\"},\"image\":{\"@id\":\"https:\\\/\\\/interamerica.org\\\/fr\\\/2018\\\/03\\\/des-adventistes-se-portent-volontaires-dans-les-iles-vierges-britanniques-pour-la-reconstruction-post-ouragan\\\/#primaryimage\"},\"thumbnailUrl\":\"https:\\\/\\\/interamerica.org\\\/wp-content\\\/uploads\\\/2018\\\/04\\\/gorda-roof-rebuilt.jpg\",\"datePublished\":\"2018-03-02T04:00:00+00:00\",\"dateModified\":\"2018-04-07T02:49:35+00:00\",\"author\":{\"@id\":\"https:\\\/\\\/interamerica.org\\\/fr\\\/#\\\/schema\\\/person\\\/68ede8bdc292885bb76c1e3810e73c39\"},\"breadcrumb\":{\"@id\":\"https:\\\/\\\/interamerica.org\\\/fr\\\/2018\\\/03\\\/des-adventistes-se-portent-volontaires-dans-les-iles-vierges-britanniques-pour-la-reconstruction-post-ouragan\\\/#breadcrumb\"},\"inLanguage\":\"fr-FR\",\"potentialAction\":[{\"@type\":\"ReadAction\",\"target\":[\"https:\\\/\\\/interamerica.org\\\/fr\\\/2018\\\/03\\\/des-adventistes-se-portent-volontaires-dans-les-iles-vierges-britanniques-pour-la-reconstruction-post-ouragan\\\/\"]}]},{\"@type\":\"ImageObject\",\"inLanguage\":\"fr-FR\",\"@id\":\"https:\\\/\\\/interamerica.org\\\/fr\\\/2018\\\/03\\\/des-adventistes-se-portent-volontaires-dans-les-iles-vierges-britanniques-pour-la-reconstruction-post-ouragan\\\/#primaryimage\",\"url\":\"https:\\\/\\\/interamerica.org\\\/wp-content\\\/uploads\\\/2018\\\/04\\\/gorda-roof-rebuilt.jpg\",\"contentUrl\":\"https:\\\/\\\/interamerica.org\\\/wp-content\\\/uploads\\\/2018\\\/04\\\/gorda-roof-rebuilt.jpg\",\"width\":622,\"height\":828},{\"@type\":\"BreadcrumbList\",\"@id\":\"https:\\\/\\\/interamerica.org\\\/fr\\\/2018\\\/03\\\/des-adventistes-se-portent-volontaires-dans-les-iles-vierges-britanniques-pour-la-reconstruction-post-ouragan\\\/#breadcrumb\",\"itemListElement\":[{\"@type\":\"ListItem\",\"position\":1,\"name\":\"Home\",\"item\":\"https:\\\/\\\/interamerica.org\\\/fr\\\/\"},{\"@type\":\"ListItem\",\"position\":2,\"name\":\"Des Adventistes se portent volontaires dans les Iles Vierges Britanniques pour la reconstruction post ouragan\"}]},{\"@type\":\"WebSite\",\"@id\":\"https:\\\/\\\/interamerica.org\\\/fr\\\/#website\",\"url\":\"https:\\\/\\\/interamerica.org\\\/fr\\\/\",\"name\":\"\u00c9glise Adventiste Du Septieme Jour - Inter Am\u00e9rique Division\",\"description\":\"\",\"potentialAction\":[{\"@type\":\"SearchAction\",\"target\":{\"@type\":\"EntryPoint\",\"urlTemplate\":\"https:\\\/\\\/interamerica.org\\\/fr\\\/?s={search_term_string}\"},\"query-input\":{\"@type\":\"PropertyValueSpecification\",\"valueRequired\":true,\"valueName\":\"search_term_string\"}}],\"inLanguage\":\"fr-FR\"},{\"@type\":\"Person\",\"@id\":\"https:\\\/\\\/interamerica.org\\\/fr\\\/#\\\/schema\\\/person\\\/68ede8bdc292885bb76c1e3810e73c39\",\"name\":\"Lorenzo Verduzco\",\"image\":{\"@type\":\"ImageObject\",\"inLanguage\":\"fr-FR\",\"@id\":\"https:\\\/\\\/secure.gravatar.com\\\/avatar\\\/fb81a55b6218459490a9c1dc841a34909185b81904c5337b4b27f7a6fd60c49e?s=96&d=mm&r=g\",\"url\":\"https:\\\/\\\/secure.gravatar.com\\\/avatar\\\/fb81a55b6218459490a9c1dc841a34909185b81904c5337b4b27f7a6fd60c49e?s=96&d=mm&r=g\",\"contentUrl\":\"https:\\\/\\\/secure.gravatar.com\\\/avatar\\\/fb81a55b6218459490a9c1dc841a34909185b81904c5337b4b27f7a6fd60c49e?s=96&d=mm&r=g\",\"caption\":\"Lorenzo Verduzco\"}}]}<\/script>\n<!-- \/ Yoast SEO plugin. -->","yoast_head_json":{"title":"Des Adventistes se portent volontaires dans les Iles Vierges Britanniques pour la reconstruction post ouragan - \u00c9glise Adventiste Du Septieme Jour - Inter Am\u00e9rique Division","robots":{"index":"index","follow":"follow","max-snippet":"max-snippet:-1","max-image-preview":"max-image-preview:large","max-video-preview":"max-video-preview:-1"},"canonical":"https:\/\/interamerica.org\/fr\/2018\/03\/des-adventistes-se-portent-volontaires-dans-les-iles-vierges-britanniques-pour-la-reconstruction-post-ouragan\/","og_locale":"fr_FR","og_type":"article","og_title":"Des Adventistes se portent volontaires dans les Iles Vierges Britanniques pour la reconstruction post ouragan - \u00c9glise Adventiste Du Septieme Jour - Inter Am\u00e9rique Division","og_description":"Les Adventistes du Septi\u00e8me Jour dans les Iles Vierges Britanniques ont donn\u00e9 b\u00e9n\u00e9volement de leur temps et de leurs talents pour de nombreux projets de reconstruction de toitures au lendemain de la saison cyclonique 2017 qui a \u00e9t\u00e9 d\u00e9vastatrice. Les Iles Vierges Britanniques comprennent Virgin Gorda, Tortola et St. Martin.  Des dizaines de b\u00e9n\u00e9voles ont entrepris de reconstruire des toitures, des murs et d\u2019aider les nombreuses personnes dont la vie a \u00e9t\u00e9 perturb\u00e9e par les vents destructeurs des ouragans Irma et Maria.","og_url":"https:\/\/interamerica.org\/fr\/2018\/03\/des-adventistes-se-portent-volontaires-dans-les-iles-vierges-britanniques-pour-la-reconstruction-post-ouragan\/","og_site_name":"\u00c9glise Adventiste Du Septieme Jour - Inter Am\u00e9rique Division","article_published_time":"2018-03-02T04:00:00+00:00","article_modified_time":"2018-04-07T02:49:35+00:00","og_image":[{"width":622,"height":828,"url":"https:\/\/interamerica.org\/wp-content\/uploads\/2018\/04\/gorda-roof-rebuilt.jpg","type":"image\/jpeg"}],"author":"Lorenzo Verduzco","twitter_card":"summary_large_image","twitter_misc":{"\u00c9crit par":"Lorenzo Verduzco","Dur\u00e9e de lecture estim\u00e9e":"4 minutes"},"schema":{"@context":"https:\/\/schema.org","@graph":[{"@type":"Article","@id":"https:\/\/interamerica.org\/fr\/2018\/03\/des-adventistes-se-portent-volontaires-dans-les-iles-vierges-britanniques-pour-la-reconstruction-post-ouragan\/#article","isPartOf":{"@id":"https:\/\/interamerica.org\/fr\/2018\/03\/des-adventistes-se-portent-volontaires-dans-les-iles-vierges-britanniques-pour-la-reconstruction-post-ouragan\/"},"author":{"name":"Lorenzo Verduzco","@id":"https:\/\/interamerica.org\/fr\/#\/schema\/person\/68ede8bdc292885bb76c1e3810e73c39"},"headline":"Des Adventistes se portent volontaires dans les Iles Vierges Britanniques pour la reconstruction post ouragan","datePublished":"2018-03-02T04:00:00+00:00","dateModified":"2018-04-07T02:49:35+00:00","mainEntityOfPage":{"@id":"https:\/\/interamerica.org\/fr\/2018\/03\/des-adventistes-se-portent-volontaires-dans-les-iles-vierges-britanniques-pour-la-reconstruction-post-ouragan\/"},"wordCount":907,"image":{"@id":"https:\/\/interamerica.org\/fr\/2018\/03\/des-adventistes-se-portent-volontaires-dans-les-iles-vierges-britanniques-pour-la-reconstruction-post-ouragan\/#primaryimage"},"thumbnailUrl":"https:\/\/interamerica.org\/wp-content\/uploads\/2018\/04\/gorda-roof-rebuilt.jpg","articleSection":["Nouvelles du territoire","RSS Fran\u00e7ais"],"inLanguage":"fr-FR"},{"@type":"WebPage","@id":"https:\/\/interamerica.org\/fr\/2018\/03\/des-adventistes-se-portent-volontaires-dans-les-iles-vierges-britanniques-pour-la-reconstruction-post-ouragan\/","url":"https:\/\/interamerica.org\/fr\/2018\/03\/des-adventistes-se-portent-volontaires-dans-les-iles-vierges-britanniques-pour-la-reconstruction-post-ouragan\/","name":"Des Adventistes se portent volontaires dans les Iles Vierges Britanniques pour la reconstruction post ouragan - \u00c9glise Adventiste Du Septieme Jour - Inter Am\u00e9rique Division","isPartOf":{"@id":"https:\/\/interamerica.org\/fr\/#website"},"primaryImageOfPage":{"@id":"https:\/\/interamerica.org\/fr\/2018\/03\/des-adventistes-se-portent-volontaires-dans-les-iles-vierges-britanniques-pour-la-reconstruction-post-ouragan\/#primaryimage"},"image":{"@id":"https:\/\/interamerica.org\/fr\/2018\/03\/des-adventistes-se-portent-volontaires-dans-les-iles-vierges-britanniques-pour-la-reconstruction-post-ouragan\/#primaryimage"},"thumbnailUrl":"https:\/\/interamerica.org\/wp-content\/uploads\/2018\/04\/gorda-roof-rebuilt.jpg","datePublished":"2018-03-02T04:00:00+00:00","dateModified":"2018-04-07T02:49:35+00:00","author":{"@id":"https:\/\/interamerica.org\/fr\/#\/schema\/person\/68ede8bdc292885bb76c1e3810e73c39"},"breadcrumb":{"@id":"https:\/\/interamerica.org\/fr\/2018\/03\/des-adventistes-se-portent-volontaires-dans-les-iles-vierges-britanniques-pour-la-reconstruction-post-ouragan\/#breadcrumb"},"inLanguage":"fr-FR","potentialAction":[{"@type":"ReadAction","target":["https:\/\/interamerica.org\/fr\/2018\/03\/des-adventistes-se-portent-volontaires-dans-les-iles-vierges-britanniques-pour-la-reconstruction-post-ouragan\/"]}]},{"@type":"ImageObject","inLanguage":"fr-FR","@id":"https:\/\/interamerica.org\/fr\/2018\/03\/des-adventistes-se-portent-volontaires-dans-les-iles-vierges-britanniques-pour-la-reconstruction-post-ouragan\/#primaryimage","url":"https:\/\/interamerica.org\/wp-content\/uploads\/2018\/04\/gorda-roof-rebuilt.jpg","contentUrl":"https:\/\/interamerica.org\/wp-content\/uploads\/2018\/04\/gorda-roof-rebuilt.jpg","width":622,"height":828},{"@type":"BreadcrumbList","@id":"https:\/\/interamerica.org\/fr\/2018\/03\/des-adventistes-se-portent-volontaires-dans-les-iles-vierges-britanniques-pour-la-reconstruction-post-ouragan\/#breadcrumb","itemListElement":[{"@type":"ListItem","position":1,"name":"Home","item":"https:\/\/interamerica.org\/fr\/"},{"@type":"ListItem","position":2,"name":"Des Adventistes se portent volontaires dans les Iles Vierges Britanniques pour la reconstruction post ouragan"}]},{"@type":"WebSite","@id":"https:\/\/interamerica.org\/fr\/#website","url":"https:\/\/interamerica.org\/fr\/","name":"\u00c9glise Adventiste Du Septieme Jour - Inter Am\u00e9rique Division","description":"","potentialAction":[{"@type":"SearchAction","target":{"@type":"EntryPoint","urlTemplate":"https:\/\/interamerica.org\/fr\/?s={search_term_string}"},"query-input":{"@type":"PropertyValueSpecification","valueRequired":true,"valueName":"search_term_string"}}],"inLanguage":"fr-FR"},{"@type":"Person","@id":"https:\/\/interamerica.org\/fr\/#\/schema\/person\/68ede8bdc292885bb76c1e3810e73c39","name":"Lorenzo Verduzco","image":{"@type":"ImageObject","inLanguage":"fr-FR","@id":"https:\/\/secure.gravatar.com\/avatar\/fb81a55b6218459490a9c1dc841a34909185b81904c5337b4b27f7a6fd60c49e?s=96&d=mm&r=g","url":"https:\/\/secure.gravatar.com\/avatar\/fb81a55b6218459490a9c1dc841a34909185b81904c5337b4b27f7a6fd60c49e?s=96&d=mm&r=g","contentUrl":"https:\/\/secure.gravatar.com\/avatar\/fb81a55b6218459490a9c1dc841a34909185b81904c5337b4b27f7a6fd60c49e?s=96&d=mm&r=g","caption":"Lorenzo Verduzco"}}]}},"_links":{"self":[{"href":"https:\/\/interamerica.org\/fr\/wp-json\/wp\/v2\/posts\/39742","targetHints":{"allow":["GET"]}}],"collection":[{"href":"https:\/\/interamerica.org\/fr\/wp-json\/wp\/v2\/posts"}],"about":[{"href":"https:\/\/interamerica.org\/fr\/wp-json\/wp\/v2\/types\/post"}],"author":[{"embeddable":true,"href":"https:\/\/interamerica.org\/fr\/wp-json\/wp\/v2\/users\/1"}],"replies":[{"embeddable":true,"href":"https:\/\/interamerica.org\/fr\/wp-json\/wp\/v2\/comments?post=39742"}],"version-history":[{"count":0,"href":"https:\/\/interamerica.org\/fr\/wp-json\/wp\/v2\/posts\/39742\/revisions"}],"wp:featuredmedia":[{"embeddable":true,"href":"https:\/\/interamerica.org\/fr\/wp-json\/wp\/v2\/media\/39581"}],"wp:attachment":[{"href":"https:\/\/interamerica.org\/fr\/wp-json\/wp\/v2\/media?parent=39742"}],"wp:term":[{"taxonomy":"category","embeddable":true,"href":"https:\/\/interamerica.org\/fr\/wp-json\/wp\/v2\/categories?post=39742"},{"taxonomy":"post_tag","embeddable":true,"href":"https:\/\/interamerica.org\/fr\/wp-json\/wp\/v2\/tags?post=39742"}],"curies":[{"name":"wp","href":"https:\/\/api.w.org\/{rel}","templated":true}]}}