{"id":39744,"date":"2018-03-05T00:00:00","date_gmt":"2018-03-05T04:00:00","guid":{"rendered":"http:\/\/192.81.217.108\/2018\/03\/en-bonne-sante-du-berceau-a-la-tombe\/"},"modified":"2018-03-05T00:00:00","modified_gmt":"2018-03-05T04:00:00","slug":"en-bonne-sante-du-berceau-a-la-tombe","status":"publish","type":"post","link":"https:\/\/interamerica.org\/fr\/2018\/03\/en-bonne-sante-du-berceau-a-la-tombe\/","title":{"rendered":"En bonne sant\u00e9, du berceau \u00e0 la tombe"},"content":{"rendered":"<div id=\"attachment_33788\" style=\"width: 756px\" class=\"wp-caption aligncenter\"><a href=\"https:\/\/recursing-golick.147-182-135-0.plesk.page\/wp-content\/uploads\/2018\/03\/healthy-from-the-cradle-to-the-grave.jpg\" rel=\"fancybox\" title=\"En bonne sant\u00e9, du berceau \u00e0 la tombe\"><img fetchpriority=\"high\" decoding=\"async\" aria-describedby=\"caption-attachment-33788\" class=\" wp-image-33788\" src=\"https:\/\/recursing-golick.147-182-135-0.plesk.page\/wp-content\/uploads\/2018\/03\/healthy-from-the-cradle-to-the-grave.jpg\" alt=\"\" width=\"746\" height=\"373\" \/><\/a><p id=\"caption-attachment-33788\" class=\"wp-caption-text\">Trudy Voortman, professeure et chercheur au Centre M\u00e9dical de l\u2019Universit\u00e9 Erasmus aux Pays-Bas. Image du P\u00f4le Sant\u00e9 de l\u2019Universit\u00e9 de Loma Linda<\/p><\/div>\n<p>1er mars 2018 | Loma Linda, Californie, \u00c9tats-Unis | Marcos Paseggi, correspondant, Adventist Review<\/p>\n<p>Pour les Adventistes du Septi\u00e8me Jour, ce n\u2019est pas une grande surprise d\u2019entendre parler de l\u2019importance des influences pr\u00e9natales sur la vie du futur b\u00e9b\u00e9. Apr\u00e8s tout, c\u2019est Ellen G. White, cofondatrice de l\u2019\u00c9glise Adventiste, qui a \u00e9crit il y a plus d\u2019un si\u00e8cle: \u00ab On commet g\u00e9n\u00e9ralement l\u2019erreur de ne pas apporter de changements dans la vie d\u2019une femme avant la naissance de ses enfants. Pendant cette p\u00e9riode importante, son travail devrait \u00eatre all\u00e9g\u00e9. De grands bouleversements se produisent en elle. Cela requiert une plus grande quantit\u00e9 de sang et par cons\u00e9quent un surcro\u00eet de nourriture de qualit\u00e9 destin\u00e9e \u00e0 \u00eatre transform\u00e9e en sang. Si elle ne consomme pas une quantit\u00e9 suffisante d\u2019aliments nourrissants, elle ne peut conserver toute sa vigueur physique, ce qui alt\u00e8re la vitalit\u00e9 de l&rsquo;enfant qu\u2019elle attend. \u00bb (<em> Le Foyer Chr\u00e9tien<\/em>, p. 247).<\/p>\n<p>Pour beaucoup, il peut \u00eatre rassurant, cependant, d\u2019apprendre comment la recherche scientifique contemporaine appuie la d\u00e9claration visionnaire d\u2019Ellen White.<\/p>\n<p><strong>Sant\u00e9 Pendant la Grossesse et Ob\u00e9sit\u00e9 Infantile<\/strong><\/p>\n<p>\u00ab Le r\u00e9gime alimentaire maternel et le mode de vie pendant la grossesse peuvent avoir un effet direct sur la croissance du f\u0153tus, mais aussi des effets \u00e0 long terme sur la croissance ou la composition corporelle, \u00bb a d\u00e9clar\u00e9 Trudy Voortman, professeure et chercheur au Centre M\u00e9dical de l\u2019Universit\u00e9 Erasmus aux Pays-Bas. C\u2019est ce que la science appelle maintenant \u00ab la programmation f\u0153tale. \u00bb<\/p>\n<div id=\"attachment_33791\" style=\"width: 412px\" class=\"wp-caption alignleft\"><a href=\"https:\/\/recursing-golick.147-182-135-0.plesk.page\/wp-content\/uploads\/2018\/03\/LLU-health-international.jpg\" rel=\"fancybox\" title=\"En bonne sant\u00e9, du berceau \u00e0 la tombe\"><img decoding=\"async\" aria-describedby=\"caption-attachment-33791\" class=\" wp-image-33791\" src=\"https:\/\/recursing-golick.147-182-135-0.plesk.page\/wp-content\/uploads\/2018\/03\/LLU-health-international.jpg\" alt=\"\" width=\"402\" height=\"268\" \/><\/a><p id=\"caption-attachment-33791\" class=\"wp-caption-text\">Les participants de tous \u00e2ges ont suivi une pr\u00e9sentation sur l\u2019alimentation et la sant\u00e9 des os le 26 f\u00e9vrier. Image du P\u00f4le Sant\u00e9 de l\u2019Universit\u00e9 de Loma Linda<\/p><\/div>\n<p>Dans le contexte de l\u2019ob\u00e9sit\u00e9 infantile croissante dans le monde, il est important de mettre l\u2019accent non seulement sur le mode de vie pendant l\u2019enfance, mais aussi sur les influences au d\u00e9but de la vie qui, selon elle, \u00ab fa\u00e7onnent la trajectoire de prise de poids et la graisse corporelle tout au long de la vie. \u00bb<\/p>\n<p>Par exemple, Trudy Voortman a partag\u00e9 un aper\u00e7u des preuves scientifiques des effets potentiels des r\u00e9gimes alimentaires \u00e0 base de plantes pendant la grossesse sur la croissance et l\u2019ob\u00e9sit\u00e9 de l\u2019enfant. Elle a d\u00e9clar\u00e9 que m\u00eame si un lien ne pouvait \u00eatre \u00e9tabli entre les vitamines B12 et D, un apport prot\u00e9ique maternel plus \u00e9lev\u00e9 est associ\u00e9 \u00e0 une masse sans graisse plus \u00e9lev\u00e9e chez les enfants plus tard dans la vie. Il n\u2019y avait pas de diff\u00e9rence significative entre la source &#8211; v\u00e9g\u00e9tale ou animale &#8211; des prot\u00e9ines.<\/p>\n<p>\u00ab Aucune association ind\u00e9pendante entre les habitudes alimentaires maternelles et l\u2019ob\u00e9sit\u00e9 n\u2019a \u00e9t\u00e9 trouv\u00e9e, \u00bb a d\u00e9clar\u00e9 Trudy Voortman. Cela signifie que non seulement le r\u00e9gime alimentaire, mais tous les aspects de la sant\u00e9 de la m\u00e8re et celle de l\u2019enfant doivent \u00eatre pris en compte, car une bonne sant\u00e9 n\u2019est pas le r\u00e9sultat d\u2019un seul aspect, a-t-elle rappel\u00e9.<br \/>\n\u00ab Le mode de vie de l\u2019enfant peut \u00eatre plus important que le fait que la m\u00e8re mange des aliments \u00e0 base de plantes, m\u00eame si c\u2019est un sujet qui m\u00e9rite d\u2019\u00eatre \u00e9tudi\u00e9 plus profond\u00e9ment, \u00bb a-t-elle dit.<\/p>\n<p><strong>Un Acide Essentiel pour la Gestation et l\u2019Enfance<\/strong><\/p>\n<p>Susan E. Carlson, professeure \u00e0 l\u2019Universit\u00e9 du Kansas, a discut\u00e9 du r\u00f4le essentiel de l\u2019apport en acide docosahexa\u00e9no\u00efque (DHA) pendant la grossesse et l\u2019enfance. C\u2019est un sujet de la plus haute importance, a-t-elle dit, non seulement pour ses bienfaits av\u00e9r\u00e9s sur le d\u00e9veloppement c\u00e9r\u00e9bral du nourrisson, mais aussi parce que le DHA n\u2019est pas pr\u00e9sent dans les plantes mais surtout dans les poissons et les \u0153ufs.<\/p>\n<p>Le transfert de DHA au b\u00e9b\u00e9 est naturel pendant l\u2019allaitement, mais pendant de nombreuses ann\u00e9es, il n\u2019a pas \u00e9t\u00e9 disponible dans les pr\u00e9parations pour nourrissons. \u00ab Dans le m\u00eame temps, la pr\u00e9sence de DHA dans le lait maternel varie \u00e0 travers le monde, et d\u00e9pend de l\u2019alimentation de la m\u00e8re, \u00bb a d\u00e9clar\u00e9 Susan Carlson.<\/p>\n<p><div id=\"attachment_33794\" style=\"width: 411px\" class=\"wp-caption alignleft\"><a href=\"https:\/\/recursing-golick.147-182-135-0.plesk.page\/wp-content\/uploads\/2018\/03\/LLU-Aleix-SalaVilla.jpg\" rel=\"fancybox\" title=\"En bonne sant\u00e9, du berceau \u00e0 la tombe\"><img decoding=\"async\" aria-describedby=\"caption-attachment-33794\" class=\" wp-image-33794\" src=\"https:\/\/recursing-golick.147-182-135-0.plesk.page\/wp-content\/uploads\/2018\/03\/LLU-Aleix-SalaVilla.jpg\" alt=\"\" width=\"401\" height=\"267\" \/><\/a><p id=\"caption-attachment-33794\" class=\"wp-caption-text\">Pour un vieillissement en bonne sant\u00e9, \u00ab m\u00eame de petits changements [alimentaires et dans le style de vie], s\u2019ils vont dans la bonne direction, produisent des r\u00e9sultats significatifs. Et il n\u2019est jamais trop tard pour mettre en \u0153uvre ces changements, \u00bb a d\u00e9clar\u00e9 le chercheur espagnol Aleix Sala-Villa. Image du P\u00f4le Sant\u00e9 de l\u2019Universit\u00e9 de Loma Linda<\/p><\/div>Susan Carlson a expliqu\u00e9 que l\u2019apport pr\u00e9natal en DHA a g\u00e9n\u00e9r\u00e9 des effets positifs tels que la r\u00e9duction des naissances pr\u00e9matur\u00e9es, la tol\u00e9rance au stress, la diminution des incidences de respiration difficiles et d\u2019asthme, et une plus grande incidence de masse corporelle faible en graisse, entre autres. \u00ab Des \u00e9tudes ont montr\u00e9 que la r\u00e9ponse au cortisol du nourrisson pour faire face au stress diminuait, et que l\u2019apport en DHA emp\u00eachait une augmentation de la pression art\u00e9rielle systolique chez les enfants qui sont devenus ob\u00e8ses ou en surpoids, \u00bb a-t-elle dit. \u00ab Elles ont \u00e9galement d\u00e9montr\u00e9 un niveau cognitif plus \u00e9lev\u00e9 et moins d\u2019allergies chez les enfants longtemps apr\u00e8s l\u2019arr\u00eat de l\u2019apport en DHA. \u00bb<\/p>\n<p>Mais alors, que doit faire une femme enceinte qui a un r\u00e9gime alimentaire \u00e0 base de v\u00e9g\u00e9taux?<\/p>\n<p>Susan Carlson a recommand\u00e9 des compl\u00e9ments de DHA \u00e0 base d\u2019algues, qui constituent un moyen naturel pour les futures mamans de s\u2019assurer que leurs b\u00e9b\u00e9s seront \u00ab programm\u00e9s \u00bb pour de meilleurs r\u00e9sultats plus tard dans la vie.<\/p>\n<p>\u00ab Les compl\u00e9ments \u00e0 base d\u2019algues peuvent \u00eatre facilement incorpor\u00e9s \u00e0 un r\u00e9gime v\u00e9g\u00e9tarien, avec des r\u00e9sultats optimaux, \u00bb a-t-elle d\u00e9clar\u00e9.<\/p>\n<p><strong>Des Noix, Quand on Prend de l\u2019Age<\/strong><\/p>\n<p>\u00ab Promouvoir un vieillissement en bonne sant\u00e9 est de la plus haute importance, \u00bb a indiqu\u00e9 Aleix Sala-Villa, de la Clinique des Lipides \u00e0 Barcelone, en Espagne. \u00ab Et il y a de plus en plus de preuves que la diminution des t\u00e9lom\u00e8res, les structures qui aident \u00e0 maintenir la stabilit\u00e9 du g\u00e9nome, conduit \u00e0 la s\u00e9nescence de certaines cellules. \u00bb<\/p>\n<p>En cons\u00e9quence, Aleix Sala-Villa a d\u00e9clar\u00e9 que les \u00e9tudes contemporaines dans ce domaine ont cherch\u00e9 \u00e0 mesurer la longueur des t\u00e9lom\u00e8res comme marqueur du vieillissement biologique, car les t\u00e9lom\u00e8res sont tr\u00e8s sensibles au stress oxydatif et donc des cibles plausibles pour les r\u00e9gimes riches en aliments tir\u00e9s de v\u00e9g\u00e9taux qui sont riches en antioxydants. \u00bb<\/p>\n<p>Aleix Sala-Villa a appliqu\u00e9 ces connaissances \u00e0 un projet de recherche visant \u00e0 tester les effets de la consommation de noix sur le d\u00e9clin cognitif li\u00e9 \u00e0 l\u2019\u00e2ge et la d\u00e9g\u00e9n\u00e9rescence maculaire chez les a\u00een\u00e9s qui ont un style de vie libre. L&rsquo;\u00e9tude a conclu que \u00ab les sujets dont les r\u00e9gimes sont riches en aliments d\u00e9riv\u00e9s de plantes maintenaient la longueur de t\u00e9lom\u00e8res \u00bb et que \u00ab le r\u00e9gime alimentaire v\u00e9g\u00e9tarien semble \u00eatre une bonne approche pour pr\u00e9server la longueur des t\u00e9lom\u00e8res, \u00bb retardant ainsi le vieillissement.<\/p>\n<p>A ce sujet, Aleix Sala-Villa a conclu que, pour un vieillissement en bonne sant\u00e9, \u00ab m\u00eame de petits changements [dans l\u2019alimentation et le style de vie], s\u2019ils vont dans la bonne direction, produisent des r\u00e9sultats significatifs. Et il n\u2019est jamais trop tard pour commencer \u00e0 mettre en \u0153uvre ces changements. \u00bb<\/p>\n<p><strong>Les V\u00e9g\u00e9tariens Peuvent-ils Avoir des Os Solides?<\/strong><\/p>\n<p>Trudy Voortman est revenue pour une deuxi\u00e8me pr\u00e9sentation plus tard le 26 f\u00e9vrier, au cours de laquelle elle a discut\u00e9 de \u00ab R\u00e9gimes \u00e0 Base de Plantes et la Sant\u00e9 des Os Tout au Long de la Vie. \u00bb La masse osseuse atteint son niveau maximum au d\u00e9but de la vie adulte et d\u00e9pend en partie du r\u00e9gime alimentaire adopt\u00e9 d\u00e8s le plus jeune \u00e2ge et qui affecte l\u2019accumulation de la masse osseuse, a-t-elle dit. Dans le m\u00eame temps, le r\u00e9gime alimentaire adopt\u00e9 plus tard dans la vie peut aider \u00e0 limiter la perte osseuse et emp\u00eacher l\u2019ost\u00e9oporose et diminuer ainsi les risques de fracture. C\u2019est d\u2019une importance vitale puisque les donn\u00e9es montrent que l\u2019ost\u00e9oporose affecte 1 femme sur 3 et 1 homme sur 5 \u00e2g\u00e9 de plus de 50 ans.<\/p>\n<div id=\"attachment_33797\" style=\"width: 411px\" class=\"wp-caption alignleft\"><a href=\"https:\/\/recursing-golick.147-182-135-0.plesk.page\/wp-content\/uploads\/2018\/03\/LLU-convention-snacks.jpg\" rel=\"fancybox\" title=\"En bonne sant\u00e9, du berceau \u00e0 la tombe\"><img loading=\"lazy\" decoding=\"async\" aria-describedby=\"caption-attachment-33797\" class=\" wp-image-33797\" src=\"https:\/\/recursing-golick.147-182-135-0.plesk.page\/wp-content\/uploads\/2018\/03\/LLU-convention-snacks.jpg\" alt=\"\" width=\"401\" height=\"267\" \/><\/a><p id=\"caption-attachment-33797\" class=\"wp-caption-text\">Lors du Congr\u00e8s International sur la Nutrition V\u00e9g\u00e9tarienne, les collations sont g\u00e9n\u00e9ralement compos\u00e9es de fruits, de jus de fruits, de noix et de yaourt. Image du P\u00f4le Sant\u00e9 de l\u2019Universit\u00e9 de Loma Linda<\/p><\/div>\n<p>La sant\u00e9 des os est affect\u00e9e par l\u2019absorption du calcium, mais aussi par des interactions avec d\u2019autres \u00e9l\u00e9ments tels que la vitamine D et les fibres, a dit Trudy Voortman. C\u2019est la raison pour laquelle une approche plus globale est souhaitable.<\/p>\n<p>\u00ab Dans les recherches et aussi dans les conseils de sant\u00e9 publique, l\u2019accent est mis sur l\u2019importance de nutriments sp\u00e9cifiques tels que le calcium et la vitamine D et des aliments tels que les produits laitiers pour la sant\u00e9 des os, \u00bb a-t-elle dit. \u00ab Bien que les \u00e9tudes sur les \u00e9l\u00e9ments nutritifs seulement ont fourni des informations importantes &#8230; l\u2019\u00e9tude des sch\u00e9mas alimentaires g\u00e9n\u00e9raux ont des avantages suppl\u00e9mentaires. \u00bb<\/p>\n<p>Trudy Voortman a ensuite partag\u00e9 une vaste \u00e9tude men\u00e9e aux Pays-Bas o\u00f9 les chercheurs ont mesur\u00e9 la variation selon que l\u2019on ait une alimentation v\u00e9g\u00e9tale par rapport \u00e0 une alimentation carn\u00e9e dans diff\u00e9rentes phases de la vie, et ses effets sur la sant\u00e9 osseuse au fil du temps.<\/p>\n<p>\u00ab Chez les nourrissons et les enfants, le r\u00e9gime alimentaire permettant d\u2019anticiper de meilleurs r\u00e9sultats en mati\u00e8re de masse osseuse, est un r\u00e9gime contenant beaucoup de grains complets, des noix, des produits laitiers, des l\u00e9gumes et des \u0153ufs, \u00bb a-t-elle indiqu\u00e9. \u00ab Les r\u00e9sultats ont montr\u00e9 que les ovo-lacto-v\u00e9g\u00e9tariens et les non-v\u00e9g\u00e9tariens avaient une Densit\u00e9 Min\u00e9rale Osseuse (DMO) similaire. Les v\u00e9g\u00e9taliens d\u2019un autre c\u00f4t\u00e9, ont montr\u00e9 un plus grand risque de fracture que les non-v\u00e9g\u00e9tariens. \u00bb<\/p>\n<p>Dans l\u2019ensemble, Trudy Voortman a indiqu\u00e9 que les deux bords &#8211; un r\u00e9gime compl\u00e8tement bas\u00e9 sur les v\u00e9g\u00e9taux ou un r\u00e9gime enti\u00e8rement carn\u00e9 \u2013 d\u00e9bouchent sur une masse osseuse inf\u00e9rieure au fur et \u00e0 mesure que l\u2019individu prend de l\u2019\u00e2ge.<\/p>\n<p>\u00ab Le point optimal semble \u00eatre quelque part au milieu, \u00bb a-t-elle dit.<\/p>\n<p>Traduction: Patrick Luciathe<\/p>\n","protected":false},"excerpt":{"rendered":"<p>Pour les Adventistes du Septi\u00e8me Jour, ce n\u2019est pas une grande surprise d\u2019entendre parler de l\u2019importance des influences pr\u00e9natales sur la vie du futur b\u00e9b\u00e9. Apr\u00e8s tout, c\u2019est Ellen G. White, cofondatrice de l\u2019\u00c9glise Adventiste, qui a \u00e9crit il y a plus d\u2019un si\u00e8cle: \u00ab On commet g\u00e9n\u00e9ralement l\u2019erreur de ne pas apporter de changements dans la vie d\u2019une femme avant la naissance de ses enfants. Pendant cette p\u00e9riode importante, son travail devrait \u00eatre all\u00e9g\u00e9. De grands bouleversements se produisent en elle. Cela requiert une plus grande quantit\u00e9 de sang et par cons\u00e9quent un surcro\u00eet de nourriture de qualit\u00e9 destin\u00e9e \u00e0 \u00eatre transform\u00e9e en sang. Si elle ne consomme pas une quantit\u00e9 suffisante d\u2019aliments nourrissants, elle ne peut conserver toute sa vigueur physique, ce qui alt\u00e8re la vitalit\u00e9 de l&rsquo;enfant qu\u2019elle attend. \u00bb (Le Foyer Chr\u00e9tien, page 247).<\/p>\n","protected":false},"author":1,"featured_media":39586,"comment_status":"closed","ping_status":"closed","sticky":false,"template":"","format":"standard","meta":{"_acf_changed":false,"footnotes":""},"categories":[18,19],"tags":[],"class_list":["post-39744","post","type-post","status-publish","format-standard","has-post-thumbnail","hentry","category-nouvelles-de-leglise-mondiale","category-rss-francais"],"acf":[],"yoast_head":"<!-- This site is optimized with the Yoast SEO plugin v27.3 - https:\/\/yoast.com\/product\/yoast-seo-wordpress\/ -->\n<title>En bonne sant\u00e9, du berceau \u00e0 la tombe - \u00c9glise Adventiste Du Septieme Jour - Inter Am\u00e9rique Division<\/title>\n<meta name=\"robots\" content=\"index, follow, max-snippet:-1, max-image-preview:large, max-video-preview:-1\" \/>\n<link rel=\"canonical\" href=\"https:\/\/interamerica.org\/fr\/2018\/03\/en-bonne-sante-du-berceau-a-la-tombe\/\" \/>\n<meta property=\"og:locale\" content=\"fr_FR\" \/>\n<meta property=\"og:type\" content=\"article\" \/>\n<meta property=\"og:title\" content=\"En bonne sant\u00e9, du berceau \u00e0 la tombe - \u00c9glise Adventiste Du Septieme Jour - Inter Am\u00e9rique Division\" \/>\n<meta property=\"og:description\" content=\"Pour les Adventistes du Septi\u00e8me Jour, ce n\u2019est pas une grande surprise d\u2019entendre parler de l\u2019importance des influences pr\u00e9natales sur la vie du futur b\u00e9b\u00e9. Apr\u00e8s tout, c\u2019est Ellen G. White, cofondatrice de l\u2019\u00c9glise Adventiste, qui a \u00e9crit il y a plus d\u2019un si\u00e8cle: \u00ab On commet g\u00e9n\u00e9ralement l\u2019erreur de ne pas apporter de changements dans la vie d\u2019une femme avant la naissance de ses enfants. Pendant cette p\u00e9riode importante, son travail devrait \u00eatre all\u00e9g\u00e9. De grands bouleversements se produisent en elle. Cela requiert une plus grande quantit\u00e9 de sang et par cons\u00e9quent un surcro\u00eet de nourriture de qualit\u00e9 destin\u00e9e \u00e0 \u00eatre transform\u00e9e en sang. Si elle ne consomme pas une quantit\u00e9 suffisante d\u2019aliments nourrissants, elle ne peut conserver toute sa vigueur physique, ce qui alt\u00e8re la vitalit\u00e9 de l&#039;enfant qu\u2019elle attend. \u00bb (Le Foyer Chr\u00e9tien, page 247).\" \/>\n<meta property=\"og:url\" content=\"https:\/\/interamerica.org\/fr\/2018\/03\/en-bonne-sante-du-berceau-a-la-tombe\/\" \/>\n<meta property=\"og:site_name\" content=\"\u00c9glise Adventiste Du Septieme Jour - Inter Am\u00e9rique Division\" \/>\n<meta property=\"article:published_time\" content=\"2018-03-05T04:00:00+00:00\" \/>\n<meta property=\"og:image\" content=\"https:\/\/interamerica.org\/wp-content\/uploads\/2018\/04\/healthy-from-the-cradle-to-the-grave.jpg\" \/>\n\t<meta property=\"og:image:width\" content=\"1000\" \/>\n\t<meta property=\"og:image:height\" content=\"500\" \/>\n\t<meta property=\"og:image:type\" content=\"image\/jpeg\" \/>\n<meta name=\"author\" content=\"Lorenzo Verduzco\" \/>\n<meta name=\"twitter:card\" content=\"summary_large_image\" \/>\n<meta name=\"twitter:label1\" content=\"\u00c9crit par\" \/>\n\t<meta name=\"twitter:data1\" content=\"Lorenzo Verduzco\" \/>\n\t<meta name=\"twitter:label2\" content=\"Dur\u00e9e de lecture estim\u00e9e\" \/>\n\t<meta name=\"twitter:data2\" content=\"9 minutes\" \/>\n<script type=\"application\/ld+json\" class=\"yoast-schema-graph\">{\"@context\":\"https:\\\/\\\/schema.org\",\"@graph\":[{\"@type\":\"Article\",\"@id\":\"https:\\\/\\\/interamerica.org\\\/fr\\\/2018\\\/03\\\/en-bonne-sante-du-berceau-a-la-tombe\\\/#article\",\"isPartOf\":{\"@id\":\"https:\\\/\\\/interamerica.org\\\/fr\\\/2018\\\/03\\\/en-bonne-sante-du-berceau-a-la-tombe\\\/\"},\"author\":{\"name\":\"Lorenzo Verduzco\",\"@id\":\"https:\\\/\\\/interamerica.org\\\/fr\\\/#\\\/schema\\\/person\\\/68ede8bdc292885bb76c1e3810e73c39\"},\"headline\":\"En bonne sant\u00e9, du berceau \u00e0 la tombe\",\"datePublished\":\"2018-03-05T04:00:00+00:00\",\"mainEntityOfPage\":{\"@id\":\"https:\\\/\\\/interamerica.org\\\/fr\\\/2018\\\/03\\\/en-bonne-sante-du-berceau-a-la-tombe\\\/\"},\"wordCount\":1863,\"image\":{\"@id\":\"https:\\\/\\\/interamerica.org\\\/fr\\\/2018\\\/03\\\/en-bonne-sante-du-berceau-a-la-tombe\\\/#primaryimage\"},\"thumbnailUrl\":\"https:\\\/\\\/interamerica.org\\\/wp-content\\\/uploads\\\/2018\\\/04\\\/healthy-from-the-cradle-to-the-grave.jpg\",\"articleSection\":[\"Nouvelles de l'\u00c9glise mondiale\",\"RSS Fran\u00e7ais\"],\"inLanguage\":\"fr-FR\"},{\"@type\":\"WebPage\",\"@id\":\"https:\\\/\\\/interamerica.org\\\/fr\\\/2018\\\/03\\\/en-bonne-sante-du-berceau-a-la-tombe\\\/\",\"url\":\"https:\\\/\\\/interamerica.org\\\/fr\\\/2018\\\/03\\\/en-bonne-sante-du-berceau-a-la-tombe\\\/\",\"name\":\"En bonne sant\u00e9, du berceau \u00e0 la tombe - \u00c9glise Adventiste Du Septieme Jour - Inter Am\u00e9rique Division\",\"isPartOf\":{\"@id\":\"https:\\\/\\\/interamerica.org\\\/fr\\\/#website\"},\"primaryImageOfPage\":{\"@id\":\"https:\\\/\\\/interamerica.org\\\/fr\\\/2018\\\/03\\\/en-bonne-sante-du-berceau-a-la-tombe\\\/#primaryimage\"},\"image\":{\"@id\":\"https:\\\/\\\/interamerica.org\\\/fr\\\/2018\\\/03\\\/en-bonne-sante-du-berceau-a-la-tombe\\\/#primaryimage\"},\"thumbnailUrl\":\"https:\\\/\\\/interamerica.org\\\/wp-content\\\/uploads\\\/2018\\\/04\\\/healthy-from-the-cradle-to-the-grave.jpg\",\"datePublished\":\"2018-03-05T04:00:00+00:00\",\"author\":{\"@id\":\"https:\\\/\\\/interamerica.org\\\/fr\\\/#\\\/schema\\\/person\\\/68ede8bdc292885bb76c1e3810e73c39\"},\"breadcrumb\":{\"@id\":\"https:\\\/\\\/interamerica.org\\\/fr\\\/2018\\\/03\\\/en-bonne-sante-du-berceau-a-la-tombe\\\/#breadcrumb\"},\"inLanguage\":\"fr-FR\",\"potentialAction\":[{\"@type\":\"ReadAction\",\"target\":[\"https:\\\/\\\/interamerica.org\\\/fr\\\/2018\\\/03\\\/en-bonne-sante-du-berceau-a-la-tombe\\\/\"]}]},{\"@type\":\"ImageObject\",\"inLanguage\":\"fr-FR\",\"@id\":\"https:\\\/\\\/interamerica.org\\\/fr\\\/2018\\\/03\\\/en-bonne-sante-du-berceau-a-la-tombe\\\/#primaryimage\",\"url\":\"https:\\\/\\\/interamerica.org\\\/wp-content\\\/uploads\\\/2018\\\/04\\\/healthy-from-the-cradle-to-the-grave.jpg\",\"contentUrl\":\"https:\\\/\\\/interamerica.org\\\/wp-content\\\/uploads\\\/2018\\\/04\\\/healthy-from-the-cradle-to-the-grave.jpg\",\"width\":1000,\"height\":500},{\"@type\":\"BreadcrumbList\",\"@id\":\"https:\\\/\\\/interamerica.org\\\/fr\\\/2018\\\/03\\\/en-bonne-sante-du-berceau-a-la-tombe\\\/#breadcrumb\",\"itemListElement\":[{\"@type\":\"ListItem\",\"position\":1,\"name\":\"Home\",\"item\":\"https:\\\/\\\/interamerica.org\\\/fr\\\/\"},{\"@type\":\"ListItem\",\"position\":2,\"name\":\"En bonne sant\u00e9, du berceau \u00e0 la tombe\"}]},{\"@type\":\"WebSite\",\"@id\":\"https:\\\/\\\/interamerica.org\\\/fr\\\/#website\",\"url\":\"https:\\\/\\\/interamerica.org\\\/fr\\\/\",\"name\":\"\u00c9glise Adventiste Du Septieme Jour - Inter Am\u00e9rique Division\",\"description\":\"\",\"potentialAction\":[{\"@type\":\"SearchAction\",\"target\":{\"@type\":\"EntryPoint\",\"urlTemplate\":\"https:\\\/\\\/interamerica.org\\\/fr\\\/?s={search_term_string}\"},\"query-input\":{\"@type\":\"PropertyValueSpecification\",\"valueRequired\":true,\"valueName\":\"search_term_string\"}}],\"inLanguage\":\"fr-FR\"},{\"@type\":\"Person\",\"@id\":\"https:\\\/\\\/interamerica.org\\\/fr\\\/#\\\/schema\\\/person\\\/68ede8bdc292885bb76c1e3810e73c39\",\"name\":\"Lorenzo Verduzco\",\"image\":{\"@type\":\"ImageObject\",\"inLanguage\":\"fr-FR\",\"@id\":\"https:\\\/\\\/secure.gravatar.com\\\/avatar\\\/fb81a55b6218459490a9c1dc841a34909185b81904c5337b4b27f7a6fd60c49e?s=96&d=mm&r=g\",\"url\":\"https:\\\/\\\/secure.gravatar.com\\\/avatar\\\/fb81a55b6218459490a9c1dc841a34909185b81904c5337b4b27f7a6fd60c49e?s=96&d=mm&r=g\",\"contentUrl\":\"https:\\\/\\\/secure.gravatar.com\\\/avatar\\\/fb81a55b6218459490a9c1dc841a34909185b81904c5337b4b27f7a6fd60c49e?s=96&d=mm&r=g\",\"caption\":\"Lorenzo Verduzco\"}}]}<\/script>\n<!-- \/ Yoast SEO plugin. -->","yoast_head_json":{"title":"En bonne sant\u00e9, du berceau \u00e0 la tombe - \u00c9glise Adventiste Du Septieme Jour - Inter Am\u00e9rique Division","robots":{"index":"index","follow":"follow","max-snippet":"max-snippet:-1","max-image-preview":"max-image-preview:large","max-video-preview":"max-video-preview:-1"},"canonical":"https:\/\/interamerica.org\/fr\/2018\/03\/en-bonne-sante-du-berceau-a-la-tombe\/","og_locale":"fr_FR","og_type":"article","og_title":"En bonne sant\u00e9, du berceau \u00e0 la tombe - \u00c9glise Adventiste Du Septieme Jour - Inter Am\u00e9rique Division","og_description":"Pour les Adventistes du Septi\u00e8me Jour, ce n\u2019est pas une grande surprise d\u2019entendre parler de l\u2019importance des influences pr\u00e9natales sur la vie du futur b\u00e9b\u00e9. Apr\u00e8s tout, c\u2019est Ellen G. White, cofondatrice de l\u2019\u00c9glise Adventiste, qui a \u00e9crit il y a plus d\u2019un si\u00e8cle: \u00ab On commet g\u00e9n\u00e9ralement l\u2019erreur de ne pas apporter de changements dans la vie d\u2019une femme avant la naissance de ses enfants. Pendant cette p\u00e9riode importante, son travail devrait \u00eatre all\u00e9g\u00e9. De grands bouleversements se produisent en elle. Cela requiert une plus grande quantit\u00e9 de sang et par cons\u00e9quent un surcro\u00eet de nourriture de qualit\u00e9 destin\u00e9e \u00e0 \u00eatre transform\u00e9e en sang. Si elle ne consomme pas une quantit\u00e9 suffisante d\u2019aliments nourrissants, elle ne peut conserver toute sa vigueur physique, ce qui alt\u00e8re la vitalit\u00e9 de l'enfant qu\u2019elle attend. \u00bb (Le Foyer Chr\u00e9tien, page 247).","og_url":"https:\/\/interamerica.org\/fr\/2018\/03\/en-bonne-sante-du-berceau-a-la-tombe\/","og_site_name":"\u00c9glise Adventiste Du Septieme Jour - Inter Am\u00e9rique Division","article_published_time":"2018-03-05T04:00:00+00:00","og_image":[{"width":1000,"height":500,"url":"https:\/\/interamerica.org\/wp-content\/uploads\/2018\/04\/healthy-from-the-cradle-to-the-grave.jpg","type":"image\/jpeg"}],"author":"Lorenzo Verduzco","twitter_card":"summary_large_image","twitter_misc":{"\u00c9crit par":"Lorenzo Verduzco","Dur\u00e9e de lecture estim\u00e9e":"9 minutes"},"schema":{"@context":"https:\/\/schema.org","@graph":[{"@type":"Article","@id":"https:\/\/interamerica.org\/fr\/2018\/03\/en-bonne-sante-du-berceau-a-la-tombe\/#article","isPartOf":{"@id":"https:\/\/interamerica.org\/fr\/2018\/03\/en-bonne-sante-du-berceau-a-la-tombe\/"},"author":{"name":"Lorenzo Verduzco","@id":"https:\/\/interamerica.org\/fr\/#\/schema\/person\/68ede8bdc292885bb76c1e3810e73c39"},"headline":"En bonne sant\u00e9, du berceau \u00e0 la tombe","datePublished":"2018-03-05T04:00:00+00:00","mainEntityOfPage":{"@id":"https:\/\/interamerica.org\/fr\/2018\/03\/en-bonne-sante-du-berceau-a-la-tombe\/"},"wordCount":1863,"image":{"@id":"https:\/\/interamerica.org\/fr\/2018\/03\/en-bonne-sante-du-berceau-a-la-tombe\/#primaryimage"},"thumbnailUrl":"https:\/\/interamerica.org\/wp-content\/uploads\/2018\/04\/healthy-from-the-cradle-to-the-grave.jpg","articleSection":["Nouvelles de l'\u00c9glise mondiale","RSS Fran\u00e7ais"],"inLanguage":"fr-FR"},{"@type":"WebPage","@id":"https:\/\/interamerica.org\/fr\/2018\/03\/en-bonne-sante-du-berceau-a-la-tombe\/","url":"https:\/\/interamerica.org\/fr\/2018\/03\/en-bonne-sante-du-berceau-a-la-tombe\/","name":"En bonne sant\u00e9, du berceau \u00e0 la tombe - \u00c9glise Adventiste Du Septieme Jour - Inter Am\u00e9rique Division","isPartOf":{"@id":"https:\/\/interamerica.org\/fr\/#website"},"primaryImageOfPage":{"@id":"https:\/\/interamerica.org\/fr\/2018\/03\/en-bonne-sante-du-berceau-a-la-tombe\/#primaryimage"},"image":{"@id":"https:\/\/interamerica.org\/fr\/2018\/03\/en-bonne-sante-du-berceau-a-la-tombe\/#primaryimage"},"thumbnailUrl":"https:\/\/interamerica.org\/wp-content\/uploads\/2018\/04\/healthy-from-the-cradle-to-the-grave.jpg","datePublished":"2018-03-05T04:00:00+00:00","author":{"@id":"https:\/\/interamerica.org\/fr\/#\/schema\/person\/68ede8bdc292885bb76c1e3810e73c39"},"breadcrumb":{"@id":"https:\/\/interamerica.org\/fr\/2018\/03\/en-bonne-sante-du-berceau-a-la-tombe\/#breadcrumb"},"inLanguage":"fr-FR","potentialAction":[{"@type":"ReadAction","target":["https:\/\/interamerica.org\/fr\/2018\/03\/en-bonne-sante-du-berceau-a-la-tombe\/"]}]},{"@type":"ImageObject","inLanguage":"fr-FR","@id":"https:\/\/interamerica.org\/fr\/2018\/03\/en-bonne-sante-du-berceau-a-la-tombe\/#primaryimage","url":"https:\/\/interamerica.org\/wp-content\/uploads\/2018\/04\/healthy-from-the-cradle-to-the-grave.jpg","contentUrl":"https:\/\/interamerica.org\/wp-content\/uploads\/2018\/04\/healthy-from-the-cradle-to-the-grave.jpg","width":1000,"height":500},{"@type":"BreadcrumbList","@id":"https:\/\/interamerica.org\/fr\/2018\/03\/en-bonne-sante-du-berceau-a-la-tombe\/#breadcrumb","itemListElement":[{"@type":"ListItem","position":1,"name":"Home","item":"https:\/\/interamerica.org\/fr\/"},{"@type":"ListItem","position":2,"name":"En bonne sant\u00e9, du berceau \u00e0 la tombe"}]},{"@type":"WebSite","@id":"https:\/\/interamerica.org\/fr\/#website","url":"https:\/\/interamerica.org\/fr\/","name":"\u00c9glise Adventiste Du Septieme Jour - Inter Am\u00e9rique Division","description":"","potentialAction":[{"@type":"SearchAction","target":{"@type":"EntryPoint","urlTemplate":"https:\/\/interamerica.org\/fr\/?s={search_term_string}"},"query-input":{"@type":"PropertyValueSpecification","valueRequired":true,"valueName":"search_term_string"}}],"inLanguage":"fr-FR"},{"@type":"Person","@id":"https:\/\/interamerica.org\/fr\/#\/schema\/person\/68ede8bdc292885bb76c1e3810e73c39","name":"Lorenzo Verduzco","image":{"@type":"ImageObject","inLanguage":"fr-FR","@id":"https:\/\/secure.gravatar.com\/avatar\/fb81a55b6218459490a9c1dc841a34909185b81904c5337b4b27f7a6fd60c49e?s=96&d=mm&r=g","url":"https:\/\/secure.gravatar.com\/avatar\/fb81a55b6218459490a9c1dc841a34909185b81904c5337b4b27f7a6fd60c49e?s=96&d=mm&r=g","contentUrl":"https:\/\/secure.gravatar.com\/avatar\/fb81a55b6218459490a9c1dc841a34909185b81904c5337b4b27f7a6fd60c49e?s=96&d=mm&r=g","caption":"Lorenzo Verduzco"}}]}},"_links":{"self":[{"href":"https:\/\/interamerica.org\/fr\/wp-json\/wp\/v2\/posts\/39744","targetHints":{"allow":["GET"]}}],"collection":[{"href":"https:\/\/interamerica.org\/fr\/wp-json\/wp\/v2\/posts"}],"about":[{"href":"https:\/\/interamerica.org\/fr\/wp-json\/wp\/v2\/types\/post"}],"author":[{"embeddable":true,"href":"https:\/\/interamerica.org\/fr\/wp-json\/wp\/v2\/users\/1"}],"replies":[{"embeddable":true,"href":"https:\/\/interamerica.org\/fr\/wp-json\/wp\/v2\/comments?post=39744"}],"version-history":[{"count":0,"href":"https:\/\/interamerica.org\/fr\/wp-json\/wp\/v2\/posts\/39744\/revisions"}],"wp:featuredmedia":[{"embeddable":true,"href":"https:\/\/interamerica.org\/fr\/wp-json\/wp\/v2\/media\/39586"}],"wp:attachment":[{"href":"https:\/\/interamerica.org\/fr\/wp-json\/wp\/v2\/media?parent=39744"}],"wp:term":[{"taxonomy":"category","embeddable":true,"href":"https:\/\/interamerica.org\/fr\/wp-json\/wp\/v2\/categories?post=39744"},{"taxonomy":"post_tag","embeddable":true,"href":"https:\/\/interamerica.org\/fr\/wp-json\/wp\/v2\/tags?post=39744"}],"curies":[{"name":"wp","href":"https:\/\/api.w.org\/{rel}","templated":true}]}}