{"id":39751,"date":"2018-03-13T00:00:00","date_gmt":"2018-03-13T04:00:00","guid":{"rendered":"http:\/\/192.81.217.108\/2018\/03\/quinze-membres-deglise-meurent-dans-une-eglise-au-rwanda-apres-avoir-ete-frappes-par-la-foudre\/"},"modified":"2018-03-13T00:00:00","modified_gmt":"2018-03-13T04:00:00","slug":"quinze-membres-deglise-meurent-dans-une-eglise-au-rwanda-apres-avoir-ete-frappes-par-la-foudre","status":"publish","type":"post","link":"https:\/\/interamerica.org\/fr\/2018\/03\/quinze-membres-deglise-meurent-dans-une-eglise-au-rwanda-apres-avoir-ete-frappes-par-la-foudre\/","title":{"rendered":"Quinze membres d\u2019\u00e9glise meurent dans une \u00e9glise au Rwanda apr\u00e8s avoir \u00e9t\u00e9 frapp\u00e9s par la foudre"},"content":{"rendered":"<div id=\"attachment_33918\" style=\"width: 736px\" class=\"wp-caption aligncenter\"><a href=\"https:\/\/recursing-golick.147-182-135-0.plesk.page\/wp-content\/uploads\/2018\/03\/rwanda-breaking.jpg\" rel=\"fancybox\" title=\"Quinze membres d\u2019\u00e9glise meurent dans une \u00e9glise au Rwanda apr\u00e8s avoir \u00e9t\u00e9 frapp\u00e9s par la foudre\"><img fetchpriority=\"high\" decoding=\"async\" aria-describedby=\"caption-attachment-33918\" class=\"wp-image-33918\" src=\"https:\/\/recursing-golick.147-182-135-0.plesk.page\/wp-content\/uploads\/2018\/03\/rwanda-breaking.jpg\" alt=\"\" width=\"726\" height=\"363\" \/><\/a><p id=\"caption-attachment-33918\" class=\"wp-caption-text\">Image de la Division de l\u2019Afrique du Centre-Est<\/p><\/div>\n<p>11 Mars 2018 | <span class=\"byline-news\">Prince Bahati, Directeur de la Communication, Division de l\u2019Afrique du Centre-Est\u00a0<\/span><\/p>\n<p><span class=\"cap\">L<\/span>La foudre a frapp\u00e9 une \u00e9glise Adventiste rwandaise le 10 mars, tuant 15 membres. Plus de 130 autres personnes assistant au service du culte \u00e0 l\u2019\u00e9glise Adventiste du Septi\u00e8me Jour de Gihemvu ont \u00e9t\u00e9 transport\u00e9es vers un h\u00f4pital de la r\u00e9gion et dans d\u2019autres centres m\u00e9dicaux. Certaines personnes qui y \u00e9taient trait\u00e9es sont depuis sorties de l\u2019h\u00f4pital.<\/p>\n<p>Les dirigeants de l\u2019Eglise et les repr\u00e9sentants du gouvernement, dont Abidan Ruhongeka, pr\u00e9sident du Champ du Sud du Rwanda et Mureshyankwano Marie Rose, gouverneur de la Province du Sud du Rwanda, ont assist\u00e9 \u00e0 une c\u00e9r\u00e9monie sp\u00e9ciale lors des fun\u00e9railles organis\u00e9es le dimanche 11 mars. Mureshyankwano Marie Rose a pr\u00e9sent\u00e9 ses condol\u00e9ances aux familles des d\u00e9funts et a d\u00e9clar\u00e9 que le district de Nyaruguru paiera les factures m\u00e9dicales de ceux qui sont encore en train d\u2019\u00eatre soign\u00e9s.<\/p>\n<p>Lors de la c\u00e9r\u00e9monie, Abidan Ruhongeka a partag\u00e9: \u00ab Nous compatissons avec les familles des d\u00e9funts et avec ceux qui ont \u00e9t\u00e9 touch\u00e9s \u00e0 l\u2019occasion de ce moment difficile. Rappelons-nous tous que lorsque J\u00e9sus reviendra, ceux qui sont mort en Christ ressusciteront. \u00bb Il a indiqu\u00e9 que l\u2019\u00e9glise a fourni des cercueils pour enterrer les d\u00e9funts et qu\u2019elle apporte son soutien et son assistance aux personnes touch\u00e9es par cette trag\u00e9die.<\/p>\n<p>Ted N.C. Wilson, pr\u00e9sident de la Conf\u00e9rence G\u00e9n\u00e9rale de l\u2019Eglise Adventiste du Septi\u00e8me Jour, a exprim\u00e9 sa sympathie pour l\u2019Eglise au Rwanda sur sa page Facebook publique.<\/p>\n<div id=\"attachment_33921\" style=\"width: 419px\" class=\"wp-caption alignright\"><a href=\"https:\/\/recursing-golick.147-182-135-0.plesk.page\/wp-content\/uploads\/2018\/03\/Rwanda_3_Governor_Of_Southern_Province__Mureshyankwano_Marie_RoseCroppedforPosting.jpg\" rel=\"fancybox\" title=\"Quinze membres d\u2019\u00e9glise meurent dans une \u00e9glise au Rwanda apr\u00e8s avoir \u00e9t\u00e9 frapp\u00e9s par la foudre\"><img decoding=\"async\" aria-describedby=\"caption-attachment-33921\" class=\"wp-image-33921\" src=\"https:\/\/recursing-golick.147-182-135-0.plesk.page\/wp-content\/uploads\/2018\/03\/Rwanda_3_Governor_Of_Southern_Province__Mureshyankwano_Marie_RoseCroppedforPosting.jpg\" alt=\"\" width=\"409\" height=\"230\" \/><\/a><p id=\"caption-attachment-33921\" class=\"wp-caption-text\">Image de la Division de l\u2019Afrique du Centre-Est<\/p><\/div>\n<p>\u00ab Nous avons re\u00e7u des information alarmantes indiquant que sabbat dernier 10 mars, \u00e0 l\u2019\u00e9glise Adventiste du Septi\u00e8me Jour de Gihemvu dans le district de Nyaruguru au sud du Rwanda, au moins 15 de nos membres Adventistes du Septi\u00e8me Jour ont perdu la vie alors que d\u2019autres ont \u00e9t\u00e9 bless\u00e9s lorsque la foudre a frapp\u00e9 l\u2019\u00e9glise. Nos pens\u00e9es vont vers nos chers membres d\u2019\u00e9glise au Rwanda qui ont subi cette perte tr\u00e8s difficile. Quelle trag\u00e9die d\u2019avoir une incidence aussi \u00e9trange de la foudre qui frappe pendant un service religieux<\/p>\n<p>Au nom de la famille mondiale des Adventistes du Septi\u00e8me Jour \u00e0 travers le monde, nous avons offert notre profonde sympathie et notre amour chr\u00e9tien \u00e0 tous nos membres de l\u2019Union du Rwanda qui se trouve dans la Division de l\u2019Afrique du Centre-Est, et en particulier aux familles qui ont perdu des \u00eatres chers, et \u00e0 ceux qui ont \u00e9t\u00e9 bless\u00e9s lors de cet \u00e9v\u00e9nement traumatisant.<\/p>\n<p>\u00ab Assur\u00e9ment Dieu apportera r\u00e9confort et encouragement \u00e0 l\u2019occasion de cette terrible \u00e9preuve. Nous avons encourag\u00e9 nos membres d\u2019\u00e9glise au Rwanda \u00e0 garder leurs yeux fix\u00e9s sur le Seigneur et Son prochain retour quand Il ram\u00e8nera \u00e0 la vie tous ceux qui sont morts en Lui. Quelle esp\u00e9rance nous avons pour l\u2019avenir. Priez avec nous pour nos membres d\u2019\u00e9glise et en particulier pour les familles touch\u00e9es alors qu\u2019elles se tournent vers le Seigneur pour trouver un encouragement et poursuivent avec l\u2019importante emphase plac\u00e9e sur l\u2019Implication Totale du Membre. Prions que chaque membre d\u2019\u00e9glise au Rwanda puisse sentir la main r\u00e9confortante et directrice du Saint-Esprit durant cette p\u00e9riode difficile \u00bb (tir\u00e9 de facebook.com\/PastorTedWilson\/).<\/p>\n<p>L\u2019\u00e9glise Adventiste du Septi\u00e8me Jour de Nyarunazi et son \u00e9cole du sabbat de Gihemvu se trouvent dans le Champ du Sud du Rwanda. L\u2019\u00e9glise se trouve dans le district de Nyaruguru, dans la Province du Sud du Rwanda.<\/p>\n<p>Traduction: Patrick Luciathe<\/p>\n","protected":false},"excerpt":{"rendered":"<p>La foudre a frapp\u00e9 une \u00e9glise Adventiste rwandaise le 10 mars, tuant 15 membres. Plus de 130 autres personnes assistant au service du culte \u00e0 l\u2019\u00e9glise Adventiste du Septi\u00e8me Jour de Gihemvu ont \u00e9t\u00e9 transport\u00e9es vers un h\u00f4pital de la r\u00e9gion et dans d\u2019autres centres m\u00e9dicaux. Certaines personnes qui y \u00e9taient trait\u00e9es sont depuis sorties de l\u2019h\u00f4pital.<\/p>\n<p>Les dirigeants de l\u2019Eglise et les repr\u00e9sentants du gouvernement, dont Abidan Ruhongeka, pr\u00e9sident du Champ du Sud du Rwanda et Mureshyankwano Marie Rose, gouverneur de la Province du Sud du Rwanda, ont assist\u00e9 \u00e0 une c\u00e9r\u00e9monie sp\u00e9ciale lors des fun\u00e9railles organis\u00e9es le dimanche 11 mars.<\/p>\n","protected":false},"author":1,"featured_media":39614,"comment_status":"closed","ping_status":"closed","sticky":false,"template":"","format":"standard","meta":{"_acf_changed":false,"footnotes":""},"categories":[18,19],"tags":[],"class_list":["post-39751","post","type-post","status-publish","format-standard","has-post-thumbnail","hentry","category-nouvelles-de-leglise-mondiale","category-rss-francais"],"acf":[],"yoast_head":"<!-- This site is optimized with the Yoast SEO plugin v27.3 - https:\/\/yoast.com\/product\/yoast-seo-wordpress\/ -->\n<title>Quinze membres d\u2019\u00e9glise meurent dans une \u00e9glise au Rwanda apr\u00e8s avoir \u00e9t\u00e9 frapp\u00e9s par la foudre - \u00c9glise Adventiste Du Septieme Jour - Inter Am\u00e9rique Division<\/title>\n<meta name=\"robots\" content=\"index, follow, max-snippet:-1, max-image-preview:large, max-video-preview:-1\" \/>\n<link rel=\"canonical\" href=\"https:\/\/interamerica.org\/fr\/2018\/03\/quinze-membres-deglise-meurent-dans-une-eglise-au-rwanda-apres-avoir-ete-frappes-par-la-foudre\/\" \/>\n<meta property=\"og:locale\" content=\"fr_FR\" \/>\n<meta property=\"og:type\" content=\"article\" \/>\n<meta property=\"og:title\" content=\"Quinze membres d\u2019\u00e9glise meurent dans une \u00e9glise au Rwanda apr\u00e8s avoir \u00e9t\u00e9 frapp\u00e9s par la foudre - \u00c9glise Adventiste Du Septieme Jour - Inter Am\u00e9rique Division\" \/>\n<meta property=\"og:description\" content=\"La foudre a frapp\u00e9 une \u00e9glise Adventiste rwandaise le 10 mars, tuant 15 membres. Plus de 130 autres personnes assistant au service du culte \u00e0 l\u2019\u00e9glise Adventiste du Septi\u00e8me Jour de Gihemvu ont \u00e9t\u00e9 transport\u00e9es vers un h\u00f4pital de la r\u00e9gion et dans d\u2019autres centres m\u00e9dicaux. Certaines personnes qui y \u00e9taient trait\u00e9es sont depuis sorties de l\u2019h\u00f4pital. Les dirigeants de l\u2019Eglise et les repr\u00e9sentants du gouvernement, dont Abidan Ruhongeka, pr\u00e9sident du Champ du Sud du Rwanda et Mureshyankwano Marie Rose, gouverneur de la Province du Sud du Rwanda, ont assist\u00e9 \u00e0 une c\u00e9r\u00e9monie sp\u00e9ciale lors des fun\u00e9railles organis\u00e9es le dimanche 11 mars.\" \/>\n<meta property=\"og:url\" content=\"https:\/\/interamerica.org\/fr\/2018\/03\/quinze-membres-deglise-meurent-dans-une-eglise-au-rwanda-apres-avoir-ete-frappes-par-la-foudre\/\" \/>\n<meta property=\"og:site_name\" content=\"\u00c9glise Adventiste Du Septieme Jour - Inter Am\u00e9rique Division\" \/>\n<meta property=\"article:published_time\" content=\"2018-03-13T04:00:00+00:00\" \/>\n<meta property=\"og:image\" content=\"https:\/\/interamerica.org\/wp-content\/uploads\/2018\/04\/rwanda-breaking.jpg\" \/>\n\t<meta property=\"og:image:width\" content=\"1000\" \/>\n\t<meta property=\"og:image:height\" content=\"500\" \/>\n\t<meta property=\"og:image:type\" content=\"image\/jpeg\" \/>\n<meta name=\"author\" content=\"Lorenzo Verduzco\" \/>\n<meta name=\"twitter:card\" content=\"summary_large_image\" \/>\n<meta name=\"twitter:label1\" content=\"\u00c9crit par\" \/>\n\t<meta name=\"twitter:data1\" content=\"Lorenzo Verduzco\" \/>\n\t<meta name=\"twitter:label2\" content=\"Dur\u00e9e de lecture estim\u00e9e\" \/>\n\t<meta name=\"twitter:data2\" content=\"3 minutes\" \/>\n<script type=\"application\/ld+json\" class=\"yoast-schema-graph\">{\"@context\":\"https:\\\/\\\/schema.org\",\"@graph\":[{\"@type\":\"Article\",\"@id\":\"https:\\\/\\\/interamerica.org\\\/fr\\\/2018\\\/03\\\/quinze-membres-deglise-meurent-dans-une-eglise-au-rwanda-apres-avoir-ete-frappes-par-la-foudre\\\/#article\",\"isPartOf\":{\"@id\":\"https:\\\/\\\/interamerica.org\\\/fr\\\/2018\\\/03\\\/quinze-membres-deglise-meurent-dans-une-eglise-au-rwanda-apres-avoir-ete-frappes-par-la-foudre\\\/\"},\"author\":{\"name\":\"Lorenzo Verduzco\",\"@id\":\"https:\\\/\\\/interamerica.org\\\/fr\\\/#\\\/schema\\\/person\\\/68ede8bdc292885bb76c1e3810e73c39\"},\"headline\":\"Quinze membres d\u2019\u00e9glise meurent dans une \u00e9glise au Rwanda apr\u00e8s avoir \u00e9t\u00e9 frapp\u00e9s par la foudre\",\"datePublished\":\"2018-03-13T04:00:00+00:00\",\"mainEntityOfPage\":{\"@id\":\"https:\\\/\\\/interamerica.org\\\/fr\\\/2018\\\/03\\\/quinze-membres-deglise-meurent-dans-une-eglise-au-rwanda-apres-avoir-ete-frappes-par-la-foudre\\\/\"},\"wordCount\":666,\"image\":{\"@id\":\"https:\\\/\\\/interamerica.org\\\/fr\\\/2018\\\/03\\\/quinze-membres-deglise-meurent-dans-une-eglise-au-rwanda-apres-avoir-ete-frappes-par-la-foudre\\\/#primaryimage\"},\"thumbnailUrl\":\"https:\\\/\\\/interamerica.org\\\/wp-content\\\/uploads\\\/2018\\\/04\\\/rwanda-breaking.jpg\",\"articleSection\":[\"Nouvelles de l'\u00c9glise mondiale\",\"RSS Fran\u00e7ais\"],\"inLanguage\":\"fr-FR\"},{\"@type\":\"WebPage\",\"@id\":\"https:\\\/\\\/interamerica.org\\\/fr\\\/2018\\\/03\\\/quinze-membres-deglise-meurent-dans-une-eglise-au-rwanda-apres-avoir-ete-frappes-par-la-foudre\\\/\",\"url\":\"https:\\\/\\\/interamerica.org\\\/fr\\\/2018\\\/03\\\/quinze-membres-deglise-meurent-dans-une-eglise-au-rwanda-apres-avoir-ete-frappes-par-la-foudre\\\/\",\"name\":\"Quinze membres d\u2019\u00e9glise meurent dans une \u00e9glise au Rwanda apr\u00e8s avoir \u00e9t\u00e9 frapp\u00e9s par la foudre - \u00c9glise Adventiste Du Septieme Jour - Inter Am\u00e9rique Division\",\"isPartOf\":{\"@id\":\"https:\\\/\\\/interamerica.org\\\/fr\\\/#website\"},\"primaryImageOfPage\":{\"@id\":\"https:\\\/\\\/interamerica.org\\\/fr\\\/2018\\\/03\\\/quinze-membres-deglise-meurent-dans-une-eglise-au-rwanda-apres-avoir-ete-frappes-par-la-foudre\\\/#primaryimage\"},\"image\":{\"@id\":\"https:\\\/\\\/interamerica.org\\\/fr\\\/2018\\\/03\\\/quinze-membres-deglise-meurent-dans-une-eglise-au-rwanda-apres-avoir-ete-frappes-par-la-foudre\\\/#primaryimage\"},\"thumbnailUrl\":\"https:\\\/\\\/interamerica.org\\\/wp-content\\\/uploads\\\/2018\\\/04\\\/rwanda-breaking.jpg\",\"datePublished\":\"2018-03-13T04:00:00+00:00\",\"author\":{\"@id\":\"https:\\\/\\\/interamerica.org\\\/fr\\\/#\\\/schema\\\/person\\\/68ede8bdc292885bb76c1e3810e73c39\"},\"breadcrumb\":{\"@id\":\"https:\\\/\\\/interamerica.org\\\/fr\\\/2018\\\/03\\\/quinze-membres-deglise-meurent-dans-une-eglise-au-rwanda-apres-avoir-ete-frappes-par-la-foudre\\\/#breadcrumb\"},\"inLanguage\":\"fr-FR\",\"potentialAction\":[{\"@type\":\"ReadAction\",\"target\":[\"https:\\\/\\\/interamerica.org\\\/fr\\\/2018\\\/03\\\/quinze-membres-deglise-meurent-dans-une-eglise-au-rwanda-apres-avoir-ete-frappes-par-la-foudre\\\/\"]}]},{\"@type\":\"ImageObject\",\"inLanguage\":\"fr-FR\",\"@id\":\"https:\\\/\\\/interamerica.org\\\/fr\\\/2018\\\/03\\\/quinze-membres-deglise-meurent-dans-une-eglise-au-rwanda-apres-avoir-ete-frappes-par-la-foudre\\\/#primaryimage\",\"url\":\"https:\\\/\\\/interamerica.org\\\/wp-content\\\/uploads\\\/2018\\\/04\\\/rwanda-breaking.jpg\",\"contentUrl\":\"https:\\\/\\\/interamerica.org\\\/wp-content\\\/uploads\\\/2018\\\/04\\\/rwanda-breaking.jpg\",\"width\":1000,\"height\":500},{\"@type\":\"BreadcrumbList\",\"@id\":\"https:\\\/\\\/interamerica.org\\\/fr\\\/2018\\\/03\\\/quinze-membres-deglise-meurent-dans-une-eglise-au-rwanda-apres-avoir-ete-frappes-par-la-foudre\\\/#breadcrumb\",\"itemListElement\":[{\"@type\":\"ListItem\",\"position\":1,\"name\":\"Home\",\"item\":\"https:\\\/\\\/interamerica.org\\\/fr\\\/\"},{\"@type\":\"ListItem\",\"position\":2,\"name\":\"Quinze membres d\u2019\u00e9glise meurent dans une \u00e9glise au Rwanda apr\u00e8s avoir \u00e9t\u00e9 frapp\u00e9s par la foudre\"}]},{\"@type\":\"WebSite\",\"@id\":\"https:\\\/\\\/interamerica.org\\\/fr\\\/#website\",\"url\":\"https:\\\/\\\/interamerica.org\\\/fr\\\/\",\"name\":\"\u00c9glise Adventiste Du Septieme Jour - Inter Am\u00e9rique Division\",\"description\":\"\",\"potentialAction\":[{\"@type\":\"SearchAction\",\"target\":{\"@type\":\"EntryPoint\",\"urlTemplate\":\"https:\\\/\\\/interamerica.org\\\/fr\\\/?s={search_term_string}\"},\"query-input\":{\"@type\":\"PropertyValueSpecification\",\"valueRequired\":true,\"valueName\":\"search_term_string\"}}],\"inLanguage\":\"fr-FR\"},{\"@type\":\"Person\",\"@id\":\"https:\\\/\\\/interamerica.org\\\/fr\\\/#\\\/schema\\\/person\\\/68ede8bdc292885bb76c1e3810e73c39\",\"name\":\"Lorenzo Verduzco\",\"image\":{\"@type\":\"ImageObject\",\"inLanguage\":\"fr-FR\",\"@id\":\"https:\\\/\\\/secure.gravatar.com\\\/avatar\\\/fb81a55b6218459490a9c1dc841a34909185b81904c5337b4b27f7a6fd60c49e?s=96&d=mm&r=g\",\"url\":\"https:\\\/\\\/secure.gravatar.com\\\/avatar\\\/fb81a55b6218459490a9c1dc841a34909185b81904c5337b4b27f7a6fd60c49e?s=96&d=mm&r=g\",\"contentUrl\":\"https:\\\/\\\/secure.gravatar.com\\\/avatar\\\/fb81a55b6218459490a9c1dc841a34909185b81904c5337b4b27f7a6fd60c49e?s=96&d=mm&r=g\",\"caption\":\"Lorenzo Verduzco\"}}]}<\/script>\n<!-- \/ Yoast SEO plugin. -->","yoast_head_json":{"title":"Quinze membres d\u2019\u00e9glise meurent dans une \u00e9glise au Rwanda apr\u00e8s avoir \u00e9t\u00e9 frapp\u00e9s par la foudre - \u00c9glise Adventiste Du Septieme Jour - Inter Am\u00e9rique Division","robots":{"index":"index","follow":"follow","max-snippet":"max-snippet:-1","max-image-preview":"max-image-preview:large","max-video-preview":"max-video-preview:-1"},"canonical":"https:\/\/interamerica.org\/fr\/2018\/03\/quinze-membres-deglise-meurent-dans-une-eglise-au-rwanda-apres-avoir-ete-frappes-par-la-foudre\/","og_locale":"fr_FR","og_type":"article","og_title":"Quinze membres d\u2019\u00e9glise meurent dans une \u00e9glise au Rwanda apr\u00e8s avoir \u00e9t\u00e9 frapp\u00e9s par la foudre - \u00c9glise Adventiste Du Septieme Jour - Inter Am\u00e9rique Division","og_description":"La foudre a frapp\u00e9 une \u00e9glise Adventiste rwandaise le 10 mars, tuant 15 membres. Plus de 130 autres personnes assistant au service du culte \u00e0 l\u2019\u00e9glise Adventiste du Septi\u00e8me Jour de Gihemvu ont \u00e9t\u00e9 transport\u00e9es vers un h\u00f4pital de la r\u00e9gion et dans d\u2019autres centres m\u00e9dicaux. Certaines personnes qui y \u00e9taient trait\u00e9es sont depuis sorties de l\u2019h\u00f4pital. Les dirigeants de l\u2019Eglise et les repr\u00e9sentants du gouvernement, dont Abidan Ruhongeka, pr\u00e9sident du Champ du Sud du Rwanda et Mureshyankwano Marie Rose, gouverneur de la Province du Sud du Rwanda, ont assist\u00e9 \u00e0 une c\u00e9r\u00e9monie sp\u00e9ciale lors des fun\u00e9railles organis\u00e9es le dimanche 11 mars.","og_url":"https:\/\/interamerica.org\/fr\/2018\/03\/quinze-membres-deglise-meurent-dans-une-eglise-au-rwanda-apres-avoir-ete-frappes-par-la-foudre\/","og_site_name":"\u00c9glise Adventiste Du Septieme Jour - Inter Am\u00e9rique Division","article_published_time":"2018-03-13T04:00:00+00:00","og_image":[{"width":1000,"height":500,"url":"https:\/\/interamerica.org\/wp-content\/uploads\/2018\/04\/rwanda-breaking.jpg","type":"image\/jpeg"}],"author":"Lorenzo Verduzco","twitter_card":"summary_large_image","twitter_misc":{"\u00c9crit par":"Lorenzo Verduzco","Dur\u00e9e de lecture estim\u00e9e":"3 minutes"},"schema":{"@context":"https:\/\/schema.org","@graph":[{"@type":"Article","@id":"https:\/\/interamerica.org\/fr\/2018\/03\/quinze-membres-deglise-meurent-dans-une-eglise-au-rwanda-apres-avoir-ete-frappes-par-la-foudre\/#article","isPartOf":{"@id":"https:\/\/interamerica.org\/fr\/2018\/03\/quinze-membres-deglise-meurent-dans-une-eglise-au-rwanda-apres-avoir-ete-frappes-par-la-foudre\/"},"author":{"name":"Lorenzo Verduzco","@id":"https:\/\/interamerica.org\/fr\/#\/schema\/person\/68ede8bdc292885bb76c1e3810e73c39"},"headline":"Quinze membres d\u2019\u00e9glise meurent dans une \u00e9glise au Rwanda apr\u00e8s avoir \u00e9t\u00e9 frapp\u00e9s par la foudre","datePublished":"2018-03-13T04:00:00+00:00","mainEntityOfPage":{"@id":"https:\/\/interamerica.org\/fr\/2018\/03\/quinze-membres-deglise-meurent-dans-une-eglise-au-rwanda-apres-avoir-ete-frappes-par-la-foudre\/"},"wordCount":666,"image":{"@id":"https:\/\/interamerica.org\/fr\/2018\/03\/quinze-membres-deglise-meurent-dans-une-eglise-au-rwanda-apres-avoir-ete-frappes-par-la-foudre\/#primaryimage"},"thumbnailUrl":"https:\/\/interamerica.org\/wp-content\/uploads\/2018\/04\/rwanda-breaking.jpg","articleSection":["Nouvelles de l'\u00c9glise mondiale","RSS Fran\u00e7ais"],"inLanguage":"fr-FR"},{"@type":"WebPage","@id":"https:\/\/interamerica.org\/fr\/2018\/03\/quinze-membres-deglise-meurent-dans-une-eglise-au-rwanda-apres-avoir-ete-frappes-par-la-foudre\/","url":"https:\/\/interamerica.org\/fr\/2018\/03\/quinze-membres-deglise-meurent-dans-une-eglise-au-rwanda-apres-avoir-ete-frappes-par-la-foudre\/","name":"Quinze membres d\u2019\u00e9glise meurent dans une \u00e9glise au Rwanda apr\u00e8s avoir \u00e9t\u00e9 frapp\u00e9s par la foudre - \u00c9glise Adventiste Du Septieme Jour - Inter Am\u00e9rique Division","isPartOf":{"@id":"https:\/\/interamerica.org\/fr\/#website"},"primaryImageOfPage":{"@id":"https:\/\/interamerica.org\/fr\/2018\/03\/quinze-membres-deglise-meurent-dans-une-eglise-au-rwanda-apres-avoir-ete-frappes-par-la-foudre\/#primaryimage"},"image":{"@id":"https:\/\/interamerica.org\/fr\/2018\/03\/quinze-membres-deglise-meurent-dans-une-eglise-au-rwanda-apres-avoir-ete-frappes-par-la-foudre\/#primaryimage"},"thumbnailUrl":"https:\/\/interamerica.org\/wp-content\/uploads\/2018\/04\/rwanda-breaking.jpg","datePublished":"2018-03-13T04:00:00+00:00","author":{"@id":"https:\/\/interamerica.org\/fr\/#\/schema\/person\/68ede8bdc292885bb76c1e3810e73c39"},"breadcrumb":{"@id":"https:\/\/interamerica.org\/fr\/2018\/03\/quinze-membres-deglise-meurent-dans-une-eglise-au-rwanda-apres-avoir-ete-frappes-par-la-foudre\/#breadcrumb"},"inLanguage":"fr-FR","potentialAction":[{"@type":"ReadAction","target":["https:\/\/interamerica.org\/fr\/2018\/03\/quinze-membres-deglise-meurent-dans-une-eglise-au-rwanda-apres-avoir-ete-frappes-par-la-foudre\/"]}]},{"@type":"ImageObject","inLanguage":"fr-FR","@id":"https:\/\/interamerica.org\/fr\/2018\/03\/quinze-membres-deglise-meurent-dans-une-eglise-au-rwanda-apres-avoir-ete-frappes-par-la-foudre\/#primaryimage","url":"https:\/\/interamerica.org\/wp-content\/uploads\/2018\/04\/rwanda-breaking.jpg","contentUrl":"https:\/\/interamerica.org\/wp-content\/uploads\/2018\/04\/rwanda-breaking.jpg","width":1000,"height":500},{"@type":"BreadcrumbList","@id":"https:\/\/interamerica.org\/fr\/2018\/03\/quinze-membres-deglise-meurent-dans-une-eglise-au-rwanda-apres-avoir-ete-frappes-par-la-foudre\/#breadcrumb","itemListElement":[{"@type":"ListItem","position":1,"name":"Home","item":"https:\/\/interamerica.org\/fr\/"},{"@type":"ListItem","position":2,"name":"Quinze membres d\u2019\u00e9glise meurent dans une \u00e9glise au Rwanda apr\u00e8s avoir \u00e9t\u00e9 frapp\u00e9s par la foudre"}]},{"@type":"WebSite","@id":"https:\/\/interamerica.org\/fr\/#website","url":"https:\/\/interamerica.org\/fr\/","name":"\u00c9glise Adventiste Du Septieme Jour - Inter Am\u00e9rique Division","description":"","potentialAction":[{"@type":"SearchAction","target":{"@type":"EntryPoint","urlTemplate":"https:\/\/interamerica.org\/fr\/?s={search_term_string}"},"query-input":{"@type":"PropertyValueSpecification","valueRequired":true,"valueName":"search_term_string"}}],"inLanguage":"fr-FR"},{"@type":"Person","@id":"https:\/\/interamerica.org\/fr\/#\/schema\/person\/68ede8bdc292885bb76c1e3810e73c39","name":"Lorenzo Verduzco","image":{"@type":"ImageObject","inLanguage":"fr-FR","@id":"https:\/\/secure.gravatar.com\/avatar\/fb81a55b6218459490a9c1dc841a34909185b81904c5337b4b27f7a6fd60c49e?s=96&d=mm&r=g","url":"https:\/\/secure.gravatar.com\/avatar\/fb81a55b6218459490a9c1dc841a34909185b81904c5337b4b27f7a6fd60c49e?s=96&d=mm&r=g","contentUrl":"https:\/\/secure.gravatar.com\/avatar\/fb81a55b6218459490a9c1dc841a34909185b81904c5337b4b27f7a6fd60c49e?s=96&d=mm&r=g","caption":"Lorenzo Verduzco"}}]}},"_links":{"self":[{"href":"https:\/\/interamerica.org\/fr\/wp-json\/wp\/v2\/posts\/39751","targetHints":{"allow":["GET"]}}],"collection":[{"href":"https:\/\/interamerica.org\/fr\/wp-json\/wp\/v2\/posts"}],"about":[{"href":"https:\/\/interamerica.org\/fr\/wp-json\/wp\/v2\/types\/post"}],"author":[{"embeddable":true,"href":"https:\/\/interamerica.org\/fr\/wp-json\/wp\/v2\/users\/1"}],"replies":[{"embeddable":true,"href":"https:\/\/interamerica.org\/fr\/wp-json\/wp\/v2\/comments?post=39751"}],"version-history":[{"count":0,"href":"https:\/\/interamerica.org\/fr\/wp-json\/wp\/v2\/posts\/39751\/revisions"}],"wp:featuredmedia":[{"embeddable":true,"href":"https:\/\/interamerica.org\/fr\/wp-json\/wp\/v2\/media\/39614"}],"wp:attachment":[{"href":"https:\/\/interamerica.org\/fr\/wp-json\/wp\/v2\/media?parent=39751"}],"wp:term":[{"taxonomy":"category","embeddable":true,"href":"https:\/\/interamerica.org\/fr\/wp-json\/wp\/v2\/categories?post=39751"},{"taxonomy":"post_tag","embeddable":true,"href":"https:\/\/interamerica.org\/fr\/wp-json\/wp\/v2\/tags?post=39751"}],"curies":[{"name":"wp","href":"https:\/\/api.w.org\/{rel}","templated":true}]}}