{"id":39757,"date":"2018-03-22T00:00:00","date_gmt":"2018-03-22T04:00:00","guid":{"rendered":"http:\/\/192.81.217.108\/2018\/03\/leglise-adventiste-a-trinidad-pleure-la-perte-de-membres-deglise-qui-ont-ete-tues\/"},"modified":"2018-04-06T16:36:52","modified_gmt":"2018-04-06T20:36:52","slug":"leglise-adventiste-a-trinidad-pleure-la-perte-de-membres-deglise-qui-ont-ete-tues","status":"publish","type":"post","link":"https:\/\/interamerica.org\/fr\/2018\/03\/leglise-adventiste-a-trinidad-pleure-la-perte-de-membres-deglise-qui-ont-ete-tues\/","title":{"rendered":"L\u2019Eglise Adventiste \u00e0 Trinidad pleure la perte de membres d\u2019\u00e9glise qui ont \u00e9t\u00e9 tu\u00e9s"},"content":{"rendered":"<div id=\"attachment_34059\" style=\"width: 743px\" class=\"wp-caption aligncenter\"><a href=\"https:\/\/recursing-golick.147-182-135-0.plesk.page\/wp-content\/uploads\/2018\/03\/Candle-carolyn-v-480494-unsplash-.jpg\" rel=\"fancybox\" title=\"L\u2019Eglise Adventiste \u00e0 Trinidad pleure la perte de membres d\u2019\u00e9glise qui ont \u00e9t\u00e9 tu\u00e9s\"><img fetchpriority=\"high\" decoding=\"async\" aria-describedby=\"caption-attachment-34059\" class=\" wp-image-34059\" src=\"https:\/\/recursing-golick.147-182-135-0.plesk.page\/wp-content\/uploads\/2018\/03\/Candle-carolyn-v-480494-unsplash-.jpg\" alt=\"\" width=\"733\" height=\"458\" \/><\/a><p id=\"caption-attachment-34059\" class=\"wp-caption-text\">Image de Carolyn V\/Unsplash<\/p><\/div>\n<p>22 mars 2018 | La Brea, Trinidad | Libna Stevens \/ DIA<\/p>\n<p>Les Adventistes du Septi\u00e8me Jour \u00e0 Trinidad sont d\u00e9vast\u00e9s par la perte de trois de leurs membres, qui ont \u00e9t\u00e9 victimes d\u2019une violente attaque au couteau la semaine derni\u00e8re.<\/p>\n<p>Les enqu\u00eateurs ont d\u00e9clar\u00e9 que les meurtres avaient eu lieu le 13 mars \u00e0 La Brea, une ville du sud-ouest du pays. Michael Scott, 69 ans, professeur d\u2019\u00e9cole secondaire \u00e0 la retraite et ancien d\u2019\u00e9glise, Abigail Chapman, 42 ans, professeur d\u2019espagnol \u00e0 l\u2019Ecole Secondaire Adventiste du Sud, sa fille Olivia Chapman, 15 ans, et sa camarade d\u2019\u00e9cole Michaela Mason, 14 ans, sont les victimes de cette attaque.<\/p>\n<div id=\"attachment_34063\" style=\"width: 480px\" class=\"wp-caption alignright\"><a href=\"https:\/\/recursing-golick.147-182-135-0.plesk.page\/wp-content\/uploads\/2018\/03\/Victims-Trinidad.jpg\" rel=\"fancybox\" title=\"L\u2019Eglise Adventiste \u00e0 Trinidad pleure la perte de membres d\u2019\u00e9glise qui ont \u00e9t\u00e9 tu\u00e9s\"><img decoding=\"async\" aria-describedby=\"caption-attachment-34063\" class=\"wp-image-34063\" src=\"https:\/\/recursing-golick.147-182-135-0.plesk.page\/wp-content\/uploads\/2018\/03\/Victims-Trinidad.jpg\" alt=\"\" width=\"470\" height=\"193\" \/><\/a><p id=\"caption-attachment-34063\" class=\"wp-caption-text\">Abigail Chapman (\u00e0 gauche), Michael Scott et Olivia Chapman, tous membres de l\u2019\u00e9glise Adventiste du Septi\u00e8me Jour de La Brea \u00e0 Trinidad, ont \u00e9t\u00e9 tu\u00e9s la semaine derni\u00e8re. Image de Facebook<\/p><\/div>\n<p>\u00ab Cela a secou\u00e9 notre \u00e9glise ici et notre nation enti\u00e8re est traumatis\u00e9e par ce massacre, \u00bb a d\u00e9clar\u00e9 pasteur Kern Tobias, pr\u00e9sident de l\u2019Eglise Adventiste dans l\u2019Union Carib\u00e9enne, dont le si\u00e8ge se trouve \u00e0 Trinidad. \u00ab Nous continuons \u00e0 pleurer la perte de ces vies et \u00e0 prier pour les membres survivants de la famille et pour la communaut\u00e9 dans son ensemble. \u00bb<\/p>\n<p>\u00ab Je suis dans le chagrin, \u00bb a d\u00e9clar\u00e9 pasteur Tobias, qui connaissait Michael Scott et le consid\u00e9rait comme l\u2019un de ses mentors quand il a commenc\u00e9 dans le minist\u00e8re. \u00ab Michael Scott \u00e9tait un ancien d\u2019\u00e9glise d\u00e9vou\u00e9, un historien et pendant des d\u00e9cennies il a form\u00e9 des jeunes \u00e0 servir le Seigneur, \u00bb a d\u00e9clar\u00e9 pasteur Tobias. \u00ab Michael Scott \u00e9tait \u00e9galement reconnu dans sa communaut\u00e9 et beaucoup ont particip\u00e9 \u00e0 une marche de solidarit\u00e9 et \u00e0 une veill\u00e9e de pri\u00e8re en sa m\u00e9moire et celle du reste des victimes ce week-end. \u00bb<\/p>\n<p>Michael Scott \u00e9tait le propri\u00e9taire de l\u2019appartement dans lequel vivaient Abigail Chapman et ses trois enfants. Le jour o\u00f9 l\u2019attaque a eu lieu, Michael Scott a entendu des bruits venant de l\u2019appartement d\u2019Abigail Chapman, qui se trouvait en dessous du sien. Il est all\u00e9 dans l\u2019appartement et est tomb\u00e9 sur l\u2019assaillant pr\u00e9sum\u00e9, qui avait fait l\u2019objet d\u2019un rapport de violence domestique soumis contre lui r\u00e9cemment par Abigail Chapman.<\/p>\n<p>Les deux plus jeunes enfants de Chapman, qui fr\u00e9quentent l\u2019Ecole Primaire Adventiste de Port Fortin, n\u2019ont pas \u00e9t\u00e9 bless\u00e9s physiquement. Ils se trouvaient avec Michael Scott, qui les a enferm\u00e9s dans son appartement avant de chercher ce qui causait les bruits provenant de l\u2019appartement d\u2019Abigail Chapman.<\/p>\n<div id=\"attachment_34066\" style=\"width: 449px\" class=\"wp-caption alignleft\"><a href=\"https:\/\/recursing-golick.147-182-135-0.plesk.page\/wp-content\/uploads\/2018\/03\/Trinidad-funeral1.jpg\" rel=\"fancybox\" title=\"L\u2019Eglise Adventiste \u00e0 Trinidad pleure la perte de membres d\u2019\u00e9glise qui ont \u00e9t\u00e9 tu\u00e9s\"><img decoding=\"async\" aria-describedby=\"caption-attachment-34066\" class=\" wp-image-34066\" src=\"https:\/\/recursing-golick.147-182-135-0.plesk.page\/wp-content\/uploads\/2018\/03\/Trinidad-funeral1.jpg\" alt=\"\" width=\"439\" height=\"274\" \/><\/a><p id=\"caption-attachment-34066\" class=\"wp-caption-text\">L\u2019Eglise Adventiste de La Brea remplie \u00e0 l\u2019occasion du service m\u00e9morial organis\u00e9 pour Abigail Chapman et sa fille Olivia le 21 mars 2018. Image de Southern Caribbean Media sur Youtube<\/p><\/div>\n<p>Les amis et la famille ont \u00e9voqu\u00e9 le souvenir d\u2019Abigail Chapman et de sa fille Olivia lors d&rsquo;un service comm\u00e9moratif organis\u00e9 \u00e0 l\u2019\u00e9glise Adventiste de La Brea hier. On s\u2019est souvenu d\u2019Abigail Chapman pour son d\u00e9vouement \u00e0 sa famille et son service engag\u00e9 aupr\u00e8s de son \u00e9glise. Elle \u00e9tait une Eclaireur d\u00e9vou\u00e9e, elle a servi comme enseignante d\u2019\u00e9cole primaire et d\u2019\u00e9cole secondaire pendant de nombreuses ann\u00e9es.<\/p>\n<p>\u00ab Elle avait des fa\u00e7ons cr\u00e9atives de transmettre ses connaissances \u00e0 ses \u00e9l\u00e8ves, elle \u00e9tait une enseignante d\u00e9vou\u00e9e, imaginative, cr\u00e9ative, elle travaillait dur et elle enseignait \u00e0 ses enfants \u00e0 lire la Bible et \u00e0 \u00eatre actifs \u00e0 l\u2019\u00e9glise, \u00bb a dit un cousin d\u2019Abigail Chapman dans un t\u00e9moignage.<\/p>\n<p>\u00ab Olivia \u00e9tait \u00e9claireur et active \u00e0 l\u2019\u00e9glise, elle s\u2019assurait que ses amis aient une place \u00e0 l\u2019\u00e9glise, \u00bb a dit un autre cousin dans un t\u00e9moignage.<\/p>\n<p>Il y a encore des questions sans r\u00e9ponse sur cet acte insens\u00e9, a d\u00e9clar\u00e9 pasteur Tobias. Kern Tobias se souvient du verset biblique qui se trouve dans Esa\u00efe 57: 1 \u00ab Or des justes p\u00e9rissent mais nul ne s\u2019en soucie, et des hommes de bien sont enlev\u00e9s, sans que nul ne comprenne<br \/>\nque les justes sont emport\u00e9s afin que leur soit \u00e9pargn\u00e9 le malheur \u00e0 venir. \u00bb (BDS)<\/p>\n<p>\u00ab L\u2019\u00e9glise continuera de prier et d\u2019encourager les enfants alors qu\u2019ils font face \u00e0 cette trag\u00e9die, \u00bb a d\u00e9clar\u00e9 pasteur Tobias. \u00ab Il existe un solide r\u00e9seau familial dans l\u2019\u00e9glise Adventiste de La Brea et l\u2019organisation de l\u2019\u00e9glise pourvoira aux besoins des survivants de la famille Chapman. \u00bb<\/p>\n<p>Les membres de l\u2019\u00e9glise Adventiste de La Brea pleurent toujours la perte de tant de vies. \u00ab Nous pleurons aussi avec la famille de Michaela Mason. Continuez \u00e0 prier pour nous en tant qu\u2019\u00e9glise et pour chaque famille en particulier, \u00bb a indiqu\u00e9 un message sur Facebook.<\/p>\n<p>Les m\u00e9dias ont rapport\u00e9 que les autorit\u00e9s ont captur\u00e9 le tueur pr\u00e9sum\u00e9 plus t\u00f4t cette semaine et poursuivront l\u2019enqu\u00eate autour de ce crime.<\/p>\n<p>Le service comm\u00e9moratif pour Michael Scott est pr\u00e9vu pour le dimanche 25 mars 2018, \u00e0 l\u2019\u00e9glise Adventiste du Septi\u00e8me Jour de La Brea.<\/p>\n<p><em>Royston Philbert a contribu\u00e9 \u00e0 cet article<\/em><\/p>\n<p>Traduction: Patrick Luciathe<\/p>\n","protected":false},"excerpt":{"rendered":"<p>Les Adventistes du Septi\u00e8me Jour \u00e0 Trinidad sont d\u00e9vast\u00e9s par la perte de trois de leurs membres, qui ont \u00e9t\u00e9 victimes d\u2019une violente attaque au couteau la semaine derni\u00e8re.<\/p>\n<p>Les enqu\u00eateurs ont d\u00e9clar\u00e9 que les meurtres avaient eu lieu le 13 mars \u00e0 La Brea, une ville du sud-ouest du pays. Michael Scott, 69 ans, professeur d\u2019\u00e9cole secondaire \u00e0 la retraite et ancien d\u2019\u00e9glise, Abigail Chapman, 42 ans, professeur d\u2019espagnol \u00e0 l\u2019Ecole Secondaire Adventiste du Sud, sa fille Olivia Chapman, 15 ans, et sa camarade d\u2019\u00e9cole Michaela Mason, 14 ans, sont les victimes de cette attaque.<\/p>\n","protected":false},"author":1,"featured_media":39638,"comment_status":"closed","ping_status":"closed","sticky":false,"template":"","format":"standard","meta":{"_acf_changed":false,"footnotes":""},"categories":[21,19],"tags":[],"class_list":["post-39757","post","type-post","status-publish","format-standard","has-post-thumbnail","hentry","category-nouvelles-du-territoire","category-rss-francais"],"acf":[],"yoast_head":"<!-- This site is optimized with the Yoast SEO plugin v27.3 - https:\/\/yoast.com\/product\/yoast-seo-wordpress\/ -->\n<title>L\u2019Eglise Adventiste \u00e0 Trinidad pleure la perte de membres d\u2019\u00e9glise qui ont \u00e9t\u00e9 tu\u00e9s - \u00c9glise Adventiste Du Septieme Jour - Inter Am\u00e9rique Division<\/title>\n<meta name=\"robots\" content=\"index, follow, max-snippet:-1, max-image-preview:large, max-video-preview:-1\" \/>\n<link rel=\"canonical\" href=\"https:\/\/interamerica.org\/fr\/2018\/03\/leglise-adventiste-a-trinidad-pleure-la-perte-de-membres-deglise-qui-ont-ete-tues\/\" \/>\n<meta property=\"og:locale\" content=\"fr_FR\" \/>\n<meta property=\"og:type\" content=\"article\" \/>\n<meta property=\"og:title\" content=\"L\u2019Eglise Adventiste \u00e0 Trinidad pleure la perte de membres d\u2019\u00e9glise qui ont \u00e9t\u00e9 tu\u00e9s - \u00c9glise Adventiste Du Septieme Jour - Inter Am\u00e9rique Division\" \/>\n<meta property=\"og:description\" content=\"Les Adventistes du Septi\u00e8me Jour \u00e0 Trinidad sont d\u00e9vast\u00e9s par la perte de trois de leurs membres, qui ont \u00e9t\u00e9 victimes d\u2019une violente attaque au couteau la semaine derni\u00e8re.  Les enqu\u00eateurs ont d\u00e9clar\u00e9 que les meurtres avaient eu lieu le 13 mars \u00e0 La Brea, une ville du sud-ouest du pays. Michael Scott, 69 ans, professeur d\u2019\u00e9cole secondaire \u00e0 la retraite et ancien d\u2019\u00e9glise, Abigail Chapman, 42 ans, professeur d\u2019espagnol \u00e0 l\u2019Ecole Secondaire Adventiste du Sud, sa fille Olivia Chapman, 15 ans, et sa camarade d\u2019\u00e9cole Michaela Mason, 14 ans, sont les victimes de cette attaque.\" \/>\n<meta property=\"og:url\" content=\"https:\/\/interamerica.org\/fr\/2018\/03\/leglise-adventiste-a-trinidad-pleure-la-perte-de-membres-deglise-qui-ont-ete-tues\/\" \/>\n<meta property=\"og:site_name\" content=\"\u00c9glise Adventiste Du Septieme Jour - Inter Am\u00e9rique Division\" \/>\n<meta property=\"article:published_time\" content=\"2018-03-22T04:00:00+00:00\" \/>\n<meta property=\"article:modified_time\" content=\"2018-04-06T20:36:52+00:00\" \/>\n<meta property=\"og:image\" content=\"https:\/\/interamerica.org\/wp-content\/uploads\/2018\/04\/candle-carolyn-v-480494-unsplash.jpg\" \/>\n\t<meta property=\"og:image:width\" content=\"1280\" \/>\n\t<meta property=\"og:image:height\" content=\"800\" \/>\n\t<meta property=\"og:image:type\" content=\"image\/jpeg\" \/>\n<meta name=\"author\" content=\"Lorenzo Verduzco\" \/>\n<meta name=\"twitter:card\" content=\"summary_large_image\" \/>\n<meta name=\"twitter:label1\" content=\"\u00c9crit par\" \/>\n\t<meta name=\"twitter:data1\" content=\"Lorenzo Verduzco\" \/>\n\t<meta name=\"twitter:label2\" content=\"Dur\u00e9e de lecture estim\u00e9e\" \/>\n\t<meta name=\"twitter:data2\" content=\"4 minutes\" \/>\n<script type=\"application\/ld+json\" class=\"yoast-schema-graph\">{\"@context\":\"https:\\\/\\\/schema.org\",\"@graph\":[{\"@type\":\"Article\",\"@id\":\"https:\\\/\\\/interamerica.org\\\/fr\\\/2018\\\/03\\\/leglise-adventiste-a-trinidad-pleure-la-perte-de-membres-deglise-qui-ont-ete-tues\\\/#article\",\"isPartOf\":{\"@id\":\"https:\\\/\\\/interamerica.org\\\/fr\\\/2018\\\/03\\\/leglise-adventiste-a-trinidad-pleure-la-perte-de-membres-deglise-qui-ont-ete-tues\\\/\"},\"author\":{\"name\":\"Lorenzo Verduzco\",\"@id\":\"https:\\\/\\\/interamerica.org\\\/fr\\\/#\\\/schema\\\/person\\\/68ede8bdc292885bb76c1e3810e73c39\"},\"headline\":\"L\u2019Eglise Adventiste \u00e0 Trinidad pleure la perte de membres d\u2019\u00e9glise qui ont \u00e9t\u00e9 tu\u00e9s\",\"datePublished\":\"2018-03-22T04:00:00+00:00\",\"dateModified\":\"2018-04-06T20:36:52+00:00\",\"mainEntityOfPage\":{\"@id\":\"https:\\\/\\\/interamerica.org\\\/fr\\\/2018\\\/03\\\/leglise-adventiste-a-trinidad-pleure-la-perte-de-membres-deglise-qui-ont-ete-tues\\\/\"},\"wordCount\":889,\"image\":{\"@id\":\"https:\\\/\\\/interamerica.org\\\/fr\\\/2018\\\/03\\\/leglise-adventiste-a-trinidad-pleure-la-perte-de-membres-deglise-qui-ont-ete-tues\\\/#primaryimage\"},\"thumbnailUrl\":\"https:\\\/\\\/interamerica.org\\\/wp-content\\\/uploads\\\/2018\\\/04\\\/candle-carolyn-v-480494-unsplash.jpg\",\"articleSection\":[\"Nouvelles du territoire\",\"RSS Fran\u00e7ais\"],\"inLanguage\":\"fr-FR\"},{\"@type\":\"WebPage\",\"@id\":\"https:\\\/\\\/interamerica.org\\\/fr\\\/2018\\\/03\\\/leglise-adventiste-a-trinidad-pleure-la-perte-de-membres-deglise-qui-ont-ete-tues\\\/\",\"url\":\"https:\\\/\\\/interamerica.org\\\/fr\\\/2018\\\/03\\\/leglise-adventiste-a-trinidad-pleure-la-perte-de-membres-deglise-qui-ont-ete-tues\\\/\",\"name\":\"L\u2019Eglise Adventiste \u00e0 Trinidad pleure la perte de membres d\u2019\u00e9glise qui ont \u00e9t\u00e9 tu\u00e9s - \u00c9glise Adventiste Du Septieme Jour - Inter Am\u00e9rique Division\",\"isPartOf\":{\"@id\":\"https:\\\/\\\/interamerica.org\\\/fr\\\/#website\"},\"primaryImageOfPage\":{\"@id\":\"https:\\\/\\\/interamerica.org\\\/fr\\\/2018\\\/03\\\/leglise-adventiste-a-trinidad-pleure-la-perte-de-membres-deglise-qui-ont-ete-tues\\\/#primaryimage\"},\"image\":{\"@id\":\"https:\\\/\\\/interamerica.org\\\/fr\\\/2018\\\/03\\\/leglise-adventiste-a-trinidad-pleure-la-perte-de-membres-deglise-qui-ont-ete-tues\\\/#primaryimage\"},\"thumbnailUrl\":\"https:\\\/\\\/interamerica.org\\\/wp-content\\\/uploads\\\/2018\\\/04\\\/candle-carolyn-v-480494-unsplash.jpg\",\"datePublished\":\"2018-03-22T04:00:00+00:00\",\"dateModified\":\"2018-04-06T20:36:52+00:00\",\"author\":{\"@id\":\"https:\\\/\\\/interamerica.org\\\/fr\\\/#\\\/schema\\\/person\\\/68ede8bdc292885bb76c1e3810e73c39\"},\"breadcrumb\":{\"@id\":\"https:\\\/\\\/interamerica.org\\\/fr\\\/2018\\\/03\\\/leglise-adventiste-a-trinidad-pleure-la-perte-de-membres-deglise-qui-ont-ete-tues\\\/#breadcrumb\"},\"inLanguage\":\"fr-FR\",\"potentialAction\":[{\"@type\":\"ReadAction\",\"target\":[\"https:\\\/\\\/interamerica.org\\\/fr\\\/2018\\\/03\\\/leglise-adventiste-a-trinidad-pleure-la-perte-de-membres-deglise-qui-ont-ete-tues\\\/\"]}]},{\"@type\":\"ImageObject\",\"inLanguage\":\"fr-FR\",\"@id\":\"https:\\\/\\\/interamerica.org\\\/fr\\\/2018\\\/03\\\/leglise-adventiste-a-trinidad-pleure-la-perte-de-membres-deglise-qui-ont-ete-tues\\\/#primaryimage\",\"url\":\"https:\\\/\\\/interamerica.org\\\/wp-content\\\/uploads\\\/2018\\\/04\\\/candle-carolyn-v-480494-unsplash.jpg\",\"contentUrl\":\"https:\\\/\\\/interamerica.org\\\/wp-content\\\/uploads\\\/2018\\\/04\\\/candle-carolyn-v-480494-unsplash.jpg\",\"width\":1280,\"height\":800},{\"@type\":\"BreadcrumbList\",\"@id\":\"https:\\\/\\\/interamerica.org\\\/fr\\\/2018\\\/03\\\/leglise-adventiste-a-trinidad-pleure-la-perte-de-membres-deglise-qui-ont-ete-tues\\\/#breadcrumb\",\"itemListElement\":[{\"@type\":\"ListItem\",\"position\":1,\"name\":\"Home\",\"item\":\"https:\\\/\\\/interamerica.org\\\/fr\\\/\"},{\"@type\":\"ListItem\",\"position\":2,\"name\":\"L\u2019Eglise Adventiste \u00e0 Trinidad pleure la perte de membres d\u2019\u00e9glise qui ont \u00e9t\u00e9 tu\u00e9s\"}]},{\"@type\":\"WebSite\",\"@id\":\"https:\\\/\\\/interamerica.org\\\/fr\\\/#website\",\"url\":\"https:\\\/\\\/interamerica.org\\\/fr\\\/\",\"name\":\"\u00c9glise Adventiste Du Septieme Jour - Inter Am\u00e9rique Division\",\"description\":\"\",\"potentialAction\":[{\"@type\":\"SearchAction\",\"target\":{\"@type\":\"EntryPoint\",\"urlTemplate\":\"https:\\\/\\\/interamerica.org\\\/fr\\\/?s={search_term_string}\"},\"query-input\":{\"@type\":\"PropertyValueSpecification\",\"valueRequired\":true,\"valueName\":\"search_term_string\"}}],\"inLanguage\":\"fr-FR\"},{\"@type\":\"Person\",\"@id\":\"https:\\\/\\\/interamerica.org\\\/fr\\\/#\\\/schema\\\/person\\\/68ede8bdc292885bb76c1e3810e73c39\",\"name\":\"Lorenzo Verduzco\",\"image\":{\"@type\":\"ImageObject\",\"inLanguage\":\"fr-FR\",\"@id\":\"https:\\\/\\\/secure.gravatar.com\\\/avatar\\\/fb81a55b6218459490a9c1dc841a34909185b81904c5337b4b27f7a6fd60c49e?s=96&d=mm&r=g\",\"url\":\"https:\\\/\\\/secure.gravatar.com\\\/avatar\\\/fb81a55b6218459490a9c1dc841a34909185b81904c5337b4b27f7a6fd60c49e?s=96&d=mm&r=g\",\"contentUrl\":\"https:\\\/\\\/secure.gravatar.com\\\/avatar\\\/fb81a55b6218459490a9c1dc841a34909185b81904c5337b4b27f7a6fd60c49e?s=96&d=mm&r=g\",\"caption\":\"Lorenzo Verduzco\"}}]}<\/script>\n<!-- \/ Yoast SEO plugin. -->","yoast_head_json":{"title":"L\u2019Eglise Adventiste \u00e0 Trinidad pleure la perte de membres d\u2019\u00e9glise qui ont \u00e9t\u00e9 tu\u00e9s - \u00c9glise Adventiste Du Septieme Jour - Inter Am\u00e9rique Division","robots":{"index":"index","follow":"follow","max-snippet":"max-snippet:-1","max-image-preview":"max-image-preview:large","max-video-preview":"max-video-preview:-1"},"canonical":"https:\/\/interamerica.org\/fr\/2018\/03\/leglise-adventiste-a-trinidad-pleure-la-perte-de-membres-deglise-qui-ont-ete-tues\/","og_locale":"fr_FR","og_type":"article","og_title":"L\u2019Eglise Adventiste \u00e0 Trinidad pleure la perte de membres d\u2019\u00e9glise qui ont \u00e9t\u00e9 tu\u00e9s - \u00c9glise Adventiste Du Septieme Jour - Inter Am\u00e9rique Division","og_description":"Les Adventistes du Septi\u00e8me Jour \u00e0 Trinidad sont d\u00e9vast\u00e9s par la perte de trois de leurs membres, qui ont \u00e9t\u00e9 victimes d\u2019une violente attaque au couteau la semaine derni\u00e8re.  Les enqu\u00eateurs ont d\u00e9clar\u00e9 que les meurtres avaient eu lieu le 13 mars \u00e0 La Brea, une ville du sud-ouest du pays. Michael Scott, 69 ans, professeur d\u2019\u00e9cole secondaire \u00e0 la retraite et ancien d\u2019\u00e9glise, Abigail Chapman, 42 ans, professeur d\u2019espagnol \u00e0 l\u2019Ecole Secondaire Adventiste du Sud, sa fille Olivia Chapman, 15 ans, et sa camarade d\u2019\u00e9cole Michaela Mason, 14 ans, sont les victimes de cette attaque.","og_url":"https:\/\/interamerica.org\/fr\/2018\/03\/leglise-adventiste-a-trinidad-pleure-la-perte-de-membres-deglise-qui-ont-ete-tues\/","og_site_name":"\u00c9glise Adventiste Du Septieme Jour - Inter Am\u00e9rique Division","article_published_time":"2018-03-22T04:00:00+00:00","article_modified_time":"2018-04-06T20:36:52+00:00","og_image":[{"width":1280,"height":800,"url":"https:\/\/interamerica.org\/wp-content\/uploads\/2018\/04\/candle-carolyn-v-480494-unsplash.jpg","type":"image\/jpeg"}],"author":"Lorenzo Verduzco","twitter_card":"summary_large_image","twitter_misc":{"\u00c9crit par":"Lorenzo Verduzco","Dur\u00e9e de lecture estim\u00e9e":"4 minutes"},"schema":{"@context":"https:\/\/schema.org","@graph":[{"@type":"Article","@id":"https:\/\/interamerica.org\/fr\/2018\/03\/leglise-adventiste-a-trinidad-pleure-la-perte-de-membres-deglise-qui-ont-ete-tues\/#article","isPartOf":{"@id":"https:\/\/interamerica.org\/fr\/2018\/03\/leglise-adventiste-a-trinidad-pleure-la-perte-de-membres-deglise-qui-ont-ete-tues\/"},"author":{"name":"Lorenzo Verduzco","@id":"https:\/\/interamerica.org\/fr\/#\/schema\/person\/68ede8bdc292885bb76c1e3810e73c39"},"headline":"L\u2019Eglise Adventiste \u00e0 Trinidad pleure la perte de membres d\u2019\u00e9glise qui ont \u00e9t\u00e9 tu\u00e9s","datePublished":"2018-03-22T04:00:00+00:00","dateModified":"2018-04-06T20:36:52+00:00","mainEntityOfPage":{"@id":"https:\/\/interamerica.org\/fr\/2018\/03\/leglise-adventiste-a-trinidad-pleure-la-perte-de-membres-deglise-qui-ont-ete-tues\/"},"wordCount":889,"image":{"@id":"https:\/\/interamerica.org\/fr\/2018\/03\/leglise-adventiste-a-trinidad-pleure-la-perte-de-membres-deglise-qui-ont-ete-tues\/#primaryimage"},"thumbnailUrl":"https:\/\/interamerica.org\/wp-content\/uploads\/2018\/04\/candle-carolyn-v-480494-unsplash.jpg","articleSection":["Nouvelles du territoire","RSS Fran\u00e7ais"],"inLanguage":"fr-FR"},{"@type":"WebPage","@id":"https:\/\/interamerica.org\/fr\/2018\/03\/leglise-adventiste-a-trinidad-pleure-la-perte-de-membres-deglise-qui-ont-ete-tues\/","url":"https:\/\/interamerica.org\/fr\/2018\/03\/leglise-adventiste-a-trinidad-pleure-la-perte-de-membres-deglise-qui-ont-ete-tues\/","name":"L\u2019Eglise Adventiste \u00e0 Trinidad pleure la perte de membres d\u2019\u00e9glise qui ont \u00e9t\u00e9 tu\u00e9s - \u00c9glise Adventiste Du Septieme Jour - Inter Am\u00e9rique Division","isPartOf":{"@id":"https:\/\/interamerica.org\/fr\/#website"},"primaryImageOfPage":{"@id":"https:\/\/interamerica.org\/fr\/2018\/03\/leglise-adventiste-a-trinidad-pleure-la-perte-de-membres-deglise-qui-ont-ete-tues\/#primaryimage"},"image":{"@id":"https:\/\/interamerica.org\/fr\/2018\/03\/leglise-adventiste-a-trinidad-pleure-la-perte-de-membres-deglise-qui-ont-ete-tues\/#primaryimage"},"thumbnailUrl":"https:\/\/interamerica.org\/wp-content\/uploads\/2018\/04\/candle-carolyn-v-480494-unsplash.jpg","datePublished":"2018-03-22T04:00:00+00:00","dateModified":"2018-04-06T20:36:52+00:00","author":{"@id":"https:\/\/interamerica.org\/fr\/#\/schema\/person\/68ede8bdc292885bb76c1e3810e73c39"},"breadcrumb":{"@id":"https:\/\/interamerica.org\/fr\/2018\/03\/leglise-adventiste-a-trinidad-pleure-la-perte-de-membres-deglise-qui-ont-ete-tues\/#breadcrumb"},"inLanguage":"fr-FR","potentialAction":[{"@type":"ReadAction","target":["https:\/\/interamerica.org\/fr\/2018\/03\/leglise-adventiste-a-trinidad-pleure-la-perte-de-membres-deglise-qui-ont-ete-tues\/"]}]},{"@type":"ImageObject","inLanguage":"fr-FR","@id":"https:\/\/interamerica.org\/fr\/2018\/03\/leglise-adventiste-a-trinidad-pleure-la-perte-de-membres-deglise-qui-ont-ete-tues\/#primaryimage","url":"https:\/\/interamerica.org\/wp-content\/uploads\/2018\/04\/candle-carolyn-v-480494-unsplash.jpg","contentUrl":"https:\/\/interamerica.org\/wp-content\/uploads\/2018\/04\/candle-carolyn-v-480494-unsplash.jpg","width":1280,"height":800},{"@type":"BreadcrumbList","@id":"https:\/\/interamerica.org\/fr\/2018\/03\/leglise-adventiste-a-trinidad-pleure-la-perte-de-membres-deglise-qui-ont-ete-tues\/#breadcrumb","itemListElement":[{"@type":"ListItem","position":1,"name":"Home","item":"https:\/\/interamerica.org\/fr\/"},{"@type":"ListItem","position":2,"name":"L\u2019Eglise Adventiste \u00e0 Trinidad pleure la perte de membres d\u2019\u00e9glise qui ont \u00e9t\u00e9 tu\u00e9s"}]},{"@type":"WebSite","@id":"https:\/\/interamerica.org\/fr\/#website","url":"https:\/\/interamerica.org\/fr\/","name":"\u00c9glise Adventiste Du Septieme Jour - Inter Am\u00e9rique Division","description":"","potentialAction":[{"@type":"SearchAction","target":{"@type":"EntryPoint","urlTemplate":"https:\/\/interamerica.org\/fr\/?s={search_term_string}"},"query-input":{"@type":"PropertyValueSpecification","valueRequired":true,"valueName":"search_term_string"}}],"inLanguage":"fr-FR"},{"@type":"Person","@id":"https:\/\/interamerica.org\/fr\/#\/schema\/person\/68ede8bdc292885bb76c1e3810e73c39","name":"Lorenzo Verduzco","image":{"@type":"ImageObject","inLanguage":"fr-FR","@id":"https:\/\/secure.gravatar.com\/avatar\/fb81a55b6218459490a9c1dc841a34909185b81904c5337b4b27f7a6fd60c49e?s=96&d=mm&r=g","url":"https:\/\/secure.gravatar.com\/avatar\/fb81a55b6218459490a9c1dc841a34909185b81904c5337b4b27f7a6fd60c49e?s=96&d=mm&r=g","contentUrl":"https:\/\/secure.gravatar.com\/avatar\/fb81a55b6218459490a9c1dc841a34909185b81904c5337b4b27f7a6fd60c49e?s=96&d=mm&r=g","caption":"Lorenzo Verduzco"}}]}},"_links":{"self":[{"href":"https:\/\/interamerica.org\/fr\/wp-json\/wp\/v2\/posts\/39757","targetHints":{"allow":["GET"]}}],"collection":[{"href":"https:\/\/interamerica.org\/fr\/wp-json\/wp\/v2\/posts"}],"about":[{"href":"https:\/\/interamerica.org\/fr\/wp-json\/wp\/v2\/types\/post"}],"author":[{"embeddable":true,"href":"https:\/\/interamerica.org\/fr\/wp-json\/wp\/v2\/users\/1"}],"replies":[{"embeddable":true,"href":"https:\/\/interamerica.org\/fr\/wp-json\/wp\/v2\/comments?post=39757"}],"version-history":[{"count":0,"href":"https:\/\/interamerica.org\/fr\/wp-json\/wp\/v2\/posts\/39757\/revisions"}],"wp:featuredmedia":[{"embeddable":true,"href":"https:\/\/interamerica.org\/fr\/wp-json\/wp\/v2\/media\/39638"}],"wp:attachment":[{"href":"https:\/\/interamerica.org\/fr\/wp-json\/wp\/v2\/media?parent=39757"}],"wp:term":[{"taxonomy":"category","embeddable":true,"href":"https:\/\/interamerica.org\/fr\/wp-json\/wp\/v2\/categories?post=39757"},{"taxonomy":"post_tag","embeddable":true,"href":"https:\/\/interamerica.org\/fr\/wp-json\/wp\/v2\/tags?post=39757"}],"curies":[{"name":"wp","href":"https:\/\/api.w.org\/{rel}","templated":true}]}}