{"id":39760,"date":"2018-03-26T00:00:00","date_gmt":"2018-03-26T04:00:00","guid":{"rendered":"http:\/\/192.81.217.108\/2018\/03\/les-resultats-dun-sondage-presentes-au-comite-de-surveillance-de-lunite-la-recherche-qualitative-se-poursuit\/"},"modified":"2018-05-01T22:00:10","modified_gmt":"2018-05-02T02:00:10","slug":"les-resultats-dun-sondage-presentes-au-comite-de-surveillance-de-lunite-la-recherche-qualitative-se-poursuit","status":"publish","type":"post","link":"https:\/\/interamerica.org\/fr\/2018\/03\/les-resultats-dun-sondage-presentes-au-comite-de-surveillance-de-lunite-la-recherche-qualitative-se-poursuit\/","title":{"rendered":"Les R\u00e9sultats d\u2019un sondage pr\u00e9sent\u00e9s au Comit\u00e9 de Surveillance de l\u2019Unit\u00e9: la recherche qualitative se poursuit"},"content":{"rendered":"<a href=\"https:\/\/recursing-golick.147-182-135-0.plesk.page\/wp-content\/uploads\/2018\/01\/unity-oversight-committee-banner.jpg\" rel=\"fancybox\" title=\"Les R\u00e9sultats d\u2019un sondage pr\u00e9sent\u00e9s au Comit\u00e9 de Surveillance de l\u2019Unit\u00e9: la recherche qualitative se poursuit\"><img fetchpriority=\"high\" decoding=\"async\" class=\"aligncenter wp-image-33067\" src=\"https:\/\/recursing-golick.147-182-135-0.plesk.page\/wp-content\/uploads\/2018\/01\/unity-oversight-committee-banner.jpg\" alt=\"\" width=\"738\" height=\"369\" \/><\/a>\n<p><span class=\"byline-news\">24 mars 2018 | Silver Spring, Maryland, \u00c9tats-Unis | Comit\u00e9 de Supervision de l\u2019Unit\u00e9 de la Conf\u00e9rence G\u00e9n\u00e9rale<\/span><\/p>\n<p><span class=\"cap\">L<\/span>es r\u00e9sultats d\u2019un sondage mondial ont \u00e9t\u00e9 pr\u00e9sent\u00e9s aux membres du Comit\u00e9 de Surveillance de l\u2019Unit\u00e9 de la Conf\u00e9rence G\u00e9n\u00e9rale de l\u2019Eglise Adventiste du Septi\u00e8me Jour le 20 mars 2018, au cours d\u2019une r\u00e9union programm\u00e9e au si\u00e8ge mondial \u00e0 Silver Spring, dans le Maryland.<\/p>\n<p>Le sondage compos\u00e9 de six questions a \u00e9t\u00e9 con\u00e7u et administr\u00e9 par le Bureau des Archives, des Statistiques et de la Recherche (ASTR) de l\u2019\u00e9glise. L\u2019enqu\u00eate a abord\u00e9 les questions relatives au respect des d\u00e9cisions vot\u00e9es par la Conf\u00e9rence G\u00e9n\u00e9rale en Session, le plus important organe d\u00e9cisionnel de l\u2019\u00e9glise, et son Comit\u00e9 ex\u00e9cutif, qui se r\u00e9unit chaque ann\u00e9e entre les sessions quinquennales de la Conf\u00e9rence G\u00e9n\u00e9rale.<\/p>\n<p>Selon le processus adopt\u00e9 par le Comit\u00e9 de Surveillance de l\u2019Unit\u00e9 en d\u00e9cembre 2017, le sondage fournit des donn\u00e9es quantitatives permettant au comit\u00e9 \u00ab d\u2019\u00e9valuer avec plus de pr\u00e9cision la position des dirigeants et des membres de l\u2019Eglise Adventiste mondiale sur ces questions, \u00bb d\u2019apr\u00e8s ce qu\u2019a indiqu\u00e9 Mike Ryan, pr\u00e9sident du comit\u00e9. \u00ab Cette information servira de guide au Comit\u00e9 de Surveillance de l\u2019Unit\u00e9 pour d\u00e9finir les cons\u00e9quences pour les unions qui ne se seront pas conform\u00e9es aux votes de la Conf\u00e9rence G\u00e9n\u00e9rale en Session et du Comit\u00e9 Ex\u00e9cutif de la Conf\u00e9rence G\u00e9n\u00e9rale, \u00bb a-t-il ajout\u00e9.<\/p>\n<p>Le rapport, pr\u00e9sent\u00e9 au comit\u00e9 par le directeur d\u2019ASTR, David Trim, comprenait les donn\u00e9es de l\u2019enqu\u00eate recueillies aupr\u00e8s des pr\u00e9sidents des 13 divisions mondiales de l\u2019Eglise, ainsi que de l\u2019Union du Moyen-Orient et de l\u2019Afrique du Nord, un champ rattach\u00e9 de la Conf\u00e9rence G\u00e9n\u00e9rale. D\u2019autre part, le sondage a \u00e9t\u00e9 envoy\u00e9 aux 137 pr\u00e9sidents d\u2019union du monde entier.<\/p>\n<p>\u00ab Les pr\u00e9sidents d\u2019union r\u00e9pondent directement \u00e0 un effectif de membres locaux, \u00bb a d\u00e9clar\u00e9 Mike Ryan. De plus, les pr\u00e9sidents d\u2019union sont membres du Comit\u00e9 Ex\u00e9cutif de la Conf\u00e9rence G\u00e9n\u00e9rale et ont un aper\u00e7u des programmes et des d\u00e9cisions de l\u2019\u00c9glise au niveau mondial. Les unions elles, constituent l\u2019effectif de la Conf\u00e9rence G\u00e9n\u00e9rale.<\/p>\n<p><strong>Resultats du Sondage <\/strong><\/p>\n<p>Dans son rapport, David Trim a indiqu\u00e9 que les pr\u00e9sidents d\u2019union et de division devaient r\u00e9pondre aux six questions du sondage selon \u00ab ce qu\u2019ils croient \u00eatre l\u2019opinion de la majorit\u00e9 des membres de leur territoire, par opposition \u00e0 leur opinion personnelle. \u00bb<\/p>\n<p>David Trim a not\u00e9 que 100% des questionnaires, envoy\u00e9s le 18 janvier 2018, \u00e9taient revenus \u00e0 la date du 4 mars. Il a ensuite pr\u00e9sent\u00e9 chaque question, ainsi que les donn\u00e9es re\u00e7ues, y compris 1) le nombre et le pourcentage de \u00ab votes \u00bb re\u00e7us; 2) nombre et pourcentage de \u00ab votes \u00bb de pr\u00e9sidents d\u2019union; 3) Pourcentage des membres d\u2019\u00e9glise de l\u2019union vivant dans les territoires repr\u00e9sent\u00e9s par chaque vote.<\/p>\n<p>Ci-dessous les questions et r\u00e9ponses pr\u00e9sent\u00e9es au comit\u00e9:<\/p>\n<p><strong>Question 1: <\/strong>\u00ab Le Comit\u00e9 de Surveillance de l\u2019Unit\u00e9 de la Conf\u00e9rence G\u00e9n\u00e9rale devrait-il nommer une \u00e9quipe pour \u00e9couter en faisant preuve de sensibilit\u00e9, conseiller et prier avec les pr\u00e9sidents des unions qui ne respectent pas les d\u00e9cisions vot\u00e9es par la Conf\u00e9rence G\u00e9n\u00e9rale en Session et par le Comit\u00e9 Ex\u00e9cutif de la Conf\u00e9rence G\u00e9n\u00e9rale?\u00bb<\/p>\n<p><strong>R\u00e9ponse: <\/strong><br \/>\n\u00ab Oui \u00bb &#8211; 139 voix au total (92%); 126 voix de pr\u00e9sidents d\u2019union (92%); pourcentage de l\u2019effectif mondial de membres r\u00e9sidant dans ces unions: 90,56%.<\/p>\n<p>\u00ab Non \u00bb &#8211; 10 voix au total (7%); 9 voix de pr\u00e9sidents d\u2019union (7%); pourcentage de l\u2019effectif mondial de membres r\u00e9sidant dans ces unions: 6,28%.<\/p>\n<p>Ne se prononcent pas &#8211; 2 au total (1%); 2 pr\u00e9sidents d\u2019union; pourcentage de l\u2019effectif mondial de membres r\u00e9sidant dans ces unions: 3,16%.<\/p>\n<p><strong> Question 2: <\/strong>: \u00ab Devrait-il y avoir d\u2019autres cons\u00e9quences au niveau organisationnel pour les unions qui ne se conforment pas aux d\u00e9cisions vot\u00e9es par la Conf\u00e9rence G\u00e9n\u00e9rale en Session et par le Comit\u00e9 Ex\u00e9cutif de la Conf\u00e9rence G\u00e9n\u00e9rale? \u00bb<\/p>\n<p><strong>R\u00e9ponse:<\/strong><\/p>\n<p>\u00ab Oui \u00bb &#8211; 108 voix au total (72%); 97 voix de pr\u00e9sidents d\u2019union (71%); pourcentage de l\u2019effectif mondial de membres r\u00e9sidant dans ces unions: 83,93%.<\/p>\n<p>\u00ab Non \u00bb &#8211; 34 voix au total (22%); 31 voix de pr\u00e9sidents d\u2019union (23%); pourcentage de l\u2019effectif mondial de membres r\u00e9sidant dans ces unions: 12,17%.<\/p>\n<p>Ne se prononcent pas &#8211; 9 voix au total (6%); 9 pr\u00e9sidents d\u2019union (6%); pourcentage de l\u2019effectif mondial de membres r\u00e9sidant dans ces unions: 3,9%.<\/p>\n<p><strong> Question 3: <\/strong>\u00ab Les dirigeants de l\u2019\u00e9glise devraient-ils \u00eatre invit\u00e9s \u00e0 signer un document indiquant qu\u2019ils appliqueront les d\u00e9cisions vot\u00e9es par la Conf\u00e9rence G\u00e9n\u00e9rale en Session et par le Comit\u00e9 Ex\u00e9cutif de la Conf\u00e9rence G\u00e9n\u00e9rale ? \u00bb<\/p>\n<p><strong>R\u00e9ponse:<\/strong><\/p>\n<p>\u00ab Oui \u00bb &#8211; 72 voix au total (47,7%); 65 voix de pr\u00e9sidents d\u2019union (47,4%); pourcentage de l\u2019effectif mondial de membres r\u00e9sidant dans ces unions: 60,6%.<\/p>\n<p>\u00ab Non \u00bb &#8211; 77 voix au total (51%); 70 voix de pr\u00e9sidents d\u2019union (51,1%); pourcentage de l\u2019effectif mondial de membres r\u00e9sidant dans ces unions: 36%.<\/p>\n<p>Ne se prononcent pas &#8211; 2 au total (1,3%); 2 pr\u00e9sidents d\u2019union (1,5%); pourcentage de l\u2019effectif mondial de membres r\u00e9sidant dans ces unions: 3,4%.<\/p>\n<p><strong> Question 4: <\/strong>\u00ab Les pr\u00e9sidents des unions qui ne se conforment pas aux d\u00e9cisions vot\u00e9es par la Conf\u00e9rence G\u00e9n\u00e9rale en Session et par le Comit\u00e9 Ex\u00e9cutif de la Conf\u00e9rence G\u00e9n\u00e9rale devraient-ils avoir le droit de s\u2019exprimer (par la voix) lors des r\u00e9unions du Comit\u00e9 Ex\u00e9cutif de la Conf\u00e9rence G\u00e9n\u00e9rale ? \u00bb<\/p>\n<p><strong>R\u00e9ponse:<\/strong><\/p>\n<p>\u00ab Oui \u00bb &#8211; 76 voix au total (50,3%); 67 voix de pr\u00e9sidents d\u2019union (48,9%); pourcentage de l\u2019effectif mondial de membres r\u00e9sidant dans ces unions: 34,3%.<\/p>\n<p>\u00ab Non \u00bb &#8211; 67 voix au total (44,4%); 63 voix de pr\u00e9sidents d\u2019union (46%); pourcentage de l\u2019effectif mondial de membres r\u00e9sidant dans ces unions: 60,9%.<\/p>\n<p>Ne se prononcent pas &#8211; 8 au total (5,3%); 7 pr\u00e9sidents d\u2019union (5,1%); pourcentage de l\u2019effectif mondial de membres r\u00e9sidant dans ces unions: 4,9%.<\/p>\n<p><strong> Question 5: <\/strong>\u00ab Les pr\u00e9sidents des unions qui ne respectent pas les d\u00e9cisions vot\u00e9es par la Conf\u00e9rence G\u00e9n\u00e9rale en Session et par le Comit\u00e9 Ex\u00e9cutif de la Conf\u00e9rence G\u00e9n\u00e9rale devraient-ils \u00eatre autoris\u00e9s \u00e0 voter lors des rencontres du Comit\u00e9 Ex\u00e9cutif de la Conf\u00e9rence G\u00e9n\u00e9rale ? \u00bb<\/p>\n<p><strong>R\u00e9ponse:<\/strong><\/p>\n<p>\u00ab Oui \u00bb &#8211; 56 voix au total (37,1%); 50 voix de pr\u00e9sidents d\u2019union (36,5%); pourcentage de l\u2019effectif mondial de membres r\u00e9sidant dans ces unions: 26,8%.<\/p>\n<p>\u00ab Non \u00bb &#8211; 86 voix au total (57%); 79 voix de pr\u00e9sidents d\u2019union (57,7%); pourcentage de l\u2019effectif mondial de membres r\u00e9sidant dans ces unions: 67,9%.<\/p>\n<p>Ne se prononcent pas &#8211; 9 au total (6%); 8 pr\u00e9sidents d\u2019union (5,8%); pourcentage de l\u2019effectif mondial de membres r\u00e9sidant dans ces unions: 5,3%.<\/p>\n<p><strong> Question 6: <\/strong>\u00ab Les pr\u00e9sidents des unions qui ne se conforment pas aux d\u00e9cisions vot\u00e9es par la Conf\u00e9rence G\u00e9n\u00e9rale en Session et par le Comit\u00e9 Ex\u00e9cutif de la Conf\u00e9rence G\u00e9n\u00e9rale devraient-ils \u00eatre autoris\u00e9s \u00e0 servir dans les comit\u00e9s permanents ou les sous-comit\u00e9s ad hoc du Comit\u00e9 Ex\u00e9cutif de la Conf\u00e9rence G\u00e9n\u00e9rale ? \u00bb<\/p>\n<div class=\"box-full\">\n<p><strong>R\u00e9ponse:<\/strong><\/p>\n<p>\u00ab Oui \u00bb &#8211; 40 voix au total (26,5%); 36 voix de pr\u00e9sidents d\u2019union (26,3%); pourcentage de l\u2019effectif mondial de membres r\u00e9sidant dans ces unions: 15,5%.<\/p>\n<p>\u00ab Non \u00bb &#8211; 100 voix au total (66,2%); 91 pr\u00e9sidents d\u2019union (66,4%); pourcentage de l\u2019effectif mondial de membres r\u00e9sidant dans ces unions: 79,1%.<\/p>\n<p>Ne se prononcent pas &#8211; 11 au total (7,3%); 10 pr\u00e9sidents d\u2019union (7,3%); pourcentage de l\u2019effectif mondial de membres r\u00e9sidant dans ces unions: 5,4%.<\/p>\n<p><strong>Conclusions Tir\u00e9es<\/strong><\/p>\n<p>Les conclusions suivantes ont \u00e9t\u00e9 tir\u00e9es des donn\u00e9es collect\u00e9es:<\/p>\n<ul>\n<li>Il y a un soutien <strong>\u00e9crasant <\/strong>pour l\u2019id\u00e9e qu\u2019une \u00e9quipe de la Conf\u00e9rence G\u00e9n\u00e9rale rencontre les pr\u00e9sidents des unions qui ne se conforment pas aux r\u00e8gles, \u00ab afin d\u2019\u00e9couter avec sensibilit\u00e9, de conseiller et de prier \u00bb.<\/li>\n<li>Il y a un fort <strong>soutien<\/strong> pour qu\u2019il y ait certaines cons\u00e9quences en cas de non-conformit\u00e9.<\/li>\n<li>Il y a \u00e9galement un fort <strong>soutien<\/strong> pour ne pas permettre aux pr\u00e9sidents des unions qui ne se conforment pas aux votes de l\u2019Eglise de servir dans les comit\u00e9s permanents ou ad hoc du Comit\u00e9 Ex\u00e9cutif de la Conf\u00e9rence G\u00e9n\u00e9rale.<\/li>\n<li>Il y a un <strong>soutien<\/strong> marqu\u00e9 pour qu\u2019on ne permette pas aux pr\u00e9sidents des unions qui ne se conforment pas aux d\u00e9cisions vot\u00e9es par la Conf\u00e9rence G\u00e9n\u00e9rale en Session ou par le Comit\u00e9 Ex\u00e9cutif de la Conf\u00e9rence G\u00e9n\u00e9rale de voter lors des rencontres du Comit\u00e9 Ex\u00e9cutif de la Conf\u00e9rence G\u00e9n\u00e9rale.<\/li>\n<li>La majorit\u00e9 des dirigeants de l\u2019Eglise sont <strong>oppos\u00e9s<\/strong> \u00e0 l\u2019id\u00e9e d\u2019enlever le droit \u00e0 la parole et le droit de vote aux pr\u00e9sidents des unions qui ne se conforment pas aux votes.<\/li>\n<li>La plupart des dirigeants de l\u2019Eglise <strong>s&rsquo;opposent<\/strong> \u00e9galement au fait que l\u2019on exige des pr\u00e9sidents d\u2019union qu\u2019ils signent un document dans lequel ils s\u2019engagent \u00e0 respecter les d\u00e9cisions prises par la Conf\u00e9rence G\u00e9n\u00e9rale en Session et par le Comit\u00e9 Ex\u00e9cutif.<\/li>\n<\/ul>\n<p><strong>La Collecte de Donn\u00e9es Qualitatives se Poursuit<\/strong><\/p>\n<p>Hensley Moorooven, secr\u00e9taire du Comit\u00e9 de Surveillance de l\u2019Unit\u00e9, a pr\u00e9sent\u00e9 un rapport pr\u00e9liminaire sur la collecte de donn\u00e9es qualitatives. Hensley Moorooven a indiqu\u00e9 que des donn\u00e9es qualitatives continuent d\u2019\u00eatre recueillies au moyen de visites personnelles et de dialogues avec les dirigeants de division et d\u2019union du monde entier. Les donn\u00e9es qualitatives sont \u00e9galement recueillies aupr\u00e8s des institutions de la Conf\u00e9rence G\u00e9n\u00e9rale et du Concile du Leadership de la Conf\u00e9rence G\u00e9n\u00e9rale, compos\u00e9 des administrateurs de la Conf\u00e9rence G\u00e9n\u00e9rale et des responsables de d\u00e9partement.<\/p>\n<p>Jusqu\u2019ici, 11 dialogues de ce type ont eu lieu, selon Hansley Moorooven, et beaucoup d\u2019autres sont pr\u00e9vus dans un avenir proche.<\/p>\n<p>\u00ab A partir des dialogues qui ont eu lieu, \u00bb a ajout\u00e9 Mike Ryan, \u00ab il semble y avoir une corr\u00e9lation positive entre les donn\u00e9es quantitatives et qualitatives. \u00bb<\/p>\n<p>Mike Ryan a soulign\u00e9, cependant, que, en fin de compte, \u00ab les donn\u00e9es constituent un guide. Ce sont des informations qui peuvent \u00eatre empiriques, mais pas n\u00e9cessairement infaillibles. C\u2019est un guide, pas un absolu. Mais nous serons inform\u00e9s par les donn\u00e9es dans l\u2019\u00e9laboration de ce qui sera consid\u00e9r\u00e9 au Comit\u00e9 Ex\u00e9cutif lors du Concile Annuel 2018. \u00bb<\/p>\n<\/div>\n<p>Traduction: Patrick Luciathe<\/p>\n","protected":false},"excerpt":{"rendered":"<p>Les r\u00e9sultats d\u2019un sondage mondial ont \u00e9t\u00e9 pr\u00e9sent\u00e9s aux membres du Comit\u00e9 de Surveillance de l\u2019Unit\u00e9 de la Conf\u00e9rence G\u00e9n\u00e9rale de l\u2019Eglise Adventiste du Septi\u00e8me Jour le 20 mars 2018, au cours d\u2019une r\u00e9union programm\u00e9e au si\u00e8ge mondial \u00e0 Silver Spring, dans le Maryland.<\/p>\n","protected":false},"author":1,"featured_media":38338,"comment_status":"closed","ping_status":"closed","sticky":false,"template":"","format":"standard","meta":{"_acf_changed":false,"footnotes":""},"categories":[18,19],"tags":[],"class_list":["post-39760","post","type-post","status-publish","format-standard","has-post-thumbnail","hentry","category-nouvelles-de-leglise-mondiale","category-rss-francais"],"acf":[],"yoast_head":"<!-- This site is optimized with the Yoast SEO plugin v27.3 - https:\/\/yoast.com\/product\/yoast-seo-wordpress\/ -->\n<title>Les R\u00e9sultats d\u2019un sondage pr\u00e9sent\u00e9s au Comit\u00e9 de Surveillance de l\u2019Unit\u00e9: la recherche qualitative se poursuit - \u00c9glise Adventiste Du Septieme Jour - Inter Am\u00e9rique Division<\/title>\n<meta name=\"robots\" content=\"index, follow, max-snippet:-1, max-image-preview:large, max-video-preview:-1\" \/>\n<link rel=\"canonical\" href=\"https:\/\/interamerica.org\/fr\/2018\/03\/les-resultats-dun-sondage-presentes-au-comite-de-surveillance-de-lunite-la-recherche-qualitative-se-poursuit\/\" \/>\n<meta property=\"og:locale\" content=\"fr_FR\" \/>\n<meta property=\"og:type\" content=\"article\" \/>\n<meta property=\"og:title\" content=\"Les R\u00e9sultats d\u2019un sondage pr\u00e9sent\u00e9s au Comit\u00e9 de Surveillance de l\u2019Unit\u00e9: la recherche qualitative se poursuit - \u00c9glise Adventiste Du Septieme Jour - Inter Am\u00e9rique Division\" \/>\n<meta property=\"og:description\" content=\"Les r\u00e9sultats d\u2019un sondage mondial ont \u00e9t\u00e9 pr\u00e9sent\u00e9s aux membres du Comit\u00e9 de Surveillance de l\u2019Unit\u00e9 de la Conf\u00e9rence G\u00e9n\u00e9rale de l\u2019Eglise Adventiste du Septi\u00e8me Jour le 20 mars 2018, au cours d\u2019une r\u00e9union programm\u00e9e au si\u00e8ge mondial \u00e0 Silver Spring, dans le Maryland.\" \/>\n<meta property=\"og:url\" content=\"https:\/\/interamerica.org\/fr\/2018\/03\/les-resultats-dun-sondage-presentes-au-comite-de-surveillance-de-lunite-la-recherche-qualitative-se-poursuit\/\" \/>\n<meta property=\"og:site_name\" content=\"\u00c9glise Adventiste Du Septieme Jour - Inter Am\u00e9rique Division\" \/>\n<meta property=\"article:published_time\" content=\"2018-03-26T04:00:00+00:00\" \/>\n<meta property=\"article:modified_time\" content=\"2018-05-02T02:00:10+00:00\" \/>\n<meta property=\"og:image\" content=\"https:\/\/interamerica.org\/wp-content\/uploads\/2018\/02\/unity-oversight-committee-banner.jpg\" \/>\n\t<meta property=\"og:image:width\" content=\"1000\" \/>\n\t<meta property=\"og:image:height\" content=\"500\" \/>\n\t<meta property=\"og:image:type\" content=\"image\/jpeg\" \/>\n<meta name=\"author\" content=\"Lorenzo Verduzco\" \/>\n<meta name=\"twitter:card\" content=\"summary_large_image\" \/>\n<meta name=\"twitter:label1\" content=\"\u00c9crit par\" \/>\n\t<meta name=\"twitter:data1\" content=\"Lorenzo Verduzco\" \/>\n\t<meta name=\"twitter:label2\" content=\"Dur\u00e9e de lecture estim\u00e9e\" \/>\n\t<meta name=\"twitter:data2\" content=\"9 minutes\" \/>\n<script type=\"application\/ld+json\" class=\"yoast-schema-graph\">{\"@context\":\"https:\\\/\\\/schema.org\",\"@graph\":[{\"@type\":\"Article\",\"@id\":\"https:\\\/\\\/interamerica.org\\\/fr\\\/2018\\\/03\\\/les-resultats-dun-sondage-presentes-au-comite-de-surveillance-de-lunite-la-recherche-qualitative-se-poursuit\\\/#article\",\"isPartOf\":{\"@id\":\"https:\\\/\\\/interamerica.org\\\/fr\\\/2018\\\/03\\\/les-resultats-dun-sondage-presentes-au-comite-de-surveillance-de-lunite-la-recherche-qualitative-se-poursuit\\\/\"},\"author\":{\"name\":\"Lorenzo Verduzco\",\"@id\":\"https:\\\/\\\/interamerica.org\\\/fr\\\/#\\\/schema\\\/person\\\/68ede8bdc292885bb76c1e3810e73c39\"},\"headline\":\"Les R\u00e9sultats d\u2019un sondage pr\u00e9sent\u00e9s au Comit\u00e9 de Surveillance de l\u2019Unit\u00e9: la recherche qualitative se poursuit\",\"datePublished\":\"2018-03-26T04:00:00+00:00\",\"dateModified\":\"2018-05-02T02:00:10+00:00\",\"mainEntityOfPage\":{\"@id\":\"https:\\\/\\\/interamerica.org\\\/fr\\\/2018\\\/03\\\/les-resultats-dun-sondage-presentes-au-comite-de-surveillance-de-lunite-la-recherche-qualitative-se-poursuit\\\/\"},\"wordCount\":1826,\"image\":{\"@id\":\"https:\\\/\\\/interamerica.org\\\/fr\\\/2018\\\/03\\\/les-resultats-dun-sondage-presentes-au-comite-de-surveillance-de-lunite-la-recherche-qualitative-se-poursuit\\\/#primaryimage\"},\"thumbnailUrl\":\"https:\\\/\\\/interamerica.org\\\/wp-content\\\/uploads\\\/2018\\\/02\\\/unity-oversight-committee-banner.jpg\",\"articleSection\":[\"Nouvelles de l'\u00c9glise mondiale\",\"RSS Fran\u00e7ais\"],\"inLanguage\":\"fr-FR\"},{\"@type\":\"WebPage\",\"@id\":\"https:\\\/\\\/interamerica.org\\\/fr\\\/2018\\\/03\\\/les-resultats-dun-sondage-presentes-au-comite-de-surveillance-de-lunite-la-recherche-qualitative-se-poursuit\\\/\",\"url\":\"https:\\\/\\\/interamerica.org\\\/fr\\\/2018\\\/03\\\/les-resultats-dun-sondage-presentes-au-comite-de-surveillance-de-lunite-la-recherche-qualitative-se-poursuit\\\/\",\"name\":\"Les R\u00e9sultats d\u2019un sondage pr\u00e9sent\u00e9s au Comit\u00e9 de Surveillance de l\u2019Unit\u00e9: la recherche qualitative se poursuit - \u00c9glise Adventiste Du Septieme Jour - Inter Am\u00e9rique Division\",\"isPartOf\":{\"@id\":\"https:\\\/\\\/interamerica.org\\\/fr\\\/#website\"},\"primaryImageOfPage\":{\"@id\":\"https:\\\/\\\/interamerica.org\\\/fr\\\/2018\\\/03\\\/les-resultats-dun-sondage-presentes-au-comite-de-surveillance-de-lunite-la-recherche-qualitative-se-poursuit\\\/#primaryimage\"},\"image\":{\"@id\":\"https:\\\/\\\/interamerica.org\\\/fr\\\/2018\\\/03\\\/les-resultats-dun-sondage-presentes-au-comite-de-surveillance-de-lunite-la-recherche-qualitative-se-poursuit\\\/#primaryimage\"},\"thumbnailUrl\":\"https:\\\/\\\/interamerica.org\\\/wp-content\\\/uploads\\\/2018\\\/02\\\/unity-oversight-committee-banner.jpg\",\"datePublished\":\"2018-03-26T04:00:00+00:00\",\"dateModified\":\"2018-05-02T02:00:10+00:00\",\"author\":{\"@id\":\"https:\\\/\\\/interamerica.org\\\/fr\\\/#\\\/schema\\\/person\\\/68ede8bdc292885bb76c1e3810e73c39\"},\"breadcrumb\":{\"@id\":\"https:\\\/\\\/interamerica.org\\\/fr\\\/2018\\\/03\\\/les-resultats-dun-sondage-presentes-au-comite-de-surveillance-de-lunite-la-recherche-qualitative-se-poursuit\\\/#breadcrumb\"},\"inLanguage\":\"fr-FR\",\"potentialAction\":[{\"@type\":\"ReadAction\",\"target\":[\"https:\\\/\\\/interamerica.org\\\/fr\\\/2018\\\/03\\\/les-resultats-dun-sondage-presentes-au-comite-de-surveillance-de-lunite-la-recherche-qualitative-se-poursuit\\\/\"]}]},{\"@type\":\"ImageObject\",\"inLanguage\":\"fr-FR\",\"@id\":\"https:\\\/\\\/interamerica.org\\\/fr\\\/2018\\\/03\\\/les-resultats-dun-sondage-presentes-au-comite-de-surveillance-de-lunite-la-recherche-qualitative-se-poursuit\\\/#primaryimage\",\"url\":\"https:\\\/\\\/interamerica.org\\\/wp-content\\\/uploads\\\/2018\\\/02\\\/unity-oversight-committee-banner.jpg\",\"contentUrl\":\"https:\\\/\\\/interamerica.org\\\/wp-content\\\/uploads\\\/2018\\\/02\\\/unity-oversight-committee-banner.jpg\",\"width\":1000,\"height\":500},{\"@type\":\"BreadcrumbList\",\"@id\":\"https:\\\/\\\/interamerica.org\\\/fr\\\/2018\\\/03\\\/les-resultats-dun-sondage-presentes-au-comite-de-surveillance-de-lunite-la-recherche-qualitative-se-poursuit\\\/#breadcrumb\",\"itemListElement\":[{\"@type\":\"ListItem\",\"position\":1,\"name\":\"Home\",\"item\":\"https:\\\/\\\/interamerica.org\\\/fr\\\/\"},{\"@type\":\"ListItem\",\"position\":2,\"name\":\"Les R\u00e9sultats d\u2019un sondage pr\u00e9sent\u00e9s au Comit\u00e9 de Surveillance de l\u2019Unit\u00e9: la recherche qualitative se poursuit\"}]},{\"@type\":\"WebSite\",\"@id\":\"https:\\\/\\\/interamerica.org\\\/fr\\\/#website\",\"url\":\"https:\\\/\\\/interamerica.org\\\/fr\\\/\",\"name\":\"\u00c9glise Adventiste Du Septieme Jour - Inter Am\u00e9rique Division\",\"description\":\"\",\"potentialAction\":[{\"@type\":\"SearchAction\",\"target\":{\"@type\":\"EntryPoint\",\"urlTemplate\":\"https:\\\/\\\/interamerica.org\\\/fr\\\/?s={search_term_string}\"},\"query-input\":{\"@type\":\"PropertyValueSpecification\",\"valueRequired\":true,\"valueName\":\"search_term_string\"}}],\"inLanguage\":\"fr-FR\"},{\"@type\":\"Person\",\"@id\":\"https:\\\/\\\/interamerica.org\\\/fr\\\/#\\\/schema\\\/person\\\/68ede8bdc292885bb76c1e3810e73c39\",\"name\":\"Lorenzo Verduzco\",\"image\":{\"@type\":\"ImageObject\",\"inLanguage\":\"fr-FR\",\"@id\":\"https:\\\/\\\/secure.gravatar.com\\\/avatar\\\/fb81a55b6218459490a9c1dc841a34909185b81904c5337b4b27f7a6fd60c49e?s=96&d=mm&r=g\",\"url\":\"https:\\\/\\\/secure.gravatar.com\\\/avatar\\\/fb81a55b6218459490a9c1dc841a34909185b81904c5337b4b27f7a6fd60c49e?s=96&d=mm&r=g\",\"contentUrl\":\"https:\\\/\\\/secure.gravatar.com\\\/avatar\\\/fb81a55b6218459490a9c1dc841a34909185b81904c5337b4b27f7a6fd60c49e?s=96&d=mm&r=g\",\"caption\":\"Lorenzo Verduzco\"}}]}<\/script>\n<!-- \/ Yoast SEO plugin. -->","yoast_head_json":{"title":"Les R\u00e9sultats d\u2019un sondage pr\u00e9sent\u00e9s au Comit\u00e9 de Surveillance de l\u2019Unit\u00e9: la recherche qualitative se poursuit - \u00c9glise Adventiste Du Septieme Jour - Inter Am\u00e9rique Division","robots":{"index":"index","follow":"follow","max-snippet":"max-snippet:-1","max-image-preview":"max-image-preview:large","max-video-preview":"max-video-preview:-1"},"canonical":"https:\/\/interamerica.org\/fr\/2018\/03\/les-resultats-dun-sondage-presentes-au-comite-de-surveillance-de-lunite-la-recherche-qualitative-se-poursuit\/","og_locale":"fr_FR","og_type":"article","og_title":"Les R\u00e9sultats d\u2019un sondage pr\u00e9sent\u00e9s au Comit\u00e9 de Surveillance de l\u2019Unit\u00e9: la recherche qualitative se poursuit - \u00c9glise Adventiste Du Septieme Jour - Inter Am\u00e9rique Division","og_description":"Les r\u00e9sultats d\u2019un sondage mondial ont \u00e9t\u00e9 pr\u00e9sent\u00e9s aux membres du Comit\u00e9 de Surveillance de l\u2019Unit\u00e9 de la Conf\u00e9rence G\u00e9n\u00e9rale de l\u2019Eglise Adventiste du Septi\u00e8me Jour le 20 mars 2018, au cours d\u2019une r\u00e9union programm\u00e9e au si\u00e8ge mondial \u00e0 Silver Spring, dans le Maryland.","og_url":"https:\/\/interamerica.org\/fr\/2018\/03\/les-resultats-dun-sondage-presentes-au-comite-de-surveillance-de-lunite-la-recherche-qualitative-se-poursuit\/","og_site_name":"\u00c9glise Adventiste Du Septieme Jour - Inter Am\u00e9rique Division","article_published_time":"2018-03-26T04:00:00+00:00","article_modified_time":"2018-05-02T02:00:10+00:00","og_image":[{"width":1000,"height":500,"url":"https:\/\/interamerica.org\/wp-content\/uploads\/2018\/02\/unity-oversight-committee-banner.jpg","type":"image\/jpeg"}],"author":"Lorenzo Verduzco","twitter_card":"summary_large_image","twitter_misc":{"\u00c9crit par":"Lorenzo Verduzco","Dur\u00e9e de lecture estim\u00e9e":"9 minutes"},"schema":{"@context":"https:\/\/schema.org","@graph":[{"@type":"Article","@id":"https:\/\/interamerica.org\/fr\/2018\/03\/les-resultats-dun-sondage-presentes-au-comite-de-surveillance-de-lunite-la-recherche-qualitative-se-poursuit\/#article","isPartOf":{"@id":"https:\/\/interamerica.org\/fr\/2018\/03\/les-resultats-dun-sondage-presentes-au-comite-de-surveillance-de-lunite-la-recherche-qualitative-se-poursuit\/"},"author":{"name":"Lorenzo Verduzco","@id":"https:\/\/interamerica.org\/fr\/#\/schema\/person\/68ede8bdc292885bb76c1e3810e73c39"},"headline":"Les R\u00e9sultats d\u2019un sondage pr\u00e9sent\u00e9s au Comit\u00e9 de Surveillance de l\u2019Unit\u00e9: la recherche qualitative se poursuit","datePublished":"2018-03-26T04:00:00+00:00","dateModified":"2018-05-02T02:00:10+00:00","mainEntityOfPage":{"@id":"https:\/\/interamerica.org\/fr\/2018\/03\/les-resultats-dun-sondage-presentes-au-comite-de-surveillance-de-lunite-la-recherche-qualitative-se-poursuit\/"},"wordCount":1826,"image":{"@id":"https:\/\/interamerica.org\/fr\/2018\/03\/les-resultats-dun-sondage-presentes-au-comite-de-surveillance-de-lunite-la-recherche-qualitative-se-poursuit\/#primaryimage"},"thumbnailUrl":"https:\/\/interamerica.org\/wp-content\/uploads\/2018\/02\/unity-oversight-committee-banner.jpg","articleSection":["Nouvelles de l'\u00c9glise mondiale","RSS Fran\u00e7ais"],"inLanguage":"fr-FR"},{"@type":"WebPage","@id":"https:\/\/interamerica.org\/fr\/2018\/03\/les-resultats-dun-sondage-presentes-au-comite-de-surveillance-de-lunite-la-recherche-qualitative-se-poursuit\/","url":"https:\/\/interamerica.org\/fr\/2018\/03\/les-resultats-dun-sondage-presentes-au-comite-de-surveillance-de-lunite-la-recherche-qualitative-se-poursuit\/","name":"Les R\u00e9sultats d\u2019un sondage pr\u00e9sent\u00e9s au Comit\u00e9 de Surveillance de l\u2019Unit\u00e9: la recherche qualitative se poursuit - \u00c9glise Adventiste Du Septieme Jour - Inter Am\u00e9rique Division","isPartOf":{"@id":"https:\/\/interamerica.org\/fr\/#website"},"primaryImageOfPage":{"@id":"https:\/\/interamerica.org\/fr\/2018\/03\/les-resultats-dun-sondage-presentes-au-comite-de-surveillance-de-lunite-la-recherche-qualitative-se-poursuit\/#primaryimage"},"image":{"@id":"https:\/\/interamerica.org\/fr\/2018\/03\/les-resultats-dun-sondage-presentes-au-comite-de-surveillance-de-lunite-la-recherche-qualitative-se-poursuit\/#primaryimage"},"thumbnailUrl":"https:\/\/interamerica.org\/wp-content\/uploads\/2018\/02\/unity-oversight-committee-banner.jpg","datePublished":"2018-03-26T04:00:00+00:00","dateModified":"2018-05-02T02:00:10+00:00","author":{"@id":"https:\/\/interamerica.org\/fr\/#\/schema\/person\/68ede8bdc292885bb76c1e3810e73c39"},"breadcrumb":{"@id":"https:\/\/interamerica.org\/fr\/2018\/03\/les-resultats-dun-sondage-presentes-au-comite-de-surveillance-de-lunite-la-recherche-qualitative-se-poursuit\/#breadcrumb"},"inLanguage":"fr-FR","potentialAction":[{"@type":"ReadAction","target":["https:\/\/interamerica.org\/fr\/2018\/03\/les-resultats-dun-sondage-presentes-au-comite-de-surveillance-de-lunite-la-recherche-qualitative-se-poursuit\/"]}]},{"@type":"ImageObject","inLanguage":"fr-FR","@id":"https:\/\/interamerica.org\/fr\/2018\/03\/les-resultats-dun-sondage-presentes-au-comite-de-surveillance-de-lunite-la-recherche-qualitative-se-poursuit\/#primaryimage","url":"https:\/\/interamerica.org\/wp-content\/uploads\/2018\/02\/unity-oversight-committee-banner.jpg","contentUrl":"https:\/\/interamerica.org\/wp-content\/uploads\/2018\/02\/unity-oversight-committee-banner.jpg","width":1000,"height":500},{"@type":"BreadcrumbList","@id":"https:\/\/interamerica.org\/fr\/2018\/03\/les-resultats-dun-sondage-presentes-au-comite-de-surveillance-de-lunite-la-recherche-qualitative-se-poursuit\/#breadcrumb","itemListElement":[{"@type":"ListItem","position":1,"name":"Home","item":"https:\/\/interamerica.org\/fr\/"},{"@type":"ListItem","position":2,"name":"Les R\u00e9sultats d\u2019un sondage pr\u00e9sent\u00e9s au Comit\u00e9 de Surveillance de l\u2019Unit\u00e9: la recherche qualitative se poursuit"}]},{"@type":"WebSite","@id":"https:\/\/interamerica.org\/fr\/#website","url":"https:\/\/interamerica.org\/fr\/","name":"\u00c9glise Adventiste Du Septieme Jour - Inter Am\u00e9rique Division","description":"","potentialAction":[{"@type":"SearchAction","target":{"@type":"EntryPoint","urlTemplate":"https:\/\/interamerica.org\/fr\/?s={search_term_string}"},"query-input":{"@type":"PropertyValueSpecification","valueRequired":true,"valueName":"search_term_string"}}],"inLanguage":"fr-FR"},{"@type":"Person","@id":"https:\/\/interamerica.org\/fr\/#\/schema\/person\/68ede8bdc292885bb76c1e3810e73c39","name":"Lorenzo Verduzco","image":{"@type":"ImageObject","inLanguage":"fr-FR","@id":"https:\/\/secure.gravatar.com\/avatar\/fb81a55b6218459490a9c1dc841a34909185b81904c5337b4b27f7a6fd60c49e?s=96&d=mm&r=g","url":"https:\/\/secure.gravatar.com\/avatar\/fb81a55b6218459490a9c1dc841a34909185b81904c5337b4b27f7a6fd60c49e?s=96&d=mm&r=g","contentUrl":"https:\/\/secure.gravatar.com\/avatar\/fb81a55b6218459490a9c1dc841a34909185b81904c5337b4b27f7a6fd60c49e?s=96&d=mm&r=g","caption":"Lorenzo Verduzco"}}]}},"_links":{"self":[{"href":"https:\/\/interamerica.org\/fr\/wp-json\/wp\/v2\/posts\/39760","targetHints":{"allow":["GET"]}}],"collection":[{"href":"https:\/\/interamerica.org\/fr\/wp-json\/wp\/v2\/posts"}],"about":[{"href":"https:\/\/interamerica.org\/fr\/wp-json\/wp\/v2\/types\/post"}],"author":[{"embeddable":true,"href":"https:\/\/interamerica.org\/fr\/wp-json\/wp\/v2\/users\/1"}],"replies":[{"embeddable":true,"href":"https:\/\/interamerica.org\/fr\/wp-json\/wp\/v2\/comments?post=39760"}],"version-history":[{"count":0,"href":"https:\/\/interamerica.org\/fr\/wp-json\/wp\/v2\/posts\/39760\/revisions"}],"wp:featuredmedia":[{"embeddable":true,"href":"https:\/\/interamerica.org\/fr\/wp-json\/wp\/v2\/media\/38338"}],"wp:attachment":[{"href":"https:\/\/interamerica.org\/fr\/wp-json\/wp\/v2\/media?parent=39760"}],"wp:term":[{"taxonomy":"category","embeddable":true,"href":"https:\/\/interamerica.org\/fr\/wp-json\/wp\/v2\/categories?post=39760"},{"taxonomy":"post_tag","embeddable":true,"href":"https:\/\/interamerica.org\/fr\/wp-json\/wp\/v2\/tags?post=39760"}],"curies":[{"name":"wp","href":"https:\/\/api.w.org\/{rel}","templated":true}]}}