{"id":39762,"date":"2018-03-27T00:00:00","date_gmt":"2018-03-27T04:00:00","guid":{"rendered":"http:\/\/192.81.217.108\/2018\/03\/leglise-adventiste-en-inter-amerique-elit-son-nouveau-president-et-son-nouveau-secretaire-executif\/"},"modified":"2018-05-01T21:59:07","modified_gmt":"2018-05-02T01:59:07","slug":"leglise-adventiste-en-inter-amerique-elit-son-nouveau-president-et-son-nouveau-secretaire-executif","status":"publish","type":"post","link":"https:\/\/interamerica.org\/fr\/2018\/03\/leglise-adventiste-en-inter-amerique-elit-son-nouveau-president-et-son-nouveau-secretaire-executif\/","title":{"rendered":"L\u2019Eglise Adventiste en Inter Am\u00e9rique \u00e9lit son nouveau pr\u00e9sident et son nouveau secr\u00e9taire ex\u00e9cutif"},"content":{"rendered":"<div id=\"attachment_34174\" style=\"width: 737px\" class=\"wp-caption aligncenter\"><a href=\"https:\/\/recursing-golick.147-182-135-0.plesk.page\/wp-content\/uploads\/2018\/03\/IAD-newLeaders.jpg\" rel=\"fancybox\" title=\"L\u2019Eglise Adventiste en Inter Am\u00e9rique \u00e9lit son nouveau pr\u00e9sident et son nouveau secr\u00e9taire ex\u00e9cutif\"><img fetchpriority=\"high\" decoding=\"async\" aria-describedby=\"caption-attachment-34174\" class=\" wp-image-34174\" src=\"https:\/\/recursing-golick.147-182-135-0.plesk.page\/wp-content\/uploads\/2018\/03\/IAD-newLeaders.jpg\" alt=\"\" width=\"727\" height=\"485\" \/><\/a><p id=\"caption-attachment-34174\" class=\"wp-caption-text\">De gauche \u00e0 droite: pasteur Ted Wilson, pr\u00e9sident de l\u2019Eglise Adventiste mondiale, s\u2019adresse aux administrateurs de la DIA qui dirigeront l\u2019\u00e9glise une fois que le pasteur Isra\u00ebl Leito (troisi\u00e8me \u00e0 partir de la gauche) partira \u00e0 la retraite en ao\u00fbt prochain. Le nouveau secr\u00e9taire ex\u00e9cutif, Dr Leonard Johnson, se tient \u00e0 c\u00f4t\u00e9 de Dr Elie Henry, nouveau pr\u00e9sident et de Filiberto Verduzco, tr\u00e9sorier, le 26 mars 2018, \u00e0 Miami, en Floride. Image de Keila Trejo \/ DIA<\/p><\/div>\n<p><strong>\u00a0<\/strong><\/p>\n<p>26 mars 2018 | Miami, Floride, \u00c9tats-Unis | Libna Stevens \/ DIA<strong>\u00a0<\/strong><\/p>\n<p>Quelques heures apr\u00e8s l\u2019annonce du d\u00e9part \u00e0 la retraite du pr\u00e9sident de la DIA, pasteur Isra\u00ebl Leito, les membres du comit\u00e9 ex\u00e9cutif ont vot\u00e9 aujourd\u2019hui de recommander Dr Elie Henry comme nouveau pr\u00e9sident de l\u2019\u00e9glise. Dr Henry sert en tant que secr\u00e9taire ex\u00e9cutif de l\u2019Eglise Adventiste en Inter Am\u00e9rique depuis 2010. Avant cela, il a servi comme l\u2019un des trois vice-pr\u00e9sidents de la division de 2000 \u00e0 2005. <a href=\"\/?p=34188\">La retraite du pasteur Leito prendra effet le 1er ao\u00fbt.<\/a>.<\/p>\n<div id=\"attachment_34165\" style=\"width: 398px\" class=\"wp-caption alignright\"><a href=\"https:\/\/recursing-golick.147-182-135-0.plesk.page\/wp-content\/uploads\/2018\/03\/ElieHenry-IAd18.jpg\" rel=\"fancybox\" title=\"L\u2019Eglise Adventiste en Inter Am\u00e9rique \u00e9lit son nouveau pr\u00e9sident et son nouveau secr\u00e9taire ex\u00e9cutif\"><img decoding=\"async\" aria-describedby=\"caption-attachment-34165\" class=\" wp-image-34165\" src=\"https:\/\/recursing-golick.147-182-135-0.plesk.page\/wp-content\/uploads\/2018\/03\/ElieHenry-IAd18.jpg\" alt=\"\" width=\"388\" height=\"259\" \/><\/a><p id=\"caption-attachment-34165\" class=\"wp-caption-text\">Dr Elie Henry a \u00e9t\u00e9 \u00e9lu nouveau pr\u00e9sident de l\u2019Eglise Adventiste en Inter Am\u00e9rique. Image de Keila Trejo \/ DIA<\/p><\/div>\n<p>\u00ab C\u2019est un moment important dans la transition de la direction de cette division, \u00bb a d\u00e9clar\u00e9 le pr\u00e9sident de l\u2019Eglise Adventiste mondiale, pasteur Ted N.C. Wilson, lors de son intervention devant le comit\u00e9. Pasteur Wilson, qui supervisait la commission de nominations, a d\u00e9clar\u00e9 que le vote du corps des dirigeants serait pr\u00e9sent\u00e9 au Comit\u00e9 Ex\u00e9cutif de la Conf\u00e9rence G\u00e9n\u00e9rale pour un vote final la semaine prochaine.<\/p>\n<p>\u00ab Placez votre minist\u00e8re entre les mains de Dieu car Il sera avec vous et ne vous abandonnera pas, \u00bb a d\u00e9clar\u00e9 le pasteur Wilson alors qu\u2019il encourageait Dr Henry, qui venait d\u2019\u00eatre recommand\u00e9, et son \u00e9pouse Ketlie, pour son nouveau poste.<\/p>\n<p>Pasteur Wilson et son \u00e9pouse Nancy ont tous deux pri\u00e9 avec Dr. Henry et son \u00e9pouse Ketlie pour le minist\u00e8re qui les attend en Inter Am\u00e9rique.<\/p>\n<p>Dr. Henry a remerci\u00e9 le comit\u00e9 pour ses pri\u00e8res et son soutien et a particuli\u00e8rement remerci\u00e9 pasteur Leito qu\u2019il consid\u00e8re comme un mentor et un ami.<\/p>\n<p>\u00ab Il sera tr\u00e8s difficile de venir apr\u00e8s un g\u00e9ant comme pasteur Leito, mais nous servons un grand Dieu et nous avons confiance en Sa direction, \u00bb a d\u00e9clar\u00e9 Elie Henry. \u00ab Merci de votre confiance et s\u2019il vous pla\u00eet, priez pour moi. \u00bb<\/p>\n<p>Elie Henry a salu\u00e9 son \u00e9pouse pour le soutien qu\u2019elle lui apporte et a promis d\u2019\u00eatre fid\u00e8le \u00e0 la t\u00e2che \u00e0 accomplir.<\/p>\n<p>\u00ab Ensemble, avec tous les coll\u00e8gues ici, nous nous engageons \u00e0 garder la flamme de l\u2019\u00e9vang\u00e9lisation allum\u00e9e, parce qu\u2019il y a un monde sur lequel il faut briller et il y a un Christ qui vient bient\u00f4t. \u00bb<\/p>\n<div id=\"attachment_34177\" style=\"width: 398px\" class=\"wp-caption alignleft\"><a href=\"https:\/\/recursing-golick.147-182-135-0.plesk.page\/wp-content\/uploads\/2018\/03\/IAD18-delegates.jpg\" rel=\"fancybox\" title=\"L\u2019Eglise Adventiste en Inter Am\u00e9rique \u00e9lit son nouveau pr\u00e9sident et son nouveau secr\u00e9taire ex\u00e9cutif\"><img decoding=\"async\" aria-describedby=\"caption-attachment-34177\" class=\" wp-image-34177\" src=\"https:\/\/recursing-golick.147-182-135-0.plesk.page\/wp-content\/uploads\/2018\/03\/IAD18-delegates.jpg\" alt=\"\" width=\"388\" height=\"259\" \/><\/a><p id=\"caption-attachment-34177\" class=\"wp-caption-text\">Les dirigeants de l\u2019Eglise dans l\u2019Union du Salvador sourient alors que Dr Elie Henry est pr\u00e9sent\u00e9 comme le nouveau pr\u00e9sident de l\u2019Eglise Adventiste en Inter Am\u00e9rique. Image de Keila Trejo \/ IAD<\/p><\/div>\n<p>Pasteur consacr\u00e9, Elie Henry est titulaire d\u2019un doctorat en th\u00e9ologie et d\u2019une ma\u00eetrise en th\u00e9ologie de l\u2019Universit\u00e9 de Strasbourg. Il sert l\u2019\u00e9glise en Inter Am\u00e9rique depuis plus de 39 ans.<\/p>\n<p>Originaire d\u2019Ha\u00efti, Elie Henry a d\u00e9but\u00e9 sa carri\u00e8re comme pasteur de district en Ha\u00efti. Il a \u00e9galement \u00e9t\u00e9 professeur, secr\u00e9taire de f\u00e9d\u00e9ration, pr\u00e9sident de f\u00e9d\u00e9ration, ainsi que pr\u00e9sident d\u2019union. Dr Henry a \u00e9galement occup\u00e9 le poste de directeur des ressources humaines au si\u00e8ge de la DIA alors qu\u2019il occupait la position de vice-pr\u00e9sident.<\/p>\n<p>Dr Henry et Ketlie ont trois filles adultes.<\/p>\n<p>Vu que le poste de secr\u00e9taire ex\u00e9cutif se retrouvait vacant, les membres du comit\u00e9 ont d\u00e9cid\u00e9 d\u2019inviter la commission de nominations \u00e0 examiner les noms potentiels pour la position avant la fin de la rencontre pour la journ\u00e9e.<\/p>\n<p>Dr Leonard Johnson, secr\u00e9taire adjoint de l\u2019association pastorale de l\u2019Eglise Adventiste en Inter Am\u00e9rique et pr\u00e9sident de l\u2019Union Carib\u00e9enne Atlantique, a \u00e9t\u00e9 recommand\u00e9 comme prochain secr\u00e9taire ex\u00e9cutif de la DIA.<\/p>\n<p>\u00ab Je loue Dieu pour l\u2019approche unie qu\u2019il y a eu lors de cette derni\u00e8re session aujourd\u2019hui, \u00bb a d\u00e9clar\u00e9 pasteur Wilson. \u00ab Je sais que Dieu b\u00e9nira abondamment, a-t-il ajout\u00e9 avant de prier pour pasteur Johnson.<\/p>\n<p>Alors que le comit\u00e9 accueillait Leonard Johnson avec des applaudissements, il a remerci\u00e9 les dirigeants pour leur confiance. \u00ab Je ressens de l\u2019humilit\u00e9, c\u2019est une t\u00e2che et une responsabilit\u00e9 extraordinaires, mais je crois qu\u2019avec vos pri\u00e8res et votre soutien, je peux accomplir la volont\u00e9 de Dieu, \u00bb a d\u00e9clar\u00e9 Dr Johnson.<\/p>\n<div id=\"attachment_34180\" style=\"width: 398px\" class=\"wp-caption alignright\"><a href=\"https:\/\/recursing-golick.147-182-135-0.plesk.page\/wp-content\/uploads\/2018\/03\/leonardJohnson-iad18.jpg\" rel=\"fancybox\" title=\"L\u2019Eglise Adventiste en Inter Am\u00e9rique \u00e9lit son nouveau pr\u00e9sident et son nouveau secr\u00e9taire ex\u00e9cutif\"><img loading=\"lazy\" decoding=\"async\" aria-describedby=\"caption-attachment-34180\" class=\" wp-image-34180\" src=\"https:\/\/recursing-golick.147-182-135-0.plesk.page\/wp-content\/uploads\/2018\/03\/leonardJohnson-iad18.jpg\" alt=\"\" width=\"388\" height=\"259\" \/><\/a><p id=\"caption-attachment-34180\" class=\"wp-caption-text\">Dr Leonard Johnson a \u00e9t\u00e9 nomm\u00e9 nouveau secr\u00e9taire ex\u00e9cutif de la DIA. Image de Keila Trejo \/ DIA<\/p><\/div>\n<p>Il a remerci\u00e9 tous les administrateurs pour leurs conseils, ses dirigeants de l\u2019Union Carib\u00e9enne qu\u2019il a appel\u00e9s ses fr\u00e8res, son \u00e9pouse Denise et tous les membres du comit\u00e9.<\/p>\n<p>\u00ab J\u2019arrive comme quelqu\u2019un qui est d\u00e9sireux d\u2019apprendre, afin que je puisse grandir et accomplir ce qu\u2019est le dessein de Dieu pour moi maintenant, \u00bb a d\u00e9clar\u00e9 pasteur Johnson.<\/p>\n<p>Dr Leonard Johnson a obtenu une ma\u00eetrise en religion de l\u2019Universit\u00e9 du Nord de la Cara\u00efbe et un Doctorat en Minist\u00e8re du Reformed Theological Seminary. Il a \u00e9galement re\u00e7u un doctorat honorifique en Lettres Humaines de l\u2019Universit\u00e9 Sojourner-Douglas.<\/p>\n<p>N\u00e9 \u00e0 New Providence, aux Bahamas, Dr Johnson sert l\u2019\u00e9glise en Inter Am\u00e9rique depuis plus de 35 ans. Il a d\u00e9but\u00e9 son minist\u00e8re en tant que pasteur, puis directeur de d\u00e9partement, secr\u00e9taire de f\u00e9d\u00e9ration, pr\u00e9sident de f\u00e9d\u00e9ration et pr\u00e9sident d\u2019union.<\/p>\n<p>Dr. Johnson et Denise ont deux enfants adultes, tous deux mari\u00e9s, et un petit-fils.<\/p>\n<p>Pour en savoir plus sur les Rencontres de Milieu d\u2019Ann\u00e9e du Comit\u00e9 Ex\u00e9cutif de l\u2019Inter-Am\u00e9rique qui a lieu cette semaine, visitez-nous sur le site <a href=\"mailto:https:\/\/recursing-golick.147-182-135-0.plesk.page\">interamerica.org<\/a><\/p>\n<p>Pour voir notre galerie de photos de la journ\u00e9e, cliquez <a href=\"https:\/\/www.flickr.com\/photos\/interamerica\/albums\/72157689198224960\">ICI<\/a><\/p>\n<p>Traduction : Patrick Luciathe<\/p>\n","protected":false},"excerpt":{"rendered":"<p>Quelques heures apr\u00e8s l\u2019annonce du d\u00e9part \u00e0 la retraite du pr\u00e9sident de la DIA, pasteur Isra\u00ebl Leito, les membres du comit\u00e9 ex\u00e9cutif ont vot\u00e9 aujourd\u2019hui de recommander Dr Elie Henry comme nouveau pr\u00e9sident de l\u2019\u00e9glise. Dr Henry sert en tant que secr\u00e9taire ex\u00e9cutif de l\u2019Eglise Adventiste en Inter Am\u00e9rique depuis 2010. Avant cela, il a servi comme l\u2019un des trois vice-pr\u00e9sidents de la division de 2000 \u00e0 2005. La retraite du pasteur Leito prendra effet le 1er ao\u00fbt.<\/p>\n","protected":false},"author":1,"featured_media":39660,"comment_status":"closed","ping_status":"closed","sticky":false,"template":"","format":"standard","meta":{"_acf_changed":false,"footnotes":""},"categories":[20,19],"tags":[],"class_list":["post-39762","post","type-post","status-publish","format-standard","has-post-thumbnail","hentry","category-nouvelles-du-siege-de-la-division","category-rss-francais"],"acf":[],"yoast_head":"<!-- This site is optimized with the Yoast SEO plugin v27.3 - https:\/\/yoast.com\/product\/yoast-seo-wordpress\/ -->\n<title>L\u2019Eglise Adventiste en Inter Am\u00e9rique \u00e9lit son nouveau pr\u00e9sident et son nouveau secr\u00e9taire ex\u00e9cutif - \u00c9glise Adventiste Du Septieme Jour - Inter Am\u00e9rique Division<\/title>\n<meta name=\"robots\" content=\"index, follow, max-snippet:-1, max-image-preview:large, max-video-preview:-1\" \/>\n<link rel=\"canonical\" href=\"https:\/\/interamerica.org\/fr\/2018\/03\/leglise-adventiste-en-inter-amerique-elit-son-nouveau-president-et-son-nouveau-secretaire-executif\/\" \/>\n<meta property=\"og:locale\" content=\"fr_FR\" \/>\n<meta property=\"og:type\" content=\"article\" \/>\n<meta property=\"og:title\" content=\"L\u2019Eglise Adventiste en Inter Am\u00e9rique \u00e9lit son nouveau pr\u00e9sident et son nouveau secr\u00e9taire ex\u00e9cutif - \u00c9glise Adventiste Du Septieme Jour - Inter Am\u00e9rique Division\" \/>\n<meta property=\"og:description\" content=\"Quelques heures apr\u00e8s l\u2019annonce du d\u00e9part \u00e0 la retraite du pr\u00e9sident de la DIA, pasteur Isra\u00ebl Leito, les membres du comit\u00e9 ex\u00e9cutif ont vot\u00e9 aujourd\u2019hui de recommander Dr Elie Henry comme nouveau pr\u00e9sident de l\u2019\u00e9glise. Dr Henry sert en tant que secr\u00e9taire ex\u00e9cutif de l\u2019Eglise Adventiste en Inter Am\u00e9rique depuis 2010. Avant cela, il a servi comme l\u2019un des trois vice-pr\u00e9sidents de la division de 2000 \u00e0 2005. La retraite du pasteur Leito prendra effet le 1er ao\u00fbt.\" \/>\n<meta property=\"og:url\" content=\"https:\/\/interamerica.org\/fr\/2018\/03\/leglise-adventiste-en-inter-amerique-elit-son-nouveau-president-et-son-nouveau-secretaire-executif\/\" \/>\n<meta property=\"og:site_name\" content=\"\u00c9glise Adventiste Du Septieme Jour - Inter Am\u00e9rique Division\" \/>\n<meta property=\"article:published_time\" content=\"2018-03-27T04:00:00+00:00\" \/>\n<meta property=\"article:modified_time\" content=\"2018-05-02T01:59:07+00:00\" \/>\n<meta property=\"og:image\" content=\"https:\/\/interamerica.org\/wp-content\/uploads\/2018\/04\/iad-newleaders.jpg\" \/>\n\t<meta property=\"og:image:width\" content=\"640\" \/>\n\t<meta property=\"og:image:height\" content=\"427\" \/>\n\t<meta property=\"og:image:type\" content=\"image\/jpeg\" \/>\n<meta name=\"author\" content=\"Lorenzo Verduzco\" \/>\n<meta name=\"twitter:card\" content=\"summary_large_image\" \/>\n<meta name=\"twitter:label1\" content=\"\u00c9crit par\" \/>\n\t<meta name=\"twitter:data1\" content=\"Lorenzo Verduzco\" \/>\n\t<meta name=\"twitter:label2\" content=\"Dur\u00e9e de lecture estim\u00e9e\" \/>\n\t<meta name=\"twitter:data2\" content=\"5 minutes\" \/>\n<script type=\"application\/ld+json\" class=\"yoast-schema-graph\">{\"@context\":\"https:\\\/\\\/schema.org\",\"@graph\":[{\"@type\":\"Article\",\"@id\":\"https:\\\/\\\/interamerica.org\\\/fr\\\/2018\\\/03\\\/leglise-adventiste-en-inter-amerique-elit-son-nouveau-president-et-son-nouveau-secretaire-executif\\\/#article\",\"isPartOf\":{\"@id\":\"https:\\\/\\\/interamerica.org\\\/fr\\\/2018\\\/03\\\/leglise-adventiste-en-inter-amerique-elit-son-nouveau-president-et-son-nouveau-secretaire-executif\\\/\"},\"author\":{\"name\":\"Lorenzo Verduzco\",\"@id\":\"https:\\\/\\\/interamerica.org\\\/fr\\\/#\\\/schema\\\/person\\\/68ede8bdc292885bb76c1e3810e73c39\"},\"headline\":\"L\u2019Eglise Adventiste en Inter Am\u00e9rique \u00e9lit son nouveau pr\u00e9sident et son nouveau secr\u00e9taire ex\u00e9cutif\",\"datePublished\":\"2018-03-27T04:00:00+00:00\",\"dateModified\":\"2018-05-02T01:59:07+00:00\",\"mainEntityOfPage\":{\"@id\":\"https:\\\/\\\/interamerica.org\\\/fr\\\/2018\\\/03\\\/leglise-adventiste-en-inter-amerique-elit-son-nouveau-president-et-son-nouveau-secretaire-executif\\\/\"},\"wordCount\":1103,\"image\":{\"@id\":\"https:\\\/\\\/interamerica.org\\\/fr\\\/2018\\\/03\\\/leglise-adventiste-en-inter-amerique-elit-son-nouveau-president-et-son-nouveau-secretaire-executif\\\/#primaryimage\"},\"thumbnailUrl\":\"https:\\\/\\\/interamerica.org\\\/wp-content\\\/uploads\\\/2018\\\/04\\\/iad-newleaders.jpg\",\"articleSection\":[\"Nouvelles du si\u00e8ge de la division\",\"RSS Fran\u00e7ais\"],\"inLanguage\":\"fr-FR\"},{\"@type\":\"WebPage\",\"@id\":\"https:\\\/\\\/interamerica.org\\\/fr\\\/2018\\\/03\\\/leglise-adventiste-en-inter-amerique-elit-son-nouveau-president-et-son-nouveau-secretaire-executif\\\/\",\"url\":\"https:\\\/\\\/interamerica.org\\\/fr\\\/2018\\\/03\\\/leglise-adventiste-en-inter-amerique-elit-son-nouveau-president-et-son-nouveau-secretaire-executif\\\/\",\"name\":\"L\u2019Eglise Adventiste en Inter Am\u00e9rique \u00e9lit son nouveau pr\u00e9sident et son nouveau secr\u00e9taire ex\u00e9cutif - \u00c9glise Adventiste Du Septieme Jour - Inter Am\u00e9rique Division\",\"isPartOf\":{\"@id\":\"https:\\\/\\\/interamerica.org\\\/fr\\\/#website\"},\"primaryImageOfPage\":{\"@id\":\"https:\\\/\\\/interamerica.org\\\/fr\\\/2018\\\/03\\\/leglise-adventiste-en-inter-amerique-elit-son-nouveau-president-et-son-nouveau-secretaire-executif\\\/#primaryimage\"},\"image\":{\"@id\":\"https:\\\/\\\/interamerica.org\\\/fr\\\/2018\\\/03\\\/leglise-adventiste-en-inter-amerique-elit-son-nouveau-president-et-son-nouveau-secretaire-executif\\\/#primaryimage\"},\"thumbnailUrl\":\"https:\\\/\\\/interamerica.org\\\/wp-content\\\/uploads\\\/2018\\\/04\\\/iad-newleaders.jpg\",\"datePublished\":\"2018-03-27T04:00:00+00:00\",\"dateModified\":\"2018-05-02T01:59:07+00:00\",\"author\":{\"@id\":\"https:\\\/\\\/interamerica.org\\\/fr\\\/#\\\/schema\\\/person\\\/68ede8bdc292885bb76c1e3810e73c39\"},\"breadcrumb\":{\"@id\":\"https:\\\/\\\/interamerica.org\\\/fr\\\/2018\\\/03\\\/leglise-adventiste-en-inter-amerique-elit-son-nouveau-president-et-son-nouveau-secretaire-executif\\\/#breadcrumb\"},\"inLanguage\":\"fr-FR\",\"potentialAction\":[{\"@type\":\"ReadAction\",\"target\":[\"https:\\\/\\\/interamerica.org\\\/fr\\\/2018\\\/03\\\/leglise-adventiste-en-inter-amerique-elit-son-nouveau-president-et-son-nouveau-secretaire-executif\\\/\"]}]},{\"@type\":\"ImageObject\",\"inLanguage\":\"fr-FR\",\"@id\":\"https:\\\/\\\/interamerica.org\\\/fr\\\/2018\\\/03\\\/leglise-adventiste-en-inter-amerique-elit-son-nouveau-president-et-son-nouveau-secretaire-executif\\\/#primaryimage\",\"url\":\"https:\\\/\\\/interamerica.org\\\/wp-content\\\/uploads\\\/2018\\\/04\\\/iad-newleaders.jpg\",\"contentUrl\":\"https:\\\/\\\/interamerica.org\\\/wp-content\\\/uploads\\\/2018\\\/04\\\/iad-newleaders.jpg\",\"width\":640,\"height\":427},{\"@type\":\"BreadcrumbList\",\"@id\":\"https:\\\/\\\/interamerica.org\\\/fr\\\/2018\\\/03\\\/leglise-adventiste-en-inter-amerique-elit-son-nouveau-president-et-son-nouveau-secretaire-executif\\\/#breadcrumb\",\"itemListElement\":[{\"@type\":\"ListItem\",\"position\":1,\"name\":\"Home\",\"item\":\"https:\\\/\\\/interamerica.org\\\/fr\\\/\"},{\"@type\":\"ListItem\",\"position\":2,\"name\":\"L\u2019Eglise Adventiste en Inter Am\u00e9rique \u00e9lit son nouveau pr\u00e9sident et son nouveau secr\u00e9taire ex\u00e9cutif\"}]},{\"@type\":\"WebSite\",\"@id\":\"https:\\\/\\\/interamerica.org\\\/fr\\\/#website\",\"url\":\"https:\\\/\\\/interamerica.org\\\/fr\\\/\",\"name\":\"\u00c9glise Adventiste Du Septieme Jour - Inter Am\u00e9rique Division\",\"description\":\"\",\"potentialAction\":[{\"@type\":\"SearchAction\",\"target\":{\"@type\":\"EntryPoint\",\"urlTemplate\":\"https:\\\/\\\/interamerica.org\\\/fr\\\/?s={search_term_string}\"},\"query-input\":{\"@type\":\"PropertyValueSpecification\",\"valueRequired\":true,\"valueName\":\"search_term_string\"}}],\"inLanguage\":\"fr-FR\"},{\"@type\":\"Person\",\"@id\":\"https:\\\/\\\/interamerica.org\\\/fr\\\/#\\\/schema\\\/person\\\/68ede8bdc292885bb76c1e3810e73c39\",\"name\":\"Lorenzo Verduzco\",\"image\":{\"@type\":\"ImageObject\",\"inLanguage\":\"fr-FR\",\"@id\":\"https:\\\/\\\/secure.gravatar.com\\\/avatar\\\/fb81a55b6218459490a9c1dc841a34909185b81904c5337b4b27f7a6fd60c49e?s=96&d=mm&r=g\",\"url\":\"https:\\\/\\\/secure.gravatar.com\\\/avatar\\\/fb81a55b6218459490a9c1dc841a34909185b81904c5337b4b27f7a6fd60c49e?s=96&d=mm&r=g\",\"contentUrl\":\"https:\\\/\\\/secure.gravatar.com\\\/avatar\\\/fb81a55b6218459490a9c1dc841a34909185b81904c5337b4b27f7a6fd60c49e?s=96&d=mm&r=g\",\"caption\":\"Lorenzo Verduzco\"}}]}<\/script>\n<!-- \/ Yoast SEO plugin. -->","yoast_head_json":{"title":"L\u2019Eglise Adventiste en Inter Am\u00e9rique \u00e9lit son nouveau pr\u00e9sident et son nouveau secr\u00e9taire ex\u00e9cutif - \u00c9glise Adventiste Du Septieme Jour - Inter Am\u00e9rique Division","robots":{"index":"index","follow":"follow","max-snippet":"max-snippet:-1","max-image-preview":"max-image-preview:large","max-video-preview":"max-video-preview:-1"},"canonical":"https:\/\/interamerica.org\/fr\/2018\/03\/leglise-adventiste-en-inter-amerique-elit-son-nouveau-president-et-son-nouveau-secretaire-executif\/","og_locale":"fr_FR","og_type":"article","og_title":"L\u2019Eglise Adventiste en Inter Am\u00e9rique \u00e9lit son nouveau pr\u00e9sident et son nouveau secr\u00e9taire ex\u00e9cutif - \u00c9glise Adventiste Du Septieme Jour - Inter Am\u00e9rique Division","og_description":"Quelques heures apr\u00e8s l\u2019annonce du d\u00e9part \u00e0 la retraite du pr\u00e9sident de la DIA, pasteur Isra\u00ebl Leito, les membres du comit\u00e9 ex\u00e9cutif ont vot\u00e9 aujourd\u2019hui de recommander Dr Elie Henry comme nouveau pr\u00e9sident de l\u2019\u00e9glise. Dr Henry sert en tant que secr\u00e9taire ex\u00e9cutif de l\u2019Eglise Adventiste en Inter Am\u00e9rique depuis 2010. Avant cela, il a servi comme l\u2019un des trois vice-pr\u00e9sidents de la division de 2000 \u00e0 2005. La retraite du pasteur Leito prendra effet le 1er ao\u00fbt.","og_url":"https:\/\/interamerica.org\/fr\/2018\/03\/leglise-adventiste-en-inter-amerique-elit-son-nouveau-president-et-son-nouveau-secretaire-executif\/","og_site_name":"\u00c9glise Adventiste Du Septieme Jour - Inter Am\u00e9rique Division","article_published_time":"2018-03-27T04:00:00+00:00","article_modified_time":"2018-05-02T01:59:07+00:00","og_image":[{"width":640,"height":427,"url":"https:\/\/interamerica.org\/wp-content\/uploads\/2018\/04\/iad-newleaders.jpg","type":"image\/jpeg"}],"author":"Lorenzo Verduzco","twitter_card":"summary_large_image","twitter_misc":{"\u00c9crit par":"Lorenzo Verduzco","Dur\u00e9e de lecture estim\u00e9e":"5 minutes"},"schema":{"@context":"https:\/\/schema.org","@graph":[{"@type":"Article","@id":"https:\/\/interamerica.org\/fr\/2018\/03\/leglise-adventiste-en-inter-amerique-elit-son-nouveau-president-et-son-nouveau-secretaire-executif\/#article","isPartOf":{"@id":"https:\/\/interamerica.org\/fr\/2018\/03\/leglise-adventiste-en-inter-amerique-elit-son-nouveau-president-et-son-nouveau-secretaire-executif\/"},"author":{"name":"Lorenzo Verduzco","@id":"https:\/\/interamerica.org\/fr\/#\/schema\/person\/68ede8bdc292885bb76c1e3810e73c39"},"headline":"L\u2019Eglise Adventiste en Inter Am\u00e9rique \u00e9lit son nouveau pr\u00e9sident et son nouveau secr\u00e9taire ex\u00e9cutif","datePublished":"2018-03-27T04:00:00+00:00","dateModified":"2018-05-02T01:59:07+00:00","mainEntityOfPage":{"@id":"https:\/\/interamerica.org\/fr\/2018\/03\/leglise-adventiste-en-inter-amerique-elit-son-nouveau-president-et-son-nouveau-secretaire-executif\/"},"wordCount":1103,"image":{"@id":"https:\/\/interamerica.org\/fr\/2018\/03\/leglise-adventiste-en-inter-amerique-elit-son-nouveau-president-et-son-nouveau-secretaire-executif\/#primaryimage"},"thumbnailUrl":"https:\/\/interamerica.org\/wp-content\/uploads\/2018\/04\/iad-newleaders.jpg","articleSection":["Nouvelles du si\u00e8ge de la division","RSS Fran\u00e7ais"],"inLanguage":"fr-FR"},{"@type":"WebPage","@id":"https:\/\/interamerica.org\/fr\/2018\/03\/leglise-adventiste-en-inter-amerique-elit-son-nouveau-president-et-son-nouveau-secretaire-executif\/","url":"https:\/\/interamerica.org\/fr\/2018\/03\/leglise-adventiste-en-inter-amerique-elit-son-nouveau-president-et-son-nouveau-secretaire-executif\/","name":"L\u2019Eglise Adventiste en Inter Am\u00e9rique \u00e9lit son nouveau pr\u00e9sident et son nouveau secr\u00e9taire ex\u00e9cutif - \u00c9glise Adventiste Du Septieme Jour - Inter Am\u00e9rique Division","isPartOf":{"@id":"https:\/\/interamerica.org\/fr\/#website"},"primaryImageOfPage":{"@id":"https:\/\/interamerica.org\/fr\/2018\/03\/leglise-adventiste-en-inter-amerique-elit-son-nouveau-president-et-son-nouveau-secretaire-executif\/#primaryimage"},"image":{"@id":"https:\/\/interamerica.org\/fr\/2018\/03\/leglise-adventiste-en-inter-amerique-elit-son-nouveau-president-et-son-nouveau-secretaire-executif\/#primaryimage"},"thumbnailUrl":"https:\/\/interamerica.org\/wp-content\/uploads\/2018\/04\/iad-newleaders.jpg","datePublished":"2018-03-27T04:00:00+00:00","dateModified":"2018-05-02T01:59:07+00:00","author":{"@id":"https:\/\/interamerica.org\/fr\/#\/schema\/person\/68ede8bdc292885bb76c1e3810e73c39"},"breadcrumb":{"@id":"https:\/\/interamerica.org\/fr\/2018\/03\/leglise-adventiste-en-inter-amerique-elit-son-nouveau-president-et-son-nouveau-secretaire-executif\/#breadcrumb"},"inLanguage":"fr-FR","potentialAction":[{"@type":"ReadAction","target":["https:\/\/interamerica.org\/fr\/2018\/03\/leglise-adventiste-en-inter-amerique-elit-son-nouveau-president-et-son-nouveau-secretaire-executif\/"]}]},{"@type":"ImageObject","inLanguage":"fr-FR","@id":"https:\/\/interamerica.org\/fr\/2018\/03\/leglise-adventiste-en-inter-amerique-elit-son-nouveau-president-et-son-nouveau-secretaire-executif\/#primaryimage","url":"https:\/\/interamerica.org\/wp-content\/uploads\/2018\/04\/iad-newleaders.jpg","contentUrl":"https:\/\/interamerica.org\/wp-content\/uploads\/2018\/04\/iad-newleaders.jpg","width":640,"height":427},{"@type":"BreadcrumbList","@id":"https:\/\/interamerica.org\/fr\/2018\/03\/leglise-adventiste-en-inter-amerique-elit-son-nouveau-president-et-son-nouveau-secretaire-executif\/#breadcrumb","itemListElement":[{"@type":"ListItem","position":1,"name":"Home","item":"https:\/\/interamerica.org\/fr\/"},{"@type":"ListItem","position":2,"name":"L\u2019Eglise Adventiste en Inter Am\u00e9rique \u00e9lit son nouveau pr\u00e9sident et son nouveau secr\u00e9taire ex\u00e9cutif"}]},{"@type":"WebSite","@id":"https:\/\/interamerica.org\/fr\/#website","url":"https:\/\/interamerica.org\/fr\/","name":"\u00c9glise Adventiste Du Septieme Jour - Inter Am\u00e9rique Division","description":"","potentialAction":[{"@type":"SearchAction","target":{"@type":"EntryPoint","urlTemplate":"https:\/\/interamerica.org\/fr\/?s={search_term_string}"},"query-input":{"@type":"PropertyValueSpecification","valueRequired":true,"valueName":"search_term_string"}}],"inLanguage":"fr-FR"},{"@type":"Person","@id":"https:\/\/interamerica.org\/fr\/#\/schema\/person\/68ede8bdc292885bb76c1e3810e73c39","name":"Lorenzo Verduzco","image":{"@type":"ImageObject","inLanguage":"fr-FR","@id":"https:\/\/secure.gravatar.com\/avatar\/fb81a55b6218459490a9c1dc841a34909185b81904c5337b4b27f7a6fd60c49e?s=96&d=mm&r=g","url":"https:\/\/secure.gravatar.com\/avatar\/fb81a55b6218459490a9c1dc841a34909185b81904c5337b4b27f7a6fd60c49e?s=96&d=mm&r=g","contentUrl":"https:\/\/secure.gravatar.com\/avatar\/fb81a55b6218459490a9c1dc841a34909185b81904c5337b4b27f7a6fd60c49e?s=96&d=mm&r=g","caption":"Lorenzo Verduzco"}}]}},"_links":{"self":[{"href":"https:\/\/interamerica.org\/fr\/wp-json\/wp\/v2\/posts\/39762","targetHints":{"allow":["GET"]}}],"collection":[{"href":"https:\/\/interamerica.org\/fr\/wp-json\/wp\/v2\/posts"}],"about":[{"href":"https:\/\/interamerica.org\/fr\/wp-json\/wp\/v2\/types\/post"}],"author":[{"embeddable":true,"href":"https:\/\/interamerica.org\/fr\/wp-json\/wp\/v2\/users\/1"}],"replies":[{"embeddable":true,"href":"https:\/\/interamerica.org\/fr\/wp-json\/wp\/v2\/comments?post=39762"}],"version-history":[{"count":0,"href":"https:\/\/interamerica.org\/fr\/wp-json\/wp\/v2\/posts\/39762\/revisions"}],"wp:featuredmedia":[{"embeddable":true,"href":"https:\/\/interamerica.org\/fr\/wp-json\/wp\/v2\/media\/39660"}],"wp:attachment":[{"href":"https:\/\/interamerica.org\/fr\/wp-json\/wp\/v2\/media?parent=39762"}],"wp:term":[{"taxonomy":"category","embeddable":true,"href":"https:\/\/interamerica.org\/fr\/wp-json\/wp\/v2\/categories?post=39762"},{"taxonomy":"post_tag","embeddable":true,"href":"https:\/\/interamerica.org\/fr\/wp-json\/wp\/v2\/tags?post=39762"}],"curies":[{"name":"wp","href":"https:\/\/api.w.org\/{rel}","templated":true}]}}