{"id":39764,"date":"2018-03-29T00:00:00","date_gmt":"2018-03-29T04:00:00","guid":{"rendered":"http:\/\/192.81.217.108\/2018\/03\/des-projets-en-inter-amerique-beneficieront-de-loffrande-du-13eme-sabbat\/"},"modified":"2018-05-01T21:55:12","modified_gmt":"2018-05-02T01:55:12","slug":"des-projets-en-inter-amerique-beneficieront-de-loffrande-du-13eme-sabbat","status":"publish","type":"post","link":"https:\/\/interamerica.org\/fr\/2018\/03\/des-projets-en-inter-amerique-beneficieront-de-loffrande-du-13eme-sabbat\/","title":{"rendered":"Des projets en Inter Am\u00e9rique b\u00e9n\u00e9ficieront de l&rsquo;Offrande du 13\u00e8me Sabbat"},"content":{"rendered":"<div id=\"attachment_34237\" style=\"width: 776px\" class=\"wp-caption aligncenter\"><a href=\"https:\/\/recursing-golick.147-182-135-0.plesk.page\/wp-content\/uploads\/2018\/03\/AAU-church.jpg\" rel=\"fancybox\" title=\"Des projets en Inter Am\u00e9rique b\u00e9n\u00e9ficieront de l'Offrande du 13\u00e8me Sabbat\"><img fetchpriority=\"high\" decoding=\"async\" aria-describedby=\"caption-attachment-34237\" class=\" wp-image-34237\" src=\"https:\/\/recursing-golick.147-182-135-0.plesk.page\/wp-content\/uploads\/2018\/03\/AAU-church.jpg\" alt=\"\" width=\"766\" height=\"479\" \/><\/a><p id=\"caption-attachment-34237\" class=\"wp-caption-text\">L\u2019offrande du treizi\u00e8me sabbat servira \u00e0 terminer la construction de la nouvelle \u00e9glise de l\u2019Universit\u00e9 Adventiste des Antilles \u00e0 Mayaguez, \u00e0 Porto Rico. Image de Libna Stevens \/ DIA<\/p><\/div>\n<p>28 mars 2019 | Miami, Floride, \u00c9tats-Unis | Libna Stevens \/ DIA<\/p>\n<p>Des milliers d\u2019\u00e9glises Adventistes du Septi\u00e8me Jour \u00e0 travers le monde vont recueillir l\u2019offrande sp\u00e9ciale de fin de trimestre ce sabbat, le 31 mars, pour financer des projets sp\u00e9cifiques qui contribuent au d\u00e9veloppement de l\u2019\u00e9glise de mani\u00e8re tangible. L\u2019offrande du treizi\u00e8me sabbat <u>ira<\/u> \u00e0 trois projets principaux de l\u2019\u00e9glise dans le territoire de la Division Inter Am\u00e9ricaine (DIA) \u00e0 Trinidad et Tobago, \u00e0 Porto Rico et au Mexique<\/p>\n<div id=\"attachment_34234\" style=\"width: 408px\" class=\"wp-caption alignright\"><a href=\"https:\/\/recursing-golick.147-182-135-0.plesk.page\/wp-content\/uploads\/2018\/03\/USC-church.jpg\" rel=\"fancybox\" title=\"Des projets en Inter Am\u00e9rique b\u00e9n\u00e9ficieront de l'Offrande du 13\u00e8me Sabbat\"><img decoding=\"async\" aria-describedby=\"caption-attachment-34234\" class=\" wp-image-34234\" src=\"https:\/\/recursing-golick.147-182-135-0.plesk.page\/wp-content\/uploads\/2018\/03\/USC-church.jpg\" alt=\"\" width=\"398\" height=\"249\" \/><\/a><p id=\"caption-attachment-34234\" class=\"wp-caption-text\">L\u2019Universit\u00e9 du Sud de la Cara\u00efbe \u00e0 Trinidad envisage de construire une nouvelle \u00e9glise sur le campus qui servira \u00e9galement de centre d\u2019influence, avec des fonds provenant de l\u2019offrande sp\u00e9ciale qui sera recueillie. Image de Mission Adventiste<\/p><\/div>\n<p>\u00ab C\u2019est une journ\u00e9e sp\u00e9ciale de c\u00e9l\u00e9bration au cours de laquelle les \u00e9glises du monde entier mettent de c\u00f4t\u00e9 leurs besoins locaux pour apporter leur aide \u00e0 des projets sp\u00e9cifiques ailleurs, \u00bb a d\u00e9clar\u00e9 pasteur Samuel Telemaque, directeur de l\u2019Ecole du Sabbat pour l\u2019Eglise Adventiste en Inter Am\u00e9rique. La journ\u00e9e inclut un programme sp\u00e9cial comprenant la pr\u00e9sentation de la richesse culturelle et de la diversit\u00e9 au del\u00e0 des fronti\u00e8res o\u00f9 les projets b\u00e9n\u00e9ficieront \u00e0 l\u2019\u00e9glise et la communaut\u00e9, a ajout\u00e9 pasteur Telemaque.<\/p>\n<p>\u00ab Il y a une extraordinaire participation dans toutes nos \u00e9glises \u00e0 travers la DIA. Les enfants r\u00e9citeront leurs versets \u00e0 m\u00e9moriser, des r\u00e9cits missionnaires seront relat\u00e9s, des cultures seront mises en lumi\u00e8re et les membres apporteront l\u2019offrande sp\u00e9ciale pour faire avancer l\u2019\u0153uvre de l\u2019\u00e9vangile \u00bb, a d\u00e9clar\u00e9 pasteur T\u00e9l\u00e9maque.<\/p>\n<p>Les fonds de l\u2019offrande du treizi\u00e8me sabbat seront affect\u00e9s \u00e0 la construction d\u2019un nouveau sanctuaire \u00e0 l\u2019Universit\u00e9 du Sud de la Cara\u00efbe \u00e0 Port-of-Spain, \u00e0 Trinidad. Le b\u00e2timent pourra accommoder 1700 personnes et h\u00e9bergera un centre d\u2019influence qui vise \u00e0 entrer en relation avec les gens dans le cadre de la mission interculturelle, l\u2019\u00e9vang\u00e9lisation et le minist\u00e8re urbain.<\/p>\n<p>Les offrandes sp\u00e9ciales aideront \u00e9galement \u00e0 achever la construction de l\u2019\u00e9glise de l\u2019universit\u00e9 \u00e0 l\u2019Universit\u00e9 Adventiste des Antilles \u00e0 Mayaguez, \u00e0 Porto Rico. L\u2019\u00e9glise sera utilis\u00e9e pour des activit\u00e9s de culte et des activit\u00e9s missionnaires, et comme une base spirituelle pour les \u00e9tudiants et un centre d\u2019influence pour la communaut\u00e9 locale.<\/p>\n<div id=\"attachment_34243\" style=\"width: 408px\" class=\"wp-caption alignleft\"><a href=\"https:\/\/recursing-golick.147-182-135-0.plesk.page\/wp-content\/uploads\/2018\/03\/SE-hospital-mex-1.jpg\" rel=\"fancybox\" title=\"Des projets en Inter Am\u00e9rique b\u00e9n\u00e9ficieront de l'Offrande du 13\u00e8me Sabbat\"><img decoding=\"async\" aria-describedby=\"caption-attachment-34243\" class=\" wp-image-34243\" src=\"https:\/\/recursing-golick.147-182-135-0.plesk.page\/wp-content\/uploads\/2018\/03\/SE-hospital-mex-1.jpg\" alt=\"\" width=\"398\" height=\"249\" \/><\/a><p id=\"caption-attachment-34243\" class=\"wp-caption-text\">L\u2019H\u00f4pital Adventiste du Sud-Est utilisera les fonds provenant de l\u2019offrande pour d\u00e9velopper les soins aux patients. Image de Mission Adventiste<\/p><\/div>\n<p>L\u2019H\u00f4pital Adventiste du Sud-Est \u00e0 Villahermosa, dans l\u2019\u00e9tat de Tabasco, au Mexique, utilisera une partie de l\u2019offrande recueillie pour s\u2019agrandir et faire de la place pour accueillir plus de patients et offrir plus d\u2019options de traitement dans sa d\u00e9marche visant \u00e0 offrir sant\u00e9, gu\u00e9rison et esp\u00e9rance \u00e0 travers son centre qui met l\u2019accent sur Dieu. Les dirigeants de l\u2019\u00e9glise pr\u00e9voient \u00e9galement de construire un centre d\u2019influence urbain dans la ville pour offrir \u00e0 la communaut\u00e9 des soins m\u00e9dicaux et une formation dans le domaine de la sant\u00e9.<\/p>\n<p>\u00ab Il s\u2019agit de la plus grande mobilisation de l\u2019Ecole du Sabbat tous les trimestres en Inter Am\u00e9rique et dans le monde, \u00bb a ajout\u00e9 Samuel T\u00e9l\u00e9maque. \u00ab C\u2019est enthousiasmant de voir les membres d\u2019\u00e9glise s\u2019unir dans un don d\u00e9sint\u00e9ress\u00e9 pour faire avancer l\u2019\u00e9vangile \u00e0 l\u2019occasion du treizi\u00e8me sabbat. \u00bb<\/p>\n<p>Pour regarder une vid\u00e9o de Mission Adventiste au sujet des projets qui b\u00e9n\u00e9ficieront de l\u2019Offrande recueillie le 13\u00e8me Sabbat, cliquez<br \/>\n<a href=\"mailto:https:\/\/www.youtube.com\/watch%3Fv=rNayuATDp6k%26t=29s\">ICI<\/a> pour l&rsquo;anglais, et <a href=\"mailto:https:\/\/www.youtube.com\/watch%3Fv=KQ3737sVL-0%26feature=youtu.be\">ICI<\/a> pour l&rsquo;espagnol.<\/p>\n<p>Traduction: Patrick Luciathe<\/p>\n","protected":false},"excerpt":{"rendered":"<p>Des milliers d\u2019\u00e9glises Adventistes du Septi\u00e8me Jour \u00e0 travers le monde vont recueillir l\u2019offrande sp\u00e9ciale de fin de trimestre ce sabbat, le 31 mars, pour financer des projets sp\u00e9cifiques qui contribuent au d\u00e9veloppement de l\u2019\u00e9glise de mani\u00e8re tangible. L\u2019offrande du treizi\u00e8me sabbat ira \u00e0 trois projets principaux de l\u2019\u00e9glise dans le territoire de la Division Inter Am\u00e9ricaine (DIA) \u00e0 Trinidad et Tobago, \u00e0 Porto Rico et au Mexique<\/p>\n","protected":false},"author":1,"featured_media":39672,"comment_status":"closed","ping_status":"closed","sticky":false,"template":"","format":"standard","meta":{"_acf_changed":false,"footnotes":""},"categories":[20,19],"tags":[],"class_list":["post-39764","post","type-post","status-publish","format-standard","has-post-thumbnail","hentry","category-nouvelles-du-siege-de-la-division","category-rss-francais"],"acf":[],"yoast_head":"<!-- This site is optimized with the Yoast SEO plugin v27.3 - https:\/\/yoast.com\/product\/yoast-seo-wordpress\/ -->\n<title>Des projets en Inter Am\u00e9rique b\u00e9n\u00e9ficieront de l&#039;Offrande du 13\u00e8me Sabbat - \u00c9glise Adventiste Du Septieme Jour - Inter Am\u00e9rique Division<\/title>\n<meta name=\"robots\" content=\"index, follow, max-snippet:-1, max-image-preview:large, max-video-preview:-1\" \/>\n<link rel=\"canonical\" href=\"https:\/\/interamerica.org\/fr\/2018\/03\/des-projets-en-inter-amerique-beneficieront-de-loffrande-du-13eme-sabbat\/\" \/>\n<meta property=\"og:locale\" content=\"fr_FR\" \/>\n<meta property=\"og:type\" content=\"article\" \/>\n<meta property=\"og:title\" content=\"Des projets en Inter Am\u00e9rique b\u00e9n\u00e9ficieront de l&#039;Offrande du 13\u00e8me Sabbat - \u00c9glise Adventiste Du Septieme Jour - Inter Am\u00e9rique Division\" \/>\n<meta property=\"og:description\" content=\"Des milliers d\u2019\u00e9glises Adventistes du Septi\u00e8me Jour \u00e0 travers le monde vont recueillir l\u2019offrande sp\u00e9ciale de fin de trimestre ce sabbat, le 31 mars, pour financer des projets sp\u00e9cifiques qui contribuent au d\u00e9veloppement de l\u2019\u00e9glise de mani\u00e8re tangible. L\u2019offrande du treizi\u00e8me sabbat ira \u00e0 trois projets principaux de l\u2019\u00e9glise dans le territoire de la Division Inter Am\u00e9ricaine (DIA) \u00e0 Trinidad et Tobago, \u00e0 Porto Rico et au Mexique\" \/>\n<meta property=\"og:url\" content=\"https:\/\/interamerica.org\/fr\/2018\/03\/des-projets-en-inter-amerique-beneficieront-de-loffrande-du-13eme-sabbat\/\" \/>\n<meta property=\"og:site_name\" content=\"\u00c9glise Adventiste Du Septieme Jour - Inter Am\u00e9rique Division\" \/>\n<meta property=\"article:published_time\" content=\"2018-03-29T04:00:00+00:00\" \/>\n<meta property=\"article:modified_time\" content=\"2018-05-02T01:55:12+00:00\" \/>\n<meta property=\"og:image\" content=\"https:\/\/interamerica.org\/wp-content\/uploads\/2018\/04\/aau-church.jpg\" \/>\n\t<meta property=\"og:image:width\" content=\"1280\" \/>\n\t<meta property=\"og:image:height\" content=\"800\" \/>\n\t<meta property=\"og:image:type\" content=\"image\/jpeg\" \/>\n<meta name=\"author\" content=\"Lorenzo Verduzco\" \/>\n<meta name=\"twitter:card\" content=\"summary_large_image\" \/>\n<meta name=\"twitter:label1\" content=\"\u00c9crit par\" \/>\n\t<meta name=\"twitter:data1\" content=\"Lorenzo Verduzco\" \/>\n\t<meta name=\"twitter:label2\" content=\"Dur\u00e9e de lecture estim\u00e9e\" \/>\n\t<meta name=\"twitter:data2\" content=\"3 minutes\" \/>\n<script type=\"application\/ld+json\" class=\"yoast-schema-graph\">{\"@context\":\"https:\\\/\\\/schema.org\",\"@graph\":[{\"@type\":\"Article\",\"@id\":\"https:\\\/\\\/interamerica.org\\\/fr\\\/2018\\\/03\\\/des-projets-en-inter-amerique-beneficieront-de-loffrande-du-13eme-sabbat\\\/#article\",\"isPartOf\":{\"@id\":\"https:\\\/\\\/interamerica.org\\\/fr\\\/2018\\\/03\\\/des-projets-en-inter-amerique-beneficieront-de-loffrande-du-13eme-sabbat\\\/\"},\"author\":{\"name\":\"Lorenzo Verduzco\",\"@id\":\"https:\\\/\\\/interamerica.org\\\/fr\\\/#\\\/schema\\\/person\\\/68ede8bdc292885bb76c1e3810e73c39\"},\"headline\":\"Des projets en Inter Am\u00e9rique b\u00e9n\u00e9ficieront de l&rsquo;Offrande du 13\u00e8me Sabbat\",\"datePublished\":\"2018-03-29T04:00:00+00:00\",\"dateModified\":\"2018-05-02T01:55:12+00:00\",\"mainEntityOfPage\":{\"@id\":\"https:\\\/\\\/interamerica.org\\\/fr\\\/2018\\\/03\\\/des-projets-en-inter-amerique-beneficieront-de-loffrande-du-13eme-sabbat\\\/\"},\"wordCount\":676,\"image\":{\"@id\":\"https:\\\/\\\/interamerica.org\\\/fr\\\/2018\\\/03\\\/des-projets-en-inter-amerique-beneficieront-de-loffrande-du-13eme-sabbat\\\/#primaryimage\"},\"thumbnailUrl\":\"https:\\\/\\\/interamerica.org\\\/wp-content\\\/uploads\\\/2018\\\/04\\\/aau-church.jpg\",\"articleSection\":[\"Nouvelles du si\u00e8ge de la division\",\"RSS Fran\u00e7ais\"],\"inLanguage\":\"fr-FR\"},{\"@type\":\"WebPage\",\"@id\":\"https:\\\/\\\/interamerica.org\\\/fr\\\/2018\\\/03\\\/des-projets-en-inter-amerique-beneficieront-de-loffrande-du-13eme-sabbat\\\/\",\"url\":\"https:\\\/\\\/interamerica.org\\\/fr\\\/2018\\\/03\\\/des-projets-en-inter-amerique-beneficieront-de-loffrande-du-13eme-sabbat\\\/\",\"name\":\"Des projets en Inter Am\u00e9rique b\u00e9n\u00e9ficieront de l'Offrande du 13\u00e8me Sabbat - \u00c9glise Adventiste Du Septieme Jour - Inter Am\u00e9rique Division\",\"isPartOf\":{\"@id\":\"https:\\\/\\\/interamerica.org\\\/fr\\\/#website\"},\"primaryImageOfPage\":{\"@id\":\"https:\\\/\\\/interamerica.org\\\/fr\\\/2018\\\/03\\\/des-projets-en-inter-amerique-beneficieront-de-loffrande-du-13eme-sabbat\\\/#primaryimage\"},\"image\":{\"@id\":\"https:\\\/\\\/interamerica.org\\\/fr\\\/2018\\\/03\\\/des-projets-en-inter-amerique-beneficieront-de-loffrande-du-13eme-sabbat\\\/#primaryimage\"},\"thumbnailUrl\":\"https:\\\/\\\/interamerica.org\\\/wp-content\\\/uploads\\\/2018\\\/04\\\/aau-church.jpg\",\"datePublished\":\"2018-03-29T04:00:00+00:00\",\"dateModified\":\"2018-05-02T01:55:12+00:00\",\"author\":{\"@id\":\"https:\\\/\\\/interamerica.org\\\/fr\\\/#\\\/schema\\\/person\\\/68ede8bdc292885bb76c1e3810e73c39\"},\"breadcrumb\":{\"@id\":\"https:\\\/\\\/interamerica.org\\\/fr\\\/2018\\\/03\\\/des-projets-en-inter-amerique-beneficieront-de-loffrande-du-13eme-sabbat\\\/#breadcrumb\"},\"inLanguage\":\"fr-FR\",\"potentialAction\":[{\"@type\":\"ReadAction\",\"target\":[\"https:\\\/\\\/interamerica.org\\\/fr\\\/2018\\\/03\\\/des-projets-en-inter-amerique-beneficieront-de-loffrande-du-13eme-sabbat\\\/\"]}]},{\"@type\":\"ImageObject\",\"inLanguage\":\"fr-FR\",\"@id\":\"https:\\\/\\\/interamerica.org\\\/fr\\\/2018\\\/03\\\/des-projets-en-inter-amerique-beneficieront-de-loffrande-du-13eme-sabbat\\\/#primaryimage\",\"url\":\"https:\\\/\\\/interamerica.org\\\/wp-content\\\/uploads\\\/2018\\\/04\\\/aau-church.jpg\",\"contentUrl\":\"https:\\\/\\\/interamerica.org\\\/wp-content\\\/uploads\\\/2018\\\/04\\\/aau-church.jpg\",\"width\":1280,\"height\":800},{\"@type\":\"BreadcrumbList\",\"@id\":\"https:\\\/\\\/interamerica.org\\\/fr\\\/2018\\\/03\\\/des-projets-en-inter-amerique-beneficieront-de-loffrande-du-13eme-sabbat\\\/#breadcrumb\",\"itemListElement\":[{\"@type\":\"ListItem\",\"position\":1,\"name\":\"Home\",\"item\":\"https:\\\/\\\/interamerica.org\\\/fr\\\/\"},{\"@type\":\"ListItem\",\"position\":2,\"name\":\"Des projets en Inter Am\u00e9rique b\u00e9n\u00e9ficieront de l&rsquo;Offrande du 13\u00e8me Sabbat\"}]},{\"@type\":\"WebSite\",\"@id\":\"https:\\\/\\\/interamerica.org\\\/fr\\\/#website\",\"url\":\"https:\\\/\\\/interamerica.org\\\/fr\\\/\",\"name\":\"\u00c9glise Adventiste Du Septieme Jour - Inter Am\u00e9rique Division\",\"description\":\"\",\"potentialAction\":[{\"@type\":\"SearchAction\",\"target\":{\"@type\":\"EntryPoint\",\"urlTemplate\":\"https:\\\/\\\/interamerica.org\\\/fr\\\/?s={search_term_string}\"},\"query-input\":{\"@type\":\"PropertyValueSpecification\",\"valueRequired\":true,\"valueName\":\"search_term_string\"}}],\"inLanguage\":\"fr-FR\"},{\"@type\":\"Person\",\"@id\":\"https:\\\/\\\/interamerica.org\\\/fr\\\/#\\\/schema\\\/person\\\/68ede8bdc292885bb76c1e3810e73c39\",\"name\":\"Lorenzo Verduzco\",\"image\":{\"@type\":\"ImageObject\",\"inLanguage\":\"fr-FR\",\"@id\":\"https:\\\/\\\/secure.gravatar.com\\\/avatar\\\/fb81a55b6218459490a9c1dc841a34909185b81904c5337b4b27f7a6fd60c49e?s=96&d=mm&r=g\",\"url\":\"https:\\\/\\\/secure.gravatar.com\\\/avatar\\\/fb81a55b6218459490a9c1dc841a34909185b81904c5337b4b27f7a6fd60c49e?s=96&d=mm&r=g\",\"contentUrl\":\"https:\\\/\\\/secure.gravatar.com\\\/avatar\\\/fb81a55b6218459490a9c1dc841a34909185b81904c5337b4b27f7a6fd60c49e?s=96&d=mm&r=g\",\"caption\":\"Lorenzo Verduzco\"}}]}<\/script>\n<!-- \/ Yoast SEO plugin. -->","yoast_head_json":{"title":"Des projets en Inter Am\u00e9rique b\u00e9n\u00e9ficieront de l'Offrande du 13\u00e8me Sabbat - \u00c9glise Adventiste Du Septieme Jour - Inter Am\u00e9rique Division","robots":{"index":"index","follow":"follow","max-snippet":"max-snippet:-1","max-image-preview":"max-image-preview:large","max-video-preview":"max-video-preview:-1"},"canonical":"https:\/\/interamerica.org\/fr\/2018\/03\/des-projets-en-inter-amerique-beneficieront-de-loffrande-du-13eme-sabbat\/","og_locale":"fr_FR","og_type":"article","og_title":"Des projets en Inter Am\u00e9rique b\u00e9n\u00e9ficieront de l'Offrande du 13\u00e8me Sabbat - \u00c9glise Adventiste Du Septieme Jour - Inter Am\u00e9rique Division","og_description":"Des milliers d\u2019\u00e9glises Adventistes du Septi\u00e8me Jour \u00e0 travers le monde vont recueillir l\u2019offrande sp\u00e9ciale de fin de trimestre ce sabbat, le 31 mars, pour financer des projets sp\u00e9cifiques qui contribuent au d\u00e9veloppement de l\u2019\u00e9glise de mani\u00e8re tangible. L\u2019offrande du treizi\u00e8me sabbat ira \u00e0 trois projets principaux de l\u2019\u00e9glise dans le territoire de la Division Inter Am\u00e9ricaine (DIA) \u00e0 Trinidad et Tobago, \u00e0 Porto Rico et au Mexique","og_url":"https:\/\/interamerica.org\/fr\/2018\/03\/des-projets-en-inter-amerique-beneficieront-de-loffrande-du-13eme-sabbat\/","og_site_name":"\u00c9glise Adventiste Du Septieme Jour - Inter Am\u00e9rique Division","article_published_time":"2018-03-29T04:00:00+00:00","article_modified_time":"2018-05-02T01:55:12+00:00","og_image":[{"width":1280,"height":800,"url":"https:\/\/interamerica.org\/wp-content\/uploads\/2018\/04\/aau-church.jpg","type":"image\/jpeg"}],"author":"Lorenzo Verduzco","twitter_card":"summary_large_image","twitter_misc":{"\u00c9crit par":"Lorenzo Verduzco","Dur\u00e9e de lecture estim\u00e9e":"3 minutes"},"schema":{"@context":"https:\/\/schema.org","@graph":[{"@type":"Article","@id":"https:\/\/interamerica.org\/fr\/2018\/03\/des-projets-en-inter-amerique-beneficieront-de-loffrande-du-13eme-sabbat\/#article","isPartOf":{"@id":"https:\/\/interamerica.org\/fr\/2018\/03\/des-projets-en-inter-amerique-beneficieront-de-loffrande-du-13eme-sabbat\/"},"author":{"name":"Lorenzo Verduzco","@id":"https:\/\/interamerica.org\/fr\/#\/schema\/person\/68ede8bdc292885bb76c1e3810e73c39"},"headline":"Des projets en Inter Am\u00e9rique b\u00e9n\u00e9ficieront de l&rsquo;Offrande du 13\u00e8me Sabbat","datePublished":"2018-03-29T04:00:00+00:00","dateModified":"2018-05-02T01:55:12+00:00","mainEntityOfPage":{"@id":"https:\/\/interamerica.org\/fr\/2018\/03\/des-projets-en-inter-amerique-beneficieront-de-loffrande-du-13eme-sabbat\/"},"wordCount":676,"image":{"@id":"https:\/\/interamerica.org\/fr\/2018\/03\/des-projets-en-inter-amerique-beneficieront-de-loffrande-du-13eme-sabbat\/#primaryimage"},"thumbnailUrl":"https:\/\/interamerica.org\/wp-content\/uploads\/2018\/04\/aau-church.jpg","articleSection":["Nouvelles du si\u00e8ge de la division","RSS Fran\u00e7ais"],"inLanguage":"fr-FR"},{"@type":"WebPage","@id":"https:\/\/interamerica.org\/fr\/2018\/03\/des-projets-en-inter-amerique-beneficieront-de-loffrande-du-13eme-sabbat\/","url":"https:\/\/interamerica.org\/fr\/2018\/03\/des-projets-en-inter-amerique-beneficieront-de-loffrande-du-13eme-sabbat\/","name":"Des projets en Inter Am\u00e9rique b\u00e9n\u00e9ficieront de l'Offrande du 13\u00e8me Sabbat - \u00c9glise Adventiste Du Septieme Jour - Inter Am\u00e9rique Division","isPartOf":{"@id":"https:\/\/interamerica.org\/fr\/#website"},"primaryImageOfPage":{"@id":"https:\/\/interamerica.org\/fr\/2018\/03\/des-projets-en-inter-amerique-beneficieront-de-loffrande-du-13eme-sabbat\/#primaryimage"},"image":{"@id":"https:\/\/interamerica.org\/fr\/2018\/03\/des-projets-en-inter-amerique-beneficieront-de-loffrande-du-13eme-sabbat\/#primaryimage"},"thumbnailUrl":"https:\/\/interamerica.org\/wp-content\/uploads\/2018\/04\/aau-church.jpg","datePublished":"2018-03-29T04:00:00+00:00","dateModified":"2018-05-02T01:55:12+00:00","author":{"@id":"https:\/\/interamerica.org\/fr\/#\/schema\/person\/68ede8bdc292885bb76c1e3810e73c39"},"breadcrumb":{"@id":"https:\/\/interamerica.org\/fr\/2018\/03\/des-projets-en-inter-amerique-beneficieront-de-loffrande-du-13eme-sabbat\/#breadcrumb"},"inLanguage":"fr-FR","potentialAction":[{"@type":"ReadAction","target":["https:\/\/interamerica.org\/fr\/2018\/03\/des-projets-en-inter-amerique-beneficieront-de-loffrande-du-13eme-sabbat\/"]}]},{"@type":"ImageObject","inLanguage":"fr-FR","@id":"https:\/\/interamerica.org\/fr\/2018\/03\/des-projets-en-inter-amerique-beneficieront-de-loffrande-du-13eme-sabbat\/#primaryimage","url":"https:\/\/interamerica.org\/wp-content\/uploads\/2018\/04\/aau-church.jpg","contentUrl":"https:\/\/interamerica.org\/wp-content\/uploads\/2018\/04\/aau-church.jpg","width":1280,"height":800},{"@type":"BreadcrumbList","@id":"https:\/\/interamerica.org\/fr\/2018\/03\/des-projets-en-inter-amerique-beneficieront-de-loffrande-du-13eme-sabbat\/#breadcrumb","itemListElement":[{"@type":"ListItem","position":1,"name":"Home","item":"https:\/\/interamerica.org\/fr\/"},{"@type":"ListItem","position":2,"name":"Des projets en Inter Am\u00e9rique b\u00e9n\u00e9ficieront de l&rsquo;Offrande du 13\u00e8me Sabbat"}]},{"@type":"WebSite","@id":"https:\/\/interamerica.org\/fr\/#website","url":"https:\/\/interamerica.org\/fr\/","name":"\u00c9glise Adventiste Du Septieme Jour - Inter Am\u00e9rique Division","description":"","potentialAction":[{"@type":"SearchAction","target":{"@type":"EntryPoint","urlTemplate":"https:\/\/interamerica.org\/fr\/?s={search_term_string}"},"query-input":{"@type":"PropertyValueSpecification","valueRequired":true,"valueName":"search_term_string"}}],"inLanguage":"fr-FR"},{"@type":"Person","@id":"https:\/\/interamerica.org\/fr\/#\/schema\/person\/68ede8bdc292885bb76c1e3810e73c39","name":"Lorenzo Verduzco","image":{"@type":"ImageObject","inLanguage":"fr-FR","@id":"https:\/\/secure.gravatar.com\/avatar\/fb81a55b6218459490a9c1dc841a34909185b81904c5337b4b27f7a6fd60c49e?s=96&d=mm&r=g","url":"https:\/\/secure.gravatar.com\/avatar\/fb81a55b6218459490a9c1dc841a34909185b81904c5337b4b27f7a6fd60c49e?s=96&d=mm&r=g","contentUrl":"https:\/\/secure.gravatar.com\/avatar\/fb81a55b6218459490a9c1dc841a34909185b81904c5337b4b27f7a6fd60c49e?s=96&d=mm&r=g","caption":"Lorenzo Verduzco"}}]}},"_links":{"self":[{"href":"https:\/\/interamerica.org\/fr\/wp-json\/wp\/v2\/posts\/39764","targetHints":{"allow":["GET"]}}],"collection":[{"href":"https:\/\/interamerica.org\/fr\/wp-json\/wp\/v2\/posts"}],"about":[{"href":"https:\/\/interamerica.org\/fr\/wp-json\/wp\/v2\/types\/post"}],"author":[{"embeddable":true,"href":"https:\/\/interamerica.org\/fr\/wp-json\/wp\/v2\/users\/1"}],"replies":[{"embeddable":true,"href":"https:\/\/interamerica.org\/fr\/wp-json\/wp\/v2\/comments?post=39764"}],"version-history":[{"count":0,"href":"https:\/\/interamerica.org\/fr\/wp-json\/wp\/v2\/posts\/39764\/revisions"}],"wp:featuredmedia":[{"embeddable":true,"href":"https:\/\/interamerica.org\/fr\/wp-json\/wp\/v2\/media\/39672"}],"wp:attachment":[{"href":"https:\/\/interamerica.org\/fr\/wp-json\/wp\/v2\/media?parent=39764"}],"wp:term":[{"taxonomy":"category","embeddable":true,"href":"https:\/\/interamerica.org\/fr\/wp-json\/wp\/v2\/categories?post=39764"},{"taxonomy":"post_tag","embeddable":true,"href":"https:\/\/interamerica.org\/fr\/wp-json\/wp\/v2\/tags?post=39764"}],"curies":[{"name":"wp","href":"https:\/\/api.w.org\/{rel}","templated":true}]}}