{"id":40217,"date":"2018-04-04T00:00:00","date_gmt":"2018-04-04T04:00:00","guid":{"rendered":"http:\/\/192.81.217.108\/2018\/04\/linter-amerique-sapprete-a-celebrer-en-ligne-depuis-haiti-les-grands-efforts-devangelisation\/"},"modified":"2018-05-01T21:37:28","modified_gmt":"2018-05-02T01:37:28","slug":"linter-amerique-sapprete-a-celebrer-en-ligne-depuis-haiti-les-grands-efforts-devangelisation","status":"publish","type":"post","link":"https:\/\/interamerica.org\/fr\/2018\/04\/linter-amerique-sapprete-a-celebrer-en-ligne-depuis-haiti-les-grands-efforts-devangelisation\/","title":{"rendered":"L\u2019Inter Am\u00e9rique s\u2019appr\u00eate \u00e0 c\u00e9l\u00e9brer en ligne depuis Ha\u00efti les grands efforts d\u2019\u00e9vang\u00e9lisation"},"content":{"rendered":"<p>4 avril 2018 | Miami, Floride, \u00c9tats-Unis | Libna Stevens \/ DIA<\/p>\n<div id=\"attachment_34396\" style=\"width: 412px\" class=\"wp-caption alignright\"><a href=\"https:\/\/recursing-golick.147-182-135-0.plesk.page\/wp-content\/uploads\/2018\/04\/Haiti-LTM-banner.png\" rel=\"fancybox\" title=\"L\u2019Inter Am\u00e9rique s\u2019appr\u00eate \u00e0 c\u00e9l\u00e9brer en ligne depuis Ha\u00efti les grands efforts d\u2019\u00e9vang\u00e9lisation\"><img fetchpriority=\"high\" decoding=\"async\" aria-describedby=\"caption-attachment-34396\" class=\" wp-image-34396\" src=\"https:\/\/recursing-golick.147-182-135-0.plesk.page\/wp-content\/uploads\/2018\/04\/Haiti-LTM-banner.png\" alt=\"\" width=\"402\" height=\"329\" \/><\/a><p id=\"caption-attachment-34396\" class=\"wp-caption-text\">Image d&rsquo;Abel M\u00e1rquez\/DIA<\/p><\/div>\n<p>L\u2019Eglise Adventiste du Septi\u00e8me jour en Inter Am\u00e9rique tiendra sa c\u00e9l\u00e9bration baptismale annuelle ce sabbat avec un programme sp\u00e9cial diffus\u00e9 en ligne depuis Port-au-Prince, en Ha\u00efti. Le programme diffus\u00e9 en direct, intitul\u00e9 \u00ab Seigneur Transforme Moi, \u00bb mettra en lumi\u00e8re le point culminant des efforts d\u2019\u00e9vang\u00e9lisation tenus jusqu\u2019ici cette ann\u00e9e par des milliers de pasteurs et de membres d\u2019\u00e9glise actifs dans le pays et dans tout le territoire de la Division Inter Am\u00e9ricaine (DIA).<\/p>\n<p>Plus de 8000 personnes sont attendues dans le Stade Sylvio Cator de la capitale. Quatre autres sites de l\u2019Union Ha\u00eftienne organiseront des centaines d\u2019autres bapt\u00eames ce m\u00eame jour. Des milliers d\u2019autres personnes devraient assister \u00e0 ces rencontres.<\/p>\n<p>Des milliers d\u2019autres \u00e0 travers le territoire de l\u2019\u00e9glise en Inter Am\u00e9rique accueilleront \u00e9galement de nouveaux membres qui se joindront \u00e0 l\u2019\u00e9glise lors de c\u00e9r\u00e9monies de bapt\u00eame.<\/p>\n<p>\u00ab Quelle belle exp\u00e9rience de voir comment cette initiative d\u2019\u00e9vang\u00e9lisation a mobilis\u00e9 tant de pasteurs, d\u2019\u00e9vang\u00e9listes la\u00efcs et de membres d\u2019\u00e9glise pour proclamer l\u2019\u00e9vangile ici en Ha\u00efti, \u00bb a d\u00e9clar\u00e9 pasteur Balvin Braham, assistant aupr\u00e8s du pr\u00e9sident de la DIA pour l\u2019\u00e9vang\u00e9lisation et principal organisateur du programme.<\/p>\n<p>Soixante-dix pasteurs et \u00e9vang\u00e9listes sont venus de tout le territoire de l\u2019\u00e9glise en Inter Am\u00e9rique pour prendre part aux efforts en Ha\u00efti, dans le cadre des 300 campagnes d\u2019\u00e9vang\u00e9lisation qui se d\u00e9roulent cette semaine, a d\u00e9clar\u00e9 Balvin Braham.<\/p>\n<p>\u00ab Les membres d\u2019\u00e9glise et les nouveaux croyants assistent \u00e0 ces campagnes cette semaine et vous pouvez voir l\u2019excitation partout o\u00f9 vous allez, \u00bb a ajout\u00e9 pasteur Braham. Balvin Braham est intervenu \u00e0 l\u2019\u00e9glise Adventiste de Geths\u00e9man\u00e9 et \u00e0 l\u2019\u00e9glise Adventiste de Salem \u00e0 Port-au-Prince o\u00f9 des centaines de personnes remplissent les \u00e9glises tous les soirs.<\/p>\n<p>Le programme permettra aux membres d\u2019\u00e9glise de voir comment les familles, les \u00e9glises, les \u00e9coles et les communaut\u00e9s sont transform\u00e9es par la puissance du Saint Esprit et aussi l\u2019implication des membres d\u2019\u00e9glise, a expliqu\u00e9 pasteur Braham.<\/p>\n<p>Pasteur Ramon Canals de l\u2019Eglise Adventiste mondiale sera l\u2019orateur invit\u00e9 pour le programme de trois heures, qui sera diffus\u00e9 \u00e0 la t\u00e9l\u00e9vision nationale en Ha\u00efti et en ligne sur <a href=\"https:\/\/webcast.interamerica.org\/english\">webcast.interamerica.org<\/a> en fran\u00e7ais, en anglais et en espagnol.<\/p>\n<p>Les principaux dirigeants de l\u2019Eglise Adventiste en Inter Am\u00e9rique participeront \u00e9galement au programme en direct et dirigeront le service au cours duquel des milliers de nouveaux membres seront baptis\u00e9s sur place.<\/p>\n<p>Pour voir la c\u00e9r\u00e9monie de bapt\u00eame de l\u2019Inter Am\u00e9rique en direct depuis Port-au-Prince en Ha\u00efti, le samedi 7 avril 2018, de 10h00 \u00e0 13h00, heure de Miami, visitez le site <a href=\"mailto:https:\/\/webcast.interamerica.org\/english\">webcast.interamerica.org<\/a><\/p>\n<p>Traduction: Patrick Luciathe<\/p>\n","protected":false},"excerpt":{"rendered":"<p>L\u2019Eglise Adventiste du Septi\u00e8me jour en Inter Am\u00e9rique tiendra sa c\u00e9l\u00e9bration baptismale annuelle ce sabbat avec un programme sp\u00e9cial diffus\u00e9 en ligne depuis Port-au-Prince, en Ha\u00efti. Le programme diffus\u00e9 en direct, intitul\u00e9 \u00ab Seigneur Transforme Moi, \u00bb mettra en lumi\u00e8re le point culminant des efforts d\u2019\u00e9vang\u00e9lisation tenus jusqu\u2019ici cette ann\u00e9e par des milliers de pasteurs et de membres d\u2019\u00e9glise actifs dans le pays et dans tout le territoire de la Division Inter Am\u00e9ricaine (DIA).<\/p>\n","protected":false},"author":1,"featured_media":40196,"comment_status":"closed","ping_status":"closed","sticky":false,"template":"","format":"standard","meta":{"_acf_changed":false,"footnotes":""},"categories":[20,19],"tags":[],"class_list":["post-40217","post","type-post","status-publish","format-standard","has-post-thumbnail","hentry","category-nouvelles-du-siege-de-la-division","category-rss-francais"],"acf":[],"yoast_head":"<!-- This site is optimized with the Yoast SEO plugin v27.3 - https:\/\/yoast.com\/product\/yoast-seo-wordpress\/ -->\n<title>L\u2019Inter Am\u00e9rique s\u2019appr\u00eate \u00e0 c\u00e9l\u00e9brer en ligne depuis Ha\u00efti les grands efforts d\u2019\u00e9vang\u00e9lisation - \u00c9glise Adventiste Du Septieme Jour - Inter Am\u00e9rique Division<\/title>\n<meta name=\"robots\" content=\"index, follow, max-snippet:-1, max-image-preview:large, max-video-preview:-1\" \/>\n<link rel=\"canonical\" href=\"https:\/\/interamerica.org\/fr\/2018\/04\/linter-amerique-sapprete-a-celebrer-en-ligne-depuis-haiti-les-grands-efforts-devangelisation\/\" \/>\n<meta property=\"og:locale\" content=\"fr_FR\" \/>\n<meta property=\"og:type\" content=\"article\" \/>\n<meta property=\"og:title\" content=\"L\u2019Inter Am\u00e9rique s\u2019appr\u00eate \u00e0 c\u00e9l\u00e9brer en ligne depuis Ha\u00efti les grands efforts d\u2019\u00e9vang\u00e9lisation - \u00c9glise Adventiste Du Septieme Jour - Inter Am\u00e9rique Division\" \/>\n<meta property=\"og:description\" content=\"L\u2019Eglise Adventiste du Septi\u00e8me jour en Inter Am\u00e9rique tiendra sa c\u00e9l\u00e9bration baptismale annuelle ce sabbat avec un programme sp\u00e9cial diffus\u00e9 en ligne depuis Port-au-Prince, en Ha\u00efti. Le programme diffus\u00e9 en direct, intitul\u00e9 \u00ab Seigneur Transforme Moi, \u00bb mettra en lumi\u00e8re le point culminant des efforts d\u2019\u00e9vang\u00e9lisation tenus jusqu\u2019ici cette ann\u00e9e par des milliers de pasteurs et de membres d\u2019\u00e9glise actifs dans le pays et dans tout le territoire de la Division Inter Am\u00e9ricaine (DIA).\" \/>\n<meta property=\"og:url\" content=\"https:\/\/interamerica.org\/fr\/2018\/04\/linter-amerique-sapprete-a-celebrer-en-ligne-depuis-haiti-les-grands-efforts-devangelisation\/\" \/>\n<meta property=\"og:site_name\" content=\"\u00c9glise Adventiste Du Septieme Jour - Inter Am\u00e9rique Division\" \/>\n<meta property=\"article:published_time\" content=\"2018-04-04T04:00:00+00:00\" \/>\n<meta property=\"article:modified_time\" content=\"2018-05-02T01:37:28+00:00\" \/>\n<meta property=\"og:image\" content=\"https:\/\/interamerica.org\/wp-content\/uploads\/2018\/04\/haiti-ltm-banner.png\" \/>\n\t<meta property=\"og:image:width\" content=\"874\" \/>\n\t<meta property=\"og:image:height\" content=\"716\" \/>\n\t<meta property=\"og:image:type\" content=\"image\/png\" \/>\n<meta name=\"author\" content=\"Lorenzo Verduzco\" \/>\n<meta name=\"twitter:card\" content=\"summary_large_image\" \/>\n<meta name=\"twitter:label1\" content=\"\u00c9crit par\" \/>\n\t<meta name=\"twitter:data1\" content=\"Lorenzo Verduzco\" \/>\n\t<meta name=\"twitter:label2\" content=\"Dur\u00e9e de lecture estim\u00e9e\" \/>\n\t<meta name=\"twitter:data2\" content=\"2 minutes\" \/>\n<script type=\"application\/ld+json\" class=\"yoast-schema-graph\">{\"@context\":\"https:\\\/\\\/schema.org\",\"@graph\":[{\"@type\":\"Article\",\"@id\":\"https:\\\/\\\/interamerica.org\\\/fr\\\/2018\\\/04\\\/linter-amerique-sapprete-a-celebrer-en-ligne-depuis-haiti-les-grands-efforts-devangelisation\\\/#article\",\"isPartOf\":{\"@id\":\"https:\\\/\\\/interamerica.org\\\/fr\\\/2018\\\/04\\\/linter-amerique-sapprete-a-celebrer-en-ligne-depuis-haiti-les-grands-efforts-devangelisation\\\/\"},\"author\":{\"name\":\"Lorenzo Verduzco\",\"@id\":\"https:\\\/\\\/interamerica.org\\\/fr\\\/#\\\/schema\\\/person\\\/68ede8bdc292885bb76c1e3810e73c39\"},\"headline\":\"L\u2019Inter Am\u00e9rique s\u2019appr\u00eate \u00e0 c\u00e9l\u00e9brer en ligne depuis Ha\u00efti les grands efforts d\u2019\u00e9vang\u00e9lisation\",\"datePublished\":\"2018-04-04T04:00:00+00:00\",\"dateModified\":\"2018-05-02T01:37:28+00:00\",\"mainEntityOfPage\":{\"@id\":\"https:\\\/\\\/interamerica.org\\\/fr\\\/2018\\\/04\\\/linter-amerique-sapprete-a-celebrer-en-ligne-depuis-haiti-les-grands-efforts-devangelisation\\\/\"},\"wordCount\":517,\"image\":{\"@id\":\"https:\\\/\\\/interamerica.org\\\/fr\\\/2018\\\/04\\\/linter-amerique-sapprete-a-celebrer-en-ligne-depuis-haiti-les-grands-efforts-devangelisation\\\/#primaryimage\"},\"thumbnailUrl\":\"https:\\\/\\\/interamerica.org\\\/wp-content\\\/uploads\\\/2018\\\/04\\\/haiti-ltm-banner.png\",\"articleSection\":[\"Nouvelles du si\u00e8ge de la division\",\"RSS Fran\u00e7ais\"],\"inLanguage\":\"fr-FR\"},{\"@type\":\"WebPage\",\"@id\":\"https:\\\/\\\/interamerica.org\\\/fr\\\/2018\\\/04\\\/linter-amerique-sapprete-a-celebrer-en-ligne-depuis-haiti-les-grands-efforts-devangelisation\\\/\",\"url\":\"https:\\\/\\\/interamerica.org\\\/fr\\\/2018\\\/04\\\/linter-amerique-sapprete-a-celebrer-en-ligne-depuis-haiti-les-grands-efforts-devangelisation\\\/\",\"name\":\"L\u2019Inter Am\u00e9rique s\u2019appr\u00eate \u00e0 c\u00e9l\u00e9brer en ligne depuis Ha\u00efti les grands efforts d\u2019\u00e9vang\u00e9lisation - \u00c9glise Adventiste Du Septieme Jour - Inter Am\u00e9rique Division\",\"isPartOf\":{\"@id\":\"https:\\\/\\\/interamerica.org\\\/fr\\\/#website\"},\"primaryImageOfPage\":{\"@id\":\"https:\\\/\\\/interamerica.org\\\/fr\\\/2018\\\/04\\\/linter-amerique-sapprete-a-celebrer-en-ligne-depuis-haiti-les-grands-efforts-devangelisation\\\/#primaryimage\"},\"image\":{\"@id\":\"https:\\\/\\\/interamerica.org\\\/fr\\\/2018\\\/04\\\/linter-amerique-sapprete-a-celebrer-en-ligne-depuis-haiti-les-grands-efforts-devangelisation\\\/#primaryimage\"},\"thumbnailUrl\":\"https:\\\/\\\/interamerica.org\\\/wp-content\\\/uploads\\\/2018\\\/04\\\/haiti-ltm-banner.png\",\"datePublished\":\"2018-04-04T04:00:00+00:00\",\"dateModified\":\"2018-05-02T01:37:28+00:00\",\"author\":{\"@id\":\"https:\\\/\\\/interamerica.org\\\/fr\\\/#\\\/schema\\\/person\\\/68ede8bdc292885bb76c1e3810e73c39\"},\"breadcrumb\":{\"@id\":\"https:\\\/\\\/interamerica.org\\\/fr\\\/2018\\\/04\\\/linter-amerique-sapprete-a-celebrer-en-ligne-depuis-haiti-les-grands-efforts-devangelisation\\\/#breadcrumb\"},\"inLanguage\":\"fr-FR\",\"potentialAction\":[{\"@type\":\"ReadAction\",\"target\":[\"https:\\\/\\\/interamerica.org\\\/fr\\\/2018\\\/04\\\/linter-amerique-sapprete-a-celebrer-en-ligne-depuis-haiti-les-grands-efforts-devangelisation\\\/\"]}]},{\"@type\":\"ImageObject\",\"inLanguage\":\"fr-FR\",\"@id\":\"https:\\\/\\\/interamerica.org\\\/fr\\\/2018\\\/04\\\/linter-amerique-sapprete-a-celebrer-en-ligne-depuis-haiti-les-grands-efforts-devangelisation\\\/#primaryimage\",\"url\":\"https:\\\/\\\/interamerica.org\\\/wp-content\\\/uploads\\\/2018\\\/04\\\/haiti-ltm-banner.png\",\"contentUrl\":\"https:\\\/\\\/interamerica.org\\\/wp-content\\\/uploads\\\/2018\\\/04\\\/haiti-ltm-banner.png\",\"width\":874,\"height\":716},{\"@type\":\"BreadcrumbList\",\"@id\":\"https:\\\/\\\/interamerica.org\\\/fr\\\/2018\\\/04\\\/linter-amerique-sapprete-a-celebrer-en-ligne-depuis-haiti-les-grands-efforts-devangelisation\\\/#breadcrumb\",\"itemListElement\":[{\"@type\":\"ListItem\",\"position\":1,\"name\":\"Home\",\"item\":\"https:\\\/\\\/interamerica.org\\\/fr\\\/\"},{\"@type\":\"ListItem\",\"position\":2,\"name\":\"L\u2019Inter Am\u00e9rique s\u2019appr\u00eate \u00e0 c\u00e9l\u00e9brer en ligne depuis Ha\u00efti les grands efforts d\u2019\u00e9vang\u00e9lisation\"}]},{\"@type\":\"WebSite\",\"@id\":\"https:\\\/\\\/interamerica.org\\\/fr\\\/#website\",\"url\":\"https:\\\/\\\/interamerica.org\\\/fr\\\/\",\"name\":\"\u00c9glise Adventiste Du Septieme Jour - Inter Am\u00e9rique Division\",\"description\":\"\",\"potentialAction\":[{\"@type\":\"SearchAction\",\"target\":{\"@type\":\"EntryPoint\",\"urlTemplate\":\"https:\\\/\\\/interamerica.org\\\/fr\\\/?s={search_term_string}\"},\"query-input\":{\"@type\":\"PropertyValueSpecification\",\"valueRequired\":true,\"valueName\":\"search_term_string\"}}],\"inLanguage\":\"fr-FR\"},{\"@type\":\"Person\",\"@id\":\"https:\\\/\\\/interamerica.org\\\/fr\\\/#\\\/schema\\\/person\\\/68ede8bdc292885bb76c1e3810e73c39\",\"name\":\"Lorenzo Verduzco\",\"image\":{\"@type\":\"ImageObject\",\"inLanguage\":\"fr-FR\",\"@id\":\"https:\\\/\\\/secure.gravatar.com\\\/avatar\\\/fb81a55b6218459490a9c1dc841a34909185b81904c5337b4b27f7a6fd60c49e?s=96&d=mm&r=g\",\"url\":\"https:\\\/\\\/secure.gravatar.com\\\/avatar\\\/fb81a55b6218459490a9c1dc841a34909185b81904c5337b4b27f7a6fd60c49e?s=96&d=mm&r=g\",\"contentUrl\":\"https:\\\/\\\/secure.gravatar.com\\\/avatar\\\/fb81a55b6218459490a9c1dc841a34909185b81904c5337b4b27f7a6fd60c49e?s=96&d=mm&r=g\",\"caption\":\"Lorenzo Verduzco\"}}]}<\/script>\n<!-- \/ Yoast SEO plugin. -->","yoast_head_json":{"title":"L\u2019Inter Am\u00e9rique s\u2019appr\u00eate \u00e0 c\u00e9l\u00e9brer en ligne depuis Ha\u00efti les grands efforts d\u2019\u00e9vang\u00e9lisation - \u00c9glise Adventiste Du Septieme Jour - Inter Am\u00e9rique Division","robots":{"index":"index","follow":"follow","max-snippet":"max-snippet:-1","max-image-preview":"max-image-preview:large","max-video-preview":"max-video-preview:-1"},"canonical":"https:\/\/interamerica.org\/fr\/2018\/04\/linter-amerique-sapprete-a-celebrer-en-ligne-depuis-haiti-les-grands-efforts-devangelisation\/","og_locale":"fr_FR","og_type":"article","og_title":"L\u2019Inter Am\u00e9rique s\u2019appr\u00eate \u00e0 c\u00e9l\u00e9brer en ligne depuis Ha\u00efti les grands efforts d\u2019\u00e9vang\u00e9lisation - \u00c9glise Adventiste Du Septieme Jour - Inter Am\u00e9rique Division","og_description":"L\u2019Eglise Adventiste du Septi\u00e8me jour en Inter Am\u00e9rique tiendra sa c\u00e9l\u00e9bration baptismale annuelle ce sabbat avec un programme sp\u00e9cial diffus\u00e9 en ligne depuis Port-au-Prince, en Ha\u00efti. Le programme diffus\u00e9 en direct, intitul\u00e9 \u00ab Seigneur Transforme Moi, \u00bb mettra en lumi\u00e8re le point culminant des efforts d\u2019\u00e9vang\u00e9lisation tenus jusqu\u2019ici cette ann\u00e9e par des milliers de pasteurs et de membres d\u2019\u00e9glise actifs dans le pays et dans tout le territoire de la Division Inter Am\u00e9ricaine (DIA).","og_url":"https:\/\/interamerica.org\/fr\/2018\/04\/linter-amerique-sapprete-a-celebrer-en-ligne-depuis-haiti-les-grands-efforts-devangelisation\/","og_site_name":"\u00c9glise Adventiste Du Septieme Jour - Inter Am\u00e9rique Division","article_published_time":"2018-04-04T04:00:00+00:00","article_modified_time":"2018-05-02T01:37:28+00:00","og_image":[{"width":874,"height":716,"url":"https:\/\/interamerica.org\/wp-content\/uploads\/2018\/04\/haiti-ltm-banner.png","type":"image\/png"}],"author":"Lorenzo Verduzco","twitter_card":"summary_large_image","twitter_misc":{"\u00c9crit par":"Lorenzo Verduzco","Dur\u00e9e de lecture estim\u00e9e":"2 minutes"},"schema":{"@context":"https:\/\/schema.org","@graph":[{"@type":"Article","@id":"https:\/\/interamerica.org\/fr\/2018\/04\/linter-amerique-sapprete-a-celebrer-en-ligne-depuis-haiti-les-grands-efforts-devangelisation\/#article","isPartOf":{"@id":"https:\/\/interamerica.org\/fr\/2018\/04\/linter-amerique-sapprete-a-celebrer-en-ligne-depuis-haiti-les-grands-efforts-devangelisation\/"},"author":{"name":"Lorenzo Verduzco","@id":"https:\/\/interamerica.org\/fr\/#\/schema\/person\/68ede8bdc292885bb76c1e3810e73c39"},"headline":"L\u2019Inter Am\u00e9rique s\u2019appr\u00eate \u00e0 c\u00e9l\u00e9brer en ligne depuis Ha\u00efti les grands efforts d\u2019\u00e9vang\u00e9lisation","datePublished":"2018-04-04T04:00:00+00:00","dateModified":"2018-05-02T01:37:28+00:00","mainEntityOfPage":{"@id":"https:\/\/interamerica.org\/fr\/2018\/04\/linter-amerique-sapprete-a-celebrer-en-ligne-depuis-haiti-les-grands-efforts-devangelisation\/"},"wordCount":517,"image":{"@id":"https:\/\/interamerica.org\/fr\/2018\/04\/linter-amerique-sapprete-a-celebrer-en-ligne-depuis-haiti-les-grands-efforts-devangelisation\/#primaryimage"},"thumbnailUrl":"https:\/\/interamerica.org\/wp-content\/uploads\/2018\/04\/haiti-ltm-banner.png","articleSection":["Nouvelles du si\u00e8ge de la division","RSS Fran\u00e7ais"],"inLanguage":"fr-FR"},{"@type":"WebPage","@id":"https:\/\/interamerica.org\/fr\/2018\/04\/linter-amerique-sapprete-a-celebrer-en-ligne-depuis-haiti-les-grands-efforts-devangelisation\/","url":"https:\/\/interamerica.org\/fr\/2018\/04\/linter-amerique-sapprete-a-celebrer-en-ligne-depuis-haiti-les-grands-efforts-devangelisation\/","name":"L\u2019Inter Am\u00e9rique s\u2019appr\u00eate \u00e0 c\u00e9l\u00e9brer en ligne depuis Ha\u00efti les grands efforts d\u2019\u00e9vang\u00e9lisation - \u00c9glise Adventiste Du Septieme Jour - Inter Am\u00e9rique Division","isPartOf":{"@id":"https:\/\/interamerica.org\/fr\/#website"},"primaryImageOfPage":{"@id":"https:\/\/interamerica.org\/fr\/2018\/04\/linter-amerique-sapprete-a-celebrer-en-ligne-depuis-haiti-les-grands-efforts-devangelisation\/#primaryimage"},"image":{"@id":"https:\/\/interamerica.org\/fr\/2018\/04\/linter-amerique-sapprete-a-celebrer-en-ligne-depuis-haiti-les-grands-efforts-devangelisation\/#primaryimage"},"thumbnailUrl":"https:\/\/interamerica.org\/wp-content\/uploads\/2018\/04\/haiti-ltm-banner.png","datePublished":"2018-04-04T04:00:00+00:00","dateModified":"2018-05-02T01:37:28+00:00","author":{"@id":"https:\/\/interamerica.org\/fr\/#\/schema\/person\/68ede8bdc292885bb76c1e3810e73c39"},"breadcrumb":{"@id":"https:\/\/interamerica.org\/fr\/2018\/04\/linter-amerique-sapprete-a-celebrer-en-ligne-depuis-haiti-les-grands-efforts-devangelisation\/#breadcrumb"},"inLanguage":"fr-FR","potentialAction":[{"@type":"ReadAction","target":["https:\/\/interamerica.org\/fr\/2018\/04\/linter-amerique-sapprete-a-celebrer-en-ligne-depuis-haiti-les-grands-efforts-devangelisation\/"]}]},{"@type":"ImageObject","inLanguage":"fr-FR","@id":"https:\/\/interamerica.org\/fr\/2018\/04\/linter-amerique-sapprete-a-celebrer-en-ligne-depuis-haiti-les-grands-efforts-devangelisation\/#primaryimage","url":"https:\/\/interamerica.org\/wp-content\/uploads\/2018\/04\/haiti-ltm-banner.png","contentUrl":"https:\/\/interamerica.org\/wp-content\/uploads\/2018\/04\/haiti-ltm-banner.png","width":874,"height":716},{"@type":"BreadcrumbList","@id":"https:\/\/interamerica.org\/fr\/2018\/04\/linter-amerique-sapprete-a-celebrer-en-ligne-depuis-haiti-les-grands-efforts-devangelisation\/#breadcrumb","itemListElement":[{"@type":"ListItem","position":1,"name":"Home","item":"https:\/\/interamerica.org\/fr\/"},{"@type":"ListItem","position":2,"name":"L\u2019Inter Am\u00e9rique s\u2019appr\u00eate \u00e0 c\u00e9l\u00e9brer en ligne depuis Ha\u00efti les grands efforts d\u2019\u00e9vang\u00e9lisation"}]},{"@type":"WebSite","@id":"https:\/\/interamerica.org\/fr\/#website","url":"https:\/\/interamerica.org\/fr\/","name":"\u00c9glise Adventiste Du Septieme Jour - Inter Am\u00e9rique Division","description":"","potentialAction":[{"@type":"SearchAction","target":{"@type":"EntryPoint","urlTemplate":"https:\/\/interamerica.org\/fr\/?s={search_term_string}"},"query-input":{"@type":"PropertyValueSpecification","valueRequired":true,"valueName":"search_term_string"}}],"inLanguage":"fr-FR"},{"@type":"Person","@id":"https:\/\/interamerica.org\/fr\/#\/schema\/person\/68ede8bdc292885bb76c1e3810e73c39","name":"Lorenzo Verduzco","image":{"@type":"ImageObject","inLanguage":"fr-FR","@id":"https:\/\/secure.gravatar.com\/avatar\/fb81a55b6218459490a9c1dc841a34909185b81904c5337b4b27f7a6fd60c49e?s=96&d=mm&r=g","url":"https:\/\/secure.gravatar.com\/avatar\/fb81a55b6218459490a9c1dc841a34909185b81904c5337b4b27f7a6fd60c49e?s=96&d=mm&r=g","contentUrl":"https:\/\/secure.gravatar.com\/avatar\/fb81a55b6218459490a9c1dc841a34909185b81904c5337b4b27f7a6fd60c49e?s=96&d=mm&r=g","caption":"Lorenzo Verduzco"}}]}},"_links":{"self":[{"href":"https:\/\/interamerica.org\/fr\/wp-json\/wp\/v2\/posts\/40217","targetHints":{"allow":["GET"]}}],"collection":[{"href":"https:\/\/interamerica.org\/fr\/wp-json\/wp\/v2\/posts"}],"about":[{"href":"https:\/\/interamerica.org\/fr\/wp-json\/wp\/v2\/types\/post"}],"author":[{"embeddable":true,"href":"https:\/\/interamerica.org\/fr\/wp-json\/wp\/v2\/users\/1"}],"replies":[{"embeddable":true,"href":"https:\/\/interamerica.org\/fr\/wp-json\/wp\/v2\/comments?post=40217"}],"version-history":[{"count":0,"href":"https:\/\/interamerica.org\/fr\/wp-json\/wp\/v2\/posts\/40217\/revisions"}],"wp:featuredmedia":[{"embeddable":true,"href":"https:\/\/interamerica.org\/fr\/wp-json\/wp\/v2\/media\/40196"}],"wp:attachment":[{"href":"https:\/\/interamerica.org\/fr\/wp-json\/wp\/v2\/media?parent=40217"}],"wp:term":[{"taxonomy":"category","embeddable":true,"href":"https:\/\/interamerica.org\/fr\/wp-json\/wp\/v2\/categories?post=40217"},{"taxonomy":"post_tag","embeddable":true,"href":"https:\/\/interamerica.org\/fr\/wp-json\/wp\/v2\/tags?post=40217"}],"curies":[{"name":"wp","href":"https:\/\/api.w.org\/{rel}","templated":true}]}}