{"id":40273,"date":"2018-04-10T06:23:45","date_gmt":"2018-04-10T10:23:45","guid":{"rendered":"http:\/\/192.81.217.108\/?p=40273"},"modified":"2018-05-01T21:29:33","modified_gmt":"2018-05-02T01:29:33","slug":"leglise-adventiste-en-jamaique-accueille-favorablement-la-position-qui-protege-les-observateurs-du-sabbat","status":"publish","type":"post","link":"https:\/\/interamerica.org\/fr\/2018\/04\/leglise-adventiste-en-jamaique-accueille-favorablement-la-position-qui-protege-les-observateurs-du-sabbat\/","title":{"rendered":"L\u2019Eglise Adventiste en Jama\u00efque accueille favorablement la position qui prot\u00e8ge les observateurs du sabbat"},"content":{"rendered":"<p>10 avril 2018 | Kingston, Jama\u00efque | Informations Union Jama\u00efcaine \/ DIA<\/p>\n<p>L\u2019Eglise Adventiste du Septi\u00e8me Jour en Jama\u00efque a salu\u00e9 la position prise par le pr\u00e9sident de l\u2019Organisation du Secteur Priv\u00e9 de la Jama\u00efque (PSOJ) la semaine derni\u00e8re \u00e0 Kingston, au sujet des membres de l\u2019Association qui refusent d\u2019employer des Adventistes du Septi\u00e8me Jour. Howard Mitchell, pr\u00e9sident de la PSOJ a d\u00e9clar\u00e9 que des mesures seront prises contre les entreprises membres s\u2019il est av\u00e9r\u00e9 qu\u2019elles refusent des emplois \u00e0 des Adventistes du Septi\u00e8me Jour simplement \u00e0 cause de leur religion.<\/p>\n<p>La remarque de Howard Mitchell est intervenue dans le contexte du Rapport du D\u00e9partement d\u2019Etat Am\u00e9ricain de la Libert\u00e9 Religieuse Internationale, qui a r\u00e9v\u00e9l\u00e9 que les observateurs du sabbat \u00e9prouvaient des difficult\u00e9s \u00e0 obtenir ou \u00e0 garder des emplois.<\/p>\n<div id=\"attachment_40097\" style=\"width: 375px\" class=\"wp-caption alignleft\"><img fetchpriority=\"high\" decoding=\"async\" aria-describedby=\"caption-attachment-40097\" class=\" wp-image-40097\" src=\"http:\/\/192.81.217.108\/interamerica\/wp-content\/uploads\/2018\/04\/jamu-everettbrown-church-300x225.jpg\" alt=\"\" width=\"365\" height=\"274\" srcset=\"https:\/\/interamerica.org\/wp-content\/uploads\/2018\/04\/jamu-everettbrown-church-300x225.jpg 300w, https:\/\/interamerica.org\/wp-content\/uploads\/2018\/04\/jamu-everettbrown-church-768x576.jpg 768w, https:\/\/interamerica.org\/wp-content\/uploads\/2018\/04\/jamu-everettbrown-church.jpg 1024w\" sizes=\"(max-width: 365px) 100vw, 365px\" \/><p id=\"caption-attachment-40097\" class=\"wp-caption-text\">Pasteur Everette Brown, pr\u00e9sident de l\u2019Eglise Adventiste en Jama\u00efque pr\u00eache lors d\u2019un service de culte dans une \u00e9glise Adventiste bond\u00e9e. Une personne sur 12 est Adventiste en Jama\u00efque. Image de Nigel Coke\/photo d\u2019archives<\/p><\/div>\n<p>\u00ab\u00a0Nous saluons de tout c\u0153ur cette initiative du pr\u00e9sident de la PSOJ, qui a mis du temps mais qui tombe vraiment \u00e0 point nomm\u00e9,\u00a0\u00bb a d\u00e9clar\u00e9 Nigel Coke, charg\u00e9 des Affaires Publiques et de la Libert\u00e9 Religieuse pour l\u2019Eglise Adventiste en Jama\u00efque. \u00ab\u00a0Bien que certains de nos membres soient affect\u00e9s maintenant et l\u2019aient \u00e9t\u00e9 dans le pass\u00e9, nous croyons qu\u2019il est temps de traiter la question de mani\u00e8re amiable et d\u2019aller de l\u2019avant,\u00a0\u00bb a d\u00e9clar\u00e9 Nigel Coke.<\/p>\n<p>Nigel Coke estime que c\u2019est l\u00e0 une bonne occasion d\u2019\u00e9duquer les membres de la PSOJ sur la constitution et sur ce qu\u2019elle requiert. \u00ab\u00a0Nous sommes pr\u00eats \u00e0 rencontrer les membres de l\u2019association pour discuter de certaines questions et de la fa\u00e7on dont elles peuvent \u00eatre trait\u00e9es pour que tout le monde puisse y gagner.\u00a0\u00bb<\/p>\n<p>Une personne sur 12 est Adventiste en Jama\u00efque, mais la d\u00e9cision peut affecter beaucoup plus que les 307000 membres d\u2019\u00e9glise sur l\u2019\u00eele.<\/p>\n<p>\u00ab\u00a0Je suis vraiment encourag\u00e9e par la position prise par le pr\u00e9sident de la PSOJ de ne pas soutenir les membres de son organisation qui violent les droits constitutionnels des travailleurs qui leur permettent de pratiquer le culte le jour de leur choix,\u00a0\u00bb a d\u00e9clar\u00e9 pasteur Everett Brown, pr\u00e9sident de l\u2019Eglise Adventiste du Septi\u00e8me Jour en Jama\u00efque. \u00ab\u00a0Nous encourageons les autres dirigeants des secteurs priv\u00e9 et public \u00e0 soutenir notre plaidoyer pour pr\u00e9server les droits de tous les travailleurs et \u00e9tudiants \u00e0 adorer le jour qu\u2019ils choisissent comme pr\u00e9vu par la constitution de la Jama\u00efque.\u00a0\u00bb<\/p>\n<p>Pasteur Brown a d\u00e9clar\u00e9 que l\u2019Eglise Adventiste continuera \u00e0 se battre et \u00e0 \u00eatre une voix pour les membres d\u2019\u00e9glise et les autres croyants dont le droit de culte le jour o\u00f9 ils ont choisi a \u00e9t\u00e9 viol\u00e9. \u00ab\u00a0Nous continuerons \u00e0 travailler avec toutes les parties prenantes pour nous assurer que nous \u00e9liminions la discrimination sur le lieu de travail et dans notre syst\u00e8me \u00e9ducatif par rapport \u00e0 la religion.\u00a0\u00bb<\/p>\n<p>Selon un journal jama\u00efcain, l\u2019un des plus gros probl\u00e8mes est que certains superviseurs payent des employ\u00e9s plus cher pour travailler le samedi, ce qui peut donner l\u2019impression que l\u2019argent peut \u00eatre utilis\u00e9 pour inciter les travailleurs \u00e0 travailler le jour du sabbat.<\/p>\n<div id=\"attachment_40100\" style=\"width: 375px\" class=\"wp-caption alignright\"><img decoding=\"async\" aria-describedby=\"caption-attachment-40100\" class=\" wp-image-40100\" src=\"http:\/\/192.81.217.108\/interamerica\/wp-content\/uploads\/2018\/04\/nigelcoke-jamu-300x225.jpg\" alt=\"\" width=\"365\" height=\"274\" srcset=\"https:\/\/interamerica.org\/wp-content\/uploads\/2018\/04\/nigelcoke-jamu-300x225.jpg 300w, https:\/\/interamerica.org\/wp-content\/uploads\/2018\/04\/nigelcoke-jamu-768x576.jpg 768w, https:\/\/interamerica.org\/wp-content\/uploads\/2018\/04\/nigelcoke-jamu.jpg 1024w\" sizes=\"(max-width: 365px) 100vw, 365px\" \/><p id=\"caption-attachment-40100\" class=\"wp-caption-text\">Nigel Coke, directeur des Affaires Publiques et de la Libert\u00e9 Religieuse en Jama\u00efque a d\u00e9clar\u00e9 que la d\u00e9cision de la PSOJ s\u2019est fait beaucoup attendre, et que le moment \u00e9tait arriv\u00e9 d\u2019avoir cette position. Image de l\u2019Union Jama\u00efcaine<\/p><\/div>\n<p>\u00ab C\u2019est une violation de la garantie donn\u00e9e par la constitution selon laquelle il ne devrait y avoir aucune discrimination sur la base de la religion, des croyances, des pratiques ou de l\u2019observation d\u2019un jour de repos,\u00a0\u00bb a d\u00e9clar\u00e9 l\u2019avocat Wendell Wilkins. En cons\u00e9quence, le jour de culte d\u2019un citoyen doit \u00eatre respect\u00e9, c\u2019est un droit, a-t-il ajout\u00e9.<\/p>\n<p>Wendell Wilkins a ajout\u00e9 que la Jama\u00efque est signataire de nombreux accords internationaux qui stipulent qu\u2019il ne doit y avoir aucune discrimination sur la base de la religion. \u00ab\u00a0Ce droit constitutionnel est effectif que l&rsquo;entit\u00e9 en question soit priv\u00e9e ou publique, par cons\u00e9quent, sur le lieu de travail personne ne devrait \u00eatre l\u2019objet de discrimination pour des raisons religieuses, que leur jour de culte soit le samedi, le dimanche ou tout autre jour, lorsqu\u2019ils sont \u00e0 la recherche d\u2019un emploi ou sont d\u00e9j\u00e0 employ\u00e9s.\u00a0\u00bb<\/p>\n<p>\u00ab\u00a0La loi contre la discrimination pour des raisons religieuses s\u2019applique \u00e9galement aux \u00e9tablissements d\u2019enseignement publics et priv\u00e9s.\u00a0\u00bb<\/p>\n<p>R\u00e9agissant au rapport du D\u00e9partement d\u2019Etat Am\u00e9ricain, Nigel Coke a d\u00e9crit la situation comme \u00e9tant regrettable.<\/p>\n<p>\u00ab\u00a0C\u2019est malheureux, quel que soit le pays ou l\u2019organisation, qu\u2019on ne reconnaisse pas le droit des individus \u00e0 des pratiques religieuses selon leur conscience, qui est un don de Dieu. C\u2019est un droit fondamental pour tout homme depuis la cr\u00e9ation,\u00a0\u00bb a d\u00e9clar\u00e9 Nigel Coke.<\/p>\n<p>Nigel Coke a fait remarquer que la discrimination transcende \u00e9galement le lieu de travail pour se retrouver dans les institutions tertiaires, o\u00f9 les cours et les examens sont fix\u00e9s pendant les heures que les Adventistes du Septi\u00e8me Jour r\u00e9servent \u00e0 leur sabbat.<\/p>\n<p>\u00ab\u00a0Nous avons besoin d\u2019entendre la r\u00e9action du secteur de l\u2019\u00e9ducation parce que beaucoup d\u2019\u00e9tudiants observant le sabbat sont maintenant inquiets parce que leurs prochains examens se d\u00e9roulent pendant les heures de sabbat du coucher du soleil le vendredi soir au coucher du soleil le samedi,\u00a0\u00bb a soulign\u00e9 Nigel Coke.<\/p>\n<p>L\u2019\u00c9glise Adventiste du Septi\u00e8me Jour en Jama\u00efque compte plus de 307000 membres d\u2019\u00e9glise qui se r\u00e9unissent pour adorer dans 738 \u00e9glises et groupes. L\u2019Eglise supervise 29 \u00e9coles primaires et secondaires, une universit\u00e9 et un h\u00f4pital.<\/p>\n<p>Pour en savoir plus sur l\u2019Eglise Adventiste en Jama\u00efque, visitez le site <a href=\"mailto:https:\/\/jmunion.org\/\">jmunion.org<\/a><\/p>\n<p>&nbsp;<\/p>\n<p>Traduction: Patrick Luciathe<\/p>\n","protected":false},"excerpt":{"rendered":"<p>10 avril 2018 | Kingston, Jama\u00efque | Informations Union Jama\u00efcaine \/ DIA L\u2019Eglise Adventiste du Septi\u00e8me Jour en Jama\u00efque a salu\u00e9 la position prise par le pr\u00e9sident de l\u2019Organisation du&#8230;<\/p>\n","protected":false},"author":3,"featured_media":40095,"comment_status":"open","ping_status":"closed","sticky":false,"template":"","format":"standard","meta":{"_acf_changed":false,"footnotes":""},"categories":[21,19],"tags":[],"class_list":["post-40273","post","type-post","status-publish","format-standard","has-post-thumbnail","hentry","category-nouvelles-du-territoire","category-rss-francais"],"acf":[],"yoast_head":"<!-- This site is optimized with the Yoast SEO plugin v27.3 - https:\/\/yoast.com\/product\/yoast-seo-wordpress\/ -->\n<title>L\u2019Eglise Adventiste en Jama\u00efque accueille favorablement la position qui prot\u00e8ge les observateurs du sabbat - \u00c9glise Adventiste Du Septieme Jour - Inter Am\u00e9rique Division<\/title>\n<meta name=\"robots\" content=\"index, follow, max-snippet:-1, max-image-preview:large, max-video-preview:-1\" \/>\n<link rel=\"canonical\" href=\"https:\/\/interamerica.org\/fr\/2018\/04\/leglise-adventiste-en-jamaique-accueille-favorablement-la-position-qui-protege-les-observateurs-du-sabbat\/\" \/>\n<meta property=\"og:locale\" content=\"fr_FR\" \/>\n<meta property=\"og:type\" content=\"article\" \/>\n<meta property=\"og:title\" content=\"L\u2019Eglise Adventiste en Jama\u00efque accueille favorablement la position qui prot\u00e8ge les observateurs du sabbat - \u00c9glise Adventiste Du Septieme Jour - Inter Am\u00e9rique Division\" \/>\n<meta property=\"og:description\" content=\"10 avril 2018 | Kingston, Jama\u00efque | Informations Union Jama\u00efcaine \/ DIA L\u2019Eglise Adventiste du Septi\u00e8me Jour en Jama\u00efque a salu\u00e9 la position prise par le pr\u00e9sident de l\u2019Organisation du...\" \/>\n<meta property=\"og:url\" content=\"https:\/\/interamerica.org\/fr\/2018\/04\/leglise-adventiste-en-jamaique-accueille-favorablement-la-position-qui-protege-les-observateurs-du-sabbat\/\" \/>\n<meta property=\"og:site_name\" content=\"\u00c9glise Adventiste Du Septieme Jour - Inter Am\u00e9rique Division\" \/>\n<meta property=\"article:published_time\" content=\"2018-04-10T10:23:45+00:00\" \/>\n<meta property=\"article:modified_time\" content=\"2018-05-02T01:29:33+00:00\" \/>\n<meta property=\"og:image\" content=\"https:\/\/interamerica.org\/wp-content\/uploads\/2018\/04\/jamu-building-1280.jpg\" \/>\n\t<meta property=\"og:image:width\" content=\"1280\" \/>\n\t<meta property=\"og:image:height\" content=\"800\" \/>\n\t<meta property=\"og:image:type\" content=\"image\/jpeg\" \/>\n<meta name=\"author\" content=\"libna\" \/>\n<meta name=\"twitter:card\" content=\"summary_large_image\" \/>\n<meta name=\"twitter:label1\" content=\"\u00c9crit par\" \/>\n\t<meta name=\"twitter:data1\" content=\"libna\" \/>\n\t<meta name=\"twitter:label2\" content=\"Dur\u00e9e de lecture estim\u00e9e\" \/>\n\t<meta name=\"twitter:data2\" content=\"5 minutes\" \/>\n<script type=\"application\/ld+json\" class=\"yoast-schema-graph\">{\"@context\":\"https:\\\/\\\/schema.org\",\"@graph\":[{\"@type\":\"Article\",\"@id\":\"https:\\\/\\\/interamerica.org\\\/fr\\\/2018\\\/04\\\/leglise-adventiste-en-jamaique-accueille-favorablement-la-position-qui-protege-les-observateurs-du-sabbat\\\/#article\",\"isPartOf\":{\"@id\":\"https:\\\/\\\/interamerica.org\\\/fr\\\/2018\\\/04\\\/leglise-adventiste-en-jamaique-accueille-favorablement-la-position-qui-protege-les-observateurs-du-sabbat\\\/\"},\"author\":{\"name\":\"libna\",\"@id\":\"https:\\\/\\\/interamerica.org\\\/fr\\\/#\\\/schema\\\/person\\\/29998f2bc2d8bd0d38662909289b54f1\"},\"headline\":\"L\u2019Eglise Adventiste en Jama\u00efque accueille favorablement la position qui prot\u00e8ge les observateurs du sabbat\",\"datePublished\":\"2018-04-10T10:23:45+00:00\",\"dateModified\":\"2018-05-02T01:29:33+00:00\",\"mainEntityOfPage\":{\"@id\":\"https:\\\/\\\/interamerica.org\\\/fr\\\/2018\\\/04\\\/leglise-adventiste-en-jamaique-accueille-favorablement-la-position-qui-protege-les-observateurs-du-sabbat\\\/\"},\"wordCount\":1059,\"commentCount\":0,\"image\":{\"@id\":\"https:\\\/\\\/interamerica.org\\\/fr\\\/2018\\\/04\\\/leglise-adventiste-en-jamaique-accueille-favorablement-la-position-qui-protege-les-observateurs-du-sabbat\\\/#primaryimage\"},\"thumbnailUrl\":\"https:\\\/\\\/interamerica.org\\\/wp-content\\\/uploads\\\/2018\\\/04\\\/jamu-building-1280.jpg\",\"articleSection\":[\"Nouvelles du territoire\",\"RSS Fran\u00e7ais\"],\"inLanguage\":\"fr-FR\",\"potentialAction\":[{\"@type\":\"CommentAction\",\"name\":\"Comment\",\"target\":[\"https:\\\/\\\/interamerica.org\\\/fr\\\/2018\\\/04\\\/leglise-adventiste-en-jamaique-accueille-favorablement-la-position-qui-protege-les-observateurs-du-sabbat\\\/#respond\"]}]},{\"@type\":\"WebPage\",\"@id\":\"https:\\\/\\\/interamerica.org\\\/fr\\\/2018\\\/04\\\/leglise-adventiste-en-jamaique-accueille-favorablement-la-position-qui-protege-les-observateurs-du-sabbat\\\/\",\"url\":\"https:\\\/\\\/interamerica.org\\\/fr\\\/2018\\\/04\\\/leglise-adventiste-en-jamaique-accueille-favorablement-la-position-qui-protege-les-observateurs-du-sabbat\\\/\",\"name\":\"L\u2019Eglise Adventiste en Jama\u00efque accueille favorablement la position qui prot\u00e8ge les observateurs du sabbat - \u00c9glise Adventiste Du Septieme Jour - Inter Am\u00e9rique Division\",\"isPartOf\":{\"@id\":\"https:\\\/\\\/interamerica.org\\\/fr\\\/#website\"},\"primaryImageOfPage\":{\"@id\":\"https:\\\/\\\/interamerica.org\\\/fr\\\/2018\\\/04\\\/leglise-adventiste-en-jamaique-accueille-favorablement-la-position-qui-protege-les-observateurs-du-sabbat\\\/#primaryimage\"},\"image\":{\"@id\":\"https:\\\/\\\/interamerica.org\\\/fr\\\/2018\\\/04\\\/leglise-adventiste-en-jamaique-accueille-favorablement-la-position-qui-protege-les-observateurs-du-sabbat\\\/#primaryimage\"},\"thumbnailUrl\":\"https:\\\/\\\/interamerica.org\\\/wp-content\\\/uploads\\\/2018\\\/04\\\/jamu-building-1280.jpg\",\"datePublished\":\"2018-04-10T10:23:45+00:00\",\"dateModified\":\"2018-05-02T01:29:33+00:00\",\"author\":{\"@id\":\"https:\\\/\\\/interamerica.org\\\/fr\\\/#\\\/schema\\\/person\\\/29998f2bc2d8bd0d38662909289b54f1\"},\"breadcrumb\":{\"@id\":\"https:\\\/\\\/interamerica.org\\\/fr\\\/2018\\\/04\\\/leglise-adventiste-en-jamaique-accueille-favorablement-la-position-qui-protege-les-observateurs-du-sabbat\\\/#breadcrumb\"},\"inLanguage\":\"fr-FR\",\"potentialAction\":[{\"@type\":\"ReadAction\",\"target\":[\"https:\\\/\\\/interamerica.org\\\/fr\\\/2018\\\/04\\\/leglise-adventiste-en-jamaique-accueille-favorablement-la-position-qui-protege-les-observateurs-du-sabbat\\\/\"]}]},{\"@type\":\"ImageObject\",\"inLanguage\":\"fr-FR\",\"@id\":\"https:\\\/\\\/interamerica.org\\\/fr\\\/2018\\\/04\\\/leglise-adventiste-en-jamaique-accueille-favorablement-la-position-qui-protege-les-observateurs-du-sabbat\\\/#primaryimage\",\"url\":\"https:\\\/\\\/interamerica.org\\\/wp-content\\\/uploads\\\/2018\\\/04\\\/jamu-building-1280.jpg\",\"contentUrl\":\"https:\\\/\\\/interamerica.org\\\/wp-content\\\/uploads\\\/2018\\\/04\\\/jamu-building-1280.jpg\",\"width\":1280,\"height\":800},{\"@type\":\"BreadcrumbList\",\"@id\":\"https:\\\/\\\/interamerica.org\\\/fr\\\/2018\\\/04\\\/leglise-adventiste-en-jamaique-accueille-favorablement-la-position-qui-protege-les-observateurs-du-sabbat\\\/#breadcrumb\",\"itemListElement\":[{\"@type\":\"ListItem\",\"position\":1,\"name\":\"Home\",\"item\":\"https:\\\/\\\/interamerica.org\\\/fr\\\/\"},{\"@type\":\"ListItem\",\"position\":2,\"name\":\"L\u2019Eglise Adventiste en Jama\u00efque accueille favorablement la position qui prot\u00e8ge les observateurs du sabbat\"}]},{\"@type\":\"WebSite\",\"@id\":\"https:\\\/\\\/interamerica.org\\\/fr\\\/#website\",\"url\":\"https:\\\/\\\/interamerica.org\\\/fr\\\/\",\"name\":\"\u00c9glise Adventiste Du Septieme Jour - Inter Am\u00e9rique Division\",\"description\":\"\",\"potentialAction\":[{\"@type\":\"SearchAction\",\"target\":{\"@type\":\"EntryPoint\",\"urlTemplate\":\"https:\\\/\\\/interamerica.org\\\/fr\\\/?s={search_term_string}\"},\"query-input\":{\"@type\":\"PropertyValueSpecification\",\"valueRequired\":true,\"valueName\":\"search_term_string\"}}],\"inLanguage\":\"fr-FR\"},{\"@type\":\"Person\",\"@id\":\"https:\\\/\\\/interamerica.org\\\/fr\\\/#\\\/schema\\\/person\\\/29998f2bc2d8bd0d38662909289b54f1\",\"name\":\"libna\",\"image\":{\"@type\":\"ImageObject\",\"inLanguage\":\"fr-FR\",\"@id\":\"https:\\\/\\\/secure.gravatar.com\\\/avatar\\\/7c5bd30ae4b47a9ba3c856590957fd1d96dc588bf3ac05719d247e126840331f?s=96&d=mm&r=g\",\"url\":\"https:\\\/\\\/secure.gravatar.com\\\/avatar\\\/7c5bd30ae4b47a9ba3c856590957fd1d96dc588bf3ac05719d247e126840331f?s=96&d=mm&r=g\",\"contentUrl\":\"https:\\\/\\\/secure.gravatar.com\\\/avatar\\\/7c5bd30ae4b47a9ba3c856590957fd1d96dc588bf3ac05719d247e126840331f?s=96&d=mm&r=g\",\"caption\":\"libna\"}}]}<\/script>\n<!-- \/ Yoast SEO plugin. -->","yoast_head_json":{"title":"L\u2019Eglise Adventiste en Jama\u00efque accueille favorablement la position qui prot\u00e8ge les observateurs du sabbat - \u00c9glise Adventiste Du Septieme Jour - Inter Am\u00e9rique Division","robots":{"index":"index","follow":"follow","max-snippet":"max-snippet:-1","max-image-preview":"max-image-preview:large","max-video-preview":"max-video-preview:-1"},"canonical":"https:\/\/interamerica.org\/fr\/2018\/04\/leglise-adventiste-en-jamaique-accueille-favorablement-la-position-qui-protege-les-observateurs-du-sabbat\/","og_locale":"fr_FR","og_type":"article","og_title":"L\u2019Eglise Adventiste en Jama\u00efque accueille favorablement la position qui prot\u00e8ge les observateurs du sabbat - \u00c9glise Adventiste Du Septieme Jour - Inter Am\u00e9rique Division","og_description":"10 avril 2018 | Kingston, Jama\u00efque | Informations Union Jama\u00efcaine \/ DIA L\u2019Eglise Adventiste du Septi\u00e8me Jour en Jama\u00efque a salu\u00e9 la position prise par le pr\u00e9sident de l\u2019Organisation du...","og_url":"https:\/\/interamerica.org\/fr\/2018\/04\/leglise-adventiste-en-jamaique-accueille-favorablement-la-position-qui-protege-les-observateurs-du-sabbat\/","og_site_name":"\u00c9glise Adventiste Du Septieme Jour - Inter Am\u00e9rique Division","article_published_time":"2018-04-10T10:23:45+00:00","article_modified_time":"2018-05-02T01:29:33+00:00","og_image":[{"width":1280,"height":800,"url":"https:\/\/interamerica.org\/wp-content\/uploads\/2018\/04\/jamu-building-1280.jpg","type":"image\/jpeg"}],"author":"libna","twitter_card":"summary_large_image","twitter_misc":{"\u00c9crit par":"libna","Dur\u00e9e de lecture estim\u00e9e":"5 minutes"},"schema":{"@context":"https:\/\/schema.org","@graph":[{"@type":"Article","@id":"https:\/\/interamerica.org\/fr\/2018\/04\/leglise-adventiste-en-jamaique-accueille-favorablement-la-position-qui-protege-les-observateurs-du-sabbat\/#article","isPartOf":{"@id":"https:\/\/interamerica.org\/fr\/2018\/04\/leglise-adventiste-en-jamaique-accueille-favorablement-la-position-qui-protege-les-observateurs-du-sabbat\/"},"author":{"name":"libna","@id":"https:\/\/interamerica.org\/fr\/#\/schema\/person\/29998f2bc2d8bd0d38662909289b54f1"},"headline":"L\u2019Eglise Adventiste en Jama\u00efque accueille favorablement la position qui prot\u00e8ge les observateurs du sabbat","datePublished":"2018-04-10T10:23:45+00:00","dateModified":"2018-05-02T01:29:33+00:00","mainEntityOfPage":{"@id":"https:\/\/interamerica.org\/fr\/2018\/04\/leglise-adventiste-en-jamaique-accueille-favorablement-la-position-qui-protege-les-observateurs-du-sabbat\/"},"wordCount":1059,"commentCount":0,"image":{"@id":"https:\/\/interamerica.org\/fr\/2018\/04\/leglise-adventiste-en-jamaique-accueille-favorablement-la-position-qui-protege-les-observateurs-du-sabbat\/#primaryimage"},"thumbnailUrl":"https:\/\/interamerica.org\/wp-content\/uploads\/2018\/04\/jamu-building-1280.jpg","articleSection":["Nouvelles du territoire","RSS Fran\u00e7ais"],"inLanguage":"fr-FR","potentialAction":[{"@type":"CommentAction","name":"Comment","target":["https:\/\/interamerica.org\/fr\/2018\/04\/leglise-adventiste-en-jamaique-accueille-favorablement-la-position-qui-protege-les-observateurs-du-sabbat\/#respond"]}]},{"@type":"WebPage","@id":"https:\/\/interamerica.org\/fr\/2018\/04\/leglise-adventiste-en-jamaique-accueille-favorablement-la-position-qui-protege-les-observateurs-du-sabbat\/","url":"https:\/\/interamerica.org\/fr\/2018\/04\/leglise-adventiste-en-jamaique-accueille-favorablement-la-position-qui-protege-les-observateurs-du-sabbat\/","name":"L\u2019Eglise Adventiste en Jama\u00efque accueille favorablement la position qui prot\u00e8ge les observateurs du sabbat - \u00c9glise Adventiste Du Septieme Jour - Inter Am\u00e9rique Division","isPartOf":{"@id":"https:\/\/interamerica.org\/fr\/#website"},"primaryImageOfPage":{"@id":"https:\/\/interamerica.org\/fr\/2018\/04\/leglise-adventiste-en-jamaique-accueille-favorablement-la-position-qui-protege-les-observateurs-du-sabbat\/#primaryimage"},"image":{"@id":"https:\/\/interamerica.org\/fr\/2018\/04\/leglise-adventiste-en-jamaique-accueille-favorablement-la-position-qui-protege-les-observateurs-du-sabbat\/#primaryimage"},"thumbnailUrl":"https:\/\/interamerica.org\/wp-content\/uploads\/2018\/04\/jamu-building-1280.jpg","datePublished":"2018-04-10T10:23:45+00:00","dateModified":"2018-05-02T01:29:33+00:00","author":{"@id":"https:\/\/interamerica.org\/fr\/#\/schema\/person\/29998f2bc2d8bd0d38662909289b54f1"},"breadcrumb":{"@id":"https:\/\/interamerica.org\/fr\/2018\/04\/leglise-adventiste-en-jamaique-accueille-favorablement-la-position-qui-protege-les-observateurs-du-sabbat\/#breadcrumb"},"inLanguage":"fr-FR","potentialAction":[{"@type":"ReadAction","target":["https:\/\/interamerica.org\/fr\/2018\/04\/leglise-adventiste-en-jamaique-accueille-favorablement-la-position-qui-protege-les-observateurs-du-sabbat\/"]}]},{"@type":"ImageObject","inLanguage":"fr-FR","@id":"https:\/\/interamerica.org\/fr\/2018\/04\/leglise-adventiste-en-jamaique-accueille-favorablement-la-position-qui-protege-les-observateurs-du-sabbat\/#primaryimage","url":"https:\/\/interamerica.org\/wp-content\/uploads\/2018\/04\/jamu-building-1280.jpg","contentUrl":"https:\/\/interamerica.org\/wp-content\/uploads\/2018\/04\/jamu-building-1280.jpg","width":1280,"height":800},{"@type":"BreadcrumbList","@id":"https:\/\/interamerica.org\/fr\/2018\/04\/leglise-adventiste-en-jamaique-accueille-favorablement-la-position-qui-protege-les-observateurs-du-sabbat\/#breadcrumb","itemListElement":[{"@type":"ListItem","position":1,"name":"Home","item":"https:\/\/interamerica.org\/fr\/"},{"@type":"ListItem","position":2,"name":"L\u2019Eglise Adventiste en Jama\u00efque accueille favorablement la position qui prot\u00e8ge les observateurs du sabbat"}]},{"@type":"WebSite","@id":"https:\/\/interamerica.org\/fr\/#website","url":"https:\/\/interamerica.org\/fr\/","name":"\u00c9glise Adventiste Du Septieme Jour - Inter Am\u00e9rique Division","description":"","potentialAction":[{"@type":"SearchAction","target":{"@type":"EntryPoint","urlTemplate":"https:\/\/interamerica.org\/fr\/?s={search_term_string}"},"query-input":{"@type":"PropertyValueSpecification","valueRequired":true,"valueName":"search_term_string"}}],"inLanguage":"fr-FR"},{"@type":"Person","@id":"https:\/\/interamerica.org\/fr\/#\/schema\/person\/29998f2bc2d8bd0d38662909289b54f1","name":"libna","image":{"@type":"ImageObject","inLanguage":"fr-FR","@id":"https:\/\/secure.gravatar.com\/avatar\/7c5bd30ae4b47a9ba3c856590957fd1d96dc588bf3ac05719d247e126840331f?s=96&d=mm&r=g","url":"https:\/\/secure.gravatar.com\/avatar\/7c5bd30ae4b47a9ba3c856590957fd1d96dc588bf3ac05719d247e126840331f?s=96&d=mm&r=g","contentUrl":"https:\/\/secure.gravatar.com\/avatar\/7c5bd30ae4b47a9ba3c856590957fd1d96dc588bf3ac05719d247e126840331f?s=96&d=mm&r=g","caption":"libna"}}]}},"_links":{"self":[{"href":"https:\/\/interamerica.org\/fr\/wp-json\/wp\/v2\/posts\/40273","targetHints":{"allow":["GET"]}}],"collection":[{"href":"https:\/\/interamerica.org\/fr\/wp-json\/wp\/v2\/posts"}],"about":[{"href":"https:\/\/interamerica.org\/fr\/wp-json\/wp\/v2\/types\/post"}],"author":[{"embeddable":true,"href":"https:\/\/interamerica.org\/fr\/wp-json\/wp\/v2\/users\/3"}],"replies":[{"embeddable":true,"href":"https:\/\/interamerica.org\/fr\/wp-json\/wp\/v2\/comments?post=40273"}],"version-history":[{"count":0,"href":"https:\/\/interamerica.org\/fr\/wp-json\/wp\/v2\/posts\/40273\/revisions"}],"wp:featuredmedia":[{"embeddable":true,"href":"https:\/\/interamerica.org\/fr\/wp-json\/wp\/v2\/media\/40095"}],"wp:attachment":[{"href":"https:\/\/interamerica.org\/fr\/wp-json\/wp\/v2\/media?parent=40273"}],"wp:term":[{"taxonomy":"category","embeddable":true,"href":"https:\/\/interamerica.org\/fr\/wp-json\/wp\/v2\/categories?post=40273"},{"taxonomy":"post_tag","embeddable":true,"href":"https:\/\/interamerica.org\/fr\/wp-json\/wp\/v2\/tags?post=40273"}],"curies":[{"name":"wp","href":"https:\/\/api.w.org\/{rel}","templated":true}]}}