{"id":40276,"date":"2018-04-10T05:42:43","date_gmt":"2018-04-10T09:42:43","guid":{"rendered":"http:\/\/192.81.217.108\/?p=40276"},"modified":"2018-05-02T17:04:35","modified_gmt":"2018-05-02T21:04:35","slug":"in-haiti-thousands-join-the-adventist-church-after-massive-evangelism-efforts","status":"publish","type":"post","link":"https:\/\/interamerica.org\/fr\/2018\/04\/in-haiti-thousands-join-the-adventist-church-after-massive-evangelism-efforts\/","title":{"rendered":"En Ha\u00efti, des milliers de personnes se joignent \u00e0 l\u2019Eglise Adventiste apr\u00e8s de grands efforts d\u2019\u00e9vang\u00e9lisation"},"content":{"rendered":"<div id=\"attachment_40062\" style=\"width: 775px\" class=\"wp-caption aligncenter\"><img fetchpriority=\"high\" decoding=\"async\" aria-describedby=\"caption-attachment-40062\" class=\" wp-image-40062\" src=\"http:\/\/192.81.217.108\/interamerica\/wp-content\/uploads\/2018\/04\/haiti-ltm-candidates-seated-300x225.jpg\" alt=\"\" width=\"765\" height=\"574\" srcset=\"https:\/\/interamerica.org\/wp-content\/uploads\/2018\/04\/haiti-ltm-candidates-seated-300x225.jpg 300w, https:\/\/interamerica.org\/wp-content\/uploads\/2018\/04\/haiti-ltm-candidates-seated-768x576.jpg 768w, https:\/\/interamerica.org\/wp-content\/uploads\/2018\/04\/haiti-ltm-candidates-seated.jpg 1024w\" sizes=\"(max-width: 765px) 100vw, 765px\" \/><p id=\"caption-attachment-40062\" class=\"wp-caption-text\">Un groupe de nouveaux membres assis pr\u00e8s d\u2019une des piscines avant d\u2019\u00eatre baptis\u00e9s lors de la c\u00e9l\u00e9bration baptismale annuelle qui s\u2019est d\u00e9roul\u00e9e au Stade Sylvio Cator \u00e0 Port-au-Prince en Ha\u00efti le 7 avril 2018. Quelque 2050 personnes ont \u00e9t\u00e9 baptis\u00e9es dans le stade alors des milliers d\u2019autres se sont jointes \u00e0 l\u2019\u00e9glise dans des centaines d\u2019\u00e9glise \u00e0 travers le pays. Image de Libna Stevens\/DIA<\/p><\/div>\n<p>10 avril 2018 | Port-au-Prince, Ha\u00efti | Libna Stevens \/ DIA<\/p>\n<p>L\u2019\u00c9glise Adventiste du Septi\u00e8me Jour a accueilli des milliers de nouveaux membres lors d\u2019une grande c\u00e9r\u00e9monie baptismale qui s\u2019est d\u00e9roul\u00e9e le weekend dernier au stade Sylvio Cator \u00e0 Port-au-Prince, en Ha\u00efti. Plus de 15000 personnes \u00e9taient pr\u00e9sentes pour adorer, t\u00e9moigner et c\u00e9l\u00e9brer le point culminant des efforts d\u2019\u00e9vang\u00e9lisation intenses d\u00e9ploy\u00e9s dans toute la capitale et le reste du pays.<\/p>\n<div id=\"attachment_40082\" style=\"width: 375px\" class=\"wp-caption alignleft\"><img decoding=\"async\" aria-describedby=\"caption-attachment-40082\" class=\" wp-image-40082\" src=\"http:\/\/192.81.217.108\/interamerica\/wp-content\/uploads\/2018\/04\/haiti-ltm-baptisms3-300x225.jpg\" alt=\"\" width=\"365\" height=\"274\" srcset=\"https:\/\/interamerica.org\/wp-content\/uploads\/2018\/04\/haiti-ltm-baptisms3-300x225.jpg 300w, https:\/\/interamerica.org\/wp-content\/uploads\/2018\/04\/haiti-ltm-baptisms3-768x576.jpg 768w, https:\/\/interamerica.org\/wp-content\/uploads\/2018\/04\/haiti-ltm-baptisms3.jpg 1024w\" sizes=\"(max-width: 365px) 100vw, 365px\" \/><p id=\"caption-attachment-40082\" class=\"wp-caption-text\">Des centaines de personnes ont \u00e9t\u00e9 baptis\u00e9es \u00e0 l&rsquo;occasion de la c\u00e9l\u00e9bration sp\u00e9ciale qui a eu lieu au Stade Sylvio Cator le 7 avril 2018. Image de Libna Stevens\/DIA<\/p><\/div>\n<p>Quelque 2050 nouveaux membres ont \u00e9t\u00e9 baptis\u00e9s le 7 avril 2018 au stade et des milliers d\u2019autres ont \u00e9t\u00e9 baptis\u00e9s dans quatre autres sites principaux de l\u2019Union Ha\u00eftienne. Le programme \u00e9tait diffus\u00e9 en direct sur Internet et sur une cha\u00eene de t\u00e9l\u00e9vision nationale.<\/p>\n<p>Le programme intervenait dans le cadre de la c\u00e9l\u00e9bration baptismale annuelle de l\u2019Inter Am\u00e9rique baptis\u00e9e \u00ab Seigneur Transforme Moi \u00bb \u00e0 travers laquelle les pasteurs et les membres du territoire de la Division Inter Am\u00e9ricaine (DIA) sont totalement impliqu\u00e9s dans la mission de l\u2019\u00e9glise en vivant une vie transform\u00e9e en J\u00e9sus.<\/p>\n<p>Pasteur Balvin Braham, assistant aupr\u00e8s du pr\u00e9sident de la DIA pour l\u2019\u00e9vang\u00e9lisation et principal organisateur du programme, a f\u00e9licit\u00e9 les 230 pr\u00e9dicateurs et les centaines de membres d\u2019\u00e9glise en Ha\u00efti pour leur travail.<\/p>\n<p>\u00ab\u00a0Des milliers de personnes donneront leurs vies \u00e0 J\u00e9sus et vivront une vie transform\u00e9e, gr\u00e2ce \u00e0 vous tous,\u00a0\u00bb a d\u00e9clar\u00e9 Balvin Braham. \u00ab\u00a0Continuez \u00e0 pr\u00eacher la Parole et aidez les hommes et les femmes \u00e0 accepter l\u2019\u00e9vangile de J\u00e9sus-Christ.\u00a0\u00bb<\/p>\n<div id=\"attachment_40050\" style=\"width: 375px\" class=\"wp-caption alignright\"><img decoding=\"async\" aria-describedby=\"caption-attachment-40050\" class=\" wp-image-40050\" src=\"http:\/\/192.81.217.108\/interamerica\/wp-content\/uploads\/2018\/04\/braham-caporal-ltm-haiti-300x225.jpg\" alt=\"\" width=\"365\" height=\"274\" srcset=\"https:\/\/interamerica.org\/wp-content\/uploads\/2018\/04\/braham-caporal-ltm-haiti-300x225.jpg 300w, https:\/\/interamerica.org\/wp-content\/uploads\/2018\/04\/braham-caporal-ltm-haiti-768x576.jpg 768w, https:\/\/interamerica.org\/wp-content\/uploads\/2018\/04\/braham-caporal-ltm-haiti.jpg 1024w\" sizes=\"(max-width: 365px) 100vw, 365px\" \/><p id=\"caption-attachment-40050\" class=\"wp-caption-text\">Pasteur Balvin Braham (\u00e0 gauche) assistant aupr\u00e8s du pr\u00e9sident de la DIA pour l&rsquo;\u00e9vang\u00e9lisation et pasteur Pierre Caporal, pr\u00e9sident de l&rsquo;Eglise Adventiste en Ha\u00efti, s&rsquo;adresse \u00e0 la congr\u00e9gation lors du programme diffus\u00e9 en direct. Image de Libna Stevens\/DIA<\/p><\/div>\n<p>Selon pasteur Braham, le programme a mis l\u2019emphase sur l\u2019implication totale des membres dans la mission de l\u2019\u00e9glise, sur le besoin de motiver les membres \u00e0 une vie spirituelle plus profonde en pr\u00e9paration pour la Seconde Venue, sur la fa\u00e7on d\u2019impacter la vie des individus \u00e0 travers de nombreux projets sociaux et ainsi faire grandir le royaume de Dieu dans tout Ha\u00efti .<\/p>\n<p><strong>L\u2019\u00c9glise en Ha\u00efti<\/strong><\/p>\n<p>\u00ab\u00a0Ce fut un moment historique pour l\u2019\u00e9glise en Ha\u00efti,\u00a0\u00bb a d\u00e9clar\u00e9 pasteur Pierre Caporal, pr\u00e9sident de l\u2019Eglise Adventiste en Ha\u00efti. \u00ab\u00a0Nous n\u2019avons jamais vu un impact aussi extraordinaire avec tant de campagnes d\u2019\u00e9vang\u00e9lisation coordonn\u00e9es dans tout notre pays.\u00a0\u00bb Pasteur Caporal a dit que les pasteurs, les \u00e9vang\u00e9listes la\u00efcs et les membres d\u2019\u00e9glise ont embrass\u00e9 l\u2019initiative il y a six mois et ont accueilli les 70 \u00e9vang\u00e9listes en provenance de la DIA pour une semaine de campagnes de moisson une semaine avant le programme du 7 avril.<\/p>\n<div id=\"attachment_40071\" style=\"width: 376px\" class=\"wp-caption alignright\"><img loading=\"lazy\" decoding=\"async\" aria-describedby=\"caption-attachment-40071\" class=\" wp-image-40071\" src=\"http:\/\/192.81.217.108\/interamerica\/wp-content\/uploads\/2018\/04\/haiti-ltm-crowd-300x225.jpg\" alt=\"\" width=\"366\" height=\"274\" srcset=\"https:\/\/interamerica.org\/wp-content\/uploads\/2018\/04\/haiti-ltm-crowd-300x225.jpg 300w, https:\/\/interamerica.org\/wp-content\/uploads\/2018\/04\/haiti-ltm-crowd-768x576.jpg 768w, https:\/\/interamerica.org\/wp-content\/uploads\/2018\/04\/haiti-ltm-crowd.jpg 1024w\" sizes=\"(max-width: 366px) 100vw, 366px\" \/><p id=\"caption-attachment-40071\" class=\"wp-caption-text\">Plus de 15000 personnes ont envahi le Stade Sylvio Cator \u00e0 Port-au-Prince, en Haiti. Image de Libna Stevens\/DIA<\/p><\/div>\n<p>Pasteur Caporal a indiqu\u00e9 que 12537 bapt\u00eames ont eu lieu depuis le d\u00e9but des efforts d\u2019\u00e9vang\u00e9lisation en janvier. Cela repr\u00e9sente 600 nouveaux membres de plus que l\u2019an dernier o\u00f9 11900 personnes s\u2019\u00e9taient jointes \u00e0 l\u2019\u00e9glise. Les chiffres ne sont pas encore d\u00e9finitifs, mais pasteur Caporal croit que l\u2019\u00e9glise en Ha\u00efti atteindra 20000 nouveaux membres, un nombre auquel ils s\u2019attendent depuis six mois. Certaines \u00e9glises n\u2019ont toujours pas envoy\u00e9 leurs rapports de bapt\u00eames du week-end dernier. L\u2019\u00e9glise a tenu 300 campagnes d\u2019\u00e9vang\u00e9lisation dans les quatre r\u00e9gions de son territoire en l\u2019espace de trois mois.<\/p>\n<p>Avec plus de 459000 membres \u00e0 travers ses plus de 1100 \u00e9glises et groupes, l\u2019Eglise Adventiste en Ha\u00efti continue d\u2019\u00eatre celle qui compte le plus de membres parmi les 24 unions, ou r\u00e9gions principales de l\u2019\u00e9glise en Inter Am\u00e9rique.<\/p>\n<p>Au cours du programme diffus\u00e9 en direct, pasteur Caporal a donn\u00e9 un rapport des progr\u00e8s r\u00e9alis\u00e9s par l\u2019\u00e9glise dans son syst\u00e8me \u00e9ducatif, dans les efforts en faveur de la libert\u00e9 religieuse, dans le travail social \u00e0 travers l\u2019Agence Adventiste de D\u00e9veloppement et de Secours (ADRA) dans le pays, l\u2019action men\u00e9e dans le domaine de la famille, pour les enfants et les personnes handicap\u00e9es ainsi que le service \u00e0 la communaut\u00e9 \u00e0 travers l\u2019H\u00f4pital Adventiste dans la capitale.<\/p>\n<p>Gr\u00e2ce \u00e0 l\u2019initiative d\u2019\u00e9vang\u00e9lisation lanc\u00e9e en octobre, l\u2019\u00e9glise a form\u00e9 des dizaines de membres d&rsquo;\u00e9glise, appel\u00e9s pionniers, pour l\u2019implantation de 100 nouvelles \u00e9glises \u00e0 travers Ha\u00efti. Les \u00e9glises devraient \u00eatre \u00e9tablies \u00e0 la fin de l&rsquo;ann\u00e9e, ont d\u00e9clar\u00e9 les dirigeants de l\u2019\u00e9glise.<\/p>\n<div id=\"attachment_40065\" style=\"width: 375px\" class=\"wp-caption alignleft\"><img loading=\"lazy\" decoding=\"async\" aria-describedby=\"caption-attachment-40065\" class=\" wp-image-40065\" src=\"http:\/\/192.81.217.108\/interamerica\/wp-content\/uploads\/2018\/04\/haiti-ltm-churchplanting-300x225.jpg\" alt=\"\" width=\"365\" height=\"274\" srcset=\"https:\/\/interamerica.org\/wp-content\/uploads\/2018\/04\/haiti-ltm-churchplanting-300x225.jpg 300w, https:\/\/interamerica.org\/wp-content\/uploads\/2018\/04\/haiti-ltm-churchplanting-768x576.jpg 768w, https:\/\/interamerica.org\/wp-content\/uploads\/2018\/04\/haiti-ltm-churchplanting.jpg 1024w\" sizes=\"(max-width: 365px) 100vw, 365px\" \/><p id=\"caption-attachment-40065\" class=\"wp-caption-text\">Les planteurs d&rsquo;\u00e9glises ont d\u00e9fil\u00e9 pour d\u00e9montrer leur engagement \u00e0 implanter 100 nouvelles \u00e9glises d&rsquo;ici la fin de l&rsquo;ann\u00e9e. Image de Libna Stevens\/DIA<\/p><\/div>\n<p>Le Directeur G\u00e9n\u00e9ral du Minist\u00e8re du Culte en Ha\u00efti, Evans Souffrant, a pris la parole lors du programme et a remerci\u00e9 l\u2019Eglise Adventiste du Septi\u00e8me Jour pour sa contribution dans la soci\u00e9t\u00e9.<\/p>\n<p>\u00ab\u00a0Votre forte pr\u00e9sence aujourd\u2019hui t\u00e9moigne de l\u2019engagement et de l\u2019organisation de l\u2019Eglise Adventiste du Septi\u00e8me Jour en Ha\u00efti,\u00a0\u00bb a d\u00e9clar\u00e9 Evans Souffrant alors qu\u2019il transmettait les salutations du pr\u00e9sident et du Premier ministre. \u00ab Je suis touch\u00e9 par vos statistiques et par l\u2019importante croissance que connaissent vos institutions religieuses. \u00bb Evans Souffrant a remerci\u00e9 l\u2019\u00e9glise pour sa relation avec le gouvernement et la mani\u00e8re dont l\u2019\u00e9glise s\u2019est distingu\u00e9e en tant qu\u2019organisation religieuse \u00e0 trois dimensions avec ses contributions humanitaires, \u00e9ducatives et sociales depuis que l\u2019\u00e9glise a \u00e9t\u00e9 \u00e9tablie en 1905. \u00ab\u00a0L\u2019Eglise Adventiste a particip\u00e9 au d\u00e9veloppement du pays.\u00a0\u00bb<\/p>\n<p>&nbsp;<\/p>\n<p>Le pr\u00e9sident de la F\u00e9d\u00e9ration Protestante en Ha\u00efti, Sylvain Exantus, a \u00e9galement remerci\u00e9 l\u2019Eglise Adventiste d\u2019\u00eatre un agent de changement dans le pays. \u00ab\u00a0Nous avons besoin de transformation dans le pays et l\u2019Eglise Adventiste du Septi\u00e8me Jour est un \u00e9l\u00e9ment important pour que cette transformation se produise ici,\u00a0\u00bb a d\u00e9clar\u00e9 Sylvain Exantus.<\/p>\n<div id=\"attachment_40077\" style=\"width: 374px\" class=\"wp-caption alignleft\"><img loading=\"lazy\" decoding=\"async\" aria-describedby=\"caption-attachment-40077\" class=\" wp-image-40077\" src=\"http:\/\/192.81.217.108\/interamerica\/wp-content\/uploads\/2018\/04\/ramon-canals-haiti-ltm-300x225.jpg\" alt=\"\" width=\"364\" height=\"273\" srcset=\"https:\/\/interamerica.org\/wp-content\/uploads\/2018\/04\/ramon-canals-haiti-ltm-300x225.jpg 300w, https:\/\/interamerica.org\/wp-content\/uploads\/2018\/04\/ramon-canals-haiti-ltm-768x576.jpg 768w, https:\/\/interamerica.org\/wp-content\/uploads\/2018\/04\/ramon-canals-haiti-ltm.jpg 1024w\" sizes=\"(max-width: 364px) 100vw, 364px\" \/><p id=\"caption-attachment-40077\" class=\"wp-caption-text\">Pasteur Ram\u00f3n Canals de l&rsquo;Eglise Adventiste mondiale pr\u00e9sente le message lors du programme. Image de Libna Stevens\/DIA<\/p><\/div>\n<p>Pasteur Ram\u00f3n Canals, directeur de l\u2019Ecole du Sabbat et des Minist\u00e8res Personnels pour l\u2019Eglise Adventiste mondiale, a parl\u00e9 aux nouveaux membres ainsi qu\u2019aux membres d\u2019\u00e9glise de longue date pour qu\u2019ils s\u2019engagent \u00e0 accomplir la mission de l\u2019\u00e9glise.<\/p>\n<p>\u00ab\u00a0Dieu vous a appel\u00e9s ainsi que tous les membres de l\u2019Eglise Adventiste \u00e0 \u00eatre impliqu\u00e9s dans ce mouvement d\u2019hommes et de femmes afin de pr\u00eacher le message des Trois Anges,\u00a0\u00bb a d\u00e9clar\u00e9 Ram\u00f3n Canals. \u00ab\u00a0Notre mission est d\u2019appeler chacun \u00e0 devenir disciple, et \u00e0 pr\u00e9parer les autres \u00e0 la Seconde Venue de J\u00e9sus.\u00a0\u00bb<\/p>\n<p><strong>Efforts d\u2019Evang\u00e9lisation<\/strong><\/p>\n<p>Le pasteur Lyndon Lewis fait partie des 70 \u00e9vang\u00e9listes qui se sont rendus en Ha\u00efti pour une semaine de campagnes d\u2019\u00e9vang\u00e9lisation la semaine derni\u00e8re. Lyndon Lewis est pasteur d\u2019un district de trois \u00e9glises \u00e0 Port-of-Spain, \u00e0 Trinidad. Il a dit qu\u2019il a appr\u00e9ci\u00e9 sa premi\u00e8re visite en Ha\u00efti et revient ayant \u00e9t\u00e9 b\u00e9ni par son exp\u00e9rience de pr\u00e9dication \u00e0 l\u2019\u00e9glise Adventiste de Providence, \u00e0 Cap-Ha\u00eftien dans la partie nord du pays. Le pasteur local supervise 16 \u00e9glises, mais ses anciens et ses dirigeants sont des membres d\u00e9vou\u00e9s chaque semaine.<\/p>\n<div id=\"attachment_40053\" style=\"width: 374px\" class=\"wp-caption alignright\"><img loading=\"lazy\" decoding=\"async\" aria-describedby=\"caption-attachment-40053\" class=\" wp-image-40053\" src=\"http:\/\/192.81.217.108\/interamerica\/wp-content\/uploads\/2018\/04\/eric-clarke-ltm-haiti-300x225.jpg\" alt=\"\" width=\"364\" height=\"273\" srcset=\"https:\/\/interamerica.org\/wp-content\/uploads\/2018\/04\/eric-clarke-ltm-haiti-300x225.jpg 300w, https:\/\/interamerica.org\/wp-content\/uploads\/2018\/04\/eric-clarke-ltm-haiti-768x576.jpg 768w, https:\/\/interamerica.org\/wp-content\/uploads\/2018\/04\/eric-clarke-ltm-haiti.jpg 1024w\" sizes=\"(max-width: 364px) 100vw, 364px\" \/><p id=\"caption-attachment-40053\" class=\"wp-caption-text\">Pasteur Eric Clarke (\u00e0 droite) du Nord des Bahamas, intervient dans le cadre des campagnes d&rsquo;\u00e9vang\u00e9lisation, \u00e0 l&rsquo;Auditorium de la Bible \u00e0 Port\u00a0 Port-au-Prince, le 5 avril 2018. Image de Libna Stevens\/IAD<\/p><\/div>\n<p>\u00ab\u00a0Chaque soir, l\u2019\u00e9glise a accueilli quelque 600 personnes venues entendre parler de la proph\u00e9tie et de la conversion, et c\u2019\u00e9tait incroyable de voir le d\u00e9vouement du pasteur et de ses anciens, des diacres et des diaconesses,\u00a0\u00bb a d\u00e9clar\u00e9 Lyndon Lewis. Il a vu 65 nouveaux croyants se joindre \u00e0 l\u2019\u00e9glise gr\u00e2ce aux efforts de nombreux membres d\u2019\u00e9glise faiseurs de disciples. Lyndon Lewis tient quatre campagnes chaque ann\u00e9e dans son pays dans l\u2019Union du Sud de la Cara\u00efbe, et \u00e0 travers l\u2019exp\u00e9rience v\u00e9cue en Ha\u00efti, il a \u00e9t\u00e9 rassur\u00e9 quant \u00e0 sa vocation en tant que pasteur \u00e9vang\u00e9liste apr\u00e8s avoir servi dans l\u2019\u00e9glise pendant plus de 26 ans.<\/p>\n<p>Pasteur Eric Clarke, pr\u00e9sident de la F\u00e9d\u00e9ration du Nord des Bahamas, a dirig\u00e9 une campagne \u00e0 l\u2019\u00e9glise Auditorium de la Bible, l\u2019une des plus grandes \u00e9glises de Port-au-Prince, la semaine derni\u00e8re. Pasteur Clarke a \u00e9galement observ\u00e9 le leadership extraordinaire et la structure du fonctionnement dans l\u2019\u00e9glise.<\/p>\n<p>\u00ab Chaque membre conna\u00eet son r\u00f4le dans son service \u00e0 l\u2019\u00e9glise, \u00bb a d\u00e9clar\u00e9 Eric Clarke. Il a ajout\u00e9 que 50 bapt\u00eames ont eu lieu dans les trois semaines pr\u00e9c\u00e9dant sa visite et que 42 personnes se sont inscrites pour le bapt\u00eame \u00e0 la fin de la campagne qu\u2019il a tenue.<\/p>\n<p>Pasteur Clarke a offici\u00e9 dans neuf c\u00e9r\u00e9monies de mariage la semaine derni\u00e8re et a d\u00e9clar\u00e9 que cette exp\u00e9rience dans son ensemble lui a enseign\u00e9 de nombreuses le\u00e7ons. Pasteur chevronn\u00e9 ayant 37 ans de service dans la d\u00e9nomination, Eric Clarke a dit qu\u2019il a \u00e9t\u00e9 impressionn\u00e9 par la fa\u00e7on dont les dirigeants locaux prennent soin des nouveaux membres et le fait qu\u2019ils aient des plans de fid\u00e9lisation qu\u2019ils suivent, alors qu\u2019il retourne dans l\u2019\u00e9glise qu\u2019il dirige \u00e0 Freeport aux Bahamas et s\u2019appr\u00eate \u00e0 reprendre la supervision du leadership de l\u2019\u00e9glise \u2013 dont les 15 \u00e9glises Adventistes dans la f\u00e9d\u00e9ration.<\/p>\n<p><strong>L\u2019Initiative Seigneur Transforme Moi<\/strong><\/p>\n<p>La c\u00e9l\u00e9bration \u00e9vang\u00e9lique de l\u2019initiative \u00ab\u00a0Seigneur Transforme-Moi\u00a0\u00bb ne consiste pas seulement \u00e0 inviter des \u00e9vang\u00e9listes et d\u2019ajouter de nouveaux membres, mais aussi \u00e0 mobiliser davantage de membres pour qu\u2019ils s\u2019impliquent dans la mission de l\u2019\u00e9glise en impactant leurs communaut\u00e9s, a d\u00e9clar\u00e9 pasteur Braham.<\/p>\n<div id=\"attachment_40068\" style=\"width: 374px\" class=\"wp-caption alignright\"><img loading=\"lazy\" decoding=\"async\" aria-describedby=\"caption-attachment-40068\" class=\" wp-image-40068\" src=\"http:\/\/192.81.217.108\/interamerica\/wp-content\/uploads\/2018\/04\/haiti-ltm-cleanup-300x225.jpg\" alt=\"\" width=\"364\" height=\"273\" srcset=\"https:\/\/interamerica.org\/wp-content\/uploads\/2018\/04\/haiti-ltm-cleanup-300x225.jpg 300w, https:\/\/interamerica.org\/wp-content\/uploads\/2018\/04\/haiti-ltm-cleanup-768x576.jpg 768w, https:\/\/interamerica.org\/wp-content\/uploads\/2018\/04\/haiti-ltm-cleanup.jpg 1024w\" sizes=\"(max-width: 364px) 100vw, 364px\" \/><p id=\"caption-attachment-40068\" class=\"wp-caption-text\">Des jeunes nettoient les rues pr\u00e8s du stade quelques jours avant le programme. Image de Al Powell\/DIA<\/p><\/div>\n<p>Les dirigeants des \u00e9glises locales ont indiqu\u00e9 que des milliers de membres d\u2019\u00e9glise \u00e9taient impliqu\u00e9s dans des projets comme l\u2019\u00e9ducation sanitaire, les projets d\u2019\u00e9ducation environnementale, et bien plus encore.<\/p>\n<p>Pr\u00e8s de 200 jeunes ont pris deux jours la semaine derni\u00e8re pour nettoyer les rues et les communaut\u00e9s pr\u00e8s du stade avant le programme du sabbat.<\/p>\n<p>L\u2019Eglise Adventiste en Ha\u00efti g\u00e8re 80 \u00e9coles primaires et secondaires, une universit\u00e9 et un h\u00f4pital.<\/p>\n<p>Ailleurs dans toute la DIA, des milliers de personnes se sont jointes \u00e0 l\u2019\u00e9glise suite au travail des dirigeants et des membres d\u2019\u00e9glise d\u00e9vou\u00e9s et unis dans les efforts d\u2019\u00e9vang\u00e9lisation au cours du premier trimestre de l\u2019ann\u00e9e, a dit Balvin Braham.<\/p>\n<p>La DIA organisera les c\u00e9l\u00e9brations baptismales de l\u2019ann\u00e9e prochaine le 9 f\u00e9vrier dans l\u2019Union de la Cara\u00efbe Atlantique et dans l\u2019Union Jama\u00efcaine.<\/p>\n<p>Pour en savoir plus sur les initiatives et les activit\u00e9s de l\u2019Inter Am\u00e9rique, visitez notre site sur <a href=\"https:\/\/recursing-golick.147-182-135-0.plesk.page\">interamerica.org<\/a><\/p>\n<p>&nbsp;<\/p>\n<p><iframe title=\"Celebration Seigneur Transforme-moi  | Lord Transform Me Baptismal Celebration\" width=\"500\" height=\"281\" src=\"https:\/\/www.youtube.com\/embed\/gC-RyT4uRCs?start=10071&#038;feature=oembed\" frameborder=\"0\" allow=\"accelerometer; autoplay; clipboard-write; encrypted-media; gyroscope; picture-in-picture; web-share\" referrerpolicy=\"strict-origin-when-cross-origin\" allowfullscreen><\/iframe><\/p>\n<p>Pour voir une galerie de photos du programme<\/p>\n<p><a data-flickr-embed='true' href='https:\/\/www.flickr.com\/photos\/interamerica\/albums\/72157692302824232' title='&quot;Lord Transform Me&quot; Baptismal Celebration by Interamerica, on Flickr'><img src='https:\/\/live.staticflickr.com\/886\/41329576341_c2c318ae29.jpg' rel=\"fancybox\" title=\"En Ha\u00efti, des milliers de personnes se joignent \u00e0 l\u2019Eglise Adventiste apr\u00e8s de grands efforts d\u2019\u00e9vang\u00e9lisation\" width='800' height='600' alt='&quot;Lord Transform Me&quot; Baptismal Celebration'><\/a><script async src='https:\/\/embedr.flickr.com\/assets\/client-code.js' charset='utf-8'><\/script><\/p>\n<p>Traduction: Patrick Luciathe<\/p>\n","protected":false},"excerpt":{"rendered":"<p>10 avril 2018 | Port-au-Prince, Ha\u00efti | Libna Stevens \/ DIA L\u2019\u00c9glise Adventiste du Septi\u00e8me Jour a accueilli des milliers de nouveaux membres lors d\u2019une grande c\u00e9r\u00e9monie baptismale qui s\u2019est&#8230;<\/p>\n","protected":false},"author":3,"featured_media":40060,"comment_status":"open","ping_status":"closed","sticky":false,"template":"","format":"standard","meta":{"_acf_changed":false,"footnotes":""},"categories":[20,19],"tags":[],"class_list":["post-40276","post","type-post","status-publish","format-standard","has-post-thumbnail","hentry","category-nouvelles-du-siege-de-la-division","category-rss-francais"],"acf":[],"yoast_head":"<!-- This site is optimized with the Yoast SEO plugin v27.3 - https:\/\/yoast.com\/product\/yoast-seo-wordpress\/ -->\n<title>En Ha\u00efti, des milliers de personnes se joignent \u00e0 l\u2019Eglise Adventiste apr\u00e8s de grands efforts d\u2019\u00e9vang\u00e9lisation - \u00c9glise Adventiste Du Septieme Jour - Inter Am\u00e9rique Division<\/title>\n<meta name=\"robots\" content=\"index, follow, max-snippet:-1, max-image-preview:large, max-video-preview:-1\" \/>\n<link rel=\"canonical\" href=\"https:\/\/interamerica.org\/fr\/2018\/04\/in-haiti-thousands-join-the-adventist-church-after-massive-evangelism-efforts\/\" \/>\n<meta property=\"og:locale\" content=\"fr_FR\" \/>\n<meta property=\"og:type\" content=\"article\" \/>\n<meta property=\"og:title\" content=\"En Ha\u00efti, des milliers de personnes se joignent \u00e0 l\u2019Eglise Adventiste apr\u00e8s de grands efforts d\u2019\u00e9vang\u00e9lisation - \u00c9glise Adventiste Du Septieme Jour - Inter Am\u00e9rique Division\" \/>\n<meta property=\"og:description\" content=\"10 avril 2018 | Port-au-Prince, Ha\u00efti | Libna Stevens \/ DIA L\u2019\u00c9glise Adventiste du Septi\u00e8me Jour a accueilli des milliers de nouveaux membres lors d\u2019une grande c\u00e9r\u00e9monie baptismale qui s\u2019est...\" \/>\n<meta property=\"og:url\" content=\"https:\/\/interamerica.org\/fr\/2018\/04\/in-haiti-thousands-join-the-adventist-church-after-massive-evangelism-efforts\/\" \/>\n<meta property=\"og:site_name\" content=\"\u00c9glise Adventiste Du Septieme Jour - Inter Am\u00e9rique Division\" \/>\n<meta property=\"article:published_time\" content=\"2018-04-10T09:42:43+00:00\" \/>\n<meta property=\"article:modified_time\" content=\"2018-05-02T21:04:35+00:00\" \/>\n<meta property=\"og:image\" content=\"https:\/\/interamerica.org\/wp-content\/uploads\/2018\/04\/haiti-ltm-baptism.jpg\" \/>\n\t<meta property=\"og:image:width\" content=\"1280\" \/>\n\t<meta property=\"og:image:height\" content=\"800\" \/>\n\t<meta property=\"og:image:type\" content=\"image\/jpeg\" \/>\n<meta name=\"author\" content=\"libna\" \/>\n<meta name=\"twitter:card\" content=\"summary_large_image\" \/>\n<meta name=\"twitter:label1\" content=\"\u00c9crit par\" \/>\n\t<meta name=\"twitter:data1\" content=\"libna\" \/>\n\t<meta name=\"twitter:label2\" content=\"Dur\u00e9e de lecture estim\u00e9e\" \/>\n\t<meta name=\"twitter:data2\" content=\"10 minutes\" \/>\n<script type=\"application\/ld+json\" class=\"yoast-schema-graph\">{\"@context\":\"https:\\\/\\\/schema.org\",\"@graph\":[{\"@type\":\"Article\",\"@id\":\"https:\\\/\\\/interamerica.org\\\/fr\\\/2018\\\/04\\\/in-haiti-thousands-join-the-adventist-church-after-massive-evangelism-efforts\\\/#article\",\"isPartOf\":{\"@id\":\"https:\\\/\\\/interamerica.org\\\/fr\\\/2018\\\/04\\\/in-haiti-thousands-join-the-adventist-church-after-massive-evangelism-efforts\\\/\"},\"author\":{\"name\":\"libna\",\"@id\":\"https:\\\/\\\/interamerica.org\\\/fr\\\/#\\\/schema\\\/person\\\/29998f2bc2d8bd0d38662909289b54f1\"},\"headline\":\"En Ha\u00efti, des milliers de personnes se joignent \u00e0 l\u2019Eglise Adventiste apr\u00e8s de grands efforts d\u2019\u00e9vang\u00e9lisation\",\"datePublished\":\"2018-04-10T09:42:43+00:00\",\"dateModified\":\"2018-05-02T21:04:35+00:00\",\"mainEntityOfPage\":{\"@id\":\"https:\\\/\\\/interamerica.org\\\/fr\\\/2018\\\/04\\\/in-haiti-thousands-join-the-adventist-church-after-massive-evangelism-efforts\\\/\"},\"wordCount\":2101,\"commentCount\":0,\"image\":{\"@id\":\"https:\\\/\\\/interamerica.org\\\/fr\\\/2018\\\/04\\\/in-haiti-thousands-join-the-adventist-church-after-massive-evangelism-efforts\\\/#primaryimage\"},\"thumbnailUrl\":\"https:\\\/\\\/interamerica.org\\\/wp-content\\\/uploads\\\/2018\\\/04\\\/haiti-ltm-baptism.jpg\",\"articleSection\":[\"Nouvelles du si\u00e8ge de la division\",\"RSS Fran\u00e7ais\"],\"inLanguage\":\"fr-FR\",\"potentialAction\":[{\"@type\":\"CommentAction\",\"name\":\"Comment\",\"target\":[\"https:\\\/\\\/interamerica.org\\\/fr\\\/2018\\\/04\\\/in-haiti-thousands-join-the-adventist-church-after-massive-evangelism-efforts\\\/#respond\"]}]},{\"@type\":\"WebPage\",\"@id\":\"https:\\\/\\\/interamerica.org\\\/fr\\\/2018\\\/04\\\/in-haiti-thousands-join-the-adventist-church-after-massive-evangelism-efforts\\\/\",\"url\":\"https:\\\/\\\/interamerica.org\\\/fr\\\/2018\\\/04\\\/in-haiti-thousands-join-the-adventist-church-after-massive-evangelism-efforts\\\/\",\"name\":\"En Ha\u00efti, des milliers de personnes se joignent \u00e0 l\u2019Eglise Adventiste apr\u00e8s de grands efforts d\u2019\u00e9vang\u00e9lisation - \u00c9glise Adventiste Du Septieme Jour - Inter Am\u00e9rique Division\",\"isPartOf\":{\"@id\":\"https:\\\/\\\/interamerica.org\\\/fr\\\/#website\"},\"primaryImageOfPage\":{\"@id\":\"https:\\\/\\\/interamerica.org\\\/fr\\\/2018\\\/04\\\/in-haiti-thousands-join-the-adventist-church-after-massive-evangelism-efforts\\\/#primaryimage\"},\"image\":{\"@id\":\"https:\\\/\\\/interamerica.org\\\/fr\\\/2018\\\/04\\\/in-haiti-thousands-join-the-adventist-church-after-massive-evangelism-efforts\\\/#primaryimage\"},\"thumbnailUrl\":\"https:\\\/\\\/interamerica.org\\\/wp-content\\\/uploads\\\/2018\\\/04\\\/haiti-ltm-baptism.jpg\",\"datePublished\":\"2018-04-10T09:42:43+00:00\",\"dateModified\":\"2018-05-02T21:04:35+00:00\",\"author\":{\"@id\":\"https:\\\/\\\/interamerica.org\\\/fr\\\/#\\\/schema\\\/person\\\/29998f2bc2d8bd0d38662909289b54f1\"},\"breadcrumb\":{\"@id\":\"https:\\\/\\\/interamerica.org\\\/fr\\\/2018\\\/04\\\/in-haiti-thousands-join-the-adventist-church-after-massive-evangelism-efforts\\\/#breadcrumb\"},\"inLanguage\":\"fr-FR\",\"potentialAction\":[{\"@type\":\"ReadAction\",\"target\":[\"https:\\\/\\\/interamerica.org\\\/fr\\\/2018\\\/04\\\/in-haiti-thousands-join-the-adventist-church-after-massive-evangelism-efforts\\\/\"]}]},{\"@type\":\"ImageObject\",\"inLanguage\":\"fr-FR\",\"@id\":\"https:\\\/\\\/interamerica.org\\\/fr\\\/2018\\\/04\\\/in-haiti-thousands-join-the-adventist-church-after-massive-evangelism-efforts\\\/#primaryimage\",\"url\":\"https:\\\/\\\/interamerica.org\\\/wp-content\\\/uploads\\\/2018\\\/04\\\/haiti-ltm-baptism.jpg\",\"contentUrl\":\"https:\\\/\\\/interamerica.org\\\/wp-content\\\/uploads\\\/2018\\\/04\\\/haiti-ltm-baptism.jpg\",\"width\":1280,\"height\":800},{\"@type\":\"BreadcrumbList\",\"@id\":\"https:\\\/\\\/interamerica.org\\\/fr\\\/2018\\\/04\\\/in-haiti-thousands-join-the-adventist-church-after-massive-evangelism-efforts\\\/#breadcrumb\",\"itemListElement\":[{\"@type\":\"ListItem\",\"position\":1,\"name\":\"Home\",\"item\":\"https:\\\/\\\/interamerica.org\\\/fr\\\/\"},{\"@type\":\"ListItem\",\"position\":2,\"name\":\"En Ha\u00efti, des milliers de personnes se joignent \u00e0 l\u2019Eglise Adventiste apr\u00e8s de grands efforts d\u2019\u00e9vang\u00e9lisation\"}]},{\"@type\":\"WebSite\",\"@id\":\"https:\\\/\\\/interamerica.org\\\/fr\\\/#website\",\"url\":\"https:\\\/\\\/interamerica.org\\\/fr\\\/\",\"name\":\"\u00c9glise Adventiste Du Septieme Jour - Inter Am\u00e9rique Division\",\"description\":\"\",\"potentialAction\":[{\"@type\":\"SearchAction\",\"target\":{\"@type\":\"EntryPoint\",\"urlTemplate\":\"https:\\\/\\\/interamerica.org\\\/fr\\\/?s={search_term_string}\"},\"query-input\":{\"@type\":\"PropertyValueSpecification\",\"valueRequired\":true,\"valueName\":\"search_term_string\"}}],\"inLanguage\":\"fr-FR\"},{\"@type\":\"Person\",\"@id\":\"https:\\\/\\\/interamerica.org\\\/fr\\\/#\\\/schema\\\/person\\\/29998f2bc2d8bd0d38662909289b54f1\",\"name\":\"libna\",\"image\":{\"@type\":\"ImageObject\",\"inLanguage\":\"fr-FR\",\"@id\":\"https:\\\/\\\/secure.gravatar.com\\\/avatar\\\/7c5bd30ae4b47a9ba3c856590957fd1d96dc588bf3ac05719d247e126840331f?s=96&d=mm&r=g\",\"url\":\"https:\\\/\\\/secure.gravatar.com\\\/avatar\\\/7c5bd30ae4b47a9ba3c856590957fd1d96dc588bf3ac05719d247e126840331f?s=96&d=mm&r=g\",\"contentUrl\":\"https:\\\/\\\/secure.gravatar.com\\\/avatar\\\/7c5bd30ae4b47a9ba3c856590957fd1d96dc588bf3ac05719d247e126840331f?s=96&d=mm&r=g\",\"caption\":\"libna\"}}]}<\/script>\n<!-- \/ Yoast SEO plugin. -->","yoast_head_json":{"title":"En Ha\u00efti, des milliers de personnes se joignent \u00e0 l\u2019Eglise Adventiste apr\u00e8s de grands efforts d\u2019\u00e9vang\u00e9lisation - \u00c9glise Adventiste Du Septieme Jour - Inter Am\u00e9rique Division","robots":{"index":"index","follow":"follow","max-snippet":"max-snippet:-1","max-image-preview":"max-image-preview:large","max-video-preview":"max-video-preview:-1"},"canonical":"https:\/\/interamerica.org\/fr\/2018\/04\/in-haiti-thousands-join-the-adventist-church-after-massive-evangelism-efforts\/","og_locale":"fr_FR","og_type":"article","og_title":"En Ha\u00efti, des milliers de personnes se joignent \u00e0 l\u2019Eglise Adventiste apr\u00e8s de grands efforts d\u2019\u00e9vang\u00e9lisation - \u00c9glise Adventiste Du Septieme Jour - Inter Am\u00e9rique Division","og_description":"10 avril 2018 | Port-au-Prince, Ha\u00efti | Libna Stevens \/ DIA L\u2019\u00c9glise Adventiste du Septi\u00e8me Jour a accueilli des milliers de nouveaux membres lors d\u2019une grande c\u00e9r\u00e9monie baptismale qui s\u2019est...","og_url":"https:\/\/interamerica.org\/fr\/2018\/04\/in-haiti-thousands-join-the-adventist-church-after-massive-evangelism-efforts\/","og_site_name":"\u00c9glise Adventiste Du Septieme Jour - Inter Am\u00e9rique Division","article_published_time":"2018-04-10T09:42:43+00:00","article_modified_time":"2018-05-02T21:04:35+00:00","og_image":[{"width":1280,"height":800,"url":"https:\/\/interamerica.org\/wp-content\/uploads\/2018\/04\/haiti-ltm-baptism.jpg","type":"image\/jpeg"}],"author":"libna","twitter_card":"summary_large_image","twitter_misc":{"\u00c9crit par":"libna","Dur\u00e9e de lecture estim\u00e9e":"10 minutes"},"schema":{"@context":"https:\/\/schema.org","@graph":[{"@type":"Article","@id":"https:\/\/interamerica.org\/fr\/2018\/04\/in-haiti-thousands-join-the-adventist-church-after-massive-evangelism-efforts\/#article","isPartOf":{"@id":"https:\/\/interamerica.org\/fr\/2018\/04\/in-haiti-thousands-join-the-adventist-church-after-massive-evangelism-efforts\/"},"author":{"name":"libna","@id":"https:\/\/interamerica.org\/fr\/#\/schema\/person\/29998f2bc2d8bd0d38662909289b54f1"},"headline":"En Ha\u00efti, des milliers de personnes se joignent \u00e0 l\u2019Eglise Adventiste apr\u00e8s de grands efforts d\u2019\u00e9vang\u00e9lisation","datePublished":"2018-04-10T09:42:43+00:00","dateModified":"2018-05-02T21:04:35+00:00","mainEntityOfPage":{"@id":"https:\/\/interamerica.org\/fr\/2018\/04\/in-haiti-thousands-join-the-adventist-church-after-massive-evangelism-efforts\/"},"wordCount":2101,"commentCount":0,"image":{"@id":"https:\/\/interamerica.org\/fr\/2018\/04\/in-haiti-thousands-join-the-adventist-church-after-massive-evangelism-efforts\/#primaryimage"},"thumbnailUrl":"https:\/\/interamerica.org\/wp-content\/uploads\/2018\/04\/haiti-ltm-baptism.jpg","articleSection":["Nouvelles du si\u00e8ge de la division","RSS Fran\u00e7ais"],"inLanguage":"fr-FR","potentialAction":[{"@type":"CommentAction","name":"Comment","target":["https:\/\/interamerica.org\/fr\/2018\/04\/in-haiti-thousands-join-the-adventist-church-after-massive-evangelism-efforts\/#respond"]}]},{"@type":"WebPage","@id":"https:\/\/interamerica.org\/fr\/2018\/04\/in-haiti-thousands-join-the-adventist-church-after-massive-evangelism-efforts\/","url":"https:\/\/interamerica.org\/fr\/2018\/04\/in-haiti-thousands-join-the-adventist-church-after-massive-evangelism-efforts\/","name":"En Ha\u00efti, des milliers de personnes se joignent \u00e0 l\u2019Eglise Adventiste apr\u00e8s de grands efforts d\u2019\u00e9vang\u00e9lisation - \u00c9glise Adventiste Du Septieme Jour - Inter Am\u00e9rique Division","isPartOf":{"@id":"https:\/\/interamerica.org\/fr\/#website"},"primaryImageOfPage":{"@id":"https:\/\/interamerica.org\/fr\/2018\/04\/in-haiti-thousands-join-the-adventist-church-after-massive-evangelism-efforts\/#primaryimage"},"image":{"@id":"https:\/\/interamerica.org\/fr\/2018\/04\/in-haiti-thousands-join-the-adventist-church-after-massive-evangelism-efforts\/#primaryimage"},"thumbnailUrl":"https:\/\/interamerica.org\/wp-content\/uploads\/2018\/04\/haiti-ltm-baptism.jpg","datePublished":"2018-04-10T09:42:43+00:00","dateModified":"2018-05-02T21:04:35+00:00","author":{"@id":"https:\/\/interamerica.org\/fr\/#\/schema\/person\/29998f2bc2d8bd0d38662909289b54f1"},"breadcrumb":{"@id":"https:\/\/interamerica.org\/fr\/2018\/04\/in-haiti-thousands-join-the-adventist-church-after-massive-evangelism-efforts\/#breadcrumb"},"inLanguage":"fr-FR","potentialAction":[{"@type":"ReadAction","target":["https:\/\/interamerica.org\/fr\/2018\/04\/in-haiti-thousands-join-the-adventist-church-after-massive-evangelism-efforts\/"]}]},{"@type":"ImageObject","inLanguage":"fr-FR","@id":"https:\/\/interamerica.org\/fr\/2018\/04\/in-haiti-thousands-join-the-adventist-church-after-massive-evangelism-efforts\/#primaryimage","url":"https:\/\/interamerica.org\/wp-content\/uploads\/2018\/04\/haiti-ltm-baptism.jpg","contentUrl":"https:\/\/interamerica.org\/wp-content\/uploads\/2018\/04\/haiti-ltm-baptism.jpg","width":1280,"height":800},{"@type":"BreadcrumbList","@id":"https:\/\/interamerica.org\/fr\/2018\/04\/in-haiti-thousands-join-the-adventist-church-after-massive-evangelism-efforts\/#breadcrumb","itemListElement":[{"@type":"ListItem","position":1,"name":"Home","item":"https:\/\/interamerica.org\/fr\/"},{"@type":"ListItem","position":2,"name":"En Ha\u00efti, des milliers de personnes se joignent \u00e0 l\u2019Eglise Adventiste apr\u00e8s de grands efforts d\u2019\u00e9vang\u00e9lisation"}]},{"@type":"WebSite","@id":"https:\/\/interamerica.org\/fr\/#website","url":"https:\/\/interamerica.org\/fr\/","name":"\u00c9glise Adventiste Du Septieme Jour - Inter Am\u00e9rique Division","description":"","potentialAction":[{"@type":"SearchAction","target":{"@type":"EntryPoint","urlTemplate":"https:\/\/interamerica.org\/fr\/?s={search_term_string}"},"query-input":{"@type":"PropertyValueSpecification","valueRequired":true,"valueName":"search_term_string"}}],"inLanguage":"fr-FR"},{"@type":"Person","@id":"https:\/\/interamerica.org\/fr\/#\/schema\/person\/29998f2bc2d8bd0d38662909289b54f1","name":"libna","image":{"@type":"ImageObject","inLanguage":"fr-FR","@id":"https:\/\/secure.gravatar.com\/avatar\/7c5bd30ae4b47a9ba3c856590957fd1d96dc588bf3ac05719d247e126840331f?s=96&d=mm&r=g","url":"https:\/\/secure.gravatar.com\/avatar\/7c5bd30ae4b47a9ba3c856590957fd1d96dc588bf3ac05719d247e126840331f?s=96&d=mm&r=g","contentUrl":"https:\/\/secure.gravatar.com\/avatar\/7c5bd30ae4b47a9ba3c856590957fd1d96dc588bf3ac05719d247e126840331f?s=96&d=mm&r=g","caption":"libna"}}]}},"_links":{"self":[{"href":"https:\/\/interamerica.org\/fr\/wp-json\/wp\/v2\/posts\/40276","targetHints":{"allow":["GET"]}}],"collection":[{"href":"https:\/\/interamerica.org\/fr\/wp-json\/wp\/v2\/posts"}],"about":[{"href":"https:\/\/interamerica.org\/fr\/wp-json\/wp\/v2\/types\/post"}],"author":[{"embeddable":true,"href":"https:\/\/interamerica.org\/fr\/wp-json\/wp\/v2\/users\/3"}],"replies":[{"embeddable":true,"href":"https:\/\/interamerica.org\/fr\/wp-json\/wp\/v2\/comments?post=40276"}],"version-history":[{"count":0,"href":"https:\/\/interamerica.org\/fr\/wp-json\/wp\/v2\/posts\/40276\/revisions"}],"wp:featuredmedia":[{"embeddable":true,"href":"https:\/\/interamerica.org\/fr\/wp-json\/wp\/v2\/media\/40060"}],"wp:attachment":[{"href":"https:\/\/interamerica.org\/fr\/wp-json\/wp\/v2\/media?parent=40276"}],"wp:term":[{"taxonomy":"category","embeddable":true,"href":"https:\/\/interamerica.org\/fr\/wp-json\/wp\/v2\/categories?post=40276"},{"taxonomy":"post_tag","embeddable":true,"href":"https:\/\/interamerica.org\/fr\/wp-json\/wp\/v2\/tags?post=40276"}],"curies":[{"name":"wp","href":"https:\/\/api.w.org\/{rel}","templated":true}]}}