{"id":40378,"date":"2018-04-11T21:45:59","date_gmt":"2018-04-12T01:45:59","guid":{"rendered":"http:\/\/192.81.217.108\/?p=40378"},"modified":"2018-05-01T21:27:51","modified_gmt":"2018-05-02T01:27:51","slug":"une-invitation-a-elever-jesus","status":"publish","type":"post","link":"https:\/\/interamerica.org\/fr\/2018\/04\/une-invitation-a-elever-jesus\/","title":{"rendered":"Une invitation \u00e0 \u00e9lever J\u00e9sus"},"content":{"rendered":"<img fetchpriority=\"high\" decoding=\"async\" class=\" wp-image-40023 aligncenter\" src=\"http:\/\/192.81.217.108\/interamerica\/wp-content\/uploads\/2018\/04\/general-conference-corporation-board-reviews-and-refines-investment-practices-300x150.jpg\" alt=\"\" width=\"750\" height=\"375\" srcset=\"https:\/\/interamerica.org\/wp-content\/uploads\/2018\/04\/general-conference-corporation-board-reviews-and-refines-investment-practices-300x150.jpg 300w, https:\/\/interamerica.org\/wp-content\/uploads\/2018\/04\/general-conference-corporation-board-reviews-and-refines-investment-practices-768x384.jpg 768w, https:\/\/interamerica.org\/wp-content\/uploads\/2018\/04\/general-conference-corporation-board-reviews-and-refines-investment-practices.jpg 1000w\" sizes=\"(max-width: 750px) 100vw, 750px\" \/>\n<p>11 avril 2018 | Silver Spring, Maryland, \u00c9tats-Unis | Leadership ex\u00e9cutif de la Conf\u00e9rence G\u00e9n\u00e9rale et pr\u00e9sidents de division<\/p>\n<p><em>La d\u00e9claration suivante a \u00e9t\u00e9 publi\u00e9e aujourd\u2019hui par les dirigeants ex\u00e9cutifs de la Conf\u00e9rence G\u00e9n\u00e9rale et les pr\u00e9sidents de division Adventistes. ~ Les r\u00e9dacteurs.<\/em><\/p>\n<p>Honorer et exalter J\u00e9sus est l\u2019engagement fondamental de l\u2019\u00c9glise Adventiste du Septi\u00e8me Jour et cela sous-tend son message proph\u00e9tique exprim\u00e9 dans les 28 Croyances Fondamentales. Le salut par la foi seule qui conduit \u00e0 une vie de disciple avec J\u00e9sus est le but de notre mission. Alors que nous proclamons les messages des trois anges, Assurons-nous que le Christ soit au centre de toutes nos activit\u00e9s et initiatives.<\/p>\n<p>Un certain nombre d\u2019entit\u00e9s \u00e0 l\u2019int\u00e9rieur et \u00e0 l\u2019ext\u00e9rieur de l\u2019organisation de l\u2019\u00e9glise ont \u00e9t\u00e9 fond\u00e9es dans le but d\u2019exalter le nom de J\u00e9sus. Avec une t\u00e2che aussi honorable vient aussi le d\u00e9fi de proclamer un Christ en harmonie avec Sa Parole. Nous sommes convaincus que le J\u00e9sus que les Adventistes du Septi\u00e8me Jour doivent suivre et imiter est Celui qui est r\u00e9v\u00e9l\u00e9 dans la Bible &#8211; Celui qui s\u2019est pr\u00e9sent\u00e9 comme \u00e9tant la V\u00e9rit\u00e9 et a confirm\u00e9 l\u2019autorit\u00e9 des Ecritures. Il est de la plus haute importance que nous n\u2019oublions jamais que J\u00e9sus s\u2019est identifi\u00e9 avec \u00ab le chemin, la v\u00e9rit\u00e9 et la vie \u00bb(Jean 14: 6). Il est en fait la Parole (Jean 1: 1).<\/p>\n<p>Les dirigeants de l\u2019\u00c9glise sont souvent invit\u00e9s \u00e0 donner des conseils sur le type de relation \u00e0 entretenir avec certaines initiatives et organisations, dont certaines sont bien \u00e9tablies et largement accept\u00e9es, comme les entit\u00e9s reconnues par ASI, qui coop\u00e8rent depuis longtemps avec l\u2019Eglise et sa direction. Il y a une initiative plus r\u00e9cente, le Project One (qui apparemment s\u2019est transform\u00e9 pour devenir le Global Resource Collective), \u00e0 propos de laquelle certaines questions ont \u00e9t\u00e9 soulev\u00e9es. Par cons\u00e9quent, la direction ex\u00e9cutive de la Conf\u00e9rence G\u00e9n\u00e9rale, y compris les pr\u00e9sidents de division, a d\u00e9cid\u00e9 de partager quelques directives au sujet de l\u2019\u00e9valuation de toute initiative cherchant \u00e0 obtenir l\u2019approbation de l\u2019\u00e9glise.<\/p>\n<p>Nous f\u00e9licitons ceux qui, avant de se joindre \u00e0 une initiative ou \u00e0 un mouvement, \u00e9tudient pour eux-m\u00eames afin d\u2019\u00e9valuer si de tels mouvements sont en accord avec la volont\u00e9 r\u00e9v\u00e9l\u00e9e de Dieu (Actes 17:11). Comme J\u00e9sus lui-m\u00eame nous a conseill\u00e9: \u00ab Vous les reconna\u00eetrez \u00e0 leurs fruits \u00bb (Mt 7, 16). Il a \u00e9galement donn\u00e9 cet avertissement: \u00ab Ceux qui me disent: Seigneur, Seigneur! N\u2019entreront pas tous dans le royaume des cieux, mais celui-l\u00e0 seul qui fait la volont\u00e9 de mon P\u00e8re qui est dans les cieux \u00bb (Matt 7:21).<\/p>\n<p>En harmonie avec la conviction exprim\u00e9e ci-dessus selon laquelle le nom de J\u00e9sus doit \u00eatre \u00e9lev\u00e9 en accord avec sa r\u00e9v\u00e9lation dans les \u00c9critures, nous invitons nos dirigeants d\u2019\u00e9glise et toute personne qui s\u2019interroge \u00e0 \u00e9valuer les fondements bibliques de tout minist\u00e8re ou de toute initiative \u00e9vang\u00e9lique \u00e0 la lumi\u00e8re d\u2019\u00c9sa\u00efe 8\u00a0: 20\u00a0: \u00ab\u00a0A la loi et au t\u00e9moignage! Si l\u2019on ne parle pas ainsi, Il n\u2019y aura point d\u2019aurore pour le peuple.\u00a0\u00bb<\/p>\n<p>L\u2019\u00c9glise travaillera volontiers avec tous ceux qui partagent son message proph\u00e9tique exprim\u00e9 dans les 28 Croyances Fondamentales. A la lumi\u00e8re des questions qui ont \u00e9t\u00e9 soulev\u00e9es au sujet de certaines initiatives r\u00e9centes, les questions suivantes, bien que non exhaustives, permettent d\u2019avoir quelques orientations pour l\u2019\u00e9valuation de ces groupes. Nous appelons toutes les organisations et initiatives qui sont unies avec nous dans la mission \u00e0 r\u00e9affirmer ou \u00e0 r\u00e9pondre positivement dans leurs canaux de communication officiels aux questions cruciales suivantes:<\/p>\n<ol>\n<li>Que signifie accepter J\u00e9sus-Christ? Lorsque nous disons que nous acceptons le Christ, est-ce seulement un Christ mystique que l\u2019on conna\u00eet \u00e0 travers l\u2019exp\u00e9rience, ou est-ce que cela signifie une acceptation des v\u00e9rit\u00e9s doctrinales qu\u2019Il a enseign\u00e9es, ou les deux? Un tel minist\u00e8re, ou initiative, soutient-il l\u2019expiation substitutive de J\u00e9sus?<\/li>\n<li>Comment comprennent-ils le r\u00f4le de la doctrine dans la foi chr\u00e9tienne? Existe-t-il un lien organique entre la personne de Christ et les enseignements ou doctrines du Christ? La compr\u00e9hension est-elle que la connaissance du Christ implique n\u00e9cessairement de conna\u00eetre et de vivre Ses enseignements et les v\u00e9rit\u00e9s bibliques qu\u2019Il a enseign\u00e9es?<\/li>\n<li>Quelle est leur compr\u00e9hension et le soutien qu\u2019ils accordent au message et \u00e0 la mission de l\u2019Eglise Adventiste \u00e0 la lumi\u00e8re de sa mission proph\u00e9tique? Comment expriment-ils leur compr\u00e9hension de 1844 et du minist\u00e8re de Christ dans le sanctuaire c\u00e9leste?<\/li>\n<li>Ont-ils une compr\u00e9hension claire du caract\u00e8re unique du mouvement Adventiste du Septi\u00e8me Jour? Sont-ils au clair sur la fa\u00e7on dont la religion Adventiste diff\u00e8re des autres d\u00e9nominations \u00e9vang\u00e9liques qui exaltent J\u00e9sus?<\/li>\n<li>Quelle est leur compr\u00e9hension de la cr\u00e9ation? Ceux qui sont impliqu\u00e9s dans de nouveaux minist\u00e8res et de nouvelles initiatives croient-ils que Dieu a cr\u00e9\u00e9 ce monde en six jours litt\u00e9raux et s\u2019est repos\u00e9 le septi\u00e8me jour dans un pass\u00e9 r\u00e9cent tel que compris et vot\u00e9 dans nos 28 Croyances Fondamentales?<\/li>\n<li>Quelle est leur compr\u00e9hension de l\u2019autorit\u00e9 biblique et de l\u2019interpr\u00e9tation proph\u00e9tique? Acceptent-ils l\u2019explication historiciste de la proph\u00e9tie biblique et partagent-ils la compr\u00e9hension Adventiste de la petite corne de Daniel 7, des puissances repr\u00e9sent\u00e9es par des b\u00eates dans Apocalypse 13 et de l\u2019ant\u00e9christ des \u00c9critures, et le fait que la fid\u00e9lit\u00e9 \u00e0 Christ d\u00e9bouchera sur un conflit \u00e0 propos de la loi de Dieu avec le Sabbat qui se retrouvera au centre de cette derni\u00e8re controverse?<\/li>\n<li>En raison des perceptions actuelles du genre et de la sexualit\u00e9 qui contredisent l\u2019enseignement biblique sur le mariage et la famille accept\u00e9 par l\u2019Eglise Adventiste du Septi\u00e8me Jour, ces questions pertinentes doivent \u00e9galement \u00eatre pos\u00e9es: Comment comprennent-ils l\u2019identit\u00e9 sexuelle et la question de la relation entre la communaut\u00e9 LGBTQ et l\u2019appartenance \u00e0 l\u2019\u00e9glise \u00e0 la lumi\u00e8re des Ecritures? Ont-ils une compr\u00e9hension claire, non ambigu\u00eb et biblique de ce sujet?<\/li>\n<\/ol>\n<p>Les organisations, groupes ou individus qui ne peuvent pas affirmer les 28 Croyances Fondamentales de l\u2019Eglise Adventiste du Septi\u00e8me Jour et apporter des r\u00e9ponses claires et non ambigu\u00ebs aux questions ci-dessus ne devraient pas s\u2019attendre \u00e0 recevoir l\u2019approbation des organisations de l\u2019Eglise. La direction ex\u00e9cutive de la Conf\u00e9rence G\u00e9n\u00e9rale, y compris les pr\u00e9sidents de division, invite chaque membre et entit\u00e9 de l\u2019\u00e9glise \u00e0 exalter le nom de J\u00e9sus en le pr\u00e9sentant au monde et en vivant selon Sa volont\u00e9. Ce faisant, J\u00e9sus doit \u00eatre proclam\u00e9 en relation avec la v\u00e9rit\u00e9 telle qu\u2019elle est r\u00e9v\u00e9l\u00e9e dans les Ecritures et comprise par les Adventistes du Septi\u00e8me Jour. Par cons\u00e9quent, nous r\u00e9affirmons notre plus grand engagement, qui est de pr\u00eacher \u00ab\u00a0J\u00e9sus Christ, et J\u00e9sus Christ crucifi\u00e9\u00a0\u00bb (1 Cor 2: 2).<\/p>\n<p><em>Leadership Ex\u00e9cutif de la Conf\u00e9rence G\u00e9n\u00e9rale et Pr\u00e9sidents de Division<\/em><\/p>\n<p>&nbsp;<\/p>\n","protected":false},"excerpt":{"rendered":"<p>11 avril 2018 | Silver Spring, Maryland, \u00c9tats-Unis | Leadership ex\u00e9cutif de la Conf\u00e9rence G\u00e9n\u00e9rale et pr\u00e9sidents de division La d\u00e9claration suivante a \u00e9t\u00e9 publi\u00e9e aujourd\u2019hui par les dirigeants ex\u00e9cutifs&#8230;<\/p>\n","protected":false},"author":3,"featured_media":40038,"comment_status":"open","ping_status":"closed","sticky":false,"template":"","format":"standard","meta":{"_acf_changed":false,"footnotes":""},"categories":[18,19],"tags":[],"class_list":["post-40378","post","type-post","status-publish","format-standard","has-post-thumbnail","hentry","category-nouvelles-de-leglise-mondiale","category-rss-francais"],"acf":[],"yoast_head":"<!-- This site is optimized with the Yoast SEO plugin v27.3 - https:\/\/yoast.com\/product\/yoast-seo-wordpress\/ -->\n<title>Une invitation \u00e0 \u00e9lever J\u00e9sus - \u00c9glise Adventiste Du Septieme Jour - Inter Am\u00e9rique Division<\/title>\n<meta name=\"robots\" content=\"index, follow, max-snippet:-1, max-image-preview:large, max-video-preview:-1\" \/>\n<link rel=\"canonical\" href=\"https:\/\/interamerica.org\/fr\/2018\/04\/une-invitation-a-elever-jesus\/\" \/>\n<meta property=\"og:locale\" content=\"fr_FR\" \/>\n<meta property=\"og:type\" content=\"article\" \/>\n<meta property=\"og:title\" content=\"Une invitation \u00e0 \u00e9lever J\u00e9sus - \u00c9glise Adventiste Du Septieme Jour - Inter Am\u00e9rique Division\" \/>\n<meta property=\"og:description\" content=\"11 avril 2018 | Silver Spring, Maryland, \u00c9tats-Unis | Leadership ex\u00e9cutif de la Conf\u00e9rence G\u00e9n\u00e9rale et pr\u00e9sidents de division La d\u00e9claration suivante a \u00e9t\u00e9 publi\u00e9e aujourd\u2019hui par les dirigeants ex\u00e9cutifs...\" \/>\n<meta property=\"og:url\" content=\"https:\/\/interamerica.org\/fr\/2018\/04\/une-invitation-a-elever-jesus\/\" \/>\n<meta property=\"og:site_name\" content=\"\u00c9glise Adventiste Du Septieme Jour - Inter Am\u00e9rique Division\" \/>\n<meta property=\"article:published_time\" content=\"2018-04-12T01:45:59+00:00\" \/>\n<meta property=\"article:modified_time\" content=\"2018-05-02T01:27:51+00:00\" \/>\n<meta property=\"og:image\" content=\"https:\/\/interamerica.org\/wp-content\/uploads\/2018\/04\/general-conference-corporation-board-reviews-and-refines-investment-practices-2.jpg\" \/>\n\t<meta property=\"og:image:width\" content=\"1000\" \/>\n\t<meta property=\"og:image:height\" content=\"500\" \/>\n\t<meta property=\"og:image:type\" content=\"image\/jpeg\" \/>\n<meta name=\"author\" content=\"libna\" \/>\n<meta name=\"twitter:card\" content=\"summary_large_image\" \/>\n<meta name=\"twitter:label1\" content=\"\u00c9crit par\" \/>\n\t<meta name=\"twitter:data1\" content=\"libna\" \/>\n\t<meta name=\"twitter:label2\" content=\"Dur\u00e9e de lecture estim\u00e9e\" \/>\n\t<meta name=\"twitter:data2\" content=\"6 minutes\" \/>\n<script type=\"application\/ld+json\" class=\"yoast-schema-graph\">{\"@context\":\"https:\\\/\\\/schema.org\",\"@graph\":[{\"@type\":\"Article\",\"@id\":\"https:\\\/\\\/interamerica.org\\\/fr\\\/2018\\\/04\\\/une-invitation-a-elever-jesus\\\/#article\",\"isPartOf\":{\"@id\":\"https:\\\/\\\/interamerica.org\\\/fr\\\/2018\\\/04\\\/une-invitation-a-elever-jesus\\\/\"},\"author\":{\"name\":\"libna\",\"@id\":\"https:\\\/\\\/interamerica.org\\\/fr\\\/#\\\/schema\\\/person\\\/29998f2bc2d8bd0d38662909289b54f1\"},\"headline\":\"Une invitation \u00e0 \u00e9lever J\u00e9sus\",\"datePublished\":\"2018-04-12T01:45:59+00:00\",\"dateModified\":\"2018-05-02T01:27:51+00:00\",\"mainEntityOfPage\":{\"@id\":\"https:\\\/\\\/interamerica.org\\\/fr\\\/2018\\\/04\\\/une-invitation-a-elever-jesus\\\/\"},\"wordCount\":1237,\"commentCount\":0,\"image\":{\"@id\":\"https:\\\/\\\/interamerica.org\\\/fr\\\/2018\\\/04\\\/une-invitation-a-elever-jesus\\\/#primaryimage\"},\"thumbnailUrl\":\"https:\\\/\\\/interamerica.org\\\/wp-content\\\/uploads\\\/2018\\\/04\\\/general-conference-corporation-board-reviews-and-refines-investment-practices-2.jpg\",\"articleSection\":[\"Nouvelles de l'\u00c9glise mondiale\",\"RSS Fran\u00e7ais\"],\"inLanguage\":\"fr-FR\",\"potentialAction\":[{\"@type\":\"CommentAction\",\"name\":\"Comment\",\"target\":[\"https:\\\/\\\/interamerica.org\\\/fr\\\/2018\\\/04\\\/une-invitation-a-elever-jesus\\\/#respond\"]}]},{\"@type\":\"WebPage\",\"@id\":\"https:\\\/\\\/interamerica.org\\\/fr\\\/2018\\\/04\\\/une-invitation-a-elever-jesus\\\/\",\"url\":\"https:\\\/\\\/interamerica.org\\\/fr\\\/2018\\\/04\\\/une-invitation-a-elever-jesus\\\/\",\"name\":\"Une invitation \u00e0 \u00e9lever J\u00e9sus - \u00c9glise Adventiste Du Septieme Jour - Inter Am\u00e9rique Division\",\"isPartOf\":{\"@id\":\"https:\\\/\\\/interamerica.org\\\/fr\\\/#website\"},\"primaryImageOfPage\":{\"@id\":\"https:\\\/\\\/interamerica.org\\\/fr\\\/2018\\\/04\\\/une-invitation-a-elever-jesus\\\/#primaryimage\"},\"image\":{\"@id\":\"https:\\\/\\\/interamerica.org\\\/fr\\\/2018\\\/04\\\/une-invitation-a-elever-jesus\\\/#primaryimage\"},\"thumbnailUrl\":\"https:\\\/\\\/interamerica.org\\\/wp-content\\\/uploads\\\/2018\\\/04\\\/general-conference-corporation-board-reviews-and-refines-investment-practices-2.jpg\",\"datePublished\":\"2018-04-12T01:45:59+00:00\",\"dateModified\":\"2018-05-02T01:27:51+00:00\",\"author\":{\"@id\":\"https:\\\/\\\/interamerica.org\\\/fr\\\/#\\\/schema\\\/person\\\/29998f2bc2d8bd0d38662909289b54f1\"},\"breadcrumb\":{\"@id\":\"https:\\\/\\\/interamerica.org\\\/fr\\\/2018\\\/04\\\/une-invitation-a-elever-jesus\\\/#breadcrumb\"},\"inLanguage\":\"fr-FR\",\"potentialAction\":[{\"@type\":\"ReadAction\",\"target\":[\"https:\\\/\\\/interamerica.org\\\/fr\\\/2018\\\/04\\\/une-invitation-a-elever-jesus\\\/\"]}]},{\"@type\":\"ImageObject\",\"inLanguage\":\"fr-FR\",\"@id\":\"https:\\\/\\\/interamerica.org\\\/fr\\\/2018\\\/04\\\/une-invitation-a-elever-jesus\\\/#primaryimage\",\"url\":\"https:\\\/\\\/interamerica.org\\\/wp-content\\\/uploads\\\/2018\\\/04\\\/general-conference-corporation-board-reviews-and-refines-investment-practices-2.jpg\",\"contentUrl\":\"https:\\\/\\\/interamerica.org\\\/wp-content\\\/uploads\\\/2018\\\/04\\\/general-conference-corporation-board-reviews-and-refines-investment-practices-2.jpg\",\"width\":1000,\"height\":500},{\"@type\":\"BreadcrumbList\",\"@id\":\"https:\\\/\\\/interamerica.org\\\/fr\\\/2018\\\/04\\\/une-invitation-a-elever-jesus\\\/#breadcrumb\",\"itemListElement\":[{\"@type\":\"ListItem\",\"position\":1,\"name\":\"Home\",\"item\":\"https:\\\/\\\/interamerica.org\\\/fr\\\/\"},{\"@type\":\"ListItem\",\"position\":2,\"name\":\"Une invitation \u00e0 \u00e9lever J\u00e9sus\"}]},{\"@type\":\"WebSite\",\"@id\":\"https:\\\/\\\/interamerica.org\\\/fr\\\/#website\",\"url\":\"https:\\\/\\\/interamerica.org\\\/fr\\\/\",\"name\":\"\u00c9glise Adventiste Du Septieme Jour - Inter Am\u00e9rique Division\",\"description\":\"\",\"potentialAction\":[{\"@type\":\"SearchAction\",\"target\":{\"@type\":\"EntryPoint\",\"urlTemplate\":\"https:\\\/\\\/interamerica.org\\\/fr\\\/?s={search_term_string}\"},\"query-input\":{\"@type\":\"PropertyValueSpecification\",\"valueRequired\":true,\"valueName\":\"search_term_string\"}}],\"inLanguage\":\"fr-FR\"},{\"@type\":\"Person\",\"@id\":\"https:\\\/\\\/interamerica.org\\\/fr\\\/#\\\/schema\\\/person\\\/29998f2bc2d8bd0d38662909289b54f1\",\"name\":\"libna\",\"image\":{\"@type\":\"ImageObject\",\"inLanguage\":\"fr-FR\",\"@id\":\"https:\\\/\\\/secure.gravatar.com\\\/avatar\\\/7c5bd30ae4b47a9ba3c856590957fd1d96dc588bf3ac05719d247e126840331f?s=96&d=mm&r=g\",\"url\":\"https:\\\/\\\/secure.gravatar.com\\\/avatar\\\/7c5bd30ae4b47a9ba3c856590957fd1d96dc588bf3ac05719d247e126840331f?s=96&d=mm&r=g\",\"contentUrl\":\"https:\\\/\\\/secure.gravatar.com\\\/avatar\\\/7c5bd30ae4b47a9ba3c856590957fd1d96dc588bf3ac05719d247e126840331f?s=96&d=mm&r=g\",\"caption\":\"libna\"}}]}<\/script>\n<!-- \/ Yoast SEO plugin. -->","yoast_head_json":{"title":"Une invitation \u00e0 \u00e9lever J\u00e9sus - \u00c9glise Adventiste Du Septieme Jour - Inter Am\u00e9rique Division","robots":{"index":"index","follow":"follow","max-snippet":"max-snippet:-1","max-image-preview":"max-image-preview:large","max-video-preview":"max-video-preview:-1"},"canonical":"https:\/\/interamerica.org\/fr\/2018\/04\/une-invitation-a-elever-jesus\/","og_locale":"fr_FR","og_type":"article","og_title":"Une invitation \u00e0 \u00e9lever J\u00e9sus - \u00c9glise Adventiste Du Septieme Jour - Inter Am\u00e9rique Division","og_description":"11 avril 2018 | Silver Spring, Maryland, \u00c9tats-Unis | Leadership ex\u00e9cutif de la Conf\u00e9rence G\u00e9n\u00e9rale et pr\u00e9sidents de division La d\u00e9claration suivante a \u00e9t\u00e9 publi\u00e9e aujourd\u2019hui par les dirigeants ex\u00e9cutifs...","og_url":"https:\/\/interamerica.org\/fr\/2018\/04\/une-invitation-a-elever-jesus\/","og_site_name":"\u00c9glise Adventiste Du Septieme Jour - Inter Am\u00e9rique Division","article_published_time":"2018-04-12T01:45:59+00:00","article_modified_time":"2018-05-02T01:27:51+00:00","og_image":[{"width":1000,"height":500,"url":"https:\/\/interamerica.org\/wp-content\/uploads\/2018\/04\/general-conference-corporation-board-reviews-and-refines-investment-practices-2.jpg","type":"image\/jpeg"}],"author":"libna","twitter_card":"summary_large_image","twitter_misc":{"\u00c9crit par":"libna","Dur\u00e9e de lecture estim\u00e9e":"6 minutes"},"schema":{"@context":"https:\/\/schema.org","@graph":[{"@type":"Article","@id":"https:\/\/interamerica.org\/fr\/2018\/04\/une-invitation-a-elever-jesus\/#article","isPartOf":{"@id":"https:\/\/interamerica.org\/fr\/2018\/04\/une-invitation-a-elever-jesus\/"},"author":{"name":"libna","@id":"https:\/\/interamerica.org\/fr\/#\/schema\/person\/29998f2bc2d8bd0d38662909289b54f1"},"headline":"Une invitation \u00e0 \u00e9lever J\u00e9sus","datePublished":"2018-04-12T01:45:59+00:00","dateModified":"2018-05-02T01:27:51+00:00","mainEntityOfPage":{"@id":"https:\/\/interamerica.org\/fr\/2018\/04\/une-invitation-a-elever-jesus\/"},"wordCount":1237,"commentCount":0,"image":{"@id":"https:\/\/interamerica.org\/fr\/2018\/04\/une-invitation-a-elever-jesus\/#primaryimage"},"thumbnailUrl":"https:\/\/interamerica.org\/wp-content\/uploads\/2018\/04\/general-conference-corporation-board-reviews-and-refines-investment-practices-2.jpg","articleSection":["Nouvelles de l'\u00c9glise mondiale","RSS Fran\u00e7ais"],"inLanguage":"fr-FR","potentialAction":[{"@type":"CommentAction","name":"Comment","target":["https:\/\/interamerica.org\/fr\/2018\/04\/une-invitation-a-elever-jesus\/#respond"]}]},{"@type":"WebPage","@id":"https:\/\/interamerica.org\/fr\/2018\/04\/une-invitation-a-elever-jesus\/","url":"https:\/\/interamerica.org\/fr\/2018\/04\/une-invitation-a-elever-jesus\/","name":"Une invitation \u00e0 \u00e9lever J\u00e9sus - \u00c9glise Adventiste Du Septieme Jour - Inter Am\u00e9rique Division","isPartOf":{"@id":"https:\/\/interamerica.org\/fr\/#website"},"primaryImageOfPage":{"@id":"https:\/\/interamerica.org\/fr\/2018\/04\/une-invitation-a-elever-jesus\/#primaryimage"},"image":{"@id":"https:\/\/interamerica.org\/fr\/2018\/04\/une-invitation-a-elever-jesus\/#primaryimage"},"thumbnailUrl":"https:\/\/interamerica.org\/wp-content\/uploads\/2018\/04\/general-conference-corporation-board-reviews-and-refines-investment-practices-2.jpg","datePublished":"2018-04-12T01:45:59+00:00","dateModified":"2018-05-02T01:27:51+00:00","author":{"@id":"https:\/\/interamerica.org\/fr\/#\/schema\/person\/29998f2bc2d8bd0d38662909289b54f1"},"breadcrumb":{"@id":"https:\/\/interamerica.org\/fr\/2018\/04\/une-invitation-a-elever-jesus\/#breadcrumb"},"inLanguage":"fr-FR","potentialAction":[{"@type":"ReadAction","target":["https:\/\/interamerica.org\/fr\/2018\/04\/une-invitation-a-elever-jesus\/"]}]},{"@type":"ImageObject","inLanguage":"fr-FR","@id":"https:\/\/interamerica.org\/fr\/2018\/04\/une-invitation-a-elever-jesus\/#primaryimage","url":"https:\/\/interamerica.org\/wp-content\/uploads\/2018\/04\/general-conference-corporation-board-reviews-and-refines-investment-practices-2.jpg","contentUrl":"https:\/\/interamerica.org\/wp-content\/uploads\/2018\/04\/general-conference-corporation-board-reviews-and-refines-investment-practices-2.jpg","width":1000,"height":500},{"@type":"BreadcrumbList","@id":"https:\/\/interamerica.org\/fr\/2018\/04\/une-invitation-a-elever-jesus\/#breadcrumb","itemListElement":[{"@type":"ListItem","position":1,"name":"Home","item":"https:\/\/interamerica.org\/fr\/"},{"@type":"ListItem","position":2,"name":"Une invitation \u00e0 \u00e9lever J\u00e9sus"}]},{"@type":"WebSite","@id":"https:\/\/interamerica.org\/fr\/#website","url":"https:\/\/interamerica.org\/fr\/","name":"\u00c9glise Adventiste Du Septieme Jour - Inter Am\u00e9rique Division","description":"","potentialAction":[{"@type":"SearchAction","target":{"@type":"EntryPoint","urlTemplate":"https:\/\/interamerica.org\/fr\/?s={search_term_string}"},"query-input":{"@type":"PropertyValueSpecification","valueRequired":true,"valueName":"search_term_string"}}],"inLanguage":"fr-FR"},{"@type":"Person","@id":"https:\/\/interamerica.org\/fr\/#\/schema\/person\/29998f2bc2d8bd0d38662909289b54f1","name":"libna","image":{"@type":"ImageObject","inLanguage":"fr-FR","@id":"https:\/\/secure.gravatar.com\/avatar\/7c5bd30ae4b47a9ba3c856590957fd1d96dc588bf3ac05719d247e126840331f?s=96&d=mm&r=g","url":"https:\/\/secure.gravatar.com\/avatar\/7c5bd30ae4b47a9ba3c856590957fd1d96dc588bf3ac05719d247e126840331f?s=96&d=mm&r=g","contentUrl":"https:\/\/secure.gravatar.com\/avatar\/7c5bd30ae4b47a9ba3c856590957fd1d96dc588bf3ac05719d247e126840331f?s=96&d=mm&r=g","caption":"libna"}}]}},"_links":{"self":[{"href":"https:\/\/interamerica.org\/fr\/wp-json\/wp\/v2\/posts\/40378","targetHints":{"allow":["GET"]}}],"collection":[{"href":"https:\/\/interamerica.org\/fr\/wp-json\/wp\/v2\/posts"}],"about":[{"href":"https:\/\/interamerica.org\/fr\/wp-json\/wp\/v2\/types\/post"}],"author":[{"embeddable":true,"href":"https:\/\/interamerica.org\/fr\/wp-json\/wp\/v2\/users\/3"}],"replies":[{"embeddable":true,"href":"https:\/\/interamerica.org\/fr\/wp-json\/wp\/v2\/comments?post=40378"}],"version-history":[{"count":0,"href":"https:\/\/interamerica.org\/fr\/wp-json\/wp\/v2\/posts\/40378\/revisions"}],"wp:featuredmedia":[{"embeddable":true,"href":"https:\/\/interamerica.org\/fr\/wp-json\/wp\/v2\/media\/40038"}],"wp:attachment":[{"href":"https:\/\/interamerica.org\/fr\/wp-json\/wp\/v2\/media?parent=40378"}],"wp:term":[{"taxonomy":"category","embeddable":true,"href":"https:\/\/interamerica.org\/fr\/wp-json\/wp\/v2\/categories?post=40378"},{"taxonomy":"post_tag","embeddable":true,"href":"https:\/\/interamerica.org\/fr\/wp-json\/wp\/v2\/tags?post=40378"}],"curies":[{"name":"wp","href":"https:\/\/api.w.org\/{rel}","templated":true}]}}