{"id":40580,"date":"2018-04-16T15:10:30","date_gmt":"2018-04-16T19:10:30","guid":{"rendered":"https:\/\/recursing-golick.147-182-135-0.plesk.page\/?p=40580"},"modified":"2018-05-01T21:23:40","modified_gmt":"2018-05-02T01:23:40","slug":"leglise-adventiste-valide-par-vote-la-nomination-du-president-et-du-secretaire-de-la-division-inter-americaine-le-leadership-de-pasteur-leito-honore","status":"publish","type":"post","link":"https:\/\/interamerica.org\/fr\/2018\/04\/leglise-adventiste-valide-par-vote-la-nomination-du-president-et-du-secretaire-de-la-division-inter-americaine-le-leadership-de-pasteur-leito-honore\/","title":{"rendered":"L\u2019Eglise Adventiste valide par vote la nomination du pr\u00e9sident et du secr\u00e9taire de la Division Inter Am\u00e9ricaine ; le leadership de pasteur Leito honor\u00e9"},"content":{"rendered":"<div id=\"attachment_40510\" style=\"width: 760px\" class=\"wp-caption aligncenter\"><img fetchpriority=\"high\" decoding=\"async\" aria-describedby=\"caption-attachment-40510\" class=\"wp-image-40510\" src=\"https:\/\/recursing-golick.147-182-135-0.plesk.page\/wp-content\/uploads\/2018\/04\/eliehenry-ketlie-1-300x188.jpg\" alt=\"\" width=\"750\" height=\"470\" srcset=\"https:\/\/interamerica.org\/wp-content\/uploads\/2018\/04\/eliehenry-ketlie-1-300x188.jpg 300w, https:\/\/interamerica.org\/wp-content\/uploads\/2018\/04\/eliehenry-ketlie-1-768x480.jpg 768w, https:\/\/interamerica.org\/wp-content\/uploads\/2018\/04\/eliehenry-ketlie-1-1024x640.jpg 1024w, https:\/\/interamerica.org\/wp-content\/uploads\/2018\/04\/eliehenry-ketlie-1.jpg 1280w\" sizes=\"(max-width: 750px) 100vw, 750px\" \/><p id=\"caption-attachment-40510\" class=\"wp-caption-text\">Dr Elie Henry et son \u00e9pouse Ketlie, lors du vote pour la pr\u00e9sidence de la DIA. Image du R\u00e9seau Adventiste d\u2019Informations<\/p><\/div>\n<p>16 avril 2018 | Silver Spring, Maryland, \u00c9tats-Unis | Libna Stevens \/ DIA<\/p>\n<p>Le Comit\u00e9 Ex\u00e9cutif de la Conf\u00e9rence G\u00e9n\u00e9rale des Adventistes du Septi\u00e8me Jour a vot\u00e9 la semaine derni\u00e8re d\u2019accepter la recommandation que Dr Elie Henry soit pr\u00e9sident et Dr Leonard Johnson secr\u00e9taire ex\u00e9cutif de la Division Inter Am\u00e9ricaine (DIA). Les deux noms ont \u00e9t\u00e9 vot\u00e9s le 10 avril \u00e0 Silver Spring, dans le Maryland, lors d\u2019une des rencontres administratives du corps gouvernant de l\u2019Eglise mondiale.<\/p>\n<p>&nbsp;<\/p>\n<p>Dr Elie Henry restera pr\u00e9sident \u00e9lu jusqu\u2019\u00e0 la fin du mois de juillet, date \u00e0 laquelle pasteur Isra\u00ebl Leito prendra sa retraite du poste de pr\u00e9sident de la DIA, a indiqu\u00e9 G. T. Ng, secr\u00e9taire ex\u00e9cutif de l\u2019Eglise Adventiste mondiale avant le vote. \u00ab\u00a0Dr. Henry deviendra pr\u00e9sident \u00e0 partir du 1er ao\u00fbt 2018,\u00a0\u00bb a indiqu\u00e9 G.T. Ng.<\/p>\n<div id=\"attachment_40502\" style=\"width: 413px\" class=\"wp-caption alignleft\"><img decoding=\"async\" aria-describedby=\"caption-attachment-40502\" class=\"wp-image-40502\" src=\"https:\/\/recursing-golick.147-182-135-0.plesk.page\/wp-content\/uploads\/2018\/04\/leonardjohnson-denise-300x187.jpg\" alt=\"\" width=\"403\" height=\"251\" srcset=\"https:\/\/interamerica.org\/wp-content\/uploads\/2018\/04\/leonardjohnson-denise-300x187.jpg 300w, https:\/\/interamerica.org\/wp-content\/uploads\/2018\/04\/leonardjohnson-denise-768x479.jpg 768w, https:\/\/interamerica.org\/wp-content\/uploads\/2018\/04\/leonardjohnson-denise-1024x639.jpg 1024w, https:\/\/interamerica.org\/wp-content\/uploads\/2018\/04\/leonardjohnson-denise.jpg 1280w\" sizes=\"(max-width: 403px) 100vw, 403px\" \/><p id=\"caption-attachment-40502\" class=\"wp-caption-text\">Dr Leonard Johnson est \u00e9lu Secr\u00e9taire Ex\u00e9cutif de la DIA, \u00e0 c\u00f4t\u00e9 de son \u00e9pouse Denise. Image du R\u00e9seau Adventiste d\u2019Informations<\/p><\/div>\n<p>Le pr\u00e9sident de l\u2019Eglise Adventiste mondiale, pasteur Ted N.C. Wilson, a parl\u00e9 dans des termes \u00e9logieux du Dr Henry et de ses sept ann\u00e9es d\u2019exp\u00e9rience en tant que secr\u00e9taire de la DIA, pr\u00e9sident d\u2019union, et aussi de son leadership dans le milieu universitaire au s\u00e9minaire Adventiste en Ha\u00efti.<\/p>\n<p>\u00ab C\u2019est un privil\u00e8ge de vous pr\u00e9senter cette information, \u00bb a d\u00e9clar\u00e9 Ted Wilson lors de son allocution au comit\u00e9. \u00ab\u00a0La d\u00e9l\u00e9gation de la DIA \u00e0 Miami a r\u00e9cemment vot\u00e9 de recommander Dr Henry et nous, par la foi, nous allons de l\u2019avant.\u00a0\u00bb<\/p>\n<p>Dr Leonard Johnson a \u00e9galement \u00e9t\u00e9 nomm\u00e9 secr\u00e9taire ex\u00e9cutif \u00e9lu jusqu\u2019au 1er ao\u00fbt 2018, date \u00e0 laquelle il commencera officiellement \u00e0 occuper la fonction administrative. Leonard Johnson a servi en tant que directeur adjoint de l\u2019association pastorale pour l\u2019Eglise Adventiste en Inter-Am\u00e9rique et aussi comme pr\u00e9sident de l\u2019Union Carib\u00e9enne Atlantique qui supervise Les Bahamas, les Iles Ca\u00efman et les \u00eeles Turques et Ca\u00efques.<\/p>\n<p>\u00ab\u00a0Dr. Johnson est une personne tr\u00e8s \u00e9quilibr\u00e9e et quelqu\u2019un \u00e0 qui la commission de nominations de l\u2019Inter Am\u00e9rique ainsi que la d\u00e9l\u00e9gation ont apport\u00e9 un fort soutien en le recommandant comme secr\u00e9taire ex\u00e9cutif, \u00bb a d\u00e9clar\u00e9 pasteur Wilson.<\/p>\n<p>Le Comit\u00e9 Ex\u00e9cutif de la Conf\u00e9rence G\u00e9n\u00e9rale a \u00e9galement rendu hommage au pasteur Isra\u00ebl Leito, pr\u00e9sident de l\u2019Eglise Adventiste en Inter Am\u00e9rique, pour son leadership et son long service pour l\u2019\u00e9glise.<\/p>\n<p>\u00ab Au nom de l\u2019Eglise Adventiste mondiale et en mon propre nom, nous voulons vous remercier pour le d\u00e9vouement extraordinaire avec lequel vous avez investi votre vie dans l\u2019\u0153uvre de l\u2019\u00e9glise, et pour l\u2019accent que vous avez plac\u00e9 sur la mission et l\u2019action missionnaire de ce pr\u00e9cieux mouvement Adventiste, \u00bb a dit pasteur Wilson en s\u2019adressant au pasteur Leito et au comit\u00e9.<\/p>\n<p>Pasteur Leito a remerci\u00e9 le comit\u00e9 de lui avoir permis de servir l\u2019\u00e9glise pendant autant d\u2019ann\u00e9es. Il a parl\u00e9 des plus de 30 ans qu\u2019il a pass\u00e9s \u00e0 si\u00e9ger au Comit\u00e9 Ex\u00e9cutif de la Conf\u00e9rence G\u00e9n\u00e9rale.<\/p>\n<div id=\"attachment_40505\" style=\"width: 421px\" class=\"wp-caption alignleft\"><img decoding=\"async\" aria-describedby=\"caption-attachment-40505\" class=\" wp-image-40505\" src=\"https:\/\/recursing-golick.147-182-135-0.plesk.page\/wp-content\/uploads\/2018\/04\/wilson-leito-gcspringcouncil-300x187.jpg\" alt=\"\" width=\"411\" height=\"256\" srcset=\"https:\/\/interamerica.org\/wp-content\/uploads\/2018\/04\/wilson-leito-gcspringcouncil-300x187.jpg 300w, https:\/\/interamerica.org\/wp-content\/uploads\/2018\/04\/wilson-leito-gcspringcouncil.jpg 596w\" sizes=\"(max-width: 411px) 100vw, 411px\" \/><p id=\"caption-attachment-40505\" class=\"wp-caption-text\">Adventist World Church President Ted N.C. Wilson honors IAD President Pastor Israel Leito, who will retire from service on Aug. 1, 2018. Image from Adventist News Network<\/p><\/div>\n<p>Le pr\u00e9sident de l\u2019\u00c9glise Adventiste mondiale, Ted N. C. Wilson, rend hommage au pr\u00e9sident de la DIA, pasteur Isra\u00ebl Leito, qui prendra sa retraite le 1er ao\u00fbt 2018. Image du R\u00e9seau Adventiste d\u2019Informations<\/p>\n<p>\u00ab\u00a0Apr\u00e8s avoir servi l\u2019\u00e9glise pendant pr\u00e8s de 25 ans, il est temps d\u2019arr\u00eater de penser que le Seigneur n\u2019a personne d\u2019autre pour accomplir le travail,\u00a0\u00bb a d\u00e9clar\u00e9 pasteur Leito. \u00ab\u00a0Cette \u00e9glise appartient \u00e0 J\u00e9sus-Christ et je loue le Seigneur pour ce qu\u2019Il a fait pour Son \u00e9glise, je remercie la Conf\u00e9rence G\u00e9n\u00e9rale pour le privil\u00e8ge que j\u2019ai eu de servir cette \u00e9glise pendant si longtemps.\u00a0\u00bb<\/p>\n<p>Pasteur Leito a dit qu\u2019il continuerait \u00e0 servir l\u2019\u00e9glise en coulisse. Il a encourag\u00e9 les dirigeants \u00e0 \u00eatre fid\u00e8les en continuant \u00e0 travailler et \u00e0 servir l\u2019\u00e9glise.<br \/>\n\u00ab\u00a0Il y a encore beaucoup de choses \u00e0 faire et le Seigneur nous utilisera si nous sommes assez humbles pour nous laisser utiliser par Lui,\u00a0\u00bb a-t-il dit aux membres du comit\u00e9. \u00ab\u00a0Merci d\u2019\u00eatre des amis, de m\u2019aider \u00e0 grandir et de consolider l\u2019\u00e9glise de Dieu.\u00a0\u00bb<\/p>\n<p><a href=\"mailto:https:\/\/recursing-golick.147-182-135-0.plesk.page\/2018\/03\/iad-president-announces-retirement-during-church-business-meetings\/\">Pastor Leito a annonc\u00e9 son d\u00e9part \u00e0 la retraite de la DIA\u00a0<\/a>lors des rencontres ex\u00e9cutives de milieu d\u2019ann\u00e9e de l\u2019\u00e9glise qui se sont tenues le mois dernier.<\/p>\n<p>&nbsp;<\/p>\n<p>Traduction: Patrick Luciathe<\/p>\n<p>.<\/p>\n","protected":false},"excerpt":{"rendered":"<p>16 avril 2018 | Silver Spring, Maryland, \u00c9tats-Unis | Libna Stevens \/ DIA Le Comit\u00e9 Ex\u00e9cutif de la Conf\u00e9rence G\u00e9n\u00e9rale des Adventistes du Septi\u00e8me Jour a vot\u00e9 la semaine derni\u00e8re&#8230;<\/p>\n","protected":false},"author":3,"featured_media":40511,"comment_status":"open","ping_status":"closed","sticky":false,"template":"","format":"standard","meta":{"_acf_changed":false,"footnotes":""},"categories":[20,19],"tags":[],"class_list":["post-40580","post","type-post","status-publish","format-standard","has-post-thumbnail","hentry","category-nouvelles-du-siege-de-la-division","category-rss-francais"],"acf":[],"yoast_head":"<!-- This site is optimized with the Yoast SEO plugin v27.3 - https:\/\/yoast.com\/product\/yoast-seo-wordpress\/ -->\n<title>L\u2019Eglise Adventiste valide par vote la nomination du pr\u00e9sident et du secr\u00e9taire de la Division Inter Am\u00e9ricaine ; le leadership de pasteur Leito honor\u00e9 - \u00c9glise Adventiste Du Septieme Jour - Inter Am\u00e9rique Division<\/title>\n<meta name=\"robots\" content=\"index, follow, max-snippet:-1, max-image-preview:large, max-video-preview:-1\" \/>\n<link rel=\"canonical\" href=\"https:\/\/interamerica.org\/fr\/2018\/04\/leglise-adventiste-valide-par-vote-la-nomination-du-president-et-du-secretaire-de-la-division-inter-americaine-le-leadership-de-pasteur-leito-honore\/\" \/>\n<meta property=\"og:locale\" content=\"fr_FR\" \/>\n<meta property=\"og:type\" content=\"article\" \/>\n<meta property=\"og:title\" content=\"L\u2019Eglise Adventiste valide par vote la nomination du pr\u00e9sident et du secr\u00e9taire de la Division Inter Am\u00e9ricaine ; le leadership de pasteur Leito honor\u00e9 - \u00c9glise Adventiste Du Septieme Jour - Inter Am\u00e9rique Division\" \/>\n<meta property=\"og:description\" content=\"16 avril 2018 | Silver Spring, Maryland, \u00c9tats-Unis | Libna Stevens \/ DIA Le Comit\u00e9 Ex\u00e9cutif de la Conf\u00e9rence G\u00e9n\u00e9rale des Adventistes du Septi\u00e8me Jour a vot\u00e9 la semaine derni\u00e8re...\" \/>\n<meta property=\"og:url\" content=\"https:\/\/interamerica.org\/fr\/2018\/04\/leglise-adventiste-valide-par-vote-la-nomination-du-president-et-du-secretaire-de-la-division-inter-americaine-le-leadership-de-pasteur-leito-honore\/\" \/>\n<meta property=\"og:site_name\" content=\"\u00c9glise Adventiste Du Septieme Jour - Inter Am\u00e9rique Division\" \/>\n<meta property=\"article:published_time\" content=\"2018-04-16T19:10:30+00:00\" \/>\n<meta property=\"article:modified_time\" content=\"2018-05-02T01:23:40+00:00\" \/>\n<meta property=\"og:image\" content=\"https:\/\/interamerica.org\/wp-content\/uploads\/2018\/04\/eliehenry-ketlie-1.jpg\" \/>\n\t<meta property=\"og:image:width\" content=\"1280\" \/>\n\t<meta property=\"og:image:height\" content=\"800\" \/>\n\t<meta property=\"og:image:type\" content=\"image\/jpeg\" \/>\n<meta name=\"author\" content=\"libna\" \/>\n<meta name=\"twitter:card\" content=\"summary_large_image\" \/>\n<meta name=\"twitter:label1\" content=\"\u00c9crit par\" \/>\n\t<meta name=\"twitter:data1\" content=\"libna\" \/>\n\t<meta name=\"twitter:label2\" content=\"Dur\u00e9e de lecture estim\u00e9e\" \/>\n\t<meta name=\"twitter:data2\" content=\"4 minutes\" \/>\n<script type=\"application\/ld+json\" class=\"yoast-schema-graph\">{\"@context\":\"https:\\\/\\\/schema.org\",\"@graph\":[{\"@type\":\"Article\",\"@id\":\"https:\\\/\\\/interamerica.org\\\/fr\\\/2018\\\/04\\\/leglise-adventiste-valide-par-vote-la-nomination-du-president-et-du-secretaire-de-la-division-inter-americaine-le-leadership-de-pasteur-leito-honore\\\/#article\",\"isPartOf\":{\"@id\":\"https:\\\/\\\/interamerica.org\\\/fr\\\/2018\\\/04\\\/leglise-adventiste-valide-par-vote-la-nomination-du-president-et-du-secretaire-de-la-division-inter-americaine-le-leadership-de-pasteur-leito-honore\\\/\"},\"author\":{\"name\":\"libna\",\"@id\":\"https:\\\/\\\/interamerica.org\\\/fr\\\/#\\\/schema\\\/person\\\/29998f2bc2d8bd0d38662909289b54f1\"},\"headline\":\"L\u2019Eglise Adventiste valide par vote la nomination du pr\u00e9sident et du secr\u00e9taire de la Division Inter Am\u00e9ricaine ; le leadership de pasteur Leito honor\u00e9\",\"datePublished\":\"2018-04-16T19:10:30+00:00\",\"dateModified\":\"2018-05-02T01:23:40+00:00\",\"mainEntityOfPage\":{\"@id\":\"https:\\\/\\\/interamerica.org\\\/fr\\\/2018\\\/04\\\/leglise-adventiste-valide-par-vote-la-nomination-du-president-et-du-secretaire-de-la-division-inter-americaine-le-leadership-de-pasteur-leito-honore\\\/\"},\"wordCount\":874,\"commentCount\":0,\"image\":{\"@id\":\"https:\\\/\\\/interamerica.org\\\/fr\\\/2018\\\/04\\\/leglise-adventiste-valide-par-vote-la-nomination-du-president-et-du-secretaire-de-la-division-inter-americaine-le-leadership-de-pasteur-leito-honore\\\/#primaryimage\"},\"thumbnailUrl\":\"https:\\\/\\\/interamerica.org\\\/wp-content\\\/uploads\\\/2018\\\/04\\\/eliehenry-ketlie-1.jpg\",\"articleSection\":[\"Nouvelles du si\u00e8ge de la division\",\"RSS Fran\u00e7ais\"],\"inLanguage\":\"fr-FR\",\"potentialAction\":[{\"@type\":\"CommentAction\",\"name\":\"Comment\",\"target\":[\"https:\\\/\\\/interamerica.org\\\/fr\\\/2018\\\/04\\\/leglise-adventiste-valide-par-vote-la-nomination-du-president-et-du-secretaire-de-la-division-inter-americaine-le-leadership-de-pasteur-leito-honore\\\/#respond\"]}]},{\"@type\":\"WebPage\",\"@id\":\"https:\\\/\\\/interamerica.org\\\/fr\\\/2018\\\/04\\\/leglise-adventiste-valide-par-vote-la-nomination-du-president-et-du-secretaire-de-la-division-inter-americaine-le-leadership-de-pasteur-leito-honore\\\/\",\"url\":\"https:\\\/\\\/interamerica.org\\\/fr\\\/2018\\\/04\\\/leglise-adventiste-valide-par-vote-la-nomination-du-president-et-du-secretaire-de-la-division-inter-americaine-le-leadership-de-pasteur-leito-honore\\\/\",\"name\":\"L\u2019Eglise Adventiste valide par vote la nomination du pr\u00e9sident et du secr\u00e9taire de la Division Inter Am\u00e9ricaine ; le leadership de pasteur Leito honor\u00e9 - \u00c9glise Adventiste Du Septieme Jour - Inter Am\u00e9rique Division\",\"isPartOf\":{\"@id\":\"https:\\\/\\\/interamerica.org\\\/fr\\\/#website\"},\"primaryImageOfPage\":{\"@id\":\"https:\\\/\\\/interamerica.org\\\/fr\\\/2018\\\/04\\\/leglise-adventiste-valide-par-vote-la-nomination-du-president-et-du-secretaire-de-la-division-inter-americaine-le-leadership-de-pasteur-leito-honore\\\/#primaryimage\"},\"image\":{\"@id\":\"https:\\\/\\\/interamerica.org\\\/fr\\\/2018\\\/04\\\/leglise-adventiste-valide-par-vote-la-nomination-du-president-et-du-secretaire-de-la-division-inter-americaine-le-leadership-de-pasteur-leito-honore\\\/#primaryimage\"},\"thumbnailUrl\":\"https:\\\/\\\/interamerica.org\\\/wp-content\\\/uploads\\\/2018\\\/04\\\/eliehenry-ketlie-1.jpg\",\"datePublished\":\"2018-04-16T19:10:30+00:00\",\"dateModified\":\"2018-05-02T01:23:40+00:00\",\"author\":{\"@id\":\"https:\\\/\\\/interamerica.org\\\/fr\\\/#\\\/schema\\\/person\\\/29998f2bc2d8bd0d38662909289b54f1\"},\"breadcrumb\":{\"@id\":\"https:\\\/\\\/interamerica.org\\\/fr\\\/2018\\\/04\\\/leglise-adventiste-valide-par-vote-la-nomination-du-president-et-du-secretaire-de-la-division-inter-americaine-le-leadership-de-pasteur-leito-honore\\\/#breadcrumb\"},\"inLanguage\":\"fr-FR\",\"potentialAction\":[{\"@type\":\"ReadAction\",\"target\":[\"https:\\\/\\\/interamerica.org\\\/fr\\\/2018\\\/04\\\/leglise-adventiste-valide-par-vote-la-nomination-du-president-et-du-secretaire-de-la-division-inter-americaine-le-leadership-de-pasteur-leito-honore\\\/\"]}]},{\"@type\":\"ImageObject\",\"inLanguage\":\"fr-FR\",\"@id\":\"https:\\\/\\\/interamerica.org\\\/fr\\\/2018\\\/04\\\/leglise-adventiste-valide-par-vote-la-nomination-du-president-et-du-secretaire-de-la-division-inter-americaine-le-leadership-de-pasteur-leito-honore\\\/#primaryimage\",\"url\":\"https:\\\/\\\/interamerica.org\\\/wp-content\\\/uploads\\\/2018\\\/04\\\/eliehenry-ketlie-1.jpg\",\"contentUrl\":\"https:\\\/\\\/interamerica.org\\\/wp-content\\\/uploads\\\/2018\\\/04\\\/eliehenry-ketlie-1.jpg\",\"width\":1280,\"height\":800,\"caption\":\"Dr. Elie Henry and his wife Ketlie, as the vote was taken to be the IAD President. Image from Adventist News Network\"},{\"@type\":\"BreadcrumbList\",\"@id\":\"https:\\\/\\\/interamerica.org\\\/fr\\\/2018\\\/04\\\/leglise-adventiste-valide-par-vote-la-nomination-du-president-et-du-secretaire-de-la-division-inter-americaine-le-leadership-de-pasteur-leito-honore\\\/#breadcrumb\",\"itemListElement\":[{\"@type\":\"ListItem\",\"position\":1,\"name\":\"Home\",\"item\":\"https:\\\/\\\/interamerica.org\\\/fr\\\/\"},{\"@type\":\"ListItem\",\"position\":2,\"name\":\"L\u2019Eglise Adventiste valide par vote la nomination du pr\u00e9sident et du secr\u00e9taire de la Division Inter Am\u00e9ricaine ; le leadership de pasteur Leito honor\u00e9\"}]},{\"@type\":\"WebSite\",\"@id\":\"https:\\\/\\\/interamerica.org\\\/fr\\\/#website\",\"url\":\"https:\\\/\\\/interamerica.org\\\/fr\\\/\",\"name\":\"\u00c9glise Adventiste Du Septieme Jour - Inter Am\u00e9rique Division\",\"description\":\"\",\"potentialAction\":[{\"@type\":\"SearchAction\",\"target\":{\"@type\":\"EntryPoint\",\"urlTemplate\":\"https:\\\/\\\/interamerica.org\\\/fr\\\/?s={search_term_string}\"},\"query-input\":{\"@type\":\"PropertyValueSpecification\",\"valueRequired\":true,\"valueName\":\"search_term_string\"}}],\"inLanguage\":\"fr-FR\"},{\"@type\":\"Person\",\"@id\":\"https:\\\/\\\/interamerica.org\\\/fr\\\/#\\\/schema\\\/person\\\/29998f2bc2d8bd0d38662909289b54f1\",\"name\":\"libna\",\"image\":{\"@type\":\"ImageObject\",\"inLanguage\":\"fr-FR\",\"@id\":\"https:\\\/\\\/secure.gravatar.com\\\/avatar\\\/7c5bd30ae4b47a9ba3c856590957fd1d96dc588bf3ac05719d247e126840331f?s=96&d=mm&r=g\",\"url\":\"https:\\\/\\\/secure.gravatar.com\\\/avatar\\\/7c5bd30ae4b47a9ba3c856590957fd1d96dc588bf3ac05719d247e126840331f?s=96&d=mm&r=g\",\"contentUrl\":\"https:\\\/\\\/secure.gravatar.com\\\/avatar\\\/7c5bd30ae4b47a9ba3c856590957fd1d96dc588bf3ac05719d247e126840331f?s=96&d=mm&r=g\",\"caption\":\"libna\"}}]}<\/script>\n<!-- \/ Yoast SEO plugin. -->","yoast_head_json":{"title":"L\u2019Eglise Adventiste valide par vote la nomination du pr\u00e9sident et du secr\u00e9taire de la Division Inter Am\u00e9ricaine ; le leadership de pasteur Leito honor\u00e9 - \u00c9glise Adventiste Du Septieme Jour - Inter Am\u00e9rique Division","robots":{"index":"index","follow":"follow","max-snippet":"max-snippet:-1","max-image-preview":"max-image-preview:large","max-video-preview":"max-video-preview:-1"},"canonical":"https:\/\/interamerica.org\/fr\/2018\/04\/leglise-adventiste-valide-par-vote-la-nomination-du-president-et-du-secretaire-de-la-division-inter-americaine-le-leadership-de-pasteur-leito-honore\/","og_locale":"fr_FR","og_type":"article","og_title":"L\u2019Eglise Adventiste valide par vote la nomination du pr\u00e9sident et du secr\u00e9taire de la Division Inter Am\u00e9ricaine ; le leadership de pasteur Leito honor\u00e9 - \u00c9glise Adventiste Du Septieme Jour - Inter Am\u00e9rique Division","og_description":"16 avril 2018 | Silver Spring, Maryland, \u00c9tats-Unis | Libna Stevens \/ DIA Le Comit\u00e9 Ex\u00e9cutif de la Conf\u00e9rence G\u00e9n\u00e9rale des Adventistes du Septi\u00e8me Jour a vot\u00e9 la semaine derni\u00e8re...","og_url":"https:\/\/interamerica.org\/fr\/2018\/04\/leglise-adventiste-valide-par-vote-la-nomination-du-president-et-du-secretaire-de-la-division-inter-americaine-le-leadership-de-pasteur-leito-honore\/","og_site_name":"\u00c9glise Adventiste Du Septieme Jour - Inter Am\u00e9rique Division","article_published_time":"2018-04-16T19:10:30+00:00","article_modified_time":"2018-05-02T01:23:40+00:00","og_image":[{"width":1280,"height":800,"url":"https:\/\/interamerica.org\/wp-content\/uploads\/2018\/04\/eliehenry-ketlie-1.jpg","type":"image\/jpeg"}],"author":"libna","twitter_card":"summary_large_image","twitter_misc":{"\u00c9crit par":"libna","Dur\u00e9e de lecture estim\u00e9e":"4 minutes"},"schema":{"@context":"https:\/\/schema.org","@graph":[{"@type":"Article","@id":"https:\/\/interamerica.org\/fr\/2018\/04\/leglise-adventiste-valide-par-vote-la-nomination-du-president-et-du-secretaire-de-la-division-inter-americaine-le-leadership-de-pasteur-leito-honore\/#article","isPartOf":{"@id":"https:\/\/interamerica.org\/fr\/2018\/04\/leglise-adventiste-valide-par-vote-la-nomination-du-president-et-du-secretaire-de-la-division-inter-americaine-le-leadership-de-pasteur-leito-honore\/"},"author":{"name":"libna","@id":"https:\/\/interamerica.org\/fr\/#\/schema\/person\/29998f2bc2d8bd0d38662909289b54f1"},"headline":"L\u2019Eglise Adventiste valide par vote la nomination du pr\u00e9sident et du secr\u00e9taire de la Division Inter Am\u00e9ricaine ; le leadership de pasteur Leito honor\u00e9","datePublished":"2018-04-16T19:10:30+00:00","dateModified":"2018-05-02T01:23:40+00:00","mainEntityOfPage":{"@id":"https:\/\/interamerica.org\/fr\/2018\/04\/leglise-adventiste-valide-par-vote-la-nomination-du-president-et-du-secretaire-de-la-division-inter-americaine-le-leadership-de-pasteur-leito-honore\/"},"wordCount":874,"commentCount":0,"image":{"@id":"https:\/\/interamerica.org\/fr\/2018\/04\/leglise-adventiste-valide-par-vote-la-nomination-du-president-et-du-secretaire-de-la-division-inter-americaine-le-leadership-de-pasteur-leito-honore\/#primaryimage"},"thumbnailUrl":"https:\/\/interamerica.org\/wp-content\/uploads\/2018\/04\/eliehenry-ketlie-1.jpg","articleSection":["Nouvelles du si\u00e8ge de la division","RSS Fran\u00e7ais"],"inLanguage":"fr-FR","potentialAction":[{"@type":"CommentAction","name":"Comment","target":["https:\/\/interamerica.org\/fr\/2018\/04\/leglise-adventiste-valide-par-vote-la-nomination-du-president-et-du-secretaire-de-la-division-inter-americaine-le-leadership-de-pasteur-leito-honore\/#respond"]}]},{"@type":"WebPage","@id":"https:\/\/interamerica.org\/fr\/2018\/04\/leglise-adventiste-valide-par-vote-la-nomination-du-president-et-du-secretaire-de-la-division-inter-americaine-le-leadership-de-pasteur-leito-honore\/","url":"https:\/\/interamerica.org\/fr\/2018\/04\/leglise-adventiste-valide-par-vote-la-nomination-du-president-et-du-secretaire-de-la-division-inter-americaine-le-leadership-de-pasteur-leito-honore\/","name":"L\u2019Eglise Adventiste valide par vote la nomination du pr\u00e9sident et du secr\u00e9taire de la Division Inter Am\u00e9ricaine ; le leadership de pasteur Leito honor\u00e9 - \u00c9glise Adventiste Du Septieme Jour - Inter Am\u00e9rique Division","isPartOf":{"@id":"https:\/\/interamerica.org\/fr\/#website"},"primaryImageOfPage":{"@id":"https:\/\/interamerica.org\/fr\/2018\/04\/leglise-adventiste-valide-par-vote-la-nomination-du-president-et-du-secretaire-de-la-division-inter-americaine-le-leadership-de-pasteur-leito-honore\/#primaryimage"},"image":{"@id":"https:\/\/interamerica.org\/fr\/2018\/04\/leglise-adventiste-valide-par-vote-la-nomination-du-president-et-du-secretaire-de-la-division-inter-americaine-le-leadership-de-pasteur-leito-honore\/#primaryimage"},"thumbnailUrl":"https:\/\/interamerica.org\/wp-content\/uploads\/2018\/04\/eliehenry-ketlie-1.jpg","datePublished":"2018-04-16T19:10:30+00:00","dateModified":"2018-05-02T01:23:40+00:00","author":{"@id":"https:\/\/interamerica.org\/fr\/#\/schema\/person\/29998f2bc2d8bd0d38662909289b54f1"},"breadcrumb":{"@id":"https:\/\/interamerica.org\/fr\/2018\/04\/leglise-adventiste-valide-par-vote-la-nomination-du-president-et-du-secretaire-de-la-division-inter-americaine-le-leadership-de-pasteur-leito-honore\/#breadcrumb"},"inLanguage":"fr-FR","potentialAction":[{"@type":"ReadAction","target":["https:\/\/interamerica.org\/fr\/2018\/04\/leglise-adventiste-valide-par-vote-la-nomination-du-president-et-du-secretaire-de-la-division-inter-americaine-le-leadership-de-pasteur-leito-honore\/"]}]},{"@type":"ImageObject","inLanguage":"fr-FR","@id":"https:\/\/interamerica.org\/fr\/2018\/04\/leglise-adventiste-valide-par-vote-la-nomination-du-president-et-du-secretaire-de-la-division-inter-americaine-le-leadership-de-pasteur-leito-honore\/#primaryimage","url":"https:\/\/interamerica.org\/wp-content\/uploads\/2018\/04\/eliehenry-ketlie-1.jpg","contentUrl":"https:\/\/interamerica.org\/wp-content\/uploads\/2018\/04\/eliehenry-ketlie-1.jpg","width":1280,"height":800,"caption":"Dr. Elie Henry and his wife Ketlie, as the vote was taken to be the IAD President. Image from Adventist News Network"},{"@type":"BreadcrumbList","@id":"https:\/\/interamerica.org\/fr\/2018\/04\/leglise-adventiste-valide-par-vote-la-nomination-du-president-et-du-secretaire-de-la-division-inter-americaine-le-leadership-de-pasteur-leito-honore\/#breadcrumb","itemListElement":[{"@type":"ListItem","position":1,"name":"Home","item":"https:\/\/interamerica.org\/fr\/"},{"@type":"ListItem","position":2,"name":"L\u2019Eglise Adventiste valide par vote la nomination du pr\u00e9sident et du secr\u00e9taire de la Division Inter Am\u00e9ricaine ; le leadership de pasteur Leito honor\u00e9"}]},{"@type":"WebSite","@id":"https:\/\/interamerica.org\/fr\/#website","url":"https:\/\/interamerica.org\/fr\/","name":"\u00c9glise Adventiste Du Septieme Jour - Inter Am\u00e9rique Division","description":"","potentialAction":[{"@type":"SearchAction","target":{"@type":"EntryPoint","urlTemplate":"https:\/\/interamerica.org\/fr\/?s={search_term_string}"},"query-input":{"@type":"PropertyValueSpecification","valueRequired":true,"valueName":"search_term_string"}}],"inLanguage":"fr-FR"},{"@type":"Person","@id":"https:\/\/interamerica.org\/fr\/#\/schema\/person\/29998f2bc2d8bd0d38662909289b54f1","name":"libna","image":{"@type":"ImageObject","inLanguage":"fr-FR","@id":"https:\/\/secure.gravatar.com\/avatar\/7c5bd30ae4b47a9ba3c856590957fd1d96dc588bf3ac05719d247e126840331f?s=96&d=mm&r=g","url":"https:\/\/secure.gravatar.com\/avatar\/7c5bd30ae4b47a9ba3c856590957fd1d96dc588bf3ac05719d247e126840331f?s=96&d=mm&r=g","contentUrl":"https:\/\/secure.gravatar.com\/avatar\/7c5bd30ae4b47a9ba3c856590957fd1d96dc588bf3ac05719d247e126840331f?s=96&d=mm&r=g","caption":"libna"}}]}},"_links":{"self":[{"href":"https:\/\/interamerica.org\/fr\/wp-json\/wp\/v2\/posts\/40580","targetHints":{"allow":["GET"]}}],"collection":[{"href":"https:\/\/interamerica.org\/fr\/wp-json\/wp\/v2\/posts"}],"about":[{"href":"https:\/\/interamerica.org\/fr\/wp-json\/wp\/v2\/types\/post"}],"author":[{"embeddable":true,"href":"https:\/\/interamerica.org\/fr\/wp-json\/wp\/v2\/users\/3"}],"replies":[{"embeddable":true,"href":"https:\/\/interamerica.org\/fr\/wp-json\/wp\/v2\/comments?post=40580"}],"version-history":[{"count":0,"href":"https:\/\/interamerica.org\/fr\/wp-json\/wp\/v2\/posts\/40580\/revisions"}],"wp:featuredmedia":[{"embeddable":true,"href":"https:\/\/interamerica.org\/fr\/wp-json\/wp\/v2\/media\/40511"}],"wp:attachment":[{"href":"https:\/\/interamerica.org\/fr\/wp-json\/wp\/v2\/media?parent=40580"}],"wp:term":[{"taxonomy":"category","embeddable":true,"href":"https:\/\/interamerica.org\/fr\/wp-json\/wp\/v2\/categories?post=40580"},{"taxonomy":"post_tag","embeddable":true,"href":"https:\/\/interamerica.org\/fr\/wp-json\/wp\/v2\/tags?post=40580"}],"curies":[{"name":"wp","href":"https:\/\/api.w.org\/{rel}","templated":true}]}}