{"id":40648,"date":"2018-04-19T11:23:47","date_gmt":"2018-04-19T15:23:47","guid":{"rendered":"https:\/\/recursing-golick.147-182-135-0.plesk.page\/?p=40648"},"modified":"2018-05-01T21:16:13","modified_gmt":"2018-05-02T01:16:13","slug":"un-psychiatre-elu-directeur-adjoint-des-ministeres-de-la-sante-de-leglise-adventiste","status":"publish","type":"post","link":"https:\/\/interamerica.org\/fr\/2018\/04\/un-psychiatre-elu-directeur-adjoint-des-ministeres-de-la-sante-de-leglise-adventiste\/","title":{"rendered":"Un psychiatre \u00e9lu directeur adjoint des minist\u00e8res de la sant\u00e9 de l\u2019Eglise Adventiste"},"content":{"rendered":"<div id=\"attachment_40591\" style=\"width: 768px\" class=\"wp-caption aligncenter\"><img fetchpriority=\"high\" decoding=\"async\" aria-describedby=\"caption-attachment-40591\" class=\"wp-image-40591 \" src=\"https:\/\/recursing-golick.147-182-135-0.plesk.page\/wp-content\/uploads\/2018\/04\/bergland-lecture-300x200.jpg\" alt=\"\" width=\"758\" height=\"505\" srcset=\"https:\/\/interamerica.org\/wp-content\/uploads\/2018\/04\/bergland-lecture-300x200.jpg 300w, https:\/\/interamerica.org\/wp-content\/uploads\/2018\/04\/bergland-lecture-768x511.jpg 768w, https:\/\/interamerica.org\/wp-content\/uploads\/2018\/04\/bergland-lecture.jpg 1000w\" sizes=\"(max-width: 758px) 100vw, 758px\" \/><p id=\"caption-attachment-40591\" class=\"wp-caption-text\">Torben Bergland, lors d\u2019une r\u00e9cente pr\u00e9sentation \u00e0 la Newbold Diversity Lecture, en Angleterre. Image du P\u00f4le Information de la Division Transeurop\u00e9enne<\/p><\/div>\n<p><span class=\"byline-news\">Par: Victor Hulbert, P\u00f4le Information de la Division Transeurop\u00e9enne et Marcos Paseggi, <\/span><em><span class=\"byline-news\">Adventist Review<\/span><\/em><\/p>\n<p><span class=\"cap\">U<\/span>n psychiatre norv\u00e9gien qui aime le plein air a \u00e9t\u00e9 \u00e9lu directeur adjoint des Minist\u00e8res de la Sant\u00e9 pour l\u2019Eglise Adventiste du Septi\u00e8me Jour au niveau mondial. Torben Bergland, directeur des Minist\u00e8res de la Sant\u00e9 de la Division Transeurop\u00e9enne (TED), a \u00e9t\u00e9 recrut\u00e9 pour sa nouvelle fonction lors des Rencontres de Printemps au si\u00e8ge de la d\u00e9nomination \u00e0 Silver Spring, dans le Maryland, aux \u00c9tats-Unis le 11 avril 2018. Il remplacera Fred Hardinge, qui partira \u00e0 la retraite cet \u00e9t\u00e9.<\/p>\n<p>Torben Bergland, qui est originaire de Norv\u00e8ge et qui aime le ski, l\u2019escalade, le v\u00e9lo et la course \u00e0 pied, a r\u00e9alis\u00e9 une priorit\u00e9 strat\u00e9gique pour la TED depuis son \u00e9lection en novembre 2015, mettre l\u2019accent sur les probl\u00e8mes de sant\u00e9 mentale et proposer des formations de mani\u00e8re infatigable. Actuellement, il travaille sur <em> Mindwell<\/em>, un important programme en ligne qui enseigne la sensibilisation \u00e0 la sant\u00e9 mentale.<\/p>\n<p>Soutenu par les partenaires de l\u2019\u00e9glise mondiale, y compris \u00e0 la TED, Torben Bergland pr\u00e9voit de poursuivre cette initiative.<\/p>\n<p>Il a d\u00e9clar\u00e9: \u00ab Je vois tellement de potentiel pour que notre \u00e9glise ait un impact positif dans le monde \u00e0 travers les Minist\u00e8res de la Sant\u00e9. Je crois que nous sommes appel\u00e9s \u00e0 \u00eatre une superpuissance pour la sant\u00e9 dans le monde, pour apporter gu\u00e9rison et soulagement au trouble et \u00e0 la souffrance dans un monde en proie au p\u00e9ch\u00e9 et au mal. \u00bb<\/p>\n<div id=\"attachment_40594\" style=\"width: 319px\" class=\"wp-caption alignleft\"><img decoding=\"async\" aria-describedby=\"caption-attachment-40594\" class=\" wp-image-40594\" src=\"https:\/\/recursing-golick.147-182-135-0.plesk.page\/wp-content\/uploads\/2018\/04\/torben-skiing-200x300.jpg\" alt=\"\" width=\"309\" height=\"464\" srcset=\"https:\/\/interamerica.org\/wp-content\/uploads\/2018\/04\/torben-skiing-200x300.jpg 200w, https:\/\/interamerica.org\/wp-content\/uploads\/2018\/04\/torben-skiing-768x1152.jpg 768w, https:\/\/interamerica.org\/wp-content\/uploads\/2018\/04\/torben-skiing-682x1024.jpg 682w, https:\/\/interamerica.org\/wp-content\/uploads\/2018\/04\/torben-skiing.jpg 853w\" sizes=\"(max-width: 309px) 100vw, 309px\" \/><p id=\"caption-attachment-40594\" class=\"wp-caption-text\">Torben Bergland aime le plein air, et pendant son temps libre, il aime faire du ski, de l\u2019escalade, du v\u00e9lo et de la course \u00e0 pied. Image du P\u00f4le Information de la Division Transeurop\u00e9enne<\/p><\/div>\n<p>Bien que cela n\u2019ait pas \u00e9t\u00e9 dans ses plans de travailler pour l\u2019\u00e9glise \u00e0 quelque niveau que ce soit, il dit: \u00ab Je suis engag\u00e9 dans une vie de service, m\u2019effor\u00e7ant d\u2019avoir un impact positif partout o\u00f9 je passe et \u00e0 travers tout ce que je fais. Je suis honor\u00e9 et cela me pousse \u00e0 l\u2019humilit\u00e9 d\u2019\u00eatre appel\u00e9 par l\u2019\u00e9glise de Dieu pour servir dans ce domaine. \u00bb<\/p>\n<p><strong>Un Psychiatre Engag\u00e9<\/strong><\/p>\n<p>Torben Bergland combine les comp\u00e9tences d\u2019un m\u00e9decin et d\u2019un psychiatre avec son engagement fort envers l\u2019\u00e9glise. Ilest dipl\u00f4m\u00e9 de la Facult\u00e9 de M\u00e9decine de l\u2019Universit\u00e9 de Copenhague depuis 2002. Apr\u00e8s avoir \u00e9t\u00e9 interne en chirurgie, en m\u00e9decine et en m\u00e9decine familiale, il s\u2019est dirig\u00e9 vers la psychiatrie et il est maintenant psychiatre qualifi\u00e9 et psychoth\u00e9rapeute. Il a travaill\u00e9 pendant une bonne partie de sa carri\u00e8re, \u00e0 Modum Bad en Norv\u00e8ge, un h\u00f4pital de premier plan dans le traitement en psychoth\u00e9rapie, en tant que psychoth\u00e9rapeute et responsable de service. Il a principalement travaill\u00e9 avec des patients souffrant de d\u00e9pression, d\u2019anxi\u00e9t\u00e9 et de troubles de la personnalit\u00e9.<\/p>\n<p>En 2015, il a fait le choix d\u00e9lib\u00e9r\u00e9 de faire une pause dans sa carri\u00e8re dans le service de sant\u00e9 Norv\u00e9gien pour travailler avec les leaders Adventistes des minist\u00e8res de la sant\u00e9 dans toute la TED.<\/p>\n<p>\u00ab Pour la TED, c\u2019\u00e9tait une premi\u00e8re, \u00bb rappelle Raafat Kamal, pr\u00e9sident de la TED. \u00ab \u00c9lire un directeur des Minist\u00e8res de la Sant\u00e9 \u00e0 temps plein qui pourrait ajouter cet important volet de sant\u00e9 mentale aux domaines de sant\u00e9 Adventistes plus traditionnels \u00e9tait une d\u00e9marche tr\u00e8s intentionnelle et cela a port\u00e9 des fruits. \u00bb<\/p>\n<p>Pour Torben Bergland, ces r\u00e9sultats n\u2019\u00e9taient pas seulement positifs pour ceux avec qui il travaillait. \u00ab J\u2019esp\u00e8re et je crois que toutes les personnes que j\u2019ai eu le privil\u00e8ge de rencontrer, \u00e0 qui j\u2019ai fait des pr\u00e9sentations et avec qui j\u2019ai tiss\u00e9 des relations, ont \u00e9t\u00e9 enrichies comme je l\u2019ai \u00e9t\u00e9 \u00e0 travers nos interactions, \u00bb a-t-il d\u00e9clar\u00e9.<\/p>\n<p>Torben Bergland ajoute: \u00ab l\u2019une des principales priorit\u00e9s pour moi a \u00e9t\u00e9 de soutenir les directeurs des Minist\u00e8res de la Sant\u00e9 dans les unions de la TED, et j\u2019appr\u00e9cie grandement leur travail et leur engagement. \u00bb Cela incluait une collaboration en partenariat avec les Minist\u00e8res de la Famille et l\u2019Association Pastorale, et cela a conduit \u00e0 d\u2019importantes recherches et d\u2019importants travaux dans les domaines du burnout pastoral et du mentorat dans le minist\u00e8re.<\/p>\n<p>\u00ab Les besoins sont grands et urgents, et il reste beaucoup de travail \u00e0 faire \u00bb, dit-il. \u00ab Je suis heureux de ce qu\u2019il y ait une prise de conscience, et du fait que la fa\u00e7on de penser et les pratiques aient \u00e9t\u00e9 remises en question. J\u2019esp\u00e8re qu\u2019on continuera \u00e0 accorder de l\u2019attention \u00e0 ces questions \u00e0 tous les niveaux et dans toutes les entit\u00e9s.<\/p>\n<p><strong>Sant\u00e9 Mentale et Mission<\/strong><\/p>\n<p>En remerciant Torben Bergland pour son service dans la TED, Raafat Kamal a dit: \u00ab J\u2019ai vu comment la sant\u00e9 mentale positive affecte notre bien-\u00eatre \u00e9motionnel, psychologique et social, \u00bb faisant observer l\u2019effet positif que cela peut avoir sur la mission et l\u2019\u00e9vang\u00e9lisation.<\/p>\n<p>\u00ab Cela affecte notre fa\u00e7on de penser, de sentir et d\u2019agir. Cela aide \u00e9galement \u00e0 d\u00e9terminer comment nous g\u00e9rons le stress, entrons en relation avec les autres et faisons des choix, \u00bb a ajout\u00e9 Raafat Kamal. \u00ab La sant\u00e9 mentale est importante \u00e0 chaque \u00e9tape de la vie, de l\u2019enfance et l\u2019adolescence jusqu\u2019\u00e0 l\u2019\u00e2ge adulte. \u00bb<\/p>\n<p>Bien que d\u00e9sol\u00e9 de perdre Torben Bergland, Raafat Kamal est ravi du fait que les initiatives lanc\u00e9es par la TED puissent maintenant se d\u00e9velopper \u00e0 l\u2019\u00e9chelle mondiale. \u00ab Le d\u00e9vouement de Torben Bergland \u00e0 la t\u00e2che, son professionnalisme et son approche \u00e9quilibr\u00e9e des minist\u00e8res de la sant\u00e9 et son amour pour l\u2019\u00e9glise et sa mission seront sans aucun doute un avantage pour l\u2019\u00e9glise mondiale, \u00bb a-t-il conclu.<\/p>\n<p>C\u2019est aussi le point de vue de Torben Bergland.<\/p>\n<p>\u00ab Mes plans et mes projets, surtout en mati\u00e8re de sant\u00e9 mentale, ont pris une dimension mondiale \u00bb, dit-il. \u00ab Afin d\u2019apporter \u00e0 la TED les outils dont nous avons besoin pour travailler bien et efficacement, j\u2019ai tr\u00e8s vite compris que nous devions rechercher des partenariats et des financements au-del\u00e0 de ce que nous avons sur notre territoire. \u00bb<\/p>\n<p><em>MindWell<\/em>, un programme de sant\u00e9 mentale innovant qui sortira au niveau mondial au cours des deux prochaines ann\u00e9es, est un projet majeur qui est n\u00e9 des plans de Torben Bergland. \u00ab Je crois que beaucoup de personnes seront touch\u00e9es, recevront de l\u2019aide et seront b\u00e9nies gr\u00e2ce \u00e0 ce programme, \u00bb a dit Torben Bergland. \u00ab Je crois que les Minist\u00e8res de la Sant\u00e9 de l\u2019Eglise Adventiste mondiale constitueront une bonne plate-forme pour poursuivre ce travail. \u00bb<\/p>\n<p>Le fardeau des troubles mentaux continue de cro\u00eetre avec des impacts significatifs sur la sant\u00e9 et des cons\u00e9quences sociales et \u00e9conomiques majeures dans tous les pays du monde. L&rsquo;Organisation Mondiale de la Sant\u00e9 (OMS) affirme qu\u2019une personne sur quatre dans le monde sera affect\u00e9e par des troubles mentaux ou neurologiques \u00e0 un moment de sa vie. Environ 450 millions de personnes souffrent actuellement de tels probl\u00e8mes, pla\u00e7ant les troubles mentaux parmi les principales causes de mauvaise sant\u00e9 et d\u2019invalidit\u00e9 dans le monde entier. La d\u00e9pression sera la deuxi\u00e8me cause de maladie d\u2019ici 2020 selon l\u2019OMS.<\/p>\n<p>Les principes bibliques \u00e9quilibr\u00e9s en mati\u00e8re de sant\u00e9 sociale, mentale, physique et spirituelle constituent l\u2019approche holistique de la sant\u00e9 adopt\u00e9e par l\u2019\u00c9glise Adventiste du Septi\u00e8me Jour. Les dirigeants de l\u2019\u00c9glise esp\u00e8rent que ce renouveau dans l\u2019attention port\u00e9e \u00e0 cette question pourra aider les membres d\u2019\u00e9glise, les pasteurs mais aussi les int\u00e9r\u00eats de l\u2019\u00e9glise. \u00ab Booster l\u2019accent sur la sant\u00e9 mentale au niveau de l\u2019\u00e9glise mondiale sera sans aucun doute b\u00e9n\u00e9fique pour la mission, \u00bb ont-ils d\u00e9clar\u00e9.<\/p>\n<p>Traduction: Patrick Luciathe<\/p>\n","protected":false},"excerpt":{"rendered":"<p>Par: Victor Hulbert, P\u00f4le Information de la Division Transeurop\u00e9enne et Marcos Paseggi, Adventist Review Un psychiatre norv\u00e9gien qui aime le plein air a \u00e9t\u00e9 \u00e9lu directeur adjoint des Minist\u00e8res de&#8230;<\/p>\n","protected":false},"author":3,"featured_media":40589,"comment_status":"open","ping_status":"closed","sticky":false,"template":"","format":"standard","meta":{"_acf_changed":false,"footnotes":""},"categories":[18,19],"tags":[],"class_list":["post-40648","post","type-post","status-publish","format-standard","has-post-thumbnail","hentry","category-nouvelles-de-leglise-mondiale","category-rss-francais"],"acf":[],"yoast_head":"<!-- This site is optimized with the Yoast SEO plugin v27.3 - https:\/\/yoast.com\/product\/yoast-seo-wordpress\/ -->\n<title>Un psychiatre \u00e9lu directeur adjoint des minist\u00e8res de la sant\u00e9 de l\u2019Eglise Adventiste - \u00c9glise Adventiste Du Septieme Jour - Inter Am\u00e9rique Division<\/title>\n<meta name=\"robots\" content=\"index, follow, max-snippet:-1, max-image-preview:large, max-video-preview:-1\" \/>\n<link rel=\"canonical\" href=\"https:\/\/interamerica.org\/fr\/2018\/04\/un-psychiatre-elu-directeur-adjoint-des-ministeres-de-la-sante-de-leglise-adventiste\/\" \/>\n<meta property=\"og:locale\" content=\"fr_FR\" \/>\n<meta property=\"og:type\" content=\"article\" \/>\n<meta property=\"og:title\" content=\"Un psychiatre \u00e9lu directeur adjoint des minist\u00e8res de la sant\u00e9 de l\u2019Eglise Adventiste - \u00c9glise Adventiste Du Septieme Jour - Inter Am\u00e9rique Division\" \/>\n<meta property=\"og:description\" content=\"Par: Victor Hulbert, P\u00f4le Information de la Division Transeurop\u00e9enne et Marcos Paseggi, Adventist Review Un psychiatre norv\u00e9gien qui aime le plein air a \u00e9t\u00e9 \u00e9lu directeur adjoint des Minist\u00e8res de...\" \/>\n<meta property=\"og:url\" content=\"https:\/\/interamerica.org\/fr\/2018\/04\/un-psychiatre-elu-directeur-adjoint-des-ministeres-de-la-sante-de-leglise-adventiste\/\" \/>\n<meta property=\"og:site_name\" content=\"\u00c9glise Adventiste Du Septieme Jour - Inter Am\u00e9rique Division\" \/>\n<meta property=\"article:published_time\" content=\"2018-04-19T15:23:47+00:00\" \/>\n<meta property=\"article:modified_time\" content=\"2018-05-02T01:16:13+00:00\" \/>\n<meta property=\"og:image\" content=\"https:\/\/interamerica.org\/wp-content\/uploads\/2018\/04\/psychiatrist-elected-as-adventist-health-ministries-associate-director1280.jpg\" \/>\n\t<meta property=\"og:image:width\" content=\"1280\" \/>\n\t<meta property=\"og:image:height\" content=\"800\" \/>\n\t<meta property=\"og:image:type\" content=\"image\/jpeg\" \/>\n<meta name=\"author\" content=\"libna\" \/>\n<meta name=\"twitter:card\" content=\"summary_large_image\" \/>\n<meta name=\"twitter:label1\" content=\"\u00c9crit par\" \/>\n\t<meta name=\"twitter:data1\" content=\"libna\" \/>\n\t<meta name=\"twitter:label2\" content=\"Dur\u00e9e de lecture estim\u00e9e\" \/>\n\t<meta name=\"twitter:data2\" content=\"7 minutes\" \/>\n<script type=\"application\/ld+json\" class=\"yoast-schema-graph\">{\"@context\":\"https:\\\/\\\/schema.org\",\"@graph\":[{\"@type\":\"Article\",\"@id\":\"https:\\\/\\\/interamerica.org\\\/fr\\\/2018\\\/04\\\/un-psychiatre-elu-directeur-adjoint-des-ministeres-de-la-sante-de-leglise-adventiste\\\/#article\",\"isPartOf\":{\"@id\":\"https:\\\/\\\/interamerica.org\\\/fr\\\/2018\\\/04\\\/un-psychiatre-elu-directeur-adjoint-des-ministeres-de-la-sante-de-leglise-adventiste\\\/\"},\"author\":{\"name\":\"libna\",\"@id\":\"https:\\\/\\\/interamerica.org\\\/fr\\\/#\\\/schema\\\/person\\\/29998f2bc2d8bd0d38662909289b54f1\"},\"headline\":\"Un psychiatre \u00e9lu directeur adjoint des minist\u00e8res de la sant\u00e9 de l\u2019Eglise Adventiste\",\"datePublished\":\"2018-04-19T15:23:47+00:00\",\"dateModified\":\"2018-05-02T01:16:13+00:00\",\"mainEntityOfPage\":{\"@id\":\"https:\\\/\\\/interamerica.org\\\/fr\\\/2018\\\/04\\\/un-psychiatre-elu-directeur-adjoint-des-ministeres-de-la-sante-de-leglise-adventiste\\\/\"},\"wordCount\":1377,\"commentCount\":0,\"image\":{\"@id\":\"https:\\\/\\\/interamerica.org\\\/fr\\\/2018\\\/04\\\/un-psychiatre-elu-directeur-adjoint-des-ministeres-de-la-sante-de-leglise-adventiste\\\/#primaryimage\"},\"thumbnailUrl\":\"https:\\\/\\\/interamerica.org\\\/wp-content\\\/uploads\\\/2018\\\/04\\\/psychiatrist-elected-as-adventist-health-ministries-associate-director1280.jpg\",\"articleSection\":[\"Nouvelles de l'\u00c9glise mondiale\",\"RSS Fran\u00e7ais\"],\"inLanguage\":\"fr-FR\",\"potentialAction\":[{\"@type\":\"CommentAction\",\"name\":\"Comment\",\"target\":[\"https:\\\/\\\/interamerica.org\\\/fr\\\/2018\\\/04\\\/un-psychiatre-elu-directeur-adjoint-des-ministeres-de-la-sante-de-leglise-adventiste\\\/#respond\"]}]},{\"@type\":\"WebPage\",\"@id\":\"https:\\\/\\\/interamerica.org\\\/fr\\\/2018\\\/04\\\/un-psychiatre-elu-directeur-adjoint-des-ministeres-de-la-sante-de-leglise-adventiste\\\/\",\"url\":\"https:\\\/\\\/interamerica.org\\\/fr\\\/2018\\\/04\\\/un-psychiatre-elu-directeur-adjoint-des-ministeres-de-la-sante-de-leglise-adventiste\\\/\",\"name\":\"Un psychiatre \u00e9lu directeur adjoint des minist\u00e8res de la sant\u00e9 de l\u2019Eglise Adventiste - \u00c9glise Adventiste Du Septieme Jour - Inter Am\u00e9rique Division\",\"isPartOf\":{\"@id\":\"https:\\\/\\\/interamerica.org\\\/fr\\\/#website\"},\"primaryImageOfPage\":{\"@id\":\"https:\\\/\\\/interamerica.org\\\/fr\\\/2018\\\/04\\\/un-psychiatre-elu-directeur-adjoint-des-ministeres-de-la-sante-de-leglise-adventiste\\\/#primaryimage\"},\"image\":{\"@id\":\"https:\\\/\\\/interamerica.org\\\/fr\\\/2018\\\/04\\\/un-psychiatre-elu-directeur-adjoint-des-ministeres-de-la-sante-de-leglise-adventiste\\\/#primaryimage\"},\"thumbnailUrl\":\"https:\\\/\\\/interamerica.org\\\/wp-content\\\/uploads\\\/2018\\\/04\\\/psychiatrist-elected-as-adventist-health-ministries-associate-director1280.jpg\",\"datePublished\":\"2018-04-19T15:23:47+00:00\",\"dateModified\":\"2018-05-02T01:16:13+00:00\",\"author\":{\"@id\":\"https:\\\/\\\/interamerica.org\\\/fr\\\/#\\\/schema\\\/person\\\/29998f2bc2d8bd0d38662909289b54f1\"},\"breadcrumb\":{\"@id\":\"https:\\\/\\\/interamerica.org\\\/fr\\\/2018\\\/04\\\/un-psychiatre-elu-directeur-adjoint-des-ministeres-de-la-sante-de-leglise-adventiste\\\/#breadcrumb\"},\"inLanguage\":\"fr-FR\",\"potentialAction\":[{\"@type\":\"ReadAction\",\"target\":[\"https:\\\/\\\/interamerica.org\\\/fr\\\/2018\\\/04\\\/un-psychiatre-elu-directeur-adjoint-des-ministeres-de-la-sante-de-leglise-adventiste\\\/\"]}]},{\"@type\":\"ImageObject\",\"inLanguage\":\"fr-FR\",\"@id\":\"https:\\\/\\\/interamerica.org\\\/fr\\\/2018\\\/04\\\/un-psychiatre-elu-directeur-adjoint-des-ministeres-de-la-sante-de-leglise-adventiste\\\/#primaryimage\",\"url\":\"https:\\\/\\\/interamerica.org\\\/wp-content\\\/uploads\\\/2018\\\/04\\\/psychiatrist-elected-as-adventist-health-ministries-associate-director1280.jpg\",\"contentUrl\":\"https:\\\/\\\/interamerica.org\\\/wp-content\\\/uploads\\\/2018\\\/04\\\/psychiatrist-elected-as-adventist-health-ministries-associate-director1280.jpg\",\"width\":1280,\"height\":800,\"caption\":\"Bergland, during a recent presentation at the Newbold Diversity Lecture, in England. Image by Trans-European Division News\"},{\"@type\":\"BreadcrumbList\",\"@id\":\"https:\\\/\\\/interamerica.org\\\/fr\\\/2018\\\/04\\\/un-psychiatre-elu-directeur-adjoint-des-ministeres-de-la-sante-de-leglise-adventiste\\\/#breadcrumb\",\"itemListElement\":[{\"@type\":\"ListItem\",\"position\":1,\"name\":\"Home\",\"item\":\"https:\\\/\\\/interamerica.org\\\/fr\\\/\"},{\"@type\":\"ListItem\",\"position\":2,\"name\":\"Un psychiatre \u00e9lu directeur adjoint des minist\u00e8res de la sant\u00e9 de l\u2019Eglise Adventiste\"}]},{\"@type\":\"WebSite\",\"@id\":\"https:\\\/\\\/interamerica.org\\\/fr\\\/#website\",\"url\":\"https:\\\/\\\/interamerica.org\\\/fr\\\/\",\"name\":\"\u00c9glise Adventiste Du Septieme Jour - Inter Am\u00e9rique Division\",\"description\":\"\",\"potentialAction\":[{\"@type\":\"SearchAction\",\"target\":{\"@type\":\"EntryPoint\",\"urlTemplate\":\"https:\\\/\\\/interamerica.org\\\/fr\\\/?s={search_term_string}\"},\"query-input\":{\"@type\":\"PropertyValueSpecification\",\"valueRequired\":true,\"valueName\":\"search_term_string\"}}],\"inLanguage\":\"fr-FR\"},{\"@type\":\"Person\",\"@id\":\"https:\\\/\\\/interamerica.org\\\/fr\\\/#\\\/schema\\\/person\\\/29998f2bc2d8bd0d38662909289b54f1\",\"name\":\"libna\",\"image\":{\"@type\":\"ImageObject\",\"inLanguage\":\"fr-FR\",\"@id\":\"https:\\\/\\\/secure.gravatar.com\\\/avatar\\\/7c5bd30ae4b47a9ba3c856590957fd1d96dc588bf3ac05719d247e126840331f?s=96&d=mm&r=g\",\"url\":\"https:\\\/\\\/secure.gravatar.com\\\/avatar\\\/7c5bd30ae4b47a9ba3c856590957fd1d96dc588bf3ac05719d247e126840331f?s=96&d=mm&r=g\",\"contentUrl\":\"https:\\\/\\\/secure.gravatar.com\\\/avatar\\\/7c5bd30ae4b47a9ba3c856590957fd1d96dc588bf3ac05719d247e126840331f?s=96&d=mm&r=g\",\"caption\":\"libna\"}}]}<\/script>\n<!-- \/ Yoast SEO plugin. -->","yoast_head_json":{"title":"Un psychiatre \u00e9lu directeur adjoint des minist\u00e8res de la sant\u00e9 de l\u2019Eglise Adventiste - \u00c9glise Adventiste Du Septieme Jour - Inter Am\u00e9rique Division","robots":{"index":"index","follow":"follow","max-snippet":"max-snippet:-1","max-image-preview":"max-image-preview:large","max-video-preview":"max-video-preview:-1"},"canonical":"https:\/\/interamerica.org\/fr\/2018\/04\/un-psychiatre-elu-directeur-adjoint-des-ministeres-de-la-sante-de-leglise-adventiste\/","og_locale":"fr_FR","og_type":"article","og_title":"Un psychiatre \u00e9lu directeur adjoint des minist\u00e8res de la sant\u00e9 de l\u2019Eglise Adventiste - \u00c9glise Adventiste Du Septieme Jour - Inter Am\u00e9rique Division","og_description":"Par: Victor Hulbert, P\u00f4le Information de la Division Transeurop\u00e9enne et Marcos Paseggi, Adventist Review Un psychiatre norv\u00e9gien qui aime le plein air a \u00e9t\u00e9 \u00e9lu directeur adjoint des Minist\u00e8res de...","og_url":"https:\/\/interamerica.org\/fr\/2018\/04\/un-psychiatre-elu-directeur-adjoint-des-ministeres-de-la-sante-de-leglise-adventiste\/","og_site_name":"\u00c9glise Adventiste Du Septieme Jour - Inter Am\u00e9rique Division","article_published_time":"2018-04-19T15:23:47+00:00","article_modified_time":"2018-05-02T01:16:13+00:00","og_image":[{"width":1280,"height":800,"url":"https:\/\/interamerica.org\/wp-content\/uploads\/2018\/04\/psychiatrist-elected-as-adventist-health-ministries-associate-director1280.jpg","type":"image\/jpeg"}],"author":"libna","twitter_card":"summary_large_image","twitter_misc":{"\u00c9crit par":"libna","Dur\u00e9e de lecture estim\u00e9e":"7 minutes"},"schema":{"@context":"https:\/\/schema.org","@graph":[{"@type":"Article","@id":"https:\/\/interamerica.org\/fr\/2018\/04\/un-psychiatre-elu-directeur-adjoint-des-ministeres-de-la-sante-de-leglise-adventiste\/#article","isPartOf":{"@id":"https:\/\/interamerica.org\/fr\/2018\/04\/un-psychiatre-elu-directeur-adjoint-des-ministeres-de-la-sante-de-leglise-adventiste\/"},"author":{"name":"libna","@id":"https:\/\/interamerica.org\/fr\/#\/schema\/person\/29998f2bc2d8bd0d38662909289b54f1"},"headline":"Un psychiatre \u00e9lu directeur adjoint des minist\u00e8res de la sant\u00e9 de l\u2019Eglise Adventiste","datePublished":"2018-04-19T15:23:47+00:00","dateModified":"2018-05-02T01:16:13+00:00","mainEntityOfPage":{"@id":"https:\/\/interamerica.org\/fr\/2018\/04\/un-psychiatre-elu-directeur-adjoint-des-ministeres-de-la-sante-de-leglise-adventiste\/"},"wordCount":1377,"commentCount":0,"image":{"@id":"https:\/\/interamerica.org\/fr\/2018\/04\/un-psychiatre-elu-directeur-adjoint-des-ministeres-de-la-sante-de-leglise-adventiste\/#primaryimage"},"thumbnailUrl":"https:\/\/interamerica.org\/wp-content\/uploads\/2018\/04\/psychiatrist-elected-as-adventist-health-ministries-associate-director1280.jpg","articleSection":["Nouvelles de l'\u00c9glise mondiale","RSS Fran\u00e7ais"],"inLanguage":"fr-FR","potentialAction":[{"@type":"CommentAction","name":"Comment","target":["https:\/\/interamerica.org\/fr\/2018\/04\/un-psychiatre-elu-directeur-adjoint-des-ministeres-de-la-sante-de-leglise-adventiste\/#respond"]}]},{"@type":"WebPage","@id":"https:\/\/interamerica.org\/fr\/2018\/04\/un-psychiatre-elu-directeur-adjoint-des-ministeres-de-la-sante-de-leglise-adventiste\/","url":"https:\/\/interamerica.org\/fr\/2018\/04\/un-psychiatre-elu-directeur-adjoint-des-ministeres-de-la-sante-de-leglise-adventiste\/","name":"Un psychiatre \u00e9lu directeur adjoint des minist\u00e8res de la sant\u00e9 de l\u2019Eglise Adventiste - \u00c9glise Adventiste Du Septieme Jour - Inter Am\u00e9rique Division","isPartOf":{"@id":"https:\/\/interamerica.org\/fr\/#website"},"primaryImageOfPage":{"@id":"https:\/\/interamerica.org\/fr\/2018\/04\/un-psychiatre-elu-directeur-adjoint-des-ministeres-de-la-sante-de-leglise-adventiste\/#primaryimage"},"image":{"@id":"https:\/\/interamerica.org\/fr\/2018\/04\/un-psychiatre-elu-directeur-adjoint-des-ministeres-de-la-sante-de-leglise-adventiste\/#primaryimage"},"thumbnailUrl":"https:\/\/interamerica.org\/wp-content\/uploads\/2018\/04\/psychiatrist-elected-as-adventist-health-ministries-associate-director1280.jpg","datePublished":"2018-04-19T15:23:47+00:00","dateModified":"2018-05-02T01:16:13+00:00","author":{"@id":"https:\/\/interamerica.org\/fr\/#\/schema\/person\/29998f2bc2d8bd0d38662909289b54f1"},"breadcrumb":{"@id":"https:\/\/interamerica.org\/fr\/2018\/04\/un-psychiatre-elu-directeur-adjoint-des-ministeres-de-la-sante-de-leglise-adventiste\/#breadcrumb"},"inLanguage":"fr-FR","potentialAction":[{"@type":"ReadAction","target":["https:\/\/interamerica.org\/fr\/2018\/04\/un-psychiatre-elu-directeur-adjoint-des-ministeres-de-la-sante-de-leglise-adventiste\/"]}]},{"@type":"ImageObject","inLanguage":"fr-FR","@id":"https:\/\/interamerica.org\/fr\/2018\/04\/un-psychiatre-elu-directeur-adjoint-des-ministeres-de-la-sante-de-leglise-adventiste\/#primaryimage","url":"https:\/\/interamerica.org\/wp-content\/uploads\/2018\/04\/psychiatrist-elected-as-adventist-health-ministries-associate-director1280.jpg","contentUrl":"https:\/\/interamerica.org\/wp-content\/uploads\/2018\/04\/psychiatrist-elected-as-adventist-health-ministries-associate-director1280.jpg","width":1280,"height":800,"caption":"Bergland, during a recent presentation at the Newbold Diversity Lecture, in England. Image by Trans-European Division News"},{"@type":"BreadcrumbList","@id":"https:\/\/interamerica.org\/fr\/2018\/04\/un-psychiatre-elu-directeur-adjoint-des-ministeres-de-la-sante-de-leglise-adventiste\/#breadcrumb","itemListElement":[{"@type":"ListItem","position":1,"name":"Home","item":"https:\/\/interamerica.org\/fr\/"},{"@type":"ListItem","position":2,"name":"Un psychiatre \u00e9lu directeur adjoint des minist\u00e8res de la sant\u00e9 de l\u2019Eglise Adventiste"}]},{"@type":"WebSite","@id":"https:\/\/interamerica.org\/fr\/#website","url":"https:\/\/interamerica.org\/fr\/","name":"\u00c9glise Adventiste Du Septieme Jour - Inter Am\u00e9rique Division","description":"","potentialAction":[{"@type":"SearchAction","target":{"@type":"EntryPoint","urlTemplate":"https:\/\/interamerica.org\/fr\/?s={search_term_string}"},"query-input":{"@type":"PropertyValueSpecification","valueRequired":true,"valueName":"search_term_string"}}],"inLanguage":"fr-FR"},{"@type":"Person","@id":"https:\/\/interamerica.org\/fr\/#\/schema\/person\/29998f2bc2d8bd0d38662909289b54f1","name":"libna","image":{"@type":"ImageObject","inLanguage":"fr-FR","@id":"https:\/\/secure.gravatar.com\/avatar\/7c5bd30ae4b47a9ba3c856590957fd1d96dc588bf3ac05719d247e126840331f?s=96&d=mm&r=g","url":"https:\/\/secure.gravatar.com\/avatar\/7c5bd30ae4b47a9ba3c856590957fd1d96dc588bf3ac05719d247e126840331f?s=96&d=mm&r=g","contentUrl":"https:\/\/secure.gravatar.com\/avatar\/7c5bd30ae4b47a9ba3c856590957fd1d96dc588bf3ac05719d247e126840331f?s=96&d=mm&r=g","caption":"libna"}}]}},"_links":{"self":[{"href":"https:\/\/interamerica.org\/fr\/wp-json\/wp\/v2\/posts\/40648","targetHints":{"allow":["GET"]}}],"collection":[{"href":"https:\/\/interamerica.org\/fr\/wp-json\/wp\/v2\/posts"}],"about":[{"href":"https:\/\/interamerica.org\/fr\/wp-json\/wp\/v2\/types\/post"}],"author":[{"embeddable":true,"href":"https:\/\/interamerica.org\/fr\/wp-json\/wp\/v2\/users\/3"}],"replies":[{"embeddable":true,"href":"https:\/\/interamerica.org\/fr\/wp-json\/wp\/v2\/comments?post=40648"}],"version-history":[{"count":0,"href":"https:\/\/interamerica.org\/fr\/wp-json\/wp\/v2\/posts\/40648\/revisions"}],"wp:featuredmedia":[{"embeddable":true,"href":"https:\/\/interamerica.org\/fr\/wp-json\/wp\/v2\/media\/40589"}],"wp:attachment":[{"href":"https:\/\/interamerica.org\/fr\/wp-json\/wp\/v2\/media?parent=40648"}],"wp:term":[{"taxonomy":"category","embeddable":true,"href":"https:\/\/interamerica.org\/fr\/wp-json\/wp\/v2\/categories?post=40648"},{"taxonomy":"post_tag","embeddable":true,"href":"https:\/\/interamerica.org\/fr\/wp-json\/wp\/v2\/tags?post=40648"}],"curies":[{"name":"wp","href":"https:\/\/api.w.org\/{rel}","templated":true}]}}