{"id":40681,"date":"2018-04-20T06:52:22","date_gmt":"2018-04-20T10:52:22","guid":{"rendered":"https:\/\/recursing-golick.147-182-135-0.plesk.page\/?p=40681"},"modified":"2018-05-01T21:14:49","modified_gmt":"2018-05-02T01:14:49","slug":"gain-mexique-promeut-plus-de-creativite-chez-les-responsables-de-communication-et-les-technologues","status":"publish","type":"post","link":"https:\/\/interamerica.org\/fr\/2018\/04\/gain-mexique-promeut-plus-de-creativite-chez-les-responsables-de-communication-et-les-technologues\/","title":{"rendered":"GAiN Mexique promeut plus de cr\u00e9ativit\u00e9 chez les responsables de communication et les technologues"},"content":{"rendered":"<div id=\"attachment_40655\" style=\"width: 771px\" class=\"wp-caption aligncenter\"><img fetchpriority=\"high\" decoding=\"async\" aria-describedby=\"caption-attachment-40655\" class=\" wp-image-40655\" src=\"https:\/\/recursing-golick.147-182-135-0.plesk.page\/wp-content\/uploads\/2018\/04\/gain-mex-alferez-300x188.jpg\" alt=\"\" width=\"761\" height=\"477\" srcset=\"https:\/\/interamerica.org\/wp-content\/uploads\/2018\/04\/gain-mex-alferez-300x188.jpg 300w, https:\/\/interamerica.org\/wp-content\/uploads\/2018\/04\/gain-mex-alferez-768x480.jpg 768w, https:\/\/interamerica.org\/wp-content\/uploads\/2018\/04\/gain-mex-alferez-1024x640.jpg 1024w, https:\/\/interamerica.org\/wp-content\/uploads\/2018\/04\/gain-mex-alferez.jpg 1280w\" sizes=\"(max-width: 761px) 100vw, 761px\" \/><p id=\"caption-attachment-40655\" class=\"wp-caption-text\">La Convention GAiN Mexique a eu lieu \u00e0 l\u2019Universit\u00e9 de Montemorelos dans le Nord du Mexique, du 13 au 14 avril 2018. Il s\u2019agissait du premier programme du genre \u00e0 attirer des dizaines de participants venus de tout le Mexique pour mettre l\u2019accent sur l\u2019importance de la cr\u00e9ativit\u00e9 comme \u00e9l\u00e9ment de base pour la cr\u00e9ation de contenu num\u00e9rique \u00e0 but \u00e9vang\u00e9lique. Image de l\u2019Universit\u00e9 de Montemorelos<\/p><\/div>\n<p>20 avril 2018 | Montemorelos, Nuevo Leon, Mexique | Laura Marrero \/ DIA<\/p>\n<p>L\u2019\u00c9cole des Arts et de la Communication de l\u2019Universit\u00e9 de Montemorelos (ArtCom) a r\u00e9cemment tenu sa premi\u00e8re \u00e9dition du R\u00e9seau Mondial d\u2019Internet Adventiste (GAiN) en pla\u00e7ant une emphase sp\u00e9ciale sur l\u2019importance de la cr\u00e9ativit\u00e9 comme \u00e9l\u00e9ment de base lors de la cr\u00e9ation de contenu num\u00e9rique \u00e0 but \u00e9vang\u00e9lique. Plus de 80 participants venus de diff\u00e9rentes r\u00e9gions du Mexique se sont r\u00e9unis du 13 au 14 avril sur le campus de l\u2019universit\u00e9 autour du th\u00e8me \u00ab Mission cr\u00e9ative. \u00bb<\/p>\n<p>Pendant de nombreuses ann\u00e9es, l\u2019\u00e9cole Artcom a organis\u00e9 un programme pour les \u00e9tudiants et les professionnels de tout le Mexique qui permettait de mettre l\u2019accent sur la communication comme outil d\u2019\u00e9vang\u00e9lisation, mais cette ann\u00e9e il est pass\u00e9 \u00e0 un niveau sup\u00e9rieur pour devenir un programme GAiN, a expliqu\u00e9 Matheus Nascimento, directeur d\u2019Artcom.<\/p>\n<p>\u00ab Nous voulons nous joindre \u00e0 cette mission qui veut que nous, en tant qu\u2019\u00e9glise, portions l\u2019\u00e9vangile aux gens, en utilisant cette cr\u00e9ativit\u00e9 que Dieu nous donne pour l\u2019appliquer \u00e0 la mission, et en utilisant les moyens dont nous disposons, \u00bb a d\u00e9clar\u00e9 Matheus Nascimento.<\/p>\n<p>Il ne s\u2019agissait pas seulement de mettre l\u2019accent sur les moyens de communication, mais aussi d\u2019approfondir l\u2019impact \u00e9vang\u00e9lique n\u00e9cessaire \u00e0 travers les r\u00e9seaux sociaux, les outils technologiques et les espaces en ligne suppl\u00e9mentaires, a expliqu\u00e9 Matheus Nascimento. L\u2019\u00e9cole a donc d\u00e9cid\u00e9 d\u2019aller de l\u2019avant et d\u2019organiser GAiN Mexico par le biais de la Division Inter Am\u00e9ricaine.<\/p>\n<div id=\"attachment_40667\" style=\"width: 771px\" class=\"wp-caption aligncenter\"><img decoding=\"async\" aria-describedby=\"caption-attachment-40667\" class=\" wp-image-40667\" src=\"https:\/\/recursing-golick.147-182-135-0.plesk.page\/wp-content\/uploads\/2018\/04\/gain-mx-speakers-300x199.jpg\" alt=\"\" width=\"761\" height=\"505\" srcset=\"https:\/\/interamerica.org\/wp-content\/uploads\/2018\/04\/gain-mx-speakers-300x199.jpg 300w, https:\/\/interamerica.org\/wp-content\/uploads\/2018\/04\/gain-mx-speakers.jpg 1000w\" sizes=\"(max-width: 761px) 100vw, 761px\" \/><p id=\"caption-attachment-40667\" class=\"wp-caption-text\">Plusieurs des intervenants lors du programme GAiN Mexique. Image de l\u2019Universit\u00e9 de Montemorelos<\/p><\/div>\n<p>\u00ab Il y a tant de talents ici \u00e0 l\u2019universit\u00e9 dans de nombreux domaines comme la th\u00e9ologie, la sant\u00e9 et bien s\u00fbr dans la communication, l\u2019art et le design, que nous sommes heureux de pouvoir c\u00e9l\u00e9brer ici un programme comme celui-ci, parce que les \u00e9tudiants se pr\u00e9parent \u00e0 servir, et quelle meilleure fa\u00e7on de le faire qu\u2019avec la perspective de partager le message de l\u2019Evangile \u00e0 travers les r\u00e9seaux sociaux dans un cadre universitaire, \u00bb a d\u00e9clar\u00e9 Abel M\u00e1rquez, directeur de la communication pour l\u2019Eglise Adventiste en Inter Am\u00e9rique.<\/p>\n<p>Abel M\u00e1rquez, l\u2019un des principaux intervenants, a d\u00e9clar\u00e9 que c\u2019\u00e9tait le deuxi\u00e8me programme r\u00e9gional GAiN organis\u00e9 dans la Division Inter Am\u00e9ricaine. Il y a quelques ann\u00e9es, un programme GAiN s\u2019\u00e9tait tenu \u00e0 Caracas, au Venezuela.<\/p>\n<p>Abel M\u00e1rquez a soulign\u00e9 que le message est le plus important quand il s\u2019agit de l\u2019\u00e9vang\u00e9lisation num\u00e9rique ; il a mis en lumi\u00e8re les initiatives num\u00e9riques men\u00e9es par la Division Inter Am\u00e9ricaine ainsi que les avanc\u00e9es technologiques et cr\u00e9atives faites par l\u2019\u00e9glise dans le monde entier.<\/p>\n<p>De plus, Abel M\u00e1rquez a parl\u00e9 de la fa\u00e7on de g\u00e9n\u00e9rer plus de connexion entre la marque Adventiste et le public et de ce que certains disciples cr\u00e9atifs dans le monde font pour \u00eatre efficaces dans la proclamation de l\u2019\u00e9vangile.<\/p>\n<div id=\"attachment_40664\" style=\"width: 771px\" class=\"wp-caption aligncenter\"><img decoding=\"async\" aria-describedby=\"caption-attachment-40664\" class=\" wp-image-40664\" src=\"https:\/\/recursing-golick.147-182-135-0.plesk.page\/wp-content\/uploads\/2018\/04\/gain-mx-qna-300x199.jpg\" alt=\"\" width=\"761\" height=\"505\" srcset=\"https:\/\/interamerica.org\/wp-content\/uploads\/2018\/04\/gain-mx-qna-300x199.jpg 300w, https:\/\/interamerica.org\/wp-content\/uploads\/2018\/04\/gain-mx-qna.jpg 1000w\" sizes=\"(max-width: 761px) 100vw, 761px\" \/><p id=\"caption-attachment-40664\" class=\"wp-caption-text\">Les participants \u00e0 GAiN Mexique posent des questions aux intervenants lors du programme de deux jours. Image de l\u2019Universit\u00e9 de Montemorelos<\/p><\/div>\n<p>\u00ab Vous devez faire des choses vraiment efficaces, \u00e7a peut \u00eatre une id\u00e9e quelconque, une id\u00e9e qui ne duplique pas quelque chose qui se fait d\u00e9j\u00e0 mais g\u00e9n\u00e9rez des id\u00e9es qui pourraient \u00eatre 100% originales, \u00bb a ajout\u00e9 Abel M\u00e1rquez.<\/p>\n<p>Des intervenants venus des \u00c9tats-Unis, du Br\u00e9sil et du Mexique ont parl\u00e9 du marketing num\u00e9rique \u00e0 des fins d\u2019\u00e9vang\u00e9lisation, mais aussi de contenu et de journalisme, d\u2019application de donn\u00e9es pour les strat\u00e9gies de communication en ligne dans l\u2019\u00e9glise, des tendances technologiques pour la mission, et bien plus.<\/p>\n<p>Rafael Rossi, directeur de la communication pour la Division Sud Am\u00e9ricaine, a partag\u00e9 \u00e0 travers une vid\u00e9oconf\u00e9rence comment le contenu \u00e9vang\u00e9lique repr\u00e9sente une influence puissante en Am\u00e9rique du Sud et l\u2019importance d\u2019inclure la pri\u00e8re dans le processus d\u2019\u00e9vang\u00e9lisation par ces m\u00e9dias.<\/p>\n<p>Dr Harvey Alf\u00e9rez, professeur et chercheur \u00e0 l\u2019Universit\u00e9 de Montemorelos, a parl\u00e9 des strat\u00e9gies de donn\u00e9es, de leur importance et de l\u2019exploration de donn\u00e9es. Il a montr\u00e9 des \u00e9tudes de cas o\u00f9 des strat\u00e9gies de donn\u00e9es telles que la science des donn\u00e9es, le big data (m\u00e9gadonn\u00e9es), etc. ont \u00e9t\u00e9 utilis\u00e9es dans l\u2019\u00e9glise.<\/p>\n<p>\u00ab Je crois qu\u2019il est important de se r\u00e9unir en tant que responsables de communication et technologues pour partager des initiatives, \u00e9changer les uns avec les autres, \u00e9couter ce que nous avons fait dans diff\u00e9rents domaines et nous soutenir mutuellement dans cette mission qui consiste \u00e0 \u00eatre cr\u00e9atifs dans la mission de l\u2019\u00e9glise, \u00bb a dit Harvey Alf\u00e9rez.<\/p>\n<div id=\"attachment_40661\" style=\"width: 771px\" class=\"wp-caption aligncenter\"><img loading=\"lazy\" decoding=\"async\" aria-describedby=\"caption-attachment-40661\" class=\" wp-image-40661\" src=\"https:\/\/recursing-golick.147-182-135-0.plesk.page\/wp-content\/uploads\/2018\/04\/gain-mx-group-300x199.jpg\" alt=\"\" width=\"761\" height=\"505\" srcset=\"https:\/\/interamerica.org\/wp-content\/uploads\/2018\/04\/gain-mx-group-300x199.jpg 300w, https:\/\/interamerica.org\/wp-content\/uploads\/2018\/04\/gain-mx-group.jpg 1000w\" sizes=\"(max-width: 761px) 100vw, 761px\" \/><p id=\"caption-attachment-40661\" class=\"wp-caption-text\">Un groupe de GAiN Mexique pose pour une photo \u00e0 la fin du programme le 14 avril 2018.<\/p><\/div>\n<p>Abel M\u00e1rquez est du m\u00eame avis. \u00ab Je crois que ce type de programme ne serait d\u2019aucune aide si nous le laissions \u00e0 ce niveau, c\u2019est \u00e0 dire vivre, parler et r\u00eaver de projets, il s\u2019agit plut\u00f4t de les mettre en \u0153uvre dans l\u2019\u00e9glise locale, \u00e0 l\u2019\u00e9cole, \u00e0 la maison, individuellement ou collectivement. \u00bb<\/p>\n<p>Les participants \u00e0 GAiN Mexique ont promis de mettre en \u0153uvre certaines id\u00e9es g\u00e9n\u00e9r\u00e9es au cours du programme de deux jours.<\/p>\n<p>Parmi les intervenants du programme GAiN, on trouvait \u00e9galement le journaliste Adventiste Victor Hugo Arteaga, qui a re\u00e7u le Prix National du Journalisme au Mexique l\u2019ann\u00e9e derni\u00e8re; Felipe Lemos, responsable de la communication dans la Division Sud Am\u00e9ricaine; David Guti\u00e9rrez, designer UI \/ UX chez Nett; Lizbeth Elejalde, professeur de t\u00e9l\u00e9vision \u00e0 l\u2019Universit\u00e9 de Montemorelos, et assistante de programme et de production pour Hope Channel Inter Am\u00e9rique; Kevin Zapien, designer UI \/ UX et membre du personnel enseignant de l\u2019universit\u00e9; Geoffrey Porto, ing\u00e9nieur logiciel de Grupo Financiero Banregio; Robert Valencia, responsable des strat\u00e9gies des m\u00e9dias Web \u00e0 la Radio Adventiste Mondiale; Jasson Hern\u00e1ndez, producteur de projets t\u00e9l\u00e9vis\u00e9s et de programmes en direct; et pasteur Hiram Ruiz, directeur des minist\u00e8res aupr\u00e8s des campus publics pour l\u2019Eglise Adventiste en Inter Am\u00e9rique.<\/p>\n<p>Pour en savoir plus sur le programme GAiN Mexique, visitez le site <a href=\"mailto:http:\/\/noticias.um.edu.mx\/realizan-primera-edicion-del-global-adventist-internet-network-mexico\/\">um.edu.mx<\/a><\/p>\n<p>&nbsp;<\/p>\n<p>Traduction: Patrick Luciathe<\/p>\n","protected":false},"excerpt":{"rendered":"<p>20 avril 2018 | Montemorelos, Nuevo Leon, Mexique | Laura Marrero \/ DIA L\u2019\u00c9cole des Arts et de la Communication de l\u2019Universit\u00e9 de Montemorelos (ArtCom) a r\u00e9cemment tenu sa premi\u00e8re&#8230;<\/p>\n","protected":false},"author":3,"featured_media":40656,"comment_status":"open","ping_status":"closed","sticky":false,"template":"","format":"standard","meta":{"_acf_changed":false,"footnotes":""},"categories":[20,19],"tags":[],"class_list":["post-40681","post","type-post","status-publish","format-standard","has-post-thumbnail","hentry","category-nouvelles-du-siege-de-la-division","category-rss-francais"],"acf":[],"yoast_head":"<!-- This site is optimized with the Yoast SEO plugin v27.3 - https:\/\/yoast.com\/product\/yoast-seo-wordpress\/ -->\n<title>GAiN Mexique promeut plus de cr\u00e9ativit\u00e9 chez les responsables de communication et les technologues - \u00c9glise Adventiste Du Septieme Jour - Inter Am\u00e9rique Division<\/title>\n<meta name=\"robots\" content=\"index, follow, max-snippet:-1, max-image-preview:large, max-video-preview:-1\" \/>\n<link rel=\"canonical\" href=\"https:\/\/interamerica.org\/fr\/2018\/04\/gain-mexique-promeut-plus-de-creativite-chez-les-responsables-de-communication-et-les-technologues\/\" \/>\n<meta property=\"og:locale\" content=\"fr_FR\" \/>\n<meta property=\"og:type\" content=\"article\" \/>\n<meta property=\"og:title\" content=\"GAiN Mexique promeut plus de cr\u00e9ativit\u00e9 chez les responsables de communication et les technologues - \u00c9glise Adventiste Du Septieme Jour - Inter Am\u00e9rique Division\" \/>\n<meta property=\"og:description\" content=\"20 avril 2018 | Montemorelos, Nuevo Leon, Mexique | Laura Marrero \/ DIA L\u2019\u00c9cole des Arts et de la Communication de l\u2019Universit\u00e9 de Montemorelos (ArtCom) a r\u00e9cemment tenu sa premi\u00e8re...\" \/>\n<meta property=\"og:url\" content=\"https:\/\/interamerica.org\/fr\/2018\/04\/gain-mexique-promeut-plus-de-creativite-chez-les-responsables-de-communication-et-les-technologues\/\" \/>\n<meta property=\"og:site_name\" content=\"\u00c9glise Adventiste Du Septieme Jour - Inter Am\u00e9rique Division\" \/>\n<meta property=\"article:published_time\" content=\"2018-04-20T10:52:22+00:00\" \/>\n<meta property=\"article:modified_time\" content=\"2018-05-02T01:14:49+00:00\" \/>\n<meta property=\"og:image\" content=\"https:\/\/interamerica.org\/wp-content\/uploads\/2018\/04\/gain-mex-alferez.jpg\" \/>\n\t<meta property=\"og:image:width\" content=\"1280\" \/>\n\t<meta property=\"og:image:height\" content=\"800\" \/>\n\t<meta property=\"og:image:type\" content=\"image\/jpeg\" \/>\n<meta name=\"author\" content=\"libna\" \/>\n<meta name=\"twitter:card\" content=\"summary_large_image\" \/>\n<meta name=\"twitter:label1\" content=\"\u00c9crit par\" \/>\n\t<meta name=\"twitter:data1\" content=\"libna\" \/>\n\t<meta name=\"twitter:label2\" content=\"Dur\u00e9e de lecture estim\u00e9e\" \/>\n\t<meta name=\"twitter:data2\" content=\"6 minutes\" \/>\n<script type=\"application\/ld+json\" class=\"yoast-schema-graph\">{\"@context\":\"https:\\\/\\\/schema.org\",\"@graph\":[{\"@type\":\"Article\",\"@id\":\"https:\\\/\\\/interamerica.org\\\/fr\\\/2018\\\/04\\\/gain-mexique-promeut-plus-de-creativite-chez-les-responsables-de-communication-et-les-technologues\\\/#article\",\"isPartOf\":{\"@id\":\"https:\\\/\\\/interamerica.org\\\/fr\\\/2018\\\/04\\\/gain-mexique-promeut-plus-de-creativite-chez-les-responsables-de-communication-et-les-technologues\\\/\"},\"author\":{\"name\":\"libna\",\"@id\":\"https:\\\/\\\/interamerica.org\\\/fr\\\/#\\\/schema\\\/person\\\/29998f2bc2d8bd0d38662909289b54f1\"},\"headline\":\"GAiN Mexique promeut plus de cr\u00e9ativit\u00e9 chez les responsables de communication et les technologues\",\"datePublished\":\"2018-04-20T10:52:22+00:00\",\"dateModified\":\"2018-05-02T01:14:49+00:00\",\"mainEntityOfPage\":{\"@id\":\"https:\\\/\\\/interamerica.org\\\/fr\\\/2018\\\/04\\\/gain-mexique-promeut-plus-de-creativite-chez-les-responsables-de-communication-et-les-technologues\\\/\"},\"wordCount\":1204,\"commentCount\":0,\"image\":{\"@id\":\"https:\\\/\\\/interamerica.org\\\/fr\\\/2018\\\/04\\\/gain-mexique-promeut-plus-de-creativite-chez-les-responsables-de-communication-et-les-technologues\\\/#primaryimage\"},\"thumbnailUrl\":\"https:\\\/\\\/interamerica.org\\\/wp-content\\\/uploads\\\/2018\\\/04\\\/gain-mex-alferez.jpg\",\"articleSection\":[\"Nouvelles du si\u00e8ge de la division\",\"RSS Fran\u00e7ais\"],\"inLanguage\":\"fr-FR\",\"potentialAction\":[{\"@type\":\"CommentAction\",\"name\":\"Comment\",\"target\":[\"https:\\\/\\\/interamerica.org\\\/fr\\\/2018\\\/04\\\/gain-mexique-promeut-plus-de-creativite-chez-les-responsables-de-communication-et-les-technologues\\\/#respond\"]}]},{\"@type\":\"WebPage\",\"@id\":\"https:\\\/\\\/interamerica.org\\\/fr\\\/2018\\\/04\\\/gain-mexique-promeut-plus-de-creativite-chez-les-responsables-de-communication-et-les-technologues\\\/\",\"url\":\"https:\\\/\\\/interamerica.org\\\/fr\\\/2018\\\/04\\\/gain-mexique-promeut-plus-de-creativite-chez-les-responsables-de-communication-et-les-technologues\\\/\",\"name\":\"GAiN Mexique promeut plus de cr\u00e9ativit\u00e9 chez les responsables de communication et les technologues - \u00c9glise Adventiste Du Septieme Jour - Inter Am\u00e9rique Division\",\"isPartOf\":{\"@id\":\"https:\\\/\\\/interamerica.org\\\/fr\\\/#website\"},\"primaryImageOfPage\":{\"@id\":\"https:\\\/\\\/interamerica.org\\\/fr\\\/2018\\\/04\\\/gain-mexique-promeut-plus-de-creativite-chez-les-responsables-de-communication-et-les-technologues\\\/#primaryimage\"},\"image\":{\"@id\":\"https:\\\/\\\/interamerica.org\\\/fr\\\/2018\\\/04\\\/gain-mexique-promeut-plus-de-creativite-chez-les-responsables-de-communication-et-les-technologues\\\/#primaryimage\"},\"thumbnailUrl\":\"https:\\\/\\\/interamerica.org\\\/wp-content\\\/uploads\\\/2018\\\/04\\\/gain-mex-alferez.jpg\",\"datePublished\":\"2018-04-20T10:52:22+00:00\",\"dateModified\":\"2018-05-02T01:14:49+00:00\",\"author\":{\"@id\":\"https:\\\/\\\/interamerica.org\\\/fr\\\/#\\\/schema\\\/person\\\/29998f2bc2d8bd0d38662909289b54f1\"},\"breadcrumb\":{\"@id\":\"https:\\\/\\\/interamerica.org\\\/fr\\\/2018\\\/04\\\/gain-mexique-promeut-plus-de-creativite-chez-les-responsables-de-communication-et-les-technologues\\\/#breadcrumb\"},\"inLanguage\":\"fr-FR\",\"potentialAction\":[{\"@type\":\"ReadAction\",\"target\":[\"https:\\\/\\\/interamerica.org\\\/fr\\\/2018\\\/04\\\/gain-mexique-promeut-plus-de-creativite-chez-les-responsables-de-communication-et-les-technologues\\\/\"]}]},{\"@type\":\"ImageObject\",\"inLanguage\":\"fr-FR\",\"@id\":\"https:\\\/\\\/interamerica.org\\\/fr\\\/2018\\\/04\\\/gain-mexique-promeut-plus-de-creativite-chez-les-responsables-de-communication-et-les-technologues\\\/#primaryimage\",\"url\":\"https:\\\/\\\/interamerica.org\\\/wp-content\\\/uploads\\\/2018\\\/04\\\/gain-mex-alferez.jpg\",\"contentUrl\":\"https:\\\/\\\/interamerica.org\\\/wp-content\\\/uploads\\\/2018\\\/04\\\/gain-mex-alferez.jpg\",\"width\":1280,\"height\":800,\"caption\":\"Image by Montemorelos University\"},{\"@type\":\"BreadcrumbList\",\"@id\":\"https:\\\/\\\/interamerica.org\\\/fr\\\/2018\\\/04\\\/gain-mexique-promeut-plus-de-creativite-chez-les-responsables-de-communication-et-les-technologues\\\/#breadcrumb\",\"itemListElement\":[{\"@type\":\"ListItem\",\"position\":1,\"name\":\"Home\",\"item\":\"https:\\\/\\\/interamerica.org\\\/fr\\\/\"},{\"@type\":\"ListItem\",\"position\":2,\"name\":\"GAiN Mexique promeut plus de cr\u00e9ativit\u00e9 chez les responsables de communication et les technologues\"}]},{\"@type\":\"WebSite\",\"@id\":\"https:\\\/\\\/interamerica.org\\\/fr\\\/#website\",\"url\":\"https:\\\/\\\/interamerica.org\\\/fr\\\/\",\"name\":\"\u00c9glise Adventiste Du Septieme Jour - Inter Am\u00e9rique Division\",\"description\":\"\",\"potentialAction\":[{\"@type\":\"SearchAction\",\"target\":{\"@type\":\"EntryPoint\",\"urlTemplate\":\"https:\\\/\\\/interamerica.org\\\/fr\\\/?s={search_term_string}\"},\"query-input\":{\"@type\":\"PropertyValueSpecification\",\"valueRequired\":true,\"valueName\":\"search_term_string\"}}],\"inLanguage\":\"fr-FR\"},{\"@type\":\"Person\",\"@id\":\"https:\\\/\\\/interamerica.org\\\/fr\\\/#\\\/schema\\\/person\\\/29998f2bc2d8bd0d38662909289b54f1\",\"name\":\"libna\",\"image\":{\"@type\":\"ImageObject\",\"inLanguage\":\"fr-FR\",\"@id\":\"https:\\\/\\\/secure.gravatar.com\\\/avatar\\\/7c5bd30ae4b47a9ba3c856590957fd1d96dc588bf3ac05719d247e126840331f?s=96&d=mm&r=g\",\"url\":\"https:\\\/\\\/secure.gravatar.com\\\/avatar\\\/7c5bd30ae4b47a9ba3c856590957fd1d96dc588bf3ac05719d247e126840331f?s=96&d=mm&r=g\",\"contentUrl\":\"https:\\\/\\\/secure.gravatar.com\\\/avatar\\\/7c5bd30ae4b47a9ba3c856590957fd1d96dc588bf3ac05719d247e126840331f?s=96&d=mm&r=g\",\"caption\":\"libna\"}}]}<\/script>\n<!-- \/ Yoast SEO plugin. -->","yoast_head_json":{"title":"GAiN Mexique promeut plus de cr\u00e9ativit\u00e9 chez les responsables de communication et les technologues - \u00c9glise Adventiste Du Septieme Jour - Inter Am\u00e9rique Division","robots":{"index":"index","follow":"follow","max-snippet":"max-snippet:-1","max-image-preview":"max-image-preview:large","max-video-preview":"max-video-preview:-1"},"canonical":"https:\/\/interamerica.org\/fr\/2018\/04\/gain-mexique-promeut-plus-de-creativite-chez-les-responsables-de-communication-et-les-technologues\/","og_locale":"fr_FR","og_type":"article","og_title":"GAiN Mexique promeut plus de cr\u00e9ativit\u00e9 chez les responsables de communication et les technologues - \u00c9glise Adventiste Du Septieme Jour - Inter Am\u00e9rique Division","og_description":"20 avril 2018 | Montemorelos, Nuevo Leon, Mexique | Laura Marrero \/ DIA L\u2019\u00c9cole des Arts et de la Communication de l\u2019Universit\u00e9 de Montemorelos (ArtCom) a r\u00e9cemment tenu sa premi\u00e8re...","og_url":"https:\/\/interamerica.org\/fr\/2018\/04\/gain-mexique-promeut-plus-de-creativite-chez-les-responsables-de-communication-et-les-technologues\/","og_site_name":"\u00c9glise Adventiste Du Septieme Jour - Inter Am\u00e9rique Division","article_published_time":"2018-04-20T10:52:22+00:00","article_modified_time":"2018-05-02T01:14:49+00:00","og_image":[{"width":1280,"height":800,"url":"https:\/\/interamerica.org\/wp-content\/uploads\/2018\/04\/gain-mex-alferez.jpg","type":"image\/jpeg"}],"author":"libna","twitter_card":"summary_large_image","twitter_misc":{"\u00c9crit par":"libna","Dur\u00e9e de lecture estim\u00e9e":"6 minutes"},"schema":{"@context":"https:\/\/schema.org","@graph":[{"@type":"Article","@id":"https:\/\/interamerica.org\/fr\/2018\/04\/gain-mexique-promeut-plus-de-creativite-chez-les-responsables-de-communication-et-les-technologues\/#article","isPartOf":{"@id":"https:\/\/interamerica.org\/fr\/2018\/04\/gain-mexique-promeut-plus-de-creativite-chez-les-responsables-de-communication-et-les-technologues\/"},"author":{"name":"libna","@id":"https:\/\/interamerica.org\/fr\/#\/schema\/person\/29998f2bc2d8bd0d38662909289b54f1"},"headline":"GAiN Mexique promeut plus de cr\u00e9ativit\u00e9 chez les responsables de communication et les technologues","datePublished":"2018-04-20T10:52:22+00:00","dateModified":"2018-05-02T01:14:49+00:00","mainEntityOfPage":{"@id":"https:\/\/interamerica.org\/fr\/2018\/04\/gain-mexique-promeut-plus-de-creativite-chez-les-responsables-de-communication-et-les-technologues\/"},"wordCount":1204,"commentCount":0,"image":{"@id":"https:\/\/interamerica.org\/fr\/2018\/04\/gain-mexique-promeut-plus-de-creativite-chez-les-responsables-de-communication-et-les-technologues\/#primaryimage"},"thumbnailUrl":"https:\/\/interamerica.org\/wp-content\/uploads\/2018\/04\/gain-mex-alferez.jpg","articleSection":["Nouvelles du si\u00e8ge de la division","RSS Fran\u00e7ais"],"inLanguage":"fr-FR","potentialAction":[{"@type":"CommentAction","name":"Comment","target":["https:\/\/interamerica.org\/fr\/2018\/04\/gain-mexique-promeut-plus-de-creativite-chez-les-responsables-de-communication-et-les-technologues\/#respond"]}]},{"@type":"WebPage","@id":"https:\/\/interamerica.org\/fr\/2018\/04\/gain-mexique-promeut-plus-de-creativite-chez-les-responsables-de-communication-et-les-technologues\/","url":"https:\/\/interamerica.org\/fr\/2018\/04\/gain-mexique-promeut-plus-de-creativite-chez-les-responsables-de-communication-et-les-technologues\/","name":"GAiN Mexique promeut plus de cr\u00e9ativit\u00e9 chez les responsables de communication et les technologues - \u00c9glise Adventiste Du Septieme Jour - Inter Am\u00e9rique Division","isPartOf":{"@id":"https:\/\/interamerica.org\/fr\/#website"},"primaryImageOfPage":{"@id":"https:\/\/interamerica.org\/fr\/2018\/04\/gain-mexique-promeut-plus-de-creativite-chez-les-responsables-de-communication-et-les-technologues\/#primaryimage"},"image":{"@id":"https:\/\/interamerica.org\/fr\/2018\/04\/gain-mexique-promeut-plus-de-creativite-chez-les-responsables-de-communication-et-les-technologues\/#primaryimage"},"thumbnailUrl":"https:\/\/interamerica.org\/wp-content\/uploads\/2018\/04\/gain-mex-alferez.jpg","datePublished":"2018-04-20T10:52:22+00:00","dateModified":"2018-05-02T01:14:49+00:00","author":{"@id":"https:\/\/interamerica.org\/fr\/#\/schema\/person\/29998f2bc2d8bd0d38662909289b54f1"},"breadcrumb":{"@id":"https:\/\/interamerica.org\/fr\/2018\/04\/gain-mexique-promeut-plus-de-creativite-chez-les-responsables-de-communication-et-les-technologues\/#breadcrumb"},"inLanguage":"fr-FR","potentialAction":[{"@type":"ReadAction","target":["https:\/\/interamerica.org\/fr\/2018\/04\/gain-mexique-promeut-plus-de-creativite-chez-les-responsables-de-communication-et-les-technologues\/"]}]},{"@type":"ImageObject","inLanguage":"fr-FR","@id":"https:\/\/interamerica.org\/fr\/2018\/04\/gain-mexique-promeut-plus-de-creativite-chez-les-responsables-de-communication-et-les-technologues\/#primaryimage","url":"https:\/\/interamerica.org\/wp-content\/uploads\/2018\/04\/gain-mex-alferez.jpg","contentUrl":"https:\/\/interamerica.org\/wp-content\/uploads\/2018\/04\/gain-mex-alferez.jpg","width":1280,"height":800,"caption":"Image by Montemorelos University"},{"@type":"BreadcrumbList","@id":"https:\/\/interamerica.org\/fr\/2018\/04\/gain-mexique-promeut-plus-de-creativite-chez-les-responsables-de-communication-et-les-technologues\/#breadcrumb","itemListElement":[{"@type":"ListItem","position":1,"name":"Home","item":"https:\/\/interamerica.org\/fr\/"},{"@type":"ListItem","position":2,"name":"GAiN Mexique promeut plus de cr\u00e9ativit\u00e9 chez les responsables de communication et les technologues"}]},{"@type":"WebSite","@id":"https:\/\/interamerica.org\/fr\/#website","url":"https:\/\/interamerica.org\/fr\/","name":"\u00c9glise Adventiste Du Septieme Jour - Inter Am\u00e9rique Division","description":"","potentialAction":[{"@type":"SearchAction","target":{"@type":"EntryPoint","urlTemplate":"https:\/\/interamerica.org\/fr\/?s={search_term_string}"},"query-input":{"@type":"PropertyValueSpecification","valueRequired":true,"valueName":"search_term_string"}}],"inLanguage":"fr-FR"},{"@type":"Person","@id":"https:\/\/interamerica.org\/fr\/#\/schema\/person\/29998f2bc2d8bd0d38662909289b54f1","name":"libna","image":{"@type":"ImageObject","inLanguage":"fr-FR","@id":"https:\/\/secure.gravatar.com\/avatar\/7c5bd30ae4b47a9ba3c856590957fd1d96dc588bf3ac05719d247e126840331f?s=96&d=mm&r=g","url":"https:\/\/secure.gravatar.com\/avatar\/7c5bd30ae4b47a9ba3c856590957fd1d96dc588bf3ac05719d247e126840331f?s=96&d=mm&r=g","contentUrl":"https:\/\/secure.gravatar.com\/avatar\/7c5bd30ae4b47a9ba3c856590957fd1d96dc588bf3ac05719d247e126840331f?s=96&d=mm&r=g","caption":"libna"}}]}},"_links":{"self":[{"href":"https:\/\/interamerica.org\/fr\/wp-json\/wp\/v2\/posts\/40681","targetHints":{"allow":["GET"]}}],"collection":[{"href":"https:\/\/interamerica.org\/fr\/wp-json\/wp\/v2\/posts"}],"about":[{"href":"https:\/\/interamerica.org\/fr\/wp-json\/wp\/v2\/types\/post"}],"author":[{"embeddable":true,"href":"https:\/\/interamerica.org\/fr\/wp-json\/wp\/v2\/users\/3"}],"replies":[{"embeddable":true,"href":"https:\/\/interamerica.org\/fr\/wp-json\/wp\/v2\/comments?post=40681"}],"version-history":[{"count":0,"href":"https:\/\/interamerica.org\/fr\/wp-json\/wp\/v2\/posts\/40681\/revisions"}],"wp:featuredmedia":[{"embeddable":true,"href":"https:\/\/interamerica.org\/fr\/wp-json\/wp\/v2\/media\/40656"}],"wp:attachment":[{"href":"https:\/\/interamerica.org\/fr\/wp-json\/wp\/v2\/media?parent=40681"}],"wp:term":[{"taxonomy":"category","embeddable":true,"href":"https:\/\/interamerica.org\/fr\/wp-json\/wp\/v2\/categories?post=40681"},{"taxonomy":"post_tag","embeddable":true,"href":"https:\/\/interamerica.org\/fr\/wp-json\/wp\/v2\/tags?post=40681"}],"curies":[{"name":"wp","href":"https:\/\/api.w.org\/{rel}","templated":true}]}}