{"id":40720,"date":"2018-04-23T12:30:05","date_gmt":"2018-04-23T16:30:05","guid":{"rendered":"https:\/\/recursing-golick.147-182-135-0.plesk.page\/?p=40720"},"modified":"2018-05-01T21:14:21","modified_gmt":"2018-05-02T01:14:21","slug":"le-festival-du-film-sonscreen-met-en-avant-et-celebre-de-jeunes-cineastes-chretiens","status":"publish","type":"post","link":"https:\/\/interamerica.org\/fr\/2018\/04\/le-festival-du-film-sonscreen-met-en-avant-et-celebre-de-jeunes-cineastes-chretiens\/","title":{"rendered":"Le festival du film Sonscreen met en avant et c\u00e9l\u00e8bre de jeunes cin\u00e9astes chr\u00e9tiens"},"content":{"rendered":"<div>\n<div id=\"attachment_40685\" style=\"width: 771px\" class=\"wp-caption aligncenter\"><img fetchpriority=\"high\" decoding=\"async\" aria-describedby=\"caption-attachment-40685\" class=\" wp-image-40685\" src=\"https:\/\/recursing-golick.147-182-135-0.plesk.page\/wp-content\/uploads\/2018\/04\/sonscreen-2018-panel-of-leaders1280-300x188.jpg\" alt=\"\" width=\"761\" height=\"477\" srcset=\"https:\/\/interamerica.org\/wp-content\/uploads\/2018\/04\/sonscreen-2018-panel-of-leaders1280-300x188.jpg 300w, https:\/\/interamerica.org\/wp-content\/uploads\/2018\/04\/sonscreen-2018-panel-of-leaders1280-768x480.jpg 768w, https:\/\/interamerica.org\/wp-content\/uploads\/2018\/04\/sonscreen-2018-panel-of-leaders1280-1024x640.jpg 1024w, https:\/\/interamerica.org\/wp-content\/uploads\/2018\/04\/sonscreen-2018-panel-of-leaders1280.jpg 1280w\" sizes=\"(max-width: 761px) 100vw, 761px\" \/><p id=\"caption-attachment-40685\" class=\"wp-caption-text\">Un panel de dirigeants d\u2019\u00e9glise et de professeurs de cin\u00e9ma discutent du r\u00f4le du cin\u00e9ma dans le traitement des probl\u00e8mes sociaux qui repr\u00e9sentent un d\u00e9fi pour la soci\u00e9t\u00e9 et l\u2019\u00e9glise lors de l\u2019\u00e9dition 2018 du Festival du Film Sonscreen. Photo de Pieter Damsteegt<\/p><\/div>\n<\/div>\n<div><\/div>\n<header class=\"article__header article__flow spacing--quarter\">\n<div class=\"article__meta\"><span class=\"pub_date font--secondary--s gray can-be--white\">22 Avril 2018<\/span> <span class=\"divider\">|<\/span> <span class=\"pub_region font--secondary--s gray can-be--white\">Columbia, Maryland, Etats Unis<\/span> <span class=\"divider\">|<\/span> <span class=\"byline font--secondary--s gray can-be--white\">Kimberly Luste Maran, directrice adjointe de la communication pour la Division Nord Am\u00e9ricaine<\/span><\/div>\n<div>\n<p>La Division Nord Am\u00e9ricaine (NAD) a accueilli 225 r\u00e9alisateurs \u00e9tudiants et professionnels ainsi que des invit\u00e9s au Festival du Film Sonscreen de 2018. Le festival de trois jours, organis\u00e9 par la NAD, a permis de visionner 47 s\u00e9lections officielles d\u2019\u00e9tudiants metteurs en sc\u00e8ne. Le programme s\u2019est achev\u00e9 en beaut\u00e9 avec une c\u00e9r\u00e9monie de remise de prix et une r\u00e9ception de cl\u00f4ture ; 11 films d\u2019\u00e9tudiants ont remport\u00e9 des prix.<\/p>\n<p>\u00ab Sonscreen a continu\u00e9 de se d\u00e9velopper r\u00e9guli\u00e8rement chaque ann\u00e9e \u00e0 la fois dans le nombre de films pr\u00e9sent\u00e9s et dans la participation, \u00bb a d\u00e9clar\u00e9 Julio Mu\u00f1oz, directeur du Festival du Film Sonscreen et directeur adjoint du Bureau de la communication de la NAD. \u00ab Un nombre record de 61 films ont \u00e9t\u00e9 soumis au festival de cette ann\u00e9e. Et comme nous sommes limit\u00e9s dans le nombre de films que nous pouvons programmer, nous avons vu la qualit\u00e9 des &lsquo;s\u00e9lections officielles&rsquo; continuer de s\u2019am\u00e9liorer. \u00bb<\/p>\n<p>\u00ab C\u2019est ma premi\u00e8re fois \u00e0 Sonscreen et j\u2019ai vraiment appr\u00e9ci\u00e9, \u00bb a d\u00e9clar\u00e9 Averie Alexander, \u00e9tudiant en deuxi\u00e8me ann\u00e9e de cin\u00e9ma et de biologie, \u00e0 la Southern Adventist University. \u00ab J\u2019aime voir la vari\u00e9t\u00e9 des films qui sont pr\u00e9sent\u00e9s, dans leurs genres et leurs niveaux \u2013 le fait d\u2019avoir des films d\u2019\u00e9cole secondaire, des films professionnels, permet de voir un \u00e9ventail d\u2019expertise, ce qui \u00e9tait vraiment int\u00e9ressant parce que cela montre la croissance, le potentiel.<\/p>\n<p>Averie Alexander a ajout\u00e9: \u00ab Beaucoup de festivals de films peuvent donner l\u2019impression que la r\u00e9alisation cin\u00e9matographique est inaccessible, mais le fait d\u2019avoir cet assortiment de personnes (\u00e9tudiants et professionnels) vous donne l\u2019impression d\u2019\u00eatre sur un pied d\u2019\u00e9galit\u00e9, ou un peu en avance ou en arri\u00e8re, et nous pouvons tous apprendre les uns des autres. \u00bb<\/p>\n<p>Quatre films professionnels ont \u00e9galement \u00e9t\u00e9 projet\u00e9s au festival de cette ann\u00e9e, et des s\u00e9ances de questions-r\u00e9ponses ont eu lieu apr\u00e8s des projections de films et des pr\u00e9sentations d\u2019intervenants. Parmi les invit\u00e9s sp\u00e9ciaux au festival figuraient Aaron Adams, animateur; Chris et Tatia Cibelli, monteurs de films; Joshua Weigel, r\u00e9alisateur \/ co-sc\u00e9nariste de \u00ab Le Cirque des Papillons ; \u00bb David George, producteur de \u00ab La Vie apr\u00e8s l\u2019Ecole de Cin\u00e9ma; \u00bb Sven Fockner, vice-pr\u00e9sident en charge du contenu, Stimme der Hoffnung (Centre M\u00e9dia Europ\u00e9en de l\u2019Eglise Adventiste du Septi\u00e8me Jour) ; et Dan Jackson, pr\u00e9sident de la NAD.<\/p>\n<p>En plus des projections de films et des s\u00e9ances de questions et r\u00e9ponses, deux discussions en panel ont donn\u00e9 aux cin\u00e9astes, aux professeurs et aux dirigeants d\u2019\u00e9glise l\u2019occasion \u00e0 la fois de partager des \u00e9l\u00e9ments sur la vie apr\u00e8s les films et d\u2019aborder le r\u00f4le que jouent les films dans quelques unes des questions sociales auxquelles doivent faire face la soci\u00e9t\u00e9 et l\u2019\u00e9glise.<\/p>\n<p>\u00ab Le weekend s\u2019est vite \u00e9coul\u00e9, et le voyage a absolument \u00e9t\u00e9 b\u00e9n\u00e9fique, \u00bb a d\u00e9clar\u00e9 Rajeev Sigamoney, coordinateur du programme de cin\u00e9ma au D\u00e9partement des Arts Visuels \u00e0 l\u2019Universit\u00e9 de l\u2019Union du Pacifique (PUC).<\/p>\n<p>\u00ab Participer \u00e0 Sonscreen me rappelle \u00e0 quel point nous avons un programme sp\u00e9cial! Aussi divers que soient les contextes d\u2019o\u00f9 nous venons, nous semblons tous \u00eatre d\u00e9coup\u00e9s dans la m\u00eame \u00e9toffe. Des individus qui s\u2019efforcent de faire quelque chose d\u2019important dans le cadre de notre foi et de nos communaut\u00e9s. \u00bb<\/p>\n<p>\u00ab Les cin\u00e9astes participant au festival de cette ann\u00e9e ont pr\u00e9sent\u00e9 de nombreux films superbes et pertinents qui abordaient des th\u00e8mes s\u00e9rieux d\u2019une mani\u00e8re honn\u00eate, \u00bb a d\u00e9clar\u00e9 Julio Mu\u00f1oz. \u00ab Nous voulons que Sonscreen soit une communaut\u00e9 inclusive o\u00f9 les jeunes cin\u00e9astes sont affirm\u00e9s en tant qu\u2019artistes et se sentent en s\u00e9curit\u00e9 pour utiliser leur art afin de r\u00e9fl\u00e9chir sinc\u00e8rement sur le monde dans lequel ils vivent. \u00bb<\/p>\n<div id=\"attachment_40688\" style=\"width: 771px\" class=\"wp-caption aligncenter\"><img decoding=\"async\" aria-describedby=\"caption-attachment-40688\" class=\" wp-image-40688\" src=\"https:\/\/recursing-golick.147-182-135-0.plesk.page\/wp-content\/uploads\/2018\/04\/sonscreen-2018-comedy-winner-300x200.jpg\" alt=\"\" width=\"761\" height=\"507\" srcset=\"https:\/\/interamerica.org\/wp-content\/uploads\/2018\/04\/sonscreen-2018-comedy-winner-300x200.jpg 300w, https:\/\/interamerica.org\/wp-content\/uploads\/2018\/04\/sonscreen-2018-comedy-winner-768x512.jpg 768w, https:\/\/interamerica.org\/wp-content\/uploads\/2018\/04\/sonscreen-2018-comedy-winner.jpg 1000w\" sizes=\"(max-width: 761px) 100vw, 761px\" \/><p id=\"caption-attachment-40688\" class=\"wp-caption-text\">Andrew Hansen re\u00e7oit le prix du meilleur court m\u00e9trage comique avec son film \u00ab Qui a Pi\u00e9g\u00e9 Lyndon Johnson? \u00bb Photo de Pieter Damsteegt<\/p><\/div>\n<p>Depuis 18 ans, Sonscreen offre aux jeunes adultes cin\u00e9astes l\u2019opportunit\u00e9 de partager leur travail, d\u2019apprendre de professionnels, de r\u00e9seauter et de recevoir une reconnaissance pour leur travail. Les 47 s\u00e9lections officielles ont \u00e9t\u00e9 divis\u00e9es en six cat\u00e9gories: court m\u00e9trage d\u2019animation, court m\u00e9trage artistique \/ exp\u00e9rimental (nouvelle cat\u00e9gorie), court m\u00e9trage dramatique, court m\u00e9trage documentaire, court m\u00e9trage com\u00e9die et court m\u00e9trage d\u2019\u00e9cole secondaire.<\/p>\n<p>Le festival s\u2019est achev\u00e9 avec la remise de 11 Prix Sonny: Meilleur Court M\u00e9trage d\u2019Animation, Meilleure Cin\u00e9matographie, Meilleur Court M\u00e9trage Documentaire, Meilleur Court M\u00e9trage d\u2019Ecole Secondaire, Meilleur Court M\u00e9trage de Com\u00e9die, Meilleur Court M\u00e9trage Dramatique, Meilleur Sc\u00e9nario Original, S\u00e9lection du Jury, Choix du Public et Meilleur Film du Festival. Des prix d\u2019honneur ont \u00e9galement \u00e9t\u00e9 d\u00e9cern\u00e9s pour des courts m\u00e9trages dans les cat\u00e9gories Art \/ Exp\u00e9rimental, Com\u00e9die, Dramatique, Documentaire, Animation.<\/p>\n<p>Au d\u00e9but du festival, le Prix Sonscreen Vision a \u00e9t\u00e9 remis \u00e0 Debra Brill. Comme l\u2019a dit Dan Jackson lors de la pr\u00e9sentation, Debra Brill \u00ab a \u00e9t\u00e9 fid\u00e8le \u00e0 l\u2019appel pour aider \u00e0 faire d\u00e9coller le mouvement et \u00e0 le soutenir. \u00bb<\/p>\n<p>Dan Jackson a ajout\u00e9: \u00ab Dans les moments o\u00f9 les finances \u00e9taient limit\u00e9es, Debra a continu\u00e9 \u00e0 parler. Dans les moments o\u00f9 il y avait des critiques, elle a continu\u00e9 \u00e0 le d\u00e9fendre. Debra a \u00e9t\u00e9 une championne pour cette cause. \u00bb<\/p>\n<p>Parmi les \u00e9coles et les groupes d\u2019\u00e9tudiants repr\u00e9sent\u00e9s au festival il y avait l\u2019Universit\u00e9 d\u2019Andrews (Michigan); l\u2019Ecole Secondaire de la Mission Hawaiienne (Hawaii); l\u2019Ecole Secondaire de La Sierra, l\u2019Universit\u00e9 de La Sierra, l\u2019Ecole Secondaire de Loma Linda, l\u2019Universit\u00e9 de Loma Linda et l\u2019Universit\u00e9 de l\u2019Union du Pacifique (Californie); l\u2019\u00e9glise Adventiste du Septi\u00e8me Jour de La Plantation (Floride); l\u2019Ecole Secondaire de Rio Lindo (Californie); l\u2019Ecole Secondaire Adventiste de Spencerville (Maryland); l\u2019Universit\u00e9 Adventiste du Sud (Tennessee); l\u2019Universit\u00e9 Adventiste du Sud-Ouest (Texas); et l\u2019Universit\u00e9 de Walla Walla (Washington).<\/p>\n<p>\u00ab J\u2019\u00e9tais nerveux \u00e0 propos du visionnage lors du festival, mais tr\u00e8s heureux \u00e9galement parce que [le public] a pu voir une partie du talent que Dieu m\u2019a donn\u00e9, \u00bb a d\u00e9clar\u00e9 Ethan Madding, un \u00e9tudiant de derni\u00e8re ann\u00e9e \u00e0 l\u2019Ecole Secondaire Adventiste de Spencerville. \u00ab Le cin\u00e9ma est un moyen d\u2019exprimer ce que vous croyez, qu\u2019il s\u2019agisse de vues politiques ou spirituelles. C\u2019est aussi une fa\u00e7on de raconter une histoire que d\u2019autres personnes n\u2019auraient peut-\u00eatre pas entendue. Si vous d\u00e9sirez raconter cette histoire, vous pouvez le faire \u00e0 travers le cin\u00e9ma. \u00bb<\/p>\n<p>Je me suis converti \u00e0 l\u2019adventisme plus tard dans ma vie, et j\u2019\u00e9tais toujours inquiet \u00e0 ce sujet parce que j\u2019avais l\u2019impression que l\u2019\u00e9glise n\u2019acceptait pas les arts et les gens qui ne sont pas n\u00e9cessairement dans le format chr\u00e9tien traditionnel, \u00bb a d\u00e9clar\u00e9 Averie Alexander. \u00ab J\u2019avais le sentiment que nous les artistes et les cin\u00e9astes n\u2019\u00e9tions pas inclus. Mais le fait d\u2019entendre pasteur [Dan Jackson] parler de la fa\u00e7on dont ils nous appr\u00e9cient et veulent nous inclure, me touche. Cela me donne le sentiment que ma communaut\u00e9 se soucie de moi.<\/p>\n<p>\u00ab C\u2019est extraordinaire, et c\u2019est magnifique. \u00bb<\/p>\n<p><strong>Les S\u00e9lections Officielles et les Laur\u00e9ats de Sonscreen 2018<\/strong><br \/>\nPrix du Meilleur Film du Festival | \u00ab Sisterly, \u00bb Nina Vallado, Andrews University<br \/>\nChoix du Public | \u00ab Sisterly, \u00bb Nina Vallado<br \/>\nS\u00e9lection du Jury | \u00ab Gen\u00e8se, \u00bb Julian Ybarra, Universit\u00e9 de l\u2019Union du Pacifique<br \/>\nMeilleur Sc\u00e9nario | \u00ab Le Magasin de Chocolat, \u00bb Vester Banner III, Universit\u00e9 de La Sierra<br \/>\nMeilleure Cin\u00e9matographie | \u00ab 125 Livres, \u00bb Joshua Martin, Universit\u00e9 d\u2019Andrews<\/p>\n<p><strong>Prix de la Vision Sonscreen 2018 <\/strong><br \/>\nDebra Brill, vice-presidente de la NAD<\/p>\n<\/div>\n<\/header>\n<div class=\"text article__body spacing\">\n<figure class=\"figure \">\n<div class=\"img-wrap \"><picture class=\"picture \"><source srcset=\"fileadmin\/_processed_\/csm__24_Sonscreen_Film_Festival_showcases_and_celebrates_young_Christian_filmmakersCroppedforPosting_88ab99a86d.jpg\" media=\"(min-width: 1100px)\" \/><source srcset=\"fileadmin\/_processed_\/csm__24_Sonscreen_Film_Festival_showcases_and_celebrates_young_Christian_filmmakersCroppedforPosting_48977fd7ac.jpg\" media=\"(min-width: 901px)\" \/><source srcset=\"fileadmin\/_processed_\/csm__24_Sonscreen_Film_Festival_showcases_and_celebrates_young_Christian_filmmakersCroppedforPosting_0aa05f7e7e.jpg\" media=\"(min-width: 701px)\" \/><source srcset=\"fileadmin\/_processed_\/csm__24_Sonscreen_Film_Festival_showcases_and_celebrates_young_Christian_filmmakersCroppedforPosting_d35ab0aa09.jpg\" media=\"(min-width: 401px)\" \/><\/picture><\/div>\n<\/figure>\n<\/div>\n<p>Traduction: Patrick Luciathe<\/p>\n","protected":false},"excerpt":{"rendered":"<p>22 Avril 2018 | Columbia, Maryland, Etats Unis | Kimberly Luste Maran, directrice adjointe de la communication pour la Division Nord Am\u00e9ricaine La Division Nord Am\u00e9ricaine (NAD) a accueilli 225&#8230;<\/p>\n","protected":false},"author":3,"featured_media":40686,"comment_status":"open","ping_status":"closed","sticky":false,"template":"","format":"standard","meta":{"_acf_changed":false,"footnotes":""},"categories":[18,19],"tags":[],"class_list":["post-40720","post","type-post","status-publish","format-standard","has-post-thumbnail","hentry","category-nouvelles-de-leglise-mondiale","category-rss-francais"],"acf":[],"yoast_head":"<!-- This site is optimized with the Yoast SEO plugin v27.3 - https:\/\/yoast.com\/product\/yoast-seo-wordpress\/ -->\n<title>Le festival du film Sonscreen met en avant et c\u00e9l\u00e8bre de jeunes cin\u00e9astes chr\u00e9tiens - \u00c9glise Adventiste Du Septieme Jour - Inter Am\u00e9rique Division<\/title>\n<meta name=\"robots\" content=\"index, follow, max-snippet:-1, max-image-preview:large, max-video-preview:-1\" \/>\n<link rel=\"canonical\" href=\"https:\/\/interamerica.org\/fr\/2018\/04\/le-festival-du-film-sonscreen-met-en-avant-et-celebre-de-jeunes-cineastes-chretiens\/\" \/>\n<meta property=\"og:locale\" content=\"fr_FR\" \/>\n<meta property=\"og:type\" content=\"article\" \/>\n<meta property=\"og:title\" content=\"Le festival du film Sonscreen met en avant et c\u00e9l\u00e8bre de jeunes cin\u00e9astes chr\u00e9tiens - \u00c9glise Adventiste Du Septieme Jour - Inter Am\u00e9rique Division\" \/>\n<meta property=\"og:description\" content=\"22 Avril 2018 | Columbia, Maryland, Etats Unis | Kimberly Luste Maran, directrice adjointe de la communication pour la Division Nord Am\u00e9ricaine La Division Nord Am\u00e9ricaine (NAD) a accueilli 225...\" \/>\n<meta property=\"og:url\" content=\"https:\/\/interamerica.org\/fr\/2018\/04\/le-festival-du-film-sonscreen-met-en-avant-et-celebre-de-jeunes-cineastes-chretiens\/\" \/>\n<meta property=\"og:site_name\" content=\"\u00c9glise Adventiste Du Septieme Jour - Inter Am\u00e9rique Division\" \/>\n<meta property=\"article:published_time\" content=\"2018-04-23T16:30:05+00:00\" \/>\n<meta property=\"article:modified_time\" content=\"2018-05-02T01:14:21+00:00\" \/>\n<meta property=\"og:image\" content=\"https:\/\/interamerica.org\/wp-content\/uploads\/2018\/04\/sonscreen-2018-panel-of-leaders1280.jpg\" \/>\n\t<meta property=\"og:image:width\" content=\"1280\" \/>\n\t<meta property=\"og:image:height\" content=\"800\" \/>\n\t<meta property=\"og:image:type\" content=\"image\/jpeg\" \/>\n<meta name=\"author\" content=\"libna\" \/>\n<meta name=\"twitter:card\" content=\"summary_large_image\" \/>\n<meta name=\"twitter:label1\" content=\"\u00c9crit par\" \/>\n\t<meta name=\"twitter:data1\" content=\"libna\" \/>\n\t<meta name=\"twitter:label2\" content=\"Dur\u00e9e de lecture estim\u00e9e\" \/>\n\t<meta name=\"twitter:data2\" content=\"7 minutes\" \/>\n<script type=\"application\/ld+json\" class=\"yoast-schema-graph\">{\"@context\":\"https:\\\/\\\/schema.org\",\"@graph\":[{\"@type\":\"Article\",\"@id\":\"https:\\\/\\\/interamerica.org\\\/fr\\\/2018\\\/04\\\/le-festival-du-film-sonscreen-met-en-avant-et-celebre-de-jeunes-cineastes-chretiens\\\/#article\",\"isPartOf\":{\"@id\":\"https:\\\/\\\/interamerica.org\\\/fr\\\/2018\\\/04\\\/le-festival-du-film-sonscreen-met-en-avant-et-celebre-de-jeunes-cineastes-chretiens\\\/\"},\"author\":{\"name\":\"libna\",\"@id\":\"https:\\\/\\\/interamerica.org\\\/fr\\\/#\\\/schema\\\/person\\\/29998f2bc2d8bd0d38662909289b54f1\"},\"headline\":\"Le festival du film Sonscreen met en avant et c\u00e9l\u00e8bre de jeunes cin\u00e9astes chr\u00e9tiens\",\"datePublished\":\"2018-04-23T16:30:05+00:00\",\"dateModified\":\"2018-05-02T01:14:21+00:00\",\"mainEntityOfPage\":{\"@id\":\"https:\\\/\\\/interamerica.org\\\/fr\\\/2018\\\/04\\\/le-festival-du-film-sonscreen-met-en-avant-et-celebre-de-jeunes-cineastes-chretiens\\\/\"},\"wordCount\":1450,\"commentCount\":0,\"image\":{\"@id\":\"https:\\\/\\\/interamerica.org\\\/fr\\\/2018\\\/04\\\/le-festival-du-film-sonscreen-met-en-avant-et-celebre-de-jeunes-cineastes-chretiens\\\/#primaryimage\"},\"thumbnailUrl\":\"https:\\\/\\\/interamerica.org\\\/wp-content\\\/uploads\\\/2018\\\/04\\\/sonscreen-2018-panel-of-leaders1280.jpg\",\"articleSection\":[\"Nouvelles de l'\u00c9glise mondiale\",\"RSS Fran\u00e7ais\"],\"inLanguage\":\"fr-FR\",\"potentialAction\":[{\"@type\":\"CommentAction\",\"name\":\"Comment\",\"target\":[\"https:\\\/\\\/interamerica.org\\\/fr\\\/2018\\\/04\\\/le-festival-du-film-sonscreen-met-en-avant-et-celebre-de-jeunes-cineastes-chretiens\\\/#respond\"]}]},{\"@type\":\"WebPage\",\"@id\":\"https:\\\/\\\/interamerica.org\\\/fr\\\/2018\\\/04\\\/le-festival-du-film-sonscreen-met-en-avant-et-celebre-de-jeunes-cineastes-chretiens\\\/\",\"url\":\"https:\\\/\\\/interamerica.org\\\/fr\\\/2018\\\/04\\\/le-festival-du-film-sonscreen-met-en-avant-et-celebre-de-jeunes-cineastes-chretiens\\\/\",\"name\":\"Le festival du film Sonscreen met en avant et c\u00e9l\u00e8bre de jeunes cin\u00e9astes chr\u00e9tiens - \u00c9glise Adventiste Du Septieme Jour - Inter Am\u00e9rique Division\",\"isPartOf\":{\"@id\":\"https:\\\/\\\/interamerica.org\\\/fr\\\/#website\"},\"primaryImageOfPage\":{\"@id\":\"https:\\\/\\\/interamerica.org\\\/fr\\\/2018\\\/04\\\/le-festival-du-film-sonscreen-met-en-avant-et-celebre-de-jeunes-cineastes-chretiens\\\/#primaryimage\"},\"image\":{\"@id\":\"https:\\\/\\\/interamerica.org\\\/fr\\\/2018\\\/04\\\/le-festival-du-film-sonscreen-met-en-avant-et-celebre-de-jeunes-cineastes-chretiens\\\/#primaryimage\"},\"thumbnailUrl\":\"https:\\\/\\\/interamerica.org\\\/wp-content\\\/uploads\\\/2018\\\/04\\\/sonscreen-2018-panel-of-leaders1280.jpg\",\"datePublished\":\"2018-04-23T16:30:05+00:00\",\"dateModified\":\"2018-05-02T01:14:21+00:00\",\"author\":{\"@id\":\"https:\\\/\\\/interamerica.org\\\/fr\\\/#\\\/schema\\\/person\\\/29998f2bc2d8bd0d38662909289b54f1\"},\"breadcrumb\":{\"@id\":\"https:\\\/\\\/interamerica.org\\\/fr\\\/2018\\\/04\\\/le-festival-du-film-sonscreen-met-en-avant-et-celebre-de-jeunes-cineastes-chretiens\\\/#breadcrumb\"},\"inLanguage\":\"fr-FR\",\"potentialAction\":[{\"@type\":\"ReadAction\",\"target\":[\"https:\\\/\\\/interamerica.org\\\/fr\\\/2018\\\/04\\\/le-festival-du-film-sonscreen-met-en-avant-et-celebre-de-jeunes-cineastes-chretiens\\\/\"]}]},{\"@type\":\"ImageObject\",\"inLanguage\":\"fr-FR\",\"@id\":\"https:\\\/\\\/interamerica.org\\\/fr\\\/2018\\\/04\\\/le-festival-du-film-sonscreen-met-en-avant-et-celebre-de-jeunes-cineastes-chretiens\\\/#primaryimage\",\"url\":\"https:\\\/\\\/interamerica.org\\\/wp-content\\\/uploads\\\/2018\\\/04\\\/sonscreen-2018-panel-of-leaders1280.jpg\",\"contentUrl\":\"https:\\\/\\\/interamerica.org\\\/wp-content\\\/uploads\\\/2018\\\/04\\\/sonscreen-2018-panel-of-leaders1280.jpg\",\"width\":1280,\"height\":800,\"caption\":\"A panel of church leaders and film professors discuss the role of film in addressing social issues that challenge society and the church during the 2018 Sonscreen Film Festival. Photo by Pieter Damsteegt\"},{\"@type\":\"BreadcrumbList\",\"@id\":\"https:\\\/\\\/interamerica.org\\\/fr\\\/2018\\\/04\\\/le-festival-du-film-sonscreen-met-en-avant-et-celebre-de-jeunes-cineastes-chretiens\\\/#breadcrumb\",\"itemListElement\":[{\"@type\":\"ListItem\",\"position\":1,\"name\":\"Home\",\"item\":\"https:\\\/\\\/interamerica.org\\\/fr\\\/\"},{\"@type\":\"ListItem\",\"position\":2,\"name\":\"Le festival du film Sonscreen met en avant et c\u00e9l\u00e8bre de jeunes cin\u00e9astes chr\u00e9tiens\"}]},{\"@type\":\"WebSite\",\"@id\":\"https:\\\/\\\/interamerica.org\\\/fr\\\/#website\",\"url\":\"https:\\\/\\\/interamerica.org\\\/fr\\\/\",\"name\":\"\u00c9glise Adventiste Du Septieme Jour - Inter Am\u00e9rique Division\",\"description\":\"\",\"potentialAction\":[{\"@type\":\"SearchAction\",\"target\":{\"@type\":\"EntryPoint\",\"urlTemplate\":\"https:\\\/\\\/interamerica.org\\\/fr\\\/?s={search_term_string}\"},\"query-input\":{\"@type\":\"PropertyValueSpecification\",\"valueRequired\":true,\"valueName\":\"search_term_string\"}}],\"inLanguage\":\"fr-FR\"},{\"@type\":\"Person\",\"@id\":\"https:\\\/\\\/interamerica.org\\\/fr\\\/#\\\/schema\\\/person\\\/29998f2bc2d8bd0d38662909289b54f1\",\"name\":\"libna\",\"image\":{\"@type\":\"ImageObject\",\"inLanguage\":\"fr-FR\",\"@id\":\"https:\\\/\\\/secure.gravatar.com\\\/avatar\\\/7c5bd30ae4b47a9ba3c856590957fd1d96dc588bf3ac05719d247e126840331f?s=96&d=mm&r=g\",\"url\":\"https:\\\/\\\/secure.gravatar.com\\\/avatar\\\/7c5bd30ae4b47a9ba3c856590957fd1d96dc588bf3ac05719d247e126840331f?s=96&d=mm&r=g\",\"contentUrl\":\"https:\\\/\\\/secure.gravatar.com\\\/avatar\\\/7c5bd30ae4b47a9ba3c856590957fd1d96dc588bf3ac05719d247e126840331f?s=96&d=mm&r=g\",\"caption\":\"libna\"}}]}<\/script>\n<!-- \/ Yoast SEO plugin. -->","yoast_head_json":{"title":"Le festival du film Sonscreen met en avant et c\u00e9l\u00e8bre de jeunes cin\u00e9astes chr\u00e9tiens - \u00c9glise Adventiste Du Septieme Jour - Inter Am\u00e9rique Division","robots":{"index":"index","follow":"follow","max-snippet":"max-snippet:-1","max-image-preview":"max-image-preview:large","max-video-preview":"max-video-preview:-1"},"canonical":"https:\/\/interamerica.org\/fr\/2018\/04\/le-festival-du-film-sonscreen-met-en-avant-et-celebre-de-jeunes-cineastes-chretiens\/","og_locale":"fr_FR","og_type":"article","og_title":"Le festival du film Sonscreen met en avant et c\u00e9l\u00e8bre de jeunes cin\u00e9astes chr\u00e9tiens - \u00c9glise Adventiste Du Septieme Jour - Inter Am\u00e9rique Division","og_description":"22 Avril 2018 | Columbia, Maryland, Etats Unis | Kimberly Luste Maran, directrice adjointe de la communication pour la Division Nord Am\u00e9ricaine La Division Nord Am\u00e9ricaine (NAD) a accueilli 225...","og_url":"https:\/\/interamerica.org\/fr\/2018\/04\/le-festival-du-film-sonscreen-met-en-avant-et-celebre-de-jeunes-cineastes-chretiens\/","og_site_name":"\u00c9glise Adventiste Du Septieme Jour - Inter Am\u00e9rique Division","article_published_time":"2018-04-23T16:30:05+00:00","article_modified_time":"2018-05-02T01:14:21+00:00","og_image":[{"width":1280,"height":800,"url":"https:\/\/interamerica.org\/wp-content\/uploads\/2018\/04\/sonscreen-2018-panel-of-leaders1280.jpg","type":"image\/jpeg"}],"author":"libna","twitter_card":"summary_large_image","twitter_misc":{"\u00c9crit par":"libna","Dur\u00e9e de lecture estim\u00e9e":"7 minutes"},"schema":{"@context":"https:\/\/schema.org","@graph":[{"@type":"Article","@id":"https:\/\/interamerica.org\/fr\/2018\/04\/le-festival-du-film-sonscreen-met-en-avant-et-celebre-de-jeunes-cineastes-chretiens\/#article","isPartOf":{"@id":"https:\/\/interamerica.org\/fr\/2018\/04\/le-festival-du-film-sonscreen-met-en-avant-et-celebre-de-jeunes-cineastes-chretiens\/"},"author":{"name":"libna","@id":"https:\/\/interamerica.org\/fr\/#\/schema\/person\/29998f2bc2d8bd0d38662909289b54f1"},"headline":"Le festival du film Sonscreen met en avant et c\u00e9l\u00e8bre de jeunes cin\u00e9astes chr\u00e9tiens","datePublished":"2018-04-23T16:30:05+00:00","dateModified":"2018-05-02T01:14:21+00:00","mainEntityOfPage":{"@id":"https:\/\/interamerica.org\/fr\/2018\/04\/le-festival-du-film-sonscreen-met-en-avant-et-celebre-de-jeunes-cineastes-chretiens\/"},"wordCount":1450,"commentCount":0,"image":{"@id":"https:\/\/interamerica.org\/fr\/2018\/04\/le-festival-du-film-sonscreen-met-en-avant-et-celebre-de-jeunes-cineastes-chretiens\/#primaryimage"},"thumbnailUrl":"https:\/\/interamerica.org\/wp-content\/uploads\/2018\/04\/sonscreen-2018-panel-of-leaders1280.jpg","articleSection":["Nouvelles de l'\u00c9glise mondiale","RSS Fran\u00e7ais"],"inLanguage":"fr-FR","potentialAction":[{"@type":"CommentAction","name":"Comment","target":["https:\/\/interamerica.org\/fr\/2018\/04\/le-festival-du-film-sonscreen-met-en-avant-et-celebre-de-jeunes-cineastes-chretiens\/#respond"]}]},{"@type":"WebPage","@id":"https:\/\/interamerica.org\/fr\/2018\/04\/le-festival-du-film-sonscreen-met-en-avant-et-celebre-de-jeunes-cineastes-chretiens\/","url":"https:\/\/interamerica.org\/fr\/2018\/04\/le-festival-du-film-sonscreen-met-en-avant-et-celebre-de-jeunes-cineastes-chretiens\/","name":"Le festival du film Sonscreen met en avant et c\u00e9l\u00e8bre de jeunes cin\u00e9astes chr\u00e9tiens - \u00c9glise Adventiste Du Septieme Jour - Inter Am\u00e9rique Division","isPartOf":{"@id":"https:\/\/interamerica.org\/fr\/#website"},"primaryImageOfPage":{"@id":"https:\/\/interamerica.org\/fr\/2018\/04\/le-festival-du-film-sonscreen-met-en-avant-et-celebre-de-jeunes-cineastes-chretiens\/#primaryimage"},"image":{"@id":"https:\/\/interamerica.org\/fr\/2018\/04\/le-festival-du-film-sonscreen-met-en-avant-et-celebre-de-jeunes-cineastes-chretiens\/#primaryimage"},"thumbnailUrl":"https:\/\/interamerica.org\/wp-content\/uploads\/2018\/04\/sonscreen-2018-panel-of-leaders1280.jpg","datePublished":"2018-04-23T16:30:05+00:00","dateModified":"2018-05-02T01:14:21+00:00","author":{"@id":"https:\/\/interamerica.org\/fr\/#\/schema\/person\/29998f2bc2d8bd0d38662909289b54f1"},"breadcrumb":{"@id":"https:\/\/interamerica.org\/fr\/2018\/04\/le-festival-du-film-sonscreen-met-en-avant-et-celebre-de-jeunes-cineastes-chretiens\/#breadcrumb"},"inLanguage":"fr-FR","potentialAction":[{"@type":"ReadAction","target":["https:\/\/interamerica.org\/fr\/2018\/04\/le-festival-du-film-sonscreen-met-en-avant-et-celebre-de-jeunes-cineastes-chretiens\/"]}]},{"@type":"ImageObject","inLanguage":"fr-FR","@id":"https:\/\/interamerica.org\/fr\/2018\/04\/le-festival-du-film-sonscreen-met-en-avant-et-celebre-de-jeunes-cineastes-chretiens\/#primaryimage","url":"https:\/\/interamerica.org\/wp-content\/uploads\/2018\/04\/sonscreen-2018-panel-of-leaders1280.jpg","contentUrl":"https:\/\/interamerica.org\/wp-content\/uploads\/2018\/04\/sonscreen-2018-panel-of-leaders1280.jpg","width":1280,"height":800,"caption":"A panel of church leaders and film professors discuss the role of film in addressing social issues that challenge society and the church during the 2018 Sonscreen Film Festival. Photo by Pieter Damsteegt"},{"@type":"BreadcrumbList","@id":"https:\/\/interamerica.org\/fr\/2018\/04\/le-festival-du-film-sonscreen-met-en-avant-et-celebre-de-jeunes-cineastes-chretiens\/#breadcrumb","itemListElement":[{"@type":"ListItem","position":1,"name":"Home","item":"https:\/\/interamerica.org\/fr\/"},{"@type":"ListItem","position":2,"name":"Le festival du film Sonscreen met en avant et c\u00e9l\u00e8bre de jeunes cin\u00e9astes chr\u00e9tiens"}]},{"@type":"WebSite","@id":"https:\/\/interamerica.org\/fr\/#website","url":"https:\/\/interamerica.org\/fr\/","name":"\u00c9glise Adventiste Du Septieme Jour - Inter Am\u00e9rique Division","description":"","potentialAction":[{"@type":"SearchAction","target":{"@type":"EntryPoint","urlTemplate":"https:\/\/interamerica.org\/fr\/?s={search_term_string}"},"query-input":{"@type":"PropertyValueSpecification","valueRequired":true,"valueName":"search_term_string"}}],"inLanguage":"fr-FR"},{"@type":"Person","@id":"https:\/\/interamerica.org\/fr\/#\/schema\/person\/29998f2bc2d8bd0d38662909289b54f1","name":"libna","image":{"@type":"ImageObject","inLanguage":"fr-FR","@id":"https:\/\/secure.gravatar.com\/avatar\/7c5bd30ae4b47a9ba3c856590957fd1d96dc588bf3ac05719d247e126840331f?s=96&d=mm&r=g","url":"https:\/\/secure.gravatar.com\/avatar\/7c5bd30ae4b47a9ba3c856590957fd1d96dc588bf3ac05719d247e126840331f?s=96&d=mm&r=g","contentUrl":"https:\/\/secure.gravatar.com\/avatar\/7c5bd30ae4b47a9ba3c856590957fd1d96dc588bf3ac05719d247e126840331f?s=96&d=mm&r=g","caption":"libna"}}]}},"_links":{"self":[{"href":"https:\/\/interamerica.org\/fr\/wp-json\/wp\/v2\/posts\/40720","targetHints":{"allow":["GET"]}}],"collection":[{"href":"https:\/\/interamerica.org\/fr\/wp-json\/wp\/v2\/posts"}],"about":[{"href":"https:\/\/interamerica.org\/fr\/wp-json\/wp\/v2\/types\/post"}],"author":[{"embeddable":true,"href":"https:\/\/interamerica.org\/fr\/wp-json\/wp\/v2\/users\/3"}],"replies":[{"embeddable":true,"href":"https:\/\/interamerica.org\/fr\/wp-json\/wp\/v2\/comments?post=40720"}],"version-history":[{"count":0,"href":"https:\/\/interamerica.org\/fr\/wp-json\/wp\/v2\/posts\/40720\/revisions"}],"wp:featuredmedia":[{"embeddable":true,"href":"https:\/\/interamerica.org\/fr\/wp-json\/wp\/v2\/media\/40686"}],"wp:attachment":[{"href":"https:\/\/interamerica.org\/fr\/wp-json\/wp\/v2\/media?parent=40720"}],"wp:term":[{"taxonomy":"category","embeddable":true,"href":"https:\/\/interamerica.org\/fr\/wp-json\/wp\/v2\/categories?post=40720"},{"taxonomy":"post_tag","embeddable":true,"href":"https:\/\/interamerica.org\/fr\/wp-json\/wp\/v2\/tags?post=40720"}],"curies":[{"name":"wp","href":"https:\/\/api.w.org\/{rel}","templated":true}]}}