{"id":40730,"date":"2018-04-24T21:30:55","date_gmt":"2018-04-25T01:30:55","guid":{"rendered":"https:\/\/recursing-golick.147-182-135-0.plesk.page\/?p=40730"},"modified":"2018-05-01T21:13:27","modified_gmt":"2018-05-02T01:13:27","slug":"en-inter-amerique-les-ministeres-de-la-jeunesse-offriront-une-session-de-formation-oyim-en-ligne","status":"publish","type":"post","link":"https:\/\/interamerica.org\/fr\/2018\/04\/en-inter-amerique-les-ministeres-de-la-jeunesse-offriront-une-session-de-formation-oyim-en-ligne\/","title":{"rendered":"En Inter Am\u00e9rique, les Minist\u00e8res de la Jeunesse offriront une session de formation OYiM en ligne"},"content":{"rendered":"<p>24 avril 2018 | Miami, Floride, \u00c9tats-Unis | Libna Stevens \/ DIA<\/p>\n<p>Des centaines de jeunes Adventistes du Septi\u00e8me Jour \u00e0 travers la Division Inter Am\u00e9ricaine (DIA) recevront une formation sp\u00e9ciale le 28 avril \u00e0 l\u2019occasion du lancement de l\u2019initiative de l\u2019\u00e9glise Une Ann\u00e9e en Mission (OYiM). L\u2019initiative consiste \u00e0 envoyer des jeunes en mission pendant un an, ou une p\u00e9riode plus courte dans une zone o\u00f9 il n\u2019y a pas de pr\u00e9sence Adventiste.<\/p>\n<p>\u00ab Il est important que les jeunes comprennent l\u2019importance de ce que signifie \u00eatre missionnaire et comment \u00eatre un t\u00e9moin et pr\u00e9parer les autres pour la venue prochaine de J\u00e9sus, \u00bb a d\u00e9clar\u00e9 pasteur Al Powell, directeur des minist\u00e8res de la jeunesse pour l\u2019Eglise Adventiste en Inter Am\u00e9rique.<\/p>\n<p>Selon Powell, l\u2019\u00e9glise dans les principales unions de la DIA, investit des fonds pour pr\u00e9parer les jeunes \u00e0 \u00eatre actifs dans le domaine missionnaire et dans l\u2019\u00e9vang\u00e9lisation dans tout le territoire et \u00e0 travers le monde.<\/p>\n<p>La formation comprendra des pr\u00e9sentations faites par des dirigeants de jeunesse de l\u2019Eglise Adventiste mondiale ainsi que des leaders de la DIA qui enseigneront le t\u00e9moignage, la mani\u00e8re de mener une \u00e9tude biblique, l\u2019utilisation de la technologie, comment impacter la communaut\u00e9 avec des activit\u00e9s sur la sant\u00e9, la pr\u00e9paration des campagnes d\u2019\u00e9vang\u00e9lisation, et bien plus.<\/p>\n<p>La formation en ligne aura lieu le samedi 28 avril de 9h00 \u00e0 13h00. (Heure de Miami) en anglais, espagnol et fran\u00e7ais sur<br \/>\n<a href=\"https:\/\/webcast.interamerica.org\/francais\">webcast.interamerica.org<\/a><\/p>\n<p>Traduction: Patrick Luciathe<\/p>\n","protected":false},"excerpt":{"rendered":"<p>24 avril 2018 | Miami, Floride, \u00c9tats-Unis | Libna Stevens \/ DIA Des centaines de jeunes Adventistes du Septi\u00e8me Jour \u00e0 travers la Division Inter Am\u00e9ricaine (DIA) recevront une formation&#8230;<\/p>\n","protected":false},"author":3,"featured_media":40725,"comment_status":"open","ping_status":"closed","sticky":false,"template":"","format":"standard","meta":{"_acf_changed":false,"footnotes":""},"categories":[20,19],"tags":[],"class_list":["post-40730","post","type-post","status-publish","format-standard","has-post-thumbnail","hentry","category-nouvelles-du-siege-de-la-division","category-rss-francais"],"acf":[],"yoast_head":"<!-- This site is optimized with the Yoast SEO plugin v27.3 - https:\/\/yoast.com\/product\/yoast-seo-wordpress\/ -->\n<title>En Inter Am\u00e9rique, les Minist\u00e8res de la Jeunesse offriront une session de formation OYiM en ligne - \u00c9glise Adventiste Du Septieme Jour - Inter Am\u00e9rique Division<\/title>\n<meta name=\"robots\" content=\"index, follow, max-snippet:-1, max-image-preview:large, max-video-preview:-1\" \/>\n<link rel=\"canonical\" href=\"https:\/\/interamerica.org\/fr\/2018\/04\/en-inter-amerique-les-ministeres-de-la-jeunesse-offriront-une-session-de-formation-oyim-en-ligne\/\" \/>\n<meta property=\"og:locale\" content=\"fr_FR\" \/>\n<meta property=\"og:type\" content=\"article\" \/>\n<meta property=\"og:title\" content=\"En Inter Am\u00e9rique, les Minist\u00e8res de la Jeunesse offriront une session de formation OYiM en ligne - \u00c9glise Adventiste Du Septieme Jour - Inter Am\u00e9rique Division\" \/>\n<meta property=\"og:description\" content=\"24 avril 2018 | Miami, Floride, \u00c9tats-Unis | Libna Stevens \/ DIA Des centaines de jeunes Adventistes du Septi\u00e8me Jour \u00e0 travers la Division Inter Am\u00e9ricaine (DIA) recevront une formation...\" \/>\n<meta property=\"og:url\" content=\"https:\/\/interamerica.org\/fr\/2018\/04\/en-inter-amerique-les-ministeres-de-la-jeunesse-offriront-une-session-de-formation-oyim-en-ligne\/\" \/>\n<meta property=\"og:site_name\" content=\"\u00c9glise Adventiste Du Septieme Jour - Inter Am\u00e9rique Division\" \/>\n<meta property=\"article:published_time\" content=\"2018-04-25T01:30:55+00:00\" \/>\n<meta property=\"article:modified_time\" content=\"2018-05-02T01:13:27+00:00\" \/>\n<meta property=\"og:image\" content=\"https:\/\/interamerica.org\/wp-content\/uploads\/2018\/04\/ben-white-148783-unsplash.jpg\" \/>\n\t<meta property=\"og:image:width\" content=\"1280\" \/>\n\t<meta property=\"og:image:height\" content=\"800\" \/>\n\t<meta property=\"og:image:type\" content=\"image\/jpeg\" \/>\n<meta name=\"author\" content=\"libna\" \/>\n<meta name=\"twitter:card\" content=\"summary_large_image\" \/>\n<meta name=\"twitter:label1\" content=\"\u00c9crit par\" \/>\n\t<meta name=\"twitter:data1\" content=\"libna\" \/>\n\t<meta name=\"twitter:label2\" content=\"Dur\u00e9e de lecture estim\u00e9e\" \/>\n\t<meta name=\"twitter:data2\" content=\"1 minute\" \/>\n<script type=\"application\/ld+json\" class=\"yoast-schema-graph\">{\"@context\":\"https:\\\/\\\/schema.org\",\"@graph\":[{\"@type\":\"Article\",\"@id\":\"https:\\\/\\\/interamerica.org\\\/fr\\\/2018\\\/04\\\/en-inter-amerique-les-ministeres-de-la-jeunesse-offriront-une-session-de-formation-oyim-en-ligne\\\/#article\",\"isPartOf\":{\"@id\":\"https:\\\/\\\/interamerica.org\\\/fr\\\/2018\\\/04\\\/en-inter-amerique-les-ministeres-de-la-jeunesse-offriront-une-session-de-formation-oyim-en-ligne\\\/\"},\"author\":{\"name\":\"libna\",\"@id\":\"https:\\\/\\\/interamerica.org\\\/fr\\\/#\\\/schema\\\/person\\\/29998f2bc2d8bd0d38662909289b54f1\"},\"headline\":\"En Inter Am\u00e9rique, les Minist\u00e8res de la Jeunesse offriront une session de formation OYiM en ligne\",\"datePublished\":\"2018-04-25T01:30:55+00:00\",\"dateModified\":\"2018-05-02T01:13:27+00:00\",\"mainEntityOfPage\":{\"@id\":\"https:\\\/\\\/interamerica.org\\\/fr\\\/2018\\\/04\\\/en-inter-amerique-les-ministeres-de-la-jeunesse-offriront-une-session-de-formation-oyim-en-ligne\\\/\"},\"wordCount\":278,\"commentCount\":0,\"image\":{\"@id\":\"https:\\\/\\\/interamerica.org\\\/fr\\\/2018\\\/04\\\/en-inter-amerique-les-ministeres-de-la-jeunesse-offriront-une-session-de-formation-oyim-en-ligne\\\/#primaryimage\"},\"thumbnailUrl\":\"https:\\\/\\\/interamerica.org\\\/wp-content\\\/uploads\\\/2018\\\/04\\\/ben-white-148783-unsplash.jpg\",\"articleSection\":[\"Nouvelles du si\u00e8ge de la division\",\"RSS Fran\u00e7ais\"],\"inLanguage\":\"fr-FR\",\"potentialAction\":[{\"@type\":\"CommentAction\",\"name\":\"Comment\",\"target\":[\"https:\\\/\\\/interamerica.org\\\/fr\\\/2018\\\/04\\\/en-inter-amerique-les-ministeres-de-la-jeunesse-offriront-une-session-de-formation-oyim-en-ligne\\\/#respond\"]}]},{\"@type\":\"WebPage\",\"@id\":\"https:\\\/\\\/interamerica.org\\\/fr\\\/2018\\\/04\\\/en-inter-amerique-les-ministeres-de-la-jeunesse-offriront-une-session-de-formation-oyim-en-ligne\\\/\",\"url\":\"https:\\\/\\\/interamerica.org\\\/fr\\\/2018\\\/04\\\/en-inter-amerique-les-ministeres-de-la-jeunesse-offriront-une-session-de-formation-oyim-en-ligne\\\/\",\"name\":\"En Inter Am\u00e9rique, les Minist\u00e8res de la Jeunesse offriront une session de formation OYiM en ligne - \u00c9glise Adventiste Du Septieme Jour - Inter Am\u00e9rique Division\",\"isPartOf\":{\"@id\":\"https:\\\/\\\/interamerica.org\\\/fr\\\/#website\"},\"primaryImageOfPage\":{\"@id\":\"https:\\\/\\\/interamerica.org\\\/fr\\\/2018\\\/04\\\/en-inter-amerique-les-ministeres-de-la-jeunesse-offriront-une-session-de-formation-oyim-en-ligne\\\/#primaryimage\"},\"image\":{\"@id\":\"https:\\\/\\\/interamerica.org\\\/fr\\\/2018\\\/04\\\/en-inter-amerique-les-ministeres-de-la-jeunesse-offriront-une-session-de-formation-oyim-en-ligne\\\/#primaryimage\"},\"thumbnailUrl\":\"https:\\\/\\\/interamerica.org\\\/wp-content\\\/uploads\\\/2018\\\/04\\\/ben-white-148783-unsplash.jpg\",\"datePublished\":\"2018-04-25T01:30:55+00:00\",\"dateModified\":\"2018-05-02T01:13:27+00:00\",\"author\":{\"@id\":\"https:\\\/\\\/interamerica.org\\\/fr\\\/#\\\/schema\\\/person\\\/29998f2bc2d8bd0d38662909289b54f1\"},\"breadcrumb\":{\"@id\":\"https:\\\/\\\/interamerica.org\\\/fr\\\/2018\\\/04\\\/en-inter-amerique-les-ministeres-de-la-jeunesse-offriront-une-session-de-formation-oyim-en-ligne\\\/#breadcrumb\"},\"inLanguage\":\"fr-FR\",\"potentialAction\":[{\"@type\":\"ReadAction\",\"target\":[\"https:\\\/\\\/interamerica.org\\\/fr\\\/2018\\\/04\\\/en-inter-amerique-les-ministeres-de-la-jeunesse-offriront-une-session-de-formation-oyim-en-ligne\\\/\"]}]},{\"@type\":\"ImageObject\",\"inLanguage\":\"fr-FR\",\"@id\":\"https:\\\/\\\/interamerica.org\\\/fr\\\/2018\\\/04\\\/en-inter-amerique-les-ministeres-de-la-jeunesse-offriront-une-session-de-formation-oyim-en-ligne\\\/#primaryimage\",\"url\":\"https:\\\/\\\/interamerica.org\\\/wp-content\\\/uploads\\\/2018\\\/04\\\/ben-white-148783-unsplash.jpg\",\"contentUrl\":\"https:\\\/\\\/interamerica.org\\\/wp-content\\\/uploads\\\/2018\\\/04\\\/ben-white-148783-unsplash.jpg\",\"width\":1280,\"height\":800},{\"@type\":\"BreadcrumbList\",\"@id\":\"https:\\\/\\\/interamerica.org\\\/fr\\\/2018\\\/04\\\/en-inter-amerique-les-ministeres-de-la-jeunesse-offriront-une-session-de-formation-oyim-en-ligne\\\/#breadcrumb\",\"itemListElement\":[{\"@type\":\"ListItem\",\"position\":1,\"name\":\"Home\",\"item\":\"https:\\\/\\\/interamerica.org\\\/fr\\\/\"},{\"@type\":\"ListItem\",\"position\":2,\"name\":\"En Inter Am\u00e9rique, les Minist\u00e8res de la Jeunesse offriront une session de formation OYiM en ligne\"}]},{\"@type\":\"WebSite\",\"@id\":\"https:\\\/\\\/interamerica.org\\\/fr\\\/#website\",\"url\":\"https:\\\/\\\/interamerica.org\\\/fr\\\/\",\"name\":\"\u00c9glise Adventiste Du Septieme Jour - Inter Am\u00e9rique Division\",\"description\":\"\",\"potentialAction\":[{\"@type\":\"SearchAction\",\"target\":{\"@type\":\"EntryPoint\",\"urlTemplate\":\"https:\\\/\\\/interamerica.org\\\/fr\\\/?s={search_term_string}\"},\"query-input\":{\"@type\":\"PropertyValueSpecification\",\"valueRequired\":true,\"valueName\":\"search_term_string\"}}],\"inLanguage\":\"fr-FR\"},{\"@type\":\"Person\",\"@id\":\"https:\\\/\\\/interamerica.org\\\/fr\\\/#\\\/schema\\\/person\\\/29998f2bc2d8bd0d38662909289b54f1\",\"name\":\"libna\",\"image\":{\"@type\":\"ImageObject\",\"inLanguage\":\"fr-FR\",\"@id\":\"https:\\\/\\\/secure.gravatar.com\\\/avatar\\\/7c5bd30ae4b47a9ba3c856590957fd1d96dc588bf3ac05719d247e126840331f?s=96&d=mm&r=g\",\"url\":\"https:\\\/\\\/secure.gravatar.com\\\/avatar\\\/7c5bd30ae4b47a9ba3c856590957fd1d96dc588bf3ac05719d247e126840331f?s=96&d=mm&r=g\",\"contentUrl\":\"https:\\\/\\\/secure.gravatar.com\\\/avatar\\\/7c5bd30ae4b47a9ba3c856590957fd1d96dc588bf3ac05719d247e126840331f?s=96&d=mm&r=g\",\"caption\":\"libna\"}}]}<\/script>\n<!-- \/ Yoast SEO plugin. -->","yoast_head_json":{"title":"En Inter Am\u00e9rique, les Minist\u00e8res de la Jeunesse offriront une session de formation OYiM en ligne - \u00c9glise Adventiste Du Septieme Jour - Inter Am\u00e9rique Division","robots":{"index":"index","follow":"follow","max-snippet":"max-snippet:-1","max-image-preview":"max-image-preview:large","max-video-preview":"max-video-preview:-1"},"canonical":"https:\/\/interamerica.org\/fr\/2018\/04\/en-inter-amerique-les-ministeres-de-la-jeunesse-offriront-une-session-de-formation-oyim-en-ligne\/","og_locale":"fr_FR","og_type":"article","og_title":"En Inter Am\u00e9rique, les Minist\u00e8res de la Jeunesse offriront une session de formation OYiM en ligne - \u00c9glise Adventiste Du Septieme Jour - Inter Am\u00e9rique Division","og_description":"24 avril 2018 | Miami, Floride, \u00c9tats-Unis | Libna Stevens \/ DIA Des centaines de jeunes Adventistes du Septi\u00e8me Jour \u00e0 travers la Division Inter Am\u00e9ricaine (DIA) recevront une formation...","og_url":"https:\/\/interamerica.org\/fr\/2018\/04\/en-inter-amerique-les-ministeres-de-la-jeunesse-offriront-une-session-de-formation-oyim-en-ligne\/","og_site_name":"\u00c9glise Adventiste Du Septieme Jour - Inter Am\u00e9rique Division","article_published_time":"2018-04-25T01:30:55+00:00","article_modified_time":"2018-05-02T01:13:27+00:00","og_image":[{"width":1280,"height":800,"url":"https:\/\/interamerica.org\/wp-content\/uploads\/2018\/04\/ben-white-148783-unsplash.jpg","type":"image\/jpeg"}],"author":"libna","twitter_card":"summary_large_image","twitter_misc":{"\u00c9crit par":"libna","Dur\u00e9e de lecture estim\u00e9e":"1 minute"},"schema":{"@context":"https:\/\/schema.org","@graph":[{"@type":"Article","@id":"https:\/\/interamerica.org\/fr\/2018\/04\/en-inter-amerique-les-ministeres-de-la-jeunesse-offriront-une-session-de-formation-oyim-en-ligne\/#article","isPartOf":{"@id":"https:\/\/interamerica.org\/fr\/2018\/04\/en-inter-amerique-les-ministeres-de-la-jeunesse-offriront-une-session-de-formation-oyim-en-ligne\/"},"author":{"name":"libna","@id":"https:\/\/interamerica.org\/fr\/#\/schema\/person\/29998f2bc2d8bd0d38662909289b54f1"},"headline":"En Inter Am\u00e9rique, les Minist\u00e8res de la Jeunesse offriront une session de formation OYiM en ligne","datePublished":"2018-04-25T01:30:55+00:00","dateModified":"2018-05-02T01:13:27+00:00","mainEntityOfPage":{"@id":"https:\/\/interamerica.org\/fr\/2018\/04\/en-inter-amerique-les-ministeres-de-la-jeunesse-offriront-une-session-de-formation-oyim-en-ligne\/"},"wordCount":278,"commentCount":0,"image":{"@id":"https:\/\/interamerica.org\/fr\/2018\/04\/en-inter-amerique-les-ministeres-de-la-jeunesse-offriront-une-session-de-formation-oyim-en-ligne\/#primaryimage"},"thumbnailUrl":"https:\/\/interamerica.org\/wp-content\/uploads\/2018\/04\/ben-white-148783-unsplash.jpg","articleSection":["Nouvelles du si\u00e8ge de la division","RSS Fran\u00e7ais"],"inLanguage":"fr-FR","potentialAction":[{"@type":"CommentAction","name":"Comment","target":["https:\/\/interamerica.org\/fr\/2018\/04\/en-inter-amerique-les-ministeres-de-la-jeunesse-offriront-une-session-de-formation-oyim-en-ligne\/#respond"]}]},{"@type":"WebPage","@id":"https:\/\/interamerica.org\/fr\/2018\/04\/en-inter-amerique-les-ministeres-de-la-jeunesse-offriront-une-session-de-formation-oyim-en-ligne\/","url":"https:\/\/interamerica.org\/fr\/2018\/04\/en-inter-amerique-les-ministeres-de-la-jeunesse-offriront-une-session-de-formation-oyim-en-ligne\/","name":"En Inter Am\u00e9rique, les Minist\u00e8res de la Jeunesse offriront une session de formation OYiM en ligne - \u00c9glise Adventiste Du Septieme Jour - Inter Am\u00e9rique Division","isPartOf":{"@id":"https:\/\/interamerica.org\/fr\/#website"},"primaryImageOfPage":{"@id":"https:\/\/interamerica.org\/fr\/2018\/04\/en-inter-amerique-les-ministeres-de-la-jeunesse-offriront-une-session-de-formation-oyim-en-ligne\/#primaryimage"},"image":{"@id":"https:\/\/interamerica.org\/fr\/2018\/04\/en-inter-amerique-les-ministeres-de-la-jeunesse-offriront-une-session-de-formation-oyim-en-ligne\/#primaryimage"},"thumbnailUrl":"https:\/\/interamerica.org\/wp-content\/uploads\/2018\/04\/ben-white-148783-unsplash.jpg","datePublished":"2018-04-25T01:30:55+00:00","dateModified":"2018-05-02T01:13:27+00:00","author":{"@id":"https:\/\/interamerica.org\/fr\/#\/schema\/person\/29998f2bc2d8bd0d38662909289b54f1"},"breadcrumb":{"@id":"https:\/\/interamerica.org\/fr\/2018\/04\/en-inter-amerique-les-ministeres-de-la-jeunesse-offriront-une-session-de-formation-oyim-en-ligne\/#breadcrumb"},"inLanguage":"fr-FR","potentialAction":[{"@type":"ReadAction","target":["https:\/\/interamerica.org\/fr\/2018\/04\/en-inter-amerique-les-ministeres-de-la-jeunesse-offriront-une-session-de-formation-oyim-en-ligne\/"]}]},{"@type":"ImageObject","inLanguage":"fr-FR","@id":"https:\/\/interamerica.org\/fr\/2018\/04\/en-inter-amerique-les-ministeres-de-la-jeunesse-offriront-une-session-de-formation-oyim-en-ligne\/#primaryimage","url":"https:\/\/interamerica.org\/wp-content\/uploads\/2018\/04\/ben-white-148783-unsplash.jpg","contentUrl":"https:\/\/interamerica.org\/wp-content\/uploads\/2018\/04\/ben-white-148783-unsplash.jpg","width":1280,"height":800},{"@type":"BreadcrumbList","@id":"https:\/\/interamerica.org\/fr\/2018\/04\/en-inter-amerique-les-ministeres-de-la-jeunesse-offriront-une-session-de-formation-oyim-en-ligne\/#breadcrumb","itemListElement":[{"@type":"ListItem","position":1,"name":"Home","item":"https:\/\/interamerica.org\/fr\/"},{"@type":"ListItem","position":2,"name":"En Inter Am\u00e9rique, les Minist\u00e8res de la Jeunesse offriront une session de formation OYiM en ligne"}]},{"@type":"WebSite","@id":"https:\/\/interamerica.org\/fr\/#website","url":"https:\/\/interamerica.org\/fr\/","name":"\u00c9glise Adventiste Du Septieme Jour - Inter Am\u00e9rique Division","description":"","potentialAction":[{"@type":"SearchAction","target":{"@type":"EntryPoint","urlTemplate":"https:\/\/interamerica.org\/fr\/?s={search_term_string}"},"query-input":{"@type":"PropertyValueSpecification","valueRequired":true,"valueName":"search_term_string"}}],"inLanguage":"fr-FR"},{"@type":"Person","@id":"https:\/\/interamerica.org\/fr\/#\/schema\/person\/29998f2bc2d8bd0d38662909289b54f1","name":"libna","image":{"@type":"ImageObject","inLanguage":"fr-FR","@id":"https:\/\/secure.gravatar.com\/avatar\/7c5bd30ae4b47a9ba3c856590957fd1d96dc588bf3ac05719d247e126840331f?s=96&d=mm&r=g","url":"https:\/\/secure.gravatar.com\/avatar\/7c5bd30ae4b47a9ba3c856590957fd1d96dc588bf3ac05719d247e126840331f?s=96&d=mm&r=g","contentUrl":"https:\/\/secure.gravatar.com\/avatar\/7c5bd30ae4b47a9ba3c856590957fd1d96dc588bf3ac05719d247e126840331f?s=96&d=mm&r=g","caption":"libna"}}]}},"_links":{"self":[{"href":"https:\/\/interamerica.org\/fr\/wp-json\/wp\/v2\/posts\/40730","targetHints":{"allow":["GET"]}}],"collection":[{"href":"https:\/\/interamerica.org\/fr\/wp-json\/wp\/v2\/posts"}],"about":[{"href":"https:\/\/interamerica.org\/fr\/wp-json\/wp\/v2\/types\/post"}],"author":[{"embeddable":true,"href":"https:\/\/interamerica.org\/fr\/wp-json\/wp\/v2\/users\/3"}],"replies":[{"embeddable":true,"href":"https:\/\/interamerica.org\/fr\/wp-json\/wp\/v2\/comments?post=40730"}],"version-history":[{"count":0,"href":"https:\/\/interamerica.org\/fr\/wp-json\/wp\/v2\/posts\/40730\/revisions"}],"wp:featuredmedia":[{"embeddable":true,"href":"https:\/\/interamerica.org\/fr\/wp-json\/wp\/v2\/media\/40725"}],"wp:attachment":[{"href":"https:\/\/interamerica.org\/fr\/wp-json\/wp\/v2\/media?parent=40730"}],"wp:term":[{"taxonomy":"category","embeddable":true,"href":"https:\/\/interamerica.org\/fr\/wp-json\/wp\/v2\/categories?post=40730"},{"taxonomy":"post_tag","embeddable":true,"href":"https:\/\/interamerica.org\/fr\/wp-json\/wp\/v2\/tags?post=40730"}],"curies":[{"name":"wp","href":"https:\/\/api.w.org\/{rel}","templated":true}]}}