{"id":40770,"date":"2018-04-25T13:47:21","date_gmt":"2018-04-25T17:47:21","guid":{"rendered":"https:\/\/recursing-golick.147-182-135-0.plesk.page\/?p=40770"},"modified":"2018-05-01T21:12:57","modified_gmt":"2018-05-02T01:12:57","slug":"que-devons-nous-faire-avec-les-enfants-du-millenaire","status":"publish","type":"post","link":"https:\/\/interamerica.org\/fr\/2018\/04\/que-devons-nous-faire-avec-les-enfants-du-millenaire\/","title":{"rendered":"Que devons-nous faire avec les Enfants du Mill\u00e9naire?"},"content":{"rendered":"<p><span class=\"byline-news\">24 avril 2018 | Berrien Springs, Michigan, \u00c9tats-Unis | Marcos Paseggi, <em>Adventist Review<\/em><\/span><\/p>\n<p><span class=\"cap\">\u00ab D<\/span> epuis des ann\u00e9es, nous disons que nous avons un probl\u00e8me avec les jeunes et l\u2019\u00e9glise, \u00bb a d\u00e9clar\u00e9 Allan Martin lors de la s\u00e9ance pl\u00e9ni\u00e8re d\u2019ouverture du programme Atteindre les G\u00e9n\u00e9rations du Mill\u00e9naire qui s\u2019est d\u00e9roul\u00e9 \u00e0 l\u2019Universit\u00e9 d\u2019Andrews (AU) le 10 avril 2018. \u00ab Eh bien, nous avons un probl\u00e8me si nous continuons \u00e0 r\u00e9p\u00e9ter cette phrase tout en ne faisant rien \u00e0 ce sujet. \u00bb Allan Martin, pasteur et chercheur Adventiste du Septi\u00e8me Jour, figurait parmi les dizaines d\u2019intervenants et les centaines de personnes qui s\u2019\u00e9taient r\u00e9unies sur le campus de l\u2019\u00e9tablissement qui se trouve au Michigan, aux Etats-Unis afin de r\u00e9seauter, discuter et se familiariser avec des m\u00e9thodes nouvelles et \u00e0 l\u2019efficacit\u00e9 av\u00e9r\u00e9e pour atteindre les jeunes g\u00e9n\u00e9rations pour le Christ.<\/p>\n<p>\u00ab Nous parlons de la plus grande g\u00e9n\u00e9ration de jeunes adultes dans l\u2019histoire de l\u2019humanit\u00e9, \u00bb a dit Allan Martin. \u00ab A plus d\u2019un titre, il s\u2019agit d\u2019une g\u00e9n\u00e9ration pas comme les autres. \u00bb<\/p>\n<p><strong>Opportunit\u00e9s et D\u00e9fis<\/strong><\/p>\n<p>Pour les dirigeants de jeunes, travailler avec les Enfants du Mill\u00e9naire peut pr\u00e9senter de merveilleuses opportunit\u00e9s, ont fait remarquer les intervenants.<\/p>\n<p>\u00ab J\u2019ai le privil\u00e8ge de travailler avec les Enfants du Mill\u00e9naire tous les jours de ma vie, et je sais qu\u2019ils ne veulent pas que les choses se passent comme \u00e0 l\u2019accoutum\u00e9e, \u00bb a d\u00e9clar\u00e9 la pr\u00e9sidente de l\u2019Universit\u00e9 Andrews, Andrea Luxton, en pr\u00e9sentant ses salutations au public. \u00ab Nous avons besoin de leur cr\u00e9ativit\u00e9, de leur point de vue, de leurs id\u00e9es. \u00bb<\/p>\n<div id=\"attachment_40744\" style=\"width: 771px\" class=\"wp-caption aligncenter\"><img fetchpriority=\"high\" decoding=\"async\" aria-describedby=\"caption-attachment-40744\" class=\"wp-image-40744 \" src=\"https:\/\/recursing-golick.147-182-135-0.plesk.page\/wp-content\/uploads\/2018\/04\/homertrecartin-300x200.jpg\" alt=\"\" width=\"761\" height=\"507\" srcset=\"https:\/\/interamerica.org\/wp-content\/uploads\/2018\/04\/homertrecartin-300x200.jpg 300w, https:\/\/interamerica.org\/wp-content\/uploads\/2018\/04\/homertrecartin-768x511.jpg 768w, https:\/\/interamerica.org\/wp-content\/uploads\/2018\/04\/homertrecartin.jpg 1000w\" sizes=\"(max-width: 761px) 100vw, 761px\" \/><p id=\"caption-attachment-40744\" class=\"wp-caption-text\">Travailler avec les Enfants du Mill\u00e9naire implique d\u2019apprendre comment se comporter avec des personnes qui pensent que rien ne constitue un absolu dans leur vie, a dit Homer Trecartin, directeur des Centres de Mission Globale de l\u2019Eglise Adventiste, lors de la session d\u2019ouverture du programme Atteindre les G\u00e9n\u00e9rations du Mill\u00e9naire \u00e0 l\u2019Universit\u00e9 d\u2019Andrews. Photo: Universit\u00e9 d\u2019Andrews<\/p><\/div>\n<p>Dans le m\u00eame temps, entrer en relation avec les Enfants du Mill\u00e9naire peut pr\u00e9senter un ensemble unique de d\u00e9fis. \u00ab Comment pouvons-nous atteindre les gens qui prennent de petits morceaux de ceci et de cela? S\u2019est demand\u00e9 Homer Trecartin, directeur des Centres de Mission Globale de l\u2019\u00c9glise Adventiste. \u00ab Comment interagir avec des personnes qui pensent que rien n\u2019est un absolu dans leur vie? \u00bb<\/p>\n<p>Les experts s\u2019accordent \u00e0 dire que les d\u00e9veloppements actuels dans la technologie et dans la soci\u00e9t\u00e9, en g\u00e9n\u00e9ral, ont amen\u00e9 des d\u00e9fis jamais anticip\u00e9s. \u00ab Post-Chr\u00e9tien et la\u00efque &#8211; sans aucun doute, nous vivons dans un monde tr\u00e8s compliqu\u00e9, \u00bb a reconnu Ji\u0159\u00ed Moskala, doyen du S\u00e9minaire Th\u00e9ologique Adventiste du Septi\u00e8me Jour de l\u2019Universit\u00e9 d\u2019Andrews. \u00ab Les jeunes sont bombard\u00e9s de tous les coins. \u00bb<\/p>\n<p>Mais il y a un espoir, a-t-il ajout\u00e9, vu que les d\u00e9fis actuels ont d\u00e9clench\u00e9 des discussions essentielles. \u00ab Cela nous a amen\u00e9s \u00e0 r\u00e9fl\u00e9chir sur le sujet, ce qui est tr\u00e8s bien, \u00bb a-t-il d\u00e9clar\u00e9.<\/p>\n<p>Kleber Gon\u00e7alves, directeur du Centre des Etudes La\u00efques et Postmodernes de l\u2019Eglise Adventiste, partage cet avis. \u00ab Il ne s\u2019agit pas juste d\u2019un simple programme, \u00bb a-t-il d\u00e9clar\u00e9 en accueillant des \u00e9tudiants et des dirigeants, \u00ab c\u2019est une plate-forme pour le dialogue et l\u2019engagement. \u00bb<\/p>\n<p><strong>D<\/strong><strong>e la Protestation \u00e0 l\u2019Engagement Proactif<\/strong><\/p>\n<p>La pr\u00e9sentation d\u2019Allan Martin n\u2019a pas essay\u00e9 d\u2019adoucir les d\u00e9fis actuels \u00e0 l\u2019implication des Enfants du Mill\u00e9naire \u00e0 l\u2019\u00e9glise. Il a dit: \u00ab Les Enfants du Mill\u00e9naire demandent:\u00ab L\u2019\u00e9glise est-t-elle vraiment importante? \u00bb<\/p>\n<div id=\"attachment_40747\" style=\"width: 770px\" class=\"wp-caption aligncenter\"><img decoding=\"async\" aria-describedby=\"caption-attachment-40747\" class=\" wp-image-40747\" src=\"https:\/\/recursing-golick.147-182-135-0.plesk.page\/wp-content\/uploads\/2018\/04\/allanmartin.jpg\" alt=\"\" width=\"760\" height=\"506\" srcset=\"https:\/\/interamerica.org\/wp-content\/uploads\/2018\/04\/allanmartin.jpg 1000w, https:\/\/interamerica.org\/wp-content\/uploads\/2018\/04\/allanmartin-300x200.jpg 300w, https:\/\/interamerica.org\/wp-content\/uploads\/2018\/04\/allanmartin-768x511.jpg 768w\" sizes=\"(max-width: 760px) 100vw, 760px\" \/><p id=\"caption-attachment-40747\" class=\"wp-caption-text\">Le pasteur des jeunes et chercheur Adventiste Allan Martin a invit\u00e9 chaque membre d\u2019\u00e9glise \u00e0 \u00eatre proactif &#8211; \u00e0 prier et \u00e0 entrer en relation avec les jeunes dans son \u00e9glise. Photo: Universit\u00e9 d\u2019Andrews<\/p><\/div>\n<p>Ce sont de jeunes adultes qui se consid\u00e8rent comme des fans de J\u00e9sus mais pas de l\u2019\u00e9glise. Beaucoup ont le sentiment qu\u2019ils ne peuvent pas poser les questions les plus pressantes \u00e0 l\u2019\u00e9glise. Et la technologie leur donne des r\u00e9ponses qui semblent avoir du sens mais pas n\u00e9cessairement la v\u00e9rit\u00e9. \u00ab Ils ont dit: \u2018Je n\u2019arrive pas \u00e0 vous suivre; vous n&rsquo;avez aucune pertinence pour moi, \u00bb a dit Allan Martin. \u00ab Mais si nous devons changer le monde ensemble, nous ne pouvons pas nous permettre d\u2019avoir un autre jeune qui dit: \u2018je n\u2019arrive pas \u00e0 vous suivre.\u2019 \u00bb<\/p>\n<p>Une partie de la r\u00e9ponse, a ajout\u00e9 Allan Martin, est de cesser de se plaindre au sujet des d\u00e9fis actuels et de devenir proactif pour responsabiliser les jeunes adultes \u2013 ceux qui sont dans la cat\u00e9gorie des post- \u00e9cole secondaire jusqu\u2019\u00e0 la p\u00e9riode des jeunes pr\u00e9-parents &#8211; et promouvoir les minist\u00e8res qui se concentrent sur l\u2019action aupr\u00e8s de ce groupe.<\/p>\n<p><strong>Trois Suggestions Pratiques<\/strong><\/p>\n<p>Allan Martin a partag\u00e9 trois suggestions pratiques qui, selon lui, peuvent amener plus d\u2019engagement et d\u2019interaction avec les Enfants du Mill\u00e9naire.<\/p>\n<p>Premi\u00e8rement, a-t-il dit, nous avons besoin d\u2019un vrai dialogue &#8211; nous devons cesser d\u2019ignorer les \u00e9l\u00e9phants blancs qui sont dans la pi\u00e8ce. \u00ab Nous devons encourager les relations interg\u00e9n\u00e9rationnelles avec les Enfants du Mill\u00e9naire en \u00e9tant dispos\u00e9s \u00e0 discuter \u00e0 propos de la science, de la sexualit\u00e9 et d\u2019autres sujets \u00e9pineux dans un contexte libre de toute crainte, \u00bb a-t-il d\u00e9clar\u00e9.<\/p>\n<p>Ce faisant, l\u2019impact des membres d\u2019\u00e9glise plus anciens peut \u00eatre essentiel. \u00ab Pour les Enfants du Mill\u00e9naire, un pasteur des jeunes est un ami r\u00e9mun\u00e9r\u00e9, alors souvent cela ne compte pas, \u00bb a-t-il expliqu\u00e9. \u00ab Ils ont besoin de personnes plus \u00e2g\u00e9es qui comptent dans leur vie et qui s\u2019int\u00e9ressent \u00e0 leurs activit\u00e9s. \u00bb<\/p>\n<p>Et un acte tout simple peut faire beaucoup pour les atteindre, a d\u00e9clar\u00e9 Allan Martin.<\/p>\n<p>Il a partag\u00e9 l\u2019histoire d\u2019une jeune Enfant du Mill\u00e9naire, qui, lorsqu\u2019on lui a demand\u00e9 pourquoi elle \u00e9tait rest\u00e9e et \u00e9tait activement impliqu\u00e9e dans l\u2019\u00e9glise alors que beaucoup de ses amis \u00e9taient partis, a racont\u00e9 son exp\u00e9rience dans une \u00e9glise de Floride. Chaque hiver, a-t-elle dit, un groupe de femmes venues passer l\u2019hiver dans le Sud fr\u00e9quentaient son \u00e9glise. Alors qu\u2019elles se pr\u00e9paraient \u00e0 retourner vers le nord \u00e0 la fin de l\u2019hiver, ces femmes ont d\u00e9couvert qu\u2019un concert de musique aurait lieu \u00e0 l\u2019\u00e9glise, o\u00f9 les jeunes, y compris cette jeune femme, se produiraient. \u00ab Ces femmes ont modifi\u00e9 leurs billets parce qu\u2019elles ont dit qu\u2019elles voulaient soutenir les jeunes et me voir intervenir, \u00bb a racont\u00e9 la jeune femme. \u00ab J\u2019ai d\u00e9cid\u00e9 de rester \u00e0 l\u2019\u00e9glise gr\u00e2ce \u00e0 ces femmes \u2013 c\u2019est gr\u00e2ce \u00e0 elles que je suis toujours \u00e0 l\u2019\u00e9glise. \u00bb<\/p>\n<div id=\"attachment_40750\" style=\"width: 770px\" class=\"wp-caption aligncenter\"><img decoding=\"async\" aria-describedby=\"caption-attachment-40750\" class=\" wp-image-40750\" src=\"https:\/\/recursing-golick.147-182-135-0.plesk.page\/wp-content\/uploads\/2018\/04\/au-churhc.jpg\" alt=\"\" width=\"760\" height=\"506\" srcset=\"https:\/\/interamerica.org\/wp-content\/uploads\/2018\/04\/au-churhc.jpg 1000w, https:\/\/interamerica.org\/wp-content\/uploads\/2018\/04\/au-churhc-300x200.jpg 300w, https:\/\/interamerica.org\/wp-content\/uploads\/2018\/04\/au-churhc-768x511.jpg 768w\" sizes=\"(max-width: 760px) 100vw, 760px\" \/><p id=\"caption-attachment-40750\" class=\"wp-caption-text\">\u00ab C\u2019est la plus importante g\u00e9n\u00e9ration de jeunes adultes dans l\u2019histoire de l\u2019humanit\u00e9, \u00bb a d\u00e9clar\u00e9 Allan Martin en faisant r\u00e9f\u00e9rence \u00e0 la g\u00e9n\u00e9ration du Mill\u00e9naire. \u00ab \u00c0 bien des \u00e9gards, c\u2019est une g\u00e9n\u00e9ration comme aucune autre. \u00bb Photo: Universit\u00e9 d\u2019Andrews<\/p><\/div>\n<p><strong>Pardon, Acceptation et Conversation<\/strong><\/p>\n<p>Un autre \u00e9l\u00e9ment de la relation avec les Enfants du Mill\u00e9naire est l\u2019expression du pardon et de l\u2019acceptation. Allan Martin a dit qu\u2019il est reconnaissant du fait que dans de nombreux endroits, cela se produit d\u00e9j\u00e0. \u00ab Les Enfants du Mill\u00e9naire sont dans un processus de d\u00e9veloppement, \u00bb a-t-il d\u00e9clar\u00e9. \u00ab Nous devons avoir de la patience &#8211; de la patience pour \u00e9tablir des relations avant de les juger. \u00bb<\/p>\n<p>Etablissant un parall\u00e8le avec la parabole de J\u00e9sus dans Luc 15 sur le fils perdu, il a dit que les membres plus \u00e2g\u00e9s devraient \u00eatre pr\u00eats \u00e0 faire un effort suppl\u00e9mentaire pour ramener les jeunes qui se sont \u00e9loign\u00e9s de l\u2019\u00e9glise. \u00ab C\u2019est l\u2019h\u00f4te de la f\u00eate qui poursuit le fils a\u00een\u00e9 et l\u2019invite \u00e0 revenir, \u00bb a-t-il dit.<\/p>\n<p>Enfin, Allan Martin a sugg\u00e9r\u00e9 que les membres plus \u00e2g\u00e9s cr\u00e9ent des espaces pour partager des histoires. \u00ab D\u00e9buter toute vos interactions avec \u00ab Quand j\u2019avais votre \u00e2ge, \u00bb bloque la communication, \u00bb a-t-il dit. \u00ab Au contraire, pour rompre la glace, il convient mieux de dire: \u00ab Dites-m\u2019en plus \u00bb et d\u2019\u00eatre ouvert \u00e0 l\u2019\u00e9coute. \u00bb<\/p>\n<p>Parler, cependant, n\u2019est pas la seule chose que vous pouvez faire avec les Enfants du Mill\u00e9naire. \u00ab Participer \u00e0 des voyages missionnaires interg\u00e9n\u00e9rationnels, par exemple, est une m\u00e9thode av\u00e9r\u00e9e de cr\u00e9ation d\u2019espaces pour des interactions significatives, \u00bb a d\u00e9clar\u00e9 Allan Martin.<\/p>\n<p><strong>La Pri\u00e8re Personnalis\u00e9e est Essentielle<\/strong><\/p>\n<p>Par dessus tout, et malgr\u00e9 ce que disent les statistiques, il est essentiel de se rappeler que les Enfants du Mill\u00e9naire ne sont pas des chiffres, ce sont des personnes bien r\u00e9elles, a dit Allan Martin. Joignant le geste \u00e0 la parole, il a invit\u00e9 tout le monde \u00e0 \u00e9crire le nom de trois Enfants du Mill\u00e9naire \u00e0 qui ils pensaient dans leurs \u00e9glises et \u00e0 prier sp\u00e9cifiquement pour chacun d\u2019entre eux. Il a partag\u00e9 son exp\u00e9rience o\u00f9, lors d\u2019une pr\u00e9sentation dans l\u2019une des divisions mondiales de l\u2019\u00e9glise, il a invit\u00e9 les gens \u00e0 prier pour les Enfants du Mill\u00e9naire de leurs \u00e9glises respectives, et une femme lui a dit: \u00ab Je ne me souviens d\u2019aucun nom des jeunes que je connais. \u00bb<\/p>\n<p>\u00ab Il est crucial que nous connaissions si bien les jeunes que nous puissions prier pour leurs besoins et leurs r\u00eaves, \u00bb a conclu Allan Martin. \u00ab La pri\u00e8re fera des merveilles. \u00bb<\/p>\n<p>Traduction: Patrick Luciathe<\/p>\n","protected":false},"excerpt":{"rendered":"<p>24 avril 2018 | Berrien Springs, Michigan, \u00c9tats-Unis | Marcos Paseggi, Adventist Review \u00ab D epuis des ann\u00e9es, nous disons que nous avons un probl\u00e8me avec les jeunes et l\u2019\u00e9glise,&#8230;<\/p>\n","protected":false},"author":3,"featured_media":40742,"comment_status":"open","ping_status":"closed","sticky":false,"template":"","format":"standard","meta":{"_acf_changed":false,"footnotes":""},"categories":[18,19],"tags":[],"class_list":["post-40770","post","type-post","status-publish","format-standard","has-post-thumbnail","hentry","category-nouvelles-de-leglise-mondiale","category-rss-francais"],"acf":[],"yoast_head":"<!-- This site is optimized with the Yoast SEO plugin v27.3 - https:\/\/yoast.com\/product\/yoast-seo-wordpress\/ -->\n<title>Que devons-nous faire avec les Enfants du Mill\u00e9naire? - \u00c9glise Adventiste Du Septieme Jour - Inter Am\u00e9rique Division<\/title>\n<meta name=\"robots\" content=\"index, follow, max-snippet:-1, max-image-preview:large, max-video-preview:-1\" \/>\n<link rel=\"canonical\" href=\"https:\/\/interamerica.org\/fr\/2018\/04\/que-devons-nous-faire-avec-les-enfants-du-millenaire\/\" \/>\n<meta property=\"og:locale\" content=\"fr_FR\" \/>\n<meta property=\"og:type\" content=\"article\" \/>\n<meta property=\"og:title\" content=\"Que devons-nous faire avec les Enfants du Mill\u00e9naire? - \u00c9glise Adventiste Du Septieme Jour - Inter Am\u00e9rique Division\" \/>\n<meta property=\"og:description\" content=\"24 avril 2018 | Berrien Springs, Michigan, \u00c9tats-Unis | Marcos Paseggi, Adventist Review \u00ab D epuis des ann\u00e9es, nous disons que nous avons un probl\u00e8me avec les jeunes et l\u2019\u00e9glise,...\" \/>\n<meta property=\"og:url\" content=\"https:\/\/interamerica.org\/fr\/2018\/04\/que-devons-nous-faire-avec-les-enfants-du-millenaire\/\" \/>\n<meta property=\"og:site_name\" content=\"\u00c9glise Adventiste Du Septieme Jour - Inter Am\u00e9rique Division\" \/>\n<meta property=\"article:published_time\" content=\"2018-04-25T17:47:21+00:00\" \/>\n<meta property=\"article:modified_time\" content=\"2018-05-02T01:12:57+00:00\" \/>\n<meta property=\"og:image\" content=\"https:\/\/interamerica.org\/wp-content\/uploads\/2018\/04\/what-are-we-to-do-with-millennials1280.jpg\" \/>\n\t<meta property=\"og:image:width\" content=\"1280\" \/>\n\t<meta property=\"og:image:height\" content=\"800\" \/>\n\t<meta property=\"og:image:type\" content=\"image\/jpeg\" \/>\n<meta name=\"author\" content=\"libna\" \/>\n<meta name=\"twitter:card\" content=\"summary_large_image\" \/>\n<meta name=\"twitter:label1\" content=\"\u00c9crit par\" \/>\n\t<meta name=\"twitter:data1\" content=\"libna\" \/>\n\t<meta name=\"twitter:label2\" content=\"Dur\u00e9e de lecture estim\u00e9e\" \/>\n\t<meta name=\"twitter:data2\" content=\"8 minutes\" \/>\n<script type=\"application\/ld+json\" class=\"yoast-schema-graph\">{\"@context\":\"https:\\\/\\\/schema.org\",\"@graph\":[{\"@type\":\"Article\",\"@id\":\"https:\\\/\\\/interamerica.org\\\/fr\\\/2018\\\/04\\\/que-devons-nous-faire-avec-les-enfants-du-millenaire\\\/#article\",\"isPartOf\":{\"@id\":\"https:\\\/\\\/interamerica.org\\\/fr\\\/2018\\\/04\\\/que-devons-nous-faire-avec-les-enfants-du-millenaire\\\/\"},\"author\":{\"name\":\"libna\",\"@id\":\"https:\\\/\\\/interamerica.org\\\/fr\\\/#\\\/schema\\\/person\\\/29998f2bc2d8bd0d38662909289b54f1\"},\"headline\":\"Que devons-nous faire avec les Enfants du Mill\u00e9naire?\",\"datePublished\":\"2018-04-25T17:47:21+00:00\",\"dateModified\":\"2018-05-02T01:12:57+00:00\",\"mainEntityOfPage\":{\"@id\":\"https:\\\/\\\/interamerica.org\\\/fr\\\/2018\\\/04\\\/que-devons-nous-faire-avec-les-enfants-du-millenaire\\\/\"},\"wordCount\":1667,\"commentCount\":0,\"image\":{\"@id\":\"https:\\\/\\\/interamerica.org\\\/fr\\\/2018\\\/04\\\/que-devons-nous-faire-avec-les-enfants-du-millenaire\\\/#primaryimage\"},\"thumbnailUrl\":\"https:\\\/\\\/interamerica.org\\\/wp-content\\\/uploads\\\/2018\\\/04\\\/what-are-we-to-do-with-millennials1280.jpg\",\"articleSection\":[\"Nouvelles de l'\u00c9glise mondiale\",\"RSS Fran\u00e7ais\"],\"inLanguage\":\"fr-FR\",\"potentialAction\":[{\"@type\":\"CommentAction\",\"name\":\"Comment\",\"target\":[\"https:\\\/\\\/interamerica.org\\\/fr\\\/2018\\\/04\\\/que-devons-nous-faire-avec-les-enfants-du-millenaire\\\/#respond\"]}]},{\"@type\":\"WebPage\",\"@id\":\"https:\\\/\\\/interamerica.org\\\/fr\\\/2018\\\/04\\\/que-devons-nous-faire-avec-les-enfants-du-millenaire\\\/\",\"url\":\"https:\\\/\\\/interamerica.org\\\/fr\\\/2018\\\/04\\\/que-devons-nous-faire-avec-les-enfants-du-millenaire\\\/\",\"name\":\"Que devons-nous faire avec les Enfants du Mill\u00e9naire? - \u00c9glise Adventiste Du Septieme Jour - Inter Am\u00e9rique Division\",\"isPartOf\":{\"@id\":\"https:\\\/\\\/interamerica.org\\\/fr\\\/#website\"},\"primaryImageOfPage\":{\"@id\":\"https:\\\/\\\/interamerica.org\\\/fr\\\/2018\\\/04\\\/que-devons-nous-faire-avec-les-enfants-du-millenaire\\\/#primaryimage\"},\"image\":{\"@id\":\"https:\\\/\\\/interamerica.org\\\/fr\\\/2018\\\/04\\\/que-devons-nous-faire-avec-les-enfants-du-millenaire\\\/#primaryimage\"},\"thumbnailUrl\":\"https:\\\/\\\/interamerica.org\\\/wp-content\\\/uploads\\\/2018\\\/04\\\/what-are-we-to-do-with-millennials1280.jpg\",\"datePublished\":\"2018-04-25T17:47:21+00:00\",\"dateModified\":\"2018-05-02T01:12:57+00:00\",\"author\":{\"@id\":\"https:\\\/\\\/interamerica.org\\\/fr\\\/#\\\/schema\\\/person\\\/29998f2bc2d8bd0d38662909289b54f1\"},\"breadcrumb\":{\"@id\":\"https:\\\/\\\/interamerica.org\\\/fr\\\/2018\\\/04\\\/que-devons-nous-faire-avec-les-enfants-du-millenaire\\\/#breadcrumb\"},\"inLanguage\":\"fr-FR\",\"potentialAction\":[{\"@type\":\"ReadAction\",\"target\":[\"https:\\\/\\\/interamerica.org\\\/fr\\\/2018\\\/04\\\/que-devons-nous-faire-avec-les-enfants-du-millenaire\\\/\"]}]},{\"@type\":\"ImageObject\",\"inLanguage\":\"fr-FR\",\"@id\":\"https:\\\/\\\/interamerica.org\\\/fr\\\/2018\\\/04\\\/que-devons-nous-faire-avec-les-enfants-du-millenaire\\\/#primaryimage\",\"url\":\"https:\\\/\\\/interamerica.org\\\/wp-content\\\/uploads\\\/2018\\\/04\\\/what-are-we-to-do-with-millennials1280.jpg\",\"contentUrl\":\"https:\\\/\\\/interamerica.org\\\/wp-content\\\/uploads\\\/2018\\\/04\\\/what-are-we-to-do-with-millennials1280.jpg\",\"width\":1280,\"height\":800,\"caption\":\"Working with Millennials implies learning how to relate to people who think nothing is an absolute in their lives, said Adventist Church Global Mission Centers director Homer Trecartin, on the opening session of the Reaching Millennial Generations event at Andrews University. Photo: Andrews University\"},{\"@type\":\"BreadcrumbList\",\"@id\":\"https:\\\/\\\/interamerica.org\\\/fr\\\/2018\\\/04\\\/que-devons-nous-faire-avec-les-enfants-du-millenaire\\\/#breadcrumb\",\"itemListElement\":[{\"@type\":\"ListItem\",\"position\":1,\"name\":\"Home\",\"item\":\"https:\\\/\\\/interamerica.org\\\/fr\\\/\"},{\"@type\":\"ListItem\",\"position\":2,\"name\":\"Que devons-nous faire avec les Enfants du Mill\u00e9naire?\"}]},{\"@type\":\"WebSite\",\"@id\":\"https:\\\/\\\/interamerica.org\\\/fr\\\/#website\",\"url\":\"https:\\\/\\\/interamerica.org\\\/fr\\\/\",\"name\":\"\u00c9glise Adventiste Du Septieme Jour - Inter Am\u00e9rique Division\",\"description\":\"\",\"potentialAction\":[{\"@type\":\"SearchAction\",\"target\":{\"@type\":\"EntryPoint\",\"urlTemplate\":\"https:\\\/\\\/interamerica.org\\\/fr\\\/?s={search_term_string}\"},\"query-input\":{\"@type\":\"PropertyValueSpecification\",\"valueRequired\":true,\"valueName\":\"search_term_string\"}}],\"inLanguage\":\"fr-FR\"},{\"@type\":\"Person\",\"@id\":\"https:\\\/\\\/interamerica.org\\\/fr\\\/#\\\/schema\\\/person\\\/29998f2bc2d8bd0d38662909289b54f1\",\"name\":\"libna\",\"image\":{\"@type\":\"ImageObject\",\"inLanguage\":\"fr-FR\",\"@id\":\"https:\\\/\\\/secure.gravatar.com\\\/avatar\\\/7c5bd30ae4b47a9ba3c856590957fd1d96dc588bf3ac05719d247e126840331f?s=96&d=mm&r=g\",\"url\":\"https:\\\/\\\/secure.gravatar.com\\\/avatar\\\/7c5bd30ae4b47a9ba3c856590957fd1d96dc588bf3ac05719d247e126840331f?s=96&d=mm&r=g\",\"contentUrl\":\"https:\\\/\\\/secure.gravatar.com\\\/avatar\\\/7c5bd30ae4b47a9ba3c856590957fd1d96dc588bf3ac05719d247e126840331f?s=96&d=mm&r=g\",\"caption\":\"libna\"}}]}<\/script>\n<!-- \/ Yoast SEO plugin. -->","yoast_head_json":{"title":"Que devons-nous faire avec les Enfants du Mill\u00e9naire? - \u00c9glise Adventiste Du Septieme Jour - Inter Am\u00e9rique Division","robots":{"index":"index","follow":"follow","max-snippet":"max-snippet:-1","max-image-preview":"max-image-preview:large","max-video-preview":"max-video-preview:-1"},"canonical":"https:\/\/interamerica.org\/fr\/2018\/04\/que-devons-nous-faire-avec-les-enfants-du-millenaire\/","og_locale":"fr_FR","og_type":"article","og_title":"Que devons-nous faire avec les Enfants du Mill\u00e9naire? - \u00c9glise Adventiste Du Septieme Jour - Inter Am\u00e9rique Division","og_description":"24 avril 2018 | Berrien Springs, Michigan, \u00c9tats-Unis | Marcos Paseggi, Adventist Review \u00ab D epuis des ann\u00e9es, nous disons que nous avons un probl\u00e8me avec les jeunes et l\u2019\u00e9glise,...","og_url":"https:\/\/interamerica.org\/fr\/2018\/04\/que-devons-nous-faire-avec-les-enfants-du-millenaire\/","og_site_name":"\u00c9glise Adventiste Du Septieme Jour - Inter Am\u00e9rique Division","article_published_time":"2018-04-25T17:47:21+00:00","article_modified_time":"2018-05-02T01:12:57+00:00","og_image":[{"width":1280,"height":800,"url":"https:\/\/interamerica.org\/wp-content\/uploads\/2018\/04\/what-are-we-to-do-with-millennials1280.jpg","type":"image\/jpeg"}],"author":"libna","twitter_card":"summary_large_image","twitter_misc":{"\u00c9crit par":"libna","Dur\u00e9e de lecture estim\u00e9e":"8 minutes"},"schema":{"@context":"https:\/\/schema.org","@graph":[{"@type":"Article","@id":"https:\/\/interamerica.org\/fr\/2018\/04\/que-devons-nous-faire-avec-les-enfants-du-millenaire\/#article","isPartOf":{"@id":"https:\/\/interamerica.org\/fr\/2018\/04\/que-devons-nous-faire-avec-les-enfants-du-millenaire\/"},"author":{"name":"libna","@id":"https:\/\/interamerica.org\/fr\/#\/schema\/person\/29998f2bc2d8bd0d38662909289b54f1"},"headline":"Que devons-nous faire avec les Enfants du Mill\u00e9naire?","datePublished":"2018-04-25T17:47:21+00:00","dateModified":"2018-05-02T01:12:57+00:00","mainEntityOfPage":{"@id":"https:\/\/interamerica.org\/fr\/2018\/04\/que-devons-nous-faire-avec-les-enfants-du-millenaire\/"},"wordCount":1667,"commentCount":0,"image":{"@id":"https:\/\/interamerica.org\/fr\/2018\/04\/que-devons-nous-faire-avec-les-enfants-du-millenaire\/#primaryimage"},"thumbnailUrl":"https:\/\/interamerica.org\/wp-content\/uploads\/2018\/04\/what-are-we-to-do-with-millennials1280.jpg","articleSection":["Nouvelles de l'\u00c9glise mondiale","RSS Fran\u00e7ais"],"inLanguage":"fr-FR","potentialAction":[{"@type":"CommentAction","name":"Comment","target":["https:\/\/interamerica.org\/fr\/2018\/04\/que-devons-nous-faire-avec-les-enfants-du-millenaire\/#respond"]}]},{"@type":"WebPage","@id":"https:\/\/interamerica.org\/fr\/2018\/04\/que-devons-nous-faire-avec-les-enfants-du-millenaire\/","url":"https:\/\/interamerica.org\/fr\/2018\/04\/que-devons-nous-faire-avec-les-enfants-du-millenaire\/","name":"Que devons-nous faire avec les Enfants du Mill\u00e9naire? - \u00c9glise Adventiste Du Septieme Jour - Inter Am\u00e9rique Division","isPartOf":{"@id":"https:\/\/interamerica.org\/fr\/#website"},"primaryImageOfPage":{"@id":"https:\/\/interamerica.org\/fr\/2018\/04\/que-devons-nous-faire-avec-les-enfants-du-millenaire\/#primaryimage"},"image":{"@id":"https:\/\/interamerica.org\/fr\/2018\/04\/que-devons-nous-faire-avec-les-enfants-du-millenaire\/#primaryimage"},"thumbnailUrl":"https:\/\/interamerica.org\/wp-content\/uploads\/2018\/04\/what-are-we-to-do-with-millennials1280.jpg","datePublished":"2018-04-25T17:47:21+00:00","dateModified":"2018-05-02T01:12:57+00:00","author":{"@id":"https:\/\/interamerica.org\/fr\/#\/schema\/person\/29998f2bc2d8bd0d38662909289b54f1"},"breadcrumb":{"@id":"https:\/\/interamerica.org\/fr\/2018\/04\/que-devons-nous-faire-avec-les-enfants-du-millenaire\/#breadcrumb"},"inLanguage":"fr-FR","potentialAction":[{"@type":"ReadAction","target":["https:\/\/interamerica.org\/fr\/2018\/04\/que-devons-nous-faire-avec-les-enfants-du-millenaire\/"]}]},{"@type":"ImageObject","inLanguage":"fr-FR","@id":"https:\/\/interamerica.org\/fr\/2018\/04\/que-devons-nous-faire-avec-les-enfants-du-millenaire\/#primaryimage","url":"https:\/\/interamerica.org\/wp-content\/uploads\/2018\/04\/what-are-we-to-do-with-millennials1280.jpg","contentUrl":"https:\/\/interamerica.org\/wp-content\/uploads\/2018\/04\/what-are-we-to-do-with-millennials1280.jpg","width":1280,"height":800,"caption":"Working with Millennials implies learning how to relate to people who think nothing is an absolute in their lives, said Adventist Church Global Mission Centers director Homer Trecartin, on the opening session of the Reaching Millennial Generations event at Andrews University. Photo: Andrews University"},{"@type":"BreadcrumbList","@id":"https:\/\/interamerica.org\/fr\/2018\/04\/que-devons-nous-faire-avec-les-enfants-du-millenaire\/#breadcrumb","itemListElement":[{"@type":"ListItem","position":1,"name":"Home","item":"https:\/\/interamerica.org\/fr\/"},{"@type":"ListItem","position":2,"name":"Que devons-nous faire avec les Enfants du Mill\u00e9naire?"}]},{"@type":"WebSite","@id":"https:\/\/interamerica.org\/fr\/#website","url":"https:\/\/interamerica.org\/fr\/","name":"\u00c9glise Adventiste Du Septieme Jour - Inter Am\u00e9rique Division","description":"","potentialAction":[{"@type":"SearchAction","target":{"@type":"EntryPoint","urlTemplate":"https:\/\/interamerica.org\/fr\/?s={search_term_string}"},"query-input":{"@type":"PropertyValueSpecification","valueRequired":true,"valueName":"search_term_string"}}],"inLanguage":"fr-FR"},{"@type":"Person","@id":"https:\/\/interamerica.org\/fr\/#\/schema\/person\/29998f2bc2d8bd0d38662909289b54f1","name":"libna","image":{"@type":"ImageObject","inLanguage":"fr-FR","@id":"https:\/\/secure.gravatar.com\/avatar\/7c5bd30ae4b47a9ba3c856590957fd1d96dc588bf3ac05719d247e126840331f?s=96&d=mm&r=g","url":"https:\/\/secure.gravatar.com\/avatar\/7c5bd30ae4b47a9ba3c856590957fd1d96dc588bf3ac05719d247e126840331f?s=96&d=mm&r=g","contentUrl":"https:\/\/secure.gravatar.com\/avatar\/7c5bd30ae4b47a9ba3c856590957fd1d96dc588bf3ac05719d247e126840331f?s=96&d=mm&r=g","caption":"libna"}}]}},"_links":{"self":[{"href":"https:\/\/interamerica.org\/fr\/wp-json\/wp\/v2\/posts\/40770","targetHints":{"allow":["GET"]}}],"collection":[{"href":"https:\/\/interamerica.org\/fr\/wp-json\/wp\/v2\/posts"}],"about":[{"href":"https:\/\/interamerica.org\/fr\/wp-json\/wp\/v2\/types\/post"}],"author":[{"embeddable":true,"href":"https:\/\/interamerica.org\/fr\/wp-json\/wp\/v2\/users\/3"}],"replies":[{"embeddable":true,"href":"https:\/\/interamerica.org\/fr\/wp-json\/wp\/v2\/comments?post=40770"}],"version-history":[{"count":0,"href":"https:\/\/interamerica.org\/fr\/wp-json\/wp\/v2\/posts\/40770\/revisions"}],"wp:featuredmedia":[{"embeddable":true,"href":"https:\/\/interamerica.org\/fr\/wp-json\/wp\/v2\/media\/40742"}],"wp:attachment":[{"href":"https:\/\/interamerica.org\/fr\/wp-json\/wp\/v2\/media?parent=40770"}],"wp:term":[{"taxonomy":"category","embeddable":true,"href":"https:\/\/interamerica.org\/fr\/wp-json\/wp\/v2\/categories?post=40770"},{"taxonomy":"post_tag","embeddable":true,"href":"https:\/\/interamerica.org\/fr\/wp-json\/wp\/v2\/tags?post=40770"}],"curies":[{"name":"wp","href":"https:\/\/api.w.org\/{rel}","templated":true}]}}