{"id":40843,"date":"2018-04-27T08:12:58","date_gmt":"2018-04-27T12:12:58","guid":{"rendered":"https:\/\/recursing-golick.147-182-135-0.plesk.page\/?p=40843"},"modified":"2018-05-01T17:20:42","modified_gmt":"2018-05-01T21:20:42","slug":"le-gouvernement-du-paraguay-enrole-les-eclaireurs-adventistes-pour-aider-a-lintegration-sociale","status":"publish","type":"post","link":"https:\/\/interamerica.org\/fr\/2018\/04\/le-gouvernement-du-paraguay-enrole-les-eclaireurs-adventistes-pour-aider-a-lintegration-sociale\/","title":{"rendered":"Le gouvernement du Paraguay enr\u00f4le les Eclaireurs Adventistes pour aider \u00e0 l\u2019int\u00e9gration sociale"},"content":{"rendered":"<div id=\"attachment_40796\" style=\"width: 772px\" class=\"wp-caption aligncenter\"><img fetchpriority=\"high\" decoding=\"async\" aria-describedby=\"caption-attachment-40796\" class=\" wp-image-40796\" src=\"https:\/\/recursing-golick.147-182-135-0.plesk.page\/wp-content\/uploads\/2018\/04\/paraguay-government-enlists-adventist-pathfinders-for-social-integration.jpg\" alt=\"\" width=\"762\" height=\"381\" srcset=\"https:\/\/interamerica.org\/wp-content\/uploads\/2018\/04\/paraguay-government-enlists-adventist-pathfinders-for-social-integration.jpg 1000w, https:\/\/interamerica.org\/wp-content\/uploads\/2018\/04\/paraguay-government-enlists-adventist-pathfinders-for-social-integration-300x150.jpg 300w, https:\/\/interamerica.org\/wp-content\/uploads\/2018\/04\/paraguay-government-enlists-adventist-pathfinders-for-social-integration-768x384.jpg 768w\" sizes=\"(max-width: 762px) 100vw, 762px\" \/><p id=\"caption-attachment-40796\" class=\"wp-caption-text\">Un membre de l\u2019un des clubs des Eclaireurs d\u2019Asunci\u00f3n recrute un jeune nouveau membre. Le Club des Eclaireurs de San Francisco a ouvert ses portes le 15 avril 2018 avec 50 membres. Photo de Virgilio Noguera et David Dapozzo, P\u00f4le Informations de la Division Sud Am\u00e9ricaine<\/p><\/div>\n<p><span class=\"byline-news\">26 Avril 2018 | Zevallos Cu\u00e9, Paraguay | Raquel Castillo, P\u00f4le Informations de la Division Sud Am\u00e9ricaine &amp; Marcos Paseggi, <em>Adventist <\/em><em>R<\/em><\/span><em><span class=\"byline-news\">eview<\/span><\/em><\/p>\n<p><span class=\"cap\">P<\/span>endant des ann\u00e9es, le gouvernement de la nation sud-am\u00e9ricaine du Paraguay a confront\u00e9 un probl\u00e8me. Dans les plaines pr\u00e8s du fleuve Paraguay, autour d\u2019Asunci\u00f3n, la ville capitale, vivaient environ 1000 familles qui subissaient r\u00e9guli\u00e8rement des inondations saisonni\u00e8res. Alors que les inondations devenaient de plus en plus s\u00e9rieuses chaque ann\u00e9e, le gouvernement s\u2019est associ\u00e9 \u00e0 des organisations humanitaires pour les aider \u00e0 s\u2019\u00e9tablir dans des r\u00e9gions plus \u00e9lev\u00e9es. \u00c0 Zevallos Cu\u00e9, la zone r\u00e9serv\u00e9e au projet de relogement, vivaient d\u00e9j\u00e0 des dizaines de familles dans des conditions similaires \u00e0 celles des bidonvilles. L\u2019initiative du gouvernement et de ses partenaires a d\u00e9bouch\u00e9 sur San Francisco, un quartier avec des appartements neufs pour ces deux groupes.<\/p>\n<p>Cependant, une fois les habitants relog\u00e9s dans leurs nouvelles maisons, le gouvernement a r\u00e9alis\u00e9 qu\u2019il aurait besoin de plus que de nouveaux logements pour int\u00e9grer les nouveaux voisins. Dans une seconde phase de la r\u00e9organisation de la communaut\u00e9, les clubs d\u2019Eclaireurs Adventistes du Septi\u00e8me Jour dans le voisinage ont \u00e9t\u00e9 invit\u00e9s \u00e0 aider au d\u00e9veloppement de liens plus forts et \u00e0 la promotion de bonnes mani\u00e8res et d\u2019interactions positives parmi les r\u00e9sidents nouvellement install\u00e9s.<\/p>\n<div id=\"attachment_40803\" style=\"width: 772px\" class=\"wp-caption aligncenter\"><img decoding=\"async\" aria-describedby=\"caption-attachment-40803\" class=\" wp-image-40803\" src=\"https:\/\/recursing-golick.147-182-135-0.plesk.page\/wp-content\/uploads\/2018\/04\/conquisporundiapy-1.jpeg\" alt=\"\" width=\"762\" height=\"427\" srcset=\"https:\/\/interamerica.org\/wp-content\/uploads\/2018\/04\/conquisporundiapy-1.jpeg 1000w, https:\/\/interamerica.org\/wp-content\/uploads\/2018\/04\/conquisporundiapy-1-300x168.jpeg 300w, https:\/\/interamerica.org\/wp-content\/uploads\/2018\/04\/conquisporundiapy-1-768x430.jpeg 768w\" sizes=\"(max-width: 762px) 100vw, 762px\" \/><p id=\"caption-attachment-40803\" class=\"wp-caption-text\">Plusieurs clubs d\u2019Eclaireurs locaux ont organis\u00e9 une foire pour pr\u00e9senter leur savoir faire aux jeunes du quartier de San Francisco, \u00e0 Asunci\u00f3n, au Paraguay. Photo de Virgilio Noguera et David Dapozzo, P\u00f4le Informations de la Division Sud Am\u00e9ricaine.<\/p><\/div>\n<p>\u00ab Nous connaissions les clubs d\u2019Eclaireurs parce que nous avons un partenariat avec ADRA [l\u2019Agence Adventiste de D\u00e9veloppement et de Secours] au Paraguay, \u00bb a d\u00e9clar\u00e9 Soledad Rojas, Coordinateur de la Vie Communal pour Habitat pour l\u2019Humanit\u00e9 International (HFHI), une organisation non gouvernementale \u00e0 but non lucratif qui a travaill\u00e9 avec le gouvernement sur le projet de San Francisco. \u00ab Certains des responsables d\u2019ADRA se sont impliqu\u00e9s dans le projet de logement social, ce qui nous a permis de mieux comprendre les objectifs des clubs d\u2019Eclaireurs. \u00bb<\/p>\n<p>Soledad Rojas a indiqu\u00e9 que les objectifs de cette organisation dirig\u00e9e par les Adventistes, qui travaille sur l\u2019\u00e9ducation culturelle, sociale et religieuse des enfants et des adolescents d\u00e8s l\u2019\u00e2ge de 10 ans, semblaient parfaitement correspondre aux besoins du quartier.<\/p>\n<p>\u00ab Travailler sur les valeurs, la discipline, le respect de l\u2019environnement, la propret\u00e9 et les r\u00e9ponses proactives aux d\u00e9pendances est ce dont ces jeunes ont besoin, \u00bb a-t-elle d\u00e9clar\u00e9. \u00ab Beaucoup d\u2019entre eux n\u2019ont jamais eu l\u2019opportunit\u00e9 d\u2019acqu\u00e9rir ces comp\u00e9tences utiles pour la vie, mais maintenant ils ont une seconde chance. \u00bb<\/p>\n<div id=\"attachment_40806\" style=\"width: 768px\" class=\"wp-caption aligncenter\"><img decoding=\"async\" aria-describedby=\"caption-attachment-40806\" class=\" wp-image-40806\" src=\"https:\/\/recursing-golick.147-182-135-0.plesk.page\/wp-content\/uploads\/2018\/04\/conquisporundiapy-8.jpeg\" alt=\"\" width=\"758\" height=\"505\" srcset=\"https:\/\/interamerica.org\/wp-content\/uploads\/2018\/04\/conquisporundiapy-8.jpeg 1000w, https:\/\/interamerica.org\/wp-content\/uploads\/2018\/04\/conquisporundiapy-8-300x200.jpeg 300w, https:\/\/interamerica.org\/wp-content\/uploads\/2018\/04\/conquisporundiapy-8-768x511.jpeg 768w\" sizes=\"(max-width: 758px) 100vw, 758px\" \/><p id=\"caption-attachment-40806\" class=\"wp-caption-text\">Le directeur des Eclaireurs au Paraguay, Heberson Licar, enseigne \u00e0 un nouveau membre les rudiments des n\u0153uds et des br\u00ealages. Photo: Virgilio Noguera &amp; David Dapozzo, P\u00f4le Informations de la Division Sud Am\u00e9ricaine<\/p><\/div>\n<p>Depuis le d\u00e9but du mois d\u2019avril, plusieurs clubs des Eclaireurs se sont relay\u00e9s pour proposer des activit\u00e9s dans le quartier. Le dimanche 15 avril 2018, baptis\u00e9 \u00ab Eclaireur pour un Jour, \u00bb 130 membres des clubs de la r\u00e9gion du Centre d\u2019Asunci\u00f3n ont organis\u00e9 une foire dans le quartier. A cette occasion, ils ont pr\u00e9sent\u00e9 leur savoir faire dans plusieurs domaines de la formation des Eclaireurs. Le 15 avril a \u00e9galement marqu\u00e9 l\u2019inauguration officielle du Club des Eclaireurs de San Francisco, avec 50 jeunes membres locaux.<\/p>\n<p>HFHI pense que les Eclaireurs peuvent faire une contribution importante en cr\u00e9ant des espaces qui favorisent la r\u00e9silience et la coexistence pacifique. \u00ab C\u2019est quelque chose d\u2019essentiel pour les familles si elles doivent s\u2019adapter \u00e0 un nouvel environnement, \u00bb a d\u00e9clar\u00e9 Soledad Rojas. \u00ab Et c\u2019est fondamental pour l\u2019inclusion sociale des adolescents et de leurs familles. \u00bb<\/p>\n<p>Les responsables gouvernementaux soulignent \u00e9galement l\u2019importance de l\u2019inclusion sociale et des options pour la croissance personnelle et le d\u00e9veloppement. C\u2019est la raison pour laquelle ils pensent que les clubs des Eclaireurs Adventistes sont un choix naturel.<\/p>\n<p>\u00ab Nous avons recrut\u00e9 des clubs d\u2019Eclaireurs pour nous aider dans cette t\u00e2che, et nous sommes heureux de ce que l\u2019Eglise Adventiste du Septi\u00e8me Jour ait ouvert tout grand ses portes et soit dispos\u00e9e \u00e0 soutenir l\u2019initiative, \u00bb ont-ils dit. \u00ab Du fond du c\u0153ur, nous les remercions d\u2019avoir amen\u00e9 un Club d\u2019Eclaireurs dans ce quartier. \u00bb<\/p>\n<p>Traduction: Patrick Luciathe<\/p>\n","protected":false},"excerpt":{"rendered":"<p>26 Avril 2018 | Zevallos Cu\u00e9, Paraguay | Raquel Castillo, P\u00f4le Informations de la Division Sud Am\u00e9ricaine &amp; Marcos Paseggi, Adventist Review Pendant des ann\u00e9es, le gouvernement de la nation&#8230;<\/p>\n","protected":false},"author":3,"featured_media":40796,"comment_status":"open","ping_status":"closed","sticky":false,"template":"","format":"standard","meta":{"_acf_changed":false,"footnotes":""},"categories":[18,19],"tags":[],"class_list":["post-40843","post","type-post","status-publish","format-standard","has-post-thumbnail","hentry","category-nouvelles-de-leglise-mondiale","category-rss-francais"],"acf":[],"yoast_head":"<!-- This site is optimized with the Yoast SEO plugin v27.3 - https:\/\/yoast.com\/product\/yoast-seo-wordpress\/ -->\n<title>Le gouvernement du Paraguay enr\u00f4le les Eclaireurs Adventistes pour aider \u00e0 l\u2019int\u00e9gration sociale - \u00c9glise Adventiste Du Septieme Jour - Inter Am\u00e9rique Division<\/title>\n<meta name=\"robots\" content=\"index, follow, max-snippet:-1, max-image-preview:large, max-video-preview:-1\" \/>\n<link rel=\"canonical\" href=\"https:\/\/interamerica.org\/fr\/2018\/04\/le-gouvernement-du-paraguay-enrole-les-eclaireurs-adventistes-pour-aider-a-lintegration-sociale\/\" \/>\n<meta property=\"og:locale\" content=\"fr_FR\" \/>\n<meta property=\"og:type\" content=\"article\" \/>\n<meta property=\"og:title\" content=\"Le gouvernement du Paraguay enr\u00f4le les Eclaireurs Adventistes pour aider \u00e0 l\u2019int\u00e9gration sociale - \u00c9glise Adventiste Du Septieme Jour - Inter Am\u00e9rique Division\" \/>\n<meta property=\"og:description\" content=\"26 Avril 2018 | Zevallos Cu\u00e9, Paraguay | Raquel Castillo, P\u00f4le Informations de la Division Sud Am\u00e9ricaine &amp; Marcos Paseggi, Adventist Review Pendant des ann\u00e9es, le gouvernement de la nation...\" \/>\n<meta property=\"og:url\" content=\"https:\/\/interamerica.org\/fr\/2018\/04\/le-gouvernement-du-paraguay-enrole-les-eclaireurs-adventistes-pour-aider-a-lintegration-sociale\/\" \/>\n<meta property=\"og:site_name\" content=\"\u00c9glise Adventiste Du Septieme Jour - Inter Am\u00e9rique Division\" \/>\n<meta property=\"article:published_time\" content=\"2018-04-27T12:12:58+00:00\" \/>\n<meta property=\"article:modified_time\" content=\"2018-05-01T21:20:42+00:00\" \/>\n<meta property=\"og:image\" content=\"https:\/\/interamerica.org\/wp-content\/uploads\/2018\/04\/paraguay-government-enlists-adventist-pathfinders-for-social-integration.jpg\" \/>\n\t<meta property=\"og:image:width\" content=\"1000\" \/>\n\t<meta property=\"og:image:height\" content=\"500\" \/>\n\t<meta property=\"og:image:type\" content=\"image\/jpeg\" \/>\n<meta name=\"author\" content=\"libna\" \/>\n<meta name=\"twitter:card\" content=\"summary_large_image\" \/>\n<meta name=\"twitter:label1\" content=\"\u00c9crit par\" \/>\n\t<meta name=\"twitter:data1\" content=\"libna\" \/>\n\t<meta name=\"twitter:label2\" content=\"Dur\u00e9e de lecture estim\u00e9e\" \/>\n\t<meta name=\"twitter:data2\" content=\"4 minutes\" \/>\n<script type=\"application\/ld+json\" class=\"yoast-schema-graph\">{\"@context\":\"https:\\\/\\\/schema.org\",\"@graph\":[{\"@type\":\"Article\",\"@id\":\"https:\\\/\\\/interamerica.org\\\/fr\\\/2018\\\/04\\\/le-gouvernement-du-paraguay-enrole-les-eclaireurs-adventistes-pour-aider-a-lintegration-sociale\\\/#article\",\"isPartOf\":{\"@id\":\"https:\\\/\\\/interamerica.org\\\/fr\\\/2018\\\/04\\\/le-gouvernement-du-paraguay-enrole-les-eclaireurs-adventistes-pour-aider-a-lintegration-sociale\\\/\"},\"author\":{\"name\":\"libna\",\"@id\":\"https:\\\/\\\/interamerica.org\\\/fr\\\/#\\\/schema\\\/person\\\/29998f2bc2d8bd0d38662909289b54f1\"},\"headline\":\"Le gouvernement du Paraguay enr\u00f4le les Eclaireurs Adventistes pour aider \u00e0 l\u2019int\u00e9gration sociale\",\"datePublished\":\"2018-04-27T12:12:58+00:00\",\"dateModified\":\"2018-05-01T21:20:42+00:00\",\"mainEntityOfPage\":{\"@id\":\"https:\\\/\\\/interamerica.org\\\/fr\\\/2018\\\/04\\\/le-gouvernement-du-paraguay-enrole-les-eclaireurs-adventistes-pour-aider-a-lintegration-sociale\\\/\"},\"wordCount\":838,\"commentCount\":0,\"image\":{\"@id\":\"https:\\\/\\\/interamerica.org\\\/fr\\\/2018\\\/04\\\/le-gouvernement-du-paraguay-enrole-les-eclaireurs-adventistes-pour-aider-a-lintegration-sociale\\\/#primaryimage\"},\"thumbnailUrl\":\"https:\\\/\\\/interamerica.org\\\/wp-content\\\/uploads\\\/2018\\\/04\\\/paraguay-government-enlists-adventist-pathfinders-for-social-integration.jpg\",\"articleSection\":[\"Nouvelles de l'\u00c9glise mondiale\",\"RSS Fran\u00e7ais\"],\"inLanguage\":\"fr-FR\",\"potentialAction\":[{\"@type\":\"CommentAction\",\"name\":\"Comment\",\"target\":[\"https:\\\/\\\/interamerica.org\\\/fr\\\/2018\\\/04\\\/le-gouvernement-du-paraguay-enrole-les-eclaireurs-adventistes-pour-aider-a-lintegration-sociale\\\/#respond\"]}]},{\"@type\":\"WebPage\",\"@id\":\"https:\\\/\\\/interamerica.org\\\/fr\\\/2018\\\/04\\\/le-gouvernement-du-paraguay-enrole-les-eclaireurs-adventistes-pour-aider-a-lintegration-sociale\\\/\",\"url\":\"https:\\\/\\\/interamerica.org\\\/fr\\\/2018\\\/04\\\/le-gouvernement-du-paraguay-enrole-les-eclaireurs-adventistes-pour-aider-a-lintegration-sociale\\\/\",\"name\":\"Le gouvernement du Paraguay enr\u00f4le les Eclaireurs Adventistes pour aider \u00e0 l\u2019int\u00e9gration sociale - \u00c9glise Adventiste Du Septieme Jour - Inter Am\u00e9rique Division\",\"isPartOf\":{\"@id\":\"https:\\\/\\\/interamerica.org\\\/fr\\\/#website\"},\"primaryImageOfPage\":{\"@id\":\"https:\\\/\\\/interamerica.org\\\/fr\\\/2018\\\/04\\\/le-gouvernement-du-paraguay-enrole-les-eclaireurs-adventistes-pour-aider-a-lintegration-sociale\\\/#primaryimage\"},\"image\":{\"@id\":\"https:\\\/\\\/interamerica.org\\\/fr\\\/2018\\\/04\\\/le-gouvernement-du-paraguay-enrole-les-eclaireurs-adventistes-pour-aider-a-lintegration-sociale\\\/#primaryimage\"},\"thumbnailUrl\":\"https:\\\/\\\/interamerica.org\\\/wp-content\\\/uploads\\\/2018\\\/04\\\/paraguay-government-enlists-adventist-pathfinders-for-social-integration.jpg\",\"datePublished\":\"2018-04-27T12:12:58+00:00\",\"dateModified\":\"2018-05-01T21:20:42+00:00\",\"author\":{\"@id\":\"https:\\\/\\\/interamerica.org\\\/fr\\\/#\\\/schema\\\/person\\\/29998f2bc2d8bd0d38662909289b54f1\"},\"breadcrumb\":{\"@id\":\"https:\\\/\\\/interamerica.org\\\/fr\\\/2018\\\/04\\\/le-gouvernement-du-paraguay-enrole-les-eclaireurs-adventistes-pour-aider-a-lintegration-sociale\\\/#breadcrumb\"},\"inLanguage\":\"fr-FR\",\"potentialAction\":[{\"@type\":\"ReadAction\",\"target\":[\"https:\\\/\\\/interamerica.org\\\/fr\\\/2018\\\/04\\\/le-gouvernement-du-paraguay-enrole-les-eclaireurs-adventistes-pour-aider-a-lintegration-sociale\\\/\"]}]},{\"@type\":\"ImageObject\",\"inLanguage\":\"fr-FR\",\"@id\":\"https:\\\/\\\/interamerica.org\\\/fr\\\/2018\\\/04\\\/le-gouvernement-du-paraguay-enrole-les-eclaireurs-adventistes-pour-aider-a-lintegration-sociale\\\/#primaryimage\",\"url\":\"https:\\\/\\\/interamerica.org\\\/wp-content\\\/uploads\\\/2018\\\/04\\\/paraguay-government-enlists-adventist-pathfinders-for-social-integration.jpg\",\"contentUrl\":\"https:\\\/\\\/interamerica.org\\\/wp-content\\\/uploads\\\/2018\\\/04\\\/paraguay-government-enlists-adventist-pathfinders-for-social-integration.jpg\",\"width\":1000,\"height\":500,\"caption\":\"A member of one of Asunci\u00f3n's Pathfinders clubs enrolls a new young member. The San Francisco Pathfinder Club opened on April 15, 2018, with 50 members. Photo by Virgilio Noguera & David Dapozzo, South American Division News\"},{\"@type\":\"BreadcrumbList\",\"@id\":\"https:\\\/\\\/interamerica.org\\\/fr\\\/2018\\\/04\\\/le-gouvernement-du-paraguay-enrole-les-eclaireurs-adventistes-pour-aider-a-lintegration-sociale\\\/#breadcrumb\",\"itemListElement\":[{\"@type\":\"ListItem\",\"position\":1,\"name\":\"Home\",\"item\":\"https:\\\/\\\/interamerica.org\\\/fr\\\/\"},{\"@type\":\"ListItem\",\"position\":2,\"name\":\"Le gouvernement du Paraguay enr\u00f4le les Eclaireurs Adventistes pour aider \u00e0 l\u2019int\u00e9gration sociale\"}]},{\"@type\":\"WebSite\",\"@id\":\"https:\\\/\\\/interamerica.org\\\/fr\\\/#website\",\"url\":\"https:\\\/\\\/interamerica.org\\\/fr\\\/\",\"name\":\"\u00c9glise Adventiste Du Septieme Jour - Inter Am\u00e9rique Division\",\"description\":\"\",\"potentialAction\":[{\"@type\":\"SearchAction\",\"target\":{\"@type\":\"EntryPoint\",\"urlTemplate\":\"https:\\\/\\\/interamerica.org\\\/fr\\\/?s={search_term_string}\"},\"query-input\":{\"@type\":\"PropertyValueSpecification\",\"valueRequired\":true,\"valueName\":\"search_term_string\"}}],\"inLanguage\":\"fr-FR\"},{\"@type\":\"Person\",\"@id\":\"https:\\\/\\\/interamerica.org\\\/fr\\\/#\\\/schema\\\/person\\\/29998f2bc2d8bd0d38662909289b54f1\",\"name\":\"libna\",\"image\":{\"@type\":\"ImageObject\",\"inLanguage\":\"fr-FR\",\"@id\":\"https:\\\/\\\/secure.gravatar.com\\\/avatar\\\/7c5bd30ae4b47a9ba3c856590957fd1d96dc588bf3ac05719d247e126840331f?s=96&d=mm&r=g\",\"url\":\"https:\\\/\\\/secure.gravatar.com\\\/avatar\\\/7c5bd30ae4b47a9ba3c856590957fd1d96dc588bf3ac05719d247e126840331f?s=96&d=mm&r=g\",\"contentUrl\":\"https:\\\/\\\/secure.gravatar.com\\\/avatar\\\/7c5bd30ae4b47a9ba3c856590957fd1d96dc588bf3ac05719d247e126840331f?s=96&d=mm&r=g\",\"caption\":\"libna\"}}]}<\/script>\n<!-- \/ Yoast SEO plugin. -->","yoast_head_json":{"title":"Le gouvernement du Paraguay enr\u00f4le les Eclaireurs Adventistes pour aider \u00e0 l\u2019int\u00e9gration sociale - \u00c9glise Adventiste Du Septieme Jour - Inter Am\u00e9rique Division","robots":{"index":"index","follow":"follow","max-snippet":"max-snippet:-1","max-image-preview":"max-image-preview:large","max-video-preview":"max-video-preview:-1"},"canonical":"https:\/\/interamerica.org\/fr\/2018\/04\/le-gouvernement-du-paraguay-enrole-les-eclaireurs-adventistes-pour-aider-a-lintegration-sociale\/","og_locale":"fr_FR","og_type":"article","og_title":"Le gouvernement du Paraguay enr\u00f4le les Eclaireurs Adventistes pour aider \u00e0 l\u2019int\u00e9gration sociale - \u00c9glise Adventiste Du Septieme Jour - Inter Am\u00e9rique Division","og_description":"26 Avril 2018 | Zevallos Cu\u00e9, Paraguay | Raquel Castillo, P\u00f4le Informations de la Division Sud Am\u00e9ricaine &amp; Marcos Paseggi, Adventist Review Pendant des ann\u00e9es, le gouvernement de la nation...","og_url":"https:\/\/interamerica.org\/fr\/2018\/04\/le-gouvernement-du-paraguay-enrole-les-eclaireurs-adventistes-pour-aider-a-lintegration-sociale\/","og_site_name":"\u00c9glise Adventiste Du Septieme Jour - Inter Am\u00e9rique Division","article_published_time":"2018-04-27T12:12:58+00:00","article_modified_time":"2018-05-01T21:20:42+00:00","og_image":[{"width":1000,"height":500,"url":"https:\/\/interamerica.org\/wp-content\/uploads\/2018\/04\/paraguay-government-enlists-adventist-pathfinders-for-social-integration.jpg","type":"image\/jpeg"}],"author":"libna","twitter_card":"summary_large_image","twitter_misc":{"\u00c9crit par":"libna","Dur\u00e9e de lecture estim\u00e9e":"4 minutes"},"schema":{"@context":"https:\/\/schema.org","@graph":[{"@type":"Article","@id":"https:\/\/interamerica.org\/fr\/2018\/04\/le-gouvernement-du-paraguay-enrole-les-eclaireurs-adventistes-pour-aider-a-lintegration-sociale\/#article","isPartOf":{"@id":"https:\/\/interamerica.org\/fr\/2018\/04\/le-gouvernement-du-paraguay-enrole-les-eclaireurs-adventistes-pour-aider-a-lintegration-sociale\/"},"author":{"name":"libna","@id":"https:\/\/interamerica.org\/fr\/#\/schema\/person\/29998f2bc2d8bd0d38662909289b54f1"},"headline":"Le gouvernement du Paraguay enr\u00f4le les Eclaireurs Adventistes pour aider \u00e0 l\u2019int\u00e9gration sociale","datePublished":"2018-04-27T12:12:58+00:00","dateModified":"2018-05-01T21:20:42+00:00","mainEntityOfPage":{"@id":"https:\/\/interamerica.org\/fr\/2018\/04\/le-gouvernement-du-paraguay-enrole-les-eclaireurs-adventistes-pour-aider-a-lintegration-sociale\/"},"wordCount":838,"commentCount":0,"image":{"@id":"https:\/\/interamerica.org\/fr\/2018\/04\/le-gouvernement-du-paraguay-enrole-les-eclaireurs-adventistes-pour-aider-a-lintegration-sociale\/#primaryimage"},"thumbnailUrl":"https:\/\/interamerica.org\/wp-content\/uploads\/2018\/04\/paraguay-government-enlists-adventist-pathfinders-for-social-integration.jpg","articleSection":["Nouvelles de l'\u00c9glise mondiale","RSS Fran\u00e7ais"],"inLanguage":"fr-FR","potentialAction":[{"@type":"CommentAction","name":"Comment","target":["https:\/\/interamerica.org\/fr\/2018\/04\/le-gouvernement-du-paraguay-enrole-les-eclaireurs-adventistes-pour-aider-a-lintegration-sociale\/#respond"]}]},{"@type":"WebPage","@id":"https:\/\/interamerica.org\/fr\/2018\/04\/le-gouvernement-du-paraguay-enrole-les-eclaireurs-adventistes-pour-aider-a-lintegration-sociale\/","url":"https:\/\/interamerica.org\/fr\/2018\/04\/le-gouvernement-du-paraguay-enrole-les-eclaireurs-adventistes-pour-aider-a-lintegration-sociale\/","name":"Le gouvernement du Paraguay enr\u00f4le les Eclaireurs Adventistes pour aider \u00e0 l\u2019int\u00e9gration sociale - \u00c9glise Adventiste Du Septieme Jour - Inter Am\u00e9rique Division","isPartOf":{"@id":"https:\/\/interamerica.org\/fr\/#website"},"primaryImageOfPage":{"@id":"https:\/\/interamerica.org\/fr\/2018\/04\/le-gouvernement-du-paraguay-enrole-les-eclaireurs-adventistes-pour-aider-a-lintegration-sociale\/#primaryimage"},"image":{"@id":"https:\/\/interamerica.org\/fr\/2018\/04\/le-gouvernement-du-paraguay-enrole-les-eclaireurs-adventistes-pour-aider-a-lintegration-sociale\/#primaryimage"},"thumbnailUrl":"https:\/\/interamerica.org\/wp-content\/uploads\/2018\/04\/paraguay-government-enlists-adventist-pathfinders-for-social-integration.jpg","datePublished":"2018-04-27T12:12:58+00:00","dateModified":"2018-05-01T21:20:42+00:00","author":{"@id":"https:\/\/interamerica.org\/fr\/#\/schema\/person\/29998f2bc2d8bd0d38662909289b54f1"},"breadcrumb":{"@id":"https:\/\/interamerica.org\/fr\/2018\/04\/le-gouvernement-du-paraguay-enrole-les-eclaireurs-adventistes-pour-aider-a-lintegration-sociale\/#breadcrumb"},"inLanguage":"fr-FR","potentialAction":[{"@type":"ReadAction","target":["https:\/\/interamerica.org\/fr\/2018\/04\/le-gouvernement-du-paraguay-enrole-les-eclaireurs-adventistes-pour-aider-a-lintegration-sociale\/"]}]},{"@type":"ImageObject","inLanguage":"fr-FR","@id":"https:\/\/interamerica.org\/fr\/2018\/04\/le-gouvernement-du-paraguay-enrole-les-eclaireurs-adventistes-pour-aider-a-lintegration-sociale\/#primaryimage","url":"https:\/\/interamerica.org\/wp-content\/uploads\/2018\/04\/paraguay-government-enlists-adventist-pathfinders-for-social-integration.jpg","contentUrl":"https:\/\/interamerica.org\/wp-content\/uploads\/2018\/04\/paraguay-government-enlists-adventist-pathfinders-for-social-integration.jpg","width":1000,"height":500,"caption":"A member of one of Asunci\u00f3n's Pathfinders clubs enrolls a new young member. The San Francisco Pathfinder Club opened on April 15, 2018, with 50 members. Photo by Virgilio Noguera & David Dapozzo, South American Division News"},{"@type":"BreadcrumbList","@id":"https:\/\/interamerica.org\/fr\/2018\/04\/le-gouvernement-du-paraguay-enrole-les-eclaireurs-adventistes-pour-aider-a-lintegration-sociale\/#breadcrumb","itemListElement":[{"@type":"ListItem","position":1,"name":"Home","item":"https:\/\/interamerica.org\/fr\/"},{"@type":"ListItem","position":2,"name":"Le gouvernement du Paraguay enr\u00f4le les Eclaireurs Adventistes pour aider \u00e0 l\u2019int\u00e9gration sociale"}]},{"@type":"WebSite","@id":"https:\/\/interamerica.org\/fr\/#website","url":"https:\/\/interamerica.org\/fr\/","name":"\u00c9glise Adventiste Du Septieme Jour - Inter Am\u00e9rique Division","description":"","potentialAction":[{"@type":"SearchAction","target":{"@type":"EntryPoint","urlTemplate":"https:\/\/interamerica.org\/fr\/?s={search_term_string}"},"query-input":{"@type":"PropertyValueSpecification","valueRequired":true,"valueName":"search_term_string"}}],"inLanguage":"fr-FR"},{"@type":"Person","@id":"https:\/\/interamerica.org\/fr\/#\/schema\/person\/29998f2bc2d8bd0d38662909289b54f1","name":"libna","image":{"@type":"ImageObject","inLanguage":"fr-FR","@id":"https:\/\/secure.gravatar.com\/avatar\/7c5bd30ae4b47a9ba3c856590957fd1d96dc588bf3ac05719d247e126840331f?s=96&d=mm&r=g","url":"https:\/\/secure.gravatar.com\/avatar\/7c5bd30ae4b47a9ba3c856590957fd1d96dc588bf3ac05719d247e126840331f?s=96&d=mm&r=g","contentUrl":"https:\/\/secure.gravatar.com\/avatar\/7c5bd30ae4b47a9ba3c856590957fd1d96dc588bf3ac05719d247e126840331f?s=96&d=mm&r=g","caption":"libna"}}]}},"_links":{"self":[{"href":"https:\/\/interamerica.org\/fr\/wp-json\/wp\/v2\/posts\/40843","targetHints":{"allow":["GET"]}}],"collection":[{"href":"https:\/\/interamerica.org\/fr\/wp-json\/wp\/v2\/posts"}],"about":[{"href":"https:\/\/interamerica.org\/fr\/wp-json\/wp\/v2\/types\/post"}],"author":[{"embeddable":true,"href":"https:\/\/interamerica.org\/fr\/wp-json\/wp\/v2\/users\/3"}],"replies":[{"embeddable":true,"href":"https:\/\/interamerica.org\/fr\/wp-json\/wp\/v2\/comments?post=40843"}],"version-history":[{"count":0,"href":"https:\/\/interamerica.org\/fr\/wp-json\/wp\/v2\/posts\/40843\/revisions"}],"wp:featuredmedia":[{"embeddable":true,"href":"https:\/\/interamerica.org\/fr\/wp-json\/wp\/v2\/media\/40796"}],"wp:attachment":[{"href":"https:\/\/interamerica.org\/fr\/wp-json\/wp\/v2\/media?parent=40843"}],"wp:term":[{"taxonomy":"category","embeddable":true,"href":"https:\/\/interamerica.org\/fr\/wp-json\/wp\/v2\/categories?post=40843"},{"taxonomy":"post_tag","embeddable":true,"href":"https:\/\/interamerica.org\/fr\/wp-json\/wp\/v2\/tags?post=40843"}],"curies":[{"name":"wp","href":"https:\/\/api.w.org\/{rel}","templated":true}]}}