{"id":41151,"date":"2018-05-01T11:45:18","date_gmt":"2018-05-01T15:45:18","guid":{"rendered":"https:\/\/recursing-golick.147-182-135-0.plesk.page\/?p=41151"},"modified":"2018-05-01T20:55:04","modified_gmt":"2018-05-02T00:55:04","slug":"adra-pleure-la-disparition-dun-membre-de-son-personnel-tue-au-soudan-du-sud","status":"publish","type":"post","link":"https:\/\/interamerica.org\/fr\/2018\/05\/adra-pleure-la-disparition-dun-membre-de-son-personnel-tue-au-soudan-du-sud\/","title":{"rendered":"ADRA pleure la disparition d\u2019un membre de son personnel tu\u00e9 au Soudan du Sud"},"content":{"rendered":"<div id=\"attachment_41092\" style=\"width: 772px\" class=\"wp-caption aligncenter\"><img fetchpriority=\"high\" decoding=\"async\" aria-describedby=\"caption-attachment-41092\" class=\"wp-image-41092\" src=\"https:\/\/recursing-golick.147-182-135-0.plesk.page\/wp-content\/uploads\/2018\/05\/od-map.gif\" alt=\"\" width=\"762\" height=\"817\" \/><p id=\"caption-attachment-41092\" class=\"wp-caption-text\">Image de cia.gov<\/p><\/div>\n<p><span class=\"byline-news\">30 avril 2018 | Silver Spring, Maryland, \u00c9tats-Unis | ADRA International<\/span><\/p>\n<p><span class=\"cap\">L&rsquo;<\/span>Agence Adventiste de D\u00e9veloppement et de Secours (ADRA) pleure la mort de l\u2019un de ses employ\u00e9s, tu\u00e9 mardi 24 avril dans le comt\u00e9 de Tali, au Soudan du Sud. Agoyo Robert travaillait pour le projet de Fond Commun de la Sant\u00e9 (HPF) d\u2019ADRA Soudan du Sud, une initiative visant \u00e0 \u00e9tendre les services de sant\u00e9 \u00e0 des milliers de personnes dans le pays.<\/p>\n<p>M. Agoyo Robert, qui n\u2019\u00e9tait pas en service au moment de l\u2019incident, a \u00e9t\u00e9 tu\u00e9 par des inconnus qui ont tir\u00e9 des coups de feu sur le v\u00e9hicule dans lequel il se trouvait. Agoyo Robert revenait de Juba, la capitale, apr\u00e8s avoir rendu visite \u00e0 sa femme hospitalis\u00e9e suite aux complications de sa grossesse. D\u2019autres personnes qui voyageaient avec lui ont \u00e9t\u00e9 bless\u00e9es par les coups de feu.<\/p>\n<p>\u00ab Notre famille d\u2019ADRA \u00e0 travers le monde est profond\u00e9ment attrist\u00e9e par le meurtre insens\u00e9 de notre coll\u00e8gue. A l\u2019occasion de cette terrible trag\u00e9die, nous \u00e9levons dans la pri\u00e8re sa famille, en particulier sa femme, et exprimons nos sinc\u00e8res condol\u00e9ances, \u00bb a d\u00e9clar\u00e9 Jonathan Duffy, pr\u00e9sident d\u2019ADRA International. \u00ab Chaque jour, notre coll\u00e8gue a travaill\u00e9 sans rel\u00e2che dans un humble service afin de rendre la vie meilleure pour de nombreuses autres personnes. Nous n\u2019oublierons jamais son engagement et son service aupr\u00e8s de la population du Soudan du Sud. \u00bb<\/p>\n<p>ADRA condamne cette attaque dans les termes les plus fermes. Tout le monde \u00e0 ADRA est choqu\u00e9 et constern\u00e9 par la violence de cette attaque contre son personnel et ceux qui ont \u00e9t\u00e9 bless\u00e9s. ADRA prend toutes les pr\u00e9cautions possibles pour s\u2019assurer que le personnel sur le terrain reste en s\u00e9curit\u00e9.<\/p>\n<p>\u00ab Cette trag\u00e9die souligne le courage et l\u2019engagement extraordinaires de notre personnel qui fait face \u00e0 des d\u00e9fis constants dans certains des endroits les plus difficiles dans le monde alors qu\u2019ils travaillent de mani\u00e8re d\u00e9sint\u00e9ress\u00e9e pour donner de l\u2019espoir et de meilleures opportunit\u00e9s \u00e0 de nombreuses familles, \u00bb a ajout\u00e9 Jonathan Duffy.<\/p>\n<p>Dans un autre incident cette semaine, dix travailleurs humanitaires qui voyageaient au Soudan du Sud ont \u00e9t\u00e9 enlev\u00e9s le 26 avril par un groupe arm\u00e9, selon ce qu\u2019indiquent les Nations Unies. Depuis 2013, au moins 98 travailleurs humanitaires ont \u00e9t\u00e9 tu\u00e9s au Soudan du Sud, la majorit\u00e9 d\u2019entre eux \u00e9tant sud-soudanais.<\/p>\n<p>Pour les travailleurs m\u00e9dicaux qui interviennent dans le contexte de la guerre au Soudan du Sud, le travail est extr\u00eamement difficile et dangereux. En raison du conflit en cours, des organisations comme ADRA sont souvent celles qui se retrouvent \u00e0 fournir des soins de sant\u00e9 &#8211; m\u00eame des soins de sant\u00e9 primaires &#8211; \u00e0 de nombreuses r\u00e9gions du pays. En raison d\u2019une r\u00e9cente flamb\u00e9e de violence dans la zone o\u00f9 le projet de Fonds Commun de Sant\u00e9 est mis en \u0153uvre, ADRA a d\u00fb suspendre les services de sant\u00e9 jusqu\u2019\u00e0 nouvel ordre.<\/p>\n<p>Le projet Fond Commun de Sant\u00e9, financ\u00e9 par ADRA-Royaume Uni, \u00e9tend les services de sant\u00e9 \u00e0 209902 membres des communaut\u00e9s du comt\u00e9 de Terekeka. Avec ce projet, ADRA renforce \u00e9galement les op\u00e9rations de 40 centres de sant\u00e9 dans le comt\u00e9, am\u00e9liorant l\u2019acc\u00e8s aux services de sant\u00e9, en particulier pour les femmes, les enfants et les personnes vuln\u00e9rables.<\/p>\n<p>Traduction: Patrick Luciathe<\/p>\n","protected":false},"excerpt":{"rendered":"<p>30 avril 2018 | Silver Spring, Maryland, \u00c9tats-Unis | ADRA International L&rsquo;Agence Adventiste de D\u00e9veloppement et de Secours (ADRA) pleure la mort de l\u2019un de ses employ\u00e9s, tu\u00e9 mardi 24&#8230;<\/p>\n","protected":false},"author":3,"featured_media":41093,"comment_status":"open","ping_status":"closed","sticky":false,"template":"","format":"standard","meta":{"_acf_changed":false,"footnotes":""},"categories":[18,19],"tags":[],"class_list":["post-41151","post","type-post","status-publish","format-standard","has-post-thumbnail","hentry","category-nouvelles-de-leglise-mondiale","category-rss-francais"],"acf":[],"yoast_head":"<!-- This site is optimized with the Yoast SEO plugin v27.3 - https:\/\/yoast.com\/product\/yoast-seo-wordpress\/ -->\n<title>ADRA pleure la disparition d\u2019un membre de son personnel tu\u00e9 au Soudan du Sud - \u00c9glise Adventiste Du Septieme Jour - Inter Am\u00e9rique Division<\/title>\n<meta name=\"robots\" content=\"index, follow, max-snippet:-1, max-image-preview:large, max-video-preview:-1\" \/>\n<link rel=\"canonical\" href=\"https:\/\/interamerica.org\/fr\/2018\/05\/adra-pleure-la-disparition-dun-membre-de-son-personnel-tue-au-soudan-du-sud\/\" \/>\n<meta property=\"og:locale\" content=\"fr_FR\" \/>\n<meta property=\"og:type\" content=\"article\" \/>\n<meta property=\"og:title\" content=\"ADRA pleure la disparition d\u2019un membre de son personnel tu\u00e9 au Soudan du Sud - \u00c9glise Adventiste Du Septieme Jour - Inter Am\u00e9rique Division\" \/>\n<meta property=\"og:description\" content=\"30 avril 2018 | Silver Spring, Maryland, \u00c9tats-Unis | ADRA International L&rsquo;Agence Adventiste de D\u00e9veloppement et de Secours (ADRA) pleure la mort de l\u2019un de ses employ\u00e9s, tu\u00e9 mardi 24...\" \/>\n<meta property=\"og:url\" content=\"https:\/\/interamerica.org\/fr\/2018\/05\/adra-pleure-la-disparition-dun-membre-de-son-personnel-tue-au-soudan-du-sud\/\" \/>\n<meta property=\"og:site_name\" content=\"\u00c9glise Adventiste Du Septieme Jour - Inter Am\u00e9rique Division\" \/>\n<meta property=\"article:published_time\" content=\"2018-05-01T15:45:18+00:00\" \/>\n<meta property=\"article:modified_time\" content=\"2018-05-02T00:55:04+00:00\" \/>\n<meta property=\"og:image\" content=\"https:\/\/interamerica.org\/wp-content\/uploads\/2018\/05\/od-map.gif\" \/>\n\t<meta property=\"og:image:width\" content=\"331\" \/>\n\t<meta property=\"og:image:height\" content=\"355\" \/>\n\t<meta property=\"og:image:type\" content=\"image\/gif\" \/>\n<meta name=\"author\" content=\"libna\" \/>\n<meta name=\"twitter:card\" content=\"summary_large_image\" \/>\n<meta name=\"twitter:label1\" content=\"\u00c9crit par\" \/>\n\t<meta name=\"twitter:data1\" content=\"libna\" \/>\n\t<meta name=\"twitter:label2\" content=\"Dur\u00e9e de lecture estim\u00e9e\" \/>\n\t<meta name=\"twitter:data2\" content=\"3 minutes\" \/>\n<script type=\"application\/ld+json\" class=\"yoast-schema-graph\">{\"@context\":\"https:\\\/\\\/schema.org\",\"@graph\":[{\"@type\":\"Article\",\"@id\":\"https:\\\/\\\/interamerica.org\\\/fr\\\/2018\\\/05\\\/adra-pleure-la-disparition-dun-membre-de-son-personnel-tue-au-soudan-du-sud\\\/#article\",\"isPartOf\":{\"@id\":\"https:\\\/\\\/interamerica.org\\\/fr\\\/2018\\\/05\\\/adra-pleure-la-disparition-dun-membre-de-son-personnel-tue-au-soudan-du-sud\\\/\"},\"author\":{\"name\":\"libna\",\"@id\":\"https:\\\/\\\/interamerica.org\\\/fr\\\/#\\\/schema\\\/person\\\/29998f2bc2d8bd0d38662909289b54f1\"},\"headline\":\"ADRA pleure la disparition d\u2019un membre de son personnel tu\u00e9 au Soudan du Sud\",\"datePublished\":\"2018-05-01T15:45:18+00:00\",\"dateModified\":\"2018-05-02T00:55:04+00:00\",\"mainEntityOfPage\":{\"@id\":\"https:\\\/\\\/interamerica.org\\\/fr\\\/2018\\\/05\\\/adra-pleure-la-disparition-dun-membre-de-son-personnel-tue-au-soudan-du-sud\\\/\"},\"wordCount\":596,\"commentCount\":0,\"image\":{\"@id\":\"https:\\\/\\\/interamerica.org\\\/fr\\\/2018\\\/05\\\/adra-pleure-la-disparition-dun-membre-de-son-personnel-tue-au-soudan-du-sud\\\/#primaryimage\"},\"thumbnailUrl\":\"https:\\\/\\\/interamerica.org\\\/wp-content\\\/uploads\\\/2018\\\/05\\\/od-map.gif\",\"articleSection\":[\"Nouvelles de l'\u00c9glise mondiale\",\"RSS Fran\u00e7ais\"],\"inLanguage\":\"fr-FR\",\"potentialAction\":[{\"@type\":\"CommentAction\",\"name\":\"Comment\",\"target\":[\"https:\\\/\\\/interamerica.org\\\/fr\\\/2018\\\/05\\\/adra-pleure-la-disparition-dun-membre-de-son-personnel-tue-au-soudan-du-sud\\\/#respond\"]}]},{\"@type\":\"WebPage\",\"@id\":\"https:\\\/\\\/interamerica.org\\\/fr\\\/2018\\\/05\\\/adra-pleure-la-disparition-dun-membre-de-son-personnel-tue-au-soudan-du-sud\\\/\",\"url\":\"https:\\\/\\\/interamerica.org\\\/fr\\\/2018\\\/05\\\/adra-pleure-la-disparition-dun-membre-de-son-personnel-tue-au-soudan-du-sud\\\/\",\"name\":\"ADRA pleure la disparition d\u2019un membre de son personnel tu\u00e9 au Soudan du Sud - \u00c9glise Adventiste Du Septieme Jour - Inter Am\u00e9rique Division\",\"isPartOf\":{\"@id\":\"https:\\\/\\\/interamerica.org\\\/fr\\\/#website\"},\"primaryImageOfPage\":{\"@id\":\"https:\\\/\\\/interamerica.org\\\/fr\\\/2018\\\/05\\\/adra-pleure-la-disparition-dun-membre-de-son-personnel-tue-au-soudan-du-sud\\\/#primaryimage\"},\"image\":{\"@id\":\"https:\\\/\\\/interamerica.org\\\/fr\\\/2018\\\/05\\\/adra-pleure-la-disparition-dun-membre-de-son-personnel-tue-au-soudan-du-sud\\\/#primaryimage\"},\"thumbnailUrl\":\"https:\\\/\\\/interamerica.org\\\/wp-content\\\/uploads\\\/2018\\\/05\\\/od-map.gif\",\"datePublished\":\"2018-05-01T15:45:18+00:00\",\"dateModified\":\"2018-05-02T00:55:04+00:00\",\"author\":{\"@id\":\"https:\\\/\\\/interamerica.org\\\/fr\\\/#\\\/schema\\\/person\\\/29998f2bc2d8bd0d38662909289b54f1\"},\"breadcrumb\":{\"@id\":\"https:\\\/\\\/interamerica.org\\\/fr\\\/2018\\\/05\\\/adra-pleure-la-disparition-dun-membre-de-son-personnel-tue-au-soudan-du-sud\\\/#breadcrumb\"},\"inLanguage\":\"fr-FR\",\"potentialAction\":[{\"@type\":\"ReadAction\",\"target\":[\"https:\\\/\\\/interamerica.org\\\/fr\\\/2018\\\/05\\\/adra-pleure-la-disparition-dun-membre-de-son-personnel-tue-au-soudan-du-sud\\\/\"]}]},{\"@type\":\"ImageObject\",\"inLanguage\":\"fr-FR\",\"@id\":\"https:\\\/\\\/interamerica.org\\\/fr\\\/2018\\\/05\\\/adra-pleure-la-disparition-dun-membre-de-son-personnel-tue-au-soudan-du-sud\\\/#primaryimage\",\"url\":\"https:\\\/\\\/interamerica.org\\\/wp-content\\\/uploads\\\/2018\\\/05\\\/od-map.gif\",\"contentUrl\":\"https:\\\/\\\/interamerica.org\\\/wp-content\\\/uploads\\\/2018\\\/05\\\/od-map.gif\",\"width\":331,\"height\":355},{\"@type\":\"BreadcrumbList\",\"@id\":\"https:\\\/\\\/interamerica.org\\\/fr\\\/2018\\\/05\\\/adra-pleure-la-disparition-dun-membre-de-son-personnel-tue-au-soudan-du-sud\\\/#breadcrumb\",\"itemListElement\":[{\"@type\":\"ListItem\",\"position\":1,\"name\":\"Home\",\"item\":\"https:\\\/\\\/interamerica.org\\\/fr\\\/\"},{\"@type\":\"ListItem\",\"position\":2,\"name\":\"ADRA pleure la disparition d\u2019un membre de son personnel tu\u00e9 au Soudan du Sud\"}]},{\"@type\":\"WebSite\",\"@id\":\"https:\\\/\\\/interamerica.org\\\/fr\\\/#website\",\"url\":\"https:\\\/\\\/interamerica.org\\\/fr\\\/\",\"name\":\"\u00c9glise Adventiste Du Septieme Jour - Inter Am\u00e9rique Division\",\"description\":\"\",\"potentialAction\":[{\"@type\":\"SearchAction\",\"target\":{\"@type\":\"EntryPoint\",\"urlTemplate\":\"https:\\\/\\\/interamerica.org\\\/fr\\\/?s={search_term_string}\"},\"query-input\":{\"@type\":\"PropertyValueSpecification\",\"valueRequired\":true,\"valueName\":\"search_term_string\"}}],\"inLanguage\":\"fr-FR\"},{\"@type\":\"Person\",\"@id\":\"https:\\\/\\\/interamerica.org\\\/fr\\\/#\\\/schema\\\/person\\\/29998f2bc2d8bd0d38662909289b54f1\",\"name\":\"libna\",\"image\":{\"@type\":\"ImageObject\",\"inLanguage\":\"fr-FR\",\"@id\":\"https:\\\/\\\/secure.gravatar.com\\\/avatar\\\/7c5bd30ae4b47a9ba3c856590957fd1d96dc588bf3ac05719d247e126840331f?s=96&d=mm&r=g\",\"url\":\"https:\\\/\\\/secure.gravatar.com\\\/avatar\\\/7c5bd30ae4b47a9ba3c856590957fd1d96dc588bf3ac05719d247e126840331f?s=96&d=mm&r=g\",\"contentUrl\":\"https:\\\/\\\/secure.gravatar.com\\\/avatar\\\/7c5bd30ae4b47a9ba3c856590957fd1d96dc588bf3ac05719d247e126840331f?s=96&d=mm&r=g\",\"caption\":\"libna\"}}]}<\/script>\n<!-- \/ Yoast SEO plugin. -->","yoast_head_json":{"title":"ADRA pleure la disparition d\u2019un membre de son personnel tu\u00e9 au Soudan du Sud - \u00c9glise Adventiste Du Septieme Jour - Inter Am\u00e9rique Division","robots":{"index":"index","follow":"follow","max-snippet":"max-snippet:-1","max-image-preview":"max-image-preview:large","max-video-preview":"max-video-preview:-1"},"canonical":"https:\/\/interamerica.org\/fr\/2018\/05\/adra-pleure-la-disparition-dun-membre-de-son-personnel-tue-au-soudan-du-sud\/","og_locale":"fr_FR","og_type":"article","og_title":"ADRA pleure la disparition d\u2019un membre de son personnel tu\u00e9 au Soudan du Sud - \u00c9glise Adventiste Du Septieme Jour - Inter Am\u00e9rique Division","og_description":"30 avril 2018 | Silver Spring, Maryland, \u00c9tats-Unis | ADRA International L&rsquo;Agence Adventiste de D\u00e9veloppement et de Secours (ADRA) pleure la mort de l\u2019un de ses employ\u00e9s, tu\u00e9 mardi 24...","og_url":"https:\/\/interamerica.org\/fr\/2018\/05\/adra-pleure-la-disparition-dun-membre-de-son-personnel-tue-au-soudan-du-sud\/","og_site_name":"\u00c9glise Adventiste Du Septieme Jour - Inter Am\u00e9rique Division","article_published_time":"2018-05-01T15:45:18+00:00","article_modified_time":"2018-05-02T00:55:04+00:00","og_image":[{"width":331,"height":355,"url":"https:\/\/interamerica.org\/wp-content\/uploads\/2018\/05\/od-map.gif","type":"image\/gif"}],"author":"libna","twitter_card":"summary_large_image","twitter_misc":{"\u00c9crit par":"libna","Dur\u00e9e de lecture estim\u00e9e":"3 minutes"},"schema":{"@context":"https:\/\/schema.org","@graph":[{"@type":"Article","@id":"https:\/\/interamerica.org\/fr\/2018\/05\/adra-pleure-la-disparition-dun-membre-de-son-personnel-tue-au-soudan-du-sud\/#article","isPartOf":{"@id":"https:\/\/interamerica.org\/fr\/2018\/05\/adra-pleure-la-disparition-dun-membre-de-son-personnel-tue-au-soudan-du-sud\/"},"author":{"name":"libna","@id":"https:\/\/interamerica.org\/fr\/#\/schema\/person\/29998f2bc2d8bd0d38662909289b54f1"},"headline":"ADRA pleure la disparition d\u2019un membre de son personnel tu\u00e9 au Soudan du Sud","datePublished":"2018-05-01T15:45:18+00:00","dateModified":"2018-05-02T00:55:04+00:00","mainEntityOfPage":{"@id":"https:\/\/interamerica.org\/fr\/2018\/05\/adra-pleure-la-disparition-dun-membre-de-son-personnel-tue-au-soudan-du-sud\/"},"wordCount":596,"commentCount":0,"image":{"@id":"https:\/\/interamerica.org\/fr\/2018\/05\/adra-pleure-la-disparition-dun-membre-de-son-personnel-tue-au-soudan-du-sud\/#primaryimage"},"thumbnailUrl":"https:\/\/interamerica.org\/wp-content\/uploads\/2018\/05\/od-map.gif","articleSection":["Nouvelles de l'\u00c9glise mondiale","RSS Fran\u00e7ais"],"inLanguage":"fr-FR","potentialAction":[{"@type":"CommentAction","name":"Comment","target":["https:\/\/interamerica.org\/fr\/2018\/05\/adra-pleure-la-disparition-dun-membre-de-son-personnel-tue-au-soudan-du-sud\/#respond"]}]},{"@type":"WebPage","@id":"https:\/\/interamerica.org\/fr\/2018\/05\/adra-pleure-la-disparition-dun-membre-de-son-personnel-tue-au-soudan-du-sud\/","url":"https:\/\/interamerica.org\/fr\/2018\/05\/adra-pleure-la-disparition-dun-membre-de-son-personnel-tue-au-soudan-du-sud\/","name":"ADRA pleure la disparition d\u2019un membre de son personnel tu\u00e9 au Soudan du Sud - \u00c9glise Adventiste Du Septieme Jour - Inter Am\u00e9rique Division","isPartOf":{"@id":"https:\/\/interamerica.org\/fr\/#website"},"primaryImageOfPage":{"@id":"https:\/\/interamerica.org\/fr\/2018\/05\/adra-pleure-la-disparition-dun-membre-de-son-personnel-tue-au-soudan-du-sud\/#primaryimage"},"image":{"@id":"https:\/\/interamerica.org\/fr\/2018\/05\/adra-pleure-la-disparition-dun-membre-de-son-personnel-tue-au-soudan-du-sud\/#primaryimage"},"thumbnailUrl":"https:\/\/interamerica.org\/wp-content\/uploads\/2018\/05\/od-map.gif","datePublished":"2018-05-01T15:45:18+00:00","dateModified":"2018-05-02T00:55:04+00:00","author":{"@id":"https:\/\/interamerica.org\/fr\/#\/schema\/person\/29998f2bc2d8bd0d38662909289b54f1"},"breadcrumb":{"@id":"https:\/\/interamerica.org\/fr\/2018\/05\/adra-pleure-la-disparition-dun-membre-de-son-personnel-tue-au-soudan-du-sud\/#breadcrumb"},"inLanguage":"fr-FR","potentialAction":[{"@type":"ReadAction","target":["https:\/\/interamerica.org\/fr\/2018\/05\/adra-pleure-la-disparition-dun-membre-de-son-personnel-tue-au-soudan-du-sud\/"]}]},{"@type":"ImageObject","inLanguage":"fr-FR","@id":"https:\/\/interamerica.org\/fr\/2018\/05\/adra-pleure-la-disparition-dun-membre-de-son-personnel-tue-au-soudan-du-sud\/#primaryimage","url":"https:\/\/interamerica.org\/wp-content\/uploads\/2018\/05\/od-map.gif","contentUrl":"https:\/\/interamerica.org\/wp-content\/uploads\/2018\/05\/od-map.gif","width":331,"height":355},{"@type":"BreadcrumbList","@id":"https:\/\/interamerica.org\/fr\/2018\/05\/adra-pleure-la-disparition-dun-membre-de-son-personnel-tue-au-soudan-du-sud\/#breadcrumb","itemListElement":[{"@type":"ListItem","position":1,"name":"Home","item":"https:\/\/interamerica.org\/fr\/"},{"@type":"ListItem","position":2,"name":"ADRA pleure la disparition d\u2019un membre de son personnel tu\u00e9 au Soudan du Sud"}]},{"@type":"WebSite","@id":"https:\/\/interamerica.org\/fr\/#website","url":"https:\/\/interamerica.org\/fr\/","name":"\u00c9glise Adventiste Du Septieme Jour - Inter Am\u00e9rique Division","description":"","potentialAction":[{"@type":"SearchAction","target":{"@type":"EntryPoint","urlTemplate":"https:\/\/interamerica.org\/fr\/?s={search_term_string}"},"query-input":{"@type":"PropertyValueSpecification","valueRequired":true,"valueName":"search_term_string"}}],"inLanguage":"fr-FR"},{"@type":"Person","@id":"https:\/\/interamerica.org\/fr\/#\/schema\/person\/29998f2bc2d8bd0d38662909289b54f1","name":"libna","image":{"@type":"ImageObject","inLanguage":"fr-FR","@id":"https:\/\/secure.gravatar.com\/avatar\/7c5bd30ae4b47a9ba3c856590957fd1d96dc588bf3ac05719d247e126840331f?s=96&d=mm&r=g","url":"https:\/\/secure.gravatar.com\/avatar\/7c5bd30ae4b47a9ba3c856590957fd1d96dc588bf3ac05719d247e126840331f?s=96&d=mm&r=g","contentUrl":"https:\/\/secure.gravatar.com\/avatar\/7c5bd30ae4b47a9ba3c856590957fd1d96dc588bf3ac05719d247e126840331f?s=96&d=mm&r=g","caption":"libna"}}]}},"_links":{"self":[{"href":"https:\/\/interamerica.org\/fr\/wp-json\/wp\/v2\/posts\/41151","targetHints":{"allow":["GET"]}}],"collection":[{"href":"https:\/\/interamerica.org\/fr\/wp-json\/wp\/v2\/posts"}],"about":[{"href":"https:\/\/interamerica.org\/fr\/wp-json\/wp\/v2\/types\/post"}],"author":[{"embeddable":true,"href":"https:\/\/interamerica.org\/fr\/wp-json\/wp\/v2\/users\/3"}],"replies":[{"embeddable":true,"href":"https:\/\/interamerica.org\/fr\/wp-json\/wp\/v2\/comments?post=41151"}],"version-history":[{"count":0,"href":"https:\/\/interamerica.org\/fr\/wp-json\/wp\/v2\/posts\/41151\/revisions"}],"wp:featuredmedia":[{"embeddable":true,"href":"https:\/\/interamerica.org\/fr\/wp-json\/wp\/v2\/media\/41093"}],"wp:attachment":[{"href":"https:\/\/interamerica.org\/fr\/wp-json\/wp\/v2\/media?parent=41151"}],"wp:term":[{"taxonomy":"category","embeddable":true,"href":"https:\/\/interamerica.org\/fr\/wp-json\/wp\/v2\/categories?post=41151"},{"taxonomy":"post_tag","embeddable":true,"href":"https:\/\/interamerica.org\/fr\/wp-json\/wp\/v2\/tags?post=41151"}],"curies":[{"name":"wp","href":"https:\/\/api.w.org\/{rel}","templated":true}]}}