{"id":41434,"date":"2018-05-02T11:42:13","date_gmt":"2018-05-02T15:42:13","guid":{"rendered":"https:\/\/recursing-golick.147-182-135-0.plesk.page\/?p=41434"},"modified":"2018-05-04T21:41:34","modified_gmt":"2018-05-05T01:41:34","slug":"visages-adventistes-de-la-longevite","status":"publish","type":"post","link":"https:\/\/interamerica.org\/fr\/2018\/05\/visages-adventistes-de-la-longevite\/","title":{"rendered":"Visages Adventistes de la long\u00e9vit\u00e9"},"content":{"rendered":"<p><span class=\"byline-news\">1er mai 2018 | Loma Linda, Califormia, \u00c9tats-Unis | James Ponder, P\u00f4le Informations de l\u2019Universit\u00e9 de Loma Linda<\/span><\/p>\n<p><span class=\"cap\">Q<\/span>ue ce soit gr\u00e2ce \u00e0 leurs bons g\u00e8nes ou \u00e0 une vie bien men\u00e9e, de nombreux Adventistes du Septi\u00e8me Jour jouissent d\u2019une longue et saine vie faite de travail, de jeu et de service. Voici six personnes de Loma Linda, en Californie, aux \u00c9tats-Unis, qui correspondent \u00e0 cette description et qui ont d\u00e9fi\u00e9 les normes d\u2019une dur\u00e9e de vie moyenne pour un \u00eatre humain et qui m\u00e8nent une vie active et saine tout en \u00e9tant octog\u00e9naires, nonag\u00e9naires \u2026et m\u00eame plus \u00e2g\u00e9s.<\/p>\n<h2><strong>Pouss\u00e9es d\u2019adr\u00e9naline et amour du travail font avancer David Baylink<\/strong><\/h2>\n<div id=\"attachment_41296\" style=\"width: 770px\" class=\"wp-caption aligncenter\"><img fetchpriority=\"high\" decoding=\"async\" aria-describedby=\"caption-attachment-41296\" class=\" wp-image-41296\" src=\"https:\/\/recursing-golick.147-182-135-0.plesk.page\/wp-content\/uploads\/2018\/05\/scopebaylink-1024x733.jpg\" alt=\"\" width=\"760\" height=\"544\" srcset=\"https:\/\/interamerica.org\/wp-content\/uploads\/2018\/05\/scopebaylink-1024x733.jpg 1024w, https:\/\/interamerica.org\/wp-content\/uploads\/2018\/05\/scopebaylink-300x215.jpg 300w, https:\/\/interamerica.org\/wp-content\/uploads\/2018\/05\/scopebaylink-768x550.jpg 768w, https:\/\/interamerica.org\/wp-content\/uploads\/2018\/05\/scopebaylink.jpg 1906w\" sizes=\"(max-width: 760px) 100vw, 760px\" \/><p id=\"caption-attachment-41296\" class=\"wp-caption-text\">L\u2019\u00e9minent professeur de la Facult\u00e9 de M\u00e9decine se rend au travail sur sa moto.<\/p><\/div>\n<p>La joie de vivre stimule la long\u00e9vit\u00e9 et l\u2019enthousiasme du m\u00e9decin chercheur au P\u00f4le Sant\u00e9 de l\u2019Universit\u00e9 de Loma Linda, qui est \u00e2g\u00e9 de 86 ans et dont l&rsquo;expression pr\u00e9f\u00e9r\u00e9e est \u00ab laissez rouler ! \u00bb<\/p>\n<p>En plus d\u2019occuper deux postes de professeur \u00e9minent et de diriger la division de la m\u00e9decine r\u00e9g\u00e9n\u00e9rative \u00e0 la Facult\u00e9 de M\u00e9decine, David J. Baylink m\u00e8ne des recherches sur la th\u00e9rapie g\u00e9nique et les cellules souches non embryonnaires, celles qui ne nuisent pas aux f\u0153tus.<\/p>\n<p>Son comportement lorsqu\u2019il n\u2019est pas en service, cependant, fait soulever parfois des sourcils dans la ville. Les automobilistes coinc\u00e9s dans la circulation du vendredi ne le savent peut-\u00eatre pas, mais le gars dans la chemise bleue et le n\u0153ud papillon rouge qui a fus\u00e9 \u00e0 c\u00f4t\u00e9 d\u2019eux, se faufilant entre les voitures sur sa Kawasaki Ninja, \u00e9tait David Baylink. \u00ab Je suis accro aux motos, \u00bb dit-il avec un sourire.<\/p>\n<p>Peut-\u00eatre aussi accro \u00e0 l\u2019adr\u00e9naline. David Baylink joue \u00e9galement au tennis, fait du ski et utilise des patins \u00e0 roulettes. Il ralentit uniquement pour \u00e9crire de la fiction, mais m\u00eame cela contient des \u00e9l\u00e9ments de forte acc\u00e9l\u00e9ration. \u00ab J\u2019\u00e9cris sur l\u2019excitation qu\u2019am\u00e8ne le fait d\u2019\u00eatre un chercheur, \u00bb dit-il.<\/p>\n<p>David Baylink approche peut \u00eatre les 90 ans, mais cet homme qui a \u00e9t\u00e9 Adventiste du Septi\u00e8me Jour toute sa vie ne s\u2019inqui\u00e8te jamais de la long\u00e9vit\u00e9, attribuant la sienne \u00e0 deux caract\u00e9ristiques. \u00ab J\u2019ai une base g\u00e9n\u00e9tique relativement bonne, dit-il, et j\u2019aime mon travail! \u00bb<\/p>\n<h2><strong>Dorothy Zane insiste sur le fait que l\u2019a\u00e9robic est la cl\u00e9 de la vitalit\u00e9<\/strong><\/h2>\n<div id=\"attachment_41299\" style=\"width: 770px\" class=\"wp-caption aligncenter\"><img decoding=\"async\" aria-describedby=\"caption-attachment-41299\" class=\" wp-image-41299\" src=\"https:\/\/recursing-golick.147-182-135-0.plesk.page\/wp-content\/uploads\/2018\/05\/scopedorothy-1024x683.jpg\" alt=\"\" width=\"760\" height=\"507\" srcset=\"https:\/\/interamerica.org\/wp-content\/uploads\/2018\/05\/scopedorothy-1024x683.jpg 1024w, https:\/\/interamerica.org\/wp-content\/uploads\/2018\/05\/scopedorothy-300x200.jpg 300w, https:\/\/interamerica.org\/wp-content\/uploads\/2018\/05\/scopedorothy-768x512.jpg 768w, https:\/\/interamerica.org\/wp-content\/uploads\/2018\/05\/scopedorothy.jpg 2048w\" sizes=\"(max-width: 760px) 100vw, 760px\" \/><p id=\"caption-attachment-41299\" class=\"wp-caption-text\">Cette femme de 85 ans fait de l\u2019exercice physique au Centre Drayson de Loma Linda quatre fois par semaine.<\/p><\/div>\n<p>Demandez \u00e0 Dorothy Zane, une r\u00e9sidente de Loma Linda \u00e2g\u00e9e de 85 ans, quel est le secret de sa bonne sant\u00e9, et elle r\u00e9pondra, sans h\u00e9siter, que ce sont les cours d\u2019a\u00e9robic.<\/p>\n<p>Au d\u00e9but des ann\u00e9es 1980, Dorothy Zane s\u2019est inscrite \u00e0 des cours d\u2019exercice physique donn\u00e9s par un de ses amis. Elle est rapidement devenue une participante r\u00e9guli\u00e8re, changeant d\u2019emphase quelques ann\u00e9es plus tard, lorsque l\u2019ami est pass\u00e9 \u00e0 l\u2019enseignement de l\u2019a\u00e9robic.<\/p>\n<p>Pendant les 30 ann\u00e9es qui ont suivi, Dorothy Zane a fait de l\u2019a\u00e9robic plusieurs fois par semaine jusqu&rsquo;\u00e0 ce que son ami d\u00e9m\u00e9nage il y a deux ans. Heureusement, Dorothy Zane a d\u00e9couvert que le Centre Drayson du P\u00f4le Sant\u00e9 de l\u2019Universit\u00e9 de Loma Linda offre des cours d\u2019a\u00e9robic gratuits aux personnes de plus de 80 ans. Depuis, elle s\u2019y rend en moyenne quatre jours par semaine. La personne la plus \u00e2g\u00e9e de sa classe a 93 ans.<\/p>\n<p>Dorothy Zane dit que deux de ses amis la maintiennent motiv\u00e9e pour lutter contre le vieillissement. L\u2019une d\u2019entre elles est alit\u00e9e depuis deux ou trois ans \u00e0 cause du diab\u00e8te et l\u2019autre ne peut plus marcher. Dorothy Zane, quant \u00e0 elle, continue \u00e0 faire de l\u2019a\u00e9robic et \u00e0 jouir d\u2019une sant\u00e9 rayonnante.<\/p>\n<p>Elle et son mari semi retrait\u00e9, Ernie, ancien responsable du d\u00e9partement d\u2019ophtalmologie \u00e0 la Facult\u00e9 de M\u00e9decine de l\u2019Universit\u00e9 de Loma Linda, suivent un r\u00e9gime essentiellement v\u00e9g\u00e9talien \u00e0 la maison. Mais elle insiste sur le fait que la nourriture n\u2019est pas l\u2019ingr\u00e9dient principal dans sa recette pour une vitalit\u00e9 abondante.<\/p>\n<p>\u00ab Je pense vraiment que c\u2019est l\u2019a\u00e9robic, \u00bb dit-elle. \u00ab C\u2019est forc\u00e9ment \u00e7a. \u00bb<\/p>\n<h2><strong>Hepsie Gurusamy aime son temps pass\u00e9 avec Dieu<\/strong><\/h2>\n<div id=\"attachment_41302\" style=\"width: 770px\" class=\"wp-caption aligncenter\"><img decoding=\"async\" aria-describedby=\"caption-attachment-41302\" class=\" wp-image-41302\" src=\"https:\/\/recursing-golick.147-182-135-0.plesk.page\/wp-content\/uploads\/2018\/05\/scopehepsie-1024x682.jpg\" alt=\"\" width=\"760\" height=\"506\" srcset=\"https:\/\/interamerica.org\/wp-content\/uploads\/2018\/05\/scopehepsie-1024x682.jpg 1024w, https:\/\/interamerica.org\/wp-content\/uploads\/2018\/05\/scopehepsie-300x200.jpg 300w, https:\/\/interamerica.org\/wp-content\/uploads\/2018\/05\/scopehepsie-768x511.jpg 768w, https:\/\/interamerica.org\/wp-content\/uploads\/2018\/05\/scopehepsie.jpg 2048w\" sizes=\"(max-width: 760px) 100vw, 760px\" \/><p id=\"caption-attachment-41302\" class=\"wp-caption-text\">Une enseignant d\u2019\u00e9cole primaire retrait\u00e9e dirige une chorale, prie, et appr\u00e9cie le monde de la nature.<\/p><\/div>\n<p>Hepsie Gurusamy dit que sa relation avec Dieu est le secret de son bonheur et de sa vitalit\u00e9.<\/p>\n<p>Cette enseignante d\u2019\u00e9cole primaire, retrait\u00e9e de 86 ans, qui est arriv\u00e9e en Californie en passant par l\u2019Inde, l\u2019Asie de l\u2019Est, Guam et Hawa\u00ef, affirme que la spiritualit\u00e9 la maintient en bonne sant\u00e9. Elle se r\u00e9veille t\u00f4t chaque matin pour prier, puis lit sa Bible pendant encore une heure pour commencer sa journ\u00e9e.<\/p>\n<p>N\u00e9e en Inde en 1931, Hepsie Gurusamy a d\u00e9m\u00e9nag\u00e9 avec sa famille \u00e0 Penang, en Malaisie et plus tard \u00e0 Singapour, o\u00f9 elle a termin\u00e9 ses \u00e9tudes secondaires et deux ann\u00e9es d\u2019universit\u00e9 ; elle a \u00e9pous\u00e9 celui qui est devenu son mari, feu Gilbert Gurusamy. Sa carri\u00e8re en tant que v\u00e9rificateur au si\u00e8ge de l\u2019\u00c9glise Adventiste du Septi\u00e8me Jour les a emmen\u00e9s partout en Asie de l\u2019Est.<\/p>\n<p>Hepsie Gurusamy a d\u00e9m\u00e9nag\u00e9 \u00e0 Linda Valley Villa, une r\u00e9sidence ind\u00e9pendante \u00e0 Loma Linda, en Californie, en 2005. Apr\u00e8s deux ans, elle est retourn\u00e9e \u00e0 Guam pour garder la maison de son fils qui ouvrait un laboratoire m\u00e9dical dans la ville voisine de Saipan. En novembre 2015, elle est retourn\u00e9e \u00e0 Linda Valley Villa. \u00ab Je remercie le Seigneur que je sois ici \u00e0 cet endroit, \u00bb dit-elle.<\/p>\n<p>R\u00e9cemment, Hepsie Gurusamy a cr\u00e9\u00e9 une chorale f\u00e9minine \u00e0 la Villa. \u00ab Nous avons donn\u00e9 un petit concert ici, \u00bb a-t-elle dit. \u00ab Nous chantons pour apporter un message. \u00bb<\/p>\n<p>Dans sa chambre, Hepsie Gurusamy expose fi\u00e8rement deux \u0153uvres d\u2019art inspir\u00e9es de la nature et fabriqu\u00e9es \u00e0 partir de la nature. Chaque d\u00e9tail, des vagues de violet fonc\u00e9 aux nuages les plus fr\u00eales, r\u00e9sulte du placement minutieux des plumes de canard et d\u2019oie qu\u2019elle a recueillies dans un \u00e9tang voisin. Une autre exposition pr\u00e9sente une grande collection de pommes de pin, de rochers et de coquillages.<\/p>\n<p>Hepsie Gurusamy termine chaque jour comme il a commenc\u00e9. \u00ab Dans la soir\u00e9e, je prie \u00e0 nouveau pendant encore une heure, \u00bb a-t-elle dit. \u00ab Quelle riche b\u00e9n\u00e9diction cela a-t-il \u00e9t\u00e9 pour moi! Chaque jour est une bonne journ\u00e9e pour moi. \u00bb<\/p>\n<h2><strong>Le secret de Heisler pour une vie saine et productive<\/strong><\/h2>\n<div id=\"attachment_41305\" style=\"width: 770px\" class=\"wp-caption aligncenter\"><img loading=\"lazy\" decoding=\"async\" aria-describedby=\"caption-attachment-41305\" class=\" wp-image-41305\" src=\"https:\/\/recursing-golick.147-182-135-0.plesk.page\/wp-content\/uploads\/2018\/05\/scopeheisler-1024x682.jpg\" alt=\"\" width=\"760\" height=\"506\" srcset=\"https:\/\/interamerica.org\/wp-content\/uploads\/2018\/05\/scopeheisler-1024x682.jpg 1024w, https:\/\/interamerica.org\/wp-content\/uploads\/2018\/05\/scopeheisler-300x200.jpg 300w, https:\/\/interamerica.org\/wp-content\/uploads\/2018\/05\/scopeheisler-768x511.jpg 768w, https:\/\/interamerica.org\/wp-content\/uploads\/2018\/05\/scopeheisler.jpg 2048w\" sizes=\"(max-width: 760px) 100vw, 760px\" \/><p id=\"caption-attachment-41305\" class=\"wp-caption-text\">Ce professeur de dentisterie semi-retrait\u00e9 de 84 ans refuse de sombrer dans la solitude.<\/p><\/div>\n<p>Lorsque sa femme est d\u00e9c\u00e9d\u00e9e le jour du Nouvel An l\u2019ann\u00e9e derni\u00e8re, Bill Heisler, professeur \u00e9m\u00e9rite \u00e0 l\u2019Ecole de Dentisterie de l\u2019Universit\u00e9 de Loma Linda, a eu un choix \u00e0 faire. Il pouvait soit devenir un solitaire ou s\u2019engager \u00e0 rester actif et en bonne sant\u00e9.<\/p>\n<p>Bill Heisler, 84 ans, a choisi cette derni\u00e8re option. Cela signifiait manger correctement, entretenir sa foi en Dieu, rester activement impliqu\u00e9 dans son \u00e9glise et son Rotary Club, faire de l\u2019exercice physique r\u00e9guli\u00e8rement et garder sa vivacit\u00e9 d\u2019esprit.<\/p>\n<p>Bill Heisler d\u00e9bute chaque jour par une d\u00e9votion, en lisant et en priant pour les membres de sa famille. Il pr\u00e9pare ensuite le petit-d\u00e9jeuner &#8211; g\u00e9n\u00e9ralement un bol de c\u00e9r\u00e9ales cuites, des fruits et un morceau de pain grill\u00e9 avec du beurre de cacahu\u00e8te. Apr\u00e8s cela, il travaille sur des mots crois\u00e9s et lit le journal.<\/p>\n<p>\u00ab Je ne suis pas le parfait repr\u00e9sentant des Zones Bleues, \u00bb a dit Bill Heisler, admettant qu\u2019il n\u2019est pas toujours v\u00e9g\u00e9tarien. \u00ab Mais je ne mange des \u0153ufs que quelques fois par semaine, et je ne mange pas de viande \u00e0 la maison. \u00bb<\/p>\n<p>L\u2019amour le motive \u00e0 prendre soin du jardin de roses de sa d\u00e9funte \u00e9pouse ; il taille, il arrose et fertilise les arbustes. L\u2019activit\u00e9 s\u2019inscrit parfaitement dans son programme g\u00e9n\u00e9ral d\u2019exercice qui inclut la marche, les \u00e9tirements et le jardinage.<\/p>\n<p>Deux jours et demi par semaine, il enseigne \u00e0 l\u2019\u00c9cole de Dentisterie. \u00ab J\u2019aime le contact avec les jeunes cerveaux et les jeunes, \u00bb dit-il. \u00ab Ils semblent eux aussi appr\u00e9cier de se retrouver avec moi. \u00bb<\/p>\n<p>Bill Heisler consid\u00e8re son fort engagement envers sa famille comme l\u2019ancre de sa vie. Il insiste sur le fait que la sant\u00e9 n\u2019est pas une question de mode. \u00ab Rester en bonne sant\u00e9 et vivre longtemps n\u2019est pas une chose simple, \u00bb dit-il. \u00ab C\u2019est un mode de vie constant bas\u00e9 sur de bons principes et des id\u00e9es conservatrices sur la sant\u00e9. \u00bb<\/p>\n<h2><strong>Alice Leon, 92 ans, confectionne des cadeaux pour les b\u00e9b\u00e9s vuln\u00e9rables<\/strong><\/h2>\n<div id=\"attachment_41308\" style=\"width: 770px\" class=\"wp-caption aligncenter\"><img loading=\"lazy\" decoding=\"async\" aria-describedby=\"caption-attachment-41308\" class=\" wp-image-41308\" src=\"https:\/\/recursing-golick.147-182-135-0.plesk.page\/wp-content\/uploads\/2018\/05\/scopealice-1024x682.jpg\" alt=\"\" width=\"760\" height=\"506\" srcset=\"https:\/\/interamerica.org\/wp-content\/uploads\/2018\/05\/scopealice-1024x682.jpg 1024w, https:\/\/interamerica.org\/wp-content\/uploads\/2018\/05\/scopealice-300x200.jpg 300w, https:\/\/interamerica.org\/wp-content\/uploads\/2018\/05\/scopealice-768x511.jpg 768w, https:\/\/interamerica.org\/wp-content\/uploads\/2018\/05\/scopealice.jpg 2048w\" sizes=\"(max-width: 760px) 100vw, 760px\" \/><p id=\"caption-attachment-41308\" class=\"wp-caption-text\">Cette femme originaire du P\u00e9rou cuisine des repas sp\u00e9ciaux pour des occasions sp\u00e9ciales.<\/p><\/div>\n<p>Alice Leon a une fa\u00e7on tangible d\u2019exprimer son amour aux nourrissons les plus vuln\u00e9rables du comt\u00e9 de San Bernardino en Californie.<\/p>\n<p>Pendant pr\u00e8s de six d\u00e9cennies, la couturi\u00e8re aux doigts de f\u00e9e \u00e2g\u00e9e de 92 ans et originaire de Libertad au P\u00e9rou, a travaill\u00e9 avec son mari, Patricio, \u00e0 la confection de v\u00eatements sur mesure dans son atelier de couture. Apr\u00e8s le d\u00e9c\u00e8s de Patricio en ao\u00fbt 2008, Alice a d\u00e9m\u00e9nag\u00e9 \u00e0 Colton, en Californie, pour vivre avec sa fille Geli, une assistante sociale du comt\u00e9 de San Bernardino, et son gendre, Carlos Casiano, professeur \u00e0 l\u2019Ecole de M\u00e9decine de l\u2019Universit\u00e9 de Loma Linda.<\/p>\n<p>Chaque matin apr\u00e8s le petit d\u00e9jeuner, Alice lit sa Bible et prie. Puis elle tricote des couvertures pour les petits patients en soins intensifs dans l\u2019unit\u00e9 n\u00e9onatale de l\u2019H\u00f4pital pour Enfants de l\u2019Universit\u00e9 de Loma Linda. Au cours des trois derni\u00e8res ann\u00e9es, elle a confectionn\u00e9 en moyenne trois couvertures par semaine.<\/p>\n<p>Alice tricote toute la journ\u00e9e jusqu\u2019\u00e0 ce que Geli revienne \u00e0 la maison apr\u00e8s le travail. Ensuite, elle aide \u00e0 pr\u00e9parer le d\u00eener. Lors des occasions sp\u00e9ciales, elle pr\u00e9pare de fins mets p\u00e9ruviens tels que des empanadas, des tamales ou des aj\u00ed de gallina.<\/p>\n<p>Alors qu\u2019elle tricote, Alice pense \u00e0 la m\u00e8re des b\u00e9b\u00e9s, certaines d\u2019entre elles sont trop pauvres pour offrir \u00e0 leur b\u00e9b\u00e9 un cadeau. \u00ab Cela me fait plaisir de savoir qu\u2019elles peuvent envelopper le b\u00e9b\u00e9 dans l\u2019une de mes couvertures et les ramener \u00e0 la maison, \u00bb a-t-elle dit.<\/p>\n<h2><strong>Le secret de long\u00e9vit\u00e9 inattendu d\u2019Ernest E. Rogers<\/strong><\/h2>\n<div id=\"attachment_41311\" style=\"width: 771px\" class=\"wp-caption aligncenter\"><img loading=\"lazy\" decoding=\"async\" aria-describedby=\"caption-attachment-41311\" class=\" wp-image-41311\" src=\"https:\/\/recursing-golick.147-182-135-0.plesk.page\/wp-content\/uploads\/2018\/05\/scoperogers-1024x683.jpg\" alt=\"\" width=\"761\" height=\"507\" srcset=\"https:\/\/interamerica.org\/wp-content\/uploads\/2018\/05\/scoperogers-1024x683.jpg 1024w, https:\/\/interamerica.org\/wp-content\/uploads\/2018\/05\/scoperogers-300x200.jpg 300w, https:\/\/interamerica.org\/wp-content\/uploads\/2018\/05\/scoperogers-768x512.jpg 768w, https:\/\/interamerica.org\/wp-content\/uploads\/2018\/05\/scoperogers.jpg 2048w\" sizes=\"(max-width: 761px) 100vw, 761px\" \/><p id=\"caption-attachment-41311\" class=\"wp-caption-text\">Cet \u00e9rudit biblique \u00e0 la retraite peut encore toucher le sol \u00e0 l\u2019\u00e2ge de 101 ans.<\/p><\/div>\n<p>Ernest E. Rogers a peut-\u00eatre 101 ans, mais le plus ancien sp\u00e9cialiste des langues bibliques de Huntsville en Alabama, refuse de laisser une petite chose comme le passage du temps le ralentir.<\/p>\n<p>Bien qu\u2019il ait rejoint les rangs des centenaires l\u2019ann\u00e9e derni\u00e8re, Ernest Rogers, connu simplement sous le nom de E.E. pour ses amis, fait r\u00e9guli\u00e8rement de l\u2019exercice physique, joue avec son ordinateur, rend visite \u00e0 des amis, fr\u00e9quente l\u2019\u00e9glise et g\u00e2te ses arri\u00e8re-petits-enfants. Sa fille, Jeannette Dulan, dit que son p\u00e8re re\u00e7oit aussi des appels de personnes qui veulent sa contribution sur les questions relatives aux langues bibliques et accepte occasionnellement une invitation \u00e0 intervenir \u00e0 l\u2019\u00e9glise.<\/p>\n<p>Ernest Rogers mentionne un incident avec sa premi\u00e8re \u00e9pouse d\u00e9funte, Mildred, comme \u00e9tant la raison pour laquelle l\u2019\u00c9vangile de Jean est son livre pr\u00e9f\u00e9r\u00e9. Dix ans apr\u00e8s leur mariage, Mildred est tomb\u00e9e gravement malade et les m\u00e9decins ont indiqu\u00e9 qu\u2019il ne lui restait que quelques semaines \u00e0 vivre. Courageux, Ernest Rogers lui a cit\u00e9 le texte de <a class=\"rtBibleRef\" href=\"https:\/\/biblia.com\/bible\/nkjv\/John%2015.7\" target=\"_blank\" rel=\"noopener\" data-reference=\"John 15.7\" data-version=\"nkjv\" data-purpose=\"bible-reference\">Jean 15:7<\/a> : \u00ab Si vous demeurez en moi, et que mes paroles demeurent en vous, demandez ce que vous voudrez, et cela vous sera accord\u00e9. \u00bb Le couple s\u2019est appuy\u00e9 sur les paroles de J\u00e9sus dans la pri\u00e8re et a demand\u00e9 que Mildred puisse vivre pour voir ses enfants grandir. Au lieu de mourir, elle a v\u00e9cu encore 53 ans. \u00ab Cela montre ce que Dieu peut faire m\u00eame de nos jours, \u00bb a dit Ernest Rogers.<\/p>\n<p>Pour les personnes qui souhaitent vivre une vie longue et saine, l\u2019ancien pasteur et professeur d\u2019universit\u00e9 a quelques conseils. \u00ab Repos convenable et exercice physique, \u00bb a-t-il dit. \u00ab Manger aussi des aliments sains et garder une chanson dans votre c\u0153ur. Cela a \u00e9t\u00e9 une b\u00e9n\u00e9diction tout au long de ma vie. Je ne m\u2019inqui\u00e8te de rien. \u00bb<\/p>\n<p><em>Une version originale de ce r\u00e9cit a d\u2019abord \u00e9t\u00e9 publi\u00e9e dans le magazine <\/em><a href=\"https:\/\/news.llu.edu\/publications\/scope\" target=\"_blank\" rel=\"noopener\">Scope<\/a><em> .<\/em><\/p>\n<p>Traduction: Patrick Luciathe<\/p>\n","protected":false},"excerpt":{"rendered":"<p>1er mai 2018 | Loma Linda, Califormia, \u00c9tats-Unis | James Ponder, P\u00f4le Informations de l\u2019Universit\u00e9 de Loma Linda Que ce soit gr\u00e2ce \u00e0 leurs bons g\u00e8nes ou \u00e0 une vie&#8230;<\/p>\n","protected":false},"author":3,"featured_media":41294,"comment_status":"open","ping_status":"closed","sticky":false,"template":"","format":"standard","meta":{"_acf_changed":false,"footnotes":""},"categories":[18,19],"tags":[],"class_list":["post-41434","post","type-post","status-publish","format-standard","has-post-thumbnail","hentry","category-nouvelles-de-leglise-mondiale","category-rss-francais"],"acf":[],"yoast_head":"<!-- This site is optimized with the Yoast SEO plugin v27.3 - https:\/\/yoast.com\/product\/yoast-seo-wordpress\/ -->\n<title>Visages Adventistes de la long\u00e9vit\u00e9 - \u00c9glise Adventiste Du Septieme Jour - Inter Am\u00e9rique Division<\/title>\n<meta name=\"robots\" content=\"index, follow, max-snippet:-1, max-image-preview:large, max-video-preview:-1\" \/>\n<link rel=\"canonical\" href=\"https:\/\/interamerica.org\/fr\/2018\/05\/visages-adventistes-de-la-longevite\/\" \/>\n<meta property=\"og:locale\" content=\"fr_FR\" \/>\n<meta property=\"og:type\" content=\"article\" \/>\n<meta property=\"og:title\" content=\"Visages Adventistes de la long\u00e9vit\u00e9 - \u00c9glise Adventiste Du Septieme Jour - Inter Am\u00e9rique Division\" \/>\n<meta property=\"og:description\" content=\"1er mai 2018 | Loma Linda, Califormia, \u00c9tats-Unis | James Ponder, P\u00f4le Informations de l\u2019Universit\u00e9 de Loma Linda Que ce soit gr\u00e2ce \u00e0 leurs bons g\u00e8nes ou \u00e0 une vie...\" \/>\n<meta property=\"og:url\" content=\"https:\/\/interamerica.org\/fr\/2018\/05\/visages-adventistes-de-la-longevite\/\" \/>\n<meta property=\"og:site_name\" content=\"\u00c9glise Adventiste Du Septieme Jour - Inter Am\u00e9rique Division\" \/>\n<meta property=\"article:published_time\" content=\"2018-05-02T15:42:13+00:00\" \/>\n<meta property=\"article:modified_time\" content=\"2018-05-05T01:41:34+00:00\" \/>\n<meta property=\"og:image\" content=\"https:\/\/interamerica.org\/wp-content\/uploads\/2018\/05\/faces1280.jpg\" \/>\n\t<meta property=\"og:image:width\" content=\"1280\" \/>\n\t<meta property=\"og:image:height\" content=\"800\" \/>\n\t<meta property=\"og:image:type\" content=\"image\/jpeg\" \/>\n<meta name=\"author\" content=\"libna\" \/>\n<meta name=\"twitter:card\" content=\"summary_large_image\" \/>\n<meta name=\"twitter:label1\" content=\"\u00c9crit par\" \/>\n\t<meta name=\"twitter:data1\" content=\"libna\" \/>\n\t<meta name=\"twitter:label2\" content=\"Dur\u00e9e de lecture estim\u00e9e\" \/>\n\t<meta name=\"twitter:data2\" content=\"11 minutes\" \/>\n<script type=\"application\/ld+json\" class=\"yoast-schema-graph\">{\"@context\":\"https:\\\/\\\/schema.org\",\"@graph\":[{\"@type\":\"Article\",\"@id\":\"https:\\\/\\\/interamerica.org\\\/fr\\\/2018\\\/05\\\/visages-adventistes-de-la-longevite\\\/#article\",\"isPartOf\":{\"@id\":\"https:\\\/\\\/interamerica.org\\\/fr\\\/2018\\\/05\\\/visages-adventistes-de-la-longevite\\\/\"},\"author\":{\"name\":\"libna\",\"@id\":\"https:\\\/\\\/interamerica.org\\\/fr\\\/#\\\/schema\\\/person\\\/29998f2bc2d8bd0d38662909289b54f1\"},\"headline\":\"Visages Adventistes de la long\u00e9vit\u00e9\",\"datePublished\":\"2018-05-02T15:42:13+00:00\",\"dateModified\":\"2018-05-05T01:41:34+00:00\",\"mainEntityOfPage\":{\"@id\":\"https:\\\/\\\/interamerica.org\\\/fr\\\/2018\\\/05\\\/visages-adventistes-de-la-longevite\\\/\"},\"wordCount\":2242,\"commentCount\":0,\"image\":{\"@id\":\"https:\\\/\\\/interamerica.org\\\/fr\\\/2018\\\/05\\\/visages-adventistes-de-la-longevite\\\/#primaryimage\"},\"thumbnailUrl\":\"https:\\\/\\\/interamerica.org\\\/wp-content\\\/uploads\\\/2018\\\/05\\\/faces1280.jpg\",\"articleSection\":[\"Nouvelles de l'\u00c9glise mondiale\",\"RSS Fran\u00e7ais\"],\"inLanguage\":\"fr-FR\",\"potentialAction\":[{\"@type\":\"CommentAction\",\"name\":\"Comment\",\"target\":[\"https:\\\/\\\/interamerica.org\\\/fr\\\/2018\\\/05\\\/visages-adventistes-de-la-longevite\\\/#respond\"]}]},{\"@type\":\"WebPage\",\"@id\":\"https:\\\/\\\/interamerica.org\\\/fr\\\/2018\\\/05\\\/visages-adventistes-de-la-longevite\\\/\",\"url\":\"https:\\\/\\\/interamerica.org\\\/fr\\\/2018\\\/05\\\/visages-adventistes-de-la-longevite\\\/\",\"name\":\"Visages Adventistes de la long\u00e9vit\u00e9 - \u00c9glise Adventiste Du Septieme Jour - Inter Am\u00e9rique Division\",\"isPartOf\":{\"@id\":\"https:\\\/\\\/interamerica.org\\\/fr\\\/#website\"},\"primaryImageOfPage\":{\"@id\":\"https:\\\/\\\/interamerica.org\\\/fr\\\/2018\\\/05\\\/visages-adventistes-de-la-longevite\\\/#primaryimage\"},\"image\":{\"@id\":\"https:\\\/\\\/interamerica.org\\\/fr\\\/2018\\\/05\\\/visages-adventistes-de-la-longevite\\\/#primaryimage\"},\"thumbnailUrl\":\"https:\\\/\\\/interamerica.org\\\/wp-content\\\/uploads\\\/2018\\\/05\\\/faces1280.jpg\",\"datePublished\":\"2018-05-02T15:42:13+00:00\",\"dateModified\":\"2018-05-05T01:41:34+00:00\",\"author\":{\"@id\":\"https:\\\/\\\/interamerica.org\\\/fr\\\/#\\\/schema\\\/person\\\/29998f2bc2d8bd0d38662909289b54f1\"},\"breadcrumb\":{\"@id\":\"https:\\\/\\\/interamerica.org\\\/fr\\\/2018\\\/05\\\/visages-adventistes-de-la-longevite\\\/#breadcrumb\"},\"inLanguage\":\"fr-FR\",\"potentialAction\":[{\"@type\":\"ReadAction\",\"target\":[\"https:\\\/\\\/interamerica.org\\\/fr\\\/2018\\\/05\\\/visages-adventistes-de-la-longevite\\\/\"]}]},{\"@type\":\"ImageObject\",\"inLanguage\":\"fr-FR\",\"@id\":\"https:\\\/\\\/interamerica.org\\\/fr\\\/2018\\\/05\\\/visages-adventistes-de-la-longevite\\\/#primaryimage\",\"url\":\"https:\\\/\\\/interamerica.org\\\/wp-content\\\/uploads\\\/2018\\\/05\\\/faces1280.jpg\",\"contentUrl\":\"https:\\\/\\\/interamerica.org\\\/wp-content\\\/uploads\\\/2018\\\/05\\\/faces1280.jpg\",\"width\":1280,\"height\":800},{\"@type\":\"BreadcrumbList\",\"@id\":\"https:\\\/\\\/interamerica.org\\\/fr\\\/2018\\\/05\\\/visages-adventistes-de-la-longevite\\\/#breadcrumb\",\"itemListElement\":[{\"@type\":\"ListItem\",\"position\":1,\"name\":\"Home\",\"item\":\"https:\\\/\\\/interamerica.org\\\/fr\\\/\"},{\"@type\":\"ListItem\",\"position\":2,\"name\":\"Visages Adventistes de la long\u00e9vit\u00e9\"}]},{\"@type\":\"WebSite\",\"@id\":\"https:\\\/\\\/interamerica.org\\\/fr\\\/#website\",\"url\":\"https:\\\/\\\/interamerica.org\\\/fr\\\/\",\"name\":\"\u00c9glise Adventiste Du Septieme Jour - Inter Am\u00e9rique Division\",\"description\":\"\",\"potentialAction\":[{\"@type\":\"SearchAction\",\"target\":{\"@type\":\"EntryPoint\",\"urlTemplate\":\"https:\\\/\\\/interamerica.org\\\/fr\\\/?s={search_term_string}\"},\"query-input\":{\"@type\":\"PropertyValueSpecification\",\"valueRequired\":true,\"valueName\":\"search_term_string\"}}],\"inLanguage\":\"fr-FR\"},{\"@type\":\"Person\",\"@id\":\"https:\\\/\\\/interamerica.org\\\/fr\\\/#\\\/schema\\\/person\\\/29998f2bc2d8bd0d38662909289b54f1\",\"name\":\"libna\",\"image\":{\"@type\":\"ImageObject\",\"inLanguage\":\"fr-FR\",\"@id\":\"https:\\\/\\\/secure.gravatar.com\\\/avatar\\\/7c5bd30ae4b47a9ba3c856590957fd1d96dc588bf3ac05719d247e126840331f?s=96&d=mm&r=g\",\"url\":\"https:\\\/\\\/secure.gravatar.com\\\/avatar\\\/7c5bd30ae4b47a9ba3c856590957fd1d96dc588bf3ac05719d247e126840331f?s=96&d=mm&r=g\",\"contentUrl\":\"https:\\\/\\\/secure.gravatar.com\\\/avatar\\\/7c5bd30ae4b47a9ba3c856590957fd1d96dc588bf3ac05719d247e126840331f?s=96&d=mm&r=g\",\"caption\":\"libna\"}}]}<\/script>\n<!-- \/ Yoast SEO plugin. -->","yoast_head_json":{"title":"Visages Adventistes de la long\u00e9vit\u00e9 - \u00c9glise Adventiste Du Septieme Jour - Inter Am\u00e9rique Division","robots":{"index":"index","follow":"follow","max-snippet":"max-snippet:-1","max-image-preview":"max-image-preview:large","max-video-preview":"max-video-preview:-1"},"canonical":"https:\/\/interamerica.org\/fr\/2018\/05\/visages-adventistes-de-la-longevite\/","og_locale":"fr_FR","og_type":"article","og_title":"Visages Adventistes de la long\u00e9vit\u00e9 - \u00c9glise Adventiste Du Septieme Jour - Inter Am\u00e9rique Division","og_description":"1er mai 2018 | Loma Linda, Califormia, \u00c9tats-Unis | James Ponder, P\u00f4le Informations de l\u2019Universit\u00e9 de Loma Linda Que ce soit gr\u00e2ce \u00e0 leurs bons g\u00e8nes ou \u00e0 une vie...","og_url":"https:\/\/interamerica.org\/fr\/2018\/05\/visages-adventistes-de-la-longevite\/","og_site_name":"\u00c9glise Adventiste Du Septieme Jour - Inter Am\u00e9rique Division","article_published_time":"2018-05-02T15:42:13+00:00","article_modified_time":"2018-05-05T01:41:34+00:00","og_image":[{"width":1280,"height":800,"url":"https:\/\/interamerica.org\/wp-content\/uploads\/2018\/05\/faces1280.jpg","type":"image\/jpeg"}],"author":"libna","twitter_card":"summary_large_image","twitter_misc":{"\u00c9crit par":"libna","Dur\u00e9e de lecture estim\u00e9e":"11 minutes"},"schema":{"@context":"https:\/\/schema.org","@graph":[{"@type":"Article","@id":"https:\/\/interamerica.org\/fr\/2018\/05\/visages-adventistes-de-la-longevite\/#article","isPartOf":{"@id":"https:\/\/interamerica.org\/fr\/2018\/05\/visages-adventistes-de-la-longevite\/"},"author":{"name":"libna","@id":"https:\/\/interamerica.org\/fr\/#\/schema\/person\/29998f2bc2d8bd0d38662909289b54f1"},"headline":"Visages Adventistes de la long\u00e9vit\u00e9","datePublished":"2018-05-02T15:42:13+00:00","dateModified":"2018-05-05T01:41:34+00:00","mainEntityOfPage":{"@id":"https:\/\/interamerica.org\/fr\/2018\/05\/visages-adventistes-de-la-longevite\/"},"wordCount":2242,"commentCount":0,"image":{"@id":"https:\/\/interamerica.org\/fr\/2018\/05\/visages-adventistes-de-la-longevite\/#primaryimage"},"thumbnailUrl":"https:\/\/interamerica.org\/wp-content\/uploads\/2018\/05\/faces1280.jpg","articleSection":["Nouvelles de l'\u00c9glise mondiale","RSS Fran\u00e7ais"],"inLanguage":"fr-FR","potentialAction":[{"@type":"CommentAction","name":"Comment","target":["https:\/\/interamerica.org\/fr\/2018\/05\/visages-adventistes-de-la-longevite\/#respond"]}]},{"@type":"WebPage","@id":"https:\/\/interamerica.org\/fr\/2018\/05\/visages-adventistes-de-la-longevite\/","url":"https:\/\/interamerica.org\/fr\/2018\/05\/visages-adventistes-de-la-longevite\/","name":"Visages Adventistes de la long\u00e9vit\u00e9 - \u00c9glise Adventiste Du Septieme Jour - Inter Am\u00e9rique Division","isPartOf":{"@id":"https:\/\/interamerica.org\/fr\/#website"},"primaryImageOfPage":{"@id":"https:\/\/interamerica.org\/fr\/2018\/05\/visages-adventistes-de-la-longevite\/#primaryimage"},"image":{"@id":"https:\/\/interamerica.org\/fr\/2018\/05\/visages-adventistes-de-la-longevite\/#primaryimage"},"thumbnailUrl":"https:\/\/interamerica.org\/wp-content\/uploads\/2018\/05\/faces1280.jpg","datePublished":"2018-05-02T15:42:13+00:00","dateModified":"2018-05-05T01:41:34+00:00","author":{"@id":"https:\/\/interamerica.org\/fr\/#\/schema\/person\/29998f2bc2d8bd0d38662909289b54f1"},"breadcrumb":{"@id":"https:\/\/interamerica.org\/fr\/2018\/05\/visages-adventistes-de-la-longevite\/#breadcrumb"},"inLanguage":"fr-FR","potentialAction":[{"@type":"ReadAction","target":["https:\/\/interamerica.org\/fr\/2018\/05\/visages-adventistes-de-la-longevite\/"]}]},{"@type":"ImageObject","inLanguage":"fr-FR","@id":"https:\/\/interamerica.org\/fr\/2018\/05\/visages-adventistes-de-la-longevite\/#primaryimage","url":"https:\/\/interamerica.org\/wp-content\/uploads\/2018\/05\/faces1280.jpg","contentUrl":"https:\/\/interamerica.org\/wp-content\/uploads\/2018\/05\/faces1280.jpg","width":1280,"height":800},{"@type":"BreadcrumbList","@id":"https:\/\/interamerica.org\/fr\/2018\/05\/visages-adventistes-de-la-longevite\/#breadcrumb","itemListElement":[{"@type":"ListItem","position":1,"name":"Home","item":"https:\/\/interamerica.org\/fr\/"},{"@type":"ListItem","position":2,"name":"Visages Adventistes de la long\u00e9vit\u00e9"}]},{"@type":"WebSite","@id":"https:\/\/interamerica.org\/fr\/#website","url":"https:\/\/interamerica.org\/fr\/","name":"\u00c9glise Adventiste Du Septieme Jour - Inter Am\u00e9rique Division","description":"","potentialAction":[{"@type":"SearchAction","target":{"@type":"EntryPoint","urlTemplate":"https:\/\/interamerica.org\/fr\/?s={search_term_string}"},"query-input":{"@type":"PropertyValueSpecification","valueRequired":true,"valueName":"search_term_string"}}],"inLanguage":"fr-FR"},{"@type":"Person","@id":"https:\/\/interamerica.org\/fr\/#\/schema\/person\/29998f2bc2d8bd0d38662909289b54f1","name":"libna","image":{"@type":"ImageObject","inLanguage":"fr-FR","@id":"https:\/\/secure.gravatar.com\/avatar\/7c5bd30ae4b47a9ba3c856590957fd1d96dc588bf3ac05719d247e126840331f?s=96&d=mm&r=g","url":"https:\/\/secure.gravatar.com\/avatar\/7c5bd30ae4b47a9ba3c856590957fd1d96dc588bf3ac05719d247e126840331f?s=96&d=mm&r=g","contentUrl":"https:\/\/secure.gravatar.com\/avatar\/7c5bd30ae4b47a9ba3c856590957fd1d96dc588bf3ac05719d247e126840331f?s=96&d=mm&r=g","caption":"libna"}}]}},"_links":{"self":[{"href":"https:\/\/interamerica.org\/fr\/wp-json\/wp\/v2\/posts\/41434","targetHints":{"allow":["GET"]}}],"collection":[{"href":"https:\/\/interamerica.org\/fr\/wp-json\/wp\/v2\/posts"}],"about":[{"href":"https:\/\/interamerica.org\/fr\/wp-json\/wp\/v2\/types\/post"}],"author":[{"embeddable":true,"href":"https:\/\/interamerica.org\/fr\/wp-json\/wp\/v2\/users\/3"}],"replies":[{"embeddable":true,"href":"https:\/\/interamerica.org\/fr\/wp-json\/wp\/v2\/comments?post=41434"}],"version-history":[{"count":0,"href":"https:\/\/interamerica.org\/fr\/wp-json\/wp\/v2\/posts\/41434\/revisions"}],"wp:featuredmedia":[{"embeddable":true,"href":"https:\/\/interamerica.org\/fr\/wp-json\/wp\/v2\/media\/41294"}],"wp:attachment":[{"href":"https:\/\/interamerica.org\/fr\/wp-json\/wp\/v2\/media?parent=41434"}],"wp:term":[{"taxonomy":"category","embeddable":true,"href":"https:\/\/interamerica.org\/fr\/wp-json\/wp\/v2\/categories?post=41434"},{"taxonomy":"post_tag","embeddable":true,"href":"https:\/\/interamerica.org\/fr\/wp-json\/wp\/v2\/tags?post=41434"}],"curies":[{"name":"wp","href":"https:\/\/api.w.org\/{rel}","templated":true}]}}