{"id":41477,"date":"2018-05-07T17:10:08","date_gmt":"2018-05-07T21:10:08","guid":{"rendered":"https:\/\/recursing-golick.147-182-135-0.plesk.page\/?p=41477"},"modified":"2018-05-08T20:48:17","modified_gmt":"2018-05-09T00:48:17","slug":"un-dirigeant-apporte-une-voix-distinctement-adventiste-a-une-rencontre-chretienne-internationale","status":"publish","type":"post","link":"https:\/\/interamerica.org\/fr\/2018\/05\/un-dirigeant-apporte-une-voix-distinctement-adventiste-a-une-rencontre-chretienne-internationale\/","title":{"rendered":"Un dirigeant apporte une voix distinctement Adventiste \u00e0 une rencontre Chr\u00e9tienne internationale"},"content":{"rendered":"<p>5 Mai 2018 | Bogota, Colombie | <span class=\"byline-news\">Bettina Krause, Affaires Publiques et Libert\u00e9 Religieuse<\/span><\/p>\n<p><span class=\"cap\">L<\/span>a troisi\u00e8me rencontre du Forum Chr\u00e9tien Mondial, qui s\u2019est tenue du 24 au 27 avril \u00e0 Bogot\u00e1, en Colombie, a offert une occasion inestimable d\u2019\u00eatre \u00ab sel et lumi\u00e8re \u00bb et de partager les valeurs cl\u00e9s des Adventistes du Septi\u00e8me Jour avec un auditoire unique, a d\u00e9clar\u00e9 Dr Ganoune Diop, directeur des Affaires Publiques et de la Libert\u00e9 Religieuse pour l\u2019Eglise Adventiste mondiale. Ganoune Diop, qui est intervenu lors d\u2019une session pl\u00e9ni\u00e8re dans le segment de cl\u00f4ture du programme, s\u2019est adress\u00e9 \u00e0 quelque 400 dirigeants chr\u00e9tiens de 65 pays repr\u00e9sentant un large \u00e9ventail de traditions chr\u00e9tiennes, y compris les Orthodoxes Orientaux, les Evang\u00e9liques, les Anglicans et de nombreuses \u00e9glises ind\u00e9pendantes.<\/p>\n<p>Dans sa pr\u00e9sentation, Ganoune Diop a parl\u00e9 de la centralit\u00e9 de J\u00e9sus-Christ dans l\u2019histoire humaine. \u00ab L\u2019une des r\u00e9v\u00e9lations les plus fascinantes des Ecritures est la fa\u00e7on dont J\u00e9sus a embrass\u00e9 l\u2019histoire de toute la famille humaine ; la mani\u00e8re dont il accomplit nos histoires, \u00bb a d\u00e9clar\u00e9 Ganoune Diop. \u00ab Il est venu embrasser notre destin\u00e9e afin de vaincre la mort de l\u2019int\u00e9rieur. Il est venu nous d\u00e9livrer du mal. Et pour ce faire, il a choisi de vivre notre histoire et nos histoires. \u00bb<\/p>\n<p>Le Forum Chr\u00e9tien Mondial offre un espace informel aux chr\u00e9tiens de diverses d\u00e9nominations pour partager des informations au sujet d\u2019eux-m\u00eames et pour discuter des d\u00e9fis communs auxquels sont confront\u00e9s les Chr\u00e9tiens du monde entier. Le groupe, qui n\u2019a pas de constitution et qui ne prend aucune d\u00e9cision, a pour objectif principal de faciliter un dialogue ouvert sur les pr\u00e9occupations communes, telles que la libert\u00e9 religieuse, la pers\u00e9cution et d\u2019autres obstacles \u00e0 la mission.<\/p>\n<p>Dans une interview donn\u00e9e apr\u00e8s le programme, Ganoune Diop a indiqu\u00e9 que la pr\u00e9sence d\u2019Adventistes \u00e0 des r\u00e9unions comme celle-ci est une partie importante du travail du D\u00e9partement des Affaires Publiques et de la Libert\u00e9 Religieuse de la Conf\u00e9rence G\u00e9n\u00e9rale, dont la t\u00e2che consiste \u00e0 rendre l\u2019Eglise Adventiste plus visible dans la sph\u00e8re publique.<\/p>\n<p>\u00ab Ellen White d\u00e9crit le minist\u00e8re du Christ sur Terre comme une d\u00e9marche l\u2019amenant \u00e0 se m\u00ealer aux hommes comme quelqu\u2019un qui d\u00e9sirait leur bien, \u00bb a dit Ganoune Diop. \u00ab Se m\u00ealer &#8212; \u00eatre le sel et la lumi\u00e8re du monde &#8212; est au c\u0153ur de notre mission en tant qu\u2019Adventistes du Septi\u00e8me Jour. Pour notre d\u00e9partement, cela signifie construire des ponts vers les personnes influentes dans la soci\u00e9t\u00e9, que ce soit dans les sph\u00e8res politiques ou religieuses, faire savoir qui sont les Adventistes, et comment nous sommes une b\u00e9n\u00e9diction pour la soci\u00e9t\u00e9 de plusieurs fa\u00e7ons diff\u00e9rentes. \u00bb<\/p>\n<div id=\"attachment_41449\" style=\"width: 771px\" class=\"wp-caption aligncenter\"><img fetchpriority=\"high\" decoding=\"async\" aria-describedby=\"caption-attachment-41449\" class=\" wp-image-41449\" src=\"https:\/\/recursing-golick.147-182-135-0.plesk.page\/wp-content\/uploads\/2018\/05\/rl-bogota-image2.jpg\" alt=\"\" width=\"761\" height=\"571\" srcset=\"https:\/\/interamerica.org\/wp-content\/uploads\/2018\/05\/rl-bogota-image2.jpg 800w, https:\/\/interamerica.org\/wp-content\/uploads\/2018\/05\/rl-bogota-image2-300x225.jpg 300w, https:\/\/interamerica.org\/wp-content\/uploads\/2018\/05\/rl-bogota-image2-768x576.jpg 768w\" sizes=\"(max-width: 761px) 100vw, 761px\" \/><p id=\"caption-attachment-41449\" class=\"wp-caption-text\">Image du d\u00e9partement des Affaires Publiques et de la Libert\u00e9 Religieuse<\/p><\/div>\n<p>Ganoune Diop, qui si\u00e8ge \u00e9galement au comit\u00e9 de surveillance du Forum Chr\u00e9tien Mondial, dit que cela offre une opportunit\u00e9 de pr\u00e9senter l\u2019Adventisme \u00e0 d\u2019autres chr\u00e9tiens \u00ab dans nos propres termes, \u00bb d\u2019apprendre \u00e0 mieux conna\u00eetre les autres d\u00e9nominations et d\u2019aider \u00e0 dissiper les pr\u00e9jug\u00e9s ou les id\u00e9es fausses des deux c\u00f4t\u00e9s.<\/p>\n<p>\u00ab Nous oublions parfois que Mme White conseillait aux pasteurs Adventistes de son \u00e9poque de ne pas n\u00e9gliger d\u2019avoir des contacts avec les responsables religieux des autres \u00e9glises, \u00bb a d\u00e9clar\u00e9 Ganoune Diop. Il fait r\u00e9f\u00e9rence \u00e0 un passage de <em>T\u00e9moignages pour l\u2019Eglise<\/em>, o\u00f9 elle \u00e9crit: \u00ab Nos pr\u00e9dicateurs devraient chercher \u00e0 se rapprocher des pasteurs des autres Eglises. Priez pour eux et avec eux, car le Christ interc\u00e8de en leur faveur. Leur responsabilit\u00e9 est solennelle. En tant que messagers du Christ, nous devrions t\u00e9moigner d\u2019un profond et s\u00e9rieux int\u00e9r\u00eat pour ces pasteurs qui sont les bergers du troupeau. \u00bb<a href=\"applewebdata:\/\/136A6F3D-9C49-4A5B-8BEF-4EE5B1501C77#_ftn1\" target=\"_blank\" rel=\"noopener\">[1]<\/a><\/p>\n<p>L\u2019un des principaux sujets abord\u00e9s lors de la r\u00e9union de Bogot\u00e1 \u00e9tait la rapide \u00e9volution du paysage d\u00e9mographique du christianisme mondial. Selon l\u2019intervenante Gina Zurlo, directrice adjointe du Centre pour l\u2019Etude du Christianisme Mondial, le changement le plus significatif n\u2019a pas \u00e9t\u00e9 num\u00e9rique, mais g\u00e9ographique. Elle a fait r\u00e9f\u00e9rence \u00e0 des recherches qui faisaient \u00e9tat d\u2019un d\u00e9clin global de seulement 3% de la population chr\u00e9tienne mondiale depuis 1910, qui est pass\u00e9e de 35 \u00e0 32% de la population mondiale totale. Cependant, cette image apparemment statique occulte un changement massif au niveau des lieux o\u00f9 l\u2019on retrouve la majorit\u00e9 des chr\u00e9tiens actuellement, a d\u00e9clar\u00e9 Gina Zurlo. Alors que le christianisme a diminu\u00e9 num\u00e9riquement dans de nombreux pays occidentaux, l\u2019Afrique sub-saharienne a connu une augmentation spectaculaire du nombre de chr\u00e9tiens; En 1970, la r\u00e9gion comptait quelque 134 millions de chr\u00e9tiens, mais elle compte aujourd\u2019hui plus de 620 millions de chr\u00e9tiens. Gina Zurlo a \u00e9galement cit\u00e9 l\u2019augmentation relativement r\u00e9cente, mais significative, du nombre de \u00ab chr\u00e9tiens ind\u00e9pendants \u00bb dans le monde &#8211; des \u00e9glises chr\u00e9tiennes qui ne s\u2019identifient pas aux traditions historiquement dominantes, comme le Catholicisme, le Christianisme Orthodoxe ou le Protestantisme.<\/p>\n<p>Parmi les autres sujets abord\u00e9s lors du programme, il y avait la pers\u00e9cution des Chr\u00e9tiens dans de nombreux endroits o\u00f9 le christianisme est une religion minoritaire. Le Patriarche de l\u2019\u00c9glise Orthodoxe Syrienne, Ignace Aphrem II, s\u2019est adress\u00e9 au groupe et a invit\u00e9 les dirigeants \u00e0 ne pas oublier la communaut\u00e9 chr\u00e9tienne assi\u00e9g\u00e9e au Moyen-Orient. Il a d\u00e9crit ce qu\u2019est la vie dans une r\u00e9gion o\u00f9 les Chr\u00e9tiens sont souvent la cible d\u2019attaques terroristes et il a parl\u00e9 avec \u00e9motion de deux pr\u00eatres Orthodoxes qui ont \u00e9t\u00e9 enlev\u00e9s en Syrie il y a cinq ans, et qui sont maintenant pr\u00e9sum\u00e9s morts.<\/p>\n<p>Selon le patriarche, la population Chr\u00e9tienne au Moyen-Orient a \u00e9t\u00e9 d\u00e9cim\u00e9e au cours des 15 derni\u00e8res ann\u00e9es, l\u2019Irak perdant environ 80% de ses Chr\u00e9tiens et la population Chr\u00e9tienne syrienne chutant d\u2019environ 40%.<\/p>\n<p>C\u2019est la premi\u00e8re fois que le Forum Chr\u00e9tien Mondial se r\u00e9unit dans les Am\u00e9riques et la premi\u00e8re fois dans un pays hispanophone. La premi\u00e8re et la seconde rencontre du groupe ont eu lieu au Kenya et en Indon\u00e9sie.<\/p>\n<p>Traduction: Patrick Luciathe<\/p>\n","protected":false},"excerpt":{"rendered":"<p>5 Mai 2018 | Bogota, Colombie | Bettina Krause, Affaires Publiques et Libert\u00e9 Religieuse La troisi\u00e8me rencontre du Forum Chr\u00e9tien Mondial, qui s\u2019est tenue du 24 au 27 avril \u00e0&#8230;<\/p>\n","protected":false},"author":3,"featured_media":41453,"comment_status":"open","ping_status":"closed","sticky":false,"template":"","format":"standard","meta":{"_acf_changed":false,"footnotes":""},"categories":[18,19],"tags":[],"class_list":["post-41477","post","type-post","status-publish","format-standard","has-post-thumbnail","hentry","category-nouvelles-de-leglise-mondiale","category-rss-francais"],"acf":[],"yoast_head":"<!-- This site is optimized with the Yoast SEO plugin v27.3 - https:\/\/yoast.com\/product\/yoast-seo-wordpress\/ -->\n<title>Un dirigeant apporte une voix distinctement Adventiste \u00e0 une rencontre Chr\u00e9tienne internationale - \u00c9glise Adventiste Du Septieme Jour - Inter Am\u00e9rique Division<\/title>\n<meta name=\"robots\" content=\"index, follow, max-snippet:-1, max-image-preview:large, max-video-preview:-1\" \/>\n<link rel=\"canonical\" href=\"https:\/\/interamerica.org\/fr\/2018\/05\/un-dirigeant-apporte-une-voix-distinctement-adventiste-a-une-rencontre-chretienne-internationale\/\" \/>\n<meta property=\"og:locale\" content=\"fr_FR\" \/>\n<meta property=\"og:type\" content=\"article\" \/>\n<meta property=\"og:title\" content=\"Un dirigeant apporte une voix distinctement Adventiste \u00e0 une rencontre Chr\u00e9tienne internationale - \u00c9glise Adventiste Du Septieme Jour - Inter Am\u00e9rique Division\" \/>\n<meta property=\"og:description\" content=\"5 Mai 2018 | Bogota, Colombie | Bettina Krause, Affaires Publiques et Libert\u00e9 Religieuse La troisi\u00e8me rencontre du Forum Chr\u00e9tien Mondial, qui s\u2019est tenue du 24 au 27 avril \u00e0...\" \/>\n<meta property=\"og:url\" content=\"https:\/\/interamerica.org\/fr\/2018\/05\/un-dirigeant-apporte-une-voix-distinctement-adventiste-a-une-rencontre-chretienne-internationale\/\" \/>\n<meta property=\"og:site_name\" content=\"\u00c9glise Adventiste Du Septieme Jour - Inter Am\u00e9rique Division\" \/>\n<meta property=\"article:published_time\" content=\"2018-05-07T21:10:08+00:00\" \/>\n<meta property=\"article:modified_time\" content=\"2018-05-09T00:48:17+00:00\" \/>\n<meta property=\"og:image\" content=\"https:\/\/interamerica.org\/wp-content\/uploads\/2018\/05\/leader-brings-distinctly-adventist-voice-to-international-christian-gathering1280.jpg\" \/>\n\t<meta property=\"og:image:width\" content=\"1280\" \/>\n\t<meta property=\"og:image:height\" content=\"800\" \/>\n\t<meta property=\"og:image:type\" content=\"image\/jpeg\" \/>\n<meta name=\"author\" content=\"libna\" \/>\n<meta name=\"twitter:card\" content=\"summary_large_image\" \/>\n<meta name=\"twitter:label1\" content=\"\u00c9crit par\" \/>\n\t<meta name=\"twitter:data1\" content=\"libna\" \/>\n\t<meta name=\"twitter:label2\" content=\"Dur\u00e9e de lecture estim\u00e9e\" \/>\n\t<meta name=\"twitter:data2\" content=\"5 minutes\" \/>\n<script type=\"application\/ld+json\" class=\"yoast-schema-graph\">{\"@context\":\"https:\\\/\\\/schema.org\",\"@graph\":[{\"@type\":\"Article\",\"@id\":\"https:\\\/\\\/interamerica.org\\\/fr\\\/2018\\\/05\\\/un-dirigeant-apporte-une-voix-distinctement-adventiste-a-une-rencontre-chretienne-internationale\\\/#article\",\"isPartOf\":{\"@id\":\"https:\\\/\\\/interamerica.org\\\/fr\\\/2018\\\/05\\\/un-dirigeant-apporte-une-voix-distinctement-adventiste-a-une-rencontre-chretienne-internationale\\\/\"},\"author\":{\"name\":\"libna\",\"@id\":\"https:\\\/\\\/interamerica.org\\\/fr\\\/#\\\/schema\\\/person\\\/29998f2bc2d8bd0d38662909289b54f1\"},\"headline\":\"Un dirigeant apporte une voix distinctement Adventiste \u00e0 une rencontre Chr\u00e9tienne internationale\",\"datePublished\":\"2018-05-07T21:10:08+00:00\",\"dateModified\":\"2018-05-09T00:48:17+00:00\",\"mainEntityOfPage\":{\"@id\":\"https:\\\/\\\/interamerica.org\\\/fr\\\/2018\\\/05\\\/un-dirigeant-apporte-une-voix-distinctement-adventiste-a-une-rencontre-chretienne-internationale\\\/\"},\"wordCount\":1102,\"commentCount\":0,\"image\":{\"@id\":\"https:\\\/\\\/interamerica.org\\\/fr\\\/2018\\\/05\\\/un-dirigeant-apporte-une-voix-distinctement-adventiste-a-une-rencontre-chretienne-internationale\\\/#primaryimage\"},\"thumbnailUrl\":\"https:\\\/\\\/interamerica.org\\\/wp-content\\\/uploads\\\/2018\\\/05\\\/leader-brings-distinctly-adventist-voice-to-international-christian-gathering1280.jpg\",\"articleSection\":[\"Nouvelles de l'\u00c9glise mondiale\",\"RSS Fran\u00e7ais\"],\"inLanguage\":\"fr-FR\",\"potentialAction\":[{\"@type\":\"CommentAction\",\"name\":\"Comment\",\"target\":[\"https:\\\/\\\/interamerica.org\\\/fr\\\/2018\\\/05\\\/un-dirigeant-apporte-une-voix-distinctement-adventiste-a-une-rencontre-chretienne-internationale\\\/#respond\"]}]},{\"@type\":\"WebPage\",\"@id\":\"https:\\\/\\\/interamerica.org\\\/fr\\\/2018\\\/05\\\/un-dirigeant-apporte-une-voix-distinctement-adventiste-a-une-rencontre-chretienne-internationale\\\/\",\"url\":\"https:\\\/\\\/interamerica.org\\\/fr\\\/2018\\\/05\\\/un-dirigeant-apporte-une-voix-distinctement-adventiste-a-une-rencontre-chretienne-internationale\\\/\",\"name\":\"Un dirigeant apporte une voix distinctement Adventiste \u00e0 une rencontre Chr\u00e9tienne internationale - \u00c9glise Adventiste Du Septieme Jour - Inter Am\u00e9rique Division\",\"isPartOf\":{\"@id\":\"https:\\\/\\\/interamerica.org\\\/fr\\\/#website\"},\"primaryImageOfPage\":{\"@id\":\"https:\\\/\\\/interamerica.org\\\/fr\\\/2018\\\/05\\\/un-dirigeant-apporte-une-voix-distinctement-adventiste-a-une-rencontre-chretienne-internationale\\\/#primaryimage\"},\"image\":{\"@id\":\"https:\\\/\\\/interamerica.org\\\/fr\\\/2018\\\/05\\\/un-dirigeant-apporte-une-voix-distinctement-adventiste-a-une-rencontre-chretienne-internationale\\\/#primaryimage\"},\"thumbnailUrl\":\"https:\\\/\\\/interamerica.org\\\/wp-content\\\/uploads\\\/2018\\\/05\\\/leader-brings-distinctly-adventist-voice-to-international-christian-gathering1280.jpg\",\"datePublished\":\"2018-05-07T21:10:08+00:00\",\"dateModified\":\"2018-05-09T00:48:17+00:00\",\"author\":{\"@id\":\"https:\\\/\\\/interamerica.org\\\/fr\\\/#\\\/schema\\\/person\\\/29998f2bc2d8bd0d38662909289b54f1\"},\"breadcrumb\":{\"@id\":\"https:\\\/\\\/interamerica.org\\\/fr\\\/2018\\\/05\\\/un-dirigeant-apporte-une-voix-distinctement-adventiste-a-une-rencontre-chretienne-internationale\\\/#breadcrumb\"},\"inLanguage\":\"fr-FR\",\"potentialAction\":[{\"@type\":\"ReadAction\",\"target\":[\"https:\\\/\\\/interamerica.org\\\/fr\\\/2018\\\/05\\\/un-dirigeant-apporte-une-voix-distinctement-adventiste-a-une-rencontre-chretienne-internationale\\\/\"]}]},{\"@type\":\"ImageObject\",\"inLanguage\":\"fr-FR\",\"@id\":\"https:\\\/\\\/interamerica.org\\\/fr\\\/2018\\\/05\\\/un-dirigeant-apporte-une-voix-distinctement-adventiste-a-une-rencontre-chretienne-internationale\\\/#primaryimage\",\"url\":\"https:\\\/\\\/interamerica.org\\\/wp-content\\\/uploads\\\/2018\\\/05\\\/leader-brings-distinctly-adventist-voice-to-international-christian-gathering1280.jpg\",\"contentUrl\":\"https:\\\/\\\/interamerica.org\\\/wp-content\\\/uploads\\\/2018\\\/05\\\/leader-brings-distinctly-adventist-voice-to-international-christian-gathering1280.jpg\",\"width\":1280,\"height\":800},{\"@type\":\"BreadcrumbList\",\"@id\":\"https:\\\/\\\/interamerica.org\\\/fr\\\/2018\\\/05\\\/un-dirigeant-apporte-une-voix-distinctement-adventiste-a-une-rencontre-chretienne-internationale\\\/#breadcrumb\",\"itemListElement\":[{\"@type\":\"ListItem\",\"position\":1,\"name\":\"Home\",\"item\":\"https:\\\/\\\/interamerica.org\\\/fr\\\/\"},{\"@type\":\"ListItem\",\"position\":2,\"name\":\"Un dirigeant apporte une voix distinctement Adventiste \u00e0 une rencontre Chr\u00e9tienne internationale\"}]},{\"@type\":\"WebSite\",\"@id\":\"https:\\\/\\\/interamerica.org\\\/fr\\\/#website\",\"url\":\"https:\\\/\\\/interamerica.org\\\/fr\\\/\",\"name\":\"\u00c9glise Adventiste Du Septieme Jour - Inter Am\u00e9rique Division\",\"description\":\"\",\"potentialAction\":[{\"@type\":\"SearchAction\",\"target\":{\"@type\":\"EntryPoint\",\"urlTemplate\":\"https:\\\/\\\/interamerica.org\\\/fr\\\/?s={search_term_string}\"},\"query-input\":{\"@type\":\"PropertyValueSpecification\",\"valueRequired\":true,\"valueName\":\"search_term_string\"}}],\"inLanguage\":\"fr-FR\"},{\"@type\":\"Person\",\"@id\":\"https:\\\/\\\/interamerica.org\\\/fr\\\/#\\\/schema\\\/person\\\/29998f2bc2d8bd0d38662909289b54f1\",\"name\":\"libna\",\"image\":{\"@type\":\"ImageObject\",\"inLanguage\":\"fr-FR\",\"@id\":\"https:\\\/\\\/secure.gravatar.com\\\/avatar\\\/7c5bd30ae4b47a9ba3c856590957fd1d96dc588bf3ac05719d247e126840331f?s=96&d=mm&r=g\",\"url\":\"https:\\\/\\\/secure.gravatar.com\\\/avatar\\\/7c5bd30ae4b47a9ba3c856590957fd1d96dc588bf3ac05719d247e126840331f?s=96&d=mm&r=g\",\"contentUrl\":\"https:\\\/\\\/secure.gravatar.com\\\/avatar\\\/7c5bd30ae4b47a9ba3c856590957fd1d96dc588bf3ac05719d247e126840331f?s=96&d=mm&r=g\",\"caption\":\"libna\"}}]}<\/script>\n<!-- \/ Yoast SEO plugin. -->","yoast_head_json":{"title":"Un dirigeant apporte une voix distinctement Adventiste \u00e0 une rencontre Chr\u00e9tienne internationale - \u00c9glise Adventiste Du Septieme Jour - Inter Am\u00e9rique Division","robots":{"index":"index","follow":"follow","max-snippet":"max-snippet:-1","max-image-preview":"max-image-preview:large","max-video-preview":"max-video-preview:-1"},"canonical":"https:\/\/interamerica.org\/fr\/2018\/05\/un-dirigeant-apporte-une-voix-distinctement-adventiste-a-une-rencontre-chretienne-internationale\/","og_locale":"fr_FR","og_type":"article","og_title":"Un dirigeant apporte une voix distinctement Adventiste \u00e0 une rencontre Chr\u00e9tienne internationale - \u00c9glise Adventiste Du Septieme Jour - Inter Am\u00e9rique Division","og_description":"5 Mai 2018 | Bogota, Colombie | Bettina Krause, Affaires Publiques et Libert\u00e9 Religieuse La troisi\u00e8me rencontre du Forum Chr\u00e9tien Mondial, qui s\u2019est tenue du 24 au 27 avril \u00e0...","og_url":"https:\/\/interamerica.org\/fr\/2018\/05\/un-dirigeant-apporte-une-voix-distinctement-adventiste-a-une-rencontre-chretienne-internationale\/","og_site_name":"\u00c9glise Adventiste Du Septieme Jour - Inter Am\u00e9rique Division","article_published_time":"2018-05-07T21:10:08+00:00","article_modified_time":"2018-05-09T00:48:17+00:00","og_image":[{"width":1280,"height":800,"url":"https:\/\/interamerica.org\/wp-content\/uploads\/2018\/05\/leader-brings-distinctly-adventist-voice-to-international-christian-gathering1280.jpg","type":"image\/jpeg"}],"author":"libna","twitter_card":"summary_large_image","twitter_misc":{"\u00c9crit par":"libna","Dur\u00e9e de lecture estim\u00e9e":"5 minutes"},"schema":{"@context":"https:\/\/schema.org","@graph":[{"@type":"Article","@id":"https:\/\/interamerica.org\/fr\/2018\/05\/un-dirigeant-apporte-une-voix-distinctement-adventiste-a-une-rencontre-chretienne-internationale\/#article","isPartOf":{"@id":"https:\/\/interamerica.org\/fr\/2018\/05\/un-dirigeant-apporte-une-voix-distinctement-adventiste-a-une-rencontre-chretienne-internationale\/"},"author":{"name":"libna","@id":"https:\/\/interamerica.org\/fr\/#\/schema\/person\/29998f2bc2d8bd0d38662909289b54f1"},"headline":"Un dirigeant apporte une voix distinctement Adventiste \u00e0 une rencontre Chr\u00e9tienne internationale","datePublished":"2018-05-07T21:10:08+00:00","dateModified":"2018-05-09T00:48:17+00:00","mainEntityOfPage":{"@id":"https:\/\/interamerica.org\/fr\/2018\/05\/un-dirigeant-apporte-une-voix-distinctement-adventiste-a-une-rencontre-chretienne-internationale\/"},"wordCount":1102,"commentCount":0,"image":{"@id":"https:\/\/interamerica.org\/fr\/2018\/05\/un-dirigeant-apporte-une-voix-distinctement-adventiste-a-une-rencontre-chretienne-internationale\/#primaryimage"},"thumbnailUrl":"https:\/\/interamerica.org\/wp-content\/uploads\/2018\/05\/leader-brings-distinctly-adventist-voice-to-international-christian-gathering1280.jpg","articleSection":["Nouvelles de l'\u00c9glise mondiale","RSS Fran\u00e7ais"],"inLanguage":"fr-FR","potentialAction":[{"@type":"CommentAction","name":"Comment","target":["https:\/\/interamerica.org\/fr\/2018\/05\/un-dirigeant-apporte-une-voix-distinctement-adventiste-a-une-rencontre-chretienne-internationale\/#respond"]}]},{"@type":"WebPage","@id":"https:\/\/interamerica.org\/fr\/2018\/05\/un-dirigeant-apporte-une-voix-distinctement-adventiste-a-une-rencontre-chretienne-internationale\/","url":"https:\/\/interamerica.org\/fr\/2018\/05\/un-dirigeant-apporte-une-voix-distinctement-adventiste-a-une-rencontre-chretienne-internationale\/","name":"Un dirigeant apporte une voix distinctement Adventiste \u00e0 une rencontre Chr\u00e9tienne internationale - \u00c9glise Adventiste Du Septieme Jour - Inter Am\u00e9rique Division","isPartOf":{"@id":"https:\/\/interamerica.org\/fr\/#website"},"primaryImageOfPage":{"@id":"https:\/\/interamerica.org\/fr\/2018\/05\/un-dirigeant-apporte-une-voix-distinctement-adventiste-a-une-rencontre-chretienne-internationale\/#primaryimage"},"image":{"@id":"https:\/\/interamerica.org\/fr\/2018\/05\/un-dirigeant-apporte-une-voix-distinctement-adventiste-a-une-rencontre-chretienne-internationale\/#primaryimage"},"thumbnailUrl":"https:\/\/interamerica.org\/wp-content\/uploads\/2018\/05\/leader-brings-distinctly-adventist-voice-to-international-christian-gathering1280.jpg","datePublished":"2018-05-07T21:10:08+00:00","dateModified":"2018-05-09T00:48:17+00:00","author":{"@id":"https:\/\/interamerica.org\/fr\/#\/schema\/person\/29998f2bc2d8bd0d38662909289b54f1"},"breadcrumb":{"@id":"https:\/\/interamerica.org\/fr\/2018\/05\/un-dirigeant-apporte-une-voix-distinctement-adventiste-a-une-rencontre-chretienne-internationale\/#breadcrumb"},"inLanguage":"fr-FR","potentialAction":[{"@type":"ReadAction","target":["https:\/\/interamerica.org\/fr\/2018\/05\/un-dirigeant-apporte-une-voix-distinctement-adventiste-a-une-rencontre-chretienne-internationale\/"]}]},{"@type":"ImageObject","inLanguage":"fr-FR","@id":"https:\/\/interamerica.org\/fr\/2018\/05\/un-dirigeant-apporte-une-voix-distinctement-adventiste-a-une-rencontre-chretienne-internationale\/#primaryimage","url":"https:\/\/interamerica.org\/wp-content\/uploads\/2018\/05\/leader-brings-distinctly-adventist-voice-to-international-christian-gathering1280.jpg","contentUrl":"https:\/\/interamerica.org\/wp-content\/uploads\/2018\/05\/leader-brings-distinctly-adventist-voice-to-international-christian-gathering1280.jpg","width":1280,"height":800},{"@type":"BreadcrumbList","@id":"https:\/\/interamerica.org\/fr\/2018\/05\/un-dirigeant-apporte-une-voix-distinctement-adventiste-a-une-rencontre-chretienne-internationale\/#breadcrumb","itemListElement":[{"@type":"ListItem","position":1,"name":"Home","item":"https:\/\/interamerica.org\/fr\/"},{"@type":"ListItem","position":2,"name":"Un dirigeant apporte une voix distinctement Adventiste \u00e0 une rencontre Chr\u00e9tienne internationale"}]},{"@type":"WebSite","@id":"https:\/\/interamerica.org\/fr\/#website","url":"https:\/\/interamerica.org\/fr\/","name":"\u00c9glise Adventiste Du Septieme Jour - Inter Am\u00e9rique Division","description":"","potentialAction":[{"@type":"SearchAction","target":{"@type":"EntryPoint","urlTemplate":"https:\/\/interamerica.org\/fr\/?s={search_term_string}"},"query-input":{"@type":"PropertyValueSpecification","valueRequired":true,"valueName":"search_term_string"}}],"inLanguage":"fr-FR"},{"@type":"Person","@id":"https:\/\/interamerica.org\/fr\/#\/schema\/person\/29998f2bc2d8bd0d38662909289b54f1","name":"libna","image":{"@type":"ImageObject","inLanguage":"fr-FR","@id":"https:\/\/secure.gravatar.com\/avatar\/7c5bd30ae4b47a9ba3c856590957fd1d96dc588bf3ac05719d247e126840331f?s=96&d=mm&r=g","url":"https:\/\/secure.gravatar.com\/avatar\/7c5bd30ae4b47a9ba3c856590957fd1d96dc588bf3ac05719d247e126840331f?s=96&d=mm&r=g","contentUrl":"https:\/\/secure.gravatar.com\/avatar\/7c5bd30ae4b47a9ba3c856590957fd1d96dc588bf3ac05719d247e126840331f?s=96&d=mm&r=g","caption":"libna"}}]}},"_links":{"self":[{"href":"https:\/\/interamerica.org\/fr\/wp-json\/wp\/v2\/posts\/41477","targetHints":{"allow":["GET"]}}],"collection":[{"href":"https:\/\/interamerica.org\/fr\/wp-json\/wp\/v2\/posts"}],"about":[{"href":"https:\/\/interamerica.org\/fr\/wp-json\/wp\/v2\/types\/post"}],"author":[{"embeddable":true,"href":"https:\/\/interamerica.org\/fr\/wp-json\/wp\/v2\/users\/3"}],"replies":[{"embeddable":true,"href":"https:\/\/interamerica.org\/fr\/wp-json\/wp\/v2\/comments?post=41477"}],"version-history":[{"count":0,"href":"https:\/\/interamerica.org\/fr\/wp-json\/wp\/v2\/posts\/41477\/revisions"}],"wp:featuredmedia":[{"embeddable":true,"href":"https:\/\/interamerica.org\/fr\/wp-json\/wp\/v2\/media\/41453"}],"wp:attachment":[{"href":"https:\/\/interamerica.org\/fr\/wp-json\/wp\/v2\/media?parent=41477"}],"wp:term":[{"taxonomy":"category","embeddable":true,"href":"https:\/\/interamerica.org\/fr\/wp-json\/wp\/v2\/categories?post=41477"},{"taxonomy":"post_tag","embeddable":true,"href":"https:\/\/interamerica.org\/fr\/wp-json\/wp\/v2\/tags?post=41477"}],"curies":[{"name":"wp","href":"https:\/\/api.w.org\/{rel}","templated":true}]}}