{"id":41497,"date":"2018-05-09T12:14:04","date_gmt":"2018-05-09T16:14:04","guid":{"rendered":"https:\/\/recursing-golick.147-182-135-0.plesk.page\/?p=41497"},"modified":"2018-05-16T10:33:44","modified_gmt":"2018-05-16T14:33:44","slug":"des-rencontres-devangelisation-au-japon-soutenues-par-la-priere","status":"publish","type":"post","link":"https:\/\/interamerica.org\/fr\/2018\/05\/des-rencontres-devangelisation-au-japon-soutenues-par-la-priere\/","title":{"rendered":"Des rencontres d\u2019\u00e9vang\u00e9lisation au Japon soutenues par la pri\u00e8re"},"content":{"rendered":"<p>8 Mai 2018 | Tokyo, Japon | <span class=\"byline-news\">Marcos Paseggi, <em>Adventist Review<\/em><\/span><\/p>\n<p><span class=\"cap\">D<\/span>es rencontres d\u2019\u00e9vang\u00e9lisation organis\u00e9es par les Adventistes du Septi\u00e8me Jour dans tout le Japon ont officiellement d\u00e9but\u00e9 le vendredi 4 mai. Des mois et m\u00eame des ann\u00e9es auparavant cependant, l\u2019initiative \u00ab Tout le Japon 2018 Maranatha \u00bb a commenc\u00e9 par une planification minutieuse, des d\u00e9cisions audacieuses et d\u2019innombrables s\u00e9ances de pri\u00e8re.<\/p>\n<p>\u00ab La pri\u00e8re est essentielle pour le succ\u00e8s de ces rencontres, \u00bb a reconnu le pr\u00e9sident de l\u2019Eglise Adventiste, Ted N.C. Wilson, alors qu\u2019il s\u2019adressait aux membres d\u2019\u00e9glise de la F\u00e9d\u00e9ration de l\u2019Est du Japon lors d\u2019une r\u00e9union de pri\u00e8re commune \u00e0 l\u2019\u00e9glise Adventiste du Septi\u00e8me Jour d\u2019Amanuma, le 2 mai. \u00ab Des milliers d\u2019Adventistes du Septi\u00e8me Jour prient pour le Japon. \u00bb<\/p>\n<p><strong>Des Pri\u00e8res Dans le Monde Entier<\/strong><\/p>\n<p>A des milliers de kilom\u00e8tres de Tokyo, Dwight Nelson, pasteur de Pioneer Memorial Church, partage cette vision. Sur le campus de l\u2019Universit\u00e9 d\u2019Andrews, une institution \u00e9ducative Adventiste qui se trouve \u00e0 Berrien Springs, dans le Michigan, aux \u00c9tats-Unis, il a enr\u00f4l\u00e9 un groupe de personnes pour je\u00fbner et prier pour le Japon. Dwight Nelson, qui est n\u00e9 au Japon dans une famille missionnaire, conna\u00eet tr\u00e8s bien les d\u00e9fis \u00e0 relever. Il se rendra au Japon dans les prochains jours pour tenir des r\u00e9unions d\u2019\u00e9vang\u00e9lisation.<\/p>\n<p>\u00ab Je pr\u00eacherai sur le campus de Saniku Gakuin [\u00e0 Isumi-gun, Chiba], une universit\u00e9 de 201 \u00e9tudiants, dont 70% ne sont pas chr\u00e9tiens, \u00bb a-t-il dit \u00e0 <em>Adventist Review<\/em>.<\/p>\n<p>Dwight Nelson emm\u00e8ne avec lui douze \u00e9tudiants en th\u00e9ologie, qui travailleront sp\u00e9cifiquement pour \u00e9tablir le contact avec les \u00e9tudiants non-chr\u00e9tiens lors des r\u00e9unions du matin et du soir du 14 au 19 mai.<\/p>\n<p>Le mois dernier, l\u2019\u00e9glise de Dwight Nelson a organis\u00e9 une Journ\u00e9e de Pri\u00e8re et de Je\u00fbne pour demander \u00e0 Dieu d\u2019intervenir. \u00ab Notre emphase \u00e9tait \u2018Contre les Forteresses,\u2019 \u00bb a dit Dwight Nelson. \u00ab Et nous sollicitons les pri\u00e8res de la grande famille des Adventistes du Septi\u00e8me Jour, alors que nous entrons dans cette &#8230; strat\u00e9gie d\u2019\u00e9vang\u00e9lisation. \u00bb<\/p>\n<p><strong>Prier pour le Japon \u2013 Dans Tout le Japon<\/strong><\/p>\n<p>Les membres de l\u2019\u00e9glise d\u2019Amanuma connaissent bien la pri\u00e8re. En 2017, ils ont consacr\u00e9 la plus grande partie de l\u2019ann\u00e9e \u00e0 une Formation Pratique en Evang\u00e9lisation et \u00e0 des initiatives d\u2019\u00e9vang\u00e9lisation qui exigeaient, entre autres choses, d\u2019innombrables heures de pri\u00e8re.<\/p>\n<img fetchpriority=\"high\" decoding=\"async\" class=\"aligncenter wp-image-41490\" src=\"https:\/\/recursing-golick.147-182-135-0.plesk.page\/wp-content\/uploads\/2018\/05\/japan-church.jpg\" alt=\"\" width=\"762\" height=\"508\" srcset=\"https:\/\/interamerica.org\/wp-content\/uploads\/2018\/05\/japan-church.jpg 1000w, https:\/\/interamerica.org\/wp-content\/uploads\/2018\/05\/japan-church-300x200.jpg 300w, https:\/\/interamerica.org\/wp-content\/uploads\/2018\/05\/japan-church-768x512.jpg 768w\" sizes=\"(max-width: 762px) 100vw, 762px\" \/>\n<p>\u00ab L\u2019Eglise d\u2019Amanuma &#8230; a pris la pri\u00e8re au s\u00e9rieux, \u00bb a d\u00e9clar\u00e9 Ron Clouzet, directeur de l\u2019Association Pastorale de l\u2019Asie Pacifique Nord (NSD), en d\u00e9crivant l\u2019initiative qu\u2019il a men\u00e9e en octobre 2017. \u00ab Pendant chacun des 40 jours pr\u00e9c\u00e9dant le premier jour des r\u00e9unions d\u2019\u00e9vang\u00e9lisation, 20 ou 30 membres se sont r\u00e9unis t\u00f4t le matin pour prier pour les rencontres. Les \u00e9quipes de pri\u00e8re se sont \u00e9galement impliqu\u00e9es en priant tout en marchant dans diverses sections de la ville, demandant que le Saint-Esprit soit d\u00e9vers\u00e9 sur les gens qu\u2019elles rencontraient dans les rues, les gares et les magasins.<\/p>\n<p>Lors de la r\u00e9union du 2 mai, une partie importante du service \u00e9tait \u00e9galement consacr\u00e9e \u00e0 la pri\u00e8re. Les membres d\u2019\u00e9glise se sont agenouill\u00e9s en petits groupes et ont pri\u00e9 avec ferveur pour que Dieu ouvre la porte du c\u0153ur des membres de leur famille, leurs coll\u00e8gues et leurs voisins.<\/p>\n<p>D\u2019autres \u00e9glises Adventistes \u00e0 travers le Japon ont \u00e9galement pass\u00e9 le week-end de lancement de leurs initiatives d\u2019\u00e9vang\u00e9lisation dans la pri\u00e8re. A l\u2019\u00e9glise Adventiste du Septi\u00e8me Jour de Toyohashi, \u00e0 trois heures au sud-ouest de Tokyo, les membres peu nombreux et vieillissants de la congr\u00e9gation de langue japonaise se sont agenouill\u00e9s pour demander \u00e0 Dieu de b\u00e9nir leurs efforts. M\u00eame si l\u2019\u00e9glise Adventiste de la r\u00e9gion a connu une croissance constante au sein des populations immigrantes &#8211; principalement des Br\u00e9siliens et des Philippins &#8211; la congr\u00e9gation japonaise a cess\u00e9 de cro\u00eetre il y a des ann\u00e9es, selon les dirigeants des \u00e9glises locales.<\/p>\n<p>Il y a un mois, Shigenori Matsueda, un jeune pasteur stagiaire japonais est arriv\u00e9. Lui et son \u00e9pouse Satoe font de leur mieux pour changer les choses.<\/p>\n<p>\u00ab Il y a de grands d\u00e9fis qui nous attendent, \u00bb conc\u00e8dent-ils. \u00ab C\u2019est la raison pour laquelle nous avons besoin de la pri\u00e8re plus que jamais. \u00bb<\/p>\n<p>A une heure de route \u00e0 l\u2019ouest de Toyohashi, au c\u0153ur de la r\u00e9gion industrielle de Toyota-Nagoya, le pasteur de l\u2019\u00e9glise Adventiste du Septi\u00e8me Jour Internationale de Kariya, Roger Ueno, esp\u00e8re lui aussi que la pri\u00e8re et beaucoup de travail permettront que Dieu b\u00e9nisse leurs efforts.<\/p>\n<p>\u00ab Nous vivons dans une r\u00e9gion prosp\u00e8re, et les gens sont devenus extr\u00eamement mat\u00e9rialistes, \u00bb a-t-il dit \u00e0 <em>Adventist Review<\/em>. \u00ab Ils \u00e9tudient et acceptent la v\u00e9rit\u00e9 biblique, mais observer le sabbat est g\u00e9n\u00e9ralement le dernier obstacle. \u00bb Roger Ueno a expliqu\u00e9 que dans une soci\u00e9t\u00e9 qui accorde beaucoup d\u2019importance au fait de travailler dur, garder le sabbat signifie g\u00e9n\u00e9ralement perdre son emploi, car les arrangements religieux sont rares. \u00ab Certaines personnes ont achev\u00e9 leurs \u00e9tudes bibliques et sont pr\u00eates \u00e0 \u00eatre baptis\u00e9es, sauf qu\u2019elles ont encore du mal \u00e0 prendre l\u2019engagement du repos du sabbat, \u00bb a-t-dit-il. \u00ab C\u2019est un d\u00e9fi, c&rsquo;est certain. \u00bb<\/p>\n<p><strong>Prier pour le Saint-Esprit<\/strong><\/p>\n<p>D\u2019apr\u00e8s Ted Wilson, la cl\u00e9 de toute entreprise d\u2019\u00e9vang\u00e9lisation r\u00e9ussie est de faire appel \u00e0 la puissance du Saint Esprit. \u00ab Quelle b\u00e9n\u00e9diction ce sera de laisser le Saint Esprit prendre le contr\u00f4le des rencontres! \u00bb a-t-il dit lors de la r\u00e9union de pri\u00e8re du 2 mai. Mais nous devons demander la pr\u00e9sence du Saint Esprit, a-t-il dit, et prier pour qu\u2019Il intervienne.<\/p>\n<p>\u00ab Prions pour que le Saint Esprit remplisse cette salle et pour que les gens [qui ont \u00e9t\u00e9 invit\u00e9s] viennent, \u00bb a-t-il dit.<\/p>\n<p>\u00ab Nous vivons une \u00e9poque tr\u00e8s spectaculaire parce que J\u00e9sus vient bient\u00f4t, \u00bb a ajout\u00e9 Ted Wilson sur une note d\u2019espoir. \u00ab Alors que nous faisons appel \u00e0 la puissance du Saint Esprit, nous serons \u00e0 nouveau t\u00e9moins de miracles. \u00bb<\/p>\n<p>Traduction: Patrick Luciathe<\/p>\n","protected":false},"excerpt":{"rendered":"<p>8 Mai 2018 | Tokyo, Japon | Marcos Paseggi, Adventist Review Des rencontres d\u2019\u00e9vang\u00e9lisation organis\u00e9es par les Adventistes du Septi\u00e8me Jour dans tout le Japon ont officiellement d\u00e9but\u00e9 le vendredi&#8230;<\/p>\n","protected":false},"author":3,"featured_media":41489,"comment_status":"open","ping_status":"closed","sticky":false,"template":"","format":"standard","meta":{"_acf_changed":false,"footnotes":""},"categories":[18,19],"tags":[],"class_list":["post-41497","post","type-post","status-publish","format-standard","has-post-thumbnail","hentry","category-nouvelles-de-leglise-mondiale","category-rss-francais"],"acf":[],"yoast_head":"<!-- This site is optimized with the Yoast SEO plugin v27.3 - https:\/\/yoast.com\/product\/yoast-seo-wordpress\/ -->\n<title>Des rencontres d\u2019\u00e9vang\u00e9lisation au Japon soutenues par la pri\u00e8re - \u00c9glise Adventiste Du Septieme Jour - Inter Am\u00e9rique Division<\/title>\n<meta name=\"robots\" content=\"index, follow, max-snippet:-1, max-image-preview:large, max-video-preview:-1\" \/>\n<link rel=\"canonical\" href=\"https:\/\/interamerica.org\/fr\/2018\/05\/des-rencontres-devangelisation-au-japon-soutenues-par-la-priere\/\" \/>\n<meta property=\"og:locale\" content=\"fr_FR\" \/>\n<meta property=\"og:type\" content=\"article\" \/>\n<meta property=\"og:title\" content=\"Des rencontres d\u2019\u00e9vang\u00e9lisation au Japon soutenues par la pri\u00e8re - \u00c9glise Adventiste Du Septieme Jour - Inter Am\u00e9rique Division\" \/>\n<meta property=\"og:description\" content=\"8 Mai 2018 | Tokyo, Japon | Marcos Paseggi, Adventist Review Des rencontres d\u2019\u00e9vang\u00e9lisation organis\u00e9es par les Adventistes du Septi\u00e8me Jour dans tout le Japon ont officiellement d\u00e9but\u00e9 le vendredi...\" \/>\n<meta property=\"og:url\" content=\"https:\/\/interamerica.org\/fr\/2018\/05\/des-rencontres-devangelisation-au-japon-soutenues-par-la-priere\/\" \/>\n<meta property=\"og:site_name\" content=\"\u00c9glise Adventiste Du Septieme Jour - Inter Am\u00e9rique Division\" \/>\n<meta property=\"article:published_time\" content=\"2018-05-09T16:14:04+00:00\" \/>\n<meta property=\"article:modified_time\" content=\"2018-05-16T14:33:44+00:00\" \/>\n<meta property=\"og:image\" content=\"https:\/\/interamerica.org\/wp-content\/uploads\/2018\/05\/evangelistic-meetings-across-japan-propelled-by-prayer1280.jpg\" \/>\n\t<meta property=\"og:image:width\" content=\"1280\" \/>\n\t<meta property=\"og:image:height\" content=\"800\" \/>\n\t<meta property=\"og:image:type\" content=\"image\/jpeg\" \/>\n<meta name=\"author\" content=\"libna\" \/>\n<meta name=\"twitter:card\" content=\"summary_large_image\" \/>\n<meta name=\"twitter:label1\" content=\"\u00c9crit par\" \/>\n\t<meta name=\"twitter:data1\" content=\"libna\" \/>\n\t<meta name=\"twitter:label2\" content=\"Dur\u00e9e de lecture estim\u00e9e\" \/>\n\t<meta name=\"twitter:data2\" content=\"5 minutes\" \/>\n<script type=\"application\/ld+json\" class=\"yoast-schema-graph\">{\"@context\":\"https:\\\/\\\/schema.org\",\"@graph\":[{\"@type\":\"Article\",\"@id\":\"https:\\\/\\\/interamerica.org\\\/fr\\\/2018\\\/05\\\/des-rencontres-devangelisation-au-japon-soutenues-par-la-priere\\\/#article\",\"isPartOf\":{\"@id\":\"https:\\\/\\\/interamerica.org\\\/fr\\\/2018\\\/05\\\/des-rencontres-devangelisation-au-japon-soutenues-par-la-priere\\\/\"},\"author\":{\"name\":\"libna\",\"@id\":\"https:\\\/\\\/interamerica.org\\\/fr\\\/#\\\/schema\\\/person\\\/29998f2bc2d8bd0d38662909289b54f1\"},\"headline\":\"Des rencontres d\u2019\u00e9vang\u00e9lisation au Japon soutenues par la pri\u00e8re\",\"datePublished\":\"2018-05-09T16:14:04+00:00\",\"dateModified\":\"2018-05-16T14:33:44+00:00\",\"mainEntityOfPage\":{\"@id\":\"https:\\\/\\\/interamerica.org\\\/fr\\\/2018\\\/05\\\/des-rencontres-devangelisation-au-japon-soutenues-par-la-priere\\\/\"},\"wordCount\":1075,\"commentCount\":0,\"image\":{\"@id\":\"https:\\\/\\\/interamerica.org\\\/fr\\\/2018\\\/05\\\/des-rencontres-devangelisation-au-japon-soutenues-par-la-priere\\\/#primaryimage\"},\"thumbnailUrl\":\"https:\\\/\\\/interamerica.org\\\/wp-content\\\/uploads\\\/2018\\\/05\\\/evangelistic-meetings-across-japan-propelled-by-prayer1280.jpg\",\"articleSection\":[\"Nouvelles de l'\u00c9glise mondiale\",\"RSS Fran\u00e7ais\"],\"inLanguage\":\"fr-FR\",\"potentialAction\":[{\"@type\":\"CommentAction\",\"name\":\"Comment\",\"target\":[\"https:\\\/\\\/interamerica.org\\\/fr\\\/2018\\\/05\\\/des-rencontres-devangelisation-au-japon-soutenues-par-la-priere\\\/#respond\"]}]},{\"@type\":\"WebPage\",\"@id\":\"https:\\\/\\\/interamerica.org\\\/fr\\\/2018\\\/05\\\/des-rencontres-devangelisation-au-japon-soutenues-par-la-priere\\\/\",\"url\":\"https:\\\/\\\/interamerica.org\\\/fr\\\/2018\\\/05\\\/des-rencontres-devangelisation-au-japon-soutenues-par-la-priere\\\/\",\"name\":\"Des rencontres d\u2019\u00e9vang\u00e9lisation au Japon soutenues par la pri\u00e8re - \u00c9glise Adventiste Du Septieme Jour - Inter Am\u00e9rique Division\",\"isPartOf\":{\"@id\":\"https:\\\/\\\/interamerica.org\\\/fr\\\/#website\"},\"primaryImageOfPage\":{\"@id\":\"https:\\\/\\\/interamerica.org\\\/fr\\\/2018\\\/05\\\/des-rencontres-devangelisation-au-japon-soutenues-par-la-priere\\\/#primaryimage\"},\"image\":{\"@id\":\"https:\\\/\\\/interamerica.org\\\/fr\\\/2018\\\/05\\\/des-rencontres-devangelisation-au-japon-soutenues-par-la-priere\\\/#primaryimage\"},\"thumbnailUrl\":\"https:\\\/\\\/interamerica.org\\\/wp-content\\\/uploads\\\/2018\\\/05\\\/evangelistic-meetings-across-japan-propelled-by-prayer1280.jpg\",\"datePublished\":\"2018-05-09T16:14:04+00:00\",\"dateModified\":\"2018-05-16T14:33:44+00:00\",\"author\":{\"@id\":\"https:\\\/\\\/interamerica.org\\\/fr\\\/#\\\/schema\\\/person\\\/29998f2bc2d8bd0d38662909289b54f1\"},\"breadcrumb\":{\"@id\":\"https:\\\/\\\/interamerica.org\\\/fr\\\/2018\\\/05\\\/des-rencontres-devangelisation-au-japon-soutenues-par-la-priere\\\/#breadcrumb\"},\"inLanguage\":\"fr-FR\",\"potentialAction\":[{\"@type\":\"ReadAction\",\"target\":[\"https:\\\/\\\/interamerica.org\\\/fr\\\/2018\\\/05\\\/des-rencontres-devangelisation-au-japon-soutenues-par-la-priere\\\/\"]}]},{\"@type\":\"ImageObject\",\"inLanguage\":\"fr-FR\",\"@id\":\"https:\\\/\\\/interamerica.org\\\/fr\\\/2018\\\/05\\\/des-rencontres-devangelisation-au-japon-soutenues-par-la-priere\\\/#primaryimage\",\"url\":\"https:\\\/\\\/interamerica.org\\\/wp-content\\\/uploads\\\/2018\\\/05\\\/evangelistic-meetings-across-japan-propelled-by-prayer1280.jpg\",\"contentUrl\":\"https:\\\/\\\/interamerica.org\\\/wp-content\\\/uploads\\\/2018\\\/05\\\/evangelistic-meetings-across-japan-propelled-by-prayer1280.jpg\",\"width\":1280,\"height\":800},{\"@type\":\"BreadcrumbList\",\"@id\":\"https:\\\/\\\/interamerica.org\\\/fr\\\/2018\\\/05\\\/des-rencontres-devangelisation-au-japon-soutenues-par-la-priere\\\/#breadcrumb\",\"itemListElement\":[{\"@type\":\"ListItem\",\"position\":1,\"name\":\"Home\",\"item\":\"https:\\\/\\\/interamerica.org\\\/fr\\\/\"},{\"@type\":\"ListItem\",\"position\":2,\"name\":\"Des rencontres d\u2019\u00e9vang\u00e9lisation au Japon soutenues par la pri\u00e8re\"}]},{\"@type\":\"WebSite\",\"@id\":\"https:\\\/\\\/interamerica.org\\\/fr\\\/#website\",\"url\":\"https:\\\/\\\/interamerica.org\\\/fr\\\/\",\"name\":\"\u00c9glise Adventiste Du Septieme Jour - Inter Am\u00e9rique Division\",\"description\":\"\",\"potentialAction\":[{\"@type\":\"SearchAction\",\"target\":{\"@type\":\"EntryPoint\",\"urlTemplate\":\"https:\\\/\\\/interamerica.org\\\/fr\\\/?s={search_term_string}\"},\"query-input\":{\"@type\":\"PropertyValueSpecification\",\"valueRequired\":true,\"valueName\":\"search_term_string\"}}],\"inLanguage\":\"fr-FR\"},{\"@type\":\"Person\",\"@id\":\"https:\\\/\\\/interamerica.org\\\/fr\\\/#\\\/schema\\\/person\\\/29998f2bc2d8bd0d38662909289b54f1\",\"name\":\"libna\",\"image\":{\"@type\":\"ImageObject\",\"inLanguage\":\"fr-FR\",\"@id\":\"https:\\\/\\\/secure.gravatar.com\\\/avatar\\\/7c5bd30ae4b47a9ba3c856590957fd1d96dc588bf3ac05719d247e126840331f?s=96&d=mm&r=g\",\"url\":\"https:\\\/\\\/secure.gravatar.com\\\/avatar\\\/7c5bd30ae4b47a9ba3c856590957fd1d96dc588bf3ac05719d247e126840331f?s=96&d=mm&r=g\",\"contentUrl\":\"https:\\\/\\\/secure.gravatar.com\\\/avatar\\\/7c5bd30ae4b47a9ba3c856590957fd1d96dc588bf3ac05719d247e126840331f?s=96&d=mm&r=g\",\"caption\":\"libna\"}}]}<\/script>\n<!-- \/ Yoast SEO plugin. -->","yoast_head_json":{"title":"Des rencontres d\u2019\u00e9vang\u00e9lisation au Japon soutenues par la pri\u00e8re - \u00c9glise Adventiste Du Septieme Jour - Inter Am\u00e9rique Division","robots":{"index":"index","follow":"follow","max-snippet":"max-snippet:-1","max-image-preview":"max-image-preview:large","max-video-preview":"max-video-preview:-1"},"canonical":"https:\/\/interamerica.org\/fr\/2018\/05\/des-rencontres-devangelisation-au-japon-soutenues-par-la-priere\/","og_locale":"fr_FR","og_type":"article","og_title":"Des rencontres d\u2019\u00e9vang\u00e9lisation au Japon soutenues par la pri\u00e8re - \u00c9glise Adventiste Du Septieme Jour - Inter Am\u00e9rique Division","og_description":"8 Mai 2018 | Tokyo, Japon | Marcos Paseggi, Adventist Review Des rencontres d\u2019\u00e9vang\u00e9lisation organis\u00e9es par les Adventistes du Septi\u00e8me Jour dans tout le Japon ont officiellement d\u00e9but\u00e9 le vendredi...","og_url":"https:\/\/interamerica.org\/fr\/2018\/05\/des-rencontres-devangelisation-au-japon-soutenues-par-la-priere\/","og_site_name":"\u00c9glise Adventiste Du Septieme Jour - Inter Am\u00e9rique Division","article_published_time":"2018-05-09T16:14:04+00:00","article_modified_time":"2018-05-16T14:33:44+00:00","og_image":[{"width":1280,"height":800,"url":"https:\/\/interamerica.org\/wp-content\/uploads\/2018\/05\/evangelistic-meetings-across-japan-propelled-by-prayer1280.jpg","type":"image\/jpeg"}],"author":"libna","twitter_card":"summary_large_image","twitter_misc":{"\u00c9crit par":"libna","Dur\u00e9e de lecture estim\u00e9e":"5 minutes"},"schema":{"@context":"https:\/\/schema.org","@graph":[{"@type":"Article","@id":"https:\/\/interamerica.org\/fr\/2018\/05\/des-rencontres-devangelisation-au-japon-soutenues-par-la-priere\/#article","isPartOf":{"@id":"https:\/\/interamerica.org\/fr\/2018\/05\/des-rencontres-devangelisation-au-japon-soutenues-par-la-priere\/"},"author":{"name":"libna","@id":"https:\/\/interamerica.org\/fr\/#\/schema\/person\/29998f2bc2d8bd0d38662909289b54f1"},"headline":"Des rencontres d\u2019\u00e9vang\u00e9lisation au Japon soutenues par la pri\u00e8re","datePublished":"2018-05-09T16:14:04+00:00","dateModified":"2018-05-16T14:33:44+00:00","mainEntityOfPage":{"@id":"https:\/\/interamerica.org\/fr\/2018\/05\/des-rencontres-devangelisation-au-japon-soutenues-par-la-priere\/"},"wordCount":1075,"commentCount":0,"image":{"@id":"https:\/\/interamerica.org\/fr\/2018\/05\/des-rencontres-devangelisation-au-japon-soutenues-par-la-priere\/#primaryimage"},"thumbnailUrl":"https:\/\/interamerica.org\/wp-content\/uploads\/2018\/05\/evangelistic-meetings-across-japan-propelled-by-prayer1280.jpg","articleSection":["Nouvelles de l'\u00c9glise mondiale","RSS Fran\u00e7ais"],"inLanguage":"fr-FR","potentialAction":[{"@type":"CommentAction","name":"Comment","target":["https:\/\/interamerica.org\/fr\/2018\/05\/des-rencontres-devangelisation-au-japon-soutenues-par-la-priere\/#respond"]}]},{"@type":"WebPage","@id":"https:\/\/interamerica.org\/fr\/2018\/05\/des-rencontres-devangelisation-au-japon-soutenues-par-la-priere\/","url":"https:\/\/interamerica.org\/fr\/2018\/05\/des-rencontres-devangelisation-au-japon-soutenues-par-la-priere\/","name":"Des rencontres d\u2019\u00e9vang\u00e9lisation au Japon soutenues par la pri\u00e8re - \u00c9glise Adventiste Du Septieme Jour - Inter Am\u00e9rique Division","isPartOf":{"@id":"https:\/\/interamerica.org\/fr\/#website"},"primaryImageOfPage":{"@id":"https:\/\/interamerica.org\/fr\/2018\/05\/des-rencontres-devangelisation-au-japon-soutenues-par-la-priere\/#primaryimage"},"image":{"@id":"https:\/\/interamerica.org\/fr\/2018\/05\/des-rencontres-devangelisation-au-japon-soutenues-par-la-priere\/#primaryimage"},"thumbnailUrl":"https:\/\/interamerica.org\/wp-content\/uploads\/2018\/05\/evangelistic-meetings-across-japan-propelled-by-prayer1280.jpg","datePublished":"2018-05-09T16:14:04+00:00","dateModified":"2018-05-16T14:33:44+00:00","author":{"@id":"https:\/\/interamerica.org\/fr\/#\/schema\/person\/29998f2bc2d8bd0d38662909289b54f1"},"breadcrumb":{"@id":"https:\/\/interamerica.org\/fr\/2018\/05\/des-rencontres-devangelisation-au-japon-soutenues-par-la-priere\/#breadcrumb"},"inLanguage":"fr-FR","potentialAction":[{"@type":"ReadAction","target":["https:\/\/interamerica.org\/fr\/2018\/05\/des-rencontres-devangelisation-au-japon-soutenues-par-la-priere\/"]}]},{"@type":"ImageObject","inLanguage":"fr-FR","@id":"https:\/\/interamerica.org\/fr\/2018\/05\/des-rencontres-devangelisation-au-japon-soutenues-par-la-priere\/#primaryimage","url":"https:\/\/interamerica.org\/wp-content\/uploads\/2018\/05\/evangelistic-meetings-across-japan-propelled-by-prayer1280.jpg","contentUrl":"https:\/\/interamerica.org\/wp-content\/uploads\/2018\/05\/evangelistic-meetings-across-japan-propelled-by-prayer1280.jpg","width":1280,"height":800},{"@type":"BreadcrumbList","@id":"https:\/\/interamerica.org\/fr\/2018\/05\/des-rencontres-devangelisation-au-japon-soutenues-par-la-priere\/#breadcrumb","itemListElement":[{"@type":"ListItem","position":1,"name":"Home","item":"https:\/\/interamerica.org\/fr\/"},{"@type":"ListItem","position":2,"name":"Des rencontres d\u2019\u00e9vang\u00e9lisation au Japon soutenues par la pri\u00e8re"}]},{"@type":"WebSite","@id":"https:\/\/interamerica.org\/fr\/#website","url":"https:\/\/interamerica.org\/fr\/","name":"\u00c9glise Adventiste Du Septieme Jour - Inter Am\u00e9rique Division","description":"","potentialAction":[{"@type":"SearchAction","target":{"@type":"EntryPoint","urlTemplate":"https:\/\/interamerica.org\/fr\/?s={search_term_string}"},"query-input":{"@type":"PropertyValueSpecification","valueRequired":true,"valueName":"search_term_string"}}],"inLanguage":"fr-FR"},{"@type":"Person","@id":"https:\/\/interamerica.org\/fr\/#\/schema\/person\/29998f2bc2d8bd0d38662909289b54f1","name":"libna","image":{"@type":"ImageObject","inLanguage":"fr-FR","@id":"https:\/\/secure.gravatar.com\/avatar\/7c5bd30ae4b47a9ba3c856590957fd1d96dc588bf3ac05719d247e126840331f?s=96&d=mm&r=g","url":"https:\/\/secure.gravatar.com\/avatar\/7c5bd30ae4b47a9ba3c856590957fd1d96dc588bf3ac05719d247e126840331f?s=96&d=mm&r=g","contentUrl":"https:\/\/secure.gravatar.com\/avatar\/7c5bd30ae4b47a9ba3c856590957fd1d96dc588bf3ac05719d247e126840331f?s=96&d=mm&r=g","caption":"libna"}}]}},"_links":{"self":[{"href":"https:\/\/interamerica.org\/fr\/wp-json\/wp\/v2\/posts\/41497","targetHints":{"allow":["GET"]}}],"collection":[{"href":"https:\/\/interamerica.org\/fr\/wp-json\/wp\/v2\/posts"}],"about":[{"href":"https:\/\/interamerica.org\/fr\/wp-json\/wp\/v2\/types\/post"}],"author":[{"embeddable":true,"href":"https:\/\/interamerica.org\/fr\/wp-json\/wp\/v2\/users\/3"}],"replies":[{"embeddable":true,"href":"https:\/\/interamerica.org\/fr\/wp-json\/wp\/v2\/comments?post=41497"}],"version-history":[{"count":0,"href":"https:\/\/interamerica.org\/fr\/wp-json\/wp\/v2\/posts\/41497\/revisions"}],"wp:featuredmedia":[{"embeddable":true,"href":"https:\/\/interamerica.org\/fr\/wp-json\/wp\/v2\/media\/41489"}],"wp:attachment":[{"href":"https:\/\/interamerica.org\/fr\/wp-json\/wp\/v2\/media?parent=41497"}],"wp:term":[{"taxonomy":"category","embeddable":true,"href":"https:\/\/interamerica.org\/fr\/wp-json\/wp\/v2\/categories?post=41497"},{"taxonomy":"post_tag","embeddable":true,"href":"https:\/\/interamerica.org\/fr\/wp-json\/wp\/v2\/tags?post=41497"}],"curies":[{"name":"wp","href":"https:\/\/api.w.org\/{rel}","templated":true}]}}