{"id":41526,"date":"2018-05-10T17:11:04","date_gmt":"2018-05-10T21:11:04","guid":{"rendered":"https:\/\/recursing-golick.147-182-135-0.plesk.page\/?p=41526"},"modified":"2018-05-11T11:12:19","modified_gmt":"2018-05-11T15:12:19","slug":"en-amerique-centrale-une-conference-biblique-invite-les-pasteurs-a-defendre-les-verites-bibliques-et-les-ecrits-dellen-g-white","status":"publish","type":"post","link":"https:\/\/interamerica.org\/fr\/2018\/05\/en-amerique-centrale-une-conference-biblique-invite-les-pasteurs-a-defendre-les-verites-bibliques-et-les-ecrits-dellen-g-white\/","title":{"rendered":"En Am\u00e9rique Centrale, une conf\u00e9rence biblique invite les pasteurs \u00e0 d\u00e9fendre les v\u00e9rit\u00e9s bibliques et les \u00e9crits d\u2019Ellen G. White"},"content":{"rendered":"<div id=\"attachment_41510\" style=\"width: 770px\" class=\"wp-caption aligncenter\"><img fetchpriority=\"high\" decoding=\"async\" aria-describedby=\"caption-attachment-41510\" class=\" wp-image-41510\" src=\"https:\/\/recursing-golick.147-182-135-0.plesk.page\/wp-content\/uploads\/2018\/05\/bibleconf-cr-1280-1024x640.jpg\" alt=\"\" width=\"760\" height=\"475\" srcset=\"https:\/\/interamerica.org\/wp-content\/uploads\/2018\/05\/bibleconf-cr-1280-1024x640.jpg 1024w, https:\/\/interamerica.org\/wp-content\/uploads\/2018\/05\/bibleconf-cr-1280-300x188.jpg 300w, https:\/\/interamerica.org\/wp-content\/uploads\/2018\/05\/bibleconf-cr-1280-768x480.jpg 768w, https:\/\/interamerica.org\/wp-content\/uploads\/2018\/05\/bibleconf-cr-1280.jpg 1280w\" sizes=\"(max-width: 760px) 100vw, 760px\" \/><p id=\"caption-attachment-41510\" class=\"wp-caption-text\">Les intervenants \u00e0 la conf\u00e9rence biblique qui s\u2019est tenue \u00e0 l\u2019Universit\u00e9 Adventiste d\u2019Am\u00e9rique Centrale \u00e0 Alajuela, au Costa Rica, du 25 au 28 avril 2018. Image de l\u2019Universit\u00e9 Adventiste d\u2019Am\u00e9rique Centrale.<\/p><\/div>\n<p>9 mai 2018 | Alajuela, Costa Rica | Gustavo Menendez \/ DIA<\/p>\n<p>Des centaines de pasteurs et de la\u00efcs Adventistes du Septi\u00e8me Jour venus de toute l\u2019Am\u00e9rique Centrale se sont r\u00e9cemment r\u00e9unis pour une conf\u00e9rence autour de la Bible et du don de proph\u00e9tie afin de r\u00e9affirmer leur engagement \u00e0 d\u00e9fendre les v\u00e9rit\u00e9s bibliques en tant que seule r\u00e8gle de foi et de pratique.<\/p>\n<p>Les plus de 600 personnes pr\u00e9sentes ont t\u00e9moign\u00e9 \u00e0 propos du fait que la Bible place le don de proph\u00e9tie parmi les dons du Saint Esprit destin\u00e9s \u00e0 \u00e9difier l\u2019\u00e9glise Chr\u00e9tienne, pendant la conf\u00e9rence de quatre jours qui s\u2019est d\u00e9roul\u00e9e \u00e0 l\u2019Universit\u00e9 Adventiste Centram\u00e9ricaine (UNADECA), \u00e0 Alajuela, au Costa Rica, du 25 au 28 avril 2018.<\/p>\n<p>Il s\u2019agissait de la premi\u00e8re conf\u00e9rence de ce type organis\u00e9e pour les pasteurs et les la\u00efcs dirigeant des \u00e9glises au Belize, au Guatemala, au Salvador, au Honduras, au Nicaragua, au Costa Rica et au Panama, a d\u00e9clar\u00e9 Dr Franz R\u00edos, directeur du Centre Ellen White sur le campus de <a href=\"mailto:http:\/\/unadeca.ac.cr\/home\/\">l&rsquo;UNADECA<\/a>, et organisateur du programme.<\/p>\n<p>\u00ab La Bible est notre seule r\u00e8gle de foi et de pratique et en tant qu\u2019Adventistes, nous n\u2019avons pas de credo, le credo c\u2019est la Bible et nous acceptons le don proph\u00e9tique comme une v\u00e9ritable manifestation des derniers jours, \u00bb a d\u00e9clar\u00e9 Dr. Alberto Timm, directeur adjoint de la Fondation Ellen White (White Estate). \u00ab Nous reconnaissons le principe Sola Scriptura, selon lequel la Bible est l\u2019autorit\u00e9 exclusive pour sa propre interpr\u00e9tation. \u00bb<\/p>\n<p>Dr Timm a mis l\u2019emphase sur le fait que l\u2019\u00e9glise croit dans l\u2019exactitude historique des r\u00e9cits bibliques, et sur le fait que le Don de Proph\u00e9tie ne remplace pas la Bible mais \u00ab nous ram\u00e8ne \u00e0 l\u2019autorit\u00e9 de la Bible. \u00bb<\/p>\n<p><strong>Dieu nous parle<\/strong><\/p>\n<p>Il s\u2019agit de la mani\u00e8re dont Dieu a d\u00e9cid\u00e9 de parler \u00e0 l\u2019homme, a d\u00e9clar\u00e9 Dr Elias Brasil de Souza, directeur de l\u2019Institut de Recherche Biblique, une institution de l\u2019\u00c9glise Adventiste mondiale. \u00ab Nous croyons en un Dieu qui communique avec nous et qui utilise la Bible pour communiquer Ses messages et les proph\u00e8tes comme Ses messagers, \u00bb a d\u00e9clar\u00e9 Dr Brasil de Souza.<\/p>\n<p>Tout comme Dieu a utilis\u00e9 les proph\u00e8tes de la Bible pour guider son peuple, il a \u00e9galement utilis\u00e9 Ellen G. White, une co-fondatrice de l\u2019\u00c9glise Adventiste du Septi\u00e8me jour, a dit Dr Frank Hassel, directeur adjoint de l\u2019Institut de Recherche Biblique. \u00ab Ses \u00e9crits ont \u00e9t\u00e9 cruciaux dans l\u2019\u00e9mergence et la consolidation des d\u00e9buts de l\u2019Eglise Adventiste du Septi\u00e8me Jour, \u00bb a d\u00e9clar\u00e9 Franck Hassel.<\/p>\n<p>Les pasteurs et les la\u00efcs ont \u00e9t\u00e9 invit\u00e9s \u00e0 ne pas courir le risque d\u2019appliquer des distorsions herm\u00e9neutiques en interpr\u00e9tant en chaire les Saintes \u00c9critures et l\u2019Esprit de Proph\u00e9tie, comme par exemple le r\u00e9ductionnisme, o\u00f9 seul un point de v\u00e9rit\u00e9 est soulign\u00e9 et o\u00f9 on perd de vue l\u2019\u00e9tendue du message de l\u2019\u00e9vangile.<\/p>\n<div id=\"attachment_41514\" style=\"width: 769px\" class=\"wp-caption aligncenter\"><img decoding=\"async\" aria-describedby=\"caption-attachment-41514\" class=\" wp-image-41514\" src=\"https:\/\/recursing-golick.147-182-135-0.plesk.page\/wp-content\/uploads\/2018\/05\/bibleconf-cr.jpg\" alt=\"\" width=\"759\" height=\"475\" srcset=\"https:\/\/interamerica.org\/wp-content\/uploads\/2018\/05\/bibleconf-cr.jpg 1000w, https:\/\/interamerica.org\/wp-content\/uploads\/2018\/05\/bibleconf-cr-300x188.jpg 300w, https:\/\/interamerica.org\/wp-content\/uploads\/2018\/05\/bibleconf-cr-768x480.jpg 768w\" sizes=\"(max-width: 759px) 100vw, 759px\" \/><p id=\"caption-attachment-41514\" class=\"wp-caption-text\">Plus de 600 pasteurs et la\u00efcs ont particip\u00e9 \u00e0 la Conf\u00e9rence Biblique le mois dernier. Image de l\u2019Universit\u00e9 Adventiste d\u2019Am\u00e9rique Centrale<\/p><\/div>\n<p>\u00ab En tant qu\u2019Adventistes du Septi\u00e8me Jour, nous devons \u00eatre \u00e9quilibr\u00e9s, \u00bb a ajout\u00e9 Dr Alberto Timm. \u00ab Sans \u00eatre ni fanatiques ni lib\u00e9raux, nous devons apprendre \u00e0 faire la distinction entre les lois et les normes, les principes et les conseils, nous devons \u00e9tudier le contexte historique, grammatical et th\u00e9ologique des \u00c9critures et des \u00e9crits d\u2019Ellen G. White. \u00bb<\/p>\n<p><strong>Atteindre les nouvelles g\u00e9n\u00e9rations<\/strong><\/p>\n<p>L\u2019une des principales pr\u00e9occupations pr\u00e9sent\u00e9es au cours de la conf\u00e9rence \u00e9tait la responsabilit\u00e9 d\u2019atteindre et d\u2019impliquer les nouvelles g\u00e9n\u00e9rations d\u2019Adventistes dont les questions et les d\u00e9fis demandent que l\u2019\u00e9glise donne de la pertinence au minist\u00e8re proph\u00e9tique d\u2019Ellen G. White.<\/p>\n<p>Dr. Dwayne Esmond, directeur adjoint de la Fondation Ellen White, a d\u00e9clar\u00e9 que \u00ab les nouvelles g\u00e9n\u00e9rations de l\u2019\u00e9glise, en particulier celles qui sont n\u00e9es entre 1990 et 1994, sont tr\u00e8s cr\u00e9atives et innovantes et ont besoin d\u2019une approche diff\u00e9rente de l\u2019Esprit de Proph\u00e9tie, non comme une s\u00e9rie de codes qui visent \u00e0 changer leur comportement ou leur style de vie, mais comme une source d\u2019inspiration qui les am\u00e8nent \u00e0 avoir une relation plus intime avec J\u00e9sus. \u00bb<\/p>\n<p>Les participants \u00e0 la conf\u00e9rence ont pris connaissance des r\u00e9sultats d\u2019une \u00e9tude r\u00e9alis\u00e9e par le Dr. R\u00edos sur un groupe de 4406 membres de 725 \u00e9glises dans les pays d\u2019Am\u00e9rique Centrale et portant sur le comportement des membres d\u2019\u00e9glise qui lisent r\u00e9guli\u00e8rement les \u00e9crits d\u2019Ellen G. White et ceux qui ne le font pas.<\/p>\n<p>Dr R\u00edos, qui a recueilli les donn\u00e9es l\u2019ann\u00e9e derni\u00e8re, a dit qu\u2019il a reproduit l\u2019\u00e9tude r\u00e9alis\u00e9e \u00e0 l\u2019origine par Roger L. Dudley et Des Cumming, Jr. en 1980 pour l\u2019Institut des Minist\u00e8res de l\u2019\u00c9glise de la Division Nord Am\u00e9ricaine.<\/p>\n<p>Les r\u00e9sultats ont \u00e9t\u00e9 tr\u00e8s r\u00e9v\u00e9lateurs, d\u2019apr\u00e8s Dr R\u00edos. \u00ab Quelque 61,1% des personnes interrog\u00e9es ont avou\u00e9 ne pas lire les \u00e9crits d\u2019Ellen G. White, et seulement 38,9% des membres d\u2019\u00e9glise en Am\u00e9rique Centrale les lisent r\u00e9guli\u00e8rement. Ceux qui lisent sont membres depuis plus de 20 ans, \u00bb a d\u00e9clar\u00e9 Dr R\u00edos.<\/p>\n<p>L\u2019\u00e9tude a \u00e9galement confirm\u00e9 l\u2019effet positif de la lecture r\u00e9guli\u00e8re des \u00e9crits de l\u2019Esprit de Proph\u00e9tie ; en effet 87,1% des membres ont indiqu\u00e9 qu\u2019ils avaient une meilleure relation avec Dieu, a rapport\u00e9 Dr R\u00edos. Environ 82,6% ont pu mieux reconnaitre leurs dons spirituels pour le service dans la communaut\u00e9; 76% des personnes interrog\u00e9es sont plus conscientes du besoin de fonds pour l\u2019\u00e9vang\u00e9lisation et affirment qu\u2019elles sont mieux pr\u00e9par\u00e9es pour t\u00e9moigner; et 66,4% ont d\u00e9clar\u00e9 qu\u2019elles ont r\u00e9guli\u00e8rement le culte familial, selon l\u2019\u00e9tude.<\/p>\n<p>\u00ab Nous n\u2019avons pas r\u00e9ussi \u00e0 r\u00e9concilier les nouvelles g\u00e9n\u00e9rations de l\u2019\u00e9glise avec les pr\u00e9cieuses v\u00e9rit\u00e9s de l\u2019Esprit de Proph\u00e9tie, \u00bb a d\u00e9clar\u00e9 Dr R\u00edos.<\/p>\n<p>La conf\u00e9rence biblique a fait \u00e9merger plusieurs r\u00e9solutions recommand\u00e9es aux dirigeants d\u2019\u00e9glise et aux pasteurs d\u2019Am\u00e9rique Centrale invitant \u00e0 consacrer un mois chaque ann\u00e9e \u00e0 la promotion de la lecture des \u00e9crits de l\u2019Esprit de Proph\u00e9tie dans toutes les \u00e9glises et les petits groupes, ainsi que d\u2019autres lectures avec les initiatives de l\u2019\u00e9glise \u00ab Raviv\u00e9s par Sa Parole \u00bb et \u00ab Croyez en Ses Proph\u00e8tes. \u00bb Les dirigeants se sont \u00e9galement engag\u00e9s \u00e0 utiliser la technologie num\u00e9rique afin d\u2019atteindre les jeunes g\u00e9n\u00e9rations avec le message de l\u2019Esprit de Proph\u00e9tie.<\/p>\n<p>Parmi les intervenants de la conf\u00e9rence biblique on trouvait \u00e9galement Dr Jim Nix, directeur du <a href=\"mailto:http:\/\/www.whiteestate.org\/\">Ellen G. White Estate<\/a> (Fondation Ellen G. White), Dr Clinton Wahlen et Frank Hassel de l\u2019Institut de Recherche Biblique; Pasteur Isra\u00ebl Leito, pr\u00e9sident de la Division Inter Am\u00e9ricaine, Dr Efra\u00edn Vel\u00e1zquez, pr\u00e9sident du SETAI, Dr Juan Jos\u00e9 Andrade, directeur de White Estate \u00e0 l\u2019Universit\u00e9 de Montemorelos au Mexique, ainsi que le Dr Carlos El\u00edas Mora de l\u2019Institut Adventiste International d\u2019\u00c9tudes Avanc\u00e9es aux Philippines.<\/p>\n<p>Traduction: Patrick Luciathe<\/p>\n","protected":false},"excerpt":{"rendered":"<p>9 mai 2018 | Alajuela, Costa Rica | Gustavo Menendez \/ DIA Des centaines de pasteurs et de la\u00efcs Adventistes du Septi\u00e8me Jour venus de toute l\u2019Am\u00e9rique Centrale se sont&#8230;<\/p>\n","protected":false},"author":3,"featured_media":41511,"comment_status":"open","ping_status":"closed","sticky":false,"template":"","format":"standard","meta":{"_acf_changed":false,"footnotes":""},"categories":[21,19],"tags":[],"class_list":["post-41526","post","type-post","status-publish","format-standard","has-post-thumbnail","hentry","category-nouvelles-du-territoire","category-rss-francais"],"acf":[],"yoast_head":"<!-- This site is optimized with the Yoast SEO plugin v27.3 - https:\/\/yoast.com\/product\/yoast-seo-wordpress\/ -->\n<title>En Am\u00e9rique Centrale, une conf\u00e9rence biblique invite les pasteurs \u00e0 d\u00e9fendre les v\u00e9rit\u00e9s bibliques et les \u00e9crits d\u2019Ellen G. White - \u00c9glise Adventiste Du Septieme Jour - Inter Am\u00e9rique Division<\/title>\n<meta name=\"robots\" content=\"index, follow, max-snippet:-1, max-image-preview:large, max-video-preview:-1\" \/>\n<link rel=\"canonical\" href=\"https:\/\/interamerica.org\/fr\/2018\/05\/en-amerique-centrale-une-conference-biblique-invite-les-pasteurs-a-defendre-les-verites-bibliques-et-les-ecrits-dellen-g-white\/\" \/>\n<meta property=\"og:locale\" content=\"fr_FR\" \/>\n<meta property=\"og:type\" content=\"article\" \/>\n<meta property=\"og:title\" content=\"En Am\u00e9rique Centrale, une conf\u00e9rence biblique invite les pasteurs \u00e0 d\u00e9fendre les v\u00e9rit\u00e9s bibliques et les \u00e9crits d\u2019Ellen G. White - \u00c9glise Adventiste Du Septieme Jour - Inter Am\u00e9rique Division\" \/>\n<meta property=\"og:description\" content=\"9 mai 2018 | Alajuela, Costa Rica | Gustavo Menendez \/ DIA Des centaines de pasteurs et de la\u00efcs Adventistes du Septi\u00e8me Jour venus de toute l\u2019Am\u00e9rique Centrale se sont...\" \/>\n<meta property=\"og:url\" content=\"https:\/\/interamerica.org\/fr\/2018\/05\/en-amerique-centrale-une-conference-biblique-invite-les-pasteurs-a-defendre-les-verites-bibliques-et-les-ecrits-dellen-g-white\/\" \/>\n<meta property=\"og:site_name\" content=\"\u00c9glise Adventiste Du Septieme Jour - Inter Am\u00e9rique Division\" \/>\n<meta property=\"article:published_time\" content=\"2018-05-10T21:11:04+00:00\" \/>\n<meta property=\"article:modified_time\" content=\"2018-05-11T15:12:19+00:00\" \/>\n<meta property=\"og:image\" content=\"https:\/\/interamerica.org\/wp-content\/uploads\/2018\/05\/bibleconf-cr-1280.jpg\" \/>\n\t<meta property=\"og:image:width\" content=\"1280\" \/>\n\t<meta property=\"og:image:height\" content=\"800\" \/>\n\t<meta property=\"og:image:type\" content=\"image\/jpeg\" \/>\n<meta name=\"author\" content=\"libna\" \/>\n<meta name=\"twitter:card\" content=\"summary_large_image\" \/>\n<meta name=\"twitter:label1\" content=\"\u00c9crit par\" \/>\n\t<meta name=\"twitter:data1\" content=\"libna\" \/>\n\t<meta name=\"twitter:label2\" content=\"Dur\u00e9e de lecture estim\u00e9e\" \/>\n\t<meta name=\"twitter:data2\" content=\"7 minutes\" \/>\n<script type=\"application\/ld+json\" class=\"yoast-schema-graph\">{\"@context\":\"https:\\\/\\\/schema.org\",\"@graph\":[{\"@type\":\"Article\",\"@id\":\"https:\\\/\\\/interamerica.org\\\/fr\\\/2018\\\/05\\\/en-amerique-centrale-une-conference-biblique-invite-les-pasteurs-a-defendre-les-verites-bibliques-et-les-ecrits-dellen-g-white\\\/#article\",\"isPartOf\":{\"@id\":\"https:\\\/\\\/interamerica.org\\\/fr\\\/2018\\\/05\\\/en-amerique-centrale-une-conference-biblique-invite-les-pasteurs-a-defendre-les-verites-bibliques-et-les-ecrits-dellen-g-white\\\/\"},\"author\":{\"name\":\"libna\",\"@id\":\"https:\\\/\\\/interamerica.org\\\/fr\\\/#\\\/schema\\\/person\\\/29998f2bc2d8bd0d38662909289b54f1\"},\"headline\":\"En Am\u00e9rique Centrale, une conf\u00e9rence biblique invite les pasteurs \u00e0 d\u00e9fendre les v\u00e9rit\u00e9s bibliques et les \u00e9crits d\u2019Ellen G. White\",\"datePublished\":\"2018-05-10T21:11:04+00:00\",\"dateModified\":\"2018-05-11T15:12:19+00:00\",\"mainEntityOfPage\":{\"@id\":\"https:\\\/\\\/interamerica.org\\\/fr\\\/2018\\\/05\\\/en-amerique-centrale-une-conference-biblique-invite-les-pasteurs-a-defendre-les-verites-bibliques-et-les-ecrits-dellen-g-white\\\/\"},\"wordCount\":1332,\"commentCount\":0,\"image\":{\"@id\":\"https:\\\/\\\/interamerica.org\\\/fr\\\/2018\\\/05\\\/en-amerique-centrale-une-conference-biblique-invite-les-pasteurs-a-defendre-les-verites-bibliques-et-les-ecrits-dellen-g-white\\\/#primaryimage\"},\"thumbnailUrl\":\"https:\\\/\\\/interamerica.org\\\/wp-content\\\/uploads\\\/2018\\\/05\\\/bibleconf-cr-1280.jpg\",\"articleSection\":[\"Nouvelles du territoire\",\"RSS Fran\u00e7ais\"],\"inLanguage\":\"fr-FR\",\"potentialAction\":[{\"@type\":\"CommentAction\",\"name\":\"Comment\",\"target\":[\"https:\\\/\\\/interamerica.org\\\/fr\\\/2018\\\/05\\\/en-amerique-centrale-une-conference-biblique-invite-les-pasteurs-a-defendre-les-verites-bibliques-et-les-ecrits-dellen-g-white\\\/#respond\"]}]},{\"@type\":\"WebPage\",\"@id\":\"https:\\\/\\\/interamerica.org\\\/fr\\\/2018\\\/05\\\/en-amerique-centrale-une-conference-biblique-invite-les-pasteurs-a-defendre-les-verites-bibliques-et-les-ecrits-dellen-g-white\\\/\",\"url\":\"https:\\\/\\\/interamerica.org\\\/fr\\\/2018\\\/05\\\/en-amerique-centrale-une-conference-biblique-invite-les-pasteurs-a-defendre-les-verites-bibliques-et-les-ecrits-dellen-g-white\\\/\",\"name\":\"En Am\u00e9rique Centrale, une conf\u00e9rence biblique invite les pasteurs \u00e0 d\u00e9fendre les v\u00e9rit\u00e9s bibliques et les \u00e9crits d\u2019Ellen G. White - \u00c9glise Adventiste Du Septieme Jour - Inter Am\u00e9rique Division\",\"isPartOf\":{\"@id\":\"https:\\\/\\\/interamerica.org\\\/fr\\\/#website\"},\"primaryImageOfPage\":{\"@id\":\"https:\\\/\\\/interamerica.org\\\/fr\\\/2018\\\/05\\\/en-amerique-centrale-une-conference-biblique-invite-les-pasteurs-a-defendre-les-verites-bibliques-et-les-ecrits-dellen-g-white\\\/#primaryimage\"},\"image\":{\"@id\":\"https:\\\/\\\/interamerica.org\\\/fr\\\/2018\\\/05\\\/en-amerique-centrale-une-conference-biblique-invite-les-pasteurs-a-defendre-les-verites-bibliques-et-les-ecrits-dellen-g-white\\\/#primaryimage\"},\"thumbnailUrl\":\"https:\\\/\\\/interamerica.org\\\/wp-content\\\/uploads\\\/2018\\\/05\\\/bibleconf-cr-1280.jpg\",\"datePublished\":\"2018-05-10T21:11:04+00:00\",\"dateModified\":\"2018-05-11T15:12:19+00:00\",\"author\":{\"@id\":\"https:\\\/\\\/interamerica.org\\\/fr\\\/#\\\/schema\\\/person\\\/29998f2bc2d8bd0d38662909289b54f1\"},\"breadcrumb\":{\"@id\":\"https:\\\/\\\/interamerica.org\\\/fr\\\/2018\\\/05\\\/en-amerique-centrale-une-conference-biblique-invite-les-pasteurs-a-defendre-les-verites-bibliques-et-les-ecrits-dellen-g-white\\\/#breadcrumb\"},\"inLanguage\":\"fr-FR\",\"potentialAction\":[{\"@type\":\"ReadAction\",\"target\":[\"https:\\\/\\\/interamerica.org\\\/fr\\\/2018\\\/05\\\/en-amerique-centrale-une-conference-biblique-invite-les-pasteurs-a-defendre-les-verites-bibliques-et-les-ecrits-dellen-g-white\\\/\"]}]},{\"@type\":\"ImageObject\",\"inLanguage\":\"fr-FR\",\"@id\":\"https:\\\/\\\/interamerica.org\\\/fr\\\/2018\\\/05\\\/en-amerique-centrale-une-conference-biblique-invite-les-pasteurs-a-defendre-les-verites-bibliques-et-les-ecrits-dellen-g-white\\\/#primaryimage\",\"url\":\"https:\\\/\\\/interamerica.org\\\/wp-content\\\/uploads\\\/2018\\\/05\\\/bibleconf-cr-1280.jpg\",\"contentUrl\":\"https:\\\/\\\/interamerica.org\\\/wp-content\\\/uploads\\\/2018\\\/05\\\/bibleconf-cr-1280.jpg\",\"width\":1280,\"height\":800,\"caption\":\"Presenters at the Bible Conference held at the Central American Adventist University in Alajuela, Costa Rica, April 25-28, 2018. Image courtesy of Central American Adventist University.\"},{\"@type\":\"BreadcrumbList\",\"@id\":\"https:\\\/\\\/interamerica.org\\\/fr\\\/2018\\\/05\\\/en-amerique-centrale-une-conference-biblique-invite-les-pasteurs-a-defendre-les-verites-bibliques-et-les-ecrits-dellen-g-white\\\/#breadcrumb\",\"itemListElement\":[{\"@type\":\"ListItem\",\"position\":1,\"name\":\"Home\",\"item\":\"https:\\\/\\\/interamerica.org\\\/fr\\\/\"},{\"@type\":\"ListItem\",\"position\":2,\"name\":\"En Am\u00e9rique Centrale, une conf\u00e9rence biblique invite les pasteurs \u00e0 d\u00e9fendre les v\u00e9rit\u00e9s bibliques et les \u00e9crits d\u2019Ellen G. White\"}]},{\"@type\":\"WebSite\",\"@id\":\"https:\\\/\\\/interamerica.org\\\/fr\\\/#website\",\"url\":\"https:\\\/\\\/interamerica.org\\\/fr\\\/\",\"name\":\"\u00c9glise Adventiste Du Septieme Jour - Inter Am\u00e9rique Division\",\"description\":\"\",\"potentialAction\":[{\"@type\":\"SearchAction\",\"target\":{\"@type\":\"EntryPoint\",\"urlTemplate\":\"https:\\\/\\\/interamerica.org\\\/fr\\\/?s={search_term_string}\"},\"query-input\":{\"@type\":\"PropertyValueSpecification\",\"valueRequired\":true,\"valueName\":\"search_term_string\"}}],\"inLanguage\":\"fr-FR\"},{\"@type\":\"Person\",\"@id\":\"https:\\\/\\\/interamerica.org\\\/fr\\\/#\\\/schema\\\/person\\\/29998f2bc2d8bd0d38662909289b54f1\",\"name\":\"libna\",\"image\":{\"@type\":\"ImageObject\",\"inLanguage\":\"fr-FR\",\"@id\":\"https:\\\/\\\/secure.gravatar.com\\\/avatar\\\/7c5bd30ae4b47a9ba3c856590957fd1d96dc588bf3ac05719d247e126840331f?s=96&d=mm&r=g\",\"url\":\"https:\\\/\\\/secure.gravatar.com\\\/avatar\\\/7c5bd30ae4b47a9ba3c856590957fd1d96dc588bf3ac05719d247e126840331f?s=96&d=mm&r=g\",\"contentUrl\":\"https:\\\/\\\/secure.gravatar.com\\\/avatar\\\/7c5bd30ae4b47a9ba3c856590957fd1d96dc588bf3ac05719d247e126840331f?s=96&d=mm&r=g\",\"caption\":\"libna\"}}]}<\/script>\n<!-- \/ Yoast SEO plugin. -->","yoast_head_json":{"title":"En Am\u00e9rique Centrale, une conf\u00e9rence biblique invite les pasteurs \u00e0 d\u00e9fendre les v\u00e9rit\u00e9s bibliques et les \u00e9crits d\u2019Ellen G. White - \u00c9glise Adventiste Du Septieme Jour - Inter Am\u00e9rique Division","robots":{"index":"index","follow":"follow","max-snippet":"max-snippet:-1","max-image-preview":"max-image-preview:large","max-video-preview":"max-video-preview:-1"},"canonical":"https:\/\/interamerica.org\/fr\/2018\/05\/en-amerique-centrale-une-conference-biblique-invite-les-pasteurs-a-defendre-les-verites-bibliques-et-les-ecrits-dellen-g-white\/","og_locale":"fr_FR","og_type":"article","og_title":"En Am\u00e9rique Centrale, une conf\u00e9rence biblique invite les pasteurs \u00e0 d\u00e9fendre les v\u00e9rit\u00e9s bibliques et les \u00e9crits d\u2019Ellen G. White - \u00c9glise Adventiste Du Septieme Jour - Inter Am\u00e9rique Division","og_description":"9 mai 2018 | Alajuela, Costa Rica | Gustavo Menendez \/ DIA Des centaines de pasteurs et de la\u00efcs Adventistes du Septi\u00e8me Jour venus de toute l\u2019Am\u00e9rique Centrale se sont...","og_url":"https:\/\/interamerica.org\/fr\/2018\/05\/en-amerique-centrale-une-conference-biblique-invite-les-pasteurs-a-defendre-les-verites-bibliques-et-les-ecrits-dellen-g-white\/","og_site_name":"\u00c9glise Adventiste Du Septieme Jour - Inter Am\u00e9rique Division","article_published_time":"2018-05-10T21:11:04+00:00","article_modified_time":"2018-05-11T15:12:19+00:00","og_image":[{"width":1280,"height":800,"url":"https:\/\/interamerica.org\/wp-content\/uploads\/2018\/05\/bibleconf-cr-1280.jpg","type":"image\/jpeg"}],"author":"libna","twitter_card":"summary_large_image","twitter_misc":{"\u00c9crit par":"libna","Dur\u00e9e de lecture estim\u00e9e":"7 minutes"},"schema":{"@context":"https:\/\/schema.org","@graph":[{"@type":"Article","@id":"https:\/\/interamerica.org\/fr\/2018\/05\/en-amerique-centrale-une-conference-biblique-invite-les-pasteurs-a-defendre-les-verites-bibliques-et-les-ecrits-dellen-g-white\/#article","isPartOf":{"@id":"https:\/\/interamerica.org\/fr\/2018\/05\/en-amerique-centrale-une-conference-biblique-invite-les-pasteurs-a-defendre-les-verites-bibliques-et-les-ecrits-dellen-g-white\/"},"author":{"name":"libna","@id":"https:\/\/interamerica.org\/fr\/#\/schema\/person\/29998f2bc2d8bd0d38662909289b54f1"},"headline":"En Am\u00e9rique Centrale, une conf\u00e9rence biblique invite les pasteurs \u00e0 d\u00e9fendre les v\u00e9rit\u00e9s bibliques et les \u00e9crits d\u2019Ellen G. White","datePublished":"2018-05-10T21:11:04+00:00","dateModified":"2018-05-11T15:12:19+00:00","mainEntityOfPage":{"@id":"https:\/\/interamerica.org\/fr\/2018\/05\/en-amerique-centrale-une-conference-biblique-invite-les-pasteurs-a-defendre-les-verites-bibliques-et-les-ecrits-dellen-g-white\/"},"wordCount":1332,"commentCount":0,"image":{"@id":"https:\/\/interamerica.org\/fr\/2018\/05\/en-amerique-centrale-une-conference-biblique-invite-les-pasteurs-a-defendre-les-verites-bibliques-et-les-ecrits-dellen-g-white\/#primaryimage"},"thumbnailUrl":"https:\/\/interamerica.org\/wp-content\/uploads\/2018\/05\/bibleconf-cr-1280.jpg","articleSection":["Nouvelles du territoire","RSS Fran\u00e7ais"],"inLanguage":"fr-FR","potentialAction":[{"@type":"CommentAction","name":"Comment","target":["https:\/\/interamerica.org\/fr\/2018\/05\/en-amerique-centrale-une-conference-biblique-invite-les-pasteurs-a-defendre-les-verites-bibliques-et-les-ecrits-dellen-g-white\/#respond"]}]},{"@type":"WebPage","@id":"https:\/\/interamerica.org\/fr\/2018\/05\/en-amerique-centrale-une-conference-biblique-invite-les-pasteurs-a-defendre-les-verites-bibliques-et-les-ecrits-dellen-g-white\/","url":"https:\/\/interamerica.org\/fr\/2018\/05\/en-amerique-centrale-une-conference-biblique-invite-les-pasteurs-a-defendre-les-verites-bibliques-et-les-ecrits-dellen-g-white\/","name":"En Am\u00e9rique Centrale, une conf\u00e9rence biblique invite les pasteurs \u00e0 d\u00e9fendre les v\u00e9rit\u00e9s bibliques et les \u00e9crits d\u2019Ellen G. White - \u00c9glise Adventiste Du Septieme Jour - Inter Am\u00e9rique Division","isPartOf":{"@id":"https:\/\/interamerica.org\/fr\/#website"},"primaryImageOfPage":{"@id":"https:\/\/interamerica.org\/fr\/2018\/05\/en-amerique-centrale-une-conference-biblique-invite-les-pasteurs-a-defendre-les-verites-bibliques-et-les-ecrits-dellen-g-white\/#primaryimage"},"image":{"@id":"https:\/\/interamerica.org\/fr\/2018\/05\/en-amerique-centrale-une-conference-biblique-invite-les-pasteurs-a-defendre-les-verites-bibliques-et-les-ecrits-dellen-g-white\/#primaryimage"},"thumbnailUrl":"https:\/\/interamerica.org\/wp-content\/uploads\/2018\/05\/bibleconf-cr-1280.jpg","datePublished":"2018-05-10T21:11:04+00:00","dateModified":"2018-05-11T15:12:19+00:00","author":{"@id":"https:\/\/interamerica.org\/fr\/#\/schema\/person\/29998f2bc2d8bd0d38662909289b54f1"},"breadcrumb":{"@id":"https:\/\/interamerica.org\/fr\/2018\/05\/en-amerique-centrale-une-conference-biblique-invite-les-pasteurs-a-defendre-les-verites-bibliques-et-les-ecrits-dellen-g-white\/#breadcrumb"},"inLanguage":"fr-FR","potentialAction":[{"@type":"ReadAction","target":["https:\/\/interamerica.org\/fr\/2018\/05\/en-amerique-centrale-une-conference-biblique-invite-les-pasteurs-a-defendre-les-verites-bibliques-et-les-ecrits-dellen-g-white\/"]}]},{"@type":"ImageObject","inLanguage":"fr-FR","@id":"https:\/\/interamerica.org\/fr\/2018\/05\/en-amerique-centrale-une-conference-biblique-invite-les-pasteurs-a-defendre-les-verites-bibliques-et-les-ecrits-dellen-g-white\/#primaryimage","url":"https:\/\/interamerica.org\/wp-content\/uploads\/2018\/05\/bibleconf-cr-1280.jpg","contentUrl":"https:\/\/interamerica.org\/wp-content\/uploads\/2018\/05\/bibleconf-cr-1280.jpg","width":1280,"height":800,"caption":"Presenters at the Bible Conference held at the Central American Adventist University in Alajuela, Costa Rica, April 25-28, 2018. Image courtesy of Central American Adventist University."},{"@type":"BreadcrumbList","@id":"https:\/\/interamerica.org\/fr\/2018\/05\/en-amerique-centrale-une-conference-biblique-invite-les-pasteurs-a-defendre-les-verites-bibliques-et-les-ecrits-dellen-g-white\/#breadcrumb","itemListElement":[{"@type":"ListItem","position":1,"name":"Home","item":"https:\/\/interamerica.org\/fr\/"},{"@type":"ListItem","position":2,"name":"En Am\u00e9rique Centrale, une conf\u00e9rence biblique invite les pasteurs \u00e0 d\u00e9fendre les v\u00e9rit\u00e9s bibliques et les \u00e9crits d\u2019Ellen G. White"}]},{"@type":"WebSite","@id":"https:\/\/interamerica.org\/fr\/#website","url":"https:\/\/interamerica.org\/fr\/","name":"\u00c9glise Adventiste Du Septieme Jour - Inter Am\u00e9rique Division","description":"","potentialAction":[{"@type":"SearchAction","target":{"@type":"EntryPoint","urlTemplate":"https:\/\/interamerica.org\/fr\/?s={search_term_string}"},"query-input":{"@type":"PropertyValueSpecification","valueRequired":true,"valueName":"search_term_string"}}],"inLanguage":"fr-FR"},{"@type":"Person","@id":"https:\/\/interamerica.org\/fr\/#\/schema\/person\/29998f2bc2d8bd0d38662909289b54f1","name":"libna","image":{"@type":"ImageObject","inLanguage":"fr-FR","@id":"https:\/\/secure.gravatar.com\/avatar\/7c5bd30ae4b47a9ba3c856590957fd1d96dc588bf3ac05719d247e126840331f?s=96&d=mm&r=g","url":"https:\/\/secure.gravatar.com\/avatar\/7c5bd30ae4b47a9ba3c856590957fd1d96dc588bf3ac05719d247e126840331f?s=96&d=mm&r=g","contentUrl":"https:\/\/secure.gravatar.com\/avatar\/7c5bd30ae4b47a9ba3c856590957fd1d96dc588bf3ac05719d247e126840331f?s=96&d=mm&r=g","caption":"libna"}}]}},"_links":{"self":[{"href":"https:\/\/interamerica.org\/fr\/wp-json\/wp\/v2\/posts\/41526","targetHints":{"allow":["GET"]}}],"collection":[{"href":"https:\/\/interamerica.org\/fr\/wp-json\/wp\/v2\/posts"}],"about":[{"href":"https:\/\/interamerica.org\/fr\/wp-json\/wp\/v2\/types\/post"}],"author":[{"embeddable":true,"href":"https:\/\/interamerica.org\/fr\/wp-json\/wp\/v2\/users\/3"}],"replies":[{"embeddable":true,"href":"https:\/\/interamerica.org\/fr\/wp-json\/wp\/v2\/comments?post=41526"}],"version-history":[{"count":0,"href":"https:\/\/interamerica.org\/fr\/wp-json\/wp\/v2\/posts\/41526\/revisions"}],"wp:featuredmedia":[{"embeddable":true,"href":"https:\/\/interamerica.org\/fr\/wp-json\/wp\/v2\/media\/41511"}],"wp:attachment":[{"href":"https:\/\/interamerica.org\/fr\/wp-json\/wp\/v2\/media?parent=41526"}],"wp:term":[{"taxonomy":"category","embeddable":true,"href":"https:\/\/interamerica.org\/fr\/wp-json\/wp\/v2\/categories?post=41526"},{"taxonomy":"post_tag","embeddable":true,"href":"https:\/\/interamerica.org\/fr\/wp-json\/wp\/v2\/tags?post=41526"}],"curies":[{"name":"wp","href":"https:\/\/api.w.org\/{rel}","templated":true}]}}