{"id":41700,"date":"2018-05-15T18:53:07","date_gmt":"2018-05-15T22:53:07","guid":{"rendered":"https:\/\/recursing-golick.147-182-135-0.plesk.page\/?p=41700"},"modified":"2018-05-16T10:31:15","modified_gmt":"2018-05-16T14:31:15","slug":"a-bonaire-leglise-adventiste-inaugure-la-premiere-station-de-radio-dans-les-antilles-neerlandaises","status":"publish","type":"post","link":"https:\/\/interamerica.org\/fr\/2018\/05\/a-bonaire-leglise-adventiste-inaugure-la-premiere-station-de-radio-dans-les-antilles-neerlandaises\/","title":{"rendered":"A Bonaire, l\u2019Eglise Adventiste inaugure la premi\u00e8re station de radio dans les Antilles N\u00e9erlandaises"},"content":{"rendered":"<div id=\"attachment_41666\" style=\"width: 771px\" class=\"wp-caption aligncenter\"><img fetchpriority=\"high\" decoding=\"async\" aria-describedby=\"caption-attachment-41666\" class=\" wp-image-41666\" src=\"https:\/\/recursing-golick.147-182-135-0.plesk.page\/wp-content\/uploads\/2018\/05\/bonaire-radiostation-outside.jpg\" alt=\"\" width=\"761\" height=\"571\" srcset=\"https:\/\/interamerica.org\/wp-content\/uploads\/2018\/05\/bonaire-radiostation-outside.jpg 950w, https:\/\/interamerica.org\/wp-content\/uploads\/2018\/05\/bonaire-radiostation-outside-300x225.jpg 300w, https:\/\/interamerica.org\/wp-content\/uploads\/2018\/05\/bonaire-radiostation-outside-768x576.jpg 768w\" sizes=\"(max-width: 761px) 100vw, 761px\" \/><p id=\"caption-attachment-41666\" class=\"wp-caption-text\">Les dirigeants d\u2019\u00e9glise d\u00e9voilent la plaque de Radio Atventista Boneiru lors de la c\u00e9r\u00e9monie d\u2019inauguration de la nouvelle station de radio qui s\u2019est tenue \u00e0 la Mission Adventiste de Bonaire \u00e0 Kralendijk, le 5 mai 2018. Photo d\u2019Abel M\u00e1rquez \/ DIA<\/p><\/div>\n<p>15 mai 2018 | Kralendijk, Bonaire | Libna Stevens \/ DIA<\/p>\n<p>L\u2019Eglise Adventiste du Septi\u00e8me Jour dans le territoire des Antilles N\u00e9erlandaises a inaugur\u00e9 sa premi\u00e8re station de radio sur l\u2019\u00eele de Bonaire au d\u00e9but du mois avec une c\u00e9r\u00e9monie sp\u00e9ciale. Les dirigeants de l\u2019\u00e9glise, les membres d\u2019\u00e9glise et les repr\u00e9sentants du gouvernement ont assist\u00e9 \u00e0 l\u2019\u00e9v\u00e9nement historique sur le tout nouveau site de Kralendijk au si\u00e8ge de la Mission Adventiste de Bonaire.<\/p>\n<p>Le Lieutenant-Gouverneur de Bonaire, Edison Rijna, a f\u00e9licit\u00e9 l\u2019Eglise Adventiste du Septi\u00e8me Jour pour sa contribution dans la communaut\u00e9 sur l\u2019\u00eele.<\/p>\n<p>\u00ab Les messages spirituels qui seront transmis par la radio Adventiste \u00e0 partir de maintenant auront une influence positive en particulier sur la communaut\u00e9 chr\u00e9tienne \u00e0 Bonaire, \u00bb a d\u00e9clar\u00e9 le gouverneur Rijna. \u00ab L\u2019\u00e9glise est indispensable dans la vie de beaucoup de gens ici \u00e0 Bonaire. \u00bb<\/p>\n<p>Avec une population de plus de 19000 habitants \u00e0 Bonaire et une \u00e9glise qui compte 414 membres, la nouvelle station de radio diffusera bient\u00f4t sur les ondes une programmation locale 24 heures sur 24, selon ce qu\u2019indique pasteur Shurman Kook, pr\u00e9sident de l\u2019Eglise Adventiste dans le territoire des Antilles N\u00e9erlandaises qui comprend Aruba, Bonaire et Cura\u00e7ao.<\/p>\n<div id=\"attachment_41663\" style=\"width: 772px\" class=\"wp-caption aligncenter\"><img decoding=\"async\" aria-describedby=\"caption-attachment-41663\" class=\" wp-image-41663\" src=\"https:\/\/recursing-golick.147-182-135-0.plesk.page\/wp-content\/uploads\/2018\/05\/bonaire-ribbon-radio.jpg\" alt=\"\" width=\"762\" height=\"572\" srcset=\"https:\/\/interamerica.org\/wp-content\/uploads\/2018\/05\/bonaire-ribbon-radio.jpg 950w, https:\/\/interamerica.org\/wp-content\/uploads\/2018\/05\/bonaire-ribbon-radio-300x225.jpg 300w, https:\/\/interamerica.org\/wp-content\/uploads\/2018\/05\/bonaire-ribbon-radio-768x576.jpg 768w\" sizes=\"(max-width: 762px) 100vw, 762px\" \/><p id=\"caption-attachment-41663\" class=\"wp-caption-text\">Le pr\u00e9sident de la DIA, pasteur Isra\u00ebl Leito, et le gouverneur de Bonaire Edison Rijna coupent le ruban pour inaugurer la nouvelle station de radio sous les yeux de Cami Oetman, vice-pr\u00e9sident de la Radio Adventiste Mondiale (AWR), le 5 mai 2018. Photo d\u2019Abel M\u00e1rquez \/ DIA<\/p><\/div>\n<p>\u00ab Nous croyons que c\u2019est le temps de Dieu pour que Son \u00e9glise annonce Sa Parole \u00e0 travers cette station de radio, \u00bb a d\u00e9clar\u00e9 pasteur Kook.<\/p>\n<p>Il s\u2019agit de proclamer le dernier message de salut de J\u00e9sus, a d\u00e9clar\u00e9 pasteur Isra\u00ebl Leito, pr\u00e9sident de l\u2019Eglise Adventiste en Inter Am\u00e9rique. \u00ab L\u2019objectif de cette station de radio est de communiquer l\u2019amour de J\u00e9sus pour son peuple avant qu\u2019Il ne revienne, \u00bb a-t-il dit.<\/p>\n<p>Les dirigeants locaux de l\u2019\u00e9glise ont f\u00e9licit\u00e9 les membres d\u2019\u00e9glise qui ont d\u00e9montr\u00e9 leur engagement en donnant des fonds, et la Radio Adventiste mondiale qui a fait don de l\u2019\u00e9quipement de diffusion le plus r\u00e9cent pour le nouveau studio.<\/p>\n<p>Cami Oetman, vice-pr\u00e9sident de AWR pour le d\u00e9veloppement, a f\u00e9licit\u00e9 les dirigeants de l\u2019\u00e9glise et a encourag\u00e9 les membres \u00e0 continuer \u00e0 \u00ab utiliser cet outil pour proclamer Sa prochaine venue \u00e0 la population des Antilles N\u00e9erlandaises. \u00bb<\/p>\n<p>L\u2019\u00e9glise avait r\u00eav\u00e9 d\u2019avoir sa propre station de radio, mais l\u2019obtention d\u2019une licence de diffusion co\u00fbte une fortune et la bande passante radio est compl\u00e8tement satur\u00e9e, a d\u00e9clar\u00e9 Shurman Kook.<\/p>\n<div id=\"attachment_41677\" style=\"width: 767px\" class=\"wp-caption aligncenter\"><img decoding=\"async\" aria-describedby=\"caption-attachment-41677\" class=\" wp-image-41677\" src=\"https:\/\/recursing-golick.147-182-135-0.plesk.page\/wp-content\/uploads\/2018\/05\/bonaire-radio-studio.png\" alt=\"\" width=\"757\" height=\"573\" srcset=\"https:\/\/interamerica.org\/wp-content\/uploads\/2018\/05\/bonaire-radio-studio.png 900w, https:\/\/interamerica.org\/wp-content\/uploads\/2018\/05\/bonaire-radio-studio-300x227.png 300w, https:\/\/interamerica.org\/wp-content\/uploads\/2018\/05\/bonaire-radio-studio-768x581.png 768w\" sizes=\"(max-width: 757px) 100vw, 757px\" \/><p id=\"caption-attachment-41677\" class=\"wp-caption-text\">Les membres d\u2019\u00e9glise se portent volontaires lors de la programmation de la nouvelle station de radio de l\u2019\u00e9glise \u00e0 Bonaire. Photo Facebook d\u2019AWR<\/p><\/div>\n<p>En 2016, les dirigeants de l\u2019\u00e9glise ont vu une annonce dans le journal n\u00e9erlandais, qui indiquait la possibilit\u00e9 d\u2019obtenir la licence commerciale d\u2019une station de radio \u00e0 Bonaire qui avait fait faillite. Donc l\u2019\u00e9glise a vot\u00e9 de faire une offre peu \u00e9lev\u00e9e et a pu acheter la station, a expliqu\u00e9 pasteur Kook.<\/p>\n<p>Le bureau de la mission locale diffusait d\u00e9j\u00e0 un programme quotidien d\u2019une heure et s\u2019est empress\u00e9 de construire un studio pour h\u00e9berger la station Radio Atventista Boneiru 91.1 FM sur le site de la Mission Adventiste de Bonaire \u00e0 Kralendijk.<\/p>\n<p>La station de radio \u00e9met en Papiamento, la langue principale parl\u00e9e \u00e0 Bonaire, et diffusera des programmes 12 heures par jour et rediffusera ses programmes dans la soir\u00e9e d\u00e8s qu\u2019elle aura re\u00e7u l\u2019approbation du Comit\u00e9 de Contr\u00f4le de l\u2019Union, a indiqu\u00e9 pasteur Kook. La station est \u00e9galement pr\u00e9sente sur Internet et est g\u00e9r\u00e9e par des pasteurs et des membres d\u2019\u00e9glise b\u00e9n\u00e9voles.<\/p>\n<p>L\u2019id\u00e9e est aussi de diffuser des programmes dans d\u2019autres langues. Cependant, compte tenu de la d\u00e9mographie de l\u2019\u00eele, la plupart des programmes seront en Papiamento. La musique est \u00e9galement diffus\u00e9e dans les quatre principales langues parl\u00e9es \u00e0 Bonaire dont l\u2019anglais, l\u2019espagnol et le n\u00e9erlandais.<\/p>\n<div id=\"attachment_41669\" style=\"width: 770px\" class=\"wp-caption aligncenter\"><img loading=\"lazy\" decoding=\"async\" aria-describedby=\"caption-attachment-41669\" class=\" wp-image-41669\" src=\"https:\/\/recursing-golick.147-182-135-0.plesk.page\/wp-content\/uploads\/2018\/05\/bonaire-radio-congregation.jpg\" alt=\"\" width=\"760\" height=\"475\" srcset=\"https:\/\/interamerica.org\/wp-content\/uploads\/2018\/05\/bonaire-radio-congregation.jpg 1000w, https:\/\/interamerica.org\/wp-content\/uploads\/2018\/05\/bonaire-radio-congregation-300x188.jpg 300w, https:\/\/interamerica.org\/wp-content\/uploads\/2018\/05\/bonaire-radio-congregation-768x480.jpg 768w\" sizes=\"(max-width: 760px) 100vw, 760px\" \/><p id=\"caption-attachment-41669\" class=\"wp-caption-text\">Des dizaines de membres se sont r\u00e9unis le sabbat 5 mai 2018, dans le cadre des c\u00e9r\u00e9monies d\u2019inauguration de la nouvelle station de radio \u00e0 Bonaire, le 5 mai 2018. Photo d\u2019Abel M\u00e1rquez \/ DIA<\/p><\/div>\n<p>L\u2019acquisition de la station de radio \u00e0 Bonaire est la premi\u00e8re \u00e9tape vers l\u2019\u00e9tablissement d\u2019une station sur les \u00eeles d\u2019Aruba et de Cura\u00e7ao, a d\u00e9clar\u00e9 Shurman Kook.<\/p>\n<p>\u00ab Nous voulons \u00e9tablir un r\u00e9seau de radios qui couvrira toute la r\u00e9gion des Antilles n\u00e9erlandaises et la population parlant le Papiamento o\u00f9 qu\u2019elle se trouve sur la plan\u00e8te parce que J\u00e9sus vient bient\u00f4t, \u00bb a d\u00e9clar\u00e9 pasteur Kook.<\/p>\n<p>L\u2019Eglise Adventiste du Septi\u00e8me Jour \u00e0 Bonaire compte 414 membres d\u2019\u00e9glise qui se r\u00e9unissent pour adorer dans trois \u00e9glises et un groupe.<\/p>\n<p>Pour en savoir plus sur Radio Atventista Boneiru 91.1 FM, cliquez<br \/>\n<a href=\"mailto:http:\/\/radio.garden\/live\/bonaire\/radio-atventista-boneiru-91-1-fm\/\">ICI<\/a><\/p>\n<p>Traduction: Patrick Luciathe<\/p>\n","protected":false},"excerpt":{"rendered":"<p>15 mai 2018 | Kralendijk, Bonaire | Libna Stevens \/ DIA L\u2019Eglise Adventiste du Septi\u00e8me Jour dans le territoire des Antilles N\u00e9erlandaises a inaugur\u00e9 sa premi\u00e8re station de radio sur&#8230;<\/p>\n","protected":false},"author":3,"featured_media":41661,"comment_status":"open","ping_status":"closed","sticky":false,"template":"","format":"standard","meta":{"_acf_changed":false,"footnotes":""},"categories":[21,19],"tags":[],"class_list":["post-41700","post","type-post","status-publish","format-standard","has-post-thumbnail","hentry","category-nouvelles-du-territoire","category-rss-francais"],"acf":[],"yoast_head":"<!-- This site is optimized with the Yoast SEO plugin v27.3 - https:\/\/yoast.com\/product\/yoast-seo-wordpress\/ -->\n<title>A Bonaire, l\u2019Eglise Adventiste inaugure la premi\u00e8re station de radio dans les Antilles N\u00e9erlandaises - \u00c9glise Adventiste Du Septieme Jour - Inter Am\u00e9rique Division<\/title>\n<meta name=\"robots\" content=\"index, follow, max-snippet:-1, max-image-preview:large, max-video-preview:-1\" \/>\n<link rel=\"canonical\" href=\"https:\/\/interamerica.org\/fr\/2018\/05\/a-bonaire-leglise-adventiste-inaugure-la-premiere-station-de-radio-dans-les-antilles-neerlandaises\/\" \/>\n<meta property=\"og:locale\" content=\"fr_FR\" \/>\n<meta property=\"og:type\" content=\"article\" \/>\n<meta property=\"og:title\" content=\"A Bonaire, l\u2019Eglise Adventiste inaugure la premi\u00e8re station de radio dans les Antilles N\u00e9erlandaises - \u00c9glise Adventiste Du Septieme Jour - Inter Am\u00e9rique Division\" \/>\n<meta property=\"og:description\" content=\"15 mai 2018 | Kralendijk, Bonaire | Libna Stevens \/ DIA L\u2019Eglise Adventiste du Septi\u00e8me Jour dans le territoire des Antilles N\u00e9erlandaises a inaugur\u00e9 sa premi\u00e8re station de radio sur...\" \/>\n<meta property=\"og:url\" content=\"https:\/\/interamerica.org\/fr\/2018\/05\/a-bonaire-leglise-adventiste-inaugure-la-premiere-station-de-radio-dans-les-antilles-neerlandaises\/\" \/>\n<meta property=\"og:site_name\" content=\"\u00c9glise Adventiste Du Septieme Jour - Inter Am\u00e9rique Division\" \/>\n<meta property=\"article:published_time\" content=\"2018-05-15T22:53:07+00:00\" \/>\n<meta property=\"article:modified_time\" content=\"2018-05-16T14:31:15+00:00\" \/>\n<meta property=\"og:image\" content=\"https:\/\/interamerica.org\/wp-content\/uploads\/2018\/05\/bonaire-radio.jpg\" \/>\n\t<meta property=\"og:image:width\" content=\"1280\" \/>\n\t<meta property=\"og:image:height\" content=\"800\" \/>\n\t<meta property=\"og:image:type\" content=\"image\/jpeg\" \/>\n<meta name=\"author\" content=\"libna\" \/>\n<meta name=\"twitter:card\" content=\"summary_large_image\" \/>\n<meta name=\"twitter:label1\" content=\"\u00c9crit par\" \/>\n\t<meta name=\"twitter:data1\" content=\"libna\" \/>\n\t<meta name=\"twitter:label2\" content=\"Dur\u00e9e de lecture estim\u00e9e\" \/>\n\t<meta name=\"twitter:data2\" content=\"5 minutes\" \/>\n<script type=\"application\/ld+json\" class=\"yoast-schema-graph\">{\"@context\":\"https:\\\/\\\/schema.org\",\"@graph\":[{\"@type\":\"Article\",\"@id\":\"https:\\\/\\\/interamerica.org\\\/fr\\\/2018\\\/05\\\/a-bonaire-leglise-adventiste-inaugure-la-premiere-station-de-radio-dans-les-antilles-neerlandaises\\\/#article\",\"isPartOf\":{\"@id\":\"https:\\\/\\\/interamerica.org\\\/fr\\\/2018\\\/05\\\/a-bonaire-leglise-adventiste-inaugure-la-premiere-station-de-radio-dans-les-antilles-neerlandaises\\\/\"},\"author\":{\"name\":\"libna\",\"@id\":\"https:\\\/\\\/interamerica.org\\\/fr\\\/#\\\/schema\\\/person\\\/29998f2bc2d8bd0d38662909289b54f1\"},\"headline\":\"A Bonaire, l\u2019Eglise Adventiste inaugure la premi\u00e8re station de radio dans les Antilles N\u00e9erlandaises\",\"datePublished\":\"2018-05-15T22:53:07+00:00\",\"dateModified\":\"2018-05-16T14:31:15+00:00\",\"mainEntityOfPage\":{\"@id\":\"https:\\\/\\\/interamerica.org\\\/fr\\\/2018\\\/05\\\/a-bonaire-leglise-adventiste-inaugure-la-premiere-station-de-radio-dans-les-antilles-neerlandaises\\\/\"},\"wordCount\":949,\"commentCount\":0,\"image\":{\"@id\":\"https:\\\/\\\/interamerica.org\\\/fr\\\/2018\\\/05\\\/a-bonaire-leglise-adventiste-inaugure-la-premiere-station-de-radio-dans-les-antilles-neerlandaises\\\/#primaryimage\"},\"thumbnailUrl\":\"https:\\\/\\\/interamerica.org\\\/wp-content\\\/uploads\\\/2018\\\/05\\\/bonaire-radio.jpg\",\"articleSection\":[\"Nouvelles du territoire\",\"RSS Fran\u00e7ais\"],\"inLanguage\":\"fr-FR\",\"potentialAction\":[{\"@type\":\"CommentAction\",\"name\":\"Comment\",\"target\":[\"https:\\\/\\\/interamerica.org\\\/fr\\\/2018\\\/05\\\/a-bonaire-leglise-adventiste-inaugure-la-premiere-station-de-radio-dans-les-antilles-neerlandaises\\\/#respond\"]}]},{\"@type\":\"WebPage\",\"@id\":\"https:\\\/\\\/interamerica.org\\\/fr\\\/2018\\\/05\\\/a-bonaire-leglise-adventiste-inaugure-la-premiere-station-de-radio-dans-les-antilles-neerlandaises\\\/\",\"url\":\"https:\\\/\\\/interamerica.org\\\/fr\\\/2018\\\/05\\\/a-bonaire-leglise-adventiste-inaugure-la-premiere-station-de-radio-dans-les-antilles-neerlandaises\\\/\",\"name\":\"A Bonaire, l\u2019Eglise Adventiste inaugure la premi\u00e8re station de radio dans les Antilles N\u00e9erlandaises - \u00c9glise Adventiste Du Septieme Jour - Inter Am\u00e9rique Division\",\"isPartOf\":{\"@id\":\"https:\\\/\\\/interamerica.org\\\/fr\\\/#website\"},\"primaryImageOfPage\":{\"@id\":\"https:\\\/\\\/interamerica.org\\\/fr\\\/2018\\\/05\\\/a-bonaire-leglise-adventiste-inaugure-la-premiere-station-de-radio-dans-les-antilles-neerlandaises\\\/#primaryimage\"},\"image\":{\"@id\":\"https:\\\/\\\/interamerica.org\\\/fr\\\/2018\\\/05\\\/a-bonaire-leglise-adventiste-inaugure-la-premiere-station-de-radio-dans-les-antilles-neerlandaises\\\/#primaryimage\"},\"thumbnailUrl\":\"https:\\\/\\\/interamerica.org\\\/wp-content\\\/uploads\\\/2018\\\/05\\\/bonaire-radio.jpg\",\"datePublished\":\"2018-05-15T22:53:07+00:00\",\"dateModified\":\"2018-05-16T14:31:15+00:00\",\"author\":{\"@id\":\"https:\\\/\\\/interamerica.org\\\/fr\\\/#\\\/schema\\\/person\\\/29998f2bc2d8bd0d38662909289b54f1\"},\"breadcrumb\":{\"@id\":\"https:\\\/\\\/interamerica.org\\\/fr\\\/2018\\\/05\\\/a-bonaire-leglise-adventiste-inaugure-la-premiere-station-de-radio-dans-les-antilles-neerlandaises\\\/#breadcrumb\"},\"inLanguage\":\"fr-FR\",\"potentialAction\":[{\"@type\":\"ReadAction\",\"target\":[\"https:\\\/\\\/interamerica.org\\\/fr\\\/2018\\\/05\\\/a-bonaire-leglise-adventiste-inaugure-la-premiere-station-de-radio-dans-les-antilles-neerlandaises\\\/\"]}]},{\"@type\":\"ImageObject\",\"inLanguage\":\"fr-FR\",\"@id\":\"https:\\\/\\\/interamerica.org\\\/fr\\\/2018\\\/05\\\/a-bonaire-leglise-adventiste-inaugure-la-premiere-station-de-radio-dans-les-antilles-neerlandaises\\\/#primaryimage\",\"url\":\"https:\\\/\\\/interamerica.org\\\/wp-content\\\/uploads\\\/2018\\\/05\\\/bonaire-radio.jpg\",\"contentUrl\":\"https:\\\/\\\/interamerica.org\\\/wp-content\\\/uploads\\\/2018\\\/05\\\/bonaire-radio.jpg\",\"width\":1280,\"height\":800},{\"@type\":\"BreadcrumbList\",\"@id\":\"https:\\\/\\\/interamerica.org\\\/fr\\\/2018\\\/05\\\/a-bonaire-leglise-adventiste-inaugure-la-premiere-station-de-radio-dans-les-antilles-neerlandaises\\\/#breadcrumb\",\"itemListElement\":[{\"@type\":\"ListItem\",\"position\":1,\"name\":\"Home\",\"item\":\"https:\\\/\\\/interamerica.org\\\/fr\\\/\"},{\"@type\":\"ListItem\",\"position\":2,\"name\":\"A Bonaire, l\u2019Eglise Adventiste inaugure la premi\u00e8re station de radio dans les Antilles N\u00e9erlandaises\"}]},{\"@type\":\"WebSite\",\"@id\":\"https:\\\/\\\/interamerica.org\\\/fr\\\/#website\",\"url\":\"https:\\\/\\\/interamerica.org\\\/fr\\\/\",\"name\":\"\u00c9glise Adventiste Du Septieme Jour - Inter Am\u00e9rique Division\",\"description\":\"\",\"potentialAction\":[{\"@type\":\"SearchAction\",\"target\":{\"@type\":\"EntryPoint\",\"urlTemplate\":\"https:\\\/\\\/interamerica.org\\\/fr\\\/?s={search_term_string}\"},\"query-input\":{\"@type\":\"PropertyValueSpecification\",\"valueRequired\":true,\"valueName\":\"search_term_string\"}}],\"inLanguage\":\"fr-FR\"},{\"@type\":\"Person\",\"@id\":\"https:\\\/\\\/interamerica.org\\\/fr\\\/#\\\/schema\\\/person\\\/29998f2bc2d8bd0d38662909289b54f1\",\"name\":\"libna\",\"image\":{\"@type\":\"ImageObject\",\"inLanguage\":\"fr-FR\",\"@id\":\"https:\\\/\\\/secure.gravatar.com\\\/avatar\\\/7c5bd30ae4b47a9ba3c856590957fd1d96dc588bf3ac05719d247e126840331f?s=96&d=mm&r=g\",\"url\":\"https:\\\/\\\/secure.gravatar.com\\\/avatar\\\/7c5bd30ae4b47a9ba3c856590957fd1d96dc588bf3ac05719d247e126840331f?s=96&d=mm&r=g\",\"contentUrl\":\"https:\\\/\\\/secure.gravatar.com\\\/avatar\\\/7c5bd30ae4b47a9ba3c856590957fd1d96dc588bf3ac05719d247e126840331f?s=96&d=mm&r=g\",\"caption\":\"libna\"}}]}<\/script>\n<!-- \/ Yoast SEO plugin. -->","yoast_head_json":{"title":"A Bonaire, l\u2019Eglise Adventiste inaugure la premi\u00e8re station de radio dans les Antilles N\u00e9erlandaises - \u00c9glise Adventiste Du Septieme Jour - Inter Am\u00e9rique Division","robots":{"index":"index","follow":"follow","max-snippet":"max-snippet:-1","max-image-preview":"max-image-preview:large","max-video-preview":"max-video-preview:-1"},"canonical":"https:\/\/interamerica.org\/fr\/2018\/05\/a-bonaire-leglise-adventiste-inaugure-la-premiere-station-de-radio-dans-les-antilles-neerlandaises\/","og_locale":"fr_FR","og_type":"article","og_title":"A Bonaire, l\u2019Eglise Adventiste inaugure la premi\u00e8re station de radio dans les Antilles N\u00e9erlandaises - \u00c9glise Adventiste Du Septieme Jour - Inter Am\u00e9rique Division","og_description":"15 mai 2018 | Kralendijk, Bonaire | Libna Stevens \/ DIA L\u2019Eglise Adventiste du Septi\u00e8me Jour dans le territoire des Antilles N\u00e9erlandaises a inaugur\u00e9 sa premi\u00e8re station de radio sur...","og_url":"https:\/\/interamerica.org\/fr\/2018\/05\/a-bonaire-leglise-adventiste-inaugure-la-premiere-station-de-radio-dans-les-antilles-neerlandaises\/","og_site_name":"\u00c9glise Adventiste Du Septieme Jour - Inter Am\u00e9rique Division","article_published_time":"2018-05-15T22:53:07+00:00","article_modified_time":"2018-05-16T14:31:15+00:00","og_image":[{"width":1280,"height":800,"url":"https:\/\/interamerica.org\/wp-content\/uploads\/2018\/05\/bonaire-radio.jpg","type":"image\/jpeg"}],"author":"libna","twitter_card":"summary_large_image","twitter_misc":{"\u00c9crit par":"libna","Dur\u00e9e de lecture estim\u00e9e":"5 minutes"},"schema":{"@context":"https:\/\/schema.org","@graph":[{"@type":"Article","@id":"https:\/\/interamerica.org\/fr\/2018\/05\/a-bonaire-leglise-adventiste-inaugure-la-premiere-station-de-radio-dans-les-antilles-neerlandaises\/#article","isPartOf":{"@id":"https:\/\/interamerica.org\/fr\/2018\/05\/a-bonaire-leglise-adventiste-inaugure-la-premiere-station-de-radio-dans-les-antilles-neerlandaises\/"},"author":{"name":"libna","@id":"https:\/\/interamerica.org\/fr\/#\/schema\/person\/29998f2bc2d8bd0d38662909289b54f1"},"headline":"A Bonaire, l\u2019Eglise Adventiste inaugure la premi\u00e8re station de radio dans les Antilles N\u00e9erlandaises","datePublished":"2018-05-15T22:53:07+00:00","dateModified":"2018-05-16T14:31:15+00:00","mainEntityOfPage":{"@id":"https:\/\/interamerica.org\/fr\/2018\/05\/a-bonaire-leglise-adventiste-inaugure-la-premiere-station-de-radio-dans-les-antilles-neerlandaises\/"},"wordCount":949,"commentCount":0,"image":{"@id":"https:\/\/interamerica.org\/fr\/2018\/05\/a-bonaire-leglise-adventiste-inaugure-la-premiere-station-de-radio-dans-les-antilles-neerlandaises\/#primaryimage"},"thumbnailUrl":"https:\/\/interamerica.org\/wp-content\/uploads\/2018\/05\/bonaire-radio.jpg","articleSection":["Nouvelles du territoire","RSS Fran\u00e7ais"],"inLanguage":"fr-FR","potentialAction":[{"@type":"CommentAction","name":"Comment","target":["https:\/\/interamerica.org\/fr\/2018\/05\/a-bonaire-leglise-adventiste-inaugure-la-premiere-station-de-radio-dans-les-antilles-neerlandaises\/#respond"]}]},{"@type":"WebPage","@id":"https:\/\/interamerica.org\/fr\/2018\/05\/a-bonaire-leglise-adventiste-inaugure-la-premiere-station-de-radio-dans-les-antilles-neerlandaises\/","url":"https:\/\/interamerica.org\/fr\/2018\/05\/a-bonaire-leglise-adventiste-inaugure-la-premiere-station-de-radio-dans-les-antilles-neerlandaises\/","name":"A Bonaire, l\u2019Eglise Adventiste inaugure la premi\u00e8re station de radio dans les Antilles N\u00e9erlandaises - \u00c9glise Adventiste Du Septieme Jour - Inter Am\u00e9rique Division","isPartOf":{"@id":"https:\/\/interamerica.org\/fr\/#website"},"primaryImageOfPage":{"@id":"https:\/\/interamerica.org\/fr\/2018\/05\/a-bonaire-leglise-adventiste-inaugure-la-premiere-station-de-radio-dans-les-antilles-neerlandaises\/#primaryimage"},"image":{"@id":"https:\/\/interamerica.org\/fr\/2018\/05\/a-bonaire-leglise-adventiste-inaugure-la-premiere-station-de-radio-dans-les-antilles-neerlandaises\/#primaryimage"},"thumbnailUrl":"https:\/\/interamerica.org\/wp-content\/uploads\/2018\/05\/bonaire-radio.jpg","datePublished":"2018-05-15T22:53:07+00:00","dateModified":"2018-05-16T14:31:15+00:00","author":{"@id":"https:\/\/interamerica.org\/fr\/#\/schema\/person\/29998f2bc2d8bd0d38662909289b54f1"},"breadcrumb":{"@id":"https:\/\/interamerica.org\/fr\/2018\/05\/a-bonaire-leglise-adventiste-inaugure-la-premiere-station-de-radio-dans-les-antilles-neerlandaises\/#breadcrumb"},"inLanguage":"fr-FR","potentialAction":[{"@type":"ReadAction","target":["https:\/\/interamerica.org\/fr\/2018\/05\/a-bonaire-leglise-adventiste-inaugure-la-premiere-station-de-radio-dans-les-antilles-neerlandaises\/"]}]},{"@type":"ImageObject","inLanguage":"fr-FR","@id":"https:\/\/interamerica.org\/fr\/2018\/05\/a-bonaire-leglise-adventiste-inaugure-la-premiere-station-de-radio-dans-les-antilles-neerlandaises\/#primaryimage","url":"https:\/\/interamerica.org\/wp-content\/uploads\/2018\/05\/bonaire-radio.jpg","contentUrl":"https:\/\/interamerica.org\/wp-content\/uploads\/2018\/05\/bonaire-radio.jpg","width":1280,"height":800},{"@type":"BreadcrumbList","@id":"https:\/\/interamerica.org\/fr\/2018\/05\/a-bonaire-leglise-adventiste-inaugure-la-premiere-station-de-radio-dans-les-antilles-neerlandaises\/#breadcrumb","itemListElement":[{"@type":"ListItem","position":1,"name":"Home","item":"https:\/\/interamerica.org\/fr\/"},{"@type":"ListItem","position":2,"name":"A Bonaire, l\u2019Eglise Adventiste inaugure la premi\u00e8re station de radio dans les Antilles N\u00e9erlandaises"}]},{"@type":"WebSite","@id":"https:\/\/interamerica.org\/fr\/#website","url":"https:\/\/interamerica.org\/fr\/","name":"\u00c9glise Adventiste Du Septieme Jour - Inter Am\u00e9rique Division","description":"","potentialAction":[{"@type":"SearchAction","target":{"@type":"EntryPoint","urlTemplate":"https:\/\/interamerica.org\/fr\/?s={search_term_string}"},"query-input":{"@type":"PropertyValueSpecification","valueRequired":true,"valueName":"search_term_string"}}],"inLanguage":"fr-FR"},{"@type":"Person","@id":"https:\/\/interamerica.org\/fr\/#\/schema\/person\/29998f2bc2d8bd0d38662909289b54f1","name":"libna","image":{"@type":"ImageObject","inLanguage":"fr-FR","@id":"https:\/\/secure.gravatar.com\/avatar\/7c5bd30ae4b47a9ba3c856590957fd1d96dc588bf3ac05719d247e126840331f?s=96&d=mm&r=g","url":"https:\/\/secure.gravatar.com\/avatar\/7c5bd30ae4b47a9ba3c856590957fd1d96dc588bf3ac05719d247e126840331f?s=96&d=mm&r=g","contentUrl":"https:\/\/secure.gravatar.com\/avatar\/7c5bd30ae4b47a9ba3c856590957fd1d96dc588bf3ac05719d247e126840331f?s=96&d=mm&r=g","caption":"libna"}}]}},"_links":{"self":[{"href":"https:\/\/interamerica.org\/fr\/wp-json\/wp\/v2\/posts\/41700","targetHints":{"allow":["GET"]}}],"collection":[{"href":"https:\/\/interamerica.org\/fr\/wp-json\/wp\/v2\/posts"}],"about":[{"href":"https:\/\/interamerica.org\/fr\/wp-json\/wp\/v2\/types\/post"}],"author":[{"embeddable":true,"href":"https:\/\/interamerica.org\/fr\/wp-json\/wp\/v2\/users\/3"}],"replies":[{"embeddable":true,"href":"https:\/\/interamerica.org\/fr\/wp-json\/wp\/v2\/comments?post=41700"}],"version-history":[{"count":0,"href":"https:\/\/interamerica.org\/fr\/wp-json\/wp\/v2\/posts\/41700\/revisions"}],"wp:featuredmedia":[{"embeddable":true,"href":"https:\/\/interamerica.org\/fr\/wp-json\/wp\/v2\/media\/41661"}],"wp:attachment":[{"href":"https:\/\/interamerica.org\/fr\/wp-json\/wp\/v2\/media?parent=41700"}],"wp:term":[{"taxonomy":"category","embeddable":true,"href":"https:\/\/interamerica.org\/fr\/wp-json\/wp\/v2\/categories?post=41700"},{"taxonomy":"post_tag","embeddable":true,"href":"https:\/\/interamerica.org\/fr\/wp-json\/wp\/v2\/tags?post=41700"}],"curies":[{"name":"wp","href":"https:\/\/api.w.org\/{rel}","templated":true}]}}