{"id":41727,"date":"2018-05-16T11:01:56","date_gmt":"2018-05-16T15:01:56","guid":{"rendered":"https:\/\/recursing-golick.147-182-135-0.plesk.page\/?p=41727"},"modified":"2018-05-22T21:59:07","modified_gmt":"2018-05-23T01:59:07","slug":"le-comite-de-supervision-de-lunite-poursuit-ses-rencontres","status":"publish","type":"post","link":"https:\/\/interamerica.org\/fr\/2018\/05\/le-comite-de-supervision-de-lunite-poursuit-ses-rencontres\/","title":{"rendered":"Le Comit\u00e9 de Supervision de l\u2019Unit\u00e9 poursuit ses rencontres"},"content":{"rendered":"<img fetchpriority=\"high\" decoding=\"async\" class=\"aligncenter wp-image-41708\" src=\"https:\/\/recursing-golick.147-182-135-0.plesk.page\/wp-content\/uploads\/2018\/05\/unity-oversight-committee-banner1280-1-1024x640.jpg\" alt=\"\" width=\"760\" height=\"475\" srcset=\"https:\/\/interamerica.org\/wp-content\/uploads\/2018\/05\/unity-oversight-committee-banner1280-1-1024x640.jpg 1024w, https:\/\/interamerica.org\/wp-content\/uploads\/2018\/05\/unity-oversight-committee-banner1280-1-300x188.jpg 300w, https:\/\/interamerica.org\/wp-content\/uploads\/2018\/05\/unity-oversight-committee-banner1280-1-768x480.jpg 768w, https:\/\/interamerica.org\/wp-content\/uploads\/2018\/05\/unity-oversight-committee-banner1280-1.jpg 1280w\" sizes=\"(max-width: 760px) 100vw, 760px\" \/>\n<p>15 mai 2018 | Silver Spring, Maryland, \u00c9tats-Unis | <span class=\"byline-news\">Comit\u00e9 de Supervision de l\u2019Unit\u00e9<\/span><\/p>\n<p><span class=\"cap\">A<\/span>pr\u00e8s plusieurs mois de dialogue et de collecte de donn\u00e9es, le Comit\u00e9 de Supervision de l\u2019Unit\u00e9 de l\u2019\u00c9glise Adventiste du Septi\u00e8me Jour a commenc\u00e9 \u00e0 esquisser les \u00e9l\u00e9ments d\u2019un processus de mise en conformit\u00e9 qui sera examin\u00e9 par les dirigeants de l\u2019\u00e9glise mondiale plus tard au cours de cette ann\u00e9e. Le Comit\u00e9, qui s\u2019est r\u00e9uni le 14 mai au si\u00e8ge de l\u2019\u00e9glise \u00e0 Silver Spring, dans le Maryland, a pass\u00e9 un moment positif et productif ensemble et avance vers un consensus sur les \u00e9l\u00e9ments de base du document qui sera soumis au Concile Annuel en Octobre, a d\u00e9clar\u00e9 Mike Ryan qui pr\u00e9side le groupe.<\/p>\n<p>Le comit\u00e9 fait partie du processus \u00ab Unit\u00e9 dans la Mission: Proc\u00e9dures pour la R\u00e9conciliation de l\u2019Eglise \u00bb vot\u00e9 par le Comit\u00e9 Ex\u00e9cutif de la Conf\u00e9rence G\u00e9n\u00e9rale lors de son Concile Annuel de 2016.<\/p>\n<p>Lors de la rencontre du 14 mai, le comit\u00e9 a discut\u00e9 des premi\u00e8res \u00e9tapes de la r\u00e9daction des grandes lignes d\u2019un document qui sera pr\u00e9sent\u00e9 au Concile Annuel de 2018 qui aura lieu en octobre, d\u2019apr\u00e8s ce qu\u2019a indiqu\u00e9 Mike Ryan.<\/p>\n<p>\u00ab Un consensus se forme autour de quelques points qui seront inclus dans les grandes lignes du document, \u00bb a d\u00e9clar\u00e9 Mike Ryan, \u00ab m\u00eame s\u2019il est encore en phase de d\u00e9veloppement. \u00bb Il a \u00e9galement soulign\u00e9 que \u00ab le dialogue avec les divisions mondiales et les diff\u00e9rentes unions a \u00e9t\u00e9 tr\u00e8s utile et a guid\u00e9 le comit\u00e9 de r\u00e9daction dans ses grandes lignes. \u00bb<\/p>\n<p>D\u2019ici la fin de ce mois, les membres du comit\u00e9 auront rencontr\u00e9 les dirigeants de 12 des 14 entit\u00e9s de l\u2019\u00e9glise mondiale (13 divisions et une union rattach\u00e9e), d\u2019apr\u00e8s ce qu\u2019indique Hensley Moorooven, secr\u00e9taire du Comit\u00e9 de Supervision de l\u2019Unit\u00e9.<\/p>\n<p>\u00ab Ces dialogues ont \u00e9t\u00e9 tr\u00e8s cordiaux et francs, \u00bb a d\u00e9clar\u00e9 Hensley Moorooven.<\/p>\n<p>Les rencontres avec les deux entit\u00e9s restantes devraient avoir lieu au cours des prochaines semaines, et selon Hensley Moorooven, le travail du comit\u00e9 sera \u00e9clair\u00e9 par les contributions re\u00e7ues, pr\u00e9cisant que leurs contributions seront consid\u00e9r\u00e9es avant que le document ne soit finalis\u00e9.<\/p>\n<p>D\u2019apr\u00e8s Mike Ryan, voici certains des \u00e9l\u00e9ments qui seront inclus dans le document:<\/p>\n<ul>\n<li>Une reconnaissance du fait que l\u2019\u00e9glise fonctionne sur la base de la confiance, et que le niveau administratif le plus proche du probl\u00e8me de non respect des d\u00e9cisions sera celui \u00e0 qui on fera confiance et qui sera responsable de la mise en conformit\u00e9.<\/li>\n<li>Le niveau administratif sup\u00e9rieur aura pour responsabilit\u00e9 de superviser et les administrateurs devront cr\u00e9er une atmosph\u00e8re favorable au respect des d\u00e9cisions et \u00e0 l\u2019unit\u00e9.<\/li>\n<li>En cas de non respect des d\u00e9cisions, les administrateurs sont invit\u00e9s \u00e0 continuer \u00e0 faire preuve de discernement, de maturit\u00e9 et de discr\u00e9tion.<\/li>\n<li>Les r\u00e8glements et les directives en cours actuellement \u00e0 la Conf\u00e9rence G\u00e9n\u00e9rale sont disponibles en tant qu\u2019outils pour les administrateurs dans le traitement des probl\u00e8mes de non respect des d\u00e9cisions.<\/li>\n<li>Une liste des cons\u00e9quences en cas de non respect des d\u00e9cisions.<\/li>\n<li>Un processus de recours.<\/li>\n<\/ul>\n<p>Mike Ryan a soulign\u00e9 que le document est encore \u00e0 l\u2019\u00e9tat d\u2019\u00e9bauche et que \u00ab d\u2019ici ao\u00fbt, nous serons dans le processus de d\u00e9veloppement. \u00bb<\/p>\n<p>Le document sera publi\u00e9 dans son int\u00e9gralit\u00e9 une fois qu\u2019il aura \u00e9t\u00e9 examin\u00e9 et vot\u00e9 par le Comit\u00e9 Administratif de la Conf\u00e9rence G\u00e9n\u00e9rale (ADCOM). De l\u00e0, il sera envoy\u00e9 aux administrateurs de la Conf\u00e9rence G\u00e9n\u00e9rale et des divisions (GCDO) avant d\u2019\u00eatre pr\u00e9sent\u00e9 au Comit\u00e9 Ex\u00e9cutif de la Conf\u00e9rence G\u00e9n\u00e9rale lors de son Concile Annuel du mois d\u2019octobre.<\/p>\n<p>&nbsp;<\/p>\n<p>Traduction: Patrick Luciathe<\/p>\n","protected":false},"excerpt":{"rendered":"<p>15 mai 2018 | Silver Spring, Maryland, \u00c9tats-Unis | Comit\u00e9 de Supervision de l\u2019Unit\u00e9 Apr\u00e8s plusieurs mois de dialogue et de collecte de donn\u00e9es, le Comit\u00e9 de Supervision de l\u2019Unit\u00e9&#8230;<\/p>\n","protected":false},"author":3,"featured_media":40138,"comment_status":"open","ping_status":"closed","sticky":false,"template":"","format":"standard","meta":{"_acf_changed":false,"footnotes":""},"categories":[18,19],"tags":[],"class_list":["post-41727","post","type-post","status-publish","format-standard","has-post-thumbnail","hentry","category-nouvelles-de-leglise-mondiale","category-rss-francais"],"acf":[],"yoast_head":"<!-- This site is optimized with the Yoast SEO plugin v27.3 - https:\/\/yoast.com\/product\/yoast-seo-wordpress\/ -->\n<title>Le Comit\u00e9 de Supervision de l\u2019Unit\u00e9 poursuit ses rencontres - \u00c9glise Adventiste Du Septieme Jour - Inter Am\u00e9rique Division<\/title>\n<meta name=\"robots\" content=\"index, follow, max-snippet:-1, max-image-preview:large, max-video-preview:-1\" \/>\n<link rel=\"canonical\" href=\"https:\/\/interamerica.org\/fr\/2018\/05\/le-comite-de-supervision-de-lunite-poursuit-ses-rencontres\/\" \/>\n<meta property=\"og:locale\" content=\"fr_FR\" \/>\n<meta property=\"og:type\" content=\"article\" \/>\n<meta property=\"og:title\" content=\"Le Comit\u00e9 de Supervision de l\u2019Unit\u00e9 poursuit ses rencontres - \u00c9glise Adventiste Du Septieme Jour - Inter Am\u00e9rique Division\" \/>\n<meta property=\"og:description\" content=\"15 mai 2018 | Silver Spring, Maryland, \u00c9tats-Unis | Comit\u00e9 de Supervision de l\u2019Unit\u00e9 Apr\u00e8s plusieurs mois de dialogue et de collecte de donn\u00e9es, le Comit\u00e9 de Supervision de l\u2019Unit\u00e9...\" \/>\n<meta property=\"og:url\" content=\"https:\/\/interamerica.org\/fr\/2018\/05\/le-comite-de-supervision-de-lunite-poursuit-ses-rencontres\/\" \/>\n<meta property=\"og:site_name\" content=\"\u00c9glise Adventiste Du Septieme Jour - Inter Am\u00e9rique Division\" \/>\n<meta property=\"article:published_time\" content=\"2018-05-16T15:01:56+00:00\" \/>\n<meta property=\"article:modified_time\" content=\"2018-05-23T01:59:07+00:00\" \/>\n<meta property=\"og:image\" content=\"https:\/\/interamerica.org\/wp-content\/uploads\/2018\/02\/map-of-the-world-1280.jpg\" \/>\n\t<meta property=\"og:image:width\" content=\"1280\" \/>\n\t<meta property=\"og:image:height\" content=\"800\" \/>\n\t<meta property=\"og:image:type\" content=\"image\/jpeg\" \/>\n<meta name=\"author\" content=\"libna\" \/>\n<meta name=\"twitter:card\" content=\"summary_large_image\" \/>\n<meta name=\"twitter:label1\" content=\"\u00c9crit par\" \/>\n\t<meta name=\"twitter:data1\" content=\"libna\" \/>\n\t<meta name=\"twitter:label2\" content=\"Dur\u00e9e de lecture estim\u00e9e\" \/>\n\t<meta name=\"twitter:data2\" content=\"3 minutes\" \/>\n<script type=\"application\/ld+json\" class=\"yoast-schema-graph\">{\"@context\":\"https:\\\/\\\/schema.org\",\"@graph\":[{\"@type\":\"Article\",\"@id\":\"https:\\\/\\\/interamerica.org\\\/fr\\\/2018\\\/05\\\/le-comite-de-supervision-de-lunite-poursuit-ses-rencontres\\\/#article\",\"isPartOf\":{\"@id\":\"https:\\\/\\\/interamerica.org\\\/fr\\\/2018\\\/05\\\/le-comite-de-supervision-de-lunite-poursuit-ses-rencontres\\\/\"},\"author\":{\"name\":\"libna\",\"@id\":\"https:\\\/\\\/interamerica.org\\\/fr\\\/#\\\/schema\\\/person\\\/29998f2bc2d8bd0d38662909289b54f1\"},\"headline\":\"Le Comit\u00e9 de Supervision de l\u2019Unit\u00e9 poursuit ses rencontres\",\"datePublished\":\"2018-05-16T15:01:56+00:00\",\"dateModified\":\"2018-05-23T01:59:07+00:00\",\"mainEntityOfPage\":{\"@id\":\"https:\\\/\\\/interamerica.org\\\/fr\\\/2018\\\/05\\\/le-comite-de-supervision-de-lunite-poursuit-ses-rencontres\\\/\"},\"wordCount\":665,\"commentCount\":0,\"image\":{\"@id\":\"https:\\\/\\\/interamerica.org\\\/fr\\\/2018\\\/05\\\/le-comite-de-supervision-de-lunite-poursuit-ses-rencontres\\\/#primaryimage\"},\"thumbnailUrl\":\"https:\\\/\\\/interamerica.org\\\/wp-content\\\/uploads\\\/2018\\\/02\\\/map-of-the-world-1280.jpg\",\"articleSection\":[\"Nouvelles de l'\u00c9glise mondiale\",\"RSS Fran\u00e7ais\"],\"inLanguage\":\"fr-FR\",\"potentialAction\":[{\"@type\":\"CommentAction\",\"name\":\"Comment\",\"target\":[\"https:\\\/\\\/interamerica.org\\\/fr\\\/2018\\\/05\\\/le-comite-de-supervision-de-lunite-poursuit-ses-rencontres\\\/#respond\"]}]},{\"@type\":\"WebPage\",\"@id\":\"https:\\\/\\\/interamerica.org\\\/fr\\\/2018\\\/05\\\/le-comite-de-supervision-de-lunite-poursuit-ses-rencontres\\\/\",\"url\":\"https:\\\/\\\/interamerica.org\\\/fr\\\/2018\\\/05\\\/le-comite-de-supervision-de-lunite-poursuit-ses-rencontres\\\/\",\"name\":\"Le Comit\u00e9 de Supervision de l\u2019Unit\u00e9 poursuit ses rencontres - \u00c9glise Adventiste Du Septieme Jour - Inter Am\u00e9rique Division\",\"isPartOf\":{\"@id\":\"https:\\\/\\\/interamerica.org\\\/fr\\\/#website\"},\"primaryImageOfPage\":{\"@id\":\"https:\\\/\\\/interamerica.org\\\/fr\\\/2018\\\/05\\\/le-comite-de-supervision-de-lunite-poursuit-ses-rencontres\\\/#primaryimage\"},\"image\":{\"@id\":\"https:\\\/\\\/interamerica.org\\\/fr\\\/2018\\\/05\\\/le-comite-de-supervision-de-lunite-poursuit-ses-rencontres\\\/#primaryimage\"},\"thumbnailUrl\":\"https:\\\/\\\/interamerica.org\\\/wp-content\\\/uploads\\\/2018\\\/02\\\/map-of-the-world-1280.jpg\",\"datePublished\":\"2018-05-16T15:01:56+00:00\",\"dateModified\":\"2018-05-23T01:59:07+00:00\",\"author\":{\"@id\":\"https:\\\/\\\/interamerica.org\\\/fr\\\/#\\\/schema\\\/person\\\/29998f2bc2d8bd0d38662909289b54f1\"},\"breadcrumb\":{\"@id\":\"https:\\\/\\\/interamerica.org\\\/fr\\\/2018\\\/05\\\/le-comite-de-supervision-de-lunite-poursuit-ses-rencontres\\\/#breadcrumb\"},\"inLanguage\":\"fr-FR\",\"potentialAction\":[{\"@type\":\"ReadAction\",\"target\":[\"https:\\\/\\\/interamerica.org\\\/fr\\\/2018\\\/05\\\/le-comite-de-supervision-de-lunite-poursuit-ses-rencontres\\\/\"]}]},{\"@type\":\"ImageObject\",\"inLanguage\":\"fr-FR\",\"@id\":\"https:\\\/\\\/interamerica.org\\\/fr\\\/2018\\\/05\\\/le-comite-de-supervision-de-lunite-poursuit-ses-rencontres\\\/#primaryimage\",\"url\":\"https:\\\/\\\/interamerica.org\\\/wp-content\\\/uploads\\\/2018\\\/02\\\/map-of-the-world-1280.jpg\",\"contentUrl\":\"https:\\\/\\\/interamerica.org\\\/wp-content\\\/uploads\\\/2018\\\/02\\\/map-of-the-world-1280.jpg\",\"width\":1280,\"height\":800},{\"@type\":\"BreadcrumbList\",\"@id\":\"https:\\\/\\\/interamerica.org\\\/fr\\\/2018\\\/05\\\/le-comite-de-supervision-de-lunite-poursuit-ses-rencontres\\\/#breadcrumb\",\"itemListElement\":[{\"@type\":\"ListItem\",\"position\":1,\"name\":\"Home\",\"item\":\"https:\\\/\\\/interamerica.org\\\/fr\\\/\"},{\"@type\":\"ListItem\",\"position\":2,\"name\":\"Le Comit\u00e9 de Supervision de l\u2019Unit\u00e9 poursuit ses rencontres\"}]},{\"@type\":\"WebSite\",\"@id\":\"https:\\\/\\\/interamerica.org\\\/fr\\\/#website\",\"url\":\"https:\\\/\\\/interamerica.org\\\/fr\\\/\",\"name\":\"\u00c9glise Adventiste Du Septieme Jour - Inter Am\u00e9rique Division\",\"description\":\"\",\"potentialAction\":[{\"@type\":\"SearchAction\",\"target\":{\"@type\":\"EntryPoint\",\"urlTemplate\":\"https:\\\/\\\/interamerica.org\\\/fr\\\/?s={search_term_string}\"},\"query-input\":{\"@type\":\"PropertyValueSpecification\",\"valueRequired\":true,\"valueName\":\"search_term_string\"}}],\"inLanguage\":\"fr-FR\"},{\"@type\":\"Person\",\"@id\":\"https:\\\/\\\/interamerica.org\\\/fr\\\/#\\\/schema\\\/person\\\/29998f2bc2d8bd0d38662909289b54f1\",\"name\":\"libna\",\"image\":{\"@type\":\"ImageObject\",\"inLanguage\":\"fr-FR\",\"@id\":\"https:\\\/\\\/secure.gravatar.com\\\/avatar\\\/7c5bd30ae4b47a9ba3c856590957fd1d96dc588bf3ac05719d247e126840331f?s=96&d=mm&r=g\",\"url\":\"https:\\\/\\\/secure.gravatar.com\\\/avatar\\\/7c5bd30ae4b47a9ba3c856590957fd1d96dc588bf3ac05719d247e126840331f?s=96&d=mm&r=g\",\"contentUrl\":\"https:\\\/\\\/secure.gravatar.com\\\/avatar\\\/7c5bd30ae4b47a9ba3c856590957fd1d96dc588bf3ac05719d247e126840331f?s=96&d=mm&r=g\",\"caption\":\"libna\"}}]}<\/script>\n<!-- \/ Yoast SEO plugin. -->","yoast_head_json":{"title":"Le Comit\u00e9 de Supervision de l\u2019Unit\u00e9 poursuit ses rencontres - \u00c9glise Adventiste Du Septieme Jour - Inter Am\u00e9rique Division","robots":{"index":"index","follow":"follow","max-snippet":"max-snippet:-1","max-image-preview":"max-image-preview:large","max-video-preview":"max-video-preview:-1"},"canonical":"https:\/\/interamerica.org\/fr\/2018\/05\/le-comite-de-supervision-de-lunite-poursuit-ses-rencontres\/","og_locale":"fr_FR","og_type":"article","og_title":"Le Comit\u00e9 de Supervision de l\u2019Unit\u00e9 poursuit ses rencontres - \u00c9glise Adventiste Du Septieme Jour - Inter Am\u00e9rique Division","og_description":"15 mai 2018 | Silver Spring, Maryland, \u00c9tats-Unis | Comit\u00e9 de Supervision de l\u2019Unit\u00e9 Apr\u00e8s plusieurs mois de dialogue et de collecte de donn\u00e9es, le Comit\u00e9 de Supervision de l\u2019Unit\u00e9...","og_url":"https:\/\/interamerica.org\/fr\/2018\/05\/le-comite-de-supervision-de-lunite-poursuit-ses-rencontres\/","og_site_name":"\u00c9glise Adventiste Du Septieme Jour - Inter Am\u00e9rique Division","article_published_time":"2018-05-16T15:01:56+00:00","article_modified_time":"2018-05-23T01:59:07+00:00","og_image":[{"width":1280,"height":800,"url":"https:\/\/interamerica.org\/wp-content\/uploads\/2018\/02\/map-of-the-world-1280.jpg","type":"image\/jpeg"}],"author":"libna","twitter_card":"summary_large_image","twitter_misc":{"\u00c9crit par":"libna","Dur\u00e9e de lecture estim\u00e9e":"3 minutes"},"schema":{"@context":"https:\/\/schema.org","@graph":[{"@type":"Article","@id":"https:\/\/interamerica.org\/fr\/2018\/05\/le-comite-de-supervision-de-lunite-poursuit-ses-rencontres\/#article","isPartOf":{"@id":"https:\/\/interamerica.org\/fr\/2018\/05\/le-comite-de-supervision-de-lunite-poursuit-ses-rencontres\/"},"author":{"name":"libna","@id":"https:\/\/interamerica.org\/fr\/#\/schema\/person\/29998f2bc2d8bd0d38662909289b54f1"},"headline":"Le Comit\u00e9 de Supervision de l\u2019Unit\u00e9 poursuit ses rencontres","datePublished":"2018-05-16T15:01:56+00:00","dateModified":"2018-05-23T01:59:07+00:00","mainEntityOfPage":{"@id":"https:\/\/interamerica.org\/fr\/2018\/05\/le-comite-de-supervision-de-lunite-poursuit-ses-rencontres\/"},"wordCount":665,"commentCount":0,"image":{"@id":"https:\/\/interamerica.org\/fr\/2018\/05\/le-comite-de-supervision-de-lunite-poursuit-ses-rencontres\/#primaryimage"},"thumbnailUrl":"https:\/\/interamerica.org\/wp-content\/uploads\/2018\/02\/map-of-the-world-1280.jpg","articleSection":["Nouvelles de l'\u00c9glise mondiale","RSS Fran\u00e7ais"],"inLanguage":"fr-FR","potentialAction":[{"@type":"CommentAction","name":"Comment","target":["https:\/\/interamerica.org\/fr\/2018\/05\/le-comite-de-supervision-de-lunite-poursuit-ses-rencontres\/#respond"]}]},{"@type":"WebPage","@id":"https:\/\/interamerica.org\/fr\/2018\/05\/le-comite-de-supervision-de-lunite-poursuit-ses-rencontres\/","url":"https:\/\/interamerica.org\/fr\/2018\/05\/le-comite-de-supervision-de-lunite-poursuit-ses-rencontres\/","name":"Le Comit\u00e9 de Supervision de l\u2019Unit\u00e9 poursuit ses rencontres - \u00c9glise Adventiste Du Septieme Jour - Inter Am\u00e9rique Division","isPartOf":{"@id":"https:\/\/interamerica.org\/fr\/#website"},"primaryImageOfPage":{"@id":"https:\/\/interamerica.org\/fr\/2018\/05\/le-comite-de-supervision-de-lunite-poursuit-ses-rencontres\/#primaryimage"},"image":{"@id":"https:\/\/interamerica.org\/fr\/2018\/05\/le-comite-de-supervision-de-lunite-poursuit-ses-rencontres\/#primaryimage"},"thumbnailUrl":"https:\/\/interamerica.org\/wp-content\/uploads\/2018\/02\/map-of-the-world-1280.jpg","datePublished":"2018-05-16T15:01:56+00:00","dateModified":"2018-05-23T01:59:07+00:00","author":{"@id":"https:\/\/interamerica.org\/fr\/#\/schema\/person\/29998f2bc2d8bd0d38662909289b54f1"},"breadcrumb":{"@id":"https:\/\/interamerica.org\/fr\/2018\/05\/le-comite-de-supervision-de-lunite-poursuit-ses-rencontres\/#breadcrumb"},"inLanguage":"fr-FR","potentialAction":[{"@type":"ReadAction","target":["https:\/\/interamerica.org\/fr\/2018\/05\/le-comite-de-supervision-de-lunite-poursuit-ses-rencontres\/"]}]},{"@type":"ImageObject","inLanguage":"fr-FR","@id":"https:\/\/interamerica.org\/fr\/2018\/05\/le-comite-de-supervision-de-lunite-poursuit-ses-rencontres\/#primaryimage","url":"https:\/\/interamerica.org\/wp-content\/uploads\/2018\/02\/map-of-the-world-1280.jpg","contentUrl":"https:\/\/interamerica.org\/wp-content\/uploads\/2018\/02\/map-of-the-world-1280.jpg","width":1280,"height":800},{"@type":"BreadcrumbList","@id":"https:\/\/interamerica.org\/fr\/2018\/05\/le-comite-de-supervision-de-lunite-poursuit-ses-rencontres\/#breadcrumb","itemListElement":[{"@type":"ListItem","position":1,"name":"Home","item":"https:\/\/interamerica.org\/fr\/"},{"@type":"ListItem","position":2,"name":"Le Comit\u00e9 de Supervision de l\u2019Unit\u00e9 poursuit ses rencontres"}]},{"@type":"WebSite","@id":"https:\/\/interamerica.org\/fr\/#website","url":"https:\/\/interamerica.org\/fr\/","name":"\u00c9glise Adventiste Du Septieme Jour - Inter Am\u00e9rique Division","description":"","potentialAction":[{"@type":"SearchAction","target":{"@type":"EntryPoint","urlTemplate":"https:\/\/interamerica.org\/fr\/?s={search_term_string}"},"query-input":{"@type":"PropertyValueSpecification","valueRequired":true,"valueName":"search_term_string"}}],"inLanguage":"fr-FR"},{"@type":"Person","@id":"https:\/\/interamerica.org\/fr\/#\/schema\/person\/29998f2bc2d8bd0d38662909289b54f1","name":"libna","image":{"@type":"ImageObject","inLanguage":"fr-FR","@id":"https:\/\/secure.gravatar.com\/avatar\/7c5bd30ae4b47a9ba3c856590957fd1d96dc588bf3ac05719d247e126840331f?s=96&d=mm&r=g","url":"https:\/\/secure.gravatar.com\/avatar\/7c5bd30ae4b47a9ba3c856590957fd1d96dc588bf3ac05719d247e126840331f?s=96&d=mm&r=g","contentUrl":"https:\/\/secure.gravatar.com\/avatar\/7c5bd30ae4b47a9ba3c856590957fd1d96dc588bf3ac05719d247e126840331f?s=96&d=mm&r=g","caption":"libna"}}]}},"_links":{"self":[{"href":"https:\/\/interamerica.org\/fr\/wp-json\/wp\/v2\/posts\/41727","targetHints":{"allow":["GET"]}}],"collection":[{"href":"https:\/\/interamerica.org\/fr\/wp-json\/wp\/v2\/posts"}],"about":[{"href":"https:\/\/interamerica.org\/fr\/wp-json\/wp\/v2\/types\/post"}],"author":[{"embeddable":true,"href":"https:\/\/interamerica.org\/fr\/wp-json\/wp\/v2\/users\/3"}],"replies":[{"embeddable":true,"href":"https:\/\/interamerica.org\/fr\/wp-json\/wp\/v2\/comments?post=41727"}],"version-history":[{"count":0,"href":"https:\/\/interamerica.org\/fr\/wp-json\/wp\/v2\/posts\/41727\/revisions"}],"wp:featuredmedia":[{"embeddable":true,"href":"https:\/\/interamerica.org\/fr\/wp-json\/wp\/v2\/media\/40138"}],"wp:attachment":[{"href":"https:\/\/interamerica.org\/fr\/wp-json\/wp\/v2\/media?parent=41727"}],"wp:term":[{"taxonomy":"category","embeddable":true,"href":"https:\/\/interamerica.org\/fr\/wp-json\/wp\/v2\/categories?post=41727"},{"taxonomy":"post_tag","embeddable":true,"href":"https:\/\/interamerica.org\/fr\/wp-json\/wp\/v2\/tags?post=41727"}],"curies":[{"name":"wp","href":"https:\/\/api.w.org\/{rel}","templated":true}]}}