{"id":41800,"date":"2018-05-21T14:21:39","date_gmt":"2018-05-21T18:21:39","guid":{"rendered":"https:\/\/recursing-golick.147-182-135-0.plesk.page\/?p=41800"},"modified":"2018-05-21T17:35:11","modified_gmt":"2018-05-21T21:35:11","slug":"la-convention-annuelle-dasi-inter-amerique-celebre-20-ans-de-croissance","status":"publish","type":"post","link":"https:\/\/interamerica.org\/fr\/2018\/05\/la-convention-annuelle-dasi-inter-amerique-celebre-20-ans-de-croissance\/","title":{"rendered":"La convention annuelle d\u2019ASi Inter Am\u00e9rique c\u00e9l\u00e8bre 20 ans de croissance"},"content":{"rendered":"<img fetchpriority=\"high\" decoding=\"async\" class=\"aligncenter wp-image-41781\" src=\"https:\/\/recursing-golick.147-182-135-0.plesk.page\/wp-content\/uploads\/2018\/05\/asi-2018-eng.jpg\" alt=\"\" width=\"761\" height=\"452\" srcset=\"https:\/\/interamerica.org\/wp-content\/uploads\/2018\/05\/asi-2018-eng.jpg 862w, https:\/\/interamerica.org\/wp-content\/uploads\/2018\/05\/asi-2018-eng-300x178.jpg 300w, https:\/\/interamerica.org\/wp-content\/uploads\/2018\/05\/asi-2018-eng-768x456.jpg 768w\" sizes=\"(max-width: 761px) 100vw, 761px\" \/>\n<p>&nbsp;<\/p>\n<p>21 mai 2018 | Miami, Floride, \u00c9tats-Unis | Libna Stevens \/ DIA<\/p>\n<p>Cette ann\u00e9e, la Convention des La\u00efcs des Services et Industries (ASi) de l\u2019Inter Am\u00e9rique devrait rassembler des centaines de chefs d\u2019entreprise et de professionnels Adventistes venus de tout le territoire de la Division Inter Am\u00e9ricaine (DIA), \u00e0 Cancun, au Mexique, du 8 au 12 ao\u00fbt 2018. Le programme devrait \u00e9galement r\u00e9unir des avocats et des professionnels de la sant\u00e9 pour ce qui pourrait \u00eatre la plus grande convention d\u2019ASi en Inter Am\u00e9rique.<\/p>\n<p>Le th\u00e8me : \u00ab 20 ans \u00e0 Transformer des Vies dans le Milieu Professionnel, \u00bb mettra en lumi\u00e8re la croissance du bureau principal d\u2019ASi Inter-Am\u00e9rique depuis son organisation en 1998, ont indiqu\u00e9 les organisateurs.<\/p>\n<p>\u00ab La convention permettra aux chefs d\u2019entreprise, aux professionnels de sant\u00e9 et aux avocats d\u2019exercer leur minist\u00e8re dans le contexte de leur fonction tout en t\u00e9moignant pour Christ, \u00bb a d\u00e9clar\u00e9 pasteur James Daniel, vice-pr\u00e9sident de l\u2019Eglise Adventiste en Inter Am\u00e9rique et secr\u00e9taire d\u2019ASI-Inter Am\u00e9rique.<\/p>\n<p>La convention de cette ann\u00e9e est particuli\u00e8rement sp\u00e9ciale pour l\u2019Inter Am\u00e9rique car depuis 20 ans, des dizaines de sections locales ont vu le jour sur le territoire, a dit pasteur Daniel, \u00ab et nous voulons que les sections locales se concentrent sur l\u2019\u00e9laboration de plans et de programmes cr\u00e9atifs, alors que nous faisons en sorte qu\u2019ASi Inter Am\u00e9rique franchisse encore un cap pour continuer de se d\u00e9velopper. \u00bb<\/p>\n<p>Le programme de quatre jours vise \u00e0 inspirer et \u00e0 r\u00e9affirmer les membres des sections locales d\u2019ASi et les participants dans leur engagement \u00e0 partager Christ dans leurs entreprises et leurs communaut\u00e9s en soutien \u00e0 la mission de l\u2019\u00e9glise. Des conf\u00e9renciers internationaux interviendront pendant la convention, ont indiqu\u00e9 les organisateurs.<\/p>\n<p>Une campagne d\u2019\u00e9vang\u00e9lisation devrait avoir lieu avant la convention \u00e0 Cancun, et les membres d\u2019ASi auront l\u2019opportunit\u00e9 d\u2019y participer.<\/p>\n<p>\u00ab Nous voulons que cette convention continue d\u2019encourager les participants \u00e0 aller de l\u2019avant alors que le Saint-Esprit les guide dans le service aupr\u00e8s de leurs communaut\u00e9s, et dans la pr\u00e9paration des autres pour le royaume de Dieu, \u00bb a ajout\u00e9 James Daniel.<\/p>\n<p>Pour en savoir plus et pour s\u2019inscrire \u00e0 la Convention ASi de l\u2019Inter Am\u00e9rique, visitez le site <a href=\"https:\/\/eventdex.force.com\/BLN_RegistrationDym?id=a192A00000ANLCXQA5\">asi2018.interamerica.org<\/a><\/p>\n","protected":false},"excerpt":{"rendered":"<p>&nbsp; 21 mai 2018 | Miami, Floride, \u00c9tats-Unis | Libna Stevens \/ DIA Cette ann\u00e9e, la Convention des La\u00efcs des Services et Industries (ASi) de l\u2019Inter Am\u00e9rique devrait rassembler des&#8230;<\/p>\n","protected":false},"author":3,"featured_media":41776,"comment_status":"open","ping_status":"closed","sticky":false,"template":"","format":"standard","meta":{"_acf_changed":false,"footnotes":""},"categories":[20,19],"tags":[],"class_list":["post-41800","post","type-post","status-publish","format-standard","has-post-thumbnail","hentry","category-nouvelles-du-siege-de-la-division","category-rss-francais"],"acf":[],"yoast_head":"<!-- This site is optimized with the Yoast SEO plugin v27.3 - https:\/\/yoast.com\/product\/yoast-seo-wordpress\/ -->\n<title>La convention annuelle d\u2019ASi Inter Am\u00e9rique c\u00e9l\u00e8bre 20 ans de croissance - \u00c9glise Adventiste Du Septieme Jour - Inter Am\u00e9rique Division<\/title>\n<meta name=\"robots\" content=\"index, follow, max-snippet:-1, max-image-preview:large, max-video-preview:-1\" \/>\n<link rel=\"canonical\" href=\"https:\/\/interamerica.org\/fr\/2018\/05\/la-convention-annuelle-dasi-inter-amerique-celebre-20-ans-de-croissance\/\" \/>\n<meta property=\"og:locale\" content=\"fr_FR\" \/>\n<meta property=\"og:type\" content=\"article\" \/>\n<meta property=\"og:title\" content=\"La convention annuelle d\u2019ASi Inter Am\u00e9rique c\u00e9l\u00e8bre 20 ans de croissance - \u00c9glise Adventiste Du Septieme Jour - Inter Am\u00e9rique Division\" \/>\n<meta property=\"og:description\" content=\"&nbsp; 21 mai 2018 | Miami, Floride, \u00c9tats-Unis | Libna Stevens \/ DIA Cette ann\u00e9e, la Convention des La\u00efcs des Services et Industries (ASi) de l\u2019Inter Am\u00e9rique devrait rassembler des...\" \/>\n<meta property=\"og:url\" content=\"https:\/\/interamerica.org\/fr\/2018\/05\/la-convention-annuelle-dasi-inter-amerique-celebre-20-ans-de-croissance\/\" \/>\n<meta property=\"og:site_name\" content=\"\u00c9glise Adventiste Du Septieme Jour - Inter Am\u00e9rique Division\" \/>\n<meta property=\"article:published_time\" content=\"2018-05-21T18:21:39+00:00\" \/>\n<meta property=\"article:modified_time\" content=\"2018-05-21T21:35:11+00:00\" \/>\n<meta property=\"og:image\" content=\"https:\/\/interamerica.org\/wp-content\/uploads\/2018\/05\/asi-2018-1280.jpg\" \/>\n\t<meta property=\"og:image:width\" content=\"1280\" \/>\n\t<meta property=\"og:image:height\" content=\"800\" \/>\n\t<meta property=\"og:image:type\" content=\"image\/jpeg\" \/>\n<meta name=\"author\" content=\"libna\" \/>\n<meta name=\"twitter:card\" content=\"summary_large_image\" \/>\n<meta name=\"twitter:label1\" content=\"\u00c9crit par\" \/>\n\t<meta name=\"twitter:data1\" content=\"libna\" \/>\n\t<meta name=\"twitter:label2\" content=\"Dur\u00e9e de lecture estim\u00e9e\" \/>\n\t<meta name=\"twitter:data2\" content=\"2 minutes\" \/>\n<script type=\"application\/ld+json\" class=\"yoast-schema-graph\">{\"@context\":\"https:\\\/\\\/schema.org\",\"@graph\":[{\"@type\":\"Article\",\"@id\":\"https:\\\/\\\/interamerica.org\\\/fr\\\/2018\\\/05\\\/la-convention-annuelle-dasi-inter-amerique-celebre-20-ans-de-croissance\\\/#article\",\"isPartOf\":{\"@id\":\"https:\\\/\\\/interamerica.org\\\/fr\\\/2018\\\/05\\\/la-convention-annuelle-dasi-inter-amerique-celebre-20-ans-de-croissance\\\/\"},\"author\":{\"name\":\"libna\",\"@id\":\"https:\\\/\\\/interamerica.org\\\/fr\\\/#\\\/schema\\\/person\\\/29998f2bc2d8bd0d38662909289b54f1\"},\"headline\":\"La convention annuelle d\u2019ASi Inter Am\u00e9rique c\u00e9l\u00e8bre 20 ans de croissance\",\"datePublished\":\"2018-05-21T18:21:39+00:00\",\"dateModified\":\"2018-05-21T21:35:11+00:00\",\"mainEntityOfPage\":{\"@id\":\"https:\\\/\\\/interamerica.org\\\/fr\\\/2018\\\/05\\\/la-convention-annuelle-dasi-inter-amerique-celebre-20-ans-de-croissance\\\/\"},\"wordCount\":402,\"commentCount\":0,\"image\":{\"@id\":\"https:\\\/\\\/interamerica.org\\\/fr\\\/2018\\\/05\\\/la-convention-annuelle-dasi-inter-amerique-celebre-20-ans-de-croissance\\\/#primaryimage\"},\"thumbnailUrl\":\"https:\\\/\\\/interamerica.org\\\/wp-content\\\/uploads\\\/2018\\\/05\\\/asi-2018-1280.jpg\",\"articleSection\":[\"Nouvelles du si\u00e8ge de la division\",\"RSS Fran\u00e7ais\"],\"inLanguage\":\"fr-FR\",\"potentialAction\":[{\"@type\":\"CommentAction\",\"name\":\"Comment\",\"target\":[\"https:\\\/\\\/interamerica.org\\\/fr\\\/2018\\\/05\\\/la-convention-annuelle-dasi-inter-amerique-celebre-20-ans-de-croissance\\\/#respond\"]}]},{\"@type\":\"WebPage\",\"@id\":\"https:\\\/\\\/interamerica.org\\\/fr\\\/2018\\\/05\\\/la-convention-annuelle-dasi-inter-amerique-celebre-20-ans-de-croissance\\\/\",\"url\":\"https:\\\/\\\/interamerica.org\\\/fr\\\/2018\\\/05\\\/la-convention-annuelle-dasi-inter-amerique-celebre-20-ans-de-croissance\\\/\",\"name\":\"La convention annuelle d\u2019ASi Inter Am\u00e9rique c\u00e9l\u00e8bre 20 ans de croissance - \u00c9glise Adventiste Du Septieme Jour - Inter Am\u00e9rique Division\",\"isPartOf\":{\"@id\":\"https:\\\/\\\/interamerica.org\\\/fr\\\/#website\"},\"primaryImageOfPage\":{\"@id\":\"https:\\\/\\\/interamerica.org\\\/fr\\\/2018\\\/05\\\/la-convention-annuelle-dasi-inter-amerique-celebre-20-ans-de-croissance\\\/#primaryimage\"},\"image\":{\"@id\":\"https:\\\/\\\/interamerica.org\\\/fr\\\/2018\\\/05\\\/la-convention-annuelle-dasi-inter-amerique-celebre-20-ans-de-croissance\\\/#primaryimage\"},\"thumbnailUrl\":\"https:\\\/\\\/interamerica.org\\\/wp-content\\\/uploads\\\/2018\\\/05\\\/asi-2018-1280.jpg\",\"datePublished\":\"2018-05-21T18:21:39+00:00\",\"dateModified\":\"2018-05-21T21:35:11+00:00\",\"author\":{\"@id\":\"https:\\\/\\\/interamerica.org\\\/fr\\\/#\\\/schema\\\/person\\\/29998f2bc2d8bd0d38662909289b54f1\"},\"breadcrumb\":{\"@id\":\"https:\\\/\\\/interamerica.org\\\/fr\\\/2018\\\/05\\\/la-convention-annuelle-dasi-inter-amerique-celebre-20-ans-de-croissance\\\/#breadcrumb\"},\"inLanguage\":\"fr-FR\",\"potentialAction\":[{\"@type\":\"ReadAction\",\"target\":[\"https:\\\/\\\/interamerica.org\\\/fr\\\/2018\\\/05\\\/la-convention-annuelle-dasi-inter-amerique-celebre-20-ans-de-croissance\\\/\"]}]},{\"@type\":\"ImageObject\",\"inLanguage\":\"fr-FR\",\"@id\":\"https:\\\/\\\/interamerica.org\\\/fr\\\/2018\\\/05\\\/la-convention-annuelle-dasi-inter-amerique-celebre-20-ans-de-croissance\\\/#primaryimage\",\"url\":\"https:\\\/\\\/interamerica.org\\\/wp-content\\\/uploads\\\/2018\\\/05\\\/asi-2018-1280.jpg\",\"contentUrl\":\"https:\\\/\\\/interamerica.org\\\/wp-content\\\/uploads\\\/2018\\\/05\\\/asi-2018-1280.jpg\",\"width\":1280,\"height\":800},{\"@type\":\"BreadcrumbList\",\"@id\":\"https:\\\/\\\/interamerica.org\\\/fr\\\/2018\\\/05\\\/la-convention-annuelle-dasi-inter-amerique-celebre-20-ans-de-croissance\\\/#breadcrumb\",\"itemListElement\":[{\"@type\":\"ListItem\",\"position\":1,\"name\":\"Home\",\"item\":\"https:\\\/\\\/interamerica.org\\\/fr\\\/\"},{\"@type\":\"ListItem\",\"position\":2,\"name\":\"La convention annuelle d\u2019ASi Inter Am\u00e9rique c\u00e9l\u00e8bre 20 ans de croissance\"}]},{\"@type\":\"WebSite\",\"@id\":\"https:\\\/\\\/interamerica.org\\\/fr\\\/#website\",\"url\":\"https:\\\/\\\/interamerica.org\\\/fr\\\/\",\"name\":\"\u00c9glise Adventiste Du Septieme Jour - Inter Am\u00e9rique Division\",\"description\":\"\",\"potentialAction\":[{\"@type\":\"SearchAction\",\"target\":{\"@type\":\"EntryPoint\",\"urlTemplate\":\"https:\\\/\\\/interamerica.org\\\/fr\\\/?s={search_term_string}\"},\"query-input\":{\"@type\":\"PropertyValueSpecification\",\"valueRequired\":true,\"valueName\":\"search_term_string\"}}],\"inLanguage\":\"fr-FR\"},{\"@type\":\"Person\",\"@id\":\"https:\\\/\\\/interamerica.org\\\/fr\\\/#\\\/schema\\\/person\\\/29998f2bc2d8bd0d38662909289b54f1\",\"name\":\"libna\",\"image\":{\"@type\":\"ImageObject\",\"inLanguage\":\"fr-FR\",\"@id\":\"https:\\\/\\\/secure.gravatar.com\\\/avatar\\\/7c5bd30ae4b47a9ba3c856590957fd1d96dc588bf3ac05719d247e126840331f?s=96&d=mm&r=g\",\"url\":\"https:\\\/\\\/secure.gravatar.com\\\/avatar\\\/7c5bd30ae4b47a9ba3c856590957fd1d96dc588bf3ac05719d247e126840331f?s=96&d=mm&r=g\",\"contentUrl\":\"https:\\\/\\\/secure.gravatar.com\\\/avatar\\\/7c5bd30ae4b47a9ba3c856590957fd1d96dc588bf3ac05719d247e126840331f?s=96&d=mm&r=g\",\"caption\":\"libna\"}}]}<\/script>\n<!-- \/ Yoast SEO plugin. -->","yoast_head_json":{"title":"La convention annuelle d\u2019ASi Inter Am\u00e9rique c\u00e9l\u00e8bre 20 ans de croissance - \u00c9glise Adventiste Du Septieme Jour - Inter Am\u00e9rique Division","robots":{"index":"index","follow":"follow","max-snippet":"max-snippet:-1","max-image-preview":"max-image-preview:large","max-video-preview":"max-video-preview:-1"},"canonical":"https:\/\/interamerica.org\/fr\/2018\/05\/la-convention-annuelle-dasi-inter-amerique-celebre-20-ans-de-croissance\/","og_locale":"fr_FR","og_type":"article","og_title":"La convention annuelle d\u2019ASi Inter Am\u00e9rique c\u00e9l\u00e8bre 20 ans de croissance - \u00c9glise Adventiste Du Septieme Jour - Inter Am\u00e9rique Division","og_description":"&nbsp; 21 mai 2018 | Miami, Floride, \u00c9tats-Unis | Libna Stevens \/ DIA Cette ann\u00e9e, la Convention des La\u00efcs des Services et Industries (ASi) de l\u2019Inter Am\u00e9rique devrait rassembler des...","og_url":"https:\/\/interamerica.org\/fr\/2018\/05\/la-convention-annuelle-dasi-inter-amerique-celebre-20-ans-de-croissance\/","og_site_name":"\u00c9glise Adventiste Du Septieme Jour - Inter Am\u00e9rique Division","article_published_time":"2018-05-21T18:21:39+00:00","article_modified_time":"2018-05-21T21:35:11+00:00","og_image":[{"width":1280,"height":800,"url":"https:\/\/interamerica.org\/wp-content\/uploads\/2018\/05\/asi-2018-1280.jpg","type":"image\/jpeg"}],"author":"libna","twitter_card":"summary_large_image","twitter_misc":{"\u00c9crit par":"libna","Dur\u00e9e de lecture estim\u00e9e":"2 minutes"},"schema":{"@context":"https:\/\/schema.org","@graph":[{"@type":"Article","@id":"https:\/\/interamerica.org\/fr\/2018\/05\/la-convention-annuelle-dasi-inter-amerique-celebre-20-ans-de-croissance\/#article","isPartOf":{"@id":"https:\/\/interamerica.org\/fr\/2018\/05\/la-convention-annuelle-dasi-inter-amerique-celebre-20-ans-de-croissance\/"},"author":{"name":"libna","@id":"https:\/\/interamerica.org\/fr\/#\/schema\/person\/29998f2bc2d8bd0d38662909289b54f1"},"headline":"La convention annuelle d\u2019ASi Inter Am\u00e9rique c\u00e9l\u00e8bre 20 ans de croissance","datePublished":"2018-05-21T18:21:39+00:00","dateModified":"2018-05-21T21:35:11+00:00","mainEntityOfPage":{"@id":"https:\/\/interamerica.org\/fr\/2018\/05\/la-convention-annuelle-dasi-inter-amerique-celebre-20-ans-de-croissance\/"},"wordCount":402,"commentCount":0,"image":{"@id":"https:\/\/interamerica.org\/fr\/2018\/05\/la-convention-annuelle-dasi-inter-amerique-celebre-20-ans-de-croissance\/#primaryimage"},"thumbnailUrl":"https:\/\/interamerica.org\/wp-content\/uploads\/2018\/05\/asi-2018-1280.jpg","articleSection":["Nouvelles du si\u00e8ge de la division","RSS Fran\u00e7ais"],"inLanguage":"fr-FR","potentialAction":[{"@type":"CommentAction","name":"Comment","target":["https:\/\/interamerica.org\/fr\/2018\/05\/la-convention-annuelle-dasi-inter-amerique-celebre-20-ans-de-croissance\/#respond"]}]},{"@type":"WebPage","@id":"https:\/\/interamerica.org\/fr\/2018\/05\/la-convention-annuelle-dasi-inter-amerique-celebre-20-ans-de-croissance\/","url":"https:\/\/interamerica.org\/fr\/2018\/05\/la-convention-annuelle-dasi-inter-amerique-celebre-20-ans-de-croissance\/","name":"La convention annuelle d\u2019ASi Inter Am\u00e9rique c\u00e9l\u00e8bre 20 ans de croissance - \u00c9glise Adventiste Du Septieme Jour - Inter Am\u00e9rique Division","isPartOf":{"@id":"https:\/\/interamerica.org\/fr\/#website"},"primaryImageOfPage":{"@id":"https:\/\/interamerica.org\/fr\/2018\/05\/la-convention-annuelle-dasi-inter-amerique-celebre-20-ans-de-croissance\/#primaryimage"},"image":{"@id":"https:\/\/interamerica.org\/fr\/2018\/05\/la-convention-annuelle-dasi-inter-amerique-celebre-20-ans-de-croissance\/#primaryimage"},"thumbnailUrl":"https:\/\/interamerica.org\/wp-content\/uploads\/2018\/05\/asi-2018-1280.jpg","datePublished":"2018-05-21T18:21:39+00:00","dateModified":"2018-05-21T21:35:11+00:00","author":{"@id":"https:\/\/interamerica.org\/fr\/#\/schema\/person\/29998f2bc2d8bd0d38662909289b54f1"},"breadcrumb":{"@id":"https:\/\/interamerica.org\/fr\/2018\/05\/la-convention-annuelle-dasi-inter-amerique-celebre-20-ans-de-croissance\/#breadcrumb"},"inLanguage":"fr-FR","potentialAction":[{"@type":"ReadAction","target":["https:\/\/interamerica.org\/fr\/2018\/05\/la-convention-annuelle-dasi-inter-amerique-celebre-20-ans-de-croissance\/"]}]},{"@type":"ImageObject","inLanguage":"fr-FR","@id":"https:\/\/interamerica.org\/fr\/2018\/05\/la-convention-annuelle-dasi-inter-amerique-celebre-20-ans-de-croissance\/#primaryimage","url":"https:\/\/interamerica.org\/wp-content\/uploads\/2018\/05\/asi-2018-1280.jpg","contentUrl":"https:\/\/interamerica.org\/wp-content\/uploads\/2018\/05\/asi-2018-1280.jpg","width":1280,"height":800},{"@type":"BreadcrumbList","@id":"https:\/\/interamerica.org\/fr\/2018\/05\/la-convention-annuelle-dasi-inter-amerique-celebre-20-ans-de-croissance\/#breadcrumb","itemListElement":[{"@type":"ListItem","position":1,"name":"Home","item":"https:\/\/interamerica.org\/fr\/"},{"@type":"ListItem","position":2,"name":"La convention annuelle d\u2019ASi Inter Am\u00e9rique c\u00e9l\u00e8bre 20 ans de croissance"}]},{"@type":"WebSite","@id":"https:\/\/interamerica.org\/fr\/#website","url":"https:\/\/interamerica.org\/fr\/","name":"\u00c9glise Adventiste Du Septieme Jour - Inter Am\u00e9rique Division","description":"","potentialAction":[{"@type":"SearchAction","target":{"@type":"EntryPoint","urlTemplate":"https:\/\/interamerica.org\/fr\/?s={search_term_string}"},"query-input":{"@type":"PropertyValueSpecification","valueRequired":true,"valueName":"search_term_string"}}],"inLanguage":"fr-FR"},{"@type":"Person","@id":"https:\/\/interamerica.org\/fr\/#\/schema\/person\/29998f2bc2d8bd0d38662909289b54f1","name":"libna","image":{"@type":"ImageObject","inLanguage":"fr-FR","@id":"https:\/\/secure.gravatar.com\/avatar\/7c5bd30ae4b47a9ba3c856590957fd1d96dc588bf3ac05719d247e126840331f?s=96&d=mm&r=g","url":"https:\/\/secure.gravatar.com\/avatar\/7c5bd30ae4b47a9ba3c856590957fd1d96dc588bf3ac05719d247e126840331f?s=96&d=mm&r=g","contentUrl":"https:\/\/secure.gravatar.com\/avatar\/7c5bd30ae4b47a9ba3c856590957fd1d96dc588bf3ac05719d247e126840331f?s=96&d=mm&r=g","caption":"libna"}}]}},"_links":{"self":[{"href":"https:\/\/interamerica.org\/fr\/wp-json\/wp\/v2\/posts\/41800","targetHints":{"allow":["GET"]}}],"collection":[{"href":"https:\/\/interamerica.org\/fr\/wp-json\/wp\/v2\/posts"}],"about":[{"href":"https:\/\/interamerica.org\/fr\/wp-json\/wp\/v2\/types\/post"}],"author":[{"embeddable":true,"href":"https:\/\/interamerica.org\/fr\/wp-json\/wp\/v2\/users\/3"}],"replies":[{"embeddable":true,"href":"https:\/\/interamerica.org\/fr\/wp-json\/wp\/v2\/comments?post=41800"}],"version-history":[{"count":0,"href":"https:\/\/interamerica.org\/fr\/wp-json\/wp\/v2\/posts\/41800\/revisions"}],"wp:featuredmedia":[{"embeddable":true,"href":"https:\/\/interamerica.org\/fr\/wp-json\/wp\/v2\/media\/41776"}],"wp:attachment":[{"href":"https:\/\/interamerica.org\/fr\/wp-json\/wp\/v2\/media?parent=41800"}],"wp:term":[{"taxonomy":"category","embeddable":true,"href":"https:\/\/interamerica.org\/fr\/wp-json\/wp\/v2\/categories?post=41800"},{"taxonomy":"post_tag","embeddable":true,"href":"https:\/\/interamerica.org\/fr\/wp-json\/wp\/v2\/tags?post=41800"}],"curies":[{"name":"wp","href":"https:\/\/api.w.org\/{rel}","templated":true}]}}