{"id":41838,"date":"2018-05-22T08:50:26","date_gmt":"2018-05-22T12:50:26","guid":{"rendered":"https:\/\/recursing-golick.147-182-135-0.plesk.page\/?p=41838"},"modified":"2018-05-22T21:02:03","modified_gmt":"2018-05-23T01:02:03","slug":"a-st-thomas-les-services-reprennent-dans-leglise-endommagee-par-louragan-irma","status":"publish","type":"post","link":"https:\/\/interamerica.org\/fr\/2018\/05\/a-st-thomas-les-services-reprennent-dans-leglise-endommagee-par-louragan-irma\/","title":{"rendered":"A St. Thomas, les services reprennent dans l\u2019\u00e9glise endommag\u00e9e par l\u2019Ouragan Irma"},"content":{"rendered":"<div id=\"attachment_41808\" style=\"width: 771px\" class=\"wp-caption aligncenter\"><img fetchpriority=\"high\" decoding=\"async\" aria-describedby=\"caption-attachment-41808\" class=\" wp-image-41808\" src=\"https:\/\/recursing-golick.147-182-135-0.plesk.page\/wp-content\/uploads\/2018\/05\/stthomas-philadelphia1-1280-1024x640.jpg\" alt=\"\" width=\"761\" height=\"476\" srcset=\"https:\/\/interamerica.org\/wp-content\/uploads\/2018\/05\/stthomas-philadelphia1-1280-1024x640.jpg 1024w, https:\/\/interamerica.org\/wp-content\/uploads\/2018\/05\/stthomas-philadelphia1-1280-300x188.jpg 300w, https:\/\/interamerica.org\/wp-content\/uploads\/2018\/05\/stthomas-philadelphia1-1280-768x480.jpg 768w, https:\/\/interamerica.org\/wp-content\/uploads\/2018\/05\/stthomas-philadelphia1-1280.jpg 1280w\" sizes=\"(max-width: 761px) 100vw, 761px\" \/><p id=\"caption-attachment-41808\" class=\"wp-caption-text\">Plus de 400 Adventistes du Septi\u00e8me Jour sont retourn\u00e9s adorer dans leur \u00e9glise Adventiste de Philadelphie \u00e0 St. Thomas, le sabbat 19 mai 2018, apr\u00e8s que le lieu de culte ait \u00e9t\u00e9 d\u00e9truit suite au passage de l\u2019Ouragan Irma en septembre 2017. Photo de Glen Cross.<\/p><\/div>\n<p>21 mai 2018 | St. Croix, \u00celes Vierges Am\u00e9ricaines | F\u00e9d\u00e9ration du Nord de la Cara\u00efbe \/ DIA<\/p>\n<p>Huit mois apr\u00e8s que l\u2019Ouragan Irma ait ravag\u00e9 le b\u00e2timent de l\u2019\u00e9glise Adventiste de Philadelphie, \u00e0 Saint-Thomas, les membres sont revenus participer aux services religieux au niveau inf\u00e9rieur du lieu de culte le sabbat 19 mai 2018.<\/p>\n<p>Depuis le passage de l\u2019ouragan de cat\u00e9gorie 5 en septembre dernier, les 1400 membres de l\u2019\u00e9glise de Philadelphie ont fusionn\u00e9 avec l\u2019\u00e9glise Adventiste de Shiloh, qui elle n\u2019a pas subi de d\u00e9g\u00e2ts importants. La fusion a favoris\u00e9 une relation plus forte entre les deux congr\u00e9gations.<\/p>\n<p>Interrog\u00e9 sur la relation de travail, pasteur Jerry Languedoc de l\u2019\u00e9glise de Shiloh a d\u00e9clar\u00e9 qu\u2019il \u00e9tait heureux de partager le minist\u00e8re avec le Pasteur Glendon Cross de l\u2019\u00e9glise de Philadelphie.<\/p>\n<p>\u00ab Pasteur Cross a re\u00e7u une cl\u00e9 de l\u2019\u00e9glise et nous partageons de mani\u00e8re \u00e9gale les services afin de permettre la participation de tous, \u00bb a d\u00e9clar\u00e9 pasteur Languedoc. \u00ab Les deux chorales d\u2019\u00e9glise s\u2019unissent pour remplir le sanctuaire de louanges le jour du sabbat et les groupes en uniforme exercent en commun leur minist\u00e8re les jours de sabbat. \u00bb<\/p>\n<p>\u00ab Les services de culte ont \u00e9t\u00e9 une source d\u2019inspiration, \u00bb a d\u00e9clar\u00e9 pasteur Glendon Cross. \u00ab Pasteur Languedoc et la congr\u00e9gation de Shiloh ont \u00e9t\u00e9 tr\u00e8s accueillants et nous avons \u00e9tabli une relation qui a fait du bien aux deux congr\u00e9gations et au minist\u00e8re. \u00bb<\/p>\n<div id=\"attachment_41817\" style=\"width: 768px\" class=\"wp-caption aligncenter\"><img decoding=\"async\" aria-describedby=\"caption-attachment-41817\" class=\" wp-image-41817\" src=\"https:\/\/recursing-golick.147-182-135-0.plesk.page\/wp-content\/uploads\/2018\/05\/philadelphia3.jpg\" alt=\"\" width=\"758\" height=\"606\" srcset=\"https:\/\/interamerica.org\/wp-content\/uploads\/2018\/05\/philadelphia3.jpg 1000w, https:\/\/interamerica.org\/wp-content\/uploads\/2018\/05\/philadelphia3-300x240.jpg 300w, https:\/\/interamerica.org\/wp-content\/uploads\/2018\/05\/philadelphia3-768x614.jpg 768w\" sizes=\"(max-width: 758px) 100vw, 758px\" \/><p id=\"caption-attachment-41817\" class=\"wp-caption-text\">Les membres dans la salle de rencontre fraternelle \u00e0 l\u2019\u00e9glise Adventiste de Philadelphie au niveau inf\u00e9rieur du lieu de culte, le sanctuaire devant encore \u00eatre reconstruit. Photo de Glen Cross<\/p><\/div>\n<p>\u00ab C\u2019est un vrai mod\u00e8le pour le minist\u00e8re auquel nous avons assist\u00e9, a comment\u00e9 pasteur Desmond James, pr\u00e9sident de la F\u00e9d\u00e9ration du Nord de la Cara\u00efbe (NCC). \u00ab Les membres ont nou\u00e9 des liens et le minist\u00e8re est riche et les services sont extraordinaires. Cependant, \u00e9tant donn\u00e9 que les membres ont des besoins diff\u00e9rents, il est important qu\u2019ils exercent leur minist\u00e8re aupr\u00e8s des membres. \u00bb<\/p>\n<p>Les dirigeants ont indiqu\u00e9 qu\u2019ils ne savent pas avec certitude quand le sanctuaire de l\u2019\u00e9glise Adventiste de Philadelphie sera compl\u00e8tement r\u00e9par\u00e9, mais en ce moment des plans sont en train d\u2019\u00eatre \u00e9tablis pour la reconstruction. Les services de culte continueront de se tenir dans la salle de rencontre au niveau inf\u00e9rieur du b\u00e2timent.<\/p>\n<p>Pendant ce temps, les administrateurs de la NCC se sont engag\u00e9s \u00e0 aider \u00e0 la r\u00e9installation d\u2019une congr\u00e9gation comptant plus de 1400 membres d\u2019apr\u00e8s les registres de l\u2019\u00e9glise. \u00ab Nous ferons tout ce que nous pourrons pour aider et pour que les membres soient \u00e0 l\u2019aise, \u00bb a comment\u00e9 pasteur James.<\/p>\n<p>Les dirigeants sont conscients des besoins \u00e0 satisfaire. En s\u2019adressant aux membres, pasteur Cross a d\u00e9clar\u00e9: \u00ab Nous devrons nous adapter et vous devrez nous supporter. Il y a encore de nombreux obstacles \u00e0 surmonter pour l\u2019\u00e9glise. Mais par la gr\u00e2ce de Dieu, nous continuerons \u00e0 exercer le minist\u00e8re aupr\u00e8s du peuple de Dieu. \u00bb<\/p>\n<p>Bien que la majorit\u00e9 de la congr\u00e9gation se soit install\u00e9e \u00e0 Shiloh, certains membres assistent aux services religieux dans d\u2019autres congr\u00e9gations de l\u2019\u00eele.<\/p>\n<div id=\"attachment_41811\" style=\"width: 771px\" class=\"wp-caption aligncenter\"><img decoding=\"async\" aria-describedby=\"caption-attachment-41811\" class=\" wp-image-41811\" src=\"https:\/\/recursing-golick.147-182-135-0.plesk.page\/wp-content\/uploads\/2018\/05\/philadelphia-sda-church-st-thomas.jpg\" alt=\"\" width=\"761\" height=\"490\" srcset=\"https:\/\/interamerica.org\/wp-content\/uploads\/2018\/05\/philadelphia-sda-church-st-thomas.jpg 1000w, https:\/\/interamerica.org\/wp-content\/uploads\/2018\/05\/philadelphia-sda-church-st-thomas-300x193.jpg 300w, https:\/\/interamerica.org\/wp-content\/uploads\/2018\/05\/philadelphia-sda-church-st-thomas-768x495.jpg 768w\" sizes=\"(max-width: 761px) 100vw, 761px\" \/><p id=\"caption-attachment-41811\" class=\"wp-caption-text\">L\u2019\u00e9glise Adventiste de Philadelphie \u00e0 St. Thomas a \u00e9t\u00e9 endommag\u00e9e par l\u2019Ouragan Irma au d\u00e9but du mois de septembre. Photo d\u2019archives par Al Powell<\/p><\/div>\n<p>\u00ab Ils sont dispers\u00e9s, \u00bb a d\u00e9clar\u00e9 Gordon Williams, premier ancien de l\u2019\u00e9glise de Philadelphie. \u00ab Nous voulons les r\u00e9unir \u00e0 nouveau afin que nous puissions rendre des comptes au sujet de chacun d\u2019entre eux et exercer notre minist\u00e8re aupr\u00e8s d\u2019eux. \u00bb<\/p>\n<p>Les membres et les \u00e9quipes de b\u00e9n\u00e9voles ont contribu\u00e9 \u00e0 rendre le site de Philadelphie s\u00fbr pour y tenir un service de culte. L\u2019une de ces \u00e9quipes comprenait plus de 50 b\u00e9n\u00e9voles de l\u2019Universit\u00e9 d\u2019Andrews au Michigan. Ce groupe a consacr\u00e9 une journ\u00e9e d\u2019un voyage missionnaire qu\u2019ils entreprennent dans le cadre d\u2019une croisi\u00e8re dans les Cara\u00efbes, afin d\u2019enlever des d\u00e9bris sur la propri\u00e9t\u00e9.<\/p>\n<p>De plus, au niveau local, des membres des clubs des Aventuriers et des Eclaireurs, de la Jeunesse Adventiste, des Minist\u00e8res dans les Prisons et des Services Communautaires ont apport\u00e9 leur aide.<\/p>\n<p>Traduction: Patrick Luciathe<\/p>\n","protected":false},"excerpt":{"rendered":"<p>21 mai 2018 | St. Croix, \u00celes Vierges Am\u00e9ricaines | F\u00e9d\u00e9ration du Nord de la Cara\u00efbe \/ DIA Huit mois apr\u00e8s que l\u2019Ouragan Irma ait ravag\u00e9 le b\u00e2timent de l\u2019\u00e9glise&#8230;<\/p>\n","protected":false},"author":3,"featured_media":41809,"comment_status":"open","ping_status":"closed","sticky":false,"template":"","format":"standard","meta":{"_acf_changed":false,"footnotes":""},"categories":[21,19],"tags":[],"class_list":["post-41838","post","type-post","status-publish","format-standard","has-post-thumbnail","hentry","category-nouvelles-du-territoire","category-rss-francais"],"acf":[],"yoast_head":"<!-- This site is optimized with the Yoast SEO plugin v27.3 - https:\/\/yoast.com\/product\/yoast-seo-wordpress\/ -->\n<title>A St. Thomas, les services reprennent dans l\u2019\u00e9glise endommag\u00e9e par l\u2019Ouragan Irma - \u00c9glise Adventiste Du Septieme Jour - Inter Am\u00e9rique Division<\/title>\n<meta name=\"robots\" content=\"index, follow, max-snippet:-1, max-image-preview:large, max-video-preview:-1\" \/>\n<link rel=\"canonical\" href=\"https:\/\/interamerica.org\/fr\/2018\/05\/a-st-thomas-les-services-reprennent-dans-leglise-endommagee-par-louragan-irma\/\" \/>\n<meta property=\"og:locale\" content=\"fr_FR\" \/>\n<meta property=\"og:type\" content=\"article\" \/>\n<meta property=\"og:title\" content=\"A St. Thomas, les services reprennent dans l\u2019\u00e9glise endommag\u00e9e par l\u2019Ouragan Irma - \u00c9glise Adventiste Du Septieme Jour - Inter Am\u00e9rique Division\" \/>\n<meta property=\"og:description\" content=\"21 mai 2018 | St. Croix, \u00celes Vierges Am\u00e9ricaines | F\u00e9d\u00e9ration du Nord de la Cara\u00efbe \/ DIA Huit mois apr\u00e8s que l\u2019Ouragan Irma ait ravag\u00e9 le b\u00e2timent de l\u2019\u00e9glise...\" \/>\n<meta property=\"og:url\" content=\"https:\/\/interamerica.org\/fr\/2018\/05\/a-st-thomas-les-services-reprennent-dans-leglise-endommagee-par-louragan-irma\/\" \/>\n<meta property=\"og:site_name\" content=\"\u00c9glise Adventiste Du Septieme Jour - Inter Am\u00e9rique Division\" \/>\n<meta property=\"article:published_time\" content=\"2018-05-22T12:50:26+00:00\" \/>\n<meta property=\"article:modified_time\" content=\"2018-05-23T01:02:03+00:00\" \/>\n<meta property=\"og:image\" content=\"https:\/\/interamerica.org\/wp-content\/uploads\/2018\/05\/stthomas-philadelphia1-1280.jpg\" \/>\n\t<meta property=\"og:image:width\" content=\"1280\" \/>\n\t<meta property=\"og:image:height\" content=\"800\" \/>\n\t<meta property=\"og:image:type\" content=\"image\/jpeg\" \/>\n<meta name=\"author\" content=\"libna\" \/>\n<meta name=\"twitter:card\" content=\"summary_large_image\" \/>\n<meta name=\"twitter:label1\" content=\"\u00c9crit par\" \/>\n\t<meta name=\"twitter:data1\" content=\"libna\" \/>\n\t<meta name=\"twitter:label2\" content=\"Dur\u00e9e de lecture estim\u00e9e\" \/>\n\t<meta name=\"twitter:data2\" content=\"4 minutes\" \/>\n<script type=\"application\/ld+json\" class=\"yoast-schema-graph\">{\"@context\":\"https:\\\/\\\/schema.org\",\"@graph\":[{\"@type\":\"Article\",\"@id\":\"https:\\\/\\\/interamerica.org\\\/fr\\\/2018\\\/05\\\/a-st-thomas-les-services-reprennent-dans-leglise-endommagee-par-louragan-irma\\\/#article\",\"isPartOf\":{\"@id\":\"https:\\\/\\\/interamerica.org\\\/fr\\\/2018\\\/05\\\/a-st-thomas-les-services-reprennent-dans-leglise-endommagee-par-louragan-irma\\\/\"},\"author\":{\"name\":\"libna\",\"@id\":\"https:\\\/\\\/interamerica.org\\\/fr\\\/#\\\/schema\\\/person\\\/29998f2bc2d8bd0d38662909289b54f1\"},\"headline\":\"A St. Thomas, les services reprennent dans l\u2019\u00e9glise endommag\u00e9e par l\u2019Ouragan Irma\",\"datePublished\":\"2018-05-22T12:50:26+00:00\",\"dateModified\":\"2018-05-23T01:02:03+00:00\",\"mainEntityOfPage\":{\"@id\":\"https:\\\/\\\/interamerica.org\\\/fr\\\/2018\\\/05\\\/a-st-thomas-les-services-reprennent-dans-leglise-endommagee-par-louragan-irma\\\/\"},\"wordCount\":823,\"commentCount\":0,\"image\":{\"@id\":\"https:\\\/\\\/interamerica.org\\\/fr\\\/2018\\\/05\\\/a-st-thomas-les-services-reprennent-dans-leglise-endommagee-par-louragan-irma\\\/#primaryimage\"},\"thumbnailUrl\":\"https:\\\/\\\/interamerica.org\\\/wp-content\\\/uploads\\\/2018\\\/05\\\/stthomas-philadelphia1-1280.jpg\",\"articleSection\":[\"Nouvelles du territoire\",\"RSS Fran\u00e7ais\"],\"inLanguage\":\"fr-FR\",\"potentialAction\":[{\"@type\":\"CommentAction\",\"name\":\"Comment\",\"target\":[\"https:\\\/\\\/interamerica.org\\\/fr\\\/2018\\\/05\\\/a-st-thomas-les-services-reprennent-dans-leglise-endommagee-par-louragan-irma\\\/#respond\"]}]},{\"@type\":\"WebPage\",\"@id\":\"https:\\\/\\\/interamerica.org\\\/fr\\\/2018\\\/05\\\/a-st-thomas-les-services-reprennent-dans-leglise-endommagee-par-louragan-irma\\\/\",\"url\":\"https:\\\/\\\/interamerica.org\\\/fr\\\/2018\\\/05\\\/a-st-thomas-les-services-reprennent-dans-leglise-endommagee-par-louragan-irma\\\/\",\"name\":\"A St. Thomas, les services reprennent dans l\u2019\u00e9glise endommag\u00e9e par l\u2019Ouragan Irma - \u00c9glise Adventiste Du Septieme Jour - Inter Am\u00e9rique Division\",\"isPartOf\":{\"@id\":\"https:\\\/\\\/interamerica.org\\\/fr\\\/#website\"},\"primaryImageOfPage\":{\"@id\":\"https:\\\/\\\/interamerica.org\\\/fr\\\/2018\\\/05\\\/a-st-thomas-les-services-reprennent-dans-leglise-endommagee-par-louragan-irma\\\/#primaryimage\"},\"image\":{\"@id\":\"https:\\\/\\\/interamerica.org\\\/fr\\\/2018\\\/05\\\/a-st-thomas-les-services-reprennent-dans-leglise-endommagee-par-louragan-irma\\\/#primaryimage\"},\"thumbnailUrl\":\"https:\\\/\\\/interamerica.org\\\/wp-content\\\/uploads\\\/2018\\\/05\\\/stthomas-philadelphia1-1280.jpg\",\"datePublished\":\"2018-05-22T12:50:26+00:00\",\"dateModified\":\"2018-05-23T01:02:03+00:00\",\"author\":{\"@id\":\"https:\\\/\\\/interamerica.org\\\/fr\\\/#\\\/schema\\\/person\\\/29998f2bc2d8bd0d38662909289b54f1\"},\"breadcrumb\":{\"@id\":\"https:\\\/\\\/interamerica.org\\\/fr\\\/2018\\\/05\\\/a-st-thomas-les-services-reprennent-dans-leglise-endommagee-par-louragan-irma\\\/#breadcrumb\"},\"inLanguage\":\"fr-FR\",\"potentialAction\":[{\"@type\":\"ReadAction\",\"target\":[\"https:\\\/\\\/interamerica.org\\\/fr\\\/2018\\\/05\\\/a-st-thomas-les-services-reprennent-dans-leglise-endommagee-par-louragan-irma\\\/\"]}]},{\"@type\":\"ImageObject\",\"inLanguage\":\"fr-FR\",\"@id\":\"https:\\\/\\\/interamerica.org\\\/fr\\\/2018\\\/05\\\/a-st-thomas-les-services-reprennent-dans-leglise-endommagee-par-louragan-irma\\\/#primaryimage\",\"url\":\"https:\\\/\\\/interamerica.org\\\/wp-content\\\/uploads\\\/2018\\\/05\\\/stthomas-philadelphia1-1280.jpg\",\"contentUrl\":\"https:\\\/\\\/interamerica.org\\\/wp-content\\\/uploads\\\/2018\\\/05\\\/stthomas-philadelphia1-1280.jpg\",\"width\":1280,\"height\":800,\"caption\":\"Photo by Glen Cross.\"},{\"@type\":\"BreadcrumbList\",\"@id\":\"https:\\\/\\\/interamerica.org\\\/fr\\\/2018\\\/05\\\/a-st-thomas-les-services-reprennent-dans-leglise-endommagee-par-louragan-irma\\\/#breadcrumb\",\"itemListElement\":[{\"@type\":\"ListItem\",\"position\":1,\"name\":\"Home\",\"item\":\"https:\\\/\\\/interamerica.org\\\/fr\\\/\"},{\"@type\":\"ListItem\",\"position\":2,\"name\":\"A St. Thomas, les services reprennent dans l\u2019\u00e9glise endommag\u00e9e par l\u2019Ouragan Irma\"}]},{\"@type\":\"WebSite\",\"@id\":\"https:\\\/\\\/interamerica.org\\\/fr\\\/#website\",\"url\":\"https:\\\/\\\/interamerica.org\\\/fr\\\/\",\"name\":\"\u00c9glise Adventiste Du Septieme Jour - Inter Am\u00e9rique Division\",\"description\":\"\",\"potentialAction\":[{\"@type\":\"SearchAction\",\"target\":{\"@type\":\"EntryPoint\",\"urlTemplate\":\"https:\\\/\\\/interamerica.org\\\/fr\\\/?s={search_term_string}\"},\"query-input\":{\"@type\":\"PropertyValueSpecification\",\"valueRequired\":true,\"valueName\":\"search_term_string\"}}],\"inLanguage\":\"fr-FR\"},{\"@type\":\"Person\",\"@id\":\"https:\\\/\\\/interamerica.org\\\/fr\\\/#\\\/schema\\\/person\\\/29998f2bc2d8bd0d38662909289b54f1\",\"name\":\"libna\",\"image\":{\"@type\":\"ImageObject\",\"inLanguage\":\"fr-FR\",\"@id\":\"https:\\\/\\\/secure.gravatar.com\\\/avatar\\\/7c5bd30ae4b47a9ba3c856590957fd1d96dc588bf3ac05719d247e126840331f?s=96&d=mm&r=g\",\"url\":\"https:\\\/\\\/secure.gravatar.com\\\/avatar\\\/7c5bd30ae4b47a9ba3c856590957fd1d96dc588bf3ac05719d247e126840331f?s=96&d=mm&r=g\",\"contentUrl\":\"https:\\\/\\\/secure.gravatar.com\\\/avatar\\\/7c5bd30ae4b47a9ba3c856590957fd1d96dc588bf3ac05719d247e126840331f?s=96&d=mm&r=g\",\"caption\":\"libna\"}}]}<\/script>\n<!-- \/ Yoast SEO plugin. -->","yoast_head_json":{"title":"A St. Thomas, les services reprennent dans l\u2019\u00e9glise endommag\u00e9e par l\u2019Ouragan Irma - \u00c9glise Adventiste Du Septieme Jour - Inter Am\u00e9rique Division","robots":{"index":"index","follow":"follow","max-snippet":"max-snippet:-1","max-image-preview":"max-image-preview:large","max-video-preview":"max-video-preview:-1"},"canonical":"https:\/\/interamerica.org\/fr\/2018\/05\/a-st-thomas-les-services-reprennent-dans-leglise-endommagee-par-louragan-irma\/","og_locale":"fr_FR","og_type":"article","og_title":"A St. Thomas, les services reprennent dans l\u2019\u00e9glise endommag\u00e9e par l\u2019Ouragan Irma - \u00c9glise Adventiste Du Septieme Jour - Inter Am\u00e9rique Division","og_description":"21 mai 2018 | St. Croix, \u00celes Vierges Am\u00e9ricaines | F\u00e9d\u00e9ration du Nord de la Cara\u00efbe \/ DIA Huit mois apr\u00e8s que l\u2019Ouragan Irma ait ravag\u00e9 le b\u00e2timent de l\u2019\u00e9glise...","og_url":"https:\/\/interamerica.org\/fr\/2018\/05\/a-st-thomas-les-services-reprennent-dans-leglise-endommagee-par-louragan-irma\/","og_site_name":"\u00c9glise Adventiste Du Septieme Jour - Inter Am\u00e9rique Division","article_published_time":"2018-05-22T12:50:26+00:00","article_modified_time":"2018-05-23T01:02:03+00:00","og_image":[{"width":1280,"height":800,"url":"https:\/\/interamerica.org\/wp-content\/uploads\/2018\/05\/stthomas-philadelphia1-1280.jpg","type":"image\/jpeg"}],"author":"libna","twitter_card":"summary_large_image","twitter_misc":{"\u00c9crit par":"libna","Dur\u00e9e de lecture estim\u00e9e":"4 minutes"},"schema":{"@context":"https:\/\/schema.org","@graph":[{"@type":"Article","@id":"https:\/\/interamerica.org\/fr\/2018\/05\/a-st-thomas-les-services-reprennent-dans-leglise-endommagee-par-louragan-irma\/#article","isPartOf":{"@id":"https:\/\/interamerica.org\/fr\/2018\/05\/a-st-thomas-les-services-reprennent-dans-leglise-endommagee-par-louragan-irma\/"},"author":{"name":"libna","@id":"https:\/\/interamerica.org\/fr\/#\/schema\/person\/29998f2bc2d8bd0d38662909289b54f1"},"headline":"A St. Thomas, les services reprennent dans l\u2019\u00e9glise endommag\u00e9e par l\u2019Ouragan Irma","datePublished":"2018-05-22T12:50:26+00:00","dateModified":"2018-05-23T01:02:03+00:00","mainEntityOfPage":{"@id":"https:\/\/interamerica.org\/fr\/2018\/05\/a-st-thomas-les-services-reprennent-dans-leglise-endommagee-par-louragan-irma\/"},"wordCount":823,"commentCount":0,"image":{"@id":"https:\/\/interamerica.org\/fr\/2018\/05\/a-st-thomas-les-services-reprennent-dans-leglise-endommagee-par-louragan-irma\/#primaryimage"},"thumbnailUrl":"https:\/\/interamerica.org\/wp-content\/uploads\/2018\/05\/stthomas-philadelphia1-1280.jpg","articleSection":["Nouvelles du territoire","RSS Fran\u00e7ais"],"inLanguage":"fr-FR","potentialAction":[{"@type":"CommentAction","name":"Comment","target":["https:\/\/interamerica.org\/fr\/2018\/05\/a-st-thomas-les-services-reprennent-dans-leglise-endommagee-par-louragan-irma\/#respond"]}]},{"@type":"WebPage","@id":"https:\/\/interamerica.org\/fr\/2018\/05\/a-st-thomas-les-services-reprennent-dans-leglise-endommagee-par-louragan-irma\/","url":"https:\/\/interamerica.org\/fr\/2018\/05\/a-st-thomas-les-services-reprennent-dans-leglise-endommagee-par-louragan-irma\/","name":"A St. Thomas, les services reprennent dans l\u2019\u00e9glise endommag\u00e9e par l\u2019Ouragan Irma - \u00c9glise Adventiste Du Septieme Jour - Inter Am\u00e9rique Division","isPartOf":{"@id":"https:\/\/interamerica.org\/fr\/#website"},"primaryImageOfPage":{"@id":"https:\/\/interamerica.org\/fr\/2018\/05\/a-st-thomas-les-services-reprennent-dans-leglise-endommagee-par-louragan-irma\/#primaryimage"},"image":{"@id":"https:\/\/interamerica.org\/fr\/2018\/05\/a-st-thomas-les-services-reprennent-dans-leglise-endommagee-par-louragan-irma\/#primaryimage"},"thumbnailUrl":"https:\/\/interamerica.org\/wp-content\/uploads\/2018\/05\/stthomas-philadelphia1-1280.jpg","datePublished":"2018-05-22T12:50:26+00:00","dateModified":"2018-05-23T01:02:03+00:00","author":{"@id":"https:\/\/interamerica.org\/fr\/#\/schema\/person\/29998f2bc2d8bd0d38662909289b54f1"},"breadcrumb":{"@id":"https:\/\/interamerica.org\/fr\/2018\/05\/a-st-thomas-les-services-reprennent-dans-leglise-endommagee-par-louragan-irma\/#breadcrumb"},"inLanguage":"fr-FR","potentialAction":[{"@type":"ReadAction","target":["https:\/\/interamerica.org\/fr\/2018\/05\/a-st-thomas-les-services-reprennent-dans-leglise-endommagee-par-louragan-irma\/"]}]},{"@type":"ImageObject","inLanguage":"fr-FR","@id":"https:\/\/interamerica.org\/fr\/2018\/05\/a-st-thomas-les-services-reprennent-dans-leglise-endommagee-par-louragan-irma\/#primaryimage","url":"https:\/\/interamerica.org\/wp-content\/uploads\/2018\/05\/stthomas-philadelphia1-1280.jpg","contentUrl":"https:\/\/interamerica.org\/wp-content\/uploads\/2018\/05\/stthomas-philadelphia1-1280.jpg","width":1280,"height":800,"caption":"Photo by Glen Cross."},{"@type":"BreadcrumbList","@id":"https:\/\/interamerica.org\/fr\/2018\/05\/a-st-thomas-les-services-reprennent-dans-leglise-endommagee-par-louragan-irma\/#breadcrumb","itemListElement":[{"@type":"ListItem","position":1,"name":"Home","item":"https:\/\/interamerica.org\/fr\/"},{"@type":"ListItem","position":2,"name":"A St. Thomas, les services reprennent dans l\u2019\u00e9glise endommag\u00e9e par l\u2019Ouragan Irma"}]},{"@type":"WebSite","@id":"https:\/\/interamerica.org\/fr\/#website","url":"https:\/\/interamerica.org\/fr\/","name":"\u00c9glise Adventiste Du Septieme Jour - Inter Am\u00e9rique Division","description":"","potentialAction":[{"@type":"SearchAction","target":{"@type":"EntryPoint","urlTemplate":"https:\/\/interamerica.org\/fr\/?s={search_term_string}"},"query-input":{"@type":"PropertyValueSpecification","valueRequired":true,"valueName":"search_term_string"}}],"inLanguage":"fr-FR"},{"@type":"Person","@id":"https:\/\/interamerica.org\/fr\/#\/schema\/person\/29998f2bc2d8bd0d38662909289b54f1","name":"libna","image":{"@type":"ImageObject","inLanguage":"fr-FR","@id":"https:\/\/secure.gravatar.com\/avatar\/7c5bd30ae4b47a9ba3c856590957fd1d96dc588bf3ac05719d247e126840331f?s=96&d=mm&r=g","url":"https:\/\/secure.gravatar.com\/avatar\/7c5bd30ae4b47a9ba3c856590957fd1d96dc588bf3ac05719d247e126840331f?s=96&d=mm&r=g","contentUrl":"https:\/\/secure.gravatar.com\/avatar\/7c5bd30ae4b47a9ba3c856590957fd1d96dc588bf3ac05719d247e126840331f?s=96&d=mm&r=g","caption":"libna"}}]}},"_links":{"self":[{"href":"https:\/\/interamerica.org\/fr\/wp-json\/wp\/v2\/posts\/41838","targetHints":{"allow":["GET"]}}],"collection":[{"href":"https:\/\/interamerica.org\/fr\/wp-json\/wp\/v2\/posts"}],"about":[{"href":"https:\/\/interamerica.org\/fr\/wp-json\/wp\/v2\/types\/post"}],"author":[{"embeddable":true,"href":"https:\/\/interamerica.org\/fr\/wp-json\/wp\/v2\/users\/3"}],"replies":[{"embeddable":true,"href":"https:\/\/interamerica.org\/fr\/wp-json\/wp\/v2\/comments?post=41838"}],"version-history":[{"count":0,"href":"https:\/\/interamerica.org\/fr\/wp-json\/wp\/v2\/posts\/41838\/revisions"}],"wp:featuredmedia":[{"embeddable":true,"href":"https:\/\/interamerica.org\/fr\/wp-json\/wp\/v2\/media\/41809"}],"wp:attachment":[{"href":"https:\/\/interamerica.org\/fr\/wp-json\/wp\/v2\/media?parent=41838"}],"wp:term":[{"taxonomy":"category","embeddable":true,"href":"https:\/\/interamerica.org\/fr\/wp-json\/wp\/v2\/categories?post=41838"},{"taxonomy":"post_tag","embeddable":true,"href":"https:\/\/interamerica.org\/fr\/wp-json\/wp\/v2\/tags?post=41838"}],"curies":[{"name":"wp","href":"https:\/\/api.w.org\/{rel}","templated":true}]}}