{"id":41930,"date":"2018-05-25T04:00:46","date_gmt":"2018-05-25T08:00:46","guid":{"rendered":"https:\/\/recursing-golick.147-182-135-0.plesk.page\/?p=41930"},"modified":"2018-06-02T09:18:19","modified_gmt":"2018-06-02T13:18:19","slug":"en-inter-amerique-leglise-formera-de-jeunes-adventistes-pour-une-action-dimpact-evangelique","status":"publish","type":"post","link":"https:\/\/interamerica.org\/fr\/2018\/05\/en-inter-amerique-leglise-formera-de-jeunes-adventistes-pour-une-action-dimpact-evangelique\/","title":{"rendered":"En Inter Am\u00e9rique, l\u2019Eglise formera de jeunes Adventistes pour une action d\u2019impact \u00e9vang\u00e9lique"},"content":{"rendered":"<p>24 mai 2018 | Miami, Floride, \u00c9tats-Unis | Libna Stevens \/ DIA<\/p>\n<p>Les jeunes des \u00e9glises Adventistes du Septi\u00e8me Jour en Inter Am\u00e9rique vont bient\u00f4t prendre part \u00e0 une grande initiative pour proclamer l\u2019\u00e9vangile dans leurs communaut\u00e9s. Les dirigeants de l\u2019\u00e9glise consid\u00e8rent ce projet comme le plus grand effort d\u2019\u00e9vang\u00e9lisation de l\u2019ann\u00e9e, une initiative qui demande de la pr\u00e9paration ainsi qu\u2019une deuxi\u00e8me session de formation sp\u00e9ciale lors d\u2019un segment en ligne le 2 juin 2018.<\/p>\n<p>\u00ab Nous voulons que nos jeunes mettent l\u2019accent sur une action d\u2019impact dans les grandes villes et les villages, \u00bb a dit Al Powell, directeur des minist\u00e8res de la jeunesse pour l\u2019Eglise Adventiste en Inter Am\u00e9rique et principal organisateur de l\u2019initiative. \u00ab L\u2019\u00e9glise a besoin de braves \u00e9vang\u00e9listes pour pr\u00eacher la Parole de Dieu avec puissance durant notre p\u00e9riode du 30 juin au 7 juillet. \u00bb<\/p>\n<p>Baptis\u00e9e \u00ab Mission Transformer \u00bb &#8211; une initiative qui vise \u00e0 transformer des vies gr\u00e2ce \u00e0 des efforts missionnaires &#8211; la formation sp\u00e9ciale destin\u00e9e aux jeunes de 16 \u00e0 35 ans enseignera comment \u00e9tablir des centres d\u2019influence, comment pr\u00e9parer l\u2019\u00e9glise aux campagnes d\u2019\u00e9vang\u00e9lisation, comment pr\u00e9senter le sermon, ainsi que d\u2019autres sujets comme les visites \u00e0 domicile, la pr\u00e9dication en milieu urbain, et bien plus encore.<\/p>\n<p>Ce sont tous des jeunes qui s\u2019int\u00e8grent dans les communaut\u00e9s pour donner une \u00e9tude biblique, pr\u00eacher la parole et \u00eatre les mains et les pieds de J\u00e9sus, a dit Al Powell. Les \u00e9glises locales encouragent les jeunes et leurs amis \u00e0 prendre part au prochain segment de formation.<\/p>\n<p>Regardez la 2\u00e8me Session de Formation pour Mission Transformer en anglais, espagnol et fran\u00e7ais, le 2 juin 2018, \u00e0 partir de 14 h 30, heure de Miami, sur webcast.interamerica.org<br \/>\n<a href=\"https:\/\/www.youtube.com\/watch?v=C8Hz8b91I98\">webcast.interamerica.org<\/a><\/p>\n<p>Traduction: Patrick Luciathe<\/p>\n","protected":false},"excerpt":{"rendered":"<p>24 mai 2018 | Miami, Floride, \u00c9tats-Unis | Libna Stevens \/ DIA Les jeunes des \u00e9glises Adventistes du Septi\u00e8me Jour en Inter Am\u00e9rique vont bient\u00f4t prendre part \u00e0 une grande&#8230;<\/p>\n","protected":false},"author":3,"featured_media":41979,"comment_status":"open","ping_status":"closed","sticky":false,"template":"","format":"standard","meta":{"_acf_changed":false,"footnotes":""},"categories":[20,19],"tags":[],"class_list":["post-41930","post","type-post","status-publish","format-standard","has-post-thumbnail","hentry","category-nouvelles-du-siege-de-la-division","category-rss-francais"],"acf":[],"yoast_head":"<!-- This site is optimized with the Yoast SEO plugin v27.3 - https:\/\/yoast.com\/product\/yoast-seo-wordpress\/ -->\n<title>En Inter Am\u00e9rique, l\u2019Eglise formera de jeunes Adventistes pour une action d\u2019impact \u00e9vang\u00e9lique - \u00c9glise Adventiste Du Septieme Jour - Inter Am\u00e9rique Division<\/title>\n<meta name=\"robots\" content=\"index, follow, max-snippet:-1, max-image-preview:large, max-video-preview:-1\" \/>\n<link rel=\"canonical\" href=\"https:\/\/interamerica.org\/fr\/2018\/05\/en-inter-amerique-leglise-formera-de-jeunes-adventistes-pour-une-action-dimpact-evangelique\/\" \/>\n<meta property=\"og:locale\" content=\"fr_FR\" \/>\n<meta property=\"og:type\" content=\"article\" \/>\n<meta property=\"og:title\" content=\"En Inter Am\u00e9rique, l\u2019Eglise formera de jeunes Adventistes pour une action d\u2019impact \u00e9vang\u00e9lique - \u00c9glise Adventiste Du Septieme Jour - Inter Am\u00e9rique Division\" \/>\n<meta property=\"og:description\" content=\"24 mai 2018 | Miami, Floride, \u00c9tats-Unis | Libna Stevens \/ DIA Les jeunes des \u00e9glises Adventistes du Septi\u00e8me Jour en Inter Am\u00e9rique vont bient\u00f4t prendre part \u00e0 une grande...\" \/>\n<meta property=\"og:url\" content=\"https:\/\/interamerica.org\/fr\/2018\/05\/en-inter-amerique-leglise-formera-de-jeunes-adventistes-pour-une-action-dimpact-evangelique\/\" \/>\n<meta property=\"og:site_name\" content=\"\u00c9glise Adventiste Du Septieme Jour - Inter Am\u00e9rique Division\" \/>\n<meta property=\"article:published_time\" content=\"2018-05-25T08:00:46+00:00\" \/>\n<meta property=\"article:modified_time\" content=\"2018-06-02T13:18:19+00:00\" \/>\n<meta property=\"og:image\" content=\"https:\/\/interamerica.org\/wp-content\/uploads\/2018\/05\/girlmissionbackpack1280.jpg\" \/>\n\t<meta property=\"og:image:width\" content=\"1280\" \/>\n\t<meta property=\"og:image:height\" content=\"800\" \/>\n\t<meta property=\"og:image:type\" content=\"image\/jpeg\" \/>\n<meta name=\"author\" content=\"libna\" \/>\n<meta name=\"twitter:card\" content=\"summary_large_image\" \/>\n<meta name=\"twitter:label1\" content=\"\u00c9crit par\" \/>\n\t<meta name=\"twitter:data1\" content=\"libna\" \/>\n\t<meta name=\"twitter:label2\" content=\"Dur\u00e9e de lecture estim\u00e9e\" \/>\n\t<meta name=\"twitter:data2\" content=\"2 minutes\" \/>\n<script type=\"application\/ld+json\" class=\"yoast-schema-graph\">{\"@context\":\"https:\\\/\\\/schema.org\",\"@graph\":[{\"@type\":\"Article\",\"@id\":\"https:\\\/\\\/interamerica.org\\\/fr\\\/2018\\\/05\\\/en-inter-amerique-leglise-formera-de-jeunes-adventistes-pour-une-action-dimpact-evangelique\\\/#article\",\"isPartOf\":{\"@id\":\"https:\\\/\\\/interamerica.org\\\/fr\\\/2018\\\/05\\\/en-inter-amerique-leglise-formera-de-jeunes-adventistes-pour-une-action-dimpact-evangelique\\\/\"},\"author\":{\"name\":\"libna\",\"@id\":\"https:\\\/\\\/interamerica.org\\\/fr\\\/#\\\/schema\\\/person\\\/29998f2bc2d8bd0d38662909289b54f1\"},\"headline\":\"En Inter Am\u00e9rique, l\u2019Eglise formera de jeunes Adventistes pour une action d\u2019impact \u00e9vang\u00e9lique\",\"datePublished\":\"2018-05-25T08:00:46+00:00\",\"dateModified\":\"2018-06-02T13:18:19+00:00\",\"mainEntityOfPage\":{\"@id\":\"https:\\\/\\\/interamerica.org\\\/fr\\\/2018\\\/05\\\/en-inter-amerique-leglise-formera-de-jeunes-adventistes-pour-une-action-dimpact-evangelique\\\/\"},\"wordCount\":324,\"commentCount\":0,\"image\":{\"@id\":\"https:\\\/\\\/interamerica.org\\\/fr\\\/2018\\\/05\\\/en-inter-amerique-leglise-formera-de-jeunes-adventistes-pour-une-action-dimpact-evangelique\\\/#primaryimage\"},\"thumbnailUrl\":\"https:\\\/\\\/interamerica.org\\\/wp-content\\\/uploads\\\/2018\\\/05\\\/girlmissionbackpack1280.jpg\",\"articleSection\":[\"Nouvelles du si\u00e8ge de la division\",\"RSS Fran\u00e7ais\"],\"inLanguage\":\"fr-FR\",\"potentialAction\":[{\"@type\":\"CommentAction\",\"name\":\"Comment\",\"target\":[\"https:\\\/\\\/interamerica.org\\\/fr\\\/2018\\\/05\\\/en-inter-amerique-leglise-formera-de-jeunes-adventistes-pour-une-action-dimpact-evangelique\\\/#respond\"]}]},{\"@type\":\"WebPage\",\"@id\":\"https:\\\/\\\/interamerica.org\\\/fr\\\/2018\\\/05\\\/en-inter-amerique-leglise-formera-de-jeunes-adventistes-pour-une-action-dimpact-evangelique\\\/\",\"url\":\"https:\\\/\\\/interamerica.org\\\/fr\\\/2018\\\/05\\\/en-inter-amerique-leglise-formera-de-jeunes-adventistes-pour-une-action-dimpact-evangelique\\\/\",\"name\":\"En Inter Am\u00e9rique, l\u2019Eglise formera de jeunes Adventistes pour une action d\u2019impact \u00e9vang\u00e9lique - \u00c9glise Adventiste Du Septieme Jour - Inter Am\u00e9rique Division\",\"isPartOf\":{\"@id\":\"https:\\\/\\\/interamerica.org\\\/fr\\\/#website\"},\"primaryImageOfPage\":{\"@id\":\"https:\\\/\\\/interamerica.org\\\/fr\\\/2018\\\/05\\\/en-inter-amerique-leglise-formera-de-jeunes-adventistes-pour-une-action-dimpact-evangelique\\\/#primaryimage\"},\"image\":{\"@id\":\"https:\\\/\\\/interamerica.org\\\/fr\\\/2018\\\/05\\\/en-inter-amerique-leglise-formera-de-jeunes-adventistes-pour-une-action-dimpact-evangelique\\\/#primaryimage\"},\"thumbnailUrl\":\"https:\\\/\\\/interamerica.org\\\/wp-content\\\/uploads\\\/2018\\\/05\\\/girlmissionbackpack1280.jpg\",\"datePublished\":\"2018-05-25T08:00:46+00:00\",\"dateModified\":\"2018-06-02T13:18:19+00:00\",\"author\":{\"@id\":\"https:\\\/\\\/interamerica.org\\\/fr\\\/#\\\/schema\\\/person\\\/29998f2bc2d8bd0d38662909289b54f1\"},\"breadcrumb\":{\"@id\":\"https:\\\/\\\/interamerica.org\\\/fr\\\/2018\\\/05\\\/en-inter-amerique-leglise-formera-de-jeunes-adventistes-pour-une-action-dimpact-evangelique\\\/#breadcrumb\"},\"inLanguage\":\"fr-FR\",\"potentialAction\":[{\"@type\":\"ReadAction\",\"target\":[\"https:\\\/\\\/interamerica.org\\\/fr\\\/2018\\\/05\\\/en-inter-amerique-leglise-formera-de-jeunes-adventistes-pour-une-action-dimpact-evangelique\\\/\"]}]},{\"@type\":\"ImageObject\",\"inLanguage\":\"fr-FR\",\"@id\":\"https:\\\/\\\/interamerica.org\\\/fr\\\/2018\\\/05\\\/en-inter-amerique-leglise-formera-de-jeunes-adventistes-pour-une-action-dimpact-evangelique\\\/#primaryimage\",\"url\":\"https:\\\/\\\/interamerica.org\\\/wp-content\\\/uploads\\\/2018\\\/05\\\/girlmissionbackpack1280.jpg\",\"contentUrl\":\"https:\\\/\\\/interamerica.org\\\/wp-content\\\/uploads\\\/2018\\\/05\\\/girlmissionbackpack1280.jpg\",\"width\":1280,\"height\":800},{\"@type\":\"BreadcrumbList\",\"@id\":\"https:\\\/\\\/interamerica.org\\\/fr\\\/2018\\\/05\\\/en-inter-amerique-leglise-formera-de-jeunes-adventistes-pour-une-action-dimpact-evangelique\\\/#breadcrumb\",\"itemListElement\":[{\"@type\":\"ListItem\",\"position\":1,\"name\":\"Home\",\"item\":\"https:\\\/\\\/interamerica.org\\\/fr\\\/\"},{\"@type\":\"ListItem\",\"position\":2,\"name\":\"En Inter Am\u00e9rique, l\u2019Eglise formera de jeunes Adventistes pour une action d\u2019impact \u00e9vang\u00e9lique\"}]},{\"@type\":\"WebSite\",\"@id\":\"https:\\\/\\\/interamerica.org\\\/fr\\\/#website\",\"url\":\"https:\\\/\\\/interamerica.org\\\/fr\\\/\",\"name\":\"\u00c9glise Adventiste Du Septieme Jour - Inter Am\u00e9rique Division\",\"description\":\"\",\"potentialAction\":[{\"@type\":\"SearchAction\",\"target\":{\"@type\":\"EntryPoint\",\"urlTemplate\":\"https:\\\/\\\/interamerica.org\\\/fr\\\/?s={search_term_string}\"},\"query-input\":{\"@type\":\"PropertyValueSpecification\",\"valueRequired\":true,\"valueName\":\"search_term_string\"}}],\"inLanguage\":\"fr-FR\"},{\"@type\":\"Person\",\"@id\":\"https:\\\/\\\/interamerica.org\\\/fr\\\/#\\\/schema\\\/person\\\/29998f2bc2d8bd0d38662909289b54f1\",\"name\":\"libna\",\"image\":{\"@type\":\"ImageObject\",\"inLanguage\":\"fr-FR\",\"@id\":\"https:\\\/\\\/secure.gravatar.com\\\/avatar\\\/7c5bd30ae4b47a9ba3c856590957fd1d96dc588bf3ac05719d247e126840331f?s=96&d=mm&r=g\",\"url\":\"https:\\\/\\\/secure.gravatar.com\\\/avatar\\\/7c5bd30ae4b47a9ba3c856590957fd1d96dc588bf3ac05719d247e126840331f?s=96&d=mm&r=g\",\"contentUrl\":\"https:\\\/\\\/secure.gravatar.com\\\/avatar\\\/7c5bd30ae4b47a9ba3c856590957fd1d96dc588bf3ac05719d247e126840331f?s=96&d=mm&r=g\",\"caption\":\"libna\"}}]}<\/script>\n<!-- \/ Yoast SEO plugin. -->","yoast_head_json":{"title":"En Inter Am\u00e9rique, l\u2019Eglise formera de jeunes Adventistes pour une action d\u2019impact \u00e9vang\u00e9lique - \u00c9glise Adventiste Du Septieme Jour - Inter Am\u00e9rique Division","robots":{"index":"index","follow":"follow","max-snippet":"max-snippet:-1","max-image-preview":"max-image-preview:large","max-video-preview":"max-video-preview:-1"},"canonical":"https:\/\/interamerica.org\/fr\/2018\/05\/en-inter-amerique-leglise-formera-de-jeunes-adventistes-pour-une-action-dimpact-evangelique\/","og_locale":"fr_FR","og_type":"article","og_title":"En Inter Am\u00e9rique, l\u2019Eglise formera de jeunes Adventistes pour une action d\u2019impact \u00e9vang\u00e9lique - \u00c9glise Adventiste Du Septieme Jour - Inter Am\u00e9rique Division","og_description":"24 mai 2018 | Miami, Floride, \u00c9tats-Unis | Libna Stevens \/ DIA Les jeunes des \u00e9glises Adventistes du Septi\u00e8me Jour en Inter Am\u00e9rique vont bient\u00f4t prendre part \u00e0 une grande...","og_url":"https:\/\/interamerica.org\/fr\/2018\/05\/en-inter-amerique-leglise-formera-de-jeunes-adventistes-pour-une-action-dimpact-evangelique\/","og_site_name":"\u00c9glise Adventiste Du Septieme Jour - Inter Am\u00e9rique Division","article_published_time":"2018-05-25T08:00:46+00:00","article_modified_time":"2018-06-02T13:18:19+00:00","og_image":[{"width":1280,"height":800,"url":"https:\/\/interamerica.org\/wp-content\/uploads\/2018\/05\/girlmissionbackpack1280.jpg","type":"image\/jpeg"}],"author":"libna","twitter_card":"summary_large_image","twitter_misc":{"\u00c9crit par":"libna","Dur\u00e9e de lecture estim\u00e9e":"2 minutes"},"schema":{"@context":"https:\/\/schema.org","@graph":[{"@type":"Article","@id":"https:\/\/interamerica.org\/fr\/2018\/05\/en-inter-amerique-leglise-formera-de-jeunes-adventistes-pour-une-action-dimpact-evangelique\/#article","isPartOf":{"@id":"https:\/\/interamerica.org\/fr\/2018\/05\/en-inter-amerique-leglise-formera-de-jeunes-adventistes-pour-une-action-dimpact-evangelique\/"},"author":{"name":"libna","@id":"https:\/\/interamerica.org\/fr\/#\/schema\/person\/29998f2bc2d8bd0d38662909289b54f1"},"headline":"En Inter Am\u00e9rique, l\u2019Eglise formera de jeunes Adventistes pour une action d\u2019impact \u00e9vang\u00e9lique","datePublished":"2018-05-25T08:00:46+00:00","dateModified":"2018-06-02T13:18:19+00:00","mainEntityOfPage":{"@id":"https:\/\/interamerica.org\/fr\/2018\/05\/en-inter-amerique-leglise-formera-de-jeunes-adventistes-pour-une-action-dimpact-evangelique\/"},"wordCount":324,"commentCount":0,"image":{"@id":"https:\/\/interamerica.org\/fr\/2018\/05\/en-inter-amerique-leglise-formera-de-jeunes-adventistes-pour-une-action-dimpact-evangelique\/#primaryimage"},"thumbnailUrl":"https:\/\/interamerica.org\/wp-content\/uploads\/2018\/05\/girlmissionbackpack1280.jpg","articleSection":["Nouvelles du si\u00e8ge de la division","RSS Fran\u00e7ais"],"inLanguage":"fr-FR","potentialAction":[{"@type":"CommentAction","name":"Comment","target":["https:\/\/interamerica.org\/fr\/2018\/05\/en-inter-amerique-leglise-formera-de-jeunes-adventistes-pour-une-action-dimpact-evangelique\/#respond"]}]},{"@type":"WebPage","@id":"https:\/\/interamerica.org\/fr\/2018\/05\/en-inter-amerique-leglise-formera-de-jeunes-adventistes-pour-une-action-dimpact-evangelique\/","url":"https:\/\/interamerica.org\/fr\/2018\/05\/en-inter-amerique-leglise-formera-de-jeunes-adventistes-pour-une-action-dimpact-evangelique\/","name":"En Inter Am\u00e9rique, l\u2019Eglise formera de jeunes Adventistes pour une action d\u2019impact \u00e9vang\u00e9lique - \u00c9glise Adventiste Du Septieme Jour - Inter Am\u00e9rique Division","isPartOf":{"@id":"https:\/\/interamerica.org\/fr\/#website"},"primaryImageOfPage":{"@id":"https:\/\/interamerica.org\/fr\/2018\/05\/en-inter-amerique-leglise-formera-de-jeunes-adventistes-pour-une-action-dimpact-evangelique\/#primaryimage"},"image":{"@id":"https:\/\/interamerica.org\/fr\/2018\/05\/en-inter-amerique-leglise-formera-de-jeunes-adventistes-pour-une-action-dimpact-evangelique\/#primaryimage"},"thumbnailUrl":"https:\/\/interamerica.org\/wp-content\/uploads\/2018\/05\/girlmissionbackpack1280.jpg","datePublished":"2018-05-25T08:00:46+00:00","dateModified":"2018-06-02T13:18:19+00:00","author":{"@id":"https:\/\/interamerica.org\/fr\/#\/schema\/person\/29998f2bc2d8bd0d38662909289b54f1"},"breadcrumb":{"@id":"https:\/\/interamerica.org\/fr\/2018\/05\/en-inter-amerique-leglise-formera-de-jeunes-adventistes-pour-une-action-dimpact-evangelique\/#breadcrumb"},"inLanguage":"fr-FR","potentialAction":[{"@type":"ReadAction","target":["https:\/\/interamerica.org\/fr\/2018\/05\/en-inter-amerique-leglise-formera-de-jeunes-adventistes-pour-une-action-dimpact-evangelique\/"]}]},{"@type":"ImageObject","inLanguage":"fr-FR","@id":"https:\/\/interamerica.org\/fr\/2018\/05\/en-inter-amerique-leglise-formera-de-jeunes-adventistes-pour-une-action-dimpact-evangelique\/#primaryimage","url":"https:\/\/interamerica.org\/wp-content\/uploads\/2018\/05\/girlmissionbackpack1280.jpg","contentUrl":"https:\/\/interamerica.org\/wp-content\/uploads\/2018\/05\/girlmissionbackpack1280.jpg","width":1280,"height":800},{"@type":"BreadcrumbList","@id":"https:\/\/interamerica.org\/fr\/2018\/05\/en-inter-amerique-leglise-formera-de-jeunes-adventistes-pour-une-action-dimpact-evangelique\/#breadcrumb","itemListElement":[{"@type":"ListItem","position":1,"name":"Home","item":"https:\/\/interamerica.org\/fr\/"},{"@type":"ListItem","position":2,"name":"En Inter Am\u00e9rique, l\u2019Eglise formera de jeunes Adventistes pour une action d\u2019impact \u00e9vang\u00e9lique"}]},{"@type":"WebSite","@id":"https:\/\/interamerica.org\/fr\/#website","url":"https:\/\/interamerica.org\/fr\/","name":"\u00c9glise Adventiste Du Septieme Jour - Inter Am\u00e9rique Division","description":"","potentialAction":[{"@type":"SearchAction","target":{"@type":"EntryPoint","urlTemplate":"https:\/\/interamerica.org\/fr\/?s={search_term_string}"},"query-input":{"@type":"PropertyValueSpecification","valueRequired":true,"valueName":"search_term_string"}}],"inLanguage":"fr-FR"},{"@type":"Person","@id":"https:\/\/interamerica.org\/fr\/#\/schema\/person\/29998f2bc2d8bd0d38662909289b54f1","name":"libna","image":{"@type":"ImageObject","inLanguage":"fr-FR","@id":"https:\/\/secure.gravatar.com\/avatar\/7c5bd30ae4b47a9ba3c856590957fd1d96dc588bf3ac05719d247e126840331f?s=96&d=mm&r=g","url":"https:\/\/secure.gravatar.com\/avatar\/7c5bd30ae4b47a9ba3c856590957fd1d96dc588bf3ac05719d247e126840331f?s=96&d=mm&r=g","contentUrl":"https:\/\/secure.gravatar.com\/avatar\/7c5bd30ae4b47a9ba3c856590957fd1d96dc588bf3ac05719d247e126840331f?s=96&d=mm&r=g","caption":"libna"}}]}},"_links":{"self":[{"href":"https:\/\/interamerica.org\/fr\/wp-json\/wp\/v2\/posts\/41930","targetHints":{"allow":["GET"]}}],"collection":[{"href":"https:\/\/interamerica.org\/fr\/wp-json\/wp\/v2\/posts"}],"about":[{"href":"https:\/\/interamerica.org\/fr\/wp-json\/wp\/v2\/types\/post"}],"author":[{"embeddable":true,"href":"https:\/\/interamerica.org\/fr\/wp-json\/wp\/v2\/users\/3"}],"replies":[{"embeddable":true,"href":"https:\/\/interamerica.org\/fr\/wp-json\/wp\/v2\/comments?post=41930"}],"version-history":[{"count":0,"href":"https:\/\/interamerica.org\/fr\/wp-json\/wp\/v2\/posts\/41930\/revisions"}],"wp:featuredmedia":[{"embeddable":true,"href":"https:\/\/interamerica.org\/fr\/wp-json\/wp\/v2\/media\/41979"}],"wp:attachment":[{"href":"https:\/\/interamerica.org\/fr\/wp-json\/wp\/v2\/media?parent=41930"}],"wp:term":[{"taxonomy":"category","embeddable":true,"href":"https:\/\/interamerica.org\/fr\/wp-json\/wp\/v2\/categories?post=41930"},{"taxonomy":"post_tag","embeddable":true,"href":"https:\/\/interamerica.org\/fr\/wp-json\/wp\/v2\/tags?post=41930"}],"curies":[{"name":"wp","href":"https:\/\/api.w.org\/{rel}","templated":true}]}}