{"id":41984,"date":"2018-05-26T21:24:07","date_gmt":"2018-05-27T01:24:07","guid":{"rendered":"https:\/\/recursing-golick.147-182-135-0.plesk.page\/?p=41984"},"modified":"2018-05-27T19:13:43","modified_gmt":"2018-05-27T23:13:43","slug":"le-vietnam-ouvre-un-centre-communautaire-de-7-etages-a-hanoi","status":"publish","type":"post","link":"https:\/\/interamerica.org\/fr\/2018\/05\/le-vietnam-ouvre-un-centre-communautaire-de-7-etages-a-hanoi\/","title":{"rendered":"Le Vietnam ouvre un centre communautaire de 7 \u00e9tages \u00e0 Hano\u00ef"},"content":{"rendered":"<div id=\"attachment_41933\" style=\"width: 771px\" class=\"wp-caption aligncenter\"><img fetchpriority=\"high\" decoding=\"async\" aria-describedby=\"caption-attachment-41933\" class=\"wp-image-41933\" src=\"https:\/\/recursing-golick.147-182-135-0.plesk.page\/wp-content\/uploads\/2018\/05\/vietnam-opens-7-story-community-center-in-hanoi1280-1024x640.jpg\" alt=\"\" width=\"761\" height=\"476\" srcset=\"https:\/\/interamerica.org\/wp-content\/uploads\/2018\/05\/vietnam-opens-7-story-community-center-in-hanoi1280-1024x640.jpg 1024w, https:\/\/interamerica.org\/wp-content\/uploads\/2018\/05\/vietnam-opens-7-story-community-center-in-hanoi1280-300x188.jpg 300w, https:\/\/interamerica.org\/wp-content\/uploads\/2018\/05\/vietnam-opens-7-story-community-center-in-hanoi1280-768x480.jpg 768w, https:\/\/interamerica.org\/wp-content\/uploads\/2018\/05\/vietnam-opens-7-story-community-center-in-hanoi1280.jpg 1280w\" sizes=\"(max-width: 761px) 100vw, 761px\" \/><p id=\"caption-attachment-41933\" class=\"wp-caption-text\">Photo d\u2019Andrew McChesney, Mission Adventiste<\/p><\/div>\n<p><span class=\"byline-news\">25 Mai 2018 | Vietnam | Andrew McChesney, adventistmission.org<\/span><\/p>\n<p><span class=\"cap\">J<\/span>annie Bekker, un Sud-africain distingu\u00e9 aux cheveux blonds ondul\u00e9s, a \u00e9t\u00e9 d\u00e9ploy\u00e9 dans la capitale du Vietnam avec 2 millions de dollars et l\u2019extraordinaire mission d\u2019\u00e9tablir le premier \u00ab centre d\u2019influence urbain \u00bb de l\u2019\u00c9glise Adventiste du Septi\u00e8me Jour dans ce pays d\u2019Asie du Sud-est.<\/p>\n<p>Jannie Bekker, cependant, a eu du mal \u00e0 trouver une propri\u00e9t\u00e9 ad\u00e9quate \u00e0 Hano\u00ef. Le prix demand\u00e9 pour un terrain vacant d\u00e9passait les 2 millions de dollars et se rapprochait souvent de 3 \u00e0 4 millions de dollars.<\/p>\n<p>Puis, soudain quelqu\u2019un a propos\u00e9 une excellente parcelle de terrain avec un nouveau b\u00e2timent de sept \u00e9tages pour seulement 1,8 million de dollars &#8211; et la suite appartient \u00e0 l\u2019histoire.<\/p>\n<p>Jannie Bekker rayonnait de joie le 22 mai 2018, au moment o\u00f9 le pr\u00e9sident de l\u2019Eglise Adventiste, Ted N.C. Wilson et d\u2019autres dirigeants inauguraient le b\u00e2timent de sept \u00e9tages, qui abritera une librairie, un magasin d\u2019aliments di\u00e9t\u00e9tiques, une \u00e9cole de langues \u00e9trang\u00e8res, une \u00e9cole de musique, un centre sanitaire, le si\u00e8ge d\u2019ADRA au Vietnam, et des salles de r\u00e9union pour deux congr\u00e9gations.<\/p>\n<p>\u00ab Dieu est intervenu d\u2019une mani\u00e8re plus miraculeuse que je ne l\u2019aurais jamais, jamais imagin\u00e9, \u00bb a d\u00e9clar\u00e9 Jannie Bekker. \u00ab Il nous a donn\u00e9 plus que ce pour quoi nous avons pri\u00e9. \u00bb<\/p>\n<p>Ted Wilson, s\u2019exprimant lors de la c\u00e9r\u00e9monie d\u2019ouverture, a reconnu le dur travail de Jannie Bekker ainsi que celui du conseiller en construction Peter Koolik et d\u2019autres qui ont contribu\u00e9 \u00e0 mettre sur pied le centre communautaire qui a pour nom Forward Venture.<\/p>\n<p>\u00ab C\u2019est Dieu qui fait des miracles \u00e0 travers les gens, donc nous ne rendons pas gloire aux gens. Nous donnons gloire \u00e0 Dieu, qui utilise Ses serviteurs pour faire de grandes choses, \u00bb a d\u00e9clar\u00e9 Ted Wilson. \u00ab Quelle b\u00e9n\u00e9diction d\u2019\u00eatre utilis\u00e9 par Dieu pour pouvoir toucher la vie des gens dans les grandes villes. \u00bb<\/p>\n<div id=\"attachment_41942\" style=\"width: 770px\" class=\"wp-caption aligncenter\"><img decoding=\"async\" aria-describedby=\"caption-attachment-41942\" class=\" wp-image-41942\" src=\"https:\/\/recursing-golick.147-182-135-0.plesk.page\/wp-content\/uploads\/2018\/05\/adventist-vietnam-hanoi-may22-24.jpg\" alt=\"\" width=\"760\" height=\"570\" srcset=\"https:\/\/interamerica.org\/wp-content\/uploads\/2018\/05\/adventist-vietnam-hanoi-may22-24.jpg 1000w, https:\/\/interamerica.org\/wp-content\/uploads\/2018\/05\/adventist-vietnam-hanoi-may22-24-300x225.jpg 300w, https:\/\/interamerica.org\/wp-content\/uploads\/2018\/05\/adventist-vietnam-hanoi-may22-24-768x576.jpg 768w\" sizes=\"(max-width: 760px) 100vw, 760px\" \/><p id=\"caption-attachment-41942\" class=\"wp-caption-text\">Ted Wilson remet une cl\u00e9 symbolique lors de la c\u00e9r\u00e9monie d\u2019inauguration du centre communautaire Forward Venture \u00e0 Hano\u00ef, au Vietnam. A sa droite se trouve Jannie Bekker, qui a jou\u00e9 un r\u00f4le cl\u00e9 dans l\u2019ouverture du centre communautaire. Photo d\u2019Andrew McChesney, Mission Adventiste<\/p><\/div>\n<h3><strong>Une Semence est Plant\u00e9e<\/strong><\/h3>\n<p>Les origines du projet remontent \u00e0 2014, lorsque Ted Wilson a visit\u00e9 Hano\u00ef dans le nord apr\u00e8s avoir tenue une campagne d\u2019\u00e9vang\u00e9lisation historique \u00e0 H\u00f4 Chi Minh-Ville dans le sud. Ted Wilson a \u00e9t\u00e9 la premi\u00e8re personne non autochtone autoris\u00e9e \u00e0 tenir un programme d\u2019\u00e9vang\u00e9lisation Adventiste au Vietnam depuis 1975, une \u00e9tape majeure pour l\u2019\u00e9glise depuis que le gouvernement a autoris\u00e9 la d\u00e9nomination \u00e0 reprendre ses activit\u00e9s ici en 2008.<\/p>\n<p>Suite \u00e0 la visite, Ted Wilson a souhait\u00e9 qu\u2019il y ait un centre communautaire pour servir les habitants de Hano\u00ef, et Jannie Bekker a \u00e9t\u00e9 affect\u00e9 au projet. Ted Wilson s\u2019est engag\u00e9 \u00e0 aider \u00e0 r\u00e9unir les fonds n\u00e9cessaires, \u00e9tant entendu qu\u2019il apporterait un montant \u00e9gal \u00e0 la contribution de la Division de l\u2019Asie Pacifique Sud et de l\u2019Union Mission de l\u2019Asie du Sud-Est. Finalement, l\u2019Eglise Adventiste mondiale a donn\u00e9 1 million de dollars, tandis que la division et l\u2019union ont donn\u00e9 chacun 500000 dollars.<\/p>\n<p>Mais Jannie Bekker n\u2019arrivait pas \u00e0 trouver une parcelle de terrain. Les propri\u00e9t\u00e9s qu\u2019il a visit\u00e9es co\u00fbtaient trop cher ou ne b\u00e9n\u00e9ficiaient pas d\u2019un bon emplacement. Une affaire potentielle n\u2019a pas pu \u00eatre conclue.<\/p>\n<p>\u00ab Je ne compte plus le nombre de fois o\u00f9 je me suis rendu au Vietnam, \u00bb a dit Jannie Bekker, qui voyageait parfois avec des dirigeants d\u2019union et de division. \u00ab 15 fois ou peut-\u00eatre 20. \u00bb<\/p>\n<p>Par la suite, l\u2019ami d\u2019un ami a pr\u00e9sent\u00e9 Jannie Bekker \u00e0 un promoteur immobilier qui poss\u00e9dait une parcelle sur laquelle il construisait un b\u00e2timent de sept \u00e9tages. Le promoteur ne demandait que 1,8 million de dollars pour l\u2019ensemble. D\u00e8s le moment o\u00f9 Jannie Bekker a vu la propri\u00e9t\u00e9, il a su que c\u2019\u00e9tait parfait.<\/p>\n<p>La bureaucratie et d\u2019autres probl\u00e8mes ont retard\u00e9 la finalisation de l\u2019achat. Un autre acheteur a entendu parler de la propri\u00e9t\u00e9 et a offert une plus importante somme d\u2019argent. Jannie Bekker a continu\u00e9 \u00e0 prier, et le promoteur a finalement rejet\u00e9 la nouvelle offre, affirmant que le plan Adventiste visait \u00e0 profiter \u00e0 la communaut\u00e9 et non pas \u00e0 enrichir les propri\u00e9taires.<\/p>\n<div id=\"attachment_41936\" style=\"width: 770px\" class=\"wp-caption aligncenter\"><img decoding=\"async\" aria-describedby=\"caption-attachment-41936\" class=\" wp-image-41936\" src=\"https:\/\/recursing-golick.147-182-135-0.plesk.page\/wp-content\/uploads\/2018\/05\/adventist-vietnam-hanoi-may22-3.jpg\" alt=\"\" width=\"760\" height=\"570\" srcset=\"https:\/\/interamerica.org\/wp-content\/uploads\/2018\/05\/adventist-vietnam-hanoi-may22-3.jpg 1000w, https:\/\/interamerica.org\/wp-content\/uploads\/2018\/05\/adventist-vietnam-hanoi-may22-3-300x225.jpg 300w, https:\/\/interamerica.org\/wp-content\/uploads\/2018\/05\/adventist-vietnam-hanoi-may22-3-768x576.jpg 768w\" sizes=\"(max-width: 760px) 100vw, 760px\" \/><p id=\"caption-attachment-41936\" class=\"wp-caption-text\">Ted N.C. Wilson, pr\u00e9sident de l\u2019Eglise Adventiste du Septi\u00e8me Jour, salue une jeune fille sous le regard de sa femme Nancy, \u00e0 Hano\u00ef, au Vietnam, le 22 mai 2018. Photo d\u2019Andrew McChesney, Mission Adventiste<\/p><\/div>\n<p>Les personnes impliqu\u00e9es dans le projet ne peuvent pas trouver d\u2019explication pour cet achat.<\/p>\n<p>\u00ab C\u2019\u00e9tait vraiment un miracle, \u00bb a d\u00e9clar\u00e9 Koolik, un ressortissant australien, qui a conseill\u00e9 l\u2019\u00e9glise \u00e0 propos de propri\u00e9t\u00e9s dans le monde entier. \u00ab Ici, il n\u2019y a pas de v\u00e9ritables agences immobili\u00e8res. Tout se fait par le bouche \u00e0 oreille. \u00bb<\/p>\n<p>\u00ab Dieu a fait plus que ce \u00e0 quoi nous nous attendions, et Il continue \u00e0 faire davantage chaque jour, \u00bb a d\u00e9clar\u00e9 Jannie Bekker. \u00ab Donc, nous Lui donnons tout l\u2019honneur et toute la gloire. \u00bb<\/p>\n<h3><strong>Un Pr\u00e9sent Sp\u00e9cial de Dieu<\/strong><\/h3>\n<p>Pendant l\u2019inauguration, les dirigeants Adventistes ont visit\u00e9 le centre communautaire et pri\u00e9 \u00e0 chaque \u00e9tage. L\u2019\u00e9glise compte 15 pasteurs consacr\u00e9s au Vietnam, et tous ont \u00e9t\u00e9 invit\u00e9s au programme. \u00c9taient \u00e9galement pr\u00e9sents, 40 agriculteurs &#8211; qui ont lou\u00e9 un bus dans le sud du Vietnam et ont parcouru sans escale 625 miles (1000 kilom\u00e8tres) en deux jours en direction de Hano\u00ef &#8211; et quelques leaders la\u00efcs comme Vo Hiep, 75 ans.<\/p>\n<p>\u00ab C\u2019est un cadeau sp\u00e9cial du Seigneur, \u00bb a d\u00e9clar\u00e9 Vo Hiep \u00e0 propos du centre communautaire.<\/p>\n<p>Vo Hiep, qui a construit sept \u00e9glises au Vietnam avec de l\u2019argent qu\u2019il a recueilli aupr\u00e8s de Vietnamiens vivant \u00e0 l\u2019\u00e9tranger, a exprim\u00e9 l\u2019espoir qu\u2019un centre communautaire du m\u00eame type ouvre un jour dans sa ville natale, Da Nang City, qui se trouve \u00e0 14 heures de train de Hanoi.<\/p>\n<p>L\u2019\u00c9glise Adventiste compte environ 12600 membres au Vietnam, un pays de 93 millions d\u2019habitants.<\/p>\n<p>Apr\u00e8s l\u2019inauguration, Ted Wilson a visit\u00e9 les bureaux de deux hauts fonctionnaires du gouvernement pour les remercier de leur aide dans l\u2019ouverture du centre communautaire et pour la libert\u00e9 religieuse que le Vietnam offre \u00e0 sa population.<\/p>\n<div id=\"attachment_41939\" style=\"width: 771px\" class=\"wp-caption aligncenter\"><img loading=\"lazy\" decoding=\"async\" aria-describedby=\"caption-attachment-41939\" class=\" wp-image-41939\" src=\"https:\/\/recursing-golick.147-182-135-0.plesk.page\/wp-content\/uploads\/2018\/05\/adventist-vietnam-hanoi-may22-8.jpg\" alt=\"\" width=\"761\" height=\"571\" srcset=\"https:\/\/interamerica.org\/wp-content\/uploads\/2018\/05\/adventist-vietnam-hanoi-may22-8.jpg 1000w, https:\/\/interamerica.org\/wp-content\/uploads\/2018\/05\/adventist-vietnam-hanoi-may22-8-300x225.jpg 300w, https:\/\/interamerica.org\/wp-content\/uploads\/2018\/05\/adventist-vietnam-hanoi-may22-8-768x576.jpg 768w\" sizes=\"(max-width: 761px) 100vw, 761px\" \/><p id=\"caption-attachment-41939\" class=\"wp-caption-text\">Ted Wilson (deuxi\u00e8me \u00e0 gauche) coupe le ruban rouge avec le pr\u00e9sident de l\u2019Union Mission de l\u2019Asie du Sud-Est, Somchai Chuenjit, et d\u2019autres dirigeants. Photo d\u2019Andrew McChesney, Mission Adventiste<\/p><\/div>\n<p>\u00ab Je veux vous assurer de l\u2019engagement des Adventistes du Septi\u00e8me Jour pour aider la soci\u00e9t\u00e9, \u00bb a dit Ted Wilson au S\u00e9nateur Ngo Sach Thuc, vice-pr\u00e9sident du Front de la Patrie du Vietnam, qui supervise les organisations religieuses au Vietnam.<\/p>\n<p>Ngo Thuc a parl\u00e9 en des termes \u00e9logieux des initiatives Adventistes pour aider les autres.<\/p>\n<p>\u00ab Nous appr\u00e9cions ce que fait l\u2019Eglise Adventiste du Septi\u00e8me Jour pour aider les gens au Vietnam, \u00bb a-t-il dit.<\/p>\n<p>Deux heures plus tard, le g\u00e9n\u00e9ral Vu Chien Thang, s\u00e9nateur et pr\u00e9sident du Comit\u00e9 Gouvernemental des Affaires Religieuses, a accueilli Ted Wilson dans son bureau et l\u2019a f\u00e9licit\u00e9 pour l\u2019ouverture du centre communautaire.<\/p>\n<p>\u00ab Nous appr\u00e9cions ce que vous faites, et ce que font les membres d\u2019\u00e9glise au Vietnam, \u00bb a-t-il dit. \u00ab Nous voyons clairement que l\u2019\u00c9glise Adventiste fait beaucoup de bien dans la communaut\u00e9, en aidant les pauvres et de bien d\u2019autres fa\u00e7ons. \u00bb<\/p>\n<p>Ted Wilson a partag\u00e9 des passages bibliques avec les deux fonctionnaires du gouvernement et a pri\u00e9 pour eux.<br \/>\nTran Thanh Truyen, pr\u00e9sident de la Mission du Vietnam a accompagn\u00e9 Ted Wilson tout au long de la journ\u00e9e. Un large sourire sur son visage indiquait sa joie.<\/p>\n<p>\u00ab Cela fait dix ans que nous sommes reconnus par le gouvernement, \u00bb a-t-il d\u00e9clar\u00e9 dans son discours d\u2019inauguration. \u00ab Je suis s\u00fbr que Dieu b\u00e9nira encore davantage le Vietnam. \u00bb<\/p>\n<p><em>Ce r\u00e9cit a \u00e9t\u00e9 d\u2019abord publi\u00e9 dans <\/em><a href=\"https:\/\/adventistmission.org\/%E2%80%8Bfirst-urban-center-of-influence-opens-in-vietnam\" target=\"_blank\" rel=\"noopener\"><em>AdventistMission.org<\/em><\/a><\/p>\n<p>Traduction: Patrick Luciathe<\/p>\n","protected":false},"excerpt":{"rendered":"<p>25 Mai 2018 | Vietnam | Andrew McChesney, adventistmission.org Jannie Bekker, un Sud-africain distingu\u00e9 aux cheveux blonds ondul\u00e9s, a \u00e9t\u00e9 d\u00e9ploy\u00e9 dans la capitale du Vietnam avec 2 millions de&#8230;<\/p>\n","protected":false},"author":3,"featured_media":41934,"comment_status":"open","ping_status":"closed","sticky":false,"template":"","format":"standard","meta":{"_acf_changed":false,"footnotes":""},"categories":[18,19],"tags":[],"class_list":["post-41984","post","type-post","status-publish","format-standard","has-post-thumbnail","hentry","category-nouvelles-de-leglise-mondiale","category-rss-francais"],"acf":[],"yoast_head":"<!-- This site is optimized with the Yoast SEO plugin v27.3 - https:\/\/yoast.com\/product\/yoast-seo-wordpress\/ -->\n<title>Le Vietnam ouvre un centre communautaire de 7 \u00e9tages \u00e0 Hano\u00ef - \u00c9glise Adventiste Du Septieme Jour - Inter Am\u00e9rique Division<\/title>\n<meta name=\"robots\" content=\"index, follow, max-snippet:-1, max-image-preview:large, max-video-preview:-1\" \/>\n<link rel=\"canonical\" href=\"https:\/\/interamerica.org\/fr\/2018\/05\/le-vietnam-ouvre-un-centre-communautaire-de-7-etages-a-hanoi\/\" \/>\n<meta property=\"og:locale\" content=\"fr_FR\" \/>\n<meta property=\"og:type\" content=\"article\" \/>\n<meta property=\"og:title\" content=\"Le Vietnam ouvre un centre communautaire de 7 \u00e9tages \u00e0 Hano\u00ef - \u00c9glise Adventiste Du Septieme Jour - Inter Am\u00e9rique Division\" \/>\n<meta property=\"og:description\" content=\"25 Mai 2018 | Vietnam | Andrew McChesney, adventistmission.org Jannie Bekker, un Sud-africain distingu\u00e9 aux cheveux blonds ondul\u00e9s, a \u00e9t\u00e9 d\u00e9ploy\u00e9 dans la capitale du Vietnam avec 2 millions de...\" \/>\n<meta property=\"og:url\" content=\"https:\/\/interamerica.org\/fr\/2018\/05\/le-vietnam-ouvre-un-centre-communautaire-de-7-etages-a-hanoi\/\" \/>\n<meta property=\"og:site_name\" content=\"\u00c9glise Adventiste Du Septieme Jour - Inter Am\u00e9rique Division\" \/>\n<meta property=\"article:published_time\" content=\"2018-05-27T01:24:07+00:00\" \/>\n<meta property=\"article:modified_time\" content=\"2018-05-27T23:13:43+00:00\" \/>\n<meta property=\"og:image\" content=\"https:\/\/interamerica.org\/wp-content\/uploads\/2018\/05\/vietnam-opens-7-story-community-center-in-hanoi1280.jpg\" \/>\n\t<meta property=\"og:image:width\" content=\"1280\" \/>\n\t<meta property=\"og:image:height\" content=\"800\" \/>\n\t<meta property=\"og:image:type\" content=\"image\/jpeg\" \/>\n<meta name=\"author\" content=\"libna\" \/>\n<meta name=\"twitter:card\" content=\"summary_large_image\" \/>\n<meta name=\"twitter:label1\" content=\"\u00c9crit par\" \/>\n\t<meta name=\"twitter:data1\" content=\"libna\" \/>\n\t<meta name=\"twitter:label2\" content=\"Dur\u00e9e de lecture estim\u00e9e\" \/>\n\t<meta name=\"twitter:data2\" content=\"7 minutes\" \/>\n<script type=\"application\/ld+json\" class=\"yoast-schema-graph\">{\"@context\":\"https:\\\/\\\/schema.org\",\"@graph\":[{\"@type\":\"Article\",\"@id\":\"https:\\\/\\\/interamerica.org\\\/fr\\\/2018\\\/05\\\/le-vietnam-ouvre-un-centre-communautaire-de-7-etages-a-hanoi\\\/#article\",\"isPartOf\":{\"@id\":\"https:\\\/\\\/interamerica.org\\\/fr\\\/2018\\\/05\\\/le-vietnam-ouvre-un-centre-communautaire-de-7-etages-a-hanoi\\\/\"},\"author\":{\"name\":\"libna\",\"@id\":\"https:\\\/\\\/interamerica.org\\\/fr\\\/#\\\/schema\\\/person\\\/29998f2bc2d8bd0d38662909289b54f1\"},\"headline\":\"Le Vietnam ouvre un centre communautaire de 7 \u00e9tages \u00e0 Hano\u00ef\",\"datePublished\":\"2018-05-27T01:24:07+00:00\",\"dateModified\":\"2018-05-27T23:13:43+00:00\",\"mainEntityOfPage\":{\"@id\":\"https:\\\/\\\/interamerica.org\\\/fr\\\/2018\\\/05\\\/le-vietnam-ouvre-un-centre-communautaire-de-7-etages-a-hanoi\\\/\"},\"wordCount\":1415,\"commentCount\":0,\"image\":{\"@id\":\"https:\\\/\\\/interamerica.org\\\/fr\\\/2018\\\/05\\\/le-vietnam-ouvre-un-centre-communautaire-de-7-etages-a-hanoi\\\/#primaryimage\"},\"thumbnailUrl\":\"https:\\\/\\\/interamerica.org\\\/wp-content\\\/uploads\\\/2018\\\/05\\\/vietnam-opens-7-story-community-center-in-hanoi1280.jpg\",\"articleSection\":[\"Nouvelles de l'\u00c9glise mondiale\",\"RSS Fran\u00e7ais\"],\"inLanguage\":\"fr-FR\",\"potentialAction\":[{\"@type\":\"CommentAction\",\"name\":\"Comment\",\"target\":[\"https:\\\/\\\/interamerica.org\\\/fr\\\/2018\\\/05\\\/le-vietnam-ouvre-un-centre-communautaire-de-7-etages-a-hanoi\\\/#respond\"]}]},{\"@type\":\"WebPage\",\"@id\":\"https:\\\/\\\/interamerica.org\\\/fr\\\/2018\\\/05\\\/le-vietnam-ouvre-un-centre-communautaire-de-7-etages-a-hanoi\\\/\",\"url\":\"https:\\\/\\\/interamerica.org\\\/fr\\\/2018\\\/05\\\/le-vietnam-ouvre-un-centre-communautaire-de-7-etages-a-hanoi\\\/\",\"name\":\"Le Vietnam ouvre un centre communautaire de 7 \u00e9tages \u00e0 Hano\u00ef - \u00c9glise Adventiste Du Septieme Jour - Inter Am\u00e9rique Division\",\"isPartOf\":{\"@id\":\"https:\\\/\\\/interamerica.org\\\/fr\\\/#website\"},\"primaryImageOfPage\":{\"@id\":\"https:\\\/\\\/interamerica.org\\\/fr\\\/2018\\\/05\\\/le-vietnam-ouvre-un-centre-communautaire-de-7-etages-a-hanoi\\\/#primaryimage\"},\"image\":{\"@id\":\"https:\\\/\\\/interamerica.org\\\/fr\\\/2018\\\/05\\\/le-vietnam-ouvre-un-centre-communautaire-de-7-etages-a-hanoi\\\/#primaryimage\"},\"thumbnailUrl\":\"https:\\\/\\\/interamerica.org\\\/wp-content\\\/uploads\\\/2018\\\/05\\\/vietnam-opens-7-story-community-center-in-hanoi1280.jpg\",\"datePublished\":\"2018-05-27T01:24:07+00:00\",\"dateModified\":\"2018-05-27T23:13:43+00:00\",\"author\":{\"@id\":\"https:\\\/\\\/interamerica.org\\\/fr\\\/#\\\/schema\\\/person\\\/29998f2bc2d8bd0d38662909289b54f1\"},\"breadcrumb\":{\"@id\":\"https:\\\/\\\/interamerica.org\\\/fr\\\/2018\\\/05\\\/le-vietnam-ouvre-un-centre-communautaire-de-7-etages-a-hanoi\\\/#breadcrumb\"},\"inLanguage\":\"fr-FR\",\"potentialAction\":[{\"@type\":\"ReadAction\",\"target\":[\"https:\\\/\\\/interamerica.org\\\/fr\\\/2018\\\/05\\\/le-vietnam-ouvre-un-centre-communautaire-de-7-etages-a-hanoi\\\/\"]}]},{\"@type\":\"ImageObject\",\"inLanguage\":\"fr-FR\",\"@id\":\"https:\\\/\\\/interamerica.org\\\/fr\\\/2018\\\/05\\\/le-vietnam-ouvre-un-centre-communautaire-de-7-etages-a-hanoi\\\/#primaryimage\",\"url\":\"https:\\\/\\\/interamerica.org\\\/wp-content\\\/uploads\\\/2018\\\/05\\\/vietnam-opens-7-story-community-center-in-hanoi1280.jpg\",\"contentUrl\":\"https:\\\/\\\/interamerica.org\\\/wp-content\\\/uploads\\\/2018\\\/05\\\/vietnam-opens-7-story-community-center-in-hanoi1280.jpg\",\"width\":1280,\"height\":800},{\"@type\":\"BreadcrumbList\",\"@id\":\"https:\\\/\\\/interamerica.org\\\/fr\\\/2018\\\/05\\\/le-vietnam-ouvre-un-centre-communautaire-de-7-etages-a-hanoi\\\/#breadcrumb\",\"itemListElement\":[{\"@type\":\"ListItem\",\"position\":1,\"name\":\"Home\",\"item\":\"https:\\\/\\\/interamerica.org\\\/fr\\\/\"},{\"@type\":\"ListItem\",\"position\":2,\"name\":\"Le Vietnam ouvre un centre communautaire de 7 \u00e9tages \u00e0 Hano\u00ef\"}]},{\"@type\":\"WebSite\",\"@id\":\"https:\\\/\\\/interamerica.org\\\/fr\\\/#website\",\"url\":\"https:\\\/\\\/interamerica.org\\\/fr\\\/\",\"name\":\"\u00c9glise Adventiste Du Septieme Jour - Inter Am\u00e9rique Division\",\"description\":\"\",\"potentialAction\":[{\"@type\":\"SearchAction\",\"target\":{\"@type\":\"EntryPoint\",\"urlTemplate\":\"https:\\\/\\\/interamerica.org\\\/fr\\\/?s={search_term_string}\"},\"query-input\":{\"@type\":\"PropertyValueSpecification\",\"valueRequired\":true,\"valueName\":\"search_term_string\"}}],\"inLanguage\":\"fr-FR\"},{\"@type\":\"Person\",\"@id\":\"https:\\\/\\\/interamerica.org\\\/fr\\\/#\\\/schema\\\/person\\\/29998f2bc2d8bd0d38662909289b54f1\",\"name\":\"libna\",\"image\":{\"@type\":\"ImageObject\",\"inLanguage\":\"fr-FR\",\"@id\":\"https:\\\/\\\/secure.gravatar.com\\\/avatar\\\/7c5bd30ae4b47a9ba3c856590957fd1d96dc588bf3ac05719d247e126840331f?s=96&d=mm&r=g\",\"url\":\"https:\\\/\\\/secure.gravatar.com\\\/avatar\\\/7c5bd30ae4b47a9ba3c856590957fd1d96dc588bf3ac05719d247e126840331f?s=96&d=mm&r=g\",\"contentUrl\":\"https:\\\/\\\/secure.gravatar.com\\\/avatar\\\/7c5bd30ae4b47a9ba3c856590957fd1d96dc588bf3ac05719d247e126840331f?s=96&d=mm&r=g\",\"caption\":\"libna\"}}]}<\/script>\n<!-- \/ Yoast SEO plugin. -->","yoast_head_json":{"title":"Le Vietnam ouvre un centre communautaire de 7 \u00e9tages \u00e0 Hano\u00ef - \u00c9glise Adventiste Du Septieme Jour - Inter Am\u00e9rique Division","robots":{"index":"index","follow":"follow","max-snippet":"max-snippet:-1","max-image-preview":"max-image-preview:large","max-video-preview":"max-video-preview:-1"},"canonical":"https:\/\/interamerica.org\/fr\/2018\/05\/le-vietnam-ouvre-un-centre-communautaire-de-7-etages-a-hanoi\/","og_locale":"fr_FR","og_type":"article","og_title":"Le Vietnam ouvre un centre communautaire de 7 \u00e9tages \u00e0 Hano\u00ef - \u00c9glise Adventiste Du Septieme Jour - Inter Am\u00e9rique Division","og_description":"25 Mai 2018 | Vietnam | Andrew McChesney, adventistmission.org Jannie Bekker, un Sud-africain distingu\u00e9 aux cheveux blonds ondul\u00e9s, a \u00e9t\u00e9 d\u00e9ploy\u00e9 dans la capitale du Vietnam avec 2 millions de...","og_url":"https:\/\/interamerica.org\/fr\/2018\/05\/le-vietnam-ouvre-un-centre-communautaire-de-7-etages-a-hanoi\/","og_site_name":"\u00c9glise Adventiste Du Septieme Jour - Inter Am\u00e9rique Division","article_published_time":"2018-05-27T01:24:07+00:00","article_modified_time":"2018-05-27T23:13:43+00:00","og_image":[{"width":1280,"height":800,"url":"https:\/\/interamerica.org\/wp-content\/uploads\/2018\/05\/vietnam-opens-7-story-community-center-in-hanoi1280.jpg","type":"image\/jpeg"}],"author":"libna","twitter_card":"summary_large_image","twitter_misc":{"\u00c9crit par":"libna","Dur\u00e9e de lecture estim\u00e9e":"7 minutes"},"schema":{"@context":"https:\/\/schema.org","@graph":[{"@type":"Article","@id":"https:\/\/interamerica.org\/fr\/2018\/05\/le-vietnam-ouvre-un-centre-communautaire-de-7-etages-a-hanoi\/#article","isPartOf":{"@id":"https:\/\/interamerica.org\/fr\/2018\/05\/le-vietnam-ouvre-un-centre-communautaire-de-7-etages-a-hanoi\/"},"author":{"name":"libna","@id":"https:\/\/interamerica.org\/fr\/#\/schema\/person\/29998f2bc2d8bd0d38662909289b54f1"},"headline":"Le Vietnam ouvre un centre communautaire de 7 \u00e9tages \u00e0 Hano\u00ef","datePublished":"2018-05-27T01:24:07+00:00","dateModified":"2018-05-27T23:13:43+00:00","mainEntityOfPage":{"@id":"https:\/\/interamerica.org\/fr\/2018\/05\/le-vietnam-ouvre-un-centre-communautaire-de-7-etages-a-hanoi\/"},"wordCount":1415,"commentCount":0,"image":{"@id":"https:\/\/interamerica.org\/fr\/2018\/05\/le-vietnam-ouvre-un-centre-communautaire-de-7-etages-a-hanoi\/#primaryimage"},"thumbnailUrl":"https:\/\/interamerica.org\/wp-content\/uploads\/2018\/05\/vietnam-opens-7-story-community-center-in-hanoi1280.jpg","articleSection":["Nouvelles de l'\u00c9glise mondiale","RSS Fran\u00e7ais"],"inLanguage":"fr-FR","potentialAction":[{"@type":"CommentAction","name":"Comment","target":["https:\/\/interamerica.org\/fr\/2018\/05\/le-vietnam-ouvre-un-centre-communautaire-de-7-etages-a-hanoi\/#respond"]}]},{"@type":"WebPage","@id":"https:\/\/interamerica.org\/fr\/2018\/05\/le-vietnam-ouvre-un-centre-communautaire-de-7-etages-a-hanoi\/","url":"https:\/\/interamerica.org\/fr\/2018\/05\/le-vietnam-ouvre-un-centre-communautaire-de-7-etages-a-hanoi\/","name":"Le Vietnam ouvre un centre communautaire de 7 \u00e9tages \u00e0 Hano\u00ef - \u00c9glise Adventiste Du Septieme Jour - Inter Am\u00e9rique Division","isPartOf":{"@id":"https:\/\/interamerica.org\/fr\/#website"},"primaryImageOfPage":{"@id":"https:\/\/interamerica.org\/fr\/2018\/05\/le-vietnam-ouvre-un-centre-communautaire-de-7-etages-a-hanoi\/#primaryimage"},"image":{"@id":"https:\/\/interamerica.org\/fr\/2018\/05\/le-vietnam-ouvre-un-centre-communautaire-de-7-etages-a-hanoi\/#primaryimage"},"thumbnailUrl":"https:\/\/interamerica.org\/wp-content\/uploads\/2018\/05\/vietnam-opens-7-story-community-center-in-hanoi1280.jpg","datePublished":"2018-05-27T01:24:07+00:00","dateModified":"2018-05-27T23:13:43+00:00","author":{"@id":"https:\/\/interamerica.org\/fr\/#\/schema\/person\/29998f2bc2d8bd0d38662909289b54f1"},"breadcrumb":{"@id":"https:\/\/interamerica.org\/fr\/2018\/05\/le-vietnam-ouvre-un-centre-communautaire-de-7-etages-a-hanoi\/#breadcrumb"},"inLanguage":"fr-FR","potentialAction":[{"@type":"ReadAction","target":["https:\/\/interamerica.org\/fr\/2018\/05\/le-vietnam-ouvre-un-centre-communautaire-de-7-etages-a-hanoi\/"]}]},{"@type":"ImageObject","inLanguage":"fr-FR","@id":"https:\/\/interamerica.org\/fr\/2018\/05\/le-vietnam-ouvre-un-centre-communautaire-de-7-etages-a-hanoi\/#primaryimage","url":"https:\/\/interamerica.org\/wp-content\/uploads\/2018\/05\/vietnam-opens-7-story-community-center-in-hanoi1280.jpg","contentUrl":"https:\/\/interamerica.org\/wp-content\/uploads\/2018\/05\/vietnam-opens-7-story-community-center-in-hanoi1280.jpg","width":1280,"height":800},{"@type":"BreadcrumbList","@id":"https:\/\/interamerica.org\/fr\/2018\/05\/le-vietnam-ouvre-un-centre-communautaire-de-7-etages-a-hanoi\/#breadcrumb","itemListElement":[{"@type":"ListItem","position":1,"name":"Home","item":"https:\/\/interamerica.org\/fr\/"},{"@type":"ListItem","position":2,"name":"Le Vietnam ouvre un centre communautaire de 7 \u00e9tages \u00e0 Hano\u00ef"}]},{"@type":"WebSite","@id":"https:\/\/interamerica.org\/fr\/#website","url":"https:\/\/interamerica.org\/fr\/","name":"\u00c9glise Adventiste Du Septieme Jour - Inter Am\u00e9rique Division","description":"","potentialAction":[{"@type":"SearchAction","target":{"@type":"EntryPoint","urlTemplate":"https:\/\/interamerica.org\/fr\/?s={search_term_string}"},"query-input":{"@type":"PropertyValueSpecification","valueRequired":true,"valueName":"search_term_string"}}],"inLanguage":"fr-FR"},{"@type":"Person","@id":"https:\/\/interamerica.org\/fr\/#\/schema\/person\/29998f2bc2d8bd0d38662909289b54f1","name":"libna","image":{"@type":"ImageObject","inLanguage":"fr-FR","@id":"https:\/\/secure.gravatar.com\/avatar\/7c5bd30ae4b47a9ba3c856590957fd1d96dc588bf3ac05719d247e126840331f?s=96&d=mm&r=g","url":"https:\/\/secure.gravatar.com\/avatar\/7c5bd30ae4b47a9ba3c856590957fd1d96dc588bf3ac05719d247e126840331f?s=96&d=mm&r=g","contentUrl":"https:\/\/secure.gravatar.com\/avatar\/7c5bd30ae4b47a9ba3c856590957fd1d96dc588bf3ac05719d247e126840331f?s=96&d=mm&r=g","caption":"libna"}}]}},"_links":{"self":[{"href":"https:\/\/interamerica.org\/fr\/wp-json\/wp\/v2\/posts\/41984","targetHints":{"allow":["GET"]}}],"collection":[{"href":"https:\/\/interamerica.org\/fr\/wp-json\/wp\/v2\/posts"}],"about":[{"href":"https:\/\/interamerica.org\/fr\/wp-json\/wp\/v2\/types\/post"}],"author":[{"embeddable":true,"href":"https:\/\/interamerica.org\/fr\/wp-json\/wp\/v2\/users\/3"}],"replies":[{"embeddable":true,"href":"https:\/\/interamerica.org\/fr\/wp-json\/wp\/v2\/comments?post=41984"}],"version-history":[{"count":0,"href":"https:\/\/interamerica.org\/fr\/wp-json\/wp\/v2\/posts\/41984\/revisions"}],"wp:featuredmedia":[{"embeddable":true,"href":"https:\/\/interamerica.org\/fr\/wp-json\/wp\/v2\/media\/41934"}],"wp:attachment":[{"href":"https:\/\/interamerica.org\/fr\/wp-json\/wp\/v2\/media?parent=41984"}],"wp:term":[{"taxonomy":"category","embeddable":true,"href":"https:\/\/interamerica.org\/fr\/wp-json\/wp\/v2\/categories?post=41984"},{"taxonomy":"post_tag","embeddable":true,"href":"https:\/\/interamerica.org\/fr\/wp-json\/wp\/v2\/tags?post=41984"}],"curies":[{"name":"wp","href":"https:\/\/api.w.org\/{rel}","templated":true}]}}