{"id":42059,"date":"2018-06-04T21:41:23","date_gmt":"2018-06-05T01:41:23","guid":{"rendered":"https:\/\/recursing-golick.147-182-135-0.plesk.page\/?p=42059"},"modified":"2018-06-05T22:19:29","modified_gmt":"2018-06-06T02:19:29","slug":"des-medecins-sauvent-la-vie-dun-adolescent-grace-a-une-greffe-de-foie-pediatrique","status":"publish","type":"post","link":"https:\/\/interamerica.org\/fr\/2018\/06\/des-medecins-sauvent-la-vie-dun-adolescent-grace-a-une-greffe-de-foie-pediatrique\/","title":{"rendered":"Des m\u00e9decins sauvent la vie d\u2019un adolescent gr\u00e2ce \u00e0 une greffe de foie p\u00e9diatrique"},"content":{"rendered":"<p><span class=\"byline-news\">4 juin 2018 | Floride, \u00c9tats-Unis | P\u00f4le Information de l\u2019H\u00f4pital de Floride<\/span><\/p>\n<p><span class=\"cap\">U<\/span> ne \u00e9quipe de chirurgiens de l\u2019H\u00f4pital de Floride et de l\u2019H\u00f4pital pour Enfants de Pittsburgh, en Pennsylvanie, aux \u00c9tats-Unis, a effectu\u00e9 la premi\u00e8re greffe de foie p\u00e9diatrique dans le Centre de la Floride, sauvant la vie d\u2019un adolescent de la r\u00e9gion.<\/p>\n<p>Ces \u00e9tablissements m\u00e9dicaux sont heureux d\u2019annoncer que l\u2019enfant vient de sortir de l\u2019h\u00f4pital et poursuit sa convalescence \u00e0 la maison. L\u2019identit\u00e9 de l\u2019adolescent n\u2019a pas \u00e9t\u00e9 divulgu\u00e9e afin de prot\u00e9ger sa vie priv\u00e9e.<\/p>\n<p>L\u2019H\u00f4pital pour Enfants de Floride et l\u2019H\u00f4pital pour Enfants de Pittsburgh ont entam\u00e9 un partenariat \u00e0 la fin de l\u2019ann\u00e9e 2017 afin de proposer des transplantations de foie p\u00e9diatriques vitales dans le Nord et le Centre de la Floride. Avant ce partenariat, le seul programme actif de transplantation h\u00e9patique p\u00e9diatrique en Floride n\u2019\u00e9tait disponible qu\u2019\u00e0 Miami.<\/p>\n<p>\u00ab Nous savions qu\u2019il y avait un besoin vital pour les enfants de toute la Floride d\u2019avoir acc\u00e8s \u00e0 un programme de greffe du foie pr\u00e8s de chez eux. Notre patient est arriv\u00e9 chez nous avec une insuffisance h\u00e9patique aigu\u00eb, et heureusement, nous ne sommes pas tr\u00e8s \u00e9loign\u00e9s de chez lui, \u00bb a d\u00e9clar\u00e9 Regino P. Gonzalez-Peralta, directeur de la gastro-ent\u00e9rologie p\u00e9diatrique, de l\u2019h\u00e9patologie et de la transplantation h\u00e9patique \u00e0 l\u2019H\u00f4pital pour Enfants de Floride. \u00ab Nous sommes ravis de ce que le patient se porte bien et qu\u2019il soit de retour chez lui avec sa famille. \u00bb<\/p>\n<p>L\u2019adolescent \u00e9tait le premier patient p\u00e9diatrique plac\u00e9 sur la liste d\u2019attente nationale de transplantation par l\u2019H\u00f4pital de Floride, et son op\u00e9ration chirurgicale a \u00e9t\u00e9 r\u00e9alis\u00e9e le 7 mai 2018, quelques jours apr\u00e8s avoir \u00e9t\u00e9 plac\u00e9e sur la liste.<\/p>\n<div id=\"attachment_42022\" style=\"width: 770px\" class=\"wp-caption aligncenter\"><img fetchpriority=\"high\" decoding=\"async\" aria-describedby=\"caption-attachment-42022\" class=\" wp-image-42022\" src=\"https:\/\/recursing-golick.147-182-135-0.plesk.page\/wp-content\/uploads\/2018\/06\/physicians-save-teens-life-with-pediatric-liver-transplant.jpg\" alt=\"\" width=\"760\" height=\"380\" srcset=\"https:\/\/interamerica.org\/wp-content\/uploads\/2018\/06\/physicians-save-teens-life-with-pediatric-liver-transplant.jpg 1000w, https:\/\/interamerica.org\/wp-content\/uploads\/2018\/06\/physicians-save-teens-life-with-pediatric-liver-transplant-300x150.jpg 300w, https:\/\/interamerica.org\/wp-content\/uploads\/2018\/06\/physicians-save-teens-life-with-pediatric-liver-transplant-768x384.jpg 768w\" sizes=\"(max-width: 760px) 100vw, 760px\" \/><p id=\"caption-attachment-42022\" class=\"wp-caption-text\">L\u2019\u00e9quipe de chirurgiens de l\u2019h\u00f4pital de Floride et de l\u2019H\u00f4pital pour Enfants de Pittsburgh, en Pennsylvanie, r\u00e9alise une greffe de foie sur un adolescent. Photo de l\u2019H\u00f4pital de Floride<\/p><\/div>\n<p>Quatre m\u00e9decins (deux chirurgiens, un anesth\u00e9siste et un m\u00e9decin des soins intensifs p\u00e9diatriques) ainsi qu\u2019une \u00e9quipe d\u2019infirmiers de salle d\u2019op\u00e9ration et de soins intensifs ont quitt\u00e9 Pittsburgh pour se rendre \u00e0 Orlando afin de proc\u00e9der \u00e0 l\u2019intervention chirurgicale aux c\u00f4t\u00e9s de leurs confr\u00e8res de l\u2019\u00e9quipe de l\u2019H\u00f4pital de Floride &#8211; repr\u00e9sent\u00e9e \u00e0 la fois par l\u2019H\u00f4pital pour Enfants de Floride et l\u2019Institut de Transplantation de l\u2019H\u00f4pital de Floride.<\/p>\n<p>\u00ab L\u2019H\u00f4pital pour Enfants de Pittsburgh de l\u2019UPMC b\u00e9n\u00e9ficie de 37 ans d\u2019exp\u00e9rience dans la greffe de foie p\u00e9diatrique et nous sommes fiers de notre r\u00f4le de pionnier et d\u2019innovateur dans le domaine de la transplantation p\u00e9diatrique, \u00bb a d\u00e9clar\u00e9 George V. Mazariegos, responsable de la transplantation p\u00e9diatrique \u00e0 l\u2019H\u00f4pital pour Enfants. \u00ab Nous sommes honor\u00e9s de pouvoir partager notre exp\u00e9rience et notre expertise avec nos coll\u00e8gues de Floride pour faire en sorte que la transplantation qui sauve des vies soit une option plus viable pour les r\u00e9sidents du Centre de la Floride. \u00bb<\/p>\n<p>Selon le United Network for Organ Sharing (R\u00e9seau Uni de Don d\u2019organes), les m\u00e9decins du Centre Hillman de Transplantation P\u00e9diatrique \u00e0 l\u2019H\u00f4pital pour Enfants de Pittsburgh \u00e0 l\u2019UPMC ont effectu\u00e9 plus de 1800 greffes de foie p\u00e9diatriques, plus qu\u2019aucun autre centre aux \u00c9tats-Unis, et avec un taux de survie du patient constamment plus \u00e9lev\u00e9 que les moyennes nationales.<\/p>\n<p>L\u2019Institut de Transplantation de l\u2019H\u00f4pital de Floride est l\u2019un des centres de transplantation les plus actifs de l\u2019\u00e9tat, proposant des greffes de rein, de foie, de rein et de pancr\u00e9as, de poumon et de c\u0153ur. Le programme de greffe du foie pour adultes est l\u2019un de ceux qui obtiennent les meilleurs r\u00e9sultats aux \u00c9tats-Unis.<\/p>\n<p>\u00ab Nous sommes honor\u00e9s de r\u00e9aliser ce partenariat avec nos chers coll\u00e8gues de l\u2019H\u00f4pital pour Enfants de Pittsburgh \u00e0 l\u2019UPMC et nous esp\u00e9rons recr\u00e9er leur programme de transplantation h\u00e9patique de classe mondiale dans le Centre de la Floride, \u00bb a d\u00e9clar\u00e9 Thomas Chin, directeur du programme de transplantation h\u00e9patique \u00e0 l\u2019Institut de Transplantation de l\u2019H\u00f4pital de Floride. \u00ab Il n\u2019y a pas de machines ou de proc\u00e9dures qui puissent reproduire les fonctions du foie, et donc quand l\u2019organe ne fonctionne plus, la transplantation est la seule option. Nous avons le privil\u00e8ge de proposer ce service aux familles de Floride et du Sud-Est [des \u00c9tats-Unis]. \u00bb<\/p>\n<p>L\u2019H\u00f4pital de Floride, un r\u00e9seau Adventiste du Septi\u00e8me Jour d\u2019\u00e9tablissements m\u00e9dicaux dans l\u2019\u00e9tat de Floride aux Etats Unis, est l\u2019un des plus grands fournisseurs de soins de sant\u00e9 \u00e0 but non lucratif dans le pays, il comprend 22 campus desservant les communaut\u00e9s dans tout l\u2019\u00e9tat. Sa d\u00e9claration de mission est d\u2019\u00eatre le prolongement du minist\u00e8re de gu\u00e9rison du Christ.<\/p>\n<p>Traduction: Patrick Luciathe<\/p>\n","protected":false},"excerpt":{"rendered":"<p>4 juin 2018 | Floride, \u00c9tats-Unis | P\u00f4le Information de l\u2019H\u00f4pital de Floride U ne \u00e9quipe de chirurgiens de l\u2019H\u00f4pital de Floride et de l\u2019H\u00f4pital pour Enfants de Pittsburgh, en&#8230;<\/p>\n","protected":false},"author":3,"featured_media":42026,"comment_status":"open","ping_status":"closed","sticky":false,"template":"","format":"standard","meta":{"_acf_changed":false,"footnotes":""},"categories":[18,19],"tags":[],"class_list":["post-42059","post","type-post","status-publish","format-standard","has-post-thumbnail","hentry","category-nouvelles-de-leglise-mondiale","category-rss-francais"],"acf":[],"yoast_head":"<!-- This site is optimized with the Yoast SEO plugin v27.3 - https:\/\/yoast.com\/product\/yoast-seo-wordpress\/ -->\n<title>Des m\u00e9decins sauvent la vie d\u2019un adolescent gr\u00e2ce \u00e0 une greffe de foie p\u00e9diatrique - \u00c9glise Adventiste Du Septieme Jour - Inter Am\u00e9rique Division<\/title>\n<meta name=\"robots\" content=\"index, follow, max-snippet:-1, max-image-preview:large, max-video-preview:-1\" \/>\n<link rel=\"canonical\" href=\"https:\/\/interamerica.org\/fr\/2018\/06\/des-medecins-sauvent-la-vie-dun-adolescent-grace-a-une-greffe-de-foie-pediatrique\/\" \/>\n<meta property=\"og:locale\" content=\"fr_FR\" \/>\n<meta property=\"og:type\" content=\"article\" \/>\n<meta property=\"og:title\" content=\"Des m\u00e9decins sauvent la vie d\u2019un adolescent gr\u00e2ce \u00e0 une greffe de foie p\u00e9diatrique - \u00c9glise Adventiste Du Septieme Jour - Inter Am\u00e9rique Division\" \/>\n<meta property=\"og:description\" content=\"4 juin 2018 | Floride, \u00c9tats-Unis | P\u00f4le Information de l\u2019H\u00f4pital de Floride U ne \u00e9quipe de chirurgiens de l\u2019H\u00f4pital de Floride et de l\u2019H\u00f4pital pour Enfants de Pittsburgh, en...\" \/>\n<meta property=\"og:url\" content=\"https:\/\/interamerica.org\/fr\/2018\/06\/des-medecins-sauvent-la-vie-dun-adolescent-grace-a-une-greffe-de-foie-pediatrique\/\" \/>\n<meta property=\"og:site_name\" content=\"\u00c9glise Adventiste Du Septieme Jour - Inter Am\u00e9rique Division\" \/>\n<meta property=\"article:published_time\" content=\"2018-06-05T01:41:23+00:00\" \/>\n<meta property=\"article:modified_time\" content=\"2018-06-06T02:19:29+00:00\" \/>\n<meta property=\"og:image\" content=\"https:\/\/interamerica.org\/wp-content\/uploads\/2018\/06\/natanael-melchor-465383-unsplash1280.jpg\" \/>\n\t<meta property=\"og:image:width\" content=\"1280\" \/>\n\t<meta property=\"og:image:height\" content=\"800\" \/>\n\t<meta property=\"og:image:type\" content=\"image\/jpeg\" \/>\n<meta name=\"author\" content=\"libna\" \/>\n<meta name=\"twitter:card\" content=\"summary_large_image\" \/>\n<meta name=\"twitter:label1\" content=\"\u00c9crit par\" \/>\n\t<meta name=\"twitter:data1\" content=\"libna\" \/>\n\t<meta name=\"twitter:label2\" content=\"Dur\u00e9e de lecture estim\u00e9e\" \/>\n\t<meta name=\"twitter:data2\" content=\"4 minutes\" \/>\n<script type=\"application\/ld+json\" class=\"yoast-schema-graph\">{\"@context\":\"https:\\\/\\\/schema.org\",\"@graph\":[{\"@type\":\"Article\",\"@id\":\"https:\\\/\\\/interamerica.org\\\/fr\\\/2018\\\/06\\\/des-medecins-sauvent-la-vie-dun-adolescent-grace-a-une-greffe-de-foie-pediatrique\\\/#article\",\"isPartOf\":{\"@id\":\"https:\\\/\\\/interamerica.org\\\/fr\\\/2018\\\/06\\\/des-medecins-sauvent-la-vie-dun-adolescent-grace-a-une-greffe-de-foie-pediatrique\\\/\"},\"author\":{\"name\":\"libna\",\"@id\":\"https:\\\/\\\/interamerica.org\\\/fr\\\/#\\\/schema\\\/person\\\/29998f2bc2d8bd0d38662909289b54f1\"},\"headline\":\"Des m\u00e9decins sauvent la vie d\u2019un adolescent gr\u00e2ce \u00e0 une greffe de foie p\u00e9diatrique\",\"datePublished\":\"2018-06-05T01:41:23+00:00\",\"dateModified\":\"2018-06-06T02:19:29+00:00\",\"mainEntityOfPage\":{\"@id\":\"https:\\\/\\\/interamerica.org\\\/fr\\\/2018\\\/06\\\/des-medecins-sauvent-la-vie-dun-adolescent-grace-a-une-greffe-de-foie-pediatrique\\\/\"},\"wordCount\":897,\"commentCount\":0,\"image\":{\"@id\":\"https:\\\/\\\/interamerica.org\\\/fr\\\/2018\\\/06\\\/des-medecins-sauvent-la-vie-dun-adolescent-grace-a-une-greffe-de-foie-pediatrique\\\/#primaryimage\"},\"thumbnailUrl\":\"https:\\\/\\\/interamerica.org\\\/wp-content\\\/uploads\\\/2018\\\/06\\\/natanael-melchor-465383-unsplash1280.jpg\",\"articleSection\":[\"Nouvelles de l'\u00c9glise mondiale\",\"RSS Fran\u00e7ais\"],\"inLanguage\":\"fr-FR\",\"potentialAction\":[{\"@type\":\"CommentAction\",\"name\":\"Comment\",\"target\":[\"https:\\\/\\\/interamerica.org\\\/fr\\\/2018\\\/06\\\/des-medecins-sauvent-la-vie-dun-adolescent-grace-a-une-greffe-de-foie-pediatrique\\\/#respond\"]}]},{\"@type\":\"WebPage\",\"@id\":\"https:\\\/\\\/interamerica.org\\\/fr\\\/2018\\\/06\\\/des-medecins-sauvent-la-vie-dun-adolescent-grace-a-une-greffe-de-foie-pediatrique\\\/\",\"url\":\"https:\\\/\\\/interamerica.org\\\/fr\\\/2018\\\/06\\\/des-medecins-sauvent-la-vie-dun-adolescent-grace-a-une-greffe-de-foie-pediatrique\\\/\",\"name\":\"Des m\u00e9decins sauvent la vie d\u2019un adolescent gr\u00e2ce \u00e0 une greffe de foie p\u00e9diatrique - \u00c9glise Adventiste Du Septieme Jour - Inter Am\u00e9rique Division\",\"isPartOf\":{\"@id\":\"https:\\\/\\\/interamerica.org\\\/fr\\\/#website\"},\"primaryImageOfPage\":{\"@id\":\"https:\\\/\\\/interamerica.org\\\/fr\\\/2018\\\/06\\\/des-medecins-sauvent-la-vie-dun-adolescent-grace-a-une-greffe-de-foie-pediatrique\\\/#primaryimage\"},\"image\":{\"@id\":\"https:\\\/\\\/interamerica.org\\\/fr\\\/2018\\\/06\\\/des-medecins-sauvent-la-vie-dun-adolescent-grace-a-une-greffe-de-foie-pediatrique\\\/#primaryimage\"},\"thumbnailUrl\":\"https:\\\/\\\/interamerica.org\\\/wp-content\\\/uploads\\\/2018\\\/06\\\/natanael-melchor-465383-unsplash1280.jpg\",\"datePublished\":\"2018-06-05T01:41:23+00:00\",\"dateModified\":\"2018-06-06T02:19:29+00:00\",\"author\":{\"@id\":\"https:\\\/\\\/interamerica.org\\\/fr\\\/#\\\/schema\\\/person\\\/29998f2bc2d8bd0d38662909289b54f1\"},\"breadcrumb\":{\"@id\":\"https:\\\/\\\/interamerica.org\\\/fr\\\/2018\\\/06\\\/des-medecins-sauvent-la-vie-dun-adolescent-grace-a-une-greffe-de-foie-pediatrique\\\/#breadcrumb\"},\"inLanguage\":\"fr-FR\",\"potentialAction\":[{\"@type\":\"ReadAction\",\"target\":[\"https:\\\/\\\/interamerica.org\\\/fr\\\/2018\\\/06\\\/des-medecins-sauvent-la-vie-dun-adolescent-grace-a-une-greffe-de-foie-pediatrique\\\/\"]}]},{\"@type\":\"ImageObject\",\"inLanguage\":\"fr-FR\",\"@id\":\"https:\\\/\\\/interamerica.org\\\/fr\\\/2018\\\/06\\\/des-medecins-sauvent-la-vie-dun-adolescent-grace-a-une-greffe-de-foie-pediatrique\\\/#primaryimage\",\"url\":\"https:\\\/\\\/interamerica.org\\\/wp-content\\\/uploads\\\/2018\\\/06\\\/natanael-melchor-465383-unsplash1280.jpg\",\"contentUrl\":\"https:\\\/\\\/interamerica.org\\\/wp-content\\\/uploads\\\/2018\\\/06\\\/natanael-melchor-465383-unsplash1280.jpg\",\"width\":1280,\"height\":800},{\"@type\":\"BreadcrumbList\",\"@id\":\"https:\\\/\\\/interamerica.org\\\/fr\\\/2018\\\/06\\\/des-medecins-sauvent-la-vie-dun-adolescent-grace-a-une-greffe-de-foie-pediatrique\\\/#breadcrumb\",\"itemListElement\":[{\"@type\":\"ListItem\",\"position\":1,\"name\":\"Home\",\"item\":\"https:\\\/\\\/interamerica.org\\\/fr\\\/\"},{\"@type\":\"ListItem\",\"position\":2,\"name\":\"Des m\u00e9decins sauvent la vie d\u2019un adolescent gr\u00e2ce \u00e0 une greffe de foie p\u00e9diatrique\"}]},{\"@type\":\"WebSite\",\"@id\":\"https:\\\/\\\/interamerica.org\\\/fr\\\/#website\",\"url\":\"https:\\\/\\\/interamerica.org\\\/fr\\\/\",\"name\":\"\u00c9glise Adventiste Du Septieme Jour - Inter Am\u00e9rique Division\",\"description\":\"\",\"potentialAction\":[{\"@type\":\"SearchAction\",\"target\":{\"@type\":\"EntryPoint\",\"urlTemplate\":\"https:\\\/\\\/interamerica.org\\\/fr\\\/?s={search_term_string}\"},\"query-input\":{\"@type\":\"PropertyValueSpecification\",\"valueRequired\":true,\"valueName\":\"search_term_string\"}}],\"inLanguage\":\"fr-FR\"},{\"@type\":\"Person\",\"@id\":\"https:\\\/\\\/interamerica.org\\\/fr\\\/#\\\/schema\\\/person\\\/29998f2bc2d8bd0d38662909289b54f1\",\"name\":\"libna\",\"image\":{\"@type\":\"ImageObject\",\"inLanguage\":\"fr-FR\",\"@id\":\"https:\\\/\\\/secure.gravatar.com\\\/avatar\\\/7c5bd30ae4b47a9ba3c856590957fd1d96dc588bf3ac05719d247e126840331f?s=96&d=mm&r=g\",\"url\":\"https:\\\/\\\/secure.gravatar.com\\\/avatar\\\/7c5bd30ae4b47a9ba3c856590957fd1d96dc588bf3ac05719d247e126840331f?s=96&d=mm&r=g\",\"contentUrl\":\"https:\\\/\\\/secure.gravatar.com\\\/avatar\\\/7c5bd30ae4b47a9ba3c856590957fd1d96dc588bf3ac05719d247e126840331f?s=96&d=mm&r=g\",\"caption\":\"libna\"}}]}<\/script>\n<!-- \/ Yoast SEO plugin. -->","yoast_head_json":{"title":"Des m\u00e9decins sauvent la vie d\u2019un adolescent gr\u00e2ce \u00e0 une greffe de foie p\u00e9diatrique - \u00c9glise Adventiste Du Septieme Jour - Inter Am\u00e9rique Division","robots":{"index":"index","follow":"follow","max-snippet":"max-snippet:-1","max-image-preview":"max-image-preview:large","max-video-preview":"max-video-preview:-1"},"canonical":"https:\/\/interamerica.org\/fr\/2018\/06\/des-medecins-sauvent-la-vie-dun-adolescent-grace-a-une-greffe-de-foie-pediatrique\/","og_locale":"fr_FR","og_type":"article","og_title":"Des m\u00e9decins sauvent la vie d\u2019un adolescent gr\u00e2ce \u00e0 une greffe de foie p\u00e9diatrique - \u00c9glise Adventiste Du Septieme Jour - Inter Am\u00e9rique Division","og_description":"4 juin 2018 | Floride, \u00c9tats-Unis | P\u00f4le Information de l\u2019H\u00f4pital de Floride U ne \u00e9quipe de chirurgiens de l\u2019H\u00f4pital de Floride et de l\u2019H\u00f4pital pour Enfants de Pittsburgh, en...","og_url":"https:\/\/interamerica.org\/fr\/2018\/06\/des-medecins-sauvent-la-vie-dun-adolescent-grace-a-une-greffe-de-foie-pediatrique\/","og_site_name":"\u00c9glise Adventiste Du Septieme Jour - Inter Am\u00e9rique Division","article_published_time":"2018-06-05T01:41:23+00:00","article_modified_time":"2018-06-06T02:19:29+00:00","og_image":[{"width":1280,"height":800,"url":"https:\/\/interamerica.org\/wp-content\/uploads\/2018\/06\/natanael-melchor-465383-unsplash1280.jpg","type":"image\/jpeg"}],"author":"libna","twitter_card":"summary_large_image","twitter_misc":{"\u00c9crit par":"libna","Dur\u00e9e de lecture estim\u00e9e":"4 minutes"},"schema":{"@context":"https:\/\/schema.org","@graph":[{"@type":"Article","@id":"https:\/\/interamerica.org\/fr\/2018\/06\/des-medecins-sauvent-la-vie-dun-adolescent-grace-a-une-greffe-de-foie-pediatrique\/#article","isPartOf":{"@id":"https:\/\/interamerica.org\/fr\/2018\/06\/des-medecins-sauvent-la-vie-dun-adolescent-grace-a-une-greffe-de-foie-pediatrique\/"},"author":{"name":"libna","@id":"https:\/\/interamerica.org\/fr\/#\/schema\/person\/29998f2bc2d8bd0d38662909289b54f1"},"headline":"Des m\u00e9decins sauvent la vie d\u2019un adolescent gr\u00e2ce \u00e0 une greffe de foie p\u00e9diatrique","datePublished":"2018-06-05T01:41:23+00:00","dateModified":"2018-06-06T02:19:29+00:00","mainEntityOfPage":{"@id":"https:\/\/interamerica.org\/fr\/2018\/06\/des-medecins-sauvent-la-vie-dun-adolescent-grace-a-une-greffe-de-foie-pediatrique\/"},"wordCount":897,"commentCount":0,"image":{"@id":"https:\/\/interamerica.org\/fr\/2018\/06\/des-medecins-sauvent-la-vie-dun-adolescent-grace-a-une-greffe-de-foie-pediatrique\/#primaryimage"},"thumbnailUrl":"https:\/\/interamerica.org\/wp-content\/uploads\/2018\/06\/natanael-melchor-465383-unsplash1280.jpg","articleSection":["Nouvelles de l'\u00c9glise mondiale","RSS Fran\u00e7ais"],"inLanguage":"fr-FR","potentialAction":[{"@type":"CommentAction","name":"Comment","target":["https:\/\/interamerica.org\/fr\/2018\/06\/des-medecins-sauvent-la-vie-dun-adolescent-grace-a-une-greffe-de-foie-pediatrique\/#respond"]}]},{"@type":"WebPage","@id":"https:\/\/interamerica.org\/fr\/2018\/06\/des-medecins-sauvent-la-vie-dun-adolescent-grace-a-une-greffe-de-foie-pediatrique\/","url":"https:\/\/interamerica.org\/fr\/2018\/06\/des-medecins-sauvent-la-vie-dun-adolescent-grace-a-une-greffe-de-foie-pediatrique\/","name":"Des m\u00e9decins sauvent la vie d\u2019un adolescent gr\u00e2ce \u00e0 une greffe de foie p\u00e9diatrique - \u00c9glise Adventiste Du Septieme Jour - Inter Am\u00e9rique Division","isPartOf":{"@id":"https:\/\/interamerica.org\/fr\/#website"},"primaryImageOfPage":{"@id":"https:\/\/interamerica.org\/fr\/2018\/06\/des-medecins-sauvent-la-vie-dun-adolescent-grace-a-une-greffe-de-foie-pediatrique\/#primaryimage"},"image":{"@id":"https:\/\/interamerica.org\/fr\/2018\/06\/des-medecins-sauvent-la-vie-dun-adolescent-grace-a-une-greffe-de-foie-pediatrique\/#primaryimage"},"thumbnailUrl":"https:\/\/interamerica.org\/wp-content\/uploads\/2018\/06\/natanael-melchor-465383-unsplash1280.jpg","datePublished":"2018-06-05T01:41:23+00:00","dateModified":"2018-06-06T02:19:29+00:00","author":{"@id":"https:\/\/interamerica.org\/fr\/#\/schema\/person\/29998f2bc2d8bd0d38662909289b54f1"},"breadcrumb":{"@id":"https:\/\/interamerica.org\/fr\/2018\/06\/des-medecins-sauvent-la-vie-dun-adolescent-grace-a-une-greffe-de-foie-pediatrique\/#breadcrumb"},"inLanguage":"fr-FR","potentialAction":[{"@type":"ReadAction","target":["https:\/\/interamerica.org\/fr\/2018\/06\/des-medecins-sauvent-la-vie-dun-adolescent-grace-a-une-greffe-de-foie-pediatrique\/"]}]},{"@type":"ImageObject","inLanguage":"fr-FR","@id":"https:\/\/interamerica.org\/fr\/2018\/06\/des-medecins-sauvent-la-vie-dun-adolescent-grace-a-une-greffe-de-foie-pediatrique\/#primaryimage","url":"https:\/\/interamerica.org\/wp-content\/uploads\/2018\/06\/natanael-melchor-465383-unsplash1280.jpg","contentUrl":"https:\/\/interamerica.org\/wp-content\/uploads\/2018\/06\/natanael-melchor-465383-unsplash1280.jpg","width":1280,"height":800},{"@type":"BreadcrumbList","@id":"https:\/\/interamerica.org\/fr\/2018\/06\/des-medecins-sauvent-la-vie-dun-adolescent-grace-a-une-greffe-de-foie-pediatrique\/#breadcrumb","itemListElement":[{"@type":"ListItem","position":1,"name":"Home","item":"https:\/\/interamerica.org\/fr\/"},{"@type":"ListItem","position":2,"name":"Des m\u00e9decins sauvent la vie d\u2019un adolescent gr\u00e2ce \u00e0 une greffe de foie p\u00e9diatrique"}]},{"@type":"WebSite","@id":"https:\/\/interamerica.org\/fr\/#website","url":"https:\/\/interamerica.org\/fr\/","name":"\u00c9glise Adventiste Du Septieme Jour - Inter Am\u00e9rique Division","description":"","potentialAction":[{"@type":"SearchAction","target":{"@type":"EntryPoint","urlTemplate":"https:\/\/interamerica.org\/fr\/?s={search_term_string}"},"query-input":{"@type":"PropertyValueSpecification","valueRequired":true,"valueName":"search_term_string"}}],"inLanguage":"fr-FR"},{"@type":"Person","@id":"https:\/\/interamerica.org\/fr\/#\/schema\/person\/29998f2bc2d8bd0d38662909289b54f1","name":"libna","image":{"@type":"ImageObject","inLanguage":"fr-FR","@id":"https:\/\/secure.gravatar.com\/avatar\/7c5bd30ae4b47a9ba3c856590957fd1d96dc588bf3ac05719d247e126840331f?s=96&d=mm&r=g","url":"https:\/\/secure.gravatar.com\/avatar\/7c5bd30ae4b47a9ba3c856590957fd1d96dc588bf3ac05719d247e126840331f?s=96&d=mm&r=g","contentUrl":"https:\/\/secure.gravatar.com\/avatar\/7c5bd30ae4b47a9ba3c856590957fd1d96dc588bf3ac05719d247e126840331f?s=96&d=mm&r=g","caption":"libna"}}]}},"_links":{"self":[{"href":"https:\/\/interamerica.org\/fr\/wp-json\/wp\/v2\/posts\/42059","targetHints":{"allow":["GET"]}}],"collection":[{"href":"https:\/\/interamerica.org\/fr\/wp-json\/wp\/v2\/posts"}],"about":[{"href":"https:\/\/interamerica.org\/fr\/wp-json\/wp\/v2\/types\/post"}],"author":[{"embeddable":true,"href":"https:\/\/interamerica.org\/fr\/wp-json\/wp\/v2\/users\/3"}],"replies":[{"embeddable":true,"href":"https:\/\/interamerica.org\/fr\/wp-json\/wp\/v2\/comments?post=42059"}],"version-history":[{"count":0,"href":"https:\/\/interamerica.org\/fr\/wp-json\/wp\/v2\/posts\/42059\/revisions"}],"wp:featuredmedia":[{"embeddable":true,"href":"https:\/\/interamerica.org\/fr\/wp-json\/wp\/v2\/media\/42026"}],"wp:attachment":[{"href":"https:\/\/interamerica.org\/fr\/wp-json\/wp\/v2\/media?parent=42059"}],"wp:term":[{"taxonomy":"category","embeddable":true,"href":"https:\/\/interamerica.org\/fr\/wp-json\/wp\/v2\/categories?post=42059"},{"taxonomy":"post_tag","embeddable":true,"href":"https:\/\/interamerica.org\/fr\/wp-json\/wp\/v2\/tags?post=42059"}],"curies":[{"name":"wp","href":"https:\/\/api.w.org\/{rel}","templated":true}]}}