{"id":42060,"date":"2018-06-05T11:00:16","date_gmt":"2018-06-05T15:00:16","guid":{"rendered":"https:\/\/recursing-golick.147-182-135-0.plesk.page\/?p=42060"},"modified":"2018-06-05T22:22:38","modified_gmt":"2018-06-06T02:22:38","slug":"les-defenseurs-de-la-liberte-religieuse-appeles-a-aller-au-dela-des-zones-de-confort","status":"publish","type":"post","link":"https:\/\/interamerica.org\/fr\/2018\/06\/les-defenseurs-de-la-liberte-religieuse-appeles-a-aller-au-dela-des-zones-de-confort\/","title":{"rendered":"Les d\u00e9fenseurs de la libert\u00e9 religieuse appel\u00e9s \u00e0 aller au-del\u00e0 des zones de confort"},"content":{"rendered":"<p><span class=\"byline-news\">2 juin 2018 | Washington D.C., \u00c9tats-Unis | Marcos Paseggi,\u00a0<em>Adventist Review<\/em><\/span><\/p>\n<p><span class=\"cap\">L<\/span>es intervenants au r\u00e9cent 16\u00e8me D\u00eener Annuel de la Libert\u00e9 Religieuse qui a eu lieu \u00e0 Washington D.C. ont lanc\u00e9 un appel clair \u00e0 \u00e9tablir des passerelles de compr\u00e9hension et \u00e0 renforcer les r\u00e9seaux afin de lutter contre l\u2019intol\u00e9rance religieuse et de promouvoir la libert\u00e9 de conscience et de croyance. Le programme du 22 mai 2018, parrain\u00e9 par l\u2019Association Internationale pour la Libert\u00e9 Religieuse (IRLA) et d\u2019autres organisations, a r\u00e9uni des dizaines de responsables de libert\u00e9 religieuse, d\u2019administrateurs et de d\u00e9fenseurs de la libert\u00e9 religieuse au si\u00e8ge de l\u2019Organisation des \u00c9tats Am\u00e9ricains afin d\u2019\u00e9tablir des r\u00e9seaux, d\u2019examiner les d\u00e9fis \u00e0 la libert\u00e9 de croyance, et de remettre des prix.<\/p>\n<p>\u00ab Nous prenons souvent pour acquis la libert\u00e9 dont nous jouissons dans ce pays, \u00bb a d\u00e9clar\u00e9 Orlan Johnson, le pr\u00e9sident du conseil d\u2019administration de l\u2019Association Nord-Am\u00e9ricaine pour la Libert\u00e9 Religieuse (NARLA), alors qu\u2019il accueillait les participants. \u00ab C\u2019est l\u2019une des raisons pour lesquelles nous avons besoin de programmes comme celui-ci, pour nous rappeler les libert\u00e9s dont nous jouissons. \u00bb<\/p>\n<p><strong>TLes Droits des Minorit\u00e9s et la Libert\u00e9 Religieuse<\/strong><\/p>\n<p>L\u2019intervenant principal de l\u2019\u00e9dition 2018 du programme dont le th\u00e8me \u00e9tait \u00ab D\u00e9fendre la Libert\u00e9 de Conscience pour Tous, \u00bb \u00e9tait un d\u00e9fenseur turc de la cause, l\u2019\u00e9rudit et \u00e9crivain, Aykan Erdemir. Ce dernier, dipl\u00f4m\u00e9 de Harvard et ancien membre du Parlement turc (2011-2015), est un d\u00e9fenseur connu du pluralisme, des droits des minorit\u00e9s et de la libert\u00e9 religieuse au Moyen-Orient. En tant que tel, il a \u00e9t\u00e9 en premi\u00e8re ligne de la lutte contre la pers\u00e9cution religieuse, les crimes haineux et les discours de haine en Turquie et ailleurs.<\/p>\n<div id=\"attachment_42032\" style=\"width: 770px\" class=\"wp-caption aligncenter\"><img fetchpriority=\"high\" decoding=\"async\" aria-describedby=\"caption-attachment-42032\" class=\" wp-image-42032\" src=\"https:\/\/recursing-golick.147-182-135-0.plesk.page\/wp-content\/uploads\/2018\/06\/rl-dinner-may30.jpg\" alt=\"\" width=\"760\" height=\"506\" srcset=\"https:\/\/interamerica.org\/wp-content\/uploads\/2018\/06\/rl-dinner-may30.jpg 1000w, https:\/\/interamerica.org\/wp-content\/uploads\/2018\/06\/rl-dinner-may30-300x200.jpg 300w, https:\/\/interamerica.org\/wp-content\/uploads\/2018\/06\/rl-dinner-may30-768x511.jpg 768w\" sizes=\"(max-width: 760px) 100vw, 760px\" \/><p id=\"caption-attachment-42032\" class=\"wp-caption-text\">Le D\u00eener Annuel de la Libert\u00e9 Religieuse, parrain\u00e9 par l\u2019Eglise Adventiste, avec pour th\u00e8me \u00ab D\u00e9fendre la Libert\u00e9 de Conscience pour Tous, \u00bb a eu lieu au si\u00e8ge de l\u2019Organisation des Etats Am\u00e9ricains \u00e0 Washington D.C. le 22 mai 2018. Photo de Mylon Medley, Division Nord-Am\u00e9ricaine<\/p><\/div>\n<p>Dans son allocution d\u2019ouverture, Aykan Erdemir a soulign\u00e9 le r\u00f4le vital des constructeurs de ponts pour la libert\u00e9 religieuse. \u00ab Il est essentiel que nous puissions sortir de nos communaut\u00e9s, que nous allions au-del\u00e0 de nos zones de confort, vers les autres, \u00bb a-t-il dit. \u00ab Nous avons besoin d\u2019institutions qui n\u2019ont pas peur d\u2019aller vers les autres. \u00bb<\/p>\n<p>Dans le m\u00eame temps, Aykan Erdemir a mis l\u2019accent sur le fait que se tourner vers les autres ne signifie pas n\u00e9cessairement abandonner nos croyances. \u00ab Aller vers l\u2019autre ne signifie pas compromettre nos convictions et nos croyances, \u00bb a-t-il dit. \u00ab En fait, nous ne devrions pas abandonner nos valeurs fondamentales parce que reconna\u00eetre nos grandes diff\u00e9rences est essentiel dans cette d\u00e9marche qui nous am\u00e8ne \u00e0 nous parler et \u00e0 consid\u00e9rer la valeur les uns des autres. \u00bb<\/p>\n<p><strong>Laur\u00e9ats Nationaux et Internationaux<\/strong><\/p>\n<p>Le d\u00eener annuel a \u00e9galement \u00e9t\u00e9 l\u2019occasion d\u2019honorer les efforts d\u2019\u00e9minents d\u00e9fenseurs de la libert\u00e9 de croyance et des droits religieux des minorit\u00e9s aux \u00c9tats-Unis et \u00e0 travers le monde.<\/p>\n<p>Le Prix National 2018 a \u00e9t\u00e9 d\u00e9cern\u00e9 \u00e0 l\u2019avocate g\u00e9n\u00e9ral et directrice ex\u00e9cutive adjointe du Comit\u00e9 Conjoint Baptiste pour la Libert\u00e9 Religieuse, Holly Hollman. Cette derni\u00e8re, bas\u00e9e \u00e0 Washington D.C., fournit une analyse juridique des questions relatives aux relations entre l\u2019\u00e9glise et l\u2019\u00e9tat qui se retrouvent devant le Congr\u00e8s, les tribunaux et les organismes administratifs. Elle consulte r\u00e9guli\u00e8rement les \u00e9glises, les individus et les organisations sur les questions de libert\u00e9 religieuse.<\/p>\n<div id=\"attachment_42035\" style=\"width: 771px\" class=\"wp-caption aligncenter\"><img decoding=\"async\" aria-describedby=\"caption-attachment-42035\" class=\" wp-image-42035\" src=\"https:\/\/recursing-golick.147-182-135-0.plesk.page\/wp-content\/uploads\/2018\/06\/rl-dinner-turkish-advocate.jpg\" alt=\"\" width=\"761\" height=\"507\" srcset=\"https:\/\/interamerica.org\/wp-content\/uploads\/2018\/06\/rl-dinner-turkish-advocate.jpg 1000w, https:\/\/interamerica.org\/wp-content\/uploads\/2018\/06\/rl-dinner-turkish-advocate-300x200.jpg 300w, https:\/\/interamerica.org\/wp-content\/uploads\/2018\/06\/rl-dinner-turkish-advocate-768x511.jpg 768w\" sizes=\"(max-width: 761px) 100vw, 761px\" \/><p id=\"caption-attachment-42035\" class=\"wp-caption-text\">Aykan Erdemir, \u00e9rudit, auteur et d\u00e9fenseur de la libert\u00e9 religieuse turc, (au centre), l\u2019intervenant principal de l\u2019\u00e9dition 2018 du programme. A ses c\u00f4t\u00e9s, le laur\u00e9at international de la libert\u00e9 religieuse pour 2018, Abid Q. Raja (\u00e0 gauche), et la laur\u00e9ate nationale, Holly Hollman. Photo de Mylon Medley, P\u00f4le Information de la Division Nord-Am\u00e9ricaine<\/p><\/div>\n<p>\u00ab Holly [Hollman] est un b\u00e2tisseur de consensus, un b\u00e2tisseur de ponts, \u00bb a d\u00e9clar\u00e9 Melissa Rogers, ancienne directrice des partenariats confessionnels et de quartier \u00e0 la Maison-Blanche, en pr\u00e9sentant la laur\u00e9ate. \u00ab Et elle est une chr\u00e9tienne engag\u00e9e qui croit que la libert\u00e9 religieuse vient de Dieu. \u00bb<\/p>\n<p>En acceptant le prix, Holly Hollman a soulign\u00e9 ces points et d\u2019autres. \u00ab Honorer la libert\u00e9 de conscience c\u2019est honorer la cr\u00e9ation de Dieu, \u00bb a-t-elle d\u00e9clar\u00e9. \u00ab Travailler pour la libert\u00e9 religieuse nous relie \u00e0 un large \u00e9ventail d\u2019exp\u00e9riences [et nous rappelle que] nous d\u00e9pendons les uns des autres et de la capacit\u00e9 \u00e0 se rassembler pour trouver un terrain d\u2019entente. \u00bb<\/p>\n<p>Le Prix International 2018 a \u00e9t\u00e9 remis au vice-pr\u00e9sident du Parlement norv\u00e9gien, Abid Q. Raja. Avocat de profession, Abid Raja a \u00e9t\u00e9 le premier norv\u00e9gien issu d\u2019une minorit\u00e9 \u00e0 recevoir la bourse d\u2019\u00e9tudes du Roi pour l\u2019Universit\u00e9 d\u2019Oxford et est l\u2019auteur de deux livres sur les th\u00e8mes de l\u2019int\u00e9gration et de la tol\u00e9rance religieuse.<\/p>\n<p>Pour Abid Raja, un musulman, l\u2019intol\u00e9rance religieuse a plus qu\u2019une signification th\u00e9orique. Ayant grandi en Norv\u00e8ge en tant qu\u2019enfant de parents immigr\u00e9s du Pakistan, il a v\u00e9cu personnellement l\u2019impact des st\u00e9r\u00e9otypes raciaux et de la discrimination religieuse.<\/p>\n<p>\u00ab La diversit\u00e9 n\u2019est pas quelque chose que je consid\u00e8re comme acquis, \u00bb a-t-il d\u00e9clar\u00e9 en acceptant le prix.<\/p>\n<p><strong>La Contribution Adventiste<\/strong><\/p>\n<p>Plusieurs d\u00e9fenseurs de la libert\u00e9 religieuse Adventistes ont soulign\u00e9 la contribution Adventiste \u00e0 la discussion, gr\u00e2ce \u00e0 l\u2019engagement de longue date de la d\u00e9nomination pour la libert\u00e9 religieuse.<\/p>\n<div id=\"attachment_42041\" style=\"width: 770px\" class=\"wp-caption aligncenter\"><img decoding=\"async\" aria-describedby=\"caption-attachment-42041\" class=\" wp-image-42041\" src=\"https:\/\/recursing-golick.147-182-135-0.plesk.page\/wp-content\/uploads\/2018\/06\/rl-dinner-advocates-may2018-1.jpg\" alt=\"\" width=\"760\" height=\"506\" srcset=\"https:\/\/interamerica.org\/wp-content\/uploads\/2018\/06\/rl-dinner-advocates-may2018-1.jpg 1000w, https:\/\/interamerica.org\/wp-content\/uploads\/2018\/06\/rl-dinner-advocates-may2018-1-300x200.jpg 300w, https:\/\/interamerica.org\/wp-content\/uploads\/2018\/06\/rl-dinner-advocates-may2018-1-768x511.jpg 768w\" sizes=\"(max-width: 760px) 100vw, 760px\" \/><p id=\"caption-attachment-42041\" class=\"wp-caption-text\">Le programme autour de la libert\u00e9 religieuse a donn\u00e9 aux d\u00e9fenseurs et aux experts de nombreuses opportunit\u00e9s de se mettre en r\u00e9seau et d\u2019\u00e9tablir des relations. Au centre se trouve le pr\u00e9sident du conseil d\u2019administration de l\u2019Association Nord-Am\u00e9ricaine de la Libert\u00e9 Religieuse (NARLA), Orlan Johnson. Photo de Mylon Medley, P\u00f4le Information de la Division Nord-Am\u00e9ricaine]<\/p><\/div>\n<p>\u00ab L\u2019\u00c9glise Adventiste du Septi\u00e8me Jour a eu une longue et distingu\u00e9e tradition de d\u00e9fense de la libert\u00e9 religieuse pour tous, pas seulement pour les membres de l\u2019\u00e9glise, \u00bb a expliqu\u00e9 le directeur des Affaires L\u00e9gislatives de l\u2019\u00c9glise Adventiste et agent de liaison avec le Congr\u00e8s des \u00c9tats-Unis, Dwayne Leslie, \u00e0 \u00a0<em>Adventist Review<\/em>. C\u2019est la raison pour laquelle, a-t-il dit, le parrainage d\u2019\u00e9v\u00e9nements comme celui-ci offre \u00e0 l\u2019\u00e9glise une occasion unique de \u00ab prendre la t\u00eate pour rassembler les leaders d\u2019opinion et les responsables gouvernementaux afin de les informer et les \u00e9quiper pour mieux prot\u00e9ger les principes de la libert\u00e9 religieuse. \u00bb<\/p>\n<p>Des programmes tels que le D\u00eener Annuel de la Libert\u00e9 Religieuse sont \u00e9galement importants pour des raisons pratiques, a reconnu Dwayne Leslie, car l\u2019\u00e9glise Adventiste peut mettre en lumi\u00e8re ses efforts en mati\u00e8re de d\u00e9fense de la libert\u00e9 religieuse \u00e0 Washington D.C. et ailleurs. \u00ab En tant que groupe religieux connaissant une des croissances les plus rapides dans le monde, l\u2019\u00c9glise Adventiste se retrouve souvent comme une minorit\u00e9 religieuse dans de nombreux pays, \u00bb a-t-il dit \u00e0\u00a0<em>Adventist Review<\/em>. \u00ab Par cons\u00e9quent, nous sommes particuli\u00e8rement sensibles \u00e0 la protection des droits des minorit\u00e9s religieuses et \u00e0 la protection de la libert\u00e9 de conscience pour tous. \u00bb<\/p>\n<p>Pour le secr\u00e9taire g\u00e9n\u00e9ral de l\u2019IRLA, Ganoune Diop, qui dirige \u00e9galement le d\u00e9partement des Affaires Publiques et de la Libert\u00e9 Religieuse de l\u2019Eglise Adventiste, le soutien qu\u2019apportent les Adventistes \u00e0 la libert\u00e9 religieuse est encore plus profond puisqu\u2019il repose sur une compr\u00e9hension biblique du caract\u00e8re de Dieu. \u00ab La libert\u00e9 religieuse, c\u2019est beaucoup plus que ce qui apparait \u00e0 premi\u00e8re vue, \u00bb a d\u00e9clar\u00e9 Ganoune Diop. \u00ab D\u2019un point de vue confessionnel, elle est bas\u00e9 sur une caract\u00e9ristique de Dieu. \u00bb<\/p>\n<p>Ganoune Diop a poursuivi en expliquant que croire que les \u00eatres humains ont \u00e9t\u00e9 cr\u00e9\u00e9s \u00e0 l\u2019image de Dieu implique de croire en la libert\u00e9 de choisir. \u00ab La libert\u00e9 religieuse re\u00e7oit sa valeur de l\u2019amour, et l\u2019amour ne peut \u00eatre obtenu par la force, \u00bb a-t-il d\u00e9clar\u00e9. \u00ab Le but de la libert\u00e9 c\u2019est l\u2019amour. \u00bb<\/p>\n<div id=\"attachment_42044\" style=\"width: 770px\" class=\"wp-caption aligncenter\"><img loading=\"lazy\" decoding=\"async\" aria-describedby=\"caption-attachment-42044\" class=\" wp-image-42044\" src=\"https:\/\/recursing-golick.147-182-135-0.plesk.page\/wp-content\/uploads\/2018\/06\/rl-dinner-abidraja-dwayneleslie.jpg\" alt=\"\" width=\"760\" height=\"506\" srcset=\"https:\/\/interamerica.org\/wp-content\/uploads\/2018\/06\/rl-dinner-abidraja-dwayneleslie.jpg 1000w, https:\/\/interamerica.org\/wp-content\/uploads\/2018\/06\/rl-dinner-abidraja-dwayneleslie-300x200.jpg 300w, https:\/\/interamerica.org\/wp-content\/uploads\/2018\/06\/rl-dinner-abidraja-dwayneleslie-768x511.jpg 768w\" sizes=\"(max-width: 760px) 100vw, 760px\" \/><p id=\"caption-attachment-42044\" class=\"wp-caption-text\">Le vice-pr\u00e9sident du Parlement Norv\u00e9gien, Abid Q. Raja et le directeur des Affaires L\u00e9gislatives de l\u2019Eglise Adventiste, Dwayne Leslie, qui est aussi agent de liaison aupr\u00e8s du Congr\u00e8s des Etats Unis, dans un moment de d\u00e9tente lors du programme du 22 Mai 2018. Photo de Mylon Medley, P\u00f4le Information de la Division Nord-Am\u00e9ricaine<\/p><\/div>\n<p>Le r\u00e9dacteur en chef du magazine <em>Liberty <\/em>Lincoln Steed, qui a coparrain\u00e9 le d\u00eener annuel, est du m\u00eame avis. Faisant r\u00e9f\u00e9rence \u00e0 Thomas Jefferson, un des P\u00e8res Fondateurs Am\u00e9ricains, il a partag\u00e9 cette citation : \u00ab Le Dieu qui nous a donn\u00e9 la vie nous a donn\u00e9 la libert\u00e9 en m\u00eame temps. \u00bb<\/p>\n<p><strong>D\u00e9fis Actuels et Opportunit\u00e9s<\/strong><\/p>\n<p>Les temps pour la libert\u00e9 religieuse, cependant, sont complexes, a rappel\u00e9 Ganoune Diop aux participants. \u00ab D\u2019un c\u00f4t\u00e9, la libert\u00e9 religieuse est consid\u00e9r\u00e9e comme une libert\u00e9 fondamentale, \u00bb a-t-il d\u00e9clar\u00e9. \u00ab Dans le m\u00eame temps, la libert\u00e9 religieuse est soumise \u00e0 une profonde d\u00e9construction. Certaines personnes disent m\u00eame que la libert\u00e9 religieuse pourrait \u00eatre un mot cod\u00e9 pour la discrimination, et selon certains critiques, c\u2019est juste un moyen de subjuguer les gens dans les pays en voie de d\u00e9veloppement. \u00bb<\/p>\n<p>De nouveaux d\u00e9veloppements appellent \u00e0 de nouveaux efforts et de nouvelles initiatives dans le domaine de la libert\u00e9 religieuse, ont indiqu\u00e9 des experts. L\u2019une de ces initiatives est le Panel International de Parlementaires pour la Libert\u00e9 de Religion ou de Croyance (IPPFoRB). L\u2019organisation, qui a \u00e9t\u00e9 fond\u00e9e par un petit groupe d\u2019\u00e9lus en 2014, s\u2019est transform\u00e9e en un r\u00e9seau informel de 130 parlementaires et l\u00e9gislateurs du monde entier engag\u00e9s dans la lutte contre la pers\u00e9cution religieuse et dans la promotion de la libert\u00e9 de religion ou de croyance, tel que cela est d\u00e9fini dans l\u2019Article 18 de la D\u00e9claration Universelle des Droits de l\u2019Homme des Nations Unies. Aykan Erdemir et Abid Raja sont deux des membres fondateurs de l\u2019organisation.<\/p>\n<p>Parmi les nombreuses initiatives de l\u2019IPPFoRB, il y a eu deux conf\u00e9rences internationales &#8211; \u00e0 New York et \u00e0 Berlin &#8211; et une vingtaine de lettres de plaidoyer \u00e9crites au nom des membres de l&rsquo;IPPFoRB aux gouvernements de pays tels que le Vietnam, la Birmanie, la Cor\u00e9e du Nord et l\u2019Indon\u00e9sie.<\/p>\n<p>Dans une r\u00e9flexion partag\u00e9e lors du diner de cette ann\u00e9e, Dwayne Leslie a conclu en mettant l\u2019accent sur l\u2019objectif g\u00e9n\u00e9ral du programme. \u00ab Bien que la situation de la libert\u00e9 religieuse continue de se d\u00e9t\u00e9riorer dans de nombreuses parties du monde, \u00bb a-t-il dit, \u00ab des programmes comme le D\u00eener de la Libert\u00e9 [Religieuse] peuvent \u00eatre particuli\u00e8rement utiles pour \u00e9tablir de nouvelles connexions et des conversations &#8230; sur la fa\u00e7on de collaborer plus efficacement et d&rsquo;accro\u00eetre l\u2019impact global du discours sur la libert\u00e9 religieuse. \u00bb<\/p>\n<p>Traduction: Patrick Luciathe<\/p>\n","protected":false},"excerpt":{"rendered":"<p>2 juin 2018 | Washington D.C., \u00c9tats-Unis | Marcos Paseggi,\u00a0Adventist Review Les intervenants au r\u00e9cent 16\u00e8me D\u00eener Annuel de la Libert\u00e9 Religieuse qui a eu lieu \u00e0 Washington D.C. ont&#8230;<\/p>\n","protected":false},"author":3,"featured_media":42048,"comment_status":"open","ping_status":"closed","sticky":false,"template":"","format":"standard","meta":{"_acf_changed":false,"footnotes":""},"categories":[18,19],"tags":[],"class_list":["post-42060","post","type-post","status-publish","format-standard","has-post-thumbnail","hentry","category-nouvelles-de-leglise-mondiale","category-rss-francais"],"acf":[],"yoast_head":"<!-- This site is optimized with the Yoast SEO plugin v27.3 - https:\/\/yoast.com\/product\/yoast-seo-wordpress\/ -->\n<title>Les d\u00e9fenseurs de la libert\u00e9 religieuse appel\u00e9s \u00e0 aller au-del\u00e0 des zones de confort - \u00c9glise Adventiste Du Septieme Jour - Inter Am\u00e9rique Division<\/title>\n<meta name=\"robots\" content=\"index, follow, max-snippet:-1, max-image-preview:large, max-video-preview:-1\" \/>\n<link rel=\"canonical\" href=\"https:\/\/interamerica.org\/fr\/2018\/06\/les-defenseurs-de-la-liberte-religieuse-appeles-a-aller-au-dela-des-zones-de-confort\/\" \/>\n<meta property=\"og:locale\" content=\"fr_FR\" \/>\n<meta property=\"og:type\" content=\"article\" \/>\n<meta property=\"og:title\" content=\"Les d\u00e9fenseurs de la libert\u00e9 religieuse appel\u00e9s \u00e0 aller au-del\u00e0 des zones de confort - \u00c9glise Adventiste Du Septieme Jour - Inter Am\u00e9rique Division\" \/>\n<meta property=\"og:description\" content=\"2 juin 2018 | Washington D.C., \u00c9tats-Unis | Marcos Paseggi,\u00a0Adventist Review Les intervenants au r\u00e9cent 16\u00e8me D\u00eener Annuel de la Libert\u00e9 Religieuse qui a eu lieu \u00e0 Washington D.C. ont...\" \/>\n<meta property=\"og:url\" content=\"https:\/\/interamerica.org\/fr\/2018\/06\/les-defenseurs-de-la-liberte-religieuse-appeles-a-aller-au-dela-des-zones-de-confort\/\" \/>\n<meta property=\"og:site_name\" content=\"\u00c9glise Adventiste Du Septieme Jour - Inter Am\u00e9rique Division\" \/>\n<meta property=\"article:published_time\" content=\"2018-06-05T15:00:16+00:00\" \/>\n<meta property=\"article:modified_time\" content=\"2018-06-06T02:22:38+00:00\" \/>\n<meta property=\"og:image\" content=\"https:\/\/interamerica.org\/wp-content\/uploads\/2018\/06\/religious-liberty-advocates-called-to-reach-out-beyond-comfort-zones1280.jpg\" \/>\n\t<meta property=\"og:image:width\" content=\"1280\" \/>\n\t<meta property=\"og:image:height\" content=\"800\" \/>\n\t<meta property=\"og:image:type\" content=\"image\/jpeg\" \/>\n<meta name=\"author\" content=\"libna\" \/>\n<meta name=\"twitter:card\" content=\"summary_large_image\" \/>\n<meta name=\"twitter:label1\" content=\"\u00c9crit par\" \/>\n\t<meta name=\"twitter:data1\" content=\"libna\" \/>\n\t<meta name=\"twitter:label2\" content=\"Dur\u00e9e de lecture estim\u00e9e\" \/>\n\t<meta name=\"twitter:data2\" content=\"10 minutes\" \/>\n<script type=\"application\/ld+json\" class=\"yoast-schema-graph\">{\"@context\":\"https:\\\/\\\/schema.org\",\"@graph\":[{\"@type\":\"Article\",\"@id\":\"https:\\\/\\\/interamerica.org\\\/fr\\\/2018\\\/06\\\/les-defenseurs-de-la-liberte-religieuse-appeles-a-aller-au-dela-des-zones-de-confort\\\/#article\",\"isPartOf\":{\"@id\":\"https:\\\/\\\/interamerica.org\\\/fr\\\/2018\\\/06\\\/les-defenseurs-de-la-liberte-religieuse-appeles-a-aller-au-dela-des-zones-de-confort\\\/\"},\"author\":{\"name\":\"libna\",\"@id\":\"https:\\\/\\\/interamerica.org\\\/fr\\\/#\\\/schema\\\/person\\\/29998f2bc2d8bd0d38662909289b54f1\"},\"headline\":\"Les d\u00e9fenseurs de la libert\u00e9 religieuse appel\u00e9s \u00e0 aller au-del\u00e0 des zones de confort\",\"datePublished\":\"2018-06-05T15:00:16+00:00\",\"dateModified\":\"2018-06-06T02:22:38+00:00\",\"mainEntityOfPage\":{\"@id\":\"https:\\\/\\\/interamerica.org\\\/fr\\\/2018\\\/06\\\/les-defenseurs-de-la-liberte-religieuse-appeles-a-aller-au-dela-des-zones-de-confort\\\/\"},\"wordCount\":1926,\"commentCount\":0,\"image\":{\"@id\":\"https:\\\/\\\/interamerica.org\\\/fr\\\/2018\\\/06\\\/les-defenseurs-de-la-liberte-religieuse-appeles-a-aller-au-dela-des-zones-de-confort\\\/#primaryimage\"},\"thumbnailUrl\":\"https:\\\/\\\/interamerica.org\\\/wp-content\\\/uploads\\\/2018\\\/06\\\/religious-liberty-advocates-called-to-reach-out-beyond-comfort-zones1280.jpg\",\"articleSection\":[\"Nouvelles de l'\u00c9glise mondiale\",\"RSS Fran\u00e7ais\"],\"inLanguage\":\"fr-FR\",\"potentialAction\":[{\"@type\":\"CommentAction\",\"name\":\"Comment\",\"target\":[\"https:\\\/\\\/interamerica.org\\\/fr\\\/2018\\\/06\\\/les-defenseurs-de-la-liberte-religieuse-appeles-a-aller-au-dela-des-zones-de-confort\\\/#respond\"]}]},{\"@type\":\"WebPage\",\"@id\":\"https:\\\/\\\/interamerica.org\\\/fr\\\/2018\\\/06\\\/les-defenseurs-de-la-liberte-religieuse-appeles-a-aller-au-dela-des-zones-de-confort\\\/\",\"url\":\"https:\\\/\\\/interamerica.org\\\/fr\\\/2018\\\/06\\\/les-defenseurs-de-la-liberte-religieuse-appeles-a-aller-au-dela-des-zones-de-confort\\\/\",\"name\":\"Les d\u00e9fenseurs de la libert\u00e9 religieuse appel\u00e9s \u00e0 aller au-del\u00e0 des zones de confort - \u00c9glise Adventiste Du Septieme Jour - Inter Am\u00e9rique Division\",\"isPartOf\":{\"@id\":\"https:\\\/\\\/interamerica.org\\\/fr\\\/#website\"},\"primaryImageOfPage\":{\"@id\":\"https:\\\/\\\/interamerica.org\\\/fr\\\/2018\\\/06\\\/les-defenseurs-de-la-liberte-religieuse-appeles-a-aller-au-dela-des-zones-de-confort\\\/#primaryimage\"},\"image\":{\"@id\":\"https:\\\/\\\/interamerica.org\\\/fr\\\/2018\\\/06\\\/les-defenseurs-de-la-liberte-religieuse-appeles-a-aller-au-dela-des-zones-de-confort\\\/#primaryimage\"},\"thumbnailUrl\":\"https:\\\/\\\/interamerica.org\\\/wp-content\\\/uploads\\\/2018\\\/06\\\/religious-liberty-advocates-called-to-reach-out-beyond-comfort-zones1280.jpg\",\"datePublished\":\"2018-06-05T15:00:16+00:00\",\"dateModified\":\"2018-06-06T02:22:38+00:00\",\"author\":{\"@id\":\"https:\\\/\\\/interamerica.org\\\/fr\\\/#\\\/schema\\\/person\\\/29998f2bc2d8bd0d38662909289b54f1\"},\"breadcrumb\":{\"@id\":\"https:\\\/\\\/interamerica.org\\\/fr\\\/2018\\\/06\\\/les-defenseurs-de-la-liberte-religieuse-appeles-a-aller-au-dela-des-zones-de-confort\\\/#breadcrumb\"},\"inLanguage\":\"fr-FR\",\"potentialAction\":[{\"@type\":\"ReadAction\",\"target\":[\"https:\\\/\\\/interamerica.org\\\/fr\\\/2018\\\/06\\\/les-defenseurs-de-la-liberte-religieuse-appeles-a-aller-au-dela-des-zones-de-confort\\\/\"]}]},{\"@type\":\"ImageObject\",\"inLanguage\":\"fr-FR\",\"@id\":\"https:\\\/\\\/interamerica.org\\\/fr\\\/2018\\\/06\\\/les-defenseurs-de-la-liberte-religieuse-appeles-a-aller-au-dela-des-zones-de-confort\\\/#primaryimage\",\"url\":\"https:\\\/\\\/interamerica.org\\\/wp-content\\\/uploads\\\/2018\\\/06\\\/religious-liberty-advocates-called-to-reach-out-beyond-comfort-zones1280.jpg\",\"contentUrl\":\"https:\\\/\\\/interamerica.org\\\/wp-content\\\/uploads\\\/2018\\\/06\\\/religious-liberty-advocates-called-to-reach-out-beyond-comfort-zones1280.jpg\",\"width\":1280,\"height\":800},{\"@type\":\"BreadcrumbList\",\"@id\":\"https:\\\/\\\/interamerica.org\\\/fr\\\/2018\\\/06\\\/les-defenseurs-de-la-liberte-religieuse-appeles-a-aller-au-dela-des-zones-de-confort\\\/#breadcrumb\",\"itemListElement\":[{\"@type\":\"ListItem\",\"position\":1,\"name\":\"Home\",\"item\":\"https:\\\/\\\/interamerica.org\\\/fr\\\/\"},{\"@type\":\"ListItem\",\"position\":2,\"name\":\"Les d\u00e9fenseurs de la libert\u00e9 religieuse appel\u00e9s \u00e0 aller au-del\u00e0 des zones de confort\"}]},{\"@type\":\"WebSite\",\"@id\":\"https:\\\/\\\/interamerica.org\\\/fr\\\/#website\",\"url\":\"https:\\\/\\\/interamerica.org\\\/fr\\\/\",\"name\":\"\u00c9glise Adventiste Du Septieme Jour - Inter Am\u00e9rique Division\",\"description\":\"\",\"potentialAction\":[{\"@type\":\"SearchAction\",\"target\":{\"@type\":\"EntryPoint\",\"urlTemplate\":\"https:\\\/\\\/interamerica.org\\\/fr\\\/?s={search_term_string}\"},\"query-input\":{\"@type\":\"PropertyValueSpecification\",\"valueRequired\":true,\"valueName\":\"search_term_string\"}}],\"inLanguage\":\"fr-FR\"},{\"@type\":\"Person\",\"@id\":\"https:\\\/\\\/interamerica.org\\\/fr\\\/#\\\/schema\\\/person\\\/29998f2bc2d8bd0d38662909289b54f1\",\"name\":\"libna\",\"image\":{\"@type\":\"ImageObject\",\"inLanguage\":\"fr-FR\",\"@id\":\"https:\\\/\\\/secure.gravatar.com\\\/avatar\\\/7c5bd30ae4b47a9ba3c856590957fd1d96dc588bf3ac05719d247e126840331f?s=96&d=mm&r=g\",\"url\":\"https:\\\/\\\/secure.gravatar.com\\\/avatar\\\/7c5bd30ae4b47a9ba3c856590957fd1d96dc588bf3ac05719d247e126840331f?s=96&d=mm&r=g\",\"contentUrl\":\"https:\\\/\\\/secure.gravatar.com\\\/avatar\\\/7c5bd30ae4b47a9ba3c856590957fd1d96dc588bf3ac05719d247e126840331f?s=96&d=mm&r=g\",\"caption\":\"libna\"}}]}<\/script>\n<!-- \/ Yoast SEO plugin. -->","yoast_head_json":{"title":"Les d\u00e9fenseurs de la libert\u00e9 religieuse appel\u00e9s \u00e0 aller au-del\u00e0 des zones de confort - \u00c9glise Adventiste Du Septieme Jour - Inter Am\u00e9rique Division","robots":{"index":"index","follow":"follow","max-snippet":"max-snippet:-1","max-image-preview":"max-image-preview:large","max-video-preview":"max-video-preview:-1"},"canonical":"https:\/\/interamerica.org\/fr\/2018\/06\/les-defenseurs-de-la-liberte-religieuse-appeles-a-aller-au-dela-des-zones-de-confort\/","og_locale":"fr_FR","og_type":"article","og_title":"Les d\u00e9fenseurs de la libert\u00e9 religieuse appel\u00e9s \u00e0 aller au-del\u00e0 des zones de confort - \u00c9glise Adventiste Du Septieme Jour - Inter Am\u00e9rique Division","og_description":"2 juin 2018 | Washington D.C., \u00c9tats-Unis | Marcos Paseggi,\u00a0Adventist Review Les intervenants au r\u00e9cent 16\u00e8me D\u00eener Annuel de la Libert\u00e9 Religieuse qui a eu lieu \u00e0 Washington D.C. ont...","og_url":"https:\/\/interamerica.org\/fr\/2018\/06\/les-defenseurs-de-la-liberte-religieuse-appeles-a-aller-au-dela-des-zones-de-confort\/","og_site_name":"\u00c9glise Adventiste Du Septieme Jour - Inter Am\u00e9rique Division","article_published_time":"2018-06-05T15:00:16+00:00","article_modified_time":"2018-06-06T02:22:38+00:00","og_image":[{"width":1280,"height":800,"url":"https:\/\/interamerica.org\/wp-content\/uploads\/2018\/06\/religious-liberty-advocates-called-to-reach-out-beyond-comfort-zones1280.jpg","type":"image\/jpeg"}],"author":"libna","twitter_card":"summary_large_image","twitter_misc":{"\u00c9crit par":"libna","Dur\u00e9e de lecture estim\u00e9e":"10 minutes"},"schema":{"@context":"https:\/\/schema.org","@graph":[{"@type":"Article","@id":"https:\/\/interamerica.org\/fr\/2018\/06\/les-defenseurs-de-la-liberte-religieuse-appeles-a-aller-au-dela-des-zones-de-confort\/#article","isPartOf":{"@id":"https:\/\/interamerica.org\/fr\/2018\/06\/les-defenseurs-de-la-liberte-religieuse-appeles-a-aller-au-dela-des-zones-de-confort\/"},"author":{"name":"libna","@id":"https:\/\/interamerica.org\/fr\/#\/schema\/person\/29998f2bc2d8bd0d38662909289b54f1"},"headline":"Les d\u00e9fenseurs de la libert\u00e9 religieuse appel\u00e9s \u00e0 aller au-del\u00e0 des zones de confort","datePublished":"2018-06-05T15:00:16+00:00","dateModified":"2018-06-06T02:22:38+00:00","mainEntityOfPage":{"@id":"https:\/\/interamerica.org\/fr\/2018\/06\/les-defenseurs-de-la-liberte-religieuse-appeles-a-aller-au-dela-des-zones-de-confort\/"},"wordCount":1926,"commentCount":0,"image":{"@id":"https:\/\/interamerica.org\/fr\/2018\/06\/les-defenseurs-de-la-liberte-religieuse-appeles-a-aller-au-dela-des-zones-de-confort\/#primaryimage"},"thumbnailUrl":"https:\/\/interamerica.org\/wp-content\/uploads\/2018\/06\/religious-liberty-advocates-called-to-reach-out-beyond-comfort-zones1280.jpg","articleSection":["Nouvelles de l'\u00c9glise mondiale","RSS Fran\u00e7ais"],"inLanguage":"fr-FR","potentialAction":[{"@type":"CommentAction","name":"Comment","target":["https:\/\/interamerica.org\/fr\/2018\/06\/les-defenseurs-de-la-liberte-religieuse-appeles-a-aller-au-dela-des-zones-de-confort\/#respond"]}]},{"@type":"WebPage","@id":"https:\/\/interamerica.org\/fr\/2018\/06\/les-defenseurs-de-la-liberte-religieuse-appeles-a-aller-au-dela-des-zones-de-confort\/","url":"https:\/\/interamerica.org\/fr\/2018\/06\/les-defenseurs-de-la-liberte-religieuse-appeles-a-aller-au-dela-des-zones-de-confort\/","name":"Les d\u00e9fenseurs de la libert\u00e9 religieuse appel\u00e9s \u00e0 aller au-del\u00e0 des zones de confort - \u00c9glise Adventiste Du Septieme Jour - Inter Am\u00e9rique Division","isPartOf":{"@id":"https:\/\/interamerica.org\/fr\/#website"},"primaryImageOfPage":{"@id":"https:\/\/interamerica.org\/fr\/2018\/06\/les-defenseurs-de-la-liberte-religieuse-appeles-a-aller-au-dela-des-zones-de-confort\/#primaryimage"},"image":{"@id":"https:\/\/interamerica.org\/fr\/2018\/06\/les-defenseurs-de-la-liberte-religieuse-appeles-a-aller-au-dela-des-zones-de-confort\/#primaryimage"},"thumbnailUrl":"https:\/\/interamerica.org\/wp-content\/uploads\/2018\/06\/religious-liberty-advocates-called-to-reach-out-beyond-comfort-zones1280.jpg","datePublished":"2018-06-05T15:00:16+00:00","dateModified":"2018-06-06T02:22:38+00:00","author":{"@id":"https:\/\/interamerica.org\/fr\/#\/schema\/person\/29998f2bc2d8bd0d38662909289b54f1"},"breadcrumb":{"@id":"https:\/\/interamerica.org\/fr\/2018\/06\/les-defenseurs-de-la-liberte-religieuse-appeles-a-aller-au-dela-des-zones-de-confort\/#breadcrumb"},"inLanguage":"fr-FR","potentialAction":[{"@type":"ReadAction","target":["https:\/\/interamerica.org\/fr\/2018\/06\/les-defenseurs-de-la-liberte-religieuse-appeles-a-aller-au-dela-des-zones-de-confort\/"]}]},{"@type":"ImageObject","inLanguage":"fr-FR","@id":"https:\/\/interamerica.org\/fr\/2018\/06\/les-defenseurs-de-la-liberte-religieuse-appeles-a-aller-au-dela-des-zones-de-confort\/#primaryimage","url":"https:\/\/interamerica.org\/wp-content\/uploads\/2018\/06\/religious-liberty-advocates-called-to-reach-out-beyond-comfort-zones1280.jpg","contentUrl":"https:\/\/interamerica.org\/wp-content\/uploads\/2018\/06\/religious-liberty-advocates-called-to-reach-out-beyond-comfort-zones1280.jpg","width":1280,"height":800},{"@type":"BreadcrumbList","@id":"https:\/\/interamerica.org\/fr\/2018\/06\/les-defenseurs-de-la-liberte-religieuse-appeles-a-aller-au-dela-des-zones-de-confort\/#breadcrumb","itemListElement":[{"@type":"ListItem","position":1,"name":"Home","item":"https:\/\/interamerica.org\/fr\/"},{"@type":"ListItem","position":2,"name":"Les d\u00e9fenseurs de la libert\u00e9 religieuse appel\u00e9s \u00e0 aller au-del\u00e0 des zones de confort"}]},{"@type":"WebSite","@id":"https:\/\/interamerica.org\/fr\/#website","url":"https:\/\/interamerica.org\/fr\/","name":"\u00c9glise Adventiste Du Septieme Jour - Inter Am\u00e9rique Division","description":"","potentialAction":[{"@type":"SearchAction","target":{"@type":"EntryPoint","urlTemplate":"https:\/\/interamerica.org\/fr\/?s={search_term_string}"},"query-input":{"@type":"PropertyValueSpecification","valueRequired":true,"valueName":"search_term_string"}}],"inLanguage":"fr-FR"},{"@type":"Person","@id":"https:\/\/interamerica.org\/fr\/#\/schema\/person\/29998f2bc2d8bd0d38662909289b54f1","name":"libna","image":{"@type":"ImageObject","inLanguage":"fr-FR","@id":"https:\/\/secure.gravatar.com\/avatar\/7c5bd30ae4b47a9ba3c856590957fd1d96dc588bf3ac05719d247e126840331f?s=96&d=mm&r=g","url":"https:\/\/secure.gravatar.com\/avatar\/7c5bd30ae4b47a9ba3c856590957fd1d96dc588bf3ac05719d247e126840331f?s=96&d=mm&r=g","contentUrl":"https:\/\/secure.gravatar.com\/avatar\/7c5bd30ae4b47a9ba3c856590957fd1d96dc588bf3ac05719d247e126840331f?s=96&d=mm&r=g","caption":"libna"}}]}},"_links":{"self":[{"href":"https:\/\/interamerica.org\/fr\/wp-json\/wp\/v2\/posts\/42060","targetHints":{"allow":["GET"]}}],"collection":[{"href":"https:\/\/interamerica.org\/fr\/wp-json\/wp\/v2\/posts"}],"about":[{"href":"https:\/\/interamerica.org\/fr\/wp-json\/wp\/v2\/types\/post"}],"author":[{"embeddable":true,"href":"https:\/\/interamerica.org\/fr\/wp-json\/wp\/v2\/users\/3"}],"replies":[{"embeddable":true,"href":"https:\/\/interamerica.org\/fr\/wp-json\/wp\/v2\/comments?post=42060"}],"version-history":[{"count":0,"href":"https:\/\/interamerica.org\/fr\/wp-json\/wp\/v2\/posts\/42060\/revisions"}],"wp:featuredmedia":[{"embeddable":true,"href":"https:\/\/interamerica.org\/fr\/wp-json\/wp\/v2\/media\/42048"}],"wp:attachment":[{"href":"https:\/\/interamerica.org\/fr\/wp-json\/wp\/v2\/media?parent=42060"}],"wp:term":[{"taxonomy":"category","embeddable":true,"href":"https:\/\/interamerica.org\/fr\/wp-json\/wp\/v2\/categories?post=42060"},{"taxonomy":"post_tag","embeddable":true,"href":"https:\/\/interamerica.org\/fr\/wp-json\/wp\/v2\/tags?post=42060"}],"curies":[{"name":"wp","href":"https:\/\/api.w.org\/{rel}","templated":true}]}}