{"id":42109,"date":"2018-06-06T22:00:39","date_gmt":"2018-06-07T02:00:39","guid":{"rendered":"https:\/\/recursing-golick.147-182-135-0.plesk.page\/?p=42109"},"modified":"2018-06-07T10:37:00","modified_gmt":"2018-06-07T14:37:00","slug":"adra-aide-les-familles-touchees-par-les-recentes-eruptions-volcaniques-au-guatemala","status":"publish","type":"post","link":"https:\/\/interamerica.org\/fr\/2018\/06\/adra-aide-les-familles-touchees-par-les-recentes-eruptions-volcaniques-au-guatemala\/","title":{"rendered":"ADRA aide les familles touch\u00e9es par les r\u00e9centes \u00e9ruptions volcaniques au Guatemala"},"content":{"rendered":"<div id=\"attachment_42065\" style=\"width: 769px\" class=\"wp-caption aligncenter\"><img fetchpriority=\"high\" decoding=\"async\" aria-describedby=\"caption-attachment-42065\" class=\" wp-image-42065\" src=\"https:\/\/recursing-golick.147-182-135-0.plesk.page\/wp-content\/uploads\/2018\/06\/guate-volcano-rescuers-1024x576.jpg\" alt=\"\" width=\"759\" height=\"427\" srcset=\"https:\/\/interamerica.org\/wp-content\/uploads\/2018\/06\/guate-volcano-rescuers-1024x576.jpg 1024w, https:\/\/interamerica.org\/wp-content\/uploads\/2018\/06\/guate-volcano-rescuers-300x169.jpg 300w, https:\/\/interamerica.org\/wp-content\/uploads\/2018\/06\/guate-volcano-rescuers-768x432.jpg 768w, https:\/\/interamerica.org\/wp-content\/uploads\/2018\/06\/guate-volcano-rescuers.jpg 1920w\" sizes=\"(max-width: 759px) 100vw, 759px\" \/><p id=\"caption-attachment-42065\" class=\"wp-caption-text\">Les b\u00e9n\u00e9voles d\u2019ADRA fournissent de l\u2019eau \u00e0 une \u00e9quipe d\u2019intervention d\u2019urgence dans une communaut\u00e9 recouverte de lave et de cendres \u00e0 Escuintla dans la r\u00e9gion centre sud du Guatemala, quelques heures apr\u00e8s l\u2019\u00e9ruption du Volcan de Feu qui a enseveli des maisons et provoqu\u00e9 la mort de dizaines de personnes le 3 juin 2018. Photo d\u2019ADRA Guatemala<\/p><\/div>\n<p>6 juin 2018 &#8211; Escuintla, Escuintla, Guatemala | Libna Stevens \/ DIA<\/p>\n<p>L\u2019Agence Adventiste de D\u00e9veloppement et de Secours (ADRA) au Guatemala, avec l\u2019aide de ses membres b\u00e9n\u00e9voles, continue de distribuer de l\u2019eau et de la nourriture aux familles d\u00e9plac\u00e9es par les \u00e9ruptions volcaniques mortelles dans la r\u00e9gion du centre-sud du Guatemala. Le Volcan du Feu a commenc\u00e9 \u00e0 cracher de la lave et des cendres le 3 juin, couvrant les villages et faisant plus de 75 morts et plus de 200 personnes port\u00e9es disparues, ont indiqu\u00e9 des responsables gouvernementaux.<\/p>\n<p>Plus de 1,7 million de personnes ont \u00e9t\u00e9 touch\u00e9es par l\u2019\u00e9ruption. Plus de 3000 personnes ont \u00e9t\u00e9 \u00e9vacu\u00e9es et plus de 2600 personnes se trouvent dans des abris. Des centaines d\u2019autres sont bloqu\u00e9es dans leurs maisons dans les communaut\u00e9s rurales d\u2019Escuintla, d\u2019Alotenango, de Sacatep\u00e9quez, de Yepocapa et de Chimaltenango.<\/p>\n<div id=\"attachment_42081\" style=\"width: 770px\" class=\"wp-caption aligncenter\"><img decoding=\"async\" aria-describedby=\"caption-attachment-42081\" class=\" wp-image-42081\" src=\"https:\/\/recursing-golick.147-182-135-0.plesk.page\/wp-content\/uploads\/2018\/06\/guate-adra-visitinghomes.jpg\" alt=\"\" width=\"760\" height=\"569\" srcset=\"https:\/\/interamerica.org\/wp-content\/uploads\/2018\/06\/guate-adra-visitinghomes.jpg 900w, https:\/\/interamerica.org\/wp-content\/uploads\/2018\/06\/guate-adra-visitinghomes-300x225.jpg 300w, https:\/\/interamerica.org\/wp-content\/uploads\/2018\/06\/guate-adra-visitinghomes-768x575.jpg 768w\" sizes=\"(max-width: 760px) 100vw, 760px\" \/><p id=\"caption-attachment-42081\" class=\"wp-caption-text\">Les b\u00e9n\u00e9voles d\u2019ADRA visitent une maison dans un village d\u2019Escuintla, les encourageant \u00e0 chercher un abri plus s\u00fbr pour se prot\u00e9ger des \u00e9ruptions volcaniques. Photo d\u2019ADRA Guatemala<\/p><\/div>\n<p>\u00ab D\u00e8s le premier jour de l\u2019\u00e9ruption du volcan, notre \u00e9quipe locale d\u2019intervention d\u2019urgence a rencontr\u00e9 les autorit\u00e9s locales pour visiter les villages touch\u00e9s pr\u00e8s du volcan afin d\u2019encourager les gens \u00e0 chercher un abri s\u00fbr, \u00bb a d\u00e9clar\u00e9 Gustavo Men\u00e9ndez, directeur d\u2019ADRA Guatemala qui coordonne l\u2019intervention d\u2019ADRA depuis la ville de Guatemala \u00e0 environ 63 kilom\u00e8tres d\u2019Escuintla.<\/p>\n<p>\u00ab Notre principale pr\u00e9occupation est d\u2019encourager les gens \u00e0 chercher un abri, m\u00eame si des centaines d\u2019entre eux craignent de perdre tous leurs biens s\u2019ils quittent leur foyer, \u00bb a d\u00e9clar\u00e9 Gustavo Men\u00e9ndez.<\/p>\n<p>Jusqu\u2019\u00e0 pr\u00e9sent, trois camions ont apport\u00e9 de l\u2019eau, de la nourriture, des couvertures et des articles d\u2019hygi\u00e8ne dans des abris, toutes ces provisions ayant \u00e9t\u00e9 recueillies aupr\u00e8s des \u00e9glises de plusieurs r\u00e9gions du Guatemala, a d\u00e9clar\u00e9 Gustavo Men\u00e9ndez.<\/p>\n<p>Les dirigeants de l\u2019Eglise ont indiqu\u00e9 que 124 familles Adventistes ont \u00e9t\u00e9 touch\u00e9es. Quelque 101 de ces familles ont perdu leurs r\u00e9coltes, 6 ont perdu leurs maisons, tandis que 17 familles ont \u00e9t\u00e9 \u00e9vacu\u00e9es. Des montants ont \u00e9t\u00e9 d\u00e9bloqu\u00e9s des Fonds d\u2019Intervention d\u2019Urgence de la Division Inter Am\u00e9ricaine pour aider les familles.<\/p>\n<p>Des v\u00eatements, de la nourriture, de l\u2019eau, des couvertures et des kits d\u2019hygi\u00e8ne continueront d\u2019\u00eatre collect\u00e9s dans les huit f\u00e9d\u00e9rations et missions du Guatemala et trois camions suppl\u00e9mentaires devraient acheminer des provisions d\u2019ici la fin de la semaine pour aider les personnes h\u00e9berg\u00e9es dans les abris, a ajout\u00e9 Gustavo Menendez.<\/p>\n<div id=\"attachment_42074\" style=\"width: 771px\" class=\"wp-caption aligncenter\"><img decoding=\"async\" aria-describedby=\"caption-attachment-42074\" class=\" wp-image-42074\" src=\"https:\/\/recursing-golick.147-182-135-0.plesk.page\/wp-content\/uploads\/2018\/06\/guate-volcano-villages-assistance-1024x576.jpg\" alt=\"\" width=\"761\" height=\"428\" srcset=\"https:\/\/interamerica.org\/wp-content\/uploads\/2018\/06\/guate-volcano-villages-assistance-1024x576.jpg 1024w, https:\/\/interamerica.org\/wp-content\/uploads\/2018\/06\/guate-volcano-villages-assistance-300x169.jpg 300w, https:\/\/interamerica.org\/wp-content\/uploads\/2018\/06\/guate-volcano-villages-assistance-768x432.jpg 768w, https:\/\/interamerica.org\/wp-content\/uploads\/2018\/06\/guate-volcano-villages-assistance.jpg 1920w\" sizes=\"(max-width: 761px) 100vw, 761px\" \/><p id=\"caption-attachment-42074\" class=\"wp-caption-text\">Un sac de provisions est distribu\u00e9 par un membre d\u2019\u00e9glise b\u00e9n\u00e9vole \u00e0 Escuintla, au Guatemala, un peu plus t\u00f4t cette semaine. Photo d\u2019ADRA Guatemala<\/p><\/div>\n<p>Quelque 1500 familles qui ont perdu leurs r\u00e9coltes dans les communaut\u00e9s rurales de San Miguel Los Lotes, El Rodeo et La Reina dans le d\u00e9partement d\u2019Escuintla, pourront profiter de la distribution de rations alimentaires et de kits d\u2019hygi\u00e8ne par ADRA Guatemala dans les deux prochains jours, a d\u00e9clar\u00e9 Gustavo Men\u00e9ndez.<\/p>\n<p>\u00ab Une attention particuli\u00e8re sera accord\u00e9e aux m\u00e8res c\u00e9libataires et aux personnes handicap\u00e9es ainsi qu\u2019aux personnes \u00e2g\u00e9es dans ces communaut\u00e9s, \u00bb a d\u00e9clar\u00e9 Gustavo Men\u00e9ndez.<\/p>\n<p>En outre, l\u2019engagement d\u2019ADRA International est de fournir des fonds pour aider les familles \u00e0 reconstruire leur vie apr\u00e8s que les besoins de base aient \u00e9t\u00e9 satisfaits en coordination avec le bureau local d\u2019ADRA Guatemala, a d\u00e9clar\u00e9 Gustavo Men\u00e9ndez. \u00ab Il faudra plus d\u2019un an \u00e0 ces familles de paysans pour faire pousser des bananes, du caf\u00e9, des ananas et plus encore pour subvenir \u00e0 leurs besoins, et par cons\u00e9quent nous devons les aider \u00e0 r\u00e9tablir leur situation \u00e9conomique.<\/p>\n<div id=\"attachment_42084\" style=\"width: 770px\" class=\"wp-caption aligncenter\"><img loading=\"lazy\" decoding=\"async\" aria-describedby=\"caption-attachment-42084\" class=\" wp-image-42084\" src=\"https:\/\/recursing-golick.147-182-135-0.plesk.page\/wp-content\/uploads\/2018\/06\/guate-adra-volunteer-group.jpg\" alt=\"\" width=\"760\" height=\"475\" srcset=\"https:\/\/interamerica.org\/wp-content\/uploads\/2018\/06\/guate-adra-volunteer-group.jpg 1000w, https:\/\/interamerica.org\/wp-content\/uploads\/2018\/06\/guate-adra-volunteer-group-300x188.jpg 300w, https:\/\/interamerica.org\/wp-content\/uploads\/2018\/06\/guate-adra-volunteer-group-768x480.jpg 768w\" sizes=\"(max-width: 760px) 100vw, 760px\" \/><p id=\"caption-attachment-42084\" class=\"wp-caption-text\">Un groupe de b\u00e9n\u00e9voles pose pour une photo avant de pr\u00e9parer la distribution de nourriture et d\u2019eau pour les familles d\u00e9plac\u00e9es dans les communaut\u00e9s rurales pr\u00e8s du Volcan de Feu dans le centre-sud du Guatemala. Photo de la Mission del Lago<\/p><\/div>\n<p>Ailleurs au sein du r\u00e9seau mondial d\u2019ADRA, des fonds ont \u00e9t\u00e9 envoy\u00e9s depuis le bureau d\u2019ADRA de la Division Sud-Am\u00e9ricaine, ainsi que du Mexique et du Salvador, a ajout\u00e9 Gustavo Men\u00e9ndez.<\/p>\n<p>Pour en savoir plus sur ADRA Guatemala et l\u2019aide apport\u00e9e par l\u2019\u00c9glise Adventiste aux personnes touch\u00e9es par les \u00e9ruptions du Volcan de Feu, consultez <a href=\"mailto:https:\/\/www.facebook.com\/AdventistasGUA\/\">AdventistasGUA sur Facebook<\/a><\/p>\n<p>&nbsp;<\/p>\n<p>Traduction: Patrick Luciathe<\/p>\n","protected":false},"excerpt":{"rendered":"<p>6 juin 2018 &#8211; Escuintla, Escuintla, Guatemala | Libna Stevens \/ DIA L\u2019Agence Adventiste de D\u00e9veloppement et de Secours (ADRA) au Guatemala, avec l\u2019aide de ses membres b\u00e9n\u00e9voles, continue de&#8230;<\/p>\n","protected":false},"author":3,"featured_media":42079,"comment_status":"open","ping_status":"closed","sticky":false,"template":"","format":"standard","meta":{"_acf_changed":false,"footnotes":""},"categories":[21,19],"tags":[],"class_list":["post-42109","post","type-post","status-publish","format-standard","has-post-thumbnail","hentry","category-nouvelles-du-territoire","category-rss-francais"],"acf":[],"yoast_head":"<!-- This site is optimized with the Yoast SEO plugin v27.3 - https:\/\/yoast.com\/product\/yoast-seo-wordpress\/ -->\n<title>ADRA aide les familles touch\u00e9es par les r\u00e9centes \u00e9ruptions volcaniques au Guatemala - \u00c9glise Adventiste Du Septieme Jour - Inter Am\u00e9rique Division<\/title>\n<meta name=\"robots\" content=\"index, follow, max-snippet:-1, max-image-preview:large, max-video-preview:-1\" \/>\n<link rel=\"canonical\" href=\"https:\/\/interamerica.org\/fr\/2018\/06\/adra-aide-les-familles-touchees-par-les-recentes-eruptions-volcaniques-au-guatemala\/\" \/>\n<meta property=\"og:locale\" content=\"fr_FR\" \/>\n<meta property=\"og:type\" content=\"article\" \/>\n<meta property=\"og:title\" content=\"ADRA aide les familles touch\u00e9es par les r\u00e9centes \u00e9ruptions volcaniques au Guatemala - \u00c9glise Adventiste Du Septieme Jour - Inter Am\u00e9rique Division\" \/>\n<meta property=\"og:description\" content=\"6 juin 2018 &#8211; Escuintla, Escuintla, Guatemala | Libna Stevens \/ DIA L\u2019Agence Adventiste de D\u00e9veloppement et de Secours (ADRA) au Guatemala, avec l\u2019aide de ses membres b\u00e9n\u00e9voles, continue de...\" \/>\n<meta property=\"og:url\" content=\"https:\/\/interamerica.org\/fr\/2018\/06\/adra-aide-les-familles-touchees-par-les-recentes-eruptions-volcaniques-au-guatemala\/\" \/>\n<meta property=\"og:site_name\" content=\"\u00c9glise Adventiste Du Septieme Jour - Inter Am\u00e9rique Division\" \/>\n<meta property=\"article:published_time\" content=\"2018-06-07T02:00:39+00:00\" \/>\n<meta property=\"article:modified_time\" content=\"2018-06-07T14:37:00+00:00\" \/>\n<meta property=\"og:image\" content=\"https:\/\/interamerica.org\/wp-content\/uploads\/2018\/06\/guate-volcano-rescuers1280.jpg\" \/>\n\t<meta property=\"og:image:width\" content=\"1728\" \/>\n\t<meta property=\"og:image:height\" content=\"1080\" \/>\n\t<meta property=\"og:image:type\" content=\"image\/jpeg\" \/>\n<meta name=\"author\" content=\"libna\" \/>\n<meta name=\"twitter:card\" content=\"summary_large_image\" \/>\n<meta name=\"twitter:label1\" content=\"\u00c9crit par\" \/>\n\t<meta name=\"twitter:data1\" content=\"libna\" \/>\n\t<meta name=\"twitter:label2\" content=\"Dur\u00e9e de lecture estim\u00e9e\" \/>\n\t<meta name=\"twitter:data2\" content=\"4 minutes\" \/>\n<script type=\"application\/ld+json\" class=\"yoast-schema-graph\">{\"@context\":\"https:\\\/\\\/schema.org\",\"@graph\":[{\"@type\":\"Article\",\"@id\":\"https:\\\/\\\/interamerica.org\\\/fr\\\/2018\\\/06\\\/adra-aide-les-familles-touchees-par-les-recentes-eruptions-volcaniques-au-guatemala\\\/#article\",\"isPartOf\":{\"@id\":\"https:\\\/\\\/interamerica.org\\\/fr\\\/2018\\\/06\\\/adra-aide-les-familles-touchees-par-les-recentes-eruptions-volcaniques-au-guatemala\\\/\"},\"author\":{\"name\":\"libna\",\"@id\":\"https:\\\/\\\/interamerica.org\\\/fr\\\/#\\\/schema\\\/person\\\/29998f2bc2d8bd0d38662909289b54f1\"},\"headline\":\"ADRA aide les familles touch\u00e9es par les r\u00e9centes \u00e9ruptions volcaniques au Guatemala\",\"datePublished\":\"2018-06-07T02:00:39+00:00\",\"dateModified\":\"2018-06-07T14:37:00+00:00\",\"mainEntityOfPage\":{\"@id\":\"https:\\\/\\\/interamerica.org\\\/fr\\\/2018\\\/06\\\/adra-aide-les-familles-touchees-par-les-recentes-eruptions-volcaniques-au-guatemala\\\/\"},\"wordCount\":878,\"commentCount\":0,\"image\":{\"@id\":\"https:\\\/\\\/interamerica.org\\\/fr\\\/2018\\\/06\\\/adra-aide-les-familles-touchees-par-les-recentes-eruptions-volcaniques-au-guatemala\\\/#primaryimage\"},\"thumbnailUrl\":\"https:\\\/\\\/interamerica.org\\\/wp-content\\\/uploads\\\/2018\\\/06\\\/guate-volcano-rescuers1280.jpg\",\"articleSection\":[\"Nouvelles du territoire\",\"RSS Fran\u00e7ais\"],\"inLanguage\":\"fr-FR\",\"potentialAction\":[{\"@type\":\"CommentAction\",\"name\":\"Comment\",\"target\":[\"https:\\\/\\\/interamerica.org\\\/fr\\\/2018\\\/06\\\/adra-aide-les-familles-touchees-par-les-recentes-eruptions-volcaniques-au-guatemala\\\/#respond\"]}]},{\"@type\":\"WebPage\",\"@id\":\"https:\\\/\\\/interamerica.org\\\/fr\\\/2018\\\/06\\\/adra-aide-les-familles-touchees-par-les-recentes-eruptions-volcaniques-au-guatemala\\\/\",\"url\":\"https:\\\/\\\/interamerica.org\\\/fr\\\/2018\\\/06\\\/adra-aide-les-familles-touchees-par-les-recentes-eruptions-volcaniques-au-guatemala\\\/\",\"name\":\"ADRA aide les familles touch\u00e9es par les r\u00e9centes \u00e9ruptions volcaniques au Guatemala - \u00c9glise Adventiste Du Septieme Jour - Inter Am\u00e9rique Division\",\"isPartOf\":{\"@id\":\"https:\\\/\\\/interamerica.org\\\/fr\\\/#website\"},\"primaryImageOfPage\":{\"@id\":\"https:\\\/\\\/interamerica.org\\\/fr\\\/2018\\\/06\\\/adra-aide-les-familles-touchees-par-les-recentes-eruptions-volcaniques-au-guatemala\\\/#primaryimage\"},\"image\":{\"@id\":\"https:\\\/\\\/interamerica.org\\\/fr\\\/2018\\\/06\\\/adra-aide-les-familles-touchees-par-les-recentes-eruptions-volcaniques-au-guatemala\\\/#primaryimage\"},\"thumbnailUrl\":\"https:\\\/\\\/interamerica.org\\\/wp-content\\\/uploads\\\/2018\\\/06\\\/guate-volcano-rescuers1280.jpg\",\"datePublished\":\"2018-06-07T02:00:39+00:00\",\"dateModified\":\"2018-06-07T14:37:00+00:00\",\"author\":{\"@id\":\"https:\\\/\\\/interamerica.org\\\/fr\\\/#\\\/schema\\\/person\\\/29998f2bc2d8bd0d38662909289b54f1\"},\"breadcrumb\":{\"@id\":\"https:\\\/\\\/interamerica.org\\\/fr\\\/2018\\\/06\\\/adra-aide-les-familles-touchees-par-les-recentes-eruptions-volcaniques-au-guatemala\\\/#breadcrumb\"},\"inLanguage\":\"fr-FR\",\"potentialAction\":[{\"@type\":\"ReadAction\",\"target\":[\"https:\\\/\\\/interamerica.org\\\/fr\\\/2018\\\/06\\\/adra-aide-les-familles-touchees-par-les-recentes-eruptions-volcaniques-au-guatemala\\\/\"]}]},{\"@type\":\"ImageObject\",\"inLanguage\":\"fr-FR\",\"@id\":\"https:\\\/\\\/interamerica.org\\\/fr\\\/2018\\\/06\\\/adra-aide-les-familles-touchees-par-les-recentes-eruptions-volcaniques-au-guatemala\\\/#primaryimage\",\"url\":\"https:\\\/\\\/interamerica.org\\\/wp-content\\\/uploads\\\/2018\\\/06\\\/guate-volcano-rescuers1280.jpg\",\"contentUrl\":\"https:\\\/\\\/interamerica.org\\\/wp-content\\\/uploads\\\/2018\\\/06\\\/guate-volcano-rescuers1280.jpg\",\"width\":1728,\"height\":1080},{\"@type\":\"BreadcrumbList\",\"@id\":\"https:\\\/\\\/interamerica.org\\\/fr\\\/2018\\\/06\\\/adra-aide-les-familles-touchees-par-les-recentes-eruptions-volcaniques-au-guatemala\\\/#breadcrumb\",\"itemListElement\":[{\"@type\":\"ListItem\",\"position\":1,\"name\":\"Home\",\"item\":\"https:\\\/\\\/interamerica.org\\\/fr\\\/\"},{\"@type\":\"ListItem\",\"position\":2,\"name\":\"ADRA aide les familles touch\u00e9es par les r\u00e9centes \u00e9ruptions volcaniques au Guatemala\"}]},{\"@type\":\"WebSite\",\"@id\":\"https:\\\/\\\/interamerica.org\\\/fr\\\/#website\",\"url\":\"https:\\\/\\\/interamerica.org\\\/fr\\\/\",\"name\":\"\u00c9glise Adventiste Du Septieme Jour - Inter Am\u00e9rique Division\",\"description\":\"\",\"potentialAction\":[{\"@type\":\"SearchAction\",\"target\":{\"@type\":\"EntryPoint\",\"urlTemplate\":\"https:\\\/\\\/interamerica.org\\\/fr\\\/?s={search_term_string}\"},\"query-input\":{\"@type\":\"PropertyValueSpecification\",\"valueRequired\":true,\"valueName\":\"search_term_string\"}}],\"inLanguage\":\"fr-FR\"},{\"@type\":\"Person\",\"@id\":\"https:\\\/\\\/interamerica.org\\\/fr\\\/#\\\/schema\\\/person\\\/29998f2bc2d8bd0d38662909289b54f1\",\"name\":\"libna\",\"image\":{\"@type\":\"ImageObject\",\"inLanguage\":\"fr-FR\",\"@id\":\"https:\\\/\\\/secure.gravatar.com\\\/avatar\\\/7c5bd30ae4b47a9ba3c856590957fd1d96dc588bf3ac05719d247e126840331f?s=96&d=mm&r=g\",\"url\":\"https:\\\/\\\/secure.gravatar.com\\\/avatar\\\/7c5bd30ae4b47a9ba3c856590957fd1d96dc588bf3ac05719d247e126840331f?s=96&d=mm&r=g\",\"contentUrl\":\"https:\\\/\\\/secure.gravatar.com\\\/avatar\\\/7c5bd30ae4b47a9ba3c856590957fd1d96dc588bf3ac05719d247e126840331f?s=96&d=mm&r=g\",\"caption\":\"libna\"}}]}<\/script>\n<!-- \/ Yoast SEO plugin. -->","yoast_head_json":{"title":"ADRA aide les familles touch\u00e9es par les r\u00e9centes \u00e9ruptions volcaniques au Guatemala - \u00c9glise Adventiste Du Septieme Jour - Inter Am\u00e9rique Division","robots":{"index":"index","follow":"follow","max-snippet":"max-snippet:-1","max-image-preview":"max-image-preview:large","max-video-preview":"max-video-preview:-1"},"canonical":"https:\/\/interamerica.org\/fr\/2018\/06\/adra-aide-les-familles-touchees-par-les-recentes-eruptions-volcaniques-au-guatemala\/","og_locale":"fr_FR","og_type":"article","og_title":"ADRA aide les familles touch\u00e9es par les r\u00e9centes \u00e9ruptions volcaniques au Guatemala - \u00c9glise Adventiste Du Septieme Jour - Inter Am\u00e9rique Division","og_description":"6 juin 2018 &#8211; Escuintla, Escuintla, Guatemala | Libna Stevens \/ DIA L\u2019Agence Adventiste de D\u00e9veloppement et de Secours (ADRA) au Guatemala, avec l\u2019aide de ses membres b\u00e9n\u00e9voles, continue de...","og_url":"https:\/\/interamerica.org\/fr\/2018\/06\/adra-aide-les-familles-touchees-par-les-recentes-eruptions-volcaniques-au-guatemala\/","og_site_name":"\u00c9glise Adventiste Du Septieme Jour - Inter Am\u00e9rique Division","article_published_time":"2018-06-07T02:00:39+00:00","article_modified_time":"2018-06-07T14:37:00+00:00","og_image":[{"width":1728,"height":1080,"url":"https:\/\/interamerica.org\/wp-content\/uploads\/2018\/06\/guate-volcano-rescuers1280.jpg","type":"image\/jpeg"}],"author":"libna","twitter_card":"summary_large_image","twitter_misc":{"\u00c9crit par":"libna","Dur\u00e9e de lecture estim\u00e9e":"4 minutes"},"schema":{"@context":"https:\/\/schema.org","@graph":[{"@type":"Article","@id":"https:\/\/interamerica.org\/fr\/2018\/06\/adra-aide-les-familles-touchees-par-les-recentes-eruptions-volcaniques-au-guatemala\/#article","isPartOf":{"@id":"https:\/\/interamerica.org\/fr\/2018\/06\/adra-aide-les-familles-touchees-par-les-recentes-eruptions-volcaniques-au-guatemala\/"},"author":{"name":"libna","@id":"https:\/\/interamerica.org\/fr\/#\/schema\/person\/29998f2bc2d8bd0d38662909289b54f1"},"headline":"ADRA aide les familles touch\u00e9es par les r\u00e9centes \u00e9ruptions volcaniques au Guatemala","datePublished":"2018-06-07T02:00:39+00:00","dateModified":"2018-06-07T14:37:00+00:00","mainEntityOfPage":{"@id":"https:\/\/interamerica.org\/fr\/2018\/06\/adra-aide-les-familles-touchees-par-les-recentes-eruptions-volcaniques-au-guatemala\/"},"wordCount":878,"commentCount":0,"image":{"@id":"https:\/\/interamerica.org\/fr\/2018\/06\/adra-aide-les-familles-touchees-par-les-recentes-eruptions-volcaniques-au-guatemala\/#primaryimage"},"thumbnailUrl":"https:\/\/interamerica.org\/wp-content\/uploads\/2018\/06\/guate-volcano-rescuers1280.jpg","articleSection":["Nouvelles du territoire","RSS Fran\u00e7ais"],"inLanguage":"fr-FR","potentialAction":[{"@type":"CommentAction","name":"Comment","target":["https:\/\/interamerica.org\/fr\/2018\/06\/adra-aide-les-familles-touchees-par-les-recentes-eruptions-volcaniques-au-guatemala\/#respond"]}]},{"@type":"WebPage","@id":"https:\/\/interamerica.org\/fr\/2018\/06\/adra-aide-les-familles-touchees-par-les-recentes-eruptions-volcaniques-au-guatemala\/","url":"https:\/\/interamerica.org\/fr\/2018\/06\/adra-aide-les-familles-touchees-par-les-recentes-eruptions-volcaniques-au-guatemala\/","name":"ADRA aide les familles touch\u00e9es par les r\u00e9centes \u00e9ruptions volcaniques au Guatemala - \u00c9glise Adventiste Du Septieme Jour - Inter Am\u00e9rique Division","isPartOf":{"@id":"https:\/\/interamerica.org\/fr\/#website"},"primaryImageOfPage":{"@id":"https:\/\/interamerica.org\/fr\/2018\/06\/adra-aide-les-familles-touchees-par-les-recentes-eruptions-volcaniques-au-guatemala\/#primaryimage"},"image":{"@id":"https:\/\/interamerica.org\/fr\/2018\/06\/adra-aide-les-familles-touchees-par-les-recentes-eruptions-volcaniques-au-guatemala\/#primaryimage"},"thumbnailUrl":"https:\/\/interamerica.org\/wp-content\/uploads\/2018\/06\/guate-volcano-rescuers1280.jpg","datePublished":"2018-06-07T02:00:39+00:00","dateModified":"2018-06-07T14:37:00+00:00","author":{"@id":"https:\/\/interamerica.org\/fr\/#\/schema\/person\/29998f2bc2d8bd0d38662909289b54f1"},"breadcrumb":{"@id":"https:\/\/interamerica.org\/fr\/2018\/06\/adra-aide-les-familles-touchees-par-les-recentes-eruptions-volcaniques-au-guatemala\/#breadcrumb"},"inLanguage":"fr-FR","potentialAction":[{"@type":"ReadAction","target":["https:\/\/interamerica.org\/fr\/2018\/06\/adra-aide-les-familles-touchees-par-les-recentes-eruptions-volcaniques-au-guatemala\/"]}]},{"@type":"ImageObject","inLanguage":"fr-FR","@id":"https:\/\/interamerica.org\/fr\/2018\/06\/adra-aide-les-familles-touchees-par-les-recentes-eruptions-volcaniques-au-guatemala\/#primaryimage","url":"https:\/\/interamerica.org\/wp-content\/uploads\/2018\/06\/guate-volcano-rescuers1280.jpg","contentUrl":"https:\/\/interamerica.org\/wp-content\/uploads\/2018\/06\/guate-volcano-rescuers1280.jpg","width":1728,"height":1080},{"@type":"BreadcrumbList","@id":"https:\/\/interamerica.org\/fr\/2018\/06\/adra-aide-les-familles-touchees-par-les-recentes-eruptions-volcaniques-au-guatemala\/#breadcrumb","itemListElement":[{"@type":"ListItem","position":1,"name":"Home","item":"https:\/\/interamerica.org\/fr\/"},{"@type":"ListItem","position":2,"name":"ADRA aide les familles touch\u00e9es par les r\u00e9centes \u00e9ruptions volcaniques au Guatemala"}]},{"@type":"WebSite","@id":"https:\/\/interamerica.org\/fr\/#website","url":"https:\/\/interamerica.org\/fr\/","name":"\u00c9glise Adventiste Du Septieme Jour - Inter Am\u00e9rique Division","description":"","potentialAction":[{"@type":"SearchAction","target":{"@type":"EntryPoint","urlTemplate":"https:\/\/interamerica.org\/fr\/?s={search_term_string}"},"query-input":{"@type":"PropertyValueSpecification","valueRequired":true,"valueName":"search_term_string"}}],"inLanguage":"fr-FR"},{"@type":"Person","@id":"https:\/\/interamerica.org\/fr\/#\/schema\/person\/29998f2bc2d8bd0d38662909289b54f1","name":"libna","image":{"@type":"ImageObject","inLanguage":"fr-FR","@id":"https:\/\/secure.gravatar.com\/avatar\/7c5bd30ae4b47a9ba3c856590957fd1d96dc588bf3ac05719d247e126840331f?s=96&d=mm&r=g","url":"https:\/\/secure.gravatar.com\/avatar\/7c5bd30ae4b47a9ba3c856590957fd1d96dc588bf3ac05719d247e126840331f?s=96&d=mm&r=g","contentUrl":"https:\/\/secure.gravatar.com\/avatar\/7c5bd30ae4b47a9ba3c856590957fd1d96dc588bf3ac05719d247e126840331f?s=96&d=mm&r=g","caption":"libna"}}]}},"_links":{"self":[{"href":"https:\/\/interamerica.org\/fr\/wp-json\/wp\/v2\/posts\/42109","targetHints":{"allow":["GET"]}}],"collection":[{"href":"https:\/\/interamerica.org\/fr\/wp-json\/wp\/v2\/posts"}],"about":[{"href":"https:\/\/interamerica.org\/fr\/wp-json\/wp\/v2\/types\/post"}],"author":[{"embeddable":true,"href":"https:\/\/interamerica.org\/fr\/wp-json\/wp\/v2\/users\/3"}],"replies":[{"embeddable":true,"href":"https:\/\/interamerica.org\/fr\/wp-json\/wp\/v2\/comments?post=42109"}],"version-history":[{"count":0,"href":"https:\/\/interamerica.org\/fr\/wp-json\/wp\/v2\/posts\/42109\/revisions"}],"wp:featuredmedia":[{"embeddable":true,"href":"https:\/\/interamerica.org\/fr\/wp-json\/wp\/v2\/media\/42079"}],"wp:attachment":[{"href":"https:\/\/interamerica.org\/fr\/wp-json\/wp\/v2\/media?parent=42109"}],"wp:term":[{"taxonomy":"category","embeddable":true,"href":"https:\/\/interamerica.org\/fr\/wp-json\/wp\/v2\/categories?post=42109"},{"taxonomy":"post_tag","embeddable":true,"href":"https:\/\/interamerica.org\/fr\/wp-json\/wp\/v2\/tags?post=42109"}],"curies":[{"name":"wp","href":"https:\/\/api.w.org\/{rel}","templated":true}]}}