{"id":42111,"date":"2018-06-07T22:32:05","date_gmt":"2018-06-08T02:32:05","guid":{"rendered":"https:\/\/recursing-golick.147-182-135-0.plesk.page\/?p=42111"},"modified":"2018-06-13T12:51:54","modified_gmt":"2018-06-13T16:51:54","slug":"une-universite-adventiste-explore-le-monde-de-la-realite-augmentee","status":"publish","type":"post","link":"https:\/\/interamerica.org\/fr\/2018\/06\/une-universite-adventiste-explore-le-monde-de-la-realite-augmentee\/","title":{"rendered":"Une universit\u00e9 Adventiste explore le monde de la r\u00e9alit\u00e9 augment\u00e9e"},"content":{"rendered":"<div id=\"attachment_42095\" style=\"width: 770px\" class=\"wp-caption aligncenter\"><img fetchpriority=\"high\" decoding=\"async\" aria-describedby=\"caption-attachment-42095\" class=\" wp-image-42095\" src=\"https:\/\/recursing-golick.147-182-135-0.plesk.page\/wp-content\/uploads\/2018\/06\/adventist-university-explores-the-world-of-augmented-reality.jpg\" alt=\"\" width=\"760\" height=\"380\" srcset=\"https:\/\/interamerica.org\/wp-content\/uploads\/2018\/06\/adventist-university-explores-the-world-of-augmented-reality.jpg 1000w, https:\/\/interamerica.org\/wp-content\/uploads\/2018\/06\/adventist-university-explores-the-world-of-augmented-reality-300x150.jpg 300w, https:\/\/interamerica.org\/wp-content\/uploads\/2018\/06\/adventist-university-explores-the-world-of-augmented-reality-768x384.jpg 768w\" sizes=\"(max-width: 760px) 100vw, 760px\" \/><p id=\"caption-attachment-42095\" class=\"wp-caption-text\"><br \/>Les \u00e9tudiants dans le domaine de la sant\u00e9 d\u00e9couvrent un nouveau monde innovant d\u2019\u00e9ducation virtuelle avec des lunettes de r\u00e9alit\u00e9 augment\u00e9e. Photo du P\u00f4le Information de l\u2019Universit\u00e9 de Loma Linda<\/p><\/div>\n<p><span class=\"byline-news\">6 juin 2018 | Loma Linda, Californie, \u00c9tats-Unis | Genesis Gonzalez, P\u00f4le Information de l\u2019Universit\u00e9 de Loma Linda <\/span><\/p>\n<p><span class=\"cap\">L<\/span>\u2019Universit\u00e9 de Loma Linda, une \u00e9cole Adventiste du Septi\u00e8me Jour \u00e0 Loma Linda, en Californie, aux \u00c9tats-Unis, introduit la r\u00e9alit\u00e9 augment\u00e9e (RA) dans l\u2019\u00e9ducation m\u00e9dicale \u00e0 l\u2019aide de lunettes de RA. Les \u00e9tudiants de la Facult\u00e9 de M\u00e9decine et de l\u2019\u00c9cole des Professions Param\u00e9dicales ont cette opportunit\u00e9 unique de porter des lunettes de RA pour une formation pratique sur la technique du cath\u00e9ter veineux central gr\u00e2ce \u00e0 l\u2019apprentissage par simulation.<\/p>\n<p>La r\u00e9alit\u00e9 augment\u00e9e est d\u00e9finie comme \u00e9tant une technologie qui fusionne l\u2019exp\u00e9rience du monde r\u00e9el et du monde virtuel. Elle est rapidement en train de devenir une technologie \u00e9mergente dans l\u2019\u00e9ducation et a \u00e9t\u00e9 \u00e9tudi\u00e9 dans l\u2019enseignement des techniques chirurgicales, explique Laren Tan, un pneumologue de soins intensifs et un sp\u00e9cialiste de l\u2019obstruction des poumons au P\u00f4le Sant\u00e9 de l\u2019Universit\u00e9 de Loma Linda.<\/p>\n<p>D\u2019autre part, une ligne de cath\u00e9ter veineux central est une technique intrusive fr\u00e9quemment utilis\u00e9e par les professionnels de la sant\u00e9 et plac\u00e9e sur le cou, l\u2019\u00e9paule ou au niveau de l\u2019aine. Elle est souvent utilis\u00e9e pour perfuser des m\u00e9dicaments ou des fluides \u00e0 un patient \u00e0 travers une veine.<\/p>\n<p>Le mod\u00e8le d\u2019enseignement classique pour l\u2019insertion d\u2019un cath\u00e9ter veineux central est bas\u00e9 sur le concept de \u00ab voir un, faire un, enseigner un, \u00bb mais l\u2019apprentissage de comp\u00e9tences complexes comme celles-ci pr\u00e9sente souvent un risque pour les patients, a dit Laren Tan.<\/p>\n<p>L\u2019utilisation correcte des techniques et dispositifs intraveineux est fortement recommand\u00e9e pour les op\u00e9rateurs novices, selon les directives du Centre de Contr\u00f4le et de Pr\u00e9vention des Maladies et du Comit\u00e9 Consultatif sur les Pratiques de Contr\u00f4le des Infections Sanitaires. Concernant le cas sp\u00e9cifique de l\u2019insertion de cath\u00e9ter veineux central, LarenTan dit qu\u2019il a \u00e9t\u00e9 d\u00e9montr\u00e9 que l\u2019apprentissage bas\u00e9 sur la simulation am\u00e9liore les connaissances proc\u00e9durales et les protocoles de s\u00e9curit\u00e9.<\/p>\n<p><strong>Tout a Commenc\u00e9 par une Id\u00e9e<\/strong><\/p>\n<p>Il y a trois ans, une \u00e9quipe comprenant des chercheurs de l\u2019Universit\u00e9 de Loma Linda et de l\u2019Universit\u00e9 de La Sierra \u00e0 Riverside s\u2019est r\u00e9unie et a soumis la question suivante : comment proposer une technologie innovante sans d\u00e9penser des millions de dollars ?<\/p>\n<div id=\"attachment_42098\" style=\"width: 765px\" class=\"wp-caption aligncenter\"><img decoding=\"async\" aria-describedby=\"caption-attachment-42098\" class=\"wp-image-42098 size-full\" src=\"https:\/\/recursing-golick.147-182-135-0.plesk.page\/wp-content\/uploads\/2018\/06\/adventist-university-explores-the-world-of-augmented-reality-2.jpg\" alt=\"\" width=\"755\" height=\"425\" srcset=\"https:\/\/interamerica.org\/wp-content\/uploads\/2018\/06\/adventist-university-explores-the-world-of-augmented-reality-2.jpg 755w, https:\/\/interamerica.org\/wp-content\/uploads\/2018\/06\/adventist-university-explores-the-world-of-augmented-reality-2-300x169.jpg 300w\" sizes=\"(max-width: 755px) 100vw, 755px\" \/><p id=\"caption-attachment-42098\" class=\"wp-caption-text\">Photo du P\u00f4le Information de l\u2019Universit\u00e9 de Loma Linda<\/p><\/div>\n<p>La r\u00e9ponse \u00e9tait simple. Envoyer une proposition \u00e0 Brother, l\u2019entreprise \u00e0 l\u2019origine du produit, pour solliciter l\u2019utilisation de leurs lunettes augment\u00e9es AiRScouter dans la simulation d\u2019insertion de cath\u00e9ter veineux central. Les lunettes aideraient \u00e0 d\u00e9terminer si l\u2019utilisation de la RA dans la simulation du cath\u00e9ter veineux central par des \u00e9tudiants en m\u00e9decine novices les ferait progresser dans l\u2019acquisition de comp\u00e9tences et, en fin de compte, r\u00e9duirait les complications pour le patient.<\/p>\n<p>\u00ab Cela donne la possibilit\u00e9 \u00e0 ceux qui apprennent de pratiquer dans un environnement contr\u00f4l\u00e9, et att\u00e9nue la pression li\u00e9e aux cons\u00e9quences dans la vie r\u00e9elle, \u00bb a expliqu\u00e9 Laren Tan.<\/p>\n<p><strong>Avantages de la Nouvelle Technique<\/strong><\/p>\n<p>Chaque ann\u00e9e, jusqu\u2019\u00e0 5 millions de cath\u00e9ters veineux centraux (CVC) sont plac\u00e9s sur les patients pour une surveillance h\u00e9modynamique qui permet de mesurer la pression art\u00e9rielle dans les veines, le c\u0153ur et les art\u00e8res. Selon la recherche men\u00e9e par l\u2019\u00e9quipe, \u00ab L&rsquo;utilisation de Lunettes de R\u00e9alit\u00e9 Augment\u00e9e dans la Simulation de Cath\u00e9ter Veineux Central, \u00bb l\u2019apprentissage par simulation permet aux \u00e9tudiants de pratiquer des techniques complexes dans un environnement contr\u00f4l\u00e9 sans subir l\u2019anxi\u00e9t\u00e9 ou le stress li\u00e9s au risque de perturber le niveau de confort du patient.<\/p>\n<p>\u00ab Ce qu\u2019il y a d\u2019unique \u00e0 propos de la RA est que cela ne change pas la r\u00e9alit\u00e9 dans laquelle vous \u00eates, mais ajoute \u00e0 ce que vous \u00eates en train de vivre, \u00bb a dit Laren Tan.<\/p>\n<p>Les \u00e9l\u00e8ves peuvent lire du texte, regarder des vid\u00e9os ou discuter en direct tout en portant leurs lunettes. Avec l\u2019aide de la RA, les \u00e9tudiants et les professionnels de sant\u00e9 respectent les protocoles de s\u00e9curit\u00e9 et assurent le meilleur r\u00e9sultat pour le patient.<\/p>\n<p><strong>Autres Utilisations de la RA<\/strong><\/p>\n<p>Selon Abdullah Alismail, directeur du programme de certificat en polysomnographie et directeur de la formation clinique dans le programme de soins respiratoires \u00e0 l\u2019\u00c9cole des Professions Param\u00e9dicales de l\u2019Universit\u00e9 de Loma Linda, il existe de nombreuses fa\u00e7ons novatrices d\u2019utiliser la r\u00e9alit\u00e9 augment\u00e9e.<\/p>\n<p>\u00ab Elle peut \u00eatre utilis\u00e9e pour l\u2019intubation, l\u2019\u00e9chographie pulmonaire, la ventilation m\u00e9canique ou les tests de gaz du sang art\u00e9riel, \u00bb explique Abdullah Alismail.<\/p>\n<p>Au total, 32 professionnels de sant\u00e9 ont particip\u00e9 \u00e0 la recherche sur la r\u00e9alit\u00e9 augment\u00e9e l\u2019ann\u00e9e derni\u00e8re, y compris des th\u00e9rapeutes du syst\u00e8me respiratoire, des m\u00e9decins et des techniciens du sommeil. L\u2019objectif de la recherche \u00e9tait de d\u00e9terminer si le mod\u00e8le traditionnel pouvait faire le poids face \u00e0 une technique plus avanc\u00e9e et plus compl\u00e8te pour l\u2019application d\u2019un CVC.<\/p>\n<p>Les lunettes de RA offrent de nombreuses opportunit\u00e9s pour la prochaine g\u00e9n\u00e9ration de professionnels de sant\u00e9, a indiqu\u00e9 Jonathan Thomas, responsable de la gestion des soins de sant\u00e9 et \u00e9tudiant en pr\u00e9pa de m\u00e9decine \u00e0 l\u2019Universit\u00e9 de La Sierra.<\/p>\n<p>\u00ab Plus tard, les m\u00e9decins pourront personnaliser ce qu\u2019ils voient avec les lunettes de RA, \u00bb a expliqu\u00e9 Jonathan Thomas. \u00ab S\u2019ils n&rsquo;ont pas besoin de voir les listes de contr\u00f4le, alors peut-\u00eatre voudront-ils consulter les signes vitaux du patient ou les images \u00e9chographiques, tout en gardant les yeux sur le patient. \u00bb<\/p>\n<p>On apprend en consid\u00e9rant le questionnaire remis aux \u00e9tudiants utilisant les lunettes de RA, que 80 pour cent d\u2019entre eux croient que l\u2019information affich\u00e9e est appropri\u00e9e et n\u2019est pas difficile \u00e0 lire. L\u2019Universit\u00e9 de Loma Linda poss\u00e8de actuellement cinq lunettes de RA et explore d\u2019autres utilisations dans le cadre de ses programmes de soins m\u00e9dicaux.<\/p>\n<p>\u00ab Nous continuerons d\u2019explorer l\u2019utilisation de la RA dans la salle de classe et de proposer \u00e0 nos \u00e9tudiants la formation pratique dont ils ont besoin pour \u00eatre les meilleurs professionnels de sant\u00e9, \u00bb a expliqu\u00e9 Laren Tan.<\/p>\n<p>Traduction: Patrick Luciathe<\/p>\n","protected":false},"excerpt":{"rendered":"<p>6 juin 2018 | Loma Linda, Californie, \u00c9tats-Unis | Genesis Gonzalez, P\u00f4le Information de l\u2019Universit\u00e9 de Loma Linda L\u2019Universit\u00e9 de Loma Linda, une \u00e9cole Adventiste du Septi\u00e8me Jour \u00e0 Loma&#8230;<\/p>\n","protected":false},"author":3,"featured_media":42096,"comment_status":"open","ping_status":"closed","sticky":false,"template":"","format":"standard","meta":{"_acf_changed":false,"footnotes":""},"categories":[18,19],"tags":[],"class_list":["post-42111","post","type-post","status-publish","format-standard","has-post-thumbnail","hentry","category-nouvelles-de-leglise-mondiale","category-rss-francais"],"acf":[],"yoast_head":"<!-- This site is optimized with the Yoast SEO plugin v27.3 - https:\/\/yoast.com\/product\/yoast-seo-wordpress\/ -->\n<title>Une universit\u00e9 Adventiste explore le monde de la r\u00e9alit\u00e9 augment\u00e9e - \u00c9glise Adventiste Du Septieme Jour - Inter Am\u00e9rique Division<\/title>\n<meta name=\"robots\" content=\"index, follow, max-snippet:-1, max-image-preview:large, max-video-preview:-1\" \/>\n<link rel=\"canonical\" href=\"https:\/\/interamerica.org\/fr\/2018\/06\/une-universite-adventiste-explore-le-monde-de-la-realite-augmentee\/\" \/>\n<meta property=\"og:locale\" content=\"fr_FR\" \/>\n<meta property=\"og:type\" content=\"article\" \/>\n<meta property=\"og:title\" content=\"Une universit\u00e9 Adventiste explore le monde de la r\u00e9alit\u00e9 augment\u00e9e - \u00c9glise Adventiste Du Septieme Jour - Inter Am\u00e9rique Division\" \/>\n<meta property=\"og:description\" content=\"6 juin 2018 | Loma Linda, Californie, \u00c9tats-Unis | Genesis Gonzalez, P\u00f4le Information de l\u2019Universit\u00e9 de Loma Linda L\u2019Universit\u00e9 de Loma Linda, une \u00e9cole Adventiste du Septi\u00e8me Jour \u00e0 Loma...\" \/>\n<meta property=\"og:url\" content=\"https:\/\/interamerica.org\/fr\/2018\/06\/une-universite-adventiste-explore-le-monde-de-la-realite-augmentee\/\" \/>\n<meta property=\"og:site_name\" content=\"\u00c9glise Adventiste Du Septieme Jour - Inter Am\u00e9rique Division\" \/>\n<meta property=\"article:published_time\" content=\"2018-06-08T02:32:05+00:00\" \/>\n<meta property=\"article:modified_time\" content=\"2018-06-13T16:51:54+00:00\" \/>\n<meta property=\"og:image\" content=\"https:\/\/interamerica.org\/wp-content\/uploads\/2018\/06\/adventist-university-explores-the-world-of-augmented-reality.jpg\" \/>\n\t<meta property=\"og:image:width\" content=\"1000\" \/>\n\t<meta property=\"og:image:height\" content=\"500\" \/>\n\t<meta property=\"og:image:type\" content=\"image\/jpeg\" \/>\n<meta name=\"author\" content=\"libna\" \/>\n<meta name=\"twitter:card\" content=\"summary_large_image\" \/>\n<meta name=\"twitter:label1\" content=\"\u00c9crit par\" \/>\n\t<meta name=\"twitter:data1\" content=\"libna\" \/>\n\t<meta name=\"twitter:label2\" content=\"Dur\u00e9e de lecture estim\u00e9e\" \/>\n\t<meta name=\"twitter:data2\" content=\"6 minutes\" \/>\n<script type=\"application\/ld+json\" class=\"yoast-schema-graph\">{\"@context\":\"https:\\\/\\\/schema.org\",\"@graph\":[{\"@type\":\"Article\",\"@id\":\"https:\\\/\\\/interamerica.org\\\/fr\\\/2018\\\/06\\\/une-universite-adventiste-explore-le-monde-de-la-realite-augmentee\\\/#article\",\"isPartOf\":{\"@id\":\"https:\\\/\\\/interamerica.org\\\/fr\\\/2018\\\/06\\\/une-universite-adventiste-explore-le-monde-de-la-realite-augmentee\\\/\"},\"author\":{\"name\":\"libna\",\"@id\":\"https:\\\/\\\/interamerica.org\\\/fr\\\/#\\\/schema\\\/person\\\/29998f2bc2d8bd0d38662909289b54f1\"},\"headline\":\"Une universit\u00e9 Adventiste explore le monde de la r\u00e9alit\u00e9 augment\u00e9e\",\"datePublished\":\"2018-06-08T02:32:05+00:00\",\"dateModified\":\"2018-06-13T16:51:54+00:00\",\"mainEntityOfPage\":{\"@id\":\"https:\\\/\\\/interamerica.org\\\/fr\\\/2018\\\/06\\\/une-universite-adventiste-explore-le-monde-de-la-realite-augmentee\\\/\"},\"wordCount\":1146,\"commentCount\":0,\"image\":{\"@id\":\"https:\\\/\\\/interamerica.org\\\/fr\\\/2018\\\/06\\\/une-universite-adventiste-explore-le-monde-de-la-realite-augmentee\\\/#primaryimage\"},\"thumbnailUrl\":\"https:\\\/\\\/interamerica.org\\\/wp-content\\\/uploads\\\/2018\\\/06\\\/adventist-university-explores-the-world-of-augmented-reality.jpg\",\"articleSection\":[\"Nouvelles de l'\u00c9glise mondiale\",\"RSS Fran\u00e7ais\"],\"inLanguage\":\"fr-FR\",\"potentialAction\":[{\"@type\":\"CommentAction\",\"name\":\"Comment\",\"target\":[\"https:\\\/\\\/interamerica.org\\\/fr\\\/2018\\\/06\\\/une-universite-adventiste-explore-le-monde-de-la-realite-augmentee\\\/#respond\"]}]},{\"@type\":\"WebPage\",\"@id\":\"https:\\\/\\\/interamerica.org\\\/fr\\\/2018\\\/06\\\/une-universite-adventiste-explore-le-monde-de-la-realite-augmentee\\\/\",\"url\":\"https:\\\/\\\/interamerica.org\\\/fr\\\/2018\\\/06\\\/une-universite-adventiste-explore-le-monde-de-la-realite-augmentee\\\/\",\"name\":\"Une universit\u00e9 Adventiste explore le monde de la r\u00e9alit\u00e9 augment\u00e9e - \u00c9glise Adventiste Du Septieme Jour - Inter Am\u00e9rique Division\",\"isPartOf\":{\"@id\":\"https:\\\/\\\/interamerica.org\\\/fr\\\/#website\"},\"primaryImageOfPage\":{\"@id\":\"https:\\\/\\\/interamerica.org\\\/fr\\\/2018\\\/06\\\/une-universite-adventiste-explore-le-monde-de-la-realite-augmentee\\\/#primaryimage\"},\"image\":{\"@id\":\"https:\\\/\\\/interamerica.org\\\/fr\\\/2018\\\/06\\\/une-universite-adventiste-explore-le-monde-de-la-realite-augmentee\\\/#primaryimage\"},\"thumbnailUrl\":\"https:\\\/\\\/interamerica.org\\\/wp-content\\\/uploads\\\/2018\\\/06\\\/adventist-university-explores-the-world-of-augmented-reality.jpg\",\"datePublished\":\"2018-06-08T02:32:05+00:00\",\"dateModified\":\"2018-06-13T16:51:54+00:00\",\"author\":{\"@id\":\"https:\\\/\\\/interamerica.org\\\/fr\\\/#\\\/schema\\\/person\\\/29998f2bc2d8bd0d38662909289b54f1\"},\"breadcrumb\":{\"@id\":\"https:\\\/\\\/interamerica.org\\\/fr\\\/2018\\\/06\\\/une-universite-adventiste-explore-le-monde-de-la-realite-augmentee\\\/#breadcrumb\"},\"inLanguage\":\"fr-FR\",\"potentialAction\":[{\"@type\":\"ReadAction\",\"target\":[\"https:\\\/\\\/interamerica.org\\\/fr\\\/2018\\\/06\\\/une-universite-adventiste-explore-le-monde-de-la-realite-augmentee\\\/\"]}]},{\"@type\":\"ImageObject\",\"inLanguage\":\"fr-FR\",\"@id\":\"https:\\\/\\\/interamerica.org\\\/fr\\\/2018\\\/06\\\/une-universite-adventiste-explore-le-monde-de-la-realite-augmentee\\\/#primaryimage\",\"url\":\"https:\\\/\\\/interamerica.org\\\/wp-content\\\/uploads\\\/2018\\\/06\\\/adventist-university-explores-the-world-of-augmented-reality.jpg\",\"contentUrl\":\"https:\\\/\\\/interamerica.org\\\/wp-content\\\/uploads\\\/2018\\\/06\\\/adventist-university-explores-the-world-of-augmented-reality.jpg\",\"width\":1000,\"height\":500,\"caption\":\"Healthcare students experience an innovative new world of virtual education with augmented reality glasses. Photo by Loma Linda University News]\"},{\"@type\":\"BreadcrumbList\",\"@id\":\"https:\\\/\\\/interamerica.org\\\/fr\\\/2018\\\/06\\\/une-universite-adventiste-explore-le-monde-de-la-realite-augmentee\\\/#breadcrumb\",\"itemListElement\":[{\"@type\":\"ListItem\",\"position\":1,\"name\":\"Home\",\"item\":\"https:\\\/\\\/interamerica.org\\\/fr\\\/\"},{\"@type\":\"ListItem\",\"position\":2,\"name\":\"Une universit\u00e9 Adventiste explore le monde de la r\u00e9alit\u00e9 augment\u00e9e\"}]},{\"@type\":\"WebSite\",\"@id\":\"https:\\\/\\\/interamerica.org\\\/fr\\\/#website\",\"url\":\"https:\\\/\\\/interamerica.org\\\/fr\\\/\",\"name\":\"\u00c9glise Adventiste Du Septieme Jour - Inter Am\u00e9rique Division\",\"description\":\"\",\"potentialAction\":[{\"@type\":\"SearchAction\",\"target\":{\"@type\":\"EntryPoint\",\"urlTemplate\":\"https:\\\/\\\/interamerica.org\\\/fr\\\/?s={search_term_string}\"},\"query-input\":{\"@type\":\"PropertyValueSpecification\",\"valueRequired\":true,\"valueName\":\"search_term_string\"}}],\"inLanguage\":\"fr-FR\"},{\"@type\":\"Person\",\"@id\":\"https:\\\/\\\/interamerica.org\\\/fr\\\/#\\\/schema\\\/person\\\/29998f2bc2d8bd0d38662909289b54f1\",\"name\":\"libna\",\"image\":{\"@type\":\"ImageObject\",\"inLanguage\":\"fr-FR\",\"@id\":\"https:\\\/\\\/secure.gravatar.com\\\/avatar\\\/7c5bd30ae4b47a9ba3c856590957fd1d96dc588bf3ac05719d247e126840331f?s=96&d=mm&r=g\",\"url\":\"https:\\\/\\\/secure.gravatar.com\\\/avatar\\\/7c5bd30ae4b47a9ba3c856590957fd1d96dc588bf3ac05719d247e126840331f?s=96&d=mm&r=g\",\"contentUrl\":\"https:\\\/\\\/secure.gravatar.com\\\/avatar\\\/7c5bd30ae4b47a9ba3c856590957fd1d96dc588bf3ac05719d247e126840331f?s=96&d=mm&r=g\",\"caption\":\"libna\"}}]}<\/script>\n<!-- \/ Yoast SEO plugin. -->","yoast_head_json":{"title":"Une universit\u00e9 Adventiste explore le monde de la r\u00e9alit\u00e9 augment\u00e9e - \u00c9glise Adventiste Du Septieme Jour - Inter Am\u00e9rique Division","robots":{"index":"index","follow":"follow","max-snippet":"max-snippet:-1","max-image-preview":"max-image-preview:large","max-video-preview":"max-video-preview:-1"},"canonical":"https:\/\/interamerica.org\/fr\/2018\/06\/une-universite-adventiste-explore-le-monde-de-la-realite-augmentee\/","og_locale":"fr_FR","og_type":"article","og_title":"Une universit\u00e9 Adventiste explore le monde de la r\u00e9alit\u00e9 augment\u00e9e - \u00c9glise Adventiste Du Septieme Jour - Inter Am\u00e9rique Division","og_description":"6 juin 2018 | Loma Linda, Californie, \u00c9tats-Unis | Genesis Gonzalez, P\u00f4le Information de l\u2019Universit\u00e9 de Loma Linda L\u2019Universit\u00e9 de Loma Linda, une \u00e9cole Adventiste du Septi\u00e8me Jour \u00e0 Loma...","og_url":"https:\/\/interamerica.org\/fr\/2018\/06\/une-universite-adventiste-explore-le-monde-de-la-realite-augmentee\/","og_site_name":"\u00c9glise Adventiste Du Septieme Jour - Inter Am\u00e9rique Division","article_published_time":"2018-06-08T02:32:05+00:00","article_modified_time":"2018-06-13T16:51:54+00:00","og_image":[{"width":1000,"height":500,"url":"https:\/\/interamerica.org\/wp-content\/uploads\/2018\/06\/adventist-university-explores-the-world-of-augmented-reality.jpg","type":"image\/jpeg"}],"author":"libna","twitter_card":"summary_large_image","twitter_misc":{"\u00c9crit par":"libna","Dur\u00e9e de lecture estim\u00e9e":"6 minutes"},"schema":{"@context":"https:\/\/schema.org","@graph":[{"@type":"Article","@id":"https:\/\/interamerica.org\/fr\/2018\/06\/une-universite-adventiste-explore-le-monde-de-la-realite-augmentee\/#article","isPartOf":{"@id":"https:\/\/interamerica.org\/fr\/2018\/06\/une-universite-adventiste-explore-le-monde-de-la-realite-augmentee\/"},"author":{"name":"libna","@id":"https:\/\/interamerica.org\/fr\/#\/schema\/person\/29998f2bc2d8bd0d38662909289b54f1"},"headline":"Une universit\u00e9 Adventiste explore le monde de la r\u00e9alit\u00e9 augment\u00e9e","datePublished":"2018-06-08T02:32:05+00:00","dateModified":"2018-06-13T16:51:54+00:00","mainEntityOfPage":{"@id":"https:\/\/interamerica.org\/fr\/2018\/06\/une-universite-adventiste-explore-le-monde-de-la-realite-augmentee\/"},"wordCount":1146,"commentCount":0,"image":{"@id":"https:\/\/interamerica.org\/fr\/2018\/06\/une-universite-adventiste-explore-le-monde-de-la-realite-augmentee\/#primaryimage"},"thumbnailUrl":"https:\/\/interamerica.org\/wp-content\/uploads\/2018\/06\/adventist-university-explores-the-world-of-augmented-reality.jpg","articleSection":["Nouvelles de l'\u00c9glise mondiale","RSS Fran\u00e7ais"],"inLanguage":"fr-FR","potentialAction":[{"@type":"CommentAction","name":"Comment","target":["https:\/\/interamerica.org\/fr\/2018\/06\/une-universite-adventiste-explore-le-monde-de-la-realite-augmentee\/#respond"]}]},{"@type":"WebPage","@id":"https:\/\/interamerica.org\/fr\/2018\/06\/une-universite-adventiste-explore-le-monde-de-la-realite-augmentee\/","url":"https:\/\/interamerica.org\/fr\/2018\/06\/une-universite-adventiste-explore-le-monde-de-la-realite-augmentee\/","name":"Une universit\u00e9 Adventiste explore le monde de la r\u00e9alit\u00e9 augment\u00e9e - \u00c9glise Adventiste Du Septieme Jour - Inter Am\u00e9rique Division","isPartOf":{"@id":"https:\/\/interamerica.org\/fr\/#website"},"primaryImageOfPage":{"@id":"https:\/\/interamerica.org\/fr\/2018\/06\/une-universite-adventiste-explore-le-monde-de-la-realite-augmentee\/#primaryimage"},"image":{"@id":"https:\/\/interamerica.org\/fr\/2018\/06\/une-universite-adventiste-explore-le-monde-de-la-realite-augmentee\/#primaryimage"},"thumbnailUrl":"https:\/\/interamerica.org\/wp-content\/uploads\/2018\/06\/adventist-university-explores-the-world-of-augmented-reality.jpg","datePublished":"2018-06-08T02:32:05+00:00","dateModified":"2018-06-13T16:51:54+00:00","author":{"@id":"https:\/\/interamerica.org\/fr\/#\/schema\/person\/29998f2bc2d8bd0d38662909289b54f1"},"breadcrumb":{"@id":"https:\/\/interamerica.org\/fr\/2018\/06\/une-universite-adventiste-explore-le-monde-de-la-realite-augmentee\/#breadcrumb"},"inLanguage":"fr-FR","potentialAction":[{"@type":"ReadAction","target":["https:\/\/interamerica.org\/fr\/2018\/06\/une-universite-adventiste-explore-le-monde-de-la-realite-augmentee\/"]}]},{"@type":"ImageObject","inLanguage":"fr-FR","@id":"https:\/\/interamerica.org\/fr\/2018\/06\/une-universite-adventiste-explore-le-monde-de-la-realite-augmentee\/#primaryimage","url":"https:\/\/interamerica.org\/wp-content\/uploads\/2018\/06\/adventist-university-explores-the-world-of-augmented-reality.jpg","contentUrl":"https:\/\/interamerica.org\/wp-content\/uploads\/2018\/06\/adventist-university-explores-the-world-of-augmented-reality.jpg","width":1000,"height":500,"caption":"Healthcare students experience an innovative new world of virtual education with augmented reality glasses. Photo by Loma Linda University News]"},{"@type":"BreadcrumbList","@id":"https:\/\/interamerica.org\/fr\/2018\/06\/une-universite-adventiste-explore-le-monde-de-la-realite-augmentee\/#breadcrumb","itemListElement":[{"@type":"ListItem","position":1,"name":"Home","item":"https:\/\/interamerica.org\/fr\/"},{"@type":"ListItem","position":2,"name":"Une universit\u00e9 Adventiste explore le monde de la r\u00e9alit\u00e9 augment\u00e9e"}]},{"@type":"WebSite","@id":"https:\/\/interamerica.org\/fr\/#website","url":"https:\/\/interamerica.org\/fr\/","name":"\u00c9glise Adventiste Du Septieme Jour - Inter Am\u00e9rique Division","description":"","potentialAction":[{"@type":"SearchAction","target":{"@type":"EntryPoint","urlTemplate":"https:\/\/interamerica.org\/fr\/?s={search_term_string}"},"query-input":{"@type":"PropertyValueSpecification","valueRequired":true,"valueName":"search_term_string"}}],"inLanguage":"fr-FR"},{"@type":"Person","@id":"https:\/\/interamerica.org\/fr\/#\/schema\/person\/29998f2bc2d8bd0d38662909289b54f1","name":"libna","image":{"@type":"ImageObject","inLanguage":"fr-FR","@id":"https:\/\/secure.gravatar.com\/avatar\/7c5bd30ae4b47a9ba3c856590957fd1d96dc588bf3ac05719d247e126840331f?s=96&d=mm&r=g","url":"https:\/\/secure.gravatar.com\/avatar\/7c5bd30ae4b47a9ba3c856590957fd1d96dc588bf3ac05719d247e126840331f?s=96&d=mm&r=g","contentUrl":"https:\/\/secure.gravatar.com\/avatar\/7c5bd30ae4b47a9ba3c856590957fd1d96dc588bf3ac05719d247e126840331f?s=96&d=mm&r=g","caption":"libna"}}]}},"_links":{"self":[{"href":"https:\/\/interamerica.org\/fr\/wp-json\/wp\/v2\/posts\/42111","targetHints":{"allow":["GET"]}}],"collection":[{"href":"https:\/\/interamerica.org\/fr\/wp-json\/wp\/v2\/posts"}],"about":[{"href":"https:\/\/interamerica.org\/fr\/wp-json\/wp\/v2\/types\/post"}],"author":[{"embeddable":true,"href":"https:\/\/interamerica.org\/fr\/wp-json\/wp\/v2\/users\/3"}],"replies":[{"embeddable":true,"href":"https:\/\/interamerica.org\/fr\/wp-json\/wp\/v2\/comments?post=42111"}],"version-history":[{"count":0,"href":"https:\/\/interamerica.org\/fr\/wp-json\/wp\/v2\/posts\/42111\/revisions"}],"wp:featuredmedia":[{"embeddable":true,"href":"https:\/\/interamerica.org\/fr\/wp-json\/wp\/v2\/media\/42096"}],"wp:attachment":[{"href":"https:\/\/interamerica.org\/fr\/wp-json\/wp\/v2\/media?parent=42111"}],"wp:term":[{"taxonomy":"category","embeddable":true,"href":"https:\/\/interamerica.org\/fr\/wp-json\/wp\/v2\/categories?post=42111"},{"taxonomy":"post_tag","embeddable":true,"href":"https:\/\/interamerica.org\/fr\/wp-json\/wp\/v2\/tags?post=42111"}],"curies":[{"name":"wp","href":"https:\/\/api.w.org\/{rel}","templated":true}]}}