{"id":42150,"date":"2018-06-12T22:13:20","date_gmt":"2018-06-13T02:13:20","guid":{"rendered":"https:\/\/recursing-golick.147-182-135-0.plesk.page\/?p=42150"},"modified":"2018-06-13T15:34:09","modified_gmt":"2018-06-13T19:34:09","slug":"adra-collabore-a-la-formation-des-professionnels-de-sante-mentale-a-saint-martin","status":"publish","type":"post","link":"https:\/\/interamerica.org\/fr\/2018\/06\/adra-collabore-a-la-formation-des-professionnels-de-sante-mentale-a-saint-martin\/","title":{"rendered":"ADRA collabore \u00e0 la formation des professionnels de sant\u00e9 mentale \u00e0 Saint Martin"},"content":{"rendered":"<div id=\"attachment_42137\" style=\"width: 770px\" class=\"wp-caption aligncenter\"><img fetchpriority=\"high\" decoding=\"async\" aria-describedby=\"caption-attachment-42137\" class=\" wp-image-42137\" src=\"https:\/\/recursing-golick.147-182-135-0.plesk.page\/wp-content\/uploads\/2018\/06\/stmaarten-adra-trained1280-1024x640.jpg\" alt=\"\" width=\"760\" height=\"475\" srcset=\"https:\/\/interamerica.org\/wp-content\/uploads\/2018\/06\/stmaarten-adra-trained1280-1024x640.jpg 1024w, https:\/\/interamerica.org\/wp-content\/uploads\/2018\/06\/stmaarten-adra-trained1280-300x188.jpg 300w, https:\/\/interamerica.org\/wp-content\/uploads\/2018\/06\/stmaarten-adra-trained1280-768x480.jpg 768w, https:\/\/interamerica.org\/wp-content\/uploads\/2018\/06\/stmaarten-adra-trained1280.jpg 1280w\" sizes=\"(max-width: 760px) 100vw, 760px\" \/><p id=\"caption-attachment-42137\" class=\"wp-caption-text\">L\u2019Equipe Internationale de Traumatologie de la Sant\u00e9 Comportementale de l\u2019Universit\u00e9 de Loma Linda (LLU), l\u2019Equipe de Traumatologie de la Sant\u00e9 Comportementale de Trinidad et Tobago ainsi que des dirigeants carib\u00e9ens d\u2019ADRA et des professionnels de sant\u00e9 mentale \u00e0 Saint Martin posent pour une photo lors de la formation psychosociale qui s\u2019est tenue \u00e0 Philipsburg du 8 au 9 mai 2018. Photo de la F\u00e9d\u00e9ration du Nord de la Cara\u00efbe (NCC)<\/p><\/div>\n<p>12 juin 2018 | St. Croix, \u00celes Vierges Am\u00e9ricaines | NCC\/ DIA<\/p>\n<p>L\u2019Agence Adventiste de D\u00e9veloppement et de Secours (ADRA) dans les Cara\u00efbes a r\u00e9cemment organis\u00e9 une formation psychosociale pour les professionnels de sant\u00e9 mentale \u00e0 Saint Martin afin d\u2019aider \u00e0 renforcer la r\u00e9silience communautaire alors que l\u2019\u00eele est encore en train de se remettre de trois ouragans qui l\u2019ont frapp\u00e9e l\u2019ann\u00e9e derni\u00e8re. La formation est devenue la troisi\u00e8me intervention majeure d\u2019ADRA sur l\u2019\u00eele, ont indiqu\u00e9 les dirigeants d\u2019ADRA.<\/p>\n<p>Plus de 80% des habitations de l\u2019\u00eele sont encore endommag\u00e9es et des b\u00e2ches sont encore pos\u00e9es sur leurs toits. En outre, la reconstruction a \u00e9t\u00e9 lente et la vie familiale est toujours perturb\u00e9e, ADRA a donc \u00e9t\u00e9 appel\u00e9e pour aider \u00e0 la formation, a d\u00e9clar\u00e9 Alexander Isaacs, directeur d\u2019ADRA Cara\u00efbe.<\/p>\n<p>\u00ab Peu de temps apr\u00e8s la d\u00e9vastation caus\u00e9e par les ouragans, ADRA a r\u00e9pondu aux besoins essentiels avec de la nourriture, de l\u2019eau, des kits d\u2019hygi\u00e8ne, des repas chauds tous les jours pendant des mois, l\u2019acheminement de provisions jusqu\u2019\u00e0 la fin du mois de d\u00e9cembre, \u00bb a dit Alexander Isaacs. ADRA a \u00e9galement coordonn\u00e9 une formation d\u2019une journ\u00e9e avec l\u2019Equipe Internationale de Traumatologie de la Sant\u00e9 Comportementale de l\u2019Universit\u00e9 de Loma Linda avec des psychologues et a offert des services dans plusieurs \u00e9coles de l\u2019\u00eele.<\/p>\n<p>La formation \u00e0 Saint Martin a rassembl\u00e9 plus de 35 professionnels de sant\u00e9 et de sant\u00e9 mentale de plusieurs organisations gouvernementales et non gouvernementales. Ils ont \u00e9t\u00e9 expos\u00e9s \u00e0 la neuroscience de la r\u00e9silience et \u00e0 l\u2019ensemble des comp\u00e9tences n\u00e9cessaires pour parvenir \u00e0 des strat\u00e9gies positives de gestion de situations.<\/p>\n<p>\u00ab Vous voyez \u00e0 quel point les personnes sont touch\u00e9es et ont encore besoin de reconstruire leurs vies, \u00bb a d\u00e9clar\u00e9 Alexander Isaacs. \u00ab Beaucoup sont encore sans emploi et leur vie continue d\u2019\u00eatre perturb\u00e9e, donc ADRA continue de se rendre disponible pour aider Saint-Martin. \u00bb<\/p>\n<p>ADRA Cara\u00efbe a agi en coordination avec le gouvernement de Saint Martin, l\u2019Equipe Internationale de Traumatologie de la Sant\u00e9 Comportementale de LLU, et l\u2019Equipe de Traumatologie de la Sant\u00e9 Comportementale de Trinidad et Tobago- une \u00e9quipe de traumatologie de la sant\u00e9 form\u00e9e par LLU.<\/p>\n<p>Le Ministre de la Sant\u00e9 de St. Martin, Emil Lee, a f\u00e9licit\u00e9 ADRA pour son soutien sur l\u2019\u00eele au cours de ces derniers des mois et a remerci\u00e9 l\u2019organisation Adventiste d\u2019avoir pr\u00e9sent\u00e9 le mod\u00e8le ADRA \u00e0 la communaut\u00e9, un mod\u00e8le que le gouvernement envisage de mettre en \u0153uvre.<\/p>\n<p>\u00ab Nous croyons qu\u2019avec ce partenariat, les familles seront consolid\u00e9es et stabilis\u00e9es, car beaucoup d\u2019entre elles vivent encore dans le stress, \u00bb a d\u00e9clar\u00e9 Ruth Douglas, coordinatrice locale d\u2019ADRA \u00e0 Saint Martin.<\/p>\n<p>La formation impliquait l\u2019utilisation d\u2019un mod\u00e8le con\u00e7u avec la psychologie, le Mod\u00e8le de R\u00e9silience Communautaire (CRM), qui enseigne aux individus \u00e0 mieux g\u00e9rer les stress et les \u00e9v\u00e9nements traumatisants de la vie en utilisant des techniques de pr\u00e9servation de soi-m\u00eame qui emp\u00eachent le traumatisme de \u00ab d\u00e9tourner \u00bb le syst\u00e8me nerveux, ont indiqu\u00e9 les organisateurs.<\/p>\n<p>La formation a \u00e9galement enseign\u00e9 aux participants que les avantages in\u00e9vitables obtenus gr\u00e2ce \u00e0 l\u2019utilisation de techniques de r\u00e9silience comprennent une foi plus importante et une plus grande motivation \u00e0 \u00eatre de bons citoyens.<\/p>\n<p>Vashni Cuvalay, un pasteur adventiste qui a aid\u00e9 \u00e0 coordonner l\u2019action avec les membres d\u2019\u00e9glise b\u00e9n\u00e9voles sur les \u00eeles apr\u00e8s les ouragans, a d\u00e9clar\u00e9 que l\u2019aspect pratique de la formation rend plus facile l\u2019aide aux enfants et aux familles qui passent vivent un stress apr\u00e8s une catastrophe.<\/p>\n<p>\u00ab Cela aidera l\u2019\u00e9glise \u00e0 mieux apporter de l\u2019aider aux membres et aux familles dans le besoin, \u00bb a d\u00e9clar\u00e9 Vashni Cuvalay.<\/p>\n<p>Suite \u00e0 la r\u00e9cente formation, le Minist\u00e8re de la Sant\u00e9 Publique, du D\u00e9veloppement Social et du Travail a demand\u00e9 \u00e0 ADRA de programmer une action de d\u00e9veloppement des capacit\u00e9s plus tard cette ann\u00e9e pour les professionnels locaux qui travaillent dans le domaine des soins psychosociaux, a indiqu\u00e9 Alexander Isaacs.<\/p>\n<p>Le minist\u00e8re identifiera un plus grand vivier de psychologues, de psychiatres, d\u2019assistants sociaux, d\u2019infirmiers et d\u2019autres professionnels de sant\u00e9 afin de d\u00e9velopper les bonnes comp\u00e9tences en mati\u00e8re de pr\u00e9servation de soi-m\u00eame, ce qui leur permettra de mieux r\u00e9pondre aux besoins de la population qu\u2019ils desservent.<\/p>\n<p>Cela a \u00e9t\u00e9 une p\u00e9riode difficile pour de nombreuses \u00eeles de la Cara\u00efbe, a d\u00e9clar\u00e9 Alexander Isaacs. ADRA continuera d\u2019\u00e9tablir des partenariats et d\u2019aider St. Martin autant que possible \u00e0 reconstruire la vie des habitants, a d\u00e9clar\u00e9 Alexander Isaacs.<\/p>\n<p>Pour en savoir plus sur le travail d\u2019ADRA \u00e0 Saint Martin et dans le reste des \u00eeles de la F\u00e9d\u00e9ration du Nord de la Cara\u00efbe, visitez le site <a href=\"mailto:http:\/\/www.northcaribbeanconference.org\/\">northcaribbeanconference.org<\/a><\/p>\n<p>&nbsp;<\/p>\n<p>Traduction: Patrick Luciathe<\/p>\n","protected":false},"excerpt":{"rendered":"<p>12 juin 2018 | St. Croix, \u00celes Vierges Am\u00e9ricaines | NCC\/ DIA L\u2019Agence Adventiste de D\u00e9veloppement et de Secours (ADRA) dans les Cara\u00efbes a r\u00e9cemment organis\u00e9 une formation psychosociale pour&#8230;<\/p>\n","protected":false},"author":3,"featured_media":42136,"comment_status":"open","ping_status":"closed","sticky":false,"template":"","format":"standard","meta":{"_acf_changed":false,"footnotes":""},"categories":[21,19],"tags":[],"class_list":["post-42150","post","type-post","status-publish","format-standard","has-post-thumbnail","hentry","category-nouvelles-du-territoire","category-rss-francais"],"acf":[],"yoast_head":"<!-- This site is optimized with the Yoast SEO plugin v27.3 - https:\/\/yoast.com\/product\/yoast-seo-wordpress\/ -->\n<title>ADRA collabore \u00e0 la formation des professionnels de sant\u00e9 mentale \u00e0 Saint Martin - \u00c9glise Adventiste Du Septieme Jour - Inter Am\u00e9rique Division<\/title>\n<meta name=\"robots\" content=\"index, follow, max-snippet:-1, max-image-preview:large, max-video-preview:-1\" \/>\n<link rel=\"canonical\" href=\"https:\/\/interamerica.org\/fr\/2018\/06\/adra-collabore-a-la-formation-des-professionnels-de-sante-mentale-a-saint-martin\/\" \/>\n<meta property=\"og:locale\" content=\"fr_FR\" \/>\n<meta property=\"og:type\" content=\"article\" \/>\n<meta property=\"og:title\" content=\"ADRA collabore \u00e0 la formation des professionnels de sant\u00e9 mentale \u00e0 Saint Martin - \u00c9glise Adventiste Du Septieme Jour - Inter Am\u00e9rique Division\" \/>\n<meta property=\"og:description\" content=\"12 juin 2018 | St. Croix, \u00celes Vierges Am\u00e9ricaines | NCC\/ DIA L\u2019Agence Adventiste de D\u00e9veloppement et de Secours (ADRA) dans les Cara\u00efbes a r\u00e9cemment organis\u00e9 une formation psychosociale pour...\" \/>\n<meta property=\"og:url\" content=\"https:\/\/interamerica.org\/fr\/2018\/06\/adra-collabore-a-la-formation-des-professionnels-de-sante-mentale-a-saint-martin\/\" \/>\n<meta property=\"og:site_name\" content=\"\u00c9glise Adventiste Du Septieme Jour - Inter Am\u00e9rique Division\" \/>\n<meta property=\"article:published_time\" content=\"2018-06-13T02:13:20+00:00\" \/>\n<meta property=\"article:modified_time\" content=\"2018-06-13T19:34:09+00:00\" \/>\n<meta property=\"og:image\" content=\"https:\/\/interamerica.org\/wp-content\/uploads\/2018\/06\/stmaarten-adra-trained1280.jpg\" \/>\n\t<meta property=\"og:image:width\" content=\"1280\" \/>\n\t<meta property=\"og:image:height\" content=\"800\" \/>\n\t<meta property=\"og:image:type\" content=\"image\/jpeg\" \/>\n<meta name=\"author\" content=\"libna\" \/>\n<meta name=\"twitter:card\" content=\"summary_large_image\" \/>\n<meta name=\"twitter:label1\" content=\"\u00c9crit par\" \/>\n\t<meta name=\"twitter:data1\" content=\"libna\" \/>\n\t<meta name=\"twitter:label2\" content=\"Dur\u00e9e de lecture estim\u00e9e\" \/>\n\t<meta name=\"twitter:data2\" content=\"5 minutes\" \/>\n<script type=\"application\/ld+json\" class=\"yoast-schema-graph\">{\"@context\":\"https:\\\/\\\/schema.org\",\"@graph\":[{\"@type\":\"Article\",\"@id\":\"https:\\\/\\\/interamerica.org\\\/fr\\\/2018\\\/06\\\/adra-collabore-a-la-formation-des-professionnels-de-sante-mentale-a-saint-martin\\\/#article\",\"isPartOf\":{\"@id\":\"https:\\\/\\\/interamerica.org\\\/fr\\\/2018\\\/06\\\/adra-collabore-a-la-formation-des-professionnels-de-sante-mentale-a-saint-martin\\\/\"},\"author\":{\"name\":\"libna\",\"@id\":\"https:\\\/\\\/interamerica.org\\\/fr\\\/#\\\/schema\\\/person\\\/29998f2bc2d8bd0d38662909289b54f1\"},\"headline\":\"ADRA collabore \u00e0 la formation des professionnels de sant\u00e9 mentale \u00e0 Saint Martin\",\"datePublished\":\"2018-06-13T02:13:20+00:00\",\"dateModified\":\"2018-06-13T19:34:09+00:00\",\"mainEntityOfPage\":{\"@id\":\"https:\\\/\\\/interamerica.org\\\/fr\\\/2018\\\/06\\\/adra-collabore-a-la-formation-des-professionnels-de-sante-mentale-a-saint-martin\\\/\"},\"wordCount\":937,\"commentCount\":0,\"image\":{\"@id\":\"https:\\\/\\\/interamerica.org\\\/fr\\\/2018\\\/06\\\/adra-collabore-a-la-formation-des-professionnels-de-sante-mentale-a-saint-martin\\\/#primaryimage\"},\"thumbnailUrl\":\"https:\\\/\\\/interamerica.org\\\/wp-content\\\/uploads\\\/2018\\\/06\\\/stmaarten-adra-trained1280.jpg\",\"articleSection\":[\"Nouvelles du territoire\",\"RSS Fran\u00e7ais\"],\"inLanguage\":\"fr-FR\",\"potentialAction\":[{\"@type\":\"CommentAction\",\"name\":\"Comment\",\"target\":[\"https:\\\/\\\/interamerica.org\\\/fr\\\/2018\\\/06\\\/adra-collabore-a-la-formation-des-professionnels-de-sante-mentale-a-saint-martin\\\/#respond\"]}]},{\"@type\":\"WebPage\",\"@id\":\"https:\\\/\\\/interamerica.org\\\/fr\\\/2018\\\/06\\\/adra-collabore-a-la-formation-des-professionnels-de-sante-mentale-a-saint-martin\\\/\",\"url\":\"https:\\\/\\\/interamerica.org\\\/fr\\\/2018\\\/06\\\/adra-collabore-a-la-formation-des-professionnels-de-sante-mentale-a-saint-martin\\\/\",\"name\":\"ADRA collabore \u00e0 la formation des professionnels de sant\u00e9 mentale \u00e0 Saint Martin - \u00c9glise Adventiste Du Septieme Jour - Inter Am\u00e9rique Division\",\"isPartOf\":{\"@id\":\"https:\\\/\\\/interamerica.org\\\/fr\\\/#website\"},\"primaryImageOfPage\":{\"@id\":\"https:\\\/\\\/interamerica.org\\\/fr\\\/2018\\\/06\\\/adra-collabore-a-la-formation-des-professionnels-de-sante-mentale-a-saint-martin\\\/#primaryimage\"},\"image\":{\"@id\":\"https:\\\/\\\/interamerica.org\\\/fr\\\/2018\\\/06\\\/adra-collabore-a-la-formation-des-professionnels-de-sante-mentale-a-saint-martin\\\/#primaryimage\"},\"thumbnailUrl\":\"https:\\\/\\\/interamerica.org\\\/wp-content\\\/uploads\\\/2018\\\/06\\\/stmaarten-adra-trained1280.jpg\",\"datePublished\":\"2018-06-13T02:13:20+00:00\",\"dateModified\":\"2018-06-13T19:34:09+00:00\",\"author\":{\"@id\":\"https:\\\/\\\/interamerica.org\\\/fr\\\/#\\\/schema\\\/person\\\/29998f2bc2d8bd0d38662909289b54f1\"},\"breadcrumb\":{\"@id\":\"https:\\\/\\\/interamerica.org\\\/fr\\\/2018\\\/06\\\/adra-collabore-a-la-formation-des-professionnels-de-sante-mentale-a-saint-martin\\\/#breadcrumb\"},\"inLanguage\":\"fr-FR\",\"potentialAction\":[{\"@type\":\"ReadAction\",\"target\":[\"https:\\\/\\\/interamerica.org\\\/fr\\\/2018\\\/06\\\/adra-collabore-a-la-formation-des-professionnels-de-sante-mentale-a-saint-martin\\\/\"]}]},{\"@type\":\"ImageObject\",\"inLanguage\":\"fr-FR\",\"@id\":\"https:\\\/\\\/interamerica.org\\\/fr\\\/2018\\\/06\\\/adra-collabore-a-la-formation-des-professionnels-de-sante-mentale-a-saint-martin\\\/#primaryimage\",\"url\":\"https:\\\/\\\/interamerica.org\\\/wp-content\\\/uploads\\\/2018\\\/06\\\/stmaarten-adra-trained1280.jpg\",\"contentUrl\":\"https:\\\/\\\/interamerica.org\\\/wp-content\\\/uploads\\\/2018\\\/06\\\/stmaarten-adra-trained1280.jpg\",\"width\":1280,\"height\":800,\"caption\":\"Photo courtesy of North Caribbean Conference\"},{\"@type\":\"BreadcrumbList\",\"@id\":\"https:\\\/\\\/interamerica.org\\\/fr\\\/2018\\\/06\\\/adra-collabore-a-la-formation-des-professionnels-de-sante-mentale-a-saint-martin\\\/#breadcrumb\",\"itemListElement\":[{\"@type\":\"ListItem\",\"position\":1,\"name\":\"Home\",\"item\":\"https:\\\/\\\/interamerica.org\\\/fr\\\/\"},{\"@type\":\"ListItem\",\"position\":2,\"name\":\"ADRA collabore \u00e0 la formation des professionnels de sant\u00e9 mentale \u00e0 Saint Martin\"}]},{\"@type\":\"WebSite\",\"@id\":\"https:\\\/\\\/interamerica.org\\\/fr\\\/#website\",\"url\":\"https:\\\/\\\/interamerica.org\\\/fr\\\/\",\"name\":\"\u00c9glise Adventiste Du Septieme Jour - Inter Am\u00e9rique Division\",\"description\":\"\",\"potentialAction\":[{\"@type\":\"SearchAction\",\"target\":{\"@type\":\"EntryPoint\",\"urlTemplate\":\"https:\\\/\\\/interamerica.org\\\/fr\\\/?s={search_term_string}\"},\"query-input\":{\"@type\":\"PropertyValueSpecification\",\"valueRequired\":true,\"valueName\":\"search_term_string\"}}],\"inLanguage\":\"fr-FR\"},{\"@type\":\"Person\",\"@id\":\"https:\\\/\\\/interamerica.org\\\/fr\\\/#\\\/schema\\\/person\\\/29998f2bc2d8bd0d38662909289b54f1\",\"name\":\"libna\",\"image\":{\"@type\":\"ImageObject\",\"inLanguage\":\"fr-FR\",\"@id\":\"https:\\\/\\\/secure.gravatar.com\\\/avatar\\\/7c5bd30ae4b47a9ba3c856590957fd1d96dc588bf3ac05719d247e126840331f?s=96&d=mm&r=g\",\"url\":\"https:\\\/\\\/secure.gravatar.com\\\/avatar\\\/7c5bd30ae4b47a9ba3c856590957fd1d96dc588bf3ac05719d247e126840331f?s=96&d=mm&r=g\",\"contentUrl\":\"https:\\\/\\\/secure.gravatar.com\\\/avatar\\\/7c5bd30ae4b47a9ba3c856590957fd1d96dc588bf3ac05719d247e126840331f?s=96&d=mm&r=g\",\"caption\":\"libna\"}}]}<\/script>\n<!-- \/ Yoast SEO plugin. -->","yoast_head_json":{"title":"ADRA collabore \u00e0 la formation des professionnels de sant\u00e9 mentale \u00e0 Saint Martin - \u00c9glise Adventiste Du Septieme Jour - Inter Am\u00e9rique Division","robots":{"index":"index","follow":"follow","max-snippet":"max-snippet:-1","max-image-preview":"max-image-preview:large","max-video-preview":"max-video-preview:-1"},"canonical":"https:\/\/interamerica.org\/fr\/2018\/06\/adra-collabore-a-la-formation-des-professionnels-de-sante-mentale-a-saint-martin\/","og_locale":"fr_FR","og_type":"article","og_title":"ADRA collabore \u00e0 la formation des professionnels de sant\u00e9 mentale \u00e0 Saint Martin - \u00c9glise Adventiste Du Septieme Jour - Inter Am\u00e9rique Division","og_description":"12 juin 2018 | St. Croix, \u00celes Vierges Am\u00e9ricaines | NCC\/ DIA L\u2019Agence Adventiste de D\u00e9veloppement et de Secours (ADRA) dans les Cara\u00efbes a r\u00e9cemment organis\u00e9 une formation psychosociale pour...","og_url":"https:\/\/interamerica.org\/fr\/2018\/06\/adra-collabore-a-la-formation-des-professionnels-de-sante-mentale-a-saint-martin\/","og_site_name":"\u00c9glise Adventiste Du Septieme Jour - Inter Am\u00e9rique Division","article_published_time":"2018-06-13T02:13:20+00:00","article_modified_time":"2018-06-13T19:34:09+00:00","og_image":[{"width":1280,"height":800,"url":"https:\/\/interamerica.org\/wp-content\/uploads\/2018\/06\/stmaarten-adra-trained1280.jpg","type":"image\/jpeg"}],"author":"libna","twitter_card":"summary_large_image","twitter_misc":{"\u00c9crit par":"libna","Dur\u00e9e de lecture estim\u00e9e":"5 minutes"},"schema":{"@context":"https:\/\/schema.org","@graph":[{"@type":"Article","@id":"https:\/\/interamerica.org\/fr\/2018\/06\/adra-collabore-a-la-formation-des-professionnels-de-sante-mentale-a-saint-martin\/#article","isPartOf":{"@id":"https:\/\/interamerica.org\/fr\/2018\/06\/adra-collabore-a-la-formation-des-professionnels-de-sante-mentale-a-saint-martin\/"},"author":{"name":"libna","@id":"https:\/\/interamerica.org\/fr\/#\/schema\/person\/29998f2bc2d8bd0d38662909289b54f1"},"headline":"ADRA collabore \u00e0 la formation des professionnels de sant\u00e9 mentale \u00e0 Saint Martin","datePublished":"2018-06-13T02:13:20+00:00","dateModified":"2018-06-13T19:34:09+00:00","mainEntityOfPage":{"@id":"https:\/\/interamerica.org\/fr\/2018\/06\/adra-collabore-a-la-formation-des-professionnels-de-sante-mentale-a-saint-martin\/"},"wordCount":937,"commentCount":0,"image":{"@id":"https:\/\/interamerica.org\/fr\/2018\/06\/adra-collabore-a-la-formation-des-professionnels-de-sante-mentale-a-saint-martin\/#primaryimage"},"thumbnailUrl":"https:\/\/interamerica.org\/wp-content\/uploads\/2018\/06\/stmaarten-adra-trained1280.jpg","articleSection":["Nouvelles du territoire","RSS Fran\u00e7ais"],"inLanguage":"fr-FR","potentialAction":[{"@type":"CommentAction","name":"Comment","target":["https:\/\/interamerica.org\/fr\/2018\/06\/adra-collabore-a-la-formation-des-professionnels-de-sante-mentale-a-saint-martin\/#respond"]}]},{"@type":"WebPage","@id":"https:\/\/interamerica.org\/fr\/2018\/06\/adra-collabore-a-la-formation-des-professionnels-de-sante-mentale-a-saint-martin\/","url":"https:\/\/interamerica.org\/fr\/2018\/06\/adra-collabore-a-la-formation-des-professionnels-de-sante-mentale-a-saint-martin\/","name":"ADRA collabore \u00e0 la formation des professionnels de sant\u00e9 mentale \u00e0 Saint Martin - \u00c9glise Adventiste Du Septieme Jour - Inter Am\u00e9rique Division","isPartOf":{"@id":"https:\/\/interamerica.org\/fr\/#website"},"primaryImageOfPage":{"@id":"https:\/\/interamerica.org\/fr\/2018\/06\/adra-collabore-a-la-formation-des-professionnels-de-sante-mentale-a-saint-martin\/#primaryimage"},"image":{"@id":"https:\/\/interamerica.org\/fr\/2018\/06\/adra-collabore-a-la-formation-des-professionnels-de-sante-mentale-a-saint-martin\/#primaryimage"},"thumbnailUrl":"https:\/\/interamerica.org\/wp-content\/uploads\/2018\/06\/stmaarten-adra-trained1280.jpg","datePublished":"2018-06-13T02:13:20+00:00","dateModified":"2018-06-13T19:34:09+00:00","author":{"@id":"https:\/\/interamerica.org\/fr\/#\/schema\/person\/29998f2bc2d8bd0d38662909289b54f1"},"breadcrumb":{"@id":"https:\/\/interamerica.org\/fr\/2018\/06\/adra-collabore-a-la-formation-des-professionnels-de-sante-mentale-a-saint-martin\/#breadcrumb"},"inLanguage":"fr-FR","potentialAction":[{"@type":"ReadAction","target":["https:\/\/interamerica.org\/fr\/2018\/06\/adra-collabore-a-la-formation-des-professionnels-de-sante-mentale-a-saint-martin\/"]}]},{"@type":"ImageObject","inLanguage":"fr-FR","@id":"https:\/\/interamerica.org\/fr\/2018\/06\/adra-collabore-a-la-formation-des-professionnels-de-sante-mentale-a-saint-martin\/#primaryimage","url":"https:\/\/interamerica.org\/wp-content\/uploads\/2018\/06\/stmaarten-adra-trained1280.jpg","contentUrl":"https:\/\/interamerica.org\/wp-content\/uploads\/2018\/06\/stmaarten-adra-trained1280.jpg","width":1280,"height":800,"caption":"Photo courtesy of North Caribbean Conference"},{"@type":"BreadcrumbList","@id":"https:\/\/interamerica.org\/fr\/2018\/06\/adra-collabore-a-la-formation-des-professionnels-de-sante-mentale-a-saint-martin\/#breadcrumb","itemListElement":[{"@type":"ListItem","position":1,"name":"Home","item":"https:\/\/interamerica.org\/fr\/"},{"@type":"ListItem","position":2,"name":"ADRA collabore \u00e0 la formation des professionnels de sant\u00e9 mentale \u00e0 Saint Martin"}]},{"@type":"WebSite","@id":"https:\/\/interamerica.org\/fr\/#website","url":"https:\/\/interamerica.org\/fr\/","name":"\u00c9glise Adventiste Du Septieme Jour - Inter Am\u00e9rique Division","description":"","potentialAction":[{"@type":"SearchAction","target":{"@type":"EntryPoint","urlTemplate":"https:\/\/interamerica.org\/fr\/?s={search_term_string}"},"query-input":{"@type":"PropertyValueSpecification","valueRequired":true,"valueName":"search_term_string"}}],"inLanguage":"fr-FR"},{"@type":"Person","@id":"https:\/\/interamerica.org\/fr\/#\/schema\/person\/29998f2bc2d8bd0d38662909289b54f1","name":"libna","image":{"@type":"ImageObject","inLanguage":"fr-FR","@id":"https:\/\/secure.gravatar.com\/avatar\/7c5bd30ae4b47a9ba3c856590957fd1d96dc588bf3ac05719d247e126840331f?s=96&d=mm&r=g","url":"https:\/\/secure.gravatar.com\/avatar\/7c5bd30ae4b47a9ba3c856590957fd1d96dc588bf3ac05719d247e126840331f?s=96&d=mm&r=g","contentUrl":"https:\/\/secure.gravatar.com\/avatar\/7c5bd30ae4b47a9ba3c856590957fd1d96dc588bf3ac05719d247e126840331f?s=96&d=mm&r=g","caption":"libna"}}]}},"_links":{"self":[{"href":"https:\/\/interamerica.org\/fr\/wp-json\/wp\/v2\/posts\/42150","targetHints":{"allow":["GET"]}}],"collection":[{"href":"https:\/\/interamerica.org\/fr\/wp-json\/wp\/v2\/posts"}],"about":[{"href":"https:\/\/interamerica.org\/fr\/wp-json\/wp\/v2\/types\/post"}],"author":[{"embeddable":true,"href":"https:\/\/interamerica.org\/fr\/wp-json\/wp\/v2\/users\/3"}],"replies":[{"embeddable":true,"href":"https:\/\/interamerica.org\/fr\/wp-json\/wp\/v2\/comments?post=42150"}],"version-history":[{"count":0,"href":"https:\/\/interamerica.org\/fr\/wp-json\/wp\/v2\/posts\/42150\/revisions"}],"wp:featuredmedia":[{"embeddable":true,"href":"https:\/\/interamerica.org\/fr\/wp-json\/wp\/v2\/media\/42136"}],"wp:attachment":[{"href":"https:\/\/interamerica.org\/fr\/wp-json\/wp\/v2\/media?parent=42150"}],"wp:term":[{"taxonomy":"category","embeddable":true,"href":"https:\/\/interamerica.org\/fr\/wp-json\/wp\/v2\/categories?post=42150"},{"taxonomy":"post_tag","embeddable":true,"href":"https:\/\/interamerica.org\/fr\/wp-json\/wp\/v2\/tags?post=42150"}],"curies":[{"name":"wp","href":"https:\/\/api.w.org\/{rel}","templated":true}]}}